{"id":56755,"date":"2025-07-10T11:58:06","date_gmt":"2025-07-10T15:58:06","guid":{"rendered":"https:\/\/richeskarayib.com\/?p=56755"},"modified":"2025-07-10T11:58:06","modified_gmt":"2025-07-10T15:58:06","slug":"bahamas-52-ans-souverainete-together-we-rise","status":"publish","type":"post","link":"https:\/\/richeskarayib.com\/fr\/bahamas-52-ans-souverainete-together-we-rise\/","title":{"rendered":"Bahamas, 52 ans de souverainet\u00e9 : \u201cTogether We Rise\u201d"},"content":{"rendered":"\t\t<div data-elementor-type=\"wp-post\" data-elementor-id=\"56755\" class=\"elementor elementor-56755\" data-elementor-post-type=\"post\">\n\t\t\t\t\t\t<section class=\"elementor-section elementor-top-section elementor-element elementor-element-3756bbb elementor-section-boxed elementor-section-height-default elementor-section-height-default\" data-id=\"3756bbb\" data-element_type=\"section\">\n\t\t\t\t\t\t<div class=\"elementor-container elementor-column-gap-default\">\n\t\t\t\t\t<div class=\"elementor-column elementor-col-100 elementor-top-column elementor-element elementor-element-df79712\" data-id=\"df79712\" data-element_type=\"column\">\n\t\t\t<div class=\"elementor-widget-wrap elementor-element-populated\">\n\t\t\t\t\t\t<section class=\"elementor-section elementor-inner-section elementor-element elementor-element-756e7fb elementor-section-boxed elementor-section-height-default elementor-section-height-default\" data-id=\"756e7fb\" data-element_type=\"section\">\n\t\t\t\t\t\t<div class=\"elementor-container elementor-column-gap-default\">\n\t\t\t\t\t<div class=\"elementor-column elementor-col-100 elementor-inner-column elementor-element elementor-element-dd1326d\" data-id=\"dd1326d\" data-element_type=\"column\">\n\t\t\t<div class=\"elementor-widget-wrap elementor-element-populated\">\n\t\t\t\t\t\t<div class=\"elementor-element elementor-element-81e63b5 elementor-widget elementor-widget-text-editor\" data-id=\"81e63b5\" data-element_type=\"widget\" data-widget_type=\"text-editor.default\">\n\t\t\t\t<div class=\"elementor-widget-container\">\n\t\t\t\t\t\t\t\t\t<p>Le 10 juillet 1973, les <a href=\"https:\/\/celebrate-bahamas.com\/\" target=\"_blank\" rel=\"noopener nofollow\">Bahamas<\/a> devenaient officiellement un \u00c9tat ind\u00e9pendant, mettant fin \u00e0 plus de trois si\u00e8cles de domination coloniale britannique. Cinquante-deux ans plus tard, l\u2019archipel carib\u00e9en comm\u00e9more cet acte fondateur sous le th\u00e8me : <b>\u201cTogether We Rise\u201d<\/b>, dans un esprit d\u2019unit\u00e9 et de fiert\u00e9 collective. Au-del\u00e0 des festivit\u00e9s, cet anniversaire ravive une m\u00e9moire historique riche, faite de r\u00e9sistances, de mutations sociales et de projections vers l\u2019avenir.<\/p>\t\t\t\t\t\t\t\t<\/div>\n\t\t\t\t<\/div>\n\t\t\t\t\t<\/div>\n\t\t<\/div>\n\t\t\t\t\t<\/div>\n\t\t<\/section>\n\t\t\t\t\t<\/div>\n\t\t<\/div>\n\t\t\t\t\t<\/div>\n\t\t<\/section>\n\t\t\t\t<section class=\"elementor-section elementor-top-section elementor-element elementor-element-63274e9 elementor-section-boxed elementor-section-height-default elementor-section-height-default\" data-id=\"63274e9\" data-element_type=\"section\">\n\t\t\t\t\t\t<div class=\"elementor-container elementor-column-gap-default\">\n\t\t\t\t\t<div class=\"elementor-column elementor-col-100 elementor-top-column elementor-element elementor-element-50500d6\" data-id=\"50500d6\" data-element_type=\"column\">\n\t\t\t<div class=\"elementor-widget-wrap elementor-element-populated\">\n\t\t\t\t\t\t<div class=\"elementor-element elementor-element-02d81f4 elementor-widget elementor-widget-heading\" data-id=\"02d81f4\" data-element_type=\"widget\" data-widget_type=\"heading.default\">\n\t\t\t\t<div class=\"elementor-widget-container\">\n\t\t\t\t\t<h2 class=\"elementor-heading-title elementor-size-default\">Des Lucayens \u00e0 la colonisation britannique : une histoire de ruptures\n<\/h2>\t\t\t\t<\/div>\n\t\t\t\t<\/div>\n\t\t\t\t<section class=\"elementor-section elementor-inner-section elementor-element elementor-element-f7b7508 elementor-section-boxed elementor-section-height-default elementor-section-height-default\" data-id=\"f7b7508\" data-element_type=\"section\">\n\t\t\t\t\t\t<div class=\"elementor-container elementor-column-gap-default\">\n\t\t\t\t\t<div class=\"elementor-column elementor-col-100 elementor-inner-column elementor-element elementor-element-606693d\" data-id=\"606693d\" data-element_type=\"column\">\n\t\t\t<div class=\"elementor-widget-wrap elementor-element-populated\">\n\t\t\t\t\t\t<div class=\"elementor-element elementor-element-a485770 elementor-widget elementor-widget-text-editor\" data-id=\"a485770\" data-element_type=\"widget\" data-widget_type=\"text-editor.default\">\n\t\t\t\t<div class=\"elementor-widget-container\">\n\t\t\t\t\t\t\t\t\t<p>Bien avant l\u2019arriv\u00e9e des Europ\u00e9ens, les <a href=\"https:\/\/www.tourismtoday.com\/events\/bahamas-independence-day-holiday#:~:text=This%20holiday%20commemorates%20the%20day,separating%20from%20the%20United%20Kingdom.\" target=\"_blank\" rel=\"noopener nofollow\">Bahamas<\/a> \u00e9taient habit\u00e9es par les Lucayens, un peuple pacifique d\u2019origine arawak, install\u00e9 depuis pr\u00e8s d\u2019un mill\u00e9naire. En 1492, Christophe Colomb d\u00e9barque sur l\u2019\u00eele qu\u2019il rebaptise San Salvador. Ce contact marque le d\u00e9but d\u2019une catastrophe d\u00e9mographique\u202f: en moins de 25 ans, les 40\u202f000 Lucayens disparaissent, victimes des maladies, de l\u2019esclavage et des d\u00e9portations orchestr\u00e9es par les Espagnols.\u00a0<\/p>\n<p>Pendant plus d\u2019un si\u00e8cle, l\u2019archipel reste presque inhabit\u00e9, avant l\u2019arriv\u00e9e en 1648 des \u201cAventuriers d\u2019Eleuthera\u201d, des puritains anglais fuyant les pers\u00e9cutions religieuses. Ce noyau fonde la premi\u00e8re implantation britannique permanente, amor\u00e7ant une longue \u00e8re coloniale marqu\u00e9e par une administration fragile, souvent remise en cause par les bouleversements ext\u00e9rieurs.<\/p>\t\t\t\t\t\t\t\t<\/div>\n\t\t\t\t<\/div>\n\t\t\t\t\t<\/div>\n\t\t<\/div>\n\t\t\t\t\t<\/div>\n\t\t<\/section>\n\t\t\t\t<section class=\"elementor-section elementor-inner-section elementor-element elementor-element-a1738a1 elementor-section-boxed elementor-section-height-default elementor-section-height-default\" data-id=\"a1738a1\" data-element_type=\"section\">\n\t\t\t\t\t\t<div class=\"elementor-container elementor-column-gap-default\">\n\t\t\t\t\t<div class=\"elementor-column elementor-col-50 elementor-inner-column elementor-element elementor-element-8abdbf8\" data-id=\"8abdbf8\" data-element_type=\"column\">\n\t\t\t<div class=\"elementor-widget-wrap elementor-element-populated\">\n\t\t\t\t\t\t<div class=\"elementor-element elementor-element-3282f9d elementor-widget elementor-widget-image\" data-id=\"3282f9d\" data-element_type=\"widget\" data-widget_type=\"image.default\">\n\t\t\t\t<div class=\"elementor-widget-container\">\n\t\t\t\t\t\t\t\t\t\t\t\t<figure class=\"wp-caption\">\n\t\t\t\t\t\t\t\t\t\t<img fetchpriority=\"high\" decoding=\"async\" width=\"800\" height=\"1000\" src=\"https:\/\/richeskarayib.com\/wp-content\/uploads\/2025\/07\/Erwan-Dehaene-819x1024.png\" class=\"attachment-large size-large wp-image-56760\" alt=\"Bahamas\" srcset=\"https:\/\/richeskarayib.com\/wp-content\/uploads\/2025\/07\/Erwan-Dehaene-819x1024.png 819w, https:\/\/richeskarayib.com\/wp-content\/uploads\/2025\/07\/Erwan-Dehaene-240x300.png 240w, https:\/\/richeskarayib.com\/wp-content\/uploads\/2025\/07\/Erwan-Dehaene-768x960.png 768w, https:\/\/richeskarayib.com\/wp-content\/uploads\/2025\/07\/Erwan-Dehaene.png 1080w\" sizes=\"(max-width: 800px) 100vw, 800px\" \/>\t\t\t\t\t\t\t\t\t\t\t<figcaption class=\"widget-image-caption wp-caption-text\">Lucayens \u00a9Erwan Dehaene<\/figcaption>\n\t\t\t\t\t\t\t\t\t\t<\/figure>\n\t\t\t\t\t\t\t\t\t<\/div>\n\t\t\t\t<\/div>\n\t\t\t\t\t<\/div>\n\t\t<\/div>\n\t\t\t\t<div class=\"elementor-column elementor-col-50 elementor-inner-column elementor-element elementor-element-a4f0f13\" data-id=\"a4f0f13\" data-element_type=\"column\">\n\t\t\t<div class=\"elementor-widget-wrap elementor-element-populated\">\n\t\t\t\t\t\t<div class=\"elementor-element elementor-element-1809c25 elementor-widget elementor-widget-image\" data-id=\"1809c25\" data-element_type=\"widget\" data-widget_type=\"image.default\">\n\t\t\t\t<div class=\"elementor-widget-container\">\n\t\t\t\t\t\t\t\t\t\t\t\t<figure class=\"wp-caption\">\n\t\t\t\t\t\t\t\t\t\t<img decoding=\"async\" width=\"800\" height=\"1000\" src=\"https:\/\/richeskarayib.com\/wp-content\/uploads\/2025\/07\/Erwan-Dehaene-1-819x1024.png\" class=\"attachment-large size-large wp-image-56764\" alt=\"Bahamas\" srcset=\"https:\/\/richeskarayib.com\/wp-content\/uploads\/2025\/07\/Erwan-Dehaene-1-819x1024.png 819w, https:\/\/richeskarayib.com\/wp-content\/uploads\/2025\/07\/Erwan-Dehaene-1-240x300.png 240w, https:\/\/richeskarayib.com\/wp-content\/uploads\/2025\/07\/Erwan-Dehaene-1-768x960.png 768w, https:\/\/richeskarayib.com\/wp-content\/uploads\/2025\/07\/Erwan-Dehaene-1.png 1080w\" sizes=\"(max-width: 800px) 100vw, 800px\" \/>\t\t\t\t\t\t\t\t\t\t\t<figcaption class=\"widget-image-caption wp-caption-text\">Lucayens \u00a9Erwan Dehaene<\/figcaption>\n\t\t\t\t\t\t\t\t\t\t<\/figure>\n\t\t\t\t\t\t\t\t\t<\/div>\n\t\t\t\t<\/div>\n\t\t\t\t\t<\/div>\n\t\t<\/div>\n\t\t\t\t\t<\/div>\n\t\t<\/section>\n\t\t\t\t<section class=\"elementor-section elementor-inner-section elementor-element elementor-element-9db0422 elementor-section-boxed elementor-section-height-default elementor-section-height-default\" data-id=\"9db0422\" data-element_type=\"section\">\n\t\t\t\t\t\t<div class=\"elementor-container elementor-column-gap-default\">\n\t\t\t\t\t\t<\/div>\n\t\t<\/section>\n\t\t\t\t\t<\/div>\n\t\t<\/div>\n\t\t\t\t\t<\/div>\n\t\t<\/section>\n\t\t\t\t<section class=\"elementor-section elementor-top-section elementor-element elementor-element-7ca7ca1 elementor-section-boxed elementor-section-height-default elementor-section-height-default\" data-id=\"7ca7ca1\" data-element_type=\"section\">\n\t\t\t\t\t\t<div class=\"elementor-container elementor-column-gap-default\">\n\t\t\t\t\t<div class=\"elementor-column elementor-col-100 elementor-top-column elementor-element elementor-element-cbdd002\" data-id=\"cbdd002\" data-element_type=\"column\">\n\t\t\t<div class=\"elementor-widget-wrap elementor-element-populated\">\n\t\t\t\t\t\t<div class=\"elementor-element elementor-element-da17f8d elementor-widget elementor-widget-heading\" data-id=\"da17f8d\" data-element_type=\"widget\" data-widget_type=\"heading.default\">\n\t\t\t\t<div class=\"elementor-widget-container\">\n\t\t\t\t\t<h2 class=\"elementor-heading-title elementor-size-default\">De la piraterie \u00e0 l\u2019esclavage : entre r\u00e9bellion et domination<\/h2>\t\t\t\t<\/div>\n\t\t\t\t<\/div>\n\t\t\t\t<section class=\"elementor-section elementor-inner-section elementor-element elementor-element-bc94849 elementor-section-boxed elementor-section-height-default elementor-section-height-default\" data-id=\"bc94849\" data-element_type=\"section\">\n\t\t\t\t\t\t<div class=\"elementor-container elementor-column-gap-default\">\n\t\t\t\t\t\t<\/div>\n\t\t<\/section>\n\t\t\t\t<div class=\"elementor-element elementor-element-209c746 elementor-widget elementor-widget-text-editor\" data-id=\"209c746\" data-element_type=\"widget\" data-widget_type=\"text-editor.default\">\n\t\t\t\t<div class=\"elementor-widget-container\">\n\t\t\t\t\t\t\t\t\t<p>Au tournant du XVIII\u1d49 si\u00e8cle, les <a href=\"https:\/\/richeskarayib.com\/fr\/bahamas-en-2025-une-evasion-inoubliable-post\/\" target=\"_blank\" rel=\"noopener\">Bahamas<\/a> deviennent le th\u00e9\u00e2tre d\u2019une p\u00e9riode spectaculaire : l\u2019\u00e2ge d\u2019or de la piraterie. Nassau devient la capitale officieuse d\u2019une \u201cR\u00e9publique des pirates\u201d, o\u00f9 s\u00e9vissent des figures comme Barbe Noire, Charles Vane ou Calico Jack. Face \u00e0 l\u2019anarchie croissante, Londres d\u00e9p\u00eache en 1718 le gouverneur Woodes Rogers, qui restaure l\u2019ordre en offrant le pardon royal aux pirates repentis.<\/p>\n<p>Mais un autre fl\u00e9au fa\u00e7onne profond\u00e9ment la soci\u00e9t\u00e9 baham\u00e9enne : l\u2019esclavage. Apr\u00e8s la guerre d\u2019ind\u00e9pendance am\u00e9ricaine, de nombreux loyalistes britanniques s\u2019installent avec leurs esclaves africains, introduisant les plantations de coton. L\u2019esclavage est aboli en deux \u00e9tapes : d\u2019abord la traite en 1807, puis l\u2019esclavage lui-m\u00eame en 1834, une date fondatrice toujours c\u00e9l\u00e9br\u00e9e comme \u201cJour de l\u2019\u00c9mancipation\u201d. L\u2019empreinte africaine marquera \u00e0 jamais la culture, la langue et les traditions du pays.<\/p>\t\t\t\t\t\t\t\t<\/div>\n\t\t\t\t<\/div>\n\t\t\t\t<section class=\"elementor-section elementor-inner-section elementor-element elementor-element-61571e6 elementor-section-boxed elementor-section-height-default elementor-section-height-default\" data-id=\"61571e6\" data-element_type=\"section\">\n\t\t\t\t\t\t<div class=\"elementor-container elementor-column-gap-default\">\n\t\t\t\t\t\t<\/div>\n\t\t<\/section>\n\t\t\t\t<section class=\"elementor-section elementor-inner-section elementor-element elementor-element-b6262e0 elementor-section-boxed elementor-section-height-default elementor-section-height-default\" data-id=\"b6262e0\" data-element_type=\"section\">\n\t\t\t\t\t\t<div class=\"elementor-container elementor-column-gap-default\">\n\t\t\t\t\t\t<\/div>\n\t\t<\/section>\n\t\t\t\t<section class=\"elementor-section elementor-inner-section elementor-element elementor-element-cca29fd elementor-section-boxed elementor-section-height-default elementor-section-height-default\" data-id=\"cca29fd\" data-element_type=\"section\">\n\t\t\t\t\t\t<div class=\"elementor-container elementor-column-gap-default\">\n\t\t\t\t\t\t<\/div>\n\t\t<\/section>\n\t\t\t\t\t<\/div>\n\t\t<\/div>\n\t\t\t\t\t<\/div>\n\t\t<\/section>\n\t\t\t\t<section class=\"elementor-section elementor-top-section elementor-element elementor-element-0db9090 elementor-section-boxed elementor-section-height-default elementor-section-height-default\" data-id=\"0db9090\" data-element_type=\"section\">\n\t\t\t\t\t\t<div class=\"elementor-container elementor-column-gap-default\">\n\t\t\t\t\t<div class=\"elementor-column elementor-col-100 elementor-top-column elementor-element elementor-element-2296183\" data-id=\"2296183\" data-element_type=\"column\">\n\t\t\t<div class=\"elementor-widget-wrap elementor-element-populated\">\n\t\t\t\t\t\t<div class=\"elementor-element elementor-element-9576154 elementor-widget elementor-widget-heading\" data-id=\"9576154\" data-element_type=\"widget\" data-widget_type=\"heading.default\">\n\t\t\t\t<div class=\"elementor-widget-container\">\n\t\t\t\t\t<h2 class=\"elementor-heading-title elementor-size-default\">Le r\u00e9veil politique et la marche vers l\u2019ind\u00e9pendance\n<\/h2>\t\t\t\t<\/div>\n\t\t\t\t<\/div>\n\t\t\t\t<div class=\"elementor-element elementor-element-500981c elementor-widget elementor-widget-text-editor\" data-id=\"500981c\" data-element_type=\"widget\" data-widget_type=\"text-editor.default\">\n\t\t\t\t<div class=\"elementor-widget-container\">\n\t\t\t\t\t\t\t\t\t<p>Au XX\u1d49 si\u00e8cle, le mouvement d\u2019\u00e9mancipation prend une tournure politique d\u00e9cisive. En 1953, trois figures fondent le Progressive Liberal Party (PLP), premier parti national repr\u00e9sentant la majorit\u00e9 noire. Parmi eux, un jeune avocat au charisme incontest\u00e9, <b>Sir Lynden Pindling<\/b>, deviendra l\u2019architecte de l\u2019ind\u00e9pendance. En 1967, gr\u00e2ce \u00e0 une coalition d\u00e9terminante, il devient le premier Premier ministre noir des Bahamas. Ce basculement historique \u2014 surnomm\u00e9 \u201cmajority rule\u201d \u2014 marque la fin de la domination politique blanche et la mont\u00e9e en puissance d\u2019une conscience nationale.<\/p>\t\t\t\t\t\t\t\t<\/div>\n\t\t\t\t<\/div>\n\t\t\t\t<section class=\"elementor-section elementor-inner-section elementor-element elementor-element-fc696d1 elementor-section-boxed elementor-section-height-default elementor-section-height-default\" data-id=\"fc696d1\" data-element_type=\"section\">\n\t\t\t\t\t\t<div class=\"elementor-container elementor-column-gap-default\">\n\t\t\t\t\t<div class=\"elementor-column elementor-col-100 elementor-inner-column elementor-element elementor-element-5a36ffe\" data-id=\"5a36ffe\" data-element_type=\"column\">\n\t\t\t<div class=\"elementor-widget-wrap elementor-element-populated\">\n\t\t\t\t\t\t<div class=\"elementor-element elementor-element-e207d40 elementor-widget elementor-widget-image\" data-id=\"e207d40\" data-element_type=\"widget\" data-widget_type=\"image.default\">\n\t\t\t\t<div class=\"elementor-widget-container\">\n\t\t\t\t\t\t\t\t\t\t\t\t<figure class=\"wp-caption\">\n\t\t\t\t\t\t\t\t\t\t<img decoding=\"async\" width=\"800\" height=\"1000\" src=\"https:\/\/richeskarayib.com\/wp-content\/uploads\/2025\/07\/Sir-Lynden-Pindling-Foundation-819x1024.png\" class=\"attachment-large size-large wp-image-56768\" alt=\"Bahamas\" srcset=\"https:\/\/richeskarayib.com\/wp-content\/uploads\/2025\/07\/Sir-Lynden-Pindling-Foundation-819x1024.png 819w, https:\/\/richeskarayib.com\/wp-content\/uploads\/2025\/07\/Sir-Lynden-Pindling-Foundation-240x300.png 240w, https:\/\/richeskarayib.com\/wp-content\/uploads\/2025\/07\/Sir-Lynden-Pindling-Foundation-768x960.png 768w, https:\/\/richeskarayib.com\/wp-content\/uploads\/2025\/07\/Sir-Lynden-Pindling-Foundation.png 1080w\" sizes=\"(max-width: 800px) 100vw, 800px\" \/>\t\t\t\t\t\t\t\t\t\t\t<figcaption class=\"widget-image-caption wp-caption-text\">Sir Lynden Pindling. \u00a9Sir Lynden Pindling Foundation<\/figcaption>\n\t\t\t\t\t\t\t\t\t\t<\/figure>\n\t\t\t\t\t\t\t\t\t<\/div>\n\t\t\t\t<\/div>\n\t\t\t\t\t<\/div>\n\t\t<\/div>\n\t\t\t\t\t<\/div>\n\t\t<\/section>\n\t\t\t\t<div class=\"elementor-element elementor-element-158d89a elementor-widget elementor-widget-text-editor\" data-id=\"158d89a\" data-element_type=\"widget\" data-widget_type=\"text-editor.default\">\n\t\t\t\t<div class=\"elementor-widget-container\">\n\t\t\t\t\t\t\t\t\t<p>Une nouvelle constitution en 1969 consacre l\u2019autonomie int\u00e9rieure, tandis que les n\u00e9gociations avec Londres s\u2019ouvrent dans un climat de respect mutuel. Le 20 juin 1973, le Parlement britannique adopte le Bahamas Independence Order. Le 10 juillet suivant, en pr\u00e9sence du Prince Charles, l\u2019Union Jack est abaiss\u00e9 et un nouveau drapeau aux couleurs noir, or et turquoise est hiss\u00e9 devant 50\u202f000 personnes \u00e0 Nassau. La devise nationale, <b>\u201cForward, Upward, Onward, Together\u201d<\/b>, incarne l\u2019esprit d\u2019\u00e9l\u00e9vation collective qui anime encore aujourd\u2019hui les c\u00e9l\u00e9brations.<\/p>\t\t\t\t\t\t\t\t<\/div>\n\t\t\t\t<\/div>\n\t\t\t\t<section class=\"elementor-section elementor-inner-section elementor-element elementor-element-68e27c4 elementor-section-boxed elementor-section-height-default elementor-section-height-default\" data-id=\"68e27c4\" data-element_type=\"section\">\n\t\t\t\t\t\t<div class=\"elementor-container elementor-column-gap-default\">\n\t\t\t\t\t<div class=\"elementor-column elementor-col-100 elementor-inner-column elementor-element elementor-element-a0d5c7b\" data-id=\"a0d5c7b\" data-element_type=\"column\">\n\t\t\t<div class=\"elementor-widget-wrap elementor-element-populated\">\n\t\t\t\t\t\t<div class=\"elementor-element elementor-element-ab926c0 elementor-widget elementor-widget-image\" data-id=\"ab926c0\" data-element_type=\"widget\" data-widget_type=\"image.default\">\n\t\t\t\t<div class=\"elementor-widget-container\">\n\t\t\t\t\t\t\t\t\t\t\t\t\t\t\t<img loading=\"lazy\" decoding=\"async\" width=\"800\" height=\"534\" src=\"https:\/\/richeskarayib.com\/wp-content\/uploads\/2025\/07\/drapeau-des-bahamas-1024x683.jpg\" class=\"attachment-large size-large wp-image-56772\" alt=\"Bahamas\" srcset=\"https:\/\/richeskarayib.com\/wp-content\/uploads\/2025\/07\/drapeau-des-bahamas-1024x683.jpg 1024w, https:\/\/richeskarayib.com\/wp-content\/uploads\/2025\/07\/drapeau-des-bahamas-300x200.jpg 300w, https:\/\/richeskarayib.com\/wp-content\/uploads\/2025\/07\/drapeau-des-bahamas-768x512.jpg 768w, https:\/\/richeskarayib.com\/wp-content\/uploads\/2025\/07\/drapeau-des-bahamas-1536x1024.jpg 1536w, https:\/\/richeskarayib.com\/wp-content\/uploads\/2025\/07\/drapeau-des-bahamas-1320x880.jpg 1320w, https:\/\/richeskarayib.com\/wp-content\/uploads\/2025\/07\/drapeau-des-bahamas.jpg 1920w\" sizes=\"(max-width: 800px) 100vw, 800px\" \/>\t\t\t\t\t\t\t\t\t\t\t\t\t\t\t<\/div>\n\t\t\t\t<\/div>\n\t\t\t\t\t<\/div>\n\t\t<\/div>\n\t\t\t\t\t<\/div>\n\t\t<\/section>\n\t\t\t\t\t<\/div>\n\t\t<\/div>\n\t\t\t\t\t<\/div>\n\t\t<\/section>\n\t\t\t\t<section class=\"elementor-section elementor-top-section elementor-element elementor-element-7b2ef92 elementor-section-boxed elementor-section-height-default elementor-section-height-default\" data-id=\"7b2ef92\" data-element_type=\"section\">\n\t\t\t\t\t\t<div class=\"elementor-container elementor-column-gap-default\">\n\t\t\t\t\t<div class=\"elementor-column elementor-col-100 elementor-top-column elementor-element elementor-element-e8712b4\" data-id=\"e8712b4\" data-element_type=\"column\">\n\t\t\t<div class=\"elementor-widget-wrap elementor-element-populated\">\n\t\t\t\t\t\t<div class=\"elementor-element elementor-element-37e0414 elementor-widget elementor-widget-heading\" data-id=\"37e0414\" data-element_type=\"widget\" data-widget_type=\"heading.default\">\n\t\t\t\t<div class=\"elementor-widget-container\">\n\t\t\t\t\t<h2 class=\"elementor-heading-title elementor-size-default\">Une culture vivante, un patrimoine \u00e0 d\u00e9fendre<\/h2>\t\t\t\t<\/div>\n\t\t\t\t<\/div>\n\t\t\t\t<div class=\"elementor-element elementor-element-fa5cc24 elementor-widget elementor-widget-text-editor\" data-id=\"fa5cc24\" data-element_type=\"widget\" data-widget_type=\"text-editor.default\">\n\t\t\t\t<div class=\"elementor-widget-container\">\n\t\t\t\t\t\t\t\t\t<p>L\u2019identit\u00e9 baham\u00e9enne repose sur un subtil \u00e9quilibre entre tradition et modernit\u00e9. Le <b>Junkanoo<\/b>, festival de rue issu des rituels africains des esclaves, est devenu l\u2019expression culturelle embl\u00e9matique du pays. Chaque 26 d\u00e9cembre et 1er janvier, des milliers de Baham\u00e9ens d\u00e9filent dans des costumes spectaculaires faits main, au rythme de tambours, cloches et cuivres. Ce patrimoine vivant, inscrit au registre de l\u2019UNESCO depuis 2023, incarne la r\u00e9silience et la cr\u00e9ativit\u00e9 d\u2019un peuple forg\u00e9 dans l\u2019adversit\u00e9.<\/p>\t\t\t\t\t\t\t\t<\/div>\n\t\t\t\t<\/div>\n\t\t\t\t<section class=\"elementor-section elementor-inner-section elementor-element elementor-element-cc32d71 elementor-section-boxed elementor-section-height-default elementor-section-height-default\" data-id=\"cc32d71\" data-element_type=\"section\">\n\t\t\t\t\t\t<div class=\"elementor-container elementor-column-gap-default\">\n\t\t\t\t\t<div class=\"elementor-column elementor-col-100 elementor-inner-column elementor-element elementor-element-b407d8c\" data-id=\"b407d8c\" data-element_type=\"column\">\n\t\t\t<div class=\"elementor-widget-wrap elementor-element-populated\">\n\t\t\t\t\t\t<div class=\"elementor-element elementor-element-d84d313 elementor-widget elementor-widget-image\" data-id=\"d84d313\" data-element_type=\"widget\" data-widget_type=\"image.default\">\n\t\t\t\t<div class=\"elementor-widget-container\">\n\t\t\t\t\t\t\t\t\t\t\t\t<figure class=\"wp-caption\">\n\t\t\t\t\t\t\t\t\t\t<img loading=\"lazy\" decoding=\"async\" width=\"500\" height=\"483\" src=\"https:\/\/richeskarayib.com\/wp-content\/uploads\/2025\/07\/UNESCO.jpg\" class=\"attachment-large size-large wp-image-56776\" alt=\"Bahamas\" srcset=\"https:\/\/richeskarayib.com\/wp-content\/uploads\/2025\/07\/UNESCO.jpg 500w, https:\/\/richeskarayib.com\/wp-content\/uploads\/2025\/07\/UNESCO-300x290.jpg 300w\" sizes=\"(max-width: 500px) 100vw, 500px\" \/>\t\t\t\t\t\t\t\t\t\t\t<figcaption class=\"widget-image-caption wp-caption-text\">Junkanoo. \u00a9UNESCO<\/figcaption>\n\t\t\t\t\t\t\t\t\t\t<\/figure>\n\t\t\t\t\t\t\t\t\t<\/div>\n\t\t\t\t<\/div>\n\t\t\t\t\t<\/div>\n\t\t<\/div>\n\t\t\t\t\t<\/div>\n\t\t<\/section>\n\t\t\t\t<div class=\"elementor-element elementor-element-b958baa elementor-widget elementor-widget-text-editor\" data-id=\"b958baa\" data-element_type=\"widget\" data-widget_type=\"text-editor.default\">\n\t\t\t\t<div class=\"elementor-widget-container\">\n\t\t\t\t\t\t\t\t\t<p>Par ailleurs, la richesse naturelle des Bahamas constitue un atout strat\u00e9gique autant qu\u2019un d\u00e9fi \u00e9cologique. Avec plus de 700 \u00eeles et 2\u202f400 \u00eelots r\u00e9partis sur 260\u202f000\u202fkm\u00b2 de mer, l\u2019archipel abrite la troisi\u00e8me plus grande barri\u00e8re de corail au monde, une biodiversit\u00e9 exceptionnelle et plus de 20 parcs nationaux. Mais cette splendeur fragile est menac\u00e9e par le changement climatique, notamment par l\u2019\u00e9l\u00e9vation du niveau de la mer qui met en p\u00e9ril les infrastructures et les \u00e9cosyst\u00e8mes.<\/p>\t\t\t\t\t\t\t\t<\/div>\n\t\t\t\t<\/div>\n\t\t\t\t<section class=\"elementor-section elementor-inner-section elementor-element elementor-element-95936c3 elementor-section-boxed elementor-section-height-default elementor-section-height-default\" data-id=\"95936c3\" data-element_type=\"section\">\n\t\t\t\t\t\t<div class=\"elementor-container elementor-column-gap-default\">\n\t\t\t\t\t<div class=\"elementor-column elementor-col-50 elementor-inner-column elementor-element elementor-element-0491e27\" data-id=\"0491e27\" data-element_type=\"column\">\n\t\t\t<div class=\"elementor-widget-wrap elementor-element-populated\">\n\t\t\t\t\t\t<div class=\"elementor-element elementor-element-d68a920 elementor-widget elementor-widget-image\" data-id=\"d68a920\" data-element_type=\"widget\" data-widget_type=\"image.default\">\n\t\t\t\t<div class=\"elementor-widget-container\">\n\t\t\t\t\t\t\t\t\t\t\t\t<figure class=\"wp-caption\">\n\t\t\t\t\t\t\t\t\t\t<img loading=\"lazy\" decoding=\"async\" width=\"800\" height=\"541\" src=\"https:\/\/richeskarayib.com\/wp-content\/uploads\/2025\/07\/\u00a9The-Islands-of-the-Bahamas-1-1024x692.png\" class=\"attachment-large size-large wp-image-56784\" alt=\"Bahamas\" srcset=\"https:\/\/richeskarayib.com\/wp-content\/uploads\/2025\/07\/\u00a9The-Islands-of-the-Bahamas-1-1024x692.png 1024w, https:\/\/richeskarayib.com\/wp-content\/uploads\/2025\/07\/\u00a9The-Islands-of-the-Bahamas-1-300x203.png 300w, https:\/\/richeskarayib.com\/wp-content\/uploads\/2025\/07\/\u00a9The-Islands-of-the-Bahamas-1-768x519.png 768w, https:\/\/richeskarayib.com\/wp-content\/uploads\/2025\/07\/\u00a9The-Islands-of-the-Bahamas-1-1320x892.png 1320w, https:\/\/richeskarayib.com\/wp-content\/uploads\/2025\/07\/\u00a9The-Islands-of-the-Bahamas-1.png 1348w\" sizes=\"(max-width: 800px) 100vw, 800px\" \/>\t\t\t\t\t\t\t\t\t\t\t<figcaption class=\"widget-image-caption wp-caption-text\">\u00a9The Islands of the Bahamas<\/figcaption>\n\t\t\t\t\t\t\t\t\t\t<\/figure>\n\t\t\t\t\t\t\t\t\t<\/div>\n\t\t\t\t<\/div>\n\t\t\t\t\t<\/div>\n\t\t<\/div>\n\t\t\t\t<div class=\"elementor-column elementor-col-50 elementor-inner-column elementor-element elementor-element-8557eab\" data-id=\"8557eab\" data-element_type=\"column\">\n\t\t\t<div class=\"elementor-widget-wrap elementor-element-populated\">\n\t\t\t\t\t\t<div class=\"elementor-element elementor-element-77e1767 elementor-widget elementor-widget-image\" data-id=\"77e1767\" data-element_type=\"widget\" data-widget_type=\"image.default\">\n\t\t\t\t<div class=\"elementor-widget-container\">\n\t\t\t\t\t\t\t\t\t\t\t\t<figure class=\"wp-caption\">\n\t\t\t\t\t\t\t\t\t\t<img loading=\"lazy\" decoding=\"async\" width=\"800\" height=\"498\" src=\"https:\/\/richeskarayib.com\/wp-content\/uploads\/2025\/07\/\u00a9The-Islands-of-the-Bahamas-2-1024x638.png\" class=\"attachment-large size-large wp-image-56788\" alt=\"Bahamas\" srcset=\"https:\/\/richeskarayib.com\/wp-content\/uploads\/2025\/07\/\u00a9The-Islands-of-the-Bahamas-2-1024x638.png 1024w, https:\/\/richeskarayib.com\/wp-content\/uploads\/2025\/07\/\u00a9The-Islands-of-the-Bahamas-2-300x187.png 300w, https:\/\/richeskarayib.com\/wp-content\/uploads\/2025\/07\/\u00a9The-Islands-of-the-Bahamas-2-768x479.png 768w, https:\/\/richeskarayib.com\/wp-content\/uploads\/2025\/07\/\u00a9The-Islands-of-the-Bahamas-2-1320x823.png 1320w, https:\/\/richeskarayib.com\/wp-content\/uploads\/2025\/07\/\u00a9The-Islands-of-the-Bahamas-2.png 1351w\" sizes=\"(max-width: 800px) 100vw, 800px\" \/>\t\t\t\t\t\t\t\t\t\t\t<figcaption class=\"widget-image-caption wp-caption-text\">\u00a9The Islands of the Bahamas<\/figcaption>\n\t\t\t\t\t\t\t\t\t\t<\/figure>\n\t\t\t\t\t\t\t\t\t<\/div>\n\t\t\t\t<\/div>\n\t\t\t\t\t<\/div>\n\t\t<\/div>\n\t\t\t\t\t<\/div>\n\t\t<\/section>\n\t\t\t\t<section class=\"elementor-section elementor-inner-section elementor-element elementor-element-f2c5e45 elementor-section-boxed elementor-section-height-default elementor-section-height-default\" data-id=\"f2c5e45\" data-element_type=\"section\">\n\t\t\t\t\t\t<div class=\"elementor-container elementor-column-gap-default\">\n\t\t\t\t\t<div class=\"elementor-column elementor-col-100 elementor-inner-column elementor-element elementor-element-a2e5dd1\" data-id=\"a2e5dd1\" data-element_type=\"column\">\n\t\t\t<div class=\"elementor-widget-wrap elementor-element-populated\">\n\t\t\t\t\t\t<div class=\"elementor-element elementor-element-c042e3c elementor-widget elementor-widget-image\" data-id=\"c042e3c\" data-element_type=\"widget\" data-widget_type=\"image.default\">\n\t\t\t\t<div class=\"elementor-widget-container\">\n\t\t\t\t\t\t\t\t\t\t\t\t<figure class=\"wp-caption\">\n\t\t\t\t\t\t\t\t\t\t<img loading=\"lazy\" decoding=\"async\" width=\"800\" height=\"527\" src=\"https:\/\/richeskarayib.com\/wp-content\/uploads\/2025\/07\/\u00a9The-Islands-of-the-Bahamas-4-1024x674.png\" class=\"attachment-large size-large wp-image-56780\" alt=\"Bahamas\" srcset=\"https:\/\/richeskarayib.com\/wp-content\/uploads\/2025\/07\/\u00a9The-Islands-of-the-Bahamas-4-1024x674.png 1024w, https:\/\/richeskarayib.com\/wp-content\/uploads\/2025\/07\/\u00a9The-Islands-of-the-Bahamas-4-300x198.png 300w, https:\/\/richeskarayib.com\/wp-content\/uploads\/2025\/07\/\u00a9The-Islands-of-the-Bahamas-4-768x506.png 768w, https:\/\/richeskarayib.com\/wp-content\/uploads\/2025\/07\/\u00a9The-Islands-of-the-Bahamas-4-1320x869.png 1320w, https:\/\/richeskarayib.com\/wp-content\/uploads\/2025\/07\/\u00a9The-Islands-of-the-Bahamas-4.png 1347w\" sizes=\"(max-width: 800px) 100vw, 800px\" \/>\t\t\t\t\t\t\t\t\t\t\t<figcaption class=\"widget-image-caption wp-caption-text\">\u00a9The Islands of the Bahamas<\/figcaption>\n\t\t\t\t\t\t\t\t\t\t<\/figure>\n\t\t\t\t\t\t\t\t\t<\/div>\n\t\t\t\t<\/div>\n\t\t\t\t\t<\/div>\n\t\t<\/div>\n\t\t\t\t\t<\/div>\n\t\t<\/section>\n\t\t\t\t<section class=\"elementor-section elementor-inner-section elementor-element elementor-element-919b3b5 elementor-section-boxed elementor-section-height-default elementor-section-height-default\" data-id=\"919b3b5\" data-element_type=\"section\">\n\t\t\t\t\t\t<div class=\"elementor-container elementor-column-gap-default\">\n\t\t\t\t\t<div class=\"elementor-column elementor-col-50 elementor-inner-column elementor-element elementor-element-06d19cb\" data-id=\"06d19cb\" data-element_type=\"column\">\n\t\t\t<div class=\"elementor-widget-wrap elementor-element-populated\">\n\t\t\t\t\t\t<div class=\"elementor-element elementor-element-c79e9b3 elementor-widget elementor-widget-image\" data-id=\"c79e9b3\" data-element_type=\"widget\" data-widget_type=\"image.default\">\n\t\t\t\t<div class=\"elementor-widget-container\">\n\t\t\t\t\t\t\t\t\t\t\t\t<figure class=\"wp-caption\">\n\t\t\t\t\t\t\t\t\t\t<img loading=\"lazy\" decoding=\"async\" width=\"800\" height=\"499\" src=\"https:\/\/richeskarayib.com\/wp-content\/uploads\/2025\/07\/\u00a9The-Islands-of-the-Bahamas-3-1024x639.png\" class=\"attachment-large size-large wp-image-56792\" alt=\"Bahamas\" srcset=\"https:\/\/richeskarayib.com\/wp-content\/uploads\/2025\/07\/\u00a9The-Islands-of-the-Bahamas-3-1024x639.png 1024w, https:\/\/richeskarayib.com\/wp-content\/uploads\/2025\/07\/\u00a9The-Islands-of-the-Bahamas-3-300x187.png 300w, https:\/\/richeskarayib.com\/wp-content\/uploads\/2025\/07\/\u00a9The-Islands-of-the-Bahamas-3-768x480.png 768w, https:\/\/richeskarayib.com\/wp-content\/uploads\/2025\/07\/\u00a9The-Islands-of-the-Bahamas-3-1320x824.png 1320w, https:\/\/richeskarayib.com\/wp-content\/uploads\/2025\/07\/\u00a9The-Islands-of-the-Bahamas-3.png 1347w\" sizes=\"(max-width: 800px) 100vw, 800px\" \/>\t\t\t\t\t\t\t\t\t\t\t<figcaption class=\"widget-image-caption wp-caption-text\">\u00a9The Islands of the Bahamas<\/figcaption>\n\t\t\t\t\t\t\t\t\t\t<\/figure>\n\t\t\t\t\t\t\t\t\t<\/div>\n\t\t\t\t<\/div>\n\t\t\t\t\t<\/div>\n\t\t<\/div>\n\t\t\t\t<div class=\"elementor-column elementor-col-50 elementor-inner-column elementor-element elementor-element-5f2256a\" data-id=\"5f2256a\" data-element_type=\"column\">\n\t\t\t<div class=\"elementor-widget-wrap elementor-element-populated\">\n\t\t\t\t\t\t<div class=\"elementor-element elementor-element-3fdffc9 elementor-widget elementor-widget-image\" data-id=\"3fdffc9\" data-element_type=\"widget\" data-widget_type=\"image.default\">\n\t\t\t\t<div class=\"elementor-widget-container\">\n\t\t\t\t\t\t\t\t\t\t\t\t<figure class=\"wp-caption\">\n\t\t\t\t\t\t\t\t\t\t<img loading=\"lazy\" decoding=\"async\" width=\"800\" height=\"502\" src=\"https:\/\/richeskarayib.com\/wp-content\/uploads\/2025\/07\/\u00a9The-Islands-of-the-Bahamas-1024x643.png\" class=\"attachment-large size-large wp-image-56796\" alt=\"Bahamas\" srcset=\"https:\/\/richeskarayib.com\/wp-content\/uploads\/2025\/07\/\u00a9The-Islands-of-the-Bahamas-1024x643.png 1024w, https:\/\/richeskarayib.com\/wp-content\/uploads\/2025\/07\/\u00a9The-Islands-of-the-Bahamas-300x188.png 300w, https:\/\/richeskarayib.com\/wp-content\/uploads\/2025\/07\/\u00a9The-Islands-of-the-Bahamas-768x482.png 768w, https:\/\/richeskarayib.com\/wp-content\/uploads\/2025\/07\/\u00a9The-Islands-of-the-Bahamas-1320x828.png 1320w, https:\/\/richeskarayib.com\/wp-content\/uploads\/2025\/07\/\u00a9The-Islands-of-the-Bahamas.png 1348w\" sizes=\"(max-width: 800px) 100vw, 800px\" \/>\t\t\t\t\t\t\t\t\t\t\t<figcaption class=\"widget-image-caption wp-caption-text\">\u00a9The Islands of the Bahamas<\/figcaption>\n\t\t\t\t\t\t\t\t\t\t<\/figure>\n\t\t\t\t\t\t\t\t\t<\/div>\n\t\t\t\t<\/div>\n\t\t\t\t\t<\/div>\n\t\t<\/div>\n\t\t\t\t\t<\/div>\n\t\t<\/section>\n\t\t\t\t\t<\/div>\n\t\t<\/div>\n\t\t\t\t\t<\/div>\n\t\t<\/section>\n\t\t\t\t<section class=\"elementor-section elementor-top-section elementor-element elementor-element-e011a0f elementor-section-boxed elementor-section-height-default elementor-section-height-default\" data-id=\"e011a0f\" data-element_type=\"section\">\n\t\t\t\t\t\t<div class=\"elementor-container elementor-column-gap-default\">\n\t\t\t\t\t<div class=\"elementor-column elementor-col-100 elementor-top-column elementor-element elementor-element-91c6ea5\" data-id=\"91c6ea5\" data-element_type=\"column\">\n\t\t\t<div class=\"elementor-widget-wrap elementor-element-populated\">\n\t\t\t\t\t\t<div class=\"elementor-element elementor-element-3193622 elementor-widget elementor-widget-heading\" data-id=\"3193622\" data-element_type=\"widget\" data-widget_type=\"heading.default\">\n\t\t\t\t<div class=\"elementor-widget-container\">\n\t\t\t\t\t<h2 class=\"elementor-heading-title elementor-size-default\">\u00c9conomie, d\u00e9mocratie, et d\u00e9fis contemporains<\/h2>\t\t\t\t<\/div>\n\t\t\t\t<\/div>\n\t\t\t\t<div class=\"elementor-element elementor-element-d6b77ee elementor-widget elementor-widget-text-editor\" data-id=\"d6b77ee\" data-element_type=\"widget\" data-widget_type=\"text-editor.default\">\n\t\t\t\t<div class=\"elementor-widget-container\">\n\t\t\t\t\t\t\t\t\t<p>Depuis l\u2019ind\u00e9pendance, les <a href=\"https:\/\/www.bahamas.gov.bs\/\" target=\"_blank\" rel=\"noopener nofollow\">Bahamas<\/a> ont su s\u2019imposer comme l\u2019une des \u00e9conomies les plus stables des Cara\u00efbes. Le <b>tourisme<\/b>, qui repr\u00e9sente plus de 50\u202f% du PIB, reste le moteur principal. En 2024, l\u2019archipel a battu un record avec 11,2 millions de visiteurs. Le <b>secteur financier offshore<\/b>, bien que fragilis\u00e9 par les r\u00e9gulations internationales, conserve un poids strat\u00e9gique (environ 15\u202f% du PIB). Dans un souci d\u2019innovation, les autorit\u00e9s ont lanc\u00e9 en 2020 le <b>Sand Dollar<\/b>, premi\u00e8re monnaie num\u00e9rique nationale au monde, et misent d\u00e9sormais sur les \u00e9nergies renouvelables et les technologies num\u00e9riques.<\/p>\t\t\t\t\t\t\t\t<\/div>\n\t\t\t\t<\/div>\n\t\t\t\t<div class=\"elementor-element elementor-element-2cac2a6 elementor-widget elementor-widget-text-editor\" data-id=\"2cac2a6\" data-element_type=\"widget\" data-widget_type=\"text-editor.default\">\n\t\t\t\t<div class=\"elementor-widget-container\">\n\t\t\t\t\t\t\t\t\t<p>Sur le plan politique, la d\u00e9mocratie parlementaire fonctionne sans interruption depuis 1973, avec des alternances r\u00e9guli\u00e8res entre les deux grands partis: le PLP et le FNM. L\u2019actuel Premier ministre, <b>Philip Davis<\/b>, incarne cette continuit\u00e9 d\u00e9mocratique. Toutefois, le d\u00e9bat sur la transformation du pays en r\u00e9publique, relanc\u00e9 apr\u00e8s l\u2019exemple de la Barbade, agite certains cercles politiques.<\/p>\t\t\t\t\t\t\t\t<\/div>\n\t\t\t\t<\/div>\n\t\t\t\t\t<\/div>\n\t\t<\/div>\n\t\t\t\t\t<\/div>\n\t\t<\/section>\n\t\t\t\t<section class=\"elementor-section elementor-top-section elementor-element elementor-element-5baf18a elementor-section-boxed elementor-section-height-default elementor-section-height-default\" data-id=\"5baf18a\" data-element_type=\"section\">\n\t\t\t\t\t\t<div class=\"elementor-container elementor-column-gap-default\">\n\t\t\t\t\t<div class=\"elementor-column elementor-col-100 elementor-top-column elementor-element elementor-element-85dba19\" data-id=\"85dba19\" data-element_type=\"column\">\n\t\t\t<div class=\"elementor-widget-wrap elementor-element-populated\">\n\t\t\t\t\t\t<div class=\"elementor-element elementor-element-fc6274c elementor-widget elementor-widget-heading\" data-id=\"fc6274c\" data-element_type=\"widget\" data-widget_type=\"heading.default\">\n\t\t\t\t<div class=\"elementor-widget-container\">\n\t\t\t\t\t<h2 class=\"elementor-heading-title elementor-size-default\">2025 : une c\u00e9l\u00e9bration entre m\u00e9moire et projection<\/h2>\t\t\t\t<\/div>\n\t\t\t\t<\/div>\n\t\t\t\t<div class=\"elementor-element elementor-element-a4e1167 elementor-widget elementor-widget-text-editor\" data-id=\"a4e1167\" data-element_type=\"widget\" data-widget_type=\"text-editor.default\">\n\t\t\t\t<div class=\"elementor-widget-container\">\n\t\t\t\t\t\t\t\t\t<p>Le 52\u1d49 anniversaire de l\u2019ind\u00e9pendance s\u2019accompagne cette ann\u00e9e de c\u00e9r\u00e9monies officielles et festives dans tout le pays. \u00c0 Nassau, la <b>Beat Retreat<\/b>, organis\u00e9e le 4 juillet sur Rawson Square, a ouvert les festivit\u00e9s avec parades militaires, fanfares et discours solennels. Le 7 juillet, une Journ\u00e9e de l\u2019unit\u00e9 nationale a mobilis\u00e9 les communaut\u00e9s autour de projets civiques et d\u2019actions de solidarit\u00e9.<\/p>\n<p>Le moment fort reste la <b>c\u00e9r\u00e9monie du 10 juillet<\/b>, avec lever du drapeau \u00e0 la Public Treasury, r\u00e9ception officielle \u00e0 Government House et feux d\u2019artifice sur les principales \u00eeles. Des festivit\u00e9s populaires sont \u00e9galement organis\u00e9es \u00e0 Eleuthera, Staniel Cay ou encore Grand Bahama, o\u00f9 se m\u00ealent concerts, cuisine locale, comp\u00e9titions sportives et danses traditionnelles.<\/p>\t\t\t\t\t\t\t\t<\/div>\n\t\t\t\t<\/div>\n\t\t\t\t\t<\/div>\n\t\t<\/div>\n\t\t\t\t\t<\/div>\n\t\t<\/section>\n\t\t\t\t<section class=\"elementor-section elementor-top-section elementor-element elementor-element-770d1fb elementor-section-boxed elementor-section-height-default elementor-section-height-default\" data-id=\"770d1fb\" data-element_type=\"section\">\n\t\t\t\t\t\t<div class=\"elementor-container elementor-column-gap-default\">\n\t\t\t\t\t<div class=\"elementor-column elementor-col-100 elementor-top-column elementor-element elementor-element-0c36756\" data-id=\"0c36756\" data-element_type=\"column\">\n\t\t\t<div class=\"elementor-widget-wrap elementor-element-populated\">\n\t\t\t\t\t\t<div class=\"elementor-element elementor-element-ccaffd7 elementor-widget elementor-widget-heading\" data-id=\"ccaffd7\" data-element_type=\"widget\" data-widget_type=\"heading.default\">\n\t\t\t\t<div class=\"elementor-widget-container\">\n\t\t\t\t\t<h2 class=\"elementor-heading-title elementor-size-default\">Une nation debout, face \u00e0 son avenir<\/h2>\t\t\t\t<\/div>\n\t\t\t\t<\/div>\n\t\t\t\t<div class=\"elementor-element elementor-element-04c6a22 elementor-widget elementor-widget-text-editor\" data-id=\"04c6a22\" data-element_type=\"widget\" data-widget_type=\"text-editor.default\">\n\t\t\t\t<div class=\"elementor-widget-container\">\n\t\t\t\t\t\t\t\t\t<p>En 52 ans, les <a href=\"https:\/\/richeskarayib.com\/fr\/journee-mondiale-de-l-environnement\/\" target=\"_blank\" rel=\"noopener\">Bahamas<\/a> ont r\u00e9ussi \u00e0 construire une d\u00e9mocratie stable, une \u00e9conomie ouverte et une identit\u00e9 culturelle forte. Si les d\u00e9fis sont nombreux: climat, diversification, souverainet\u00e9 technologique , l\u2019unit\u00e9 nationale reste le socle d\u2019un avenir prometteur. Le slogan \u201cTogether We Rise\u201d d\u00e9passe ainsi le cadre c\u00e9r\u00e9moniel\u202f: il incarne un pacte interg\u00e9n\u00e9rationnel, un \u00e9lan commun pour affronter les enjeux du XXIe si\u00e8cle.<\/p>\t\t\t\t\t\t\t\t<\/div>\n\t\t\t\t<\/div>\n\t\t\t\t\t<\/div>\n\t\t<\/div>\n\t\t\t\t\t<\/div>\n\t\t<\/section>\n\t\t\t\t<\/div>\n\t\t","protected":false},"excerpt":{"rendered":"<p>Le 10 juillet 1973, les Bahamas devenaient officiellement un \u00c9tat ind\u00e9pendant, mettant fin \u00e0 plus de trois si\u00e8cles de domination coloniale britannique. Cinquante-deux ans plus tard, l\u2019archipel carib\u00e9en comm\u00e9more cet acte fondateur sous le th\u00e8me : \u201cTogether We Rise\u201d, dans un esprit d\u2019unit\u00e9 et de fiert\u00e9 collective. Au-del\u00e0 des festivit\u00e9s, cet anniversaire ravive une m\u00e9moire [&hellip;]<\/p>\n","protected":false},"author":662,"featured_media":56756,"comment_status":"open","ping_status":"open","sticky":false,"template":"","format":"standard","meta":{"_acf_changed":false,"footnotes":""},"categories":[1468],"tags":[1574],"class_list":["post-56755","post","type-post","status-publish","format-standard","has-post-thumbnail","hentry","category-histoire-patrimoine","tag-bahamas-fr"],"acf":[],"_links":{"self":[{"href":"https:\/\/richeskarayib.com\/fr\/wp-json\/wp\/v2\/posts\/56755","targetHints":{"allow":["GET"]}}],"collection":[{"href":"https:\/\/richeskarayib.com\/fr\/wp-json\/wp\/v2\/posts"}],"about":[{"href":"https:\/\/richeskarayib.com\/fr\/wp-json\/wp\/v2\/types\/post"}],"author":[{"embeddable":true,"href":"https:\/\/richeskarayib.com\/fr\/wp-json\/wp\/v2\/users\/662"}],"replies":[{"embeddable":true,"href":"https:\/\/richeskarayib.com\/fr\/wp-json\/wp\/v2\/comments?post=56755"}],"version-history":[{"count":0,"href":"https:\/\/richeskarayib.com\/fr\/wp-json\/wp\/v2\/posts\/56755\/revisions"}],"wp:featuredmedia":[{"embeddable":true,"href":"https:\/\/richeskarayib.com\/fr\/wp-json\/wp\/v2\/media\/56756"}],"wp:attachment":[{"href":"https:\/\/richeskarayib.com\/fr\/wp-json\/wp\/v2\/media?parent=56755"}],"wp:term":[{"taxonomy":"category","embeddable":true,"href":"https:\/\/richeskarayib.com\/fr\/wp-json\/wp\/v2\/categories?post=56755"},{"taxonomy":"post_tag","embeddable":true,"href":"https:\/\/richeskarayib.com\/fr\/wp-json\/wp\/v2\/tags?post=56755"}],"curies":[{"name":"wp","href":"https:\/\/api.w.org\/{rel}","templated":true}]}}