{"id":57026,"date":"2025-07-15T05:04:22","date_gmt":"2025-07-15T09:04:22","guid":{"rendered":"https:\/\/richeskarayib.com\/?p=57026"},"modified":"2025-07-15T05:04:22","modified_gmt":"2025-07-15T09:04:22","slug":"saint-martin-ecosystemes-marins-urgence","status":"publish","type":"post","link":"https:\/\/richeskarayib.com\/fr\/saint-martin-ecosystemes-marins-urgence\/","title":{"rendered":"Saint-Martin : pr\u00e9server les \u00e9cosyst\u00e8mes marins face \u00e0 l\u2019urgence climatique"},"content":{"rendered":"\t\t<div data-elementor-type=\"wp-post\" data-elementor-id=\"57026\" class=\"elementor elementor-57026\" data-elementor-post-type=\"post\">\n\t\t\t\t\t\t<section class=\"elementor-section elementor-top-section elementor-element elementor-element-3756bbb elementor-section-boxed elementor-section-height-default elementor-section-height-default\" data-id=\"3756bbb\" data-element_type=\"section\">\n\t\t\t\t\t\t<div class=\"elementor-container elementor-column-gap-default\">\n\t\t\t\t\t<div class=\"elementor-column elementor-col-100 elementor-top-column elementor-element elementor-element-df79712\" data-id=\"df79712\" data-element_type=\"column\">\n\t\t\t<div class=\"elementor-widget-wrap elementor-element-populated\">\n\t\t\t\t\t\t<section class=\"elementor-section elementor-inner-section elementor-element elementor-element-756e7fb elementor-section-boxed elementor-section-height-default elementor-section-height-default\" data-id=\"756e7fb\" data-element_type=\"section\">\n\t\t\t\t\t\t<div class=\"elementor-container elementor-column-gap-default\">\n\t\t\t\t\t<div class=\"elementor-column elementor-col-100 elementor-inner-column elementor-element elementor-element-dd1326d\" data-id=\"dd1326d\" data-element_type=\"column\">\n\t\t\t<div class=\"elementor-widget-wrap elementor-element-populated\">\n\t\t\t\t\t\t<div class=\"elementor-element elementor-element-81e63b5 elementor-widget elementor-widget-text-editor\" data-id=\"81e63b5\" data-element_type=\"widget\" data-widget_type=\"text-editor.default\">\n\t\t\t\t<div class=\"elementor-widget-container\">\n\t\t\t\t\t\t\t\t\t<p>Au nord des Petites Antilles, l\u2019\u00eele de <a href=\"http:\/\/Saint-Martin\" target=\"_blank\" rel=\"noopener nofollow\">Saint-Martin<\/a> abrite des \u00e9cosyst\u00e8mes marins d\u2019une richesse remarquable. R\u00e9cifs coralliens, herbiers, mangroves, tortues et mammif\u00e8res marins cohabitent dans un environnement aussi fragile qu\u2019essentiel pour le territoire.<\/p>\t\t\t\t\t\t\t\t<\/div>\n\t\t\t\t<\/div>\n\t\t\t\t\t<\/div>\n\t\t<\/div>\n\t\t\t\t\t<\/div>\n\t\t<\/section>\n\t\t\t\t\t<\/div>\n\t\t<\/div>\n\t\t\t\t\t<\/div>\n\t\t<\/section>\n\t\t\t\t<section class=\"elementor-section elementor-top-section elementor-element elementor-element-63274e9 elementor-section-boxed elementor-section-height-default elementor-section-height-default\" data-id=\"63274e9\" data-element_type=\"section\">\n\t\t\t\t\t\t<div class=\"elementor-container elementor-column-gap-default\">\n\t\t\t\t\t<div class=\"elementor-column elementor-col-100 elementor-top-column elementor-element elementor-element-50500d6\" data-id=\"50500d6\" data-element_type=\"column\">\n\t\t\t<div class=\"elementor-widget-wrap elementor-element-populated\">\n\t\t\t\t\t\t<div class=\"elementor-element elementor-element-02d81f4 elementor-widget elementor-widget-heading\" data-id=\"02d81f4\" data-element_type=\"widget\" data-widget_type=\"heading.default\">\n\t\t\t\t<div class=\"elementor-widget-container\">\n\t\t\t\t\t<h2 class=\"elementor-heading-title elementor-size-default\">Une biodiversit\u00e9 exceptionnelle sous pression<\/h2>\t\t\t\t<\/div>\n\t\t\t\t<\/div>\n\t\t\t\t<div class=\"elementor-element elementor-element-a485770 elementor-widget elementor-widget-text-editor\" data-id=\"a485770\" data-element_type=\"widget\" data-widget_type=\"text-editor.default\">\n\t\t\t\t<div class=\"elementor-widget-container\">\n\t\t\t\t\t\t\t\t\t<p>Les \u00e9cosyst\u00e8mes marins de <a href=\"https:\/\/reservenaturelle-saint-martin.com\/fr\/themes\/favoriser-la-conservation-des-recifs-coralliens-et-des-especes-associees\" target=\"_blank\" rel=\"noopener nofollow\">Saint-Martin<\/a> forment un patrimoine naturel d\u2019une rare complexit\u00e9. L\u2019\u00eele, divis\u00e9e entre la France et les Pays-Bas, concentre une vari\u00e9t\u00e9 d\u2019habitats c\u00f4tiers et sous-marins : r\u00e9cifs frangeants et barri\u00e8res, herbiers marins et mangroves. \u00c0 eux seuls, les r\u00e9cifs couvrent pr\u00e8s de 19,4 km\u00b2 autour de l\u2019\u00eele, principalement autour de la Baie Orientale, Coralita, le Galion ou Grandes Cayes.<\/p>\n<p>La R\u00e9serve Naturelle recense plus de 1 040 esp\u00e8ces marines, dont une trentaine de coraux et plus de 500 mollusques. On y observe une diversit\u00e9 impressionnante de poissons r\u00e9cifaux, tortues marines, \u00e9toiles de mer, oursins, an\u00e9mones, et mammif\u00e8res marins \u2014 dont les dauphins, cachalots et baleines \u00e0 bosse.<\/p>\t\t\t\t\t\t\t\t<\/div>\n\t\t\t\t<\/div>\n\t\t\t\t<div class=\"elementor-element elementor-element-75f61f9 elementor-widget elementor-widget-text-editor\" data-id=\"75f61f9\" data-element_type=\"widget\" data-widget_type=\"text-editor.default\">\n\t\t\t\t<div class=\"elementor-widget-container\">\n\t\t\t\t\t\t\t\t\t<p>Ces \u00e9cosyst\u00e8mes marins de <a href=\"https:\/\/richeskarayib.com\/fr\/festival-de-la-gastronomie-de-saint-martin\/\" target=\"_blank\" rel=\"noopener\">Saint-Martin<\/a> servent de refuge, de nurserie et de zone d\u2019alimentation pour des esp\u00e8ces embl\u00e9matiques telles que la tortue verte, la tortue imbriqu\u00e9e et la tortue luth. De mars \u00e0 novembre, plusieurs plages de l\u2019\u00eele deviennent des sites de ponte cruciaux pour ces reptiles prot\u00e9g\u00e9s.<\/p>\t\t\t\t\t\t\t\t<\/div>\n\t\t\t\t<\/div>\n\t\t\t\t<section class=\"elementor-section elementor-inner-section elementor-element elementor-element-6fe95cd elementor-section-boxed elementor-section-height-default elementor-section-height-default\" data-id=\"6fe95cd\" data-element_type=\"section\">\n\t\t\t\t\t\t<div class=\"elementor-container elementor-column-gap-default\">\n\t\t\t\t\t<div class=\"elementor-column elementor-col-100 elementor-inner-column elementor-element elementor-element-d09a1bc\" data-id=\"d09a1bc\" data-element_type=\"column\">\n\t\t\t<div class=\"elementor-widget-wrap elementor-element-populated\">\n\t\t\t\t\t\t<div class=\"elementor-element elementor-element-9739cd3 elementor-widget elementor-widget-image\" data-id=\"9739cd3\" data-element_type=\"widget\" data-widget_type=\"image.default\">\n\t\t\t\t<div class=\"elementor-widget-container\">\n\t\t\t\t\t\t\t\t\t\t\t\t\t\t\t<img fetchpriority=\"high\" decoding=\"async\" width=\"800\" height=\"569\" src=\"https:\/\/richeskarayib.com\/wp-content\/uploads\/2025\/07\/copy-2031-1024x728.png\" class=\"attachment-large size-large wp-image-57036\" alt=\"\u00e9cosyst\u00e8mes marins\" srcset=\"https:\/\/richeskarayib.com\/wp-content\/uploads\/2025\/07\/copy-2031-1024x728.png 1024w, https:\/\/richeskarayib.com\/wp-content\/uploads\/2025\/07\/copy-2031-300x213.png 300w, https:\/\/richeskarayib.com\/wp-content\/uploads\/2025\/07\/copy-2031-768x546.png 768w, https:\/\/richeskarayib.com\/wp-content\/uploads\/2025\/07\/copy-2031-1320x939.png 1320w, https:\/\/richeskarayib.com\/wp-content\/uploads\/2025\/07\/copy-2031.png 1424w\" sizes=\"(max-width: 800px) 100vw, 800px\" \/>\t\t\t\t\t\t\t\t\t\t\t\t\t\t\t<\/div>\n\t\t\t\t<\/div>\n\t\t\t\t\t<\/div>\n\t\t<\/div>\n\t\t\t\t\t<\/div>\n\t\t<\/section>\n\t\t\t\t<section class=\"elementor-section elementor-inner-section elementor-element elementor-element-9db0422 elementor-section-boxed elementor-section-height-default elementor-section-height-default\" data-id=\"9db0422\" data-element_type=\"section\">\n\t\t\t\t\t\t<div class=\"elementor-container elementor-column-gap-default\">\n\t\t\t\t\t\t<\/div>\n\t\t<\/section>\n\t\t\t\t\t<\/div>\n\t\t<\/div>\n\t\t\t\t\t<\/div>\n\t\t<\/section>\n\t\t\t\t<section class=\"elementor-section elementor-top-section elementor-element elementor-element-7ca7ca1 elementor-section-boxed elementor-section-height-default elementor-section-height-default\" data-id=\"7ca7ca1\" data-element_type=\"section\">\n\t\t\t\t\t\t<div class=\"elementor-container elementor-column-gap-default\">\n\t\t\t\t\t<div class=\"elementor-column elementor-col-100 elementor-top-column elementor-element elementor-element-cbdd002\" data-id=\"cbdd002\" data-element_type=\"column\">\n\t\t\t<div class=\"elementor-widget-wrap elementor-element-populated\">\n\t\t\t\t\t\t<div class=\"elementor-element elementor-element-da17f8d elementor-widget elementor-widget-heading\" data-id=\"da17f8d\" data-element_type=\"widget\" data-widget_type=\"heading.default\">\n\t\t\t\t<div class=\"elementor-widget-container\">\n\t\t\t\t\t<h2 class=\"elementor-heading-title elementor-size-default\">R\u00e9cifs, herbiers, mangroves : des r\u00f4les \u00e9cologiques essentiels<\/h2>\t\t\t\t<\/div>\n\t\t\t\t<\/div>\n\t\t\t\t<section class=\"elementor-section elementor-inner-section elementor-element elementor-element-bc94849 elementor-section-boxed elementor-section-height-default elementor-section-height-default\" data-id=\"bc94849\" data-element_type=\"section\">\n\t\t\t\t\t\t<div class=\"elementor-container elementor-column-gap-default\">\n\t\t\t\t\t\t<\/div>\n\t\t<\/section>\n\t\t\t\t<div class=\"elementor-element elementor-element-209c746 elementor-widget elementor-widget-text-editor\" data-id=\"209c746\" data-element_type=\"widget\" data-widget_type=\"text-editor.default\">\n\t\t\t\t<div class=\"elementor-widget-container\">\n\t\t\t\t\t\t\t\t\t<p>Les r\u00e9cifs coralliens prot\u00e8gent le littoral contre l\u2019\u00e9rosion et att\u00e9nuent l\u2019impact des temp\u00eates. Ils abritent une biodiversit\u00e9 qui garantit l\u2019\u00e9quilibre des cha\u00eenes alimentaires marines. Les herbiers marins, pr\u00e9sents sur plus de 60 km\u00b2 autour de l\u2019\u00eele, et les mangroves (24,2 hectares) compl\u00e8tent ces fonctions en servant de filtres biologiques, en s\u00e9questrant le carbone, et en assurant la continuit\u00e9 \u00e9cologique entre terre et mer.<\/p>\n<p>Ces \u00e9cosyst\u00e8mes marins de Saint-Martin agissent comme un bouclier naturel face au d\u00e9r\u00e8glement climatique tout en jouant un r\u00f4le central dans la r\u00e9gulation du climat, la s\u00e9curit\u00e9 alimentaire locale et la pr\u00e9servation des esp\u00e8ces menac\u00e9es.<\/p>\t\t\t\t\t\t\t\t<\/div>\n\t\t\t\t<\/div>\n\t\t\t\t<section class=\"elementor-section elementor-inner-section elementor-element elementor-element-3bf9f4d elementor-section-boxed elementor-section-height-default elementor-section-height-default\" data-id=\"3bf9f4d\" data-element_type=\"section\">\n\t\t\t\t\t\t<div class=\"elementor-container elementor-column-gap-default\">\n\t\t\t\t\t<div class=\"elementor-column elementor-col-50 elementor-inner-column elementor-element elementor-element-af1592b\" data-id=\"af1592b\" data-element_type=\"column\">\n\t\t\t<div class=\"elementor-widget-wrap elementor-element-populated\">\n\t\t\t\t\t\t<div class=\"elementor-element elementor-element-0eba667 elementor-widget elementor-widget-image\" data-id=\"0eba667\" data-element_type=\"widget\" data-widget_type=\"image.default\">\n\t\t\t\t<div class=\"elementor-widget-container\">\n\t\t\t\t\t\t\t\t\t\t\t\t<figure class=\"wp-caption\">\n\t\t\t\t\t\t\t\t\t\t<img decoding=\"async\" width=\"684\" height=\"1024\" src=\"https:\/\/richeskarayib.com\/wp-content\/uploads\/2025\/07\/st-martin.org-1-684x1024.jpg\" class=\"attachment-large size-large wp-image-57040\" alt=\"\u00e9cosyst\u00e8mes marins\" srcset=\"https:\/\/richeskarayib.com\/wp-content\/uploads\/2025\/07\/st-martin.org-1-684x1024.jpg 684w, https:\/\/richeskarayib.com\/wp-content\/uploads\/2025\/07\/st-martin.org-1-200x300.jpg 200w, https:\/\/richeskarayib.com\/wp-content\/uploads\/2025\/07\/st-martin.org-1.jpg 721w\" sizes=\"(max-width: 684px) 100vw, 684px\" \/>\t\t\t\t\t\t\t\t\t\t\t<figcaption class=\"widget-image-caption wp-caption-text\">\u00a9st-martin.org<\/figcaption>\n\t\t\t\t\t\t\t\t\t\t<\/figure>\n\t\t\t\t\t\t\t\t\t<\/div>\n\t\t\t\t<\/div>\n\t\t\t\t\t<\/div>\n\t\t<\/div>\n\t\t\t\t<div class=\"elementor-column elementor-col-50 elementor-inner-column elementor-element elementor-element-2e9a6c0\" data-id=\"2e9a6c0\" data-element_type=\"column\">\n\t\t\t<div class=\"elementor-widget-wrap elementor-element-populated\">\n\t\t\t\t\t\t<div class=\"elementor-element elementor-element-6bdaf0d elementor-widget elementor-widget-image\" data-id=\"6bdaf0d\" data-element_type=\"widget\" data-widget_type=\"image.default\">\n\t\t\t\t<div class=\"elementor-widget-container\">\n\t\t\t\t\t\t\t\t\t\t\t\t<figure class=\"wp-caption\">\n\t\t\t\t\t\t\t\t\t\t<img decoding=\"async\" width=\"800\" height=\"449\" src=\"https:\/\/richeskarayib.com\/wp-content\/uploads\/2025\/07\/st-martin.org-mangrove-1024x575.jpg\" class=\"attachment-large size-large wp-image-57044\" alt=\"\u00e9cosyst\u00e8mes marins\" srcset=\"https:\/\/richeskarayib.com\/wp-content\/uploads\/2025\/07\/st-martin.org-mangrove-1024x575.jpg 1024w, https:\/\/richeskarayib.com\/wp-content\/uploads\/2025\/07\/st-martin.org-mangrove-300x168.jpg 300w, https:\/\/richeskarayib.com\/wp-content\/uploads\/2025\/07\/st-martin.org-mangrove-768x431.jpg 768w, https:\/\/richeskarayib.com\/wp-content\/uploads\/2025\/07\/st-martin.org-mangrove-1536x862.jpg 1536w, https:\/\/richeskarayib.com\/wp-content\/uploads\/2025\/07\/st-martin.org-mangrove-1320x741.jpg 1320w, https:\/\/richeskarayib.com\/wp-content\/uploads\/2025\/07\/st-martin.org-mangrove.jpg 1920w\" sizes=\"(max-width: 800px) 100vw, 800px\" \/>\t\t\t\t\t\t\t\t\t\t\t<figcaption class=\"widget-image-caption wp-caption-text\">\u00a9st-martin.org<\/figcaption>\n\t\t\t\t\t\t\t\t\t\t<\/figure>\n\t\t\t\t\t\t\t\t\t<\/div>\n\t\t\t\t<\/div>\n\t\t\t\t<div class=\"elementor-element elementor-element-48b11f7 elementor-widget elementor-widget-image\" data-id=\"48b11f7\" data-element_type=\"widget\" data-widget_type=\"image.default\">\n\t\t\t\t<div class=\"elementor-widget-container\">\n\t\t\t\t\t\t\t\t\t\t\t\t<figure class=\"wp-caption\">\n\t\t\t\t\t\t\t\t\t\t<img loading=\"lazy\" decoding=\"async\" width=\"800\" height=\"539\" src=\"https:\/\/richeskarayib.com\/wp-content\/uploads\/2025\/07\/st-martin.org-mangrove-2-1024x690.jpg\" class=\"attachment-large size-large wp-image-57053\" alt=\"\u00e9cosyst\u00e8mes marins\" srcset=\"https:\/\/richeskarayib.com\/wp-content\/uploads\/2025\/07\/st-martin.org-mangrove-2-1024x690.jpg 1024w, https:\/\/richeskarayib.com\/wp-content\/uploads\/2025\/07\/st-martin.org-mangrove-2-300x202.jpg 300w, https:\/\/richeskarayib.com\/wp-content\/uploads\/2025\/07\/st-martin.org-mangrove-2-768x518.jpg 768w, https:\/\/richeskarayib.com\/wp-content\/uploads\/2025\/07\/st-martin.org-mangrove-2.jpg 1320w\" sizes=\"(max-width: 800px) 100vw, 800px\" \/>\t\t\t\t\t\t\t\t\t\t\t<figcaption class=\"widget-image-caption wp-caption-text\">\u00a9st-martin.org<\/figcaption>\n\t\t\t\t\t\t\t\t\t\t<\/figure>\n\t\t\t\t\t\t\t\t\t<\/div>\n\t\t\t\t<\/div>\n\t\t\t\t\t<\/div>\n\t\t<\/div>\n\t\t\t\t\t<\/div>\n\t\t<\/section>\n\t\t\t\t<section class=\"elementor-section elementor-inner-section elementor-element elementor-element-61571e6 elementor-section-boxed elementor-section-height-default elementor-section-height-default\" data-id=\"61571e6\" data-element_type=\"section\">\n\t\t\t\t\t\t<div class=\"elementor-container elementor-column-gap-default\">\n\t\t\t\t\t\t<\/div>\n\t\t<\/section>\n\t\t\t\t<section class=\"elementor-section elementor-inner-section elementor-element elementor-element-b6262e0 elementor-section-boxed elementor-section-height-default elementor-section-height-default\" data-id=\"b6262e0\" data-element_type=\"section\">\n\t\t\t\t\t\t<div class=\"elementor-container elementor-column-gap-default\">\n\t\t\t\t\t\t<\/div>\n\t\t<\/section>\n\t\t\t\t<section class=\"elementor-section elementor-inner-section elementor-element elementor-element-cca29fd elementor-section-boxed elementor-section-height-default elementor-section-height-default\" data-id=\"cca29fd\" data-element_type=\"section\">\n\t\t\t\t\t\t<div class=\"elementor-container elementor-column-gap-default\">\n\t\t\t\t\t\t<\/div>\n\t\t<\/section>\n\t\t\t\t\t<\/div>\n\t\t<\/div>\n\t\t\t\t\t<\/div>\n\t\t<\/section>\n\t\t\t\t<section class=\"elementor-section elementor-top-section elementor-element elementor-element-0db9090 elementor-section-boxed elementor-section-height-default elementor-section-height-default\" data-id=\"0db9090\" data-element_type=\"section\">\n\t\t\t\t\t\t<div class=\"elementor-container elementor-column-gap-default\">\n\t\t\t\t\t<div class=\"elementor-column elementor-col-100 elementor-top-column elementor-element elementor-element-2296183\" data-id=\"2296183\" data-element_type=\"column\">\n\t\t\t<div class=\"elementor-widget-wrap elementor-element-populated\">\n\t\t\t\t\t\t<div class=\"elementor-element elementor-element-9576154 elementor-widget elementor-widget-heading\" data-id=\"9576154\" data-element_type=\"widget\" data-widget_type=\"heading.default\">\n\t\t\t\t<div class=\"elementor-widget-container\">\n\t\t\t\t\t<h2 class=\"elementor-heading-title elementor-size-default\">Un levier \u00e9conomique majeur<\/h2>\t\t\t\t<\/div>\n\t\t\t\t<\/div>\n\t\t\t\t<div class=\"elementor-element elementor-element-500981c elementor-widget elementor-widget-text-editor\" data-id=\"500981c\" data-element_type=\"widget\" data-widget_type=\"text-editor.default\">\n\t\t\t\t<div class=\"elementor-widget-container\">\n\t\t\t\t\t\t\t\t\t<p>Les \u00e9cosyst\u00e8mes marins de <a href=\"https:\/\/biodiversite-outre-mer.fr\/territoires\/saint-martin\" target=\"_blank\" rel=\"noopener nofollow\">Saint-Martin<\/a> g\u00e9n\u00e8rent une valeur \u00e9conomique estim\u00e9e \u00e0 26 millions d\u2019euros par an. La protection c\u00f4ti\u00e8re, \u00e0 elle seule, repr\u00e9sente 6 millions d\u2019\u00e9conomies potentielles, tandis que les activit\u00e9s nautiques et de plong\u00e9e contribuent \u00e0 hauteur de 20 millions \u00e0 l\u2019\u00e9conomie locale.<\/p>\n<p>Pr\u00e8s de 2 600 emplois et plus de 400 entreprises d\u00e9pendent directement ou indirectement de ces milieux naturels. Le tourisme \u201cbleu\u201d \u2014 plong\u00e9e, snorkeling, excursions marines \u2014 attire jusqu\u2019\u00e0 80 % des visiteurs. Avec une visibilit\u00e9 sous-marine pouvant atteindre 30 m\u00e8tres, les eaux saint-martinoises figurent parmi les plus propices \u00e0 la d\u00e9couverte \u00e9cologique en Cara\u00efbe.<\/p>\t\t\t\t\t\t\t\t<\/div>\n\t\t\t\t<\/div>\n\t\t\t\t<div class=\"elementor-element elementor-element-3584383 elementor-widget elementor-widget-text-editor\" data-id=\"3584383\" data-element_type=\"widget\" data-widget_type=\"text-editor.default\">\n\t\t\t\t<div class=\"elementor-widget-container\">\n\t\t\t\t\t\t\t\t\t<p>Des projets innovants comme le parc de sculptures sous-marines \u201cUnder SXM\u201d \u00e0 Little Bay permettent de cr\u00e9er des r\u00e9cifs artificiels tout en diversifiant l\u2019offre touristique et en d\u00e9congestionnant les sites naturels les plus sensibles. Ce type d\u2019initiative valorise pleinement les \u00e9cosyst\u00e8mes marins de Saint-Martin tout en les prot\u00e9geant.<\/p>\t\t\t\t\t\t\t\t<\/div>\n\t\t\t\t<\/div>\n\t\t\t\t<div class=\"elementor-element elementor-element-9a28c2c elementor-widget elementor-widget-image\" data-id=\"9a28c2c\" data-element_type=\"widget\" data-widget_type=\"image.default\">\n\t\t\t\t<div class=\"elementor-widget-container\">\n\t\t\t\t\t\t\t\t\t\t\t\t<figure class=\"wp-caption\">\n\t\t\t\t\t\t\t\t\t\t<img loading=\"lazy\" decoding=\"async\" width=\"800\" height=\"600\" src=\"https:\/\/richeskarayib.com\/wp-content\/uploads\/2025\/07\/st-martin.org_.jpg\" class=\"attachment-large size-large wp-image-57048\" alt=\"\u00e9cosyst\u00e8mes marins\" srcset=\"https:\/\/richeskarayib.com\/wp-content\/uploads\/2025\/07\/st-martin.org_.jpg 926w, https:\/\/richeskarayib.com\/wp-content\/uploads\/2025\/07\/st-martin.org_-300x225.jpg 300w, https:\/\/richeskarayib.com\/wp-content\/uploads\/2025\/07\/st-martin.org_-768x576.jpg 768w\" sizes=\"(max-width: 800px) 100vw, 800px\" \/>\t\t\t\t\t\t\t\t\t\t\t<figcaption class=\"widget-image-caption wp-caption-text\">\u00a9st-martin.org<\/figcaption>\n\t\t\t\t\t\t\t\t\t\t<\/figure>\n\t\t\t\t\t\t\t\t\t<\/div>\n\t\t\t\t<\/div>\n\t\t\t\t\t<\/div>\n\t\t<\/div>\n\t\t\t\t\t<\/div>\n\t\t<\/section>\n\t\t\t\t<section class=\"elementor-section elementor-top-section elementor-element elementor-element-7b2ef92 elementor-section-boxed elementor-section-height-default elementor-section-height-default\" data-id=\"7b2ef92\" data-element_type=\"section\">\n\t\t\t\t\t\t<div class=\"elementor-container elementor-column-gap-default\">\n\t\t\t\t\t<div class=\"elementor-column elementor-col-100 elementor-top-column elementor-element elementor-element-e8712b4\" data-id=\"e8712b4\" data-element_type=\"column\">\n\t\t\t<div class=\"elementor-widget-wrap elementor-element-populated\">\n\t\t\t\t\t\t<div class=\"elementor-element elementor-element-37e0414 elementor-widget elementor-widget-heading\" data-id=\"37e0414\" data-element_type=\"widget\" data-widget_type=\"heading.default\">\n\t\t\t\t<div class=\"elementor-widget-container\">\n\t\t\t\t\t<h2 class=\"elementor-heading-title elementor-size-default\">Une d\u00e9gradation inqui\u00e9tante<\/h2>\t\t\t\t<\/div>\n\t\t\t\t<\/div>\n\t\t\t\t<div class=\"elementor-element elementor-element-fa5cc24 elementor-widget elementor-widget-text-editor\" data-id=\"fa5cc24\" data-element_type=\"widget\" data-widget_type=\"text-editor.default\">\n\t\t\t\t<div class=\"elementor-widget-container\">\n\t\t\t\t\t\t\t\t\t<p>Mais ce tr\u00e9sor \u00e9cologique est en p\u00e9ril. Selon l\u2019Ifrecor, seuls 20 % des r\u00e9cifs coralliens de Saint-Martin sont dans un \u00e9tat \u201cbon\u201d. Aucun n\u2019est consid\u00e9r\u00e9 en \u201cexcellent \u00e9tat\u201d. Les autres pr\u00e9sentent des signes de d\u00e9gradation avanc\u00e9e, en lien direct avec l\u2019urbanisation, les am\u00e9nagements portuaires, et la pollution issue des eaux us\u00e9es non trait\u00e9es.<\/p>\n<p>Les s\u00e9diments issus du ruissellement urbain ou agricole asphyxient les coraux. Les produits chimiques favorisent les algues invasives au d\u00e9triment des esp\u00e8ces constructrices. La surexploitation des ressources marines accentue encore la pression sur des \u00e9cosyst\u00e8mes marins de Saint-Martin d\u00e9j\u00e0 fragilis\u00e9s.<\/p>\t\t\t\t\t\t\t\t<\/div>\n\t\t\t\t<\/div>\n\t\t\t\t<div class=\"elementor-element elementor-element-d481577 elementor-widget elementor-widget-text-editor\" data-id=\"d481577\" data-element_type=\"widget\" data-widget_type=\"text-editor.default\">\n\t\t\t\t<div class=\"elementor-widget-container\">\n\t\t\t\t\t\t\t\t\t<p>Le blanchissement corallien de 2023, d\u00fb \u00e0 une temp\u00e9rature de l\u2019eau d\u00e9passant les 30\u00b0C, a touch\u00e9 l\u2019ensemble de la r\u00e9serve naturelle. Malgr\u00e9 cela, certains coraux ont montr\u00e9 une capacit\u00e9 de r\u00e9silience encourageante. Cette dynamique positive reste cependant fragile.<\/p>\t\t\t\t\t\t\t\t<\/div>\n\t\t\t\t<\/div>\n\t\t\t\t\t<\/div>\n\t\t<\/div>\n\t\t\t\t\t<\/div>\n\t\t<\/section>\n\t\t\t\t<section class=\"elementor-section elementor-top-section elementor-element elementor-element-e011a0f elementor-section-boxed elementor-section-height-default elementor-section-height-default\" data-id=\"e011a0f\" data-element_type=\"section\">\n\t\t\t\t\t\t<div class=\"elementor-container elementor-column-gap-default\">\n\t\t\t\t\t<div class=\"elementor-column elementor-col-100 elementor-top-column elementor-element elementor-element-91c6ea5\" data-id=\"91c6ea5\" data-element_type=\"column\">\n\t\t\t<div class=\"elementor-widget-wrap elementor-element-populated\">\n\t\t\t\t\t\t<div class=\"elementor-element elementor-element-3193622 elementor-widget elementor-widget-heading\" data-id=\"3193622\" data-element_type=\"widget\" data-widget_type=\"heading.default\">\n\t\t\t\t<div class=\"elementor-widget-container\">\n\t\t\t\t\t<h2 class=\"elementor-heading-title elementor-size-default\">R\u00e9serve naturelle et strat\u00e9gies de protection<\/h2>\t\t\t\t<\/div>\n\t\t\t\t<\/div>\n\t\t\t\t<div class=\"elementor-element elementor-element-d6b77ee elementor-widget elementor-widget-text-editor\" data-id=\"d6b77ee\" data-element_type=\"widget\" data-widget_type=\"text-editor.default\">\n\t\t\t\t<div class=\"elementor-widget-container\">\n\t\t\t\t\t\t\t\t\t<p>Cr\u00e9\u00e9e en 1998, la <a href=\"https:\/\/reserves-naturelles.org\/reserves\/saint-martin\/\" target=\"_blank\" rel=\"noopener nofollow\">R\u00e9serve Naturelle Nationale de Saint-Martin<\/a> couvre plus de 3 000 hectares, dont 2 796 hectares marins. Elle constitue le principal outil de conservation, prot\u00e9geant r\u00e9cifs, mangroves, herbiers, \u00e9tangs et for\u00eats littorales. Cette aire prot\u00e9g\u00e9e abrite \u00e0 elle seule pr\u00e8s de 2 000 esp\u00e8ces r\u00e9parties en 44 groupes taxonomiques.<\/p>\n<p>Un plan de gestion quinquennal encadre les actions \u00e0 mener pour pr\u00e9server les \u00e9cosyst\u00e8mes marins de Saint-Martin : restauration des habitats, contr\u00f4le des usages, sensibilisation des usagers, suivi scientifique et coop\u00e9ration r\u00e9gionale.<\/p>\t\t\t\t\t\t\t\t<\/div>\n\t\t\t\t<\/div>\n\t\t\t\t<div class=\"elementor-element elementor-element-e010fca elementor-widget elementor-widget-text-editor\" data-id=\"e010fca\" data-element_type=\"widget\" data-widget_type=\"text-editor.default\">\n\t\t\t\t<div class=\"elementor-widget-container\">\n\t\t\t\t\t\t\t\t\t<p>Les mammif\u00e8res marins b\u00e9n\u00e9ficient du sanctuaire Agoa, qui couvre l\u2019ensemble de la zone \u00e9conomique exclusive des Antilles fran\u00e7aises, tandis que les tortues font l\u2019objet de plans d\u2019action coordonn\u00e9s avec des r\u00e9seaux d\u2019\u00e9co-volontaires qui surveillent les sites de ponte.<\/p>\t\t\t\t\t\t\t\t<\/div>\n\t\t\t\t<\/div>\n\t\t\t\t<section class=\"elementor-section elementor-inner-section elementor-element elementor-element-9ca61fd elementor-section-boxed elementor-section-height-default elementor-section-height-default\" data-id=\"9ca61fd\" data-element_type=\"section\">\n\t\t\t\t\t\t<div class=\"elementor-container elementor-column-gap-default\">\n\t\t\t\t\t<div class=\"elementor-column elementor-col-50 elementor-inner-column elementor-element elementor-element-33c066f\" data-id=\"33c066f\" data-element_type=\"column\">\n\t\t\t<div class=\"elementor-widget-wrap elementor-element-populated\">\n\t\t\t\t\t\t<div class=\"elementor-element elementor-element-b74f963 elementor-widget elementor-widget-image\" data-id=\"b74f963\" data-element_type=\"widget\" data-widget_type=\"image.default\">\n\t\t\t\t<div class=\"elementor-widget-container\">\n\t\t\t\t\t\t\t\t\t\t\t\t<figure class=\"wp-caption\">\n\t\t\t\t\t\t\t\t\t\t<img loading=\"lazy\" decoding=\"async\" width=\"800\" height=\"533\" src=\"https:\/\/richeskarayib.com\/wp-content\/uploads\/2025\/07\/Reserve-Naturelle-Nationale-de-Saint-Martin-1.jpg\" class=\"attachment-large size-large wp-image-57058\" alt=\"\u00e9cosyst\u00e8mes marins\" srcset=\"https:\/\/richeskarayib.com\/wp-content\/uploads\/2025\/07\/Reserve-Naturelle-Nationale-de-Saint-Martin-1.jpg 800w, https:\/\/richeskarayib.com\/wp-content\/uploads\/2025\/07\/Reserve-Naturelle-Nationale-de-Saint-Martin-1-300x200.jpg 300w, https:\/\/richeskarayib.com\/wp-content\/uploads\/2025\/07\/Reserve-Naturelle-Nationale-de-Saint-Martin-1-768x512.jpg 768w\" sizes=\"(max-width: 800px) 100vw, 800px\" \/>\t\t\t\t\t\t\t\t\t\t\t<figcaption class=\"widget-image-caption wp-caption-text\">\u00a9R\u00e9serve Naturelle Nationale de Saint-Martin<\/figcaption>\n\t\t\t\t\t\t\t\t\t\t<\/figure>\n\t\t\t\t\t\t\t\t\t<\/div>\n\t\t\t\t<\/div>\n\t\t\t\t\t<\/div>\n\t\t<\/div>\n\t\t\t\t<div class=\"elementor-column elementor-col-50 elementor-inner-column elementor-element elementor-element-cb51780\" data-id=\"cb51780\" data-element_type=\"column\">\n\t\t\t<div class=\"elementor-widget-wrap elementor-element-populated\">\n\t\t\t\t\t\t<div class=\"elementor-element elementor-element-7717910 elementor-widget elementor-widget-image\" data-id=\"7717910\" data-element_type=\"widget\" data-widget_type=\"image.default\">\n\t\t\t\t<div class=\"elementor-widget-container\">\n\t\t\t\t\t\t\t\t\t\t\t\t<figure class=\"wp-caption\">\n\t\t\t\t\t\t\t\t\t\t<img loading=\"lazy\" decoding=\"async\" width=\"800\" height=\"533\" src=\"https:\/\/richeskarayib.com\/wp-content\/uploads\/2025\/07\/Reserve-Naturelle-Nationale-de-Saint-Martin-2.jpg\" class=\"attachment-large size-large wp-image-57062\" alt=\"\u00e9cosyst\u00e8mes marins\" srcset=\"https:\/\/richeskarayib.com\/wp-content\/uploads\/2025\/07\/Reserve-Naturelle-Nationale-de-Saint-Martin-2.jpg 800w, https:\/\/richeskarayib.com\/wp-content\/uploads\/2025\/07\/Reserve-Naturelle-Nationale-de-Saint-Martin-2-300x200.jpg 300w, https:\/\/richeskarayib.com\/wp-content\/uploads\/2025\/07\/Reserve-Naturelle-Nationale-de-Saint-Martin-2-768x512.jpg 768w\" sizes=\"(max-width: 800px) 100vw, 800px\" \/>\t\t\t\t\t\t\t\t\t\t\t<figcaption class=\"widget-image-caption wp-caption-text\">\u00a9R\u00e9serve Naturelle Nationale de Saint-Martin<\/figcaption>\n\t\t\t\t\t\t\t\t\t\t<\/figure>\n\t\t\t\t\t\t\t\t\t<\/div>\n\t\t\t\t<\/div>\n\t\t\t\t\t<\/div>\n\t\t<\/div>\n\t\t\t\t\t<\/div>\n\t\t<\/section>\n\t\t\t\t<section class=\"elementor-section elementor-inner-section elementor-element elementor-element-1982b7d elementor-section-boxed elementor-section-height-default elementor-section-height-default\" data-id=\"1982b7d\" data-element_type=\"section\">\n\t\t\t\t\t\t<div class=\"elementor-container elementor-column-gap-default\">\n\t\t\t\t\t<div class=\"elementor-column elementor-col-50 elementor-inner-column elementor-element elementor-element-e06c46d\" data-id=\"e06c46d\" data-element_type=\"column\">\n\t\t\t<div class=\"elementor-widget-wrap elementor-element-populated\">\n\t\t\t\t\t\t<div class=\"elementor-element elementor-element-9bb9f4e elementor-widget elementor-widget-image\" data-id=\"9bb9f4e\" data-element_type=\"widget\" data-widget_type=\"image.default\">\n\t\t\t\t<div class=\"elementor-widget-container\">\n\t\t\t\t\t\t\t\t\t\t\t\t<figure class=\"wp-caption\">\n\t\t\t\t\t\t\t\t\t\t<img loading=\"lazy\" decoding=\"async\" width=\"800\" height=\"533\" src=\"https:\/\/richeskarayib.com\/wp-content\/uploads\/2025\/07\/Reserve-Naturelle-Nationale-de-Saint-Martin.jpg\" class=\"attachment-large size-large wp-image-57066\" alt=\"\u00e9cosyst\u00e8mes marins\" srcset=\"https:\/\/richeskarayib.com\/wp-content\/uploads\/2025\/07\/Reserve-Naturelle-Nationale-de-Saint-Martin.jpg 800w, https:\/\/richeskarayib.com\/wp-content\/uploads\/2025\/07\/Reserve-Naturelle-Nationale-de-Saint-Martin-300x200.jpg 300w, https:\/\/richeskarayib.com\/wp-content\/uploads\/2025\/07\/Reserve-Naturelle-Nationale-de-Saint-Martin-768x512.jpg 768w\" sizes=\"(max-width: 800px) 100vw, 800px\" \/>\t\t\t\t\t\t\t\t\t\t\t<figcaption class=\"widget-image-caption wp-caption-text\">\u00a9R\u00e9serve Naturelle Nationale de Saint-Martin<\/figcaption>\n\t\t\t\t\t\t\t\t\t\t<\/figure>\n\t\t\t\t\t\t\t\t\t<\/div>\n\t\t\t\t<\/div>\n\t\t\t\t\t<\/div>\n\t\t<\/div>\n\t\t\t\t<div class=\"elementor-column elementor-col-50 elementor-inner-column elementor-element elementor-element-aa687c9\" data-id=\"aa687c9\" data-element_type=\"column\">\n\t\t\t<div class=\"elementor-widget-wrap elementor-element-populated\">\n\t\t\t\t\t\t<div class=\"elementor-element elementor-element-e44b45a elementor-widget elementor-widget-image\" data-id=\"e44b45a\" data-element_type=\"widget\" data-widget_type=\"image.default\">\n\t\t\t\t<div class=\"elementor-widget-container\">\n\t\t\t\t\t\t\t\t\t\t\t\t<figure class=\"wp-caption\">\n\t\t\t\t\t\t\t\t\t\t<img loading=\"lazy\" decoding=\"async\" width=\"800\" height=\"533\" src=\"https:\/\/richeskarayib.com\/wp-content\/uploads\/2025\/07\/Reserve-Naturelle-Nationale-de-Saint-Martin3.jpg\" class=\"attachment-large size-large wp-image-57070\" alt=\"\u00e9cosyst\u00e8mes marins\" srcset=\"https:\/\/richeskarayib.com\/wp-content\/uploads\/2025\/07\/Reserve-Naturelle-Nationale-de-Saint-Martin3.jpg 800w, https:\/\/richeskarayib.com\/wp-content\/uploads\/2025\/07\/Reserve-Naturelle-Nationale-de-Saint-Martin3-300x200.jpg 300w, https:\/\/richeskarayib.com\/wp-content\/uploads\/2025\/07\/Reserve-Naturelle-Nationale-de-Saint-Martin3-768x512.jpg 768w\" sizes=\"(max-width: 800px) 100vw, 800px\" \/>\t\t\t\t\t\t\t\t\t\t\t<figcaption class=\"widget-image-caption wp-caption-text\">\u00a9R\u00e9serve Naturelle Nationale de Saint-Martin<\/figcaption>\n\t\t\t\t\t\t\t\t\t\t<\/figure>\n\t\t\t\t\t\t\t\t\t<\/div>\n\t\t\t\t<\/div>\n\t\t\t\t\t<\/div>\n\t\t<\/div>\n\t\t\t\t\t<\/div>\n\t\t<\/section>\n\t\t\t\t\t<\/div>\n\t\t<\/div>\n\t\t\t\t\t<\/div>\n\t\t<\/section>\n\t\t\t\t<section class=\"elementor-section elementor-top-section elementor-element elementor-element-4869fa3 elementor-section-boxed elementor-section-height-default elementor-section-height-default\" data-id=\"4869fa3\" data-element_type=\"section\">\n\t\t\t\t\t\t<div class=\"elementor-container elementor-column-gap-default\">\n\t\t\t\t\t<div class=\"elementor-column elementor-col-100 elementor-top-column elementor-element elementor-element-84b8c3a\" data-id=\"84b8c3a\" data-element_type=\"column\">\n\t\t\t<div class=\"elementor-widget-wrap elementor-element-populated\">\n\t\t\t\t\t\t<div class=\"elementor-element elementor-element-1d84c39 elementor-widget elementor-widget-heading\" data-id=\"1d84c39\" data-element_type=\"widget\" data-widget_type=\"heading.default\">\n\t\t\t\t<div class=\"elementor-widget-container\">\n\t\t\t\t\t<h2 class=\"elementor-heading-title elementor-size-default\">Tourisme durable et restauration \u00e9cologique<\/h2>\t\t\t\t<\/div>\n\t\t\t\t<\/div>\n\t\t\t\t<div class=\"elementor-element elementor-element-8bd7592 elementor-widget elementor-widget-text-editor\" data-id=\"8bd7592\" data-element_type=\"widget\" data-widget_type=\"text-editor.default\">\n\t\t\t\t<div class=\"elementor-widget-container\">\n\t\t\t\t\t\t\t\t\t<p>La R\u00e9serve naturelle d\u00e9veloppe une strat\u00e9gie de mouillage \u00e9cologique, avec bou\u00e9es d\u2019amarrage et outils num\u00e9riques pour limiter les ancrages destructeurs. Les centres de plong\u00e9e sont \u00e9galement form\u00e9s \u00e0 des pratiques \u00e9coresponsables, contribuant ainsi \u00e0 prot\u00e9ger les \u00e9cosyst\u00e8mes marins de Saint-Martin tout en maintenant une activit\u00e9 touristique qualitative.<\/p>\n<p>Des programmes de restauration des r\u00e9cifs incluent la cr\u00e9ation de p\u00e9pini\u00e8res de coraux et des transplantations cibl\u00e9es. La recherche sur la r\u00e9sistance thermique des coraux ouvre de nouvelles perspectives pour renforcer la r\u00e9silience des \u00e9cosyst\u00e8mes marins de Saint-Martin face au changement climatique.<\/p>\t\t\t\t\t\t\t\t<\/div>\n\t\t\t\t<\/div>\n\t\t\t\t\t<\/div>\n\t\t<\/div>\n\t\t\t\t\t<\/div>\n\t\t<\/section>\n\t\t\t\t<section class=\"elementor-section elementor-top-section elementor-element elementor-element-785e02e elementor-section-boxed elementor-section-height-default elementor-section-height-default\" data-id=\"785e02e\" data-element_type=\"section\">\n\t\t\t\t\t\t<div class=\"elementor-container elementor-column-gap-default\">\n\t\t\t\t\t<div class=\"elementor-column elementor-col-100 elementor-top-column elementor-element elementor-element-861678f\" data-id=\"861678f\" data-element_type=\"column\">\n\t\t\t<div class=\"elementor-widget-wrap elementor-element-populated\">\n\t\t\t\t\t\t<div class=\"elementor-element elementor-element-89105ba elementor-widget elementor-widget-heading\" data-id=\"89105ba\" data-element_type=\"widget\" data-widget_type=\"heading.default\">\n\t\t\t\t<div class=\"elementor-widget-container\">\n\t\t\t\t\t<h2 class=\"elementor-heading-title elementor-size-default\">Vers une \u00e9conomie bleue durable<\/h2>\t\t\t\t<\/div>\n\t\t\t\t<\/div>\n\t\t\t\t<div class=\"elementor-element elementor-element-7778ba6 elementor-widget elementor-widget-text-editor\" data-id=\"7778ba6\" data-element_type=\"widget\" data-widget_type=\"text-editor.default\">\n\t\t\t\t<div class=\"elementor-widget-container\">\n\t\t\t\t\t\t\t\t\t<p>L\u2019avenir de <a href=\"https:\/\/richeskarayib.com\/fr\/air-caraibes-liaison-paris-saint-martin\/\" target=\"_blank\" rel=\"noopener\">Saint-Martin<\/a> passe par un d\u00e9veloppement \u00e9quilibr\u00e9 de son \u00e9conomie bleue, en valorisant les services \u00e9cosyst\u00e9miques comme la protection c\u00f4ti\u00e8re, la s\u00e9questration du carbone ou l\u2019attractivit\u00e9 touristique. Des dispositifs de paiement pour services environnementaux pourraient fournir de nouvelles sources de financement pour la pr\u00e9servation.<\/p>\n<p>La participation de Saint-Martin aux r\u00e9seaux r\u00e9gionaux comme le projet CAMAC permet aussi de mutualiser les connaissances et les bonnes pratiques, renfor\u00e7ant ainsi la protection des \u00e9cosyst\u00e8mes marins de Saint-Martin \u00e0 l\u2019\u00e9chelle carib\u00e9enne.<\/p>\t\t\t\t\t\t\t\t<\/div>\n\t\t\t\t<\/div>\n\t\t\t\t\t<\/div>\n\t\t<\/div>\n\t\t\t\t\t<\/div>\n\t\t<\/section>\n\t\t\t\t<\/div>\n\t\t","protected":false},"excerpt":{"rendered":"<p>Au nord des Petites Antilles, l\u2019\u00eele de Saint-Martin abrite des \u00e9cosyst\u00e8mes marins d\u2019une richesse remarquable. R\u00e9cifs coralliens, herbiers, mangroves, tortues et mammif\u00e8res marins cohabitent dans un environnement aussi fragile qu\u2019essentiel pour le territoire. Une biodiversit\u00e9 exceptionnelle sous pression Les \u00e9cosyst\u00e8mes marins de Saint-Martin forment un patrimoine naturel d\u2019une rare complexit\u00e9. L\u2019\u00eele, divis\u00e9e entre la France [&hellip;]<\/p>\n","protected":false},"author":662,"featured_media":57028,"comment_status":"open","ping_status":"open","sticky":false,"template":"","format":"standard","meta":{"_acf_changed":false,"footnotes":""},"categories":[1732],"tags":[1616],"class_list":["post-57026","post","type-post","status-publish","format-standard","has-post-thumbnail","hentry","category-tourisme","tag-saint-martin-fr"],"acf":[],"_links":{"self":[{"href":"https:\/\/richeskarayib.com\/fr\/wp-json\/wp\/v2\/posts\/57026","targetHints":{"allow":["GET"]}}],"collection":[{"href":"https:\/\/richeskarayib.com\/fr\/wp-json\/wp\/v2\/posts"}],"about":[{"href":"https:\/\/richeskarayib.com\/fr\/wp-json\/wp\/v2\/types\/post"}],"author":[{"embeddable":true,"href":"https:\/\/richeskarayib.com\/fr\/wp-json\/wp\/v2\/users\/662"}],"replies":[{"embeddable":true,"href":"https:\/\/richeskarayib.com\/fr\/wp-json\/wp\/v2\/comments?post=57026"}],"version-history":[{"count":0,"href":"https:\/\/richeskarayib.com\/fr\/wp-json\/wp\/v2\/posts\/57026\/revisions"}],"wp:featuredmedia":[{"embeddable":true,"href":"https:\/\/richeskarayib.com\/fr\/wp-json\/wp\/v2\/media\/57028"}],"wp:attachment":[{"href":"https:\/\/richeskarayib.com\/fr\/wp-json\/wp\/v2\/media?parent=57026"}],"wp:term":[{"taxonomy":"category","embeddable":true,"href":"https:\/\/richeskarayib.com\/fr\/wp-json\/wp\/v2\/categories?post=57026"},{"taxonomy":"post_tag","embeddable":true,"href":"https:\/\/richeskarayib.com\/fr\/wp-json\/wp\/v2\/tags?post=57026"}],"curies":[{"name":"wp","href":"https:\/\/api.w.org\/{rel}","templated":true}]}}