{"id":57092,"date":"2025-07-15T12:33:10","date_gmt":"2025-07-15T16:33:10","guid":{"rendered":"https:\/\/richeskarayib.com\/?p=57092"},"modified":"2025-07-16T02:57:11","modified_gmt":"2025-07-16T06:57:11","slug":"thomas-alexandre-dumas-general-noir-dhaiti","status":"publish","type":"post","link":"https:\/\/richeskarayib.com\/fr\/thomas-alexandre-dumas-general-noir-dhaiti\/","title":{"rendered":"Thomas Alexandre Dumas : le G\u00e9n\u00e9ral noir d\u2019Ha\u00efti au c\u0153ur de la R\u00e9volution fran\u00e7aise."},"content":{"rendered":"\t\t<div data-elementor-type=\"wp-post\" data-elementor-id=\"57092\" class=\"elementor elementor-57092\" data-elementor-post-type=\"post\">\n\t\t\t\t\t\t<section class=\"elementor-section elementor-top-section elementor-element elementor-element-3756bbb elementor-section-boxed elementor-section-height-default elementor-section-height-default\" data-id=\"3756bbb\" data-element_type=\"section\">\n\t\t\t\t\t\t<div class=\"elementor-container elementor-column-gap-default\">\n\t\t\t\t\t<div class=\"elementor-column elementor-col-100 elementor-top-column elementor-element elementor-element-df79712\" data-id=\"df79712\" data-element_type=\"column\">\n\t\t\t<div class=\"elementor-widget-wrap elementor-element-populated\">\n\t\t\t\t\t\t<section class=\"elementor-section elementor-inner-section elementor-element elementor-element-756e7fb elementor-section-boxed elementor-section-height-default elementor-section-height-default\" data-id=\"756e7fb\" data-element_type=\"section\">\n\t\t\t\t\t\t<div class=\"elementor-container elementor-column-gap-default\">\n\t\t\t\t\t<div class=\"elementor-column elementor-col-100 elementor-inner-column elementor-element elementor-element-dd1326d\" data-id=\"dd1326d\" data-element_type=\"column\">\n\t\t\t<div class=\"elementor-widget-wrap elementor-element-populated\">\n\t\t\t\t\t\t<div class=\"elementor-element elementor-element-81e63b5 elementor-widget elementor-widget-text-editor\" data-id=\"81e63b5\" data-element_type=\"widget\" data-widget_type=\"text-editor.default\">\n\t\t\t\t<div class=\"elementor-widget-container\">\n\t\t\t\t\t\t\t\t\t<p><a href=\"https:\/\/essentiels.bnf.fr\/fr\/image\/2824bd51-cbb4-49bc-9587-0f4dc767be2f-thomas-alexandre-davy-la-pailleterie-general-dumas\" target=\"_blank\" rel=\"noopener nofollow\">Thomas Alexandre Dumas<\/a> est sans doute l\u2019un des grands oubli\u00e9s de l\u2019histoire franco-ha\u00eftienne. N\u00e9 esclave en 1762 \u00e0 J\u00e9r\u00e9mie, dans la colonie de Saint-Domingue (actuelle Ha\u00efti), il est devenu le premier g\u00e9n\u00e9ral noir de l\u2019arm\u00e9e fran\u00e7aise, et le p\u00e8re du c\u00e9l\u00e8bre \u00e9crivain Alexandre Dumas. Son parcours, exceptionnel \u00e0 tous \u00e9gards, incarne \u00e0 la fois les id\u00e9aux r\u00e9volutionnaires fran\u00e7ais et l\u2019apport fondamental d\u2019Ha\u00efti \u00e0 l\u2019histoire universelle.<\/p>\t\t\t\t\t\t\t\t<\/div>\n\t\t\t\t<\/div>\n\t\t\t\t\t<\/div>\n\t\t<\/div>\n\t\t\t\t\t<\/div>\n\t\t<\/section>\n\t\t\t\t\t<\/div>\n\t\t<\/div>\n\t\t\t\t\t<\/div>\n\t\t<\/section>\n\t\t\t\t<section class=\"elementor-section elementor-top-section elementor-element elementor-element-63274e9 elementor-section-boxed elementor-section-height-default elementor-section-height-default\" data-id=\"63274e9\" data-element_type=\"section\">\n\t\t\t\t\t\t<div class=\"elementor-container elementor-column-gap-default\">\n\t\t\t\t\t<div class=\"elementor-column elementor-col-100 elementor-top-column elementor-element elementor-element-50500d6\" data-id=\"50500d6\" data-element_type=\"column\">\n\t\t\t<div class=\"elementor-widget-wrap elementor-element-populated\">\n\t\t\t\t\t\t<div class=\"elementor-element elementor-element-02d81f4 elementor-widget elementor-widget-heading\" data-id=\"02d81f4\" data-element_type=\"widget\" data-widget_type=\"heading.default\">\n\t\t\t\t<div class=\"elementor-widget-container\">\n\t\t\t\t\t<h2 class=\"elementor-heading-title elementor-size-default\">De Saint-Domingue \u00e0 la France : les origines d\u2019un destin hors norme<\/h2>\t\t\t\t<\/div>\n\t\t\t\t<\/div>\n\t\t\t\t<div class=\"elementor-element elementor-element-a485770 elementor-widget elementor-widget-text-editor\" data-id=\"a485770\" data-element_type=\"widget\" data-widget_type=\"text-editor.default\">\n\t\t\t\t<div class=\"elementor-widget-container\">\n\t\t\t\t\t\t\t\t\t<p>N\u00e9 dans une soci\u00e9t\u00e9 esclavagiste profond\u00e9ment in\u00e9galitaire, <a href=\"https:\/\/www.ouest-france.fr\/culture\/livres\/lire-magazine\/pourquoi-le-pere-dalexandre-dumas-est-fondateur-dans-luvre-de-lauteur-des-trois-mousquetaires-e8f1e196-98fb-11ee-97d2-9b86ef7e3954\" target=\"_blank\" rel=\"noopener nofollow\">Thomas Alexandre Dumas<\/a> voit le jour le 25 mars 1762. Son p\u00e8re, un aristocrate ruin\u00e9, et sa m\u00e8re, une esclave d\u2019origine africaine, lui transmettent malgr\u00e9 eux le poids d\u2019une soci\u00e9t\u00e9 coloniale hi\u00e9rarchis\u00e9e et violente. \u00c0 13 ans, il quitte <a href=\"https:\/\/richeskarayib.com\/fr\/cote-des-arcadins-beaute-naturelle-haiti\/\" target=\"_blank\" rel=\"noopener\">Saint-Domingue<\/a> avec son p\u00e8re, qui le fait passer pour un esclave afin de contourner la l\u00e9gislation fran\u00e7aise interdisant l\u2019esclavage sur le territoire m\u00e9tropolitain.<\/p>\n<p>Arriv\u00e9 en France en 1776, il est affranchi et b\u00e9n\u00e9ficie d\u2019une \u00e9ducation aristocratique. Il s\u2019initie \u00e0 l\u2019escrime, \u00e0 l\u2019\u00e9quitation et fr\u00e9quente les cercles de la haute soci\u00e9t\u00e9. Ce passage de l\u2019esclavage \u00e0 la libert\u00e9 marque un tournant d\u00e9terminant dans la trajectoire de Thomas Alexandre Dumas, m\u00eame si ses relations avec son p\u00e8re se d\u00e9t\u00e9riorent rapidement.<\/p>\t\t\t\t\t\t\t\t<\/div>\n\t\t\t\t<\/div>\n\t\t\t\t<section class=\"elementor-section elementor-inner-section elementor-element elementor-element-9db0422 elementor-section-boxed elementor-section-height-default elementor-section-height-default\" data-id=\"9db0422\" data-element_type=\"section\">\n\t\t\t\t\t\t<div class=\"elementor-container elementor-column-gap-default\">\n\t\t\t\t\t\t<\/div>\n\t\t<\/section>\n\t\t\t\t\t<\/div>\n\t\t<\/div>\n\t\t\t\t\t<\/div>\n\t\t<\/section>\n\t\t\t\t<section class=\"elementor-section elementor-top-section elementor-element elementor-element-7ca7ca1 elementor-section-boxed elementor-section-height-default elementor-section-height-default\" data-id=\"7ca7ca1\" data-element_type=\"section\">\n\t\t\t\t\t\t<div class=\"elementor-container elementor-column-gap-default\">\n\t\t\t\t\t<div class=\"elementor-column elementor-col-100 elementor-top-column elementor-element elementor-element-cbdd002\" data-id=\"cbdd002\" data-element_type=\"column\">\n\t\t\t<div class=\"elementor-widget-wrap elementor-element-populated\">\n\t\t\t\t\t\t<div class=\"elementor-element elementor-element-da17f8d elementor-widget elementor-widget-heading\" data-id=\"da17f8d\" data-element_type=\"widget\" data-widget_type=\"heading.default\">\n\t\t\t\t<div class=\"elementor-widget-container\">\n\t\t\t\t\t<h2 class=\"elementor-heading-title elementor-size-default\">Un engagement r\u00e9volutionnaire et un choix de nom charg\u00e9 de sens\n<\/h2>\t\t\t\t<\/div>\n\t\t\t\t<\/div>\n\t\t\t\t<section class=\"elementor-section elementor-inner-section elementor-element elementor-element-bc94849 elementor-section-boxed elementor-section-height-default elementor-section-height-default\" data-id=\"bc94849\" data-element_type=\"section\">\n\t\t\t\t\t\t<div class=\"elementor-container elementor-column-gap-default\">\n\t\t\t\t\t\t<\/div>\n\t\t<\/section>\n\t\t\t\t<div class=\"elementor-element elementor-element-209c746 elementor-widget elementor-widget-text-editor\" data-id=\"209c746\" data-element_type=\"widget\" data-widget_type=\"text-editor.default\">\n\t\t\t\t<div class=\"elementor-widget-container\">\n\t\t\t\t\t\t\t\t\t<p>En 1786, \u00e0 24 ans, il s\u2019engage dans l\u2019arm\u00e9e comme simple soldat, sous le nom de sa m\u00e8re, Dumas, que son p\u00e8re lui avait interdit d\u2019utiliser. Ce choix n\u2019est pas anodin : il affirme son identit\u00e9 noire et ha\u00eftienne \u00e0 un moment o\u00f9 la soci\u00e9t\u00e9 fran\u00e7aise est encore fortement marqu\u00e9e par le racisme colonial. La R\u00e9volution fran\u00e7aise offre \u00e0 Thomas Alexandre Dumas un cadre dans lequel ses comp\u00e9tences et son courage peuvent enfin s\u2019exprimer pleinement.<\/p>\n<p>D\u00e8s 1792, il se distingue par des faits d\u2019armes spectaculaires, notamment lors de la capture de douze ennemis \u00e0 lui seul. Il int\u00e8gre la L\u00e9gion franche des Am\u00e9ricains et du Midi \u2013 aussi appel\u00e9e L\u00e9gion noire \u2013 et gravit les \u00e9chelons \u00e0 une vitesse fulgurante. En 1793, il devient g\u00e9n\u00e9ral de division \u00e0 seulement 31 ans, commandant 53 000 hommes \u00e0 la t\u00eate de l\u2019Arm\u00e9e des Alpes. Une ascension sans pr\u00e9c\u00e9dent pour un homme noir dans une arm\u00e9e occidentale.<\/p>\t\t\t\t\t\t\t\t<\/div>\n\t\t\t\t<\/div>\n\t\t\t\t<section class=\"elementor-section elementor-inner-section elementor-element elementor-element-2e55c49 elementor-section-boxed elementor-section-height-default elementor-section-height-default\" data-id=\"2e55c49\" data-element_type=\"section\">\n\t\t\t\t\t\t<div class=\"elementor-container elementor-column-gap-default\">\n\t\t\t\t\t<div class=\"elementor-column elementor-col-100 elementor-inner-column elementor-element elementor-element-7ee5c11\" data-id=\"7ee5c11\" data-element_type=\"column\">\n\t\t\t<div class=\"elementor-widget-wrap elementor-element-populated\">\n\t\t\t\t\t\t<div class=\"elementor-element elementor-element-7363486 elementor-widget elementor-widget-image\" data-id=\"7363486\" data-element_type=\"widget\" data-widget_type=\"image.default\">\n\t\t\t\t<div class=\"elementor-widget-container\">\n\t\t\t\t\t\t\t\t\t\t\t\t<figure class=\"wp-caption\">\n\t\t\t\t\t\t\t\t\t\t<img fetchpriority=\"high\" decoding=\"async\" width=\"630\" height=\"354\" src=\"https:\/\/richeskarayib.com\/wp-content\/uploads\/2025\/07\/Le-general-Dumas-defend-seul-le-pont-de-Klausen-Chiusa-contre-les-soldats-autrichiens.-Composition-de-Louis-Bombled-dans-le-supplement-illustre-du-Petit-Journal-26-mai-1912.-WIKIPEDIA.avif\" class=\"attachment-large size-large wp-image-57097\" alt=\"Thomas Alexandre Dumas\" srcset=\"https:\/\/richeskarayib.com\/wp-content\/uploads\/2025\/07\/Le-general-Dumas-defend-seul-le-pont-de-Klausen-Chiusa-contre-les-soldats-autrichiens.-Composition-de-Louis-Bombled-dans-le-supplement-illustre-du-Petit-Journal-26-mai-1912.-WIKIPEDIA.avif 630w, https:\/\/richeskarayib.com\/wp-content\/uploads\/2025\/07\/Le-general-Dumas-defend-seul-le-pont-de-Klausen-Chiusa-contre-les-soldats-autrichiens.-Composition-de-Louis-Bombled-dans-le-supplement-illustre-du-Petit-Journal-26-mai-1912.-WIKIPEDIA-300x169.avif 300w\" sizes=\"(max-width: 630px) 100vw, 630px\" \/>\t\t\t\t\t\t\t\t\t\t\t<figcaption class=\"widget-image-caption wp-caption-text\">Le g\u00e9n\u00e9ral Dumas d\u00e9fend seul le pont de Klausen (Chiusa) contre les soldats autrichiens. Composition de Louis Bombled dans le suppl\u00e9ment illustr\u00e9 du Petit Journal, 26 mai 1912. WIKIPEDIA<\/figcaption>\n\t\t\t\t\t\t\t\t\t\t<\/figure>\n\t\t\t\t\t\t\t\t\t<\/div>\n\t\t\t\t<\/div>\n\t\t\t\t\t<\/div>\n\t\t<\/div>\n\t\t\t\t\t<\/div>\n\t\t<\/section>\n\t\t\t\t<section class=\"elementor-section elementor-inner-section elementor-element elementor-element-61571e6 elementor-section-boxed elementor-section-height-default elementor-section-height-default\" data-id=\"61571e6\" data-element_type=\"section\">\n\t\t\t\t\t\t<div class=\"elementor-container elementor-column-gap-default\">\n\t\t\t\t\t\t<\/div>\n\t\t<\/section>\n\t\t\t\t<section class=\"elementor-section elementor-inner-section elementor-element elementor-element-b6262e0 elementor-section-boxed elementor-section-height-default elementor-section-height-default\" data-id=\"b6262e0\" data-element_type=\"section\">\n\t\t\t\t\t\t<div class=\"elementor-container elementor-column-gap-default\">\n\t\t\t\t\t\t<\/div>\n\t\t<\/section>\n\t\t\t\t<section class=\"elementor-section elementor-inner-section elementor-element elementor-element-cca29fd elementor-section-boxed elementor-section-height-default elementor-section-height-default\" data-id=\"cca29fd\" data-element_type=\"section\">\n\t\t\t\t\t\t<div class=\"elementor-container elementor-column-gap-default\">\n\t\t\t\t\t\t<\/div>\n\t\t<\/section>\n\t\t\t\t\t<\/div>\n\t\t<\/div>\n\t\t\t\t\t<\/div>\n\t\t<\/section>\n\t\t\t\t<section class=\"elementor-section elementor-top-section elementor-element elementor-element-0db9090 elementor-section-boxed elementor-section-height-default elementor-section-height-default\" data-id=\"0db9090\" data-element_type=\"section\">\n\t\t\t\t\t\t<div class=\"elementor-container elementor-column-gap-default\">\n\t\t\t\t\t<div class=\"elementor-column elementor-col-100 elementor-top-column elementor-element elementor-element-2296183\" data-id=\"2296183\" data-element_type=\"column\">\n\t\t\t<div class=\"elementor-widget-wrap elementor-element-populated\">\n\t\t\t\t\t\t<div class=\"elementor-element elementor-element-9576154 elementor-widget elementor-widget-heading\" data-id=\"9576154\" data-element_type=\"widget\" data-widget_type=\"heading.default\">\n\t\t\t\t<div class=\"elementor-widget-container\">\n\t\t\t\t\t<h2 class=\"elementor-heading-title elementor-size-default\">Le \u201cDiable Noir\u201d face aux ennemis de la R\u00e9publique<\/h2>\t\t\t\t<\/div>\n\t\t\t\t<\/div>\n\t\t\t\t<div class=\"elementor-element elementor-element-500981c elementor-widget elementor-widget-text-editor\" data-id=\"500981c\" data-element_type=\"widget\" data-widget_type=\"text-editor.default\">\n\t\t\t\t<div class=\"elementor-widget-container\">\n\t\t\t\t\t\t\t\t\t<p>Lors de la campagne des Alpes, <a href=\"https:\/\/france3-regions.franceinfo.fr\/hauts-de-france\/aisne\/l-histoire-du-dimanche-de-saint-domingue-a-villers-cotterets-le-general-dumas-pere-du-celebre-ecrivain-et-heros-meconnu-2374303.html\" target=\"_blank\" rel=\"noopener nofollow\">Thomas Alexandre Dumas<\/a> s\u2019illustre en prenant le col du Petit-Saint-Bernard, position strat\u00e9gique tenue par les Autrichiens. L\u2019attaque audacieuse qu\u2019il m\u00e8ne dans des conditions extr\u00eames lui vaut le respect de ses hommes et la crainte de ses ennemis. Les Autrichiens le surnomment le &#8220;Diable Noir&#8221; (Schwarzer Teufel). Napol\u00e9on Bonaparte, alors g\u00e9n\u00e9ral en chef, le compare au h\u00e9ros romain Horatius Cocl\u00e8s, un \u00e9loge rare.<\/p>\n<p>Pourtant, cette reconnaissance n&#8217;emp\u00eachera pas les tensions croissantes entre les deux hommes. Thomas Alexandre Dumas reste fid\u00e8le aux id\u00e9aux r\u00e9publicains et refuse les exactions commises en \u00c9gypte, o\u00f9 il s\u2019oppose frontalement aux m\u00e9thodes de Bonaparte. Cette opposition, doubl\u00e9e de la popularit\u00e9 du g\u00e9n\u00e9ral noir aupr\u00e8s des troupes et des \u00c9gyptiens eux-m\u00eames, attise la jalousie de Napol\u00e9on.<\/p>\t\t\t\t\t\t\t\t<\/div>\n\t\t\t\t<\/div>\n\t\t\t\t<section class=\"elementor-section elementor-inner-section elementor-element elementor-element-f7cefd5 elementor-section-boxed elementor-section-height-default elementor-section-height-default\" data-id=\"f7cefd5\" data-element_type=\"section\">\n\t\t\t\t\t\t<div class=\"elementor-container elementor-column-gap-default\">\n\t\t\t\t\t<div class=\"elementor-column elementor-col-100 elementor-inner-column elementor-element elementor-element-3068adb\" data-id=\"3068adb\" data-element_type=\"column\">\n\t\t\t<div class=\"elementor-widget-wrap elementor-element-populated\">\n\t\t\t\t\t\t<div class=\"elementor-element elementor-element-f05b260 elementor-widget elementor-widget-image\" data-id=\"f05b260\" data-element_type=\"widget\" data-widget_type=\"image.default\">\n\t\t\t\t<div class=\"elementor-widget-container\">\n\t\t\t\t\t\t\t\t\t\t\t\t<figure class=\"wp-caption\">\n\t\t\t\t\t\t\t\t\t\t<img decoding=\"async\" width=\"800\" height=\"400\" src=\"https:\/\/richeskarayib.com\/wp-content\/uploads\/2025\/07\/\u00a9BnF-1024x512.jpg\" class=\"attachment-large size-large wp-image-57101\" alt=\"Thomas Alexandre Dumas\" srcset=\"https:\/\/richeskarayib.com\/wp-content\/uploads\/2025\/07\/\u00a9BnF-1024x512.jpg 1024w, https:\/\/richeskarayib.com\/wp-content\/uploads\/2025\/07\/\u00a9BnF-300x150.jpg 300w, https:\/\/richeskarayib.com\/wp-content\/uploads\/2025\/07\/\u00a9BnF-768x384.jpg 768w, https:\/\/richeskarayib.com\/wp-content\/uploads\/2025\/07\/\u00a9BnF-1536x768.jpg 1536w, https:\/\/richeskarayib.com\/wp-content\/uploads\/2025\/07\/\u00a9BnF-1320x660.jpg 1320w, https:\/\/richeskarayib.com\/wp-content\/uploads\/2025\/07\/\u00a9BnF.jpg 1920w\" sizes=\"(max-width: 800px) 100vw, 800px\" \/>\t\t\t\t\t\t\t\t\t\t\t<figcaption class=\"widget-image-caption wp-caption-text\">\u00a9BnF<\/figcaption>\n\t\t\t\t\t\t\t\t\t\t<\/figure>\n\t\t\t\t\t\t\t\t\t<\/div>\n\t\t\t\t<\/div>\n\t\t\t\t\t<\/div>\n\t\t<\/div>\n\t\t\t\t\t<\/div>\n\t\t<\/section>\n\t\t\t\t\t<\/div>\n\t\t<\/div>\n\t\t\t\t\t<\/div>\n\t\t<\/section>\n\t\t\t\t<section class=\"elementor-section elementor-top-section elementor-element elementor-element-7b2ef92 elementor-section-boxed elementor-section-height-default elementor-section-height-default\" data-id=\"7b2ef92\" data-element_type=\"section\">\n\t\t\t\t\t\t<div class=\"elementor-container elementor-column-gap-default\">\n\t\t\t\t\t<div class=\"elementor-column elementor-col-100 elementor-top-column elementor-element elementor-element-e8712b4\" data-id=\"e8712b4\" data-element_type=\"column\">\n\t\t\t<div class=\"elementor-widget-wrap elementor-element-populated\">\n\t\t\t\t\t\t<div class=\"elementor-element elementor-element-37e0414 elementor-widget elementor-widget-heading\" data-id=\"37e0414\" data-element_type=\"widget\" data-widget_type=\"heading.default\">\n\t\t\t\t<div class=\"elementor-widget-container\">\n\t\t\t\t\t<h2 class=\"elementor-heading-title elementor-size-default\">Captivit\u00e9, disgr\u00e2ce et effacement<\/h2>\t\t\t\t<\/div>\n\t\t\t\t<\/div>\n\t\t\t\t<div class=\"elementor-element elementor-element-fa5cc24 elementor-widget elementor-widget-text-editor\" data-id=\"fa5cc24\" data-element_type=\"widget\" data-widget_type=\"text-editor.default\">\n\t\t\t\t<div class=\"elementor-widget-container\">\n\t\t\t\t\t\t\t\t\t<p>En 1799, \u00e9puis\u00e9 et malade, <a href=\"https:\/\/memoire-esclavage.org\/biographies\/thomas-alexandre-dumas\" target=\"_blank\" rel=\"noopener nofollow\">Thomas Alexandre Dumas<\/a> quitte l\u2019\u00c9gypte. Son navire \u00e9choue en Italie o\u00f9 il est captur\u00e9 et emprisonn\u00e9 pendant deux ans dans des conditions inhumaines. Il est tortur\u00e9, empoisonn\u00e9, et priv\u00e9 de toute communication avec sa famille. Cette p\u00e9riode marque le d\u00e9but d\u2019une lente chute.<\/p>\n<p>\u00c0 son retour en France en 1801, l\u2019Empire napol\u00e9onien se met en place. Le Consulat, puis l\u2019Empire, excluent progressivement les officiers noirs. L\u2019esclavage est r\u00e9tabli en 1802 dans les colonies. Bonaparte refuse de recevoir Dumas et le prive de tout commandement. Malgr\u00e9 ses demandes r\u00e9p\u00e9t\u00e9es, Thomas Alexandre Dumas ne re\u00e7oit ni pension, ni reconnaissance. Il meurt \u00e0 Villers-Cotter\u00eats en 1806, ruin\u00e9, \u00e0 44 ans.<\/p>\t\t\t\t\t\t\t\t<\/div>\n\t\t\t\t<\/div>\n\t\t\t\t\t<\/div>\n\t\t<\/div>\n\t\t\t\t\t<\/div>\n\t\t<\/section>\n\t\t\t\t<section class=\"elementor-section elementor-top-section elementor-element elementor-element-e011a0f elementor-section-boxed elementor-section-height-default elementor-section-height-default\" data-id=\"e011a0f\" data-element_type=\"section\">\n\t\t\t\t\t\t<div class=\"elementor-container elementor-column-gap-default\">\n\t\t\t\t\t<div class=\"elementor-column elementor-col-100 elementor-top-column elementor-element elementor-element-91c6ea5\" data-id=\"91c6ea5\" data-element_type=\"column\">\n\t\t\t<div class=\"elementor-widget-wrap elementor-element-populated\">\n\t\t\t\t\t\t<div class=\"elementor-element elementor-element-3193622 elementor-widget elementor-widget-heading\" data-id=\"3193622\" data-element_type=\"widget\" data-widget_type=\"heading.default\">\n\t\t\t\t<div class=\"elementor-widget-container\">\n\t\t\t\t\t<h2 class=\"elementor-heading-title elementor-size-default\">Une transmission m\u00e9morielle par l\u2019\u00e9criture<\/h2>\t\t\t\t<\/div>\n\t\t\t\t<\/div>\n\t\t\t\t<div class=\"elementor-element elementor-element-d6b77ee elementor-widget elementor-widget-text-editor\" data-id=\"d6b77ee\" data-element_type=\"widget\" data-widget_type=\"text-editor.default\">\n\t\t\t\t<div class=\"elementor-widget-container\">\n\t\t\t\t\t\t\t\t\t<p>Son fils, Alexandre Dumas p\u00e8re, alors \u00e2g\u00e9 de quatre ans \u00e0 la mort de son p\u00e8re, grandira dans le souvenir des r\u00e9cits h\u00e9ro\u00efques que sa m\u00e8re lui transmettra. Ce legs moral et symbolique nourrira une \u0153uvre litt\u00e9raire devenue universelle. Les figures du comte de Monte-Cristo, de D\u2019Artagnan et des mousquetaires portent en elles l\u2019\u00e9cho du courage et des injustices subies par Thomas Alexandre Dumas.<\/p>\n<p>\u00c0 travers les romans de son fils, c\u2019est toute la m\u00e9moire de ce g\u00e9n\u00e9ral ha\u00eftien, h\u00e9ros de la R\u00e9volution, qui se transmet aux g\u00e9n\u00e9rations futures. L\u2019influence de ce r\u00e9cit familial dans la litt\u00e9rature du XIXe si\u00e8cle est consid\u00e9rable, tout comme sa port\u00e9e symbolique pour la diaspora noire francophone.<\/p>\t\t\t\t\t\t\t\t<\/div>\n\t\t\t\t<\/div>\n\t\t\t\t<section class=\"elementor-section elementor-inner-section elementor-element elementor-element-389a7a7 elementor-section-boxed elementor-section-height-default elementor-section-height-default\" data-id=\"389a7a7\" data-element_type=\"section\">\n\t\t\t\t\t\t<div class=\"elementor-container elementor-column-gap-default\">\n\t\t\t\t\t<div class=\"elementor-column elementor-col-100 elementor-inner-column elementor-element elementor-element-ff3ba97\" data-id=\"ff3ba97\" data-element_type=\"column\">\n\t\t\t<div class=\"elementor-widget-wrap elementor-element-populated\">\n\t\t\t\t\t\t<div class=\"elementor-element elementor-element-8c571dc elementor-widget elementor-widget-image\" data-id=\"8c571dc\" data-element_type=\"widget\" data-widget_type=\"image.default\">\n\t\t\t\t<div class=\"elementor-widget-container\">\n\t\t\t\t\t\t\t\t\t\t\t\t<figure class=\"wp-caption\">\n\t\t\t\t\t\t\t\t\t\t<img decoding=\"async\" width=\"685\" height=\"1024\" src=\"https:\/\/richeskarayib.com\/wp-content\/uploads\/2025\/07\/Thomas-Alexandre-Dumas-1762-1806-\u00a9-LArmarium-Bibliotheque-numerique-Hauts-de-France-685x1024.jpg\" class=\"attachment-large size-large wp-image-57105\" alt=\"Thomas Alexandre Dumas\" srcset=\"https:\/\/richeskarayib.com\/wp-content\/uploads\/2025\/07\/Thomas-Alexandre-Dumas-1762-1806-\u00a9-LArmarium-Bibliotheque-numerique-Hauts-de-France-685x1024.jpg 685w, https:\/\/richeskarayib.com\/wp-content\/uploads\/2025\/07\/Thomas-Alexandre-Dumas-1762-1806-\u00a9-LArmarium-Bibliotheque-numerique-Hauts-de-France-201x300.jpg 201w, https:\/\/richeskarayib.com\/wp-content\/uploads\/2025\/07\/Thomas-Alexandre-Dumas-1762-1806-\u00a9-LArmarium-Bibliotheque-numerique-Hauts-de-France-768x1148.jpg 768w, https:\/\/richeskarayib.com\/wp-content\/uploads\/2025\/07\/Thomas-Alexandre-Dumas-1762-1806-\u00a9-LArmarium-Bibliotheque-numerique-Hauts-de-France-1028x1536.jpg 1028w, https:\/\/richeskarayib.com\/wp-content\/uploads\/2025\/07\/Thomas-Alexandre-Dumas-1762-1806-\u00a9-LArmarium-Bibliotheque-numerique-Hauts-de-France.jpg 1285w\" sizes=\"(max-width: 685px) 100vw, 685px\" \/>\t\t\t\t\t\t\t\t\t\t\t<figcaption class=\"widget-image-caption wp-caption-text\">Thomas Alexandre Dumas (1762-1806) \u00a9 L'Armarium - Biblioth\u00e8que num\u00e9rique Hauts-de-France<\/figcaption>\n\t\t\t\t\t\t\t\t\t\t<\/figure>\n\t\t\t\t\t\t\t\t\t<\/div>\n\t\t\t\t<\/div>\n\t\t\t\t\t<\/div>\n\t\t<\/div>\n\t\t\t\t\t<\/div>\n\t\t<\/section>\n\t\t\t\t\t<\/div>\n\t\t<\/div>\n\t\t\t\t\t<\/div>\n\t\t<\/section>\n\t\t\t\t<section class=\"elementor-section elementor-top-section elementor-element elementor-element-4869fa3 elementor-section-boxed elementor-section-height-default elementor-section-height-default\" data-id=\"4869fa3\" data-element_type=\"section\">\n\t\t\t\t\t\t<div class=\"elementor-container elementor-column-gap-default\">\n\t\t\t\t\t<div class=\"elementor-column elementor-col-100 elementor-top-column elementor-element elementor-element-84b8c3a\" data-id=\"84b8c3a\" data-element_type=\"column\">\n\t\t\t<div class=\"elementor-widget-wrap elementor-element-populated\">\n\t\t\t\t\t\t<div class=\"elementor-element elementor-element-1d84c39 elementor-widget elementor-widget-heading\" data-id=\"1d84c39\" data-element_type=\"widget\" data-widget_type=\"heading.default\">\n\t\t\t\t<div class=\"elementor-widget-container\">\n\t\t\t\t\t<h2 class=\"elementor-heading-title elementor-size-default\">Un patrimoine partag\u00e9 entre Ha\u00efti et la France<\/h2>\t\t\t\t<\/div>\n\t\t\t\t<\/div>\n\t\t\t\t<div class=\"elementor-element elementor-element-8bd7592 elementor-widget elementor-widget-text-editor\" data-id=\"8bd7592\" data-element_type=\"widget\" data-widget_type=\"text-editor.default\">\n\t\t\t\t<div class=\"elementor-widget-container\">\n\t\t\t\t\t\t\t\t\t<p>Le parcours de Thomas Alexandre Dumas illustre la contribution capitale d\u2019Ha\u00efti \u00e0 l\u2019histoire fran\u00e7aise. H\u00e9ros militaire, mod\u00e8le d\u2019int\u00e9grit\u00e9, homme de principes r\u00e9publicains, il incarne les id\u00e9aux de libert\u00e9, d\u2019\u00e9galit\u00e9 et de fraternit\u00e9 \u00e0 une \u00e9poque o\u00f9 peu de Noirs pouvaient acc\u00e9der \u00e0 de telles responsabilit\u00e9s.<\/p>\n<p>Sa m\u00e9moire refait surface lentement. Une statue en son honneur, \u00e9rig\u00e9e en 1912 \u00e0 Paris, fut d\u00e9truite par les nazis en 1942. En 2008, l\u2019\u0153uvre &#8220;Fers&#8221;, repr\u00e9sentant des cha\u00eenes bris\u00e9es, a \u00e9t\u00e9 install\u00e9e au m\u00eame emplacement. En 2021, le Conseil de Paris a vot\u00e9 la r\u00e9installation d\u2019une statue du g\u00e9n\u00e9ral. Par ailleurs, l\u2019inhumation d\u2019Alexandre Dumas p\u00e8re au Panth\u00e9on en 2002 a permis, par ricochet, de raviver l\u2019hommage \u00e0 son p\u00e8re.<\/p>\t\t\t\t\t\t\t\t<\/div>\n\t\t\t\t<\/div>\n\t\t\t\t<section class=\"elementor-section elementor-inner-section elementor-element elementor-element-96c4c56 elementor-section-boxed elementor-section-height-default elementor-section-height-default\" data-id=\"96c4c56\" data-element_type=\"section\">\n\t\t\t\t\t\t<div class=\"elementor-container elementor-column-gap-default\">\n\t\t\t\t\t<div class=\"elementor-column elementor-col-100 elementor-inner-column elementor-element elementor-element-38c54a9\" data-id=\"38c54a9\" data-element_type=\"column\">\n\t\t\t<div class=\"elementor-widget-wrap elementor-element-populated\">\n\t\t\t\t\t\t<div class=\"elementor-element elementor-element-4fb1577 elementor-widget elementor-widget-image\" data-id=\"4fb1577\" data-element_type=\"widget\" data-widget_type=\"image.default\">\n\t\t\t\t<div class=\"elementor-widget-container\">\n\t\t\t\t\t\t\t\t\t\t\t\t<figure class=\"wp-caption\">\n\t\t\t\t\t\t\t\t\t\t<img loading=\"lazy\" decoding=\"async\" width=\"764\" height=\"1024\" src=\"https:\/\/richeskarayib.com\/wp-content\/uploads\/2025\/07\/Portrait-de-lecrivain-Alexandre-Dumas1802-1870-\u00a9-gallica.bnf_.fr-Bibliotheque-nationale-de-France-764x1024.jpeg\" class=\"attachment-large size-large wp-image-57109\" alt=\"Thomas Alexandre Dumas\" srcset=\"https:\/\/richeskarayib.com\/wp-content\/uploads\/2025\/07\/Portrait-de-lecrivain-Alexandre-Dumas1802-1870-\u00a9-gallica.bnf_.fr-Bibliotheque-nationale-de-France-764x1024.jpeg 764w, https:\/\/richeskarayib.com\/wp-content\/uploads\/2025\/07\/Portrait-de-lecrivain-Alexandre-Dumas1802-1870-\u00a9-gallica.bnf_.fr-Bibliotheque-nationale-de-France-224x300.jpeg 224w, https:\/\/richeskarayib.com\/wp-content\/uploads\/2025\/07\/Portrait-de-lecrivain-Alexandre-Dumas1802-1870-\u00a9-gallica.bnf_.fr-Bibliotheque-nationale-de-France-768x1030.jpeg 768w, https:\/\/richeskarayib.com\/wp-content\/uploads\/2025\/07\/Portrait-de-lecrivain-Alexandre-Dumas1802-1870-\u00a9-gallica.bnf_.fr-Bibliotheque-nationale-de-France.jpeg 1024w\" sizes=\"(max-width: 764px) 100vw, 764px\" \/>\t\t\t\t\t\t\t\t\t\t\t<figcaption class=\"widget-image-caption wp-caption-text\">Portrait de l'\u00e9crivain Alexandre Dumas(1802-1870) \u00a9 gallica.bnf.fr Biblioth\u00e8que nationale de France<\/figcaption>\n\t\t\t\t\t\t\t\t\t\t<\/figure>\n\t\t\t\t\t\t\t\t\t<\/div>\n\t\t\t\t<\/div>\n\t\t\t\t\t<\/div>\n\t\t<\/div>\n\t\t\t\t\t<\/div>\n\t\t<\/section>\n\t\t\t\t\t<\/div>\n\t\t<\/div>\n\t\t\t\t\t<\/div>\n\t\t<\/section>\n\t\t\t\t<section class=\"elementor-section elementor-top-section elementor-element elementor-element-785e02e elementor-section-boxed elementor-section-height-default elementor-section-height-default\" data-id=\"785e02e\" data-element_type=\"section\">\n\t\t\t\t\t\t<div class=\"elementor-container elementor-column-gap-default\">\n\t\t\t\t\t<div class=\"elementor-column elementor-col-100 elementor-top-column elementor-element elementor-element-861678f\" data-id=\"861678f\" data-element_type=\"column\">\n\t\t\t<div class=\"elementor-widget-wrap elementor-element-populated\">\n\t\t\t\t\t\t<div class=\"elementor-element elementor-element-89105ba elementor-widget elementor-widget-heading\" data-id=\"89105ba\" data-element_type=\"widget\" data-widget_type=\"heading.default\">\n\t\t\t\t<div class=\"elementor-widget-container\">\n\t\t\t\t\t<h2 class=\"elementor-heading-title elementor-size-default\">Une m\u00e9moire \u00e0 reconstruire<\/h2>\t\t\t\t<\/div>\n\t\t\t\t<\/div>\n\t\t\t\t<div class=\"elementor-element elementor-element-7778ba6 elementor-widget elementor-widget-text-editor\" data-id=\"7778ba6\" data-element_type=\"widget\" data-widget_type=\"text-editor.default\">\n\t\t\t\t<div class=\"elementor-widget-container\">\n\t\t\t\t\t\t\t\t\t<p>Reconna\u00eetre Thomas Alexandre Dumas, c\u2019est rappeler que l\u2019histoire de France ne peut \u00eatre lue sans celle de ses anciennes colonies. C\u2019est aussi affirmer que les figures venues d\u2019Ha\u00efti et de la Cara\u00efbe ont profond\u00e9ment contribu\u00e9 au patrimoine culturel et politique fran\u00e7ais. \u00c0 l\u2019heure o\u00f9 les d\u00e9bats sur les m\u00e9moires coloniales traversent les soci\u00e9t\u00e9s contemporaines, sa r\u00e9habilitation symbolise un pas vers une histoire partag\u00e9e et apais\u00e9e.<\/p>\t\t\t\t\t\t\t\t<\/div>\n\t\t\t\t<\/div>\n\t\t\t\t\t<\/div>\n\t\t<\/div>\n\t\t\t\t\t<\/div>\n\t\t<\/section>\n\t\t\t\t<section class=\"elementor-section elementor-top-section elementor-element elementor-element-e47b80c elementor-section-boxed elementor-section-height-default elementor-section-height-default\" data-id=\"e47b80c\" data-element_type=\"section\">\n\t\t\t\t\t\t<div class=\"elementor-container elementor-column-gap-default\">\n\t\t\t\t\t<div class=\"elementor-column elementor-col-100 elementor-top-column elementor-element elementor-element-f479655\" data-id=\"f479655\" data-element_type=\"column\">\n\t\t\t<div class=\"elementor-widget-wrap elementor-element-populated\">\n\t\t\t\t\t\t<div class=\"elementor-element elementor-element-a7f201f elementor-widget elementor-widget-text-editor\" data-id=\"a7f201f\" data-element_type=\"widget\" data-widget_type=\"text-editor.default\">\n\t\t\t\t<div class=\"elementor-widget-container\">\n\t\t\t\t\t\t\t\t\t<p>H\u00e9ros de la R\u00e9volution, victime de l\u2019Empire, Thomas Alexandre Dumas est l\u2019incarnation d\u2019une \u00e9poque de contradictions et d\u2019espoirs. \u00c0 travers son parcours, la France et Ha\u00efti trouvent un point de jonction m\u00e9moriel, historique et symbolique. La red\u00e9couverte de cette figure majeure de l\u2019histoire doit s\u2019accompagner d\u2019un effort de transmission et de reconnaissance, pour que le nom de ce g\u00e9n\u00e9ral noir, n\u00e9 esclave \u00e0 Ha\u00efti, retrouve la place qui lui revient dans le r\u00e9cit national et universel.<\/p>\t\t\t\t\t\t\t\t<\/div>\n\t\t\t\t<\/div>\n\t\t\t\t\t<\/div>\n\t\t<\/div>\n\t\t\t\t\t<\/div>\n\t\t<\/section>\n\t\t\t\t<\/div>\n\t\t","protected":false},"excerpt":{"rendered":"<p>Thomas Alexandre Dumas est sans doute l\u2019un des grands oubli\u00e9s de l\u2019histoire franco-ha\u00eftienne. N\u00e9 esclave en 1762 \u00e0 J\u00e9r\u00e9mie, dans la colonie de Saint-Domingue (actuelle Ha\u00efti), il est devenu le premier g\u00e9n\u00e9ral noir de l\u2019arm\u00e9e fran\u00e7aise, et le p\u00e8re du c\u00e9l\u00e8bre \u00e9crivain Alexandre Dumas. Son parcours, exceptionnel \u00e0 tous \u00e9gards, incarne \u00e0 la fois les [&hellip;]<\/p>\n","protected":false},"author":662,"featured_media":57123,"comment_status":"open","ping_status":"open","sticky":false,"template":"","format":"standard","meta":{"_acf_changed":false,"footnotes":""},"categories":[1468],"tags":[814],"class_list":["post-57092","post","type-post","status-publish","format-standard","has-post-thumbnail","hentry","category-histoire-patrimoine","tag-haiti-fr"],"acf":[],"_links":{"self":[{"href":"https:\/\/richeskarayib.com\/fr\/wp-json\/wp\/v2\/posts\/57092","targetHints":{"allow":["GET"]}}],"collection":[{"href":"https:\/\/richeskarayib.com\/fr\/wp-json\/wp\/v2\/posts"}],"about":[{"href":"https:\/\/richeskarayib.com\/fr\/wp-json\/wp\/v2\/types\/post"}],"author":[{"embeddable":true,"href":"https:\/\/richeskarayib.com\/fr\/wp-json\/wp\/v2\/users\/662"}],"replies":[{"embeddable":true,"href":"https:\/\/richeskarayib.com\/fr\/wp-json\/wp\/v2\/comments?post=57092"}],"version-history":[{"count":0,"href":"https:\/\/richeskarayib.com\/fr\/wp-json\/wp\/v2\/posts\/57092\/revisions"}],"wp:featuredmedia":[{"embeddable":true,"href":"https:\/\/richeskarayib.com\/fr\/wp-json\/wp\/v2\/media\/57123"}],"wp:attachment":[{"href":"https:\/\/richeskarayib.com\/fr\/wp-json\/wp\/v2\/media?parent=57092"}],"wp:term":[{"taxonomy":"category","embeddable":true,"href":"https:\/\/richeskarayib.com\/fr\/wp-json\/wp\/v2\/categories?post=57092"},{"taxonomy":"post_tag","embeddable":true,"href":"https:\/\/richeskarayib.com\/fr\/wp-json\/wp\/v2\/tags?post=57092"}],"curies":[{"name":"wp","href":"https:\/\/api.w.org\/{rel}","templated":true}]}}