{"id":57139,"date":"2025-07-16T11:00:56","date_gmt":"2025-07-16T15:00:56","guid":{"rendered":"https:\/\/richeskarayib.com\/?p=57139"},"modified":"2025-07-16T11:38:23","modified_gmt":"2025-07-16T15:38:23","slug":"cooperation-geothermique-dans-la-caraibe-oeco","status":"publish","type":"post","link":"https:\/\/richeskarayib.com\/fr\/cooperation-geothermique-dans-la-caraibe-oeco\/","title":{"rendered":"Vers une souverainet\u00e9 \u00e9nerg\u00e9tique partag\u00e9e : la coop\u00e9ration g\u00e9othermique dans la Cara\u00efbe \u00e0 l\u2019\u00e9chelle de l\u2019OECO"},"content":{"rendered":"\t\t<div data-elementor-type=\"wp-post\" data-elementor-id=\"57139\" class=\"elementor elementor-57139\" data-elementor-post-type=\"post\">\n\t\t\t\t\t\t<section class=\"elementor-section elementor-top-section elementor-element elementor-element-63274e9 elementor-section-boxed elementor-section-height-default elementor-section-height-default\" data-id=\"63274e9\" data-element_type=\"section\">\n\t\t\t\t\t\t<div class=\"elementor-container elementor-column-gap-default\">\n\t\t\t\t\t<div class=\"elementor-column elementor-col-100 elementor-top-column elementor-element elementor-element-50500d6\" data-id=\"50500d6\" data-element_type=\"column\">\n\t\t\t<div class=\"elementor-widget-wrap elementor-element-populated\">\n\t\t\t\t\t\t<div class=\"elementor-element elementor-element-02d81f4 elementor-widget elementor-widget-heading\" data-id=\"02d81f4\" data-element_type=\"widget\" data-widget_type=\"heading.default\">\n\t\t\t\t<div class=\"elementor-widget-container\">\n\t\t\t\t\t<h2 class=\"elementor-heading-title elementor-size-default\">Une dynamique r\u00e9gionale face \u00e0 la d\u00e9pendance \u00e9nerg\u00e9tique<\/h2>\t\t\t\t<\/div>\n\t\t\t\t<\/div>\n\t\t\t\t<div class=\"elementor-element elementor-element-a485770 elementor-widget elementor-widget-text-editor\" data-id=\"a485770\" data-element_type=\"widget\" data-widget_type=\"text-editor.default\">\n\t\t\t\t<div class=\"elementor-widget-container\">\n\t\t\t\t\t\t\t\t\t<p><a href=\"https:\/\/la1ere.franceinfo.fr\/guadeloupe\/vers-une-foreuse-geothermique-partagee-l-oeco-mise-sur-une-transition-energetique-regionale-1604985.html\" target=\"_blank\" rel=\"noopener nofollow\">La coop\u00e9ration g\u00e9othermique<\/a> dans la Cara\u00efbe s\u2019impose aujourd\u2019hui comme une r\u00e9ponse strat\u00e9gique aux d\u00e9fis \u00e9nerg\u00e9tiques communs des \u00c9tats membres de l\u2019Organisation des \u00c9tats de la Cara\u00efbe orientale (OECO). Face \u00e0 la volatilit\u00e9 des prix des \u00e9nergies fossiles et \u00e0 la n\u00e9cessit\u00e9 d&#8217;une transition bas-carbone, plusieurs territoires insulaires s\u2019engagent dans une d\u00e9marche collective innovante : la mutualisation d\u2019une foreuse g\u00e9othermique. Cette approche vise \u00e0 renforcer leur souverainet\u00e9 \u00e9nerg\u00e9tique tout en r\u00e9duisant les co\u00fbts d\u2019exploitation.<\/p>\t\t\t\t\t\t\t\t<\/div>\n\t\t\t\t<\/div>\n\t\t\t\t<section class=\"elementor-section elementor-inner-section elementor-element elementor-element-9db0422 elementor-section-boxed elementor-section-height-default elementor-section-height-default\" data-id=\"9db0422\" data-element_type=\"section\">\n\t\t\t\t\t\t<div class=\"elementor-container elementor-column-gap-default\">\n\t\t\t\t\t\t<\/div>\n\t\t<\/section>\n\t\t\t\t\t<\/div>\n\t\t<\/div>\n\t\t\t\t\t<\/div>\n\t\t<\/section>\n\t\t\t\t<section class=\"elementor-section elementor-top-section elementor-element elementor-element-7ca7ca1 elementor-section-boxed elementor-section-height-default elementor-section-height-default\" data-id=\"7ca7ca1\" data-element_type=\"section\">\n\t\t\t\t\t\t<div class=\"elementor-container elementor-column-gap-default\">\n\t\t\t\t\t<div class=\"elementor-column elementor-col-100 elementor-top-column elementor-element elementor-element-cbdd002\" data-id=\"cbdd002\" data-element_type=\"column\">\n\t\t\t<div class=\"elementor-widget-wrap elementor-element-populated\">\n\t\t\t\t\t\t<div class=\"elementor-element elementor-element-da17f8d elementor-widget elementor-widget-heading\" data-id=\"da17f8d\" data-element_type=\"widget\" data-widget_type=\"heading.default\">\n\t\t\t\t<div class=\"elementor-widget-container\">\n\t\t\t\t\t<h2 class=\"elementor-heading-title elementor-size-default\">Ressources g\u00e9othermiques disponibles et sous-utilis\u00e9es<\/h2>\t\t\t\t<\/div>\n\t\t\t\t<\/div>\n\t\t\t\t<section class=\"elementor-section elementor-inner-section elementor-element elementor-element-bc94849 elementor-section-boxed elementor-section-height-default elementor-section-height-default\" data-id=\"bc94849\" data-element_type=\"section\">\n\t\t\t\t\t\t<div class=\"elementor-container elementor-column-gap-default\">\n\t\t\t\t\t\t<\/div>\n\t\t<\/section>\n\t\t\t\t<div class=\"elementor-element elementor-element-209c746 elementor-widget elementor-widget-text-editor\" data-id=\"209c746\" data-element_type=\"widget\" data-widget_type=\"text-editor.default\">\n\t\t\t\t<div class=\"elementor-widget-container\">\n\t\t\t\t\t\t\t\t\t<p>Les \u00eeles volcaniques de la <a href=\"https:\/\/richeskarayib.com\/fr\/traditour-2025-caraibe-flots-guadeloupeens\/\" target=\"_blank\" rel=\"noopener\">Dominique<\/a>, Montserrat, Sainte-Lucie, Saint-Kitts-et-Nevis, la Grenade et Saint-Vincent-et-les-Grenadines disposent de r\u00e9servoirs g\u00e9othermiques prometteurs. Leurs caract\u00e9ristiques g\u00e9ologiques communes offrent une opportunit\u00e9 unique : produire localement une \u00e9lectricit\u00e9 renouvelable, stable et ind\u00e9pendante des al\u00e9as climatiques. Pourtant, en d\u00e9pit de ce potentiel, la coop\u00e9ration g\u00e9othermique dans la Cara\u00efbe reste \u00e0 ses d\u00e9buts. \u00c0 ce jour, seule la Dominique a engag\u00e9 la construction d\u2019une centrale g\u00e9othermique, visant \u00e0 couvrir 50 % de sa demande \u00e9lectrique d\u2019ici fin 2025.<\/p>\n<p>Le principal frein reste le co\u00fbt \u00e9lev\u00e9 des forages exploratoires, estim\u00e9 \u00e0 plusieurs millions de dollars par puits, en raison notamment de la n\u00e9cessit\u00e9 de faire venir une foreuse depuis l\u2019\u00e9tranger. L\u2019absence d\u2019\u00e9quipement mutualis\u00e9 au niveau r\u00e9gional ralentit consid\u00e9rablement les initiatives.<\/p>\t\t\t\t\t\t\t\t<\/div>\n\t\t\t\t<\/div>\n\t\t\t\t<section class=\"elementor-section elementor-inner-section elementor-element elementor-element-55377bd elementor-section-boxed elementor-section-height-default elementor-section-height-default\" data-id=\"55377bd\" data-element_type=\"section\">\n\t\t\t\t\t\t<div class=\"elementor-container elementor-column-gap-default\">\n\t\t\t\t\t<div class=\"elementor-column elementor-col-100 elementor-inner-column elementor-element elementor-element-b54cf20\" data-id=\"b54cf20\" data-element_type=\"column\">\n\t\t\t<div class=\"elementor-widget-wrap elementor-element-populated\">\n\t\t\t\t\t\t<div class=\"elementor-element elementor-element-f93af3c elementor-widget elementor-widget-image\" data-id=\"f93af3c\" data-element_type=\"widget\" data-widget_type=\"image.default\">\n\t\t\t\t<div class=\"elementor-widget-container\">\n\t\t\t\t\t\t\t\t\t\t\t\t<figure class=\"wp-caption\">\n\t\t\t\t\t\t\t\t\t\t<img fetchpriority=\"high\" decoding=\"async\" width=\"700\" height=\"466\" src=\"https:\/\/richeskarayib.com\/wp-content\/uploads\/2025\/07\/centrale-geothermique-de-la-dominique-\u00a9-Karibinfo.jpg\" class=\"attachment-large size-large wp-image-57144\" alt=\"coop\u00e9ration g\u00e9othermique dans la Cara\u00efbe\" srcset=\"https:\/\/richeskarayib.com\/wp-content\/uploads\/2025\/07\/centrale-geothermique-de-la-dominique-\u00a9-Karibinfo.jpg 700w, https:\/\/richeskarayib.com\/wp-content\/uploads\/2025\/07\/centrale-geothermique-de-la-dominique-\u00a9-Karibinfo-300x200.jpg 300w\" sizes=\"(max-width: 700px) 100vw, 700px\" \/>\t\t\t\t\t\t\t\t\t\t\t<figcaption class=\"widget-image-caption wp-caption-text\">Centrale g\u00e9othermique de la dominique \u00a9 Karib'info<\/figcaption>\n\t\t\t\t\t\t\t\t\t\t<\/figure>\n\t\t\t\t\t\t\t\t\t<\/div>\n\t\t\t\t<\/div>\n\t\t\t\t\t<\/div>\n\t\t<\/div>\n\t\t\t\t\t<\/div>\n\t\t<\/section>\n\t\t\t\t<section class=\"elementor-section elementor-inner-section elementor-element elementor-element-61571e6 elementor-section-boxed elementor-section-height-default elementor-section-height-default\" data-id=\"61571e6\" data-element_type=\"section\">\n\t\t\t\t\t\t<div class=\"elementor-container elementor-column-gap-default\">\n\t\t\t\t\t\t<\/div>\n\t\t<\/section>\n\t\t\t\t<section class=\"elementor-section elementor-inner-section elementor-element elementor-element-b6262e0 elementor-section-boxed elementor-section-height-default elementor-section-height-default\" data-id=\"b6262e0\" data-element_type=\"section\">\n\t\t\t\t\t\t<div class=\"elementor-container elementor-column-gap-default\">\n\t\t\t\t\t\t<\/div>\n\t\t<\/section>\n\t\t\t\t<section class=\"elementor-section elementor-inner-section elementor-element elementor-element-cca29fd elementor-section-boxed elementor-section-height-default elementor-section-height-default\" data-id=\"cca29fd\" data-element_type=\"section\">\n\t\t\t\t\t\t<div class=\"elementor-container elementor-column-gap-default\">\n\t\t\t\t\t\t<\/div>\n\t\t<\/section>\n\t\t\t\t\t<\/div>\n\t\t<\/div>\n\t\t\t\t\t<\/div>\n\t\t<\/section>\n\t\t\t\t<section class=\"elementor-section elementor-top-section elementor-element elementor-element-0db9090 elementor-section-boxed elementor-section-height-default elementor-section-height-default\" data-id=\"0db9090\" data-element_type=\"section\">\n\t\t\t\t\t\t<div class=\"elementor-container elementor-column-gap-default\">\n\t\t\t\t\t<div class=\"elementor-column elementor-col-100 elementor-top-column elementor-element elementor-element-2296183\" data-id=\"2296183\" data-element_type=\"column\">\n\t\t\t<div class=\"elementor-widget-wrap elementor-element-populated\">\n\t\t\t\t\t\t<div class=\"elementor-element elementor-element-9576154 elementor-widget elementor-widget-heading\" data-id=\"9576154\" data-element_type=\"widget\" data-widget_type=\"heading.default\">\n\t\t\t\t<div class=\"elementor-widget-container\">\n\t\t\t\t\t<h2 class=\"elementor-heading-title elementor-size-default\">GEOBUILD : former, structurer, acc\u00e9l\u00e9rer<\/h2>\t\t\t\t<\/div>\n\t\t\t\t<\/div>\n\t\t\t\t<div class=\"elementor-element elementor-element-500981c elementor-widget elementor-widget-text-editor\" data-id=\"500981c\" data-element_type=\"widget\" data-widget_type=\"text-editor.default\">\n\t\t\t\t<div class=\"elementor-widget-container\">\n\t\t\t\t\t\t\t\t\t<p>Pour surmonter ces obstacles, l\u2019OECO s\u2019est dot\u00e9e du programme <a href=\"https:\/\/oecs.int\/en\/geobuild\" target=\"_blank\" rel=\"noopener nofollow\">GEOBUILD<\/a> (Geothermal Energy: Capacity Building for Utilization, Investment and Local Development). Cofinanc\u00e9 par la Banque de d\u00e9veloppement des Cara\u00efbes (CDB) et mis en \u0153uvre en partenariat avec le Caribbean Centre for Renewable Energy and Energy Efficiency (CCREEE), ce programme vise \u00e0 structurer la coop\u00e9ration g\u00e9othermique dans la Cara\u00efbe autour de trois axes : renforcement des comp\u00e9tences, ing\u00e9nierie financi\u00e8re et gouvernance partag\u00e9e.<\/p>\n<p>Les b\u00e9n\u00e9ficiaires principaux : la Dominique, Sainte-Lucie, la Grenade, Saint-Vincent-et-les-Grenadines et Saint-Kitts-et-Nevis \u2014 participent \u00e0 des ateliers de formation, des \u00e9changes techniques, ainsi qu\u2019\u00e0 des missions de terrain comme la visite de la centrale de Bouillante, en Guadeloupe. L\u2019objectif : cr\u00e9er une culture r\u00e9gionale de la g\u00e9othermie, adapt\u00e9e aux r\u00e9alit\u00e9s locales.<\/p>\t\t\t\t\t\t\t\t<\/div>\n\t\t\t\t<\/div>\n\t\t\t\t<section class=\"elementor-section elementor-inner-section elementor-element elementor-element-e93e3b4 elementor-section-boxed elementor-section-height-default elementor-section-height-default\" data-id=\"e93e3b4\" data-element_type=\"section\">\n\t\t\t\t\t\t<div class=\"elementor-container elementor-column-gap-default\">\n\t\t\t\t\t<div class=\"elementor-column elementor-col-100 elementor-inner-column elementor-element elementor-element-8244c50\" data-id=\"8244c50\" data-element_type=\"column\">\n\t\t\t<div class=\"elementor-widget-wrap elementor-element-populated\">\n\t\t\t\t\t\t<div class=\"elementor-element elementor-element-abf8280 elementor-widget elementor-widget-image\" data-id=\"abf8280\" data-element_type=\"widget\" data-widget_type=\"image.default\">\n\t\t\t\t<div class=\"elementor-widget-container\">\n\t\t\t\t\t\t\t\t\t\t\t\t<figure class=\"wp-caption\">\n\t\t\t\t\t\t\t\t\t\t<img decoding=\"async\" width=\"800\" height=\"450\" src=\"https:\/\/richeskarayib.com\/wp-content\/uploads\/2025\/07\/\u00a9OECO-1024x576.webp\" class=\"attachment-large size-large wp-image-57152\" alt=\"coop\u00e9ration g\u00e9othermique dans la Cara\u00efbe\" srcset=\"https:\/\/richeskarayib.com\/wp-content\/uploads\/2025\/07\/\u00a9OECO-1024x576.webp 1024w, https:\/\/richeskarayib.com\/wp-content\/uploads\/2025\/07\/\u00a9OECO-300x169.webp 300w, https:\/\/richeskarayib.com\/wp-content\/uploads\/2025\/07\/\u00a9OECO-768x432.webp 768w, https:\/\/richeskarayib.com\/wp-content\/uploads\/2025\/07\/\u00a9OECO-1536x864.webp 1536w, https:\/\/richeskarayib.com\/wp-content\/uploads\/2025\/07\/\u00a9OECO-2048x1152.webp 2048w, https:\/\/richeskarayib.com\/wp-content\/uploads\/2025\/07\/\u00a9OECO-1320x743.webp 1320w\" sizes=\"(max-width: 800px) 100vw, 800px\" \/>\t\t\t\t\t\t\t\t\t\t\t<figcaption class=\"widget-image-caption wp-caption-text\">\u00a9OECO<\/figcaption>\n\t\t\t\t\t\t\t\t\t\t<\/figure>\n\t\t\t\t\t\t\t\t\t<\/div>\n\t\t\t\t<\/div>\n\t\t\t\t\t<\/div>\n\t\t<\/div>\n\t\t\t\t\t<\/div>\n\t\t<\/section>\n\t\t\t\t\t<\/div>\n\t\t<\/div>\n\t\t\t\t\t<\/div>\n\t\t<\/section>\n\t\t\t\t<section class=\"elementor-section elementor-top-section elementor-element elementor-element-7b2ef92 elementor-section-boxed elementor-section-height-default elementor-section-height-default\" data-id=\"7b2ef92\" data-element_type=\"section\">\n\t\t\t\t\t\t<div class=\"elementor-container elementor-column-gap-default\">\n\t\t\t\t\t<div class=\"elementor-column elementor-col-100 elementor-top-column elementor-element elementor-element-e8712b4\" data-id=\"e8712b4\" data-element_type=\"column\">\n\t\t\t<div class=\"elementor-widget-wrap elementor-element-populated\">\n\t\t\t\t\t\t<div class=\"elementor-element elementor-element-37e0414 elementor-widget elementor-widget-heading\" data-id=\"37e0414\" data-element_type=\"widget\" data-widget_type=\"heading.default\">\n\t\t\t\t<div class=\"elementor-widget-container\">\n\t\t\t\t\t<h2 class=\"elementor-heading-title elementor-size-default\">Une foreuse mutualis\u00e9e : vers une mise en \u0153uvre concr\u00e8te<\/h2>\t\t\t\t<\/div>\n\t\t\t\t<\/div>\n\t\t\t\t<div class=\"elementor-element elementor-element-fa5cc24 elementor-widget elementor-widget-text-editor\" data-id=\"fa5cc24\" data-element_type=\"widget\" data-widget_type=\"text-editor.default\">\n\t\t\t\t<div class=\"elementor-widget-container\">\n\t\t\t\t\t\t\t\t\t<p>Au c\u0153ur de cette strat\u00e9gie, la mutualisation d\u2019une foreuse est actuellement \u00e0 l\u2019\u00e9tude. La soci\u00e9t\u00e9 italienne ELC-Electroconsult S.p.A., experte en infrastructures \u00e9nerg\u00e9tiques, a \u00e9t\u00e9 mandat\u00e9e pour en \u00e9valuer la faisabilit\u00e9 technique, \u00e9conomique et r\u00e9glementaire. Cette \u00e9tude explore les sc\u00e9narios de d\u00e9ploiement de l\u2019\u00e9quipement dans les diff\u00e9rents \u00c9tats membres, les mod\u00e8les de gouvernance envisageables et les besoins en formation du personnel.<\/p>\n<p>Cette initiative de <a href=\"https:\/\/pressroom.oecs.int\/loeco-met-en-avant-le-potentiel-geothermique-regional-lors-du-17e-forum-caribeen-sur-les-energies-renouvelables\" target=\"_blank\" rel=\"noopener nofollow\">coop\u00e9ration g\u00e9othermique<\/a> dans la Cara\u00efbe permettrait de cr\u00e9er un calendrier de rotation entre les territoires, limitant ainsi les frais de mobilisation et de d\u00e9mobilisation, tout en garantissant une disponibilit\u00e9 accrue de l\u2019outil.<\/p>\t\t\t\t\t\t\t\t<\/div>\n\t\t\t\t<\/div>\n\t\t\t\t<section class=\"elementor-section elementor-inner-section elementor-element elementor-element-0c33744 elementor-section-boxed elementor-section-height-default elementor-section-height-default\" data-id=\"0c33744\" data-element_type=\"section\">\n\t\t\t\t\t\t<div class=\"elementor-container elementor-column-gap-default\">\n\t\t\t\t\t<div class=\"elementor-column elementor-col-100 elementor-inner-column elementor-element elementor-element-e496cd0\" data-id=\"e496cd0\" data-element_type=\"column\">\n\t\t\t<div class=\"elementor-widget-wrap elementor-element-populated\">\n\t\t\t\t\t\t<div class=\"elementor-element elementor-element-f1d0d7a elementor-widget elementor-widget-image\" data-id=\"f1d0d7a\" data-element_type=\"widget\" data-widget_type=\"image.default\">\n\t\t\t\t<div class=\"elementor-widget-container\">\n\t\t\t\t\t\t\t\t\t\t\t\t<figure class=\"wp-caption\">\n\t\t\t\t\t\t\t\t\t\t<img decoding=\"async\" width=\"800\" height=\"533\" src=\"https:\/\/richeskarayib.com\/wp-content\/uploads\/2025\/07\/foreuse-geothermique-comme-celle-acquise-en-2016-par-Nevis-qui-pourrait-etre-mutualisee-entre-les-differents-Etats-de-lOECO.-\u2022-\u00a9OECO.webp\" class=\"attachment-large size-large wp-image-57156\" alt=\"coop\u00e9ration g\u00e9othermique dans la Cara\u00efbe\" srcset=\"https:\/\/richeskarayib.com\/wp-content\/uploads\/2025\/07\/foreuse-geothermique-comme-celle-acquise-en-2016-par-Nevis-qui-pourrait-etre-mutualisee-entre-les-differents-Etats-de-lOECO.-\u2022-\u00a9OECO.webp 930w, https:\/\/richeskarayib.com\/wp-content\/uploads\/2025\/07\/foreuse-geothermique-comme-celle-acquise-en-2016-par-Nevis-qui-pourrait-etre-mutualisee-entre-les-differents-Etats-de-lOECO.-\u2022-\u00a9OECO-300x200.webp 300w, https:\/\/richeskarayib.com\/wp-content\/uploads\/2025\/07\/foreuse-geothermique-comme-celle-acquise-en-2016-par-Nevis-qui-pourrait-etre-mutualisee-entre-les-differents-Etats-de-lOECO.-\u2022-\u00a9OECO-768x512.webp 768w\" sizes=\"(max-width: 800px) 100vw, 800px\" \/>\t\t\t\t\t\t\t\t\t\t\t<figcaption class=\"widget-image-caption wp-caption-text\">Foreuse g\u00e9othermique \u00a9OECO<\/figcaption>\n\t\t\t\t\t\t\t\t\t\t<\/figure>\n\t\t\t\t\t\t\t\t\t<\/div>\n\t\t\t\t<\/div>\n\t\t\t\t\t<\/div>\n\t\t<\/div>\n\t\t\t\t\t<\/div>\n\t\t<\/section>\n\t\t\t\t\t<\/div>\n\t\t<\/div>\n\t\t\t\t\t<\/div>\n\t\t<\/section>\n\t\t\t\t<section class=\"elementor-section elementor-top-section elementor-element elementor-element-e011a0f elementor-section-boxed elementor-section-height-default elementor-section-height-default\" data-id=\"e011a0f\" data-element_type=\"section\">\n\t\t\t\t\t\t<div class=\"elementor-container elementor-column-gap-default\">\n\t\t\t\t\t<div class=\"elementor-column elementor-col-100 elementor-top-column elementor-element elementor-element-91c6ea5\" data-id=\"91c6ea5\" data-element_type=\"column\">\n\t\t\t<div class=\"elementor-widget-wrap elementor-element-populated\">\n\t\t\t\t\t\t<div class=\"elementor-element elementor-element-3193622 elementor-widget elementor-widget-heading\" data-id=\"3193622\" data-element_type=\"widget\" data-widget_type=\"heading.default\">\n\t\t\t\t<div class=\"elementor-widget-container\">\n\t\t\t\t\t<h2 class=\"elementor-heading-title elementor-size-default\">Retomb\u00e9es \u00e9conomiques, \u00e9nerg\u00e9tiques et sociales<\/h2>\t\t\t\t<\/div>\n\t\t\t\t<\/div>\n\t\t\t\t<div class=\"elementor-element elementor-element-d6b77ee elementor-widget elementor-widget-text-editor\" data-id=\"d6b77ee\" data-element_type=\"widget\" data-widget_type=\"text-editor.default\">\n\t\t\t\t<div class=\"elementor-widget-container\">\n\t\t\t\t\t\t\t\t\t<p>La mutualisation d\u2019un tel \u00e9quipement pourrait g\u00e9n\u00e9rer des \u00e9conomies substantielles, avec une r\u00e9duction des co\u00fbts de forage de l\u2019ordre de 20 \u00e0 30 %. Elle rendrait la g\u00e9othermie plus comp\u00e9titive que les groupes \u00e9lectrog\u00e8nes fonctionnant au fioul, actuellement tr\u00e8s r\u00e9pandus. Par ailleurs, cette approche favoriserait la cr\u00e9ation d\u2019emplois techniques, la structuration d\u2019une fili\u00e8re r\u00e9gionale et la relance d\u2019activit\u00e9s connexes comme l\u2019ing\u00e9nierie ou la maintenance industrielle.<\/p>\n<p>La coop\u00e9ration g\u00e9othermique dans la Cara\u00efbe ouvrirait \u00e9galement la voie \u00e0 de nouveaux usages : chauffage de serres agricoles, aquaculture thermique, production agroalimentaire, ou encore d\u00e9veloppement d\u2019un tourisme de bien-\u00eatre autour des sources chaudes naturelles.<\/p>\t\t\t\t\t\t\t\t<\/div>\n\t\t\t\t<\/div>\n\t\t\t\t\t<\/div>\n\t\t<\/div>\n\t\t\t\t\t<\/div>\n\t\t<\/section>\n\t\t\t\t<section class=\"elementor-section elementor-top-section elementor-element elementor-element-4869fa3 elementor-section-boxed elementor-section-height-default elementor-section-height-default\" data-id=\"4869fa3\" data-element_type=\"section\">\n\t\t\t\t\t\t<div class=\"elementor-container elementor-column-gap-default\">\n\t\t\t\t\t<div class=\"elementor-column elementor-col-100 elementor-top-column elementor-element elementor-element-84b8c3a\" data-id=\"84b8c3a\" data-element_type=\"column\">\n\t\t\t<div class=\"elementor-widget-wrap elementor-element-populated\">\n\t\t\t\t\t\t<div class=\"elementor-element elementor-element-1d84c39 elementor-widget elementor-widget-heading\" data-id=\"1d84c39\" data-element_type=\"widget\" data-widget_type=\"heading.default\">\n\t\t\t\t<div class=\"elementor-widget-container\">\n\t\t\t\t\t<h2 class=\"elementor-heading-title elementor-size-default\">Valorisation des comp\u00e9tences locales<\/h2>\t\t\t\t<\/div>\n\t\t\t\t<\/div>\n\t\t\t\t<div class=\"elementor-element elementor-element-8bd7592 elementor-widget elementor-widget-text-editor\" data-id=\"8bd7592\" data-element_type=\"widget\" data-widget_type=\"text-editor.default\">\n\t\t\t\t<div class=\"elementor-widget-container\">\n\t\t\t\t\t\t\t\t\t<p>Un volet essentiel du projet r\u00e9side dans la mont\u00e9e en comp\u00e9tence des acteurs locaux. L\u2019objectif est de r\u00e9duire la d\u00e9pendance aux experts \u00e9trangers en formant des g\u00e9ologues, foreurs, techniciens et ing\u00e9nieurs sp\u00e9cialis\u00e9s. Des partenariats sont envisag\u00e9s avec des universit\u00e9s r\u00e9gionales comme l\u2019UWI (University of the West Indies) et l\u2019Universit\u00e9 des Antilles pour cr\u00e9er des cursus adapt\u00e9s.<\/p>\n<p>Ainsi, la coop\u00e9ration g\u00e9othermique dans la Cara\u00efbe n\u2019est pas seulement un projet technique : elle s\u2019inscrit dans une dynamique de transformation des syst\u00e8mes \u00e9ducatifs, industriels et institutionnels, au b\u00e9n\u00e9fice d\u2019une autonomie accrue.<\/p>\t\t\t\t\t\t\t\t<\/div>\n\t\t\t\t<\/div>\n\t\t\t\t\t<\/div>\n\t\t<\/div>\n\t\t\t\t\t<\/div>\n\t\t<\/section>\n\t\t\t\t<section class=\"elementor-section elementor-top-section elementor-element elementor-element-785e02e elementor-section-boxed elementor-section-height-default elementor-section-height-default\" data-id=\"785e02e\" data-element_type=\"section\">\n\t\t\t\t\t\t<div class=\"elementor-container elementor-column-gap-default\">\n\t\t\t\t\t<div class=\"elementor-column elementor-col-100 elementor-top-column elementor-element elementor-element-861678f\" data-id=\"861678f\" data-element_type=\"column\">\n\t\t\t<div class=\"elementor-widget-wrap elementor-element-populated\">\n\t\t\t\t\t\t<div class=\"elementor-element elementor-element-89105ba elementor-widget elementor-widget-heading\" data-id=\"89105ba\" data-element_type=\"widget\" data-widget_type=\"heading.default\">\n\t\t\t\t<div class=\"elementor-widget-container\">\n\t\t\t\t\t<h2 class=\"elementor-heading-title elementor-size-default\">Partenariats financiers et soutien multilat\u00e9ral\n<\/h2>\t\t\t\t<\/div>\n\t\t\t\t<\/div>\n\t\t\t\t<div class=\"elementor-element elementor-element-7778ba6 elementor-widget elementor-widget-text-editor\" data-id=\"7778ba6\" data-element_type=\"widget\" data-widget_type=\"text-editor.default\">\n\t\t\t\t<div class=\"elementor-widget-container\">\n\t\t\t\t\t\t\t\t\t<p>Cette initiative b\u00e9n\u00e9ficie du soutien de plusieurs bailleurs de fonds internationaux. Outre la CDB, le projet est appuy\u00e9 par l\u2019Union europ\u00e9enne via le programme GCCA+, le Fonds vert pour le climat, et la Banque interam\u00e9ricaine de d\u00e9veloppement. Ces acteurs apportent une expertise pr\u00e9cieuse pour structurer le projet selon des standards internationaux, tout en veillant \u00e0 son ad\u00e9quation avec les sp\u00e9cificit\u00e9s insulaires.<\/p>\n<p>La r\u00e9ussite de la coop\u00e9ration g\u00e9othermique dans la Cara\u00efbe d\u00e9pendra n\u00e9anmoins de la volont\u00e9 politique des gouvernements concern\u00e9s, de leur capacit\u00e9 \u00e0 partager les responsabilit\u00e9s, et de la solidit\u00e9 des m\u00e9canismes juridiques encadrant l\u2019usage de la foreuse.<\/p>\t\t\t\t\t\t\t\t<\/div>\n\t\t\t\t<\/div>\n\t\t\t\t<div class=\"elementor-element elementor-element-8aac8dd elementor-widget elementor-widget-image\" data-id=\"8aac8dd\" data-element_type=\"widget\" data-widget_type=\"image.default\">\n\t\t\t\t<div class=\"elementor-widget-container\">\n\t\t\t\t\t\t\t\t\t\t\t\t<figure class=\"wp-caption\">\n\t\t\t\t\t\t\t\t\t\t<img loading=\"lazy\" decoding=\"async\" width=\"800\" height=\"467\" src=\"https:\/\/richeskarayib.com\/wp-content\/uploads\/2025\/07\/OECO-1024x598.webp\" class=\"attachment-large size-large wp-image-57148\" alt=\"coop\u00e9ration g\u00e9othermique dans la Cara\u00efbe\" srcset=\"https:\/\/richeskarayib.com\/wp-content\/uploads\/2025\/07\/OECO-1024x598.webp 1024w, https:\/\/richeskarayib.com\/wp-content\/uploads\/2025\/07\/OECO-300x175.webp 300w, https:\/\/richeskarayib.com\/wp-content\/uploads\/2025\/07\/OECO-768x449.webp 768w, https:\/\/richeskarayib.com\/wp-content\/uploads\/2025\/07\/OECO-1536x898.webp 1536w, https:\/\/richeskarayib.com\/wp-content\/uploads\/2025\/07\/OECO-1320x771.webp 1320w, https:\/\/richeskarayib.com\/wp-content\/uploads\/2025\/07\/OECO.webp 1920w\" sizes=\"(max-width: 800px) 100vw, 800px\" \/>\t\t\t\t\t\t\t\t\t\t\t<figcaption class=\"widget-image-caption wp-caption-text\">\u00a9OECO<\/figcaption>\n\t\t\t\t\t\t\t\t\t\t<\/figure>\n\t\t\t\t\t\t\t\t\t<\/div>\n\t\t\t\t<\/div>\n\t\t\t\t\t<\/div>\n\t\t<\/div>\n\t\t\t\t\t<\/div>\n\t\t<\/section>\n\t\t\t\t<section class=\"elementor-section elementor-top-section elementor-element elementor-element-27d38a3 elementor-section-boxed elementor-section-height-default elementor-section-height-default\" data-id=\"27d38a3\" data-element_type=\"section\">\n\t\t\t\t\t\t<div class=\"elementor-container elementor-column-gap-default\">\n\t\t\t\t\t<div class=\"elementor-column elementor-col-100 elementor-top-column elementor-element elementor-element-06b31b5\" data-id=\"06b31b5\" data-element_type=\"column\">\n\t\t\t<div class=\"elementor-widget-wrap elementor-element-populated\">\n\t\t\t\t\t\t<div class=\"elementor-element elementor-element-f5796e8 elementor-widget elementor-widget-heading\" data-id=\"f5796e8\" data-element_type=\"widget\" data-widget_type=\"heading.default\">\n\t\t\t\t<div class=\"elementor-widget-container\">\n\t\t\t\t\t<h2 class=\"elementor-heading-title elementor-size-default\">Une ambition collective pour la Cara\u00efbe de demain<\/h2>\t\t\t\t<\/div>\n\t\t\t\t<\/div>\n\t\t\t\t<div class=\"elementor-element elementor-element-3863dbc elementor-widget elementor-widget-text-editor\" data-id=\"3863dbc\" data-element_type=\"widget\" data-widget_type=\"text-editor.default\">\n\t\t\t\t<div class=\"elementor-widget-container\">\n\t\t\t\t\t\t\t\t\t<p>Plus qu\u2019un projet technique, la coop\u00e9ration g\u00e9othermique dans la Cara\u00efbe incarne une vision r\u00e9gionale audacieuse. En unissant leurs forces, les pays de l\u2019OECO posent les bases d\u2019une strat\u00e9gie \u00e9nerg\u00e9tique int\u00e9gr\u00e9e, r\u00e9siliente et tourn\u00e9e vers l\u2019avenir. Si elle aboutit, la coop\u00e9ration g\u00e9othermique dans la Cara\u00efbe pourrait devenir un mod\u00e8le pour d\u2019autres initiatives de mutualisation dans les domaines de l\u2019eau, des transports ou de la sant\u00e9.<\/p>\n<p>Elle t\u00e9moigne d\u2019une conviction partag\u00e9e : face aux d\u00e9fis globaux, la Cara\u00efbe peut construire des solutions locales, durables et solidaires.<\/p>\t\t\t\t\t\t\t\t<\/div>\n\t\t\t\t<\/div>\n\t\t\t\t\t<\/div>\n\t\t<\/div>\n\t\t\t\t\t<\/div>\n\t\t<\/section>\n\t\t\t\t<\/div>\n\t\t","protected":false},"excerpt":{"rendered":"<p>Une dynamique r\u00e9gionale face \u00e0 la d\u00e9pendance \u00e9nerg\u00e9tique La coop\u00e9ration g\u00e9othermique dans la Cara\u00efbe s\u2019impose aujourd\u2019hui comme une r\u00e9ponse strat\u00e9gique aux d\u00e9fis \u00e9nerg\u00e9tiques communs des \u00c9tats membres de l\u2019Organisation des \u00c9tats de la Cara\u00efbe orientale (OECO). Face \u00e0 la volatilit\u00e9 des prix des \u00e9nergies fossiles et \u00e0 la n\u00e9cessit\u00e9 d&#8217;une transition bas-carbone, plusieurs territoires insulaires [&hellip;]<\/p>\n","protected":false},"author":662,"featured_media":57140,"comment_status":"open","ping_status":"open","sticky":false,"template":"","format":"standard","meta":{"_acf_changed":false,"footnotes":""},"categories":[840],"tags":[1716,1643,1697,1680,1744,1675],"class_list":["post-57139","post","type-post","status-publish","format-standard","has-post-thumbnail","hentry","category-actus","tag-dominique-fr-2","tag-grenade","tag-montserrat","tag-saint-kitts-et-nevis","tag-saint-vincent-et-les-grenadines","tag-sainte-lucie-2"],"acf":[],"_links":{"self":[{"href":"https:\/\/richeskarayib.com\/fr\/wp-json\/wp\/v2\/posts\/57139","targetHints":{"allow":["GET"]}}],"collection":[{"href":"https:\/\/richeskarayib.com\/fr\/wp-json\/wp\/v2\/posts"}],"about":[{"href":"https:\/\/richeskarayib.com\/fr\/wp-json\/wp\/v2\/types\/post"}],"author":[{"embeddable":true,"href":"https:\/\/richeskarayib.com\/fr\/wp-json\/wp\/v2\/users\/662"}],"replies":[{"embeddable":true,"href":"https:\/\/richeskarayib.com\/fr\/wp-json\/wp\/v2\/comments?post=57139"}],"version-history":[{"count":0,"href":"https:\/\/richeskarayib.com\/fr\/wp-json\/wp\/v2\/posts\/57139\/revisions"}],"wp:featuredmedia":[{"embeddable":true,"href":"https:\/\/richeskarayib.com\/fr\/wp-json\/wp\/v2\/media\/57140"}],"wp:attachment":[{"href":"https:\/\/richeskarayib.com\/fr\/wp-json\/wp\/v2\/media?parent=57139"}],"wp:term":[{"taxonomy":"category","embeddable":true,"href":"https:\/\/richeskarayib.com\/fr\/wp-json\/wp\/v2\/categories?post=57139"},{"taxonomy":"post_tag","embeddable":true,"href":"https:\/\/richeskarayib.com\/fr\/wp-json\/wp\/v2\/tags?post=57139"}],"curies":[{"name":"wp","href":"https:\/\/api.w.org\/{rel}","templated":true}]}}