{"id":57248,"date":"2025-07-17T12:48:37","date_gmt":"2025-07-17T16:48:37","guid":{"rendered":"https:\/\/richeskarayib.com\/?p=57248"},"modified":"2025-07-17T12:48:37","modified_gmt":"2025-07-17T16:48:37","slug":"jennifer-geerlings-simons-femme-presidente","status":"publish","type":"post","link":"https:\/\/richeskarayib.com\/fr\/jennifer-geerlings-simons-femme-presidente\/","title":{"rendered":"Jennifer Geerlings-Simons, premi\u00e8re femme pr\u00e9sidente du Suriname : un mod\u00e8le inspirant pour les g\u00e9n\u00e9rations carib\u00e9ennes"},"content":{"rendered":"\t\t<div data-elementor-type=\"wp-post\" data-elementor-id=\"57248\" class=\"elementor elementor-57248\" data-elementor-post-type=\"post\">\n\t\t\t\t\t\t<section class=\"elementor-section elementor-top-section elementor-element elementor-element-63274e9 elementor-section-boxed elementor-section-height-default elementor-section-height-default\" data-id=\"63274e9\" data-element_type=\"section\">\n\t\t\t\t\t\t<div class=\"elementor-container elementor-column-gap-default\">\n\t\t\t\t\t<div class=\"elementor-column elementor-col-100 elementor-top-column elementor-element elementor-element-50500d6\" data-id=\"50500d6\" data-element_type=\"column\">\n\t\t\t<div class=\"elementor-widget-wrap elementor-element-populated\">\n\t\t\t\t\t\t<div class=\"elementor-element elementor-element-a485770 elementor-widget elementor-widget-text-editor\" data-id=\"a485770\" data-element_type=\"widget\" data-widget_type=\"text-editor.default\">\n\t\t\t\t<div class=\"elementor-widget-container\">\n\t\t\t\t\t\t\t\t\t<p>Le 16 juillet 2025, <a href=\"https:\/\/www.guadeloupe.franceantilles.fr\/actualite\/politique\/le-suriname-aura-pour-la-premiere-fois-de-son-histoire-une-femme-comme-premiere-presidente-a-partir-du-16-juillet-1042049.php\" target=\"_blank\" rel=\"noopener nofollow\">Jennifer Geerlings-Simons<\/a> a pr\u00eat\u00e9 serment en tant que premi\u00e8re femme pr\u00e9sidente du <a href=\"https:\/\/richeskarayib.com\/fr\/suriname-protection-tortues-marines-gouvernance-regionale-oceans\/\" target=\"_blank\" rel=\"noopener\">Suriname<\/a>. Cette investiture historique n\u2019est pas simplement un changement de visage \u00e0 la t\u00eate de l\u2019\u00c9tat : elle marque une transformation profonde des mentalit\u00e9s, dans un pays o\u00f9 la diversit\u00e9 culturelle est aussi vaste que ses for\u00eats primaires. Femme de conviction, m\u00e9decin de formation, parlementaire de longue date, Jennifer Geerlings-Simons incarne une nouvelle figure du leadership, fond\u00e9e sur l\u2019\u00e9coute, la transmission, et l\u2019universalit\u00e9 des droits.<\/p>\t\t\t\t\t\t\t\t<\/div>\n\t\t\t\t<\/div>\n\t\t\t\t<section class=\"elementor-section elementor-inner-section elementor-element elementor-element-9db0422 elementor-section-boxed elementor-section-height-default elementor-section-height-default\" data-id=\"9db0422\" data-element_type=\"section\">\n\t\t\t\t\t\t<div class=\"elementor-container elementor-column-gap-default\">\n\t\t\t\t\t\t<\/div>\n\t\t<\/section>\n\t\t\t\t\t<\/div>\n\t\t<\/div>\n\t\t\t\t\t<\/div>\n\t\t<\/section>\n\t\t\t\t<section class=\"elementor-section elementor-top-section elementor-element elementor-element-7ca7ca1 elementor-section-boxed elementor-section-height-default elementor-section-height-default\" data-id=\"7ca7ca1\" data-element_type=\"section\">\n\t\t\t\t\t\t<div class=\"elementor-container elementor-column-gap-default\">\n\t\t\t\t\t<div class=\"elementor-column elementor-col-100 elementor-top-column elementor-element elementor-element-cbdd002\" data-id=\"cbdd002\" data-element_type=\"column\">\n\t\t\t<div class=\"elementor-widget-wrap elementor-element-populated\">\n\t\t\t\t\t\t<div class=\"elementor-element elementor-element-da17f8d elementor-widget elementor-widget-heading\" data-id=\"da17f8d\" data-element_type=\"widget\" data-widget_type=\"heading.default\">\n\t\t\t\t<div class=\"elementor-widget-container\">\n\t\t\t\t\t<h2 class=\"elementor-heading-title elementor-size-default\">Une femme m\u00e9decin au service du bien commun\n<\/h2>\t\t\t\t<\/div>\n\t\t\t\t<\/div>\n\t\t\t\t<section class=\"elementor-section elementor-inner-section elementor-element elementor-element-bc94849 elementor-section-boxed elementor-section-height-default elementor-section-height-default\" data-id=\"bc94849\" data-element_type=\"section\">\n\t\t\t\t\t\t<div class=\"elementor-container elementor-column-gap-default\">\n\t\t\t\t\t\t<\/div>\n\t\t<\/section>\n\t\t\t\t<div class=\"elementor-element elementor-element-209c746 elementor-widget elementor-widget-text-editor\" data-id=\"209c746\" data-element_type=\"widget\" data-widget_type=\"text-editor.default\">\n\t\t\t\t<div class=\"elementor-widget-container\">\n\t\t\t\t\t\t\t\t\t<p>N\u00e9e le 5 septembre 1953 \u00e0 Paramaribo, Jennifer Geerlings-Simons a d\u2019abord consacr\u00e9 sa vie \u00e0 la m\u00e9decine, avant m\u00eame de songer \u00e0 la sph\u00e8re publique. Dipl\u00f4m\u00e9e de l\u2019universit\u00e9 Anton de Kom, elle a travaill\u00e9 pr\u00e8s de trente ans comme m\u00e9decin g\u00e9n\u00e9raliste dans le secteur public. Sp\u00e9cialis\u00e9e en dermatologie et engag\u00e9e tr\u00e8s t\u00f4t dans la lutte contre les infections sexuellement transmissibles, elle s\u2019est illustr\u00e9e par sa capacit\u00e9 \u00e0 cr\u00e9er des ponts entre la sant\u00e9, l\u2019\u00e9ducation et le d\u00e9veloppement communautaire.<\/p>\n<p>Cette exp\u00e9rience de terrain, elle la revendique comme fondement de sa vision humaniste. Pour elle, diriger un pays, c\u2019est comprendre les r\u00e9alit\u00e9s quotidiennes de ses habitants. Cette proximit\u00e9 constitue l\u2019une des cl\u00e9s de son approche : mettre la personne au centre, \u00e9couter avant d\u2019agir, et s\u2019appuyer sur les comp\u00e9tences locales pour b\u00e2tir un avenir collectif.<\/p>\t\t\t\t\t\t\t\t<\/div>\n\t\t\t\t<\/div>\n\t\t\t\t<section class=\"elementor-section elementor-inner-section elementor-element elementor-element-f4c5f46 elementor-section-boxed elementor-section-height-default elementor-section-height-default\" data-id=\"f4c5f46\" data-element_type=\"section\">\n\t\t\t\t\t\t<div class=\"elementor-container elementor-column-gap-default\">\n\t\t\t\t\t<div class=\"elementor-column elementor-col-100 elementor-inner-column elementor-element elementor-element-7c8b001\" data-id=\"7c8b001\" data-element_type=\"column\">\n\t\t\t<div class=\"elementor-widget-wrap elementor-element-populated\">\n\t\t\t\t\t\t<div class=\"elementor-element elementor-element-2308ed5 elementor-widget elementor-widget-image\" data-id=\"2308ed5\" data-element_type=\"widget\" data-widget_type=\"image.default\">\n\t\t\t\t<div class=\"elementor-widget-container\">\n\t\t\t\t\t\t\t\t\t\t\t\t<figure class=\"wp-caption\">\n\t\t\t\t\t\t\t\t\t\t<img fetchpriority=\"high\" decoding=\"async\" width=\"800\" height=\"572\" src=\"https:\/\/richeskarayib.com\/wp-content\/uploads\/2025\/07\/Jennifer-Geerlings-Simons-la-premiere-femme-presidente-du-Suriname.-\u2022\u00a9PETROLEUMAG.jpg\" class=\"attachment-large size-large wp-image-57253\" alt=\"Jennifer Geerlings-Simons\" srcset=\"https:\/\/richeskarayib.com\/wp-content\/uploads\/2025\/07\/Jennifer-Geerlings-Simons-la-premiere-femme-presidente-du-Suriname.-\u2022\u00a9PETROLEUMAG.jpg 1000w, https:\/\/richeskarayib.com\/wp-content\/uploads\/2025\/07\/Jennifer-Geerlings-Simons-la-premiere-femme-presidente-du-Suriname.-\u2022\u00a9PETROLEUMAG-300x215.jpg 300w, https:\/\/richeskarayib.com\/wp-content\/uploads\/2025\/07\/Jennifer-Geerlings-Simons-la-premiere-femme-presidente-du-Suriname.-\u2022\u00a9PETROLEUMAG-768x549.jpg 768w\" sizes=\"(max-width: 800px) 100vw, 800px\" \/>\t\t\t\t\t\t\t\t\t\t\t<figcaption class=\"widget-image-caption wp-caption-text\">Jennifer Geerlings-Simons, la premi\u00e8re femme pr\u00e9sidente du Suriname. \u2022\u00a9PETROLEUMAG<\/figcaption>\n\t\t\t\t\t\t\t\t\t\t<\/figure>\n\t\t\t\t\t\t\t\t\t<\/div>\n\t\t\t\t<\/div>\n\t\t\t\t\t<\/div>\n\t\t<\/div>\n\t\t\t\t\t<\/div>\n\t\t<\/section>\n\t\t\t\t<section class=\"elementor-section elementor-inner-section elementor-element elementor-element-61571e6 elementor-section-boxed elementor-section-height-default elementor-section-height-default\" data-id=\"61571e6\" data-element_type=\"section\">\n\t\t\t\t\t\t<div class=\"elementor-container elementor-column-gap-default\">\n\t\t\t\t\t\t<\/div>\n\t\t<\/section>\n\t\t\t\t<section class=\"elementor-section elementor-inner-section elementor-element elementor-element-b6262e0 elementor-section-boxed elementor-section-height-default elementor-section-height-default\" data-id=\"b6262e0\" data-element_type=\"section\">\n\t\t\t\t\t\t<div class=\"elementor-container elementor-column-gap-default\">\n\t\t\t\t\t\t<\/div>\n\t\t<\/section>\n\t\t\t\t<section class=\"elementor-section elementor-inner-section elementor-element elementor-element-cca29fd elementor-section-boxed elementor-section-height-default elementor-section-height-default\" data-id=\"cca29fd\" data-element_type=\"section\">\n\t\t\t\t\t\t<div class=\"elementor-container elementor-column-gap-default\">\n\t\t\t\t\t\t<\/div>\n\t\t<\/section>\n\t\t\t\t\t<\/div>\n\t\t<\/div>\n\t\t\t\t\t<\/div>\n\t\t<\/section>\n\t\t\t\t<section class=\"elementor-section elementor-top-section elementor-element elementor-element-0db9090 elementor-section-boxed elementor-section-height-default elementor-section-height-default\" data-id=\"0db9090\" data-element_type=\"section\">\n\t\t\t\t\t\t<div class=\"elementor-container elementor-column-gap-default\">\n\t\t\t\t\t<div class=\"elementor-column elementor-col-100 elementor-top-column elementor-element elementor-element-2296183\" data-id=\"2296183\" data-element_type=\"column\">\n\t\t\t<div class=\"elementor-widget-wrap elementor-element-populated\">\n\t\t\t\t\t\t<div class=\"elementor-element elementor-element-9576154 elementor-widget elementor-widget-heading\" data-id=\"9576154\" data-element_type=\"widget\" data-widget_type=\"heading.default\">\n\t\t\t\t<div class=\"elementor-widget-container\">\n\t\t\t\t\t<h2 class=\"elementor-heading-title elementor-size-default\">Une carri\u00e8re forg\u00e9e dans la rigueur et la continuit\u00e9<\/h2>\t\t\t\t<\/div>\n\t\t\t\t<\/div>\n\t\t\t\t<div class=\"elementor-element elementor-element-500981c elementor-widget elementor-widget-text-editor\" data-id=\"500981c\" data-element_type=\"widget\" data-widget_type=\"text-editor.default\">\n\t\t\t\t<div class=\"elementor-widget-container\">\n\t\t\t\t\t\t\t\t\t<p>Si <a href=\"https:\/\/www.espaces-latinos.org\/archives\/128511\" target=\"_blank\" rel=\"noopener nofollow\">Jennifer Geerlings-Simons<\/a> est aujourd\u2019hui pr\u00e9sidente, c\u2019est le fruit d\u2019un long cheminement, marqu\u00e9 par la constance, la discr\u00e9tion et l\u2019exigence. \u00c9lue pour la premi\u00e8re fois en 1996 \u00e0 l\u2019Assembl\u00e9e nationale, elle a gagn\u00e9 la confiance de ses pairs \u00e0 force de travail et d\u2019int\u00e9grit\u00e9. Elle y est rest\u00e9e sans discontinuer pendant 24 ans, dont dix \u00e0 la pr\u00e9sidence de l\u2019Assembl\u00e9e, devenant une figure de stabilit\u00e9 dans un environnement institutionnel parfois chahut\u00e9.<\/p>\n<p>Mais jamais elle ne s\u2019est pr\u00e9sent\u00e9e comme une femme de pouvoir. Ce qui l\u2019anime, c\u2019est l\u2019id\u00e9e de service. Durant son discours d\u2019investiture, elle a d\u00e9clar\u00e9 : \u00ab J\u2019ai appris \u00e0 prendre soin avant de diriger. Mon m\u00e9tier m\u2019a appris \u00e0 respecter la vie, \u00e0 ne pas juger, et \u00e0 penser long terme. \u00bb Ces mots r\u00e9sument la mani\u00e8re dont elle aborde sa nouvelle fonction : non comme un sommet \u00e0 conqu\u00e9rir, mais comme une mission \u00e0 accomplir.<\/p>\t\t\t\t\t\t\t\t<\/div>\n\t\t\t\t<\/div>\n\t\t\t\t<section class=\"elementor-section elementor-inner-section elementor-element elementor-element-62fca46 elementor-section-boxed elementor-section-height-default elementor-section-height-default\" data-id=\"62fca46\" data-element_type=\"section\">\n\t\t\t\t\t\t<div class=\"elementor-container elementor-column-gap-default\">\n\t\t\t\t\t<div class=\"elementor-column elementor-col-100 elementor-inner-column elementor-element elementor-element-1b964ed\" data-id=\"1b964ed\" data-element_type=\"column\">\n\t\t\t<div class=\"elementor-widget-wrap elementor-element-populated\">\n\t\t\t\t\t\t<div class=\"elementor-element elementor-element-0de60b3 elementor-widget elementor-widget-image\" data-id=\"0de60b3\" data-element_type=\"widget\" data-widget_type=\"image.default\">\n\t\t\t\t<div class=\"elementor-widget-container\">\n\t\t\t\t\t\t\t\t\t\t\t\t<figure class=\"wp-caption\">\n\t\t\t\t\t\t\t\t\t\t<img decoding=\"async\" width=\"800\" height=\"534\" src=\"https:\/\/richeskarayib.com\/wp-content\/uploads\/2025\/07\/\u00a9CTG-Collectivite-Territoriale-de-Guyane-3-1024x683.jpg\" class=\"attachment-large size-large wp-image-57265\" alt=\"Jennifer Geerlings-Simons\" srcset=\"https:\/\/richeskarayib.com\/wp-content\/uploads\/2025\/07\/\u00a9CTG-Collectivite-Territoriale-de-Guyane-3-1024x683.jpg 1024w, https:\/\/richeskarayib.com\/wp-content\/uploads\/2025\/07\/\u00a9CTG-Collectivite-Territoriale-de-Guyane-3-300x200.jpg 300w, https:\/\/richeskarayib.com\/wp-content\/uploads\/2025\/07\/\u00a9CTG-Collectivite-Territoriale-de-Guyane-3-768x512.jpg 768w, https:\/\/richeskarayib.com\/wp-content\/uploads\/2025\/07\/\u00a9CTG-Collectivite-Territoriale-de-Guyane-3-1536x1025.jpg 1536w, https:\/\/richeskarayib.com\/wp-content\/uploads\/2025\/07\/\u00a9CTG-Collectivite-Territoriale-de-Guyane-3-1320x881.jpg 1320w, https:\/\/richeskarayib.com\/wp-content\/uploads\/2025\/07\/\u00a9CTG-Collectivite-Territoriale-de-Guyane-3.jpg 1920w\" sizes=\"(max-width: 800px) 100vw, 800px\" \/>\t\t\t\t\t\t\t\t\t\t\t<figcaption class=\"widget-image-caption wp-caption-text\">\u00a9CTG Collectivit\u00e9 Territoriale de Guyane<\/figcaption>\n\t\t\t\t\t\t\t\t\t\t<\/figure>\n\t\t\t\t\t\t\t\t\t<\/div>\n\t\t\t\t<\/div>\n\t\t\t\t\t<\/div>\n\t\t<\/div>\n\t\t\t\t\t<\/div>\n\t\t<\/section>\n\t\t\t\t\t<\/div>\n\t\t<\/div>\n\t\t\t\t\t<\/div>\n\t\t<\/section>\n\t\t\t\t<section class=\"elementor-section elementor-top-section elementor-element elementor-element-7b2ef92 elementor-section-boxed elementor-section-height-default elementor-section-height-default\" data-id=\"7b2ef92\" data-element_type=\"section\">\n\t\t\t\t\t\t<div class=\"elementor-container elementor-column-gap-default\">\n\t\t\t\t\t<div class=\"elementor-column elementor-col-100 elementor-top-column elementor-element elementor-element-e8712b4\" data-id=\"e8712b4\" data-element_type=\"column\">\n\t\t\t<div class=\"elementor-widget-wrap elementor-element-populated\">\n\t\t\t\t\t\t<div class=\"elementor-element elementor-element-37e0414 elementor-widget elementor-widget-heading\" data-id=\"37e0414\" data-element_type=\"widget\" data-widget_type=\"heading.default\">\n\t\t\t\t<div class=\"elementor-widget-container\">\n\t\t\t\t\t<h2 class=\"elementor-heading-title elementor-size-default\">Un message d\u2019\u00e9mancipation pour les femmes de la Cara\u00efbe\n<\/h2>\t\t\t\t<\/div>\n\t\t\t\t<\/div>\n\t\t\t\t<div class=\"elementor-element elementor-element-fa5cc24 elementor-widget elementor-widget-text-editor\" data-id=\"fa5cc24\" data-element_type=\"widget\" data-widget_type=\"text-editor.default\">\n\t\t\t\t<div class=\"elementor-widget-container\">\n\t\t\t\t\t\t\t\t\t<p>L\u2019\u00e9lection de Jennifer Geerlings-Simons d\u00e9passe les fronti\u00e8res du Suriname. Elle envoie un signal puissant \u00e0 toutes les femmes de la <a href=\"https:\/\/richeskarayib.com\/fr\/cooperation-geothermique-dans-la-caraibe-oeco\/\" target=\"_blank\" rel=\"noopener\">Cara\u00efbe<\/a> et d\u2019Am\u00e9rique du Sud : acc\u00e9der \u00e0 la plus haute fonction de l\u2019\u00c9tat n\u2019est plus une exception, c\u2019est une voie d\u00e9sormais ouverte.<\/p>\n<p>\u00c0 71 ans, elle devient un mod\u00e8le d\u2019accomplissement tardif, prouvant qu\u2019il n\u2019est jamais trop tard pour concr\u00e9tiser une ambition port\u00e9e par l\u2019int\u00e9r\u00eat g\u00e9n\u00e9ral. Dans un environnement r\u00e9gional o\u00f9 les femmes restent sous-repr\u00e9sent\u00e9es dans les fonctions de d\u00e9cision, sa pr\u00e9sence \u00e0 la t\u00eate de l\u2019\u00c9tat vient combler un vide symbolique.<\/p>\t\t\t\t\t\t\t\t<\/div>\n\t\t\t\t<\/div>\n\t\t\t\t<div class=\"elementor-element elementor-element-c2fe49e elementor-widget elementor-widget-text-editor\" data-id=\"c2fe49e\" data-element_type=\"widget\" data-widget_type=\"text-editor.default\">\n\t\t\t\t<div class=\"elementor-widget-container\">\n\t\t\t\t\t\t\t\t\t<p>Jennifer Geerlings-Simons ne revendique pas pour autant un leadership fond\u00e9 sur le genre. Mais elle reconna\u00eet la port\u00e9e de son \u00e9lection pour toutes celles qui n\u2019osent pas franchir les barri\u00e8res. \u00ab Si mon parcours peut inspirer ne serait-ce qu\u2019une jeune fille \u00e0 croire en elle, alors cette responsabilit\u00e9 prend tout son sens \u00bb, confiait-elle r\u00e9cemment.<\/p>\t\t\t\t\t\t\t\t<\/div>\n\t\t\t\t<\/div>\n\t\t\t\t<section class=\"elementor-section elementor-inner-section elementor-element elementor-element-709a5bc elementor-section-boxed elementor-section-height-default elementor-section-height-default\" data-id=\"709a5bc\" data-element_type=\"section\">\n\t\t\t\t\t\t<div class=\"elementor-container elementor-column-gap-default\">\n\t\t\t\t\t<div class=\"elementor-column elementor-col-50 elementor-inner-column elementor-element elementor-element-4d80b45\" data-id=\"4d80b45\" data-element_type=\"column\">\n\t\t\t<div class=\"elementor-widget-wrap elementor-element-populated\">\n\t\t\t\t\t\t<div class=\"elementor-element elementor-element-5e17f77 elementor-widget elementor-widget-image\" data-id=\"5e17f77\" data-element_type=\"widget\" data-widget_type=\"image.default\">\n\t\t\t\t<div class=\"elementor-widget-container\">\n\t\t\t\t\t\t\t\t\t\t\t\t<figure class=\"wp-caption\">\n\t\t\t\t\t\t\t\t\t\t<img decoding=\"async\" width=\"800\" height=\"533\" src=\"https:\/\/richeskarayib.com\/wp-content\/uploads\/2025\/07\/\u00a9CTG-Collectivite-Territoriale-de-Guyane-1024x682.jpg\" class=\"attachment-large size-large wp-image-57257\" alt=\"Jennifer Geerlings-Simons\" srcset=\"https:\/\/richeskarayib.com\/wp-content\/uploads\/2025\/07\/\u00a9CTG-Collectivite-Territoriale-de-Guyane-1024x682.jpg 1024w, https:\/\/richeskarayib.com\/wp-content\/uploads\/2025\/07\/\u00a9CTG-Collectivite-Territoriale-de-Guyane-300x200.jpg 300w, https:\/\/richeskarayib.com\/wp-content\/uploads\/2025\/07\/\u00a9CTG-Collectivite-Territoriale-de-Guyane-768x512.jpg 768w, https:\/\/richeskarayib.com\/wp-content\/uploads\/2025\/07\/\u00a9CTG-Collectivite-Territoriale-de-Guyane.jpg 1280w\" sizes=\"(max-width: 800px) 100vw, 800px\" \/>\t\t\t\t\t\t\t\t\t\t\t<figcaption class=\"widget-image-caption wp-caption-text\">\u00a9CTG Collectivit\u00e9 Territoriale de Guyane<\/figcaption>\n\t\t\t\t\t\t\t\t\t\t<\/figure>\n\t\t\t\t\t\t\t\t\t<\/div>\n\t\t\t\t<\/div>\n\t\t\t\t\t<\/div>\n\t\t<\/div>\n\t\t\t\t<div class=\"elementor-column elementor-col-50 elementor-inner-column elementor-element elementor-element-29517cc\" data-id=\"29517cc\" data-element_type=\"column\">\n\t\t\t<div class=\"elementor-widget-wrap elementor-element-populated\">\n\t\t\t\t\t\t<div class=\"elementor-element elementor-element-d703d04 elementor-widget elementor-widget-image\" data-id=\"d703d04\" data-element_type=\"widget\" data-widget_type=\"image.default\">\n\t\t\t\t<div class=\"elementor-widget-container\">\n\t\t\t\t\t\t\t\t\t\t\t\t<figure class=\"wp-caption\">\n\t\t\t\t\t\t\t\t\t\t<img loading=\"lazy\" decoding=\"async\" width=\"800\" height=\"533\" src=\"https:\/\/richeskarayib.com\/wp-content\/uploads\/2025\/07\/\u00a9Ouest-Guyane-1-1024x682.jpg\" class=\"attachment-large size-large wp-image-57261\" alt=\"Jennifer Geerlings-Simons\" srcset=\"https:\/\/richeskarayib.com\/wp-content\/uploads\/2025\/07\/\u00a9Ouest-Guyane-1-1024x682.jpg 1024w, https:\/\/richeskarayib.com\/wp-content\/uploads\/2025\/07\/\u00a9Ouest-Guyane-1-300x200.jpg 300w, https:\/\/richeskarayib.com\/wp-content\/uploads\/2025\/07\/\u00a9Ouest-Guyane-1-768x512.jpg 768w, https:\/\/richeskarayib.com\/wp-content\/uploads\/2025\/07\/\u00a9Ouest-Guyane-1.jpg 1280w\" sizes=\"(max-width: 800px) 100vw, 800px\" \/>\t\t\t\t\t\t\t\t\t\t\t<figcaption class=\"widget-image-caption wp-caption-text\">\u00a9Ouest Guyane<\/figcaption>\n\t\t\t\t\t\t\t\t\t\t<\/figure>\n\t\t\t\t\t\t\t\t\t<\/div>\n\t\t\t\t<\/div>\n\t\t\t\t\t<\/div>\n\t\t<\/div>\n\t\t\t\t\t<\/div>\n\t\t<\/section>\n\t\t\t\t\t<\/div>\n\t\t<\/div>\n\t\t\t\t\t<\/div>\n\t\t<\/section>\n\t\t\t\t<section class=\"elementor-section elementor-top-section elementor-element elementor-element-e011a0f elementor-section-boxed elementor-section-height-default elementor-section-height-default\" data-id=\"e011a0f\" data-element_type=\"section\">\n\t\t\t\t\t\t<div class=\"elementor-container elementor-column-gap-default\">\n\t\t\t\t\t<div class=\"elementor-column elementor-col-100 elementor-top-column elementor-element elementor-element-91c6ea5\" data-id=\"91c6ea5\" data-element_type=\"column\">\n\t\t\t<div class=\"elementor-widget-wrap elementor-element-populated\">\n\t\t\t\t\t\t<div class=\"elementor-element elementor-element-3193622 elementor-widget elementor-widget-heading\" data-id=\"3193622\" data-element_type=\"widget\" data-widget_type=\"heading.default\">\n\t\t\t\t<div class=\"elementor-widget-container\">\n\t\t\t\t\t<h2 class=\"elementor-heading-title elementor-size-default\">Une nouvelle \u00e8re dans la gouvernance carib\u00e9enne<\/h2>\t\t\t\t<\/div>\n\t\t\t\t<\/div>\n\t\t\t\t<div class=\"elementor-element elementor-element-d6b77ee elementor-widget elementor-widget-text-editor\" data-id=\"d6b77ee\" data-element_type=\"widget\" data-widget_type=\"text-editor.default\">\n\t\t\t\t<div class=\"elementor-widget-container\">\n\t\t\t\t\t\t\t\t\t<p>En rejoignant Mia Mottley \u00e0 la Barbade ou Claudia Sheinbaum au Mexique, Jennifer Geerlings-Simons inscrit son nom dans un mouvement profond de r\u00e9invention de la gouvernance dans les Am\u00e9riques. Mais sa singularit\u00e9 r\u00e9side dans la mani\u00e8re dont elle conjugue humilit\u00e9 et d\u00e9termination.<\/p>\n<p>Ce n\u2019est pas tant l\u2019autorit\u00e9 qu\u2019elle incarne, mais l\u2019attention. Pas le verbe fort, mais l\u2019\u00e9coute active. Son mandat repose sur la conviction que le leadership ne se mesure pas \u00e0 l\u2019ampleur des discours, mais \u00e0 la constance des actes. Dans une r\u00e9gion souvent travers\u00e9e par les crises, cette approche calme, r\u00e9siliente et structurante peut faire \u00e9cole.<\/p>\t\t\t\t\t\t\t\t<\/div>\n\t\t\t\t<\/div>\n\t\t\t\t<section class=\"elementor-section elementor-inner-section elementor-element elementor-element-c380ce3 elementor-section-boxed elementor-section-height-default elementor-section-height-default\" data-id=\"c380ce3\" data-element_type=\"section\">\n\t\t\t\t\t\t<div class=\"elementor-container elementor-column-gap-default\">\n\t\t\t\t\t<div class=\"elementor-column elementor-col-50 elementor-inner-column elementor-element elementor-element-7ea5e49\" data-id=\"7ea5e49\" data-element_type=\"column\">\n\t\t\t<div class=\"elementor-widget-wrap elementor-element-populated\">\n\t\t\t\t\t\t<div class=\"elementor-element elementor-element-11a1838 elementor-widget elementor-widget-image\" data-id=\"11a1838\" data-element_type=\"widget\" data-widget_type=\"image.default\">\n\t\t\t\t<div class=\"elementor-widget-container\">\n\t\t\t\t\t\t\t\t\t\t\t\t<figure class=\"wp-caption\">\n\t\t\t\t\t\t\t\t\t\t<img loading=\"lazy\" decoding=\"async\" width=\"800\" height=\"533\" src=\"https:\/\/richeskarayib.com\/wp-content\/uploads\/2025\/07\/\u00a9Ouest-Guyane-2-1024x682.jpg\" class=\"attachment-large size-large wp-image-57269\" alt=\"Jennifer Geerlings-Simons\" srcset=\"https:\/\/richeskarayib.com\/wp-content\/uploads\/2025\/07\/\u00a9Ouest-Guyane-2-1024x682.jpg 1024w, https:\/\/richeskarayib.com\/wp-content\/uploads\/2025\/07\/\u00a9Ouest-Guyane-2-300x200.jpg 300w, https:\/\/richeskarayib.com\/wp-content\/uploads\/2025\/07\/\u00a9Ouest-Guyane-2-768x512.jpg 768w, https:\/\/richeskarayib.com\/wp-content\/uploads\/2025\/07\/\u00a9Ouest-Guyane-2.jpg 1280w\" sizes=\"(max-width: 800px) 100vw, 800px\" \/>\t\t\t\t\t\t\t\t\t\t\t<figcaption class=\"widget-image-caption wp-caption-text\">\u00a9Ouest Guyane<\/figcaption>\n\t\t\t\t\t\t\t\t\t\t<\/figure>\n\t\t\t\t\t\t\t\t\t<\/div>\n\t\t\t\t<\/div>\n\t\t\t\t\t<\/div>\n\t\t<\/div>\n\t\t\t\t<div class=\"elementor-column elementor-col-50 elementor-inner-column elementor-element elementor-element-95b1b44\" data-id=\"95b1b44\" data-element_type=\"column\">\n\t\t\t<div class=\"elementor-widget-wrap elementor-element-populated\">\n\t\t\t\t\t\t<div class=\"elementor-element elementor-element-84e2b1b elementor-widget elementor-widget-image\" data-id=\"84e2b1b\" data-element_type=\"widget\" data-widget_type=\"image.default\">\n\t\t\t\t<div class=\"elementor-widget-container\">\n\t\t\t\t\t\t\t\t\t\t\t\t<figure class=\"wp-caption\">\n\t\t\t\t\t\t\t\t\t\t<img loading=\"lazy\" decoding=\"async\" width=\"800\" height=\"533\" src=\"https:\/\/richeskarayib.com\/wp-content\/uploads\/2025\/07\/\u00a9CTG-Collectivite-Territoriale-de-Guyane-2-1024x682.jpg\" class=\"attachment-large size-large wp-image-57273\" alt=\"Jennifer Geerlings-Simons\" srcset=\"https:\/\/richeskarayib.com\/wp-content\/uploads\/2025\/07\/\u00a9CTG-Collectivite-Territoriale-de-Guyane-2-1024x682.jpg 1024w, https:\/\/richeskarayib.com\/wp-content\/uploads\/2025\/07\/\u00a9CTG-Collectivite-Territoriale-de-Guyane-2-300x200.jpg 300w, https:\/\/richeskarayib.com\/wp-content\/uploads\/2025\/07\/\u00a9CTG-Collectivite-Territoriale-de-Guyane-2-768x512.jpg 768w, https:\/\/richeskarayib.com\/wp-content\/uploads\/2025\/07\/\u00a9CTG-Collectivite-Territoriale-de-Guyane-2.jpg 1280w\" sizes=\"(max-width: 800px) 100vw, 800px\" \/>\t\t\t\t\t\t\t\t\t\t\t<figcaption class=\"widget-image-caption wp-caption-text\">\u00a9CTG Collectivit\u00e9 Territoriale de Guyane<\/figcaption>\n\t\t\t\t\t\t\t\t\t\t<\/figure>\n\t\t\t\t\t\t\t\t\t<\/div>\n\t\t\t\t<\/div>\n\t\t\t\t\t<\/div>\n\t\t<\/div>\n\t\t\t\t\t<\/div>\n\t\t<\/section>\n\t\t\t\t<section class=\"elementor-section elementor-inner-section elementor-element elementor-element-f4ac157 elementor-section-boxed elementor-section-height-default elementor-section-height-default\" data-id=\"f4ac157\" data-element_type=\"section\">\n\t\t\t\t\t\t<div class=\"elementor-container elementor-column-gap-default\">\n\t\t\t\t\t<div class=\"elementor-column elementor-col-50 elementor-inner-column elementor-element elementor-element-0f23a01\" data-id=\"0f23a01\" data-element_type=\"column\">\n\t\t\t<div class=\"elementor-widget-wrap elementor-element-populated\">\n\t\t\t\t\t\t<div class=\"elementor-element elementor-element-5ddcb0f elementor-widget elementor-widget-image\" data-id=\"5ddcb0f\" data-element_type=\"widget\" data-widget_type=\"image.default\">\n\t\t\t\t<div class=\"elementor-widget-container\">\n\t\t\t\t\t\t\t\t\t\t\t\t<figure class=\"wp-caption\">\n\t\t\t\t\t\t\t\t\t\t<img loading=\"lazy\" decoding=\"async\" width=\"800\" height=\"533\" src=\"https:\/\/richeskarayib.com\/wp-content\/uploads\/2025\/07\/\u00a9Ouest-Guyane-1024x682.jpg\" class=\"attachment-large size-large wp-image-57277\" alt=\"Jennifer Geerlings-Simons\" srcset=\"https:\/\/richeskarayib.com\/wp-content\/uploads\/2025\/07\/\u00a9Ouest-Guyane-1024x682.jpg 1024w, https:\/\/richeskarayib.com\/wp-content\/uploads\/2025\/07\/\u00a9Ouest-Guyane-300x200.jpg 300w, https:\/\/richeskarayib.com\/wp-content\/uploads\/2025\/07\/\u00a9Ouest-Guyane-768x512.jpg 768w, https:\/\/richeskarayib.com\/wp-content\/uploads\/2025\/07\/\u00a9Ouest-Guyane.jpg 1280w\" sizes=\"(max-width: 800px) 100vw, 800px\" \/>\t\t\t\t\t\t\t\t\t\t\t<figcaption class=\"widget-image-caption wp-caption-text\">\u00a9Ouest Guyane<\/figcaption>\n\t\t\t\t\t\t\t\t\t\t<\/figure>\n\t\t\t\t\t\t\t\t\t<\/div>\n\t\t\t\t<\/div>\n\t\t\t\t\t<\/div>\n\t\t<\/div>\n\t\t\t\t<div class=\"elementor-column elementor-col-50 elementor-inner-column elementor-element elementor-element-7e54b7b\" data-id=\"7e54b7b\" data-element_type=\"column\">\n\t\t\t<div class=\"elementor-widget-wrap elementor-element-populated\">\n\t\t\t\t\t\t<div class=\"elementor-element elementor-element-9f1de6e elementor-widget elementor-widget-image\" data-id=\"9f1de6e\" data-element_type=\"widget\" data-widget_type=\"image.default\">\n\t\t\t\t<div class=\"elementor-widget-container\">\n\t\t\t\t\t\t\t\t\t\t\t\t<figure class=\"wp-caption\">\n\t\t\t\t\t\t\t\t\t\t<img loading=\"lazy\" decoding=\"async\" width=\"800\" height=\"600\" src=\"https:\/\/richeskarayib.com\/wp-content\/uploads\/2025\/07\/\u00a9CTG-Collectivite-Territoriale-de-Guyane-1-1024x768.jpg\" class=\"attachment-large size-large wp-image-57281\" alt=\"Jennifer Geerlings-Simons\" srcset=\"https:\/\/richeskarayib.com\/wp-content\/uploads\/2025\/07\/\u00a9CTG-Collectivite-Territoriale-de-Guyane-1-1024x768.jpg 1024w, https:\/\/richeskarayib.com\/wp-content\/uploads\/2025\/07\/\u00a9CTG-Collectivite-Territoriale-de-Guyane-1-300x225.jpg 300w, https:\/\/richeskarayib.com\/wp-content\/uploads\/2025\/07\/\u00a9CTG-Collectivite-Territoriale-de-Guyane-1-768x576.jpg 768w, https:\/\/richeskarayib.com\/wp-content\/uploads\/2025\/07\/\u00a9CTG-Collectivite-Territoriale-de-Guyane-1.jpg 1280w\" sizes=\"(max-width: 800px) 100vw, 800px\" \/>\t\t\t\t\t\t\t\t\t\t\t<figcaption class=\"widget-image-caption wp-caption-text\">\u00a9CTG Collectivit\u00e9 Territoriale de Guyane<\/figcaption>\n\t\t\t\t\t\t\t\t\t\t<\/figure>\n\t\t\t\t\t\t\t\t\t<\/div>\n\t\t\t\t<\/div>\n\t\t\t\t\t<\/div>\n\t\t<\/div>\n\t\t\t\t\t<\/div>\n\t\t<\/section>\n\t\t\t\t\t<\/div>\n\t\t<\/div>\n\t\t\t\t\t<\/div>\n\t\t<\/section>\n\t\t\t\t<section class=\"elementor-section elementor-top-section elementor-element elementor-element-3b5cd3a elementor-section-boxed elementor-section-height-default elementor-section-height-default\" data-id=\"3b5cd3a\" data-element_type=\"section\">\n\t\t\t\t\t\t<div class=\"elementor-container elementor-column-gap-default\">\n\t\t\t\t\t<div class=\"elementor-column elementor-col-100 elementor-top-column elementor-element elementor-element-fb1a451\" data-id=\"fb1a451\" data-element_type=\"column\">\n\t\t\t<div class=\"elementor-widget-wrap elementor-element-populated\">\n\t\t\t\t\t\t<div class=\"elementor-element elementor-element-822a438 elementor-widget elementor-widget-text-editor\" data-id=\"822a438\" data-element_type=\"widget\" data-widget_type=\"text-editor.default\">\n\t\t\t\t<div class=\"elementor-widget-container\">\n\t\t\t\t\t\t\t\t\t<p>L\u2019\u00e9lection de Jennifer Geerlings-Simons comme premi\u00e8re femme pr\u00e9sidente du Suriname ne repr\u00e9sente pas seulement une avanc\u00e9e institutionnelle. Elle incarne une rupture de style, une r\u00e9affirmation des valeurs humaines dans l\u2019exercice du pouvoir, et une source d\u2019inspiration pour toutes celles et ceux qui croient en une gouvernance fond\u00e9e sur le soin, l\u2019\u00e9quit\u00e9 et la responsabilit\u00e9.<\/p>\t\t\t\t\t\t\t\t<\/div>\n\t\t\t\t<\/div>\n\t\t\t\t<div class=\"elementor-element elementor-element-41e40d6 elementor-widget elementor-widget-text-editor\" data-id=\"41e40d6\" data-element_type=\"widget\" data-widget_type=\"text-editor.default\">\n\t\t\t\t<div class=\"elementor-widget-container\">\n\t\t\t\t\t\t\t\t\t<p>\u00c0 travers son parcours, c\u2019est une autre voie qui s\u2019ouvre pour la Cara\u00efbe : celle d\u2019un leadership apais\u00e9, port\u00e9 par l\u2019exp\u00e9rience de vie, la connaissance du terrain et une foi in\u00e9branlable dans les capacit\u00e9s collectives. Pour le Suriname, c\u2019est une femme qui prend la t\u00eate. Pour la r\u00e9gion, c\u2019est un message d\u2019avenir.<\/p>\t\t\t\t\t\t\t\t<\/div>\n\t\t\t\t<\/div>\n\t\t\t\t\t<\/div>\n\t\t<\/div>\n\t\t\t\t\t<\/div>\n\t\t<\/section>\n\t\t\t\t<\/div>\n\t\t","protected":false},"excerpt":{"rendered":"<p>Le 16 juillet 2025, Jennifer Geerlings-Simons a pr\u00eat\u00e9 serment en tant que premi\u00e8re femme pr\u00e9sidente du Suriname. Cette investiture historique n\u2019est pas simplement un changement de visage \u00e0 la t\u00eate de l\u2019\u00c9tat : elle marque une transformation profonde des mentalit\u00e9s, dans un pays o\u00f9 la diversit\u00e9 culturelle est aussi vaste que ses for\u00eats primaires. Femme [&hellip;]<\/p>\n","protected":false},"author":662,"featured_media":57249,"comment_status":"open","ping_status":"open","sticky":false,"template":"","format":"standard","meta":{"_acf_changed":false,"footnotes":""},"categories":[840],"tags":[1635],"class_list":["post-57248","post","type-post","status-publish","format-standard","has-post-thumbnail","hentry","category-actus","tag-suriname-2"],"acf":[],"_links":{"self":[{"href":"https:\/\/richeskarayib.com\/fr\/wp-json\/wp\/v2\/posts\/57248","targetHints":{"allow":["GET"]}}],"collection":[{"href":"https:\/\/richeskarayib.com\/fr\/wp-json\/wp\/v2\/posts"}],"about":[{"href":"https:\/\/richeskarayib.com\/fr\/wp-json\/wp\/v2\/types\/post"}],"author":[{"embeddable":true,"href":"https:\/\/richeskarayib.com\/fr\/wp-json\/wp\/v2\/users\/662"}],"replies":[{"embeddable":true,"href":"https:\/\/richeskarayib.com\/fr\/wp-json\/wp\/v2\/comments?post=57248"}],"version-history":[{"count":0,"href":"https:\/\/richeskarayib.com\/fr\/wp-json\/wp\/v2\/posts\/57248\/revisions"}],"wp:featuredmedia":[{"embeddable":true,"href":"https:\/\/richeskarayib.com\/fr\/wp-json\/wp\/v2\/media\/57249"}],"wp:attachment":[{"href":"https:\/\/richeskarayib.com\/fr\/wp-json\/wp\/v2\/media?parent=57248"}],"wp:term":[{"taxonomy":"category","embeddable":true,"href":"https:\/\/richeskarayib.com\/fr\/wp-json\/wp\/v2\/categories?post=57248"},{"taxonomy":"post_tag","embeddable":true,"href":"https:\/\/richeskarayib.com\/fr\/wp-json\/wp\/v2\/tags?post=57248"}],"curies":[{"name":"wp","href":"https:\/\/api.w.org\/{rel}","templated":true}]}}