{"id":57288,"date":"2025-07-18T07:00:21","date_gmt":"2025-07-18T11:00:21","guid":{"rendered":"https:\/\/richeskarayib.com\/?p=57288"},"modified":"2025-07-21T01:48:09","modified_gmt":"2025-07-21T05:48:09","slug":"la-plage-de-grandes-cayes-saint-martin","status":"publish","type":"post","link":"https:\/\/richeskarayib.com\/fr\/la-plage-de-grandes-cayes-saint-martin\/","title":{"rendered":"La plage de Grandes Cayes : un havre sauvage au c\u0153ur de Saint-Martin"},"content":{"rendered":"\t\t<div data-elementor-type=\"wp-post\" data-elementor-id=\"57288\" class=\"elementor elementor-57288\" data-elementor-post-type=\"post\">\n\t\t\t\t\t\t<section class=\"elementor-section elementor-top-section elementor-element elementor-element-63274e9 elementor-section-boxed elementor-section-height-default elementor-section-height-default\" data-id=\"63274e9\" data-element_type=\"section\">\n\t\t\t\t\t\t<div class=\"elementor-container elementor-column-gap-default\">\n\t\t\t\t\t<div class=\"elementor-column elementor-col-100 elementor-top-column elementor-element elementor-element-50500d6\" data-id=\"50500d6\" data-element_type=\"column\">\n\t\t\t<div class=\"elementor-widget-wrap elementor-element-populated\">\n\t\t\t\t\t\t<div class=\"elementor-element elementor-element-a485770 elementor-widget elementor-widget-text-editor\" data-id=\"a485770\" data-element_type=\"widget\" data-widget_type=\"text-editor.default\">\n\t\t\t\t<div class=\"elementor-widget-container\">\n\t\t\t\t\t\t\t\t\t<p>La plage de <a href=\"https:\/\/www.wearesxm.com\/fr\/top-spots\/petites-grand-cayes-beach\/\" target=\"_blank\" rel=\"noopener nofollow\">Grandes Cayes<\/a> se hisse en t\u00eate d\u00e8s que l\u2019on \u00e9voque la beaut\u00e9 sauvage et authentique de <a href=\"https:\/\/richeskarayib.com\/fr\/saint-martin-ecosystemes-marins-urgence\/\" target=\"_blank\" rel=\"noopener\">Saint-Martin<\/a>. Ce littoral, prot\u00e9g\u00e9 par la R\u00e9serve Naturelle Nationale, offre un d\u00e9cor o\u00f9 la nature r\u00e8gne en ma\u00eetre, loin des foules et de l\u2019agitation. Au fil des ann\u00e9es, la plage de Grandes Cayes a su conserver son identit\u00e9 : autrefois le lieu de rassemblement des familles pour les barbecues dominicaux, aujourd\u2019hui un espace pr\u00e9serv\u00e9 o\u00f9 le sable blanc s\u2019\u00e9tend \u00e0 perte de vue, sous le regard paisible de l\u2019\u00eele de Tintamarre.<\/p>\t\t\t\t\t\t\t\t<\/div>\n\t\t\t\t<\/div>\n\t\t\t\t<section class=\"elementor-section elementor-inner-section elementor-element elementor-element-9db0422 elementor-section-boxed elementor-section-height-default elementor-section-height-default\" data-id=\"9db0422\" data-element_type=\"section\">\n\t\t\t\t\t\t<div class=\"elementor-container elementor-column-gap-default\">\n\t\t\t\t\t\t<\/div>\n\t\t<\/section>\n\t\t\t\t\t<\/div>\n\t\t<\/div>\n\t\t\t\t\t<\/div>\n\t\t<\/section>\n\t\t\t\t<section class=\"elementor-section elementor-top-section elementor-element elementor-element-7ca7ca1 elementor-section-boxed elementor-section-height-default elementor-section-height-default\" data-id=\"7ca7ca1\" data-element_type=\"section\">\n\t\t\t\t\t\t<div class=\"elementor-container elementor-column-gap-default\">\n\t\t\t\t\t<div class=\"elementor-column elementor-col-100 elementor-top-column elementor-element elementor-element-cbdd002\" data-id=\"cbdd002\" data-element_type=\"column\">\n\t\t\t<div class=\"elementor-widget-wrap elementor-element-populated\">\n\t\t\t\t\t\t<div class=\"elementor-element elementor-element-da17f8d elementor-widget elementor-widget-heading\" data-id=\"da17f8d\" data-element_type=\"widget\" data-widget_type=\"heading.default\">\n\t\t\t\t<div class=\"elementor-widget-container\">\n\t\t\t\t\t<h2 class=\"elementor-heading-title elementor-size-default\">Une richesse \u00e9cologique exceptionnelle<\/h2>\t\t\t\t<\/div>\n\t\t\t\t<\/div>\n\t\t\t\t<section class=\"elementor-section elementor-inner-section elementor-element elementor-element-bc94849 elementor-section-boxed elementor-section-height-default elementor-section-height-default\" data-id=\"bc94849\" data-element_type=\"section\">\n\t\t\t\t\t\t<div class=\"elementor-container elementor-column-gap-default\">\n\t\t\t\t\t\t<\/div>\n\t\t<\/section>\n\t\t\t\t<div class=\"elementor-element elementor-element-209c746 elementor-widget elementor-widget-text-editor\" data-id=\"209c746\" data-element_type=\"widget\" data-widget_type=\"text-editor.default\">\n\t\t\t\t<div class=\"elementor-widget-container\">\n\t\t\t\t\t\t\t\t\t<h3><b>Un site class\u00e9 en R\u00e9serve Naturelle Nationale<\/b><\/h3>\n<p>Il ne suffit pas d\u2019un simple coup d\u2019\u0153il pour saisir toute la biodiversit\u00e9 qui anime la plage de Grandes Cayes. La majorit\u00e9 du site b\u00e9n\u00e9ficie d\u2019un statut de protection int\u00e9grale. \u00c0 chaque saison, les tortues marines choisissent cette plage pour y d\u00e9poser leurs \u0153ufs, pr\u00e9servant ainsi un cycle naturel pr\u00e9cieux. La v\u00e9g\u00e9tation littorale, domin\u00e9e par des cactus majestueux et d\u2019autres esp\u00e8ces x\u00e9rophiles, fa\u00e7onne un paysage typique du nord de Saint-Martin, au pied du massif de Red Rock.<\/p>\t\t\t\t\t\t\t\t<\/div>\n\t\t\t\t<\/div>\n\t\t\t\t<div class=\"elementor-element elementor-element-fd44d02 elementor-widget elementor-widget-text-editor\" data-id=\"fd44d02\" data-element_type=\"widget\" data-widget_type=\"text-editor.default\">\n\t\t\t\t<div class=\"elementor-widget-container\">\n\t\t\t\t\t\t\t\t\t<h3><b>Une faune et une flore remarquables<\/b><\/h3>\n<p>Le relief entourant la plage de <a href=\"https:\/\/www.st-martin.org\/grandes-cayes-une-plage-sauvage\/\" target=\"_blank\" rel=\"noopener nofollow\">Grandes Cayes<\/a> abrite des gommiers rouges, des mapous, des poiriers pays ou encore le rare ga\u00efac, tous prot\u00e9g\u00e9s par la r\u00e9glementation stricte de la r\u00e9serve. Les promeneurs attentifs y distingueront peut-\u00eatre des orchid\u00e9es rares ou des iguanes ray\u00e9s, esp\u00e8ce aujourd\u2019hui envahissante ayant remplac\u00e9 l\u2019iguane des Petites Antilles. Ce territoire est aussi le refuge de l\u00e9zards end\u00e9miques, tels que les anolis, scinques et geckos, v\u00e9ritables petits gardiens de ce patrimoine \u00e9cologique.<\/p>\t\t\t\t\t\t\t\t<\/div>\n\t\t\t\t<\/div>\n\t\t\t\t<section class=\"elementor-section elementor-inner-section elementor-element elementor-element-cf72923 elementor-section-boxed elementor-section-height-default elementor-section-height-default\" data-id=\"cf72923\" data-element_type=\"section\">\n\t\t\t\t\t\t<div class=\"elementor-container elementor-column-gap-default\">\n\t\t\t\t\t<div class=\"elementor-column elementor-col-100 elementor-inner-column elementor-element elementor-element-61a49ff\" data-id=\"61a49ff\" data-element_type=\"column\">\n\t\t\t<div class=\"elementor-widget-wrap elementor-element-populated\">\n\t\t\t\t\t\t<div class=\"elementor-element elementor-element-8e78b91 elementor-widget elementor-widget-image\" data-id=\"8e78b91\" data-element_type=\"widget\" data-widget_type=\"image.default\">\n\t\t\t\t<div class=\"elementor-widget-container\">\n\t\t\t\t\t\t\t\t\t\t\t\t<figure class=\"wp-caption\">\n\t\t\t\t\t\t\t\t\t\t<img fetchpriority=\"high\" decoding=\"async\" width=\"600\" height=\"400\" src=\"https:\/\/richeskarayib.com\/wp-content\/uploads\/2025\/07\/\u00a9wearesxm.webp\" class=\"attachment-large size-large wp-image-57297\" alt=\"La plage de Grandes Cayes\" srcset=\"https:\/\/richeskarayib.com\/wp-content\/uploads\/2025\/07\/\u00a9wearesxm.webp 600w, https:\/\/richeskarayib.com\/wp-content\/uploads\/2025\/07\/\u00a9wearesxm-300x200.webp 300w\" sizes=\"(max-width: 600px) 100vw, 600px\" \/>\t\t\t\t\t\t\t\t\t\t\t<figcaption class=\"widget-image-caption wp-caption-text\">\u00a9wearesxm<\/figcaption>\n\t\t\t\t\t\t\t\t\t\t<\/figure>\n\t\t\t\t\t\t\t\t\t<\/div>\n\t\t\t\t<\/div>\n\t\t\t\t\t<\/div>\n\t\t<\/div>\n\t\t\t\t\t<\/div>\n\t\t<\/section>\n\t\t\t\t<section class=\"elementor-section elementor-inner-section elementor-element elementor-element-61571e6 elementor-section-boxed elementor-section-height-default elementor-section-height-default\" data-id=\"61571e6\" data-element_type=\"section\">\n\t\t\t\t\t\t<div class=\"elementor-container elementor-column-gap-default\">\n\t\t\t\t\t\t<\/div>\n\t\t<\/section>\n\t\t\t\t<section class=\"elementor-section elementor-inner-section elementor-element elementor-element-b6262e0 elementor-section-boxed elementor-section-height-default elementor-section-height-default\" data-id=\"b6262e0\" data-element_type=\"section\">\n\t\t\t\t\t\t<div class=\"elementor-container elementor-column-gap-default\">\n\t\t\t\t\t\t<\/div>\n\t\t<\/section>\n\t\t\t\t<section class=\"elementor-section elementor-inner-section elementor-element elementor-element-cca29fd elementor-section-boxed elementor-section-height-default elementor-section-height-default\" data-id=\"cca29fd\" data-element_type=\"section\">\n\t\t\t\t\t\t<div class=\"elementor-container elementor-column-gap-default\">\n\t\t\t\t\t\t<\/div>\n\t\t<\/section>\n\t\t\t\t\t<\/div>\n\t\t<\/div>\n\t\t\t\t\t<\/div>\n\t\t<\/section>\n\t\t\t\t<section class=\"elementor-section elementor-top-section elementor-element elementor-element-0db9090 elementor-section-boxed elementor-section-height-default elementor-section-height-default\" data-id=\"0db9090\" data-element_type=\"section\">\n\t\t\t\t\t\t<div class=\"elementor-container elementor-column-gap-default\">\n\t\t\t\t\t<div class=\"elementor-column elementor-col-100 elementor-top-column elementor-element elementor-element-2296183\" data-id=\"2296183\" data-element_type=\"column\">\n\t\t\t<div class=\"elementor-widget-wrap elementor-element-populated\">\n\t\t\t\t\t\t<div class=\"elementor-element elementor-element-9576154 elementor-widget elementor-widget-heading\" data-id=\"9576154\" data-element_type=\"widget\" data-widget_type=\"heading.default\">\n\t\t\t\t<div class=\"elementor-widget-container\">\n\t\t\t\t\t<h2 class=\"elementor-heading-title elementor-size-default\">Des paysages fa\u00e7onn\u00e9s par la mer et la roche<\/h2>\t\t\t\t<\/div>\n\t\t\t\t<\/div>\n\t\t\t\t<div class=\"elementor-element elementor-element-500981c elementor-widget elementor-widget-text-editor\" data-id=\"500981c\" data-element_type=\"widget\" data-widget_type=\"text-editor.default\">\n\t\t\t\t<div class=\"elementor-widget-container\">\n\t\t\t\t\t\t\t\t\t<h3><b>Un front de mer spectaculaire<\/b><\/h3>\n<p>Les rouleaux de l\u2019Atlantique viennent l\u00e9cher la plage de Grandes Cayes, expos\u00e9e plein nord-est, mais la barri\u00e8re corallienne prot\u00e8ge la baie et l\u2019\u00eelet Pinel des assauts les plus puissants. Ce r\u00e9cif, enserrant une passe \u00e9troite, sert d\u2019abri aux herbiers marins. Entre trois et sept m\u00e8tres de profondeur, raies, tortues et requins s\u2019y croisent fr\u00e9quemment : ce sanctuaire sert de nurserie \u00e0 nombre d\u2019esp\u00e8ces aquatiques, comme l\u2019explique Julien Chalifour, directeur adjoint de la R\u00e9serve Naturelle.<\/p>\t\t\t\t\t\t\t\t<\/div>\n\t\t\t\t<\/div>\n\t\t\t\t<div class=\"elementor-element elementor-element-a2e55bf elementor-widget elementor-widget-text-editor\" data-id=\"a2e55bf\" data-element_type=\"widget\" data-widget_type=\"text-editor.default\">\n\t\t\t\t<div class=\"elementor-widget-container\">\n\t\t\t\t\t\t\t\t\t<h3><b>Deux sentiers pour s\u2019immerger dans la nature<\/b><\/h3>\n<p>Le site n\u2019est pas qu\u2019une destination de contemplation ; il invite aussi \u00e0 la d\u00e9couverte p\u00e9destre. Au nord, le sentier des Froussards guide les marcheurs jusqu\u2019\u00e0 l\u2019anse Marcel, serpentant \u00e0 travers une v\u00e9g\u00e9tation luxuriante. Au sud, une autre piste longe la colline par le littoral, promettant des points de vue saisissants sur l\u2019\u00eelet Pinel et la mer en contrebas.<\/p>\t\t\t\t\t\t\t\t<\/div>\n\t\t\t\t<\/div>\n\t\t\t\t<section class=\"elementor-section elementor-inner-section elementor-element elementor-element-f6eb9e5 elementor-section-boxed elementor-section-height-default elementor-section-height-default\" data-id=\"f6eb9e5\" data-element_type=\"section\">\n\t\t\t\t\t\t<div class=\"elementor-container elementor-column-gap-default\">\n\t\t\t\t\t<div class=\"elementor-column elementor-col-100 elementor-inner-column elementor-element elementor-element-84227a6\" data-id=\"84227a6\" data-element_type=\"column\">\n\t\t\t<div class=\"elementor-widget-wrap elementor-element-populated\">\n\t\t\t\t\t\t<div class=\"elementor-element elementor-element-6b39534 elementor-widget elementor-widget-image\" data-id=\"6b39534\" data-element_type=\"widget\" data-widget_type=\"image.default\">\n\t\t\t\t<div class=\"elementor-widget-container\">\n\t\t\t\t\t\t\t\t\t\t\t\t<figure class=\"wp-caption\">\n\t\t\t\t\t\t\t\t\t\t<img decoding=\"async\" width=\"800\" height=\"534\" src=\"https:\/\/richeskarayib.com\/wp-content\/uploads\/2025\/07\/\u00a9wearesxm-2-1024x683.webp\" class=\"attachment-large size-large wp-image-57301\" alt=\"La plage de Grandes Cayes\" srcset=\"https:\/\/richeskarayib.com\/wp-content\/uploads\/2025\/07\/\u00a9wearesxm-2-1024x683.webp 1024w, https:\/\/richeskarayib.com\/wp-content\/uploads\/2025\/07\/\u00a9wearesxm-2-300x200.webp 300w, https:\/\/richeskarayib.com\/wp-content\/uploads\/2025\/07\/\u00a9wearesxm-2-768x512.webp 768w, https:\/\/richeskarayib.com\/wp-content\/uploads\/2025\/07\/\u00a9wearesxm-2.webp 1200w\" sizes=\"(max-width: 800px) 100vw, 800px\" \/>\t\t\t\t\t\t\t\t\t\t\t<figcaption class=\"widget-image-caption wp-caption-text\">\u00a9wearesxm<\/figcaption>\n\t\t\t\t\t\t\t\t\t\t<\/figure>\n\t\t\t\t\t\t\t\t\t<\/div>\n\t\t\t\t<\/div>\n\t\t\t\t\t<\/div>\n\t\t<\/div>\n\t\t\t\t\t<\/div>\n\t\t<\/section>\n\t\t\t\t\t<\/div>\n\t\t<\/div>\n\t\t\t\t\t<\/div>\n\t\t<\/section>\n\t\t\t\t<section class=\"elementor-section elementor-top-section elementor-element elementor-element-7b2ef92 elementor-section-boxed elementor-section-height-default elementor-section-height-default\" data-id=\"7b2ef92\" data-element_type=\"section\">\n\t\t\t\t\t\t<div class=\"elementor-container elementor-column-gap-default\">\n\t\t\t\t\t<div class=\"elementor-column elementor-col-100 elementor-top-column elementor-element elementor-element-e8712b4\" data-id=\"e8712b4\" data-element_type=\"column\">\n\t\t\t<div class=\"elementor-widget-wrap elementor-element-populated\">\n\t\t\t\t\t\t<div class=\"elementor-element elementor-element-37e0414 elementor-widget elementor-widget-heading\" data-id=\"37e0414\" data-element_type=\"widget\" data-widget_type=\"heading.default\">\n\t\t\t\t<div class=\"elementor-widget-container\">\n\t\t\t\t\t<h2 class=\"elementor-heading-title elementor-size-default\">Un lieu authentique, loin de l\u2019am\u00e9nagement touristique<\/h2>\t\t\t\t<\/div>\n\t\t\t\t<\/div>\n\t\t\t\t<div class=\"elementor-element elementor-element-fa5cc24 elementor-widget elementor-widget-text-editor\" data-id=\"fa5cc24\" data-element_type=\"widget\" data-widget_type=\"text-editor.default\">\n\t\t\t\t<div class=\"elementor-widget-container\">\n\t\t\t\t\t\t\t\t\t<h3><b>S\u00e9r\u00e9nit\u00e9 et simplicit\u00e9 absolues<\/b><\/h3>\n<p>La plage de Grandes Cayes offre une exp\u00e9rience rare dans la Cara\u00efbe : ici, aucun am\u00e9nagement, aucun service, rien que le calme et l\u2019espace pour renouer avec l\u2019essentiel. Il est conseill\u00e9 d\u2019apporter de quoi se restaurer et s\u2019hydrater, car la nature reprend ses droits. L\u2019endroit respire la paix, et l\u2019on croise \u00e0 peine d\u2019autres promeneurs : id\u00e9al pour qui cherche la tranquillit\u00e9 loin des plages conventionnelles.<\/p>\t\t\t\t\t\t\t\t<\/div>\n\t\t\t\t<\/div>\n\t\t\t\t<div class=\"elementor-element elementor-element-c2fe49e elementor-widget elementor-widget-text-editor\" data-id=\"c2fe49e\" data-element_type=\"widget\" data-widget_type=\"text-editor.default\">\n\t\t\t\t<div class=\"elementor-widget-container\">\n\t\t\t\t\t\t\t\t\t<h3><b>Un patrimoine \u00e0 prot\u00e9ger<\/b><\/h3>\n<p>Forte de sa biodiversit\u00e9, la plage de Grandes Cayes fait l\u2019objet d\u2019un projet de restauration visant \u00e0 renforcer sa protection. Ce chantier, en cours d\u2019\u00e9laboration, t\u00e9moigne de l\u2019engagement constant en faveur d\u2019une gestion raisonn\u00e9e du site, pour que chacun, expert naturaliste ou visiteur curieux, y trouve mati\u00e8re \u00e0 s\u2019\u00e9merveiller et \u00e0 apprendre.<\/p>\t\t\t\t\t\t\t\t<\/div>\n\t\t\t\t<\/div>\n\t\t\t\t<section class=\"elementor-section elementor-inner-section elementor-element elementor-element-a12acaa elementor-section-boxed elementor-section-height-default elementor-section-height-default\" data-id=\"a12acaa\" data-element_type=\"section\">\n\t\t\t\t\t\t<div class=\"elementor-container elementor-column-gap-default\">\n\t\t\t\t\t<div class=\"elementor-column elementor-col-50 elementor-inner-column elementor-element elementor-element-0d60c8c\" data-id=\"0d60c8c\" data-element_type=\"column\">\n\t\t\t<div class=\"elementor-widget-wrap elementor-element-populated\">\n\t\t\t\t\t\t<div class=\"elementor-element elementor-element-9305326 elementor-widget elementor-widget-image\" data-id=\"9305326\" data-element_type=\"widget\" data-widget_type=\"image.default\">\n\t\t\t\t<div class=\"elementor-widget-container\">\n\t\t\t\t\t\t\t\t\t\t\t\t<figure class=\"wp-caption\">\n\t\t\t\t\t\t\t\t\t\t<img decoding=\"async\" width=\"800\" height=\"534\" src=\"https:\/\/richeskarayib.com\/wp-content\/uploads\/2025\/07\/\u00a9wearesxm-3-1024x683.webp\" class=\"attachment-large size-large wp-image-57293\" alt=\"La plage de Grandes Cayes\" srcset=\"https:\/\/richeskarayib.com\/wp-content\/uploads\/2025\/07\/\u00a9wearesxm-3-1024x683.webp 1024w, https:\/\/richeskarayib.com\/wp-content\/uploads\/2025\/07\/\u00a9wearesxm-3-300x200.webp 300w, https:\/\/richeskarayib.com\/wp-content\/uploads\/2025\/07\/\u00a9wearesxm-3-768x512.webp 768w, https:\/\/richeskarayib.com\/wp-content\/uploads\/2025\/07\/\u00a9wearesxm-3.webp 1200w\" sizes=\"(max-width: 800px) 100vw, 800px\" \/>\t\t\t\t\t\t\t\t\t\t\t<figcaption class=\"widget-image-caption wp-caption-text\">\u00a9wearesxm<\/figcaption>\n\t\t\t\t\t\t\t\t\t\t<\/figure>\n\t\t\t\t\t\t\t\t\t<\/div>\n\t\t\t\t<\/div>\n\t\t\t\t\t<\/div>\n\t\t<\/div>\n\t\t\t\t<div class=\"elementor-column elementor-col-50 elementor-inner-column elementor-element elementor-element-7cb165c\" data-id=\"7cb165c\" data-element_type=\"column\">\n\t\t\t<div class=\"elementor-widget-wrap elementor-element-populated\">\n\t\t\t\t\t\t<div class=\"elementor-element elementor-element-1cd8614 elementor-widget elementor-widget-image\" data-id=\"1cd8614\" data-element_type=\"widget\" data-widget_type=\"image.default\">\n\t\t\t\t<div class=\"elementor-widget-container\">\n\t\t\t\t\t\t\t\t\t\t\t\t<figure class=\"wp-caption\">\n\t\t\t\t\t\t\t\t\t\t<img loading=\"lazy\" decoding=\"async\" width=\"800\" height=\"600\" src=\"https:\/\/richeskarayib.com\/wp-content\/uploads\/2025\/07\/plage-grandes-cayes-\u00a9st-martin.org_-1024x768.jpg\" class=\"attachment-large size-large wp-image-57289\" alt=\"La plage de Grandes Cayes\" srcset=\"https:\/\/richeskarayib.com\/wp-content\/uploads\/2025\/07\/plage-grandes-cayes-\u00a9st-martin.org_-1024x768.jpg 1024w, https:\/\/richeskarayib.com\/wp-content\/uploads\/2025\/07\/plage-grandes-cayes-\u00a9st-martin.org_-300x225.jpg 300w, https:\/\/richeskarayib.com\/wp-content\/uploads\/2025\/07\/plage-grandes-cayes-\u00a9st-martin.org_-768x576.jpg 768w, https:\/\/richeskarayib.com\/wp-content\/uploads\/2025\/07\/plage-grandes-cayes-\u00a9st-martin.org_-1320x990.jpg 1320w, https:\/\/richeskarayib.com\/wp-content\/uploads\/2025\/07\/plage-grandes-cayes-\u00a9st-martin.org_.jpg 1440w\" sizes=\"(max-width: 800px) 100vw, 800px\" \/>\t\t\t\t\t\t\t\t\t\t\t<figcaption class=\"widget-image-caption wp-caption-text\">Grandes cayes. \u00a9st-martin.org<\/figcaption>\n\t\t\t\t\t\t\t\t\t\t<\/figure>\n\t\t\t\t\t\t\t\t\t<\/div>\n\t\t\t\t<\/div>\n\t\t\t\t\t<\/div>\n\t\t<\/div>\n\t\t\t\t\t<\/div>\n\t\t<\/section>\n\t\t\t\t\t<\/div>\n\t\t<\/div>\n\t\t\t\t\t<\/div>\n\t\t<\/section>\n\t\t\t\t<section class=\"elementor-section elementor-top-section elementor-element elementor-element-e011a0f elementor-section-boxed elementor-section-height-default elementor-section-height-default\" data-id=\"e011a0f\" data-element_type=\"section\">\n\t\t\t\t\t\t<div class=\"elementor-container elementor-column-gap-default\">\n\t\t\t\t\t<div class=\"elementor-column elementor-col-100 elementor-top-column elementor-element elementor-element-91c6ea5\" data-id=\"91c6ea5\" data-element_type=\"column\">\n\t\t\t<div class=\"elementor-widget-wrap elementor-element-populated\">\n\t\t\t\t\t\t<div class=\"elementor-element elementor-element-3193622 elementor-widget elementor-widget-heading\" data-id=\"3193622\" data-element_type=\"widget\" data-widget_type=\"heading.default\">\n\t\t\t\t<div class=\"elementor-widget-container\">\n\t\t\t\t\t<h2 class=\"elementor-heading-title elementor-size-default\">Grandes Cayes, la promesse d\u2019un retour \u00e0 l\u2019essentiel<\/h2>\t\t\t\t<\/div>\n\t\t\t\t<\/div>\n\t\t\t\t<div class=\"elementor-element elementor-element-d6b77ee elementor-widget elementor-widget-text-editor\" data-id=\"d6b77ee\" data-element_type=\"widget\" data-widget_type=\"text-editor.default\">\n\t\t\t\t<div class=\"elementor-widget-container\">\n\t\t\t\t\t\t\t\t\t<p>En foulant le sable de la plage de Grandes Cayes, c\u2019est tout Saint-Martin qui se d\u00e9voile dans sa version la plus brute et la plus authentique. Loin des clich\u00e9s, ce coin pr\u00e9serv\u00e9 distille une impression de bout du monde, o\u00f9 la nature se donne \u00e0 voir sans artifice. Que vous soyez passionn\u00e9 d\u2019\u00e9cologie ou simplement en qu\u00eate d\u2019une parenth\u00e8se apaisante, il suffit de se laisser porter par la magie de cet espace singulier.<\/p>\t\t\t\t\t\t\t\t<\/div>\n\t\t\t\t<\/div>\n\t\t\t\t\t<\/div>\n\t\t<\/div>\n\t\t\t\t\t<\/div>\n\t\t<\/section>\n\t\t\t\t<\/div>\n\t\t","protected":false},"excerpt":{"rendered":"<p>La plage de Grandes Cayes se hisse en t\u00eate d\u00e8s que l\u2019on \u00e9voque la beaut\u00e9 sauvage et authentique de Saint-Martin. Ce littoral, prot\u00e9g\u00e9 par la R\u00e9serve Naturelle Nationale, offre un d\u00e9cor o\u00f9 la nature r\u00e8gne en ma\u00eetre, loin des foules et de l\u2019agitation. Au fil des ann\u00e9es, la plage de Grandes Cayes a su conserver [&hellip;]<\/p>\n","protected":false},"author":662,"featured_media":57289,"comment_status":"open","ping_status":"open","sticky":false,"template":"","format":"standard","meta":{"_acf_changed":false,"footnotes":""},"categories":[1732],"tags":[1616],"class_list":["post-57288","post","type-post","status-publish","format-standard","has-post-thumbnail","hentry","category-tourisme","tag-saint-martin-fr"],"acf":[],"_links":{"self":[{"href":"https:\/\/richeskarayib.com\/fr\/wp-json\/wp\/v2\/posts\/57288","targetHints":{"allow":["GET"]}}],"collection":[{"href":"https:\/\/richeskarayib.com\/fr\/wp-json\/wp\/v2\/posts"}],"about":[{"href":"https:\/\/richeskarayib.com\/fr\/wp-json\/wp\/v2\/types\/post"}],"author":[{"embeddable":true,"href":"https:\/\/richeskarayib.com\/fr\/wp-json\/wp\/v2\/users\/662"}],"replies":[{"embeddable":true,"href":"https:\/\/richeskarayib.com\/fr\/wp-json\/wp\/v2\/comments?post=57288"}],"version-history":[{"count":0,"href":"https:\/\/richeskarayib.com\/fr\/wp-json\/wp\/v2\/posts\/57288\/revisions"}],"wp:featuredmedia":[{"embeddable":true,"href":"https:\/\/richeskarayib.com\/fr\/wp-json\/wp\/v2\/media\/57289"}],"wp:attachment":[{"href":"https:\/\/richeskarayib.com\/fr\/wp-json\/wp\/v2\/media?parent=57288"}],"wp:term":[{"taxonomy":"category","embeddable":true,"href":"https:\/\/richeskarayib.com\/fr\/wp-json\/wp\/v2\/categories?post=57288"},{"taxonomy":"post_tag","embeddable":true,"href":"https:\/\/richeskarayib.com\/fr\/wp-json\/wp\/v2\/tags?post=57288"}],"curies":[{"name":"wp","href":"https:\/\/api.w.org\/{rel}","templated":true}]}}