{"id":57539,"date":"2025-07-24T15:19:42","date_gmt":"2025-07-24T19:19:42","guid":{"rendered":"https:\/\/richeskarayib.com\/?p=57539"},"modified":"2025-07-24T15:19:42","modified_gmt":"2025-07-24T19:19:42","slug":"carnaval-de-sainte-lucie-economie-culture","status":"publish","type":"post","link":"https:\/\/richeskarayib.com\/fr\/carnaval-de-sainte-lucie-economie-culture\/","title":{"rendered":"Carnaval de Sainte-Lucie : un moteur \u00e9conomique et culturel r\u00e9gional"},"content":{"rendered":"\t\t<div data-elementor-type=\"wp-post\" data-elementor-id=\"57539\" class=\"elementor elementor-57539\" data-elementor-post-type=\"post\">\n\t\t\t\t\t\t<section class=\"elementor-section elementor-top-section elementor-element elementor-element-7ca7ca1 elementor-section-boxed elementor-section-height-default elementor-section-height-default\" data-id=\"7ca7ca1\" data-element_type=\"section\">\n\t\t\t\t\t\t<div class=\"elementor-container elementor-column-gap-default\">\n\t\t\t\t\t<div class=\"elementor-column elementor-col-100 elementor-top-column elementor-element elementor-element-cbdd002\" data-id=\"cbdd002\" data-element_type=\"column\">\n\t\t\t<div class=\"elementor-widget-wrap elementor-element-populated\">\n\t\t\t\t\t\t<section class=\"elementor-section elementor-inner-section elementor-element elementor-element-bc94849 elementor-section-boxed elementor-section-height-default elementor-section-height-default\" data-id=\"bc94849\" data-element_type=\"section\">\n\t\t\t\t\t\t<div class=\"elementor-container elementor-column-gap-default\">\n\t\t\t\t\t\t<\/div>\n\t\t<\/section>\n\t\t\t\t<div class=\"elementor-element elementor-element-209c746 elementor-widget elementor-widget-text-editor\" data-id=\"209c746\" data-element_type=\"widget\" data-widget_type=\"text-editor.default\">\n\t\t\t\t<div class=\"elementor-widget-container\">\n\t\t\t\t\t\t\t\t\t<p><span style=\"font-weight: 400;\">Le Carnaval de <a href=\"https:\/\/richeskarayib.com\/fr\/seatrade-2025-sainte-lucie-entre-volcans\/\" target=\"_blank\" rel=\"noopener\">Sainte-Lucie<\/a> s\u2019affirme comme une composante essentielle du d\u00e9veloppement touristique et culturel de l\u2019\u00eele. Organis\u00e9 en juillet, \u00e0 une p\u00e9riode traditionnellement moins fr\u00e9quent\u00e9e, il attire un public r\u00e9gional fid\u00e8le, venu non seulement pour les festivit\u00e9s, mais aussi pour participer activement \u00e0 l\u2019\u00e9conomie locale. En 2024, plus de 18\u202f000 visiteurs avaient franchi les fronti\u00e8res de l\u2019\u00eele durant l\u2019\u00e9v\u00e9nement, et les autorit\u00e9s esp\u00e8rent maintenir cette dynamique en 2025.<\/span><\/p>\t\t\t\t\t\t\t\t<\/div>\n\t\t\t\t<\/div>\n\t\t\t\t<section class=\"elementor-section elementor-inner-section elementor-element elementor-element-61571e6 elementor-section-boxed elementor-section-height-default elementor-section-height-default\" data-id=\"61571e6\" data-element_type=\"section\">\n\t\t\t\t\t\t<div class=\"elementor-container elementor-column-gap-default\">\n\t\t\t\t\t\t<\/div>\n\t\t<\/section>\n\t\t\t\t<section class=\"elementor-section elementor-inner-section elementor-element elementor-element-b6262e0 elementor-section-boxed elementor-section-height-default elementor-section-height-default\" data-id=\"b6262e0\" data-element_type=\"section\">\n\t\t\t\t\t\t<div class=\"elementor-container elementor-column-gap-default\">\n\t\t\t\t\t\t<\/div>\n\t\t<\/section>\n\t\t\t\t<section class=\"elementor-section elementor-inner-section elementor-element elementor-element-cca29fd elementor-section-boxed elementor-section-height-default elementor-section-height-default\" data-id=\"cca29fd\" data-element_type=\"section\">\n\t\t\t\t\t\t<div class=\"elementor-container elementor-column-gap-default\">\n\t\t\t\t\t\t<\/div>\n\t\t<\/section>\n\t\t\t\t\t<\/div>\n\t\t<\/div>\n\t\t\t\t\t<\/div>\n\t\t<\/section>\n\t\t\t\t<section class=\"elementor-section elementor-top-section elementor-element elementor-element-0db9090 elementor-section-boxed elementor-section-height-default elementor-section-height-default\" data-id=\"0db9090\" data-element_type=\"section\">\n\t\t\t\t\t\t<div class=\"elementor-container elementor-column-gap-default\">\n\t\t\t\t\t<div class=\"elementor-column elementor-col-100 elementor-top-column elementor-element elementor-element-2296183\" data-id=\"2296183\" data-element_type=\"column\">\n\t\t\t<div class=\"elementor-widget-wrap elementor-element-populated\">\n\t\t\t\t\t\t<div class=\"elementor-element elementor-element-9576154 elementor-widget elementor-widget-heading\" data-id=\"9576154\" data-element_type=\"widget\" data-widget_type=\"heading.default\">\n\t\t\t\t<div class=\"elementor-widget-container\">\n\t\t\t\t\t<h2 class=\"elementor-heading-title elementor-size-default\">Une d\u00e9cision strat\u00e9gique historique<\/h2>\t\t\t\t<\/div>\n\t\t\t\t<\/div>\n\t\t\t\t<div class=\"elementor-element elementor-element-500981c elementor-widget elementor-widget-text-editor\" data-id=\"500981c\" data-element_type=\"widget\" data-widget_type=\"text-editor.default\">\n\t\t\t\t<div class=\"elementor-widget-container\">\n\t\t\t\t\t\t\t\t\t<p><span style=\"font-weight: 400;\">Jusqu\u2019\u00e0 la fin des ann\u00e9es 1990, le <a href=\"https:\/\/la1ere.franceinfo.fr\/martinique\/le-carnaval-un-vrai-boost-pour-l-economie-de-sainte-lucie-1607187.html\" target=\"_blank\" rel=\"noopener nofollow\">carnaval de Sainte-Lucie<\/a> se d\u00e9roulait en amont du car\u00eame, comme dans la majorit\u00e9 des pays carib\u00e9ens. Ce calendrier l\u2019exposait \u00e0 la concurrence frontale de Trinidad-et-Tobago, provoquant une fuite des festivaliers vers d&#8217;autres destinations. Le choix assum\u00e9 de d\u00e9placer l\u2019\u00e9v\u00e9nement en juillet \u2013 d\u00e8s 1999 \u2013 a profond\u00e9ment transform\u00e9 la trajectoire touristique de l\u2019\u00eele. Il s\u2019agissait d\u2019une r\u00e9ponse pragmatique \u00e0 un manque \u00e0 gagner \u00e9conomique saisonnier. Ce repositionnement a permis \u00e0 Sainte-Lucie de construire une identit\u00e9 carnavalesque propre, de fid\u00e9liser un nouveau public et de relancer des secteurs entiers de l&#8217;\u00e9conomie locale.<\/span><\/p>\t\t\t\t\t\t\t\t<\/div>\n\t\t\t\t<\/div>\n\t\t\t\t<section class=\"elementor-section elementor-inner-section elementor-element elementor-element-a11e38c elementor-section-boxed elementor-section-height-default elementor-section-height-default\" data-id=\"a11e38c\" data-element_type=\"section\">\n\t\t\t\t\t\t<div class=\"elementor-container elementor-column-gap-default\">\n\t\t\t\t\t<div class=\"elementor-column elementor-col-100 elementor-inner-column elementor-element elementor-element-c941b18\" data-id=\"c941b18\" data-element_type=\"column\">\n\t\t\t<div class=\"elementor-widget-wrap elementor-element-populated\">\n\t\t\t\t\t\t<div class=\"elementor-element elementor-element-b511fb5 elementor-widget elementor-widget-image\" data-id=\"b511fb5\" data-element_type=\"widget\" data-widget_type=\"image.default\">\n\t\t\t\t<div class=\"elementor-widget-container\">\n\t\t\t\t\t\t\t\t\t\t\t\t<figure class=\"wp-caption\">\n\t\t\t\t\t\t\t\t\t\t<img fetchpriority=\"high\" decoding=\"async\" width=\"800\" height=\"409\" src=\"https:\/\/richeskarayib.com\/wp-content\/uploads\/2025\/07\/\u00a9Cultural-Development-Foundation-1024x523.jpg\" class=\"attachment-large size-large wp-image-57544\" alt=\"Carnaval de Sainte-Lucie\" srcset=\"https:\/\/richeskarayib.com\/wp-content\/uploads\/2025\/07\/\u00a9Cultural-Development-Foundation-1024x523.jpg 1024w, https:\/\/richeskarayib.com\/wp-content\/uploads\/2025\/07\/\u00a9Cultural-Development-Foundation-300x153.jpg 300w, https:\/\/richeskarayib.com\/wp-content\/uploads\/2025\/07\/\u00a9Cultural-Development-Foundation-768x392.jpg 768w, https:\/\/richeskarayib.com\/wp-content\/uploads\/2025\/07\/\u00a9Cultural-Development-Foundation-1536x785.jpg 1536w, https:\/\/richeskarayib.com\/wp-content\/uploads\/2025\/07\/\u00a9Cultural-Development-Foundation-1320x674.jpg 1320w, https:\/\/richeskarayib.com\/wp-content\/uploads\/2025\/07\/\u00a9Cultural-Development-Foundation.jpg 1920w\" sizes=\"(max-width: 800px) 100vw, 800px\" \/>\t\t\t\t\t\t\t\t\t\t\t<figcaption class=\"widget-image-caption wp-caption-text\">\u00a9Cultural Development Foundation<\/figcaption>\n\t\t\t\t\t\t\t\t\t\t<\/figure>\n\t\t\t\t\t\t\t\t\t<\/div>\n\t\t\t\t<\/div>\n\t\t\t\t\t<\/div>\n\t\t<\/div>\n\t\t\t\t\t<\/div>\n\t\t<\/section>\n\t\t\t\t\t<\/div>\n\t\t<\/div>\n\t\t\t\t\t<\/div>\n\t\t<\/section>\n\t\t\t\t<section class=\"elementor-section elementor-top-section elementor-element elementor-element-7b2ef92 elementor-section-boxed elementor-section-height-default elementor-section-height-default\" data-id=\"7b2ef92\" data-element_type=\"section\">\n\t\t\t\t\t\t<div class=\"elementor-container elementor-column-gap-default\">\n\t\t\t\t\t<div class=\"elementor-column elementor-col-100 elementor-top-column elementor-element elementor-element-e8712b4\" data-id=\"e8712b4\" data-element_type=\"column\">\n\t\t\t<div class=\"elementor-widget-wrap elementor-element-populated\">\n\t\t\t\t\t\t<div class=\"elementor-element elementor-element-37e0414 elementor-widget elementor-widget-heading\" data-id=\"37e0414\" data-element_type=\"widget\" data-widget_type=\"heading.default\">\n\t\t\t\t<div class=\"elementor-widget-container\">\n\t\t\t\t\t<h2 class=\"elementor-heading-title elementor-size-default\">Une fr\u00e9quentation internationale \u00e0 forte valeur ajout\u00e9e<\/h2>\t\t\t\t<\/div>\n\t\t\t\t<\/div>\n\t\t\t\t<div class=\"elementor-element elementor-element-fa5cc24 elementor-widget elementor-widget-text-editor\" data-id=\"fa5cc24\" data-element_type=\"widget\" data-widget_type=\"text-editor.default\">\n\t\t\t\t<div class=\"elementor-widget-container\">\n\t\t\t\t\t\t\t\t\t<p><span style=\"font-weight: 400;\">Le Carnaval de Sainte-Lucie<\/span> <span style=\"font-weight: 400;\">continue d\u2019attirer des participants en provenance de la Martinique, de la Guadeloupe, d\u2019Ha\u00efti, de Trinidad, d\u2019Antigua, de la Barbade, du Guyana ou encore de la Dominique. Ce public r\u00e9gional, plus ancr\u00e9 culturellement dans les pratiques carnavalesques, consomme diff\u00e9remment : les visiteurs prolongent leur s\u00e9jour, soutiennent directement les prestataires locaux et recherchent des exp\u00e9riences immersives<\/span><\/p>\n<p><span style=\"font-weight: 400;\">. Selon les donn\u00e9es du minist\u00e8re du Tourisme, les d\u00e9penses individuelles durant la p\u00e9riode du carnaval sont sensiblement sup\u00e9rieures \u00e0 celles d\u2019un s\u00e9jour touristique classique, avec un impact direct sur les h\u00f4tels, les restaurants, les services de transport, les commerces de proximit\u00e9 et l\u2019artisanat.<\/span><\/p>\t\t\t\t\t\t\t\t<\/div>\n\t\t\t\t<\/div>\n\t\t\t\t<section class=\"elementor-section elementor-inner-section elementor-element elementor-element-7ebd98b elementor-section-boxed elementor-section-height-default elementor-section-height-default\" data-id=\"7ebd98b\" data-element_type=\"section\">\n\t\t\t\t\t\t<div class=\"elementor-container elementor-column-gap-default\">\n\t\t\t\t\t<div class=\"elementor-column elementor-col-100 elementor-inner-column elementor-element elementor-element-984d82a\" data-id=\"984d82a\" data-element_type=\"column\">\n\t\t\t<div class=\"elementor-widget-wrap elementor-element-populated\">\n\t\t\t\t\t\t<div class=\"elementor-element elementor-element-8e987ed elementor-widget elementor-widget-image\" data-id=\"8e987ed\" data-element_type=\"widget\" data-widget_type=\"image.default\">\n\t\t\t\t<div class=\"elementor-widget-container\">\n\t\t\t\t\t\t\t\t\t\t\t\t<figure class=\"wp-caption\">\n\t\t\t\t\t\t\t\t\t\t<img decoding=\"async\" width=\"662\" height=\"1024\" src=\"https:\/\/richeskarayib.com\/wp-content\/uploads\/2025\/07\/\u00a9Cultural-Development-Foundation-4-662x1024.jpg\" class=\"attachment-large size-large wp-image-57548\" alt=\"Carnaval de Sainte-Lucie\" srcset=\"https:\/\/richeskarayib.com\/wp-content\/uploads\/2025\/07\/\u00a9Cultural-Development-Foundation-4-662x1024.jpg 662w, https:\/\/richeskarayib.com\/wp-content\/uploads\/2025\/07\/\u00a9Cultural-Development-Foundation-4-194x300.jpg 194w, https:\/\/richeskarayib.com\/wp-content\/uploads\/2025\/07\/\u00a9Cultural-Development-Foundation-4-768x1188.jpg 768w, https:\/\/richeskarayib.com\/wp-content\/uploads\/2025\/07\/\u00a9Cultural-Development-Foundation-4-993x1536.jpg 993w, https:\/\/richeskarayib.com\/wp-content\/uploads\/2025\/07\/\u00a9Cultural-Development-Foundation-4.jpg 1241w\" sizes=\"(max-width: 662px) 100vw, 662px\" \/>\t\t\t\t\t\t\t\t\t\t\t<figcaption class=\"widget-image-caption wp-caption-text\">\u00a9Cultural Development Foundation<\/figcaption>\n\t\t\t\t\t\t\t\t\t\t<\/figure>\n\t\t\t\t\t\t\t\t\t<\/div>\n\t\t\t\t<\/div>\n\t\t\t\t\t<\/div>\n\t\t<\/div>\n\t\t\t\t\t<\/div>\n\t\t<\/section>\n\t\t\t\t\t<\/div>\n\t\t<\/div>\n\t\t\t\t\t<\/div>\n\t\t<\/section>\n\t\t\t\t<section class=\"elementor-section elementor-top-section elementor-element elementor-element-e011a0f elementor-section-boxed elementor-section-height-default elementor-section-height-default\" data-id=\"e011a0f\" data-element_type=\"section\">\n\t\t\t\t\t\t<div class=\"elementor-container elementor-column-gap-default\">\n\t\t\t\t\t<div class=\"elementor-column elementor-col-100 elementor-top-column elementor-element elementor-element-91c6ea5\" data-id=\"91c6ea5\" data-element_type=\"column\">\n\t\t\t<div class=\"elementor-widget-wrap elementor-element-populated\">\n\t\t\t\t\t\t<div class=\"elementor-element elementor-element-3193622 elementor-widget elementor-widget-heading\" data-id=\"3193622\" data-element_type=\"widget\" data-widget_type=\"heading.default\">\n\t\t\t\t<div class=\"elementor-widget-container\">\n\t\t\t\t\t<h2 class=\"elementor-heading-title elementor-size-default\">Une programmation structur\u00e9e sur plusieurs semaines\n<\/h2>\t\t\t\t<\/div>\n\t\t\t\t<\/div>\n\t\t\t\t<div class=\"elementor-element elementor-element-d6b77ee elementor-widget elementor-widget-text-editor\" data-id=\"d6b77ee\" data-element_type=\"widget\" data-widget_type=\"text-editor.default\">\n\t\t\t\t<div class=\"elementor-widget-container\">\n\t\t\t\t\t\t\t\t\t<p><a href=\"https:\/\/carnivalsaintlucia.com\/\" target=\"_blank\" rel=\"noopener nofollow\"><span style=\"font-weight: 400;\">Le Carnaval de Sainte-Lucie<\/span><\/a> <span style=\"font-weight: 400;\">se d\u00e9ploie entre le 1er et le 22 juillet, avec une s\u00e9rie d\u2019\u00e9v\u00e9nements soigneusement r\u00e9partis pour favoriser les longs s\u00e9jours\u202f:<\/span><\/p>\n<ul>\n<li style=\"font-weight: 400;\" aria-level=\"1\"><span style=\"font-weight: 400;\">\ud83d\udcc5 Du 1er au 17 juillet : comp\u00e9titions de calypso et de soca, \u00e9lections des rois et reines du carnaval, ateliers de confection de costumes.<\/span><\/li>\n<li style=\"font-weight: 400;\" aria-level=\"1\"><span style=\"font-weight: 400;\">\ud83d\udcc5 21 et 22 juillet : grande parade \u00e0 Castries, r\u00e9unissant plus de 7\u202f000 participants costum\u00e9s.<\/span><\/li>\n<li style=\"font-weight: 400;\" aria-level=\"1\"><span style=\"font-weight: 400;\">\ud83d\udcc5 Le J\u2019Ouvert : un d\u00e9fil\u00e9 matinal inclusif, appr\u00e9ci\u00e9 pour son atmosph\u00e8re libre et cr\u00e9ative.<\/span><\/li>\n<li style=\"font-weight: 400;\" aria-level=\"1\">\ud83d\udcc5 Le carnaval des enfants : une version adapt\u00e9e, interg\u00e9n\u00e9rationnelle, valorisant la transmission culturelle.<\/li>\n<li style=\"font-weight: 400;\" aria-level=\"1\">\ud83d\udcc5 Soir\u00e9es priv\u00e9es et \u00ab\u202fvid\u00e9s\u202f\u00bb : moments phares de la saison, o\u00f9 les groupes musicaux de la Martinique et de la Guadeloupe apportent leurs sonorit\u00e9s singuli\u00e8res.<\/li>\n<\/ul>\t\t\t\t\t\t\t\t<\/div>\n\t\t\t\t<\/div>\n\t\t\t\t<div class=\"elementor-element elementor-element-0fe830a elementor-widget elementor-widget-text-editor\" data-id=\"0fe830a\" data-element_type=\"widget\" data-widget_type=\"text-editor.default\">\n\t\t\t\t<div class=\"elementor-widget-container\">\n\t\t\t\t\t\t\t\t\t<p><span style=\"font-weight: 400;\">Cette organisation contribue \u00e0 dynamiser tout le mois de juillet, avec un calendrier qui sert \u00e0 la fois les enjeux \u00e9conomiques et les objectifs culturels du pays.<\/span><\/p>\t\t\t\t\t\t\t\t<\/div>\n\t\t\t\t<\/div>\n\t\t\t\t<section class=\"elementor-section elementor-inner-section elementor-element elementor-element-bad3ae9 elementor-section-boxed elementor-section-height-default elementor-section-height-default\" data-id=\"bad3ae9\" data-element_type=\"section\">\n\t\t\t\t\t\t<div class=\"elementor-container elementor-column-gap-default\">\n\t\t\t\t\t<div class=\"elementor-column elementor-col-33 elementor-inner-column elementor-element elementor-element-17660c9\" data-id=\"17660c9\" data-element_type=\"column\">\n\t\t\t<div class=\"elementor-widget-wrap elementor-element-populated\">\n\t\t\t\t\t\t<div class=\"elementor-element elementor-element-b3dcd58 elementor-widget elementor-widget-image\" data-id=\"b3dcd58\" data-element_type=\"widget\" data-widget_type=\"image.default\">\n\t\t\t\t<div class=\"elementor-widget-container\">\n\t\t\t\t\t\t\t\t\t\t\t\t<figure class=\"wp-caption\">\n\t\t\t\t\t\t\t\t\t\t<img decoding=\"async\" width=\"800\" height=\"643\" src=\"https:\/\/richeskarayib.com\/wp-content\/uploads\/2025\/07\/\u00a9Cultural-Development-Foundation-1-1024x823.jpg\" class=\"attachment-large size-large wp-image-57556\" alt=\"Carnaval de Sainte-Lucie\" srcset=\"https:\/\/richeskarayib.com\/wp-content\/uploads\/2025\/07\/\u00a9Cultural-Development-Foundation-1-1024x823.jpg 1024w, https:\/\/richeskarayib.com\/wp-content\/uploads\/2025\/07\/\u00a9Cultural-Development-Foundation-1-300x241.jpg 300w, https:\/\/richeskarayib.com\/wp-content\/uploads\/2025\/07\/\u00a9Cultural-Development-Foundation-1-768x617.jpg 768w, https:\/\/richeskarayib.com\/wp-content\/uploads\/2025\/07\/\u00a9Cultural-Development-Foundation-1-1536x1234.jpg 1536w, https:\/\/richeskarayib.com\/wp-content\/uploads\/2025\/07\/\u00a9Cultural-Development-Foundation-1-1320x1061.jpg 1320w, https:\/\/richeskarayib.com\/wp-content\/uploads\/2025\/07\/\u00a9Cultural-Development-Foundation-1.jpg 1920w\" sizes=\"(max-width: 800px) 100vw, 800px\" \/>\t\t\t\t\t\t\t\t\t\t\t<figcaption class=\"widget-image-caption wp-caption-text\">\u00a9Cultural Development Foundation<\/figcaption>\n\t\t\t\t\t\t\t\t\t\t<\/figure>\n\t\t\t\t\t\t\t\t\t<\/div>\n\t\t\t\t<\/div>\n\t\t\t\t\t<\/div>\n\t\t<\/div>\n\t\t\t\t<div class=\"elementor-column elementor-col-33 elementor-inner-column elementor-element elementor-element-7350f30\" data-id=\"7350f30\" data-element_type=\"column\">\n\t\t\t<div class=\"elementor-widget-wrap elementor-element-populated\">\n\t\t\t\t\t\t<div class=\"elementor-element elementor-element-e720e91 elementor-widget elementor-widget-image\" data-id=\"e720e91\" data-element_type=\"widget\" data-widget_type=\"image.default\">\n\t\t\t\t<div class=\"elementor-widget-container\">\n\t\t\t\t\t\t\t\t\t\t\t\t<figure class=\"wp-caption\">\n\t\t\t\t\t\t\t\t\t\t<img loading=\"lazy\" decoding=\"async\" width=\"800\" height=\"563\" src=\"https:\/\/richeskarayib.com\/wp-content\/uploads\/2025\/07\/\u00a9Cultural-Development-Foundation-8-1024x721.jpg\" class=\"attachment-large size-large wp-image-57564\" alt=\"Carnaval de Sainte-Lucie\" srcset=\"https:\/\/richeskarayib.com\/wp-content\/uploads\/2025\/07\/\u00a9Cultural-Development-Foundation-8-1024x721.jpg 1024w, https:\/\/richeskarayib.com\/wp-content\/uploads\/2025\/07\/\u00a9Cultural-Development-Foundation-8-300x211.jpg 300w, https:\/\/richeskarayib.com\/wp-content\/uploads\/2025\/07\/\u00a9Cultural-Development-Foundation-8-768x541.jpg 768w, https:\/\/richeskarayib.com\/wp-content\/uploads\/2025\/07\/\u00a9Cultural-Development-Foundation-8-1536x1082.jpg 1536w, https:\/\/richeskarayib.com\/wp-content\/uploads\/2025\/07\/\u00a9Cultural-Development-Foundation-8-1320x930.jpg 1320w, https:\/\/richeskarayib.com\/wp-content\/uploads\/2025\/07\/\u00a9Cultural-Development-Foundation-8.jpg 1920w\" sizes=\"(max-width: 800px) 100vw, 800px\" \/>\t\t\t\t\t\t\t\t\t\t\t<figcaption class=\"widget-image-caption wp-caption-text\">\u00a9Cultural Development Foundation<\/figcaption>\n\t\t\t\t\t\t\t\t\t\t<\/figure>\n\t\t\t\t\t\t\t\t\t<\/div>\n\t\t\t\t<\/div>\n\t\t\t\t\t<\/div>\n\t\t<\/div>\n\t\t\t\t<div class=\"elementor-column elementor-col-33 elementor-inner-column elementor-element elementor-element-fcb4bc7\" data-id=\"fcb4bc7\" data-element_type=\"column\">\n\t\t\t<div class=\"elementor-widget-wrap elementor-element-populated\">\n\t\t\t\t\t\t<div class=\"elementor-element elementor-element-8b3904e elementor-widget elementor-widget-image\" data-id=\"8b3904e\" data-element_type=\"widget\" data-widget_type=\"image.default\">\n\t\t\t\t<div class=\"elementor-widget-container\">\n\t\t\t\t\t\t\t\t\t\t\t\t<figure class=\"wp-caption\">\n\t\t\t\t\t\t\t\t\t\t<img loading=\"lazy\" decoding=\"async\" width=\"800\" height=\"534\" src=\"https:\/\/richeskarayib.com\/wp-content\/uploads\/2025\/07\/\u00a9Cultural-Development-Foundation-6-1024x683.jpg\" class=\"attachment-large size-large wp-image-57560\" alt=\"Carnaval de Sainte-Lucie\" srcset=\"https:\/\/richeskarayib.com\/wp-content\/uploads\/2025\/07\/\u00a9Cultural-Development-Foundation-6-1024x683.jpg 1024w, https:\/\/richeskarayib.com\/wp-content\/uploads\/2025\/07\/\u00a9Cultural-Development-Foundation-6-300x200.jpg 300w, https:\/\/richeskarayib.com\/wp-content\/uploads\/2025\/07\/\u00a9Cultural-Development-Foundation-6-768x512.jpg 768w, https:\/\/richeskarayib.com\/wp-content\/uploads\/2025\/07\/\u00a9Cultural-Development-Foundation-6-1536x1024.jpg 1536w, https:\/\/richeskarayib.com\/wp-content\/uploads\/2025\/07\/\u00a9Cultural-Development-Foundation-6-1320x880.jpg 1320w, https:\/\/richeskarayib.com\/wp-content\/uploads\/2025\/07\/\u00a9Cultural-Development-Foundation-6.jpg 1920w\" sizes=\"(max-width: 800px) 100vw, 800px\" \/>\t\t\t\t\t\t\t\t\t\t\t<figcaption class=\"widget-image-caption wp-caption-text\">\u00a9Cultural Development Foundation<\/figcaption>\n\t\t\t\t\t\t\t\t\t\t<\/figure>\n\t\t\t\t\t\t\t\t\t<\/div>\n\t\t\t\t<\/div>\n\t\t\t\t\t<\/div>\n\t\t<\/div>\n\t\t\t\t\t<\/div>\n\t\t<\/section>\n\t\t\t\t\t<\/div>\n\t\t<\/div>\n\t\t\t\t\t<\/div>\n\t\t<\/section>\n\t\t\t\t<section class=\"elementor-section elementor-top-section elementor-element elementor-element-b53fa1e elementor-section-boxed elementor-section-height-default elementor-section-height-default\" data-id=\"b53fa1e\" data-element_type=\"section\">\n\t\t\t\t\t\t<div class=\"elementor-container elementor-column-gap-default\">\n\t\t\t\t\t<div class=\"elementor-column elementor-col-100 elementor-top-column elementor-element elementor-element-5786564\" data-id=\"5786564\" data-element_type=\"column\">\n\t\t\t<div class=\"elementor-widget-wrap elementor-element-populated\">\n\t\t\t\t\t\t<div class=\"elementor-element elementor-element-b23fa77 elementor-widget elementor-widget-heading\" data-id=\"b23fa77\" data-element_type=\"widget\" data-widget_type=\"heading.default\">\n\t\t\t\t<div class=\"elementor-widget-container\">\n\t\t\t\t\t<h2 class=\"elementor-heading-title elementor-size-default\">Une \u00e9conomie artisanale soutenue par les costumes\n<\/h2>\t\t\t\t<\/div>\n\t\t\t\t<\/div>\n\t\t\t\t<div class=\"elementor-element elementor-element-3fc4940 elementor-widget elementor-widget-text-editor\" data-id=\"3fc4940\" data-element_type=\"widget\" data-widget_type=\"text-editor.default\">\n\t\t\t\t<div class=\"elementor-widget-container\">\n\t\t\t\t\t\t\t\t\t<p><span style=\"font-weight: 400;\">Le secteur de la confection de costumes repr\u00e9sente l\u2019un des piliers invisibles du Carnaval de Sainte-Lucie. Plusieurs mois avant les festivit\u00e9s, les ateliers locaux s\u2019activent \u00e0 la commande de parures complexes, souvent personnalis\u00e9es. Ces cr\u00e9ations, parfois export\u00e9es ou r\u00e9alis\u00e9es pour des festivaliers \u00e9trangers, g\u00e9n\u00e8rent des revenus et valorisent les savoir-faire traditionnels. Cette dimension artisanale du carnaval, peu visible dans les m\u00e9dias, participe pourtant activement \u00e0 l\u2019emploi et \u00e0 la structuration d\u2019une fili\u00e8re culturelle vivante.<\/span><\/p>\t\t\t\t\t\t\t\t<\/div>\n\t\t\t\t<\/div>\n\t\t\t\t<section class=\"elementor-section elementor-inner-section elementor-element elementor-element-130c9f2 elementor-section-boxed elementor-section-height-default elementor-section-height-default\" data-id=\"130c9f2\" data-element_type=\"section\">\n\t\t\t\t\t\t<div class=\"elementor-container elementor-column-gap-default\">\n\t\t\t\t\t<div class=\"elementor-column elementor-col-33 elementor-inner-column elementor-element elementor-element-d7b0a50\" data-id=\"d7b0a50\" data-element_type=\"column\">\n\t\t\t<div class=\"elementor-widget-wrap elementor-element-populated\">\n\t\t\t\t\t\t<div class=\"elementor-element elementor-element-723e936 elementor-widget elementor-widget-image\" data-id=\"723e936\" data-element_type=\"widget\" data-widget_type=\"image.default\">\n\t\t\t\t<div class=\"elementor-widget-container\">\n\t\t\t\t\t\t\t\t\t\t\t\t<figure class=\"wp-caption\">\n\t\t\t\t\t\t\t\t\t\t<img loading=\"lazy\" decoding=\"async\" width=\"637\" height=\"1024\" src=\"https:\/\/richeskarayib.com\/wp-content\/uploads\/2025\/07\/\u00a9Cultural-Development-Foundation-2-637x1024.jpg\" class=\"attachment-large size-large wp-image-57568\" alt=\"Carnaval de Sainte-Lucie\" srcset=\"https:\/\/richeskarayib.com\/wp-content\/uploads\/2025\/07\/\u00a9Cultural-Development-Foundation-2-637x1024.jpg 637w, https:\/\/richeskarayib.com\/wp-content\/uploads\/2025\/07\/\u00a9Cultural-Development-Foundation-2-187x300.jpg 187w, https:\/\/richeskarayib.com\/wp-content\/uploads\/2025\/07\/\u00a9Cultural-Development-Foundation-2-768x1234.jpg 768w, https:\/\/richeskarayib.com\/wp-content\/uploads\/2025\/07\/\u00a9Cultural-Development-Foundation-2-956x1536.jpg 956w, https:\/\/richeskarayib.com\/wp-content\/uploads\/2025\/07\/\u00a9Cultural-Development-Foundation-2.jpg 1195w\" sizes=\"(max-width: 637px) 100vw, 637px\" \/>\t\t\t\t\t\t\t\t\t\t\t<figcaption class=\"widget-image-caption wp-caption-text\">\u00a9Cultural Development Foundation<\/figcaption>\n\t\t\t\t\t\t\t\t\t\t<\/figure>\n\t\t\t\t\t\t\t\t\t<\/div>\n\t\t\t\t<\/div>\n\t\t\t\t\t<\/div>\n\t\t<\/div>\n\t\t\t\t<div class=\"elementor-column elementor-col-33 elementor-inner-column elementor-element elementor-element-fdac40b\" data-id=\"fdac40b\" data-element_type=\"column\">\n\t\t\t<div class=\"elementor-widget-wrap elementor-element-populated\">\n\t\t\t\t\t\t<div class=\"elementor-element elementor-element-6db9b9c elementor-widget elementor-widget-image\" data-id=\"6db9b9c\" data-element_type=\"widget\" data-widget_type=\"image.default\">\n\t\t\t\t<div class=\"elementor-widget-container\">\n\t\t\t\t\t\t\t\t\t\t\t\t<figure class=\"wp-caption\">\n\t\t\t\t\t\t\t\t\t\t<img loading=\"lazy\" decoding=\"async\" width=\"800\" height=\"566\" src=\"https:\/\/richeskarayib.com\/wp-content\/uploads\/2025\/07\/\u00a9Cultural-Development-Foundation-3-1024x724.jpg\" class=\"attachment-large size-large wp-image-57572\" alt=\"Carnaval de Sainte-Lucie\" srcset=\"https:\/\/richeskarayib.com\/wp-content\/uploads\/2025\/07\/\u00a9Cultural-Development-Foundation-3-1024x724.jpg 1024w, https:\/\/richeskarayib.com\/wp-content\/uploads\/2025\/07\/\u00a9Cultural-Development-Foundation-3-300x212.jpg 300w, https:\/\/richeskarayib.com\/wp-content\/uploads\/2025\/07\/\u00a9Cultural-Development-Foundation-3-768x543.jpg 768w, https:\/\/richeskarayib.com\/wp-content\/uploads\/2025\/07\/\u00a9Cultural-Development-Foundation-3-1536x1086.jpg 1536w, https:\/\/richeskarayib.com\/wp-content\/uploads\/2025\/07\/\u00a9Cultural-Development-Foundation-3-1320x934.jpg 1320w, https:\/\/richeskarayib.com\/wp-content\/uploads\/2025\/07\/\u00a9Cultural-Development-Foundation-3.jpg 1920w\" sizes=\"(max-width: 800px) 100vw, 800px\" \/>\t\t\t\t\t\t\t\t\t\t\t<figcaption class=\"widget-image-caption wp-caption-text\">\u00a9Cultural Development Foundation<\/figcaption>\n\t\t\t\t\t\t\t\t\t\t<\/figure>\n\t\t\t\t\t\t\t\t\t<\/div>\n\t\t\t\t<\/div>\n\t\t\t\t<div class=\"elementor-element elementor-element-72e1906 elementor-widget elementor-widget-image\" data-id=\"72e1906\" data-element_type=\"widget\" data-widget_type=\"image.default\">\n\t\t\t\t<div class=\"elementor-widget-container\">\n\t\t\t\t\t\t\t\t\t\t\t\t<figure class=\"wp-caption\">\n\t\t\t\t\t\t\t\t\t\t<img loading=\"lazy\" decoding=\"async\" width=\"800\" height=\"691\" src=\"https:\/\/richeskarayib.com\/wp-content\/uploads\/2025\/07\/\u00a9Cultural-Development-Foundation-5-1024x885.jpg\" class=\"attachment-large size-large wp-image-57576\" alt=\"Carnaval de Sainte-Lucie\" srcset=\"https:\/\/richeskarayib.com\/wp-content\/uploads\/2025\/07\/\u00a9Cultural-Development-Foundation-5-1024x885.jpg 1024w, https:\/\/richeskarayib.com\/wp-content\/uploads\/2025\/07\/\u00a9Cultural-Development-Foundation-5-300x259.jpg 300w, https:\/\/richeskarayib.com\/wp-content\/uploads\/2025\/07\/\u00a9Cultural-Development-Foundation-5-768x664.jpg 768w, https:\/\/richeskarayib.com\/wp-content\/uploads\/2025\/07\/\u00a9Cultural-Development-Foundation-5-1536x1327.jpg 1536w, https:\/\/richeskarayib.com\/wp-content\/uploads\/2025\/07\/\u00a9Cultural-Development-Foundation-5-1320x1141.jpg 1320w, https:\/\/richeskarayib.com\/wp-content\/uploads\/2025\/07\/\u00a9Cultural-Development-Foundation-5.jpg 1920w\" sizes=\"(max-width: 800px) 100vw, 800px\" \/>\t\t\t\t\t\t\t\t\t\t\t<figcaption class=\"widget-image-caption wp-caption-text\">\u00a9Cultural Development Foundation<\/figcaption>\n\t\t\t\t\t\t\t\t\t\t<\/figure>\n\t\t\t\t\t\t\t\t\t<\/div>\n\t\t\t\t<\/div>\n\t\t\t\t\t<\/div>\n\t\t<\/div>\n\t\t\t\t<div class=\"elementor-column elementor-col-33 elementor-inner-column elementor-element elementor-element-fc38d6d\" data-id=\"fc38d6d\" data-element_type=\"column\">\n\t\t\t<div class=\"elementor-widget-wrap elementor-element-populated\">\n\t\t\t\t\t\t<div class=\"elementor-element elementor-element-56824f8 elementor-widget elementor-widget-image\" data-id=\"56824f8\" data-element_type=\"widget\" data-widget_type=\"image.default\">\n\t\t\t\t<div class=\"elementor-widget-container\">\n\t\t\t\t\t\t\t\t\t\t\t\t<figure class=\"wp-caption\">\n\t\t\t\t\t\t\t\t\t\t<img loading=\"lazy\" decoding=\"async\" width=\"720\" height=\"1024\" src=\"https:\/\/richeskarayib.com\/wp-content\/uploads\/2025\/07\/\u00a9Cultural-Development-Foundation-7-720x1024.jpg\" class=\"attachment-large size-large wp-image-57580\" alt=\"Carnaval de Sainte-Lucie\" srcset=\"https:\/\/richeskarayib.com\/wp-content\/uploads\/2025\/07\/\u00a9Cultural-Development-Foundation-7-720x1024.jpg 720w, https:\/\/richeskarayib.com\/wp-content\/uploads\/2025\/07\/\u00a9Cultural-Development-Foundation-7-211x300.jpg 211w, https:\/\/richeskarayib.com\/wp-content\/uploads\/2025\/07\/\u00a9Cultural-Development-Foundation-7-768x1092.jpg 768w, https:\/\/richeskarayib.com\/wp-content\/uploads\/2025\/07\/\u00a9Cultural-Development-Foundation-7-1080x1536.jpg 1080w, https:\/\/richeskarayib.com\/wp-content\/uploads\/2025\/07\/\u00a9Cultural-Development-Foundation-7-1320x1877.jpg 1320w, https:\/\/richeskarayib.com\/wp-content\/uploads\/2025\/07\/\u00a9Cultural-Development-Foundation-7.jpg 1350w\" sizes=\"(max-width: 720px) 100vw, 720px\" \/>\t\t\t\t\t\t\t\t\t\t\t<figcaption class=\"widget-image-caption wp-caption-text\">\u00a9Cultural Development Foundation<\/figcaption>\n\t\t\t\t\t\t\t\t\t\t<\/figure>\n\t\t\t\t\t\t\t\t\t<\/div>\n\t\t\t\t<\/div>\n\t\t\t\t\t<\/div>\n\t\t<\/div>\n\t\t\t\t\t<\/div>\n\t\t<\/section>\n\t\t\t\t\t<\/div>\n\t\t<\/div>\n\t\t\t\t\t<\/div>\n\t\t<\/section>\n\t\t\t\t<section class=\"elementor-section elementor-top-section elementor-element elementor-element-5214e28 elementor-section-boxed elementor-section-height-default elementor-section-height-default\" data-id=\"5214e28\" data-element_type=\"section\">\n\t\t\t\t\t\t<div class=\"elementor-container elementor-column-gap-default\">\n\t\t\t\t\t<div class=\"elementor-column elementor-col-100 elementor-top-column elementor-element elementor-element-dade06d\" data-id=\"dade06d\" data-element_type=\"column\">\n\t\t\t<div class=\"elementor-widget-wrap elementor-element-populated\">\n\t\t\t\t\t\t<div class=\"elementor-element elementor-element-d1b711d elementor-widget elementor-widget-heading\" data-id=\"d1b711d\" data-element_type=\"widget\" data-widget_type=\"heading.default\">\n\t\t\t\t<div class=\"elementor-widget-container\">\n\t\t\t\t\t<h2 class=\"elementor-heading-title elementor-size-default\">Des collaborations r\u00e9gionales renforc\u00e9es<\/h2>\t\t\t\t<\/div>\n\t\t\t\t<\/div>\n\t\t\t\t<div class=\"elementor-element elementor-element-a454b32 elementor-widget elementor-widget-text-editor\" data-id=\"a454b32\" data-element_type=\"widget\" data-widget_type=\"text-editor.default\">\n\t\t\t\t<div class=\"elementor-widget-container\">\n\t\t\t\t\t\t\t\t\t<p><span style=\"font-weight: 400;\">La pr\u00e9sence r\u00e9guli\u00e8re de groupes musicaux et de performeurs issus de la Cara\u00efbe francophone \u2013 notamment de la Martinique et de la Guadeloupe \u2013 t\u00e9moigne du r\u00f4le f\u00e9d\u00e9rateur du Carnaval de Sainte-Lucie. Ces collaborations contribuent \u00e0 une fertilisation crois\u00e9e des sc\u00e8nes musicales, les artistes francophones \u00e9tant de plus en plus pl\u00e9biscit\u00e9s par le public anglophone. Cette interaction culturelle nourrit une esth\u00e9tique propre au carnaval de Sainte-Lucie, \u00e0 la fois ancr\u00e9e dans la tradition et ouverte \u00e0 des influences r\u00e9gionales.<\/span><\/p>\t\t\t\t\t\t\t\t<\/div>\n\t\t\t\t<\/div>\n\t\t\t\t\t<\/div>\n\t\t<\/div>\n\t\t\t\t\t<\/div>\n\t\t<\/section>\n\t\t\t\t<section class=\"elementor-section elementor-top-section elementor-element elementor-element-6f34adc elementor-section-boxed elementor-section-height-default elementor-section-height-default\" data-id=\"6f34adc\" data-element_type=\"section\">\n\t\t\t\t\t\t<div class=\"elementor-container elementor-column-gap-default\">\n\t\t\t\t\t<div class=\"elementor-column elementor-col-100 elementor-top-column elementor-element elementor-element-787608c\" data-id=\"787608c\" data-element_type=\"column\">\n\t\t\t<div class=\"elementor-widget-wrap elementor-element-populated\">\n\t\t\t\t\t\t<div class=\"elementor-element elementor-element-d1b2db8 elementor-widget elementor-widget-heading\" data-id=\"d1b2db8\" data-element_type=\"widget\" data-widget_type=\"heading.default\">\n\t\t\t\t<div class=\"elementor-widget-container\">\n\t\t\t\t\t<h2 class=\"elementor-heading-title elementor-size-default\">Une visibilit\u00e9 internationale via les r\u00e9seaux sociaux<\/h2>\t\t\t\t<\/div>\n\t\t\t\t<\/div>\n\t\t\t\t<div class=\"elementor-element elementor-element-c5c79cd elementor-widget elementor-widget-text-editor\" data-id=\"c5c79cd\" data-element_type=\"widget\" data-widget_type=\"text-editor.default\">\n\t\t\t\t<div class=\"elementor-widget-container\">\n\t\t\t\t\t\t\t\t\t<p><span style=\"font-weight: 400;\">En 2025, la chanteuse am\u00e9ricaine <\/span><b>Chloe Bailey<\/b><span style=\"font-weight: 400;\"> a particip\u00e9 aux festivit\u00e9s, publiant plusieurs clich\u00e9s de son costume confectionn\u00e9 localement. Sa pr\u00e9sence m\u00e9diatique, cumulant plusieurs millions d\u2019abonn\u00e9s sur Instagram, a offert une exposition internationale au Carnaval de Sainte-Lucie. Ces relais num\u00e9riques jouent un r\u00f4le croissant dans la strat\u00e9gie de communication touristique du pays, en ciblant notamment les march\u00e9s nord-am\u00e9ricains et diasporiques.<\/span><\/p>\t\t\t\t\t\t\t\t<\/div>\n\t\t\t\t<\/div>\n\t\t\t\t<section class=\"elementor-section elementor-inner-section elementor-element elementor-element-346af3b elementor-section-boxed elementor-section-height-default elementor-section-height-default\" data-id=\"346af3b\" data-element_type=\"section\">\n\t\t\t\t\t\t<div class=\"elementor-container elementor-column-gap-default\">\n\t\t\t\t\t<div class=\"elementor-column elementor-col-100 elementor-inner-column elementor-element elementor-element-d0b4884\" data-id=\"d0b4884\" data-element_type=\"column\">\n\t\t\t<div class=\"elementor-widget-wrap elementor-element-populated\">\n\t\t\t\t\t\t<div class=\"elementor-element elementor-element-7b5037a elementor-widget elementor-widget-image\" data-id=\"7b5037a\" data-element_type=\"widget\" data-widget_type=\"image.default\">\n\t\t\t\t<div class=\"elementor-widget-container\">\n\t\t\t\t\t\t\t\t\t\t\t\t<figure class=\"wp-caption\">\n\t\t\t\t\t\t\t\t\t\t<img loading=\"lazy\" decoding=\"async\" width=\"768\" height=\"1024\" src=\"https:\/\/richeskarayib.com\/wp-content\/uploads\/2025\/07\/Chloe-Bailey-\u00a9Travel-Saint-Lucia-768x1024.jpg\" class=\"attachment-large size-large wp-image-57552\" alt=\"Carnaval de Sainte-Lucie\" srcset=\"https:\/\/richeskarayib.com\/wp-content\/uploads\/2025\/07\/Chloe-Bailey-\u00a9Travel-Saint-Lucia-768x1024.jpg 768w, https:\/\/richeskarayib.com\/wp-content\/uploads\/2025\/07\/Chloe-Bailey-\u00a9Travel-Saint-Lucia-225x300.jpg 225w, https:\/\/richeskarayib.com\/wp-content\/uploads\/2025\/07\/Chloe-Bailey-\u00a9Travel-Saint-Lucia.jpg 1080w\" sizes=\"(max-width: 768px) 100vw, 768px\" \/>\t\t\t\t\t\t\t\t\t\t\t<figcaption class=\"widget-image-caption wp-caption-text\">Chloe Bailey \u00a9Travel Saint Lucia<\/figcaption>\n\t\t\t\t\t\t\t\t\t\t<\/figure>\n\t\t\t\t\t\t\t\t\t<\/div>\n\t\t\t\t<\/div>\n\t\t\t\t\t<\/div>\n\t\t<\/div>\n\t\t\t\t\t<\/div>\n\t\t<\/section>\n\t\t\t\t\t<\/div>\n\t\t<\/div>\n\t\t\t\t\t<\/div>\n\t\t<\/section>\n\t\t\t\t<section class=\"elementor-section elementor-top-section elementor-element elementor-element-5ba82c2 elementor-section-boxed elementor-section-height-default elementor-section-height-default\" data-id=\"5ba82c2\" data-element_type=\"section\">\n\t\t\t\t\t\t<div class=\"elementor-container elementor-column-gap-default\">\n\t\t\t\t\t<div class=\"elementor-column elementor-col-100 elementor-top-column elementor-element elementor-element-5059210\" data-id=\"5059210\" data-element_type=\"column\">\n\t\t\t<div class=\"elementor-widget-wrap elementor-element-populated\">\n\t\t\t\t\t\t<div class=\"elementor-element elementor-element-7caed4c elementor-widget elementor-widget-heading\" data-id=\"7caed4c\" data-element_type=\"widget\" data-widget_type=\"heading.default\">\n\t\t\t\t<div class=\"elementor-widget-container\">\n\t\t\t\t\t<h2 class=\"elementor-heading-title elementor-size-default\">Un \u00e9v\u00e9nement \u00e0 fort pouvoir identitaire\n<\/h2>\t\t\t\t<\/div>\n\t\t\t\t<\/div>\n\t\t\t\t<div class=\"elementor-element elementor-element-556e6b6 elementor-widget elementor-widget-text-editor\" data-id=\"556e6b6\" data-element_type=\"widget\" data-widget_type=\"text-editor.default\">\n\t\t\t\t<div class=\"elementor-widget-container\">\n\t\t\t\t\t\t\t\t\t<p><span style=\"font-weight: 400;\">Plus qu\u2019un produit touristique, le Carnaval de Sainte-Lucie est v\u00e9cu comme un projet collectif. Musiciens, costumiers, organisateurs, b\u00e9n\u00e9voles et habitants participent \u00e0 une entreprise commune qui c\u00e9l\u00e8bre l\u2019histoire, l\u2019esth\u00e9tique et la cr\u00e9ativit\u00e9 locale. C\u2019est un moment d\u2019unit\u00e9 sociale, o\u00f9 les clivages s\u2019estompent au profit d\u2019une effervescence artistique partag\u00e9e. Ce sentiment d\u2019appartenance transpara\u00eet dans la fiert\u00e9 des participants, la ferveur du public et la volont\u00e9 de transmettre les traditions aux plus jeunes.<\/span><\/p>\t\t\t\t\t\t\t\t<\/div>\n\t\t\t\t<\/div>\n\t\t\t\t\t<\/div>\n\t\t<\/div>\n\t\t\t\t\t<\/div>\n\t\t<\/section>\n\t\t\t\t<section class=\"elementor-section elementor-top-section elementor-element elementor-element-f24935d elementor-section-boxed elementor-section-height-default elementor-section-height-default\" data-id=\"f24935d\" data-element_type=\"section\">\n\t\t\t\t\t\t<div class=\"elementor-container elementor-column-gap-default\">\n\t\t\t\t\t<div class=\"elementor-column elementor-col-100 elementor-top-column elementor-element elementor-element-ab1cc42\" data-id=\"ab1cc42\" data-element_type=\"column\">\n\t\t\t<div class=\"elementor-widget-wrap elementor-element-populated\">\n\t\t\t\t\t\t<div class=\"elementor-element elementor-element-46c6f95 elementor-widget elementor-widget-text-editor\" data-id=\"46c6f95\" data-element_type=\"widget\" data-widget_type=\"text-editor.default\">\n\t\t\t\t<div class=\"elementor-widget-container\">\n\t\t\t\t\t\t\t\t\t<p><span style=\"font-weight: 400;\">Le Carnaval de Sainte-Lucie<\/span> <span style=\"font-weight: 400;\">\u00a0incarne un mod\u00e8le de d\u00e9veloppement culturel ancr\u00e9 dans le r\u00e9el : il g\u00e9n\u00e8re de la richesse, stimule les \u00e9changes r\u00e9gionaux, renforce la coh\u00e9sion sociale et valorise des talents locaux souvent invisibles. Gr\u00e2ce \u00e0 un repositionnement strat\u00e9gique en juillet et \u00e0 une implication constante des forces vives du pays, le carnaval n\u2019est plus une simple c\u00e9l\u00e9bration festive, mais un outil \u00e9conomique, un marqueur identitaire et un vecteur d\u2019influence dans la Cara\u00efbe contemporaine.<\/span><\/p>\t\t\t\t\t\t\t\t<\/div>\n\t\t\t\t<\/div>\n\t\t\t\t\t<\/div>\n\t\t<\/div>\n\t\t\t\t\t<\/div>\n\t\t<\/section>\n\t\t\t\t<\/div>\n\t\t","protected":false},"excerpt":{"rendered":"<p>Le Carnaval de Sainte-Lucie s\u2019affirme comme une composante essentielle du d\u00e9veloppement touristique et culturel de l\u2019\u00eele. Organis\u00e9 en juillet, \u00e0 une p\u00e9riode traditionnellement moins fr\u00e9quent\u00e9e, il attire un public r\u00e9gional fid\u00e8le, venu non seulement pour les festivit\u00e9s, mais aussi pour participer activement \u00e0 l\u2019\u00e9conomie locale. En 2024, plus de 18\u202f000 visiteurs avaient franchi les fronti\u00e8res [&hellip;]<\/p>\n","protected":false},"author":662,"featured_media":57540,"comment_status":"open","ping_status":"open","sticky":false,"template":"","format":"standard","meta":{"_acf_changed":false,"footnotes":""},"categories":[1468,1498],"tags":[1599],"class_list":["post-57539","post","type-post","status-publish","format-standard","has-post-thumbnail","hentry","category-histoire-patrimoine","category-gestion-devenements","tag-sainte-lucie-fr"],"acf":[],"_links":{"self":[{"href":"https:\/\/richeskarayib.com\/fr\/wp-json\/wp\/v2\/posts\/57539","targetHints":{"allow":["GET"]}}],"collection":[{"href":"https:\/\/richeskarayib.com\/fr\/wp-json\/wp\/v2\/posts"}],"about":[{"href":"https:\/\/richeskarayib.com\/fr\/wp-json\/wp\/v2\/types\/post"}],"author":[{"embeddable":true,"href":"https:\/\/richeskarayib.com\/fr\/wp-json\/wp\/v2\/users\/662"}],"replies":[{"embeddable":true,"href":"https:\/\/richeskarayib.com\/fr\/wp-json\/wp\/v2\/comments?post=57539"}],"version-history":[{"count":0,"href":"https:\/\/richeskarayib.com\/fr\/wp-json\/wp\/v2\/posts\/57539\/revisions"}],"wp:featuredmedia":[{"embeddable":true,"href":"https:\/\/richeskarayib.com\/fr\/wp-json\/wp\/v2\/media\/57540"}],"wp:attachment":[{"href":"https:\/\/richeskarayib.com\/fr\/wp-json\/wp\/v2\/media?parent=57539"}],"wp:term":[{"taxonomy":"category","embeddable":true,"href":"https:\/\/richeskarayib.com\/fr\/wp-json\/wp\/v2\/categories?post=57539"},{"taxonomy":"post_tag","embeddable":true,"href":"https:\/\/richeskarayib.com\/fr\/wp-json\/wp\/v2\/tags?post=57539"}],"curies":[{"name":"wp","href":"https:\/\/api.w.org\/{rel}","templated":true}]}}