{"id":57676,"date":"2025-07-25T09:00:03","date_gmt":"2025-07-25T13:00:03","guid":{"rendered":"https:\/\/richeskarayib.com\/?p=57676"},"modified":"2025-07-27T12:04:02","modified_gmt":"2025-07-27T16:04:02","slug":"conditions-de-vie-dans-la-caraibe-esperance","status":"publish","type":"post","link":"https:\/\/richeskarayib.com\/fr\/conditions-de-vie-dans-la-caraibe-esperance\/","title":{"rendered":"Conditions de vie dans la Cara\u00efbe : Esp\u00e9rance, pr\u00e9carit\u00e9s et \u00e9quilibres fragiles"},"content":{"rendered":"\t\t<div data-elementor-type=\"wp-post\" data-elementor-id=\"57676\" class=\"elementor elementor-57676\" data-elementor-post-type=\"post\">\n\t\t\t\t\t\t<section class=\"elementor-section elementor-top-section elementor-element elementor-element-7ca7ca1 elementor-section-boxed elementor-section-height-default elementor-section-height-default\" data-id=\"7ca7ca1\" data-element_type=\"section\">\n\t\t\t\t\t\t<div class=\"elementor-container elementor-column-gap-default\">\n\t\t\t\t\t<div class=\"elementor-column elementor-col-100 elementor-top-column elementor-element elementor-element-cbdd002\" data-id=\"cbdd002\" data-element_type=\"column\">\n\t\t\t<div class=\"elementor-widget-wrap elementor-element-populated\">\n\t\t\t\t\t\t<section class=\"elementor-section elementor-inner-section elementor-element elementor-element-bc94849 elementor-section-boxed elementor-section-height-default elementor-section-height-default\" data-id=\"bc94849\" data-element_type=\"section\">\n\t\t\t\t\t\t<div class=\"elementor-container elementor-column-gap-default\">\n\t\t\t\t\t\t<\/div>\n\t\t<\/section>\n\t\t\t\t<section class=\"elementor-section elementor-inner-section elementor-element elementor-element-61571e6 elementor-section-boxed elementor-section-height-default elementor-section-height-default\" data-id=\"61571e6\" data-element_type=\"section\">\n\t\t\t\t\t\t<div class=\"elementor-container elementor-column-gap-default\">\n\t\t\t\t\t\t<\/div>\n\t\t<\/section>\n\t\t\t\t<section class=\"elementor-section elementor-inner-section elementor-element elementor-element-b6262e0 elementor-section-boxed elementor-section-height-default elementor-section-height-default\" data-id=\"b6262e0\" data-element_type=\"section\">\n\t\t\t\t\t\t<div class=\"elementor-container elementor-column-gap-default\">\n\t\t\t\t\t\t<\/div>\n\t\t<\/section>\n\t\t\t\t<section class=\"elementor-section elementor-inner-section elementor-element elementor-element-cca29fd elementor-section-boxed elementor-section-height-default elementor-section-height-default\" data-id=\"cca29fd\" data-element_type=\"section\">\n\t\t\t\t\t\t<div class=\"elementor-container elementor-column-gap-default\">\n\t\t\t\t\t\t<\/div>\n\t\t<\/section>\n\t\t\t\t\t<\/div>\n\t\t<\/div>\n\t\t\t\t\t<\/div>\n\t\t<\/section>\n\t\t\t\t<section class=\"elementor-section elementor-top-section elementor-element elementor-element-0db9090 elementor-section-boxed elementor-section-height-default elementor-section-height-default\" data-id=\"0db9090\" data-element_type=\"section\">\n\t\t\t\t\t\t<div class=\"elementor-container elementor-column-gap-default\">\n\t\t\t\t\t<div class=\"elementor-column elementor-col-100 elementor-top-column elementor-element elementor-element-2296183\" data-id=\"2296183\" data-element_type=\"column\">\n\t\t\t<div class=\"elementor-widget-wrap elementor-element-populated\">\n\t\t\t\t\t\t<div class=\"elementor-element elementor-element-500981c elementor-widget elementor-widget-text-editor\" data-id=\"500981c\" data-element_type=\"widget\" data-widget_type=\"text-editor.default\">\n\t\t\t\t<div class=\"elementor-widget-container\">\n\t\t\t\t\t\t\t\t\t<p><span style=\"font-weight: 400;\"><a href=\"https:\/\/antilla-martinique.com\/une-qualite-de-vie-optimale-dans-les-caraibes\/\" target=\"_blank\" rel=\"noopener nofollow\">Les conditions de vie dans la Cara\u00efbe<\/a> \u00e9voluent sous l\u2019effet de transformations urbaines, d\u00e9mographiques et sociales profondes. En 2025, plusieurs indicateurs cl\u00e9s dressent un portrait contrast\u00e9 de la r\u00e9gion\u202f: entre avanc\u00e9es notables en mati\u00e8re de sant\u00e9 publique et vuln\u00e9rabilit\u00e9s structurelles persistantes. Chez <a href=\"https:\/\/richeskarayib.com\/\" target=\"_blank\" rel=\"noopener\">Rich\u00e8sKarayib<\/a>, nous avons s\u00e9lectionn\u00e9 six chiffres r\u00e9cents, sourc\u00e9s par des organismes internationaux comme l\u2019ONU, l\u2019OIT ou la FAO, pour mettre en lumi\u00e8re les r\u00e9alit\u00e9s complexes des populations carib\u00e9ennes.<\/span><\/p>\t\t\t\t\t\t\t\t<\/div>\n\t\t\t\t<\/div>\n\t\t\t\t\t<\/div>\n\t\t<\/div>\n\t\t\t\t\t<\/div>\n\t\t<\/section>\n\t\t\t\t<section class=\"elementor-section elementor-top-section elementor-element elementor-element-7b2ef92 elementor-section-boxed elementor-section-height-default elementor-section-height-default\" data-id=\"7b2ef92\" data-element_type=\"section\">\n\t\t\t\t\t\t<div class=\"elementor-container elementor-column-gap-default\">\n\t\t\t\t\t<div class=\"elementor-column elementor-col-100 elementor-top-column elementor-element elementor-element-e8712b4\" data-id=\"e8712b4\" data-element_type=\"column\">\n\t\t\t<div class=\"elementor-widget-wrap elementor-element-populated\">\n\t\t\t\t\t\t<div class=\"elementor-element elementor-element-37e0414 elementor-widget elementor-widget-heading\" data-id=\"37e0414\" data-element_type=\"widget\" data-widget_type=\"heading.default\">\n\t\t\t\t<div class=\"elementor-widget-container\">\n\t\t\t\t\t<h2 class=\"elementor-heading-title elementor-size-default\">76,3\u202f% \u2013 Urbanisation croissante de la r\u00e9gion<\/h2>\t\t\t\t<\/div>\n\t\t\t\t<\/div>\n\t\t\t\t<div class=\"elementor-element elementor-element-fa5cc24 elementor-widget elementor-widget-text-editor\" data-id=\"fa5cc24\" data-element_type=\"widget\" data-widget_type=\"text-editor.default\">\n\t\t\t\t<div class=\"elementor-widget-container\">\n\t\t\t\t\t\t\t\t\t<p><span style=\"font-weight: 400;\">En 2025, <\/span><b>76,3\u202f%<\/b><span style=\"font-weight: 400;\"> de la population carib\u00e9enne vit en zone urbaine. Ce taux, l\u00e9g\u00e8rement en dessous de la moyenne de l\u2019Am\u00e9rique latine (82,5\u202f%), traduit la concentration croissante des habitants dans les villes et zones p\u00e9riurbaines. Une dynamique qui modifie les conditions de vie dans la Cara\u00efbe, avec des enjeux majeurs autour de l\u2019acc\u00e8s au logement, \u00e0 l\u2019eau, aux transports et \u00e0 la s\u00e9curit\u00e9. L\u2019urbanisation rapide reste souvent mal ma\u00eetris\u00e9e dans plusieurs territoires, g\u00e9n\u00e9rant des in\u00e9galit\u00e9s croissantes entre centres urbains et zones rurales.<\/span><\/p>\t\t\t\t\t\t\t\t<\/div>\n\t\t\t\t<\/div>\n\t\t\t\t<section class=\"elementor-section elementor-inner-section elementor-element elementor-element-c9212d1 elementor-section-boxed elementor-section-height-default elementor-section-height-default\" data-id=\"c9212d1\" data-element_type=\"section\">\n\t\t\t\t\t\t<div class=\"elementor-container elementor-column-gap-default\">\n\t\t\t\t\t<div class=\"elementor-column elementor-col-100 elementor-inner-column elementor-element elementor-element-597ece3\" data-id=\"597ece3\" data-element_type=\"column\">\n\t\t\t<div class=\"elementor-widget-wrap elementor-element-populated\">\n\t\t\t\t\t\t<div class=\"elementor-element elementor-element-5d62f17 elementor-widget elementor-widget-image\" data-id=\"5d62f17\" data-element_type=\"widget\" data-widget_type=\"image.default\">\n\t\t\t\t<div class=\"elementor-widget-container\">\n\t\t\t\t\t\t\t\t\t\t\t\t<figure class=\"wp-caption\">\n\t\t\t\t\t\t\t\t\t\t<img fetchpriority=\"high\" decoding=\"async\" width=\"800\" height=\"451\" src=\"https:\/\/richeskarayib.com\/wp-content\/uploads\/2025\/07\/\u00a9journals.openedition-1024x577.jpg\" class=\"attachment-large size-large wp-image-57677\" alt=\"conditions de vie dans la Cara\u00efbe\" srcset=\"https:\/\/richeskarayib.com\/wp-content\/uploads\/2025\/07\/\u00a9journals.openedition-1024x577.jpg 1024w, https:\/\/richeskarayib.com\/wp-content\/uploads\/2025\/07\/\u00a9journals.openedition-300x169.jpg 300w, https:\/\/richeskarayib.com\/wp-content\/uploads\/2025\/07\/\u00a9journals.openedition-768x432.jpg 768w, https:\/\/richeskarayib.com\/wp-content\/uploads\/2025\/07\/\u00a9journals.openedition-1536x865.jpg 1536w, https:\/\/richeskarayib.com\/wp-content\/uploads\/2025\/07\/\u00a9journals.openedition-1320x743.jpg 1320w, https:\/\/richeskarayib.com\/wp-content\/uploads\/2025\/07\/\u00a9journals.openedition.jpg 1920w\" sizes=\"(max-width: 800px) 100vw, 800px\" \/>\t\t\t\t\t\t\t\t\t\t\t<figcaption class=\"widget-image-caption wp-caption-text\">\u00a9journals.openedition<\/figcaption>\n\t\t\t\t\t\t\t\t\t\t<\/figure>\n\t\t\t\t\t\t\t\t\t<\/div>\n\t\t\t\t<\/div>\n\t\t\t\t\t<\/div>\n\t\t<\/div>\n\t\t\t\t\t<\/div>\n\t\t<\/section>\n\t\t\t\t\t<\/div>\n\t\t<\/div>\n\t\t\t\t\t<\/div>\n\t\t<\/section>\n\t\t\t\t<section class=\"elementor-section elementor-top-section elementor-element elementor-element-e011a0f elementor-section-boxed elementor-section-height-default elementor-section-height-default\" data-id=\"e011a0f\" data-element_type=\"section\">\n\t\t\t\t\t\t<div class=\"elementor-container elementor-column-gap-default\">\n\t\t\t\t\t<div class=\"elementor-column elementor-col-100 elementor-top-column elementor-element elementor-element-91c6ea5\" data-id=\"91c6ea5\" data-element_type=\"column\">\n\t\t\t<div class=\"elementor-widget-wrap elementor-element-populated\">\n\t\t\t\t\t\t<div class=\"elementor-element elementor-element-3193622 elementor-widget elementor-widget-heading\" data-id=\"3193622\" data-element_type=\"widget\" data-widget_type=\"heading.default\">\n\t\t\t\t<div class=\"elementor-widget-container\">\n\t\t\t\t\t<h2 class=\"elementor-heading-title elementor-size-default\">6,1\u202f% \u2013 Taux de ch\u00f4mage global en 2024<\/h2>\t\t\t\t<\/div>\n\t\t\t\t<\/div>\n\t\t\t\t<div class=\"elementor-element elementor-element-d6b77ee elementor-widget elementor-widget-text-editor\" data-id=\"d6b77ee\" data-element_type=\"widget\" data-widget_type=\"text-editor.default\">\n\t\t\t\t<div class=\"elementor-widget-container\">\n\t\t\t\t\t\t\t\t\t<p><span style=\"font-weight: 400;\">Selon l\u2019OIT, le taux de ch\u00f4mage projet\u00e9 pour l\u2019Am\u00e9rique latine et la Cara\u00efbe en 2024 est de <\/span><b>6,1\u202f%<\/b><span style=\"font-weight: 400;\">, en baisse par rapport \u00e0 2023 (6,5\u202f%). Si cette am\u00e9lioration refl\u00e8te une certaine reprise \u00e9conomique, elle reste fragile et masque d\u2019importantes disparit\u00e9s locales. Dans les petites \u00e9conomies insulaires, le march\u00e9 du travail reste \u00e9troit, tr\u00e8s saisonnier, et fortement d\u00e9pendant du tourisme. Cette donn\u00e9e interroge directement <a href=\"https:\/\/journals.openedition.org\/etudescaribeennes\/16908?lang=fr\" target=\"_blank\" rel=\"noopener nofollow\">les conditions de vie dans la Cara\u00efbe<\/a>, o\u00f9 une part importante de la population active reste sous-employ\u00e9e ou cantonn\u00e9e \u00e0 des emplois pr\u00e9caires.<\/span><\/p>\t\t\t\t\t\t\t\t<\/div>\n\t\t\t\t<\/div>\n\t\t\t\t<section class=\"elementor-section elementor-inner-section elementor-element elementor-element-bb4bb69 elementor-section-boxed elementor-section-height-default elementor-section-height-default\" data-id=\"bb4bb69\" data-element_type=\"section\">\n\t\t\t\t\t\t<div class=\"elementor-container elementor-column-gap-default\">\n\t\t\t\t\t<div class=\"elementor-column elementor-col-100 elementor-inner-column elementor-element elementor-element-e5a0adb\" data-id=\"e5a0adb\" data-element_type=\"column\">\n\t\t\t<div class=\"elementor-widget-wrap elementor-element-populated\">\n\t\t\t\t\t\t<div class=\"elementor-element elementor-element-6e7ea06 elementor-widget elementor-widget-image\" data-id=\"6e7ea06\" data-element_type=\"widget\" data-widget_type=\"image.default\">\n\t\t\t\t<div class=\"elementor-widget-container\">\n\t\t\t\t\t\t\t\t\t\t\t\t\t\t\t<img decoding=\"async\" width=\"683\" height=\"1024\" src=\"https:\/\/richeskarayib.com\/wp-content\/uploads\/2025\/07\/8e89efbd-7433-4cb4-8d82-6e213d157efd-683x1024.png\" class=\"attachment-large size-large wp-image-57681\" alt=\"conditions de vie dans la Cara\u00efbe\" srcset=\"https:\/\/richeskarayib.com\/wp-content\/uploads\/2025\/07\/8e89efbd-7433-4cb4-8d82-6e213d157efd-683x1024.png 683w, https:\/\/richeskarayib.com\/wp-content\/uploads\/2025\/07\/8e89efbd-7433-4cb4-8d82-6e213d157efd-200x300.png 200w, https:\/\/richeskarayib.com\/wp-content\/uploads\/2025\/07\/8e89efbd-7433-4cb4-8d82-6e213d157efd-768x1152.png 768w, https:\/\/richeskarayib.com\/wp-content\/uploads\/2025\/07\/8e89efbd-7433-4cb4-8d82-6e213d157efd.png 1024w\" sizes=\"(max-width: 683px) 100vw, 683px\" \/>\t\t\t\t\t\t\t\t\t\t\t\t\t\t\t<\/div>\n\t\t\t\t<\/div>\n\t\t\t\t\t<\/div>\n\t\t<\/div>\n\t\t\t\t\t<\/div>\n\t\t<\/section>\n\t\t\t\t\t<\/div>\n\t\t<\/div>\n\t\t\t\t\t<\/div>\n\t\t<\/section>\n\t\t\t\t<section class=\"elementor-section elementor-top-section elementor-element elementor-element-b53fa1e elementor-section-boxed elementor-section-height-default elementor-section-height-default\" data-id=\"b53fa1e\" data-element_type=\"section\">\n\t\t\t\t\t\t<div class=\"elementor-container elementor-column-gap-default\">\n\t\t\t\t\t<div class=\"elementor-column elementor-col-100 elementor-top-column elementor-element elementor-element-5786564\" data-id=\"5786564\" data-element_type=\"column\">\n\t\t\t<div class=\"elementor-widget-wrap elementor-element-populated\">\n\t\t\t\t\t\t<div class=\"elementor-element elementor-element-b23fa77 elementor-widget elementor-widget-heading\" data-id=\"b23fa77\" data-element_type=\"widget\" data-widget_type=\"heading.default\">\n\t\t\t\t<div class=\"elementor-widget-container\">\n\t\t\t\t\t<h2 class=\"elementor-heading-title elementor-size-default\">58,8\u202f% \u2013 Ins\u00e9curit\u00e9 alimentaire dans les Cara\u00efbes (2023\u20132025)<\/h2>\t\t\t\t<\/div>\n\t\t\t\t<\/div>\n\t\t\t\t<div class=\"elementor-element elementor-element-3fc4940 elementor-widget elementor-widget-text-editor\" data-id=\"3fc4940\" data-element_type=\"widget\" data-widget_type=\"text-editor.default\">\n\t\t\t\t<div class=\"elementor-widget-container\">\n\t\t\t\t\t\t\t\t\t<p><span style=\"font-weight: 400;\">Entre 2023 et 2025, <\/span><b>58,8\u202f%<\/b><span style=\"font-weight: 400;\"> de la population carib\u00e9enne est confront\u00e9e \u00e0 une ins\u00e9curit\u00e9 alimentaire mod\u00e9r\u00e9e ou grave, soit pr\u00e8s de 26,3\u202fmillions de personnes. Ce chiffre alarmant, issu des derniers rapports de la FAO et du <\/span><i><span style=\"font-weight: 400;\">Global Report on Food Crises<\/span><\/i><span style=\"font-weight: 400;\">, met en lumi\u00e8re la vuln\u00e9rabilit\u00e9 structurelle des syst\u00e8mes alimentaires insulaires. En Ha\u00efti, pr\u00e8s de la moiti\u00e9 de la population est en situation de crise alimentaire ou pire. Cette r\u00e9alit\u00e9 affecte profond\u00e9ment les conditions de vie dans la Cara\u00efbe, surtout pour les foyers ruraux, les familles monoparentales et les enfants.<\/span><\/p>\t\t\t\t\t\t\t\t<\/div>\n\t\t\t\t<\/div>\n\t\t\t\t<section class=\"elementor-section elementor-inner-section elementor-element elementor-element-24ab393 elementor-section-boxed elementor-section-height-default elementor-section-height-default\" data-id=\"24ab393\" data-element_type=\"section\">\n\t\t\t\t\t\t<div class=\"elementor-container elementor-column-gap-default\">\n\t\t\t\t\t<div class=\"elementor-column elementor-col-100 elementor-inner-column elementor-element elementor-element-01a73f2\" data-id=\"01a73f2\" data-element_type=\"column\">\n\t\t\t<div class=\"elementor-widget-wrap elementor-element-populated\">\n\t\t\t\t\t\t<div class=\"elementor-element elementor-element-913cbd6 elementor-widget elementor-widget-image\" data-id=\"913cbd6\" data-element_type=\"widget\" data-widget_type=\"image.default\">\n\t\t\t\t<div class=\"elementor-widget-container\">\n\t\t\t\t\t\t\t\t\t\t\t\t\t\t\t<img decoding=\"async\" width=\"800\" height=\"534\" src=\"https:\/\/richeskarayib.com\/wp-content\/uploads\/2025\/07\/DeWatermark.ai_1751454420733-1.jpeg\" class=\"attachment-large size-large wp-image-57685\" alt=\"conditions de vie dans la Cara\u00efbe\" srcset=\"https:\/\/richeskarayib.com\/wp-content\/uploads\/2025\/07\/DeWatermark.ai_1751454420733-1.jpeg 1024w, https:\/\/richeskarayib.com\/wp-content\/uploads\/2025\/07\/DeWatermark.ai_1751454420733-1-300x200.jpeg 300w, https:\/\/richeskarayib.com\/wp-content\/uploads\/2025\/07\/DeWatermark.ai_1751454420733-1-768x512.jpeg 768w\" sizes=\"(max-width: 800px) 100vw, 800px\" \/>\t\t\t\t\t\t\t\t\t\t\t\t\t\t\t<\/div>\n\t\t\t\t<\/div>\n\t\t\t\t\t<\/div>\n\t\t<\/div>\n\t\t\t\t\t<\/div>\n\t\t<\/section>\n\t\t\t\t\t<\/div>\n\t\t<\/div>\n\t\t\t\t\t<\/div>\n\t\t<\/section>\n\t\t\t\t<section class=\"elementor-section elementor-top-section elementor-element elementor-element-5214e28 elementor-section-boxed elementor-section-height-default elementor-section-height-default\" data-id=\"5214e28\" data-element_type=\"section\">\n\t\t\t\t\t\t<div class=\"elementor-container elementor-column-gap-default\">\n\t\t\t\t\t<div class=\"elementor-column elementor-col-100 elementor-top-column elementor-element elementor-element-dade06d\" data-id=\"dade06d\" data-element_type=\"column\">\n\t\t\t<div class=\"elementor-widget-wrap elementor-element-populated\">\n\t\t\t\t\t\t<div class=\"elementor-element elementor-element-d1b711d elementor-widget elementor-widget-heading\" data-id=\"d1b711d\" data-element_type=\"widget\" data-widget_type=\"heading.default\">\n\t\t\t\t<div class=\"elementor-widget-container\">\n\t\t\t\t\t<h2 class=\"elementor-heading-title elementor-size-default\">32,4 ans \u2013 \u00c2ge m\u00e9dian ; 1,95 enfant\/femme ; 44,6 millions d\u2019habitants\n<\/h2>\t\t\t\t<\/div>\n\t\t\t\t<\/div>\n\t\t\t\t<div class=\"elementor-element elementor-element-a454b32 elementor-widget elementor-widget-text-editor\" data-id=\"a454b32\" data-element_type=\"widget\" data-widget_type=\"text-editor.default\">\n\t\t\t\t<div class=\"elementor-widget-container\">\n\t\t\t\t\t\t\t\t\t<p><span style=\"font-weight: 400;\">La population carib\u00e9enne affiche un <\/span><b>\u00e2ge m\u00e9dian de 32,4 ans<\/b><span style=\"font-weight: 400;\">, avec un taux de f\u00e9condit\u00e9 de <\/span><b>1,95 enfant par femme<\/b><span style=\"font-weight: 400;\">. Ces chiffres indiquent une stabilisation d\u00e9mographique apr\u00e8s plusieurs d\u00e9cennies de croissance rapide. Avec environ <\/span><b>44,6 millions d\u2019habitants<\/b><span style=\"font-weight: 400;\"> en 2025, la Cara\u00efbe conna\u00eet un vieillissement progressif de sa population, m\u00eame si la jeunesse reste dominante dans certaines r\u00e9gions comme Ha\u00efti, la R\u00e9publique dominicaine ou la Guyane. Ces \u00e9volutions d\u00e9mographiques p\u00e8sent directement sur les politiques publiques et influencent les conditions de vie dans la Cara\u00efbe, notamment en mati\u00e8re de sant\u00e9, d\u2019\u00e9ducation et de retraite.<\/span><\/p>\t\t\t\t\t\t\t\t<\/div>\n\t\t\t\t<\/div>\n\t\t\t\t<section class=\"elementor-section elementor-inner-section elementor-element elementor-element-58382da elementor-section-boxed elementor-section-height-default elementor-section-height-default\" data-id=\"58382da\" data-element_type=\"section\">\n\t\t\t\t\t\t<div class=\"elementor-container elementor-column-gap-default\">\n\t\t\t\t\t<div class=\"elementor-column elementor-col-100 elementor-inner-column elementor-element elementor-element-961966f\" data-id=\"961966f\" data-element_type=\"column\">\n\t\t\t<div class=\"elementor-widget-wrap elementor-element-populated\">\n\t\t\t\t\t\t<div class=\"elementor-element elementor-element-c98cc00 elementor-widget elementor-widget-image\" data-id=\"c98cc00\" data-element_type=\"widget\" data-widget_type=\"image.default\">\n\t\t\t\t<div class=\"elementor-widget-container\">\n\t\t\t\t\t\t\t\t\t\t\t\t\t\t\t<img loading=\"lazy\" decoding=\"async\" width=\"683\" height=\"1024\" src=\"https:\/\/richeskarayib.com\/wp-content\/uploads\/2025\/07\/94cca031-dd19-43b6-ac5f-0a7a87dbb0ba-683x1024.png\" class=\"attachment-large size-large wp-image-57689\" alt=\"conditions de vie dans la Cara\u00efbe\" srcset=\"https:\/\/richeskarayib.com\/wp-content\/uploads\/2025\/07\/94cca031-dd19-43b6-ac5f-0a7a87dbb0ba-683x1024.png 683w, https:\/\/richeskarayib.com\/wp-content\/uploads\/2025\/07\/94cca031-dd19-43b6-ac5f-0a7a87dbb0ba-200x300.png 200w, https:\/\/richeskarayib.com\/wp-content\/uploads\/2025\/07\/94cca031-dd19-43b6-ac5f-0a7a87dbb0ba-768x1152.png 768w, https:\/\/richeskarayib.com\/wp-content\/uploads\/2025\/07\/94cca031-dd19-43b6-ac5f-0a7a87dbb0ba.png 1024w\" sizes=\"(max-width: 683px) 100vw, 683px\" \/>\t\t\t\t\t\t\t\t\t\t\t\t\t\t\t<\/div>\n\t\t\t\t<\/div>\n\t\t\t\t\t<\/div>\n\t\t<\/div>\n\t\t\t\t\t<\/div>\n\t\t<\/section>\n\t\t\t\t\t<\/div>\n\t\t<\/div>\n\t\t\t\t\t<\/div>\n\t\t<\/section>\n\t\t\t\t<section class=\"elementor-section elementor-top-section elementor-element elementor-element-6f34adc elementor-section-boxed elementor-section-height-default elementor-section-height-default\" data-id=\"6f34adc\" data-element_type=\"section\">\n\t\t\t\t\t\t<div class=\"elementor-container elementor-column-gap-default\">\n\t\t\t\t\t<div class=\"elementor-column elementor-col-100 elementor-top-column elementor-element elementor-element-787608c\" data-id=\"787608c\" data-element_type=\"column\">\n\t\t\t<div class=\"elementor-widget-wrap elementor-element-populated\">\n\t\t\t\t\t\t<div class=\"elementor-element elementor-element-d1b2db8 elementor-widget elementor-widget-heading\" data-id=\"d1b2db8\" data-element_type=\"widget\" data-widget_type=\"heading.default\">\n\t\t\t\t<div class=\"elementor-widget-container\">\n\t\t\t\t\t<h2 class=\"elementor-heading-title elementor-size-default\">47,2\u202f% \u2013 Taux d\u2019emploi informel<\/h2>\t\t\t\t<\/div>\n\t\t\t\t<\/div>\n\t\t\t\t<div class=\"elementor-element elementor-element-c5c79cd elementor-widget elementor-widget-text-editor\" data-id=\"c5c79cd\" data-element_type=\"widget\" data-widget_type=\"text-editor.default\">\n\t\t\t\t<div class=\"elementor-widget-container\">\n\t\t\t\t\t\t\t\t\t<p><span style=\"font-weight: 400;\">Pr\u00e8s de <\/span><b>47,2\u202f%<\/b><span style=\"font-weight: 400;\"> des emplois dans la r\u00e9gion sont consid\u00e9r\u00e9s comme informels, selon les derniers relev\u00e9s de l\u2019OIT. Ce taux, l\u00e9g\u00e8rement inf\u00e9rieur \u00e0 la moyenne latino-am\u00e9ricaine (57\u202f%), reste n\u00e9anmoins pr\u00e9occupant. L\u2019\u00e9conomie informelle englobe des millions de travailleurs sans contrat, sans couverture sociale et sans stabilit\u00e9 de revenus. Elle refl\u00e8te \u00e0 la fois la r\u00e9silience des populations et la fragilit\u00e9 des structures \u00e9conomiques. Dans les \u00eeles, l\u2019informalit\u00e9 est particuli\u00e8rement pr\u00e9sente dans les secteurs du tourisme, de la p\u00eache et du commerce de rue. Elle contribue \u00e0 accentuer les in\u00e9galit\u00e9s dans les conditions de vie dans la Cara\u00efbe.<\/span><\/p>\t\t\t\t\t\t\t\t<\/div>\n\t\t\t\t<\/div>\n\t\t\t\t\t<\/div>\n\t\t<\/div>\n\t\t\t\t\t<\/div>\n\t\t<\/section>\n\t\t\t\t<section class=\"elementor-section elementor-top-section elementor-element elementor-element-6dfb5cc elementor-section-boxed elementor-section-height-default elementor-section-height-default\" data-id=\"6dfb5cc\" data-element_type=\"section\">\n\t\t\t\t\t\t<div class=\"elementor-container elementor-column-gap-default\">\n\t\t\t\t\t<div class=\"elementor-column elementor-col-100 elementor-top-column elementor-element elementor-element-e47175d\" data-id=\"e47175d\" data-element_type=\"column\">\n\t\t\t<div class=\"elementor-widget-wrap elementor-element-populated\">\n\t\t\t\t\t\t<div class=\"elementor-element elementor-element-04cf9b1 elementor-widget elementor-widget-heading\" data-id=\"04cf9b1\" data-element_type=\"widget\" data-widget_type=\"heading.default\">\n\t\t\t\t<div class=\"elementor-widget-container\">\n\t\t\t\t\t<h2 class=\"elementor-heading-title elementor-size-default\">74,1 ans \u2013 Esp\u00e9rance de vie moyenne en 2025<\/h2>\t\t\t\t<\/div>\n\t\t\t\t<\/div>\n\t\t\t\t<div class=\"elementor-element elementor-element-848d3cc elementor-widget elementor-widget-text-editor\" data-id=\"848d3cc\" data-element_type=\"widget\" data-widget_type=\"text-editor.default\">\n\t\t\t\t<div class=\"elementor-widget-container\">\n\t\t\t\t\t\t\t\t\t<p><span style=\"font-weight: 400;\">Bonne nouvelle\u202f: l\u2019esp\u00e9rance de vie dans la <a href=\"https:\/\/richeskarayib.com\/fr\/cooperation-geothermique-dans-la-caraibe-oeco\/\" target=\"_blank\" rel=\"noopener\">Cara\u00efbe<\/a> atteint <\/span><b>74,1 ans<\/b><span style=\"font-weight: 400;\"> en 2025, contre 69,6 ans en 1990. Cette progression de +4,5 ans en trois d\u00e9cennies est due \u00e0 de meilleurs services de sant\u00e9, une baisse de la mortalit\u00e9 infantile et un meilleur acc\u00e8s \u00e0 l\u2019eau potable. Mais des disparit\u00e9s importantes subsistent\u202f: les femmes vivent en moyenne <\/span><b>76,6 ans<\/b><span style=\"font-weight: 400;\">, contre <\/span><b>71,7 ans<\/b><span style=\"font-weight: 400;\"> pour les hommes. Cet \u00e9cart est li\u00e9, entre autres, \u00e0 la pr\u00e9valence des maladies cardiovasculaires et \u00e0 l\u2019acc\u00e8s diff\u00e9renci\u00e9 aux soins. Ce progr\u00e8s relatif montre aussi combien la sant\u00e9 publique est un pilier central des conditions de vie dans la Cara\u00efbe.<\/span><\/p>\t\t\t\t\t\t\t\t<\/div>\n\t\t\t\t<\/div>\n\t\t\t\t<section class=\"elementor-section elementor-inner-section elementor-element elementor-element-0812147 elementor-section-boxed elementor-section-height-default elementor-section-height-default\" data-id=\"0812147\" data-element_type=\"section\">\n\t\t\t\t\t\t<div class=\"elementor-container elementor-column-gap-default\">\n\t\t\t\t\t<div class=\"elementor-column elementor-col-100 elementor-inner-column elementor-element elementor-element-5759209\" data-id=\"5759209\" data-element_type=\"column\">\n\t\t\t<div class=\"elementor-widget-wrap elementor-element-populated\">\n\t\t\t\t\t\t<div class=\"elementor-element elementor-element-7d06d24 elementor-widget elementor-widget-image\" data-id=\"7d06d24\" data-element_type=\"widget\" data-widget_type=\"image.default\">\n\t\t\t\t<div class=\"elementor-widget-container\">\n\t\t\t\t\t\t\t\t\t\t\t\t\t\t\t<img loading=\"lazy\" decoding=\"async\" width=\"683\" height=\"1024\" src=\"https:\/\/richeskarayib.com\/wp-content\/uploads\/2025\/07\/ce8c26c5-ea04-4a80-9dc3-4d4fd940bdd1-683x1024.png\" class=\"attachment-large size-large wp-image-57693\" alt=\"conditions de vie dans la Cara\u00efbe\" srcset=\"https:\/\/richeskarayib.com\/wp-content\/uploads\/2025\/07\/ce8c26c5-ea04-4a80-9dc3-4d4fd940bdd1-683x1024.png 683w, https:\/\/richeskarayib.com\/wp-content\/uploads\/2025\/07\/ce8c26c5-ea04-4a80-9dc3-4d4fd940bdd1-200x300.png 200w, https:\/\/richeskarayib.com\/wp-content\/uploads\/2025\/07\/ce8c26c5-ea04-4a80-9dc3-4d4fd940bdd1-768x1152.png 768w, https:\/\/richeskarayib.com\/wp-content\/uploads\/2025\/07\/ce8c26c5-ea04-4a80-9dc3-4d4fd940bdd1.png 1024w\" sizes=\"(max-width: 683px) 100vw, 683px\" \/>\t\t\t\t\t\t\t\t\t\t\t\t\t\t\t<\/div>\n\t\t\t\t<\/div>\n\t\t\t\t\t<\/div>\n\t\t<\/div>\n\t\t\t\t\t<\/div>\n\t\t<\/section>\n\t\t\t\t\t<\/div>\n\t\t<\/div>\n\t\t\t\t\t<\/div>\n\t\t<\/section>\n\t\t\t\t<section class=\"elementor-section elementor-top-section elementor-element elementor-element-39217c3 elementor-section-boxed elementor-section-height-default elementor-section-height-default\" data-id=\"39217c3\" data-element_type=\"section\">\n\t\t\t\t\t\t<div class=\"elementor-container elementor-column-gap-default\">\n\t\t\t\t\t<div class=\"elementor-column elementor-col-100 elementor-top-column elementor-element elementor-element-7c2279c\" data-id=\"7c2279c\" data-element_type=\"column\">\n\t\t\t<div class=\"elementor-widget-wrap elementor-element-populated\">\n\t\t\t\t\t\t<div class=\"elementor-element elementor-element-6da4685 elementor-widget elementor-widget-heading\" data-id=\"6da4685\" data-element_type=\"widget\" data-widget_type=\"heading.default\">\n\t\t\t\t<div class=\"elementor-widget-container\">\n\t\t\t\t\t<h2 class=\"elementor-heading-title elementor-size-default\">Une Cara\u00efbe plurielle entre urgences sociales et progr\u00e8s mesur\u00e9s\n<\/h2>\t\t\t\t<\/div>\n\t\t\t\t<\/div>\n\t\t\t\t<div class=\"elementor-element elementor-element-5872a29 elementor-widget elementor-widget-text-editor\" data-id=\"5872a29\" data-element_type=\"widget\" data-widget_type=\"text-editor.default\">\n\t\t\t\t<div class=\"elementor-widget-container\">\n\t\t\t\t\t\t\t\t\t<p><span style=\"font-weight: 400;\">Les conditions de vie dans la Cara\u00efbe en 2025 refl\u00e8tent une double r\u00e9alit\u00e9. D\u2019un c\u00f4t\u00e9, des progr\u00e8s notables en mati\u00e8re de long\u00e9vit\u00e9, d\u2019\u00e9ducation et de stabilisation d\u00e9mographique\u202f; de l\u2019autre, des fragilit\u00e9s persistantes, li\u00e9es \u00e0 l\u2019ins\u00e9curit\u00e9 alimentaire, \u00e0 l\u2019informalit\u00e9 \u00e9conomique et \u00e0 la concentration urbaine. Ces chiffres doivent nourrir les politiques publiques et les projets de coop\u00e9ration r\u00e9gionale. Car derri\u00e8re chaque pourcentage se cachent des vies concr\u00e8tes, des familles, des trajectoires humaines. Et c\u2019est \u00e0 partir de ces indicateurs pr\u00e9cis que peut se construire une Cara\u00efbe plus \u00e9quitable et plus r\u00e9siliente.<\/span><\/p>\t\t\t\t\t\t\t\t<\/div>\n\t\t\t\t<\/div>\n\t\t\t\t\t<\/div>\n\t\t<\/div>\n\t\t\t\t\t<\/div>\n\t\t<\/section>\n\t\t\t\t<\/div>\n\t\t","protected":false},"excerpt":{"rendered":"<p>Les conditions de vie dans la Cara\u00efbe \u00e9voluent sous l\u2019effet de transformations urbaines, d\u00e9mographiques et sociales profondes. En 2025, plusieurs indicateurs cl\u00e9s dressent un portrait contrast\u00e9 de la r\u00e9gion\u202f: entre avanc\u00e9es notables en mati\u00e8re de sant\u00e9 publique et vuln\u00e9rabilit\u00e9s structurelles persistantes. Chez Rich\u00e8sKarayib, nous avons s\u00e9lectionn\u00e9 six chiffres r\u00e9cents, sourc\u00e9s par des organismes internationaux comme [&hellip;]<\/p>\n","protected":false},"author":662,"featured_media":57711,"comment_status":"open","ping_status":"open","sticky":false,"template":"","format":"standard","meta":{"_acf_changed":false,"footnotes":""},"categories":[840],"tags":[1441,1598,1716,1545,814,808,1482,1599,1656],"class_list":["post-57676","post","type-post","status-publish","format-standard","has-post-thumbnail","hentry","category-actus","tag-anguilla-fr","tag-barbade-fr","tag-dominique-fr-2","tag-guadeloupe-2","tag-haiti-fr","tag-martinique-fr","tag-republique-dominicaine","tag-sainte-lucie-fr","tag-trinite-et-tobago-2"],"acf":[],"_links":{"self":[{"href":"https:\/\/richeskarayib.com\/fr\/wp-json\/wp\/v2\/posts\/57676","targetHints":{"allow":["GET"]}}],"collection":[{"href":"https:\/\/richeskarayib.com\/fr\/wp-json\/wp\/v2\/posts"}],"about":[{"href":"https:\/\/richeskarayib.com\/fr\/wp-json\/wp\/v2\/types\/post"}],"author":[{"embeddable":true,"href":"https:\/\/richeskarayib.com\/fr\/wp-json\/wp\/v2\/users\/662"}],"replies":[{"embeddable":true,"href":"https:\/\/richeskarayib.com\/fr\/wp-json\/wp\/v2\/comments?post=57676"}],"version-history":[{"count":0,"href":"https:\/\/richeskarayib.com\/fr\/wp-json\/wp\/v2\/posts\/57676\/revisions"}],"wp:featuredmedia":[{"embeddable":true,"href":"https:\/\/richeskarayib.com\/fr\/wp-json\/wp\/v2\/media\/57711"}],"wp:attachment":[{"href":"https:\/\/richeskarayib.com\/fr\/wp-json\/wp\/v2\/media?parent=57676"}],"wp:term":[{"taxonomy":"category","embeddable":true,"href":"https:\/\/richeskarayib.com\/fr\/wp-json\/wp\/v2\/categories?post=57676"},{"taxonomy":"post_tag","embeddable":true,"href":"https:\/\/richeskarayib.com\/fr\/wp-json\/wp\/v2\/tags?post=57676"}],"curies":[{"name":"wp","href":"https:\/\/api.w.org\/{rel}","templated":true}]}}