{"id":57717,"date":"2025-07-29T07:00:15","date_gmt":"2025-07-29T11:00:15","guid":{"rendered":"https:\/\/richeskarayib.com\/?p=57717"},"modified":"2025-07-28T16:02:06","modified_gmt":"2025-07-28T20:02:06","slug":"saba-carnival-2025-unspoiled-queen","status":"publish","type":"post","link":"https:\/\/richeskarayib.com\/fr\/saba-carnival-2025-unspoiled-queen\/","title":{"rendered":"Saba Carnival 2025 : la \u00ab\u202fUnspoiled Queen\u202f\u00bb en f\u00eate du 28 juillet au 3 ao\u00fbt"},"content":{"rendered":"\t\t<div data-elementor-type=\"wp-post\" data-elementor-id=\"57717\" class=\"elementor elementor-57717\" data-elementor-post-type=\"post\">\n\t\t\t\t\t\t<section class=\"elementor-section elementor-top-section elementor-element elementor-element-7ca7ca1 elementor-section-boxed elementor-section-height-default elementor-section-height-default\" data-id=\"7ca7ca1\" data-element_type=\"section\">\n\t\t\t\t\t\t<div class=\"elementor-container elementor-column-gap-default\">\n\t\t\t\t\t<div class=\"elementor-column elementor-col-100 elementor-top-column elementor-element elementor-element-cbdd002\" data-id=\"cbdd002\" data-element_type=\"column\">\n\t\t\t<div class=\"elementor-widget-wrap elementor-element-populated\">\n\t\t\t\t\t\t<section class=\"elementor-section elementor-inner-section elementor-element elementor-element-bc94849 elementor-section-boxed elementor-section-height-default elementor-section-height-default\" data-id=\"bc94849\" data-element_type=\"section\">\n\t\t\t\t\t\t<div class=\"elementor-container elementor-column-gap-default\">\n\t\t\t\t\t\t<\/div>\n\t\t<\/section>\n\t\t\t\t<section class=\"elementor-section elementor-inner-section elementor-element elementor-element-61571e6 elementor-section-boxed elementor-section-height-default elementor-section-height-default\" data-id=\"61571e6\" data-element_type=\"section\">\n\t\t\t\t\t\t<div class=\"elementor-container elementor-column-gap-default\">\n\t\t\t\t\t\t<\/div>\n\t\t<\/section>\n\t\t\t\t<section class=\"elementor-section elementor-inner-section elementor-element elementor-element-b6262e0 elementor-section-boxed elementor-section-height-default elementor-section-height-default\" data-id=\"b6262e0\" data-element_type=\"section\">\n\t\t\t\t\t\t<div class=\"elementor-container elementor-column-gap-default\">\n\t\t\t\t\t\t<\/div>\n\t\t<\/section>\n\t\t\t\t<section class=\"elementor-section elementor-inner-section elementor-element elementor-element-cca29fd elementor-section-boxed elementor-section-height-default elementor-section-height-default\" data-id=\"cca29fd\" data-element_type=\"section\">\n\t\t\t\t\t\t<div class=\"elementor-container elementor-column-gap-default\">\n\t\t\t\t\t\t<\/div>\n\t\t<\/section>\n\t\t\t\t\t<\/div>\n\t\t<\/div>\n\t\t\t\t\t<\/div>\n\t\t<\/section>\n\t\t\t\t<section class=\"elementor-section elementor-top-section elementor-element elementor-element-0db9090 elementor-section-boxed elementor-section-height-default elementor-section-height-default\" data-id=\"0db9090\" data-element_type=\"section\">\n\t\t\t\t\t\t<div class=\"elementor-container elementor-column-gap-default\">\n\t\t\t\t\t<div class=\"elementor-column elementor-col-100 elementor-top-column elementor-element elementor-element-2296183\" data-id=\"2296183\" data-element_type=\"column\">\n\t\t\t<div class=\"elementor-widget-wrap elementor-element-populated\">\n\t\t\t\t\t\t<div class=\"elementor-element elementor-element-500981c elementor-widget elementor-widget-text-editor\" data-id=\"500981c\" data-element_type=\"widget\" data-widget_type=\"text-editor.default\">\n\t\t\t\t<div class=\"elementor-widget-container\">\n\t\t\t\t\t\t\t\t\t<p><span style=\"font-weight: 400;\">Chaque \u00e9t\u00e9, l\u2019\u00eele de <a href=\"https:\/\/richeskarayib.com\/fr\/escapade-a-saba-perle-volcanique-des-antilles\/\" target=\"_blank\" rel=\"noopener\">Saba<\/a>, c\u00e9l\u00e8bre son carnaval avec une intensit\u00e9 rare. Du 28 juillet au 3 ao\u00fbt 2025, le <a href=\"https:\/\/www.sabagov.nl\/es\/events\/carnival-2025\" target=\"_blank\" rel=\"noopener nofollow\">Saba Carnival<\/a> revient pour une nouvelle \u00e9dition, m\u00ealant traditions carib\u00e9ennes, esprit communautaire et richesse culturelle dans un cadre naturel exceptionnel.<\/span><\/p>\t\t\t\t\t\t\t\t<\/div>\n\t\t\t\t<\/div>\n\t\t\t\t\t<\/div>\n\t\t<\/div>\n\t\t\t\t\t<\/div>\n\t\t<\/section>\n\t\t\t\t<section class=\"elementor-section elementor-top-section elementor-element elementor-element-e011a0f elementor-section-boxed elementor-section-height-default elementor-section-height-default\" data-id=\"e011a0f\" data-element_type=\"section\">\n\t\t\t\t\t\t<div class=\"elementor-container elementor-column-gap-default\">\n\t\t\t\t\t<div class=\"elementor-column elementor-col-100 elementor-top-column elementor-element elementor-element-91c6ea5\" data-id=\"91c6ea5\" data-element_type=\"column\">\n\t\t\t<div class=\"elementor-widget-wrap elementor-element-populated\">\n\t\t\t\t\t\t<div class=\"elementor-element elementor-element-3193622 elementor-widget elementor-widget-heading\" data-id=\"3193622\" data-element_type=\"widget\" data-widget_type=\"heading.default\">\n\t\t\t\t<div class=\"elementor-widget-container\">\n\t\t\t\t\t<h2 class=\"elementor-heading-title elementor-size-default\">Une tradition bien ancr\u00e9e depuis 1975<\/h2>\t\t\t\t<\/div>\n\t\t\t\t<\/div>\n\t\t\t\t<div class=\"elementor-element elementor-element-d6b77ee elementor-widget elementor-widget-text-editor\" data-id=\"d6b77ee\" data-element_type=\"widget\" data-widget_type=\"text-editor.default\">\n\t\t\t\t<div class=\"elementor-widget-container\">\n\t\t\t\t\t\t\t\t\t<p><span style=\"font-weight: 400;\">Le <a href=\"https:\/\/saba-news.com\/2025-carnival-schedule-july-28th-august-3rd\/\" target=\"_blank\" rel=\"noopener nofollow\">Saba Carnival<\/a> ne suit pas le calendrier pr\u00e9-car\u00eame comme les carnavals traditionnels. Il se tient en juillet, afin de permettre aux \u00e9tudiants sab\u00e9ens vivant \u00e0 l\u2019\u00e9tranger de participer. N\u00e9 en 1975, ce festival d\u2019\u00e9t\u00e9 s\u2019est impos\u00e9 comme un marqueur identitaire pour les 1\u202f500 habitants de l\u2019\u00eele. Il refl\u00e8te l\u2019histoire de Saba, colonis\u00e9e par les N\u00e9erlandais au XVIIe si\u00e8cle, o\u00f9 les cultures africaines, europ\u00e9ennes et carib\u00e9ennes se sont entrem\u00eal\u00e9es au fil des si\u00e8cles.<\/span><\/p><p><span style=\"font-weight: 400;\">Durant ses cinquante ann\u00e9es d\u2019existence, le carnaval est pass\u00e9 d\u2019une c\u00e9l\u00e9bration locale \u00e0 un \u00e9v\u00e9nement reconnu dans toute la r\u00e9gion. Il mobilise aujourd\u2019hui toutes les g\u00e9n\u00e9rations, au sein d\u2019une soci\u00e9t\u00e9 o\u00f9 les liens familiaux et communautaires restent forts.<\/span><\/p>\t\t\t\t\t\t\t\t<\/div>\n\t\t\t\t<\/div>\n\t\t\t\t<section class=\"elementor-section elementor-inner-section elementor-element elementor-element-1a6db20 elementor-section-boxed elementor-section-height-default elementor-section-height-default\" data-id=\"1a6db20\" data-element_type=\"section\">\n\t\t\t\t\t\t<div class=\"elementor-container elementor-column-gap-default\">\n\t\t\t\t\t<div class=\"elementor-column elementor-col-50 elementor-inner-column elementor-element elementor-element-2266e0a\" data-id=\"2266e0a\" data-element_type=\"column\">\n\t\t\t<div class=\"elementor-widget-wrap elementor-element-populated\">\n\t\t\t\t\t\t<div class=\"elementor-element elementor-element-1ca1543 elementor-widget elementor-widget-image\" data-id=\"1ca1543\" data-element_type=\"widget\" data-widget_type=\"image.default\">\n\t\t\t\t<div class=\"elementor-widget-container\">\n\t\t\t\t\t\t\t\t\t\t\t\t<figure class=\"wp-caption\">\n\t\t\t\t\t\t\t\t\t\t<img fetchpriority=\"high\" decoding=\"async\" width=\"469\" height=\"720\" src=\"https:\/\/richeskarayib.com\/wp-content\/uploads\/2025\/07\/\u00a9Saba-Carnival-7.jpg\" class=\"attachment-large size-large wp-image-57770\" alt=\"Saba\" srcset=\"https:\/\/richeskarayib.com\/wp-content\/uploads\/2025\/07\/\u00a9Saba-Carnival-7.jpg 469w, https:\/\/richeskarayib.com\/wp-content\/uploads\/2025\/07\/\u00a9Saba-Carnival-7-195x300.jpg 195w\" sizes=\"(max-width: 469px) 100vw, 469px\" \/>\t\t\t\t\t\t\t\t\t\t\t<figcaption class=\"widget-image-caption wp-caption-text\">\u00a9Saba Carnival <\/figcaption>\n\t\t\t\t\t\t\t\t\t\t<\/figure>\n\t\t\t\t\t\t\t\t\t<\/div>\n\t\t\t\t<\/div>\n\t\t\t\t\t<\/div>\n\t\t<\/div>\n\t\t\t\t<div class=\"elementor-column elementor-col-50 elementor-inner-column elementor-element elementor-element-fd2b9cd\" data-id=\"fd2b9cd\" data-element_type=\"column\">\n\t\t\t<div class=\"elementor-widget-wrap elementor-element-populated\">\n\t\t\t\t\t\t<div class=\"elementor-element elementor-element-15b7388 elementor-widget elementor-widget-image\" data-id=\"15b7388\" data-element_type=\"widget\" data-widget_type=\"image.default\">\n\t\t\t\t<div class=\"elementor-widget-container\">\n\t\t\t\t\t\t\t\t\t\t\t\t<figure class=\"wp-caption\">\n\t\t\t\t\t\t\t\t\t\t<img decoding=\"async\" width=\"720\" height=\"960\" src=\"https:\/\/richeskarayib.com\/wp-content\/uploads\/2025\/07\/\u00a9Saba-Carnival-9.jpg\" class=\"attachment-large size-large wp-image-57774\" alt=\"Saba\" srcset=\"https:\/\/richeskarayib.com\/wp-content\/uploads\/2025\/07\/\u00a9Saba-Carnival-9.jpg 720w, https:\/\/richeskarayib.com\/wp-content\/uploads\/2025\/07\/\u00a9Saba-Carnival-9-225x300.jpg 225w\" sizes=\"(max-width: 720px) 100vw, 720px\" \/>\t\t\t\t\t\t\t\t\t\t\t<figcaption class=\"widget-image-caption wp-caption-text\">\u00a9Saba Carnival<\/figcaption>\n\t\t\t\t\t\t\t\t\t\t<\/figure>\n\t\t\t\t\t\t\t\t\t<\/div>\n\t\t\t\t<\/div>\n\t\t\t\t\t<\/div>\n\t\t<\/div>\n\t\t\t\t\t<\/div>\n\t\t<\/section>\n\t\t\t\t\t<\/div>\n\t\t<\/div>\n\t\t\t\t\t<\/div>\n\t\t<\/section>\n\t\t\t\t<section class=\"elementor-section elementor-top-section elementor-element elementor-element-b53fa1e elementor-section-boxed elementor-section-height-default elementor-section-height-default\" data-id=\"b53fa1e\" data-element_type=\"section\">\n\t\t\t\t\t\t<div class=\"elementor-container elementor-column-gap-default\">\n\t\t\t\t\t<div class=\"elementor-column elementor-col-100 elementor-top-column elementor-element elementor-element-5786564\" data-id=\"5786564\" data-element_type=\"column\">\n\t\t\t<div class=\"elementor-widget-wrap elementor-element-populated\">\n\t\t\t\t\t\t<div class=\"elementor-element elementor-element-b23fa77 elementor-widget elementor-widget-heading\" data-id=\"b23fa77\" data-element_type=\"widget\" data-widget_type=\"heading.default\">\n\t\t\t\t<div class=\"elementor-widget-container\">\n\t\t\t\t\t<h2 class=\"elementor-heading-title elementor-size-default\">Un programme riche et structur\u00e9<\/h2>\t\t\t\t<\/div>\n\t\t\t\t<\/div>\n\t\t\t\t<div class=\"elementor-element elementor-element-3fc4940 elementor-widget elementor-widget-text-editor\" data-id=\"3fc4940\" data-element_type=\"widget\" data-widget_type=\"text-editor.default\">\n\t\t\t\t<div class=\"elementor-widget-container\">\n\t\t\t\t\t\t\t\t\t<p><span style=\"font-weight: 400;\">Le programme officiel de 2025, diffus\u00e9 par les autorit\u00e9s locales, pr\u00e9voit sept jours de festivit\u00e9s rythm\u00e9s par des \u00e9v\u00e9nements populaires.<\/span><\/p><p><span style=\"font-weight: 400;\">Le lundi 28 juillet ouvrira les festivit\u00e9s avec une c\u00e9r\u00e9monie \u00e0 The Bottom, capitale de l\u2019\u00eele. Le mardi 29 juillet, place \u00e0 la Bouyon Night, soir\u00e9e \u00e9nergique d\u00e9di\u00e9e au genre musical bouyon originaire de Dominique. Mercredi 30 juillet, la comp\u00e9tition de Calypso et Road March mettra \u00e0 l\u2019honneur les artistes locaux dans deux styles musicaux embl\u00e9matiques de la Cara\u00efbe.<\/span><\/p><p><span style=\"font-weight: 400;\">Le jeudi 31 juillet accueillera la Big Jam, une grande soir\u00e9e musicale aux accents internationaux. Le vendredi 1er ao\u00fbt, l\u2019International Flag Fest fera flotter des banni\u00e8res carib\u00e9ennes dans les rues de The Bottom et Windwardside, dans une ambiance festive et color\u00e9e.<\/span><\/p>\t\t\t\t\t\t\t\t<\/div>\n\t\t\t\t<\/div>\n\t\t\t\t<div class=\"elementor-element elementor-element-b065c81 elementor-widget elementor-widget-text-editor\" data-id=\"b065c81\" data-element_type=\"widget\" data-widget_type=\"text-editor.default\">\n\t\t\t\t<div class=\"elementor-widget-container\">\n\t\t\t\t\t\t\t\t\t<p><span style=\"font-weight: 400;\">Le week-end marquera l\u2019apog\u00e9e du carnaval. Le samedi 2 ao\u00fbt d\u00e9butera d\u00e8s l\u2019aube avec le traditionnel Jouvert Morning, procession matinale typique des carnavals carib\u00e9ens. La Grand Parade suivra dans la journ\u00e9e, avec ses chars d\u00e9cor\u00e9s, costumes flamboyants et prestations musicales.<\/span><\/p><p><span style=\"font-weight: 400;\">Enfin, le dimanche 3 ao\u00fbt se tiendra le Second Parade, aussi appel\u00e9e Last Lap, derni\u00e8re grande d\u00e9ambulation avant la cl\u00f4ture du festival.<\/span><\/p>\t\t\t\t\t\t\t\t<\/div>\n\t\t\t\t<\/div>\n\t\t\t\t<section class=\"elementor-section elementor-inner-section elementor-element elementor-element-330f70f elementor-section-boxed elementor-section-height-default elementor-section-height-default\" data-id=\"330f70f\" data-element_type=\"section\">\n\t\t\t\t\t\t<div class=\"elementor-container elementor-column-gap-default\">\n\t\t\t\t\t<div class=\"elementor-column elementor-col-20 elementor-inner-column elementor-element elementor-element-16b2a80\" data-id=\"16b2a80\" data-element_type=\"column\">\n\t\t\t<div class=\"elementor-widget-wrap elementor-element-populated\">\n\t\t\t\t\t\t<div class=\"elementor-element elementor-element-3ae7599 elementor-widget elementor-widget-image\" data-id=\"3ae7599\" data-element_type=\"widget\" data-widget_type=\"image.default\">\n\t\t\t\t<div class=\"elementor-widget-container\">\n\t\t\t\t\t\t\t\t\t\t\t\t<figure class=\"wp-caption\">\n\t\t\t\t\t\t\t\t\t\t<img decoding=\"async\" width=\"469\" height=\"600\" src=\"https:\/\/richeskarayib.com\/wp-content\/uploads\/2025\/07\/\u00a9Saba-Carnival-1.jpg\" class=\"attachment-large size-large wp-image-57726\" alt=\"Saba\" srcset=\"https:\/\/richeskarayib.com\/wp-content\/uploads\/2025\/07\/\u00a9Saba-Carnival-1.jpg 469w, https:\/\/richeskarayib.com\/wp-content\/uploads\/2025\/07\/\u00a9Saba-Carnival-1-235x300.jpg 235w\" sizes=\"(max-width: 469px) 100vw, 469px\" \/>\t\t\t\t\t\t\t\t\t\t\t<figcaption class=\"widget-image-caption wp-caption-text\">\u00a9Saba Carnival<\/figcaption>\n\t\t\t\t\t\t\t\t\t\t<\/figure>\n\t\t\t\t\t\t\t\t\t<\/div>\n\t\t\t\t<\/div>\n\t\t\t\t\t<\/div>\n\t\t<\/div>\n\t\t\t\t<div class=\"elementor-column elementor-col-20 elementor-inner-column elementor-element elementor-element-eabd8f4\" data-id=\"eabd8f4\" data-element_type=\"column\">\n\t\t\t<div class=\"elementor-widget-wrap elementor-element-populated\">\n\t\t\t\t\t\t<div class=\"elementor-element elementor-element-14fc868 elementor-widget elementor-widget-image\" data-id=\"14fc868\" data-element_type=\"widget\" data-widget_type=\"image.default\">\n\t\t\t\t<div class=\"elementor-widget-container\">\n\t\t\t\t\t\t\t\t\t\t\t\t<figure class=\"wp-caption\">\n\t\t\t\t\t\t\t\t\t\t<img loading=\"lazy\" decoding=\"async\" width=\"730\" height=\"1024\" src=\"https:\/\/richeskarayib.com\/wp-content\/uploads\/2025\/07\/\u00a9Saba-Carnival-2-730x1024.jpg\" class=\"attachment-large size-large wp-image-57730\" alt=\"Saba\" srcset=\"https:\/\/richeskarayib.com\/wp-content\/uploads\/2025\/07\/\u00a9Saba-Carnival-2-730x1024.jpg 730w, https:\/\/richeskarayib.com\/wp-content\/uploads\/2025\/07\/\u00a9Saba-Carnival-2-214x300.jpg 214w, https:\/\/richeskarayib.com\/wp-content\/uploads\/2025\/07\/\u00a9Saba-Carnival-2-768x1078.jpg 768w, https:\/\/richeskarayib.com\/wp-content\/uploads\/2025\/07\/\u00a9Saba-Carnival-2-1094x1536.jpg 1094w, https:\/\/richeskarayib.com\/wp-content\/uploads\/2025\/07\/\u00a9Saba-Carnival-2.jpg 1140w\" sizes=\"(max-width: 730px) 100vw, 730px\" \/>\t\t\t\t\t\t\t\t\t\t\t<figcaption class=\"widget-image-caption wp-caption-text\">\u00a9Saba Carnival<\/figcaption>\n\t\t\t\t\t\t\t\t\t\t<\/figure>\n\t\t\t\t\t\t\t\t\t<\/div>\n\t\t\t\t<\/div>\n\t\t\t\t\t<\/div>\n\t\t<\/div>\n\t\t\t\t<div class=\"elementor-column elementor-col-20 elementor-inner-column elementor-element elementor-element-606dbd4\" data-id=\"606dbd4\" data-element_type=\"column\">\n\t\t\t<div class=\"elementor-widget-wrap elementor-element-populated\">\n\t\t\t\t\t\t<div class=\"elementor-element elementor-element-e3deaee elementor-widget elementor-widget-image\" data-id=\"e3deaee\" data-element_type=\"widget\" data-widget_type=\"image.default\">\n\t\t\t\t<div class=\"elementor-widget-container\">\n\t\t\t\t\t\t\t\t\t\t\t\t<figure class=\"wp-caption\">\n\t\t\t\t\t\t\t\t\t\t<img loading=\"lazy\" decoding=\"async\" width=\"662\" height=\"1024\" src=\"https:\/\/richeskarayib.com\/wp-content\/uploads\/2025\/07\/\u00a9Saba-Carnival-3-662x1024.jpg\" class=\"attachment-large size-large wp-image-57734\" alt=\"Saba\" srcset=\"https:\/\/richeskarayib.com\/wp-content\/uploads\/2025\/07\/\u00a9Saba-Carnival-3-662x1024.jpg 662w, https:\/\/richeskarayib.com\/wp-content\/uploads\/2025\/07\/\u00a9Saba-Carnival-3-194x300.jpg 194w, https:\/\/richeskarayib.com\/wp-content\/uploads\/2025\/07\/\u00a9Saba-Carnival-3-768x1187.jpg 768w, https:\/\/richeskarayib.com\/wp-content\/uploads\/2025\/07\/\u00a9Saba-Carnival-3-994x1536.jpg 994w, https:\/\/richeskarayib.com\/wp-content\/uploads\/2025\/07\/\u00a9Saba-Carnival-3.jpg 1035w\" sizes=\"(max-width: 662px) 100vw, 662px\" \/>\t\t\t\t\t\t\t\t\t\t\t<figcaption class=\"widget-image-caption wp-caption-text\">\u00a9Saba Carnival<\/figcaption>\n\t\t\t\t\t\t\t\t\t\t<\/figure>\n\t\t\t\t\t\t\t\t\t<\/div>\n\t\t\t\t<\/div>\n\t\t\t\t\t<\/div>\n\t\t<\/div>\n\t\t\t\t<div class=\"elementor-column elementor-col-20 elementor-inner-column elementor-element elementor-element-b3902e6\" data-id=\"b3902e6\" data-element_type=\"column\">\n\t\t\t<div class=\"elementor-widget-wrap elementor-element-populated\">\n\t\t\t\t\t\t<div class=\"elementor-element elementor-element-21ce1c2 elementor-widget elementor-widget-image\" data-id=\"21ce1c2\" data-element_type=\"widget\" data-widget_type=\"image.default\">\n\t\t\t\t<div class=\"elementor-widget-container\">\n\t\t\t\t\t\t\t\t\t\t\t\t<figure class=\"wp-caption\">\n\t\t\t\t\t\t\t\t\t\t<img loading=\"lazy\" decoding=\"async\" width=\"800\" height=\"798\" src=\"https:\/\/richeskarayib.com\/wp-content\/uploads\/2025\/07\/\u00a9Saba-Carnival-4-1024x1022.jpg\" class=\"attachment-large size-large wp-image-57738\" alt=\"Saba\" srcset=\"https:\/\/richeskarayib.com\/wp-content\/uploads\/2025\/07\/\u00a9Saba-Carnival-4-1024x1022.jpg 1024w, https:\/\/richeskarayib.com\/wp-content\/uploads\/2025\/07\/\u00a9Saba-Carnival-4-300x300.jpg 300w, https:\/\/richeskarayib.com\/wp-content\/uploads\/2025\/07\/\u00a9Saba-Carnival-4-150x150.jpg 150w, https:\/\/richeskarayib.com\/wp-content\/uploads\/2025\/07\/\u00a9Saba-Carnival-4-768x767.jpg 768w, https:\/\/richeskarayib.com\/wp-content\/uploads\/2025\/07\/\u00a9Saba-Carnival-4.jpg 1280w\" sizes=\"(max-width: 800px) 100vw, 800px\" \/>\t\t\t\t\t\t\t\t\t\t\t<figcaption class=\"widget-image-caption wp-caption-text\">\u00a9Saba Carnival<\/figcaption>\n\t\t\t\t\t\t\t\t\t\t<\/figure>\n\t\t\t\t\t\t\t\t\t<\/div>\n\t\t\t\t<\/div>\n\t\t\t\t\t<\/div>\n\t\t<\/div>\n\t\t\t\t<div class=\"elementor-column elementor-col-20 elementor-inner-column elementor-element elementor-element-b748813\" data-id=\"b748813\" data-element_type=\"column\">\n\t\t\t<div class=\"elementor-widget-wrap elementor-element-populated\">\n\t\t\t\t\t\t<div class=\"elementor-element elementor-element-0485b22 elementor-widget elementor-widget-image\" data-id=\"0485b22\" data-element_type=\"widget\" data-widget_type=\"image.default\">\n\t\t\t\t<div class=\"elementor-widget-container\">\n\t\t\t\t\t\t\t\t\t\t\t\t<figure class=\"wp-caption\">\n\t\t\t\t\t\t\t\t\t\t<img loading=\"lazy\" decoding=\"async\" width=\"768\" height=\"1024\" src=\"https:\/\/richeskarayib.com\/wp-content\/uploads\/2025\/07\/\u00a9Saba-Carnival-5-768x1024.jpg\" class=\"attachment-large size-large wp-image-57742\" alt=\"Saba\" srcset=\"https:\/\/richeskarayib.com\/wp-content\/uploads\/2025\/07\/\u00a9Saba-Carnival-5-768x1024.jpg 768w, https:\/\/richeskarayib.com\/wp-content\/uploads\/2025\/07\/\u00a9Saba-Carnival-5-225x300.jpg 225w, https:\/\/richeskarayib.com\/wp-content\/uploads\/2025\/07\/\u00a9Saba-Carnival-5-1152x1536.jpg 1152w, https:\/\/richeskarayib.com\/wp-content\/uploads\/2025\/07\/\u00a9Saba-Carnival-5.jpg 1200w\" sizes=\"(max-width: 768px) 100vw, 768px\" \/>\t\t\t\t\t\t\t\t\t\t\t<figcaption class=\"widget-image-caption wp-caption-text\">\u00a9Saba Carnival<\/figcaption>\n\t\t\t\t\t\t\t\t\t\t<\/figure>\n\t\t\t\t\t\t\t\t\t<\/div>\n\t\t\t\t<\/div>\n\t\t\t\t\t<\/div>\n\t\t<\/div>\n\t\t\t\t\t<\/div>\n\t\t<\/section>\n\t\t\t\t\t<\/div>\n\t\t<\/div>\n\t\t\t\t\t<\/div>\n\t\t<\/section>\n\t\t\t\t<section class=\"elementor-section elementor-top-section elementor-element elementor-element-5214e28 elementor-section-boxed elementor-section-height-default elementor-section-height-default\" data-id=\"5214e28\" data-element_type=\"section\">\n\t\t\t\t\t\t<div class=\"elementor-container elementor-column-gap-default\">\n\t\t\t\t\t<div class=\"elementor-column elementor-col-100 elementor-top-column elementor-element elementor-element-dade06d\" data-id=\"dade06d\" data-element_type=\"column\">\n\t\t\t<div class=\"elementor-widget-wrap elementor-element-populated\">\n\t\t\t\t\t\t<div class=\"elementor-element elementor-element-d1b711d elementor-widget elementor-widget-heading\" data-id=\"d1b711d\" data-element_type=\"widget\" data-widget_type=\"heading.default\">\n\t\t\t\t<div class=\"elementor-widget-container\">\n\t\t\t\t\t<h2 class=\"elementor-heading-title elementor-size-default\">Une \u00eele singuli\u00e8re, entre nature et patrimoine<\/h2>\t\t\t\t<\/div>\n\t\t\t\t<\/div>\n\t\t\t\t<div class=\"elementor-element elementor-element-a454b32 elementor-widget elementor-widget-text-editor\" data-id=\"a454b32\" data-element_type=\"widget\" data-widget_type=\"text-editor.default\">\n\t\t\t\t<div class=\"elementor-widget-container\">\n\t\t\t\t\t\t\t\t\t<p><span style=\"font-weight: 400;\">Saba est une \u00eele volcanique de 13 kilom\u00e8tres carr\u00e9s, domin\u00e9e par le mont Scenery, point culminant du Royaume des Pays-Bas \u00e0 887 m\u00e8tres d\u2019altitude. Depuis 2010, elle forme, avec Bonaire et Saint-Eustache, une municipalit\u00e9 sp\u00e9ciale des Pays-Bas. Ce statut administratif lui assure un soutien logistique sans compromettre son identit\u00e9 carib\u00e9enne.<\/span><\/p><p><span style=\"font-weight: 400;\">R\u00e9partie en quatre villages \u2014 The Bottom, Windwardside, Hell\u2019s Gate et St. Johns \u2014 l\u2019\u00eele cultive un mode de vie paisible et communautaire. Ce cadre intimiste donne au carnaval une dimension chaleureuse, presque familiale.<\/span><\/p>\t\t\t\t\t\t\t\t<\/div>\n\t\t\t\t<\/div>\n\t\t\t\t<section class=\"elementor-section elementor-inner-section elementor-element elementor-element-5c7036e elementor-section-boxed elementor-section-height-default elementor-section-height-default\" data-id=\"5c7036e\" data-element_type=\"section\">\n\t\t\t\t\t\t<div class=\"elementor-container elementor-column-gap-default\">\n\t\t\t\t\t<div class=\"elementor-column elementor-col-33 elementor-inner-column elementor-element elementor-element-5d58a0d\" data-id=\"5d58a0d\" data-element_type=\"column\">\n\t\t\t<div class=\"elementor-widget-wrap elementor-element-populated\">\n\t\t\t\t\t\t<div class=\"elementor-element elementor-element-6cd9f55 elementor-widget elementor-widget-image\" data-id=\"6cd9f55\" data-element_type=\"widget\" data-widget_type=\"image.default\">\n\t\t\t\t<div class=\"elementor-widget-container\">\n\t\t\t\t\t\t\t\t\t\t\t\t<figure class=\"wp-caption\">\n\t\t\t\t\t\t\t\t\t\t<img loading=\"lazy\" decoding=\"async\" width=\"800\" height=\"571\" src=\"https:\/\/richeskarayib.com\/wp-content\/uploads\/2025\/07\/\u00a9viator-1024x731.jpg\" class=\"attachment-large size-large wp-image-57746\" alt=\"Saba\" srcset=\"https:\/\/richeskarayib.com\/wp-content\/uploads\/2025\/07\/\u00a9viator-1024x731.jpg 1024w, https:\/\/richeskarayib.com\/wp-content\/uploads\/2025\/07\/\u00a9viator-300x214.jpg 300w, https:\/\/richeskarayib.com\/wp-content\/uploads\/2025\/07\/\u00a9viator-768x549.jpg 768w, https:\/\/richeskarayib.com\/wp-content\/uploads\/2025\/07\/\u00a9viator-1320x943.jpg 1320w, https:\/\/richeskarayib.com\/wp-content\/uploads\/2025\/07\/\u00a9viator.jpg 1400w\" sizes=\"(max-width: 800px) 100vw, 800px\" \/>\t\t\t\t\t\t\t\t\t\t\t<figcaption class=\"widget-image-caption wp-caption-text\">\u00a9viator<\/figcaption>\n\t\t\t\t\t\t\t\t\t\t<\/figure>\n\t\t\t\t\t\t\t\t\t<\/div>\n\t\t\t\t<\/div>\n\t\t\t\t\t<\/div>\n\t\t<\/div>\n\t\t\t\t<div class=\"elementor-column elementor-col-33 elementor-inner-column elementor-element elementor-element-00c731f\" data-id=\"00c731f\" data-element_type=\"column\">\n\t\t\t<div class=\"elementor-widget-wrap elementor-element-populated\">\n\t\t\t\t\t\t<div class=\"elementor-element elementor-element-f41040a elementor-widget elementor-widget-image\" data-id=\"f41040a\" data-element_type=\"widget\" data-widget_type=\"image.default\">\n\t\t\t\t<div class=\"elementor-widget-container\">\n\t\t\t\t\t\t\t\t\t\t\t\t<figure class=\"wp-caption\">\n\t\t\t\t\t\t\t\t\t\t<img loading=\"lazy\" decoding=\"async\" width=\"800\" height=\"571\" src=\"https:\/\/richeskarayib.com\/wp-content\/uploads\/2025\/07\/\u00a9viator-3-1024x731.jpg\" class=\"attachment-large size-large wp-image-57750\" alt=\"Saba\" srcset=\"https:\/\/richeskarayib.com\/wp-content\/uploads\/2025\/07\/\u00a9viator-3-1024x731.jpg 1024w, https:\/\/richeskarayib.com\/wp-content\/uploads\/2025\/07\/\u00a9viator-3-300x214.jpg 300w, https:\/\/richeskarayib.com\/wp-content\/uploads\/2025\/07\/\u00a9viator-3-768x549.jpg 768w, https:\/\/richeskarayib.com\/wp-content\/uploads\/2025\/07\/\u00a9viator-3-1320x943.jpg 1320w, https:\/\/richeskarayib.com\/wp-content\/uploads\/2025\/07\/\u00a9viator-3.jpg 1400w\" sizes=\"(max-width: 800px) 100vw, 800px\" \/>\t\t\t\t\t\t\t\t\t\t\t<figcaption class=\"widget-image-caption wp-caption-text\">\u00a9viator<\/figcaption>\n\t\t\t\t\t\t\t\t\t\t<\/figure>\n\t\t\t\t\t\t\t\t\t<\/div>\n\t\t\t\t<\/div>\n\t\t\t\t\t<\/div>\n\t\t<\/div>\n\t\t\t\t<div class=\"elementor-column elementor-col-33 elementor-inner-column elementor-element elementor-element-dc38412\" data-id=\"dc38412\" data-element_type=\"column\">\n\t\t\t<div class=\"elementor-widget-wrap elementor-element-populated\">\n\t\t\t\t\t\t<div class=\"elementor-element elementor-element-463b61d elementor-widget elementor-widget-image\" data-id=\"463b61d\" data-element_type=\"widget\" data-widget_type=\"image.default\">\n\t\t\t\t<div class=\"elementor-widget-container\">\n\t\t\t\t\t\t\t\t\t\t\t\t<figure class=\"wp-caption\">\n\t\t\t\t\t\t\t\t\t\t<img loading=\"lazy\" decoding=\"async\" width=\"800\" height=\"600\" src=\"https:\/\/richeskarayib.com\/wp-content\/uploads\/2025\/07\/\u00a9viator-6-1024x768.jpg\" class=\"attachment-large size-large wp-image-57754\" alt=\"Saba\" srcset=\"https:\/\/richeskarayib.com\/wp-content\/uploads\/2025\/07\/\u00a9viator-6-1024x768.jpg 1024w, https:\/\/richeskarayib.com\/wp-content\/uploads\/2025\/07\/\u00a9viator-6-300x225.jpg 300w, https:\/\/richeskarayib.com\/wp-content\/uploads\/2025\/07\/\u00a9viator-6-768x576.jpg 768w, https:\/\/richeskarayib.com\/wp-content\/uploads\/2025\/07\/\u00a9viator-6.jpg 1280w\" sizes=\"(max-width: 800px) 100vw, 800px\" \/>\t\t\t\t\t\t\t\t\t\t\t<figcaption class=\"widget-image-caption wp-caption-text\">\u00a9viator<\/figcaption>\n\t\t\t\t\t\t\t\t\t\t<\/figure>\n\t\t\t\t\t\t\t\t\t<\/div>\n\t\t\t\t<\/div>\n\t\t\t\t\t<\/div>\n\t\t<\/div>\n\t\t\t\t\t<\/div>\n\t\t<\/section>\n\t\t\t\t\t<\/div>\n\t\t<\/div>\n\t\t\t\t\t<\/div>\n\t\t<\/section>\n\t\t\t\t<section class=\"elementor-section elementor-top-section elementor-element elementor-element-6f34adc elementor-section-boxed elementor-section-height-default elementor-section-height-default\" data-id=\"6f34adc\" data-element_type=\"section\">\n\t\t\t\t\t\t<div class=\"elementor-container elementor-column-gap-default\">\n\t\t\t\t\t<div class=\"elementor-column elementor-col-100 elementor-top-column elementor-element elementor-element-787608c\" data-id=\"787608c\" data-element_type=\"column\">\n\t\t\t<div class=\"elementor-widget-wrap elementor-element-populated\">\n\t\t\t\t\t\t<div class=\"elementor-element elementor-element-d1b2db8 elementor-widget elementor-widget-heading\" data-id=\"d1b2db8\" data-element_type=\"widget\" data-widget_type=\"heading.default\">\n\t\t\t\t<div class=\"elementor-widget-container\">\n\t\t\t\t\t<h2 class=\"elementor-heading-title elementor-size-default\">Un engagement environnemental affirm\u00e9\n<\/h2>\t\t\t\t<\/div>\n\t\t\t\t<\/div>\n\t\t\t\t<div class=\"elementor-element elementor-element-c5c79cd elementor-widget elementor-widget-text-editor\" data-id=\"c5c79cd\" data-element_type=\"widget\" data-widget_type=\"text-editor.default\">\n\t\t\t\t<div class=\"elementor-widget-container\">\n\t\t\t\t\t\t\t\t\t<p><span style=\"font-weight: 400;\">Fid\u00e8le \u00e0 son surnom de \u00ab\u202fUnspoiled Queen\u202f\u00bb, Saba s\u2019illustre par ses efforts de pr\u00e9servation. Son parc marin, cr\u00e9\u00e9 en 1987, prot\u00e8ge 1\u202f300 hectares autour de l\u2019\u00eele, offrant une biodiversit\u00e9 sous-marine exceptionnelle. Trente sites de plong\u00e9e y sont recens\u00e9s, avec une visibilit\u00e9 qui peut atteindre 90 m\u00e8tres.<\/span><\/p><p><span style=\"font-weight: 400;\">L\u2019\u00eele dispose aussi d\u2019un r\u00e9seau de sentiers de randonn\u00e9e traversant plusieurs \u00e9cosyst\u00e8mes, de la for\u00eat tropicale humide jusqu\u2019aux bassins de mar\u00e9e. Bien que des initiatives d\u2019\u00e9nergies renouvelables aient \u00e9t\u00e9 lanc\u00e9es, aucune source officielle ne confirme que le r\u00e9seau \u00e9lectrique fonctionne majoritairement \u00e0 l\u2019\u00e9nergie solaire depuis 2019.<\/span><\/p>\t\t\t\t\t\t\t\t<\/div>\n\t\t\t\t<\/div>\n\t\t\t\t<section class=\"elementor-section elementor-inner-section elementor-element elementor-element-6e51283 elementor-section-boxed elementor-section-height-default elementor-section-height-default\" data-id=\"6e51283\" data-element_type=\"section\">\n\t\t\t\t\t\t<div class=\"elementor-container elementor-column-gap-default\">\n\t\t\t\t\t<div class=\"elementor-column elementor-col-33 elementor-inner-column elementor-element elementor-element-955d2c8\" data-id=\"955d2c8\" data-element_type=\"column\">\n\t\t\t<div class=\"elementor-widget-wrap elementor-element-populated\">\n\t\t\t\t\t\t<div class=\"elementor-element elementor-element-d47c565 elementor-widget elementor-widget-image\" data-id=\"d47c565\" data-element_type=\"widget\" data-widget_type=\"image.default\">\n\t\t\t\t<div class=\"elementor-widget-container\">\n\t\t\t\t\t\t\t\t\t\t\t\t<figure class=\"wp-caption\">\n\t\t\t\t\t\t\t\t\t\t<img loading=\"lazy\" decoding=\"async\" width=\"800\" height=\"533\" src=\"https:\/\/richeskarayib.com\/wp-content\/uploads\/2025\/07\/\u00a9viator-2.jpg\" class=\"attachment-large size-large wp-image-57758\" alt=\"Saba\" srcset=\"https:\/\/richeskarayib.com\/wp-content\/uploads\/2025\/07\/\u00a9viator-2.jpg 1022w, https:\/\/richeskarayib.com\/wp-content\/uploads\/2025\/07\/\u00a9viator-2-300x200.jpg 300w, https:\/\/richeskarayib.com\/wp-content\/uploads\/2025\/07\/\u00a9viator-2-768x512.jpg 768w\" sizes=\"(max-width: 800px) 100vw, 800px\" \/>\t\t\t\t\t\t\t\t\t\t\t<figcaption class=\"widget-image-caption wp-caption-text\">\u00a9viator<\/figcaption>\n\t\t\t\t\t\t\t\t\t\t<\/figure>\n\t\t\t\t\t\t\t\t\t<\/div>\n\t\t\t\t<\/div>\n\t\t\t\t\t<\/div>\n\t\t<\/div>\n\t\t\t\t<div class=\"elementor-column elementor-col-33 elementor-inner-column elementor-element elementor-element-0a9cc29\" data-id=\"0a9cc29\" data-element_type=\"column\">\n\t\t\t<div class=\"elementor-widget-wrap elementor-element-populated\">\n\t\t\t\t\t\t<div class=\"elementor-element elementor-element-90887a9 elementor-widget elementor-widget-image\" data-id=\"90887a9\" data-element_type=\"widget\" data-widget_type=\"image.default\">\n\t\t\t\t<div class=\"elementor-widget-container\">\n\t\t\t\t\t\t\t\t\t\t\t\t<figure class=\"wp-caption\">\n\t\t\t\t\t\t\t\t\t\t<img loading=\"lazy\" decoding=\"async\" width=\"800\" height=\"571\" src=\"https:\/\/richeskarayib.com\/wp-content\/uploads\/2025\/07\/\u00a9viator-4-1024x731.jpg\" class=\"attachment-large size-large wp-image-57762\" alt=\"Saba\" srcset=\"https:\/\/richeskarayib.com\/wp-content\/uploads\/2025\/07\/\u00a9viator-4-1024x731.jpg 1024w, https:\/\/richeskarayib.com\/wp-content\/uploads\/2025\/07\/\u00a9viator-4-300x214.jpg 300w, https:\/\/richeskarayib.com\/wp-content\/uploads\/2025\/07\/\u00a9viator-4-768x549.jpg 768w, https:\/\/richeskarayib.com\/wp-content\/uploads\/2025\/07\/\u00a9viator-4-1320x943.jpg 1320w, https:\/\/richeskarayib.com\/wp-content\/uploads\/2025\/07\/\u00a9viator-4.jpg 1400w\" sizes=\"(max-width: 800px) 100vw, 800px\" \/>\t\t\t\t\t\t\t\t\t\t\t<figcaption class=\"widget-image-caption wp-caption-text\">\u00a9viator<\/figcaption>\n\t\t\t\t\t\t\t\t\t\t<\/figure>\n\t\t\t\t\t\t\t\t\t<\/div>\n\t\t\t\t<\/div>\n\t\t\t\t\t<\/div>\n\t\t<\/div>\n\t\t\t\t<div class=\"elementor-column elementor-col-33 elementor-inner-column elementor-element elementor-element-fba56ac\" data-id=\"fba56ac\" data-element_type=\"column\">\n\t\t\t<div class=\"elementor-widget-wrap elementor-element-populated\">\n\t\t\t\t\t\t<div class=\"elementor-element elementor-element-a54ceb9 elementor-widget elementor-widget-image\" data-id=\"a54ceb9\" data-element_type=\"widget\" data-widget_type=\"image.default\">\n\t\t\t\t<div class=\"elementor-widget-container\">\n\t\t\t\t\t\t\t\t\t\t\t\t<figure class=\"wp-caption\">\n\t\t\t\t\t\t\t\t\t\t<img loading=\"lazy\" decoding=\"async\" width=\"800\" height=\"571\" src=\"https:\/\/richeskarayib.com\/wp-content\/uploads\/2025\/07\/\u00a9viator-5-1024x731.jpg\" class=\"attachment-large size-large wp-image-57766\" alt=\"Saba\" srcset=\"https:\/\/richeskarayib.com\/wp-content\/uploads\/2025\/07\/\u00a9viator-5-1024x731.jpg 1024w, https:\/\/richeskarayib.com\/wp-content\/uploads\/2025\/07\/\u00a9viator-5-300x214.jpg 300w, https:\/\/richeskarayib.com\/wp-content\/uploads\/2025\/07\/\u00a9viator-5-768x549.jpg 768w, https:\/\/richeskarayib.com\/wp-content\/uploads\/2025\/07\/\u00a9viator-5-1320x943.jpg 1320w, https:\/\/richeskarayib.com\/wp-content\/uploads\/2025\/07\/\u00a9viator-5.jpg 1400w\" sizes=\"(max-width: 800px) 100vw, 800px\" \/>\t\t\t\t\t\t\t\t\t\t\t<figcaption class=\"widget-image-caption wp-caption-text\">\u00a9viator<\/figcaption>\n\t\t\t\t\t\t\t\t\t\t<\/figure>\n\t\t\t\t\t\t\t\t\t<\/div>\n\t\t\t\t<\/div>\n\t\t\t\t\t<\/div>\n\t\t<\/div>\n\t\t\t\t\t<\/div>\n\t\t<\/section>\n\t\t\t\t\t<\/div>\n\t\t<\/div>\n\t\t\t\t\t<\/div>\n\t\t<\/section>\n\t\t\t\t<section class=\"elementor-section elementor-top-section elementor-element elementor-element-6e4ca9f elementor-section-boxed elementor-section-height-default elementor-section-height-default\" data-id=\"6e4ca9f\" data-element_type=\"section\">\n\t\t\t\t\t\t<div class=\"elementor-container elementor-column-gap-default\">\n\t\t\t\t\t<div class=\"elementor-column elementor-col-100 elementor-top-column elementor-element elementor-element-f36aad0\" data-id=\"f36aad0\" data-element_type=\"column\">\n\t\t\t<div class=\"elementor-widget-wrap elementor-element-populated\">\n\t\t\t\t\t\t<div class=\"elementor-element elementor-element-f87c3ec elementor-widget elementor-widget-heading\" data-id=\"f87c3ec\" data-element_type=\"widget\" data-widget_type=\"heading.default\">\n\t\t\t\t<div class=\"elementor-widget-container\">\n\t\t\t\t\t<h2 class=\"elementor-heading-title elementor-size-default\">Un levier \u00e9conomique et culturel essentiel<\/h2>\t\t\t\t<\/div>\n\t\t\t\t<\/div>\n\t\t\t\t<div class=\"elementor-element elementor-element-e8b01dc elementor-widget elementor-widget-text-editor\" data-id=\"e8b01dc\" data-element_type=\"widget\" data-widget_type=\"text-editor.default\">\n\t\t\t\t<div class=\"elementor-widget-container\">\n\t\t\t\t\t\t\t\t\t<p><span style=\"font-weight: 400;\">Le carnaval constitue le pic touristique annuel de Saba. Ses h\u00e9bergements, compos\u00e9s majoritairement de petits h\u00f4tels et cottages, affichent complet pendant la semaine. Cette affluence profite directement aux restaurateurs, artisans, musiciens, costumiers et prestataires de services.<\/span><\/p><p><span style=\"font-weight: 400;\">Loin du tourisme de masse, Saba mise sur l\u2019authenticit\u00e9. Le carnaval s\u2019inscrit dans cette strat\u00e9gie, proposant une exp\u00e9rience immersive, sinc\u00e8re, dans un environnement pr\u00e9serv\u00e9. Selon l\u2019Association des \u00c9tats de la Cara\u00efbe, les carnavals insulaires sont des vecteurs puissants de revenus et d\u2019identit\u00e9 pour les petits territoires.<\/span><\/p>\t\t\t\t\t\t\t\t<\/div>\n\t\t\t\t<\/div>\n\t\t\t\t<div class=\"elementor-element elementor-element-8b7782e elementor-widget elementor-widget-image\" data-id=\"8b7782e\" data-element_type=\"widget\" data-widget_type=\"image.default\">\n\t\t\t\t<div class=\"elementor-widget-container\">\n\t\t\t\t\t\t\t\t\t\t\t\t<figure class=\"wp-caption\">\n\t\t\t\t\t\t\t\t\t\t<img loading=\"lazy\" decoding=\"async\" width=\"800\" height=\"533\" src=\"https:\/\/richeskarayib.com\/wp-content\/uploads\/2025\/07\/saba-carnival-6.jpg\" class=\"attachment-large size-large wp-image-57778\" alt=\"Saba\" srcset=\"https:\/\/richeskarayib.com\/wp-content\/uploads\/2025\/07\/saba-carnival-6.jpg 810w, https:\/\/richeskarayib.com\/wp-content\/uploads\/2025\/07\/saba-carnival-6-300x200.jpg 300w, https:\/\/richeskarayib.com\/wp-content\/uploads\/2025\/07\/saba-carnival-6-768x512.jpg 768w\" sizes=\"(max-width: 800px) 100vw, 800px\" \/>\t\t\t\t\t\t\t\t\t\t\t<figcaption class=\"widget-image-caption wp-caption-text\">\u00a9Saba Carnival<\/figcaption>\n\t\t\t\t\t\t\t\t\t\t<\/figure>\n\t\t\t\t\t\t\t\t\t<\/div>\n\t\t\t\t<\/div>\n\t\t\t\t\t<\/div>\n\t\t<\/div>\n\t\t\t\t\t<\/div>\n\t\t<\/section>\n\t\t\t\t<section class=\"elementor-section elementor-top-section elementor-element elementor-element-b48fdf2 elementor-section-boxed elementor-section-height-default elementor-section-height-default\" data-id=\"b48fdf2\" data-element_type=\"section\">\n\t\t\t\t\t\t<div class=\"elementor-container elementor-column-gap-default\">\n\t\t\t\t\t<div class=\"elementor-column elementor-col-100 elementor-top-column elementor-element elementor-element-d77c715\" data-id=\"d77c715\" data-element_type=\"column\">\n\t\t\t<div class=\"elementor-widget-wrap elementor-element-populated\">\n\t\t\t\t\t\t<div class=\"elementor-element elementor-element-9114ffe elementor-widget elementor-widget-heading\" data-id=\"9114ffe\" data-element_type=\"widget\" data-widget_type=\"heading.default\">\n\t\t\t\t<div class=\"elementor-widget-container\">\n\t\t\t\t\t<h2 class=\"elementor-heading-title elementor-size-default\">Un pilier de la transmission culturelle\n<\/h2>\t\t\t\t<\/div>\n\t\t\t\t<\/div>\n\t\t\t\t<div class=\"elementor-element elementor-element-d722e92 elementor-widget elementor-widget-text-editor\" data-id=\"d722e92\" data-element_type=\"widget\" data-widget_type=\"text-editor.default\">\n\t\t\t\t<div class=\"elementor-widget-container\">\n\t\t\t\t\t\t\t\t\t<p><span style=\"font-weight: 400;\">L<a href=\"https:\/\/www.sabagov.nl\/evenementen\/carnival-2025\" target=\"_blank\" rel=\"noopener nofollow\">e Saba Carnival<\/a> est bien plus qu\u2019un \u00e9v\u00e9nement touristique. Il incarne la m\u00e9moire vivante de l\u2019\u00eele. En valorisant les musiques locales, les danses et les costumes traditionnels, il renforce le lien des plus jeunes avec leur patrimoine.<\/span><\/p><p><span style=\"font-weight: 400;\">Les pr\u00e9paratifs, qui s\u2019\u00e9talent sur plusieurs mois, mobilisent toutes les g\u00e9n\u00e9rations. Cette organisation collective permet de tisser des solidarit\u00e9s locales et de perp\u00e9tuer les valeurs de partage et d\u2019unit\u00e9. De plus, la reconnaissance croissante du carnaval \u00e0 l\u2019\u00e9chelle r\u00e9gionale contribue \u00e0 inscrire Saba sur la carte culturelle de la Cara\u00efbe.<\/span><\/p>\t\t\t\t\t\t\t\t<\/div>\n\t\t\t\t<\/div>\n\t\t\t\t\t<\/div>\n\t\t<\/div>\n\t\t\t\t\t<\/div>\n\t\t<\/section>\n\t\t\t\t<section class=\"elementor-section elementor-top-section elementor-element elementor-element-65a9ad9 elementor-section-boxed elementor-section-height-default elementor-section-height-default\" data-id=\"65a9ad9\" data-element_type=\"section\">\n\t\t\t\t\t\t<div class=\"elementor-container elementor-column-gap-default\">\n\t\t\t\t\t<div class=\"elementor-column elementor-col-100 elementor-top-column elementor-element elementor-element-f14af7d\" data-id=\"f14af7d\" data-element_type=\"column\">\n\t\t\t<div class=\"elementor-widget-wrap elementor-element-populated\">\n\t\t\t\t\t\t<div class=\"elementor-element elementor-element-11a2090 elementor-widget elementor-widget-heading\" data-id=\"11a2090\" data-element_type=\"widget\" data-widget_type=\"heading.default\">\n\t\t\t\t<div class=\"elementor-widget-container\">\n\t\t\t\t\t<h2 class=\"elementor-heading-title elementor-size-default\">Une \u00e9dition 2025 \u00e0 la hauteur de l\u2019histoire<\/h2>\t\t\t\t<\/div>\n\t\t\t\t<\/div>\n\t\t\t\t<div class=\"elementor-element elementor-element-b7db1ca elementor-widget elementor-widget-text-editor\" data-id=\"b7db1ca\" data-element_type=\"widget\" data-widget_type=\"text-editor.default\">\n\t\t\t\t<div class=\"elementor-widget-container\">\n\t\t\t\t\t\t\t\t\t<p><span style=\"font-weight: 400;\">\u00c0 l\u2019occasion de cette 50e \u00e9dition, le Saba Carnival 2025 promet une programmation structur\u00e9e, festive et inclusive. Si certaines traditions comme la cr\u00e9mation du roi Momo ne sont pas inscrites au programme cette ann\u00e9e, d\u2019autres rituels forts comme le Jouvert Morning et la Grand Parade sont bien maintenus.<\/span><\/p><p><span style=\"font-weight: 400;\">Dans un contexte carib\u00e9en o\u00f9 de nombreuses \u00eeles repensent leurs mod\u00e8les touristiques, Saba reste fid\u00e8le \u00e0 son approche : miser sur la qualit\u00e9, l\u2019identit\u00e9, et la pr\u00e9servation de ses ressources naturelles et culturelles.<\/span><\/p>\t\t\t\t\t\t\t\t<\/div>\n\t\t\t\t<\/div>\n\t\t\t\t<section class=\"elementor-section elementor-inner-section elementor-element elementor-element-de2153a elementor-section-boxed elementor-section-height-default elementor-section-height-default\" data-id=\"de2153a\" data-element_type=\"section\">\n\t\t\t\t\t\t<div class=\"elementor-container elementor-column-gap-default\">\n\t\t\t\t\t<div class=\"elementor-column elementor-col-100 elementor-inner-column elementor-element elementor-element-be9fa76\" data-id=\"be9fa76\" data-element_type=\"column\">\n\t\t\t<div class=\"elementor-widget-wrap elementor-element-populated\">\n\t\t\t\t\t\t<div class=\"elementor-element elementor-element-26d41ec elementor-widget elementor-widget-image\" data-id=\"26d41ec\" data-element_type=\"widget\" data-widget_type=\"image.default\">\n\t\t\t\t<div class=\"elementor-widget-container\">\n\t\t\t\t\t\t\t\t\t\t\t\t<figure class=\"wp-caption\">\n\t\t\t\t\t\t\t\t\t\t<img loading=\"lazy\" decoding=\"async\" width=\"724\" height=\"1024\" src=\"https:\/\/richeskarayib.com\/wp-content\/uploads\/2025\/07\/\u00a9Saba-Carnival-11-724x1024.jpg\" class=\"attachment-large size-large wp-image-57722\" alt=\"Saba\" srcset=\"https:\/\/richeskarayib.com\/wp-content\/uploads\/2025\/07\/\u00a9Saba-Carnival-11-724x1024.jpg 724w, https:\/\/richeskarayib.com\/wp-content\/uploads\/2025\/07\/\u00a9Saba-Carnival-11-212x300.jpg 212w, https:\/\/richeskarayib.com\/wp-content\/uploads\/2025\/07\/\u00a9Saba-Carnival-11-768x1086.jpg 768w, https:\/\/richeskarayib.com\/wp-content\/uploads\/2025\/07\/\u00a9Saba-Carnival-11-1086x1536.jpg 1086w, https:\/\/richeskarayib.com\/wp-content\/uploads\/2025\/07\/\u00a9Saba-Carnival-11-1320x1866.jpg 1320w, https:\/\/richeskarayib.com\/wp-content\/uploads\/2025\/07\/\u00a9Saba-Carnival-11.jpg 1358w\" sizes=\"(max-width: 724px) 100vw, 724px\" \/>\t\t\t\t\t\t\t\t\t\t\t<figcaption class=\"widget-image-caption wp-caption-text\">\u00a9Saba Carnival<\/figcaption>\n\t\t\t\t\t\t\t\t\t\t<\/figure>\n\t\t\t\t\t\t\t\t\t<\/div>\n\t\t\t\t<\/div>\n\t\t\t\t\t<\/div>\n\t\t<\/div>\n\t\t\t\t\t<\/div>\n\t\t<\/section>\n\t\t\t\t\t<\/div>\n\t\t<\/div>\n\t\t\t\t\t<\/div>\n\t\t<\/section>\n\t\t\t\t<section class=\"elementor-section elementor-top-section elementor-element elementor-element-b9f5221 elementor-section-boxed elementor-section-height-default elementor-section-height-default\" data-id=\"b9f5221\" data-element_type=\"section\">\n\t\t\t\t\t\t<div class=\"elementor-container elementor-column-gap-default\">\n\t\t\t\t\t<div class=\"elementor-column elementor-col-100 elementor-top-column elementor-element elementor-element-369d011\" data-id=\"369d011\" data-element_type=\"column\">\n\t\t\t<div class=\"elementor-widget-wrap elementor-element-populated\">\n\t\t\t\t\t\t<div class=\"elementor-element elementor-element-508e8b0 elementor-widget elementor-widget-text-editor\" data-id=\"508e8b0\" data-element_type=\"widget\" data-widget_type=\"text-editor.default\">\n\t\t\t\t<div class=\"elementor-widget-container\">\n\t\t\t\t\t\t\t\t\t<p><span style=\"font-weight: 400;\">Le Saba Carnival 2025 d\u00e9montre une nouvelle fois qu\u2019un petit territoire peut produire un \u00e9v\u00e9nement de grande envergure, sans renier son authenticit\u00e9. Du 28 juillet au 3 ao\u00fbt, cette \u00eele hors du commun fera battre le c\u0153ur de la Cara\u00efbe au rythme de ses musiques, de ses traditions et de son attachement profond \u00e0 sa culture. Plus qu\u2019une f\u00eate, c\u2019est l\u2019expression d\u2019un peuple et d\u2019un territoire fiers de leurs racines et r\u00e9solument tourn\u00e9s vers l\u2019avenir.<\/span><\/p>\t\t\t\t\t\t\t\t<\/div>\n\t\t\t\t<\/div>\n\t\t\t\t\t<\/div>\n\t\t<\/div>\n\t\t\t\t\t<\/div>\n\t\t<\/section>\n\t\t\t\t<\/div>\n\t\t","protected":false},"excerpt":{"rendered":"<p>Chaque \u00e9t\u00e9, l\u2019\u00eele de Saba, c\u00e9l\u00e8bre son carnaval avec une intensit\u00e9 rare. Du 28 juillet au 3 ao\u00fbt 2025, le Saba Carnival revient pour une nouvelle \u00e9dition, m\u00ealant traditions carib\u00e9ennes, esprit communautaire et richesse culturelle dans un cadre naturel exceptionnel. Une tradition bien ancr\u00e9e depuis 1975 Le Saba Carnival ne suit pas le calendrier pr\u00e9-car\u00eame [&hellip;]<\/p>\n","protected":false},"author":662,"featured_media":57718,"comment_status":"open","ping_status":"open","sticky":false,"template":"","format":"standard","meta":{"_acf_changed":false,"footnotes":""},"categories":[1732,1498],"tags":[1809],"class_list":["post-57717","post","type-post","status-publish","format-standard","has-post-thumbnail","hentry","category-tourisme","category-gestion-devenements","tag-saba"],"acf":[],"_links":{"self":[{"href":"https:\/\/richeskarayib.com\/fr\/wp-json\/wp\/v2\/posts\/57717","targetHints":{"allow":["GET"]}}],"collection":[{"href":"https:\/\/richeskarayib.com\/fr\/wp-json\/wp\/v2\/posts"}],"about":[{"href":"https:\/\/richeskarayib.com\/fr\/wp-json\/wp\/v2\/types\/post"}],"author":[{"embeddable":true,"href":"https:\/\/richeskarayib.com\/fr\/wp-json\/wp\/v2\/users\/662"}],"replies":[{"embeddable":true,"href":"https:\/\/richeskarayib.com\/fr\/wp-json\/wp\/v2\/comments?post=57717"}],"version-history":[{"count":0,"href":"https:\/\/richeskarayib.com\/fr\/wp-json\/wp\/v2\/posts\/57717\/revisions"}],"wp:featuredmedia":[{"embeddable":true,"href":"https:\/\/richeskarayib.com\/fr\/wp-json\/wp\/v2\/media\/57718"}],"wp:attachment":[{"href":"https:\/\/richeskarayib.com\/fr\/wp-json\/wp\/v2\/media?parent=57717"}],"wp:term":[{"taxonomy":"category","embeddable":true,"href":"https:\/\/richeskarayib.com\/fr\/wp-json\/wp\/v2\/categories?post=57717"},{"taxonomy":"post_tag","embeddable":true,"href":"https:\/\/richeskarayib.com\/fr\/wp-json\/wp\/v2\/tags?post=57717"}],"curies":[{"name":"wp","href":"https:\/\/api.w.org\/{rel}","templated":true}]}}