{"id":57835,"date":"2025-07-30T01:59:11","date_gmt":"2025-07-30T05:59:11","guid":{"rendered":"https:\/\/richeskarayib.com\/?p=57835"},"modified":"2025-09-27T22:19:03","modified_gmt":"2025-09-28T02:19:03","slug":"patrick-lamon-yole-sang-appel-de-la-mer","status":"publish","type":"post","link":"https:\/\/richeskarayib.com\/fr\/patrick-lamon-yole-sang-appel-de-la-mer\/","title":{"rendered":"Patrick Lamon : La yole dans le sang, l\u2019appel de la mer"},"content":{"rendered":"\t\t<div data-elementor-type=\"wp-post\" data-elementor-id=\"57835\" class=\"elementor elementor-57835\" data-elementor-post-type=\"post\">\n\t\t\t\t\t\t<section class=\"elementor-section elementor-top-section elementor-element elementor-element-7ca7ca1 elementor-section-boxed elementor-section-height-default elementor-section-height-default\" data-id=\"7ca7ca1\" data-element_type=\"section\">\n\t\t\t\t\t\t<div class=\"elementor-container elementor-column-gap-default\">\n\t\t\t\t\t<div class=\"elementor-column elementor-col-100 elementor-top-column elementor-element elementor-element-cbdd002\" data-id=\"cbdd002\" data-element_type=\"column\">\n\t\t\t<div class=\"elementor-widget-wrap elementor-element-populated\">\n\t\t\t\t\t\t<section class=\"elementor-section elementor-inner-section elementor-element elementor-element-bc94849 elementor-section-boxed elementor-section-height-default elementor-section-height-default\" data-id=\"bc94849\" data-element_type=\"section\">\n\t\t\t\t\t\t<div class=\"elementor-container elementor-column-gap-default\">\n\t\t\t\t\t\t<\/div>\n\t\t<\/section>\n\t\t\t\t<section class=\"elementor-section elementor-inner-section elementor-element elementor-element-61571e6 elementor-section-boxed elementor-section-height-default elementor-section-height-default\" data-id=\"61571e6\" data-element_type=\"section\">\n\t\t\t\t\t\t<div class=\"elementor-container elementor-column-gap-default\">\n\t\t\t\t\t\t<\/div>\n\t\t<\/section>\n\t\t\t\t<section class=\"elementor-section elementor-inner-section elementor-element elementor-element-b6262e0 elementor-section-boxed elementor-section-height-default elementor-section-height-default\" data-id=\"b6262e0\" data-element_type=\"section\">\n\t\t\t\t\t\t<div class=\"elementor-container elementor-column-gap-default\">\n\t\t\t\t\t\t<\/div>\n\t\t<\/section>\n\t\t\t\t<section class=\"elementor-section elementor-inner-section elementor-element elementor-element-cca29fd elementor-section-boxed elementor-section-height-default elementor-section-height-default\" data-id=\"cca29fd\" data-element_type=\"section\">\n\t\t\t\t\t\t<div class=\"elementor-container elementor-column-gap-default\">\n\t\t\t\t\t\t<\/div>\n\t\t<\/section>\n\t\t\t\t\t<\/div>\n\t\t<\/div>\n\t\t\t\t\t<\/div>\n\t\t<\/section>\n\t\t\t\t<section class=\"elementor-section elementor-top-section elementor-element elementor-element-0db9090 elementor-section-boxed elementor-section-height-default elementor-section-height-default\" data-id=\"0db9090\" data-element_type=\"section\">\n\t\t\t\t\t\t<div class=\"elementor-container elementor-column-gap-default\">\n\t\t\t\t\t<div class=\"elementor-column elementor-col-100 elementor-top-column elementor-element elementor-element-2296183\" data-id=\"2296183\" data-element_type=\"column\">\n\t\t\t<div class=\"elementor-widget-wrap elementor-element-populated\">\n\t\t\t\t\t\t<div class=\"elementor-element elementor-element-500981c elementor-widget elementor-widget-text-editor\" data-id=\"500981c\" data-element_type=\"widget\" data-widget_type=\"text-editor.default\">\n\t\t\t\t<div class=\"elementor-widget-container\">\n\t\t\t\t\t\t\t\t\t<p><span style=\"font-weight: 400;\">Il y a des voix qui traversent les g\u00e9n\u00e9rations, port\u00e9es par le vent, la mer et la m\u00e9moire. Celle de <a href=\"https:\/\/tourdesyolesofficiel.com\/\" target=\"_blank\" rel=\"noopener nofollow\">Patrick Lamon,<\/a> pr\u00e9sident de l\u2019association Yole Net 2000 au Marin, est de celles-l\u00e0. Il n\u2019a pas appris la yole, il y est n\u00e9. Comme on h\u00e9rite d\u2019un nom, d\u2019une langue, d\u2019un r\u00e9cit collectif. Son histoire ne commence pas sur les flots, mais dans une lign\u00e9e de marins o\u00f9 chaque geste, chaque voile hiss\u00e9e, raconte un pass\u00e9 ancr\u00e9 dans le bois et le sel.<\/span><\/p>\t\t\t\t\t\t\t\t<\/div>\n\t\t\t\t<\/div>\n\t\t\t\t\t<\/div>\n\t\t<\/div>\n\t\t\t\t\t<\/div>\n\t\t<\/section>\n\t\t\t\t<section class=\"elementor-section elementor-top-section elementor-element elementor-element-e011a0f elementor-section-boxed elementor-section-height-default elementor-section-height-default\" data-id=\"e011a0f\" data-element_type=\"section\">\n\t\t\t\t\t\t<div class=\"elementor-container elementor-column-gap-default\">\n\t\t\t\t\t<div class=\"elementor-column elementor-col-100 elementor-top-column elementor-element elementor-element-91c6ea5\" data-id=\"91c6ea5\" data-element_type=\"column\">\n\t\t\t<div class=\"elementor-widget-wrap elementor-element-populated\">\n\t\t\t\t\t\t<div class=\"elementor-element elementor-element-3193622 elementor-widget elementor-widget-heading\" data-id=\"3193622\" data-element_type=\"widget\" data-widget_type=\"heading.default\">\n\t\t\t\t<div class=\"elementor-widget-container\">\n\t\t\t\t\t<h2 class=\"elementor-heading-title elementor-size-default\">Un nom venu de loin, entre gommier et quille<\/h2>\t\t\t\t<\/div>\n\t\t\t\t<\/div>\n\t\t\t\t<div class=\"elementor-element elementor-element-d6b77ee elementor-widget elementor-widget-text-editor\" data-id=\"d6b77ee\" data-element_type=\"widget\" data-widget_type=\"text-editor.default\">\n\t\t\t\t<div class=\"elementor-widget-container\">\n\t\t\t\t\t\t\t\t\t<p><span style=\"font-weight: 400;\">La mer, chez les Lamon, est une tradition autant qu\u2019un mode de vie. Le grand-p\u00e8re partait en gommier, sculpt\u00e9 dans un tronc d\u2019arbre. Le p\u00e8re, Didier Lamon, a marqu\u00e9 l\u2019histoire en devenant le premier vainqueur du Tour officiel de la Martinique en 1985. Quant \u00e0 Patrick Lamon, il observe en silence, enfant attentif, avant de monter \u00e0 bord une fois la p\u00eache termin\u00e9e.<\/span><span style=\"font-weight: 400;\"><br \/><\/span><span style=\"font-weight: 400;\"> \u00ab\u202fOn prenait la yole, on mettait la voile. C\u2019\u00e9tait comme \u00e7a.\u202f\u00bb<\/span><\/p>\t\t\t\t\t\t\t\t<\/div>\n\t\t\t\t<\/div>\n\t\t\t\t<div class=\"elementor-element elementor-element-f0b01a2 elementor-widget elementor-widget-text-editor\" data-id=\"f0b01a2\" data-element_type=\"widget\" data-widget_type=\"text-editor.default\">\n\t\t\t\t<div class=\"elementor-widget-container\">\n\t\t\t\t\t\t\t\t\t<p><span style=\"font-weight: 400;\">La <a href=\"https:\/\/tourdesyoles.com\/\" target=\"_blank\" rel=\"noopener nofollow\">yole<\/a> n\u2019est pas n\u00e9e pour la course, mais pour la survie. Elle est issue d\u2019une adaptation : lorsque le gommier devenait trop instable, les marins ont repens\u00e9 sa forme. De cette transformation est n\u00e9e la yole martiniquaise, embarcation hybride, \u00e0 la fois arrondie et plate, pens\u00e9e pour affronter la mer avec agilit\u00e9 et finesse.<\/span><\/p>\t\t\t\t\t\t\t\t<\/div>\n\t\t\t\t<\/div>\n\t\t\t\t<div class=\"elementor-element elementor-element-067dd77 elementor-widget elementor-widget-image\" data-id=\"067dd77\" data-element_type=\"widget\" data-widget_type=\"image.default\">\n\t\t\t\t<div class=\"elementor-widget-container\">\n\t\t\t\t\t\t\t\t\t\t\t\t<figure class=\"wp-caption\">\n\t\t\t\t\t\t\t\t\t\t<img fetchpriority=\"high\" decoding=\"async\" width=\"576\" height=\"1024\" src=\"https:\/\/richeskarayib.com\/wp-content\/uploads\/2025\/07\/WhatsApp-Image-2025-07-30-a-05.40.11_f588e528-576x1024.jpg\" class=\"attachment-large size-large wp-image-57840\" alt=\"Patrick Lamon\" srcset=\"https:\/\/richeskarayib.com\/wp-content\/uploads\/2025\/07\/WhatsApp-Image-2025-07-30-a-05.40.11_f588e528-576x1024.jpg 576w, https:\/\/richeskarayib.com\/wp-content\/uploads\/2025\/07\/WhatsApp-Image-2025-07-30-a-05.40.11_f588e528-169x300.jpg 169w, https:\/\/richeskarayib.com\/wp-content\/uploads\/2025\/07\/WhatsApp-Image-2025-07-30-a-05.40.11_f588e528-768x1365.jpg 768w, https:\/\/richeskarayib.com\/wp-content\/uploads\/2025\/07\/WhatsApp-Image-2025-07-30-a-05.40.11_f588e528-864x1536.jpg 864w, https:\/\/richeskarayib.com\/wp-content\/uploads\/2025\/07\/WhatsApp-Image-2025-07-30-a-05.40.11_f588e528.jpg 900w\" sizes=\"(max-width: 576px) 100vw, 576px\" \/>\t\t\t\t\t\t\t\t\t\t\t<figcaption class=\"widget-image-caption wp-caption-text\">Patrick Lamon<\/figcaption>\n\t\t\t\t\t\t\t\t\t\t<\/figure>\n\t\t\t\t\t\t\t\t\t<\/div>\n\t\t\t\t<\/div>\n\t\t\t\t\t<\/div>\n\t\t<\/div>\n\t\t\t\t\t<\/div>\n\t\t<\/section>\n\t\t\t\t<section class=\"elementor-section elementor-top-section elementor-element elementor-element-b53fa1e elementor-section-boxed elementor-section-height-default elementor-section-height-default\" data-id=\"b53fa1e\" data-element_type=\"section\">\n\t\t\t\t\t\t<div class=\"elementor-container elementor-column-gap-default\">\n\t\t\t\t\t<div class=\"elementor-column elementor-col-100 elementor-top-column elementor-element elementor-element-5786564\" data-id=\"5786564\" data-element_type=\"column\">\n\t\t\t<div class=\"elementor-widget-wrap elementor-element-populated\">\n\t\t\t\t\t\t<div class=\"elementor-element elementor-element-b23fa77 elementor-widget elementor-widget-heading\" data-id=\"b23fa77\" data-element_type=\"widget\" data-widget_type=\"heading.default\">\n\t\t\t\t<div class=\"elementor-widget-container\">\n\t\t\t\t\t<h2 class=\"elementor-heading-title elementor-size-default\">Les souvenirs sont ancr\u00e9s dans la coque\n<\/h2>\t\t\t\t<\/div>\n\t\t\t\t<\/div>\n\t\t\t\t<div class=\"elementor-element elementor-element-3fc4940 elementor-widget elementor-widget-text-editor\" data-id=\"3fc4940\" data-element_type=\"widget\" data-widget_type=\"text-editor.default\">\n\t\t\t\t<div class=\"elementor-widget-container\">\n\t\t\t\t\t\t\t\t\t<p><span style=\"font-weight: 400;\">Patrick Lamon parle de l\u2019\u00e9volution de la yole comme d\u2019un trait d\u2019union entre pass\u00e9 et futur. Il se souvient des voiles en sacs de farine, des gommiers \u00e9quip\u00e9s de deux voiles, des premi\u00e8res courses improvis\u00e9es.<\/span><span style=\"font-weight: 400;\"><br \/><\/span><span style=\"font-weight: 400;\"> \u00ab\u202fIl y avait sept yoles avec les b\u00e9k\u00e9s, avant m\u00eame 1985.\u202f\u00bb<\/span><span style=\"font-weight: 400;\"><br \/><\/span><span style=\"font-weight: 400;\"> Puis sont arriv\u00e9s les mat\u00e9riaux composites, les voiles en carbone, les techniques de comp\u00e9tition. Mais ce qu\u2019il retient surtout, c\u2019est la d\u00e9brouillardise des marins, leur capacit\u00e9 \u00e0 faire de cette embarcation artisanale un embl\u00e8me patrimonial. En 2022, l\u2019<a href=\"https:\/\/richeskarayib.com\/fr\/rapport-special-partie-4-2020-2023-les-tresors-culturels-des-caraibes-patrimoine-immateriel-reconnu-par-lunesco\/\" target=\"_blank\" rel=\"noopener\">UNESCO<\/a> a reconnu la yole martiniquaise comme patrimoine culturel immat\u00e9riel de l\u2019humanit\u00e9.<\/span><\/p>\t\t\t\t\t\t\t\t<\/div>\n\t\t\t\t<\/div>\n\t\t\t\t<div class=\"elementor-element elementor-element-a647786 elementor-widget elementor-widget-image\" data-id=\"a647786\" data-element_type=\"widget\" data-widget_type=\"image.default\">\n\t\t\t\t<div class=\"elementor-widget-container\">\n\t\t\t\t\t\t\t\t\t\t\t\t\t\t\t<img decoding=\"async\" width=\"800\" height=\"450\" src=\"https:\/\/richeskarayib.com\/wp-content\/uploads\/2025\/07\/WhatsApp-Image-2025-07-30-a-05.42.23_2f543380-1024x576.jpg\" class=\"attachment-large size-large wp-image-57844\" alt=\"Patrick Lamon\" srcset=\"https:\/\/richeskarayib.com\/wp-content\/uploads\/2025\/07\/WhatsApp-Image-2025-07-30-a-05.42.23_2f543380-1024x576.jpg 1024w, https:\/\/richeskarayib.com\/wp-content\/uploads\/2025\/07\/WhatsApp-Image-2025-07-30-a-05.42.23_2f543380-300x169.jpg 300w, https:\/\/richeskarayib.com\/wp-content\/uploads\/2025\/07\/WhatsApp-Image-2025-07-30-a-05.42.23_2f543380-768x432.jpg 768w, https:\/\/richeskarayib.com\/wp-content\/uploads\/2025\/07\/WhatsApp-Image-2025-07-30-a-05.42.23_2f543380-1536x864.jpg 1536w, https:\/\/richeskarayib.com\/wp-content\/uploads\/2025\/07\/WhatsApp-Image-2025-07-30-a-05.42.23_2f543380-1320x743.jpg 1320w, https:\/\/richeskarayib.com\/wp-content\/uploads\/2025\/07\/WhatsApp-Image-2025-07-30-a-05.42.23_2f543380.jpg 1600w\" sizes=\"(max-width: 800px) 100vw, 800px\" \/>\t\t\t\t\t\t\t\t\t\t\t\t\t\t\t<\/div>\n\t\t\t\t<\/div>\n\t\t\t\t\t<\/div>\n\t\t<\/div>\n\t\t\t\t\t<\/div>\n\t\t<\/section>\n\t\t\t\t<section class=\"elementor-section elementor-top-section elementor-element elementor-element-5214e28 elementor-section-boxed elementor-section-height-default elementor-section-height-default\" data-id=\"5214e28\" data-element_type=\"section\">\n\t\t\t\t\t\t<div class=\"elementor-container elementor-column-gap-default\">\n\t\t\t\t\t<div class=\"elementor-column elementor-col-100 elementor-top-column elementor-element elementor-element-dade06d\" data-id=\"dade06d\" data-element_type=\"column\">\n\t\t\t<div class=\"elementor-widget-wrap elementor-element-populated\">\n\t\t\t\t\t\t<div class=\"elementor-element elementor-element-d1b711d elementor-widget elementor-widget-heading\" data-id=\"d1b711d\" data-element_type=\"widget\" data-widget_type=\"heading.default\">\n\t\t\t\t<div class=\"elementor-widget-container\">\n\t\t\t\t\t<h2 class=\"elementor-heading-title elementor-size-default\">Pr\u00e9sider, oui. Mais surtout transmettre\n<\/h2>\t\t\t\t<\/div>\n\t\t\t\t<\/div>\n\t\t\t\t<div class=\"elementor-element elementor-element-a454b32 elementor-widget elementor-widget-text-editor\" data-id=\"a454b32\" data-element_type=\"widget\" data-widget_type=\"text-editor.default\">\n\t\t\t\t<div class=\"elementor-widget-container\">\n\t\t\t\t\t\t\t\t\t<p><span style=\"font-weight: 400;\">Devenir pr\u00e9sident de Yole Net 2000 n\u2019a jamais \u00e9t\u00e9 un objectif personnel. <\/span><span style=\"font-weight: 400;\">\u00ab\u202fCe n\u2019est pas pour le titre. C\u2019est parce que je suis n\u00e9 dedans. J\u2019ai la connaissance.\u202f\u00bb <\/span><span style=\"font-weight: 400;\">Ce qui l\u2019anime, c\u2019est la transmission. Vers les jeunes, les curieux, les adultes en qu\u00eate de mer et de sens. Si l\u2019initiation commence parfois d\u00e8s 6 ans dans les \u00e9coles, l\u2019association pr\u00e9f\u00e8re accueillir les jeunes \u00e0 partir de 15 ou 16 ans, lorsque la maturit\u00e9 permet une meilleure compr\u00e9hension. Lire la mer, comprendre le vent, choisir la voile : autant de gestes qui rel\u00e8vent d\u2019une science appliqu\u00e9e.<\/span><span style=\"font-weight: 400;\"><br \/><\/span><span style=\"font-weight: 400;\"> \u00ab\u202fAujourd\u2019hui, on leur apprend la rose des vents. Avant, c\u2019\u00e9tait autrement.\u202f\u00bb<\/span><\/p>\t\t\t\t\t\t\t\t<\/div>\n\t\t\t\t<\/div>\n\t\t\t\t<div class=\"elementor-element elementor-element-bbfa634 elementor-widget elementor-widget-image\" data-id=\"bbfa634\" data-element_type=\"widget\" data-widget_type=\"image.default\">\n\t\t\t\t<div class=\"elementor-widget-container\">\n\t\t\t\t\t\t\t\t\t\t\t\t\t\t\t<img decoding=\"async\" width=\"800\" height=\"450\" src=\"https:\/\/richeskarayib.com\/wp-content\/uploads\/2025\/07\/WhatsApp-Image-2025-07-30-a-05.42.11_0783fc9b-1024x576.jpg\" class=\"attachment-large size-large wp-image-57848\" alt=\"Patrick Lamon\" srcset=\"https:\/\/richeskarayib.com\/wp-content\/uploads\/2025\/07\/WhatsApp-Image-2025-07-30-a-05.42.11_0783fc9b-1024x576.jpg 1024w, https:\/\/richeskarayib.com\/wp-content\/uploads\/2025\/07\/WhatsApp-Image-2025-07-30-a-05.42.11_0783fc9b-300x169.jpg 300w, https:\/\/richeskarayib.com\/wp-content\/uploads\/2025\/07\/WhatsApp-Image-2025-07-30-a-05.42.11_0783fc9b-768x432.jpg 768w, https:\/\/richeskarayib.com\/wp-content\/uploads\/2025\/07\/WhatsApp-Image-2025-07-30-a-05.42.11_0783fc9b-1536x864.jpg 1536w, https:\/\/richeskarayib.com\/wp-content\/uploads\/2025\/07\/WhatsApp-Image-2025-07-30-a-05.42.11_0783fc9b-1320x743.jpg 1320w, https:\/\/richeskarayib.com\/wp-content\/uploads\/2025\/07\/WhatsApp-Image-2025-07-30-a-05.42.11_0783fc9b.jpg 1600w\" sizes=\"(max-width: 800px) 100vw, 800px\" \/>\t\t\t\t\t\t\t\t\t\t\t\t\t\t\t<\/div>\n\t\t\t\t<\/div>\n\t\t\t\t\t<\/div>\n\t\t<\/div>\n\t\t\t\t\t<\/div>\n\t\t<\/section>\n\t\t\t\t<section class=\"elementor-section elementor-top-section elementor-element elementor-element-6f34adc elementor-section-boxed elementor-section-height-default elementor-section-height-default\" data-id=\"6f34adc\" data-element_type=\"section\">\n\t\t\t\t\t\t<div class=\"elementor-container elementor-column-gap-default\">\n\t\t\t\t\t<div class=\"elementor-column elementor-col-100 elementor-top-column elementor-element elementor-element-787608c\" data-id=\"787608c\" data-element_type=\"column\">\n\t\t\t<div class=\"elementor-widget-wrap elementor-element-populated\">\n\t\t\t\t\t\t<div class=\"elementor-element elementor-element-d1b2db8 elementor-widget elementor-widget-heading\" data-id=\"d1b2db8\" data-element_type=\"widget\" data-widget_type=\"heading.default\">\n\t\t\t\t<div class=\"elementor-widget-container\">\n\t\t\t\t\t<h2 class=\"elementor-heading-title elementor-size-default\">Une embarcation comme \u00e9cole de vie<\/h2>\t\t\t\t<\/div>\n\t\t\t\t<\/div>\n\t\t\t\t<div class=\"elementor-element elementor-element-c5c79cd elementor-widget elementor-widget-text-editor\" data-id=\"c5c79cd\" data-element_type=\"widget\" data-widget_type=\"text-editor.default\">\n\t\t\t\t<div class=\"elementor-widget-container\">\n\t\t\t\t\t\t\t\t\t<p><span style=\"font-weight: 400;\">La yole, pour Patrick Lamon, est bien plus qu\u2019un sport. Elle est une \u00e9cole de rigueur, de solidarit\u00e9 et de responsabilit\u00e9.<\/span><span style=\"font-weight: 400;\"><br \/><\/span><span style=\"font-weight: 400;\"> \u00ab\u202fC\u2019est comme une entreprise. Si un seul yoleur ne joue pas le jeu, on dessale, on d\u00e9rive.\u202f\u00bb<\/span><span style=\"font-weight: 400;\"><br \/><\/span><span style=\"font-weight: 400;\"> Ici, l\u2019individu dispara\u00eet au profit du collectif. Il faut \u00e9couter la mer, suivre les ordres du barreur, faire corps avec l\u2019\u00e9quipe. L\u2019apprentissage est ouvert \u00e0 tous. Le seul pr\u00e9requis : ne pas avoir peur.<\/span><\/p>\t\t\t\t\t\t\t\t<\/div>\n\t\t\t\t<\/div>\n\t\t\t\t<div class=\"elementor-element elementor-element-fcae1ac elementor-widget elementor-widget-image\" data-id=\"fcae1ac\" data-element_type=\"widget\" data-widget_type=\"image.default\">\n\t\t\t\t<div class=\"elementor-widget-container\">\n\t\t\t\t\t\t\t\t\t\t\t\t\t\t\t<img loading=\"lazy\" decoding=\"async\" width=\"800\" height=\"450\" src=\"https:\/\/richeskarayib.com\/wp-content\/uploads\/2025\/07\/WhatsApp-Image-2025-07-30-a-05.41.56_2a27d6d9-1024x576.jpg\" class=\"attachment-large size-large wp-image-57852\" alt=\"\" srcset=\"https:\/\/richeskarayib.com\/wp-content\/uploads\/2025\/07\/WhatsApp-Image-2025-07-30-a-05.41.56_2a27d6d9-1024x576.jpg 1024w, https:\/\/richeskarayib.com\/wp-content\/uploads\/2025\/07\/WhatsApp-Image-2025-07-30-a-05.41.56_2a27d6d9-300x169.jpg 300w, https:\/\/richeskarayib.com\/wp-content\/uploads\/2025\/07\/WhatsApp-Image-2025-07-30-a-05.41.56_2a27d6d9-768x432.jpg 768w, https:\/\/richeskarayib.com\/wp-content\/uploads\/2025\/07\/WhatsApp-Image-2025-07-30-a-05.41.56_2a27d6d9-1536x864.jpg 1536w, https:\/\/richeskarayib.com\/wp-content\/uploads\/2025\/07\/WhatsApp-Image-2025-07-30-a-05.41.56_2a27d6d9-1320x743.jpg 1320w, https:\/\/richeskarayib.com\/wp-content\/uploads\/2025\/07\/WhatsApp-Image-2025-07-30-a-05.41.56_2a27d6d9.jpg 1600w\" sizes=\"(max-width: 800px) 100vw, 800px\" \/>\t\t\t\t\t\t\t\t\t\t\t\t\t\t\t<\/div>\n\t\t\t\t<\/div>\n\t\t\t\t\t<\/div>\n\t\t<\/div>\n\t\t\t\t\t<\/div>\n\t\t<\/section>\n\t\t\t\t<section class=\"elementor-section elementor-top-section elementor-element elementor-element-6e4ca9f elementor-section-boxed elementor-section-height-default elementor-section-height-default\" data-id=\"6e4ca9f\" data-element_type=\"section\">\n\t\t\t\t\t\t<div class=\"elementor-container elementor-column-gap-default\">\n\t\t\t\t\t<div class=\"elementor-column elementor-col-100 elementor-top-column elementor-element elementor-element-f36aad0\" data-id=\"f36aad0\" data-element_type=\"column\">\n\t\t\t<div class=\"elementor-widget-wrap elementor-element-populated\">\n\t\t\t\t\t\t<div class=\"elementor-element elementor-element-f87c3ec elementor-widget elementor-widget-heading\" data-id=\"f87c3ec\" data-element_type=\"widget\" data-widget_type=\"heading.default\">\n\t\t\t\t<div class=\"elementor-widget-container\">\n\t\t\t\t\t<h2 class=\"elementor-heading-title elementor-size-default\">Une passion b\u00e9n\u00e9vole, un avenir \u00e0 construire<\/h2>\t\t\t\t<\/div>\n\t\t\t\t<\/div>\n\t\t\t\t<div class=\"elementor-element elementor-element-e8b01dc elementor-widget elementor-widget-text-editor\" data-id=\"e8b01dc\" data-element_type=\"widget\" data-widget_type=\"text-editor.default\">\n\t\t\t\t<div class=\"elementor-widget-container\">\n\t\t\t\t\t\t\t\t\t<p><span style=\"font-weight: 400;\">Les yoleurs naviguent par passion. Tout repose sur le b\u00e9n\u00e9volat. Les r\u00e9compenses sont rares, parfois symboliques : un voyage, un hommage, une reconnaissance discr\u00e8te.<\/span><span style=\"font-weight: 400;\"><br \/><\/span><span style=\"font-weight: 400;\"> Mais Patrick Lamon r\u00eave plus grand. Il souhaite que la yole puisse devenir un v\u00e9ritable m\u00e9tier.<\/span><span style=\"font-weight: 400;\"><br \/><\/span><span style=\"font-weight: 400;\">Patrick Lamon\u00a0imagine un avenir o\u00f9 des moniteurs agr\u00e9\u00e9s formeraient les nouvelles g\u00e9n\u00e9rations, dans un cadre structur\u00e9, reconnu et r\u00e9mun\u00e9r\u00e9.<\/span><span style=\"font-weight: 400;\"><br \/><\/span><span style=\"font-weight: 400;\"> \u00ab\u202fUn jour, j\u2019aimerais que ce soit enseign\u00e9, reconnu officiellement, pay\u00e9.\u202f\u00bb<\/span><span style=\"font-weight: 400;\"><br \/><\/span><span style=\"font-weight: 400;\"> Il pense \u00e0 des formations bilingues, \u00e0 l\u2019accueil de touristes, \u00e0 l\u2019ouverture \u00e0 l\u2019international. Il pense aussi aux chefs d\u2019entreprise :<\/span><span style=\"font-weight: 400;\"><br \/><\/span><span style=\"font-weight: 400;\"> \u00ab\u202fRegardez une yole. Coordination, strat\u00e9gie, r\u00e9action rapide : c\u2019est un mod\u00e8le.\u202f\u00bb<\/span><\/p>\t\t\t\t\t\t\t\t<\/div>\n\t\t\t\t<\/div>\n\t\t\t\t\t<\/div>\n\t\t<\/div>\n\t\t\t\t\t<\/div>\n\t\t<\/section>\n\t\t\t\t<section class=\"elementor-section elementor-top-section elementor-element elementor-element-b48fdf2 elementor-section-boxed elementor-section-height-default elementor-section-height-default\" data-id=\"b48fdf2\" data-element_type=\"section\">\n\t\t\t\t\t\t<div class=\"elementor-container elementor-column-gap-default\">\n\t\t\t\t\t<div class=\"elementor-column elementor-col-100 elementor-top-column elementor-element elementor-element-d77c715\" data-id=\"d77c715\" data-element_type=\"column\">\n\t\t\t<div class=\"elementor-widget-wrap elementor-element-populated\">\n\t\t\t\t\t\t<div class=\"elementor-element elementor-element-9114ffe elementor-widget elementor-widget-heading\" data-id=\"9114ffe\" data-element_type=\"widget\" data-widget_type=\"heading.default\">\n\t\t\t\t<div class=\"elementor-widget-container\">\n\t\t\t\t\t<h2 class=\"elementor-heading-title elementor-size-default\">Un r\u00eave cara\u00efbe, au-del\u00e0 des fronti\u00e8res<\/h2>\t\t\t\t<\/div>\n\t\t\t\t<\/div>\n\t\t\t\t<div class=\"elementor-element elementor-element-d722e92 elementor-widget elementor-widget-text-editor\" data-id=\"d722e92\" data-element_type=\"widget\" data-widget_type=\"text-editor.default\">\n\t\t\t\t<div class=\"elementor-widget-container\">\n\t\t\t\t\t\t\t\t\t<p><span style=\"font-weight: 400;\">La yole a d\u00e9j\u00e0 sillonn\u00e9 les eaux de Guadeloupe, de Trinidad ou encore de Saint-Kitts.<\/span><span style=\"font-weight: 400;\"><br \/><\/span><span style=\"font-weight: 400;\"> \u00ab\u202f\u00c0 Trinidad, on a fait venir sept embarcations. En Guadeloupe, on a navigu\u00e9.\u202f\u00bb<\/span><span style=\"font-weight: 400;\"><br \/><\/span><span style=\"font-weight: 400;\"> Son r\u00eave : voir les yoles tisser des ponts entre les \u00eeles, f\u00e9d\u00e9rer les peuples carib\u00e9ens autour de cette embarcation qui parle un langage universel. Une mani\u00e8re d\u2019unir les savoir-faire et les m\u00e9moires, au rythme des vents partag\u00e9s.<\/span><\/p>\t\t\t\t\t\t\t\t<\/div>\n\t\t\t\t<\/div>\n\t\t\t\t<section class=\"elementor-section elementor-inner-section elementor-element elementor-element-d3b30cc elementor-section-boxed elementor-section-height-default elementor-section-height-default\" data-id=\"d3b30cc\" data-element_type=\"section\">\n\t\t\t\t\t\t<div class=\"elementor-container elementor-column-gap-default\">\n\t\t\t\t\t<div class=\"elementor-column elementor-col-50 elementor-inner-column elementor-element elementor-element-9837203\" data-id=\"9837203\" data-element_type=\"column\">\n\t\t\t<div class=\"elementor-widget-wrap elementor-element-populated\">\n\t\t\t\t\t\t<div class=\"elementor-element elementor-element-bf6bec5 elementor-widget elementor-widget-image\" data-id=\"bf6bec5\" data-element_type=\"widget\" data-widget_type=\"image.default\">\n\t\t\t\t<div class=\"elementor-widget-container\">\n\t\t\t\t\t\t\t\t\t\t\t\t\t\t\t<img loading=\"lazy\" decoding=\"async\" width=\"576\" height=\"1024\" src=\"https:\/\/richeskarayib.com\/wp-content\/uploads\/2025\/07\/WhatsApp-Image-2025-07-30-a-05.41.39_5030ac5d-576x1024.jpg\" class=\"attachment-large size-large wp-image-57856\" alt=\"Patrick Lamon\" srcset=\"https:\/\/richeskarayib.com\/wp-content\/uploads\/2025\/07\/WhatsApp-Image-2025-07-30-a-05.41.39_5030ac5d-576x1024.jpg 576w, https:\/\/richeskarayib.com\/wp-content\/uploads\/2025\/07\/WhatsApp-Image-2025-07-30-a-05.41.39_5030ac5d-169x300.jpg 169w, https:\/\/richeskarayib.com\/wp-content\/uploads\/2025\/07\/WhatsApp-Image-2025-07-30-a-05.41.39_5030ac5d-768x1365.jpg 768w, https:\/\/richeskarayib.com\/wp-content\/uploads\/2025\/07\/WhatsApp-Image-2025-07-30-a-05.41.39_5030ac5d-864x1536.jpg 864w, https:\/\/richeskarayib.com\/wp-content\/uploads\/2025\/07\/WhatsApp-Image-2025-07-30-a-05.41.39_5030ac5d.jpg 900w\" sizes=\"(max-width: 576px) 100vw, 576px\" \/>\t\t\t\t\t\t\t\t\t\t\t\t\t\t\t<\/div>\n\t\t\t\t<\/div>\n\t\t\t\t\t<\/div>\n\t\t<\/div>\n\t\t\t\t<div class=\"elementor-column elementor-col-50 elementor-inner-column elementor-element elementor-element-6c4c7a4\" data-id=\"6c4c7a4\" data-element_type=\"column\">\n\t\t\t<div class=\"elementor-widget-wrap elementor-element-populated\">\n\t\t\t\t\t\t<div class=\"elementor-element elementor-element-af0ec55 elementor-widget elementor-widget-image\" data-id=\"af0ec55\" data-element_type=\"widget\" data-widget_type=\"image.default\">\n\t\t\t\t<div class=\"elementor-widget-container\">\n\t\t\t\t\t\t\t\t\t\t\t\t\t\t\t<img loading=\"lazy\" decoding=\"async\" width=\"800\" height=\"484\" src=\"https:\/\/richeskarayib.com\/wp-content\/uploads\/2025\/07\/WhatsApp-Image-2025-07-30-a-05.41.07_48296829-1024x620.jpg\" class=\"attachment-large size-large wp-image-57860\" alt=\"La Yole\" srcset=\"https:\/\/richeskarayib.com\/wp-content\/uploads\/2025\/07\/WhatsApp-Image-2025-07-30-a-05.41.07_48296829-1024x620.jpg 1024w, https:\/\/richeskarayib.com\/wp-content\/uploads\/2025\/07\/WhatsApp-Image-2025-07-30-a-05.41.07_48296829-300x182.jpg 300w, https:\/\/richeskarayib.com\/wp-content\/uploads\/2025\/07\/WhatsApp-Image-2025-07-30-a-05.41.07_48296829-768x465.jpg 768w, https:\/\/richeskarayib.com\/wp-content\/uploads\/2025\/07\/WhatsApp-Image-2025-07-30-a-05.41.07_48296829-1536x930.jpg 1536w, https:\/\/richeskarayib.com\/wp-content\/uploads\/2025\/07\/WhatsApp-Image-2025-07-30-a-05.41.07_48296829-1320x799.jpg 1320w, https:\/\/richeskarayib.com\/wp-content\/uploads\/2025\/07\/WhatsApp-Image-2025-07-30-a-05.41.07_48296829.jpg 1600w\" sizes=\"(max-width: 800px) 100vw, 800px\" \/>\t\t\t\t\t\t\t\t\t\t\t\t\t\t\t<\/div>\n\t\t\t\t<\/div>\n\t\t\t\t<div class=\"elementor-element elementor-element-a6eb667 elementor-widget elementor-widget-image\" data-id=\"a6eb667\" data-element_type=\"widget\" data-widget_type=\"image.default\">\n\t\t\t\t<div class=\"elementor-widget-container\">\n\t\t\t\t\t\t\t\t\t\t\t\t\t\t\t<img loading=\"lazy\" decoding=\"async\" width=\"800\" height=\"450\" src=\"https:\/\/richeskarayib.com\/wp-content\/uploads\/2025\/07\/WhatsApp-Image-2025-07-30-a-05.41.16_a86486d9-1024x576.jpg\" class=\"attachment-large size-large wp-image-57864\" alt=\"Patrick Lamon\" srcset=\"https:\/\/richeskarayib.com\/wp-content\/uploads\/2025\/07\/WhatsApp-Image-2025-07-30-a-05.41.16_a86486d9-1024x576.jpg 1024w, https:\/\/richeskarayib.com\/wp-content\/uploads\/2025\/07\/WhatsApp-Image-2025-07-30-a-05.41.16_a86486d9-300x169.jpg 300w, https:\/\/richeskarayib.com\/wp-content\/uploads\/2025\/07\/WhatsApp-Image-2025-07-30-a-05.41.16_a86486d9-768x432.jpg 768w, https:\/\/richeskarayib.com\/wp-content\/uploads\/2025\/07\/WhatsApp-Image-2025-07-30-a-05.41.16_a86486d9-1536x864.jpg 1536w, https:\/\/richeskarayib.com\/wp-content\/uploads\/2025\/07\/WhatsApp-Image-2025-07-30-a-05.41.16_a86486d9-1320x743.jpg 1320w, https:\/\/richeskarayib.com\/wp-content\/uploads\/2025\/07\/WhatsApp-Image-2025-07-30-a-05.41.16_a86486d9.jpg 1600w\" sizes=\"(max-width: 800px) 100vw, 800px\" \/>\t\t\t\t\t\t\t\t\t\t\t\t\t\t\t<\/div>\n\t\t\t\t<\/div>\n\t\t\t\t\t<\/div>\n\t\t<\/div>\n\t\t\t\t\t<\/div>\n\t\t<\/section>\n\t\t\t\t\t<\/div>\n\t\t<\/div>\n\t\t\t\t\t<\/div>\n\t\t<\/section>\n\t\t\t\t<section class=\"elementor-section elementor-top-section elementor-element elementor-element-65a9ad9 elementor-section-boxed elementor-section-height-default elementor-section-height-default\" data-id=\"65a9ad9\" data-element_type=\"section\">\n\t\t\t\t\t\t<div class=\"elementor-container elementor-column-gap-default\">\n\t\t\t\t\t<div class=\"elementor-column elementor-col-100 elementor-top-column elementor-element elementor-element-f14af7d\" data-id=\"f14af7d\" data-element_type=\"column\">\n\t\t\t<div class=\"elementor-widget-wrap elementor-element-populated\">\n\t\t\t\t\t\t<div class=\"elementor-element elementor-element-11a2090 elementor-widget elementor-widget-heading\" data-id=\"11a2090\" data-element_type=\"widget\" data-widget_type=\"heading.default\">\n\t\t\t\t<div class=\"elementor-widget-container\">\n\t\t\t\t\t<h2 class=\"elementor-heading-title elementor-size-default\">La yole, c\u2019est tout \u00e7a\u2026 et plus encore<\/h2>\t\t\t\t<\/div>\n\t\t\t\t<\/div>\n\t\t\t\t<div class=\"elementor-element elementor-element-b7db1ca elementor-widget elementor-widget-text-editor\" data-id=\"b7db1ca\" data-element_type=\"widget\" data-widget_type=\"text-editor.default\">\n\t\t\t\t<div class=\"elementor-widget-container\">\n\t\t\t\t\t\t\t\t\t<p><span style=\"font-weight: 400;\">Un sport, certes. Mais aussi une \u00e9cole de vie, un outil de transmission, un miroir de soci\u00e9t\u00e9. Un art de naviguer au propre comme au figur\u00e9. Quand les nuages s\u2019amoncellent, que le vent se l\u00e8ve et que la mer se f\u00e2che, Patrick Lamon garde le cap. Il choisit la bonne voile, la bonne \u00e9quipe. Et il tient bon. Comme on tient \u00e0 ce qu\u2019on aime.<\/span><\/p>\t\t\t\t\t\t\t\t<\/div>\n\t\t\t\t<\/div>\n\t\t\t\t\t<\/div>\n\t\t<\/div>\n\t\t\t\t\t<\/div>\n\t\t<\/section>\n\t\t\t\t<section class=\"elementor-section elementor-top-section elementor-element elementor-element-b9efcb1 elementor-section-boxed elementor-section-height-default elementor-section-height-default\" data-id=\"b9efcb1\" data-element_type=\"section\">\n\t\t\t\t\t\t<div class=\"elementor-container elementor-column-gap-default\">\n\t\t\t\t\t<div class=\"elementor-column elementor-col-100 elementor-top-column elementor-element elementor-element-775687c\" data-id=\"775687c\" data-element_type=\"column\">\n\t\t\t<div class=\"elementor-widget-wrap elementor-element-populated\">\n\t\t\t\t\t\t<div class=\"elementor-element elementor-element-fd48eac elementor-widget elementor-widget-heading\" data-id=\"fd48eac\" data-element_type=\"widget\" data-widget_type=\"heading.default\">\n\t\t\t\t<div class=\"elementor-widget-container\">\n\t\t\t\t\t<h2 class=\"elementor-heading-title elementor-size-default\">Retrouvez l\u2019interview exclusive en vid\u00e9o<\/h2>\t\t\t\t<\/div>\n\t\t\t\t<\/div>\n\t\t\t\t<div class=\"elementor-element elementor-element-5a25c0b elementor-widget elementor-widget-video\" data-id=\"5a25c0b\" data-element_type=\"widget\" data-settings=\"{&quot;youtube_url&quot;:&quot;https:\\\/\\\/youtu.be\\\/x9HTs2KxkKY&quot;,&quot;video_type&quot;:&quot;youtube&quot;,&quot;controls&quot;:&quot;yes&quot;}\" data-widget_type=\"video.default\">\n\t\t\t\t<div class=\"elementor-widget-container\">\n\t\t\t\t\t\t\t<div class=\"elementor-wrapper elementor-open-inline\">\n\t\t\t<div class=\"elementor-video\"><\/div>\t\t<\/div>\n\t\t\t\t\t\t<\/div>\n\t\t\t\t<\/div>\n\t\t\t\t\t<\/div>\n\t\t<\/div>\n\t\t\t\t\t<\/div>\n\t\t<\/section>\n\t\t\t\t<\/div>\n\t\t","protected":false},"excerpt":{"rendered":"<p>Il y a des voix qui traversent les g\u00e9n\u00e9rations, port\u00e9es par le vent, la mer et la m\u00e9moire. Celle de Patrick Lamon, pr\u00e9sident de l\u2019association Yole Net 2000 au Marin, est de celles-l\u00e0. Il n\u2019a pas appris la yole, il y est n\u00e9. Comme on h\u00e9rite d\u2019un nom, d\u2019une langue, d\u2019un r\u00e9cit collectif. Son histoire [&hellip;]<\/p>\n","protected":false},"author":662,"featured_media":57836,"comment_status":"open","ping_status":"open","sticky":false,"template":"","format":"standard","meta":{"_acf_changed":false,"footnotes":""},"categories":[1722],"tags":[808],"class_list":["post-57835","post","type-post","status-publish","format-standard","has-post-thumbnail","hentry","category-maritime","tag-martinique-fr"],"acf":[],"_links":{"self":[{"href":"https:\/\/richeskarayib.com\/fr\/wp-json\/wp\/v2\/posts\/57835","targetHints":{"allow":["GET"]}}],"collection":[{"href":"https:\/\/richeskarayib.com\/fr\/wp-json\/wp\/v2\/posts"}],"about":[{"href":"https:\/\/richeskarayib.com\/fr\/wp-json\/wp\/v2\/types\/post"}],"author":[{"embeddable":true,"href":"https:\/\/richeskarayib.com\/fr\/wp-json\/wp\/v2\/users\/662"}],"replies":[{"embeddable":true,"href":"https:\/\/richeskarayib.com\/fr\/wp-json\/wp\/v2\/comments?post=57835"}],"version-history":[{"count":0,"href":"https:\/\/richeskarayib.com\/fr\/wp-json\/wp\/v2\/posts\/57835\/revisions"}],"wp:featuredmedia":[{"embeddable":true,"href":"https:\/\/richeskarayib.com\/fr\/wp-json\/wp\/v2\/media\/57836"}],"wp:attachment":[{"href":"https:\/\/richeskarayib.com\/fr\/wp-json\/wp\/v2\/media?parent=57835"}],"wp:term":[{"taxonomy":"category","embeddable":true,"href":"https:\/\/richeskarayib.com\/fr\/wp-json\/wp\/v2\/categories?post=57835"},{"taxonomy":"post_tag","embeddable":true,"href":"https:\/\/richeskarayib.com\/fr\/wp-json\/wp\/v2\/tags?post=57835"}],"curies":[{"name":"wp","href":"https:\/\/api.w.org\/{rel}","templated":true}]}}