{"id":58012,"date":"2025-08-06T13:10:13","date_gmt":"2025-08-06T17:10:13","guid":{"rendered":"https:\/\/richeskarayib.com\/?p=58012"},"modified":"2025-08-06T13:10:13","modified_gmt":"2025-08-06T17:10:13","slug":"63e-anniversaire-independance-de-la-jamaique","status":"publish","type":"post","link":"https:\/\/richeskarayib.com\/fr\/63e-anniversaire-independance-de-la-jamaique\/","title":{"rendered":"Jama\u00efque &#8211; 63e anniversaire de l\u2019ind\u00e9pendance : un h\u00e9ritage forg\u00e9 par la r\u00e9sistance et les r\u00e9formes"},"content":{"rendered":"\t\t<div data-elementor-type=\"wp-post\" data-elementor-id=\"58012\" class=\"elementor elementor-58012\" data-elementor-post-type=\"post\">\n\t\t\t\t\t\t<section class=\"elementor-section elementor-top-section elementor-element elementor-element-7ca7ca1 elementor-section-boxed elementor-section-height-default elementor-section-height-default\" data-id=\"7ca7ca1\" data-element_type=\"section\">\n\t\t\t\t\t\t<div class=\"elementor-container elementor-column-gap-default\">\n\t\t\t\t\t<div class=\"elementor-column elementor-col-100 elementor-top-column elementor-element elementor-element-cbdd002\" data-id=\"cbdd002\" data-element_type=\"column\">\n\t\t\t<div class=\"elementor-widget-wrap elementor-element-populated\">\n\t\t\t\t\t\t<section class=\"elementor-section elementor-inner-section elementor-element elementor-element-bc94849 elementor-section-boxed elementor-section-height-default elementor-section-height-default\" data-id=\"bc94849\" data-element_type=\"section\">\n\t\t\t\t\t\t<div class=\"elementor-container elementor-column-gap-default\">\n\t\t\t\t\t\t<\/div>\n\t\t<\/section>\n\t\t\t\t<section class=\"elementor-section elementor-inner-section elementor-element elementor-element-61571e6 elementor-section-boxed elementor-section-height-default elementor-section-height-default\" data-id=\"61571e6\" data-element_type=\"section\">\n\t\t\t\t\t\t<div class=\"elementor-container elementor-column-gap-default\">\n\t\t\t\t\t\t<\/div>\n\t\t<\/section>\n\t\t\t\t<section class=\"elementor-section elementor-inner-section elementor-element elementor-element-b6262e0 elementor-section-boxed elementor-section-height-default elementor-section-height-default\" data-id=\"b6262e0\" data-element_type=\"section\">\n\t\t\t\t\t\t<div class=\"elementor-container elementor-column-gap-default\">\n\t\t\t\t\t\t<\/div>\n\t\t<\/section>\n\t\t\t\t<section class=\"elementor-section elementor-inner-section elementor-element elementor-element-cca29fd elementor-section-boxed elementor-section-height-default elementor-section-height-default\" data-id=\"cca29fd\" data-element_type=\"section\">\n\t\t\t\t\t\t<div class=\"elementor-container elementor-column-gap-default\">\n\t\t\t\t\t\t<\/div>\n\t\t<\/section>\n\t\t\t\t\t<\/div>\n\t\t<\/div>\n\t\t\t\t\t<\/div>\n\t\t<\/section>\n\t\t\t\t<section class=\"elementor-section elementor-top-section elementor-element elementor-element-0db9090 elementor-section-boxed elementor-section-height-default elementor-section-height-default\" data-id=\"0db9090\" data-element_type=\"section\">\n\t\t\t\t\t\t<div class=\"elementor-container elementor-column-gap-default\">\n\t\t\t\t\t<div class=\"elementor-column elementor-col-100 elementor-top-column elementor-element elementor-element-2296183\" data-id=\"2296183\" data-element_type=\"column\">\n\t\t\t<div class=\"elementor-widget-wrap elementor-element-populated\">\n\t\t\t\t\t\t<div class=\"elementor-element elementor-element-500981c elementor-widget elementor-widget-text-editor\" data-id=\"500981c\" data-element_type=\"widget\" data-widget_type=\"text-editor.default\">\n\t\t\t\t<div class=\"elementor-widget-container\">\n\t\t\t\t\t\t\t\t\t<p><span style=\"font-weight: 400;\">Le 6 ao\u00fbt 2025 marque le 63e anniversaire de l\u2019<\/span><a href=\"https:\/\/www.sandals.com\/blog\/jamaica-independence-day\/\" target=\"_blank\" rel=\"noopener nofollow\"><b>ind\u00e9pendance de la Jama\u00efque<\/b><\/a><span style=\"font-weight: 400;\">, premi\u00e8re nation anglophone ind\u00e9pendante de la <a href=\"https:\/\/richeskarayib.com\/fr\/conditions-de-vie-dans-la-caraibe-esperance\/\" target=\"_blank\" rel=\"noopener\">Cara\u00efbe<\/a>. Cette date, inscrite dans l\u2019histoire r\u00e9gionale et mondiale, symbolise la rupture avec trois si\u00e8cles de domination coloniale et l\u2019affirmation d\u2019un \u00c9tat souverain fond\u00e9 sur des luttes sociales, des figures politiques marquantes et une \u00e9volution constitutionnelle ma\u00eetris\u00e9e.<\/span><\/p>\t\t\t\t\t\t\t\t<\/div>\n\t\t\t\t<\/div>\n\t\t\t\t\t<\/div>\n\t\t<\/div>\n\t\t\t\t\t<\/div>\n\t\t<\/section>\n\t\t\t\t<section class=\"elementor-section elementor-top-section elementor-element elementor-element-e011a0f elementor-section-boxed elementor-section-height-default elementor-section-height-default\" data-id=\"e011a0f\" data-element_type=\"section\">\n\t\t\t\t\t\t<div class=\"elementor-container elementor-column-gap-default\">\n\t\t\t\t\t<div class=\"elementor-column elementor-col-100 elementor-top-column elementor-element elementor-element-91c6ea5\" data-id=\"91c6ea5\" data-element_type=\"column\">\n\t\t\t<div class=\"elementor-widget-wrap elementor-element-populated\">\n\t\t\t\t\t\t<div class=\"elementor-element elementor-element-3193622 elementor-widget elementor-widget-heading\" data-id=\"3193622\" data-element_type=\"widget\" data-widget_type=\"heading.default\">\n\t\t\t\t<div class=\"elementor-widget-container\">\n\t\t\t\t\t<h2 class=\"elementor-heading-title elementor-size-default\">Un pass\u00e9 colonial de violence et de profits<\/h2>\t\t\t\t<\/div>\n\t\t\t\t<\/div>\n\t\t\t\t<div class=\"elementor-element elementor-element-d6b77ee elementor-widget elementor-widget-text-editor\" data-id=\"d6b77ee\" data-element_type=\"widget\" data-widget_type=\"text-editor.default\">\n\t\t\t\t<div class=\"elementor-widget-container\">\n\t\t\t\t\t\t\t\t\t<p><span style=\"font-weight: 400;\">L\u2019histoire coloniale de la <a href=\"https:\/\/richeskarayib.com\/fr\/histoire-de-kingston-capitale-jamaicaine\/\" target=\"_blank\" rel=\"noopener\">Jama\u00efque<\/a> commence sous domination espagnole d\u00e8s 1494, avec l\u2019arriv\u00e9e de Christophe Colomb. La prise de contr\u00f4le britannique, en 1655, amorce un nouveau cycle de domination. Le syst\u00e8me de plantation bas\u00e9 sur la canne \u00e0 sucre transforme l\u2019\u00eele en colonie sucri\u00e8re prosp\u00e8re pour l\u2019Empire britannique, au prix de l\u2019exploitation brutale des esclaves africains.<\/span><\/p><p><span style=\"font-weight: 400;\">L\u2019esclavage, aboli en 1834 puis d\u00e9finitivement supprim\u00e9 en 1838, laisse place \u00e0 des rapports de pouvoir toujours in\u00e9galitaires. Les anciens esclaves, marginalis\u00e9s, subissent de nouvelles formes d\u2019exploitation, posant les bases d\u2019une contestation sociale structur\u00e9e.<\/span><\/p>\t\t\t\t\t\t\t\t<\/div>\n\t\t\t\t<\/div>\n\t\t\t\t<section class=\"elementor-section elementor-inner-section elementor-element elementor-element-87e9365 elementor-section-boxed elementor-section-height-default elementor-section-height-default\" data-id=\"87e9365\" data-element_type=\"section\">\n\t\t\t\t\t\t<div class=\"elementor-container elementor-column-gap-default\">\n\t\t\t\t\t<div class=\"elementor-column elementor-col-100 elementor-inner-column elementor-element elementor-element-82a7c74\" data-id=\"82a7c74\" data-element_type=\"column\">\n\t\t\t<div class=\"elementor-widget-wrap elementor-element-populated\">\n\t\t\t\t\t\t<div class=\"elementor-element elementor-element-2cbb8e3 elementor-widget elementor-widget-image\" data-id=\"2cbb8e3\" data-element_type=\"widget\" data-widget_type=\"image.default\">\n\t\t\t\t<div class=\"elementor-widget-container\">\n\t\t\t\t\t\t\t\t\t\t\t\t<figure class=\"wp-caption\">\n\t\t\t\t\t\t\t\t\t\t<img fetchpriority=\"high\" decoding=\"async\" width=\"800\" height=\"531\" src=\"https:\/\/richeskarayib.com\/wp-content\/uploads\/2025\/08\/A-view-of-Harbour-Street-Kingston-in-Jamaica-during-the-1820s-while-colonized-by-the-British.-\u00a9Origins-1024x680.jpg\" class=\"attachment-large size-large wp-image-58017\" alt=\"ind\u00e9pendance de la Jama\u00efque\" srcset=\"https:\/\/richeskarayib.com\/wp-content\/uploads\/2025\/08\/A-view-of-Harbour-Street-Kingston-in-Jamaica-during-the-1820s-while-colonized-by-the-British.-\u00a9Origins-1024x680.jpg 1024w, https:\/\/richeskarayib.com\/wp-content\/uploads\/2025\/08\/A-view-of-Harbour-Street-Kingston-in-Jamaica-during-the-1820s-while-colonized-by-the-British.-\u00a9Origins-300x199.jpg 300w, https:\/\/richeskarayib.com\/wp-content\/uploads\/2025\/08\/A-view-of-Harbour-Street-Kingston-in-Jamaica-during-the-1820s-while-colonized-by-the-British.-\u00a9Origins-768x510.jpg 768w, https:\/\/richeskarayib.com\/wp-content\/uploads\/2025\/08\/A-view-of-Harbour-Street-Kingston-in-Jamaica-during-the-1820s-while-colonized-by-the-British.-\u00a9Origins-1536x1020.jpg 1536w, https:\/\/richeskarayib.com\/wp-content\/uploads\/2025\/08\/A-view-of-Harbour-Street-Kingston-in-Jamaica-during-the-1820s-while-colonized-by-the-British.-\u00a9Origins-1320x877.jpg 1320w, https:\/\/richeskarayib.com\/wp-content\/uploads\/2025\/08\/A-view-of-Harbour-Street-Kingston-in-Jamaica-during-the-1820s-while-colonized-by-the-British.-\u00a9Origins.jpg 1920w\" sizes=\"(max-width: 800px) 100vw, 800px\" \/>\t\t\t\t\t\t\t\t\t\t\t<figcaption class=\"widget-image-caption wp-caption-text\">Vue de Harbour Street, \u00e0 Kingston, en Jama\u00efque, dans les ann\u00e9es 1820, alors que le pays \u00e9tait colonis\u00e9 par les Britanniques. \u00a9Origins<\/figcaption>\n\t\t\t\t\t\t\t\t\t\t<\/figure>\n\t\t\t\t\t\t\t\t\t<\/div>\n\t\t\t\t<\/div>\n\t\t\t\t\t<\/div>\n\t\t<\/div>\n\t\t\t\t\t<\/div>\n\t\t<\/section>\n\t\t\t\t\t<\/div>\n\t\t<\/div>\n\t\t\t\t\t<\/div>\n\t\t<\/section>\n\t\t\t\t<section class=\"elementor-section elementor-top-section elementor-element elementor-element-b53fa1e elementor-section-boxed elementor-section-height-default elementor-section-height-default\" data-id=\"b53fa1e\" data-element_type=\"section\">\n\t\t\t\t\t\t<div class=\"elementor-container elementor-column-gap-default\">\n\t\t\t\t\t<div class=\"elementor-column elementor-col-100 elementor-top-column elementor-element elementor-element-5786564\" data-id=\"5786564\" data-element_type=\"column\">\n\t\t\t<div class=\"elementor-widget-wrap elementor-element-populated\">\n\t\t\t\t\t\t<div class=\"elementor-element elementor-element-b23fa77 elementor-widget elementor-widget-heading\" data-id=\"b23fa77\" data-element_type=\"widget\" data-widget_type=\"heading.default\">\n\t\t\t\t<div class=\"elementor-widget-container\">\n\t\t\t\t\t<h2 class=\"elementor-heading-title elementor-size-default\">Morant Bay et l\u2019\u00e9veil du sentiment national\n<\/h2>\t\t\t\t<\/div>\n\t\t\t\t<\/div>\n\t\t\t\t<div class=\"elementor-element elementor-element-3fc4940 elementor-widget elementor-widget-text-editor\" data-id=\"3fc4940\" data-element_type=\"widget\" data-widget_type=\"text-editor.default\">\n\t\t\t\t<div class=\"elementor-widget-container\">\n\t\t\t\t\t\t\t\t\t<p><a href=\"https:\/\/thelapisucl.wordpress.com\/2024\/01\/19\/morant-bay-rebellion-jamaica-1865\/\" target=\"_blank\" rel=\"noopener nofollow\"><span style=\"font-weight: 400;\">La <\/span><b>r\u00e9volte de Morant Bay<\/b><\/a><span style=\"font-weight: 400;\"> en 1865 constitue le premier signal fort d\u2019un r\u00e9veil populaire. Sous la direction du pasteur Paul Bogle, des centaines de manifestants contestent les injustices judiciaires et \u00e9conomiques. La r\u00e9pression sanglante ordonn\u00e9e par le gouverneur Edward John Eyre avec pr\u00e8s de 500 ex\u00e9cutions\u00a0 suscite un toll\u00e9 jusque dans les cercles politiques britanniques.<\/span><\/p><p><span style=\"font-weight: 400;\">L\u2019ex\u00e9cution de George William Gordon, repr\u00e9sentant m\u00e9tis et d\u00e9put\u00e9 respect\u00e9, marque les esprits. Cette r\u00e9volte devient un \u00e9v\u00e9nement fondateur dans la m\u00e9moire collective jama\u00efcaine.<\/span><\/p>\t\t\t\t\t\t\t\t<\/div>\n\t\t\t\t<\/div>\n\t\t\t\t<section class=\"elementor-section elementor-inner-section elementor-element elementor-element-a81318b elementor-section-boxed elementor-section-height-default elementor-section-height-default\" data-id=\"a81318b\" data-element_type=\"section\">\n\t\t\t\t\t\t<div class=\"elementor-container elementor-column-gap-default\">\n\t\t\t\t\t<div class=\"elementor-column elementor-col-100 elementor-inner-column elementor-element elementor-element-f5b7eb2\" data-id=\"f5b7eb2\" data-element_type=\"column\">\n\t\t\t<div class=\"elementor-widget-wrap elementor-element-populated\">\n\t\t\t\t\t\t<div class=\"elementor-element elementor-element-33eee2d elementor-widget elementor-widget-image\" data-id=\"33eee2d\" data-element_type=\"widget\" data-widget_type=\"image.default\">\n\t\t\t\t<div class=\"elementor-widget-container\">\n\t\t\t\t\t\t\t\t\t\t\t\t<figure class=\"wp-caption\">\n\t\t\t\t\t\t\t\t\t\t<img decoding=\"async\" width=\"520\" height=\"693\" src=\"https:\/\/richeskarayib.com\/wp-content\/uploads\/2025\/08\/In-commemoration-of-the-centennial-anniversary-of-the-Morant-Bay-Rebellion.-\u00a9Origins.jpg\" class=\"attachment-large size-large wp-image-58021\" alt=\"ind\u00e9pendance de la Jama\u00efque\" srcset=\"https:\/\/richeskarayib.com\/wp-content\/uploads\/2025\/08\/In-commemoration-of-the-centennial-anniversary-of-the-Morant-Bay-Rebellion.-\u00a9Origins.jpg 520w, https:\/\/richeskarayib.com\/wp-content\/uploads\/2025\/08\/In-commemoration-of-the-centennial-anniversary-of-the-Morant-Bay-Rebellion.-\u00a9Origins-225x300.jpg 225w\" sizes=\"(max-width: 520px) 100vw, 520px\" \/>\t\t\t\t\t\t\t\t\t\t\t<figcaption class=\"widget-image-caption wp-caption-text\">En comm\u00e9moration du centenaire de la r\u00e9bellion de Morant Bay. \u00a9Origins<\/figcaption>\n\t\t\t\t\t\t\t\t\t\t<\/figure>\n\t\t\t\t\t\t\t\t\t<\/div>\n\t\t\t\t<\/div>\n\t\t\t\t\t<\/div>\n\t\t<\/div>\n\t\t\t\t\t<\/div>\n\t\t<\/section>\n\t\t\t\t\t<\/div>\n\t\t<\/div>\n\t\t\t\t\t<\/div>\n\t\t<\/section>\n\t\t\t\t<section class=\"elementor-section elementor-top-section elementor-element elementor-element-51a27bd elementor-section-boxed elementor-section-height-default elementor-section-height-default\" data-id=\"51a27bd\" data-element_type=\"section\">\n\t\t\t\t\t\t<div class=\"elementor-container elementor-column-gap-default\">\n\t\t\t\t\t<div class=\"elementor-column elementor-col-100 elementor-top-column elementor-element elementor-element-b5ad517\" data-id=\"b5ad517\" data-element_type=\"column\">\n\t\t\t<div class=\"elementor-widget-wrap elementor-element-populated\">\n\t\t\t\t\t\t<div class=\"elementor-element elementor-element-6b269d1 elementor-widget elementor-widget-heading\" data-id=\"6b269d1\" data-element_type=\"widget\" data-widget_type=\"heading.default\">\n\t\t\t\t<div class=\"elementor-widget-container\">\n\t\t\t\t\t<h2 class=\"elementor-heading-title elementor-size-default\">Marcus Garvey et la conscience noire mondiale<\/h2>\t\t\t\t<\/div>\n\t\t\t\t<\/div>\n\t\t\t\t<div class=\"elementor-element elementor-element-5e0d570 elementor-widget elementor-widget-text-editor\" data-id=\"5e0d570\" data-element_type=\"widget\" data-widget_type=\"text-editor.default\">\n\t\t\t\t<div class=\"elementor-widget-container\">\n\t\t\t\t\t\t\t\t\t<p><span style=\"font-weight: 400;\">N\u00e9 en 1887, <\/span><b>Marcus Garvey<\/b><span style=\"font-weight: 400;\"> incarne la mont\u00e9e d\u2019un nationalisme noir transnational. Fondateur de l\u2019UNIA en 1914, il pr\u00f4ne le retour vers l\u2019Afrique et l\u2019unit\u00e9 des peuples de la diaspora. Sa pens\u00e9e influence durablement les mouvements anticoloniaux et contribue \u00e0 fa\u00e7onner une identit\u00e9 jama\u00efcaine tourn\u00e9e vers l\u2019\u00e9mancipation.<\/span><\/p><p><span style=\"font-weight: 400;\">Son h\u00e9ritage intellectuel d\u00e9passe les fronti\u00e8res de l\u2019\u00eele, influen\u00e7ant des leaders africains comme Kwame Nkrumah et des mouvements culturels comme le rastafarisme.<\/span><\/p>\t\t\t\t\t\t\t\t<\/div>\n\t\t\t\t<\/div>\n\t\t\t\t<section class=\"elementor-section elementor-inner-section elementor-element elementor-element-1d3acc2 elementor-section-boxed elementor-section-height-default elementor-section-height-default\" data-id=\"1d3acc2\" data-element_type=\"section\">\n\t\t\t\t\t\t<div class=\"elementor-container elementor-column-gap-default\">\n\t\t\t\t\t<div class=\"elementor-column elementor-col-100 elementor-inner-column elementor-element elementor-element-9f0aee9\" data-id=\"9f0aee9\" data-element_type=\"column\">\n\t\t\t<div class=\"elementor-widget-wrap elementor-element-populated\">\n\t\t\t\t\t\t<div class=\"elementor-element elementor-element-90dc102 elementor-widget elementor-widget-image\" data-id=\"90dc102\" data-element_type=\"widget\" data-widget_type=\"image.default\">\n\t\t\t\t<div class=\"elementor-widget-container\">\n\t\t\t\t\t\t\t\t\t\t\t\t<figure class=\"wp-caption\">\n\t\t\t\t\t\t\t\t\t\t<img decoding=\"async\" width=\"501\" height=\"768\" src=\"https:\/\/richeskarayib.com\/wp-content\/uploads\/2025\/08\/Prominent-Jamaican-born-Black-nationalist-and-current-national-hero-Marcus-Garvey-1887-1940.-\u00a9Origins.jpg\" class=\"attachment-large size-large wp-image-58025\" alt=\"ind\u00e9pendance de la Jama\u00efque\" srcset=\"https:\/\/richeskarayib.com\/wp-content\/uploads\/2025\/08\/Prominent-Jamaican-born-Black-nationalist-and-current-national-hero-Marcus-Garvey-1887-1940.-\u00a9Origins.jpg 501w, https:\/\/richeskarayib.com\/wp-content\/uploads\/2025\/08\/Prominent-Jamaican-born-Black-nationalist-and-current-national-hero-Marcus-Garvey-1887-1940.-\u00a9Origins-196x300.jpg 196w\" sizes=\"(max-width: 501px) 100vw, 501px\" \/>\t\t\t\t\t\t\t\t\t\t\t<figcaption class=\"widget-image-caption wp-caption-text\">Marcus Garvey (1887-1940), \u00e9minent nationaliste noir d'origine jama\u00efcaine et h\u00e9ros national actuel. \u00a9Origins<\/figcaption>\n\t\t\t\t\t\t\t\t\t\t<\/figure>\n\t\t\t\t\t\t\t\t\t<\/div>\n\t\t\t\t<\/div>\n\t\t\t\t\t<\/div>\n\t\t<\/div>\n\t\t\t\t\t<\/div>\n\t\t<\/section>\n\t\t\t\t\t<\/div>\n\t\t<\/div>\n\t\t\t\t\t<\/div>\n\t\t<\/section>\n\t\t\t\t<section class=\"elementor-section elementor-top-section elementor-element elementor-element-5214e28 elementor-section-boxed elementor-section-height-default elementor-section-height-default\" data-id=\"5214e28\" data-element_type=\"section\">\n\t\t\t\t\t\t<div class=\"elementor-container elementor-column-gap-default\">\n\t\t\t\t\t<div class=\"elementor-column elementor-col-100 elementor-top-column elementor-element elementor-element-dade06d\" data-id=\"dade06d\" data-element_type=\"column\">\n\t\t\t<div class=\"elementor-widget-wrap elementor-element-populated\">\n\t\t\t\t\t\t<div class=\"elementor-element elementor-element-d1b711d elementor-widget elementor-widget-heading\" data-id=\"d1b711d\" data-element_type=\"widget\" data-widget_type=\"heading.default\">\n\t\t\t\t<div class=\"elementor-widget-container\">\n\t\t\t\t\t<h2 class=\"elementor-heading-title elementor-size-default\">Les \u00e9meutes ouvri\u00e8res de 1938 : basculement politique<\/h2>\t\t\t\t<\/div>\n\t\t\t\t<\/div>\n\t\t\t\t<div class=\"elementor-element elementor-element-a454b32 elementor-widget elementor-widget-text-editor\" data-id=\"a454b32\" data-element_type=\"widget\" data-widget_type=\"text-editor.default\">\n\t\t\t\t<div class=\"elementor-widget-container\">\n\t\t\t\t\t\t\t\t\t<p><span style=\"font-weight: 400;\">Les <\/span><b>gr\u00e8ves ouvri\u00e8res de 1938<\/b><span style=\"font-weight: 400;\">, d\u00e9clench\u00e9es sur les plantations de sucre de Frome, ouvrent une nouvelle \u00e8re. Alexander Bustamante \u00e9merge alors comme d\u00e9fenseur des travailleurs. Sa popularit\u00e9, amplifi\u00e9e par son arrestation et sa lib\u00e9ration rapide, pr\u00e9pare la structuration du champ politique moderne en Jama\u00efque.<\/span><\/p><p><span style=\"font-weight: 400;\">Ces soul\u00e8vements acc\u00e9l\u00e8rent les r\u00e9formes : le suffrage universel est instaur\u00e9 en 1944, modifiant profond\u00e9ment la repr\u00e9sentativit\u00e9 politique.<\/span><\/p>\t\t\t\t\t\t\t\t<\/div>\n\t\t\t\t<\/div>\n\t\t\t\t\t<\/div>\n\t\t<\/div>\n\t\t\t\t\t<\/div>\n\t\t<\/section>\n\t\t\t\t<section class=\"elementor-section elementor-top-section elementor-element elementor-element-6f34adc elementor-section-boxed elementor-section-height-default elementor-section-height-default\" data-id=\"6f34adc\" data-element_type=\"section\">\n\t\t\t\t\t\t<div class=\"elementor-container elementor-column-gap-default\">\n\t\t\t\t\t<div class=\"elementor-column elementor-col-100 elementor-top-column elementor-element elementor-element-787608c\" data-id=\"787608c\" data-element_type=\"column\">\n\t\t\t<div class=\"elementor-widget-wrap elementor-element-populated\">\n\t\t\t\t\t\t<div class=\"elementor-element elementor-element-d1b2db8 elementor-widget elementor-widget-heading\" data-id=\"d1b2db8\" data-element_type=\"widget\" data-widget_type=\"heading.default\">\n\t\t\t\t<div class=\"elementor-widget-container\">\n\t\t\t\t\t<h2 class=\"elementor-heading-title elementor-size-default\">Deux figures fondatrices : Bustamante et Manley<\/h2>\t\t\t\t<\/div>\n\t\t\t\t<\/div>\n\t\t\t\t<div class=\"elementor-element elementor-element-c5c79cd elementor-widget elementor-widget-text-editor\" data-id=\"c5c79cd\" data-element_type=\"widget\" data-widget_type=\"text-editor.default\">\n\t\t\t\t<div class=\"elementor-widget-container\">\n\t\t\t\t\t\t\t\t\t<p><span style=\"font-weight: 400;\">L\u2019histoire de l\u2019ind\u00e9pendance de la Jama\u00efque ne peut \u00eatre dissoci\u00e9e de deux personnalit\u00e9s majeures : <\/span><b>Norman Manley<\/b><span style=\"font-weight: 400;\"> et <\/span><b>Alexander Bustamante<\/b><span style=\"font-weight: 400;\">.<\/span><\/p><p><span style=\"font-weight: 400;\">Manley, avocat form\u00e9 \u00e0 Oxford, fonde le People\u2019s National Party (PNP) en 1938. D\u00e9fenseur des r\u00e9formes institutionnelles, il est l\u2019architecte des avanc\u00e9es constitutionnelles, notamment l\u2019autonomie gouvernementale obtenue en 1957. En 1961, fid\u00e8le \u00e0 ses principes d\u00e9mocratiques, il organise un r\u00e9f\u00e9rendum pour consulter le peuple sur le maintien dans la F\u00e9d\u00e9ration des Indes occidentales, bien qu\u2019il y soit personnellement favorable.<\/span><\/p>\t\t\t\t\t\t\t\t<\/div>\n\t\t\t\t<\/div>\n\t\t\t\t<div class=\"elementor-element elementor-element-d7b47b1 elementor-widget elementor-widget-text-editor\" data-id=\"d7b47b1\" data-element_type=\"widget\" data-widget_type=\"text-editor.default\">\n\t\t\t\t<div class=\"elementor-widget-container\">\n\t\t\t\t\t\t\t\t\t<p><span style=\"font-weight: 400;\">Bustamante, quant \u00e0 lui, fonde le Jamaica Labour Party (JLP) en 1943 apr\u00e8s avoir dirig\u00e9 un syndicat influent. Il repr\u00e9sente la voix des classes populaires et adopte une posture plus directe face au pouvoir colonial. Son opposition \u00e0 la F\u00e9d\u00e9ration contribue \u00e0 son \u00e9clatement.<\/span><\/p>\t\t\t\t\t\t\t\t<\/div>\n\t\t\t\t<\/div>\n\t\t\t\t<section class=\"elementor-section elementor-inner-section elementor-element elementor-element-730c613 elementor-section-boxed elementor-section-height-default elementor-section-height-default\" data-id=\"730c613\" data-element_type=\"section\">\n\t\t\t\t\t\t<div class=\"elementor-container elementor-column-gap-default\">\n\t\t\t\t\t<div class=\"elementor-column elementor-col-100 elementor-inner-column elementor-element elementor-element-f4a6229\" data-id=\"f4a6229\" data-element_type=\"column\">\n\t\t\t<div class=\"elementor-widget-wrap elementor-element-populated\">\n\t\t\t\t\t\t<div class=\"elementor-element elementor-element-b963663 elementor-widget elementor-widget-image\" data-id=\"b963663\" data-element_type=\"widget\" data-widget_type=\"image.default\">\n\t\t\t\t<div class=\"elementor-widget-container\">\n\t\t\t\t\t\t\t\t\t\t\t\t<figure class=\"wp-caption\">\n\t\t\t\t\t\t\t\t\t\t<img loading=\"lazy\" decoding=\"async\" width=\"800\" height=\"782\" src=\"https:\/\/richeskarayib.com\/wp-content\/uploads\/2025\/08\/Alexander-Bustamante-with-U.S.-President-John-F.-Kennedy-1962.-\u00a9Origins.jpg\" class=\"attachment-large size-large wp-image-58037\" alt=\"ind\u00e9pendance de la Jama\u00efque\" srcset=\"https:\/\/richeskarayib.com\/wp-content\/uploads\/2025\/08\/Alexander-Bustamante-with-U.S.-President-John-F.-Kennedy-1962.-\u00a9Origins.jpg 1000w, https:\/\/richeskarayib.com\/wp-content\/uploads\/2025\/08\/Alexander-Bustamante-with-U.S.-President-John-F.-Kennedy-1962.-\u00a9Origins-300x293.jpg 300w, https:\/\/richeskarayib.com\/wp-content\/uploads\/2025\/08\/Alexander-Bustamante-with-U.S.-President-John-F.-Kennedy-1962.-\u00a9Origins-768x750.jpg 768w\" sizes=\"(max-width: 800px) 100vw, 800px\" \/>\t\t\t\t\t\t\t\t\t\t\t<figcaption class=\"widget-image-caption wp-caption-text\">Alexander Bustamante avec le pr\u00e9sident am\u00e9ricain John F. Kennedy, 1962. \u00a9Origins<\/figcaption>\n\t\t\t\t\t\t\t\t\t\t<\/figure>\n\t\t\t\t\t\t\t\t\t<\/div>\n\t\t\t\t<\/div>\n\t\t\t\t\t<\/div>\n\t\t<\/div>\n\t\t\t\t\t<\/div>\n\t\t<\/section>\n\t\t\t\t\t<\/div>\n\t\t<\/div>\n\t\t\t\t\t<\/div>\n\t\t<\/section>\n\t\t\t\t<section class=\"elementor-section elementor-top-section elementor-element elementor-element-6e4ca9f elementor-section-boxed elementor-section-height-default elementor-section-height-default\" data-id=\"6e4ca9f\" data-element_type=\"section\">\n\t\t\t\t\t\t<div class=\"elementor-container elementor-column-gap-default\">\n\t\t\t\t\t<div class=\"elementor-column elementor-col-100 elementor-top-column elementor-element elementor-element-f36aad0\" data-id=\"f36aad0\" data-element_type=\"column\">\n\t\t\t<div class=\"elementor-widget-wrap elementor-element-populated\">\n\t\t\t\t\t\t<div class=\"elementor-element elementor-element-f87c3ec elementor-widget elementor-widget-heading\" data-id=\"f87c3ec\" data-element_type=\"widget\" data-widget_type=\"heading.default\">\n\t\t\t\t<div class=\"elementor-widget-container\">\n\t\t\t\t\t<h2 class=\"elementor-heading-title elementor-size-default\">Le rejet de la F\u00e9d\u00e9ration des Indes occidentales<\/h2>\t\t\t\t<\/div>\n\t\t\t\t<\/div>\n\t\t\t\t<div class=\"elementor-element elementor-element-e8b01dc elementor-widget elementor-widget-text-editor\" data-id=\"e8b01dc\" data-element_type=\"widget\" data-widget_type=\"text-editor.default\">\n\t\t\t\t<div class=\"elementor-widget-container\">\n\t\t\t\t\t\t\t\t\t<p><span style=\"font-weight: 400;\">La <\/span><b>F\u00e9d\u00e9ration des Indes occidentales<\/b><span style=\"font-weight: 400;\">, lanc\u00e9e en 1958, \u00e9choue \u00e0 f\u00e9d\u00e9rer durablement les territoires britanniques des Cara\u00efbes. La Jama\u00efque, peu satisfaite de sa repr\u00e9sentation politique et inqui\u00e8te d\u2019une r\u00e9partition in\u00e9quitable des richesses, organise un r\u00e9f\u00e9rendum en 1961. Le r\u00e9sultat est sans appel : plus de 54 % des votants choisissent la sortie.<\/span><\/p><p><span style=\"font-weight: 400;\">Ce rejet provoque la chute de la F\u00e9d\u00e9ration, suivi par Trinidad-et-Tobago. Norman Manley, respectant le verdict populaire, entame les d\u00e9marches pour une ind\u00e9pendance jama\u00efcaine unilat\u00e9rale.<\/span><\/p>\t\t\t\t\t\t\t\t<\/div>\n\t\t\t\t<\/div>\n\t\t\t\t<div class=\"elementor-element elementor-element-455b3d0 elementor-widget elementor-widget-image\" data-id=\"455b3d0\" data-element_type=\"widget\" data-widget_type=\"image.default\">\n\t\t\t\t<div class=\"elementor-widget-container\">\n\t\t\t\t\t\t\t\t\t\t\t\t<figure class=\"wp-caption\">\n\t\t\t\t\t\t\t\t\t\t<img loading=\"lazy\" decoding=\"async\" width=\"639\" height=\"433\" src=\"https:\/\/richeskarayib.com\/wp-content\/uploads\/2025\/08\/a-1958-stamp-of-the-west-indian-federation-including-jamaica-origins.jpg\" class=\"attachment-large size-large wp-image-58029\" alt=\"ind\u00e9pendance de la Jama\u00efque\" srcset=\"https:\/\/richeskarayib.com\/wp-content\/uploads\/2025\/08\/a-1958-stamp-of-the-west-indian-federation-including-jamaica-origins.jpg 639w, https:\/\/richeskarayib.com\/wp-content\/uploads\/2025\/08\/a-1958-stamp-of-the-west-indian-federation-including-jamaica-origins-300x203.jpg 300w\" sizes=\"(max-width: 639px) 100vw, 639px\" \/>\t\t\t\t\t\t\t\t\t\t\t<figcaption class=\"widget-image-caption wp-caption-text\">Un timbre de 1958 de la F\u00e9d\u00e9ration des Indes occidentales, incluant la Jama\u00efque \u00a9Origins<\/figcaption>\n\t\t\t\t\t\t\t\t\t\t<\/figure>\n\t\t\t\t\t\t\t\t\t<\/div>\n\t\t\t\t<\/div>\n\t\t\t\t\t<\/div>\n\t\t<\/div>\n\t\t\t\t\t<\/div>\n\t\t<\/section>\n\t\t\t\t<section class=\"elementor-section elementor-top-section elementor-element elementor-element-b48fdf2 elementor-section-boxed elementor-section-height-default elementor-section-height-default\" data-id=\"b48fdf2\" data-element_type=\"section\">\n\t\t\t\t\t\t<div class=\"elementor-container elementor-column-gap-default\">\n\t\t\t\t\t<div class=\"elementor-column elementor-col-100 elementor-top-column elementor-element elementor-element-d77c715\" data-id=\"d77c715\" data-element_type=\"column\">\n\t\t\t<div class=\"elementor-widget-wrap elementor-element-populated\">\n\t\t\t\t\t\t<div class=\"elementor-element elementor-element-9114ffe elementor-widget elementor-widget-heading\" data-id=\"9114ffe\" data-element_type=\"widget\" data-widget_type=\"heading.default\">\n\t\t\t\t<div class=\"elementor-widget-container\">\n\t\t\t\t\t<h2 class=\"elementor-heading-title elementor-size-default\">Le 6 ao\u00fbt 1962 : un tournant historique<\/h2>\t\t\t\t<\/div>\n\t\t\t\t<\/div>\n\t\t\t\t<div class=\"elementor-element elementor-element-d722e92 elementor-widget elementor-widget-text-editor\" data-id=\"d722e92\" data-element_type=\"widget\" data-widget_type=\"text-editor.default\">\n\t\t\t\t<div class=\"elementor-widget-container\">\n\t\t\t\t\t\t\t\t\t<p><a href=\"https:\/\/origins.osu.edu\/read\/jamaican-independence\" target=\"_blank\" rel=\"noopener nofollow\"><span style=\"font-weight: 400;\">L\u2019<\/span><b>ind\u00e9pendance de la Jama\u00efque<\/b><\/a><span style=\"font-weight: 400;\"> devient effective le <\/span><b>6 ao\u00fbt 1962<\/b><span style=\"font-weight: 400;\">, apr\u00e8s l\u2019adoption du Jamaica Independence Act par le Parlement britannique. Cette d\u00e9cision met fin \u00e0 307 ann\u00e9es de pr\u00e9sence coloniale. Alexander Bustamante, vainqueur des \u00e9lections d\u2019avril 1962, devient le premier Premier ministre du pays. Norman Manley accepte la transition d\u00e9mocratique en prenant la t\u00eate de l\u2019opposition.<\/span><\/p><p><span style=\"font-weight: 400;\">\u00c0 minuit le 5 ao\u00fbt, l\u2019Union Jack est abaiss\u00e9 \u00e0 Kingston et dans tout le pays, remplac\u00e9 par le drapeau noir, or et vert. La retransmission en direct de cette c\u00e9r\u00e9monie depuis le National Stadium marque un moment d\u2019\u00e9motion collective.<\/span><\/p>\t\t\t\t\t\t\t\t<\/div>\n\t\t\t\t<\/div>\n\t\t\t\t\t<\/div>\n\t\t<\/div>\n\t\t\t\t\t<\/div>\n\t\t<\/section>\n\t\t\t\t<section class=\"elementor-section elementor-top-section elementor-element elementor-element-c4612b9 elementor-section-boxed elementor-section-height-default elementor-section-height-default\" data-id=\"c4612b9\" data-element_type=\"section\">\n\t\t\t\t\t\t<div class=\"elementor-container elementor-column-gap-default\">\n\t\t\t\t\t<div class=\"elementor-column elementor-col-100 elementor-top-column elementor-element elementor-element-10af221\" data-id=\"10af221\" data-element_type=\"column\">\n\t\t\t<div class=\"elementor-widget-wrap elementor-element-populated\">\n\t\t\t\t\t\t<div class=\"elementor-element elementor-element-d134ac0 elementor-widget elementor-widget-heading\" data-id=\"d134ac0\" data-element_type=\"widget\" data-widget_type=\"heading.default\">\n\t\t\t\t<div class=\"elementor-widget-container\">\n\t\t\t\t\t<h2 class=\"elementor-heading-title elementor-size-default\">Une reconnaissance internationale port\u00e9e par la monarchie<\/h2>\t\t\t\t<\/div>\n\t\t\t\t<\/div>\n\t\t\t\t<div class=\"elementor-element elementor-element-f358ba6 elementor-widget elementor-widget-text-editor\" data-id=\"f358ba6\" data-element_type=\"widget\" data-widget_type=\"text-editor.default\">\n\t\t\t\t<div class=\"elementor-widget-container\">\n\t\t\t\t\t\t\t\t\t<p><span style=\"font-weight: 400;\">La c\u00e9r\u00e9monie d\u2019ind\u00e9pendance de la Jama\u00efque se d\u00e9roule en pr\u00e9sence de la <\/span><b>Princesse Margaret<\/b><span style=\"font-weight: 400;\">, repr\u00e9sentante officielle de la Couronne britannique. Le 7 ao\u00fbt, elle inaugure la premi\u00e8re session du Parlement jama\u00efcain souverain et lit un message de la Reine Elizabeth II, saluant la transition pacifique et les liens historiques entre les deux pays.<\/span><\/p><p><span style=\"font-weight: 400;\">Cette pr\u00e9sence royale conf\u00e8re \u00e0 la Jama\u00efque une reconnaissance diplomatique imm\u00e9diate, facilitant son int\u00e9gration au sein du Commonwealth.<\/span><\/p>\t\t\t\t\t\t\t\t<\/div>\n\t\t\t\t<\/div>\n\t\t\t\t<section class=\"elementor-section elementor-inner-section elementor-element elementor-element-3172bdc elementor-section-boxed elementor-section-height-default elementor-section-height-default\" data-id=\"3172bdc\" data-element_type=\"section\">\n\t\t\t\t\t\t<div class=\"elementor-container elementor-column-gap-default\">\n\t\t\t\t\t<div class=\"elementor-column elementor-col-100 elementor-inner-column elementor-element elementor-element-e0c6d42\" data-id=\"e0c6d42\" data-element_type=\"column\">\n\t\t\t<div class=\"elementor-widget-wrap elementor-element-populated\">\n\t\t\t\t\t\t<div class=\"elementor-element elementor-element-f59ed41 elementor-widget elementor-widget-image\" data-id=\"f59ed41\" data-element_type=\"widget\" data-widget_type=\"image.default\">\n\t\t\t\t<div class=\"elementor-widget-container\">\n\t\t\t\t\t\t\t\t\t\t\t\t<figure class=\"wp-caption\">\n\t\t\t\t\t\t\t\t\t\t<img loading=\"lazy\" decoding=\"async\" width=\"800\" height=\"480\" src=\"https:\/\/richeskarayib.com\/wp-content\/uploads\/2025\/08\/The-1962-Independence-Proclamation-of-Jamaica.-\u00a9Origins.jpg\" class=\"attachment-large size-large wp-image-58033\" alt=\"ind\u00e9pendance de la Jama\u00efque\" srcset=\"https:\/\/richeskarayib.com\/wp-content\/uploads\/2025\/08\/The-1962-Independence-Proclamation-of-Jamaica.-\u00a9Origins.jpg 800w, https:\/\/richeskarayib.com\/wp-content\/uploads\/2025\/08\/The-1962-Independence-Proclamation-of-Jamaica.-\u00a9Origins-300x180.jpg 300w, https:\/\/richeskarayib.com\/wp-content\/uploads\/2025\/08\/The-1962-Independence-Proclamation-of-Jamaica.-\u00a9Origins-768x461.jpg 768w\" sizes=\"(max-width: 800px) 100vw, 800px\" \/>\t\t\t\t\t\t\t\t\t\t\t<figcaption class=\"widget-image-caption wp-caption-text\">Proclamation d'ind\u00e9pendance de la Jama\u00efque en 1962. \u00a9Origins<\/figcaption>\n\t\t\t\t\t\t\t\t\t\t<\/figure>\n\t\t\t\t\t\t\t\t\t<\/div>\n\t\t\t\t<\/div>\n\t\t\t\t\t<\/div>\n\t\t<\/div>\n\t\t\t\t\t<\/div>\n\t\t<\/section>\n\t\t\t\t\t<\/div>\n\t\t<\/div>\n\t\t\t\t\t<\/div>\n\t\t<\/section>\n\t\t\t\t<section class=\"elementor-section elementor-top-section elementor-element elementor-element-5a77f17 elementor-section-boxed elementor-section-height-default elementor-section-height-default\" data-id=\"5a77f17\" data-element_type=\"section\">\n\t\t\t\t\t\t<div class=\"elementor-container elementor-column-gap-default\">\n\t\t\t\t\t<div class=\"elementor-column elementor-col-100 elementor-top-column elementor-element elementor-element-7a301a6\" data-id=\"7a301a6\" data-element_type=\"column\">\n\t\t\t<div class=\"elementor-widget-wrap elementor-element-populated\">\n\t\t\t\t\t\t<div class=\"elementor-element elementor-element-a517070 elementor-widget elementor-widget-heading\" data-id=\"a517070\" data-element_type=\"widget\" data-widget_type=\"heading.default\">\n\t\t\t\t<div class=\"elementor-widget-container\">\n\t\t\t\t\t<h2 class=\"elementor-heading-title elementor-size-default\">Une m\u00e9moire encore vive, 63 ans apr\u00e8s<\/h2>\t\t\t\t<\/div>\n\t\t\t\t<\/div>\n\t\t\t\t<div class=\"elementor-element elementor-element-e282467 elementor-widget elementor-widget-text-editor\" data-id=\"e282467\" data-element_type=\"widget\" data-widget_type=\"text-editor.default\">\n\t\t\t\t<div class=\"elementor-widget-container\">\n\t\t\t\t\t\t\t\t\t<p><span style=\"font-weight: 400;\">Soixante-trois ans plus tard, <a href=\"https:\/\/nlj.gov.jm\/jamaicaindependence1962\/\" target=\"_blank\" rel=\"noopener nofollow\">l\u2019<\/a><\/span><a href=\"_wp_link_placeholder\"><b>ind\u00e9pendance de la Jama\u00efque<\/b><\/a><span style=\"font-weight: 400;\"> reste une r\u00e9f\u00e9rence majeure dans l\u2019histoire carib\u00e9enne. L\u2019<\/span><b>ind\u00e9pendance de la Jama\u00efque<\/b><span style=\"font-weight: 400;\"> symbolise la capacit\u00e9 d\u2019un peuple \u00e0 reconqu\u00e9rir sa souverainet\u00e9 par la r\u00e9sistance, la r\u00e9flexion politique et la solidarit\u00e9 sociale. Le parcours vers l\u2019autonomie, jalonn\u00e9 par des \u00e9pisodes violents, des figures embl\u00e9matiques et des r\u00e9formes profondes, continue d\u2019inspirer les soci\u00e9t\u00e9s postcoloniales.<\/span><\/p>\t\t\t\t\t\t\t\t<\/div>\n\t\t\t\t<\/div>\n\t\t\t\t\t<\/div>\n\t\t<\/div>\n\t\t\t\t\t<\/div>\n\t\t<\/section>\n\t\t\t\t<\/div>\n\t\t","protected":false},"excerpt":{"rendered":"<p>Le 6 ao\u00fbt 2025 marque le 63e anniversaire de l\u2019ind\u00e9pendance de la Jama\u00efque, premi\u00e8re nation anglophone ind\u00e9pendante de la Cara\u00efbe. Cette date, inscrite dans l\u2019histoire r\u00e9gionale et mondiale, symbolise la rupture avec trois si\u00e8cles de domination coloniale et l\u2019affirmation d\u2019un \u00c9tat souverain fond\u00e9 sur des luttes sociales, des figures politiques marquantes et une \u00e9volution constitutionnelle [&hellip;]<\/p>\n","protected":false},"author":662,"featured_media":58013,"comment_status":"open","ping_status":"open","sticky":false,"template":"","format":"standard","meta":{"_acf_changed":false,"footnotes":""},"categories":[1468],"tags":[1693],"class_list":["post-58012","post","type-post","status-publish","format-standard","has-post-thumbnail","hentry","category-histoire-patrimoine","tag-jamaique-2"],"acf":[],"_links":{"self":[{"href":"https:\/\/richeskarayib.com\/fr\/wp-json\/wp\/v2\/posts\/58012","targetHints":{"allow":["GET"]}}],"collection":[{"href":"https:\/\/richeskarayib.com\/fr\/wp-json\/wp\/v2\/posts"}],"about":[{"href":"https:\/\/richeskarayib.com\/fr\/wp-json\/wp\/v2\/types\/post"}],"author":[{"embeddable":true,"href":"https:\/\/richeskarayib.com\/fr\/wp-json\/wp\/v2\/users\/662"}],"replies":[{"embeddable":true,"href":"https:\/\/richeskarayib.com\/fr\/wp-json\/wp\/v2\/comments?post=58012"}],"version-history":[{"count":0,"href":"https:\/\/richeskarayib.com\/fr\/wp-json\/wp\/v2\/posts\/58012\/revisions"}],"wp:featuredmedia":[{"embeddable":true,"href":"https:\/\/richeskarayib.com\/fr\/wp-json\/wp\/v2\/media\/58013"}],"wp:attachment":[{"href":"https:\/\/richeskarayib.com\/fr\/wp-json\/wp\/v2\/media?parent=58012"}],"wp:term":[{"taxonomy":"category","embeddable":true,"href":"https:\/\/richeskarayib.com\/fr\/wp-json\/wp\/v2\/categories?post=58012"},{"taxonomy":"post_tag","embeddable":true,"href":"https:\/\/richeskarayib.com\/fr\/wp-json\/wp\/v2\/tags?post=58012"}],"curies":[{"name":"wp","href":"https:\/\/api.w.org\/{rel}","templated":true}]}}