{"id":58412,"date":"2025-08-14T12:33:48","date_gmt":"2025-08-14T16:33:48","guid":{"rendered":"https:\/\/richeskarayib.com\/?p=58412"},"modified":"2025-08-14T12:33:48","modified_gmt":"2025-08-14T16:33:48","slug":"oaci-nacc-dca-13-martiniques-logistique","status":"publish","type":"post","link":"https:\/\/richeskarayib.com\/fr\/oaci-nacc-dca-13-martiniques-logistique\/","title":{"rendered":"OACI NACC\/DCA\/13 : la Martinique met sa strat\u00e9gie logistique au service de la Cara\u00efbe"},"content":{"rendered":"\t\t<div data-elementor-type=\"wp-post\" data-elementor-id=\"58412\" class=\"elementor elementor-58412\" data-elementor-post-type=\"post\">\n\t\t\t\t\t\t<section class=\"elementor-section elementor-top-section elementor-element elementor-element-7ca7ca1 elementor-section-boxed elementor-section-height-default elementor-section-height-default\" data-id=\"7ca7ca1\" data-element_type=\"section\">\n\t\t\t\t\t\t<div class=\"elementor-container elementor-column-gap-default\">\n\t\t\t\t\t<div class=\"elementor-column elementor-col-100 elementor-top-column elementor-element elementor-element-cbdd002\" data-id=\"cbdd002\" data-element_type=\"column\">\n\t\t\t<div class=\"elementor-widget-wrap elementor-element-populated\">\n\t\t\t\t\t\t<section class=\"elementor-section elementor-inner-section elementor-element elementor-element-bc94849 elementor-section-boxed elementor-section-height-default elementor-section-height-default\" data-id=\"bc94849\" data-element_type=\"section\">\n\t\t\t\t\t\t<div class=\"elementor-container elementor-column-gap-default\">\n\t\t\t\t\t\t<\/div>\n\t\t<\/section>\n\t\t\t\t<section class=\"elementor-section elementor-inner-section elementor-element elementor-element-61571e6 elementor-section-boxed elementor-section-height-default elementor-section-height-default\" data-id=\"61571e6\" data-element_type=\"section\">\n\t\t\t\t\t\t<div class=\"elementor-container elementor-column-gap-default\">\n\t\t\t\t\t\t<\/div>\n\t\t<\/section>\n\t\t\t\t<section class=\"elementor-section elementor-inner-section elementor-element elementor-element-b6262e0 elementor-section-boxed elementor-section-height-default elementor-section-height-default\" data-id=\"b6262e0\" data-element_type=\"section\">\n\t\t\t\t\t\t<div class=\"elementor-container elementor-column-gap-default\">\n\t\t\t\t\t\t<\/div>\n\t\t<\/section>\n\t\t\t\t<section class=\"elementor-section elementor-inner-section elementor-element elementor-element-cca29fd elementor-section-boxed elementor-section-height-default elementor-section-height-default\" data-id=\"cca29fd\" data-element_type=\"section\">\n\t\t\t\t\t\t<div class=\"elementor-container elementor-column-gap-default\">\n\t\t\t\t\t\t<\/div>\n\t\t<\/section>\n\t\t\t\t\t<\/div>\n\t\t<\/div>\n\t\t\t\t\t<\/div>\n\t\t<\/section>\n\t\t\t\t<section class=\"elementor-section elementor-top-section elementor-element elementor-element-e011a0f elementor-section-boxed elementor-section-height-default elementor-section-height-default\" data-id=\"e011a0f\" data-element_type=\"section\">\n\t\t\t\t\t\t<div class=\"elementor-container elementor-column-gap-default\">\n\t\t\t\t\t<div class=\"elementor-column elementor-col-100 elementor-top-column elementor-element elementor-element-91c6ea5\" data-id=\"91c6ea5\" data-element_type=\"column\">\n\t\t\t<div class=\"elementor-widget-wrap elementor-element-populated\">\n\t\t\t\t\t\t<div class=\"elementor-element elementor-element-d6b77ee elementor-widget elementor-widget-text-editor\" data-id=\"d6b77ee\" data-element_type=\"widget\" data-widget_type=\"text-editor.default\">\n\t\t\t\t<div class=\"elementor-widget-container\">\n\t\t\t\t\t\t\t\t\t<p><span style=\"font-weight: 400;\">La 13\u1d49 R\u00e9union des Directeurs de l\u2019Aviation civile de l\u2019Am\u00e9rique du Nord, de l\u2019Am\u00e9rique centrale et de la Cara\u00efbe (<a href=\"https:\/\/antilla-martinique.com\/la-martinique-affirme-ses-ambitions-logistiques-sur-la-scene-caribeenne\/\" target=\"_blank\" rel=\"noopener nofollow\">OACI NACC\/DCA\/13<\/a>) a r\u00e9uni d\u00e9cideurs publics, responsables d\u2019autorit\u00e9s civiles et partenaires techniques pour dresser les priorit\u00e9s r\u00e9gionales en mati\u00e8re de s\u00e9curit\u00e9, d\u2019interop\u00e9rabilit\u00e9 et de connectivit\u00e9. Le rendez-vous s\u2019est tenu au Sheraton de Saint-Domingue, sous l\u2019\u00e9gide du bureau r\u00e9gional NACC de l\u2019Organisation de l\u2019aviation civile internationale et de l\u2019Institut dominicain de l\u2019aviation civile (IDAC).<\/span><\/p>\t\t\t\t\t\t\t\t<\/div>\n\t\t\t\t<\/div>\n\t\t\t\t<div class=\"elementor-element elementor-element-ae7422f elementor-widget elementor-widget-text-editor\" data-id=\"ae7422f\" data-element_type=\"widget\" data-widget_type=\"text-editor.default\">\n\t\t\t\t<div class=\"elementor-widget-container\">\n\t\t\t\t\t\t\t\t\t<p><span style=\"font-weight: 400;\">Au c\u0153ur des \u00e9changes, la <a href=\"https:\/\/richeskarayib.com\/fr\/sacem-professionnaliser-la-filiere-musicale\/\" target=\"_blank\" rel=\"noopener\">Collectivit\u00e9 Territoriale de Martinique<\/a> (CTM) a pr\u00e9sent\u00e9, par l\u2019interm\u00e9diaire de la Direction de la s\u00e9curit\u00e9 de l\u2019aviation civile Antilles-Guyane (DSAC-AG), deux chantiers structurants : la Premi\u00e8re Conf\u00e9rence de l\u2019a\u00e9rien en Martinique et le site pilote LAC eFTI4all. L\u2019objectif affich\u00e9 : renforcer les liaisons long-courriers et intra-r\u00e9gionales, optimiser le fret, acc\u00e9l\u00e9rer la d\u00e9mat\u00e9rialisation des flux d\u2019informations et inscrire le territoire dans une trajectoire d\u2019innovation au service de la Grande Cara\u00efbe, dans la continuit\u00e9 d\u2019<a href=\"https:\/\/www2023.icao.int\/NACC\/Pages\/meetings-2025-naccdca13.aspx\" target=\"_blank\" rel=\"noopener nofollow\">OACI NACC\/DCA\/13<\/a>.<\/span><\/p>\t\t\t\t\t\t\t\t<\/div>\n\t\t\t\t<\/div>\n\t\t\t\t\t<\/div>\n\t\t<\/div>\n\t\t\t\t\t<\/div>\n\t\t<\/section>\n\t\t\t\t<section class=\"elementor-section elementor-top-section elementor-element elementor-element-b53fa1e elementor-section-boxed elementor-section-height-default elementor-section-height-default\" data-id=\"b53fa1e\" data-element_type=\"section\">\n\t\t\t\t\t\t<div class=\"elementor-container elementor-column-gap-default\">\n\t\t\t\t\t<div class=\"elementor-column elementor-col-100 elementor-top-column elementor-element elementor-element-5786564\" data-id=\"5786564\" data-element_type=\"column\">\n\t\t\t<div class=\"elementor-widget-wrap elementor-element-populated\">\n\t\t\t\t\t\t<div class=\"elementor-element elementor-element-b23fa77 elementor-widget elementor-widget-heading\" data-id=\"b23fa77\" data-element_type=\"widget\" data-widget_type=\"heading.default\">\n\t\t\t\t<div class=\"elementor-widget-container\">\n\t\t\t\t\t<h2 class=\"elementor-heading-title elementor-size-default\">Une visibilit\u00e9 assum\u00e9e dans un forum strat\u00e9gique<\/h2>\t\t\t\t<\/div>\n\t\t\t\t<\/div>\n\t\t\t\t<div class=\"elementor-element elementor-element-3fc4940 elementor-widget elementor-widget-text-editor\" data-id=\"3fc4940\" data-element_type=\"widget\" data-widget_type=\"text-editor.default\">\n\t\t\t\t<div class=\"elementor-widget-container\">\n\t\t\t\t\t\t\t\t\t<p><span style=\"font-weight: 400;\">Le format OACI NACC\/DCA\/13 est un rendez-vous op\u00e9rationnel majeur pour les autorit\u00e9s civiles de la zone : ordre du jour, sessions techniques et ateliers de planification visent \u00e0 partager retours d\u2019exp\u00e9rience et feuilles de route communes. Sa tenue du 4 au 7 ao\u00fbt 2025 confirme l\u2019importance de ce forum pour les \u00c9tats et territoires membres.<\/span><\/p>\t\t\t\t\t\t\t\t<\/div>\n\t\t\t\t<\/div>\n\t\t\t\t<div class=\"elementor-element elementor-element-53876f0 elementor-widget elementor-widget-text-editor\" data-id=\"53876f0\" data-element_type=\"widget\" data-widget_type=\"text-editor.default\">\n\t\t\t\t<div class=\"elementor-widget-container\">\n\t\t\t\t\t\t\t\t\t<p><span style=\"font-weight: 400;\">Dans ce contexte, la Martinique s\u2019appuie sur la DSAC Antilles-Guyane \u2014 autorit\u00e9 comp\u00e9tente pour la Martinique, la Guadeloupe, la Guyane, Saint-Barth\u00e9lemy et Saint-Martin \u2014 pour porter ses priorit\u00e9s : s\u00fbret\u00e9, qualit\u00e9 du service, fluidit\u00e9 des op\u00e9rations au sol et en vol, articulation avec les infrastructures portuaires et logistiques, en coh\u00e9rence avec les engagements rappel\u00e9s \u00e0 OACI NACC\/DCA\/13.<\/span><\/p>\t\t\t\t\t\t\t\t<\/div>\n\t\t\t\t<\/div>\n\t\t\t\t<section class=\"elementor-section elementor-inner-section elementor-element elementor-element-c42fa26 elementor-section-boxed elementor-section-height-default elementor-section-height-default\" data-id=\"c42fa26\" data-element_type=\"section\">\n\t\t\t\t\t\t<div class=\"elementor-container elementor-column-gap-default\">\n\t\t\t\t\t<div class=\"elementor-column elementor-col-50 elementor-inner-column elementor-element elementor-element-6b5522f\" data-id=\"6b5522f\" data-element_type=\"column\">\n\t\t\t<div class=\"elementor-widget-wrap elementor-element-populated\">\n\t\t\t\t\t\t<div class=\"elementor-element elementor-element-65424c5 elementor-widget elementor-widget-image\" data-id=\"65424c5\" data-element_type=\"widget\" data-widget_type=\"image.default\">\n\t\t\t\t<div class=\"elementor-widget-container\">\n\t\t\t\t\t\t\t\t\t\t\t\t\t\t\t<img fetchpriority=\"high\" decoding=\"async\" width=\"800\" height=\"534\" src=\"https:\/\/richeskarayib.com\/wp-content\/uploads\/2025\/08\/3A5A0042-1-1024x683.jpg\" class=\"attachment-large size-large wp-image-58425\" alt=\"OACI NACC\/DCA\/13\" srcset=\"https:\/\/richeskarayib.com\/wp-content\/uploads\/2025\/08\/3A5A0042-1-1024x683.jpg 1024w, https:\/\/richeskarayib.com\/wp-content\/uploads\/2025\/08\/3A5A0042-1-300x200.jpg 300w, https:\/\/richeskarayib.com\/wp-content\/uploads\/2025\/08\/3A5A0042-1-768x512.jpg 768w, https:\/\/richeskarayib.com\/wp-content\/uploads\/2025\/08\/3A5A0042-1-1536x1024.jpg 1536w, https:\/\/richeskarayib.com\/wp-content\/uploads\/2025\/08\/3A5A0042-1-1320x880.jpg 1320w, https:\/\/richeskarayib.com\/wp-content\/uploads\/2025\/08\/3A5A0042-1.jpg 1920w\" sizes=\"(max-width: 800px) 100vw, 800px\" \/>\t\t\t\t\t\t\t\t\t\t\t\t\t\t\t<\/div>\n\t\t\t\t<\/div>\n\t\t\t\t\t<\/div>\n\t\t<\/div>\n\t\t\t\t<div class=\"elementor-column elementor-col-50 elementor-inner-column elementor-element elementor-element-ece4738\" data-id=\"ece4738\" data-element_type=\"column\">\n\t\t\t<div class=\"elementor-widget-wrap elementor-element-populated\">\n\t\t\t\t\t\t<div class=\"elementor-element elementor-element-329e8ea elementor-widget elementor-widget-image\" data-id=\"329e8ea\" data-element_type=\"widget\" data-widget_type=\"image.default\">\n\t\t\t\t<div class=\"elementor-widget-container\">\n\t\t\t\t\t\t\t\t\t\t\t\t\t\t\t<img decoding=\"async\" width=\"800\" height=\"534\" src=\"https:\/\/richeskarayib.com\/wp-content\/uploads\/2025\/08\/IMG-20250805-WA0553-1024x683.jpg\" class=\"attachment-large size-large wp-image-58429\" alt=\"OACI NACC\/DCA\/13\" srcset=\"https:\/\/richeskarayib.com\/wp-content\/uploads\/2025\/08\/IMG-20250805-WA0553-1024x683.jpg 1024w, https:\/\/richeskarayib.com\/wp-content\/uploads\/2025\/08\/IMG-20250805-WA0553-300x200.jpg 300w, https:\/\/richeskarayib.com\/wp-content\/uploads\/2025\/08\/IMG-20250805-WA0553-768x512.jpg 768w, https:\/\/richeskarayib.com\/wp-content\/uploads\/2025\/08\/IMG-20250805-WA0553-1536x1025.jpg 1536w, https:\/\/richeskarayib.com\/wp-content\/uploads\/2025\/08\/IMG-20250805-WA0553-1320x881.jpg 1320w, https:\/\/richeskarayib.com\/wp-content\/uploads\/2025\/08\/IMG-20250805-WA0553.jpg 1920w\" sizes=\"(max-width: 800px) 100vw, 800px\" \/>\t\t\t\t\t\t\t\t\t\t\t\t\t\t\t<\/div>\n\t\t\t\t<\/div>\n\t\t\t\t\t<\/div>\n\t\t<\/div>\n\t\t\t\t\t<\/div>\n\t\t<\/section>\n\t\t\t\t\t<\/div>\n\t\t<\/div>\n\t\t\t\t\t<\/div>\n\t\t<\/section>\n\t\t\t\t<section class=\"elementor-section elementor-top-section elementor-element elementor-element-51a27bd elementor-section-boxed elementor-section-height-default elementor-section-height-default\" data-id=\"51a27bd\" data-element_type=\"section\">\n\t\t\t\t\t\t<div class=\"elementor-container elementor-column-gap-default\">\n\t\t\t\t\t<div class=\"elementor-column elementor-col-100 elementor-top-column elementor-element elementor-element-b5ad517\" data-id=\"b5ad517\" data-element_type=\"column\">\n\t\t\t<div class=\"elementor-widget-wrap elementor-element-populated\">\n\t\t\t\t\t\t<div class=\"elementor-element elementor-element-6b269d1 elementor-widget elementor-widget-heading\" data-id=\"6b269d1\" data-element_type=\"widget\" data-widget_type=\"heading.default\">\n\t\t\t\t<div class=\"elementor-widget-container\">\n\t\t\t\t\t<h2 class=\"elementor-heading-title elementor-size-default\">Deux annonces structurantes<\/h2>\t\t\t\t<\/div>\n\t\t\t\t<\/div>\n\t\t\t\t<div class=\"elementor-element elementor-element-5e0d570 elementor-widget elementor-widget-text-editor\" data-id=\"5e0d570\" data-element_type=\"widget\" data-widget_type=\"text-editor.default\">\n\t\t\t\t<div class=\"elementor-widget-container\">\n\t\t\t\t\t\t\t\t\t<p><span style=\"font-weight: 400;\">Cette double annonce s\u2019inscrit dans la feuille de route discut\u00e9e \u00e0 OACI NACC\/DCA\/13 et port\u00e9e par la Commission Strat\u00e9gie logistique du territoire, pr\u00e9sid\u00e9e par Sandra Casanova sous l\u2019impulsion du pr\u00e9sident du Conseil ex\u00e9cutif Serge Letchimy.<\/span><\/p>\t\t\t\t\t\t\t\t<\/div>\n\t\t\t\t<\/div>\n\t\t\t\t<div class=\"elementor-element elementor-element-3e50e0c elementor-widget elementor-widget-text-editor\" data-id=\"3e50e0c\" data-element_type=\"widget\" data-widget_type=\"text-editor.default\">\n\t\t\t\t<div class=\"elementor-widget-container\">\n\t\t\t\t\t\t\t\t\t<h3><span style=\"font-weight: 400;\">1) <\/span><b>Premi\u00e8re Conf\u00e9rence de l\u2019a\u00e9rien en Martinique<\/b><\/h3><p><span style=\"font-weight: 400;\">Pens\u00e9e comme un rendez-vous de travail associant compagnies, gestionnaires d\u2019infrastructures, op\u00e9rateurs de services et acteurs institutionnels, la conf\u00e9rence vise trois r\u00e9sultats :<\/span><\/p><ul><li style=\"font-weight: 400;\" aria-level=\"1\"><span style=\"font-weight: 400;\">\u2705Renforcer les liaisons (long-courriers et intra-r\u00e9gionales) afin d\u2019am\u00e9liorer la desserte, r\u00e9duire la d\u00e9pendance \u00e0 quelques hubs et s\u00e9curiser la continuit\u00e9 territoriale ;<\/span><\/li><li style=\"font-weight: 400;\" aria-level=\"1\"><span style=\"font-weight: 400;\">\u2705Am\u00e9liorer la capacit\u00e9 fret, facteur d\u00e9cisif pour la comp\u00e9titivit\u00e9 des fili\u00e8res exportatrices et l\u2019approvisionnement des march\u00e9s insulaires ;<\/span><\/li><li style=\"font-weight: 400;\" aria-level=\"1\"><span style=\"font-weight: 400;\">\u2705Acc\u00e9l\u00e9rer l\u2019innovation (\u00e9quipements et proc\u00e9dures), avec un accent sur l\u2019efficacit\u00e9 \u00e9nerg\u00e9tique et la performance op\u00e9rationnelle.<\/span><\/li><\/ul><p><span style=\"font-weight: 400;\">Cette conf\u00e9rence se veut un catalyseur pour positionner la Martinique comme un acteur cl\u00e9 dans le r\u00e9seau a\u00e9rien r\u00e9gional et transatlantique.<\/span><\/p>\t\t\t\t\t\t\t\t<\/div>\n\t\t\t\t<\/div>\n\t\t\t\t<div class=\"elementor-element elementor-element-262e6c3 elementor-widget elementor-widget-text-editor\" data-id=\"262e6c3\" data-element_type=\"widget\" data-widget_type=\"text-editor.default\">\n\t\t\t\t<div class=\"elementor-widget-container\">\n\t\t\t\t\t\t\t\t\t<h3><span style=\"font-weight: 400;\">2) <\/span><b>Site pilote LAC eFTI4all<\/b><\/h3><p><span style=\"font-weight: 400;\">Le deuxi\u00e8me axe est num\u00e9rique : la Martinique sert de site pilote pour eFTI4all, projet europ\u00e9en qui met en \u0153uvre le r\u00e8glement eFTI (UE 2020\/1056) et vise la d\u00e9mat\u00e9rialisation des documents de transport. Concr\u00e8tement, il s\u2019agit de rendre interop\u00e9rables et juridiquement fiables les \u00e9changes d\u2019informations (exp\u00e9ditions, formalit\u00e9s, contr\u00f4les) entre entreprises et autorit\u00e9s, du premier kilom\u00e8tre au dernier. \u00c0 l\u2019\u00e9chelle des corridors Europe-Cara\u00efbe, la r\u00e9duction des d\u00e9lais, des erreurs et des co\u00fbts administratifs constitue un gain direct pour les entreprises et pour les administrations de contr\u00f4le.<\/span><\/p>\t\t\t\t\t\t\t\t<\/div>\n\t\t\t\t<\/div>\n\t\t\t\t\t<\/div>\n\t\t<\/div>\n\t\t\t\t\t<\/div>\n\t\t<\/section>\n\t\t\t\t<section class=\"elementor-section elementor-top-section elementor-element elementor-element-5214e28 elementor-section-boxed elementor-section-height-default elementor-section-height-default\" data-id=\"5214e28\" data-element_type=\"section\">\n\t\t\t\t\t\t<div class=\"elementor-container elementor-column-gap-default\">\n\t\t\t\t\t<div class=\"elementor-column elementor-col-100 elementor-top-column elementor-element elementor-element-dade06d\" data-id=\"dade06d\" data-element_type=\"column\">\n\t\t\t<div class=\"elementor-widget-wrap elementor-element-populated\">\n\t\t\t\t\t\t<div class=\"elementor-element elementor-element-d1b711d elementor-widget elementor-widget-heading\" data-id=\"d1b711d\" data-element_type=\"widget\" data-widget_type=\"heading.default\">\n\t\t\t\t<div class=\"elementor-widget-container\">\n\t\t\t\t\t<h2 class=\"elementor-heading-title elementor-size-default\">Pourquoi est-ce que c\u2019est d\u00e9terminant pour la Grande Cara\u00efbe ?<\/h2>\t\t\t\t<\/div>\n\t\t\t\t<\/div>\n\t\t\t\t<div class=\"elementor-element elementor-element-a454b32 elementor-widget elementor-widget-text-editor\" data-id=\"a454b32\" data-element_type=\"widget\" data-widget_type=\"text-editor.default\">\n\t\t\t\t<div class=\"elementor-widget-container\">\n\t\t\t\t\t\t\t\t\t<p><span style=\"font-weight: 400;\">L\u2019\u00e9conomie r\u00e9gionale repose sur une cha\u00eene logistique o\u00f9 a\u00e9rien et maritime se compl\u00e8tent. En standardisant les donn\u00e9es et en fiabilisant leur circulation, la d\u00e9marche port\u00e9e \u00e0 OACI NACC\/DCA\/13 permet d\u2019anticiper les ruptures de charge, d\u2019am\u00e9liorer la pr\u00e9visibilit\u00e9 des op\u00e9rations et de gagner des jours sur certains flux sensibles (pi\u00e8ces d\u00e9tach\u00e9es, produits de sant\u00e9, haute valeur). Pour les compagnies et les transitaires, l\u2019enjeu n\u2019est pas uniquement technologique : c\u2019est une question de comp\u00e9titivit\u00e9 et de r\u00e9silience face aux al\u00e9as climatiques, aux pics de demande et aux contraintes r\u00e9glementaires.<\/span><\/p>\t\t\t\t\t\t\t\t<\/div>\n\t\t\t\t<\/div>\n\t\t\t\t<div class=\"elementor-element elementor-element-e5e642b elementor-widget elementor-widget-text-editor\" data-id=\"e5e642b\" data-element_type=\"widget\" data-widget_type=\"text-editor.default\">\n\t\t\t\t<div class=\"elementor-widget-container\">\n\t\t\t\t\t\t\t\t\t<p><span style=\"font-weight: 400;\">C\u00f4t\u00e9 passagers, la conf\u00e9rence annonc\u00e9e en <a href=\"https:\/\/richeskarayib.com\/fr\/karline-guillaume-ladies-break-festival\/\" target=\"_blank\" rel=\"noopener\">Martinique<\/a> doit aider \u00e0 structurer des liaisons plus r\u00e9guli\u00e8res et mieux coordonn\u00e9es entre \u00eeles et grands a\u00e9roports continentaux. La qualit\u00e9 de service d\u00e9pend autant des capacit\u00e9s en piste et des salles d\u2019embarquement que des proc\u00e9dures et de la qualit\u00e9 des donn\u00e9es transmises en amont. L\u2019arrimage entre r\u00e9flexion strat\u00e9gique et mises \u00e0 l\u2019\u00e9chelle concr\u00e8tes (slots, maintenance, handling, s\u00fbret\u00e9) sera donc observ\u00e9 de pr\u00e8s par l\u2019ensemble des op\u00e9rateurs.<\/span><\/p>\t\t\t\t\t\t\t\t<\/div>\n\t\t\t\t<\/div>\n\t\t\t\t<section class=\"elementor-section elementor-inner-section elementor-element elementor-element-f56cab2 elementor-section-boxed elementor-section-height-default elementor-section-height-default\" data-id=\"f56cab2\" data-element_type=\"section\">\n\t\t\t\t\t\t<div class=\"elementor-container elementor-column-gap-default\">\n\t\t\t\t\t<div class=\"elementor-column elementor-col-50 elementor-inner-column elementor-element elementor-element-a5cbbb6\" data-id=\"a5cbbb6\" data-element_type=\"column\">\n\t\t\t<div class=\"elementor-widget-wrap elementor-element-populated\">\n\t\t\t\t\t\t<div class=\"elementor-element elementor-element-b3bc586 elementor-widget elementor-widget-image\" data-id=\"b3bc586\" data-element_type=\"widget\" data-widget_type=\"image.default\">\n\t\t\t\t<div class=\"elementor-widget-container\">\n\t\t\t\t\t\t\t\t\t\t\t\t\t\t\t<img decoding=\"async\" width=\"800\" height=\"534\" src=\"https:\/\/richeskarayib.com\/wp-content\/uploads\/2025\/08\/3A5A9939-1-1024x683.jpg\" class=\"attachment-large size-large wp-image-58433\" alt=\"OACI NACC\/DCA\/13\" srcset=\"https:\/\/richeskarayib.com\/wp-content\/uploads\/2025\/08\/3A5A9939-1-1024x683.jpg 1024w, https:\/\/richeskarayib.com\/wp-content\/uploads\/2025\/08\/3A5A9939-1-300x200.jpg 300w, https:\/\/richeskarayib.com\/wp-content\/uploads\/2025\/08\/3A5A9939-1-768x512.jpg 768w, https:\/\/richeskarayib.com\/wp-content\/uploads\/2025\/08\/3A5A9939-1-1536x1024.jpg 1536w, https:\/\/richeskarayib.com\/wp-content\/uploads\/2025\/08\/3A5A9939-1-1320x880.jpg 1320w, https:\/\/richeskarayib.com\/wp-content\/uploads\/2025\/08\/3A5A9939-1.jpg 1920w\" sizes=\"(max-width: 800px) 100vw, 800px\" \/>\t\t\t\t\t\t\t\t\t\t\t\t\t\t\t<\/div>\n\t\t\t\t<\/div>\n\t\t\t\t\t<\/div>\n\t\t<\/div>\n\t\t\t\t<div class=\"elementor-column elementor-col-50 elementor-inner-column elementor-element elementor-element-27de965\" data-id=\"27de965\" data-element_type=\"column\">\n\t\t\t<div class=\"elementor-widget-wrap elementor-element-populated\">\n\t\t\t\t\t\t<div class=\"elementor-element elementor-element-8f29db4 elementor-widget elementor-widget-image\" data-id=\"8f29db4\" data-element_type=\"widget\" data-widget_type=\"image.default\">\n\t\t\t\t<div class=\"elementor-widget-container\">\n\t\t\t\t\t\t\t\t\t\t\t\t\t\t\t<img loading=\"lazy\" decoding=\"async\" width=\"800\" height=\"534\" src=\"https:\/\/richeskarayib.com\/wp-content\/uploads\/2025\/08\/IMG-20250805-WA0501-1024x683.jpg\" class=\"attachment-large size-large wp-image-58437\" alt=\"OACI NACC\/DCA\/13\" srcset=\"https:\/\/richeskarayib.com\/wp-content\/uploads\/2025\/08\/IMG-20250805-WA0501-1024x683.jpg 1024w, https:\/\/richeskarayib.com\/wp-content\/uploads\/2025\/08\/IMG-20250805-WA0501-300x200.jpg 300w, https:\/\/richeskarayib.com\/wp-content\/uploads\/2025\/08\/IMG-20250805-WA0501-768x512.jpg 768w, https:\/\/richeskarayib.com\/wp-content\/uploads\/2025\/08\/IMG-20250805-WA0501-1536x1024.jpg 1536w, https:\/\/richeskarayib.com\/wp-content\/uploads\/2025\/08\/IMG-20250805-WA0501-1320x880.jpg 1320w, https:\/\/richeskarayib.com\/wp-content\/uploads\/2025\/08\/IMG-20250805-WA0501.jpg 1920w\" sizes=\"(max-width: 800px) 100vw, 800px\" \/>\t\t\t\t\t\t\t\t\t\t\t\t\t\t\t<\/div>\n\t\t\t\t<\/div>\n\t\t\t\t\t<\/div>\n\t\t<\/div>\n\t\t\t\t\t<\/div>\n\t\t<\/section>\n\t\t\t\t\t<\/div>\n\t\t<\/div>\n\t\t\t\t\t<\/div>\n\t\t<\/section>\n\t\t\t\t<section class=\"elementor-section elementor-top-section elementor-element elementor-element-6f34adc elementor-section-boxed elementor-section-height-default elementor-section-height-default\" data-id=\"6f34adc\" data-element_type=\"section\">\n\t\t\t\t\t\t<div class=\"elementor-container elementor-column-gap-default\">\n\t\t\t\t\t<div class=\"elementor-column elementor-col-100 elementor-top-column elementor-element elementor-element-787608c\" data-id=\"787608c\" data-element_type=\"column\">\n\t\t\t<div class=\"elementor-widget-wrap elementor-element-populated\">\n\t\t\t\t\t\t<div class=\"elementor-element elementor-element-d1b2db8 elementor-widget elementor-widget-heading\" data-id=\"d1b2db8\" data-element_type=\"widget\" data-widget_type=\"heading.default\">\n\t\t\t\t<div class=\"elementor-widget-container\">\n\t\t\t\t\t<h2 class=\"elementor-heading-title elementor-size-default\">Gouvernance et coop\u00e9ration\n<\/h2>\t\t\t\t<\/div>\n\t\t\t\t<\/div>\n\t\t\t\t<div class=\"elementor-element elementor-element-c5c79cd elementor-widget elementor-widget-text-editor\" data-id=\"c5c79cd\" data-element_type=\"widget\" data-widget_type=\"text-editor.default\">\n\t\t\t\t<div class=\"elementor-widget-container\">\n\t\t\t\t\t\t\t\t\t<p><span style=\"font-weight: 400;\">La d\u00e9marche martiniquaise repose sur une gouvernance claire : la CTM fixe le cap, la Commission Strat\u00e9gie logistique en assure la coordination, et la DSAC-AG garantit l\u2019alignement avec les exigences de s\u00e9curit\u00e9 et de conformit\u00e9. Ce triptyque politique-op\u00e9rationnel-r\u00e9glementaire, pr\u00e9sent\u00e9 \u00e0 OACI NACC\/DCA\/13, est indispensable pour passer des annonces aux r\u00e9alisations.<\/span><\/p>\t\t\t\t\t\t\t\t<\/div>\n\t\t\t\t<\/div>\n\t\t\t\t<section class=\"elementor-section elementor-inner-section elementor-element elementor-element-d173c93 elementor-section-boxed elementor-section-height-default elementor-section-height-default\" data-id=\"d173c93\" data-element_type=\"section\">\n\t\t\t\t\t\t<div class=\"elementor-container elementor-column-gap-default\">\n\t\t\t\t\t<div class=\"elementor-column elementor-col-50 elementor-inner-column elementor-element elementor-element-52bde7e\" data-id=\"52bde7e\" data-element_type=\"column\">\n\t\t\t<div class=\"elementor-widget-wrap elementor-element-populated\">\n\t\t\t\t\t\t<div class=\"elementor-element elementor-element-fe9296f elementor-widget elementor-widget-image\" data-id=\"fe9296f\" data-element_type=\"widget\" data-widget_type=\"image.default\">\n\t\t\t\t<div class=\"elementor-widget-container\">\n\t\t\t\t\t\t\t\t\t\t\t\t\t\t\t<img loading=\"lazy\" decoding=\"async\" width=\"800\" height=\"534\" src=\"https:\/\/richeskarayib.com\/wp-content\/uploads\/2025\/08\/IMG-20250805-WA0546-1024x683.jpg\" class=\"attachment-large size-large wp-image-58417\" alt=\"OACI NACC\/DCA\/13\" srcset=\"https:\/\/richeskarayib.com\/wp-content\/uploads\/2025\/08\/IMG-20250805-WA0546-1024x683.jpg 1024w, https:\/\/richeskarayib.com\/wp-content\/uploads\/2025\/08\/IMG-20250805-WA0546-300x200.jpg 300w, https:\/\/richeskarayib.com\/wp-content\/uploads\/2025\/08\/IMG-20250805-WA0546-768x512.jpg 768w, https:\/\/richeskarayib.com\/wp-content\/uploads\/2025\/08\/IMG-20250805-WA0546-1536x1025.jpg 1536w, https:\/\/richeskarayib.com\/wp-content\/uploads\/2025\/08\/IMG-20250805-WA0546-1320x881.jpg 1320w, https:\/\/richeskarayib.com\/wp-content\/uploads\/2025\/08\/IMG-20250805-WA0546.jpg 1920w\" sizes=\"(max-width: 800px) 100vw, 800px\" \/>\t\t\t\t\t\t\t\t\t\t\t\t\t\t\t<\/div>\n\t\t\t\t<\/div>\n\t\t\t\t\t<\/div>\n\t\t<\/div>\n\t\t\t\t<div class=\"elementor-column elementor-col-50 elementor-inner-column elementor-element elementor-element-cb7024c\" data-id=\"cb7024c\" data-element_type=\"column\">\n\t\t\t<div class=\"elementor-widget-wrap elementor-element-populated\">\n\t\t\t\t\t\t<div class=\"elementor-element elementor-element-e15e6ba elementor-widget elementor-widget-image\" data-id=\"e15e6ba\" data-element_type=\"widget\" data-widget_type=\"image.default\">\n\t\t\t\t<div class=\"elementor-widget-container\">\n\t\t\t\t\t\t\t\t\t\t\t\t\t\t\t<img loading=\"lazy\" decoding=\"async\" width=\"800\" height=\"533\" src=\"https:\/\/richeskarayib.com\/wp-content\/uploads\/2025\/08\/IMG-20250805-WA0413-1024x682.jpg\" class=\"attachment-large size-large wp-image-58421\" alt=\"OACI NACC\/DCA\/13\" srcset=\"https:\/\/richeskarayib.com\/wp-content\/uploads\/2025\/08\/IMG-20250805-WA0413-1024x682.jpg 1024w, https:\/\/richeskarayib.com\/wp-content\/uploads\/2025\/08\/IMG-20250805-WA0413-300x200.jpg 300w, https:\/\/richeskarayib.com\/wp-content\/uploads\/2025\/08\/IMG-20250805-WA0413-768x512.jpg 768w, https:\/\/richeskarayib.com\/wp-content\/uploads\/2025\/08\/IMG-20250805-WA0413-1536x1023.jpg 1536w, https:\/\/richeskarayib.com\/wp-content\/uploads\/2025\/08\/IMG-20250805-WA0413-1320x879.jpg 1320w, https:\/\/richeskarayib.com\/wp-content\/uploads\/2025\/08\/IMG-20250805-WA0413.jpg 1600w\" sizes=\"(max-width: 800px) 100vw, 800px\" \/>\t\t\t\t\t\t\t\t\t\t\t\t\t\t\t<\/div>\n\t\t\t\t<\/div>\n\t\t\t\t\t<\/div>\n\t\t<\/div>\n\t\t\t\t\t<\/div>\n\t\t<\/section>\n\t\t\t\t\t<\/div>\n\t\t<\/div>\n\t\t\t\t\t<\/div>\n\t\t<\/section>\n\t\t\t\t<section class=\"elementor-section elementor-top-section elementor-element elementor-element-8de9f52 elementor-section-boxed elementor-section-height-default elementor-section-height-default\" data-id=\"8de9f52\" data-element_type=\"section\">\n\t\t\t\t\t\t<div class=\"elementor-container elementor-column-gap-default\">\n\t\t\t\t\t<div class=\"elementor-column elementor-col-100 elementor-top-column elementor-element elementor-element-8f9bab8\" data-id=\"8f9bab8\" data-element_type=\"column\">\n\t\t\t<div class=\"elementor-widget-wrap elementor-element-populated\">\n\t\t\t\t\t\t<div class=\"elementor-element elementor-element-f50449e elementor-widget elementor-widget-heading\" data-id=\"f50449e\" data-element_type=\"widget\" data-widget_type=\"heading.default\">\n\t\t\t\t<div class=\"elementor-widget-container\">\n\t\t\t\t\t<h2 class=\"elementor-heading-title elementor-size-default\">Prochaines \u00e9tapes<\/h2>\t\t\t\t<\/div>\n\t\t\t\t<\/div>\n\t\t\t\t<div class=\"elementor-element elementor-element-a437d5b elementor-widget elementor-widget-text-editor\" data-id=\"a437d5b\" data-element_type=\"widget\" data-widget_type=\"text-editor.default\">\n\t\t\t\t<div class=\"elementor-widget-container\">\n\t\t\t\t\t\t\t\t\t<ul><li style=\"font-weight: 400;\" aria-level=\"1\"><span style=\"font-weight: 400;\">\ud83d\udd1c Calendrier op\u00e9rationnel : publication du programme d\u00e9taill\u00e9 de la Premi\u00e8re Conf\u00e9rence de l\u2019a\u00e9rien en Martinique (format, intervenants, livrables attendus) et articulation avec les axes de travail d\u00e9finis par OACI NACC\/DCA\/13.<\/span><\/li><li style=\"font-weight: 400;\" aria-level=\"1\"><span style=\"font-weight: 400;\">\ud83d\udd1c eFTI4all : consolidation des cas d\u2019usage dans la zone LAC (Latin America &amp; Caribbean) et mise \u00e0 disposition d\u2019outils pour les entreprises (interfaces, r\u00e9f\u00e9rentiels d\u2019\u00e9change, guides de conformit\u00e9).<\/span><\/li><li style=\"font-weight: 400;\" aria-level=\"1\"><span style=\"font-weight: 400;\">\ud83d\udd1c Partenariats : mobilisation des compagnies a\u00e9riennes, op\u00e9rateurs portuaires, logisticiens, centres de recherche et administrations pour tester, \u00e9valuer et d\u00e9ployer des solutions communes \u2014 avec la Martinique comme t\u00eate de pont.<\/span><\/li><\/ul>\t\t\t\t\t\t\t\t<\/div>\n\t\t\t\t<\/div>\n\t\t\t\t\t<\/div>\n\t\t<\/div>\n\t\t\t\t\t<\/div>\n\t\t<\/section>\n\t\t\t\t<section class=\"elementor-section elementor-top-section elementor-element elementor-element-59462f9 elementor-section-boxed elementor-section-height-default elementor-section-height-default\" data-id=\"59462f9\" data-element_type=\"section\">\n\t\t\t\t\t\t<div class=\"elementor-container elementor-column-gap-default\">\n\t\t\t\t\t<div class=\"elementor-column elementor-col-100 elementor-top-column elementor-element elementor-element-f03a771\" data-id=\"f03a771\" data-element_type=\"column\">\n\t\t\t<div class=\"elementor-widget-wrap elementor-element-populated\">\n\t\t\t\t\t\t<div class=\"elementor-element elementor-element-f608036 elementor-widget elementor-widget-text-editor\" data-id=\"f608036\" data-element_type=\"widget\" data-widget_type=\"text-editor.default\">\n\t\t\t\t<div class=\"elementor-widget-container\">\n\t\t\t\t\t\t\t\t\t<p><span style=\"font-weight: 400;\">La participation active de la Martinique \u00e0 OACI NACC\/DCA\/13 ne rel\u00e8ve pas d\u2019une simple pr\u00e9sence institutionnelle : elle formalise un cap o\u00f9 la connectivit\u00e9, le fret et la donn\u00e9e fiable se rejoignent. La Premi\u00e8re Conf\u00e9rence de l\u2019a\u00e9rien en Martinique vise \u00e0 organiser la mont\u00e9e en puissance des liaisons r\u00e9gionales et des capacit\u00e9s, tandis que eFTI4all apporte l\u2019infrastructure num\u00e9rique n\u00e9cessaire pour fluidifier et s\u00e9curiser les \u00e9changes. \u00c0 l\u2019\u00e9chelle carib\u00e9enne, l\u2019enjeu est clair : gagner en performance sans transiger sur la s\u00e9curit\u00e9 ni sur la transparence des op\u00e9rations.<\/span><\/p>\t\t\t\t\t\t\t\t<\/div>\n\t\t\t\t<\/div>\n\t\t\t\t\t<\/div>\n\t\t<\/div>\n\t\t\t\t\t<\/div>\n\t\t<\/section>\n\t\t\t\t<\/div>\n\t\t","protected":false},"excerpt":{"rendered":"<p>La 13\u1d49 R\u00e9union des Directeurs de l\u2019Aviation civile de l\u2019Am\u00e9rique du Nord, de l\u2019Am\u00e9rique centrale et de la Cara\u00efbe (OACI NACC\/DCA\/13) a r\u00e9uni d\u00e9cideurs publics, responsables d\u2019autorit\u00e9s civiles et partenaires techniques pour dresser les priorit\u00e9s r\u00e9gionales en mati\u00e8re de s\u00e9curit\u00e9, d\u2019interop\u00e9rabilit\u00e9 et de connectivit\u00e9. Le rendez-vous s\u2019est tenu au Sheraton de Saint-Domingue, sous l\u2019\u00e9gide du [&hellip;]<\/p>\n","protected":false},"author":662,"featured_media":58413,"comment_status":"open","ping_status":"open","sticky":false,"template":"","format":"standard","meta":{"_acf_changed":false,"footnotes":""},"categories":[1765],"tags":[808,1482],"class_list":["post-58412","post","type-post","status-publish","format-standard","has-post-thumbnail","hentry","category-aerien","tag-martinique-fr","tag-republique-dominicaine"],"acf":[],"_links":{"self":[{"href":"https:\/\/richeskarayib.com\/fr\/wp-json\/wp\/v2\/posts\/58412","targetHints":{"allow":["GET"]}}],"collection":[{"href":"https:\/\/richeskarayib.com\/fr\/wp-json\/wp\/v2\/posts"}],"about":[{"href":"https:\/\/richeskarayib.com\/fr\/wp-json\/wp\/v2\/types\/post"}],"author":[{"embeddable":true,"href":"https:\/\/richeskarayib.com\/fr\/wp-json\/wp\/v2\/users\/662"}],"replies":[{"embeddable":true,"href":"https:\/\/richeskarayib.com\/fr\/wp-json\/wp\/v2\/comments?post=58412"}],"version-history":[{"count":0,"href":"https:\/\/richeskarayib.com\/fr\/wp-json\/wp\/v2\/posts\/58412\/revisions"}],"wp:featuredmedia":[{"embeddable":true,"href":"https:\/\/richeskarayib.com\/fr\/wp-json\/wp\/v2\/media\/58413"}],"wp:attachment":[{"href":"https:\/\/richeskarayib.com\/fr\/wp-json\/wp\/v2\/media?parent=58412"}],"wp:term":[{"taxonomy":"category","embeddable":true,"href":"https:\/\/richeskarayib.com\/fr\/wp-json\/wp\/v2\/categories?post=58412"},{"taxonomy":"post_tag","embeddable":true,"href":"https:\/\/richeskarayib.com\/fr\/wp-json\/wp\/v2\/tags?post=58412"}],"curies":[{"name":"wp","href":"https:\/\/api.w.org\/{rel}","templated":true}]}}