{"id":58629,"date":"2025-08-20T09:44:35","date_gmt":"2025-08-20T13:44:35","guid":{"rendered":"https:\/\/richeskarayib.com\/?p=58629"},"modified":"2025-08-20T09:44:35","modified_gmt":"2025-08-20T13:44:35","slug":"aifm-acteur-central-gestion-des-fonds-marins","status":"publish","type":"post","link":"https:\/\/richeskarayib.com\/fr\/aifm-acteur-central-gestion-des-fonds-marins\/","title":{"rendered":"Jama\u00efque &#8211; L\u2019AIFM, un acteur central de la gestion des fonds marins"},"content":{"rendered":"\t\t<div data-elementor-type=\"wp-post\" data-elementor-id=\"58629\" class=\"elementor elementor-58629\" data-elementor-post-type=\"post\">\n\t\t\t\t\t\t<section class=\"elementor-section elementor-top-section elementor-element elementor-element-7ca7ca1 elementor-section-boxed elementor-section-height-default elementor-section-height-default\" data-id=\"7ca7ca1\" data-element_type=\"section\">\n\t\t\t\t\t\t<div class=\"elementor-container elementor-column-gap-default\">\n\t\t\t\t\t<div class=\"elementor-column elementor-col-100 elementor-top-column elementor-element elementor-element-cbdd002\" data-id=\"cbdd002\" data-element_type=\"column\">\n\t\t\t<div class=\"elementor-widget-wrap elementor-element-populated\">\n\t\t\t\t\t\t<section class=\"elementor-section elementor-inner-section elementor-element elementor-element-bc94849 elementor-section-boxed elementor-section-height-default elementor-section-height-default\" data-id=\"bc94849\" data-element_type=\"section\">\n\t\t\t\t\t\t<div class=\"elementor-container elementor-column-gap-default\">\n\t\t\t\t\t\t<\/div>\n\t\t<\/section>\n\t\t\t\t<section class=\"elementor-section elementor-inner-section elementor-element elementor-element-61571e6 elementor-section-boxed elementor-section-height-default elementor-section-height-default\" data-id=\"61571e6\" data-element_type=\"section\">\n\t\t\t\t\t\t<div class=\"elementor-container elementor-column-gap-default\">\n\t\t\t\t\t\t<\/div>\n\t\t<\/section>\n\t\t\t\t<section class=\"elementor-section elementor-inner-section elementor-element elementor-element-b6262e0 elementor-section-boxed elementor-section-height-default elementor-section-height-default\" data-id=\"b6262e0\" data-element_type=\"section\">\n\t\t\t\t\t\t<div class=\"elementor-container elementor-column-gap-default\">\n\t\t\t\t\t\t<\/div>\n\t\t<\/section>\n\t\t\t\t<section class=\"elementor-section elementor-inner-section elementor-element elementor-element-cca29fd elementor-section-boxed elementor-section-height-default elementor-section-height-default\" data-id=\"cca29fd\" data-element_type=\"section\">\n\t\t\t\t\t\t<div class=\"elementor-container elementor-column-gap-default\">\n\t\t\t\t\t\t<\/div>\n\t\t<\/section>\n\t\t\t\t\t<\/div>\n\t\t<\/div>\n\t\t\t\t\t<\/div>\n\t\t<\/section>\n\t\t\t\t<section class=\"elementor-section elementor-top-section elementor-element elementor-element-b53fa1e elementor-section-boxed elementor-section-height-default elementor-section-height-default\" data-id=\"b53fa1e\" data-element_type=\"section\">\n\t\t\t\t\t\t<div class=\"elementor-container elementor-column-gap-default\">\n\t\t\t\t\t<div class=\"elementor-column elementor-col-100 elementor-top-column elementor-element elementor-element-5786564\" data-id=\"5786564\" data-element_type=\"column\">\n\t\t\t<div class=\"elementor-widget-wrap elementor-element-populated\">\n\t\t\t\t\t\t<div class=\"elementor-element elementor-element-3fc4940 elementor-widget elementor-widget-text-editor\" data-id=\"3fc4940\" data-element_type=\"widget\" data-widget_type=\"text-editor.default\">\n\t\t\t\t<div class=\"elementor-widget-container\">\n\t\t\t\t\t\t\t\t\t<p><span style=\"font-weight: 400;\"><a href=\"https:\/\/richeskarayib.com\/fr\/sizzla-kalonji-ambassadeur-reggae-lauderhill\/\">La Jama\u00efque<\/a> occupe une position unique sur la sc\u00e8ne maritime internationale en tant qu&#8217;\u00c9tat h\u00f4te de l&#8217;Autorit\u00e9 Internationale des Fonds Marins (AIFM). Cr\u00e9\u00e9e dans le cadre de la <\/span><a href=\"https:\/\/www.fedlex.admin.ch\/eli\/cc\/2009\/416\/fr\" target=\"_blank\" rel=\"noopener nofollow\"><b>Convention des Nations Unies sur le droit de la mer (CNUDM)<\/b><\/a><span style=\"font-weight: 400;\">, cette organisation sp\u00e9cialis\u00e9e veille \u00e0 la r\u00e9gulation de l\u2019exploration et de l\u2019exploitation des ressources min\u00e9rales situ\u00e9es <\/span><b>en haute mer<\/b><span style=\"font-weight: 400;\">.<\/span><\/p>\t\t\t\t\t\t\t\t<\/div>\n\t\t\t\t<\/div>\n\t\t\t\t<div class=\"elementor-element elementor-element-308add6 elementor-widget elementor-widget-text-editor\" data-id=\"308add6\" data-element_type=\"widget\" data-widget_type=\"text-editor.default\">\n\t\t\t\t<div class=\"elementor-widget-container\">\n\t\t\t\t\t\t\t\t\t<p><span style=\"font-weight: 400;\">Ce r\u00f4le, bien que n\u2019impliquant pas d\u2019exploitation directe pour la Jama\u00efque, <\/span><b>renforce son rayonnement diplomatique<\/b><span style=\"font-weight: 400;\"> et sa place dans les grandes discussions sur <\/span><b>la gouvernance durable des oc\u00e9ans<\/b><span style=\"font-weight: 400;\">. Comme l\u2019explique <\/span><b>M. Olivier Guyonvarch<\/b><span style=\"font-weight: 400;\">, Ambassadeur de France en Jama\u00efque et Repr\u00e9sentant permanent aupr\u00e8s de l\u2019AIFM, cette institution repr\u00e9sente une pi\u00e8ce ma\u00eetresse dans l\u2019\u00e9quilibre entre <\/span><b>d\u00e9veloppement \u00e9conomique<\/b><span style=\"font-weight: 400;\"> et <\/span><b>protection des \u00e9cosyst\u00e8mes marins<\/b><span style=\"font-weight: 400;\">.<\/span><\/p>\t\t\t\t\t\t\t\t<\/div>\n\t\t\t\t<\/div>\n\t\t\t\t\t<\/div>\n\t\t<\/div>\n\t\t\t\t\t<\/div>\n\t\t<\/section>\n\t\t\t\t<section class=\"elementor-section elementor-top-section elementor-element elementor-element-51a27bd elementor-section-boxed elementor-section-height-default elementor-section-height-default\" data-id=\"51a27bd\" data-element_type=\"section\">\n\t\t\t\t\t\t<div class=\"elementor-container elementor-column-gap-default\">\n\t\t\t\t\t<div class=\"elementor-column elementor-col-100 elementor-top-column elementor-element elementor-element-b5ad517\" data-id=\"b5ad517\" data-element_type=\"column\">\n\t\t\t<div class=\"elementor-widget-wrap elementor-element-populated\">\n\t\t\t\t\t\t<div class=\"elementor-element elementor-element-6b269d1 elementor-widget elementor-widget-heading\" data-id=\"6b269d1\" data-element_type=\"widget\" data-widget_type=\"heading.default\">\n\t\t\t\t<div class=\"elementor-widget-container\">\n\t\t\t\t\t<h2 class=\"elementor-heading-title elementor-size-default\">L\u2019Autorit\u00e9 Internationale des Fonds Marins : Une mission globale<\/h2>\t\t\t\t<\/div>\n\t\t\t\t<\/div>\n\t\t\t\t<div class=\"elementor-element elementor-element-5e0d570 elementor-widget elementor-widget-text-editor\" data-id=\"5e0d570\" data-element_type=\"widget\" data-widget_type=\"text-editor.default\">\n\t\t\t\t<div class=\"elementor-widget-container\">\n\t\t\t\t\t\t\t\t\t<p><span style=\"font-weight: 400;\">Cr\u00e9\u00e9e en 1996 dans le cadre de la Convention des Nations Unies sur le droit de la mer (CNUDM), l\u2019<a href=\"https:\/\/www.isa.org.jm\/news\/\" target=\"_blank\" rel=\"noopener nofollow\">AIFM<\/a> est une organisation internationale sp\u00e9cialis\u00e9e qui r\u00e9gule les ressources min\u00e9rales situ\u00e9es au-del\u00e0 des juridictions nationales, dans ce qu\u2019on appelle la &#8220;haute mer&#8221;. Aujourd\u2019hui, l&#8217;Autorit\u00e9 Internationale des Fonds Marins supervise 31 contrats d\u2019exploration attribu\u00e9s \u00e0 25 pays. La Jama\u00efque patronne un de ces contrats avec une entreprise britannique qui explore une zone sp\u00e9cifique <\/span><span style=\"font-weight: 400;\">de nodules polym\u00e9talliques<\/span><span style=\"font-weight: 400;\"> dans le Pacifique.<\/span><\/p>\t\t\t\t\t\t\t\t<\/div>\n\t\t\t\t<\/div>\n\t\t\t\t<div class=\"elementor-element elementor-element-920eefc elementor-widget elementor-widget-text-editor\" data-id=\"920eefc\" data-element_type=\"widget\" data-widget_type=\"text-editor.default\">\n\t\t\t\t<div class=\"elementor-widget-container\">\n\t\t\t\t\t\t\t\t\t<p><span style=\"font-weight: 400;\">L\u2019une des principales missions de l&#8217;Autorit\u00e9 Internationale des Fonds Marins est de finaliser un code minier : un cadre r\u00e9glementaire qui d\u00e9finira les r\u00e8gles et conditions pour l\u2019exploitation future de ces ressources. Ce code devra garantir que toute exploitation soit r\u00e9alis\u00e9e dans le plus grand respect des \u00e9cosyst\u00e8mes marins, tout en permettant un partage \u00e9quitable des b\u00e9n\u00e9fices, notamment avec les pays en d\u00e9veloppement.<\/span><\/p>\t\t\t\t\t\t\t\t<\/div>\n\t\t\t\t<\/div>\n\t\t\t\t<section class=\"elementor-section elementor-inner-section elementor-element elementor-element-e6fcfce elementor-section-boxed elementor-section-height-default elementor-section-height-default\" data-id=\"e6fcfce\" data-element_type=\"section\">\n\t\t\t\t\t\t<div class=\"elementor-container elementor-column-gap-default\">\n\t\t\t\t\t<div class=\"elementor-column elementor-col-50 elementor-inner-column elementor-element elementor-element-632235e\" data-id=\"632235e\" data-element_type=\"column\">\n\t\t\t<div class=\"elementor-widget-wrap elementor-element-populated\">\n\t\t\t\t\t\t<div class=\"elementor-element elementor-element-79979cf elementor-widget elementor-widget-image\" data-id=\"79979cf\" data-element_type=\"widget\" data-widget_type=\"image.default\">\n\t\t\t\t<div class=\"elementor-widget-container\">\n\t\t\t\t\t\t\t\t\t\t\t\t<figure class=\"wp-caption\">\n\t\t\t\t\t\t\t\t\t\t<img fetchpriority=\"high\" decoding=\"async\" width=\"800\" height=\"534\" src=\"https:\/\/richeskarayib.com\/wp-content\/uploads\/2025\/08\/\u00a9AIFM-1024x683.jpg\" class=\"attachment-large size-large wp-image-58634\" alt=\"AIFM\" srcset=\"https:\/\/richeskarayib.com\/wp-content\/uploads\/2025\/08\/\u00a9AIFM-1024x683.jpg 1024w, https:\/\/richeskarayib.com\/wp-content\/uploads\/2025\/08\/\u00a9AIFM-300x200.jpg 300w, https:\/\/richeskarayib.com\/wp-content\/uploads\/2025\/08\/\u00a9AIFM-768x512.jpg 768w, https:\/\/richeskarayib.com\/wp-content\/uploads\/2025\/08\/\u00a9AIFM-1536x1024.jpg 1536w, https:\/\/richeskarayib.com\/wp-content\/uploads\/2025\/08\/\u00a9AIFM-1320x880.jpg 1320w, https:\/\/richeskarayib.com\/wp-content\/uploads\/2025\/08\/\u00a9AIFM.jpg 1920w\" sizes=\"(max-width: 800px) 100vw, 800px\" \/>\t\t\t\t\t\t\t\t\t\t\t<figcaption class=\"widget-image-caption wp-caption-text\">\u00a9AIFM<\/figcaption>\n\t\t\t\t\t\t\t\t\t\t<\/figure>\n\t\t\t\t\t\t\t\t\t<\/div>\n\t\t\t\t<\/div>\n\t\t\t\t<div class=\"elementor-element elementor-element-2b16c65 elementor-widget elementor-widget-image\" data-id=\"2b16c65\" data-element_type=\"widget\" data-widget_type=\"image.default\">\n\t\t\t\t<div class=\"elementor-widget-container\">\n\t\t\t\t\t\t\t\t\t\t\t\t<figure class=\"wp-caption\">\n\t\t\t\t\t\t\t\t\t\t<img decoding=\"async\" width=\"800\" height=\"539\" src=\"https:\/\/richeskarayib.com\/wp-content\/uploads\/2025\/08\/\u00a9AIFM-1-1024x690.jpg\" class=\"attachment-large size-large wp-image-58638\" alt=\"AIFM\" srcset=\"https:\/\/richeskarayib.com\/wp-content\/uploads\/2025\/08\/\u00a9AIFM-1-1024x690.jpg 1024w, https:\/\/richeskarayib.com\/wp-content\/uploads\/2025\/08\/\u00a9AIFM-1-300x202.jpg 300w, https:\/\/richeskarayib.com\/wp-content\/uploads\/2025\/08\/\u00a9AIFM-1-768x518.jpg 768w, https:\/\/richeskarayib.com\/wp-content\/uploads\/2025\/08\/\u00a9AIFM-1-1536x1035.jpg 1536w, https:\/\/richeskarayib.com\/wp-content\/uploads\/2025\/08\/\u00a9AIFM-1-1320x890.jpg 1320w, https:\/\/richeskarayib.com\/wp-content\/uploads\/2025\/08\/\u00a9AIFM-1.jpg 1693w\" sizes=\"(max-width: 800px) 100vw, 800px\" \/>\t\t\t\t\t\t\t\t\t\t\t<figcaption class=\"widget-image-caption wp-caption-text\">\u00a9AIFM<\/figcaption>\n\t\t\t\t\t\t\t\t\t\t<\/figure>\n\t\t\t\t\t\t\t\t\t<\/div>\n\t\t\t\t<\/div>\n\t\t\t\t\t<\/div>\n\t\t<\/div>\n\t\t\t\t<div class=\"elementor-column elementor-col-50 elementor-inner-column elementor-element elementor-element-2b599c4\" data-id=\"2b599c4\" data-element_type=\"column\">\n\t\t\t<div class=\"elementor-widget-wrap elementor-element-populated\">\n\t\t\t\t\t\t<div class=\"elementor-element elementor-element-3a25164 elementor-widget elementor-widget-image\" data-id=\"3a25164\" data-element_type=\"widget\" data-widget_type=\"image.default\">\n\t\t\t\t<div class=\"elementor-widget-container\">\n\t\t\t\t\t\t\t\t\t\t\t\t<figure class=\"wp-caption\">\n\t\t\t\t\t\t\t\t\t\t<img decoding=\"async\" width=\"725\" height=\"1024\" src=\"https:\/\/richeskarayib.com\/wp-content\/uploads\/2025\/08\/AIFM_rapport_annuel_du_SG_2023_Chapter1_page-0003-725x1024.jpg\" class=\"attachment-large size-large wp-image-58642\" alt=\"AIFM\" srcset=\"https:\/\/richeskarayib.com\/wp-content\/uploads\/2025\/08\/AIFM_rapport_annuel_du_SG_2023_Chapter1_page-0003-725x1024.jpg 725w, https:\/\/richeskarayib.com\/wp-content\/uploads\/2025\/08\/AIFM_rapport_annuel_du_SG_2023_Chapter1_page-0003-212x300.jpg 212w, https:\/\/richeskarayib.com\/wp-content\/uploads\/2025\/08\/AIFM_rapport_annuel_du_SG_2023_Chapter1_page-0003-768x1085.jpg 768w, https:\/\/richeskarayib.com\/wp-content\/uploads\/2025\/08\/AIFM_rapport_annuel_du_SG_2023_Chapter1_page-0003-1087x1536.jpg 1087w, https:\/\/richeskarayib.com\/wp-content\/uploads\/2025\/08\/AIFM_rapport_annuel_du_SG_2023_Chapter1_page-0003.jpg 1241w\" sizes=\"(max-width: 725px) 100vw, 725px\" \/>\t\t\t\t\t\t\t\t\t\t\t<figcaption class=\"widget-image-caption wp-caption-text\">\u00a9AIFM<\/figcaption>\n\t\t\t\t\t\t\t\t\t\t<\/figure>\n\t\t\t\t\t\t\t\t\t<\/div>\n\t\t\t\t<\/div>\n\t\t\t\t\t<\/div>\n\t\t<\/div>\n\t\t\t\t\t<\/div>\n\t\t<\/section>\n\t\t\t\t\t<\/div>\n\t\t<\/div>\n\t\t\t\t\t<\/div>\n\t\t<\/section>\n\t\t\t\t<section class=\"elementor-section elementor-top-section elementor-element elementor-element-5214e28 elementor-section-boxed elementor-section-height-default elementor-section-height-default\" data-id=\"5214e28\" data-element_type=\"section\">\n\t\t\t\t\t\t<div class=\"elementor-container elementor-column-gap-default\">\n\t\t\t\t\t<div class=\"elementor-column elementor-col-100 elementor-top-column elementor-element elementor-element-dade06d\" data-id=\"dade06d\" data-element_type=\"column\">\n\t\t\t<div class=\"elementor-widget-wrap elementor-element-populated\">\n\t\t\t\t\t\t<div class=\"elementor-element elementor-element-d1b711d elementor-widget elementor-widget-heading\" data-id=\"d1b711d\" data-element_type=\"widget\" data-widget_type=\"heading.default\">\n\t\t\t\t<div class=\"elementor-widget-container\">\n\t\t\t\t\t<h2 class=\"elementor-heading-title elementor-size-default\">La Jama\u00efque : Un r\u00f4le strat\u00e9gique en tant qu\u2019\u00c9tat h\u00f4te<\/h2>\t\t\t\t<\/div>\n\t\t\t\t<\/div>\n\t\t\t\t<div class=\"elementor-element elementor-element-a454b32 elementor-widget elementor-widget-text-editor\" data-id=\"a454b32\" data-element_type=\"widget\" data-widget_type=\"text-editor.default\">\n\t\t\t\t<div class=\"elementor-widget-container\">\n\t\t\t\t\t\t\t\t\t<p><span style=\"font-weight: 400;\">En tant qu\u2019\u00c9tat h\u00f4te, la Jama\u00efque joue un r\u00f4le essentiel en accueillant cette organisation internationale, qui op\u00e8re n\u00e9anmoins de mani\u00e8re ind\u00e9pendante de sa localisation.<\/span><span style=\"font-weight: 400;\"> Le choix de Kingston comme si\u00e8ge de l\u2019AIFM en 1996 repr\u00e9sentait une victoire diplomatique pour la Jama\u00efque, renfor\u00e7ant son image comme acteur cl\u00e9 dans la gouvernance maritime internationale.<\/span><\/p>\t\t\t\t\t\t\t\t<\/div>\n\t\t\t\t<\/div>\n\t\t\t\t<div class=\"elementor-element elementor-element-acbfa22 elementor-widget elementor-widget-text-editor\" data-id=\"acbfa22\" data-element_type=\"widget\" data-widget_type=\"text-editor.default\">\n\t\t\t\t<div class=\"elementor-widget-container\">\n\t\t\t\t\t\t\t\t\t<p><span style=\"font-weight: 400;\">Cependant, la r\u00e9gion des Cara\u00efbes ne poss\u00e8de pas de nodules polym\u00e9talliques, qui sont principalement situ\u00e9s dans le Pacifique. Malgr\u00e9 cela, la pr\u00e9sence de l&#8217;Autorit\u00e9 Internationale des Fonds Marins en Jama\u00efque apporte un prestige certain et souligne l\u2019engagement du pays envers la pr\u00e9servation de l\u2019environnement et le d\u00e9veloppement durable, des enjeux cruciaux pour l\u2019ensemble de la r\u00e9gion carib\u00e9enne.<\/span><\/p>\t\t\t\t\t\t\t\t<\/div>\n\t\t\t\t<\/div>\n\t\t\t\t<section class=\"elementor-section elementor-inner-section elementor-element elementor-element-6a0e7a5 elementor-section-boxed elementor-section-height-default elementor-section-height-default\" data-id=\"6a0e7a5\" data-element_type=\"section\">\n\t\t\t\t\t\t<div class=\"elementor-container elementor-column-gap-default\">\n\t\t\t\t\t<div class=\"elementor-column elementor-col-50 elementor-inner-column elementor-element elementor-element-ebf85db\" data-id=\"ebf85db\" data-element_type=\"column\">\n\t\t\t<div class=\"elementor-widget-wrap elementor-element-populated\">\n\t\t\t\t\t\t<div class=\"elementor-element elementor-element-6e7401d elementor-widget elementor-widget-image\" data-id=\"6e7401d\" data-element_type=\"widget\" data-widget_type=\"image.default\">\n\t\t\t\t<div class=\"elementor-widget-container\">\n\t\t\t\t\t\t\t\t\t\t\t\t<figure class=\"wp-caption\">\n\t\t\t\t\t\t\t\t\t\t<img loading=\"lazy\" decoding=\"async\" width=\"800\" height=\"800\" src=\"https:\/\/richeskarayib.com\/wp-content\/uploads\/2025\/08\/\u00a9AIFM-3-1024x1024.jpg\" class=\"attachment-large size-large wp-image-58658\" alt=\"AIFM\" srcset=\"https:\/\/richeskarayib.com\/wp-content\/uploads\/2025\/08\/\u00a9AIFM-3-1024x1024.jpg 1024w, https:\/\/richeskarayib.com\/wp-content\/uploads\/2025\/08\/\u00a9AIFM-3-300x300.jpg 300w, https:\/\/richeskarayib.com\/wp-content\/uploads\/2025\/08\/\u00a9AIFM-3-150x150.jpg 150w, https:\/\/richeskarayib.com\/wp-content\/uploads\/2025\/08\/\u00a9AIFM-3-768x768.jpg 768w, https:\/\/richeskarayib.com\/wp-content\/uploads\/2025\/08\/\u00a9AIFM-3.jpg 1200w\" sizes=\"(max-width: 800px) 100vw, 800px\" \/>\t\t\t\t\t\t\t\t\t\t\t<figcaption class=\"widget-image-caption wp-caption-text\">\u00a9AIFM<\/figcaption>\n\t\t\t\t\t\t\t\t\t\t<\/figure>\n\t\t\t\t\t\t\t\t\t<\/div>\n\t\t\t\t<\/div>\n\t\t\t\t<div class=\"elementor-element elementor-element-3922e57 elementor-widget elementor-widget-image\" data-id=\"3922e57\" data-element_type=\"widget\" data-widget_type=\"image.default\">\n\t\t\t\t<div class=\"elementor-widget-container\">\n\t\t\t\t\t\t\t\t\t\t\t\t<figure class=\"wp-caption\">\n\t\t\t\t\t\t\t\t\t\t<img loading=\"lazy\" decoding=\"async\" width=\"800\" height=\"362\" src=\"https:\/\/richeskarayib.com\/wp-content\/uploads\/2025\/08\/\u00a9-NOAA-Un-vehicule-telecommande-traverse-un-vaste-champ-de-nodules-de-ferromanganese-dans-les-profondeurs-oceaniques-de-lAtlantique-Nord-en-2021-1024x463.jpg\" class=\"attachment-large size-large wp-image-58662\" alt=\"AIFM\" srcset=\"https:\/\/richeskarayib.com\/wp-content\/uploads\/2025\/08\/\u00a9-NOAA-Un-vehicule-telecommande-traverse-un-vaste-champ-de-nodules-de-ferromanganese-dans-les-profondeurs-oceaniques-de-lAtlantique-Nord-en-2021-1024x463.jpg 1024w, https:\/\/richeskarayib.com\/wp-content\/uploads\/2025\/08\/\u00a9-NOAA-Un-vehicule-telecommande-traverse-un-vaste-champ-de-nodules-de-ferromanganese-dans-les-profondeurs-oceaniques-de-lAtlantique-Nord-en-2021-300x136.jpg 300w, https:\/\/richeskarayib.com\/wp-content\/uploads\/2025\/08\/\u00a9-NOAA-Un-vehicule-telecommande-traverse-un-vaste-champ-de-nodules-de-ferromanganese-dans-les-profondeurs-oceaniques-de-lAtlantique-Nord-en-2021-768x348.jpg 768w, https:\/\/richeskarayib.com\/wp-content\/uploads\/2025\/08\/\u00a9-NOAA-Un-vehicule-telecommande-traverse-un-vaste-champ-de-nodules-de-ferromanganese-dans-les-profondeurs-oceaniques-de-lAtlantique-Nord-en-2021.jpg 1171w\" sizes=\"(max-width: 800px) 100vw, 800px\" \/>\t\t\t\t\t\t\t\t\t\t\t<figcaption class=\"widget-image-caption wp-caption-text\">\u00a9 NOAA<\/figcaption>\n\t\t\t\t\t\t\t\t\t\t<\/figure>\n\t\t\t\t\t\t\t\t\t<\/div>\n\t\t\t\t<\/div>\n\t\t\t\t\t<\/div>\n\t\t<\/div>\n\t\t\t\t<div class=\"elementor-column elementor-col-50 elementor-inner-column elementor-element elementor-element-762b8e4\" data-id=\"762b8e4\" data-element_type=\"column\">\n\t\t\t<div class=\"elementor-widget-wrap elementor-element-populated\">\n\t\t\t\t\t\t<div class=\"elementor-element elementor-element-ee7eef4 elementor-widget elementor-widget-image\" data-id=\"ee7eef4\" data-element_type=\"widget\" data-widget_type=\"image.default\">\n\t\t\t\t<div class=\"elementor-widget-container\">\n\t\t\t\t\t\t\t\t\t\t\t\t\t\t\t<img loading=\"lazy\" decoding=\"async\" width=\"768\" height=\"1024\" src=\"https:\/\/richeskarayib.com\/wp-content\/uploads\/2025\/08\/david-boca-ZqJqC-S9sfc-unsplash-768x1024.jpg\" class=\"attachment-large size-large wp-image-58666\" alt=\"AIFM\" srcset=\"https:\/\/richeskarayib.com\/wp-content\/uploads\/2025\/08\/david-boca-ZqJqC-S9sfc-unsplash-768x1024.jpg 768w, https:\/\/richeskarayib.com\/wp-content\/uploads\/2025\/08\/david-boca-ZqJqC-S9sfc-unsplash-225x300.jpg 225w, https:\/\/richeskarayib.com\/wp-content\/uploads\/2025\/08\/david-boca-ZqJqC-S9sfc-unsplash-1152x1536.jpg 1152w, https:\/\/richeskarayib.com\/wp-content\/uploads\/2025\/08\/david-boca-ZqJqC-S9sfc-unsplash-1320x1760.jpg 1320w, https:\/\/richeskarayib.com\/wp-content\/uploads\/2025\/08\/david-boca-ZqJqC-S9sfc-unsplash.jpg 1440w\" sizes=\"(max-width: 768px) 100vw, 768px\" \/>\t\t\t\t\t\t\t\t\t\t\t\t\t\t\t<\/div>\n\t\t\t\t<\/div>\n\t\t\t\t\t<\/div>\n\t\t<\/div>\n\t\t\t\t\t<\/div>\n\t\t<\/section>\n\t\t\t\t\t<\/div>\n\t\t<\/div>\n\t\t\t\t\t<\/div>\n\t\t<\/section>\n\t\t\t\t<section class=\"elementor-section elementor-top-section elementor-element elementor-element-6f34adc elementor-section-boxed elementor-section-height-default elementor-section-height-default\" data-id=\"6f34adc\" data-element_type=\"section\">\n\t\t\t\t\t\t<div class=\"elementor-container elementor-column-gap-default\">\n\t\t\t\t\t<div class=\"elementor-column elementor-col-100 elementor-top-column elementor-element elementor-element-787608c\" data-id=\"787608c\" data-element_type=\"column\">\n\t\t\t<div class=\"elementor-widget-wrap elementor-element-populated\">\n\t\t\t\t\t\t<div class=\"elementor-element elementor-element-d1b2db8 elementor-widget elementor-widget-heading\" data-id=\"d1b2db8\" data-element_type=\"widget\" data-widget_type=\"heading.default\">\n\t\t\t\t<div class=\"elementor-widget-container\">\n\t\t\t\t\t<h2 class=\"elementor-heading-title elementor-size-default\">D\u00e9fis environnementaux et ambitions technologiques<\/h2>\t\t\t\t<\/div>\n\t\t\t\t<\/div>\n\t\t\t\t<div class=\"elementor-element elementor-element-c5c79cd elementor-widget elementor-widget-text-editor\" data-id=\"c5c79cd\" data-element_type=\"widget\" data-widget_type=\"text-editor.default\">\n\t\t\t\t<div class=\"elementor-widget-container\">\n\t\t\t\t\t\t\t\t\t<p><span style=\"font-weight: 400;\">L\u2019un des plus grands d\u00e9fis actuels de l\u2019AIFM est l\u2019adoption du code minier. Ce processus complexe implique des n\u00e9gociations entre les 36 membres du conseil de l\u2019AIFM, repr\u00e9sentant des int\u00e9r\u00eats nationaux divers.<\/span><\/p><p><span style=\"font-weight: 400;\">L\u2019objectif est de mettre en place un cadre qui assure une exploitation \u00e9quitable et durable des ressources, tout en prot\u00e9geant les \u00e9cosyst\u00e8mes marins.<\/span><\/p>\t\t\t\t\t\t\t\t<\/div>\n\t\t\t\t<\/div>\n\t\t\t\t<div class=\"elementor-element elementor-element-7e1be5d elementor-widget elementor-widget-text-editor\" data-id=\"7e1be5d\" data-element_type=\"widget\" data-widget_type=\"text-editor.default\">\n\t\t\t\t<div class=\"elementor-widget-container\">\n\t\t\t\t\t\t\t\t\t<p><span style=\"font-weight: 400;\">Olivier Guyonvarch a \u00e9galement soulign\u00e9 l\u2019importance cruciale des protections environnementales dans ce contexte. Alors que la demande mondiale en nodules polym\u00e9talliques et autres min\u00e9raux critiques augmente pour r\u00e9pondre aux besoins des technologies d\u2019\u00e9nergie renouvelable, l&#8217;Autorit\u00e9 Internationale des Fonds Marins devra s\u2019assurer que les r\u00e8gles et mesures adopt\u00e9es soient strictement respect\u00e9es. Son r\u00f4le devient ainsi fondamental pour garantir un \u00e9quilibre d\u00e9licat entre le d\u00e9veloppement \u00e9conomique et la pr\u00e9servation des \u00e9cosyst\u00e8mes marins.<\/span><\/p>\t\t\t\t\t\t\t\t<\/div>\n\t\t\t\t<\/div>\n\t\t\t\t<section class=\"elementor-section elementor-inner-section elementor-element elementor-element-38b3da1 elementor-section-boxed elementor-section-height-default elementor-section-height-default\" data-id=\"38b3da1\" data-element_type=\"section\">\n\t\t\t\t\t\t<div class=\"elementor-container elementor-column-gap-default\">\n\t\t\t\t\t<div class=\"elementor-column elementor-col-50 elementor-inner-column elementor-element elementor-element-10b4fa6\" data-id=\"10b4fa6\" data-element_type=\"column\">\n\t\t\t<div class=\"elementor-widget-wrap elementor-element-populated\">\n\t\t\t\t\t\t<div class=\"elementor-element elementor-element-077bfc5 elementor-widget elementor-widget-image\" data-id=\"077bfc5\" data-element_type=\"widget\" data-widget_type=\"image.default\">\n\t\t\t\t<div class=\"elementor-widget-container\">\n\t\t\t\t\t\t\t\t\t\t\t\t\t\t\t<img loading=\"lazy\" decoding=\"async\" width=\"800\" height=\"533\" src=\"https:\/\/richeskarayib.com\/wp-content\/uploads\/2025\/08\/DeWatermark.ai_1755694427220.jpeg\" class=\"attachment-large size-large wp-image-58646\" alt=\"AIFM\" srcset=\"https:\/\/richeskarayib.com\/wp-content\/uploads\/2025\/08\/DeWatermark.ai_1755694427220.jpeg 1024w, https:\/\/richeskarayib.com\/wp-content\/uploads\/2025\/08\/DeWatermark.ai_1755694427220-300x200.jpeg 300w, https:\/\/richeskarayib.com\/wp-content\/uploads\/2025\/08\/DeWatermark.ai_1755694427220-768x512.jpeg 768w\" sizes=\"(max-width: 800px) 100vw, 800px\" \/>\t\t\t\t\t\t\t\t\t\t\t\t\t\t\t<\/div>\n\t\t\t\t<\/div>\n\t\t\t\t<div class=\"elementor-element elementor-element-0351712 elementor-widget elementor-widget-image\" data-id=\"0351712\" data-element_type=\"widget\" data-widget_type=\"image.default\">\n\t\t\t\t<div class=\"elementor-widget-container\">\n\t\t\t\t\t\t\t\t\t\t\t\t\t\t\t<img loading=\"lazy\" decoding=\"async\" width=\"800\" height=\"534\" src=\"https:\/\/richeskarayib.com\/wp-content\/uploads\/2025\/08\/wmremove-transformed.jpeg\" class=\"attachment-large size-large wp-image-58650\" alt=\"AIFM\" srcset=\"https:\/\/richeskarayib.com\/wp-content\/uploads\/2025\/08\/wmremove-transformed.jpeg 1024w, https:\/\/richeskarayib.com\/wp-content\/uploads\/2025\/08\/wmremove-transformed-300x200.jpeg 300w, https:\/\/richeskarayib.com\/wp-content\/uploads\/2025\/08\/wmremove-transformed-768x512.jpeg 768w\" sizes=\"(max-width: 800px) 100vw, 800px\" \/>\t\t\t\t\t\t\t\t\t\t\t\t\t\t\t<\/div>\n\t\t\t\t<\/div>\n\t\t\t\t\t<\/div>\n\t\t<\/div>\n\t\t\t\t<div class=\"elementor-column elementor-col-50 elementor-inner-column elementor-element elementor-element-93d360d\" data-id=\"93d360d\" data-element_type=\"column\">\n\t\t\t<div class=\"elementor-widget-wrap elementor-element-populated\">\n\t\t\t\t\t\t<div class=\"elementor-element elementor-element-8fb37a3 elementor-widget elementor-widget-image\" data-id=\"8fb37a3\" data-element_type=\"widget\" data-widget_type=\"image.default\">\n\t\t\t\t<div class=\"elementor-widget-container\">\n\t\t\t\t\t\t\t\t\t\t\t\t<figure class=\"wp-caption\">\n\t\t\t\t\t\t\t\t\t\t<img loading=\"lazy\" decoding=\"async\" width=\"725\" height=\"1024\" src=\"https:\/\/richeskarayib.com\/wp-content\/uploads\/2025\/08\/AIFM_rapport_annuel_du_SG_2023_Chapter1_page-0002-725x1024.jpg\" class=\"attachment-large size-large wp-image-58654\" alt=\"AIFM\" srcset=\"https:\/\/richeskarayib.com\/wp-content\/uploads\/2025\/08\/AIFM_rapport_annuel_du_SG_2023_Chapter1_page-0002-725x1024.jpg 725w, https:\/\/richeskarayib.com\/wp-content\/uploads\/2025\/08\/AIFM_rapport_annuel_du_SG_2023_Chapter1_page-0002-212x300.jpg 212w, https:\/\/richeskarayib.com\/wp-content\/uploads\/2025\/08\/AIFM_rapport_annuel_du_SG_2023_Chapter1_page-0002-768x1085.jpg 768w, https:\/\/richeskarayib.com\/wp-content\/uploads\/2025\/08\/AIFM_rapport_annuel_du_SG_2023_Chapter1_page-0002-1087x1536.jpg 1087w, https:\/\/richeskarayib.com\/wp-content\/uploads\/2025\/08\/AIFM_rapport_annuel_du_SG_2023_Chapter1_page-0002.jpg 1241w\" sizes=\"(max-width: 725px) 100vw, 725px\" \/>\t\t\t\t\t\t\t\t\t\t\t<figcaption class=\"widget-image-caption wp-caption-text\">\u00a9AIFM<\/figcaption>\n\t\t\t\t\t\t\t\t\t\t<\/figure>\n\t\t\t\t\t\t\t\t\t<\/div>\n\t\t\t\t<\/div>\n\t\t\t\t\t<\/div>\n\t\t<\/div>\n\t\t\t\t\t<\/div>\n\t\t<\/section>\n\t\t\t\t\t<\/div>\n\t\t<\/div>\n\t\t\t\t\t<\/div>\n\t\t<\/section>\n\t\t\t\t<section class=\"elementor-section elementor-top-section elementor-element elementor-element-36a5045 elementor-section-boxed elementor-section-height-default elementor-section-height-default\" data-id=\"36a5045\" data-element_type=\"section\">\n\t\t\t\t\t\t<div class=\"elementor-container elementor-column-gap-default\">\n\t\t\t\t\t<div class=\"elementor-column elementor-col-100 elementor-top-column elementor-element elementor-element-ac47a4b\" data-id=\"ac47a4b\" data-element_type=\"column\">\n\t\t\t<div class=\"elementor-widget-wrap elementor-element-populated\">\n\t\t\t\t\t\t<div class=\"elementor-element elementor-element-2218353 elementor-widget elementor-widget-text-editor\" data-id=\"2218353\" data-element_type=\"widget\" data-widget_type=\"text-editor.default\">\n\t\t\t\t<div class=\"elementor-widget-container\">\n\t\t\t\t\t\t\t\t\t<p><span style=\"font-weight: 400;\">L\u2019AIFM repr\u00e9sente un effort collectif pour relever les d\u00e9fis environnementaux globaux et r\u00e9guler l\u2019utilisation durable des ressources marines.<\/span><\/p><p><span style=\"font-weight: 400;\">Bien que les op\u00e9rations de l&#8217;Autorit\u00e9 Internationale des Fonds Marins d\u00e9passent les fronti\u00e8res carib\u00e9ennes, sa pr\u00e9sence en Jama\u00efque symbolise l\u2019interconnexion des nations face aux enjeux maritimes. \u00c0 mesure que l&#8217;Autorit\u00e9 Internationale des Fonds Marins se rapproche de l\u2019adoption de son code minier, le monde observera attentivement ses efforts pour concilier exploitation des ressources et pr\u00e9servation des oc\u00e9ans. Pour la Jama\u00efque et les Cara\u00efbes, l&#8217;Autorit\u00e9 Internationale des Fonds Marins repr\u00e9sente \u00e0 la fois un symbole de coop\u00e9ration internationale et un appel \u00e0 une gouvernance durable des oc\u00e9ans.<\/span><\/p>\t\t\t\t\t\t\t\t<\/div>\n\t\t\t\t<\/div>\n\t\t\t\t\t<\/div>\n\t\t<\/div>\n\t\t\t\t\t<\/div>\n\t\t<\/section>\n\t\t\t\t<\/div>\n\t\t","protected":false},"excerpt":{"rendered":"<p>La Jama\u00efque occupe une position unique sur la sc\u00e8ne maritime internationale en tant qu&#8217;\u00c9tat h\u00f4te de l&#8217;Autorit\u00e9 Internationale des Fonds Marins (AIFM). Cr\u00e9\u00e9e dans le cadre de la Convention des Nations Unies sur le droit de la mer (CNUDM), cette organisation sp\u00e9cialis\u00e9e veille \u00e0 la r\u00e9gulation de l\u2019exploration et de l\u2019exploitation des ressources min\u00e9rales situ\u00e9es [&hellip;]<\/p>\n","protected":false},"author":662,"featured_media":58630,"comment_status":"open","ping_status":"open","sticky":false,"template":"","format":"standard","meta":{"_acf_changed":false,"footnotes":""},"categories":[1723],"tags":[1693],"class_list":["post-58629","post","type-post","status-publish","format-standard","has-post-thumbnail","hentry","category-maritime-fr","tag-jamaique-2"],"acf":[],"_links":{"self":[{"href":"https:\/\/richeskarayib.com\/fr\/wp-json\/wp\/v2\/posts\/58629","targetHints":{"allow":["GET"]}}],"collection":[{"href":"https:\/\/richeskarayib.com\/fr\/wp-json\/wp\/v2\/posts"}],"about":[{"href":"https:\/\/richeskarayib.com\/fr\/wp-json\/wp\/v2\/types\/post"}],"author":[{"embeddable":true,"href":"https:\/\/richeskarayib.com\/fr\/wp-json\/wp\/v2\/users\/662"}],"replies":[{"embeddable":true,"href":"https:\/\/richeskarayib.com\/fr\/wp-json\/wp\/v2\/comments?post=58629"}],"version-history":[{"count":0,"href":"https:\/\/richeskarayib.com\/fr\/wp-json\/wp\/v2\/posts\/58629\/revisions"}],"wp:featuredmedia":[{"embeddable":true,"href":"https:\/\/richeskarayib.com\/fr\/wp-json\/wp\/v2\/media\/58630"}],"wp:attachment":[{"href":"https:\/\/richeskarayib.com\/fr\/wp-json\/wp\/v2\/media?parent=58629"}],"wp:term":[{"taxonomy":"category","embeddable":true,"href":"https:\/\/richeskarayib.com\/fr\/wp-json\/wp\/v2\/categories?post=58629"},{"taxonomy":"post_tag","embeddable":true,"href":"https:\/\/richeskarayib.com\/fr\/wp-json\/wp\/v2\/tags?post=58629"}],"curies":[{"name":"wp","href":"https:\/\/api.w.org\/{rel}","templated":true}]}}