{"id":58913,"date":"2025-08-26T12:00:33","date_gmt":"2025-08-26T16:00:33","guid":{"rendered":"https:\/\/richeskarayib.com\/?p=58913"},"modified":"2025-08-27T13:02:34","modified_gmt":"2025-08-27T17:02:34","slug":"felix-eboue-bascule-l-histoire-26-aout-1940","status":"publish","type":"post","link":"https:\/\/richeskarayib.com\/fr\/felix-eboue-bascule-l-histoire-26-aout-1940\/","title":{"rendered":"Guyane &#8211; F\u00e9lix \u00c9bou\u00e9, un fils de la Cara\u00efbe qui fit basculer l\u2019Histoire le 26 ao\u00fbt 1940"},"content":{"rendered":"\t\t<div data-elementor-type=\"wp-post\" data-elementor-id=\"58913\" class=\"elementor elementor-58913\" data-elementor-post-type=\"post\">\n\t\t\t\t\t\t<section class=\"elementor-section elementor-top-section elementor-element elementor-element-7ca7ca1 elementor-section-boxed elementor-section-height-default elementor-section-height-default\" data-id=\"7ca7ca1\" data-element_type=\"section\">\n\t\t\t\t\t\t<div class=\"elementor-container elementor-column-gap-default\">\n\t\t\t\t\t<div class=\"elementor-column elementor-col-100 elementor-top-column elementor-element elementor-element-cbdd002\" data-id=\"cbdd002\" data-element_type=\"column\">\n\t\t\t<div class=\"elementor-widget-wrap elementor-element-populated\">\n\t\t\t\t\t\t<section class=\"elementor-section elementor-inner-section elementor-element elementor-element-bc94849 elementor-section-boxed elementor-section-height-default elementor-section-height-default\" data-id=\"bc94849\" data-element_type=\"section\">\n\t\t\t\t\t\t<div class=\"elementor-container elementor-column-gap-default\">\n\t\t\t\t\t\t<\/div>\n\t\t<\/section>\n\t\t\t\t<section class=\"elementor-section elementor-inner-section elementor-element elementor-element-61571e6 elementor-section-boxed elementor-section-height-default elementor-section-height-default\" data-id=\"61571e6\" data-element_type=\"section\">\n\t\t\t\t\t\t<div class=\"elementor-container elementor-column-gap-default\">\n\t\t\t\t\t\t<\/div>\n\t\t<\/section>\n\t\t\t\t<section class=\"elementor-section elementor-inner-section elementor-element elementor-element-b6262e0 elementor-section-boxed elementor-section-height-default elementor-section-height-default\" data-id=\"b6262e0\" data-element_type=\"section\">\n\t\t\t\t\t\t<div class=\"elementor-container elementor-column-gap-default\">\n\t\t\t\t\t\t<\/div>\n\t\t<\/section>\n\t\t\t\t<section class=\"elementor-section elementor-inner-section elementor-element elementor-element-cca29fd elementor-section-boxed elementor-section-height-default elementor-section-height-default\" data-id=\"cca29fd\" data-element_type=\"section\">\n\t\t\t\t\t\t<div class=\"elementor-container elementor-column-gap-default\">\n\t\t\t\t\t\t<\/div>\n\t\t<\/section>\n\t\t\t\t\t<\/div>\n\t\t<\/div>\n\t\t\t\t\t<\/div>\n\t\t<\/section>\n\t\t\t\t<section class=\"elementor-section elementor-top-section elementor-element elementor-element-51a27bd elementor-section-boxed elementor-section-height-default elementor-section-height-default\" data-id=\"51a27bd\" data-element_type=\"section\">\n\t\t\t\t\t\t<div class=\"elementor-container elementor-column-gap-default\">\n\t\t\t\t\t<div class=\"elementor-column elementor-col-100 elementor-top-column elementor-element elementor-element-b5ad517\" data-id=\"b5ad517\" data-element_type=\"column\">\n\t\t\t<div class=\"elementor-widget-wrap elementor-element-populated\">\n\t\t\t\t\t\t<div class=\"elementor-element elementor-element-6b269d1 elementor-widget elementor-widget-heading\" data-id=\"6b269d1\" data-element_type=\"widget\" data-widget_type=\"heading.default\">\n\t\t\t\t<div class=\"elementor-widget-container\">\n\t\t\t\t\t<h2 class=\"elementor-heading-title elementor-size-default\">Un destin n\u00e9 en Guyane fran\u00e7aise<\/h2>\t\t\t\t<\/div>\n\t\t\t\t<\/div>\n\t\t\t\t<div class=\"elementor-element elementor-element-5e0d570 elementor-widget elementor-widget-text-editor\" data-id=\"5e0d570\" data-element_type=\"widget\" data-widget_type=\"text-editor.default\">\n\t\t\t\t<div class=\"elementor-widget-container\">\n\t\t\t\t\t\t\t\t\t<p><span style=\"font-weight: 400;\">Le <\/span><b>26 d\u00e9cembre 1884<\/b><span style=\"font-weight: 400;\">, \u00e0 Cayenne en <a href=\"https:\/\/richeskarayib.com\/fr\/zoo-de-guyane-sanctuaire-de-biodiversite\/\" target=\"_blank\" rel=\"noopener\">Guyane<\/a>, naissait <a href=\"https:\/\/memoire-esclavage.org\/biographies\/felix-eboue\" target=\"_blank\" rel=\"noopener nofollow\">F\u00e9lix \u00c9bou\u00e9<\/a>, enfant d\u2019une famille de \u00ab nouveaux libres \u00bb, descendants d\u2019esclaves affranchis. Rien ne laissait pr\u00e9sager qu\u2019un si\u00e8cle plus tard, son nom r\u00e9sonnerait \u00e0 l\u2019\u00e9chelle mondiale comme celui d\u2019un homme qui a pes\u00e9 dans le cours de la Seconde Guerre mondiale. Brillant \u00e9l\u00e8ve, boursier, il quitte la Cara\u00efbe pour suivre des \u00e9tudes en m\u00e9tropole. Dipl\u00f4m\u00e9 de l\u2019\u00c9cole coloniale en 1908, il choisit une carri\u00e8re administrative en Afrique \u00e9quatoriale fran\u00e7aise, o\u00f9 il fait ses preuves comme fin connaisseur des soci\u00e9t\u00e9s locales.<\/span><\/p><p><span style=\"font-weight: 400;\">Ce parcours exemplaire inscrit d\u00e9j\u00e0 \u00c9bou\u00e9 dans une double appartenance : <\/span><b>homme de la Cara\u00efbe<\/b><span style=\"font-weight: 400;\"> par ses origines, <\/span><b>acteur de l\u2019Afrique<\/b><span style=\"font-weight: 400;\"> par ses responsabilit\u00e9s coloniales.<\/span><\/p>\t\t\t\t\t\t\t\t<\/div>\n\t\t\t\t<\/div>\n\t\t\t\t\t<\/div>\n\t\t<\/div>\n\t\t\t\t\t<\/div>\n\t\t<\/section>\n\t\t\t\t<section class=\"elementor-section elementor-top-section elementor-element elementor-element-5214e28 elementor-section-boxed elementor-section-height-default elementor-section-height-default\" data-id=\"5214e28\" data-element_type=\"section\">\n\t\t\t\t\t\t<div class=\"elementor-container elementor-column-gap-default\">\n\t\t\t\t\t<div class=\"elementor-column elementor-col-100 elementor-top-column elementor-element elementor-element-dade06d\" data-id=\"dade06d\" data-element_type=\"column\">\n\t\t\t<div class=\"elementor-widget-wrap elementor-element-populated\">\n\t\t\t\t\t\t<div class=\"elementor-element elementor-element-d1b711d elementor-widget elementor-widget-heading\" data-id=\"d1b711d\" data-element_type=\"widget\" data-widget_type=\"heading.default\">\n\t\t\t\t<div class=\"elementor-widget-container\">\n\t\t\t\t\t<h2 class=\"elementor-heading-title elementor-size-default\">Le 26 ao\u00fbt 1940 : un choix d\u00e9cisif<\/h2>\t\t\t\t<\/div>\n\t\t\t\t<\/div>\n\t\t\t\t<div class=\"elementor-element elementor-element-a454b32 elementor-widget elementor-widget-text-editor\" data-id=\"a454b32\" data-element_type=\"widget\" data-widget_type=\"text-editor.default\">\n\t\t\t\t<div class=\"elementor-widget-container\">\n\t\t\t\t\t\t\t\t\t<p><span style=\"font-weight: 400;\">Au lendemain de l\u2019armistice sign\u00e9 par la France en juin 1940, l\u2019Empire colonial devient un enjeu crucial. Tandis que le gouvernement de Vichy tente de maintenir son emprise, le g\u00e9n\u00e9ral de Gaulle appelle depuis Londres \u00e0 poursuivre le combat. Gouverneur du Tchad depuis 1938, F\u00e9lix \u00c9bou\u00e9 fait face \u00e0 un dilemme.<\/span><\/p>\t\t\t\t\t\t\t\t<\/div>\n\t\t\t\t<\/div>\n\t\t\t\t<div class=\"elementor-element elementor-element-5b0a6be elementor-widget elementor-widget-text-editor\" data-id=\"5b0a6be\" data-element_type=\"widget\" data-widget_type=\"text-editor.default\">\n\t\t\t\t<div class=\"elementor-widget-container\">\n\t\t\t\t\t\t\t\t\t<p><span style=\"font-weight: 400;\">Le <\/span><b>26 ao\u00fbt 1940<\/b><span style=\"font-weight: 400;\">, il prend une d\u00e9cision historique : <\/span><b>le Tchad rallie la France libre<\/b><span style=\"font-weight: 400;\">. Ce geste courageux est le premier ralliement <\/span><b>africain majeur<\/b><span style=\"font-weight: 400;\"> en faveur de de Gaulle, quelques semaines apr\u00e8s celui des Nouvelles-H\u00e9brides. Par cette initiative, un Carib\u00e9en offre au chef de la France libre une assise territoriale et symbolique indispensable. \u00c0 partir de Fort-Lamy (aujourd\u2019hui N\u2019Djamena), l\u2019Afrique \u00e9quatoriale fran\u00e7aise devient le socle g\u00e9ographique de la r\u00e9sistance ext\u00e9rieure, base arri\u00e8re des futures campagnes men\u00e9es par Leclerc et les Forces fran\u00e7aises libres.<\/span><\/p>\t\t\t\t\t\t\t\t<\/div>\n\t\t\t\t<\/div>\n\t\t\t\t<div class=\"elementor-element elementor-element-402a367 elementor-widget elementor-widget-text-editor\" data-id=\"402a367\" data-element_type=\"widget\" data-widget_type=\"text-editor.default\">\n\t\t\t\t<div class=\"elementor-widget-container\">\n\t\t\t\t\t\t\t\t\t<p><span style=\"font-weight: 400;\">Dans les jours qui suivent, d\u2019autres territoires rejoignent le mouvement : le Cameroun le 27 ao\u00fbt, le Congo le 28 ao\u00fbt, puis l\u2019Oubangui-Chari le 29 ao\u00fbt (selon certaines sources le 30 ao\u00fbt). La bascule de l\u2019Afrique \u00e9quatoriale est enclench\u00e9e, et \u00c9bou\u00e9 en est le premier artisan.<\/span><\/p>\t\t\t\t\t\t\t\t<\/div>\n\t\t\t\t<\/div>\n\t\t\t\t<section class=\"elementor-section elementor-inner-section elementor-element elementor-element-62c3aec elementor-section-boxed elementor-section-height-default elementor-section-height-default\" data-id=\"62c3aec\" data-element_type=\"section\">\n\t\t\t\t\t\t<div class=\"elementor-container elementor-column-gap-default\">\n\t\t\t\t\t<div class=\"elementor-column elementor-col-50 elementor-inner-column elementor-element elementor-element-fcc9605\" data-id=\"fcc9605\" data-element_type=\"column\">\n\t\t\t<div class=\"elementor-widget-wrap elementor-element-populated\">\n\t\t\t\t\t\t<div class=\"elementor-element elementor-element-7228c21 elementor-widget elementor-widget-image\" data-id=\"7228c21\" data-element_type=\"widget\" data-widget_type=\"image.default\">\n\t\t\t\t<div class=\"elementor-widget-container\">\n\t\t\t\t\t\t\t\t\t\t\t\t<figure class=\"wp-caption\">\n\t\t\t\t\t\t\t\t\t\t<img fetchpriority=\"high\" decoding=\"async\" width=\"800\" height=\"450\" src=\"https:\/\/richeskarayib.com\/wp-content\/uploads\/2025\/08\/Felix-Eboue-et-le-general-de-Gaulle-a-Barazzaville-en-1944-\u2022-\u00a9AFP.webp\" class=\"attachment-large size-large wp-image-58930\" alt=\"F\u00e9lix \u00c9bou\u00e9\" srcset=\"https:\/\/richeskarayib.com\/wp-content\/uploads\/2025\/08\/Felix-Eboue-et-le-general-de-Gaulle-a-Barazzaville-en-1944-\u2022-\u00a9AFP.webp 800w, https:\/\/richeskarayib.com\/wp-content\/uploads\/2025\/08\/Felix-Eboue-et-le-general-de-Gaulle-a-Barazzaville-en-1944-\u2022-\u00a9AFP-300x169.webp 300w, https:\/\/richeskarayib.com\/wp-content\/uploads\/2025\/08\/Felix-Eboue-et-le-general-de-Gaulle-a-Barazzaville-en-1944-\u2022-\u00a9AFP-768x432.webp 768w\" sizes=\"(max-width: 800px) 100vw, 800px\" \/>\t\t\t\t\t\t\t\t\t\t\t<figcaption class=\"widget-image-caption wp-caption-text\">F\u00e9lix Ebou\u00e9 et le g\u00e9n\u00e9ral de Gaulle \u00e0 Barazzaville en 1944 \u2022 \u00a9AFP<\/figcaption>\n\t\t\t\t\t\t\t\t\t\t<\/figure>\n\t\t\t\t\t\t\t\t\t<\/div>\n\t\t\t\t<\/div>\n\t\t\t\t\t<\/div>\n\t\t<\/div>\n\t\t\t\t<div class=\"elementor-column elementor-col-50 elementor-inner-column elementor-element elementor-element-bf40e27\" data-id=\"bf40e27\" data-element_type=\"column\">\n\t\t\t<div class=\"elementor-widget-wrap elementor-element-populated\">\n\t\t\t\t\t\t<div class=\"elementor-element elementor-element-410c4d2 elementor-widget elementor-widget-image\" data-id=\"410c4d2\" data-element_type=\"widget\" data-widget_type=\"image.default\">\n\t\t\t\t<div class=\"elementor-widget-container\">\n\t\t\t\t\t\t\t\t\t\t\t\t<figure class=\"wp-caption\">\n\t\t\t\t\t\t\t\t\t\t<img decoding=\"async\" width=\"800\" height=\"479\" src=\"https:\/\/richeskarayib.com\/wp-content\/uploads\/2025\/08\/Le-gouverneur-Felix-Eboue-recoit-le-general-de-Gaulle-au-Tchad-en-octobre-1940-\u00a9United-States-Library-of-Congress-Wikimedia-Commons.jpg\" class=\"attachment-large size-large wp-image-58934\" alt=\"F\u00e9lix \u00c9bou\u00e9\" srcset=\"https:\/\/richeskarayib.com\/wp-content\/uploads\/2025\/08\/Le-gouverneur-Felix-Eboue-recoit-le-general-de-Gaulle-au-Tchad-en-octobre-1940-\u00a9United-States-Library-of-Congress-Wikimedia-Commons.jpg 900w, https:\/\/richeskarayib.com\/wp-content\/uploads\/2025\/08\/Le-gouverneur-Felix-Eboue-recoit-le-general-de-Gaulle-au-Tchad-en-octobre-1940-\u00a9United-States-Library-of-Congress-Wikimedia-Commons-300x180.jpg 300w, https:\/\/richeskarayib.com\/wp-content\/uploads\/2025\/08\/Le-gouverneur-Felix-Eboue-recoit-le-general-de-Gaulle-au-Tchad-en-octobre-1940-\u00a9United-States-Library-of-Congress-Wikimedia-Commons-768x460.jpg 768w\" sizes=\"(max-width: 800px) 100vw, 800px\" \/>\t\t\t\t\t\t\t\t\t\t\t<figcaption class=\"widget-image-caption wp-caption-text\">F\u00e9lix \u00c9bou\u00e9 re\u00e7oit le g\u00e9n\u00e9ral de Gaulle au Tchad en octobre 1940 \u00a9United States Library of Congress Wikimedia Commons<\/figcaption>\n\t\t\t\t\t\t\t\t\t\t<\/figure>\n\t\t\t\t\t\t\t\t\t<\/div>\n\t\t\t\t<\/div>\n\t\t\t\t\t<\/div>\n\t\t<\/div>\n\t\t\t\t\t<\/div>\n\t\t<\/section>\n\t\t\t\t\t<\/div>\n\t\t<\/div>\n\t\t\t\t\t<\/div>\n\t\t<\/section>\n\t\t\t\t<section class=\"elementor-section elementor-top-section elementor-element elementor-element-6f34adc elementor-section-boxed elementor-section-height-default elementor-section-height-default\" data-id=\"6f34adc\" data-element_type=\"section\">\n\t\t\t\t\t\t<div class=\"elementor-container elementor-column-gap-default\">\n\t\t\t\t\t<div class=\"elementor-column elementor-col-100 elementor-top-column elementor-element elementor-element-787608c\" data-id=\"787608c\" data-element_type=\"column\">\n\t\t\t<div class=\"elementor-widget-wrap elementor-element-populated\">\n\t\t\t\t\t\t<div class=\"elementor-element elementor-element-d1b2db8 elementor-widget elementor-widget-heading\" data-id=\"d1b2db8\" data-element_type=\"widget\" data-widget_type=\"heading.default\">\n\t\t\t\t<div class=\"elementor-widget-container\">\n\t\t\t\t\t<h2 class=\"elementor-heading-title elementor-size-default\">Une r\u00e9percussion directe pour la Cara\u00efbe<\/h2>\t\t\t\t<\/div>\n\t\t\t\t<\/div>\n\t\t\t\t<div class=\"elementor-element elementor-element-c5c79cd elementor-widget elementor-widget-text-editor\" data-id=\"c5c79cd\" data-element_type=\"widget\" data-widget_type=\"text-editor.default\">\n\t\t\t\t<div class=\"elementor-widget-container\">\n\t\t\t\t\t\t\t\t\t<p><span style=\"font-weight: 400;\">Si l\u2019acte a lieu en Afrique, il a une <\/span><b>r\u00e9sonance imm\u00e9diate dans la Cara\u00efbe<\/b><span style=\"font-weight: 400;\">.<\/span><\/p><ul><li style=\"font-weight: 400;\" aria-level=\"1\"><b>\u2705 Un symbole d\u2019\u00e9mancipation<\/b><span style=\"font-weight: 400;\"> : pour les Antilles et la Guyane, le geste d\u2019\u00c9bou\u00e9 prouve qu\u2019un homme issu des soci\u00e9t\u00e9s cr\u00e9oles peut s\u2019imposer comme figure centrale de la g\u00e9opolitique mondiale.<\/span><\/li><li style=\"font-weight: 400;\" aria-level=\"1\"><b>\u2705 Un souffle pour les territoires carib\u00e9ens<\/b><span style=\"font-weight: 400;\"> : en Guadeloupe et en Martinique, alors soumises \u00e0 l\u2019autorit\u00e9 de Vichy, la r\u00e9f\u00e9rence \u00e0 \u00c9bou\u00e9 nourrit l\u2019esp\u00e9rance de rejoindre la France libre.<\/span><\/li><li style=\"font-weight: 400;\" aria-level=\"1\"><b>\u2705 Une fiert\u00e9 pour la Guyane<\/b> : sa terre natale voit l\u2019un de ses fils entrer dans l\u2019Histoire universelle. C\u2019est aussi un signal pour toute la Cara\u00efbe : la lutte contre le nazisme n\u2019est pas seulement une affaire europ\u00e9enne, elle engage aussi les peuples de l\u2019outre-mer.\u00a0<\/li><\/ul>\t\t\t\t\t\t\t\t<\/div>\n\t\t\t\t<\/div>\n\t\t\t\t<section class=\"elementor-section elementor-inner-section elementor-element elementor-element-c5d6891 elementor-section-boxed elementor-section-height-default elementor-section-height-default\" data-id=\"c5d6891\" data-element_type=\"section\">\n\t\t\t\t\t\t<div class=\"elementor-container elementor-column-gap-default\">\n\t\t\t\t\t<div class=\"elementor-column elementor-col-100 elementor-inner-column elementor-element elementor-element-985b19b\" data-id=\"985b19b\" data-element_type=\"column\">\n\t\t\t<div class=\"elementor-widget-wrap elementor-element-populated\">\n\t\t\t\t\t\t<div class=\"elementor-element elementor-element-27ca9ff elementor-widget elementor-widget-image\" data-id=\"27ca9ff\" data-element_type=\"widget\" data-widget_type=\"image.default\">\n\t\t\t\t<div class=\"elementor-widget-container\">\n\t\t\t\t\t\t\t\t\t\t\t\t<figure class=\"wp-caption\">\n\t\t\t\t\t\t\t\t\t\t<img decoding=\"async\" width=\"800\" height=\"450\" src=\"https:\/\/richeskarayib.com\/wp-content\/uploads\/2025\/08\/Felix-Eboue-en-Guadeloupe-\u2022-\u00a9Fondation-du-general-de-Gaulle.webp\" class=\"attachment-large size-large wp-image-58938\" alt=\"F\u00e9lix \u00c9bou\u00e9\" srcset=\"https:\/\/richeskarayib.com\/wp-content\/uploads\/2025\/08\/Felix-Eboue-en-Guadeloupe-\u2022-\u00a9Fondation-du-general-de-Gaulle.webp 800w, https:\/\/richeskarayib.com\/wp-content\/uploads\/2025\/08\/Felix-Eboue-en-Guadeloupe-\u2022-\u00a9Fondation-du-general-de-Gaulle-300x169.webp 300w, https:\/\/richeskarayib.com\/wp-content\/uploads\/2025\/08\/Felix-Eboue-en-Guadeloupe-\u2022-\u00a9Fondation-du-general-de-Gaulle-768x432.webp 768w\" sizes=\"(max-width: 800px) 100vw, 800px\" \/>\t\t\t\t\t\t\t\t\t\t\t<figcaption class=\"widget-image-caption wp-caption-text\">F\u00e9lix Ebou\u00e9 en Guadeloupe  \u00a9Fondation du g\u00e9n\u00e9ral de Gaulle<\/figcaption>\n\t\t\t\t\t\t\t\t\t\t<\/figure>\n\t\t\t\t\t\t\t\t\t<\/div>\n\t\t\t\t<\/div>\n\t\t\t\t\t<\/div>\n\t\t<\/div>\n\t\t\t\t\t<\/div>\n\t\t<\/section>\n\t\t\t\t\t<\/div>\n\t\t<\/div>\n\t\t\t\t\t<\/div>\n\t\t<\/section>\n\t\t\t\t<section class=\"elementor-section elementor-top-section elementor-element elementor-element-9db25a6 elementor-section-boxed elementor-section-height-default elementor-section-height-default\" data-id=\"9db25a6\" data-element_type=\"section\">\n\t\t\t\t\t\t<div class=\"elementor-container elementor-column-gap-default\">\n\t\t\t\t\t<div class=\"elementor-column elementor-col-100 elementor-top-column elementor-element elementor-element-290b0a8\" data-id=\"290b0a8\" data-element_type=\"column\">\n\t\t\t<div class=\"elementor-widget-wrap elementor-element-populated\">\n\t\t\t\t\t\t<div class=\"elementor-element elementor-element-0d9e457 elementor-widget elementor-widget-heading\" data-id=\"0d9e457\" data-element_type=\"widget\" data-widget_type=\"heading.default\">\n\t\t\t\t<div class=\"elementor-widget-container\">\n\t\t\t\t\t<h2 class=\"elementor-heading-title elementor-size-default\">L\u2019homme des ponts : Cara\u00efbe et Afrique<\/h2>\t\t\t\t<\/div>\n\t\t\t\t<\/div>\n\t\t\t\t<div class=\"elementor-element elementor-element-c3da9fc elementor-widget elementor-widget-text-editor\" data-id=\"c3da9fc\" data-element_type=\"widget\" data-widget_type=\"text-editor.default\">\n\t\t\t\t<div class=\"elementor-widget-container\">\n\t\t\t\t\t\t\t\t\t<p><span style=\"font-weight: 400;\"><a href=\"https:\/\/la1ere.franceinfo.fr\/recit-administrateur-colonial-resistant-d-outre-mer-franc-macon-qui-etait-vraiment-felix-eboue-1543393.html\" target=\"_blank\" rel=\"noopener nofollow\">F\u00e9lix \u00c9bou\u00e9<\/a> n\u2019a jamais cess\u00e9 d\u2019incarner un lien fort entre les deux rives de l\u2019Atlantique. Ses \u00e9crits et ses d\u00e9cisions politiques marquent une rupture avec l\u2019administration coloniale classique. Dans sa \u00ab <\/span><b>Nouvelle politique indig\u00e8ne pour l\u2019Afrique-\u00c9quatoriale fran\u00e7aise<\/b><span style=\"font-weight: 400;\"> \u00bb, publi\u00e9e en novembre 1941, il valorise les traditions africaines, reconna\u00eet le r\u00f4le des chefs coutumiers et ouvre la voie \u00e0 une gouvernance plus respectueuse des peuples colonis\u00e9s.<\/span><\/p>\t\t\t\t\t\t\t\t<\/div>\n\t\t\t\t<\/div>\n\t\t\t\t<div class=\"elementor-element elementor-element-e19d012 elementor-widget elementor-widget-image\" data-id=\"e19d012\" data-element_type=\"widget\" data-widget_type=\"image.default\">\n\t\t\t\t<div class=\"elementor-widget-container\">\n\t\t\t\t\t\t\t\t\t\t\t\t<figure class=\"wp-caption\">\n\t\t\t\t\t\t\t\t\t\t<img loading=\"lazy\" decoding=\"async\" width=\"350\" height=\"469\" src=\"https:\/\/richeskarayib.com\/wp-content\/uploads\/2025\/08\/\u00a9lordre-de-la-liberation.jpg\" class=\"attachment-large size-large wp-image-58942\" alt=\"F\u00e9lix \u00c9bou\u00e9\" srcset=\"https:\/\/richeskarayib.com\/wp-content\/uploads\/2025\/08\/\u00a9lordre-de-la-liberation.jpg 350w, https:\/\/richeskarayib.com\/wp-content\/uploads\/2025\/08\/\u00a9lordre-de-la-liberation-224x300.jpg 224w\" sizes=\"(max-width: 350px) 100vw, 350px\" \/>\t\t\t\t\t\t\t\t\t\t\t<figcaption class=\"widget-image-caption wp-caption-text\">\u00a9l'ordre de la lib\u00e9ration<\/figcaption>\n\t\t\t\t\t\t\t\t\t\t<\/figure>\n\t\t\t\t\t\t\t\t\t<\/div>\n\t\t\t\t<\/div>\n\t\t\t\t<div class=\"elementor-element elementor-element-f478087 elementor-widget elementor-widget-text-editor\" data-id=\"f478087\" data-element_type=\"widget\" data-widget_type=\"text-editor.default\">\n\t\t\t\t<div class=\"elementor-widget-container\">\n\t\t\t\t\t\t\t\t\t<p><span style=\"font-weight: 400;\">Cette vision est d\u2019autant plus remarquable qu\u2019elle s\u2019enracine dans son identit\u00e9 carib\u00e9enne : issu d\u2019un territoire marqu\u00e9 par l\u2019esclavage et la cr\u00e9olit\u00e9, \u00c9bou\u00e9 porte une conscience particuli\u00e8re des luttes pour la dignit\u00e9. \u00c0 travers lui, la Cara\u00efbe se projette dans le destin de l\u2019Afrique, dans une logique de continuit\u00e9 historique et culturelle.<\/span><\/p>\t\t\t\t\t\t\t\t<\/div>\n\t\t\t\t<\/div>\n\t\t\t\t<section class=\"elementor-section elementor-inner-section elementor-element elementor-element-c1e56d8 elementor-section-boxed elementor-section-height-default elementor-section-height-default\" data-id=\"c1e56d8\" data-element_type=\"section\">\n\t\t\t\t\t\t<div class=\"elementor-container elementor-column-gap-default\">\n\t\t\t\t\t<div class=\"elementor-column elementor-col-100 elementor-inner-column elementor-element elementor-element-a9b8003\" data-id=\"a9b8003\" data-element_type=\"column\">\n\t\t\t<div class=\"elementor-widget-wrap elementor-element-populated\">\n\t\t\t\t\t\t<div class=\"elementor-element elementor-element-6725286 elementor-widget elementor-widget-image\" data-id=\"6725286\" data-element_type=\"widget\" data-widget_type=\"image.default\">\n\t\t\t\t<div class=\"elementor-widget-container\">\n\t\t\t\t\t\t\t\t\t\t\t\t<figure class=\"wp-caption\">\n\t\t\t\t\t\t\t\t\t\t<img loading=\"lazy\" decoding=\"async\" width=\"450\" height=\"800\" src=\"https:\/\/richeskarayib.com\/wp-content\/uploads\/2025\/08\/Le-general-de-Gaulle-et-Felix-Eboue-\u2022-\u00a9Fondation-de-la-France-libre.webp\" class=\"attachment-large size-large wp-image-58946\" alt=\"F\u00e9lix \u00c9bou\u00e9\" srcset=\"https:\/\/richeskarayib.com\/wp-content\/uploads\/2025\/08\/Le-general-de-Gaulle-et-Felix-Eboue-\u2022-\u00a9Fondation-de-la-France-libre.webp 450w, https:\/\/richeskarayib.com\/wp-content\/uploads\/2025\/08\/Le-general-de-Gaulle-et-Felix-Eboue-\u2022-\u00a9Fondation-de-la-France-libre-169x300.webp 169w\" sizes=\"(max-width: 450px) 100vw, 450px\" \/>\t\t\t\t\t\t\t\t\t\t\t<figcaption class=\"widget-image-caption wp-caption-text\">Le g\u00e9n\u00e9ral de Gaulle et F\u00e9lix Ebou\u00e9 \u00a9Fondation de la France libre<\/figcaption>\n\t\t\t\t\t\t\t\t\t\t<\/figure>\n\t\t\t\t\t\t\t\t\t<\/div>\n\t\t\t\t<\/div>\n\t\t\t\t\t<\/div>\n\t\t<\/div>\n\t\t\t\t\t<\/div>\n\t\t<\/section>\n\t\t\t\t\t<\/div>\n\t\t<\/div>\n\t\t\t\t\t<\/div>\n\t\t<\/section>\n\t\t\t\t<section class=\"elementor-section elementor-top-section elementor-element elementor-element-42f0530 elementor-section-boxed elementor-section-height-default elementor-section-height-default\" data-id=\"42f0530\" data-element_type=\"section\">\n\t\t\t\t\t\t<div class=\"elementor-container elementor-column-gap-default\">\n\t\t\t\t\t<div class=\"elementor-column elementor-col-100 elementor-top-column elementor-element elementor-element-11640c4\" data-id=\"11640c4\" data-element_type=\"column\">\n\t\t\t<div class=\"elementor-widget-wrap elementor-element-populated\">\n\t\t\t\t\t\t<div class=\"elementor-element elementor-element-cb0171b elementor-widget elementor-widget-heading\" data-id=\"cb0171b\" data-element_type=\"widget\" data-widget_type=\"heading.default\">\n\t\t\t\t<div class=\"elementor-widget-container\">\n\t\t\t\t\t<h2 class=\"elementor-heading-title elementor-size-default\">Une reconnaissance mondiale<\/h2>\t\t\t\t<\/div>\n\t\t\t\t<\/div>\n\t\t\t\t<div class=\"elementor-element elementor-element-bc206ec elementor-widget elementor-widget-text-editor\" data-id=\"bc206ec\" data-element_type=\"widget\" data-widget_type=\"text-editor.default\">\n\t\t\t\t<div class=\"elementor-widget-container\">\n\t\t\t\t\t\t\t\t\t<p><span style=\"font-weight: 400;\">D\u00e9c\u00e9d\u00e9 au Caire le <\/span><b>17 mai 1944<\/b><span style=\"font-weight: 400;\">, <a href=\"https:\/\/www.ordredelaliberation.fr\/fr\/compagnons\/felix-eboue\" target=\"_blank\" rel=\"noopener nofollow\">F\u00e9lix \u00c9bou\u00e9<\/a> n\u2019a pas vu la victoire. Cinq ans plus tard, le 20 mai 1949, il entre au <\/span><b>Panth\u00e9on \u00e0 Paris<\/b><span style=\"font-weight: 400;\">, devenant le premier Noir \u00e0 y reposer. Son nom est d\u00e9sormais associ\u00e9 \u00e0 des a\u00e9roports, des lyc\u00e9es, des places et des rues, aussi bien en France hexagonale que dans la Cara\u00efbe et en Afrique. L\u2019a\u00e9roport international de Cayenne porte son nom depuis 2012, tout comme le lyc\u00e9e F\u00e9lix-\u00c9bou\u00e9 \u00e0 N\u2019Djamena, h\u00e9ritage direct de son action tchadienne.<\/span><\/p><p><span style=\"font-weight: 400;\">Ces hommages disent bien la port\u00e9e universelle de son geste du 26 ao\u00fbt 1940. Pour la Cara\u00efbe, c\u2019est la preuve \u00e9clatante que la r\u00e9gion a offert au monde des figures capables de transformer le cours de l\u2019Histoire.<\/span><\/p>\t\t\t\t\t\t\t\t<\/div>\n\t\t\t\t<\/div>\n\t\t\t\t<section class=\"elementor-section elementor-inner-section elementor-element elementor-element-e96cb75 elementor-section-boxed elementor-section-height-default elementor-section-height-default\" data-id=\"e96cb75\" data-element_type=\"section\">\n\t\t\t\t\t\t<div class=\"elementor-container elementor-column-gap-default\">\n\t\t\t\t\t<div class=\"elementor-column elementor-col-50 elementor-inner-column elementor-element elementor-element-a4ff3c1\" data-id=\"a4ff3c1\" data-element_type=\"column\">\n\t\t\t<div class=\"elementor-widget-wrap elementor-element-populated\">\n\t\t\t\t\t\t<div class=\"elementor-element elementor-element-3629622 elementor-widget elementor-widget-image\" data-id=\"3629622\" data-element_type=\"widget\" data-widget_type=\"image.default\">\n\t\t\t\t<div class=\"elementor-widget-container\">\n\t\t\t\t\t\t\t\t\t\t\t\t<figure class=\"wp-caption\">\n\t\t\t\t\t\t\t\t\t\t<img loading=\"lazy\" decoding=\"async\" width=\"800\" height=\"534\" src=\"https:\/\/richeskarayib.com\/wp-content\/uploads\/2025\/08\/\u00a9Aeroport-Cayenne-Felix-Eboue-CCIG-officiel-1024x683.jpg\" class=\"attachment-large size-large wp-image-58918\" alt=\"F\u00e9lix \u00c9bou\u00e9\" srcset=\"https:\/\/richeskarayib.com\/wp-content\/uploads\/2025\/08\/\u00a9Aeroport-Cayenne-Felix-Eboue-CCIG-officiel-1024x683.jpg 1024w, https:\/\/richeskarayib.com\/wp-content\/uploads\/2025\/08\/\u00a9Aeroport-Cayenne-Felix-Eboue-CCIG-officiel-300x200.jpg 300w, https:\/\/richeskarayib.com\/wp-content\/uploads\/2025\/08\/\u00a9Aeroport-Cayenne-Felix-Eboue-CCIG-officiel-768x512.jpg 768w, https:\/\/richeskarayib.com\/wp-content\/uploads\/2025\/08\/\u00a9Aeroport-Cayenne-Felix-Eboue-CCIG-officiel.jpg 1200w\" sizes=\"(max-width: 800px) 100vw, 800px\" \/>\t\t\t\t\t\t\t\t\t\t\t<figcaption class=\"widget-image-caption wp-caption-text\">\u00a9A\u00e9roport Cayenne F\u00e9lix Ebou\u00e9 CCIG officiel<\/figcaption>\n\t\t\t\t\t\t\t\t\t\t<\/figure>\n\t\t\t\t\t\t\t\t\t<\/div>\n\t\t\t\t<\/div>\n\t\t\t\t\t<\/div>\n\t\t<\/div>\n\t\t\t\t<div class=\"elementor-column elementor-col-50 elementor-inner-column elementor-element elementor-element-4e7e82c\" data-id=\"4e7e82c\" data-element_type=\"column\">\n\t\t\t<div class=\"elementor-widget-wrap elementor-element-populated\">\n\t\t\t\t\t\t<div class=\"elementor-element elementor-element-e6a98cf elementor-widget elementor-widget-image\" data-id=\"e6a98cf\" data-element_type=\"widget\" data-widget_type=\"image.default\">\n\t\t\t\t<div class=\"elementor-widget-container\">\n\t\t\t\t\t\t\t\t\t\t\t\t<figure class=\"wp-caption\">\n\t\t\t\t\t\t\t\t\t\t<img loading=\"lazy\" decoding=\"async\" width=\"800\" height=\"534\" src=\"https:\/\/richeskarayib.com\/wp-content\/uploads\/2025\/08\/\u00a9Aeroport-Cayenne-Felix-Eboue-CCIG-officiel-1.jpg\" class=\"attachment-large size-large wp-image-58922\" alt=\"F\u00e9lix \u00c9bou\u00e9\" srcset=\"https:\/\/richeskarayib.com\/wp-content\/uploads\/2025\/08\/\u00a9Aeroport-Cayenne-Felix-Eboue-CCIG-officiel-1.jpg 1024w, https:\/\/richeskarayib.com\/wp-content\/uploads\/2025\/08\/\u00a9Aeroport-Cayenne-Felix-Eboue-CCIG-officiel-1-300x200.jpg 300w, https:\/\/richeskarayib.com\/wp-content\/uploads\/2025\/08\/\u00a9Aeroport-Cayenne-Felix-Eboue-CCIG-officiel-1-768x512.jpg 768w\" sizes=\"(max-width: 800px) 100vw, 800px\" \/>\t\t\t\t\t\t\t\t\t\t\t<figcaption class=\"widget-image-caption wp-caption-text\">\u00a9A\u00e9roport Cayenne F\u00e9lix Ebou\u00e9 CCIG officiel<\/figcaption>\n\t\t\t\t\t\t\t\t\t\t<\/figure>\n\t\t\t\t\t\t\t\t\t<\/div>\n\t\t\t\t<\/div>\n\t\t\t\t\t<\/div>\n\t\t<\/div>\n\t\t\t\t\t<\/div>\n\t\t<\/section>\n\t\t\t\t\t<\/div>\n\t\t<\/div>\n\t\t\t\t\t<\/div>\n\t\t<\/section>\n\t\t\t\t<section class=\"elementor-section elementor-top-section elementor-element elementor-element-4575648 elementor-section-boxed elementor-section-height-default elementor-section-height-default\" data-id=\"4575648\" data-element_type=\"section\">\n\t\t\t\t\t\t<div class=\"elementor-container elementor-column-gap-default\">\n\t\t\t\t\t<div class=\"elementor-column elementor-col-100 elementor-top-column elementor-element elementor-element-66675d3\" data-id=\"66675d3\" data-element_type=\"column\">\n\t\t\t<div class=\"elementor-widget-wrap elementor-element-populated\">\n\t\t\t\t\t\t<div class=\"elementor-element elementor-element-797dd2b elementor-widget elementor-widget-heading\" data-id=\"797dd2b\" data-element_type=\"widget\" data-widget_type=\"heading.default\">\n\t\t\t\t<div class=\"elementor-widget-container\">\n\t\t\t\t\t<h2 class=\"elementor-heading-title elementor-size-default\">H\u00e9ritage pour la Cara\u00efbe d\u2019aujourd\u2019hui<\/h2>\t\t\t\t<\/div>\n\t\t\t\t<\/div>\n\t\t\t\t<div class=\"elementor-element elementor-element-78fe86c elementor-widget elementor-widget-text-editor\" data-id=\"78fe86c\" data-element_type=\"widget\" data-widget_type=\"text-editor.default\">\n\t\t\t\t<div class=\"elementor-widget-container\">\n\t\t\t\t\t\t\t\t\t<p><span style=\"font-weight: 400;\">Le 26 ao\u00fbt reste une date clef, non seulement dans l\u2019histoire de la France libre, mais aussi dans celle de la <a href=\"https:\/\/richeskarayib.com\/fr\/spirit-of-barbados-ambassadeur-volant-barbade\/\" target=\"_blank\" rel=\"noopener\">Cara\u00efbe<\/a>.<\/span><\/p><ul><li style=\"font-weight: 400;\" aria-level=\"1\"><span style=\"font-weight: 400;\">\u2705 Elle rappelle que la <\/span><b>Cara\u00efbe n\u2019est pas en marge<\/b><span style=\"font-weight: 400;\">, mais qu\u2019elle a contribu\u00e9 de mani\u00e8re d\u00e9cisive \u00e0 la lib\u00e9ration mondiale.<\/span><\/li><li style=\"font-weight: 400;\" aria-level=\"1\"><span style=\"font-weight: 400;\">\u2705 Elle incarne la <\/span><b>force des diasporas<\/b><span style=\"font-weight: 400;\">, capables d\u2019influer sur des \u00e9v\u00e9nements plan\u00e9taires.<\/span><\/li><li style=\"font-weight: 400;\" aria-level=\"1\"><span style=\"font-weight: 400;\">\u2705 Elle alimente encore aujourd\u2019hui la r\u00e9flexion sur la place des soci\u00e9t\u00e9s carib\u00e9ennes dans les grands r\u00e9cits historiques.<\/span><\/li><\/ul>\t\t\t\t\t\t\t\t<\/div>\n\t\t\t\t<\/div>\n\t\t\t\t<section class=\"elementor-section elementor-inner-section elementor-element elementor-element-29b0f0f elementor-section-boxed elementor-section-height-default elementor-section-height-default\" data-id=\"29b0f0f\" data-element_type=\"section\">\n\t\t\t\t\t\t<div class=\"elementor-container elementor-column-gap-default\">\n\t\t\t\t\t<div class=\"elementor-column elementor-col-100 elementor-inner-column elementor-element elementor-element-bdab110\" data-id=\"bdab110\" data-element_type=\"column\">\n\t\t\t<div class=\"elementor-widget-wrap elementor-element-populated\">\n\t\t\t\t\t\t<div class=\"elementor-element elementor-element-5a12abb elementor-widget elementor-widget-image\" data-id=\"5a12abb\" data-element_type=\"widget\" data-widget_type=\"image.default\">\n\t\t\t\t<div class=\"elementor-widget-container\">\n\t\t\t\t\t\t\t\t\t\t\t\t<figure class=\"wp-caption\">\n\t\t\t\t\t\t\t\t\t\t<img loading=\"lazy\" decoding=\"async\" width=\"800\" height=\"450\" src=\"https:\/\/richeskarayib.com\/wp-content\/uploads\/2025\/08\/Statue-de-Felix-Eboue-place-des-palmistes-a-Cayenne-\u2022-\u00a9OLIVIER-GOUJON-ROBERT-HARDING-PREMIUM.webp\" class=\"attachment-large size-large wp-image-58926\" alt=\"F\u00e9lix \u00c9bou\u00e9\" srcset=\"https:\/\/richeskarayib.com\/wp-content\/uploads\/2025\/08\/Statue-de-Felix-Eboue-place-des-palmistes-a-Cayenne-\u2022-\u00a9OLIVIER-GOUJON-ROBERT-HARDING-PREMIUM.webp 800w, https:\/\/richeskarayib.com\/wp-content\/uploads\/2025\/08\/Statue-de-Felix-Eboue-place-des-palmistes-a-Cayenne-\u2022-\u00a9OLIVIER-GOUJON-ROBERT-HARDING-PREMIUM-300x169.webp 300w, https:\/\/richeskarayib.com\/wp-content\/uploads\/2025\/08\/Statue-de-Felix-Eboue-place-des-palmistes-a-Cayenne-\u2022-\u00a9OLIVIER-GOUJON-ROBERT-HARDING-PREMIUM-768x432.webp 768w\" sizes=\"(max-width: 800px) 100vw, 800px\" \/>\t\t\t\t\t\t\t\t\t\t\t<figcaption class=\"widget-image-caption wp-caption-text\">Statue de F\u00e9lix Ebou\u00e9, place des palmistes \u00e0 Cayenne \u2022 \u00a9OLIVIER GOUJON ROBERT HARDING PREMIUM<\/figcaption>\n\t\t\t\t\t\t\t\t\t\t<\/figure>\n\t\t\t\t\t\t\t\t\t<\/div>\n\t\t\t\t<\/div>\n\t\t\t\t\t<\/div>\n\t\t<\/div>\n\t\t\t\t\t<\/div>\n\t\t<\/section>\n\t\t\t\t\t<\/div>\n\t\t<\/div>\n\t\t\t\t\t<\/div>\n\t\t<\/section>\n\t\t\t\t<section class=\"elementor-section elementor-top-section elementor-element elementor-element-3515158 elementor-section-boxed elementor-section-height-default elementor-section-height-default\" data-id=\"3515158\" data-element_type=\"section\">\n\t\t\t\t\t\t<div class=\"elementor-container elementor-column-gap-default\">\n\t\t\t\t\t<div class=\"elementor-column elementor-col-100 elementor-top-column elementor-element elementor-element-77d3139\" data-id=\"77d3139\" data-element_type=\"column\">\n\t\t\t<div class=\"elementor-widget-wrap elementor-element-populated\">\n\t\t\t\t\t\t<div class=\"elementor-element elementor-element-7f3c422 elementor-widget elementor-widget-text-editor\" data-id=\"7f3c422\" data-element_type=\"widget\" data-widget_type=\"text-editor.default\">\n\t\t\t\t<div class=\"elementor-widget-container\">\n\t\t\t\t\t\t\t\t\t<p><span style=\"font-weight: 400;\">Le <\/span><b>26 ao\u00fbt 1940<\/b><span style=\"font-weight: 400;\">, par la d\u00e9cision de F\u00e9lix \u00c9bou\u00e9, la Cara\u00efbe a pris place sur la sc\u00e8ne mondiale. En ralliant le Tchad \u00e0 la France libre, un Guyanais a permis au g\u00e9n\u00e9ral de Gaulle de poser les fondations de la r\u00e9sistance. Ce jour-l\u00e0, la Cara\u00efbe n\u2019\u00e9tait plus spectatrice : elle devenait <\/span><b>actrice de l\u2019Histoire universelle<\/b><span style=\"font-weight: 400;\">.<\/span><\/p><p><span style=\"font-weight: 400;\">F\u00e9lix \u00c9bou\u00e9 demeure ainsi un symbole de courage, de dignit\u00e9 et d\u2019engagement. Son h\u00e9ritage rappelle \u00e0 la Cara\u00efbe contemporaine que ses voix, issues d\u2019une histoire singuli\u00e8re, peuvent encore peser dans le destin du monde.<\/span><\/p>\t\t\t\t\t\t\t\t<\/div>\n\t\t\t\t<\/div>\n\t\t\t\t\t<\/div>\n\t\t<\/div>\n\t\t\t\t\t<\/div>\n\t\t<\/section>\n\t\t\t\t<\/div>\n\t\t","protected":false},"excerpt":{"rendered":"<p>Un destin n\u00e9 en Guyane fran\u00e7aise Le 26 d\u00e9cembre 1884, \u00e0 Cayenne en Guyane, naissait F\u00e9lix \u00c9bou\u00e9, enfant d\u2019une famille de \u00ab nouveaux libres \u00bb, descendants d\u2019esclaves affranchis. Rien ne laissait pr\u00e9sager qu\u2019un si\u00e8cle plus tard, son nom r\u00e9sonnerait \u00e0 l\u2019\u00e9chelle mondiale comme celui d\u2019un homme qui a pes\u00e9 dans le cours de la Seconde [&hellip;]<\/p>\n","protected":false},"author":662,"featured_media":58907,"comment_status":"open","ping_status":"open","sticky":false,"template":"","format":"standard","meta":{"_acf_changed":false,"footnotes":""},"categories":[1468],"tags":[1544],"class_list":["post-58913","post","type-post","status-publish","format-standard","has-post-thumbnail","hentry","category-histoire-patrimoine","tag-guyane-2"],"acf":[],"_links":{"self":[{"href":"https:\/\/richeskarayib.com\/fr\/wp-json\/wp\/v2\/posts\/58913","targetHints":{"allow":["GET"]}}],"collection":[{"href":"https:\/\/richeskarayib.com\/fr\/wp-json\/wp\/v2\/posts"}],"about":[{"href":"https:\/\/richeskarayib.com\/fr\/wp-json\/wp\/v2\/types\/post"}],"author":[{"embeddable":true,"href":"https:\/\/richeskarayib.com\/fr\/wp-json\/wp\/v2\/users\/662"}],"replies":[{"embeddable":true,"href":"https:\/\/richeskarayib.com\/fr\/wp-json\/wp\/v2\/comments?post=58913"}],"version-history":[{"count":0,"href":"https:\/\/richeskarayib.com\/fr\/wp-json\/wp\/v2\/posts\/58913\/revisions"}],"wp:featuredmedia":[{"embeddable":true,"href":"https:\/\/richeskarayib.com\/fr\/wp-json\/wp\/v2\/media\/58907"}],"wp:attachment":[{"href":"https:\/\/richeskarayib.com\/fr\/wp-json\/wp\/v2\/media?parent=58913"}],"wp:term":[{"taxonomy":"category","embeddable":true,"href":"https:\/\/richeskarayib.com\/fr\/wp-json\/wp\/v2\/categories?post=58913"},{"taxonomy":"post_tag","embeddable":true,"href":"https:\/\/richeskarayib.com\/fr\/wp-json\/wp\/v2\/tags?post=58913"}],"curies":[{"name":"wp","href":"https:\/\/api.w.org\/{rel}","templated":true}]}}