{"id":59025,"date":"2025-08-29T02:44:18","date_gmt":"2025-08-29T06:44:18","guid":{"rendered":"https:\/\/richeskarayib.com\/?p=59025"},"modified":"2025-08-29T02:44:18","modified_gmt":"2025-08-29T06:44:18","slug":"creative-economy-grant-fund-350-000-ec","status":"publish","type":"post","link":"https:\/\/richeskarayib.com\/fr\/creative-economy-grant-fund-350-000-ec\/","title":{"rendered":"Sainte Lucie &#8211; Creative Economy Grant Fund : 350 000 $ EC pour propulser l\u2019\u00e9conomie cr\u00e9ative"},"content":{"rendered":"\t\t<div data-elementor-type=\"wp-post\" data-elementor-id=\"59025\" class=\"elementor elementor-59025\" data-elementor-post-type=\"post\">\n\t\t\t\t\t\t<section class=\"elementor-section elementor-top-section elementor-element elementor-element-7ca7ca1 elementor-section-boxed elementor-section-height-default elementor-section-height-default\" data-id=\"7ca7ca1\" data-element_type=\"section\">\n\t\t\t\t\t\t<div class=\"elementor-container elementor-column-gap-default\">\n\t\t\t\t\t<div class=\"elementor-column elementor-col-100 elementor-top-column elementor-element elementor-element-cbdd002\" data-id=\"cbdd002\" data-element_type=\"column\">\n\t\t\t<div class=\"elementor-widget-wrap elementor-element-populated\">\n\t\t\t\t\t\t<section class=\"elementor-section elementor-inner-section elementor-element elementor-element-bc94849 elementor-section-boxed elementor-section-height-default elementor-section-height-default\" data-id=\"bc94849\" data-element_type=\"section\">\n\t\t\t\t\t\t<div class=\"elementor-container elementor-column-gap-default\">\n\t\t\t\t\t\t<\/div>\n\t\t<\/section>\n\t\t\t\t<section class=\"elementor-section elementor-inner-section elementor-element elementor-element-61571e6 elementor-section-boxed elementor-section-height-default elementor-section-height-default\" data-id=\"61571e6\" data-element_type=\"section\">\n\t\t\t\t\t\t<div class=\"elementor-container elementor-column-gap-default\">\n\t\t\t\t\t\t<\/div>\n\t\t<\/section>\n\t\t\t\t<section class=\"elementor-section elementor-inner-section elementor-element elementor-element-b6262e0 elementor-section-boxed elementor-section-height-default elementor-section-height-default\" data-id=\"b6262e0\" data-element_type=\"section\">\n\t\t\t\t\t\t<div class=\"elementor-container elementor-column-gap-default\">\n\t\t\t\t\t\t<\/div>\n\t\t<\/section>\n\t\t\t\t<section class=\"elementor-section elementor-inner-section elementor-element elementor-element-cca29fd elementor-section-boxed elementor-section-height-default elementor-section-height-default\" data-id=\"cca29fd\" data-element_type=\"section\">\n\t\t\t\t\t\t<div class=\"elementor-container elementor-column-gap-default\">\n\t\t\t\t\t\t<\/div>\n\t\t<\/section>\n\t\t\t\t\t<\/div>\n\t\t<\/div>\n\t\t\t\t\t<\/div>\n\t\t<\/section>\n\t\t\t\t<section class=\"elementor-section elementor-top-section elementor-element elementor-element-51a27bd elementor-section-boxed elementor-section-height-default elementor-section-height-default\" data-id=\"51a27bd\" data-element_type=\"section\">\n\t\t\t\t\t\t<div class=\"elementor-container elementor-column-gap-default\">\n\t\t\t\t\t<div class=\"elementor-column elementor-col-100 elementor-top-column elementor-element elementor-element-b5ad517\" data-id=\"b5ad517\" data-element_type=\"column\">\n\t\t\t<div class=\"elementor-widget-wrap elementor-element-populated\">\n\t\t\t\t\t\t<div class=\"elementor-element elementor-element-6b269d1 elementor-widget elementor-widget-heading\" data-id=\"6b269d1\" data-element_type=\"widget\" data-widget_type=\"heading.default\">\n\t\t\t\t<div class=\"elementor-widget-container\">\n\t\t\t\t\t<h2 class=\"elementor-heading-title elementor-size-default\">Une annonce importante pour la culture et l\u2019\u00e9conomie<\/h2>\t\t\t\t<\/div>\n\t\t\t\t<\/div>\n\t\t\t\t<div class=\"elementor-element elementor-element-5e0d570 elementor-widget elementor-widget-text-editor\" data-id=\"5e0d570\" data-element_type=\"widget\" data-widget_type=\"text-editor.default\">\n\t\t\t\t<div class=\"elementor-widget-container\">\n\t\t\t\t\t\t\t\t\t<p><span style=\"font-weight: 400;\"><a href=\"https:\/\/richeskarayib.com\/fr\/reforme-du-passeport-de-10-ans-pour-citoyens\/\" target=\"_blank\" rel=\"noopener\">Sainte Lucie<\/a> franchit une \u00e9tape d\u00e9cisive dans la valorisation de son potentiel culturel et entrepreneurial. Le Premier ministre Philip J. Pierre a annonc\u00e9, le 25 ao\u00fbt 2025 \u00e0 Castries, la cr\u00e9ation du <a href=\"https:\/\/www.saintlucianewsonline.net\/component\/k2\/item\/1378-government-launches-creative-economy-grant-fund-to-support-young-talent\" target=\"_blank\" rel=\"noopener nofollow\">Creative Economy Grant Fund<\/a>, dot\u00e9 d\u2019un budget de <\/span><b>350 000 dollars EC<\/b><span style=\"font-weight: 400;\">. Cette initiative in\u00e9dite vise \u00e0 renforcer les capacit\u00e9s des artistes, des entrepreneurs cr\u00e9atifs et des praticiens culturels, en leur offrant un acc\u00e8s direct \u00e0 des financements pour d\u00e9velopper leurs projets, conqu\u00e9rir de nouveaux march\u00e9s et consolider leur r\u00f4le dans l\u2019\u00e9conomie nationale.\u00a0<\/span><\/p><p><span style=\"font-weight: 400;\">Avec ce fonds, la culture cesse d\u2019\u00eatre per\u00e7ue uniquement comme un symbole identitaire pour devenir \u00e9galement un moteur de croissance, d\u2019emploi et d\u2019inclusion sociale.<\/span><\/p>\t\t\t\t\t\t\t\t<\/div>\n\t\t\t\t<\/div>\n\t\t\t\t\t<\/div>\n\t\t<\/div>\n\t\t\t\t\t<\/div>\n\t\t<\/section>\n\t\t\t\t<section class=\"elementor-section elementor-top-section elementor-element elementor-element-5214e28 elementor-section-boxed elementor-section-height-default elementor-section-height-default\" data-id=\"5214e28\" data-element_type=\"section\">\n\t\t\t\t\t\t<div class=\"elementor-container elementor-column-gap-default\">\n\t\t\t\t\t<div class=\"elementor-column elementor-col-100 elementor-top-column elementor-element elementor-element-dade06d\" data-id=\"dade06d\" data-element_type=\"column\">\n\t\t\t<div class=\"elementor-widget-wrap elementor-element-populated\">\n\t\t\t\t\t\t<div class=\"elementor-element elementor-element-d1b711d elementor-widget elementor-widget-heading\" data-id=\"d1b711d\" data-element_type=\"widget\" data-widget_type=\"heading.default\">\n\t\t\t\t<div class=\"elementor-widget-container\">\n\t\t\t\t\t<h2 class=\"elementor-heading-title elementor-size-default\">Un soutien concret aux cr\u00e9ateurs<\/h2>\t\t\t\t<\/div>\n\t\t\t\t<\/div>\n\t\t\t\t<div class=\"elementor-element elementor-element-a454b32 elementor-widget elementor-widget-text-editor\" data-id=\"a454b32\" data-element_type=\"widget\" data-widget_type=\"text-editor.default\">\n\t\t\t\t<div class=\"elementor-widget-container\">\n\t\t\t\t\t\t\t\t\t<p><span style=\"font-weight: 400;\"><a href=\"https:\/\/www.facebook.com\/opmsaintlucia\/posts\/prime-minister-pierre-announces-the-establishment-of-the-new-creative-economy-gr\/1169820435173461\/\" target=\"_blank\" rel=\"noopener nofollow\">Le Creative Economy Grant Fund<\/a> a \u00e9t\u00e9 con\u00e7u pour r\u00e9pondre \u00e0 un manque de ressources auquel sont confront\u00e9s depuis longtemps les acteurs culturels. Musiciens, designers, artistes visuels, \u00e9crivains ou encore troupes de th\u00e9\u00e2tre ont souvent souffert d\u2019un d\u00e9ficit de financement, freinant leurs ambitions.<\/span><\/p>\t\t\t\t\t\t\t\t<\/div>\n\t\t\t\t<\/div>\n\t\t\t\t<div class=\"elementor-element elementor-element-710c0f5 elementor-widget elementor-widget-text-editor\" data-id=\"710c0f5\" data-element_type=\"widget\" data-widget_type=\"text-editor.default\">\n\t\t\t\t<div class=\"elementor-widget-container\">\n\t\t\t\t\t\t\t\t\t<p><span style=\"font-weight: 400;\">Ce nouveau m\u00e9canisme leur offre d\u00e9sormais un cadre clair :<\/span><\/p><ul><li style=\"font-weight: 400;\" aria-level=\"1\"><span style=\"font-weight: 400;\">\u2705 des <\/span>Micro Grants<span style=\"font-weight: 400;\"> allant jusqu\u2019\u00e0 5 000 dollars EC pour financer la formation, le marketing et les lancements de produits ;<\/span><\/li><li style=\"font-weight: 400;\" aria-level=\"1\">\u2705 des Production Grants de 5 001 \u00e0 10 000 dollars EC pour l\u2019achat de mat\u00e9riel, d\u2019\u00e9quipements, la promotion et le renforcement des capacit\u00e9s.<\/li><\/ul>\t\t\t\t\t\t\t\t<\/div>\n\t\t\t\t<\/div>\n\t\t\t\t<div class=\"elementor-element elementor-element-88c6809 elementor-widget elementor-widget-text-editor\" data-id=\"88c6809\" data-element_type=\"widget\" data-widget_type=\"text-editor.default\">\n\t\t\t\t<div class=\"elementor-widget-container\">\n\t\t\t\t\t\t\t\t\t<p><span style=\"font-weight: 400;\">En int\u00e9grant ces deux cat\u00e9gories, le <\/span>Creative Economy Grant Fund<span style=\"font-weight: 400;\"> couvre aussi bien les besoins imm\u00e9diats de formation que les investissements structurants pour la production. C\u2019est une approche pragmatique, qui cherche \u00e0 donner aux cr\u00e9ateurs les moyens de passer de l\u2019id\u00e9e \u00e0 la r\u00e9alisation.<\/span><\/p>\t\t\t\t\t\t\t\t<\/div>\n\t\t\t\t<\/div>\n\t\t\t\t<section class=\"elementor-section elementor-inner-section elementor-element elementor-element-210c6a3 elementor-section-boxed elementor-section-height-default elementor-section-height-default\" data-id=\"210c6a3\" data-element_type=\"section\">\n\t\t\t\t\t\t<div class=\"elementor-container elementor-column-gap-default\">\n\t\t\t\t\t<div class=\"elementor-column elementor-col-100 elementor-inner-column elementor-element elementor-element-959384a\" data-id=\"959384a\" data-element_type=\"column\">\n\t\t\t<div class=\"elementor-widget-wrap elementor-element-populated\">\n\t\t\t\t\t\t<div class=\"elementor-element elementor-element-cc564a7 elementor-widget elementor-widget-image\" data-id=\"cc564a7\" data-element_type=\"widget\" data-widget_type=\"image.default\">\n\t\t\t\t<div class=\"elementor-widget-container\">\n\t\t\t\t\t\t\t\t\t\t\t\t\t\t\t<img fetchpriority=\"high\" decoding=\"async\" width=\"800\" height=\"800\" src=\"https:\/\/richeskarayib.com\/wp-content\/uploads\/2025\/08\/539362452_1170959778392860_5718017109558088555_n-1024x1024.jpg\" class=\"attachment-large size-large wp-image-59034\" alt=\"Creative Economy Grant Fund\" srcset=\"https:\/\/richeskarayib.com\/wp-content\/uploads\/2025\/08\/539362452_1170959778392860_5718017109558088555_n-1024x1024.jpg 1024w, https:\/\/richeskarayib.com\/wp-content\/uploads\/2025\/08\/539362452_1170959778392860_5718017109558088555_n-300x300.jpg 300w, https:\/\/richeskarayib.com\/wp-content\/uploads\/2025\/08\/539362452_1170959778392860_5718017109558088555_n-150x150.jpg 150w, https:\/\/richeskarayib.com\/wp-content\/uploads\/2025\/08\/539362452_1170959778392860_5718017109558088555_n-768x768.jpg 768w, https:\/\/richeskarayib.com\/wp-content\/uploads\/2025\/08\/539362452_1170959778392860_5718017109558088555_n-1536x1536.jpg 1536w, https:\/\/richeskarayib.com\/wp-content\/uploads\/2025\/08\/539362452_1170959778392860_5718017109558088555_n-1320x1320.jpg 1320w, https:\/\/richeskarayib.com\/wp-content\/uploads\/2025\/08\/539362452_1170959778392860_5718017109558088555_n.jpg 1920w\" sizes=\"(max-width: 800px) 100vw, 800px\" \/>\t\t\t\t\t\t\t\t\t\t\t\t\t\t\t<\/div>\n\t\t\t\t<\/div>\n\t\t\t\t\t<\/div>\n\t\t<\/div>\n\t\t\t\t\t<\/div>\n\t\t<\/section>\n\t\t\t\t\t<\/div>\n\t\t<\/div>\n\t\t\t\t\t<\/div>\n\t\t<\/section>\n\t\t\t\t<section class=\"elementor-section elementor-top-section elementor-element elementor-element-6f34adc elementor-section-boxed elementor-section-height-default elementor-section-height-default\" data-id=\"6f34adc\" data-element_type=\"section\">\n\t\t\t\t\t\t<div class=\"elementor-container elementor-column-gap-default\">\n\t\t\t\t\t<div class=\"elementor-column elementor-col-100 elementor-top-column elementor-element elementor-element-787608c\" data-id=\"787608c\" data-element_type=\"column\">\n\t\t\t<div class=\"elementor-widget-wrap elementor-element-populated\">\n\t\t\t\t\t\t<div class=\"elementor-element elementor-element-d1b2db8 elementor-widget elementor-widget-heading\" data-id=\"d1b2db8\" data-element_type=\"widget\" data-widget_type=\"heading.default\">\n\t\t\t\t<div class=\"elementor-widget-container\">\n\t\t\t\t\t<h2 class=\"elementor-heading-title elementor-size-default\">Des objectifs clairs<\/h2>\t\t\t\t<\/div>\n\t\t\t\t<\/div>\n\t\t\t\t<div class=\"elementor-element elementor-element-c5c79cd elementor-widget elementor-widget-text-editor\" data-id=\"c5c79cd\" data-element_type=\"widget\" data-widget_type=\"text-editor.default\">\n\t\t\t\t<div class=\"elementor-widget-container\">\n\t\t\t\t\t\t\t\t\t<p><span style=\"font-weight: 400;\">Le gouvernement de <a href=\"https:\/\/richeskarayib.com\/fr\/cooperation-afrique-caraibes-visite-tinubu\/\" target=\"_blank\" rel=\"noopener\">Sainte Lucie<\/a> a d\u00e9fini plusieurs priorit\u00e9s pour orienter le Creative Economy Grant Fund :<\/span><\/p><ol><li style=\"font-weight: 400;\" aria-level=\"1\"><span style=\"font-weight: 400;\">Encourager la <\/span>qualit\u00e9 et l\u2019innovation<span style=\"font-weight: 400;\"> dans la production artistique.<\/span><\/li><li style=\"font-weight: 400;\" aria-level=\"1\"><span style=\"font-weight: 400;\">Renforcer la <\/span>capacit\u00e9 entrepreneuriale<span style=\"font-weight: 400;\"> des acteurs cr\u00e9atifs.<\/span><\/li><li style=\"font-weight: 400;\" aria-level=\"1\"><span style=\"font-weight: 400;\">Favoriser la <\/span>collaboration et le mentorat<span style=\"font-weight: 400;\"> pour stimuler les r\u00e9seaux locaux.<\/span><\/li><li style=\"font-weight: 400;\" aria-level=\"1\"><span style=\"font-weight: 400;\">Promouvoir une <\/span>inclusion r\u00e9elle<span style=\"font-weight: 400;\">, en soutenant notamment les sous-secteurs sous-repr\u00e9sent\u00e9s.<\/span><\/li><li style=\"font-weight: 400;\" aria-level=\"1\">D\u00e9velopper les audiences et les march\u00e9s afin d\u2019\u00e9largir l\u2019impact \u00e9conomique et social.<\/li><\/ol>\t\t\t\t\t\t\t\t<\/div>\n\t\t\t\t<\/div>\n\t\t\t\t<div class=\"elementor-element elementor-element-61e5e8d elementor-widget elementor-widget-text-editor\" data-id=\"61e5e8d\" data-element_type=\"widget\" data-widget_type=\"text-editor.default\">\n\t\t\t\t<div class=\"elementor-widget-container\">\n\t\t\t\t\t\t\t\t\t<p><span style=\"font-weight: 400;\">En d\u2019autres termes, ce fonds n\u2019est pas une aide ponctuelle : il s\u2019agit d\u2019un levier strat\u00e9gique destin\u00e9 \u00e0 renforcer la place de la cr\u00e9ativit\u00e9 dans la construction de la nation.<\/span><\/p>\t\t\t\t\t\t\t\t<\/div>\n\t\t\t\t<\/div>\n\t\t\t\t\t<\/div>\n\t\t<\/div>\n\t\t\t\t\t<\/div>\n\t\t<\/section>\n\t\t\t\t<section class=\"elementor-section elementor-top-section elementor-element elementor-element-42f0530 elementor-section-boxed elementor-section-height-default elementor-section-height-default\" data-id=\"42f0530\" data-element_type=\"section\">\n\t\t\t\t\t\t<div class=\"elementor-container elementor-column-gap-default\">\n\t\t\t\t\t<div class=\"elementor-column elementor-col-100 elementor-top-column elementor-element elementor-element-11640c4\" data-id=\"11640c4\" data-element_type=\"column\">\n\t\t\t<div class=\"elementor-widget-wrap elementor-element-populated\">\n\t\t\t\t\t\t<div class=\"elementor-element elementor-element-cb0171b elementor-widget elementor-widget-heading\" data-id=\"cb0171b\" data-element_type=\"widget\" data-widget_type=\"heading.default\">\n\t\t\t\t<div class=\"elementor-widget-container\">\n\t\t\t\t\t<h2 class=\"elementor-heading-title elementor-size-default\">Une d\u00e9marche inclusive et accessible<\/h2>\t\t\t\t<\/div>\n\t\t\t\t<\/div>\n\t\t\t\t<div class=\"elementor-element elementor-element-bc206ec elementor-widget elementor-widget-text-editor\" data-id=\"bc206ec\" data-element_type=\"widget\" data-widget_type=\"text-editor.default\">\n\t\t\t\t<div class=\"elementor-widget-container\">\n\t\t\t\t\t\t\t\t\t<p><span style=\"font-weight: 400;\">L\u2019un des aspects marquants du <a href=\"https:\/\/stluciatimes.com\/172578\/2025\/08\/artists-creatives-to-benefit-from-350k-government-fund\/\" target=\"_blank\" rel=\"noopener nofollow\">Creative Economy Grant Fund<\/a> est son ouverture. Les candidatures sont accessibles d\u00e8s 16 ans, et concernent aussi bien des individus que des micro-entreprises ou des collectifs culturels. Cette approche inclusive traduit la volont\u00e9 de d\u00e9mocratiser l\u2019acc\u00e8s aux financements publics.<\/span><\/p><p><span style=\"font-weight: 400;\">Le processus est \u00e9galement simple et transparent : les candidats doivent envoyer leur dossier par courriel \u00e0 <\/span><i><span style=\"font-weight: 400;\"><span \n                data-original-string='NGk2q4l2jOJlNazbXJdRLA==66dPxPQOlh6XHugMSV8WoOvtcXVpLn5rxd+spNrxlCny10='\n                class='apbct-email-encoder'\n                title='This contact has been encoded by Anti-Spam by CleanTalk. Click to decode. To finish the decoding make sure that JavaScript is enabled in your browser.'>st<span class=\"apbct-blur\">**************<\/span>@<span class=\"apbct-blur\">***<\/span>il.com<\/span><\/span><\/i><span style=\"font-weight: 400;\"> entre septembre et le 30 octobre 2025. Cette facilit\u00e9 d\u2019acc\u00e8s contraste avec les lourdeurs administratives souvent reproch\u00e9es \u00e0 d\u2019autres programmes r\u00e9gionaux.<\/span><\/p>\t\t\t\t\t\t\t\t<\/div>\n\t\t\t\t<\/div>\n\t\t\t\t<section class=\"elementor-section elementor-inner-section elementor-element elementor-element-02d9650 elementor-section-boxed elementor-section-height-default elementor-section-height-default\" data-id=\"02d9650\" data-element_type=\"section\">\n\t\t\t\t\t\t<div class=\"elementor-container elementor-column-gap-default\">\n\t\t\t\t\t<div class=\"elementor-column elementor-col-100 elementor-inner-column elementor-element elementor-element-4e866cc\" data-id=\"4e866cc\" data-element_type=\"column\">\n\t\t\t<div class=\"elementor-widget-wrap elementor-element-populated\">\n\t\t\t\t\t\t<div class=\"elementor-element elementor-element-c76f6a4 elementor-widget elementor-widget-image\" data-id=\"c76f6a4\" data-element_type=\"widget\" data-widget_type=\"image.default\">\n\t\t\t\t<div class=\"elementor-widget-container\">\n\t\t\t\t\t\t\t\t\t\t\t\t<figure class=\"wp-caption\">\n\t\t\t\t\t\t\t\t\t\t<img decoding=\"async\" width=\"800\" height=\"800\" src=\"https:\/\/richeskarayib.com\/wp-content\/uploads\/2025\/08\/\u00a9saintlucianewsonline.jpg\" class=\"attachment-large size-large wp-image-59038\" alt=\"Creative Economy Grant Fund\" srcset=\"https:\/\/richeskarayib.com\/wp-content\/uploads\/2025\/08\/\u00a9saintlucianewsonline.jpg 850w, https:\/\/richeskarayib.com\/wp-content\/uploads\/2025\/08\/\u00a9saintlucianewsonline-300x300.jpg 300w, https:\/\/richeskarayib.com\/wp-content\/uploads\/2025\/08\/\u00a9saintlucianewsonline-150x150.jpg 150w, https:\/\/richeskarayib.com\/wp-content\/uploads\/2025\/08\/\u00a9saintlucianewsonline-768x768.jpg 768w\" sizes=\"(max-width: 800px) 100vw, 800px\" \/>\t\t\t\t\t\t\t\t\t\t\t<figcaption class=\"widget-image-caption wp-caption-text\">\u00a9saintlucianewsonline<\/figcaption>\n\t\t\t\t\t\t\t\t\t\t<\/figure>\n\t\t\t\t\t\t\t\t\t<\/div>\n\t\t\t\t<\/div>\n\t\t\t\t\t<\/div>\n\t\t<\/div>\n\t\t\t\t\t<\/div>\n\t\t<\/section>\n\t\t\t\t\t<\/div>\n\t\t<\/div>\n\t\t\t\t\t<\/div>\n\t\t<\/section>\n\t\t\t\t<section class=\"elementor-section elementor-top-section elementor-element elementor-element-4575648 elementor-section-boxed elementor-section-height-default elementor-section-height-default\" data-id=\"4575648\" data-element_type=\"section\">\n\t\t\t\t\t\t<div class=\"elementor-container elementor-column-gap-default\">\n\t\t\t\t\t<div class=\"elementor-column elementor-col-100 elementor-top-column elementor-element elementor-element-66675d3\" data-id=\"66675d3\" data-element_type=\"column\">\n\t\t\t<div class=\"elementor-widget-wrap elementor-element-populated\">\n\t\t\t\t\t\t<div class=\"elementor-element elementor-element-797dd2b elementor-widget elementor-widget-heading\" data-id=\"797dd2b\" data-element_type=\"widget\" data-widget_type=\"heading.default\">\n\t\t\t\t<div class=\"elementor-widget-container\">\n\t\t\t\t\t<h2 class=\"elementor-heading-title elementor-size-default\">Une philosophie gouvernementale affirm\u00e9e<\/h2>\t\t\t\t<\/div>\n\t\t\t\t<\/div>\n\t\t\t\t<div class=\"elementor-element elementor-element-78fe86c elementor-widget elementor-widget-text-editor\" data-id=\"78fe86c\" data-element_type=\"widget\" data-widget_type=\"text-editor.default\">\n\t\t\t\t<div class=\"elementor-widget-container\">\n\t\t\t\t\t\t\t\t\t<p><span style=\"font-weight: 400;\">Pour le Premier ministre Philip J. Pierre, le Creative Economy Grant Fund illustre une philosophie coh\u00e9rente : \u00e9largir les opportunit\u00e9s gr\u00e2ce \u00e0 l\u2019entreprise et \u00e0 l\u2019innovation. Dans son allocution, il a rappel\u00e9 que l\u2019\u00e9conomie ne se limite pas aux chiffres, mais doit offrir des chances concr\u00e8tes \u00e0 chaque citoyen.<\/span><\/p>\t\t\t\t\t\t\t\t<\/div>\n\t\t\t\t<\/div>\n\t\t\t\t<div class=\"elementor-element elementor-element-b523c2c elementor-widget elementor-widget-text-editor\" data-id=\"b523c2c\" data-element_type=\"widget\" data-widget_type=\"text-editor.default\">\n\t\t\t\t<div class=\"elementor-widget-container\">\n\t\t\t\t\t\t\t\t\t<p><span style=\"font-weight: 400;\">De son c\u00f4t\u00e9, le ministre Ernest Hilaire a insist\u00e9 sur l\u2019impact direct pour les cr\u00e9ateurs. Selon lui, Sainte-Lucie regorge de talents dans la musique, le th\u00e9\u00e2tre, les arts visuels et le design. Mais ces talents restaient trop souvent \u00e0 l\u2019\u00e9tat de potentiel, faute de moyens. Le Creative Economy Grant Fund vise pr\u00e9cis\u00e9ment \u00e0 transformer ce potentiel en production, et ces id\u00e9es en revenus.<\/span><\/p>\t\t\t\t\t\t\t\t<\/div>\n\t\t\t\t<\/div>\n\t\t\t\t<section class=\"elementor-section elementor-inner-section elementor-element elementor-element-4ef816a elementor-section-boxed elementor-section-height-default elementor-section-height-default\" data-id=\"4ef816a\" data-element_type=\"section\">\n\t\t\t\t\t\t<div class=\"elementor-container elementor-column-gap-default\">\n\t\t\t\t\t<div class=\"elementor-column elementor-col-100 elementor-inner-column elementor-element elementor-element-89a8715\" data-id=\"89a8715\" data-element_type=\"column\">\n\t\t\t<div class=\"elementor-widget-wrap elementor-element-populated\">\n\t\t\t\t\t\t<div class=\"elementor-element elementor-element-8a4623c elementor-widget elementor-widget-video\" data-id=\"8a4623c\" data-element_type=\"widget\" data-settings=\"{&quot;video_type&quot;:&quot;hosted&quot;,&quot;controls&quot;:&quot;yes&quot;}\" data-widget_type=\"video.default\">\n\t\t\t\t<div class=\"elementor-widget-container\">\n\t\t\t\t\t\t\t<div class=\"e-hosted-video elementor-wrapper elementor-open-inline\">\n\t\t\t\t\t<video class=\"elementor-video\" src=\"https:\/\/richeskarayib.com\/wp-content\/uploads\/2025\/08\/Creative-Industries-.mp4\" controls=\"\" preload=\"metadata\" controlsList=\"nodownload\"><\/video>\n\t\t\t\t<\/div>\n\t\t\t\t\t\t<\/div>\n\t\t\t\t<\/div>\n\t\t\t\t\t<\/div>\n\t\t<\/div>\n\t\t\t\t\t<\/div>\n\t\t<\/section>\n\t\t\t\t\t<\/div>\n\t\t<\/div>\n\t\t\t\t\t<\/div>\n\t\t<\/section>\n\t\t\t\t<section class=\"elementor-section elementor-top-section elementor-element elementor-element-e2a8f98 elementor-section-boxed elementor-section-height-default elementor-section-height-default\" data-id=\"e2a8f98\" data-element_type=\"section\">\n\t\t\t\t\t\t<div class=\"elementor-container elementor-column-gap-default\">\n\t\t\t\t\t<div class=\"elementor-column elementor-col-100 elementor-top-column elementor-element elementor-element-361d762\" data-id=\"361d762\" data-element_type=\"column\">\n\t\t\t<div class=\"elementor-widget-wrap elementor-element-populated\">\n\t\t\t\t\t\t<div class=\"elementor-element elementor-element-8e50c6b elementor-widget elementor-widget-heading\" data-id=\"8e50c6b\" data-element_type=\"widget\" data-widget_type=\"heading.default\">\n\t\t\t\t<div class=\"elementor-widget-container\">\n\t\t\t\t\t<h2 class=\"elementor-heading-title elementor-size-default\">Un contexte r\u00e9gional favorable<\/h2>\t\t\t\t<\/div>\n\t\t\t\t<\/div>\n\t\t\t\t<div class=\"elementor-element elementor-element-5d8085c elementor-widget elementor-widget-text-editor\" data-id=\"5d8085c\" data-element_type=\"widget\" data-widget_type=\"text-editor.default\">\n\t\t\t\t<div class=\"elementor-widget-container\">\n\t\t\t\t\t\t\t\t\t<p><span style=\"font-weight: 400;\">L\u2019annonce du Creative Economy Grant Fund s\u2019inscrit dans une dynamique carib\u00e9enne plus large. Plusieurs territoires, comme la Barbade ou la Jama\u00efque, ont d\u00e9j\u00e0 mis en place des fonds de soutien similaires pour renforcer leurs industries culturelles et cr\u00e9atives. Ces secteurs sont d\u00e9sormais consid\u00e9r\u00e9s comme des moteurs de diversification \u00e9conomique, capables de g\u00e9n\u00e9rer des emplois, d\u2019attirer des investissements et de renforcer l\u2019identit\u00e9 culturelle r\u00e9gionale.<\/span><\/p>\t\t\t\t\t\t\t\t<\/div>\n\t\t\t\t<\/div>\n\t\t\t\t<div class=\"elementor-element elementor-element-31b3580 elementor-widget elementor-widget-text-editor\" data-id=\"31b3580\" data-element_type=\"widget\" data-widget_type=\"text-editor.default\">\n\t\t\t\t<div class=\"elementor-widget-container\">\n\t\t\t\t\t\t\t\t\t<p><span style=\"font-weight: 400;\">En se dotant d\u2019un tel outil, Sainte-Lucie rejoint donc une strat\u00e9gie r\u00e9gionale de valorisation de la culture comme ressource \u00e9conomique. L\u2019\u00eele affirme sa volont\u00e9 de ne pas rester en marge de ce mouvement, mais de jouer un r\u00f4le actif dans la consolidation de l\u2019\u00e9conomie cr\u00e9ative carib\u00e9enne.<\/span><\/p>\t\t\t\t\t\t\t\t<\/div>\n\t\t\t\t<\/div>\n\t\t\t\t\t<\/div>\n\t\t<\/div>\n\t\t\t\t\t<\/div>\n\t\t<\/section>\n\t\t\t\t<section class=\"elementor-section elementor-top-section elementor-element elementor-element-6735e3b elementor-section-boxed elementor-section-height-default elementor-section-height-default\" data-id=\"6735e3b\" data-element_type=\"section\">\n\t\t\t\t\t\t<div class=\"elementor-container elementor-column-gap-default\">\n\t\t\t\t\t<div class=\"elementor-column elementor-col-100 elementor-top-column elementor-element elementor-element-a097fe4\" data-id=\"a097fe4\" data-element_type=\"column\">\n\t\t\t<div class=\"elementor-widget-wrap elementor-element-populated\">\n\t\t\t\t\t\t<div class=\"elementor-element elementor-element-3e3de7f elementor-widget elementor-widget-heading\" data-id=\"3e3de7f\" data-element_type=\"widget\" data-widget_type=\"heading.default\">\n\t\t\t\t<div class=\"elementor-widget-container\">\n\t\t\t\t\t<h2 class=\"elementor-heading-title elementor-size-default\">Retomb\u00e9es attendues pour Sainte Lucie<\/h2>\t\t\t\t<\/div>\n\t\t\t\t<\/div>\n\t\t\t\t<div class=\"elementor-element elementor-element-be4a044 elementor-widget elementor-widget-text-editor\" data-id=\"be4a044\" data-element_type=\"widget\" data-widget_type=\"text-editor.default\">\n\t\t\t\t<div class=\"elementor-widget-container\">\n\t\t\t\t\t\t\t\t\t<p><span style=\"font-weight: 400;\">Les b\u00e9n\u00e9fices du Creative Economy Grant Fund devraient \u00eatre multiples :<\/span><\/p><ul><li style=\"font-weight: 400;\" aria-level=\"1\"><b>\u2705 \u00c9conomiques<\/b><span style=\"font-weight: 400;\"> : cr\u00e9ation d\u2019emplois, stimulation de petites entreprises et augmentation des revenus pour les artistes.<\/span><\/li><li style=\"font-weight: 400;\" aria-level=\"1\"><b>\u2705 Culturels<\/b><span style=\"font-weight: 400;\"> : meilleure qualit\u00e9 des productions locales, rayonnement accru des talents saint-luciens \u00e0 l\u2019international.<\/span><\/li><li style=\"font-weight: 400;\" aria-level=\"1\"><b>\u2705 Sociaux<\/b> : inclusion de jeunes cr\u00e9ateurs et de secteurs marginalis\u00e9s, renforcement du sentiment d\u2019identit\u00e9 nationale.<\/li><\/ul>\t\t\t\t\t\t\t\t<\/div>\n\t\t\t\t<\/div>\n\t\t\t\t<div class=\"elementor-element elementor-element-79ddc24 elementor-widget elementor-widget-text-editor\" data-id=\"79ddc24\" data-element_type=\"widget\" data-widget_type=\"text-editor.default\">\n\t\t\t\t<div class=\"elementor-widget-container\">\n\t\t\t\t\t\t\t\t\t<p><span style=\"font-weight: 400;\">\u00c0 moyen terme, ce fonds pourrait contribuer \u00e0 positionner Sainte-Lucie comme un hub culturel r\u00e9gional, capable d\u2019attirer festivals, expositions et projets collaboratifs dans l\u2019ensemble de la Cara\u00efbe.<\/span><\/p>\t\t\t\t\t\t\t\t<\/div>\n\t\t\t\t<\/div>\n\t\t\t\t\t<\/div>\n\t\t<\/div>\n\t\t\t\t\t<\/div>\n\t\t<\/section>\n\t\t\t\t<section class=\"elementor-section elementor-top-section elementor-element elementor-element-c971598 elementor-section-boxed elementor-section-height-default elementor-section-height-default\" data-id=\"c971598\" data-element_type=\"section\">\n\t\t\t\t\t\t<div class=\"elementor-container elementor-column-gap-default\">\n\t\t\t\t\t<div class=\"elementor-column elementor-col-100 elementor-top-column elementor-element elementor-element-761b32e\" data-id=\"761b32e\" data-element_type=\"column\">\n\t\t\t<div class=\"elementor-widget-wrap elementor-element-populated\">\n\t\t\t\t\t\t<div class=\"elementor-element elementor-element-8ec6b67 elementor-widget elementor-widget-text-editor\" data-id=\"8ec6b67\" data-element_type=\"widget\" data-widget_type=\"text-editor.default\">\n\t\t\t\t<div class=\"elementor-widget-container\">\n\t\t\t\t\t\t\t\t\t<p><span style=\"font-weight: 400;\">Le Creative Economy Grant Fund, dot\u00e9 de 350 000 dollars EC, est bien plus qu\u2019une ligne budg\u00e9taire : il incarne une vision nationale qui place la culture et la cr\u00e9ativit\u00e9 au c\u0153ur de la croissance de Sainte-Lucie. En soutenant directement les artistes, les entrepreneurs et les collectifs culturels, le gouvernement offre des moyens concrets pour transformer le potentiel cr\u00e9atif en opportunit\u00e9s \u00e9conomiques durables.<\/span><\/p><p><span style=\"font-weight: 400;\">Au-del\u00e0 de l\u2019impact local, cette initiative s\u2019inscrit dans une dynamique r\u00e9gionale o\u00f9 la Cara\u00efbe mise de plus en plus sur ses industries culturelles comme leviers de d\u00e9veloppement. Si le Creative Economy Grant Fund parvient \u00e0 stimuler la production, \u00e0 \u00e9largir les march\u00e9s et \u00e0 faire \u00e9merger de nouvelles figures artistiques, Sainte Lucie pourrait se positionner comme un v\u00e9ritable mod\u00e8le pour les petites nations insulaires.<\/span><\/p>\t\t\t\t\t\t\t\t<\/div>\n\t\t\t\t<\/div>\n\t\t\t\t\t<\/div>\n\t\t<\/div>\n\t\t\t\t\t<\/div>\n\t\t<\/section>\n\t\t\t\t<\/div>\n\t\t","protected":false},"excerpt":{"rendered":"<p>Une annonce importante pour la culture et l\u2019\u00e9conomie Sainte Lucie franchit une \u00e9tape d\u00e9cisive dans la valorisation de son potentiel culturel et entrepreneurial. Le Premier ministre Philip J. Pierre a annonc\u00e9, le 25 ao\u00fbt 2025 \u00e0 Castries, la cr\u00e9ation du Creative Economy Grant Fund, dot\u00e9 d\u2019un budget de 350 000 dollars EC. Cette initiative in\u00e9dite [&hellip;]<\/p>\n","protected":false},"author":662,"featured_media":59026,"comment_status":"open","ping_status":"open","sticky":false,"template":"","format":"standard","meta":{"_acf_changed":false,"footnotes":""},"categories":[840],"tags":[1599],"class_list":["post-59025","post","type-post","status-publish","format-standard","has-post-thumbnail","hentry","category-actus","tag-sainte-lucie-fr"],"acf":[],"_links":{"self":[{"href":"https:\/\/richeskarayib.com\/fr\/wp-json\/wp\/v2\/posts\/59025","targetHints":{"allow":["GET"]}}],"collection":[{"href":"https:\/\/richeskarayib.com\/fr\/wp-json\/wp\/v2\/posts"}],"about":[{"href":"https:\/\/richeskarayib.com\/fr\/wp-json\/wp\/v2\/types\/post"}],"author":[{"embeddable":true,"href":"https:\/\/richeskarayib.com\/fr\/wp-json\/wp\/v2\/users\/662"}],"replies":[{"embeddable":true,"href":"https:\/\/richeskarayib.com\/fr\/wp-json\/wp\/v2\/comments?post=59025"}],"version-history":[{"count":0,"href":"https:\/\/richeskarayib.com\/fr\/wp-json\/wp\/v2\/posts\/59025\/revisions"}],"wp:featuredmedia":[{"embeddable":true,"href":"https:\/\/richeskarayib.com\/fr\/wp-json\/wp\/v2\/media\/59026"}],"wp:attachment":[{"href":"https:\/\/richeskarayib.com\/fr\/wp-json\/wp\/v2\/media?parent=59025"}],"wp:term":[{"taxonomy":"category","embeddable":true,"href":"https:\/\/richeskarayib.com\/fr\/wp-json\/wp\/v2\/categories?post=59025"},{"taxonomy":"post_tag","embeddable":true,"href":"https:\/\/richeskarayib.com\/fr\/wp-json\/wp\/v2\/tags?post=59025"}],"curies":[{"name":"wp","href":"https:\/\/api.w.org\/{rel}","templated":true}]}}