{"id":60368,"date":"2025-09-01T07:56:25","date_gmt":"2025-09-01T11:56:25","guid":{"rendered":"https:\/\/richeskarayib.com\/?p=60368"},"modified":"2025-09-04T03:46:34","modified_gmt":"2025-09-04T07:46:34","slug":"carifesta-xv-martinique-un-grand-message","status":"publish","type":"post","link":"https:\/\/richeskarayib.com\/fr\/carifesta-xv-martinique-un-grand-message\/","title":{"rendered":"[CARIFESTA XV] &#8211; Martinique : une petite d\u00e9l\u00e9gation pour un grand message"},"content":{"rendered":"\t\t<div data-elementor-type=\"wp-post\" data-elementor-id=\"60368\" class=\"elementor elementor-60368\" data-elementor-post-type=\"post\">\n\t\t\t\t\t\t<section class=\"elementor-section elementor-top-section elementor-element elementor-element-7ca7ca1 elementor-section-boxed elementor-section-height-default elementor-section-height-default\" data-id=\"7ca7ca1\" data-element_type=\"section\">\n\t\t\t\t\t\t<div class=\"elementor-container elementor-column-gap-default\">\n\t\t\t\t\t<div class=\"elementor-column elementor-col-100 elementor-top-column elementor-element elementor-element-cbdd002\" data-id=\"cbdd002\" data-element_type=\"column\">\n\t\t\t<div class=\"elementor-widget-wrap elementor-element-populated\">\n\t\t\t\t\t\t<section class=\"elementor-section elementor-inner-section elementor-element elementor-element-bc94849 elementor-section-boxed elementor-section-height-default elementor-section-height-default\" data-id=\"bc94849\" data-element_type=\"section\">\n\t\t\t\t\t\t<div class=\"elementor-container elementor-column-gap-default\">\n\t\t\t\t\t\t<\/div>\n\t\t<\/section>\n\t\t\t\t<section class=\"elementor-section elementor-inner-section elementor-element elementor-element-61571e6 elementor-section-boxed elementor-section-height-default elementor-section-height-default\" data-id=\"61571e6\" data-element_type=\"section\">\n\t\t\t\t\t\t<div class=\"elementor-container elementor-column-gap-default\">\n\t\t\t\t\t\t<\/div>\n\t\t<\/section>\n\t\t\t\t<section class=\"elementor-section elementor-inner-section elementor-element elementor-element-b6262e0 elementor-section-boxed elementor-section-height-default elementor-section-height-default\" data-id=\"b6262e0\" data-element_type=\"section\">\n\t\t\t\t\t\t<div class=\"elementor-container elementor-column-gap-default\">\n\t\t\t\t\t\t<\/div>\n\t\t<\/section>\n\t\t\t\t<section class=\"elementor-section elementor-inner-section elementor-element elementor-element-cca29fd elementor-section-boxed elementor-section-height-default elementor-section-height-default\" data-id=\"cca29fd\" data-element_type=\"section\">\n\t\t\t\t\t\t<div class=\"elementor-container elementor-column-gap-default\">\n\t\t\t\t\t\t<\/div>\n\t\t<\/section>\n\t\t\t\t\t<\/div>\n\t\t<\/div>\n\t\t\t\t\t<\/div>\n\t\t<\/section>\n\t\t\t\t<section class=\"elementor-section elementor-top-section elementor-element elementor-element-51a27bd elementor-section-boxed elementor-section-height-default elementor-section-height-default\" data-id=\"51a27bd\" data-element_type=\"section\">\n\t\t\t\t\t\t<div class=\"elementor-container elementor-column-gap-default\">\n\t\t\t\t\t<div class=\"elementor-column elementor-col-100 elementor-top-column elementor-element elementor-element-b5ad517\" data-id=\"b5ad517\" data-element_type=\"column\">\n\t\t\t<div class=\"elementor-widget-wrap elementor-element-populated\">\n\t\t\t\t\t\t<div class=\"elementor-element elementor-element-67055be elementor-widget elementor-widget-text-editor\" data-id=\"67055be\" data-element_type=\"widget\" data-widget_type=\"text-editor.default\">\n\t\t\t\t<div class=\"elementor-widget-container\">\n\t\t\t\t\t\t\t\t\t<p>Malgr\u00e9 une pr\u00e9sence modeste en nombre, la Martinique a brill\u00e9 par la force de ses propositions artistiques et culturelles \u00e0 la <a href=\"https:\/\/richeskarayib.com\/fr\/opal-palmer-adisa-ecrire-la-caraibe-memoire\/\">CARIFESTA XV<\/a>. Rich\u00e8s Karayib revient sur l&#8217;engagement de ses artistes, l&#8217;impact de leurs performances et la port\u00e9e symbolique d&#8217;une participation qui r\u00e9v\u00e8le toute la richesse cr\u00e9ative de l&#8217;\u00eele.<\/p>\t\t\t\t\t\t\t\t<\/div>\n\t\t\t\t<\/div>\n\t\t\t\t<div class=\"elementor-element elementor-element-6b269d1 elementor-widget elementor-widget-heading\" data-id=\"6b269d1\" data-element_type=\"widget\" data-widget_type=\"heading.default\">\n\t\t\t\t<div class=\"elementor-widget-container\">\n\t\t\t\t\t<h2 class=\"elementor-heading-title elementor-size-default\">Cr\u00e9ation artistique lors de la CARIFESTA XV : trois expressions, un m\u00eame territoire\n<\/h2>\t\t\t\t<\/div>\n\t\t\t\t<\/div>\n\t\t\t\t<div class=\"elementor-element elementor-element-5e0d570 elementor-widget elementor-widget-text-editor\" data-id=\"5e0d570\" data-element_type=\"widget\" data-widget_type=\"text-editor.default\">\n\t\t\t\t<div class=\"elementor-widget-container\">\n\t\t\t\t\t\t\t\t\t<h2><strong>Le groupe Tras La<\/strong><\/h2><p>Le spectacle &#8220;Lanm\u00e8 ka pran, lanm\u00e8 ka ba&#8221; du groupe <a href=\"https:\/\/www.ciedelatrace.com\/\" target=\"_blank\" rel=\"noopener nofollow\"><strong>Tras La<\/strong><\/a>, port\u00e9 par <strong>La Soso (Sonya Marc)<\/strong>, a transport\u00e9 le public dans une fresque sensorielle autour de la mer Cara\u00efbe, un spectacle profond\u00e9ment symbolique et incarn\u00e9e.\u00a0<\/p><p>Compos\u00e9 de deux tableaux, ce spectacle tisse un lien sensible entre m\u00e9moire, drame historique et c\u00e9l\u00e9bration vivante :<\/p><p>\u00a0La premi\u00e8re partie : <em>Lanm\u00e8 ka pran<\/em> \u2014 la mer qui prend, rend hommage aux vies englouties, aux disparus de la travers\u00e9e transatlantique, mais aussi \u00e0 des figures telles que le journaliste Andr\u00e9 Aliker ou les victimes de Chalvet, tous li\u00e9s \u00e0 l\u2019histoire et \u00e0 la mer.<\/p><p>La seconde partie , <em>Lanm\u00e8 ka ba<\/em> &#8211; la mer qui donne, s\u2019ancre dans la transmission et la vitalit\u00e9 : la p\u00eache, les Yoles, l\u2019amour, la plage, les f\u00eates populaires.<\/p><p>La mise en sc\u00e8ne chor\u00e9graphique m\u00eale l\u2019eau, les corps, les tambours et les r\u00e9cits intimes, pour faire de la mer une actrice centrale de la m\u00e9moire collective.<\/p><p>Pour La Soso, ce spectacle prend tout son sens \u00e0 la Barbade, dans une Cara\u00efbe reli\u00e9e par la mer, o\u00f9 il devient urgent de d\u00e9passer les barri\u00e8res linguistiques et politiques pour renforcer une rencontre naturelle entre Carib\u00e9ens. C\u2019est l\u2019esprit m\u00eame de la CARIFESTA XV.<\/p>\t\t\t\t\t\t\t\t<\/div>\n\t\t\t\t<\/div>\n\t\t\t\t<div class=\"elementor-element elementor-element-4075dd3 elementor-widget elementor-widget-image\" data-id=\"4075dd3\" data-element_type=\"widget\" data-widget_type=\"image.default\">\n\t\t\t\t<div class=\"elementor-widget-container\">\n\t\t\t\t\t\t\t\t\t\t\t\t\t\t\t<img fetchpriority=\"high\" decoding=\"async\" width=\"800\" height=\"370\" src=\"https:\/\/richeskarayib.com\/wp-content\/uploads\/2025\/09\/WhatsApp-Image-2025-09-01-a-07.25.41_a3097f23-1024x473.jpg\" class=\"attachment-large size-large wp-image-60374\" alt=\"CARIFESTA XV\" srcset=\"https:\/\/richeskarayib.com\/wp-content\/uploads\/2025\/09\/WhatsApp-Image-2025-09-01-a-07.25.41_a3097f23-1024x473.jpg 1024w, https:\/\/richeskarayib.com\/wp-content\/uploads\/2025\/09\/WhatsApp-Image-2025-09-01-a-07.25.41_a3097f23-300x139.jpg 300w, https:\/\/richeskarayib.com\/wp-content\/uploads\/2025\/09\/WhatsApp-Image-2025-09-01-a-07.25.41_a3097f23-768x355.jpg 768w, https:\/\/richeskarayib.com\/wp-content\/uploads\/2025\/09\/WhatsApp-Image-2025-09-01-a-07.25.41_a3097f23-1536x709.jpg 1536w, https:\/\/richeskarayib.com\/wp-content\/uploads\/2025\/09\/WhatsApp-Image-2025-09-01-a-07.25.41_a3097f23-1320x610.jpg 1320w, https:\/\/richeskarayib.com\/wp-content\/uploads\/2025\/09\/WhatsApp-Image-2025-09-01-a-07.25.41_a3097f23.jpg 1600w\" sizes=\"(max-width: 800px) 100vw, 800px\" \/>\t\t\t\t\t\t\t\t\t\t\t\t\t\t\t<\/div>\n\t\t\t\t<\/div>\n\t\t\t\t<div class=\"elementor-element elementor-element-55e2f47 elementor-widget elementor-widget-image\" data-id=\"55e2f47\" data-element_type=\"widget\" data-widget_type=\"image.default\">\n\t\t\t\t<div class=\"elementor-widget-container\">\n\t\t\t\t\t\t\t\t\t\t\t\t\t\t\t<img decoding=\"async\" width=\"800\" height=\"370\" src=\"https:\/\/richeskarayib.com\/wp-content\/uploads\/2025\/09\/WhatsApp-Image-2025-09-01-a-07.25.40_baa69c83-1024x473.jpg\" class=\"attachment-large size-large wp-image-60382\" alt=\"CARIFESTA XV\" srcset=\"https:\/\/richeskarayib.com\/wp-content\/uploads\/2025\/09\/WhatsApp-Image-2025-09-01-a-07.25.40_baa69c83-1024x473.jpg 1024w, https:\/\/richeskarayib.com\/wp-content\/uploads\/2025\/09\/WhatsApp-Image-2025-09-01-a-07.25.40_baa69c83-300x139.jpg 300w, https:\/\/richeskarayib.com\/wp-content\/uploads\/2025\/09\/WhatsApp-Image-2025-09-01-a-07.25.40_baa69c83-768x355.jpg 768w, https:\/\/richeskarayib.com\/wp-content\/uploads\/2025\/09\/WhatsApp-Image-2025-09-01-a-07.25.40_baa69c83-1536x709.jpg 1536w, https:\/\/richeskarayib.com\/wp-content\/uploads\/2025\/09\/WhatsApp-Image-2025-09-01-a-07.25.40_baa69c83-1320x610.jpg 1320w, https:\/\/richeskarayib.com\/wp-content\/uploads\/2025\/09\/WhatsApp-Image-2025-09-01-a-07.25.40_baa69c83.jpg 1600w\" sizes=\"(max-width: 800px) 100vw, 800px\" \/>\t\t\t\t\t\t\t\t\t\t\t\t\t\t\t<\/div>\n\t\t\t\t<\/div>\n\t\t\t\t<div class=\"elementor-element elementor-element-d5c7b56 elementor-widget elementor-widget-image\" data-id=\"d5c7b56\" data-element_type=\"widget\" data-widget_type=\"image.default\">\n\t\t\t\t<div class=\"elementor-widget-container\">\n\t\t\t\t\t\t\t\t\t\t\t\t\t\t\t<img decoding=\"async\" width=\"800\" height=\"370\" src=\"https:\/\/richeskarayib.com\/wp-content\/uploads\/2025\/09\/WhatsApp-Image-2025-09-01-a-07.25.41_190ce0db-1024x473.jpg\" class=\"attachment-large size-large wp-image-60378\" alt=\"CARIFESTA XV\" srcset=\"https:\/\/richeskarayib.com\/wp-content\/uploads\/2025\/09\/WhatsApp-Image-2025-09-01-a-07.25.41_190ce0db-1024x473.jpg 1024w, https:\/\/richeskarayib.com\/wp-content\/uploads\/2025\/09\/WhatsApp-Image-2025-09-01-a-07.25.41_190ce0db-300x139.jpg 300w, https:\/\/richeskarayib.com\/wp-content\/uploads\/2025\/09\/WhatsApp-Image-2025-09-01-a-07.25.41_190ce0db-768x355.jpg 768w, https:\/\/richeskarayib.com\/wp-content\/uploads\/2025\/09\/WhatsApp-Image-2025-09-01-a-07.25.41_190ce0db-1536x709.jpg 1536w, https:\/\/richeskarayib.com\/wp-content\/uploads\/2025\/09\/WhatsApp-Image-2025-09-01-a-07.25.41_190ce0db-1320x610.jpg 1320w, https:\/\/richeskarayib.com\/wp-content\/uploads\/2025\/09\/WhatsApp-Image-2025-09-01-a-07.25.41_190ce0db.jpg 1600w\" sizes=\"(max-width: 800px) 100vw, 800px\" \/>\t\t\t\t\t\t\t\t\t\t\t\t\t\t\t<\/div>\n\t\t\t\t<\/div>\n\t\t\t\t<div class=\"elementor-element elementor-element-a05877c elementor-widget elementor-widget-image\" data-id=\"a05877c\" data-element_type=\"widget\" data-widget_type=\"image.default\">\n\t\t\t\t<div class=\"elementor-widget-container\">\n\t\t\t\t\t\t\t\t\t\t\t\t\t\t\t<img loading=\"lazy\" decoding=\"async\" width=\"473\" height=\"1024\" src=\"https:\/\/richeskarayib.com\/wp-content\/uploads\/2025\/09\/WhatsApp-Image-2025-09-01-a-07.25.40_b54241b2-473x1024.jpg\" class=\"attachment-large size-large wp-image-60386\" alt=\"CARIFESTA XV\" srcset=\"https:\/\/richeskarayib.com\/wp-content\/uploads\/2025\/09\/WhatsApp-Image-2025-09-01-a-07.25.40_b54241b2-473x1024.jpg 473w, https:\/\/richeskarayib.com\/wp-content\/uploads\/2025\/09\/WhatsApp-Image-2025-09-01-a-07.25.40_b54241b2-139x300.jpg 139w, https:\/\/richeskarayib.com\/wp-content\/uploads\/2025\/09\/WhatsApp-Image-2025-09-01-a-07.25.40_b54241b2-709x1536.jpg 709w, https:\/\/richeskarayib.com\/wp-content\/uploads\/2025\/09\/WhatsApp-Image-2025-09-01-a-07.25.40_b54241b2.jpg 739w\" sizes=\"(max-width: 473px) 100vw, 473px\" \/>\t\t\t\t\t\t\t\t\t\t\t\t\t\t\t<\/div>\n\t\t\t\t<\/div>\n\t\t\t\t<div class=\"elementor-element elementor-element-4257b67 elementor-widget elementor-widget-image\" data-id=\"4257b67\" data-element_type=\"widget\" data-widget_type=\"image.default\">\n\t\t\t\t<div class=\"elementor-widget-container\">\n\t\t\t\t\t\t\t\t\t\t\t\t\t\t\t<img loading=\"lazy\" decoding=\"async\" width=\"800\" height=\"370\" src=\"https:\/\/richeskarayib.com\/wp-content\/uploads\/2025\/09\/WhatsApp-Image-2025-09-01-a-07.25.40_87ef6c51-1024x473.jpg\" class=\"attachment-large size-large wp-image-60394\" alt=\"CARIFESTA XV\" srcset=\"https:\/\/richeskarayib.com\/wp-content\/uploads\/2025\/09\/WhatsApp-Image-2025-09-01-a-07.25.40_87ef6c51-1024x473.jpg 1024w, https:\/\/richeskarayib.com\/wp-content\/uploads\/2025\/09\/WhatsApp-Image-2025-09-01-a-07.25.40_87ef6c51-300x139.jpg 300w, https:\/\/richeskarayib.com\/wp-content\/uploads\/2025\/09\/WhatsApp-Image-2025-09-01-a-07.25.40_87ef6c51-768x355.jpg 768w, https:\/\/richeskarayib.com\/wp-content\/uploads\/2025\/09\/WhatsApp-Image-2025-09-01-a-07.25.40_87ef6c51-1536x709.jpg 1536w, https:\/\/richeskarayib.com\/wp-content\/uploads\/2025\/09\/WhatsApp-Image-2025-09-01-a-07.25.40_87ef6c51-1320x610.jpg 1320w, https:\/\/richeskarayib.com\/wp-content\/uploads\/2025\/09\/WhatsApp-Image-2025-09-01-a-07.25.40_87ef6c51.jpg 1600w\" sizes=\"(max-width: 800px) 100vw, 800px\" \/>\t\t\t\t\t\t\t\t\t\t\t\t\t\t\t<\/div>\n\t\t\t\t<\/div>\n\t\t\t\t<div class=\"elementor-element elementor-element-90815ae elementor-widget elementor-widget-image\" data-id=\"90815ae\" data-element_type=\"widget\" data-widget_type=\"image.default\">\n\t\t\t\t<div class=\"elementor-widget-container\">\n\t\t\t\t\t\t\t\t\t\t\t\t\t\t\t<img loading=\"lazy\" decoding=\"async\" width=\"800\" height=\"370\" src=\"https:\/\/richeskarayib.com\/wp-content\/uploads\/2025\/09\/WhatsApp-Image-2025-09-01-a-07.25.40_9d7d3522-1024x473.jpg\" class=\"attachment-large size-large wp-image-60390\" alt=\"CARIFESTA XV\" srcset=\"https:\/\/richeskarayib.com\/wp-content\/uploads\/2025\/09\/WhatsApp-Image-2025-09-01-a-07.25.40_9d7d3522-1024x473.jpg 1024w, https:\/\/richeskarayib.com\/wp-content\/uploads\/2025\/09\/WhatsApp-Image-2025-09-01-a-07.25.40_9d7d3522-300x139.jpg 300w, https:\/\/richeskarayib.com\/wp-content\/uploads\/2025\/09\/WhatsApp-Image-2025-09-01-a-07.25.40_9d7d3522-768x355.jpg 768w, https:\/\/richeskarayib.com\/wp-content\/uploads\/2025\/09\/WhatsApp-Image-2025-09-01-a-07.25.40_9d7d3522-1536x709.jpg 1536w, https:\/\/richeskarayib.com\/wp-content\/uploads\/2025\/09\/WhatsApp-Image-2025-09-01-a-07.25.40_9d7d3522-1320x610.jpg 1320w, https:\/\/richeskarayib.com\/wp-content\/uploads\/2025\/09\/WhatsApp-Image-2025-09-01-a-07.25.40_9d7d3522.jpg 1600w\" sizes=\"(max-width: 800px) 100vw, 800px\" \/>\t\t\t\t\t\t\t\t\t\t\t\t\t\t\t<\/div>\n\t\t\t\t<\/div>\n\t\t\t\t<div class=\"elementor-element elementor-element-5cf466b elementor-widget elementor-widget-text-editor\" data-id=\"5cf466b\" data-element_type=\"widget\" data-widget_type=\"text-editor.default\">\n\t\t\t\t<div class=\"elementor-widget-container\">\n\t\t\t\t\t\t\t\t\t<h2><strong>Boris Reine-Ad\u00e9la\u00efde<\/strong><\/h2><p><a href=\"https:\/\/www.facebook.com\/borispercu\/?locale=fr_FR\" target=\"_blank\" rel=\"noopener nofollow\"><strong>Boris Reine-Ad\u00e9la\u00efde<\/strong><\/a>, alias Boris Percus, a quant \u00e0 lui livr\u00e9 une performance solo saisissante, o\u00f9 il fusionne le tambour b\u00e8l\u00e8 traditionnel martiniquais avec un sampler \u00e9lectronique. Seul en sc\u00e8ne, il cr\u00e9e une musique en direct qui m\u00eale afrobeat, rumba congolaise, drill, dancehall et influences br\u00e9siliennes.<\/p><p>Ce voyage sonore puissant, ancr\u00e9 dans la tradition mais ouvert sur le monde, dessine une Martinique contemporaine, en dialogue avec les sc\u00e8nes musicales d\u2019Afrique, d\u2019Europe et d\u2019Am\u00e9rique latine. Une mani\u00e8re de raconter son \u00eele autrement, par le rythme, l\u2019improvisation et la technologie, en parfaite r\u00e9sonance avec la CARIFESTA XV.<\/p>\t\t\t\t\t\t\t\t<\/div>\n\t\t\t\t<\/div>\n\t\t\t\t<div class=\"elementor-element elementor-element-f881a77 elementor-widget elementor-widget-image\" data-id=\"f881a77\" data-element_type=\"widget\" data-widget_type=\"image.default\">\n\t\t\t\t<div class=\"elementor-widget-container\">\n\t\t\t\t\t\t\t\t\t\t\t\t\t\t\t<img loading=\"lazy\" decoding=\"async\" width=\"800\" height=\"370\" src=\"https:\/\/richeskarayib.com\/wp-content\/uploads\/2025\/09\/WhatsApp-Image-2025-09-01-a-07.29.50_b8e8effd-1024x473.jpg\" class=\"attachment-large size-large wp-image-60398\" alt=\"CARIFESTA XV\" srcset=\"https:\/\/richeskarayib.com\/wp-content\/uploads\/2025\/09\/WhatsApp-Image-2025-09-01-a-07.29.50_b8e8effd-1024x473.jpg 1024w, https:\/\/richeskarayib.com\/wp-content\/uploads\/2025\/09\/WhatsApp-Image-2025-09-01-a-07.29.50_b8e8effd-300x139.jpg 300w, https:\/\/richeskarayib.com\/wp-content\/uploads\/2025\/09\/WhatsApp-Image-2025-09-01-a-07.29.50_b8e8effd-768x355.jpg 768w, https:\/\/richeskarayib.com\/wp-content\/uploads\/2025\/09\/WhatsApp-Image-2025-09-01-a-07.29.50_b8e8effd-1536x709.jpg 1536w, https:\/\/richeskarayib.com\/wp-content\/uploads\/2025\/09\/WhatsApp-Image-2025-09-01-a-07.29.50_b8e8effd-1320x610.jpg 1320w, https:\/\/richeskarayib.com\/wp-content\/uploads\/2025\/09\/WhatsApp-Image-2025-09-01-a-07.29.50_b8e8effd.jpg 1600w\" sizes=\"(max-width: 800px) 100vw, 800px\" \/>\t\t\t\t\t\t\t\t\t\t\t\t\t\t\t<\/div>\n\t\t\t\t<\/div>\n\t\t\t\t<div class=\"elementor-element elementor-element-ee81bd5 elementor-widget elementor-widget-image\" data-id=\"ee81bd5\" data-element_type=\"widget\" data-widget_type=\"image.default\">\n\t\t\t\t<div class=\"elementor-widget-container\">\n\t\t\t\t\t\t\t\t\t\t\t\t\t\t\t<img loading=\"lazy\" decoding=\"async\" width=\"800\" height=\"370\" src=\"https:\/\/richeskarayib.com\/wp-content\/uploads\/2025\/09\/WhatsApp-Image-2025-09-01-a-07.29.49_396258fe-1024x473.jpg\" class=\"attachment-large size-large wp-image-60402\" alt=\"CARIFESTA XV\" srcset=\"https:\/\/richeskarayib.com\/wp-content\/uploads\/2025\/09\/WhatsApp-Image-2025-09-01-a-07.29.49_396258fe-1024x473.jpg 1024w, https:\/\/richeskarayib.com\/wp-content\/uploads\/2025\/09\/WhatsApp-Image-2025-09-01-a-07.29.49_396258fe-300x139.jpg 300w, https:\/\/richeskarayib.com\/wp-content\/uploads\/2025\/09\/WhatsApp-Image-2025-09-01-a-07.29.49_396258fe-768x355.jpg 768w, https:\/\/richeskarayib.com\/wp-content\/uploads\/2025\/09\/WhatsApp-Image-2025-09-01-a-07.29.49_396258fe-1536x709.jpg 1536w, https:\/\/richeskarayib.com\/wp-content\/uploads\/2025\/09\/WhatsApp-Image-2025-09-01-a-07.29.49_396258fe-1320x610.jpg 1320w, https:\/\/richeskarayib.com\/wp-content\/uploads\/2025\/09\/WhatsApp-Image-2025-09-01-a-07.29.49_396258fe.jpg 1600w\" sizes=\"(max-width: 800px) 100vw, 800px\" \/>\t\t\t\t\t\t\t\t\t\t\t\t\t\t\t<\/div>\n\t\t\t\t<\/div>\n\t\t\t\t<div class=\"elementor-element elementor-element-c927bc3 elementor-widget elementor-widget-image\" data-id=\"c927bc3\" data-element_type=\"widget\" data-widget_type=\"image.default\">\n\t\t\t\t<div class=\"elementor-widget-container\">\n\t\t\t\t\t\t\t\t\t\t\t\t\t\t\t<img loading=\"lazy\" decoding=\"async\" width=\"800\" height=\"370\" src=\"https:\/\/richeskarayib.com\/wp-content\/uploads\/2025\/09\/WhatsApp-Image-2025-09-01-a-07.29.49_6359a8f0-1024x473.jpg\" class=\"attachment-large size-large wp-image-60406\" alt=\"CARIFESTA XV\" srcset=\"https:\/\/richeskarayib.com\/wp-content\/uploads\/2025\/09\/WhatsApp-Image-2025-09-01-a-07.29.49_6359a8f0-1024x473.jpg 1024w, https:\/\/richeskarayib.com\/wp-content\/uploads\/2025\/09\/WhatsApp-Image-2025-09-01-a-07.29.49_6359a8f0-300x139.jpg 300w, https:\/\/richeskarayib.com\/wp-content\/uploads\/2025\/09\/WhatsApp-Image-2025-09-01-a-07.29.49_6359a8f0-768x355.jpg 768w, https:\/\/richeskarayib.com\/wp-content\/uploads\/2025\/09\/WhatsApp-Image-2025-09-01-a-07.29.49_6359a8f0-1536x709.jpg 1536w, https:\/\/richeskarayib.com\/wp-content\/uploads\/2025\/09\/WhatsApp-Image-2025-09-01-a-07.29.49_6359a8f0-1320x610.jpg 1320w, https:\/\/richeskarayib.com\/wp-content\/uploads\/2025\/09\/WhatsApp-Image-2025-09-01-a-07.29.49_6359a8f0.jpg 1600w\" sizes=\"(max-width: 800px) 100vw, 800px\" \/>\t\t\t\t\t\t\t\t\t\t\t\t\t\t\t<\/div>\n\t\t\t\t<\/div>\n\t\t\t\t<div class=\"elementor-element elementor-element-303c4c3 elementor-widget elementor-widget-text-editor\" data-id=\"303c4c3\" data-element_type=\"widget\" data-widget_type=\"text-editor.default\">\n\t\t\t\t<div class=\"elementor-widget-container\">\n\t\t\t\t\t\t\t\t\t<h2><strong>L&#8217;association D&#8217;Antilles et d&#8217;Ailleurs<\/strong><\/h2><p>Enfin, l&#8217;association <a href=\"https:\/\/www.dantillesetdailleurs.org\/\" target=\"_blank\" rel=\"noopener nofollow\"><strong>D&#8217;Antilles et d&#8217;Ailleurs<\/strong><\/a> a fait forte impression avec la marque <strong>Made in Women<\/strong>, port\u00e9e par la designer <strong>Alba<\/strong>.<\/p><p>En plus d&#8217;un stand d&#8217;exposition-vente pr\u00e9sent durant le festival, l&#8217;\u00e9quipe a pr\u00e9sent\u00e9 ses cr\u00e9ations lors d&#8217;un d\u00e9fil\u00e9 de mode tr\u00e8s remarqu\u00e9.<\/p><p>Les pi\u00e8ces, r\u00e9alis\u00e9es \u00e0 partir de filets de p\u00eache recycl\u00e9s, conjuguent esth\u00e9tique contemporaine, engagement \u00e9cologique et ancrage territorial. Alba d\u00e9fend une vision forte de la mode carib\u00e9enne : consciente, circulaire, et connect\u00e9e aux enjeux sociaux et environnementaux du quotidien insulaire. Ce message a trouv\u00e9 un \u00e9cho particulier dans le cadre de la CARIFESTA XV.<\/p>\t\t\t\t\t\t\t\t<\/div>\n\t\t\t\t<\/div>\n\t\t\t\t<div class=\"elementor-element elementor-element-d27dfe5 elementor-widget elementor-widget-image\" data-id=\"d27dfe5\" data-element_type=\"widget\" data-widget_type=\"image.default\">\n\t\t\t\t<div class=\"elementor-widget-container\">\n\t\t\t\t\t\t\t\t\t\t\t\t\t\t\t<img loading=\"lazy\" decoding=\"async\" width=\"800\" height=\"370\" src=\"https:\/\/richeskarayib.com\/wp-content\/uploads\/2025\/09\/WhatsApp-Image-2025-09-01-a-07.43.49_e5ba1f03-1024x473.jpg\" class=\"attachment-large size-large wp-image-60410\" alt=\"CARIFESTA XV\" srcset=\"https:\/\/richeskarayib.com\/wp-content\/uploads\/2025\/09\/WhatsApp-Image-2025-09-01-a-07.43.49_e5ba1f03-1024x473.jpg 1024w, https:\/\/richeskarayib.com\/wp-content\/uploads\/2025\/09\/WhatsApp-Image-2025-09-01-a-07.43.49_e5ba1f03-300x139.jpg 300w, https:\/\/richeskarayib.com\/wp-content\/uploads\/2025\/09\/WhatsApp-Image-2025-09-01-a-07.43.49_e5ba1f03-768x355.jpg 768w, https:\/\/richeskarayib.com\/wp-content\/uploads\/2025\/09\/WhatsApp-Image-2025-09-01-a-07.43.49_e5ba1f03-1536x709.jpg 1536w, https:\/\/richeskarayib.com\/wp-content\/uploads\/2025\/09\/WhatsApp-Image-2025-09-01-a-07.43.49_e5ba1f03-1320x610.jpg 1320w, https:\/\/richeskarayib.com\/wp-content\/uploads\/2025\/09\/WhatsApp-Image-2025-09-01-a-07.43.49_e5ba1f03.jpg 1600w\" sizes=\"(max-width: 800px) 100vw, 800px\" \/>\t\t\t\t\t\t\t\t\t\t\t\t\t\t\t<\/div>\n\t\t\t\t<\/div>\n\t\t\t\t<div class=\"elementor-element elementor-element-73bc68d elementor-widget elementor-widget-image\" data-id=\"73bc68d\" data-element_type=\"widget\" data-widget_type=\"image.default\">\n\t\t\t\t<div class=\"elementor-widget-container\">\n\t\t\t\t\t\t\t\t\t\t\t\t\t\t\t<img loading=\"lazy\" decoding=\"async\" width=\"800\" height=\"370\" src=\"https:\/\/richeskarayib.com\/wp-content\/uploads\/2025\/09\/WhatsApp-Image-2025-09-01-a-07.43.49_fed82460-1024x473.jpg\" class=\"attachment-large size-large wp-image-60414\" alt=\"CARIFESTA XV\" srcset=\"https:\/\/richeskarayib.com\/wp-content\/uploads\/2025\/09\/WhatsApp-Image-2025-09-01-a-07.43.49_fed82460-1024x473.jpg 1024w, https:\/\/richeskarayib.com\/wp-content\/uploads\/2025\/09\/WhatsApp-Image-2025-09-01-a-07.43.49_fed82460-300x139.jpg 300w, https:\/\/richeskarayib.com\/wp-content\/uploads\/2025\/09\/WhatsApp-Image-2025-09-01-a-07.43.49_fed82460-768x355.jpg 768w, https:\/\/richeskarayib.com\/wp-content\/uploads\/2025\/09\/WhatsApp-Image-2025-09-01-a-07.43.49_fed82460-1536x709.jpg 1536w, https:\/\/richeskarayib.com\/wp-content\/uploads\/2025\/09\/WhatsApp-Image-2025-09-01-a-07.43.49_fed82460-1320x610.jpg 1320w, https:\/\/richeskarayib.com\/wp-content\/uploads\/2025\/09\/WhatsApp-Image-2025-09-01-a-07.43.49_fed82460.jpg 1600w\" sizes=\"(max-width: 800px) 100vw, 800px\" \/>\t\t\t\t\t\t\t\t\t\t\t\t\t\t\t<\/div>\n\t\t\t\t<\/div>\n\t\t\t\t<div class=\"elementor-element elementor-element-3c77363 elementor-widget elementor-widget-image\" data-id=\"3c77363\" data-element_type=\"widget\" data-widget_type=\"image.default\">\n\t\t\t\t<div class=\"elementor-widget-container\">\n\t\t\t\t\t\t\t\t\t\t\t\t\t\t\t<img loading=\"lazy\" decoding=\"async\" width=\"800\" height=\"370\" src=\"https:\/\/richeskarayib.com\/wp-content\/uploads\/2025\/09\/WhatsApp-Image-2025-09-01-a-07.43.50_df8ee67a-1024x473.jpg\" class=\"attachment-large size-large wp-image-60418\" alt=\"CARIFESTA XV\" srcset=\"https:\/\/richeskarayib.com\/wp-content\/uploads\/2025\/09\/WhatsApp-Image-2025-09-01-a-07.43.50_df8ee67a-1024x473.jpg 1024w, https:\/\/richeskarayib.com\/wp-content\/uploads\/2025\/09\/WhatsApp-Image-2025-09-01-a-07.43.50_df8ee67a-300x139.jpg 300w, https:\/\/richeskarayib.com\/wp-content\/uploads\/2025\/09\/WhatsApp-Image-2025-09-01-a-07.43.50_df8ee67a-768x355.jpg 768w, https:\/\/richeskarayib.com\/wp-content\/uploads\/2025\/09\/WhatsApp-Image-2025-09-01-a-07.43.50_df8ee67a-1536x709.jpg 1536w, https:\/\/richeskarayib.com\/wp-content\/uploads\/2025\/09\/WhatsApp-Image-2025-09-01-a-07.43.50_df8ee67a-1320x610.jpg 1320w, https:\/\/richeskarayib.com\/wp-content\/uploads\/2025\/09\/WhatsApp-Image-2025-09-01-a-07.43.50_df8ee67a.jpg 1600w\" sizes=\"(max-width: 800px) 100vw, 800px\" \/>\t\t\t\t\t\t\t\t\t\t\t\t\t\t\t<\/div>\n\t\t\t\t<\/div>\n\t\t\t\t<div class=\"elementor-element elementor-element-0e5feb4 elementor-widget elementor-widget-image\" data-id=\"0e5feb4\" data-element_type=\"widget\" data-widget_type=\"image.default\">\n\t\t\t\t<div class=\"elementor-widget-container\">\n\t\t\t\t\t\t\t\t\t\t\t\t\t\t\t<img loading=\"lazy\" decoding=\"async\" width=\"473\" height=\"1024\" src=\"https:\/\/richeskarayib.com\/wp-content\/uploads\/2025\/09\/WhatsApp-Image-2025-09-01-a-07.43.50_0defb9f4-473x1024.jpg\" class=\"attachment-large size-large wp-image-60438\" alt=\"CARIFESTA XV\" srcset=\"https:\/\/richeskarayib.com\/wp-content\/uploads\/2025\/09\/WhatsApp-Image-2025-09-01-a-07.43.50_0defb9f4-473x1024.jpg 473w, https:\/\/richeskarayib.com\/wp-content\/uploads\/2025\/09\/WhatsApp-Image-2025-09-01-a-07.43.50_0defb9f4-139x300.jpg 139w, https:\/\/richeskarayib.com\/wp-content\/uploads\/2025\/09\/WhatsApp-Image-2025-09-01-a-07.43.50_0defb9f4-709x1536.jpg 709w, https:\/\/richeskarayib.com\/wp-content\/uploads\/2025\/09\/WhatsApp-Image-2025-09-01-a-07.43.50_0defb9f4.jpg 739w\" sizes=\"(max-width: 473px) 100vw, 473px\" \/>\t\t\t\t\t\t\t\t\t\t\t\t\t\t\t<\/div>\n\t\t\t\t<\/div>\n\t\t\t\t\t<\/div>\n\t\t<\/div>\n\t\t\t\t\t<\/div>\n\t\t<\/section>\n\t\t\t\t<section class=\"elementor-section elementor-top-section elementor-element elementor-element-becfa9e elementor-section-boxed elementor-section-height-default elementor-section-height-default\" data-id=\"becfa9e\" data-element_type=\"section\">\n\t\t\t\t\t\t<div class=\"elementor-container elementor-column-gap-default\">\n\t\t\t\t\t<div class=\"elementor-column elementor-col-50 elementor-top-column elementor-element elementor-element-48d1324\" data-id=\"48d1324\" data-element_type=\"column\">\n\t\t\t<div class=\"elementor-widget-wrap elementor-element-populated\">\n\t\t\t\t\t\t<div class=\"elementor-element elementor-element-7cdb2fc elementor-widget__width-initial elementor-widget elementor-widget-image\" data-id=\"7cdb2fc\" data-element_type=\"widget\" data-widget_type=\"image.default\">\n\t\t\t\t<div class=\"elementor-widget-container\">\n\t\t\t\t\t\t\t\t\t\t\t\t\t\t\t<img loading=\"lazy\" decoding=\"async\" width=\"473\" height=\"1024\" src=\"https:\/\/richeskarayib.com\/wp-content\/uploads\/2025\/09\/WhatsApp-Image-2025-09-01-a-07.43.50_32dd17fb-473x1024.jpg\" class=\"attachment-large size-large wp-image-60422\" alt=\"\" srcset=\"https:\/\/richeskarayib.com\/wp-content\/uploads\/2025\/09\/WhatsApp-Image-2025-09-01-a-07.43.50_32dd17fb-473x1024.jpg 473w, https:\/\/richeskarayib.com\/wp-content\/uploads\/2025\/09\/WhatsApp-Image-2025-09-01-a-07.43.50_32dd17fb-139x300.jpg 139w, https:\/\/richeskarayib.com\/wp-content\/uploads\/2025\/09\/WhatsApp-Image-2025-09-01-a-07.43.50_32dd17fb-709x1536.jpg 709w, https:\/\/richeskarayib.com\/wp-content\/uploads\/2025\/09\/WhatsApp-Image-2025-09-01-a-07.43.50_32dd17fb.jpg 739w\" sizes=\"(max-width: 473px) 100vw, 473px\" \/>\t\t\t\t\t\t\t\t\t\t\t\t\t\t\t<\/div>\n\t\t\t\t<\/div>\n\t\t\t\t<div class=\"elementor-element elementor-element-86306d2 elementor-widget elementor-widget-image\" data-id=\"86306d2\" data-element_type=\"widget\" data-widget_type=\"image.default\">\n\t\t\t\t<div class=\"elementor-widget-container\">\n\t\t\t\t\t\t\t\t\t\t\t\t\t\t\t<img loading=\"lazy\" decoding=\"async\" width=\"473\" height=\"1024\" src=\"https:\/\/richeskarayib.com\/wp-content\/uploads\/2025\/09\/WhatsApp-Image-2025-09-01-a-07.43.50_2a07e81f-473x1024.jpg\" class=\"attachment-large size-large wp-image-60430\" alt=\"CARIFESTA XV\" srcset=\"https:\/\/richeskarayib.com\/wp-content\/uploads\/2025\/09\/WhatsApp-Image-2025-09-01-a-07.43.50_2a07e81f-473x1024.jpg 473w, https:\/\/richeskarayib.com\/wp-content\/uploads\/2025\/09\/WhatsApp-Image-2025-09-01-a-07.43.50_2a07e81f-139x300.jpg 139w, https:\/\/richeskarayib.com\/wp-content\/uploads\/2025\/09\/WhatsApp-Image-2025-09-01-a-07.43.50_2a07e81f-709x1536.jpg 709w, https:\/\/richeskarayib.com\/wp-content\/uploads\/2025\/09\/WhatsApp-Image-2025-09-01-a-07.43.50_2a07e81f.jpg 739w\" sizes=\"(max-width: 473px) 100vw, 473px\" \/>\t\t\t\t\t\t\t\t\t\t\t\t\t\t\t<\/div>\n\t\t\t\t<\/div>\n\t\t\t\t\t<\/div>\n\t\t<\/div>\n\t\t\t\t<div class=\"elementor-column elementor-col-50 elementor-top-column elementor-element elementor-element-60fe7a7\" data-id=\"60fe7a7\" data-element_type=\"column\">\n\t\t\t<div class=\"elementor-widget-wrap elementor-element-populated\">\n\t\t\t\t\t\t<div class=\"elementor-element elementor-element-5f27e38 elementor-widget elementor-widget-image\" data-id=\"5f27e38\" data-element_type=\"widget\" data-widget_type=\"image.default\">\n\t\t\t\t<div class=\"elementor-widget-container\">\n\t\t\t\t\t\t\t\t\t\t\t\t\t\t\t<img loading=\"lazy\" decoding=\"async\" width=\"473\" height=\"1024\" src=\"https:\/\/richeskarayib.com\/wp-content\/uploads\/2025\/09\/WhatsApp-Image-2025-09-01-a-07.43.50_2fad43dc-473x1024.jpg\" class=\"attachment-large size-large wp-image-60426\" alt=\"\" srcset=\"https:\/\/richeskarayib.com\/wp-content\/uploads\/2025\/09\/WhatsApp-Image-2025-09-01-a-07.43.50_2fad43dc-473x1024.jpg 473w, https:\/\/richeskarayib.com\/wp-content\/uploads\/2025\/09\/WhatsApp-Image-2025-09-01-a-07.43.50_2fad43dc-139x300.jpg 139w, https:\/\/richeskarayib.com\/wp-content\/uploads\/2025\/09\/WhatsApp-Image-2025-09-01-a-07.43.50_2fad43dc-709x1536.jpg 709w, https:\/\/richeskarayib.com\/wp-content\/uploads\/2025\/09\/WhatsApp-Image-2025-09-01-a-07.43.50_2fad43dc.jpg 739w\" sizes=\"(max-width: 473px) 100vw, 473px\" \/>\t\t\t\t\t\t\t\t\t\t\t\t\t\t\t<\/div>\n\t\t\t\t<\/div>\n\t\t\t\t<div class=\"elementor-element elementor-element-5f63cfa elementor-widget elementor-widget-image\" data-id=\"5f63cfa\" data-element_type=\"widget\" data-widget_type=\"image.default\">\n\t\t\t\t<div class=\"elementor-widget-container\">\n\t\t\t\t\t\t\t\t\t\t\t\t\t\t\t<img loading=\"lazy\" decoding=\"async\" width=\"473\" height=\"1024\" src=\"https:\/\/richeskarayib.com\/wp-content\/uploads\/2025\/09\/WhatsApp-Image-2025-09-01-a-07.43.50_1082dcae-473x1024.jpg\" class=\"attachment-large size-large wp-image-60434\" alt=\"CARIFESTA XV\" srcset=\"https:\/\/richeskarayib.com\/wp-content\/uploads\/2025\/09\/WhatsApp-Image-2025-09-01-a-07.43.50_1082dcae-473x1024.jpg 473w, https:\/\/richeskarayib.com\/wp-content\/uploads\/2025\/09\/WhatsApp-Image-2025-09-01-a-07.43.50_1082dcae-139x300.jpg 139w, https:\/\/richeskarayib.com\/wp-content\/uploads\/2025\/09\/WhatsApp-Image-2025-09-01-a-07.43.50_1082dcae-709x1536.jpg 709w, https:\/\/richeskarayib.com\/wp-content\/uploads\/2025\/09\/WhatsApp-Image-2025-09-01-a-07.43.50_1082dcae.jpg 739w\" sizes=\"(max-width: 473px) 100vw, 473px\" \/>\t\t\t\t\t\t\t\t\t\t\t\t\t\t\t<\/div>\n\t\t\t\t<\/div>\n\t\t\t\t\t<\/div>\n\t\t<\/div>\n\t\t\t\t\t<\/div>\n\t\t<\/section>\n\t\t\t\t<section class=\"elementor-section elementor-top-section elementor-element elementor-element-5214e28 elementor-section-boxed elementor-section-height-default elementor-section-height-default\" data-id=\"5214e28\" data-element_type=\"section\">\n\t\t\t\t\t\t<div class=\"elementor-container elementor-column-gap-default\">\n\t\t\t\t\t<div class=\"elementor-column elementor-col-100 elementor-top-column elementor-element elementor-element-dade06d\" data-id=\"dade06d\" data-element_type=\"column\">\n\t\t\t<div class=\"elementor-widget-wrap elementor-element-populated\">\n\t\t\t\t\t\t<div class=\"elementor-element elementor-element-d1b711d elementor-widget elementor-widget-heading\" data-id=\"d1b711d\" data-element_type=\"widget\" data-widget_type=\"heading.default\">\n\t\t\t\t<div class=\"elementor-widget-container\">\n\t\t\t\t\t<h2 class=\"elementor-heading-title elementor-size-default\">Diplomatie culturelle : pr\u00e9sence politique et coop\u00e9ration r\u00e9gionale<\/h2>\t\t\t\t<\/div>\n\t\t\t\t<\/div>\n\t\t\t\t<div class=\"elementor-element elementor-element-4603da5 elementor-widget elementor-widget-image\" data-id=\"4603da5\" data-element_type=\"widget\" data-widget_type=\"image.default\">\n\t\t\t\t<div class=\"elementor-widget-container\">\n\t\t\t\t\t\t\t\t\t\t\t\t\t\t\t<img loading=\"lazy\" decoding=\"async\" width=\"800\" height=\"370\" src=\"https:\/\/richeskarayib.com\/wp-content\/uploads\/2025\/09\/WhatsApp-Image-2025-09-01-a-07.46.40_a267e266-1024x473.jpg\" class=\"attachment-large size-large wp-image-60442\" alt=\"CARIFESTA XV\" srcset=\"https:\/\/richeskarayib.com\/wp-content\/uploads\/2025\/09\/WhatsApp-Image-2025-09-01-a-07.46.40_a267e266-1024x473.jpg 1024w, https:\/\/richeskarayib.com\/wp-content\/uploads\/2025\/09\/WhatsApp-Image-2025-09-01-a-07.46.40_a267e266-300x139.jpg 300w, https:\/\/richeskarayib.com\/wp-content\/uploads\/2025\/09\/WhatsApp-Image-2025-09-01-a-07.46.40_a267e266-768x355.jpg 768w, https:\/\/richeskarayib.com\/wp-content\/uploads\/2025\/09\/WhatsApp-Image-2025-09-01-a-07.46.40_a267e266-1536x709.jpg 1536w, https:\/\/richeskarayib.com\/wp-content\/uploads\/2025\/09\/WhatsApp-Image-2025-09-01-a-07.46.40_a267e266-1320x610.jpg 1320w, https:\/\/richeskarayib.com\/wp-content\/uploads\/2025\/09\/WhatsApp-Image-2025-09-01-a-07.46.40_a267e266.jpg 1600w\" sizes=\"(max-width: 800px) 100vw, 800px\" \/>\t\t\t\t\t\t\t\t\t\t\t\t\t\t\t<\/div>\n\t\t\t\t<\/div>\n\t\t\t\t<div class=\"elementor-element elementor-element-a454b32 elementor-widget elementor-widget-text-editor\" data-id=\"a454b32\" data-element_type=\"widget\" data-widget_type=\"text-editor.default\">\n\t\t\t\t<div class=\"elementor-widget-container\">\n\t\t\t\t\t\t\t\t\t<p>Si la sc\u00e8ne \u00e9tait occup\u00e9e par les artistes, les repr\u00e9sentants politiques martiniquais ont \u00e9galement jou\u00e9 un r\u00f4le cl\u00e9. <strong>Marie-Ange Ravin<\/strong> et <strong>Dominique Pomp\u00e9e<\/strong>, repr\u00e9sentants de la Collectivit\u00e9 Territoriale de Martinique, ont particip\u00e9 \u00e0 des rencontres strat\u00e9giques, notamment avec Dr Shantal Munro-Knight, Ministre d\u00e9l\u00e9gu\u00e9e \u00e0 la Culture au sein du Bureau de la Premi\u00e8re Ministre de la Barbade.<\/p><p>Objectif : renforcer les coop\u00e9rations interr\u00e9gionales dans le champ culturel, soutenir la mobilit\u00e9 artistique et promouvoir l&#8217;int\u00e9gration carib\u00e9enne. Ces \u00e9changes ont pris toute leur valeur dans le cadre de la CARIFESTA XV.<\/p>\t\t\t\t\t\t\t\t<\/div>\n\t\t\t\t<\/div>\n\t\t\t\t\t<\/div>\n\t\t<\/div>\n\t\t\t\t\t<\/div>\n\t\t<\/section>\n\t\t\t\t<section class=\"elementor-section elementor-top-section elementor-element elementor-element-6f34adc elementor-section-boxed elementor-section-height-default elementor-section-height-default\" data-id=\"6f34adc\" data-element_type=\"section\">\n\t\t\t\t\t\t<div class=\"elementor-container elementor-column-gap-default\">\n\t\t\t\t\t<div class=\"elementor-column elementor-col-100 elementor-top-column elementor-element elementor-element-787608c\" data-id=\"787608c\" data-element_type=\"column\">\n\t\t\t<div class=\"elementor-widget-wrap elementor-element-populated\">\n\t\t\t\t\t\t<div class=\"elementor-element elementor-element-d1b2db8 elementor-widget elementor-widget-heading\" data-id=\"d1b2db8\" data-element_type=\"widget\" data-widget_type=\"heading.default\">\n\t\t\t\t<div class=\"elementor-widget-container\">\n\t\t\t\t\t<h2 class=\"elementor-heading-title elementor-size-default\">Une voix \u00e0 amplifier dans la Cara\u00efbe<\/h2>\t\t\t\t<\/div>\n\t\t\t\t<\/div>\n\t\t\t\t<div class=\"elementor-element elementor-element-c5c79cd elementor-widget elementor-widget-text-editor\" data-id=\"c5c79cd\" data-element_type=\"widget\" data-widget_type=\"text-editor.default\">\n\t\t\t\t<div class=\"elementor-widget-container\">\n\t\t\t\t\t\t\t\t\t<p>Une d\u00e9l\u00e9gation mesur\u00e9e, mais porteuse de sens et de vision. \u00c0 travers l&#8217;art, la mode, la sc\u00e8ne et l&#8217;engagement politique, la Martinique a d\u00e9montr\u00e9 sa capacit\u00e9 \u00e0 dialoguer avec le reste de la Cara\u00efbe, \u00e0 proposer une parole singuli\u00e8re et \u00e0 contribuer \u00e0 la fabrique d&#8217;un imaginaire commun r\u00e9gional.<\/p><p>Cette participation \u00e0 la CARIFESTA XV met en lumi\u00e8re un enjeu fondamental : la n\u00e9cessit\u00e9 de renforcer les ponts non seulement culturels, mais aussi \u00e9conomiques, environnementaux et diplomatiques entre les territoires de la Grande Cara\u00efbe. Dans cette perspective, l&#8217;int\u00e9gration active \u00e0 des cadres r\u00e9gionaux comme la CARICOM devient strat\u00e9gique pour amplifier les collaborations, favoriser la libre circulation des artistes, des biens et des id\u00e9es, et peser collectivement sur les enjeux globaux. L&#8217;avenir de notre r\u00e9gion se construira sur ces interactions crois\u00e9es, sur la circulation des id\u00e9es, des cr\u00e9ations, des produits et des visions, comme l\u2019a rappel\u00e9 la CARIFESTA XV.<\/p><p>Rich\u00e8s Karayib poursuivra sa mission : faire entendre ces voix, documenter ces passerelles, et contribuer \u00e0 la reconnaissance mutuelle des peuples de la Grande Cara\u00efbe.<\/p>\t\t\t\t\t\t\t\t<\/div>\n\t\t\t\t<\/div>\n\t\t\t\t\t<\/div>\n\t\t<\/div>\n\t\t\t\t\t<\/div>\n\t\t<\/section>\n\t\t\t\t<\/div>\n\t\t","protected":false},"excerpt":{"rendered":"<p>Malgr\u00e9 une pr\u00e9sence modeste en nombre, la Martinique a brill\u00e9 par la force de ses propositions artistiques et culturelles \u00e0 la CARIFESTA XV. Rich\u00e8s Karayib revient sur l&#8217;engagement de ses artistes, l&#8217;impact de leurs performances et la port\u00e9e symbolique d&#8217;une participation qui r\u00e9v\u00e8le toute la richesse cr\u00e9ative de l&#8217;\u00eele. Cr\u00e9ation artistique lors de la CARIFESTA [&hellip;]<\/p>\n","protected":false},"author":47,"featured_media":60370,"comment_status":"open","ping_status":"open","sticky":false,"template":"","format":"standard","meta":{"_acf_changed":false,"footnotes":""},"categories":[1814,1495,1501,835],"tags":[1598,808],"class_list":["post-60368","post","type-post","status-publish","format-standard","has-post-thumbnail","hentry","category-carifesta-fr","category-danse-fr","category-mode","category-musique-fr","tag-barbade-fr","tag-martinique-fr"],"acf":[],"_links":{"self":[{"href":"https:\/\/richeskarayib.com\/fr\/wp-json\/wp\/v2\/posts\/60368","targetHints":{"allow":["GET"]}}],"collection":[{"href":"https:\/\/richeskarayib.com\/fr\/wp-json\/wp\/v2\/posts"}],"about":[{"href":"https:\/\/richeskarayib.com\/fr\/wp-json\/wp\/v2\/types\/post"}],"author":[{"embeddable":true,"href":"https:\/\/richeskarayib.com\/fr\/wp-json\/wp\/v2\/users\/47"}],"replies":[{"embeddable":true,"href":"https:\/\/richeskarayib.com\/fr\/wp-json\/wp\/v2\/comments?post=60368"}],"version-history":[{"count":0,"href":"https:\/\/richeskarayib.com\/fr\/wp-json\/wp\/v2\/posts\/60368\/revisions"}],"wp:featuredmedia":[{"embeddable":true,"href":"https:\/\/richeskarayib.com\/fr\/wp-json\/wp\/v2\/media\/60370"}],"wp:attachment":[{"href":"https:\/\/richeskarayib.com\/fr\/wp-json\/wp\/v2\/media?parent=60368"}],"wp:term":[{"taxonomy":"category","embeddable":true,"href":"https:\/\/richeskarayib.com\/fr\/wp-json\/wp\/v2\/categories?post=60368"},{"taxonomy":"post_tag","embeddable":true,"href":"https:\/\/richeskarayib.com\/fr\/wp-json\/wp\/v2\/tags?post=60368"}],"curies":[{"name":"wp","href":"https:\/\/api.w.org\/{rel}","templated":true}]}}