{"id":60576,"date":"2025-09-08T14:54:17","date_gmt":"2025-09-08T18:54:17","guid":{"rendered":"https:\/\/richeskarayib.com\/?p=60576"},"modified":"2025-09-08T14:54:17","modified_gmt":"2025-09-08T18:54:17","slug":"arnaud-dolmen-triomphe-lors-du-jazz-2025","status":"publish","type":"post","link":"https:\/\/richeskarayib.com\/fr\/arnaud-dolmen-triomphe-lors-du-jazz-2025\/","title":{"rendered":"Guadeloupe &#8211; Arnaud Dolmen triomphe aux Victoires du Jazz 2025 : une cons\u00e9cration pour le batteur guadeloup\u00e9en"},"content":{"rendered":"\t\t<div data-elementor-type=\"wp-post\" data-elementor-id=\"60576\" class=\"elementor elementor-60576\" data-elementor-post-type=\"post\">\n\t\t\t\t\t\t<section class=\"elementor-section elementor-top-section elementor-element elementor-element-7ca7ca1 elementor-section-boxed elementor-section-height-default elementor-section-height-default\" data-id=\"7ca7ca1\" data-element_type=\"section\">\n\t\t\t\t\t\t<div class=\"elementor-container elementor-column-gap-default\">\n\t\t\t\t\t<div class=\"elementor-column elementor-col-100 elementor-top-column elementor-element elementor-element-cbdd002\" data-id=\"cbdd002\" data-element_type=\"column\">\n\t\t\t<div class=\"elementor-widget-wrap elementor-element-populated\">\n\t\t\t\t\t\t<section class=\"elementor-section elementor-inner-section elementor-element elementor-element-bc94849 elementor-section-boxed elementor-section-height-default elementor-section-height-default\" data-id=\"bc94849\" data-element_type=\"section\">\n\t\t\t\t\t\t<div class=\"elementor-container elementor-column-gap-default\">\n\t\t\t\t\t\t<\/div>\n\t\t<\/section>\n\t\t\t\t<section class=\"elementor-section elementor-inner-section elementor-element elementor-element-61571e6 elementor-section-boxed elementor-section-height-default elementor-section-height-default\" data-id=\"61571e6\" data-element_type=\"section\">\n\t\t\t\t\t\t<div class=\"elementor-container elementor-column-gap-default\">\n\t\t\t\t\t\t<\/div>\n\t\t<\/section>\n\t\t\t\t<section class=\"elementor-section elementor-inner-section elementor-element elementor-element-b6262e0 elementor-section-boxed elementor-section-height-default elementor-section-height-default\" data-id=\"b6262e0\" data-element_type=\"section\">\n\t\t\t\t\t\t<div class=\"elementor-container elementor-column-gap-default\">\n\t\t\t\t\t\t<\/div>\n\t\t<\/section>\n\t\t\t\t<section class=\"elementor-section elementor-inner-section elementor-element elementor-element-cca29fd elementor-section-boxed elementor-section-height-default elementor-section-height-default\" data-id=\"cca29fd\" data-element_type=\"section\">\n\t\t\t\t\t\t<div class=\"elementor-container elementor-column-gap-default\">\n\t\t\t\t\t\t<\/div>\n\t\t<\/section>\n\t\t\t\t\t<\/div>\n\t\t<\/div>\n\t\t\t\t\t<\/div>\n\t\t<\/section>\n\t\t\t\t<section class=\"elementor-section elementor-top-section elementor-element elementor-element-5214e28 elementor-section-boxed elementor-section-height-default elementor-section-height-default\" data-id=\"5214e28\" data-element_type=\"section\">\n\t\t\t\t\t\t<div class=\"elementor-container elementor-column-gap-default\">\n\t\t\t\t\t<div class=\"elementor-column elementor-col-100 elementor-top-column elementor-element elementor-element-dade06d\" data-id=\"dade06d\" data-element_type=\"column\">\n\t\t\t<div class=\"elementor-widget-wrap elementor-element-populated\">\n\t\t\t\t\t\t<div class=\"elementor-element elementor-element-a454b32 elementor-widget elementor-widget-text-editor\" data-id=\"a454b32\" data-element_type=\"widget\" data-widget_type=\"text-editor.default\">\n\t\t\t\t<div class=\"elementor-widget-container\">\n\t\t\t\t\t\t\t\t\t<p><span style=\"font-weight: 400;\"><a href=\"https:\/\/www.facebook.com\/Arnauddolmen\/?locale=fr_FR\" target=\"_blank\" rel=\"noopener nofollow\">Arnaud Dolmen<\/a> a \u00e9crit une nouvelle page de l&#8217;histoire du jazz fran\u00e7ais en remportant la Victoire du Jazz 2025 dans la cat\u00e9gorie &#8220;artiste instrumental&#8221;. Cette distinction, obtenue le 3 septembre 2025 lors de la c\u00e9r\u00e9monie parisienne, consacre le talent exceptionnel de ce musicien originaire de Sainte-Anne en Guadeloupe, qui a su imposer son style unique m\u00ealant tradition gwo-ka et modernit\u00e9 jazz.<\/span><\/p>\t\t\t\t\t\t\t\t<\/div>\n\t\t\t\t<\/div>\n\t\t\t\t\t<\/div>\n\t\t<\/div>\n\t\t\t\t\t<\/div>\n\t\t<\/section>\n\t\t\t\t<section class=\"elementor-section elementor-top-section elementor-element elementor-element-1e70931 elementor-section-boxed elementor-section-height-default elementor-section-height-default\" data-id=\"1e70931\" data-element_type=\"section\">\n\t\t\t\t\t\t<div class=\"elementor-container elementor-column-gap-default\">\n\t\t\t\t\t<div class=\"elementor-column elementor-col-100 elementor-top-column elementor-element elementor-element-7596649\" data-id=\"7596649\" data-element_type=\"column\">\n\t\t\t<div class=\"elementor-widget-wrap elementor-element-populated\">\n\t\t\t\t\t\t<div class=\"elementor-element elementor-element-09c038c elementor-widget elementor-widget-heading\" data-id=\"09c038c\" data-element_type=\"widget\" data-widget_type=\"heading.default\">\n\t\t\t\t<div class=\"elementor-widget-container\">\n\t\t\t\t\t<h2 class=\"elementor-heading-title elementor-size-default\">Une victoire \u00e9clatante dans la cat\u00e9gorie artiste instrumental\n<\/h2>\t\t\t\t<\/div>\n\t\t\t\t<\/div>\n\t\t\t\t<div class=\"elementor-element elementor-element-685a662 elementor-widget elementor-widget-text-editor\" data-id=\"685a662\" data-element_type=\"widget\" data-widget_type=\"text-editor.default\">\n\t\t\t\t<div class=\"elementor-widget-container\">\n\t\t\t\t\t\t\t\t\t<p><span style=\"font-weight: 400;\">La 23e \u00e9dition des Victoires du Jazz s&#8217;est d\u00e9roul\u00e9e au Studio 104 de la Maison de la Radio et de la Musique \u00e0 Paris, sous la pr\u00e9sidence d&#8217;honneur d&#8217;Ang\u00e9lique Kidjo et pr\u00e9sent\u00e9e par Manu Katch\u00e9. Dans cette cat\u00e9gorie prestigieuse, Arnaud Dolmen s&#8217;est impos\u00e9 face \u00e0 deux redoutables concurrents : la trompettiste Airelle Besson et le saxophoniste Baptiste Herbin.<\/span><\/p>\n<p><span style=\"font-weight: 400;\">L&#8217;\u00e9motion \u00e9tait palpable lors de son discours de remerciements : &#8220;Je remercie les Victoires du Jazz et tous les votants. Je d\u00e9die ce prix au Dieu des tambours et aux tanbouy\u00e9 de Guadeloupe&#8221;. Cette d\u00e9dicace r\u00e9v\u00e8le l&#8217;attachement profond du musicien \u00e0 ses racines carib\u00e9ennes et \u00e0 la tradition du gwo-ka qui l&#8217;a form\u00e9.<\/span><\/p>\t\t\t\t\t\t\t\t<\/div>\n\t\t\t\t<\/div>\n\t\t\t\t<section class=\"elementor-section elementor-inner-section elementor-element elementor-element-3c82837 elementor-section-boxed elementor-section-height-default elementor-section-height-default\" data-id=\"3c82837\" data-element_type=\"section\">\n\t\t\t\t\t\t<div class=\"elementor-container elementor-column-gap-default\">\n\t\t\t\t\t<div class=\"elementor-column elementor-col-100 elementor-inner-column elementor-element elementor-element-57ab40e\" data-id=\"57ab40e\" data-element_type=\"column\">\n\t\t\t<div class=\"elementor-widget-wrap elementor-element-populated\">\n\t\t\t\t\t\t<div class=\"elementor-element elementor-element-9457cb9 elementor-widget elementor-widget-image\" data-id=\"9457cb9\" data-element_type=\"widget\" data-widget_type=\"image.default\">\n\t\t\t\t<div class=\"elementor-widget-container\">\n\t\t\t\t\t\t\t\t\t\t\t\t<figure class=\"wp-caption\">\n\t\t\t\t\t\t\t\t\t\t<img fetchpriority=\"high\" decoding=\"async\" width=\"800\" height=\"999\" src=\"https:\/\/richeskarayib.com\/wp-content\/uploads\/2025\/09\/@fbphoto38-1-820x1024.jpg\" class=\"attachment-large size-large wp-image-60581\" alt=\"Arnaud Dolmen\" srcset=\"https:\/\/richeskarayib.com\/wp-content\/uploads\/2025\/09\/@fbphoto38-1-820x1024.jpg 820w, https:\/\/richeskarayib.com\/wp-content\/uploads\/2025\/09\/@fbphoto38-1-240x300.jpg 240w, https:\/\/richeskarayib.com\/wp-content\/uploads\/2025\/09\/@fbphoto38-1-768x960.jpg 768w, https:\/\/richeskarayib.com\/wp-content\/uploads\/2025\/09\/@fbphoto38-1.jpg 974w\" sizes=\"(max-width: 800px) 100vw, 800px\" \/>\t\t\t\t\t\t\t\t\t\t\t<figcaption class=\"widget-image-caption wp-caption-text\">@fbphoto38<\/figcaption>\n\t\t\t\t\t\t\t\t\t\t<\/figure>\n\t\t\t\t\t\t\t\t\t<\/div>\n\t\t\t\t<\/div>\n\t\t\t\t\t<\/div>\n\t\t<\/div>\n\t\t\t\t\t<\/div>\n\t\t<\/section>\n\t\t\t\t\t<\/div>\n\t\t<\/div>\n\t\t\t\t\t<\/div>\n\t\t<\/section>\n\t\t\t\t<section class=\"elementor-section elementor-top-section elementor-element elementor-element-6f34adc elementor-section-boxed elementor-section-height-default elementor-section-height-default\" data-id=\"6f34adc\" data-element_type=\"section\">\n\t\t\t\t\t\t<div class=\"elementor-container elementor-column-gap-default\">\n\t\t\t\t\t<div class=\"elementor-column elementor-col-100 elementor-top-column elementor-element elementor-element-787608c\" data-id=\"787608c\" data-element_type=\"column\">\n\t\t\t<div class=\"elementor-widget-wrap elementor-element-populated\">\n\t\t\t\t\t\t<div class=\"elementor-element elementor-element-d1b2db8 elementor-widget elementor-widget-heading\" data-id=\"d1b2db8\" data-element_type=\"widget\" data-widget_type=\"heading.default\">\n\t\t\t\t<div class=\"elementor-widget-container\">\n\t\t\t\t\t<h2 class=\"elementor-heading-title elementor-size-default\">Des racines profondes dans le gwo-ka\n<\/h2>\t\t\t\t<\/div>\n\t\t\t\t<\/div>\n\t\t\t\t<div class=\"elementor-element elementor-element-c5c79cd elementor-widget elementor-widget-text-editor\" data-id=\"c5c79cd\" data-element_type=\"widget\" data-widget_type=\"text-editor.default\">\n\t\t\t\t<div class=\"elementor-widget-container\">\n\t\t\t\t\t\t\t\t\t<p><span style=\"font-weight: 400;\">Le gwo-ka, inscrit au patrimoine culturel immat\u00e9riel de l&#8217;<a href=\"https:\/\/richeskarayib.com\/fr\/rapport-special-partie-4-2020-2023-les-tresors-culturels-des-caraibes-patrimoine-immateriel-reconnu-par-lunesco\/\" target=\"_blank\" rel=\"noopener\">UNESCO<\/a> depuis 2014, constitue l&#8217;essence m\u00eame de l&#8217;identit\u00e9 musicale guadeloup\u00e9enne. Cette musique traditionnelle, n\u00e9e durant la p\u00e9riode de l&#8217;esclavage, utilise principalement le tambour &#8220;ka&#8221;, fabriqu\u00e9 \u00e0 partir d&#8217;un tonneau de bois recouvert d&#8217;une peau de cabri. Arnaud Dolmen a d\u00e9couvert cet univers d\u00e8s l&#8217;\u00e2ge de cinq ans, apprenant le tambour ka sous la direction de Georges Troup\u00e9 \u00e0 l&#8217;Atelier Marcel Lollia.<\/span><\/p>\t\t\t\t\t\t\t\t<\/div>\n\t\t\t\t<\/div>\n\t\t\t\t\t<\/div>\n\t\t<\/div>\n\t\t\t\t\t<\/div>\n\t\t<\/section>\n\t\t\t\t<section class=\"elementor-section elementor-top-section elementor-element elementor-element-6df3229 elementor-section-boxed elementor-section-height-default elementor-section-height-default\" data-id=\"6df3229\" data-element_type=\"section\">\n\t\t\t\t\t\t<div class=\"elementor-container elementor-column-gap-default\">\n\t\t\t\t\t<div class=\"elementor-column elementor-col-100 elementor-top-column elementor-element elementor-element-098e8ca\" data-id=\"098e8ca\" data-element_type=\"column\">\n\t\t\t<div class=\"elementor-widget-wrap elementor-element-populated\">\n\t\t\t\t\t\t<div class=\"elementor-element elementor-element-4de16c5 elementor-widget elementor-widget-heading\" data-id=\"4de16c5\" data-element_type=\"widget\" data-widget_type=\"heading.default\">\n\t\t\t\t<div class=\"elementor-widget-container\">\n\t\t\t\t\t<h2 class=\"elementor-heading-title elementor-size-default\">Le parcours exceptionnel d'Arnaud Dolmen<\/h2>\t\t\t\t<\/div>\n\t\t\t\t<\/div>\n\t\t\t\t<div class=\"elementor-element elementor-element-7e03fa7 elementor-widget elementor-widget-text-editor\" data-id=\"7e03fa7\" data-element_type=\"widget\" data-widget_type=\"text-editor.default\">\n\t\t\t\t<div class=\"elementor-widget-container\">\n\t\t\t\t\t\t\t\t\t<p><span style=\"font-weight: 400;\">N\u00e9 le 4 octobre 1985 \u00e0 Bar-le-Duc et arriv\u00e9 en Guadeloupe \u00e0 l&#8217;\u00e2ge de cinq ans, <a href=\"https:\/\/www.guadeloupe.franceantilles.fr\/loisirs\/musique\/-1049378.php\" target=\"_blank\" rel=\"noopener nofollow\">Arnaud Dolmen<\/a> a rapidement r\u00e9v\u00e9l\u00e9 son talent musical. Apr\u00e8s avoir int\u00e9gr\u00e9 l&#8217;orchestre de jeunes Kimb\u00f2l durant son adolescence, il s&#8217;envole vers Toulouse en 2003 pour poursuivre ses \u00e9tudes \u00e0 l&#8217;\u00e9cole de batterie Dante Agostini. Fra\u00eechement dipl\u00f4m\u00e9 en 2008, il entame sa carri\u00e8re professionnelle aux c\u00f4t\u00e9s de formations carib\u00e9ennes comme Soft, Franck Nicolas et D\u00e9d\u00e9 Saint-Prix.<\/span><\/p>\t\t\t\t\t\t\t\t<\/div>\n\t\t\t\t<\/div>\n\t\t\t\t<div class=\"elementor-element elementor-element-2d3b0a3 elementor-widget elementor-widget-text-editor\" data-id=\"2d3b0a3\" data-element_type=\"widget\" data-widget_type=\"text-editor.default\">\n\t\t\t\t<div class=\"elementor-widget-container\">\n\t\t\t\t\t\t\t\t\t<p><span style=\"font-weight: 400;\">La rencontre avec Jacques Schwarz-Bart, saxophoniste guadeloup\u00e9en de renomm\u00e9e internationale, marque un tournant dans sa carri\u00e8re. Cette collaboration lui ouvre les portes du jazz contemporain et lui permet de d\u00e9velopper son style si particulier, fusionnant les polyrythmes du gwo-ka avec les harmonies sophistiqu\u00e9es du jazz moderne.<\/span><\/p>\n<p><span style=\"font-weight: 400;\">Arnaud Dolmen a \u00e9galement collabor\u00e9 avec des artistes de premier plan tels que Mario Canonge, David Linx, Bojan Z, Na\u00efssam Jalal, ou encore Laurent de Wilde. Ces exp\u00e9riences enrichissent sa palette artistique et confirment sa r\u00e9putation de musicien polyvalent et innovant.<\/span><\/p>\t\t\t\t\t\t\t\t<\/div>\n\t\t\t\t<\/div>\n\t\t\t\t<section class=\"elementor-section elementor-inner-section elementor-element elementor-element-9524add elementor-section-boxed elementor-section-height-default elementor-section-height-default\" data-id=\"9524add\" data-element_type=\"section\">\n\t\t\t\t\t\t<div class=\"elementor-container elementor-column-gap-default\">\n\t\t\t\t\t<div class=\"elementor-column elementor-col-100 elementor-inner-column elementor-element elementor-element-7e1b577\" data-id=\"7e1b577\" data-element_type=\"column\">\n\t\t\t<div class=\"elementor-widget-wrap elementor-element-populated\">\n\t\t\t\t\t\t<div class=\"elementor-element elementor-element-4a69034 elementor-widget elementor-widget-image\" data-id=\"4a69034\" data-element_type=\"widget\" data-widget_type=\"image.default\">\n\t\t\t\t<div class=\"elementor-widget-container\">\n\t\t\t\t\t\t\t\t\t\t\t\t<figure class=\"wp-caption\">\n\t\t\t\t\t\t\t\t\t\t<img decoding=\"async\" width=\"800\" height=\"999\" src=\"https:\/\/richeskarayib.com\/wp-content\/uploads\/2025\/09\/@fbphoto38-5-820x1024.jpg\" class=\"attachment-large size-large wp-image-60585\" alt=\"Arnaud Dolmen\" srcset=\"https:\/\/richeskarayib.com\/wp-content\/uploads\/2025\/09\/@fbphoto38-5-820x1024.jpg 820w, https:\/\/richeskarayib.com\/wp-content\/uploads\/2025\/09\/@fbphoto38-5-240x300.jpg 240w, https:\/\/richeskarayib.com\/wp-content\/uploads\/2025\/09\/@fbphoto38-5-768x959.jpg 768w, https:\/\/richeskarayib.com\/wp-content\/uploads\/2025\/09\/@fbphoto38-5-1229x1536.jpg 1229w, https:\/\/richeskarayib.com\/wp-content\/uploads\/2025\/09\/@fbphoto38-5-1320x1649.jpg 1320w, https:\/\/richeskarayib.com\/wp-content\/uploads\/2025\/09\/@fbphoto38-5.jpg 1440w\" sizes=\"(max-width: 800px) 100vw, 800px\" \/>\t\t\t\t\t\t\t\t\t\t\t<figcaption class=\"widget-image-caption wp-caption-text\">@fbphoto38<\/figcaption>\n\t\t\t\t\t\t\t\t\t\t<\/figure>\n\t\t\t\t\t\t\t\t\t<\/div>\n\t\t\t\t<\/div>\n\t\t\t\t\t<\/div>\n\t\t<\/div>\n\t\t\t\t\t<\/div>\n\t\t<\/section>\n\t\t\t\t\t<\/div>\n\t\t<\/div>\n\t\t\t\t\t<\/div>\n\t\t<\/section>\n\t\t\t\t<section class=\"elementor-section elementor-top-section elementor-element elementor-element-379904c elementor-section-boxed elementor-section-height-default elementor-section-height-default\" data-id=\"379904c\" data-element_type=\"section\">\n\t\t\t\t\t\t<div class=\"elementor-container elementor-column-gap-default\">\n\t\t\t\t\t<div class=\"elementor-column elementor-col-100 elementor-top-column elementor-element elementor-element-0f26e48\" data-id=\"0f26e48\" data-element_type=\"column\">\n\t\t\t<div class=\"elementor-widget-wrap elementor-element-populated\">\n\t\t\t\t\t\t<div class=\"elementor-element elementor-element-85d6057 elementor-widget elementor-widget-heading\" data-id=\"85d6057\" data-element_type=\"widget\" data-widget_type=\"heading.default\">\n\t\t\t\t<div class=\"elementor-widget-container\">\n\t\t\t\t\t<h2 class=\"elementor-heading-title elementor-size-default\">Une reconnaissance qui s'affirme<\/h2>\t\t\t\t<\/div>\n\t\t\t\t<\/div>\n\t\t\t\t<div class=\"elementor-element elementor-element-859c001 elementor-widget elementor-widget-text-editor\" data-id=\"859c001\" data-element_type=\"widget\" data-widget_type=\"text-editor.default\">\n\t\t\t\t<div class=\"elementor-widget-container\">\n\t\t\t\t\t\t\t\t\t<p><span style=\"font-weight: 400;\">Cette victoire 2025 constitue la deuxi\u00e8me distinction majeure d&#8217;<a href=\"https:\/\/la1ere.franceinfo.fr\/le-batteur-guadeloupeen-arnaud-dolmen-laureat-des-victoires-du-jazz-2025-1619636.html\" target=\"_blank\" rel=\"noopener nofollow\">Arnaud Dolmen<\/a> aux Victoires du Jazz, apr\u00e8s son premier troph\u00e9e &#8220;R\u00e9v\u00e9lation&#8221; obtenu en 2022. En quatre ann\u00e9es, le musicien guadeloup\u00e9en a \u00e9t\u00e9 nomm\u00e9 \u00e0 trois reprises dans diff\u00e9rentes cat\u00e9gories, t\u00e9moignant de la reconnaissance constante de ses pairs.<\/span><\/p>\n<p><span style=\"font-weight: 400;\">Ses deux albums personnels ont largement contribu\u00e9 \u00e0 cette reconnaissance. &#8220;Tonb\u00e9 L\u00e9v\u00e9&#8221; (2017), ax\u00e9 sur une esth\u00e9tique de jazz contemporain, lui vaut le titre de &#8220;R\u00e9v\u00e9lation de l&#8217;ann\u00e9e&#8221; par Jazz Magazine. &#8220;Adjusting&#8221; (2022) confirme son statut d&#8217;artiste accompli, questionnant &#8220;notre interconnexion, notre exp\u00e9rience humaine dans un monde aussi beau que bruyant&#8221;.<\/span><\/p>\t\t\t\t\t\t\t\t<\/div>\n\t\t\t\t<\/div>\n\t\t\t\t\t<\/div>\n\t\t<\/div>\n\t\t\t\t\t<\/div>\n\t\t<\/section>\n\t\t\t\t<section class=\"elementor-section elementor-top-section elementor-element elementor-element-21812d9 elementor-section-boxed elementor-section-height-default elementor-section-height-default\" data-id=\"21812d9\" data-element_type=\"section\">\n\t\t\t\t\t\t<div class=\"elementor-container elementor-column-gap-default\">\n\t\t\t\t\t<div class=\"elementor-column elementor-col-100 elementor-top-column elementor-element elementor-element-0d2df72\" data-id=\"0d2df72\" data-element_type=\"column\">\n\t\t\t<div class=\"elementor-widget-wrap elementor-element-populated\">\n\t\t\t\t\t\t<div class=\"elementor-element elementor-element-718146b elementor-widget elementor-widget-heading\" data-id=\"718146b\" data-element_type=\"widget\" data-widget_type=\"heading.default\">\n\t\t\t\t<div class=\"elementor-widget-container\">\n\t\t\t\t\t<h2 class=\"elementor-heading-title elementor-size-default\">L'impact culturel d'une telle victoire<\/h2>\t\t\t\t<\/div>\n\t\t\t\t<\/div>\n\t\t\t\t<div class=\"elementor-element elementor-element-a5b045b elementor-widget elementor-widget-text-editor\" data-id=\"a5b045b\" data-element_type=\"widget\" data-widget_type=\"text-editor.default\">\n\t\t\t\t<div class=\"elementor-widget-container\">\n\t\t\t\t\t\t\t\t\t<p><span style=\"font-weight: 400;\">Cette cons\u00e9cration r\u00e9sonne bien au-del\u00e0 du milieu musical. Guy Losbar, pr\u00e9sident du conseil d\u00e9partemental de Guadeloupe, a d\u00e9clar\u00e9 : &#8220;Avec cette nouvelle distinction, Arnaud Dolmen confirme sa place parmi les plus grands talents de la sc\u00e8ne jazz actuelle au plan mondial. \u00c0 travers sa musique, il fait r\u00e9sonner la singularit\u00e9 de notre identit\u00e9 culturelle&#8221;.<\/span><\/p>\n<p><span style=\"font-weight: 400;\">Ary Chalus, pr\u00e9sident du conseil r\u00e9gional de Guadeloupe, souligne que le musicien &#8220;d\u00e9montre que la richesse de notre culture et de nos traditions est un atout formidable pour rayonner sur la sc\u00e8ne internationale&#8221;. Cette victoire illustre parfaitement comment Arnaud Dolmen parvient \u00e0 porter l&#8217;h\u00e9ritage du gwo-ka sur les sc\u00e8nes mondiales du jazz.<\/span><\/p>\t\t\t\t\t\t\t\t<\/div>\n\t\t\t\t<\/div>\n\t\t\t\t<div class=\"elementor-element elementor-element-841abfe elementor-widget elementor-widget-text-editor\" data-id=\"841abfe\" data-element_type=\"widget\" data-widget_type=\"text-editor.default\">\n\t\t\t\t<div class=\"elementor-widget-container\">\n\t\t\t\t\t\t\t\t\t<p><span style=\"font-weight: 400;\">Le succ\u00e8s d&#8217;Arnaud Dolmen s&#8217;inscrit dans une d\u00e9marche plus large de valorisation des musiques carib\u00e9ennes. En mai dernier, lors du festival Jazz sous les Pommiers, il dirigeait une fanfare &#8220;Carnival for Love&#8221; de plus de 200 musiciens, d\u00e9montrant sa capacit\u00e9 \u00e0 f\u00e9d\u00e9rer et \u00e0 transmettre la richesse de son patrimoine musical.<\/span><\/p>\n<p><span style=\"font-weight: 400;\">Cette double Victoire du Jazz place d\u00e9finitivement Arnaud Dolmen parmi les figures incontournables du jazz fran\u00e7ais contemporain. Son approche singuli\u00e8re, alliant ma\u00eetrise technique et authenticit\u00e9 culturelle, ouvre de nouvelles perspectives pour le dialogue entre traditions carib\u00e9ennes et modernit\u00e9 musicale. La c\u00e9r\u00e9monie sera diffus\u00e9e le 22 septembre prochain sur France 4, permettant au grand public de d\u00e9couvrir ou red\u00e9couvrir ce talent exceptionnel qui honore la Guadeloupe et enrichit le paysage musical fran\u00e7ais.<\/span><\/p>\t\t\t\t\t\t\t\t<\/div>\n\t\t\t\t<\/div>\n\t\t\t\t<section class=\"elementor-section elementor-inner-section elementor-element elementor-element-b2dd3f2 elementor-section-boxed elementor-section-height-default elementor-section-height-default\" data-id=\"b2dd3f2\" data-element_type=\"section\">\n\t\t\t\t\t\t<div class=\"elementor-container elementor-column-gap-default\">\n\t\t\t\t\t<div class=\"elementor-column elementor-col-50 elementor-inner-column elementor-element elementor-element-d85aa37\" data-id=\"d85aa37\" data-element_type=\"column\">\n\t\t\t<div class=\"elementor-widget-wrap elementor-element-populated\">\n\t\t\t\t\t\t<div class=\"elementor-element elementor-element-80ad446 elementor-widget elementor-widget-image\" data-id=\"80ad446\" data-element_type=\"widget\" data-widget_type=\"image.default\">\n\t\t\t\t<div class=\"elementor-widget-container\">\n\t\t\t\t\t\t\t\t\t\t\t\t<figure class=\"wp-caption\">\n\t\t\t\t\t\t\t\t\t\t<img decoding=\"async\" width=\"800\" height=\"999\" src=\"https:\/\/richeskarayib.com\/wp-content\/uploads\/2025\/09\/@omniapromotu-820x1024.jpg\" class=\"attachment-large size-large wp-image-60589\" alt=\"Arnaud Dolmen\" srcset=\"https:\/\/richeskarayib.com\/wp-content\/uploads\/2025\/09\/@omniapromotu-820x1024.jpg 820w, https:\/\/richeskarayib.com\/wp-content\/uploads\/2025\/09\/@omniapromotu-240x300.jpg 240w, https:\/\/richeskarayib.com\/wp-content\/uploads\/2025\/09\/@omniapromotu-768x959.jpg 768w, https:\/\/richeskarayib.com\/wp-content\/uploads\/2025\/09\/@omniapromotu-1229x1536.jpg 1229w, https:\/\/richeskarayib.com\/wp-content\/uploads\/2025\/09\/@omniapromotu-1320x1649.jpg 1320w, https:\/\/richeskarayib.com\/wp-content\/uploads\/2025\/09\/@omniapromotu.jpg 1440w\" sizes=\"(max-width: 800px) 100vw, 800px\" \/>\t\t\t\t\t\t\t\t\t\t\t<figcaption class=\"widget-image-caption wp-caption-text\">@omniapromotu<\/figcaption>\n\t\t\t\t\t\t\t\t\t\t<\/figure>\n\t\t\t\t\t\t\t\t\t<\/div>\n\t\t\t\t<\/div>\n\t\t\t\t\t<\/div>\n\t\t<\/div>\n\t\t\t\t<div class=\"elementor-column elementor-col-50 elementor-inner-column elementor-element elementor-element-3e9de73\" data-id=\"3e9de73\" data-element_type=\"column\">\n\t\t\t<div class=\"elementor-widget-wrap elementor-element-populated\">\n\t\t\t\t\t\t<div class=\"elementor-element elementor-element-e46f6b8 elementor-widget elementor-widget-image\" data-id=\"e46f6b8\" data-element_type=\"widget\" data-widget_type=\"image.default\">\n\t\t\t\t<div class=\"elementor-widget-container\">\n\t\t\t\t\t\t\t\t\t\t\t\t<figure class=\"wp-caption\">\n\t\t\t\t\t\t\t\t\t\t<img loading=\"lazy\" decoding=\"async\" width=\"800\" height=\"999\" src=\"https:\/\/richeskarayib.com\/wp-content\/uploads\/2025\/09\/@fbphoto38-820x1024.jpg\" class=\"attachment-large size-large wp-image-60593\" alt=\"Arnaud Dolmen\" srcset=\"https:\/\/richeskarayib.com\/wp-content\/uploads\/2025\/09\/@fbphoto38-820x1024.jpg 820w, https:\/\/richeskarayib.com\/wp-content\/uploads\/2025\/09\/@fbphoto38-240x300.jpg 240w, https:\/\/richeskarayib.com\/wp-content\/uploads\/2025\/09\/@fbphoto38-768x959.jpg 768w, https:\/\/richeskarayib.com\/wp-content\/uploads\/2025\/09\/@fbphoto38.jpg 1092w\" sizes=\"(max-width: 800px) 100vw, 800px\" \/>\t\t\t\t\t\t\t\t\t\t\t<figcaption class=\"widget-image-caption wp-caption-text\">@fbphoto38<\/figcaption>\n\t\t\t\t\t\t\t\t\t\t<\/figure>\n\t\t\t\t\t\t\t\t\t<\/div>\n\t\t\t\t<\/div>\n\t\t\t\t\t<\/div>\n\t\t<\/div>\n\t\t\t\t\t<\/div>\n\t\t<\/section>\n\t\t\t\t<section class=\"elementor-section elementor-inner-section elementor-element elementor-element-9e882b0 elementor-section-boxed elementor-section-height-default elementor-section-height-default\" data-id=\"9e882b0\" data-element_type=\"section\">\n\t\t\t\t\t\t<div class=\"elementor-container elementor-column-gap-default\">\n\t\t\t\t\t<div class=\"elementor-column elementor-col-33 elementor-inner-column elementor-element elementor-element-361dff1\" data-id=\"361dff1\" data-element_type=\"column\">\n\t\t\t<div class=\"elementor-widget-wrap elementor-element-populated\">\n\t\t\t\t\t\t<div class=\"elementor-element elementor-element-a0113c1 elementor-widget elementor-widget-image\" data-id=\"a0113c1\" data-element_type=\"widget\" data-widget_type=\"image.default\">\n\t\t\t\t<div class=\"elementor-widget-container\">\n\t\t\t\t\t\t\t\t\t\t\t\t<figure class=\"wp-caption\">\n\t\t\t\t\t\t\t\t\t\t<img loading=\"lazy\" decoding=\"async\" width=\"800\" height=\"1000\" src=\"https:\/\/richeskarayib.com\/wp-content\/uploads\/2025\/09\/@fbphoto38-2-819x1024.jpg\" class=\"attachment-large size-large wp-image-60597\" alt=\"Arnaud Dolmen\" srcset=\"https:\/\/richeskarayib.com\/wp-content\/uploads\/2025\/09\/@fbphoto38-2-819x1024.jpg 819w, https:\/\/richeskarayib.com\/wp-content\/uploads\/2025\/09\/@fbphoto38-2-240x300.jpg 240w, https:\/\/richeskarayib.com\/wp-content\/uploads\/2025\/09\/@fbphoto38-2-768x960.jpg 768w, https:\/\/richeskarayib.com\/wp-content\/uploads\/2025\/09\/@fbphoto38-2-1229x1536.jpg 1229w, https:\/\/richeskarayib.com\/wp-content\/uploads\/2025\/09\/@fbphoto38-2-1320x1650.jpg 1320w, https:\/\/richeskarayib.com\/wp-content\/uploads\/2025\/09\/@fbphoto38-2.jpg 1390w\" sizes=\"(max-width: 800px) 100vw, 800px\" \/>\t\t\t\t\t\t\t\t\t\t\t<figcaption class=\"widget-image-caption wp-caption-text\">@fbphoto38<\/figcaption>\n\t\t\t\t\t\t\t\t\t\t<\/figure>\n\t\t\t\t\t\t\t\t\t<\/div>\n\t\t\t\t<\/div>\n\t\t\t\t\t<\/div>\n\t\t<\/div>\n\t\t\t\t<div class=\"elementor-column elementor-col-33 elementor-inner-column elementor-element elementor-element-50fae78\" data-id=\"50fae78\" data-element_type=\"column\">\n\t\t\t<div class=\"elementor-widget-wrap elementor-element-populated\">\n\t\t\t\t\t\t<div class=\"elementor-element elementor-element-25fc13a elementor-widget elementor-widget-image\" data-id=\"25fc13a\" data-element_type=\"widget\" data-widget_type=\"image.default\">\n\t\t\t\t<div class=\"elementor-widget-container\">\n\t\t\t\t\t\t\t\t\t\t\t\t<figure class=\"wp-caption\">\n\t\t\t\t\t\t\t\t\t\t<img loading=\"lazy\" decoding=\"async\" width=\"800\" height=\"999\" src=\"https:\/\/richeskarayib.com\/wp-content\/uploads\/2025\/09\/@fbphoto38-4-820x1024.jpg\" class=\"attachment-large size-large wp-image-60601\" alt=\"Arnaud Dolmen\" srcset=\"https:\/\/richeskarayib.com\/wp-content\/uploads\/2025\/09\/@fbphoto38-4-820x1024.jpg 820w, https:\/\/richeskarayib.com\/wp-content\/uploads\/2025\/09\/@fbphoto38-4-240x300.jpg 240w, https:\/\/richeskarayib.com\/wp-content\/uploads\/2025\/09\/@fbphoto38-4-768x959.jpg 768w, https:\/\/richeskarayib.com\/wp-content\/uploads\/2025\/09\/@fbphoto38-4-1230x1536.jpg 1230w, https:\/\/richeskarayib.com\/wp-content\/uploads\/2025\/09\/@fbphoto38-4-1320x1648.jpg 1320w, https:\/\/richeskarayib.com\/wp-content\/uploads\/2025\/09\/@fbphoto38-4.jpg 1440w\" sizes=\"(max-width: 800px) 100vw, 800px\" \/>\t\t\t\t\t\t\t\t\t\t\t<figcaption class=\"widget-image-caption wp-caption-text\">@fbphoto38<\/figcaption>\n\t\t\t\t\t\t\t\t\t\t<\/figure>\n\t\t\t\t\t\t\t\t\t<\/div>\n\t\t\t\t<\/div>\n\t\t\t\t\t<\/div>\n\t\t<\/div>\n\t\t\t\t<div class=\"elementor-column elementor-col-33 elementor-inner-column elementor-element elementor-element-5f41f85\" data-id=\"5f41f85\" data-element_type=\"column\">\n\t\t\t<div class=\"elementor-widget-wrap elementor-element-populated\">\n\t\t\t\t\t\t<div class=\"elementor-element elementor-element-004502f elementor-widget elementor-widget-image\" data-id=\"004502f\" data-element_type=\"widget\" data-widget_type=\"image.default\">\n\t\t\t\t<div class=\"elementor-widget-container\">\n\t\t\t\t\t\t\t\t\t\t\t\t<figure class=\"wp-caption\">\n\t\t\t\t\t\t\t\t\t\t<img loading=\"lazy\" decoding=\"async\" width=\"800\" height=\"999\" src=\"https:\/\/richeskarayib.com\/wp-content\/uploads\/2025\/09\/@fbphoto38-3-820x1024.jpg\" class=\"attachment-large size-large wp-image-60605\" alt=\"Arnaud Dolmen\" srcset=\"https:\/\/richeskarayib.com\/wp-content\/uploads\/2025\/09\/@fbphoto38-3-820x1024.jpg 820w, https:\/\/richeskarayib.com\/wp-content\/uploads\/2025\/09\/@fbphoto38-3-240x300.jpg 240w, https:\/\/richeskarayib.com\/wp-content\/uploads\/2025\/09\/@fbphoto38-3-768x959.jpg 768w, https:\/\/richeskarayib.com\/wp-content\/uploads\/2025\/09\/@fbphoto38-3-1229x1536.jpg 1229w, https:\/\/richeskarayib.com\/wp-content\/uploads\/2025\/09\/@fbphoto38-3-1320x1649.jpg 1320w, https:\/\/richeskarayib.com\/wp-content\/uploads\/2025\/09\/@fbphoto38-3.jpg 1440w\" sizes=\"(max-width: 800px) 100vw, 800px\" \/>\t\t\t\t\t\t\t\t\t\t\t<figcaption class=\"widget-image-caption wp-caption-text\">@fbphoto38<\/figcaption>\n\t\t\t\t\t\t\t\t\t\t<\/figure>\n\t\t\t\t\t\t\t\t\t<\/div>\n\t\t\t\t<\/div>\n\t\t\t\t\t<\/div>\n\t\t<\/div>\n\t\t\t\t\t<\/div>\n\t\t<\/section>\n\t\t\t\t\t<\/div>\n\t\t<\/div>\n\t\t\t\t\t<\/div>\n\t\t<\/section>\n\t\t\t\t<section class=\"elementor-section elementor-top-section elementor-element elementor-element-c52bc2b elementor-section-boxed elementor-section-height-default elementor-section-height-default\" data-id=\"c52bc2b\" data-element_type=\"section\">\n\t\t\t\t\t\t<div class=\"elementor-container elementor-column-gap-default\">\n\t\t\t\t\t<div class=\"elementor-column elementor-col-100 elementor-top-column elementor-element elementor-element-fc7af80\" data-id=\"fc7af80\" data-element_type=\"column\">\n\t\t\t<div class=\"elementor-widget-wrap elementor-element-populated\">\n\t\t\t\t\t\t<div class=\"elementor-element elementor-element-80982f6 elementor-widget elementor-widget-text-editor\" data-id=\"80982f6\" data-element_type=\"widget\" data-widget_type=\"text-editor.default\">\n\t\t\t\t<div class=\"elementor-widget-container\">\n\t\t\t\t\t\t\t\t\t<p><span style=\"font-weight: 400;\">La victoire d&#8217;Arnaud Dolmen aux Victoires du Jazz 2025 repr\u00e9sente bien plus qu&#8217;une simple r\u00e9compense individuelle. Elle symbolise la reconnaissance d&#8217;un patrimoine musical carib\u00e9en riche et vivant, capable de dialoguer avec les expressions artistiques les plus contemporaines. Ce batteur-compositeur exceptionnel prouve que l&#8217;excellence musicale peut na\u00eetre de la synth\u00e8se harmonieuse entre tradition et innovation, entre racines locales et ambitions universelles.<\/span><\/p>\t\t\t\t\t\t\t\t<\/div>\n\t\t\t\t<\/div>\n\t\t\t\t\t<\/div>\n\t\t<\/div>\n\t\t\t\t\t<\/div>\n\t\t<\/section>\n\t\t\t\t<\/div>\n\t\t","protected":false},"excerpt":{"rendered":"<p>Arnaud Dolmen a \u00e9crit une nouvelle page de l&#8217;histoire du jazz fran\u00e7ais en remportant la Victoire du Jazz 2025 dans la cat\u00e9gorie &#8220;artiste instrumental&#8221;. Cette distinction, obtenue le 3 septembre 2025 lors de la c\u00e9r\u00e9monie parisienne, consacre le talent exceptionnel de ce musicien originaire de Sainte-Anne en Guadeloupe, qui a su imposer son style unique [&hellip;]<\/p>\n","protected":false},"author":662,"featured_media":60577,"comment_status":"open","ping_status":"open","sticky":false,"template":"","format":"standard","meta":{"_acf_changed":false,"footnotes":""},"categories":[835],"tags":[1545],"class_list":["post-60576","post","type-post","status-publish","format-standard","has-post-thumbnail","hentry","category-musique-fr","tag-guadeloupe-2"],"acf":[],"_links":{"self":[{"href":"https:\/\/richeskarayib.com\/fr\/wp-json\/wp\/v2\/posts\/60576","targetHints":{"allow":["GET"]}}],"collection":[{"href":"https:\/\/richeskarayib.com\/fr\/wp-json\/wp\/v2\/posts"}],"about":[{"href":"https:\/\/richeskarayib.com\/fr\/wp-json\/wp\/v2\/types\/post"}],"author":[{"embeddable":true,"href":"https:\/\/richeskarayib.com\/fr\/wp-json\/wp\/v2\/users\/662"}],"replies":[{"embeddable":true,"href":"https:\/\/richeskarayib.com\/fr\/wp-json\/wp\/v2\/comments?post=60576"}],"version-history":[{"count":0,"href":"https:\/\/richeskarayib.com\/fr\/wp-json\/wp\/v2\/posts\/60576\/revisions"}],"wp:featuredmedia":[{"embeddable":true,"href":"https:\/\/richeskarayib.com\/fr\/wp-json\/wp\/v2\/media\/60577"}],"wp:attachment":[{"href":"https:\/\/richeskarayib.com\/fr\/wp-json\/wp\/v2\/media?parent=60576"}],"wp:term":[{"taxonomy":"category","embeddable":true,"href":"https:\/\/richeskarayib.com\/fr\/wp-json\/wp\/v2\/categories?post=60576"},{"taxonomy":"post_tag","embeddable":true,"href":"https:\/\/richeskarayib.com\/fr\/wp-json\/wp\/v2\/tags?post=60576"}],"curies":[{"name":"wp","href":"https:\/\/api.w.org\/{rel}","templated":true}]}}