{"id":61142,"date":"2025-09-12T08:02:10","date_gmt":"2025-09-12T12:02:10","guid":{"rendered":"https:\/\/richeskarayib.com\/?p=61142"},"modified":"2025-09-12T08:02:10","modified_gmt":"2025-09-12T12:02:10","slug":"partenariat-caraibe-japon-dialogue-strategie","status":"publish","type":"post","link":"https:\/\/richeskarayib.com\/fr\/partenariat-caraibe-japon-dialogue-strategie\/","title":{"rendered":"Partenariat Cara\u00efbe\u2013Japon : un dialogue strat\u00e9gique pour une prosp\u00e9rit\u00e9 r\u00e9siliente"},"content":{"rendered":"\t\t<div data-elementor-type=\"wp-post\" data-elementor-id=\"61142\" class=\"elementor elementor-61142\" data-elementor-post-type=\"post\">\n\t\t\t\t\t\t<section class=\"elementor-section elementor-top-section elementor-element elementor-element-7ca7ca1 elementor-section-boxed elementor-section-height-default elementor-section-height-default\" data-id=\"7ca7ca1\" data-element_type=\"section\">\n\t\t\t\t\t\t<div class=\"elementor-container elementor-column-gap-default\">\n\t\t\t\t\t<div class=\"elementor-column elementor-col-100 elementor-top-column elementor-element elementor-element-cbdd002\" data-id=\"cbdd002\" data-element_type=\"column\">\n\t\t\t<div class=\"elementor-widget-wrap elementor-element-populated\">\n\t\t\t\t\t\t<section class=\"elementor-section elementor-inner-section elementor-element elementor-element-bc94849 elementor-section-boxed elementor-section-height-default elementor-section-height-default\" data-id=\"bc94849\" data-element_type=\"section\">\n\t\t\t\t\t\t<div class=\"elementor-container elementor-column-gap-default\">\n\t\t\t\t\t\t<\/div>\n\t\t<\/section>\n\t\t\t\t<section class=\"elementor-section elementor-inner-section elementor-element elementor-element-61571e6 elementor-section-boxed elementor-section-height-default elementor-section-height-default\" data-id=\"61571e6\" data-element_type=\"section\">\n\t\t\t\t\t\t<div class=\"elementor-container elementor-column-gap-default\">\n\t\t\t\t\t\t<\/div>\n\t\t<\/section>\n\t\t\t\t<section class=\"elementor-section elementor-inner-section elementor-element elementor-element-b6262e0 elementor-section-boxed elementor-section-height-default elementor-section-height-default\" data-id=\"b6262e0\" data-element_type=\"section\">\n\t\t\t\t\t\t<div class=\"elementor-container elementor-column-gap-default\">\n\t\t\t\t\t\t<\/div>\n\t\t<\/section>\n\t\t\t\t<section class=\"elementor-section elementor-inner-section elementor-element elementor-element-cca29fd elementor-section-boxed elementor-section-height-default elementor-section-height-default\" data-id=\"cca29fd\" data-element_type=\"section\">\n\t\t\t\t\t\t<div class=\"elementor-container elementor-column-gap-default\">\n\t\t\t\t\t\t<\/div>\n\t\t<\/section>\n\t\t\t\t\t<\/div>\n\t\t<\/div>\n\t\t\t\t\t<\/div>\n\t\t<\/section>\n\t\t\t\t<section class=\"elementor-section elementor-top-section elementor-element elementor-element-6f34adc elementor-section-boxed elementor-section-height-default elementor-section-height-default\" data-id=\"6f34adc\" data-element_type=\"section\">\n\t\t\t\t\t\t<div class=\"elementor-container elementor-column-gap-default\">\n\t\t\t\t\t<div class=\"elementor-column elementor-col-100 elementor-top-column elementor-element elementor-element-787608c\" data-id=\"787608c\" data-element_type=\"column\">\n\t\t\t<div class=\"elementor-widget-wrap elementor-element-populated\">\n\t\t\t\t\t\t<div class=\"elementor-element elementor-element-c5c79cd elementor-widget elementor-widget-text-editor\" data-id=\"c5c79cd\" data-element_type=\"widget\" data-widget_type=\"text-editor.default\">\n\t\t\t\t<div class=\"elementor-widget-container\">\n\t\t\t\t\t\t\t\t\t<p><a href=\"https:\/\/pressroom.oecs.int\/partenariat-caraibe-japon--faire-progresser-lagenda-de-la-prosperite-resiliente\" target=\"_blank\" rel=\"noopener nofollow\"><span style=\"font-weight: 400;\">Le <\/span>Partenariat Cara\u00efbe Japon<\/a><span style=\"font-weight: 400;\"> vient de franchir une nouvelle \u00e9tape avec l\u2019organisation du premier Dialogue r\u00e9gional carib\u00e9en, tenu les 21 et 22 ao\u00fbt 2025 \u00e0 <a href=\"https:\/\/richeskarayib.com\/fr\/carnaval-de-sainte-lucie-economie-culture\/\" target=\"_blank\" rel=\"noopener\">Sainte-Lucie<\/a>. Accueilli au Bay Gardens Hotel et orchestr\u00e9 par la Commission de l\u2019Organisation des \u00c9tats de la Cara\u00efbe orientale (OECO) en collaboration avec la Fondation Sasakawa pour la Paix (SPF) du Japon, cet \u00e9v\u00e9nement a r\u00e9uni gouvernements, organisations r\u00e9gionales, secteur priv\u00e9, monde acad\u00e9mique, soci\u00e9t\u00e9 civile et repr\u00e9sentants de la jeunesse de l\u2019ensemble de la r\u00e9gion CARICOM. Pendant deux jours, les discussions se sont articul\u00e9es autour d\u2019un th\u00e8me central : \u00ab Faire progresser la prosp\u00e9rit\u00e9 r\u00e9siliente dans la Cara\u00efbe \u00bb.<\/span><\/p>\t\t\t\t\t\t\t\t<\/div>\n\t\t\t\t<\/div>\n\t\t\t\t\t<\/div>\n\t\t<\/div>\n\t\t\t\t\t<\/div>\n\t\t<\/section>\n\t\t\t\t<section class=\"elementor-section elementor-top-section elementor-element elementor-element-6df3229 elementor-section-boxed elementor-section-height-default elementor-section-height-default\" data-id=\"6df3229\" data-element_type=\"section\">\n\t\t\t\t\t\t<div class=\"elementor-container elementor-column-gap-default\">\n\t\t\t\t\t<div class=\"elementor-column elementor-col-100 elementor-top-column elementor-element elementor-element-098e8ca\" data-id=\"098e8ca\" data-element_type=\"column\">\n\t\t\t<div class=\"elementor-widget-wrap elementor-element-populated\">\n\t\t\t\t\t\t<div class=\"elementor-element elementor-element-4de16c5 elementor-widget elementor-widget-heading\" data-id=\"4de16c5\" data-element_type=\"widget\" data-widget_type=\"heading.default\">\n\t\t\t\t<div class=\"elementor-widget-container\">\n\t\t\t\t\t<h2 class=\"elementor-heading-title elementor-size-default\">Une ambition partag\u00e9e : transformer la r\u00e9silience en moteur de prosp\u00e9rit\u00e9<\/h2>\t\t\t\t<\/div>\n\t\t\t\t<\/div>\n\t\t\t\t<div class=\"elementor-element elementor-element-7e03fa7 elementor-widget elementor-widget-text-editor\" data-id=\"7e03fa7\" data-element_type=\"widget\" data-widget_type=\"text-editor.default\">\n\t\t\t\t<div class=\"elementor-widget-container\">\n\t\t\t\t\t\t\t\t\t<p><span style=\"font-weight: 400;\">Dans son discours d\u2019ouverture, l\u2019honorable <\/span><b>Wayne Girard<\/b><span style=\"font-weight: 400;\">, ministre aupr\u00e8s du minist\u00e8re des Finances, du D\u00e9veloppement \u00e9conomique et de l\u2019\u00c9conomie des jeunes de Sainte-Lucie, a soulign\u00e9 que la r\u00e9silience ne se limite pas \u00e0 la capacit\u00e9 de rebondir apr\u00e8s les crises. Elle doit \u00eatre con\u00e7ue comme une <\/span><b>volont\u00e9 d\u2019avancer vers la durabilit\u00e9, l\u2019inclusion et l\u2019innovation<\/b><span style=\"font-weight: 400;\">. Pour lui, ce Dialogue constitue \u00e0 la fois un rappel \u00e0 la conscience et une plateforme de coop\u00e9ration pour red\u00e9finir la trajectoire carib\u00e9enne.<\/span><\/p>\t\t\t\t\t\t\t\t<\/div>\n\t\t\t\t<\/div>\n\t\t\t\t<div class=\"elementor-element elementor-element-38dd2f8 elementor-widget elementor-widget-text-editor\" data-id=\"38dd2f8\" data-element_type=\"widget\" data-widget_type=\"text-editor.default\">\n\t\t\t\t<div class=\"elementor-widget-container\">\n\t\t\t\t\t\t\t\t\t<p><span style=\"font-weight: 400;\">Le <\/span><b>Partenariat Cara\u00efbe Japon<\/b><span style=\"font-weight: 400;\"> s\u2019inscrit dans cette logique de transformation. Le <\/span><b>Dr Didacus Jules<\/b><span style=\"font-weight: 400;\">, directeur g\u00e9n\u00e9ral de l\u2019OECO, a invit\u00e9 la r\u00e9gion \u00e0 repenser son r\u00e9cit au niveau mondial. Selon lui, la Cara\u00efbe doit se pr\u00e9senter non comme un territoire vuln\u00e9rable mais comme une <\/span><b>source de solutions innovantes<\/b><span style=\"font-weight: 400;\"> : \u00e9nergies renouvelables, \u00e9conomie bleue, tourisme communautaire ou encore transformation des syst\u00e8mes alimentaires.<\/span><\/p>\t\t\t\t\t\t\t\t<\/div>\n\t\t\t\t<\/div>\n\t\t\t\t<section class=\"elementor-section elementor-inner-section elementor-element elementor-element-2d807fd elementor-section-boxed elementor-section-height-default elementor-section-height-default\" data-id=\"2d807fd\" data-element_type=\"section\">\n\t\t\t\t\t\t<div class=\"elementor-container elementor-column-gap-default\">\n\t\t\t\t\t<div class=\"elementor-column elementor-col-50 elementor-inner-column elementor-element elementor-element-c270326\" data-id=\"c270326\" data-element_type=\"column\">\n\t\t\t<div class=\"elementor-widget-wrap elementor-element-populated\">\n\t\t\t\t\t\t<div class=\"elementor-element elementor-element-272b13b elementor-widget elementor-widget-image\" data-id=\"272b13b\" data-element_type=\"widget\" data-widget_type=\"image.default\">\n\t\t\t\t<div class=\"elementor-widget-container\">\n\t\t\t\t\t\t\t\t\t\t\t\t<figure class=\"wp-caption\">\n\t\t\t\t\t\t\t\t\t\t<img fetchpriority=\"high\" decoding=\"async\" width=\"800\" height=\"534\" src=\"https:\/\/richeskarayib.com\/wp-content\/uploads\/2025\/09\/Hon.-Wayne-Girard-ministre-des-Finances-du-Developpement-economique-et-de-lEconomie-des-jeunes-Sainte-Lucie-1024x683.avif\" class=\"attachment-large size-large wp-image-61148\" alt=\"Partenariat Cara\u00efbe Japon\" srcset=\"https:\/\/richeskarayib.com\/wp-content\/uploads\/2025\/09\/Hon.-Wayne-Girard-ministre-des-Finances-du-Developpement-economique-et-de-lEconomie-des-jeunes-Sainte-Lucie-1024x683.avif 1024w, https:\/\/richeskarayib.com\/wp-content\/uploads\/2025\/09\/Hon.-Wayne-Girard-ministre-des-Finances-du-Developpement-economique-et-de-lEconomie-des-jeunes-Sainte-Lucie-300x200.avif 300w, https:\/\/richeskarayib.com\/wp-content\/uploads\/2025\/09\/Hon.-Wayne-Girard-ministre-des-Finances-du-Developpement-economique-et-de-lEconomie-des-jeunes-Sainte-Lucie-768x512.avif 768w, https:\/\/richeskarayib.com\/wp-content\/uploads\/2025\/09\/Hon.-Wayne-Girard-ministre-des-Finances-du-Developpement-economique-et-de-lEconomie-des-jeunes-Sainte-Lucie.avif 1200w\" sizes=\"(max-width: 800px) 100vw, 800px\" \/>\t\t\t\t\t\t\t\t\t\t\t<figcaption class=\"widget-image-caption wp-caption-text\">Hon. Wayne Girard. \u00a9OECO<\/figcaption>\n\t\t\t\t\t\t\t\t\t\t<\/figure>\n\t\t\t\t\t\t\t\t\t<\/div>\n\t\t\t\t<\/div>\n\t\t\t\t\t<\/div>\n\t\t<\/div>\n\t\t\t\t<div class=\"elementor-column elementor-col-50 elementor-inner-column elementor-element elementor-element-29bd803\" data-id=\"29bd803\" data-element_type=\"column\">\n\t\t\t<div class=\"elementor-widget-wrap elementor-element-populated\">\n\t\t\t\t\t\t<div class=\"elementor-element elementor-element-ed4429f elementor-widget elementor-widget-image\" data-id=\"ed4429f\" data-element_type=\"widget\" data-widget_type=\"image.default\">\n\t\t\t\t<div class=\"elementor-widget-container\">\n\t\t\t\t\t\t\t\t\t\t\t\t<figure class=\"wp-caption\">\n\t\t\t\t\t\t\t\t\t\t<img decoding=\"async\" width=\"800\" height=\"534\" src=\"https:\/\/richeskarayib.com\/wp-content\/uploads\/2025\/09\/S.E.-Dr-Didacus-Jules-directeur-general-de-lOECO-1024x683.avif\" class=\"attachment-large size-large wp-image-61152\" alt=\"Partenariat Cara\u00efbe Japon\" srcset=\"https:\/\/richeskarayib.com\/wp-content\/uploads\/2025\/09\/S.E.-Dr-Didacus-Jules-directeur-general-de-lOECO-1024x683.avif 1024w, https:\/\/richeskarayib.com\/wp-content\/uploads\/2025\/09\/S.E.-Dr-Didacus-Jules-directeur-general-de-lOECO-300x200.avif 300w, https:\/\/richeskarayib.com\/wp-content\/uploads\/2025\/09\/S.E.-Dr-Didacus-Jules-directeur-general-de-lOECO-768x512.avif 768w, https:\/\/richeskarayib.com\/wp-content\/uploads\/2025\/09\/S.E.-Dr-Didacus-Jules-directeur-general-de-lOECO.avif 1200w\" sizes=\"(max-width: 800px) 100vw, 800px\" \/>\t\t\t\t\t\t\t\t\t\t\t<figcaption class=\"widget-image-caption wp-caption-text\">S.E. Dr Didacus Jules. \u00a9OECO<\/figcaption>\n\t\t\t\t\t\t\t\t\t\t<\/figure>\n\t\t\t\t\t\t\t\t\t<\/div>\n\t\t\t\t<\/div>\n\t\t\t\t\t<\/div>\n\t\t<\/div>\n\t\t\t\t\t<\/div>\n\t\t<\/section>\n\t\t\t\t\t<\/div>\n\t\t<\/div>\n\t\t\t\t\t<\/div>\n\t\t<\/section>\n\t\t\t\t<section class=\"elementor-section elementor-top-section elementor-element elementor-element-383b273 elementor-section-boxed elementor-section-height-default elementor-section-height-default\" data-id=\"383b273\" data-element_type=\"section\">\n\t\t\t\t\t\t<div class=\"elementor-container elementor-column-gap-default\">\n\t\t\t\t\t<div class=\"elementor-column elementor-col-100 elementor-top-column elementor-element elementor-element-98878ff\" data-id=\"98878ff\" data-element_type=\"column\">\n\t\t\t<div class=\"elementor-widget-wrap elementor-element-populated\">\n\t\t\t\t\t\t<div class=\"elementor-element elementor-element-4919ffd elementor-widget elementor-widget-heading\" data-id=\"4919ffd\" data-element_type=\"widget\" data-widget_type=\"heading.default\">\n\t\t\t\t<div class=\"elementor-widget-container\">\n\t\t\t\t\t<h2 class=\"elementor-heading-title elementor-size-default\">Cinq piliers strat\u00e9giques pour un d\u00e9veloppement durable<\/h2>\t\t\t\t<\/div>\n\t\t\t\t<\/div>\n\t\t\t\t<div class=\"elementor-element elementor-element-09e10fe elementor-widget elementor-widget-text-editor\" data-id=\"09e10fe\" data-element_type=\"widget\" data-widget_type=\"text-editor.default\">\n\t\t\t\t<div class=\"elementor-widget-container\">\n\t\t\t\t\t\t\t\t\t<p><span style=\"font-weight: 400;\">Les \u00e9changes se sont structur\u00e9s autour de <\/span><b>cinq piliers majeurs<\/b><span style=\"font-weight: 400;\"> :<\/span><\/p>\n<ol>\n<li style=\"font-weight: 400;\" aria-level=\"1\"><b>\u00c9conomie bleue<\/b><span style=\"font-weight: 400;\"> : valorisation durable des ressources marines et d\u00e9veloppement de cha\u00eenes de valeur.<\/span><span style=\"font-weight: 400;\"><br \/><\/span><\/li>\n<li style=\"font-weight: 400;\" aria-level=\"1\"><b>Tourisme communautaire<\/b><span style=\"font-weight: 400;\"> : implication des populations locales pour un tourisme plus \u00e9quitable.<\/span><span style=\"font-weight: 400;\"><br \/><\/span><\/li>\n<li style=\"font-weight: 400;\" aria-level=\"1\"><b>Agriculture et s\u00e9curit\u00e9 alimentaire<\/b><span style=\"font-weight: 400;\"> : renforcement de la souverainet\u00e9 alimentaire des \u00eeles.<\/span><span style=\"font-weight: 400;\"><br \/><\/span><\/li>\n<li style=\"font-weight: 400;\" aria-level=\"1\"><b>D\u00e9veloppement \u00e9conomique et commercial<\/b><span style=\"font-weight: 400;\"> : diversification et int\u00e9gration dans l\u2019\u00e9conomie mondiale.<\/span><span style=\"font-weight: 400;\"><br \/><b><\/b><\/span><\/li>\n<li style=\"font-weight: 400;\" aria-level=\"1\"><span style=\"font-weight: 400;\"><b>R\u00e9duction des risques climatiques et de catastrophes<\/b> : construction d\u2019infrastructures et de politiques adapt\u00e9es aux r\u00e9alit\u00e9s insulaires.<\/span><\/li>\n<\/ol>\t\t\t\t\t\t\t\t<\/div>\n\t\t\t\t<\/div>\n\t\t\t\t<div class=\"elementor-element elementor-element-85a323b elementor-widget elementor-widget-text-editor\" data-id=\"85a323b\" data-element_type=\"widget\" data-widget_type=\"text-editor.default\">\n\t\t\t\t<div class=\"elementor-widget-container\">\n\t\t\t\t\t\t\t\t\t<p><span style=\"font-weight: 400;\">\u00c0 travers le <\/span><b>Partenariat Cara\u00efbe Japon<\/b><span style=\"font-weight: 400;\">, ces piliers sont renforc\u00e9s par des th\u00e9matiques transversales : l\u2019importance des donn\u00e9es, la prise en compte du genre, la participation de la jeunesse, le r\u00f4le central de la soci\u00e9t\u00e9 civile et l\u2019engagement du secteur priv\u00e9.<\/span><\/p>\t\t\t\t\t\t\t\t<\/div>\n\t\t\t\t<\/div>\n\t\t\t\t<div class=\"elementor-element elementor-element-bcf8587 elementor-widget elementor-widget-image\" data-id=\"bcf8587\" data-element_type=\"widget\" data-widget_type=\"image.default\">\n\t\t\t\t<div class=\"elementor-widget-container\">\n\t\t\t\t\t\t\t\t\t\t\t\t\t\t\t<img decoding=\"async\" width=\"800\" height=\"534\" src=\"https:\/\/richeskarayib.com\/wp-content\/uploads\/2025\/09\/Sasakawa-Peace-Foundation-OECS-PR-5-1024x683.avif\" class=\"attachment-large size-large wp-image-61164\" alt=\"\" srcset=\"https:\/\/richeskarayib.com\/wp-content\/uploads\/2025\/09\/Sasakawa-Peace-Foundation-OECS-PR-5-1024x683.avif 1024w, https:\/\/richeskarayib.com\/wp-content\/uploads\/2025\/09\/Sasakawa-Peace-Foundation-OECS-PR-5-300x200.avif 300w, https:\/\/richeskarayib.com\/wp-content\/uploads\/2025\/09\/Sasakawa-Peace-Foundation-OECS-PR-5-768x512.avif 768w, https:\/\/richeskarayib.com\/wp-content\/uploads\/2025\/09\/Sasakawa-Peace-Foundation-OECS-PR-5.avif 1200w\" sizes=\"(max-width: 800px) 100vw, 800px\" \/>\t\t\t\t\t\t\t\t\t\t\t\t\t\t\t<\/div>\n\t\t\t\t<\/div>\n\t\t\t\t\t<\/div>\n\t\t<\/div>\n\t\t\t\t\t<\/div>\n\t\t<\/section>\n\t\t\t\t<section class=\"elementor-section elementor-top-section elementor-element elementor-element-5a7397d elementor-section-boxed elementor-section-height-default elementor-section-height-default\" data-id=\"5a7397d\" data-element_type=\"section\">\n\t\t\t\t\t\t<div class=\"elementor-container elementor-column-gap-default\">\n\t\t\t\t\t<div class=\"elementor-column elementor-col-100 elementor-top-column elementor-element elementor-element-8b33b4b\" data-id=\"8b33b4b\" data-element_type=\"column\">\n\t\t\t<div class=\"elementor-widget-wrap elementor-element-populated\">\n\t\t\t\t\t\t<div class=\"elementor-element elementor-element-89dac4b elementor-widget elementor-widget-heading\" data-id=\"89dac4b\" data-element_type=\"widget\" data-widget_type=\"heading.default\">\n\t\t\t\t<div class=\"elementor-widget-container\">\n\t\t\t\t\t<h2 class=\"elementor-heading-title elementor-size-default\">Des initiatives concr\u00e8tes propos\u00e9es par l\u2019OECO\n<\/h2>\t\t\t\t<\/div>\n\t\t\t\t<\/div>\n\t\t\t\t<div class=\"elementor-element elementor-element-4fc7069 elementor-widget elementor-widget-text-editor\" data-id=\"4fc7069\" data-element_type=\"widget\" data-widget_type=\"text-editor.default\">\n\t\t\t\t<div class=\"elementor-widget-container\">\n\t\t\t\t\t\t\t\t\t<p><span style=\"font-weight: 400;\">Le Dr Didacus Jules a propos\u00e9 plusieurs instruments op\u00e9rationnels afin de transformer les discussions en r\u00e9sultats tangibles :<\/span><\/p>\n<ul>\n<li style=\"font-weight: 400;\" aria-level=\"1\"><b>\u2705 Un Pacte de gestion des syst\u00e8mes insulaires carib\u00e9ens<\/b><span style=\"font-weight: 400;\">, pour harmoniser les politiques et am\u00e9liorer la r\u00e9silience r\u00e9gionale.<\/span><\/li>\n<li style=\"font-weight: 400;\" aria-level=\"1\"><b>\u2705 Un Acc\u00e9l\u00e9rateur des cha\u00eenes de valeur bleues<\/b><span style=\"font-weight: 400;\">, destin\u00e9 \u00e0 maximiser les retomb\u00e9es \u00e9conomiques des ressources marines.<\/span><\/li>\n<li style=\"font-weight: 400;\" aria-level=\"1\"><b>\u2705 Une Bo\u00eete \u00e0 outils pour le financement r\u00e9silient au climat<\/b><span style=\"font-weight: 400;\">, afin d\u2019orienter les flux financiers vers des projets durables et adapt\u00e9s aux r\u00e9alit\u00e9s locales.<\/span><\/li>\n<\/ul>\n<p><span style=\"font-weight: 400;\">Le <\/span><b>Partenariat Cara\u00efbe Japon<\/b><span style=\"font-weight: 400;\"> se veut donc un levier pour traduire l\u2019<\/span><b>Agenda d\u2019Antigua-et-Barbuda pour les PEID<\/b><span style=\"font-weight: 400;\"> en solutions concr\u00e8tes et mesurables.<\/span><\/p>\t\t\t\t\t\t\t\t<\/div>\n\t\t\t\t<\/div>\n\t\t\t\t\t<\/div>\n\t\t<\/div>\n\t\t\t\t\t<\/div>\n\t\t<\/section>\n\t\t\t\t<section class=\"elementor-section elementor-top-section elementor-element elementor-element-7f97911 elementor-section-boxed elementor-section-height-default elementor-section-height-default\" data-id=\"7f97911\" data-element_type=\"section\">\n\t\t\t\t\t\t<div class=\"elementor-container elementor-column-gap-default\">\n\t\t\t\t\t<div class=\"elementor-column elementor-col-100 elementor-top-column elementor-element elementor-element-e5ed698\" data-id=\"e5ed698\" data-element_type=\"column\">\n\t\t\t<div class=\"elementor-widget-wrap elementor-element-populated\">\n\t\t\t\t\t\t<div class=\"elementor-element elementor-element-822fbe3 elementor-widget elementor-widget-heading\" data-id=\"822fbe3\" data-element_type=\"widget\" data-widget_type=\"heading.default\">\n\t\t\t\t<div class=\"elementor-widget-container\">\n\t\t\t\t\t<h2 class=\"elementor-heading-title elementor-size-default\">Une coop\u00e9ration renforc\u00e9e avec le Japon<\/h2>\t\t\t\t<\/div>\n\t\t\t\t<\/div>\n\t\t\t\t<div class=\"elementor-element elementor-element-e9cbf91 elementor-widget elementor-widget-text-editor\" data-id=\"e9cbf91\" data-element_type=\"widget\" data-widget_type=\"text-editor.default\">\n\t\t\t\t<div class=\"elementor-widget-container\">\n\t\t\t\t\t\t\t\t\t<p><span style=\"font-weight: 400;\">Le <\/span><a href=\"https:\/\/la1ere.franceinfo.fr\/martinique\/rapprochement-entre-les-etats-de-la-caraibe-orientale-et-le-japon-vers-une-cooperation-renforcee-1622075.html\" target=\"_blank\" rel=\"noopener nofollow\"><b>Partenariat Cara\u00efbe Japon<\/b><\/a><span style=\"font-weight: 400;\"> ne se limite pas \u00e0 un simple exercice diplomatique. Il pr\u00e9pare la r\u00e9gion \u00e0 une visibilit\u00e9 accrue sur la sc\u00e8ne mondiale. En effet, ce Dialogue de Castries a servi de <\/span><b>pr\u00e9lude<\/b><span style=\"font-weight: 400;\"> au Dialogue interr\u00e9gional et au <\/span><b>Sommet mondial des \u00eeles<\/b><span style=\"font-weight: 400;\">, pr\u00e9vus en 2026 \u00e0 Tokyo. Ces rendez-vous r\u00e9uniront les nations insulaires de la Cara\u00efbe, du Pacifique et de l\u2019oc\u00e9an Indien, afin de relever ensemble les d\u00e9fis communs et de saisir des opportunit\u00e9s partag\u00e9es.<\/span><\/p>\t\t\t\t\t\t\t\t<\/div>\n\t\t\t\t<\/div>\n\t\t\t\t<div class=\"elementor-element elementor-element-517f668 elementor-widget elementor-widget-text-editor\" data-id=\"517f668\" data-element_type=\"widget\" data-widget_type=\"text-editor.default\">\n\t\t\t\t<div class=\"elementor-widget-container\">\n\t\t\t\t\t\t\t\t\t<p><span style=\"font-weight: 400;\">Le professeur <\/span><b>Mitsutaku Makino<\/b><span style=\"font-weight: 400;\">, pr\u00e9sident de l\u2019Institut de recherche sur les politiques oc\u00e9aniques (Ocean Policy Research Institute, OPRI-SPF), a d\u00e9clar\u00e9 que ces discussions repr\u00e9sentaient une premi\u00e8re \u00e9tape importante pour b\u00e2tir une coop\u00e9ration internationale solide. Selon lui, le <\/span><b>Partenariat Cara\u00efbe Japon<\/b><span style=\"font-weight: 400;\"> est une opportunit\u00e9 pour avancer des solutions collectives aux d\u00e9fis climatiques et \u00e9conomiques des petites nations insulaires.<\/span><\/p>\n<p><span style=\"font-weight: 400;\">De son c\u00f4t\u00e9, <\/span><b>Hideyuki Shiozawa<\/b><span style=\"font-weight: 400;\">, directeur des Nations insulaires \u00e0 l\u2019OPRI-SPF, a insist\u00e9 sur la n\u00e9cessit\u00e9 de combler l\u2019\u00e9cart entre les politiques internationales et les r\u00e9alit\u00e9s v\u00e9cues par les populations locales. Pour lui, favoriser le dialogue et fournir des donn\u00e9es aux d\u00e9cideurs est la cl\u00e9 pour cr\u00e9er une dynamique vers la Conf\u00e9rence mondiale des synergies et le Sommet de Tokyo.<\/span><\/p>\t\t\t\t\t\t\t\t<\/div>\n\t\t\t\t<\/div>\n\t\t\t\t<section class=\"elementor-section elementor-inner-section elementor-element elementor-element-ab61370 elementor-section-boxed elementor-section-height-default elementor-section-height-default\" data-id=\"ab61370\" data-element_type=\"section\">\n\t\t\t\t\t\t<div class=\"elementor-container elementor-column-gap-default\">\n\t\t\t\t\t<div class=\"elementor-column elementor-col-50 elementor-inner-column elementor-element elementor-element-18fee96\" data-id=\"18fee96\" data-element_type=\"column\">\n\t\t\t<div class=\"elementor-widget-wrap elementor-element-populated\">\n\t\t\t\t\t\t<div class=\"elementor-element elementor-element-4e89f23 elementor-widget elementor-widget-image\" data-id=\"4e89f23\" data-element_type=\"widget\" data-widget_type=\"image.default\">\n\t\t\t\t<div class=\"elementor-widget-container\">\n\t\t\t\t\t\t\t\t\t\t\t\t<figure class=\"wp-caption\">\n\t\t\t\t\t\t\t\t\t\t<img loading=\"lazy\" decoding=\"async\" width=\"800\" height=\"534\" src=\"https:\/\/richeskarayib.com\/wp-content\/uploads\/2025\/09\/Professeur-Mitsutaku-Makino-1024x683.avif\" class=\"attachment-large size-large wp-image-61156\" alt=\"Partenariat Cara\u00efbe Japon\" srcset=\"https:\/\/richeskarayib.com\/wp-content\/uploads\/2025\/09\/Professeur-Mitsutaku-Makino-1024x683.avif 1024w, https:\/\/richeskarayib.com\/wp-content\/uploads\/2025\/09\/Professeur-Mitsutaku-Makino-300x200.avif 300w, https:\/\/richeskarayib.com\/wp-content\/uploads\/2025\/09\/Professeur-Mitsutaku-Makino-768x512.avif 768w, https:\/\/richeskarayib.com\/wp-content\/uploads\/2025\/09\/Professeur-Mitsutaku-Makino.avif 1200w\" sizes=\"(max-width: 800px) 100vw, 800px\" \/>\t\t\t\t\t\t\t\t\t\t\t<figcaption class=\"widget-image-caption wp-caption-text\">Professeur Mitsutaku Makino.  \u00a9OECO<\/figcaption>\n\t\t\t\t\t\t\t\t\t\t<\/figure>\n\t\t\t\t\t\t\t\t\t<\/div>\n\t\t\t\t<\/div>\n\t\t\t\t\t<\/div>\n\t\t<\/div>\n\t\t\t\t<div class=\"elementor-column elementor-col-50 elementor-inner-column elementor-element elementor-element-40a0527\" data-id=\"40a0527\" data-element_type=\"column\">\n\t\t\t<div class=\"elementor-widget-wrap elementor-element-populated\">\n\t\t\t\t\t\t<div class=\"elementor-element elementor-element-2d91d69 elementor-widget elementor-widget-image\" data-id=\"2d91d69\" data-element_type=\"widget\" data-widget_type=\"image.default\">\n\t\t\t\t<div class=\"elementor-widget-container\">\n\t\t\t\t\t\t\t\t\t\t\t\t<figure class=\"wp-caption\">\n\t\t\t\t\t\t\t\t\t\t<img loading=\"lazy\" decoding=\"async\" width=\"800\" height=\"534\" src=\"https:\/\/richeskarayib.com\/wp-content\/uploads\/2025\/09\/M.-Hideyuki-Shiozawa-directeur-des-nations-insulaires-Institut-de-recherche-sur-les-politiques-oceaniques-Fondation-Sasakawa-pour-la-paix-1024x683.avif\" class=\"attachment-large size-large wp-image-61160\" alt=\"Partenariat Cara\u00efbe Japon\" srcset=\"https:\/\/richeskarayib.com\/wp-content\/uploads\/2025\/09\/M.-Hideyuki-Shiozawa-directeur-des-nations-insulaires-Institut-de-recherche-sur-les-politiques-oceaniques-Fondation-Sasakawa-pour-la-paix-1024x683.avif 1024w, https:\/\/richeskarayib.com\/wp-content\/uploads\/2025\/09\/M.-Hideyuki-Shiozawa-directeur-des-nations-insulaires-Institut-de-recherche-sur-les-politiques-oceaniques-Fondation-Sasakawa-pour-la-paix-300x200.avif 300w, https:\/\/richeskarayib.com\/wp-content\/uploads\/2025\/09\/M.-Hideyuki-Shiozawa-directeur-des-nations-insulaires-Institut-de-recherche-sur-les-politiques-oceaniques-Fondation-Sasakawa-pour-la-paix-768x512.avif 768w, https:\/\/richeskarayib.com\/wp-content\/uploads\/2025\/09\/M.-Hideyuki-Shiozawa-directeur-des-nations-insulaires-Institut-de-recherche-sur-les-politiques-oceaniques-Fondation-Sasakawa-pour-la-paix.avif 1200w\" sizes=\"(max-width: 800px) 100vw, 800px\" \/>\t\t\t\t\t\t\t\t\t\t\t<figcaption class=\"widget-image-caption wp-caption-text\">M. Hideyuki Shiozawa.  \u00a9OECO <\/figcaption>\n\t\t\t\t\t\t\t\t\t\t<\/figure>\n\t\t\t\t\t\t\t\t\t<\/div>\n\t\t\t\t<\/div>\n\t\t\t\t\t<\/div>\n\t\t<\/div>\n\t\t\t\t\t<\/div>\n\t\t<\/section>\n\t\t\t\t\t<\/div>\n\t\t<\/div>\n\t\t\t\t\t<\/div>\n\t\t<\/section>\n\t\t\t\t<section class=\"elementor-section elementor-top-section elementor-element elementor-element-0c82c32 elementor-section-boxed elementor-section-height-default elementor-section-height-default\" data-id=\"0c82c32\" data-element_type=\"section\">\n\t\t\t\t\t\t<div class=\"elementor-container elementor-column-gap-default\">\n\t\t\t\t\t<div class=\"elementor-column elementor-col-100 elementor-top-column elementor-element elementor-element-faf3250\" data-id=\"faf3250\" data-element_type=\"column\">\n\t\t\t<div class=\"elementor-widget-wrap elementor-element-populated\">\n\t\t\t\t\t\t<div class=\"elementor-element elementor-element-66eadf2 elementor-widget elementor-widget-heading\" data-id=\"66eadf2\" data-element_type=\"widget\" data-widget_type=\"heading.default\">\n\t\t\t\t<div class=\"elementor-widget-container\">\n\t\t\t\t\t<h2 class=\"elementor-heading-title elementor-size-default\">La Cara\u00efbe : d\u2019un catalogue de vuln\u00e9rabilit\u00e9s \u00e0 un portefeuille de solutions<\/h2>\t\t\t\t<\/div>\n\t\t\t\t<\/div>\n\t\t\t\t<div class=\"elementor-element elementor-element-4d8a59a elementor-widget elementor-widget-text-editor\" data-id=\"4d8a59a\" data-element_type=\"widget\" data-widget_type=\"text-editor.default\">\n\t\t\t\t<div class=\"elementor-widget-container\">\n\t\t\t\t\t\t\t\t\t<p><span style=\"font-weight: 400;\">Tout au long des d\u00e9bats, un message fort a \u00e9merg\u00e9 : <\/span><b>aucun pays carib\u00e9en ne peut relever seul les d\u00e9fis globaux<\/b><span style=\"font-weight: 400;\">. Les menaces communes \u2014 mont\u00e9e des eaux, diminution des ressources halieutiques, in\u00e9galit\u00e9s dans les syst\u00e8mes financiers mondiaux \u2014 exigent des r\u00e9ponses collectives et une innovation audacieuse.<\/span><\/p>\n<p><span style=\"font-weight: 400;\">En conclusion, les participants ont affirm\u00e9 leur volont\u00e9 de pr\u00e9senter la Cara\u00efbe comme un <\/span><b>portefeuille de solutions<\/b><span style=\"font-weight: 400;\">. Le Dr Didacus Jules a r\u00e9sum\u00e9 cette ambition en d\u00e9clarant :<\/span><span style=\"font-weight: 400;\"><br \/><\/span><span style=\"font-weight: 400;\"> \u00ab Ce n\u2019est pas simplement une r\u00e9union ; c\u2019est une \u00e9tape importante vers une coop\u00e9ration renforc\u00e9e, des syst\u00e8mes plus solides et une vision carib\u00e9enne partag\u00e9e de paix, de r\u00e9silience et de prosp\u00e9rit\u00e9. \u00bb<\/span><\/p>\t\t\t\t\t\t\t\t<\/div>\n\t\t\t\t<\/div>\n\t\t\t\t<div class=\"elementor-element elementor-element-0096057 elementor-widget elementor-widget-text-editor\" data-id=\"0096057\" data-element_type=\"widget\" data-widget_type=\"text-editor.default\">\n\t\t\t\t<div class=\"elementor-widget-container\">\n\t\t\t\t\t\t\t\t\t<p><span style=\"font-weight: 400;\">Cet objectif est au c\u0153ur du <\/span><b>Partenariat Cara\u00efbe Japon<\/b><span style=\"font-weight: 400;\">, qui entend d\u00e9passer la simple diplomatie pour devenir un outil concret de d\u00e9veloppement et de r\u00e9silience.<\/span><\/p>\t\t\t\t\t\t\t\t<\/div>\n\t\t\t\t<\/div>\n\t\t\t\t<div class=\"elementor-element elementor-element-fa6c599 elementor-widget elementor-widget-image\" data-id=\"fa6c599\" data-element_type=\"widget\" data-widget_type=\"image.default\">\n\t\t\t\t<div class=\"elementor-widget-container\">\n\t\t\t\t\t\t\t\t\t\t\t\t\t\t\t<img loading=\"lazy\" decoding=\"async\" width=\"800\" height=\"534\" src=\"https:\/\/richeskarayib.com\/wp-content\/uploads\/2025\/09\/Sasakawa-Peace-Foundation-OECS-PR-4-1024x683.avif\" class=\"attachment-large size-large wp-image-61168\" alt=\"\" srcset=\"https:\/\/richeskarayib.com\/wp-content\/uploads\/2025\/09\/Sasakawa-Peace-Foundation-OECS-PR-4-1024x683.avif 1024w, https:\/\/richeskarayib.com\/wp-content\/uploads\/2025\/09\/Sasakawa-Peace-Foundation-OECS-PR-4-300x200.avif 300w, https:\/\/richeskarayib.com\/wp-content\/uploads\/2025\/09\/Sasakawa-Peace-Foundation-OECS-PR-4-768x512.avif 768w, https:\/\/richeskarayib.com\/wp-content\/uploads\/2025\/09\/Sasakawa-Peace-Foundation-OECS-PR-4.avif 1200w\" sizes=\"(max-width: 800px) 100vw, 800px\" \/>\t\t\t\t\t\t\t\t\t\t\t\t\t\t\t<\/div>\n\t\t\t\t<\/div>\n\t\t\t\t<section class=\"elementor-section elementor-inner-section elementor-element elementor-element-dbedc5e elementor-section-boxed elementor-section-height-default elementor-section-height-default\" data-id=\"dbedc5e\" data-element_type=\"section\">\n\t\t\t\t\t\t<div class=\"elementor-container elementor-column-gap-default\">\n\t\t\t\t\t\t<\/div>\n\t\t<\/section>\n\t\t\t\t<section class=\"elementor-section elementor-inner-section elementor-element elementor-element-2f22556 elementor-section-boxed elementor-section-height-default elementor-section-height-default\" data-id=\"2f22556\" data-element_type=\"section\">\n\t\t\t\t\t\t<div class=\"elementor-container elementor-column-gap-default\">\n\t\t\t\t\t\t<\/div>\n\t\t<\/section>\n\t\t\t\t\t<\/div>\n\t\t<\/div>\n\t\t\t\t\t<\/div>\n\t\t<\/section>\n\t\t\t\t<section class=\"elementor-section elementor-top-section elementor-element elementor-element-75e979c elementor-section-boxed elementor-section-height-default elementor-section-height-default\" data-id=\"75e979c\" data-element_type=\"section\">\n\t\t\t\t\t\t<div class=\"elementor-container elementor-column-gap-default\">\n\t\t\t\t\t<div class=\"elementor-column elementor-col-100 elementor-top-column elementor-element elementor-element-23aee1d\" data-id=\"23aee1d\" data-element_type=\"column\">\n\t\t\t<div class=\"elementor-widget-wrap elementor-element-populated\">\n\t\t\t\t\t\t<div class=\"elementor-element elementor-element-bd00a9d elementor-widget elementor-widget-heading\" data-id=\"bd00a9d\" data-element_type=\"widget\" data-widget_type=\"heading.default\">\n\t\t\t\t<div class=\"elementor-widget-container\">\n\t\t\t\t\t<h2 class=\"elementor-heading-title elementor-size-default\">Une \u00e9tape vers l\u2019avenir\n<\/h2>\t\t\t\t<\/div>\n\t\t\t\t<\/div>\n\t\t\t\t<div class=\"elementor-element elementor-element-67f1bff elementor-widget elementor-widget-text-editor\" data-id=\"67f1bff\" data-element_type=\"widget\" data-widget_type=\"text-editor.default\">\n\t\t\t\t<div class=\"elementor-widget-container\">\n\t\t\t\t\t\t\t\t\t<p><span style=\"font-weight: 400;\">Le <\/span><b>Partenariat Cara\u00efbe Japon<\/b><span style=\"font-weight: 400;\"> ouvre de nouvelles perspectives pour les petites nations insulaires. Il s\u2019agit d\u00e9sormais de transformer les promesses en actions mesurables et de faire entendre la voix carib\u00e9enne dans les grands d\u00e9bats internationaux. \u00c0 l\u2019approche du Sommet mondial des \u00eeles \u00e0 Tokyo en 2026, la Cara\u00efbe se pr\u00e9sente non pas comme une p\u00e9riph\u00e9rie fragile, mais comme un acteur strat\u00e9gique, porteur de solutions globales pour un avenir durable.<\/span><\/p>\t\t\t\t\t\t\t\t<\/div>\n\t\t\t\t<\/div>\n\t\t\t\t\t<\/div>\n\t\t<\/div>\n\t\t\t\t\t<\/div>\n\t\t<\/section>\n\t\t\t\t<\/div>\n\t\t","protected":false},"excerpt":{"rendered":"<p>Le Partenariat Cara\u00efbe Japon vient de franchir une nouvelle \u00e9tape avec l\u2019organisation du premier Dialogue r\u00e9gional carib\u00e9en, tenu les 21 et 22 ao\u00fbt 2025 \u00e0 Sainte-Lucie. Accueilli au Bay Gardens Hotel et orchestr\u00e9 par la Commission de l\u2019Organisation des \u00c9tats de la Cara\u00efbe orientale (OECO) en collaboration avec la Fondation Sasakawa pour la Paix (SPF) [&hellip;]<\/p>\n","protected":false},"author":662,"featured_media":61143,"comment_status":"open","ping_status":"open","sticky":false,"template":"","format":"standard","meta":{"_acf_changed":false,"footnotes":""},"categories":[1785],"tags":[1441,1598,1716,1545,1693,808,1482,1599,1656],"class_list":["post-61142","post","type-post","status-publish","format-standard","has-post-thumbnail","hentry","category-cooperation","tag-anguilla-fr","tag-barbade-fr","tag-dominique-fr-2","tag-guadeloupe-2","tag-jamaique-2","tag-martinique-fr","tag-republique-dominicaine","tag-sainte-lucie-fr","tag-trinite-et-tobago-2"],"acf":[],"_links":{"self":[{"href":"https:\/\/richeskarayib.com\/fr\/wp-json\/wp\/v2\/posts\/61142","targetHints":{"allow":["GET"]}}],"collection":[{"href":"https:\/\/richeskarayib.com\/fr\/wp-json\/wp\/v2\/posts"}],"about":[{"href":"https:\/\/richeskarayib.com\/fr\/wp-json\/wp\/v2\/types\/post"}],"author":[{"embeddable":true,"href":"https:\/\/richeskarayib.com\/fr\/wp-json\/wp\/v2\/users\/662"}],"replies":[{"embeddable":true,"href":"https:\/\/richeskarayib.com\/fr\/wp-json\/wp\/v2\/comments?post=61142"}],"version-history":[{"count":0,"href":"https:\/\/richeskarayib.com\/fr\/wp-json\/wp\/v2\/posts\/61142\/revisions"}],"wp:featuredmedia":[{"embeddable":true,"href":"https:\/\/richeskarayib.com\/fr\/wp-json\/wp\/v2\/media\/61143"}],"wp:attachment":[{"href":"https:\/\/richeskarayib.com\/fr\/wp-json\/wp\/v2\/media?parent=61142"}],"wp:term":[{"taxonomy":"category","embeddable":true,"href":"https:\/\/richeskarayib.com\/fr\/wp-json\/wp\/v2\/categories?post=61142"},{"taxonomy":"post_tag","embeddable":true,"href":"https:\/\/richeskarayib.com\/fr\/wp-json\/wp\/v2\/tags?post=61142"}],"curies":[{"name":"wp","href":"https:\/\/api.w.org\/{rel}","templated":true}]}}