{"id":61432,"date":"2025-09-19T11:36:55","date_gmt":"2025-09-19T15:36:55","guid":{"rendered":"https:\/\/richeskarayib.com\/?p=61432"},"modified":"2025-10-09T09:55:11","modified_gmt":"2025-10-09T13:55:11","slug":"journees-europeennes-du-patrimoine","status":"publish","type":"post","link":"https:\/\/richeskarayib.com\/fr\/journees-europeennes-du-patrimoine\/","title":{"rendered":"[JEP 2025] -Martinique : Pr\u00e9sentation du programme de la 42\u1d49 \u00e9dition des \u00ab Journ\u00e9es europ\u00e9ennes du patrimoine \u00bb en Martinique"},"content":{"rendered":"\t\t<div data-elementor-type=\"wp-post\" data-elementor-id=\"61432\" class=\"elementor elementor-61432\" data-elementor-post-type=\"post\">\n\t\t\t\t\t\t<section class=\"elementor-section elementor-top-section elementor-element elementor-element-7ca7ca1 elementor-section-boxed elementor-section-height-default elementor-section-height-default\" data-id=\"7ca7ca1\" data-element_type=\"section\">\n\t\t\t\t\t\t<div class=\"elementor-container elementor-column-gap-default\">\n\t\t\t\t\t<div class=\"elementor-column elementor-col-100 elementor-top-column elementor-element elementor-element-cbdd002\" data-id=\"cbdd002\" data-element_type=\"column\">\n\t\t\t<div class=\"elementor-widget-wrap elementor-element-populated\">\n\t\t\t\t\t\t<section class=\"elementor-section elementor-inner-section elementor-element elementor-element-bc94849 elementor-section-boxed elementor-section-height-default elementor-section-height-default\" data-id=\"bc94849\" data-element_type=\"section\">\n\t\t\t\t\t\t<div class=\"elementor-container elementor-column-gap-default\">\n\t\t\t\t\t\t<\/div>\n\t\t<\/section>\n\t\t\t\t<section class=\"elementor-section elementor-inner-section elementor-element elementor-element-61571e6 elementor-section-boxed elementor-section-height-default elementor-section-height-default\" data-id=\"61571e6\" data-element_type=\"section\">\n\t\t\t\t\t\t<div class=\"elementor-container elementor-column-gap-default\">\n\t\t\t\t\t\t<\/div>\n\t\t<\/section>\n\t\t\t\t<section class=\"elementor-section elementor-inner-section elementor-element elementor-element-b6262e0 elementor-section-boxed elementor-section-height-default elementor-section-height-default\" data-id=\"b6262e0\" data-element_type=\"section\">\n\t\t\t\t\t\t<div class=\"elementor-container elementor-column-gap-default\">\n\t\t\t\t\t\t<\/div>\n\t\t<\/section>\n\t\t\t\t<section class=\"elementor-section elementor-inner-section elementor-element elementor-element-cca29fd elementor-section-boxed elementor-section-height-default elementor-section-height-default\" data-id=\"cca29fd\" data-element_type=\"section\">\n\t\t\t\t\t\t<div class=\"elementor-container elementor-column-gap-default\">\n\t\t\t\t\t\t<\/div>\n\t\t<\/section>\n\t\t\t\t\t<\/div>\n\t\t<\/div>\n\t\t\t\t\t<\/div>\n\t\t<\/section>\n\t\t\t\t<section class=\"elementor-section elementor-top-section elementor-element elementor-element-6df3229 elementor-section-boxed elementor-section-height-default elementor-section-height-default\" data-id=\"6df3229\" data-element_type=\"section\">\n\t\t\t\t\t\t<div class=\"elementor-container elementor-column-gap-default\">\n\t\t\t\t\t<div class=\"elementor-column elementor-col-100 elementor-top-column elementor-element elementor-element-098e8ca\" data-id=\"098e8ca\" data-element_type=\"column\">\n\t\t\t<div class=\"elementor-widget-wrap elementor-element-populated\">\n\t\t\t\t\t\t<div class=\"elementor-element elementor-element-7e03fa7 elementor-widget elementor-widget-text-editor\" data-id=\"7e03fa7\" data-element_type=\"widget\" data-widget_type=\"text-editor.default\">\n\t\t\t\t<div class=\"elementor-widget-container\">\n\t\t\t\t\t\t\t\t\t<p><span style=\"font-weight: 400;\">La conf\u00e9rence de presse organis\u00e9e dans les jardins de la <a href=\"https:\/\/www.culture.gouv.fr\/regions\/dac-martinique\" target=\"_blank\" rel=\"noopener nofollow\">Direction des affaires culturelles<\/a> (DAC) a marqu\u00e9 la pr\u00e9sentation du programme de la 42\u1d49 \u00e9dition des \u00ab Journ\u00e9es europ\u00e9ennes du patrimoine en <a href=\"https:\/\/richeskarayib.com\/fr\/journees-europeennes-du-patrimoine-2025\/\" target=\"_blank\" rel=\"noopener\">Martinique<\/a> \u00bb, plac\u00e9e cette ann\u00e9e sous le th\u00e8me <\/span><b>\u00ab Patrimoine architectural \u00bb<\/b><span style=\"font-weight: 400;\">. <\/span><\/p>\t\t\t\t\t\t\t\t<\/div>\n\t\t\t\t<\/div>\n\t\t\t\t<div class=\"elementor-element elementor-element-0a6c423 elementor-widget elementor-widget-text-editor\" data-id=\"0a6c423\" data-element_type=\"widget\" data-widget_type=\"text-editor.default\">\n\t\t\t\t<div class=\"elementor-widget-container\">\n\t\t\t\t\t\t\t\t\t<p><span style=\"font-weight: 400;\">La rencontre, tenue le jeudi 18 septembre 2025 \u00e0 17h, a r\u00e9uni les artistes, les partenaires et les institutions, en pr\u00e9sence notamment de Nathalie Mons, rectrice de l\u2019Acad\u00e9mie de Martinique, et du <\/span>c<span style=\"font-weight: 400;\">abinet d\u2019architecture ABITE, concepteur du parcours d\u2019exposition.\u00c0 cette occasion, trois expositions ont \u00e9t\u00e9 d\u00e9voil\u00e9es : les travaux photographiques de Jean-Louis Saiz et Nicolas Dern\u00e9, et l\u2019installation de H\u00e9l\u00e8ne Raffestin.<\/span><\/p>\t\t\t\t\t\t\t\t<\/div>\n\t\t\t\t<\/div>\n\t\t\t\t<div class=\"elementor-element elementor-element-ba63df4 elementor-widget elementor-widget-text-editor\" data-id=\"ba63df4\" data-element_type=\"widget\" data-widget_type=\"text-editor.default\">\n\t\t\t\t<div class=\"elementor-widget-container\">\n\t\t\t\t\t\t\t\t\t<p><span style=\"font-weight: 400;\">D\u00e8s l\u2019ouverture de la conf\u00e9rence, l\u2019\u00e9quipe organisatrice a annonc\u00e9 <\/span><b>139 \u00e9v\u00e9nements<\/b><span style=\"font-weight: 400;\"> inscrits au programme du week-end \u2014 un chiffre mis \u00e0 jour \u00ab apr\u00e8s mod\u00e9ration \u00bb. La journ\u00e9e du <\/span><b>vendredi <\/b><span style=\"font-weight: 400;\">(veille du week-end patrimonial) est d\u00e9di\u00e9e aux <\/span><b>scolaires<\/b><span style=\"font-weight: 400;\">, sous r\u00e9serve d\u2019\u00e9ventuelles perturbations li\u00e9es \u00e0 la gr\u00e8ve, avec un dispositif d\u2019accueil et de m\u00e9diation sp\u00e9cialement pens\u00e9 pour les classes et les enseignants. L\u2019<\/span><b>Open Agenda<\/b><span style=\"font-weight: 400;\"> sert de point de ralliement pour l\u2019ensemble des propositions sur le territoire, facilitant la mise en relation des \u00e9coles et des sites culturels dans le cadre des Journ\u00e9es europ\u00e9ennes du patrimoine en Martinique.<\/span><\/p>\t\t\t\t\t\t\t\t<\/div>\n\t\t\t\t<\/div>\n\t\t\t\t\t<\/div>\n\t\t<\/div>\n\t\t\t\t\t<\/div>\n\t\t<\/section>\n\t\t\t\t<section class=\"elementor-section elementor-top-section elementor-element elementor-element-383b273 elementor-section-boxed elementor-section-height-default elementor-section-height-default\" data-id=\"383b273\" data-element_type=\"section\">\n\t\t\t\t\t\t<div class=\"elementor-container elementor-column-gap-default\">\n\t\t\t\t\t<div class=\"elementor-column elementor-col-100 elementor-top-column elementor-element elementor-element-98878ff\" data-id=\"98878ff\" data-element_type=\"column\">\n\t\t\t<div class=\"elementor-widget-wrap elementor-element-populated\">\n\t\t\t\t\t\t<div class=\"elementor-element elementor-element-4919ffd elementor-widget elementor-widget-heading\" data-id=\"4919ffd\" data-element_type=\"widget\" data-widget_type=\"heading.default\">\n\t\t\t\t<div class=\"elementor-widget-container\">\n\t\t\t\t\t<h2 class=\"elementor-heading-title elementor-size-default\">Trois regards pour un m\u00eame h\u00e9ritage<\/h2>\t\t\t\t<\/div>\n\t\t\t\t<\/div>\n\t\t\t\t<div class=\"elementor-element elementor-element-09e10fe elementor-widget elementor-widget-text-editor\" data-id=\"09e10fe\" data-element_type=\"widget\" data-widget_type=\"text-editor.default\">\n\t\t\t\t<div class=\"elementor-widget-container\">\n\t\t\t\t\t\t\t\t\t<h3><b>Jean-Louis Saiz : l\u2019\u00ab esth\u00e9tique de la rencontre \u00bb<\/b><\/h3><p><span style=\"font-weight: 400;\">Photographe et auteur, <\/span><a href=\"https:\/\/www.facebook.com\/p\/Jean-louis-Saiz-100060685967292\/?locale=fr_FR\" target=\"_blank\" rel=\"noopener nofollow\"><b>Jean-Louis Saiz<\/b><\/a><span style=\"font-weight: 400;\"> revendique un travail \u00ab sur le r\u00e9el \u00bb et sur \u00ab l\u2019authenticit\u00e9 de l\u2019image \u00bb. Sa d\u00e9marche tient en une formule : <\/span><b>\u00ab l\u2019esth\u00e9tique de la rencontre \u00bb<\/b><span style=\"font-weight: 400;\">. Il ne fait ni portrait de studio ni commande journalistique : \u00ab J\u2019ai photographi\u00e9 de tr\u00e8s grands com\u00e9diens, des r\u00e9alisateurs, des danseurs, mais toujours \u00e0 partir d\u2019une rencontre singuli\u00e8re \u00bb, confie-t-il. Son terrain d\u2019\u00e9lection ? Les quartiers populaires de Martinique, arpent\u00e9s \u00ab comme une qu\u00eate du bout du monde \u00bb, o\u00f9 la photographie devient \u00ab miroir de la vie \u00bb. <\/span><\/p>\t\t\t\t\t\t\t\t<\/div>\n\t\t\t\t<\/div>\n\t\t\t\t<div class=\"elementor-element elementor-element-e390f73 elementor-widget elementor-widget-text-editor\" data-id=\"e390f73\" data-element_type=\"widget\" data-widget_type=\"text-editor.default\">\n\t\t\t\t<div class=\"elementor-widget-container\">\n\t\t\t\t\t\t\t\t\t<p><span style=\"font-weight: 400;\">N\u00e9 \u00ab dans un bidonville en France \u00bb, Saiz dit son attachement au peuple, son refus des pr\u00e9suppos\u00e9s racistes, et sa volont\u00e9 de faire de l\u2019image un lien humain qui r\u00e9v\u00e8le, \u00e0 l\u2019instant de la prise, ce qui se joue \u00ab entre deux \u00eatres \u00bb. Sa participation aux Journ\u00e9es europ\u00e9ennes du patrimoine en Martinique illustre cette volont\u00e9 de mettre en avant les visages et les lieux trop souvent ignor\u00e9s.<\/span><\/p>\t\t\t\t\t\t\t\t<\/div>\n\t\t\t\t<\/div>\n\t\t\t\t<section class=\"elementor-section elementor-inner-section elementor-element elementor-element-913d043 elementor-section-boxed elementor-section-height-default elementor-section-height-default\" data-id=\"913d043\" data-element_type=\"section\">\n\t\t\t\t\t\t<div class=\"elementor-container elementor-column-gap-default\">\n\t\t\t\t\t<div class=\"elementor-column elementor-col-100 elementor-inner-column elementor-element elementor-element-e526646\" data-id=\"e526646\" data-element_type=\"column\">\n\t\t\t<div class=\"elementor-widget-wrap elementor-element-populated\">\n\t\t\t\t\t\t<div class=\"elementor-element elementor-element-40da5bc elementor-widget elementor-widget-image\" data-id=\"40da5bc\" data-element_type=\"widget\" data-widget_type=\"image.default\">\n\t\t\t\t<div class=\"elementor-widget-container\">\n\t\t\t\t\t\t\t\t\t\t\t\t\t\t\t<img fetchpriority=\"high\" decoding=\"async\" width=\"800\" height=\"370\" src=\"https:\/\/richeskarayib.com\/wp-content\/uploads\/2025\/09\/Photographe-1-Jean-Louis-Saiz-1024x473.jpg\" class=\"attachment-large size-large wp-image-61437\" alt=\"Journ\u00e9es europ\u00e9ennes du patrimoine\" srcset=\"https:\/\/richeskarayib.com\/wp-content\/uploads\/2025\/09\/Photographe-1-Jean-Louis-Saiz-1024x473.jpg 1024w, https:\/\/richeskarayib.com\/wp-content\/uploads\/2025\/09\/Photographe-1-Jean-Louis-Saiz-300x139.jpg 300w, https:\/\/richeskarayib.com\/wp-content\/uploads\/2025\/09\/Photographe-1-Jean-Louis-Saiz-768x355.jpg 768w, https:\/\/richeskarayib.com\/wp-content\/uploads\/2025\/09\/Photographe-1-Jean-Louis-Saiz.jpg 1280w\" sizes=\"(max-width: 800px) 100vw, 800px\" \/>\t\t\t\t\t\t\t\t\t\t\t\t\t\t\t<\/div>\n\t\t\t\t<\/div>\n\t\t\t\t\t<\/div>\n\t\t<\/div>\n\t\t\t\t\t<\/div>\n\t\t<\/section>\n\t\t\t\t<div class=\"elementor-element elementor-element-c3cd836 elementor-widget elementor-widget-text-editor\" data-id=\"c3cd836\" data-element_type=\"widget\" data-widget_type=\"text-editor.default\">\n\t\t\t\t<div class=\"elementor-widget-container\">\n\t\t\t\t\t\t\t\t\t<h3><b>H\u00e9l\u00e8ne Raffestin : r\u00e9v\u00e9ler les singularit\u00e9s du b\u00e2ti<\/b><\/h3><p><span style=\"font-weight: 400;\">Cr\u00e9atrice et plasticienne designer, <\/span><a href=\"https:\/\/www.ewag.fr\/articles\/helene-raffestin-plasticienne-designer-et-feministe-engagee\/\" target=\"_blank\" rel=\"noopener nofollow\"><b>H\u00e9l\u00e8ne Raffestin<\/b><\/a><span style=\"font-weight: 400;\"> pr\u00e9sente une installation nourrie de plusieurs collections qui revisitent le patrimoine architectural : carreaux de ciment de la biblioth\u00e8que Sch\u0153lcher, balcons en fer forg\u00e9 du Saint-Esprit, motifs et structures d\u2019habitations historiques (jusqu\u2019aux grilles d\u2019a\u00e9ration). \u00ab J\u2019avais l\u2019impression que cette beaut\u00e9 \u00e9tait noy\u00e9e dans un tout. Mon travail consiste \u00e0 extraire ces singularit\u00e9s et \u00e0 les montrer sous un registre contemporain \u00bb, explique-t-elle. <\/span><\/p>\t\t\t\t\t\t\t\t<\/div>\n\t\t\t\t<\/div>\n\t\t\t\t<div class=\"elementor-element elementor-element-04a0dc1 elementor-widget elementor-widget-text-editor\" data-id=\"04a0dc1\" data-element_type=\"widget\" data-widget_type=\"text-editor.default\">\n\t\t\t\t<div class=\"elementor-widget-container\">\n\t\t\t\t\t\t\t\t\t<p><span style=\"font-weight: 400;\">Entre confrontation des mat\u00e9riaux, couleurs et d\u00e9tails, sa proposition n\u2019est pas seulement esth\u00e9tique : elle invite \u00e0 regarder autrement ce qui nous entoure. Sa d\u00e9marche s\u2019inscrit naturellement dans l\u2019esprit des Journ\u00e9es europ\u00e9ennes du patrimoine en Martinique, o\u00f9 la valorisation du b\u00e2ti devient un vecteur de transmission et de fiert\u00e9 collective.<\/span><\/p>\t\t\t\t\t\t\t\t<\/div>\n\t\t\t\t<\/div>\n\t\t\t\t<section class=\"elementor-section elementor-inner-section elementor-element elementor-element-57dd3bb elementor-section-boxed elementor-section-height-default elementor-section-height-default\" data-id=\"57dd3bb\" data-element_type=\"section\">\n\t\t\t\t\t\t<div class=\"elementor-container elementor-column-gap-default\">\n\t\t\t\t\t<div class=\"elementor-column elementor-col-100 elementor-inner-column elementor-element elementor-element-55fa69b\" data-id=\"55fa69b\" data-element_type=\"column\">\n\t\t\t<div class=\"elementor-widget-wrap elementor-element-populated\">\n\t\t\t\t\t\t<div class=\"elementor-element elementor-element-52c700a elementor-widget elementor-widget-image\" data-id=\"52c700a\" data-element_type=\"widget\" data-widget_type=\"image.default\">\n\t\t\t\t<div class=\"elementor-widget-container\">\n\t\t\t\t\t\t\t\t\t\t\t\t\t\t\t<img decoding=\"async\" width=\"800\" height=\"370\" src=\"https:\/\/richeskarayib.com\/wp-content\/uploads\/2025\/09\/Helene-Raffestin-1024x473.jpg\" class=\"attachment-large size-large wp-image-61441\" alt=\"Journ\u00e9es europ\u00e9ennes du patrimoine\" srcset=\"https:\/\/richeskarayib.com\/wp-content\/uploads\/2025\/09\/Helene-Raffestin-1024x473.jpg 1024w, https:\/\/richeskarayib.com\/wp-content\/uploads\/2025\/09\/Helene-Raffestin-300x139.jpg 300w, https:\/\/richeskarayib.com\/wp-content\/uploads\/2025\/09\/Helene-Raffestin-768x355.jpg 768w, https:\/\/richeskarayib.com\/wp-content\/uploads\/2025\/09\/Helene-Raffestin.jpg 1280w\" sizes=\"(max-width: 800px) 100vw, 800px\" \/>\t\t\t\t\t\t\t\t\t\t\t\t\t\t\t<\/div>\n\t\t\t\t<\/div>\n\t\t\t\t\t<\/div>\n\t\t<\/div>\n\t\t\t\t\t<\/div>\n\t\t<\/section>\n\t\t\t\t<div class=\"elementor-element elementor-element-351cdcd elementor-widget elementor-widget-text-editor\" data-id=\"351cdcd\" data-element_type=\"widget\" data-widget_type=\"text-editor.default\">\n\t\t\t\t<div class=\"elementor-widget-container\">\n\t\t\t\t\t\t\t\t\t<h3><b>Nicolas Dern\u00e9 : raconter les quartiers de l\u2019int\u00e9rieur<\/b><\/h3><p><span style=\"font-weight: 400;\">Photographe depuis plus de quinze ans en Martinique, <\/span><a href=\"https:\/\/nicolasderne.com\/\" target=\"_blank\" rel=\"noopener nofollow\"><b>Nicolas Dern\u00e9<\/b><\/a><span style=\"font-weight: 400;\"> revendique \u00ab l\u2019\u00e9nergie du moment \u00bb et l\u2019envie de raconter des histoires. Ses images \u2014 notamment issues du livre <\/span><i><span style=\"font-weight: 400;\">Balade dans les quartiers en politique de la ville<\/span><\/i><span style=\"font-weight: 400;\"> \u2014 proposent un <\/span><b>regard int\u00e9rieur<\/b><span style=\"font-weight: 400;\"> sur des lieux trop souvent observ\u00e9s \u00ab d\u2019en haut \u00bb. Pour les Journ\u00e9es du patrimoine, il souligne que le b\u00e2ti ne se r\u00e9duit pas aux fa\u00e7ades : \u00ab Il y a de la vie dedans \u00bb, dit-il, plaidant pour une <\/span>r<span style=\"font-weight: 400;\">\u00e9appropriation collective. <\/span><\/p>\t\t\t\t\t\t\t\t<\/div>\n\t\t\t\t<\/div>\n\t\t\t\t<div class=\"elementor-element elementor-element-f3b3bb6 elementor-widget elementor-widget-text-editor\" data-id=\"f3b3bb6\" data-element_type=\"widget\" data-widget_type=\"text-editor.default\">\n\t\t\t\t<div class=\"elementor-widget-container\">\n\t\t\t\t\t\t\t\t\t<p><span style=\"font-weight: 400;\">Son message r\u00e9sonne comme un rappel : si l\u2019on a parfois le r\u00e9flexe de tourner le regard vers l\u2019ext\u00e9rieur, \u00ab le monde, lui, regarde souvent vers nous \u00bb, tant la richesse du territoire est <\/span><b>sous-estim\u00e9e<\/b><span style=\"font-weight: 400;\">. Dans le cadre des Journ\u00e9es europ\u00e9ennes du patrimoine en Martinique, son travail propose un r\u00e9cit incarn\u00e9, centr\u00e9 sur les habitants..<\/span><\/p>\t\t\t\t\t\t\t\t<\/div>\n\t\t\t\t<\/div>\n\t\t\t\t<section class=\"elementor-section elementor-inner-section elementor-element elementor-element-fd1f65a elementor-section-boxed elementor-section-height-default elementor-section-height-default\" data-id=\"fd1f65a\" data-element_type=\"section\">\n\t\t\t\t\t\t<div class=\"elementor-container elementor-column-gap-default\">\n\t\t\t\t\t<div class=\"elementor-column elementor-col-100 elementor-inner-column elementor-element elementor-element-6ba9506\" data-id=\"6ba9506\" data-element_type=\"column\">\n\t\t\t<div class=\"elementor-widget-wrap elementor-element-populated\">\n\t\t\t\t\t\t<div class=\"elementor-element elementor-element-bb4cb25 elementor-widget elementor-widget-image\" data-id=\"bb4cb25\" data-element_type=\"widget\" data-widget_type=\"image.default\">\n\t\t\t\t<div class=\"elementor-widget-container\">\n\t\t\t\t\t\t\t\t\t\t\t\t\t\t\t<img decoding=\"async\" width=\"800\" height=\"370\" src=\"https:\/\/richeskarayib.com\/wp-content\/uploads\/2025\/09\/Photographe-2-Nicolas-Derne-1024x473.jpg\" class=\"attachment-large size-large wp-image-61445\" alt=\"Journ\u00e9es europ\u00e9ennes du patrimoine\" srcset=\"https:\/\/richeskarayib.com\/wp-content\/uploads\/2025\/09\/Photographe-2-Nicolas-Derne-1024x473.jpg 1024w, https:\/\/richeskarayib.com\/wp-content\/uploads\/2025\/09\/Photographe-2-Nicolas-Derne-300x139.jpg 300w, https:\/\/richeskarayib.com\/wp-content\/uploads\/2025\/09\/Photographe-2-Nicolas-Derne-768x355.jpg 768w, https:\/\/richeskarayib.com\/wp-content\/uploads\/2025\/09\/Photographe-2-Nicolas-Derne.jpg 1280w\" sizes=\"(max-width: 800px) 100vw, 800px\" \/>\t\t\t\t\t\t\t\t\t\t\t\t\t\t\t<\/div>\n\t\t\t\t<\/div>\n\t\t\t\t\t<\/div>\n\t\t<\/div>\n\t\t\t\t\t<\/div>\n\t\t<\/section>\n\t\t\t\t\t<\/div>\n\t\t<\/div>\n\t\t\t\t\t<\/div>\n\t\t<\/section>\n\t\t\t\t<section class=\"elementor-section elementor-top-section elementor-element elementor-element-5a7397d elementor-section-boxed elementor-section-height-default elementor-section-height-default\" data-id=\"5a7397d\" data-element_type=\"section\">\n\t\t\t\t\t\t<div class=\"elementor-container elementor-column-gap-default\">\n\t\t\t\t\t<div class=\"elementor-column elementor-col-100 elementor-top-column elementor-element elementor-element-8b33b4b\" data-id=\"8b33b4b\" data-element_type=\"column\">\n\t\t\t<div class=\"elementor-widget-wrap elementor-element-populated\">\n\t\t\t\t\t\t<div class=\"elementor-element elementor-element-89dac4b elementor-widget elementor-widget-heading\" data-id=\"89dac4b\" data-element_type=\"widget\" data-widget_type=\"heading.default\">\n\t\t\t\t<div class=\"elementor-widget-container\">\n\t\t\t\t\t<h2 class=\"elementor-heading-title elementor-size-default\">\u00ab Un h\u00e9ritage, un pr\u00e9sent, un avenir \u00bb : le cadre institutionnel<\/h2>\t\t\t\t<\/div>\n\t\t\t\t<\/div>\n\t\t\t\t<div class=\"elementor-element elementor-element-4fc7069 elementor-widget elementor-widget-text-editor\" data-id=\"4fc7069\" data-element_type=\"widget\" data-widget_type=\"text-editor.default\">\n\t\t\t\t<div class=\"elementor-widget-container\">\n\t\t\t\t\t\t\t\t\t<p><span style=\"font-weight: 400;\">Nomm\u00e9 le <\/span><b>3 f\u00e9vrier 2025<\/b><span style=\"font-weight: 400;\">, <\/span><a href=\"https:\/\/www.karibinfo.com\/news\/martinique-le-nouveau-directeur-des-affaires-culturelles-sappelle-johan-hilel-hamel\/\" target=\"_blank\" rel=\"noopener nofollow\"><b>Johan-Hilel Hamel<\/b><\/a><span style=\"font-weight: 400;\">, directeur des affaires culturelles de la Martinique, pose le cadre : le patrimoine est un h\u00e9ritage commun, qui embrasse le pass\u00e9, le pr\u00e9sent et l\u2019avenir. Au-del\u00e0 du patrimoine b\u00e2ti ou mobilier, il rappelle la fragilit\u00e9 du patrimoine immat\u00e9riel \u2014 traditions culinaires, musicales, corporelles \u2014 et l\u2019importance d\u2019une <\/span><b>politique publique<\/b><span style=\"font-weight: 400;\"> de protection et de transmission. <\/span><\/p>\t\t\t\t\t\t\t\t<\/div>\n\t\t\t\t<\/div>\n\t\t\t\t<div class=\"elementor-element elementor-element-411b126 elementor-widget elementor-widget-text-editor\" data-id=\"411b126\" data-element_type=\"widget\" data-widget_type=\"text-editor.default\">\n\t\t\t\t<div class=\"elementor-widget-container\">\n\t\t\t\t\t\t\t\t\t<p><span style=\"font-weight: 400;\">Il met en avant la dynamique tr\u00e8s forte des Journ\u00e9es en Martinique, leur <\/span><b>fr\u00e9quentation record<\/b><span style=\"font-weight: 400;\">, et le choix d\u2019un angle large du patrimoine qui inclut, aux c\u00f4t\u00e9s des \u00ab grands sites \u00bb, le patrimoine des quartiers populaires, le patrimoine militaire et les savoirs-faire. Dans sa perspective, les <\/span>J<span style=\"font-weight: 400;\">ourn\u00e9es europ\u00e9ennes du patrimoine en Martinique contribuent \u00e0 r\u00e9concilier les m\u00e9moires et \u00e0 rassembler les citoyens autour d\u2019une histoire plurielle.<\/span><\/p>\t\t\t\t\t\t\t\t<\/div>\n\t\t\t\t<\/div>\n\t\t\t\t<section class=\"elementor-section elementor-inner-section elementor-element elementor-element-a13c5a8 elementor-section-boxed elementor-section-height-default elementor-section-height-default\" data-id=\"a13c5a8\" data-element_type=\"section\">\n\t\t\t\t\t\t<div class=\"elementor-container elementor-column-gap-default\">\n\t\t\t\t\t<div class=\"elementor-column elementor-col-100 elementor-inner-column elementor-element elementor-element-8d59a93\" data-id=\"8d59a93\" data-element_type=\"column\">\n\t\t\t<div class=\"elementor-widget-wrap elementor-element-populated\">\n\t\t\t\t\t\t<div class=\"elementor-element elementor-element-896e734 elementor-widget elementor-widget-image\" data-id=\"896e734\" data-element_type=\"widget\" data-widget_type=\"image.default\">\n\t\t\t\t<div class=\"elementor-widget-container\">\n\t\t\t\t\t\t\t\t\t\t\t\t\t\t\t<img loading=\"lazy\" decoding=\"async\" width=\"800\" height=\"420\" src=\"https:\/\/richeskarayib.com\/wp-content\/uploads\/2025\/09\/Johan-Hilel-Hamel-1024x538.jpg\" class=\"attachment-large size-large wp-image-61449\" alt=\"Journ\u00e9es europ\u00e9ennes du patrimoine\" srcset=\"https:\/\/richeskarayib.com\/wp-content\/uploads\/2025\/09\/Johan-Hilel-Hamel-1024x538.jpg 1024w, https:\/\/richeskarayib.com\/wp-content\/uploads\/2025\/09\/Johan-Hilel-Hamel-300x158.jpg 300w, https:\/\/richeskarayib.com\/wp-content\/uploads\/2025\/09\/Johan-Hilel-Hamel-768x403.jpg 768w, https:\/\/richeskarayib.com\/wp-content\/uploads\/2025\/09\/Johan-Hilel-Hamel.jpg 1280w\" sizes=\"(max-width: 800px) 100vw, 800px\" \/>\t\t\t\t\t\t\t\t\t\t\t\t\t\t\t<\/div>\n\t\t\t\t<\/div>\n\t\t\t\t\t<\/div>\n\t\t<\/div>\n\t\t\t\t\t<\/div>\n\t\t<\/section>\n\t\t\t\t\t<\/div>\n\t\t<\/div>\n\t\t\t\t\t<\/div>\n\t\t<\/section>\n\t\t\t\t<section class=\"elementor-section elementor-top-section elementor-element elementor-element-7f97911 elementor-section-boxed elementor-section-height-default elementor-section-height-default\" data-id=\"7f97911\" data-element_type=\"section\">\n\t\t\t\t\t\t<div class=\"elementor-container elementor-column-gap-default\">\n\t\t\t\t\t<div class=\"elementor-column elementor-col-100 elementor-top-column elementor-element elementor-element-e5ed698\" data-id=\"e5ed698\" data-element_type=\"column\">\n\t\t\t<div class=\"elementor-widget-wrap elementor-element-populated\">\n\t\t\t\t\t\t<div class=\"elementor-element elementor-element-822fbe3 elementor-widget elementor-widget-heading\" data-id=\"822fbe3\" data-element_type=\"widget\" data-widget_type=\"heading.default\">\n\t\t\t\t<div class=\"elementor-widget-container\">\n\t\t\t\t\t<h2 class=\"elementor-heading-title elementor-size-default\">Points forts du programme : sites, m\u00e9diations, jeunes publics<\/h2>\t\t\t\t<\/div>\n\t\t\t\t<\/div>\n\t\t\t\t<div class=\"elementor-element elementor-element-e9cbf91 elementor-widget elementor-widget-text-editor\" data-id=\"e9cbf91\" data-element_type=\"widget\" data-widget_type=\"text-editor.default\">\n\t\t\t\t<div class=\"elementor-widget-container\">\n\t\t\t\t\t\t\t\t\t<p><span style=\"font-weight: 400;\">La conf\u00e9rence a d\u00e9taill\u00e9 un <\/span><b>parcours foisonnant<\/b><span style=\"font-weight: 400;\"> sur l\u2019ensemble de l\u2019\u00eele, dont voici quelques jalons saillants :<\/span><\/p><ul><li style=\"font-weight: 400;\" aria-level=\"1\"><b>\u2705 Patrimoine militaire<\/b><span style=\"font-weight: 400;\"> : ouverture exceptionnelle du Fort Saint-Louis (parcours guid\u00e9, conf\u00e9rences de l\u2019INRAP et de l\u2019Association des arch\u00e9ologues des Petites Antilles, ateliers et rencontres avec les marins), pr\u00e9sence de la SNSM et des autres forces. La fr\u00e9gate de surveillance Germinal est annonc\u00e9e \u00e0 la visite le samedi uniquement (acc\u00e8s par la capitainerie, c\u00f4t\u00e9 terminal croisi\u00e8re).<\/span><\/li><li style=\"font-weight: 400;\" aria-level=\"1\"><b>\u2705 Habitations et savoir-faire<\/b> : animations, d\u00e9monstrations (sculpture m\u00e9tallique, tambour, c\u00e9r\u00e9monies, rencontres avec artisans et artistes), avec une mise en lumi\u00e8re du label \u201cEntreprise du Patrimoine Vivant\u201d pour rappeler la transmission des m\u00e9tiers.<\/li><\/ul>\t\t\t\t\t\t\t\t<\/div>\n\t\t\t\t<\/div>\n\t\t\t\t<div class=\"elementor-element elementor-element-c29fdc3 elementor-widget elementor-widget-text-editor\" data-id=\"c29fdc3\" data-element_type=\"widget\" data-widget_type=\"text-editor.default\">\n\t\t\t\t<div class=\"elementor-widget-container\">\n\t\t\t\t\t\t\t\t\t<ul><li style=\"font-weight: 400;\" aria-level=\"1\"><b>\u2705 Saint-Pierre<\/b><span style=\"font-weight: 400;\"> : rallyes, escape game immersif dans l\u2019ancienne prison (autour de Cyparis), visites comment\u00e9es articulant lecture du b\u00e2ti et approche historienne, chasses au tr\u00e9sor num\u00e9riques via l\u2019application Geogaming.<\/span><\/li><li style=\"font-weight: 400;\" aria-level=\"1\"><b>\u2705 Fort-de-France<\/b><span style=\"font-weight: 400;\"> : ateliers sur la lecture de fa\u00e7ade et l\u2019architecture (accueil de classes, parcours du modernisme foyalais), balades urbaines et focus sur des immeubles embl\u00e9matiques (avec, parfois, un hommage \u00e0 des b\u00e2timents promis \u00e0 la d\u00e9molition).<\/span><\/li><li style=\"font-weight: 400;\" aria-level=\"1\"><b>\u2705 Arch\u00e9ologie<\/b> : rencontres et ateliers de gestes arch\u00e9ologiques, conf\u00e9rences d\u00e9di\u00e9es (Anse B\u00e9lair\/B\u00e9let, Saint-Jacques, etc.), pour faire toucher du doigt la m\u00e9thode et l\u2019enqu\u00eate patrimoniale.<\/li><\/ul>\t\t\t\t\t\t\t\t<\/div>\n\t\t\t\t<\/div>\n\t\t\t\t<div class=\"elementor-element elementor-element-a5bf5d3 elementor-widget elementor-widget-text-editor\" data-id=\"a5bf5d3\" data-element_type=\"widget\" data-widget_type=\"text-editor.default\">\n\t\t\t\t<div class=\"elementor-widget-container\">\n\t\t\t\t\t\t\t\t\t<p><span style=\"font-weight: 400;\">Cette \u00e9dition met l\u2019accent sur la m\u00e9diation et la p\u00e9dagogie, en particulier aupr\u00e8s des jeunes publics : le vendredi, d\u00e9di\u00e9 aux scolaires, permet aux \u00e9l\u00e8ves de d\u00e9couvrir les lieux de l\u2019int\u00e9rieur, de manipuler des notions d\u2019architecture (vocabulaire, grammaire de la fa\u00e7ade), et de recontextualiser les architectures primitives (Ajoupa, Carbet, etc.) dans une histoire longue du territoire. Un axe essentiel des Journ\u00e9es europ\u00e9ennes du patrimoine en Martinique.<\/span><\/p>\t\t\t\t\t\t\t\t<\/div>\n\t\t\t\t<\/div>\n\t\t\t\t\t<\/div>\n\t\t<\/div>\n\t\t\t\t\t<\/div>\n\t\t<\/section>\n\t\t\t\t<section class=\"elementor-section elementor-top-section elementor-element elementor-element-75e979c elementor-section-boxed elementor-section-height-default elementor-section-height-default\" data-id=\"75e979c\" data-element_type=\"section\">\n\t\t\t\t\t\t<div class=\"elementor-container elementor-column-gap-default\">\n\t\t\t\t\t<div class=\"elementor-column elementor-col-100 elementor-top-column elementor-element elementor-element-23aee1d\" data-id=\"23aee1d\" data-element_type=\"column\">\n\t\t\t<div class=\"elementor-widget-wrap elementor-element-populated\">\n\t\t\t\t\t\t<div class=\"elementor-element elementor-element-bd00a9d elementor-widget elementor-widget-heading\" data-id=\"bd00a9d\" data-element_type=\"widget\" data-widget_type=\"heading.default\">\n\t\t\t\t<div class=\"elementor-widget-container\">\n\t\t\t\t\t<h2 class=\"elementor-heading-title elementor-size-default\">Au-del\u00e0 du week-end : m\u00e9moire et transmission en sc\u00e8ne<\/h2>\t\t\t\t<\/div>\n\t\t\t\t<\/div>\n\t\t\t\t<div class=\"elementor-element elementor-element-67f1bff elementor-widget elementor-widget-text-editor\" data-id=\"67f1bff\" data-element_type=\"widget\" data-widget_type=\"text-editor.default\">\n\t\t\t\t<div class=\"elementor-widget-container\">\n\t\t\t\t\t\t\t\t\t<p><span style=\"font-weight: 400;\">Dans la continuit\u00e9 de cette valorisation du patrimoine, la conf\u00e9rence a donn\u00e9 la parole aux partenaires culturels autour d\u2019un spectacle pluridisciplinaire port\u00e9 par France-Antilles pour ses 60 ans. Pens\u00e9 comme un voyage dans le temps \u2014 des premi\u00e8res liaisons a\u00e9riennes \u00e0 l\u2019essor du zouk, en passant par des figures et des dates fortes \u2014, le spectacle s\u2019adresse \u00e0 tous, et notamment aux jeunes, pour raviver la m\u00e9moire collective par la musique, la danse et le th\u00e9\u00e2tre. La mise en sc\u00e8ne promet un ascenseur \u00e9motionnel, alternant hommages et c\u00e9l\u00e9brations, pour dire ce que la Martinique est devenue. Ce prolongement illustre la volont\u00e9 des Journ\u00e9es europ\u00e9ennes du patrimoine en Martinique de lier patrimoine et cr\u00e9ation contemporaine.<\/span><\/p>\t\t\t\t\t\t\t\t<\/div>\n\t\t\t\t<\/div>\n\t\t\t\t<section class=\"elementor-section elementor-inner-section elementor-element elementor-element-8ed6073 elementor-section-boxed elementor-section-height-default elementor-section-height-default\" data-id=\"8ed6073\" data-element_type=\"section\">\n\t\t\t\t\t\t<div class=\"elementor-container elementor-column-gap-default\">\n\t\t\t\t\t<div class=\"elementor-column elementor-col-50 elementor-inner-column elementor-element elementor-element-9bed6c7\" data-id=\"9bed6c7\" data-element_type=\"column\">\n\t\t\t<div class=\"elementor-widget-wrap elementor-element-populated\">\n\t\t\t\t\t\t<div class=\"elementor-element elementor-element-9a6a70f elementor-widget elementor-widget-image\" data-id=\"9a6a70f\" data-element_type=\"widget\" data-widget_type=\"image.default\">\n\t\t\t\t<div class=\"elementor-widget-container\">\n\t\t\t\t\t\t\t\t\t\t\t\t\t\t\t<img loading=\"lazy\" decoding=\"async\" width=\"800\" height=\"370\" src=\"https:\/\/richeskarayib.com\/wp-content\/uploads\/2025\/09\/WhatsApp-Image-2025-09-19-a-05.43.13_9065549b-1024x473.jpg\" class=\"attachment-large size-large wp-image-61465\" alt=\"Journ\u00e9es europ\u00e9ennes du patrimoine\" srcset=\"https:\/\/richeskarayib.com\/wp-content\/uploads\/2025\/09\/WhatsApp-Image-2025-09-19-a-05.43.13_9065549b-1024x473.jpg 1024w, https:\/\/richeskarayib.com\/wp-content\/uploads\/2025\/09\/WhatsApp-Image-2025-09-19-a-05.43.13_9065549b-300x139.jpg 300w, https:\/\/richeskarayib.com\/wp-content\/uploads\/2025\/09\/WhatsApp-Image-2025-09-19-a-05.43.13_9065549b-768x355.jpg 768w, https:\/\/richeskarayib.com\/wp-content\/uploads\/2025\/09\/WhatsApp-Image-2025-09-19-a-05.43.13_9065549b.jpg 1280w\" sizes=\"(max-width: 800px) 100vw, 800px\" \/>\t\t\t\t\t\t\t\t\t\t\t\t\t\t\t<\/div>\n\t\t\t\t<\/div>\n\t\t\t\t\t<\/div>\n\t\t<\/div>\n\t\t\t\t<div class=\"elementor-column elementor-col-50 elementor-inner-column elementor-element elementor-element-3db47a5\" data-id=\"3db47a5\" data-element_type=\"column\">\n\t\t\t<div class=\"elementor-widget-wrap elementor-element-populated\">\n\t\t\t\t\t\t<div class=\"elementor-element elementor-element-f40e004 elementor-widget elementor-widget-image\" data-id=\"f40e004\" data-element_type=\"widget\" data-widget_type=\"image.default\">\n\t\t\t\t<div class=\"elementor-widget-container\">\n\t\t\t\t\t\t\t\t\t\t\t\t\t\t\t<img loading=\"lazy\" decoding=\"async\" width=\"800\" height=\"370\" src=\"https:\/\/richeskarayib.com\/wp-content\/uploads\/2025\/09\/WhatsApp-Image-2025-09-19-a-05.43.11_f97839f4-1024x473.jpg\" class=\"attachment-large size-large wp-image-61469\" alt=\"Journ\u00e9es europ\u00e9ennes du patrimoine\" srcset=\"https:\/\/richeskarayib.com\/wp-content\/uploads\/2025\/09\/WhatsApp-Image-2025-09-19-a-05.43.11_f97839f4-1024x473.jpg 1024w, https:\/\/richeskarayib.com\/wp-content\/uploads\/2025\/09\/WhatsApp-Image-2025-09-19-a-05.43.11_f97839f4-300x139.jpg 300w, https:\/\/richeskarayib.com\/wp-content\/uploads\/2025\/09\/WhatsApp-Image-2025-09-19-a-05.43.11_f97839f4-768x355.jpg 768w, https:\/\/richeskarayib.com\/wp-content\/uploads\/2025\/09\/WhatsApp-Image-2025-09-19-a-05.43.11_f97839f4.jpg 1280w\" sizes=\"(max-width: 800px) 100vw, 800px\" \/>\t\t\t\t\t\t\t\t\t\t\t\t\t\t\t<\/div>\n\t\t\t\t<\/div>\n\t\t\t\t\t<\/div>\n\t\t<\/div>\n\t\t\t\t\t<\/div>\n\t\t<\/section>\n\t\t\t\t<section class=\"elementor-section elementor-inner-section elementor-element elementor-element-2d8cf29 elementor-section-boxed elementor-section-height-default elementor-section-height-default\" data-id=\"2d8cf29\" data-element_type=\"section\">\n\t\t\t\t\t\t<div class=\"elementor-container elementor-column-gap-default\">\n\t\t\t\t\t<div class=\"elementor-column elementor-col-100 elementor-inner-column elementor-element elementor-element-e693cfd\" data-id=\"e693cfd\" data-element_type=\"column\">\n\t\t\t<div class=\"elementor-widget-wrap elementor-element-populated\">\n\t\t\t\t\t\t<div class=\"elementor-element elementor-element-efcbc9e elementor-widget elementor-widget-image\" data-id=\"efcbc9e\" data-element_type=\"widget\" data-widget_type=\"image.default\">\n\t\t\t\t<div class=\"elementor-widget-container\">\n\t\t\t\t\t\t\t\t\t\t\t\t\t\t\t<img loading=\"lazy\" decoding=\"async\" width=\"800\" height=\"370\" src=\"https:\/\/richeskarayib.com\/wp-content\/uploads\/2025\/09\/WhatsApp-Image-2025-09-19-a-05.43.12_dd3633b9-1024x473.jpg\" class=\"attachment-large size-large wp-image-61473\" alt=\"Journ\u00e9es europ\u00e9ennes du patrimoine\" srcset=\"https:\/\/richeskarayib.com\/wp-content\/uploads\/2025\/09\/WhatsApp-Image-2025-09-19-a-05.43.12_dd3633b9-1024x473.jpg 1024w, https:\/\/richeskarayib.com\/wp-content\/uploads\/2025\/09\/WhatsApp-Image-2025-09-19-a-05.43.12_dd3633b9-300x139.jpg 300w, https:\/\/richeskarayib.com\/wp-content\/uploads\/2025\/09\/WhatsApp-Image-2025-09-19-a-05.43.12_dd3633b9-768x355.jpg 768w, https:\/\/richeskarayib.com\/wp-content\/uploads\/2025\/09\/WhatsApp-Image-2025-09-19-a-05.43.12_dd3633b9.jpg 1280w\" sizes=\"(max-width: 800px) 100vw, 800px\" \/>\t\t\t\t\t\t\t\t\t\t\t\t\t\t\t<\/div>\n\t\t\t\t<\/div>\n\t\t\t\t\t<\/div>\n\t\t<\/div>\n\t\t\t\t\t<\/div>\n\t\t<\/section>\n\t\t\t\t<section class=\"elementor-section elementor-inner-section elementor-element elementor-element-f3c77f9 elementor-section-boxed elementor-section-height-default elementor-section-height-default\" data-id=\"f3c77f9\" data-element_type=\"section\">\n\t\t\t\t\t\t<div class=\"elementor-container elementor-column-gap-default\">\n\t\t\t\t\t<div class=\"elementor-column elementor-col-50 elementor-inner-column elementor-element elementor-element-27d1b20\" data-id=\"27d1b20\" data-element_type=\"column\">\n\t\t\t<div class=\"elementor-widget-wrap elementor-element-populated\">\n\t\t\t\t\t\t<div class=\"elementor-element elementor-element-9a88c09 elementor-widget elementor-widget-image\" data-id=\"9a88c09\" data-element_type=\"widget\" data-widget_type=\"image.default\">\n\t\t\t\t<div class=\"elementor-widget-container\">\n\t\t\t\t\t\t\t\t\t\t\t\t\t\t\t<img loading=\"lazy\" decoding=\"async\" width=\"800\" height=\"370\" src=\"https:\/\/richeskarayib.com\/wp-content\/uploads\/2025\/09\/WhatsApp-Image-2025-09-19-a-05.43.11_c9ce5bc6-1024x473.jpg\" class=\"attachment-large size-large wp-image-61477\" alt=\"Journ\u00e9es europ\u00e9ennes du patrimoine\" srcset=\"https:\/\/richeskarayib.com\/wp-content\/uploads\/2025\/09\/WhatsApp-Image-2025-09-19-a-05.43.11_c9ce5bc6-1024x473.jpg 1024w, https:\/\/richeskarayib.com\/wp-content\/uploads\/2025\/09\/WhatsApp-Image-2025-09-19-a-05.43.11_c9ce5bc6-300x139.jpg 300w, https:\/\/richeskarayib.com\/wp-content\/uploads\/2025\/09\/WhatsApp-Image-2025-09-19-a-05.43.11_c9ce5bc6-768x355.jpg 768w, https:\/\/richeskarayib.com\/wp-content\/uploads\/2025\/09\/WhatsApp-Image-2025-09-19-a-05.43.11_c9ce5bc6.jpg 1280w\" sizes=\"(max-width: 800px) 100vw, 800px\" \/>\t\t\t\t\t\t\t\t\t\t\t\t\t\t\t<\/div>\n\t\t\t\t<\/div>\n\t\t\t\t\t<\/div>\n\t\t<\/div>\n\t\t\t\t<div class=\"elementor-column elementor-col-50 elementor-inner-column elementor-element elementor-element-26874b3\" data-id=\"26874b3\" data-element_type=\"column\">\n\t\t\t<div class=\"elementor-widget-wrap elementor-element-populated\">\n\t\t\t\t\t\t<div class=\"elementor-element elementor-element-50d955d elementor-widget elementor-widget-image\" data-id=\"50d955d\" data-element_type=\"widget\" data-widget_type=\"image.default\">\n\t\t\t\t<div class=\"elementor-widget-container\">\n\t\t\t\t\t\t\t\t\t\t\t\t\t\t\t<img loading=\"lazy\" decoding=\"async\" width=\"800\" height=\"370\" src=\"https:\/\/richeskarayib.com\/wp-content\/uploads\/2025\/09\/WhatsApp-Image-2025-09-19-a-05.43.14_eb238bab-1024x473.jpg\" class=\"attachment-large size-large wp-image-61481\" alt=\"Journ\u00e9es europ\u00e9ennes du patrimoine\" srcset=\"https:\/\/richeskarayib.com\/wp-content\/uploads\/2025\/09\/WhatsApp-Image-2025-09-19-a-05.43.14_eb238bab-1024x473.jpg 1024w, https:\/\/richeskarayib.com\/wp-content\/uploads\/2025\/09\/WhatsApp-Image-2025-09-19-a-05.43.14_eb238bab-300x139.jpg 300w, https:\/\/richeskarayib.com\/wp-content\/uploads\/2025\/09\/WhatsApp-Image-2025-09-19-a-05.43.14_eb238bab-768x355.jpg 768w, https:\/\/richeskarayib.com\/wp-content\/uploads\/2025\/09\/WhatsApp-Image-2025-09-19-a-05.43.14_eb238bab.jpg 1280w\" sizes=\"(max-width: 800px) 100vw, 800px\" \/>\t\t\t\t\t\t\t\t\t\t\t\t\t\t\t<\/div>\n\t\t\t\t<\/div>\n\t\t\t\t\t<\/div>\n\t\t<\/div>\n\t\t\t\t\t<\/div>\n\t\t<\/section>\n\t\t\t\t\t<\/div>\n\t\t<\/div>\n\t\t\t\t\t<\/div>\n\t\t<\/section>\n\t\t\t\t<section class=\"elementor-section elementor-top-section elementor-element elementor-element-f219a61 elementor-section-boxed elementor-section-height-default elementor-section-height-default\" data-id=\"f219a61\" data-element_type=\"section\">\n\t\t\t\t\t\t<div class=\"elementor-container elementor-column-gap-default\">\n\t\t\t\t\t<div class=\"elementor-column elementor-col-100 elementor-top-column elementor-element elementor-element-72ec9c6\" data-id=\"72ec9c6\" data-element_type=\"column\">\n\t\t\t<div class=\"elementor-widget-wrap elementor-element-populated\">\n\t\t\t\t\t\t<div class=\"elementor-element elementor-element-36c1f55 elementor-widget elementor-widget-heading\" data-id=\"36c1f55\" data-element_type=\"widget\" data-widget_type=\"heading.default\">\n\t\t\t\t<div class=\"elementor-widget-container\">\n\t\t\t\t\t<h2 class=\"elementor-heading-title elementor-size-default\">Un moment de partage<\/h2>\t\t\t\t<\/div>\n\t\t\t\t<\/div>\n\t\t\t\t<div class=\"elementor-element elementor-element-fe84f74 elementor-widget elementor-widget-text-editor\" data-id=\"fe84f74\" data-element_type=\"widget\" data-widget_type=\"text-editor.default\">\n\t\t\t\t<div class=\"elementor-widget-container\">\n\t\t\t\t\t\t\t\t\t<p><span style=\"font-weight: 400;\">La pr\u00e9sentation s\u2019est conclue par un pot de contact \u00e0 l\u2019ext\u00e9rieur : un temps de rencontres informelles o\u00f9 artistes, m\u00e9diateurs, partenaires et visiteurs ont prolong\u00e9 les \u00e9changes. Dans le hall et les jardins de la DAC, les trois expositions \u2014 Saiz, Dern\u00e9, Raffestin \u2014 resteront accroch\u00e9es pour permettre au public de revenir, de prendre le temps et, surtout, de regarder diff\u00e9remment. Un geste qui s\u2019inscrit pleinement dans l\u2019esprit des Journ\u00e9es europ\u00e9ennes du patrimoine en Martinique.<\/span><\/p>\t\t\t\t\t\t\t\t<\/div>\n\t\t\t\t<\/div>\n\t\t\t\t<section class=\"elementor-section elementor-inner-section elementor-element elementor-element-500960e elementor-section-boxed elementor-section-height-default elementor-section-height-default\" data-id=\"500960e\" data-element_type=\"section\">\n\t\t\t\t\t\t<div class=\"elementor-container elementor-column-gap-default\">\n\t\t\t\t\t<div class=\"elementor-column elementor-col-100 elementor-inner-column elementor-element elementor-element-b488c0b\" data-id=\"b488c0b\" data-element_type=\"column\">\n\t\t\t<div class=\"elementor-widget-wrap elementor-element-populated\">\n\t\t\t\t\t\t<div class=\"elementor-element elementor-element-c02b81c elementor-widget elementor-widget-image\" data-id=\"c02b81c\" data-element_type=\"widget\" data-widget_type=\"image.default\">\n\t\t\t\t<div class=\"elementor-widget-container\">\n\t\t\t\t\t\t\t\t\t\t\t\t\t\t\t<img loading=\"lazy\" decoding=\"async\" width=\"800\" height=\"370\" src=\"https:\/\/richeskarayib.com\/wp-content\/uploads\/2025\/09\/WhatsApp-Image-2025-09-19-a-05.49.42_845b080b-1024x473.jpg\" class=\"attachment-large size-large wp-image-61453\" alt=\"Journ\u00e9es europ\u00e9ennes du patrimoine\" srcset=\"https:\/\/richeskarayib.com\/wp-content\/uploads\/2025\/09\/WhatsApp-Image-2025-09-19-a-05.49.42_845b080b-1024x473.jpg 1024w, https:\/\/richeskarayib.com\/wp-content\/uploads\/2025\/09\/WhatsApp-Image-2025-09-19-a-05.49.42_845b080b-300x139.jpg 300w, https:\/\/richeskarayib.com\/wp-content\/uploads\/2025\/09\/WhatsApp-Image-2025-09-19-a-05.49.42_845b080b-768x355.jpg 768w, https:\/\/richeskarayib.com\/wp-content\/uploads\/2025\/09\/WhatsApp-Image-2025-09-19-a-05.49.42_845b080b.jpg 1280w\" sizes=\"(max-width: 800px) 100vw, 800px\" \/>\t\t\t\t\t\t\t\t\t\t\t\t\t\t\t<\/div>\n\t\t\t\t<\/div>\n\t\t\t\t\t<\/div>\n\t\t<\/div>\n\t\t\t\t\t<\/div>\n\t\t<\/section>\n\t\t\t\t\t<\/div>\n\t\t<\/div>\n\t\t\t\t\t<\/div>\n\t\t<\/section>\n\t\t\t\t<section class=\"elementor-section elementor-top-section elementor-element elementor-element-e2b9af9 elementor-section-boxed elementor-section-height-default elementor-section-height-default\" data-id=\"e2b9af9\" data-element_type=\"section\">\n\t\t\t\t\t\t<div class=\"elementor-container elementor-column-gap-default\">\n\t\t\t\t\t<div class=\"elementor-column elementor-col-100 elementor-top-column elementor-element elementor-element-d55ae1e\" data-id=\"d55ae1e\" data-element_type=\"column\">\n\t\t\t<div class=\"elementor-widget-wrap elementor-element-populated\">\n\t\t\t\t\t\t<div class=\"elementor-element elementor-element-b79ff3c elementor-widget elementor-widget-image\" data-id=\"b79ff3c\" data-element_type=\"widget\" data-widget_type=\"image.default\">\n\t\t\t\t<div class=\"elementor-widget-container\">\n\t\t\t\t\t\t\t\t\t\t\t\t\t\t\t<img loading=\"lazy\" decoding=\"async\" width=\"800\" height=\"370\" src=\"https:\/\/richeskarayib.com\/wp-content\/uploads\/2025\/09\/WhatsApp-Image-2025-09-19-a-05.49.58_cb05961e-1024x473.jpg\" class=\"attachment-large size-large wp-image-61457\" alt=\"Journ\u00e9es europ\u00e9ennes du patrimoine\" srcset=\"https:\/\/richeskarayib.com\/wp-content\/uploads\/2025\/09\/WhatsApp-Image-2025-09-19-a-05.49.58_cb05961e-1024x473.jpg 1024w, https:\/\/richeskarayib.com\/wp-content\/uploads\/2025\/09\/WhatsApp-Image-2025-09-19-a-05.49.58_cb05961e-300x139.jpg 300w, https:\/\/richeskarayib.com\/wp-content\/uploads\/2025\/09\/WhatsApp-Image-2025-09-19-a-05.49.58_cb05961e-768x355.jpg 768w, https:\/\/richeskarayib.com\/wp-content\/uploads\/2025\/09\/WhatsApp-Image-2025-09-19-a-05.49.58_cb05961e.jpg 1280w\" sizes=\"(max-width: 800px) 100vw, 800px\" \/>\t\t\t\t\t\t\t\t\t\t\t\t\t\t\t<\/div>\n\t\t\t\t<\/div>\n\t\t\t\t<div class=\"elementor-element elementor-element-6c7bdeb elementor-widget elementor-widget-image\" data-id=\"6c7bdeb\" data-element_type=\"widget\" data-widget_type=\"image.default\">\n\t\t\t\t<div class=\"elementor-widget-container\">\n\t\t\t\t\t\t\t\t\t\t\t\t\t\t\t<img loading=\"lazy\" decoding=\"async\" width=\"800\" height=\"370\" src=\"https:\/\/richeskarayib.com\/wp-content\/uploads\/2025\/09\/WhatsApp-Image-2025-09-19-a-05.49.42_d5bbfa8f-1024x473.jpg\" class=\"attachment-large size-large wp-image-61461\" alt=\"Journ\u00e9es europ\u00e9ennes du patrimoine\" srcset=\"https:\/\/richeskarayib.com\/wp-content\/uploads\/2025\/09\/WhatsApp-Image-2025-09-19-a-05.49.42_d5bbfa8f-1024x473.jpg 1024w, https:\/\/richeskarayib.com\/wp-content\/uploads\/2025\/09\/WhatsApp-Image-2025-09-19-a-05.49.42_d5bbfa8f-300x139.jpg 300w, https:\/\/richeskarayib.com\/wp-content\/uploads\/2025\/09\/WhatsApp-Image-2025-09-19-a-05.49.42_d5bbfa8f-768x355.jpg 768w, https:\/\/richeskarayib.com\/wp-content\/uploads\/2025\/09\/WhatsApp-Image-2025-09-19-a-05.49.42_d5bbfa8f.jpg 1280w\" sizes=\"(max-width: 800px) 100vw, 800px\" \/>\t\t\t\t\t\t\t\t\t\t\t\t\t\t\t<\/div>\n\t\t\t\t<\/div>\n\t\t\t\t<div class=\"elementor-element elementor-element-6553f0a elementor-widget elementor-widget-heading\" data-id=\"6553f0a\" data-element_type=\"widget\" data-widget_type=\"heading.default\">\n\t\t\t\t<div class=\"elementor-widget-container\">\n\t\t\t\t\t<h2 class=\"elementor-heading-title elementor-size-default\">Regarder autrement : une invitation<\/h2>\t\t\t\t<\/div>\n\t\t\t\t<\/div>\n\t\t\t\t<div class=\"elementor-element elementor-element-eb7790b elementor-widget elementor-widget-text-editor\" data-id=\"eb7790b\" data-element_type=\"widget\" data-widget_type=\"text-editor.default\">\n\t\t\t\t<div class=\"elementor-widget-container\">\n\t\t\t\t\t\t\t\t\t<p><span style=\"font-weight: 400;\">En rassemblant trois regards d\u2019artistes et une vision institutionnelle claire, la 42\u1d49 \u00e9dition des Journ\u00e9es europ\u00e9ennes du patrimoine en Martinique assume un pari : faire du patrimoine architectural un levier de fiert\u00e9 et de transmission. Les images de Jean-Louis Saiz, les \u00e9critures visuelles d\u2019H\u00e9l\u00e8ne Raffestin et les r\u00e9cits photographiques de Nicolas Dern\u00e9 composent un triptyque sensible : l\u2019humain, le d\u00e9tail, l\u2019int\u00e9rieur. Port\u00e9e par la DAC, la programmation \u2014 139 \u00e9v\u00e9nements annonc\u00e9s lors de la conf\u00e9rence \u2014 d\u00e9ploie, sur tout le territoire, une mani\u00e8re concr\u00e8te de r\u00e9concilier les m\u00e9moires : par la rencontre, la m\u00e9diation, l\u2019exp\u00e9rience, et le soin apport\u00e9 aux mati\u00e8res et aux gestes qui font l\u2019\u00e2me du pays.<\/span><\/p>\t\t\t\t\t\t\t\t<\/div>\n\t\t\t\t<\/div>\n\t\t\t\t\t<\/div>\n\t\t<\/div>\n\t\t\t\t\t<\/div>\n\t\t<\/section>\n\t\t\t\t<\/div>\n\t\t","protected":false},"excerpt":{"rendered":"<p>La conf\u00e9rence de presse organis\u00e9e dans les jardins de la Direction des affaires culturelles (DAC) a marqu\u00e9 la pr\u00e9sentation du programme de la 42\u1d49 \u00e9dition des \u00ab Journ\u00e9es europ\u00e9ennes du patrimoine en Martinique \u00bb, plac\u00e9e cette ann\u00e9e sous le th\u00e8me \u00ab Patrimoine architectural \u00bb. La rencontre, tenue le jeudi 18 septembre 2025 \u00e0 17h, a [&hellip;]<\/p>\n","protected":false},"author":662,"featured_media":61433,"comment_status":"open","ping_status":"open","sticky":false,"template":"","format":"standard","meta":{"_acf_changed":false,"footnotes":""},"categories":[1498,1820],"tags":[808],"class_list":["post-61432","post","type-post","status-publish","format-standard","has-post-thumbnail","hentry","category-gestion-devenements","category-jep-fr","tag-martinique-fr"],"acf":[],"_links":{"self":[{"href":"https:\/\/richeskarayib.com\/fr\/wp-json\/wp\/v2\/posts\/61432","targetHints":{"allow":["GET"]}}],"collection":[{"href":"https:\/\/richeskarayib.com\/fr\/wp-json\/wp\/v2\/posts"}],"about":[{"href":"https:\/\/richeskarayib.com\/fr\/wp-json\/wp\/v2\/types\/post"}],"author":[{"embeddable":true,"href":"https:\/\/richeskarayib.com\/fr\/wp-json\/wp\/v2\/users\/662"}],"replies":[{"embeddable":true,"href":"https:\/\/richeskarayib.com\/fr\/wp-json\/wp\/v2\/comments?post=61432"}],"version-history":[{"count":0,"href":"https:\/\/richeskarayib.com\/fr\/wp-json\/wp\/v2\/posts\/61432\/revisions"}],"wp:featuredmedia":[{"embeddable":true,"href":"https:\/\/richeskarayib.com\/fr\/wp-json\/wp\/v2\/media\/61433"}],"wp:attachment":[{"href":"https:\/\/richeskarayib.com\/fr\/wp-json\/wp\/v2\/media?parent=61432"}],"wp:term":[{"taxonomy":"category","embeddable":true,"href":"https:\/\/richeskarayib.com\/fr\/wp-json\/wp\/v2\/categories?post=61432"},{"taxonomy":"post_tag","embeddable":true,"href":"https:\/\/richeskarayib.com\/fr\/wp-json\/wp\/v2\/tags?post=61432"}],"curies":[{"name":"wp","href":"https:\/\/api.w.org\/{rel}","templated":true}]}}