{"id":61492,"date":"2025-09-22T12:29:57","date_gmt":"2025-09-22T16:29:57","guid":{"rendered":"https:\/\/richeskarayib.com\/?p=61492"},"modified":"2025-09-22T12:29:57","modified_gmt":"2025-09-22T16:29:57","slug":"conference-aerien-2025-guyane-2eme-edition","status":"publish","type":"post","link":"https:\/\/richeskarayib.com\/fr\/conference-aerien-2025-guyane-2eme-edition\/","title":{"rendered":"Conf\u00e9rence de l\u2019A\u00e9rien 2025 : la Guyane accueille la deuxi\u00e8me \u00e9dition les 23 et 24 octobre"},"content":{"rendered":"\t\t<div data-elementor-type=\"wp-post\" data-elementor-id=\"61492\" class=\"elementor elementor-61492\" data-elementor-post-type=\"post\">\n\t\t\t\t\t\t<section class=\"elementor-section elementor-top-section elementor-element elementor-element-7ca7ca1 elementor-section-boxed elementor-section-height-default elementor-section-height-default\" data-id=\"7ca7ca1\" data-element_type=\"section\">\n\t\t\t\t\t\t<div class=\"elementor-container elementor-column-gap-default\">\n\t\t\t\t\t<div class=\"elementor-column elementor-col-100 elementor-top-column elementor-element elementor-element-cbdd002\" data-id=\"cbdd002\" data-element_type=\"column\">\n\t\t\t<div class=\"elementor-widget-wrap elementor-element-populated\">\n\t\t\t\t\t\t<section class=\"elementor-section elementor-inner-section elementor-element elementor-element-bc94849 elementor-section-boxed elementor-section-height-default elementor-section-height-default\" data-id=\"bc94849\" data-element_type=\"section\">\n\t\t\t\t\t\t<div class=\"elementor-container elementor-column-gap-default\">\n\t\t\t\t\t\t<\/div>\n\t\t<\/section>\n\t\t\t\t<section class=\"elementor-section elementor-inner-section elementor-element elementor-element-61571e6 elementor-section-boxed elementor-section-height-default elementor-section-height-default\" data-id=\"61571e6\" data-element_type=\"section\">\n\t\t\t\t\t\t<div class=\"elementor-container elementor-column-gap-default\">\n\t\t\t\t\t\t<\/div>\n\t\t<\/section>\n\t\t\t\t<section class=\"elementor-section elementor-inner-section elementor-element elementor-element-b6262e0 elementor-section-boxed elementor-section-height-default elementor-section-height-default\" data-id=\"b6262e0\" data-element_type=\"section\">\n\t\t\t\t\t\t<div class=\"elementor-container elementor-column-gap-default\">\n\t\t\t\t\t\t<\/div>\n\t\t<\/section>\n\t\t\t\t<section class=\"elementor-section elementor-inner-section elementor-element elementor-element-cca29fd elementor-section-boxed elementor-section-height-default elementor-section-height-default\" data-id=\"cca29fd\" data-element_type=\"section\">\n\t\t\t\t\t\t<div class=\"elementor-container elementor-column-gap-default\">\n\t\t\t\t\t\t<\/div>\n\t\t<\/section>\n\t\t\t\t\t<\/div>\n\t\t<\/div>\n\t\t\t\t\t<\/div>\n\t\t<\/section>\n\t\t\t\t<section class=\"elementor-section elementor-top-section elementor-element elementor-element-6df3229 elementor-section-boxed elementor-section-height-default elementor-section-height-default\" data-id=\"6df3229\" data-element_type=\"section\">\n\t\t\t\t\t\t<div class=\"elementor-container elementor-column-gap-default\">\n\t\t\t\t\t<div class=\"elementor-column elementor-col-100 elementor-top-column elementor-element elementor-element-098e8ca\" data-id=\"098e8ca\" data-element_type=\"column\">\n\t\t\t<div class=\"elementor-widget-wrap elementor-element-populated\">\n\t\t\t\t\t\t<div class=\"elementor-element elementor-element-7e03fa7 elementor-widget elementor-widget-text-editor\" data-id=\"7e03fa7\" data-element_type=\"widget\" data-widget_type=\"text-editor.default\">\n\t\t\t\t<div class=\"elementor-widget-container\">\n\t\t\t\t\t\t\t\t\t<p><span style=\"font-weight: 400;\"><a href=\"https:\/\/www.ctguyane.fr\/renforcer-la-connectivite-aerienne-pour-le-developpement-regional\/\" target=\"_blank\" rel=\"noopener nofollow\">La Conf\u00e9rence de l\u2019A\u00e9rien<\/a> 2025 se d\u00e9roulera \u00e0 Cayenne, en <a href=\"https:\/\/richeskarayib.com\/fr\/felix-eboue-bascule-l-histoire-26-aout-1940\/\" target=\"_blank\" rel=\"noopener\">Guyane<\/a>, les 23 et 24 octobre prochains. Cet \u00e9v\u00e9nement confirme l\u2019engagement pris lors de la premi\u00e8re \u00e9dition en 2024 en Martinique : donner \u00e0 la Guyane la responsabilit\u00e9 d\u2019accueillir la suite.<\/span><span style=\"font-weight: 400;\"><br \/><\/span><span style=\"font-weight: 400;\"> Cette deuxi\u00e8me \u00e9dition intervient dans un contexte marqu\u00e9 par la n\u00e9cessit\u00e9 de renforcer la connectivit\u00e9 r\u00e9gionale, d\u2019acc\u00e9l\u00e9rer la transition \u00e9cologique et de pr\u00e9parer l\u2019avenir spatial. La Conf\u00e9rence de l\u2019A\u00e9rien 2025 s\u2019annonce comme un rendez-vous strat\u00e9gique pour toute la r\u00e9gion Antilles-Guyane.<\/span><\/p>\t\t\t\t\t\t\t\t<\/div>\n\t\t\t\t<\/div>\n\t\t\t\t\t<\/div>\n\t\t<\/div>\n\t\t\t\t\t<\/div>\n\t\t<\/section>\n\t\t\t\t<section class=\"elementor-section elementor-top-section elementor-element elementor-element-383b273 elementor-section-boxed elementor-section-height-default elementor-section-height-default\" data-id=\"383b273\" data-element_type=\"section\">\n\t\t\t\t\t\t<div class=\"elementor-container elementor-column-gap-default\">\n\t\t\t\t\t<div class=\"elementor-column elementor-col-100 elementor-top-column elementor-element elementor-element-98878ff\" data-id=\"98878ff\" data-element_type=\"column\">\n\t\t\t<div class=\"elementor-widget-wrap elementor-element-populated\">\n\t\t\t\t\t\t<div class=\"elementor-element elementor-element-4919ffd elementor-widget elementor-widget-heading\" data-id=\"4919ffd\" data-element_type=\"widget\" data-widget_type=\"heading.default\">\n\t\t\t\t<div class=\"elementor-widget-container\">\n\t\t\t\t\t<h2 class=\"elementor-heading-title elementor-size-default\">Six ateliers pr\u00e9paratoires pour poser les bases de la conf\u00e9rence<\/h2>\t\t\t\t<\/div>\n\t\t\t\t<\/div>\n\t\t\t\t<div class=\"elementor-element elementor-element-09e10fe elementor-widget elementor-widget-text-editor\" data-id=\"09e10fe\" data-element_type=\"widget\" data-widget_type=\"text-editor.default\">\n\t\t\t\t<div class=\"elementor-widget-container\">\n\t\t\t\t\t\t\t\t\t<p><span style=\"font-weight: 400;\">En septembre, six ateliers pr\u00e9paratoires ont rassembl\u00e9 a\u00e9roports, compagnies a\u00e9riennes, autorit\u00e9s de l\u2019aviation, collectivit\u00e9s, experts du spatial et acteurs \u00e9conomiques. Ces s\u00e9ances de travail ont permis de dresser un diagnostic et de tracer les grandes lignes qui structureront la Conf\u00e9rence de l\u2019A\u00e9rien 2025.<\/span><\/p>\t\t\t\t\t\t\t\t<\/div>\n\t\t\t\t<\/div>\n\t\t\t\t<div class=\"elementor-element elementor-element-1a893c7 elementor-widget elementor-widget-text-editor\" data-id=\"1a893c7\" data-element_type=\"widget\" data-widget_type=\"text-editor.default\">\n\t\t\t\t<div class=\"elementor-widget-container\">\n\t\t\t\t\t\t\t\t\t<h3><b>1. Connectivit\u00e9s multi-\u00e9chelles et compagnies \u00e9mergentes<\/b><\/h3>\n<p><span style=\"font-weight: 400;\">L\u2019arriv\u00e9e de nouveaux op\u00e9rateurs comme Caribbean Airlines, l\u2019essor de St-Barth Executive et l\u2019ouverture de liaisons sp\u00e9cifiques (vers Cap-Ha\u00eftien, par Sunrise) ont marqu\u00e9 les discussions. Les participants ont cependant soulign\u00e9 le poids du cadre r\u00e9glementaire europ\u00e9en, plus strict que celui d\u2019autres pays de la Cara\u00efbe, et rappel\u00e9 que les compagnies exigent d\u00e9sormais un partage du risque avec les territoires.<\/span><\/p>\t\t\t\t\t\t\t\t<\/div>\n\t\t\t\t<\/div>\n\t\t\t\t<div class=\"elementor-element elementor-element-6f14db8 elementor-widget elementor-widget-text-editor\" data-id=\"6f14db8\" data-element_type=\"widget\" data-widget_type=\"text-editor.default\">\n\t\t\t\t<div class=\"elementor-widget-container\">\n\t\t\t\t\t\t\t\t\t<h3><b>2. Gouvernance et performance a\u00e9roportuaire<\/b><\/h3>\n<p><span style=\"font-weight: 400;\">Un panorama comparatif a mis en lumi\u00e8re la diversit\u00e9 des mod\u00e8les de gestion : concessions en Martinique, Guadeloupe et Guyane, gestion par les collectivit\u00e9s \u00e0 Saint-Barth\u00e9lemy et Saint-Martin, mod\u00e8le de soci\u00e9t\u00e9 d\u2019\u00c9tat \u00e0 la Barbade avec un projet de PPP. Les \u00e9changes ont converg\u00e9 sur la n\u00e9cessit\u00e9 de cr\u00e9er une instance r\u00e9gionale plus technique que politique pour renforcer la coop\u00e9ration entre plateformes.<\/span><\/p>\t\t\t\t\t\t\t\t<\/div>\n\t\t\t\t<\/div>\n\t\t\t\t<div class=\"elementor-element elementor-element-9db20c8 elementor-widget elementor-widget-text-editor\" data-id=\"9db20c8\" data-element_type=\"widget\" data-widget_type=\"text-editor.default\">\n\t\t\t\t<div class=\"elementor-widget-container\">\n\t\t\t\t\t\t\t\t\t<h3><b>3. Comp\u00e9tences et synergies a\u00e9rospatiales<\/b><\/h3>\n<p><span style=\"font-weight: 400;\">La pr\u00e9paration de la Conf\u00e9rence de l\u2019A\u00e9rien Antilles-Guyane a aussi mis en avant l\u2019urgence de structurer un r\u00e9f\u00e9rentiel commun des m\u00e9tiers a\u00e9ronautiques et spatiaux. Maintenance, t\u00e9l\u00e9pilotage de drones, ing\u00e9nierie spatiale : les besoins sont nombreux et strat\u00e9giques. La cr\u00e9ation d\u2019un cluster a\u00e9rospatial carib\u00e9en a \u00e9t\u00e9 retenue comme outil prioritaire pour f\u00e9d\u00e9rer rectorats, universit\u00e9s, CNES et ENAC.<\/span><\/p>\t\t\t\t\t\t\t\t<\/div>\n\t\t\t\t<\/div>\n\t\t\t\t<div class=\"elementor-element elementor-element-90f8f7b elementor-widget elementor-widget-text-editor\" data-id=\"90f8f7b\" data-element_type=\"widget\" data-widget_type=\"text-editor.default\">\n\t\t\t\t<div class=\"elementor-widget-container\">\n\t\t\t\t\t\t\t\t\t<h3><b>4. Transition \u00e9cologique et a\u00e9rien durable<\/b><\/h3>\n<p><span style=\"font-weight: 400;\">La perspective de la COP30 au Br\u00e9sil a donn\u00e9 le ton des \u00e9changes : la r\u00e9duction de l\u2019empreinte carbone est devenue centrale. Air France-KLM a d\u00e9taill\u00e9 sa strat\u00e9gie (modernisation de la flotte, 10 % de carburants durables d\u2019ici 2030), tandis que la SARA a pr\u00e9sent\u00e9 ses projets de production locale de biocarburants. Les a\u00e9roports de la r\u00e9gion ont insist\u00e9 sur leurs actions en mati\u00e8re de r\u00e9silience climatique et d\u2019\u00e9nergies renouvelables.<\/span><span style=\"font-weight: 400;\"><br \/><\/span><span style=\"font-weight: 400;\"> La cr\u00e9ation d\u2019une plateforme d\u2019achats group\u00e9s de SAF et un plaidoyer commun aupr\u00e8s de l\u2019Union europ\u00e9enne pour adapter le syst\u00e8me ETS ont \u00e9t\u00e9 identifi\u00e9s comme priorit\u00e9s.<\/span><\/p>\t\t\t\t\t\t\t\t<\/div>\n\t\t\t\t<\/div>\n\t\t\t\t<div class=\"elementor-element elementor-element-fd9b593 elementor-widget elementor-widget-text-editor\" data-id=\"fd9b593\" data-element_type=\"widget\" data-widget_type=\"text-editor.default\">\n\t\t\t\t<div class=\"elementor-widget-container\">\n\t\t\t\t\t\t\t\t\t<h3><b>5. Fret, logistique et int\u00e9gration r\u00e9gionale<\/b><\/h3>\n<p><span style=\"font-weight: 400;\">Les constats sont clairs : le fret accuse un retard structurel, particuli\u00e8rement \u00e0 Cayenne. Le projet EFTI4All a \u00e9t\u00e9 mis en avant comme levier de digitalisation et de simplification des proc\u00e9dures douani\u00e8res. Les participants ont soulign\u00e9 l\u2019importance d\u2019accompagner les PME\/TPE pour \u00e9viter une fracture num\u00e9rique et d\u2019exploiter le potentiel des zones franches afin de stimuler les exportations.<\/span><\/p>\t\t\t\t\t\t\t\t<\/div>\n\t\t\t\t<\/div>\n\t\t\t\t<div class=\"elementor-element elementor-element-a869d8d elementor-widget elementor-widget-text-editor\" data-id=\"a869d8d\" data-element_type=\"widget\" data-widget_type=\"text-editor.default\">\n\t\t\t\t<div class=\"elementor-widget-container\">\n\t\t\t\t\t\t\t\t\t<h3><b>6. Financement et innovation<\/b><\/h3>\n<p><span style=\"font-weight: 400;\">L\u2019atelier a mis en lumi\u00e8re les difficult\u00e9s de financement de projets strat\u00e9giques comme Flying Whales en Guyane, tout en proposant la cr\u00e9ation d\u2019un fonds d\u2019investissement r\u00e9gional. Les institutions financi\u00e8res (AFD, BPI, SEM patrimoniale, banques carib\u00e9ennes) ont \u00e9t\u00e9 identifi\u00e9es comme partenaires incontournables. Tous les acteurs se sont accord\u00e9s sur la priorit\u00e9 d\u2019officialiser le cluster a\u00e9rien et spatial lors de la Conf\u00e9rence de l\u2019A\u00e9rien 2025.<\/span><\/p>\t\t\t\t\t\t\t\t<\/div>\n\t\t\t\t<\/div>\n\t\t\t\t<section class=\"elementor-section elementor-inner-section elementor-element elementor-element-38dbad9 elementor-section-boxed elementor-section-height-default elementor-section-height-default\" data-id=\"38dbad9\" data-element_type=\"section\">\n\t\t\t\t\t\t<div class=\"elementor-container elementor-column-gap-default\">\n\t\t\t\t\t<div class=\"elementor-column elementor-col-100 elementor-inner-column elementor-element elementor-element-a50ddaa\" data-id=\"a50ddaa\" data-element_type=\"column\">\n\t\t\t<div class=\"elementor-widget-wrap elementor-element-populated\">\n\t\t\t\t\t\t<div class=\"elementor-element elementor-element-725b224 elementor-widget elementor-widget-image\" data-id=\"725b224\" data-element_type=\"widget\" data-widget_type=\"image.default\">\n\t\t\t\t<div class=\"elementor-widget-container\">\n\t\t\t\t\t\t\t\t\t\t\t\t\t\t\t<img fetchpriority=\"high\" decoding=\"async\" width=\"800\" height=\"600\" src=\"https:\/\/richeskarayib.com\/wp-content\/uploads\/2025\/09\/DeWatermark.ai_1758554412164.jpeg\" class=\"attachment-large size-large wp-image-61505\" alt=\"A\u00e9rien 2025\" srcset=\"https:\/\/richeskarayib.com\/wp-content\/uploads\/2025\/09\/DeWatermark.ai_1758554412164.jpeg 1024w, https:\/\/richeskarayib.com\/wp-content\/uploads\/2025\/09\/DeWatermark.ai_1758554412164-300x225.jpeg 300w, https:\/\/richeskarayib.com\/wp-content\/uploads\/2025\/09\/DeWatermark.ai_1758554412164-768x576.jpeg 768w\" sizes=\"(max-width: 800px) 100vw, 800px\" \/>\t\t\t\t\t\t\t\t\t\t\t\t\t\t\t<\/div>\n\t\t\t\t<\/div>\n\t\t\t\t\t<\/div>\n\t\t<\/div>\n\t\t\t\t\t<\/div>\n\t\t<\/section>\n\t\t\t\t\t<\/div>\n\t\t<\/div>\n\t\t\t\t\t<\/div>\n\t\t<\/section>\n\t\t\t\t<section class=\"elementor-section elementor-top-section elementor-element elementor-element-5a7397d elementor-section-boxed elementor-section-height-default elementor-section-height-default\" data-id=\"5a7397d\" data-element_type=\"section\">\n\t\t\t\t\t\t<div class=\"elementor-container elementor-column-gap-default\">\n\t\t\t\t\t<div class=\"elementor-column elementor-col-100 elementor-top-column elementor-element elementor-element-8b33b4b\" data-id=\"8b33b4b\" data-element_type=\"column\">\n\t\t\t<div class=\"elementor-widget-wrap elementor-element-populated\">\n\t\t\t\t\t\t<div class=\"elementor-element elementor-element-89dac4b elementor-widget elementor-widget-heading\" data-id=\"89dac4b\" data-element_type=\"widget\" data-widget_type=\"heading.default\">\n\t\t\t\t<div class=\"elementor-widget-container\">\n\t\t\t\t\t<h2 class=\"elementor-heading-title elementor-size-default\">Le programme officiel des 23 et 24 octobre 2025<\/h2>\t\t\t\t<\/div>\n\t\t\t\t<\/div>\n\t\t\t\t<div class=\"elementor-element elementor-element-4fc7069 elementor-widget elementor-widget-text-editor\" data-id=\"4fc7069\" data-element_type=\"widget\" data-widget_type=\"text-editor.default\">\n\t\t\t\t<div class=\"elementor-widget-container\">\n\t\t\t\t\t\t\t\t\t<p><span style=\"font-weight: 400;\">Les tables rondes et pl\u00e9ni\u00e8res annonc\u00e9es viendront donner un cadre concret aux priorit\u00e9s issues des ateliers pr\u00e9paratoires. Le d\u00e9roul\u00e9 des deux jours permettra \u00e0 la Conf\u00e9rence de l\u2019A\u00e9rien 2025 de passer de la r\u00e9flexion strat\u00e9gique \u00e0 des engagements op\u00e9rationnels.<\/span><\/p>\t\t\t\t\t\t\t\t<\/div>\n\t\t\t\t<\/div>\n\t\t\t\t<div class=\"elementor-element elementor-element-411b126 elementor-widget elementor-widget-text-editor\" data-id=\"411b126\" data-element_type=\"widget\" data-widget_type=\"text-editor.default\">\n\t\t\t\t<div class=\"elementor-widget-container\">\n\t\t\t\t\t\t\t\t\t<h3><b>Jour 1 \u2013 Jeudi 23 octobre 2025, Cayenne<\/b><\/h3>\n<ul>\n<li style=\"font-weight: 400;\" aria-level=\"1\"><b>\ud83d\udd50 12h30 \u2013 14h00<\/b><span style=\"font-weight: 400;\"> : D\u00e9jeuner inaugural.<\/span><\/li>\n<li style=\"font-weight: 400;\" aria-level=\"1\"><b>\ud83d\udd50 14h00 \u2013 16h00<\/b><span style=\"font-weight: 400;\"> : Pl\u00e9ni\u00e8re d\u2019ouverture \u2013 <\/span><span style=\"font-weight: 400;\">Connecter le bassin : des liaisons inter-\u00eeles aux passerelles internationales \u2013 vers un espace a\u00e9rien int\u00e9gr\u00e9 Antilles-Guyane \u2013 Plateau des Guyanes<\/span><span style=\"font-weight: 400;\">.<\/span><\/li>\n<li style=\"font-weight: 400;\" aria-level=\"1\"><b>\ud83d\udd50 16h00 \u2013 18h00<\/b><span style=\"font-weight: 400;\"> : Table Ronde n\u00b01 \u2013 <\/span><span style=\"font-weight: 400;\">De l\u2019a\u00e9rien au spatial : forger les comp\u00e9tences et les innovations pour un avenir durable et partag\u00e9<\/span><span style=\"font-weight: 400;\">.<\/span><\/li>\n<li style=\"font-weight: 400;\" aria-level=\"1\"><b>\ud83d\udd50 19h00<\/b> : Cocktail de bienvenue.<\/li>\n<\/ul>\t\t\t\t\t\t\t\t<\/div>\n\t\t\t\t<\/div>\n\t\t\t\t<div class=\"elementor-element elementor-element-e5b5aaa elementor-widget elementor-widget-text-editor\" data-id=\"e5b5aaa\" data-element_type=\"widget\" data-widget_type=\"text-editor.default\">\n\t\t\t\t<div class=\"elementor-widget-container\">\n\t\t\t\t\t\t\t\t\t<h3><b>Jour 2 \u2013 Vendredi 24 octobre 2025<\/b><\/h3>\n<ul>\n<li style=\"font-weight: 400;\" aria-level=\"1\"><b>\ud83d\udd50 09h00 \u2013 09h45<\/b><span style=\"font-weight: 400;\"> : Pl\u00e9ni\u00e8re d\u2019ouverture.<\/span><span style=\"font-weight: 400;\"><br \/><\/span><\/li>\n<li style=\"font-weight: 400;\" aria-level=\"1\"><b>\ud83d\udd50 10h00 \u2013 12h00<\/b><span style=\"font-weight: 400;\"> : Table Ronde n\u00b02 \u2013 <\/span><span style=\"font-weight: 400;\">Plateformes a\u00e9roportuaires : moteurs de comp\u00e9titivit\u00e9 et de coop\u00e9ration r\u00e9gionale<\/span><span style=\"font-weight: 400;\">.<\/span><\/li>\n<li style=\"font-weight: 400;\" aria-level=\"1\"><b>\ud83d\udd50 12h00 \u2013 13h30<\/b><span style=\"font-weight: 400;\"> : D\u00e9jeuner.<\/span><\/li>\n<li style=\"font-weight: 400;\" aria-level=\"1\"><b>\ud83d\udd50 13h30 \u2013 15h00<\/b><span style=\"font-weight: 400;\"> : Table Ronde n\u00b03 \u2013 <\/span><span style=\"font-weight: 400;\">Fret et logistique : construire les cha\u00eenes de valeur de demain du Plateau des Guyanes et de la Grande Cara\u00efbe<\/span><span style=\"font-weight: 400;\">.<\/span><\/li>\n<li style=\"font-weight: 400;\" aria-level=\"1\"><b>\ud83d\udd50 15h30 \u2013 17h30<\/b><span style=\"font-weight: 400;\"> : Table Ronde n\u00b04 \u2013 <\/span><span style=\"font-weight: 400;\">Investir dans l\u2019a\u00e9rien : financements et partenariats pour une croissance soutenue<\/span><span style=\"font-weight: 400;\">.<\/span><\/li>\n<li style=\"font-weight: 400;\" aria-level=\"1\"><b>\ud83d\udd50 17h30 \u2013 18h00<\/b> : Pl\u00e9ni\u00e8re de cl\u00f4ture.<\/li>\n<\/ul>\t\t\t\t\t\t\t\t<\/div>\n\t\t\t\t<\/div>\n\t\t\t\t<section class=\"elementor-section elementor-inner-section elementor-element elementor-element-19dcf1c elementor-section-boxed elementor-section-height-default elementor-section-height-default\" data-id=\"19dcf1c\" data-element_type=\"section\">\n\t\t\t\t\t\t<div class=\"elementor-container elementor-column-gap-default\">\n\t\t\t\t\t<div class=\"elementor-column elementor-col-50 elementor-inner-column elementor-element elementor-element-3c912fc\" data-id=\"3c912fc\" data-element_type=\"column\">\n\t\t\t<div class=\"elementor-widget-wrap elementor-element-populated\">\n\t\t\t\t\t\t<div class=\"elementor-element elementor-element-7f93945 elementor-widget elementor-widget-image\" data-id=\"7f93945\" data-element_type=\"widget\" data-widget_type=\"image.default\">\n\t\t\t\t<div class=\"elementor-widget-container\">\n\t\t\t\t\t\t\t\t\t\t\t\t\t\t\t<img decoding=\"async\" width=\"800\" height=\"800\" src=\"https:\/\/richeskarayib.com\/wp-content\/uploads\/2025\/09\/CTG-Invitat_CONF_AERIEN_BASSIN-AG_23-24-OCT-2025_page-0001-1024x1024.jpg\" class=\"attachment-large size-large wp-image-61497\" alt=\"A\u00e9rien 2025\" srcset=\"https:\/\/richeskarayib.com\/wp-content\/uploads\/2025\/09\/CTG-Invitat_CONF_AERIEN_BASSIN-AG_23-24-OCT-2025_page-0001-1024x1024.jpg 1024w, https:\/\/richeskarayib.com\/wp-content\/uploads\/2025\/09\/CTG-Invitat_CONF_AERIEN_BASSIN-AG_23-24-OCT-2025_page-0001-300x300.jpg 300w, https:\/\/richeskarayib.com\/wp-content\/uploads\/2025\/09\/CTG-Invitat_CONF_AERIEN_BASSIN-AG_23-24-OCT-2025_page-0001-150x150.jpg 150w, https:\/\/richeskarayib.com\/wp-content\/uploads\/2025\/09\/CTG-Invitat_CONF_AERIEN_BASSIN-AG_23-24-OCT-2025_page-0001-768x768.jpg 768w, https:\/\/richeskarayib.com\/wp-content\/uploads\/2025\/09\/CTG-Invitat_CONF_AERIEN_BASSIN-AG_23-24-OCT-2025_page-0001-1536x1536.jpg 1536w, https:\/\/richeskarayib.com\/wp-content\/uploads\/2025\/09\/CTG-Invitat_CONF_AERIEN_BASSIN-AG_23-24-OCT-2025_page-0001-1320x1320.jpg 1320w, https:\/\/richeskarayib.com\/wp-content\/uploads\/2025\/09\/CTG-Invitat_CONF_AERIEN_BASSIN-AG_23-24-OCT-2025_page-0001.jpg 1920w\" sizes=\"(max-width: 800px) 100vw, 800px\" \/>\t\t\t\t\t\t\t\t\t\t\t\t\t\t\t<\/div>\n\t\t\t\t<\/div>\n\t\t\t\t\t<\/div>\n\t\t<\/div>\n\t\t\t\t<div class=\"elementor-column elementor-col-50 elementor-inner-column elementor-element elementor-element-df59b08\" data-id=\"df59b08\" data-element_type=\"column\">\n\t\t\t<div class=\"elementor-widget-wrap elementor-element-populated\">\n\t\t\t\t\t\t<div class=\"elementor-element elementor-element-e18f4f8 elementor-widget elementor-widget-image\" data-id=\"e18f4f8\" data-element_type=\"widget\" data-widget_type=\"image.default\">\n\t\t\t\t<div class=\"elementor-widget-container\">\n\t\t\t\t\t\t\t\t\t\t\t\t\t\t\t<img decoding=\"async\" width=\"800\" height=\"800\" src=\"https:\/\/richeskarayib.com\/wp-content\/uploads\/2025\/09\/CTG-Invitat_CONF_AERIEN_BASSIN-AG_23-24-OCT-2025_page-0002-1024x1024.jpg\" class=\"attachment-large size-large wp-image-61501\" alt=\"A\u00e9rien 2025\" srcset=\"https:\/\/richeskarayib.com\/wp-content\/uploads\/2025\/09\/CTG-Invitat_CONF_AERIEN_BASSIN-AG_23-24-OCT-2025_page-0002-1024x1024.jpg 1024w, https:\/\/richeskarayib.com\/wp-content\/uploads\/2025\/09\/CTG-Invitat_CONF_AERIEN_BASSIN-AG_23-24-OCT-2025_page-0002-300x300.jpg 300w, https:\/\/richeskarayib.com\/wp-content\/uploads\/2025\/09\/CTG-Invitat_CONF_AERIEN_BASSIN-AG_23-24-OCT-2025_page-0002-150x150.jpg 150w, https:\/\/richeskarayib.com\/wp-content\/uploads\/2025\/09\/CTG-Invitat_CONF_AERIEN_BASSIN-AG_23-24-OCT-2025_page-0002-768x768.jpg 768w, https:\/\/richeskarayib.com\/wp-content\/uploads\/2025\/09\/CTG-Invitat_CONF_AERIEN_BASSIN-AG_23-24-OCT-2025_page-0002-1536x1536.jpg 1536w, https:\/\/richeskarayib.com\/wp-content\/uploads\/2025\/09\/CTG-Invitat_CONF_AERIEN_BASSIN-AG_23-24-OCT-2025_page-0002-1320x1320.jpg 1320w, https:\/\/richeskarayib.com\/wp-content\/uploads\/2025\/09\/CTG-Invitat_CONF_AERIEN_BASSIN-AG_23-24-OCT-2025_page-0002.jpg 1920w\" sizes=\"(max-width: 800px) 100vw, 800px\" \/>\t\t\t\t\t\t\t\t\t\t\t\t\t\t\t<\/div>\n\t\t\t\t<\/div>\n\t\t\t\t\t<\/div>\n\t\t<\/div>\n\t\t\t\t\t<\/div>\n\t\t<\/section>\n\t\t\t\t\t<\/div>\n\t\t<\/div>\n\t\t\t\t\t<\/div>\n\t\t<\/section>\n\t\t\t\t<section class=\"elementor-section elementor-top-section elementor-element elementor-element-7f97911 elementor-section-boxed elementor-section-height-default elementor-section-height-default\" data-id=\"7f97911\" data-element_type=\"section\">\n\t\t\t\t\t\t<div class=\"elementor-container elementor-column-gap-default\">\n\t\t\t\t\t<div class=\"elementor-column elementor-col-100 elementor-top-column elementor-element elementor-element-e5ed698\" data-id=\"e5ed698\" data-element_type=\"column\">\n\t\t\t<div class=\"elementor-widget-wrap elementor-element-populated\">\n\t\t\t\t\t\t<div class=\"elementor-element elementor-element-822fbe3 elementor-widget elementor-widget-heading\" data-id=\"822fbe3\" data-element_type=\"widget\" data-widget_type=\"heading.default\">\n\t\t\t\t<div class=\"elementor-widget-container\">\n\t\t\t\t\t<h2 class=\"elementor-heading-title elementor-size-default\">Des enjeux strat\u00e9giques pour la r\u00e9gion<\/h2>\t\t\t\t<\/div>\n\t\t\t\t<\/div>\n\t\t\t\t<div class=\"elementor-element elementor-element-e9cbf91 elementor-widget elementor-widget-text-editor\" data-id=\"e9cbf91\" data-element_type=\"widget\" data-widget_type=\"text-editor.default\">\n\t\t\t\t<div class=\"elementor-widget-container\">\n\t\t\t\t\t\t\t\t\t<p><span style=\"font-weight: 400;\">L\u2019\u00e9dition 2025 de la <a href=\"https:\/\/www.karibinfo.com\/news\/bassin-antilles-guyane-conference-de-laerien-augmenter-la-connectivite\/\" target=\"_blank\" rel=\"noopener nofollow\">Conf\u00e9rence de l\u2019A\u00e9rien<\/a> 2025 ambitionne d\u2019apporter des r\u00e9ponses claires \u00e0 plusieurs d\u00e9fis majeurs. La Conf\u00e9rence de l\u2019A\u00e9rien 2025 vise \u00e0 assurer la continuit\u00e9 des liaisons inter-\u00eeles, \u00e0 renforcer la formation, \u00e0 acc\u00e9l\u00e9rer la transition \u00e9cologique et \u00e0 moderniser le fret. Elle doit aussi poser les bases d\u2019un fonds r\u00e9gional, en officialisant des partenariats public-priv\u00e9.<\/span><\/p>\t\t\t\t\t\t\t\t<\/div>\n\t\t\t\t<\/div>\n\t\t\t\t<section class=\"elementor-section elementor-inner-section elementor-element elementor-element-51c5b28 elementor-section-boxed elementor-section-height-default elementor-section-height-default\" data-id=\"51c5b28\" data-element_type=\"section\">\n\t\t\t\t\t\t<div class=\"elementor-container elementor-column-gap-default\">\n\t\t\t\t\t<div class=\"elementor-column elementor-col-100 elementor-inner-column elementor-element elementor-element-4dee4c0\" data-id=\"4dee4c0\" data-element_type=\"column\">\n\t\t\t<div class=\"elementor-widget-wrap elementor-element-populated\">\n\t\t\t\t\t\t<div class=\"elementor-element elementor-element-925d9a1 elementor-widget elementor-widget-image\" data-id=\"925d9a1\" data-element_type=\"widget\" data-widget_type=\"image.default\">\n\t\t\t\t<div class=\"elementor-widget-container\">\n\t\t\t\t\t\t\t\t\t\t\t\t\t\t\t<img loading=\"lazy\" decoding=\"async\" width=\"800\" height=\"534\" src=\"https:\/\/richeskarayib.com\/wp-content\/uploads\/2025\/09\/wmremove-transformed-2-2.jpeg\" class=\"attachment-large size-large wp-image-61509\" alt=\"A\u00e9rien 2025\" srcset=\"https:\/\/richeskarayib.com\/wp-content\/uploads\/2025\/09\/wmremove-transformed-2-2.jpeg 1024w, https:\/\/richeskarayib.com\/wp-content\/uploads\/2025\/09\/wmremove-transformed-2-2-300x200.jpeg 300w, https:\/\/richeskarayib.com\/wp-content\/uploads\/2025\/09\/wmremove-transformed-2-2-768x512.jpeg 768w\" sizes=\"(max-width: 800px) 100vw, 800px\" \/>\t\t\t\t\t\t\t\t\t\t\t\t\t\t\t<\/div>\n\t\t\t\t<\/div>\n\t\t\t\t\t<\/div>\n\t\t<\/div>\n\t\t\t\t\t<\/div>\n\t\t<\/section>\n\t\t\t\t\t<\/div>\n\t\t<\/div>\n\t\t\t\t\t<\/div>\n\t\t<\/section>\n\t\t\t\t<section class=\"elementor-section elementor-top-section elementor-element elementor-element-75e979c elementor-section-boxed elementor-section-height-default elementor-section-height-default\" data-id=\"75e979c\" data-element_type=\"section\">\n\t\t\t\t\t\t<div class=\"elementor-container elementor-column-gap-default\">\n\t\t\t\t\t<div class=\"elementor-column elementor-col-100 elementor-top-column elementor-element elementor-element-23aee1d\" data-id=\"23aee1d\" data-element_type=\"column\">\n\t\t\t<div class=\"elementor-widget-wrap elementor-element-populated\">\n\t\t\t\t\t\t<div class=\"elementor-element elementor-element-bd00a9d elementor-widget elementor-widget-heading\" data-id=\"bd00a9d\" data-element_type=\"widget\" data-widget_type=\"heading.default\">\n\t\t\t\t<div class=\"elementor-widget-container\">\n\t\t\t\t\t<h2 class=\"elementor-heading-title elementor-size-default\">Une dimension politique affirm\u00e9e<\/h2>\t\t\t\t<\/div>\n\t\t\t\t<\/div>\n\t\t\t\t<div class=\"elementor-element elementor-element-67f1bff elementor-widget elementor-widget-text-editor\" data-id=\"67f1bff\" data-element_type=\"widget\" data-widget_type=\"text-editor.default\">\n\t\t\t\t<div class=\"elementor-widget-container\">\n\t\t\t\t\t\t\t\t\t<p><span style=\"font-weight: 400;\">La Conf\u00e9rence de l\u2019A\u00e9rien 2025 d\u00e9passe le cadre technique : elle symbolise une volont\u00e9 politique forte. Apr\u00e8s la Martinique en 2024, la Guyane tient sa promesse d\u2019organiser cette deuxi\u00e8me \u00e9dition et affirme sa place strat\u00e9gique dans la coop\u00e9ration carib\u00e9enne.<\/span><\/p>\n<p><span style=\"font-weight: 400;\">Les 23 et 24 octobre, Cayenne deviendra le point de convergence des ambitions a\u00e9riennes et spatiales r\u00e9gionales. Avec la Conf\u00e9rence de l\u2019A\u00e9rien 2025, la r\u00e9gion franchira une nouvelle \u00e9tape dans sa coop\u00e9ration.<\/span><\/p>\t\t\t\t\t\t\t\t<\/div>\n\t\t\t\t<\/div>\n\t\t\t\t\t<\/div>\n\t\t<\/div>\n\t\t\t\t\t<\/div>\n\t\t<\/section>\n\t\t\t\t<\/div>\n\t\t","protected":false},"excerpt":{"rendered":"<p>La Conf\u00e9rence de l\u2019A\u00e9rien 2025 se d\u00e9roulera \u00e0 Cayenne, en Guyane, les 23 et 24 octobre prochains. Cet \u00e9v\u00e9nement confirme l\u2019engagement pris lors de la premi\u00e8re \u00e9dition en 2024 en Martinique : donner \u00e0 la Guyane la responsabilit\u00e9 d\u2019accueillir la suite. Cette deuxi\u00e8me \u00e9dition intervient dans un contexte marqu\u00e9 par la n\u00e9cessit\u00e9 de renforcer la [&hellip;]<\/p>\n","protected":false},"author":662,"featured_media":61493,"comment_status":"open","ping_status":"open","sticky":false,"template":"","format":"standard","meta":{"_acf_changed":false,"footnotes":""},"categories":[1765],"tags":[1545,1544,808,1774,1616],"class_list":["post-61492","post","type-post","status-publish","format-standard","has-post-thumbnail","hentry","category-aerien","tag-guadeloupe-2","tag-guyane-2","tag-martinique-fr","tag-saint-barthelemy-3","tag-saint-martin-fr"],"acf":[],"_links":{"self":[{"href":"https:\/\/richeskarayib.com\/fr\/wp-json\/wp\/v2\/posts\/61492","targetHints":{"allow":["GET"]}}],"collection":[{"href":"https:\/\/richeskarayib.com\/fr\/wp-json\/wp\/v2\/posts"}],"about":[{"href":"https:\/\/richeskarayib.com\/fr\/wp-json\/wp\/v2\/types\/post"}],"author":[{"embeddable":true,"href":"https:\/\/richeskarayib.com\/fr\/wp-json\/wp\/v2\/users\/662"}],"replies":[{"embeddable":true,"href":"https:\/\/richeskarayib.com\/fr\/wp-json\/wp\/v2\/comments?post=61492"}],"version-history":[{"count":0,"href":"https:\/\/richeskarayib.com\/fr\/wp-json\/wp\/v2\/posts\/61492\/revisions"}],"wp:featuredmedia":[{"embeddable":true,"href":"https:\/\/richeskarayib.com\/fr\/wp-json\/wp\/v2\/media\/61493"}],"wp:attachment":[{"href":"https:\/\/richeskarayib.com\/fr\/wp-json\/wp\/v2\/media?parent=61492"}],"wp:term":[{"taxonomy":"category","embeddable":true,"href":"https:\/\/richeskarayib.com\/fr\/wp-json\/wp\/v2\/categories?post=61492"},{"taxonomy":"post_tag","embeddable":true,"href":"https:\/\/richeskarayib.com\/fr\/wp-json\/wp\/v2\/tags?post=61492"}],"curies":[{"name":"wp","href":"https:\/\/api.w.org\/{rel}","templated":true}]}}