{"id":61517,"date":"2025-09-22T23:23:04","date_gmt":"2025-09-23T03:23:04","guid":{"rendered":"https:\/\/richeskarayib.com\/?p=61517"},"modified":"2025-09-23T02:26:26","modified_gmt":"2025-09-23T06:26:26","slug":"jep-2025-la-prefecture-joyau-architectural","status":"publish","type":"post","link":"https:\/\/richeskarayib.com\/fr\/jep-2025-la-prefecture-joyau-architectural\/","title":{"rendered":"[JEP 2025] -Martinique : La Pr\u00e9fecture, joyau architectural entre histoire, pouvoir et transmission"},"content":{"rendered":"\t\t<div data-elementor-type=\"wp-post\" data-elementor-id=\"61517\" class=\"elementor elementor-61517\" data-elementor-post-type=\"post\">\n\t\t\t\t\t\t<section class=\"elementor-section elementor-top-section elementor-element elementor-element-7ca7ca1 elementor-section-boxed elementor-section-height-default elementor-section-height-default\" data-id=\"7ca7ca1\" data-element_type=\"section\">\n\t\t\t\t\t\t<div class=\"elementor-container elementor-column-gap-default\">\n\t\t\t\t\t<div class=\"elementor-column elementor-col-100 elementor-top-column elementor-element elementor-element-cbdd002\" data-id=\"cbdd002\" data-element_type=\"column\">\n\t\t\t<div class=\"elementor-widget-wrap elementor-element-populated\">\n\t\t\t\t\t\t<section class=\"elementor-section elementor-inner-section elementor-element elementor-element-bc94849 elementor-section-boxed elementor-section-height-default elementor-section-height-default\" data-id=\"bc94849\" data-element_type=\"section\">\n\t\t\t\t\t\t<div class=\"elementor-container elementor-column-gap-default\">\n\t\t\t\t\t\t<\/div>\n\t\t<\/section>\n\t\t\t\t<section class=\"elementor-section elementor-inner-section elementor-element elementor-element-61571e6 elementor-section-boxed elementor-section-height-default elementor-section-height-default\" data-id=\"61571e6\" data-element_type=\"section\">\n\t\t\t\t\t\t<div class=\"elementor-container elementor-column-gap-default\">\n\t\t\t\t\t\t<\/div>\n\t\t<\/section>\n\t\t\t\t<section class=\"elementor-section elementor-inner-section elementor-element elementor-element-b6262e0 elementor-section-boxed elementor-section-height-default elementor-section-height-default\" data-id=\"b6262e0\" data-element_type=\"section\">\n\t\t\t\t\t\t<div class=\"elementor-container elementor-column-gap-default\">\n\t\t\t\t\t\t<\/div>\n\t\t<\/section>\n\t\t\t\t<section class=\"elementor-section elementor-inner-section elementor-element elementor-element-cca29fd elementor-section-boxed elementor-section-height-default elementor-section-height-default\" data-id=\"cca29fd\" data-element_type=\"section\">\n\t\t\t\t\t\t<div class=\"elementor-container elementor-column-gap-default\">\n\t\t\t\t\t\t<\/div>\n\t\t<\/section>\n\t\t\t\t\t<\/div>\n\t\t<\/div>\n\t\t\t\t\t<\/div>\n\t\t<\/section>\n\t\t\t\t<section class=\"elementor-section elementor-top-section elementor-element elementor-element-6df3229 elementor-section-boxed elementor-section-height-default elementor-section-height-default\" data-id=\"6df3229\" data-element_type=\"section\">\n\t\t\t\t\t\t<div class=\"elementor-container elementor-column-gap-default\">\n\t\t\t\t\t<div class=\"elementor-column elementor-col-100 elementor-top-column elementor-element elementor-element-098e8ca\" data-id=\"098e8ca\" data-element_type=\"column\">\n\t\t\t<div class=\"elementor-widget-wrap elementor-element-populated\">\n\t\t\t\t\t\t<div class=\"elementor-element elementor-element-4919ffd elementor-widget elementor-widget-heading\" data-id=\"4919ffd\" data-element_type=\"widget\" data-widget_type=\"heading.default\">\n\t\t\t\t<div class=\"elementor-widget-container\">\n\t\t\t\t\t<h2 class=\"elementor-heading-title elementor-size-default\">Une visite pas comme les autres pour les jeunes de Sciences Po<\/h2>\t\t\t\t<\/div>\n\t\t\t\t<\/div>\n\t\t\t\t<div class=\"elementor-element elementor-element-7e03fa7 elementor-widget elementor-widget-text-editor\" data-id=\"7e03fa7\" data-element_type=\"widget\" data-widget_type=\"text-editor.default\">\n\t\t\t\t<div class=\"elementor-widget-container\">\n\t\t\t\t\t\t\t\t\t<p>Le 20 septembre 2025, \u00e0 l&#8217;occasion des <strong><a href=\"https:\/\/journeesdupatrimoine.culture.gouv.fr\/\" target=\"_blank\" rel=\"noopener nofollow\">Journ\u00e9es Europ\u00e9ennes du Patrimoine<\/a> (JEP 2025)<\/strong>, plac\u00e9es cette ann\u00e9e sous le th\u00e8me de <strong>&#8220;Patrimoine des itin\u00e9raires, Patrimoine architectural&#8221;<\/strong>, les portes de la <strong>Pr\u00e9fecture de la Martinique<\/strong> se sont ouvertes \u00e0 un groupe d&#8217;\u00e9tudiants en Sciences Politiques.<\/p>\n<p>Guid\u00e9s par <strong>Florence Declaveillere<\/strong>, <strong>Architecte des B\u00e2timents de France<\/strong> et <strong>cheffe de l&#8217;Unit\u00e9 de l&#8217;Architecture et du Patrimoine \/ Conservation des Monuments Historiques \u00e0 la DAC Martinique<\/strong>, ces jeunes ont explor\u00e9 bien plus qu&#8217;un simple lieu administratif. Ils ont plong\u00e9 dans l&#8217;histoire d&#8217;un b\u00e2timent exceptionnel, au croisement de l&#8217;identit\u00e9 locale, du pouvoir r\u00e9galien et de l&#8217;art de construire en milieu tropical lors du JEP 2025.<\/p>\t\t\t\t\t\t\t\t<\/div>\n\t\t\t\t<\/div>\n\t\t\t\t<div class=\"elementor-element elementor-element-1d29433 elementor-widget elementor-widget-image\" data-id=\"1d29433\" data-element_type=\"widget\" data-widget_type=\"image.default\">\n\t\t\t\t<div class=\"elementor-widget-container\">\n\t\t\t\t\t\t\t\t\t\t\t\t\t\t\t<img fetchpriority=\"high\" decoding=\"async\" width=\"800\" height=\"370\" src=\"https:\/\/richeskarayib.com\/wp-content\/uploads\/2025\/09\/WhatsApp-Image-2025-09-22-a-22.56.33_53abc293-1024x473.jpg\" class=\"attachment-large size-large wp-image-61538\" alt=\"JEP 2025\" srcset=\"https:\/\/richeskarayib.com\/wp-content\/uploads\/2025\/09\/WhatsApp-Image-2025-09-22-a-22.56.33_53abc293-1024x473.jpg 1024w, https:\/\/richeskarayib.com\/wp-content\/uploads\/2025\/09\/WhatsApp-Image-2025-09-22-a-22.56.33_53abc293-300x139.jpg 300w, https:\/\/richeskarayib.com\/wp-content\/uploads\/2025\/09\/WhatsApp-Image-2025-09-22-a-22.56.33_53abc293-768x355.jpg 768w, https:\/\/richeskarayib.com\/wp-content\/uploads\/2025\/09\/WhatsApp-Image-2025-09-22-a-22.56.33_53abc293-1536x709.jpg 1536w, https:\/\/richeskarayib.com\/wp-content\/uploads\/2025\/09\/WhatsApp-Image-2025-09-22-a-22.56.33_53abc293-1320x610.jpg 1320w, https:\/\/richeskarayib.com\/wp-content\/uploads\/2025\/09\/WhatsApp-Image-2025-09-22-a-22.56.33_53abc293.jpg 1600w\" sizes=\"(max-width: 800px) 100vw, 800px\" \/>\t\t\t\t\t\t\t\t\t\t\t\t\t\t\t<\/div>\n\t\t\t\t<\/div>\n\t\t\t\t\t<\/div>\n\t\t<\/div>\n\t\t\t\t\t<\/div>\n\t\t<\/section>\n\t\t\t\t<section class=\"elementor-section elementor-top-section elementor-element elementor-element-383b273 elementor-section-boxed elementor-section-height-default elementor-section-height-default\" data-id=\"383b273\" data-element_type=\"section\">\n\t\t\t\t\t\t<div class=\"elementor-container elementor-column-gap-default\">\n\t\t\t\t\t<div class=\"elementor-column elementor-col-100 elementor-top-column elementor-element elementor-element-98878ff\" data-id=\"98878ff\" data-element_type=\"column\">\n\t\t\t<div class=\"elementor-widget-wrap elementor-element-populated\">\n\t\t\t\t\t\t<div class=\"elementor-element elementor-element-636270f elementor-widget elementor-widget-heading\" data-id=\"636270f\" data-element_type=\"widget\" data-widget_type=\"heading.default\">\n\t\t\t\t<div class=\"elementor-widget-container\">\n\t\t\t\t\t<h2 class=\"elementor-heading-title elementor-size-default\">L\u2019\u00c9tat en partage : un \u00e9change privil\u00e9gi\u00e9 avec le Pr\u00e9fet<\/h2>\t\t\t\t<\/div>\n\t\t\t\t<\/div>\n\t\t\t\t<div class=\"elementor-element elementor-element-09e10fe elementor-widget elementor-widget-text-editor\" data-id=\"09e10fe\" data-element_type=\"widget\" data-widget_type=\"text-editor.default\">\n\t\t\t\t<div class=\"elementor-widget-container\">\n\t\t\t\t\t\t\t\t\t<p data-start=\"1125\" data-end=\"1417\">Au c\u0153ur de cette visite, un moment marquant : <strong data-start=\"1171\" data-end=\"1208\">la d\u00e9couverte de la pr\u00e9fecture ainsi que le bureau du Pr\u00e9fet<\/strong>, suivie d\u2019un <strong data-start=\"1222\" data-end=\"1291\">temps d\u2019\u00e9change dans l\u2019une des salles de r\u00e9union de la pr\u00e9fecture<\/strong>. Un lieu habituellement r\u00e9serv\u00e9 aux d\u00e9cisions officielles, ouvert ici \u00e0 la curiosit\u00e9 et aux questions d\u2019une jeunesse engag\u00e9e.<\/p>\t\t\t\t\t\t\t\t<\/div>\n\t\t\t\t<\/div>\n\t\t\t\t<div class=\"elementor-element elementor-element-39e19e4 elementor-widget elementor-widget-image\" data-id=\"39e19e4\" data-element_type=\"widget\" data-widget_type=\"image.default\">\n\t\t\t\t<div class=\"elementor-widget-container\">\n\t\t\t\t\t\t\t\t\t\t\t\t\t\t\t<img decoding=\"async\" width=\"800\" height=\"370\" src=\"https:\/\/richeskarayib.com\/wp-content\/uploads\/2025\/09\/WhatsApp-Image-2025-09-22-a-23.01.12_4c9f12a7-1024x473.jpg\" class=\"attachment-large size-large wp-image-61563\" alt=\"JEP 2025\" srcset=\"https:\/\/richeskarayib.com\/wp-content\/uploads\/2025\/09\/WhatsApp-Image-2025-09-22-a-23.01.12_4c9f12a7-1024x473.jpg 1024w, https:\/\/richeskarayib.com\/wp-content\/uploads\/2025\/09\/WhatsApp-Image-2025-09-22-a-23.01.12_4c9f12a7-300x139.jpg 300w, https:\/\/richeskarayib.com\/wp-content\/uploads\/2025\/09\/WhatsApp-Image-2025-09-22-a-23.01.12_4c9f12a7-768x355.jpg 768w, https:\/\/richeskarayib.com\/wp-content\/uploads\/2025\/09\/WhatsApp-Image-2025-09-22-a-23.01.12_4c9f12a7-1536x709.jpg 1536w, https:\/\/richeskarayib.com\/wp-content\/uploads\/2025\/09\/WhatsApp-Image-2025-09-22-a-23.01.12_4c9f12a7-1320x610.jpg 1320w, https:\/\/richeskarayib.com\/wp-content\/uploads\/2025\/09\/WhatsApp-Image-2025-09-22-a-23.01.12_4c9f12a7.jpg 1600w\" sizes=\"(max-width: 800px) 100vw, 800px\" \/>\t\t\t\t\t\t\t\t\t\t\t\t\t\t\t<\/div>\n\t\t\t\t<\/div>\n\t\t\t\t<div class=\"elementor-element elementor-element-43b4d2d elementor-widget elementor-widget-text-editor\" data-id=\"43b4d2d\" data-element_type=\"widget\" data-widget_type=\"text-editor.default\">\n\t\t\t\t<div class=\"elementor-widget-container\">\n\t\t\t\t\t\t\t\t\t<p data-start=\"1419\" data-end=\"1710\">Les \u00e9tudiants ont pu poser leurs questions sur le r\u00f4le du repr\u00e9sentant de l&#8217;\u00c9tat, les enjeux de la gouvernance locale ou encore les m\u00e9tiers de l&#8217;administration publique. Un temps d&#8217;\u00e9change chaleureux et inspirant, ponctu\u00e9 par une photo collective, qui donne un visage humain \u00e0 l&#8217;institution.<\/p>\n<p data-start=\"1712\" data-end=\"1859\"><strong>Avant ce temps d\u2019\u00e9change institutionnel, les \u00e9tudiants avaient explor\u00e9 la pr\u00e9fecture et d\u00e9couvert les cl\u00e9s de son architecture gr\u00e2ce aux explications de Florence Declaveillere, dans le cadre des <a href=\"https:\/\/richeskarayib.com\/fr\/journees-europeennes-du-patrimoine-2025\/\" target=\"_blank\" rel=\"noopener\">JEP 2025<\/a>.<\/strong><\/p>\t\t\t\t\t\t\t\t<\/div>\n\t\t\t\t<\/div>\n\t\t\t\t<div class=\"elementor-element elementor-element-be513ef elementor-widget elementor-widget-image\" data-id=\"be513ef\" data-element_type=\"widget\" data-widget_type=\"image.default\">\n\t\t\t\t<div class=\"elementor-widget-container\">\n\t\t\t\t\t\t\t\t\t\t\t\t\t\t\t<img decoding=\"async\" width=\"800\" height=\"370\" src=\"https:\/\/richeskarayib.com\/wp-content\/uploads\/2025\/09\/WhatsApp-Image-2025-09-22-a-23.00.50_03446edf-1024x473.jpg\" class=\"attachment-large size-large wp-image-61567\" alt=\"JEP 2025\" srcset=\"https:\/\/richeskarayib.com\/wp-content\/uploads\/2025\/09\/WhatsApp-Image-2025-09-22-a-23.00.50_03446edf-1024x473.jpg 1024w, https:\/\/richeskarayib.com\/wp-content\/uploads\/2025\/09\/WhatsApp-Image-2025-09-22-a-23.00.50_03446edf-300x139.jpg 300w, https:\/\/richeskarayib.com\/wp-content\/uploads\/2025\/09\/WhatsApp-Image-2025-09-22-a-23.00.50_03446edf-768x355.jpg 768w, https:\/\/richeskarayib.com\/wp-content\/uploads\/2025\/09\/WhatsApp-Image-2025-09-22-a-23.00.50_03446edf-1536x709.jpg 1536w, https:\/\/richeskarayib.com\/wp-content\/uploads\/2025\/09\/WhatsApp-Image-2025-09-22-a-23.00.50_03446edf-1320x610.jpg 1320w, https:\/\/richeskarayib.com\/wp-content\/uploads\/2025\/09\/WhatsApp-Image-2025-09-22-a-23.00.50_03446edf.jpg 1600w\" sizes=\"(max-width: 800px) 100vw, 800px\" \/>\t\t\t\t\t\t\t\t\t\t\t\t\t\t\t<\/div>\n\t\t\t\t<\/div>\n\t\t\t\t\t<\/div>\n\t\t<\/div>\n\t\t\t\t\t<\/div>\n\t\t<\/section>\n\t\t\t\t<section class=\"elementor-section elementor-top-section elementor-element elementor-element-a6d4222 elementor-section-boxed elementor-section-height-default elementor-section-height-default\" data-id=\"a6d4222\" data-element_type=\"section\">\n\t\t\t\t\t\t<div class=\"elementor-container elementor-column-gap-default\">\n\t\t\t\t\t<div class=\"elementor-column elementor-col-100 elementor-top-column elementor-element elementor-element-ea27f09\" data-id=\"ea27f09\" data-element_type=\"column\">\n\t\t\t<div class=\"elementor-widget-wrap elementor-element-populated\">\n\t\t\t\t\t\t<div class=\"elementor-element elementor-element-122430b elementor-widget elementor-widget-heading\" data-id=\"122430b\" data-element_type=\"widget\" data-widget_type=\"heading.default\">\n\t\t\t\t<div class=\"elementor-widget-container\">\n\t\t\t\t\t<h2 class=\"elementor-heading-title elementor-size-default\">Un monument de l'histoire martiniquaise<\/h2>\t\t\t\t<\/div>\n\t\t\t\t<\/div>\n\t\t\t\t<div class=\"elementor-element elementor-element-8f49c6e elementor-widget elementor-widget-text-editor\" data-id=\"8f49c6e\" data-element_type=\"widget\" data-widget_type=\"text-editor.default\">\n\t\t\t\t<div class=\"elementor-widget-container\">\n\t\t\t\t\t\t\t\t\t<p>Construit entre <strong>1923 et 1928<\/strong> par l&#8217;architecte <a href=\"https:\/\/agorha.inha.fr\/ark:\/54721\/613447a2-1e1e-4e67-b6d2-673bf11d3ea7\" target=\"_blank\" rel=\"noopener nofollow\"><strong>Jules Germain Olivier<\/strong><\/a>, le b\u00e2timent principal de la pr\u00e9fecture succ\u00e8de \u00e0 un premier ensemble colonial en bois du XVIIIe si\u00e8cle.<\/p>\n<p>Depuis <strong>1946<\/strong>, apr\u00e8s la d\u00e9partementalisation, il devient le si\u00e8ge de la pr\u00e9fecture. Ce &#8220;palais&#8221; s&#8217;organise autour d&#8217;une all\u00e9e d&#8217;honneur et de b\u00e2timents administratifs annexes, pens\u00e9s pour affirmer la pr\u00e9sence de l&#8217;\u00c9tat en Martinique.<\/p>\t\t\t\t\t\t\t\t<\/div>\n\t\t\t\t<\/div>\n\t\t\t\t<section class=\"elementor-section elementor-inner-section elementor-element elementor-element-16d68f1 elementor-section-boxed elementor-section-height-default elementor-section-height-default\" data-id=\"16d68f1\" data-element_type=\"section\">\n\t\t\t\t\t\t<div class=\"elementor-container elementor-column-gap-default\">\n\t\t\t\t\t<div class=\"elementor-column elementor-col-100 elementor-inner-column elementor-element elementor-element-074a953\" data-id=\"074a953\" data-element_type=\"column\">\n\t\t\t<div class=\"elementor-widget-wrap elementor-element-populated\">\n\t\t\t\t\t\t<div class=\"elementor-element elementor-element-7f881ed elementor-widget elementor-widget-image\" data-id=\"7f881ed\" data-element_type=\"widget\" data-widget_type=\"image.default\">\n\t\t\t\t<div class=\"elementor-widget-container\">\n\t\t\t\t\t\t\t\t\t\t\t\t\t\t\t<img loading=\"lazy\" decoding=\"async\" width=\"800\" height=\"370\" src=\"https:\/\/richeskarayib.com\/wp-content\/uploads\/2025\/09\/WhatsApp-Image-2025-09-22-a-22.54.29_3e0549ac-1024x473.jpg\" class=\"attachment-large size-large wp-image-61546\" alt=\"JEP 2025\" srcset=\"https:\/\/richeskarayib.com\/wp-content\/uploads\/2025\/09\/WhatsApp-Image-2025-09-22-a-22.54.29_3e0549ac-1024x473.jpg 1024w, https:\/\/richeskarayib.com\/wp-content\/uploads\/2025\/09\/WhatsApp-Image-2025-09-22-a-22.54.29_3e0549ac-300x139.jpg 300w, https:\/\/richeskarayib.com\/wp-content\/uploads\/2025\/09\/WhatsApp-Image-2025-09-22-a-22.54.29_3e0549ac-768x355.jpg 768w, https:\/\/richeskarayib.com\/wp-content\/uploads\/2025\/09\/WhatsApp-Image-2025-09-22-a-22.54.29_3e0549ac-1536x709.jpg 1536w, https:\/\/richeskarayib.com\/wp-content\/uploads\/2025\/09\/WhatsApp-Image-2025-09-22-a-22.54.29_3e0549ac-1320x610.jpg 1320w, https:\/\/richeskarayib.com\/wp-content\/uploads\/2025\/09\/WhatsApp-Image-2025-09-22-a-22.54.29_3e0549ac.jpg 1600w\" sizes=\"(max-width: 800px) 100vw, 800px\" \/>\t\t\t\t\t\t\t\t\t\t\t\t\t\t\t<\/div>\n\t\t\t\t<\/div>\n\t\t\t\t<div class=\"elementor-element elementor-element-fc013bc elementor-widget elementor-widget-image\" data-id=\"fc013bc\" data-element_type=\"widget\" data-widget_type=\"image.default\">\n\t\t\t\t<div class=\"elementor-widget-container\">\n\t\t\t\t\t\t\t\t\t\t\t\t\t\t\t<img loading=\"lazy\" decoding=\"async\" width=\"800\" height=\"370\" src=\"https:\/\/richeskarayib.com\/wp-content\/uploads\/2025\/09\/WhatsApp-Image-2025-09-22-a-22.55.42_ead5012e-1024x473.jpg\" class=\"attachment-large size-large wp-image-61534\" alt=\"JEP 2025\" srcset=\"https:\/\/richeskarayib.com\/wp-content\/uploads\/2025\/09\/WhatsApp-Image-2025-09-22-a-22.55.42_ead5012e-1024x473.jpg 1024w, https:\/\/richeskarayib.com\/wp-content\/uploads\/2025\/09\/WhatsApp-Image-2025-09-22-a-22.55.42_ead5012e-300x139.jpg 300w, https:\/\/richeskarayib.com\/wp-content\/uploads\/2025\/09\/WhatsApp-Image-2025-09-22-a-22.55.42_ead5012e-768x355.jpg 768w, https:\/\/richeskarayib.com\/wp-content\/uploads\/2025\/09\/WhatsApp-Image-2025-09-22-a-22.55.42_ead5012e-1536x709.jpg 1536w, https:\/\/richeskarayib.com\/wp-content\/uploads\/2025\/09\/WhatsApp-Image-2025-09-22-a-22.55.42_ead5012e-1320x610.jpg 1320w, https:\/\/richeskarayib.com\/wp-content\/uploads\/2025\/09\/WhatsApp-Image-2025-09-22-a-22.55.42_ead5012e.jpg 1600w\" sizes=\"(max-width: 800px) 100vw, 800px\" \/>\t\t\t\t\t\t\t\t\t\t\t\t\t\t\t<\/div>\n\t\t\t\t<\/div>\n\t\t\t\t\t<\/div>\n\t\t<\/div>\n\t\t\t\t\t<\/div>\n\t\t<\/section>\n\t\t\t\t\t<\/div>\n\t\t<\/div>\n\t\t\t\t\t<\/div>\n\t\t<\/section>\n\t\t\t\t<section class=\"elementor-section elementor-top-section elementor-element elementor-element-e1fea79 elementor-section-boxed elementor-section-height-default elementor-section-height-default\" data-id=\"e1fea79\" data-element_type=\"section\">\n\t\t\t\t\t\t<div class=\"elementor-container elementor-column-gap-default\">\n\t\t\t\t\t<div class=\"elementor-column elementor-col-100 elementor-top-column elementor-element elementor-element-6d0be76\" data-id=\"6d0be76\" data-element_type=\"column\">\n\t\t\t<div class=\"elementor-widget-wrap elementor-element-populated\">\n\t\t\t\t\t\t<div class=\"elementor-element elementor-element-a310b25 elementor-widget elementor-widget-heading\" data-id=\"a310b25\" data-element_type=\"widget\" data-widget_type=\"heading.default\">\n\t\t\t\t<div class=\"elementor-widget-container\">\n\t\t\t\t\t<h2 class=\"elementor-heading-title elementor-size-default\">Une architecture tropicale et majestueuse<\/h2>\t\t\t\t<\/div>\n\t\t\t\t<\/div>\n\t\t\t\t<div class=\"elementor-element elementor-element-bbb62ae elementor-widget elementor-widget-text-editor\" data-id=\"bbb62ae\" data-element_type=\"widget\" data-widget_type=\"text-editor.default\">\n\t\t\t\t<div class=\"elementor-widget-container\">\n\t\t\t\t\t\t\t\t\t<p>Inspir\u00e9 du <strong>Petit Trianon<\/strong> et de l&#8217;<strong>architecture haussmannienne<\/strong>, l&#8217;\u00e9difice adopte un style <strong>n\u00e9oclassique tropicalis\u00e9<\/strong>. Fa\u00e7ade sym\u00e9trique, ordres architecturaux superpos\u00e9s (dorique et ionique), large escalier d&#8217;honneur, toitures \u00e0 quatre pentes : tout est pens\u00e9 pour conjuguer <strong>esth\u00e9tique, fonctionnalit\u00e9 et adaptation au climat<\/strong>.<\/p>\n<p>Les <strong>grandes persiennes en bois<\/strong>, les <strong>galeries couvertes<\/strong> et la <strong>ventilation naturelle<\/strong> assurent un confort sans artifices modernes. Les portes en <strong>ferronnerie Art D\u00e9co<\/strong> et les d\u00e9cors en stuc renforcent la valeur patrimoniale de l&#8217;ensemble. C\u2019est pr\u00e9cis\u00e9ment ce type d\u2019ing\u00e9nierie patrimoniale que les <strong data-start=\"3012\" data-end=\"3024\">JEP 2025<\/strong> mettent en lumi\u00e8re, en rappelant la richesse des architectures adapt\u00e9es aux climats tropicaux.<\/p>\t\t\t\t\t\t\t\t<\/div>\n\t\t\t\t<\/div>\n\t\t\t\t<div class=\"elementor-element elementor-element-4b18559 elementor-widget elementor-widget-image\" data-id=\"4b18559\" data-element_type=\"widget\" data-widget_type=\"image.default\">\n\t\t\t\t<div class=\"elementor-widget-container\">\n\t\t\t\t\t\t\t\t\t\t\t\t\t\t\t<img loading=\"lazy\" decoding=\"async\" width=\"800\" height=\"370\" src=\"https:\/\/richeskarayib.com\/wp-content\/uploads\/2025\/09\/WhatsApp-Image-2025-09-22-a-23.01.31_d20467a2-1024x473.jpg\" class=\"attachment-large size-large wp-image-61559\" alt=\"JEP 2025\" srcset=\"https:\/\/richeskarayib.com\/wp-content\/uploads\/2025\/09\/WhatsApp-Image-2025-09-22-a-23.01.31_d20467a2-1024x473.jpg 1024w, https:\/\/richeskarayib.com\/wp-content\/uploads\/2025\/09\/WhatsApp-Image-2025-09-22-a-23.01.31_d20467a2-300x139.jpg 300w, https:\/\/richeskarayib.com\/wp-content\/uploads\/2025\/09\/WhatsApp-Image-2025-09-22-a-23.01.31_d20467a2-768x355.jpg 768w, https:\/\/richeskarayib.com\/wp-content\/uploads\/2025\/09\/WhatsApp-Image-2025-09-22-a-23.01.31_d20467a2-1536x709.jpg 1536w, https:\/\/richeskarayib.com\/wp-content\/uploads\/2025\/09\/WhatsApp-Image-2025-09-22-a-23.01.31_d20467a2-1320x610.jpg 1320w, https:\/\/richeskarayib.com\/wp-content\/uploads\/2025\/09\/WhatsApp-Image-2025-09-22-a-23.01.31_d20467a2.jpg 1600w\" sizes=\"(max-width: 800px) 100vw, 800px\" \/>\t\t\t\t\t\t\t\t\t\t\t\t\t\t\t<\/div>\n\t\t\t\t<\/div>\n\t\t\t\t\t<\/div>\n\t\t<\/div>\n\t\t\t\t\t<\/div>\n\t\t<\/section>\n\t\t\t\t<section class=\"elementor-section elementor-top-section elementor-element elementor-element-ee72354 elementor-section-boxed elementor-section-height-default elementor-section-height-default\" data-id=\"ee72354\" data-element_type=\"section\">\n\t\t\t\t\t\t<div class=\"elementor-container elementor-column-gap-default\">\n\t\t\t\t\t<div class=\"elementor-column elementor-col-100 elementor-top-column elementor-element elementor-element-c59d6fe\" data-id=\"c59d6fe\" data-element_type=\"column\">\n\t\t\t<div class=\"elementor-widget-wrap elementor-element-populated\">\n\t\t\t\t\t\t<div class=\"elementor-element elementor-element-ddc6a1e elementor-widget elementor-widget-heading\" data-id=\"ddc6a1e\" data-element_type=\"widget\" data-widget_type=\"heading.default\">\n\t\t\t\t<div class=\"elementor-widget-container\">\n\t\t\t\t\t<h2 class=\"elementor-heading-title elementor-size-default\">Un symbole de l\u2019\u00c9tat, mais aussi du peuple<\/h2>\t\t\t\t<\/div>\n\t\t\t\t<\/div>\n\t\t\t\t<div class=\"elementor-element elementor-element-e57451f elementor-widget elementor-widget-text-editor\" data-id=\"e57451f\" data-element_type=\"widget\" data-widget_type=\"text-editor.default\">\n\t\t\t\t<div class=\"elementor-widget-container\">\n\t\t\t\t\t\t\t\t\t<p>Lieu de pouvoir, la pr\u00e9fecture est aussi un t\u00e9moin d\u2019\u00e9v\u00e9nements majeurs de l\u2019histoire locale : l\u2019\u00e9ruption de la <strong>Montagne Pel\u00e9e<\/strong>, les <strong>expositions agricoles des ann\u00e9es 1920<\/strong>, ou encore les c\u00e9l\u00e9brations du <strong>tricentenaire du rattachement \u00e0 la France en 1935<\/strong>.<\/p>\n<p>En <strong>1990<\/strong>, le b\u00e2timent est officiellement inscrit <strong>Monument Historique<\/strong>. Il devient alors un objet de m\u00e9moire, \u00e0 la fois <strong>institutionnel et culturel<\/strong>. Les <strong data-start=\"3576\" data-end=\"3588\">JEP 2025<\/strong> rappellent aussi ce r\u00f4le de transmission : comprendre l\u2019histoire d\u2019un lieu pour mieux en saisir la valeur collective.<\/p>\t\t\t\t\t\t\t\t<\/div>\n\t\t\t\t<\/div>\n\t\t\t\t<div class=\"elementor-element elementor-element-e340432 elementor-widget elementor-widget-image\" data-id=\"e340432\" data-element_type=\"widget\" data-widget_type=\"image.default\">\n\t\t\t\t<div class=\"elementor-widget-container\">\n\t\t\t\t\t\t\t\t\t\t\t\t\t\t\t<img loading=\"lazy\" decoding=\"async\" width=\"800\" height=\"370\" src=\"https:\/\/richeskarayib.com\/wp-content\/uploads\/2025\/09\/WhatsApp-Image-2025-09-22-a-22.53.34_1bcff4cd-1024x473.jpg\" class=\"attachment-large size-large wp-image-61571\" alt=\"JEP 2025\" srcset=\"https:\/\/richeskarayib.com\/wp-content\/uploads\/2025\/09\/WhatsApp-Image-2025-09-22-a-22.53.34_1bcff4cd-1024x473.jpg 1024w, https:\/\/richeskarayib.com\/wp-content\/uploads\/2025\/09\/WhatsApp-Image-2025-09-22-a-22.53.34_1bcff4cd-300x139.jpg 300w, https:\/\/richeskarayib.com\/wp-content\/uploads\/2025\/09\/WhatsApp-Image-2025-09-22-a-22.53.34_1bcff4cd-768x355.jpg 768w, https:\/\/richeskarayib.com\/wp-content\/uploads\/2025\/09\/WhatsApp-Image-2025-09-22-a-22.53.34_1bcff4cd-1536x709.jpg 1536w, https:\/\/richeskarayib.com\/wp-content\/uploads\/2025\/09\/WhatsApp-Image-2025-09-22-a-22.53.34_1bcff4cd-1320x610.jpg 1320w, https:\/\/richeskarayib.com\/wp-content\/uploads\/2025\/09\/WhatsApp-Image-2025-09-22-a-22.53.34_1bcff4cd.jpg 1600w\" sizes=\"(max-width: 800px) 100vw, 800px\" \/>\t\t\t\t\t\t\t\t\t\t\t\t\t\t\t<\/div>\n\t\t\t\t<\/div>\n\t\t\t\t\t<\/div>\n\t\t<\/div>\n\t\t\t\t\t<\/div>\n\t\t<\/section>\n\t\t\t\t<section class=\"elementor-section elementor-top-section elementor-element elementor-element-82cd8f9 elementor-section-boxed elementor-section-height-default elementor-section-height-default\" data-id=\"82cd8f9\" data-element_type=\"section\">\n\t\t\t\t\t\t<div class=\"elementor-container elementor-column-gap-default\">\n\t\t\t\t\t<div class=\"elementor-column elementor-col-100 elementor-top-column elementor-element elementor-element-0bfdc38\" data-id=\"0bfdc38\" data-element_type=\"column\">\n\t\t\t<div class=\"elementor-widget-wrap elementor-element-populated\">\n\t\t\t\t\t\t<div class=\"elementor-element elementor-element-7d292fe elementor-widget elementor-widget-heading\" data-id=\"7d292fe\" data-element_type=\"widget\" data-widget_type=\"heading.default\">\n\t\t\t\t<div class=\"elementor-widget-container\">\n\t\t\t\t\t<h2 class=\"elementor-heading-title elementor-size-default\">Probl\u00e8mes tropicaux, solutions patrimoniales<\/h2>\t\t\t\t<\/div>\n\t\t\t\t<\/div>\n\t\t\t\t<div class=\"elementor-element elementor-element-8e337bf elementor-widget elementor-widget-text-editor\" data-id=\"8e337bf\" data-element_type=\"widget\" data-widget_type=\"text-editor.default\">\n\t\t\t\t<div class=\"elementor-widget-container\">\n\t\t\t\t\t\t\t\t\t<p>Comme tout b\u00e2ti ancien en milieu tropical, la pr\u00e9fecture doit faire face aux <strong>termites<\/strong>, <strong>cyclones<\/strong>, <strong>s\u00e9ismes<\/strong> ou encore \u00e0 l&#8217;\u00e9rosion du temps. Plusieurs r\u00e9novations ont \u00e9t\u00e9 men\u00e9es, notamment en <strong>1996<\/strong>, <strong>2013<\/strong>, et apr\u00e8s l\u2019incendie de la <strong>salle F\u00e9lix \u00c9bou\u00e9<\/strong>.<\/p>\n<p>Mais conserver ne suffit pas. Il faut aussi <strong>adapter<\/strong> : rendre accessible, s\u00e9curiser, moderniser tout en respectant l&#8217;\u00e2me du lieu. C\u2019est ce que Florence Declaveillere transmet aux \u00e9tudiants : la conservation patrimoniale, ce n&#8217;est pas figer, c&#8217;est <strong>faire vivre,<\/strong> un principe au c\u0153ur des JEP 2025.<\/p>\t\t\t\t\t\t\t\t<\/div>\n\t\t\t\t<\/div>\n\t\t\t\t<div class=\"elementor-element elementor-element-30c50f4 elementor-widget elementor-widget-image\" data-id=\"30c50f4\" data-element_type=\"widget\" data-widget_type=\"image.default\">\n\t\t\t\t<div class=\"elementor-widget-container\">\n\t\t\t\t\t\t\t\t\t\t\t\t\t\t\t<img loading=\"lazy\" decoding=\"async\" width=\"800\" height=\"370\" src=\"https:\/\/richeskarayib.com\/wp-content\/uploads\/2025\/09\/WhatsApp-Image-2025-09-22-a-22.57.28_6b5d621c-1024x473.jpg\" class=\"attachment-large size-large wp-image-61542\" alt=\"JEP 2025\" srcset=\"https:\/\/richeskarayib.com\/wp-content\/uploads\/2025\/09\/WhatsApp-Image-2025-09-22-a-22.57.28_6b5d621c-1024x473.jpg 1024w, https:\/\/richeskarayib.com\/wp-content\/uploads\/2025\/09\/WhatsApp-Image-2025-09-22-a-22.57.28_6b5d621c-300x139.jpg 300w, https:\/\/richeskarayib.com\/wp-content\/uploads\/2025\/09\/WhatsApp-Image-2025-09-22-a-22.57.28_6b5d621c-768x355.jpg 768w, https:\/\/richeskarayib.com\/wp-content\/uploads\/2025\/09\/WhatsApp-Image-2025-09-22-a-22.57.28_6b5d621c-1536x709.jpg 1536w, https:\/\/richeskarayib.com\/wp-content\/uploads\/2025\/09\/WhatsApp-Image-2025-09-22-a-22.57.28_6b5d621c-1320x610.jpg 1320w, https:\/\/richeskarayib.com\/wp-content\/uploads\/2025\/09\/WhatsApp-Image-2025-09-22-a-22.57.28_6b5d621c.jpg 1600w\" sizes=\"(max-width: 800px) 100vw, 800px\" \/>\t\t\t\t\t\t\t\t\t\t\t\t\t\t\t<\/div>\n\t\t\t\t<\/div>\n\t\t\t\t<div class=\"elementor-element elementor-element-eadd8b6 elementor-widget elementor-widget-image\" data-id=\"eadd8b6\" data-element_type=\"widget\" data-widget_type=\"image.default\">\n\t\t\t\t<div class=\"elementor-widget-container\">\n\t\t\t\t\t\t\t\t\t\t\t\t\t\t\t<img loading=\"lazy\" decoding=\"async\" width=\"800\" height=\"370\" src=\"https:\/\/richeskarayib.com\/wp-content\/uploads\/2025\/09\/WhatsApp-Image-2025-09-22-a-22.54.04_a49c5ac9-1024x473.jpg\" class=\"attachment-large size-large wp-image-61526\" alt=\"JEP 2025\" srcset=\"https:\/\/richeskarayib.com\/wp-content\/uploads\/2025\/09\/WhatsApp-Image-2025-09-22-a-22.54.04_a49c5ac9-1024x473.jpg 1024w, https:\/\/richeskarayib.com\/wp-content\/uploads\/2025\/09\/WhatsApp-Image-2025-09-22-a-22.54.04_a49c5ac9-300x139.jpg 300w, https:\/\/richeskarayib.com\/wp-content\/uploads\/2025\/09\/WhatsApp-Image-2025-09-22-a-22.54.04_a49c5ac9-768x355.jpg 768w, https:\/\/richeskarayib.com\/wp-content\/uploads\/2025\/09\/WhatsApp-Image-2025-09-22-a-22.54.04_a49c5ac9-1536x709.jpg 1536w, https:\/\/richeskarayib.com\/wp-content\/uploads\/2025\/09\/WhatsApp-Image-2025-09-22-a-22.54.04_a49c5ac9-1320x610.jpg 1320w, https:\/\/richeskarayib.com\/wp-content\/uploads\/2025\/09\/WhatsApp-Image-2025-09-22-a-22.54.04_a49c5ac9.jpg 1600w\" sizes=\"(max-width: 800px) 100vw, 800px\" \/>\t\t\t\t\t\t\t\t\t\t\t\t\t\t\t<\/div>\n\t\t\t\t<\/div>\n\t\t\t\t\t<\/div>\n\t\t<\/div>\n\t\t\t\t\t<\/div>\n\t\t<\/section>\n\t\t\t\t<section class=\"elementor-section elementor-top-section elementor-element elementor-element-5a7397d elementor-section-boxed elementor-section-height-default elementor-section-height-default\" data-id=\"5a7397d\" data-element_type=\"section\">\n\t\t\t\t\t\t<div class=\"elementor-container elementor-column-gap-default\">\n\t\t\t\t\t<div class=\"elementor-column elementor-col-100 elementor-top-column elementor-element elementor-element-8b33b4b\" data-id=\"8b33b4b\" data-element_type=\"column\">\n\t\t\t<div class=\"elementor-widget-wrap elementor-element-populated\">\n\t\t\t\t\t\t<div class=\"elementor-element elementor-element-89dac4b elementor-widget elementor-widget-heading\" data-id=\"89dac4b\" data-element_type=\"widget\" data-widget_type=\"heading.default\">\n\t\t\t\t<div class=\"elementor-widget-container\">\n\t\t\t\t\t<h2 class=\"elementor-heading-title elementor-size-default\">Un patrimoine pour aujourd\u2019hui et demain<\/h2>\t\t\t\t<\/div>\n\t\t\t\t<\/div>\n\t\t\t\t<div class=\"elementor-element elementor-element-4fc7069 elementor-widget elementor-widget-text-editor\" data-id=\"4fc7069\" data-element_type=\"widget\" data-widget_type=\"text-editor.default\">\n\t\t\t\t<div class=\"elementor-widget-container\">\n\t\t\t\t\t\t\t\t\t<p>Cette immersion dans les coulisses d&#8217;un lieu de pouvoir aura permis aux \u00e9tudiants de d\u00e9couvrir un patrimoine <strong>fonctionnel et symbolique<\/strong>, o\u00f9 chaque d\u00e9tail architectural raconte un morceau d&#8217;histoire.<\/p>\n<p>La pr\u00e9fecture de Martinique n&#8217;est pas fig\u00e9e dans le pass\u00e9 : elle continue de <strong>se transmettre, s&#8217;adapter, et inspirer<\/strong>. Une le\u00e7on de patrimoine vivante, \u00e0 la hauteur des ambitions port\u00e9es par les Journ\u00e9es du Patrimoine 2025 (JEP 2025).<\/p>\t\t\t\t\t\t\t\t<\/div>\n\t\t\t\t<\/div>\n\t\t\t\t<section class=\"elementor-section elementor-inner-section elementor-element elementor-element-a13c5a8 elementor-section-boxed elementor-section-height-default elementor-section-height-default\" data-id=\"a13c5a8\" data-element_type=\"section\">\n\t\t\t\t\t\t<div class=\"elementor-container elementor-column-gap-default\">\n\t\t\t\t\t<div class=\"elementor-column elementor-col-100 elementor-inner-column elementor-element elementor-element-8d59a93\" data-id=\"8d59a93\" data-element_type=\"column\">\n\t\t\t<div class=\"elementor-widget-wrap elementor-element-populated\">\n\t\t\t\t\t\t<div class=\"elementor-element elementor-element-1b46a9f elementor-widget elementor-widget-image\" data-id=\"1b46a9f\" data-element_type=\"widget\" data-widget_type=\"image.default\">\n\t\t\t\t<div class=\"elementor-widget-container\">\n\t\t\t\t\t\t\t\t\t\t\t\t\t\t\t<img loading=\"lazy\" decoding=\"async\" width=\"800\" height=\"370\" src=\"https:\/\/richeskarayib.com\/wp-content\/uploads\/2025\/09\/WhatsApp-Image-2025-09-22-a-23.22.58_c9b4013d-1024x473.jpg\" class=\"attachment-large size-large wp-image-61575\" alt=\"JEP 2025\" srcset=\"https:\/\/richeskarayib.com\/wp-content\/uploads\/2025\/09\/WhatsApp-Image-2025-09-22-a-23.22.58_c9b4013d-1024x473.jpg 1024w, https:\/\/richeskarayib.com\/wp-content\/uploads\/2025\/09\/WhatsApp-Image-2025-09-22-a-23.22.58_c9b4013d-300x139.jpg 300w, https:\/\/richeskarayib.com\/wp-content\/uploads\/2025\/09\/WhatsApp-Image-2025-09-22-a-23.22.58_c9b4013d-768x355.jpg 768w, https:\/\/richeskarayib.com\/wp-content\/uploads\/2025\/09\/WhatsApp-Image-2025-09-22-a-23.22.58_c9b4013d-1536x709.jpg 1536w, https:\/\/richeskarayib.com\/wp-content\/uploads\/2025\/09\/WhatsApp-Image-2025-09-22-a-23.22.58_c9b4013d-1320x610.jpg 1320w, https:\/\/richeskarayib.com\/wp-content\/uploads\/2025\/09\/WhatsApp-Image-2025-09-22-a-23.22.58_c9b4013d.jpg 1600w\" sizes=\"(max-width: 800px) 100vw, 800px\" \/>\t\t\t\t\t\t\t\t\t\t\t\t\t\t\t<\/div>\n\t\t\t\t<\/div>\n\t\t\t\t\t<\/div>\n\t\t<\/div>\n\t\t\t\t\t<\/div>\n\t\t<\/section>\n\t\t\t\t\t<\/div>\n\t\t<\/div>\n\t\t\t\t\t<\/div>\n\t\t<\/section>\n\t\t\t\t<\/div>\n\t\t","protected":false},"excerpt":{"rendered":"<p>Une visite pas comme les autres pour les jeunes de Sciences Po Le 20 septembre 2025, \u00e0 l&#8217;occasion des Journ\u00e9es Europ\u00e9ennes du Patrimoine (JEP 2025), plac\u00e9es cette ann\u00e9e sous le th\u00e8me de &#8220;Patrimoine des itin\u00e9raires, Patrimoine architectural&#8221;, les portes de la Pr\u00e9fecture de la Martinique se sont ouvertes \u00e0 un groupe d&#8217;\u00e9tudiants en Sciences Politiques. [&hellip;]<\/p>\n","protected":false},"author":47,"featured_media":61546,"comment_status":"open","ping_status":"open","sticky":false,"template":"","format":"standard","meta":{"_acf_changed":false,"footnotes":""},"categories":[1468,1820],"tags":[808],"class_list":["post-61517","post","type-post","status-publish","format-standard","has-post-thumbnail","hentry","category-histoire-patrimoine","category-jep-fr","tag-martinique-fr"],"acf":[],"_links":{"self":[{"href":"https:\/\/richeskarayib.com\/fr\/wp-json\/wp\/v2\/posts\/61517","targetHints":{"allow":["GET"]}}],"collection":[{"href":"https:\/\/richeskarayib.com\/fr\/wp-json\/wp\/v2\/posts"}],"about":[{"href":"https:\/\/richeskarayib.com\/fr\/wp-json\/wp\/v2\/types\/post"}],"author":[{"embeddable":true,"href":"https:\/\/richeskarayib.com\/fr\/wp-json\/wp\/v2\/users\/47"}],"replies":[{"embeddable":true,"href":"https:\/\/richeskarayib.com\/fr\/wp-json\/wp\/v2\/comments?post=61517"}],"version-history":[{"count":0,"href":"https:\/\/richeskarayib.com\/fr\/wp-json\/wp\/v2\/posts\/61517\/revisions"}],"wp:featuredmedia":[{"embeddable":true,"href":"https:\/\/richeskarayib.com\/fr\/wp-json\/wp\/v2\/media\/61546"}],"wp:attachment":[{"href":"https:\/\/richeskarayib.com\/fr\/wp-json\/wp\/v2\/media?parent=61517"}],"wp:term":[{"taxonomy":"category","embeddable":true,"href":"https:\/\/richeskarayib.com\/fr\/wp-json\/wp\/v2\/categories?post=61517"},{"taxonomy":"post_tag","embeddable":true,"href":"https:\/\/richeskarayib.com\/fr\/wp-json\/wp\/v2\/tags?post=61517"}],"curies":[{"name":"wp","href":"https:\/\/api.w.org\/{rel}","templated":true}]}}