{"id":61829,"date":"2025-09-24T05:49:44","date_gmt":"2025-09-24T09:49:44","guid":{"rendered":"https:\/\/richeskarayib.com\/?p=61829"},"modified":"2025-09-24T05:49:44","modified_gmt":"2025-09-24T09:49:44","slug":"gerty-archimede-femme-avocate-de-guadeloupe","status":"publish","type":"post","link":"https:\/\/richeskarayib.com\/fr\/gerty-archimede-femme-avocate-de-guadeloupe\/","title":{"rendered":"Gerty Archim\u00e8de : premi\u00e8re femme avocate de Guadeloupe et pionni\u00e8re de la justice sociale"},"content":{"rendered":"\t\t<div data-elementor-type=\"wp-post\" data-elementor-id=\"61829\" class=\"elementor elementor-61829\" data-elementor-post-type=\"post\">\n\t\t\t\t\t\t<section class=\"elementor-section elementor-top-section elementor-element elementor-element-7ca7ca1 elementor-section-boxed elementor-section-height-default elementor-section-height-default\" data-id=\"7ca7ca1\" data-element_type=\"section\">\n\t\t\t\t\t\t<div class=\"elementor-container elementor-column-gap-default\">\n\t\t\t\t\t<div class=\"elementor-column elementor-col-100 elementor-top-column elementor-element elementor-element-cbdd002\" data-id=\"cbdd002\" data-element_type=\"column\">\n\t\t\t<div class=\"elementor-widget-wrap elementor-element-populated\">\n\t\t\t\t\t\t<section class=\"elementor-section elementor-inner-section elementor-element elementor-element-bc94849 elementor-section-boxed elementor-section-height-default elementor-section-height-default\" data-id=\"bc94849\" data-element_type=\"section\">\n\t\t\t\t\t\t<div class=\"elementor-container elementor-column-gap-default\">\n\t\t\t\t\t\t<\/div>\n\t\t<\/section>\n\t\t\t\t<section class=\"elementor-section elementor-inner-section elementor-element elementor-element-61571e6 elementor-section-boxed elementor-section-height-default elementor-section-height-default\" data-id=\"61571e6\" data-element_type=\"section\">\n\t\t\t\t\t\t<div class=\"elementor-container elementor-column-gap-default\">\n\t\t\t\t\t\t<\/div>\n\t\t<\/section>\n\t\t\t\t<section class=\"elementor-section elementor-inner-section elementor-element elementor-element-b6262e0 elementor-section-boxed elementor-section-height-default elementor-section-height-default\" data-id=\"b6262e0\" data-element_type=\"section\">\n\t\t\t\t\t\t<div class=\"elementor-container elementor-column-gap-default\">\n\t\t\t\t\t\t<\/div>\n\t\t<\/section>\n\t\t\t\t<section class=\"elementor-section elementor-inner-section elementor-element elementor-element-cca29fd elementor-section-boxed elementor-section-height-default elementor-section-height-default\" data-id=\"cca29fd\" data-element_type=\"section\">\n\t\t\t\t\t\t<div class=\"elementor-container elementor-column-gap-default\">\n\t\t\t\t\t\t<\/div>\n\t\t<\/section>\n\t\t\t\t\t<\/div>\n\t\t<\/div>\n\t\t\t\t\t<\/div>\n\t\t<\/section>\n\t\t\t\t<section class=\"elementor-section elementor-top-section elementor-element elementor-element-6df3229 elementor-section-boxed elementor-section-height-default elementor-section-height-default\" data-id=\"6df3229\" data-element_type=\"section\">\n\t\t\t\t\t\t<div class=\"elementor-container elementor-column-gap-default\">\n\t\t\t\t\t<div class=\"elementor-column elementor-col-100 elementor-top-column elementor-element elementor-element-098e8ca\" data-id=\"098e8ca\" data-element_type=\"column\">\n\t\t\t<div class=\"elementor-widget-wrap elementor-element-populated\">\n\t\t\t\t\t\t<div class=\"elementor-element elementor-element-7e03fa7 elementor-widget elementor-widget-text-editor\" data-id=\"7e03fa7\" data-element_type=\"widget\" data-widget_type=\"text-editor.default\">\n\t\t\t\t<div class=\"elementor-widget-container\">\n\t\t\t\t\t\t\t\t\t<p><a href=\"https:\/\/memoire-esclavage.org\/biographies\/gerty-archimede\" target=\"_blank\" rel=\"noopener nofollow\"><b>Gerty Archim\u00e8de<\/b><\/a><span style=\"font-weight: 400;\"> est entr\u00e9e dans l\u2019histoire en 1939 en devenant la premi\u00e8re femme inscrite au barreau de <a href=\"https:\/\/richeskarayib.com\/fr\/marie-galante-lile-aux-cent-moulins\/\" target=\"_blank\" rel=\"noopener\">Guadeloupe<\/a>. Souvent pr\u00e9sent\u00e9e comme la premi\u00e8re avocate noire de France, elle incarne une figure pionni\u00e8re de l\u2019\u00e9mancipation f\u00e9minine, de la justice sociale et de l\u2019engagement politique dans les Antilles fran\u00e7aises. N\u00e9e le 26 avril 1909 \u00e0 Morne-\u00e0-l\u2019Eau, elle a consacr\u00e9 sa vie \u00e0 d\u00e9fendre les femmes, les travailleurs et les opprim\u00e9s, tout en portant la voix de la Guadeloupe jusque sur la sc\u00e8ne internationale.<\/span><\/p>\t\t\t\t\t\t\t\t<\/div>\n\t\t\t\t<\/div>\n\t\t\t\t\t<\/div>\n\t\t<\/div>\n\t\t\t\t\t<\/div>\n\t\t<\/section>\n\t\t\t\t<section class=\"elementor-section elementor-top-section elementor-element elementor-element-383b273 elementor-section-boxed elementor-section-height-default elementor-section-height-default\" data-id=\"383b273\" data-element_type=\"section\">\n\t\t\t\t\t\t<div class=\"elementor-container elementor-column-gap-default\">\n\t\t\t\t\t<div class=\"elementor-column elementor-col-100 elementor-top-column elementor-element elementor-element-98878ff\" data-id=\"98878ff\" data-element_type=\"column\">\n\t\t\t<div class=\"elementor-widget-wrap elementor-element-populated\">\n\t\t\t\t\t\t<div class=\"elementor-element elementor-element-636270f elementor-widget elementor-widget-heading\" data-id=\"636270f\" data-element_type=\"widget\" data-widget_type=\"heading.default\">\n\t\t\t\t<div class=\"elementor-widget-container\">\n\t\t\t\t\t<h2 class=\"elementor-heading-title elementor-size-default\">Les racines d\u2019un engagement pr\u00e9coce<\/h2>\t\t\t\t<\/div>\n\t\t\t\t<\/div>\n\t\t\t\t<div class=\"elementor-element elementor-element-09e10fe elementor-widget elementor-widget-text-editor\" data-id=\"09e10fe\" data-element_type=\"widget\" data-widget_type=\"text-editor.default\">\n\t\t\t\t<div class=\"elementor-widget-container\">\n\t\t\t\t\t\t\t\t\t<h3><b>Une enfance marqu\u00e9e par la politique locale<\/b><\/h3>\n<p><span style=\"font-weight: 400;\">Fille de Justin Archim\u00e8de, artisan boulanger devenu conseiller g\u00e9n\u00e9ral en 1910 et maire de Morne-\u00e0-l\u2019Eau de 1912 \u00e0 1947, <\/span><b>Gerty Archim\u00e8de<\/b><span style=\"font-weight: 400;\"> grandit dans une atmosph\u00e8re o\u00f9 le d\u00e9bat public et la solidarit\u00e9 structurent le quotidien. Sa m\u00e8re, Marie-Ad\u00e9la\u00efde Tamarin, exerce la profession moderne de t\u00e9l\u00e9phoniste. A\u00een\u00e9e de cinq enfants, elle b\u00e9n\u00e9ficie d\u2019une \u00e9ducation privil\u00e9gi\u00e9e par rapport \u00e0 la majorit\u00e9 des Guadeloup\u00e9ens de l\u2019\u00e9poque, encore soumis au travail des champs.<\/span><\/p>\t\t\t\t\t\t\t\t<\/div>\n\t\t\t\t<\/div>\n\t\t\t\t<div class=\"elementor-element elementor-element-3264eae elementor-widget elementor-widget-text-editor\" data-id=\"3264eae\" data-element_type=\"widget\" data-widget_type=\"text-editor.default\">\n\t\t\t\t<div class=\"elementor-widget-container\">\n\t\t\t\t\t\t\t\t\t<h3><b>Des \u00e9tudes financ\u00e9es par son travail<\/b><\/h3>\n<p><span style=\"font-weight: 400;\">Apr\u00e8s son baccalaur\u00e9at obtenu au d\u00e9but des ann\u00e9es 1930, elle r\u00eave de devenir professeure de philosophie. Les contraintes financi\u00e8res la poussent cependant \u00e0 travailler \u00e0 la Banque de Guadeloupe pour financer ses \u00e9tudes de droit. Elle entame sa formation en Martinique avant de rejoindre la Sorbonne \u00e0 Paris. Dans la capitale, elle fr\u00e9quente les milieux progressistes et \u00e9largit sa vision du r\u00f4le du droit comme outil de justice sociale.<\/span><\/p>\t\t\t\t\t\t\t\t<\/div>\n\t\t\t\t<\/div>\n\t\t\t\t\t<\/div>\n\t\t<\/div>\n\t\t\t\t\t<\/div>\n\t\t<\/section>\n\t\t\t\t<section class=\"elementor-section elementor-top-section elementor-element elementor-element-a6d4222 elementor-section-boxed elementor-section-height-default elementor-section-height-default\" data-id=\"a6d4222\" data-element_type=\"section\">\n\t\t\t\t\t\t<div class=\"elementor-container elementor-column-gap-default\">\n\t\t\t\t\t<div class=\"elementor-column elementor-col-100 elementor-top-column elementor-element elementor-element-ea27f09\" data-id=\"ea27f09\" data-element_type=\"column\">\n\t\t\t<div class=\"elementor-widget-wrap elementor-element-populated\">\n\t\t\t\t\t\t<div class=\"elementor-element elementor-element-122430b elementor-widget elementor-widget-heading\" data-id=\"122430b\" data-element_type=\"widget\" data-widget_type=\"heading.default\">\n\t\t\t\t<div class=\"elementor-widget-container\">\n\t\t\t\t\t<h2 class=\"elementor-heading-title elementor-size-default\">1939 : une entr\u00e9e historique au barreau<\/h2>\t\t\t\t<\/div>\n\t\t\t\t<\/div>\n\t\t\t\t<div class=\"elementor-element elementor-element-8f49c6e elementor-widget elementor-widget-text-editor\" data-id=\"8f49c6e\" data-element_type=\"widget\" data-widget_type=\"text-editor.default\">\n\t\t\t\t<div class=\"elementor-widget-container\">\n\t\t\t\t\t\t\t\t\t<p><span style=\"font-weight: 400;\">En 1939, <\/span><b>Gerty Archim\u00e8de<\/b><span style=\"font-weight: 400;\"> pr\u00eate serment au barreau de Pointe-\u00e0-Pitre. Son inscription constitue un tournant majeur : elle brise les barri\u00e8res du genre dans une profession domin\u00e9e par les hommes et, par sa pr\u00e9sence, elle met en lumi\u00e8re les fractures raciales encore bien pr\u00e9sentes dans la soci\u00e9t\u00e9 fran\u00e7aise. \u00c0 ce titre, elle est souvent qualifi\u00e9e de \u00ab premi\u00e8re avocate noire de France \u00bb, m\u00eame si cette d\u00e9signation n\u2019est pas officiellement consacr\u00e9e.<\/span><\/p>\n<p><span style=\"font-weight: 400;\">Ses talents oratoires, nourris par la litt\u00e9rature et la philosophie, lui permettent de s\u2019imposer progressivement. Sa carri\u00e8re d\u2019avocate devient alors le tremplin d\u2019un engagement politique et social plus large.<\/span><\/p>\t\t\t\t\t\t\t\t<\/div>\n\t\t\t\t<\/div>\n\t\t\t\t\t<\/div>\n\t\t<\/div>\n\t\t\t\t\t<\/div>\n\t\t<\/section>\n\t\t\t\t<section class=\"elementor-section elementor-top-section elementor-element elementor-element-e1fea79 elementor-section-boxed elementor-section-height-default elementor-section-height-default\" data-id=\"e1fea79\" data-element_type=\"section\">\n\t\t\t\t\t\t<div class=\"elementor-container elementor-column-gap-default\">\n\t\t\t\t\t<div class=\"elementor-column elementor-col-100 elementor-top-column elementor-element elementor-element-6d0be76\" data-id=\"6d0be76\" data-element_type=\"column\">\n\t\t\t<div class=\"elementor-widget-wrap elementor-element-populated\">\n\t\t\t\t\t\t<div class=\"elementor-element elementor-element-a310b25 elementor-widget elementor-widget-heading\" data-id=\"a310b25\" data-element_type=\"widget\" data-widget_type=\"heading.default\">\n\t\t\t\t<div class=\"elementor-widget-container\">\n\t\t\t\t\t<h2 class=\"elementor-heading-title elementor-size-default\">Une voix politique pour la Guadeloupe<\/h2>\t\t\t\t<\/div>\n\t\t\t\t<\/div>\n\t\t\t\t<div class=\"elementor-element elementor-element-bbb62ae elementor-widget elementor-widget-text-editor\" data-id=\"bbb62ae\" data-element_type=\"widget\" data-widget_type=\"text-editor.default\">\n\t\t\t\t<div class=\"elementor-widget-container\">\n\t\t\t\t\t\t\t\t\t<h3><b>De la d\u00e9partementalisation \u00e0 l\u2019Assembl\u00e9e nationale<\/b><\/h3>\n<p><span style=\"font-weight: 400;\">En 1944, <\/span><a href=\"https:\/\/www.laflammedelegalite.org\/reperes-historiques\/parcours-de-vie\/gerty-archimede\" target=\"_blank\" rel=\"noopener nofollow\"><b>Gerty Archim\u00e8de<\/b><\/a><span style=\"font-weight: 400;\"> est \u00e9lue conseill\u00e8re g\u00e9n\u00e9rale. Deux ans plus tard, le 10 novembre 1946, elle devient d\u00e9put\u00e9e de la Guadeloupe \u00e0 l\u2019Assembl\u00e9e nationale, mandat qu\u2019elle occupe jusqu\u2019au 4 juillet 1951 sous les couleurs du Parti communiste fran\u00e7ais. Son \u00e9lection intervient \u00e0 un moment charni\u00e8re : les femmes viennent \u00e0 peine d\u2019obtenir le droit de vote en 1944, et la loi du 19 mars 1946 vient de transformer la Guadeloupe en d\u00e9partement fran\u00e7ais.<\/span><\/p>\t\t\t\t\t\t\t\t<\/div>\n\t\t\t\t<\/div>\n\t\t\t\t<div class=\"elementor-element elementor-element-e795d5d elementor-widget elementor-widget-text-editor\" data-id=\"e795d5d\" data-element_type=\"widget\" data-widget_type=\"text-editor.default\">\n\t\t\t\t<div class=\"elementor-widget-container\">\n\t\t\t\t\t\t\t\t\t<p><span style=\"font-weight: 400;\">Au Palais-Bourbon, elle milite pour l\u2019\u00e9galit\u00e9 sociale entre la m\u00e9tropole et l\u2019outre-mer, d\u00e9fend l\u2019acc\u00e8s des femmes aux professions judiciaires et plaide pour l\u2019am\u00e9lioration des conditions de vie des populations ultramarines. Elle si\u00e8ge \u00e9galement comme juge-suppl\u00e9ante \u00e0 la Haute Cour de justice.<\/span><\/p>\t\t\t\t\t\t\t\t<\/div>\n\t\t\t\t<\/div>\n\t\t\t\t<div class=\"elementor-element elementor-element-82ac54c elementor-widget elementor-widget-text-editor\" data-id=\"82ac54c\" data-element_type=\"widget\" data-widget_type=\"text-editor.default\">\n\t\t\t\t<div class=\"elementor-widget-container\">\n\t\t\t\t\t\t\t\t\t<h3><b>Premi\u00e8re b\u00e2tonni\u00e8re de Guadeloupe<\/b><\/h3>\n<p><span style=\"font-weight: 400;\">Apr\u00e8s son retour au barreau en 1952, <\/span><b>Gerty Archim\u00e8de<\/b><span style=\"font-weight: 400;\"> poursuit une carri\u00e8re brillante. En 1967, elle est \u00e9lue b\u00e2tonni\u00e8re de l\u2019Ordre des avocats de Guadeloupe, fonction qu\u2019elle occupe jusqu\u2019en 1970. Elle devient ainsi la premi\u00e8re femme \u00e0 diriger l\u2019institution, incarnant \u00e0 la fois la reconnaissance professionnelle et la modernisation de la justice dans l\u2019archipel.<\/span><\/p>\t\t\t\t\t\t\t\t<\/div>\n\t\t\t\t<\/div>\n\t\t\t\t<section class=\"elementor-section elementor-inner-section elementor-element elementor-element-4bf42e7 elementor-section-boxed elementor-section-height-default elementor-section-height-default\" data-id=\"4bf42e7\" data-element_type=\"section\">\n\t\t\t\t\t\t<div class=\"elementor-container elementor-column-gap-default\">\n\t\t\t\t\t<div class=\"elementor-column elementor-col-100 elementor-inner-column elementor-element elementor-element-4da5ce2\" data-id=\"4da5ce2\" data-element_type=\"column\">\n\t\t\t<div class=\"elementor-widget-wrap elementor-element-populated\">\n\t\t\t\t\t\t<div class=\"elementor-element elementor-element-d550d3d elementor-widget elementor-widget-image\" data-id=\"d550d3d\" data-element_type=\"widget\" data-widget_type=\"image.default\">\n\t\t\t\t<div class=\"elementor-widget-container\">\n\t\t\t\t\t\t\t\t\t\t\t\t<figure class=\"wp-caption\">\n\t\t\t\t\t\t\t\t\t\t<img fetchpriority=\"high\" decoding=\"async\" width=\"693\" height=\"800\" src=\"https:\/\/richeskarayib.com\/wp-content\/uploads\/2025\/09\/\u00a9guadeloupe.franceantilles.jpg\" class=\"attachment-large size-large wp-image-61846\" alt=\"Gerty Archim\u00e8de\" srcset=\"https:\/\/richeskarayib.com\/wp-content\/uploads\/2025\/09\/\u00a9guadeloupe.franceantilles.jpg 693w, https:\/\/richeskarayib.com\/wp-content\/uploads\/2025\/09\/\u00a9guadeloupe.franceantilles-260x300.jpg 260w\" sizes=\"(max-width: 693px) 100vw, 693px\" \/>\t\t\t\t\t\t\t\t\t\t\t<figcaption class=\"widget-image-caption wp-caption-text\">\u00a9guadeloupe.franceantilles<\/figcaption>\n\t\t\t\t\t\t\t\t\t\t<\/figure>\n\t\t\t\t\t\t\t\t\t<\/div>\n\t\t\t\t<\/div>\n\t\t\t\t\t<\/div>\n\t\t<\/div>\n\t\t\t\t\t<\/div>\n\t\t<\/section>\n\t\t\t\t\t<\/div>\n\t\t<\/div>\n\t\t\t\t\t<\/div>\n\t\t<\/section>\n\t\t\t\t<section class=\"elementor-section elementor-top-section elementor-element elementor-element-ee72354 elementor-section-boxed elementor-section-height-default elementor-section-height-default\" data-id=\"ee72354\" data-element_type=\"section\">\n\t\t\t\t\t\t<div class=\"elementor-container elementor-column-gap-default\">\n\t\t\t\t\t<div class=\"elementor-column elementor-col-100 elementor-top-column elementor-element elementor-element-c59d6fe\" data-id=\"c59d6fe\" data-element_type=\"column\">\n\t\t\t<div class=\"elementor-widget-wrap elementor-element-populated\">\n\t\t\t\t\t\t<div class=\"elementor-element elementor-element-ddc6a1e elementor-widget elementor-widget-heading\" data-id=\"ddc6a1e\" data-element_type=\"widget\" data-widget_type=\"heading.default\">\n\t\t\t\t<div class=\"elementor-widget-container\">\n\t\t\t\t\t<h2 class=\"elementor-heading-title elementor-size-default\">Les combats f\u00e9ministes et sociaux<\/h2>\t\t\t\t<\/div>\n\t\t\t\t<\/div>\n\t\t\t\t<div class=\"elementor-element elementor-element-e57451f elementor-widget elementor-widget-text-editor\" data-id=\"e57451f\" data-element_type=\"widget\" data-widget_type=\"text-editor.default\">\n\t\t\t\t<div class=\"elementor-widget-container\">\n\t\t\t\t\t\t\t\t\t<h3><b>L\u2019Union des femmes guadeloup\u00e9ennes<\/b><\/h3>\n<p><span style=\"font-weight: 400;\">Convaincue que les conqu\u00eates sociales n\u00e9cessitent une organisation collective, <\/span><b>Gerty Archim\u00e8de<\/b><span style=\"font-weight: 400;\"> fonde en 1948 la section guadeloup\u00e9enne de l\u2019Union des femmes fran\u00e7aises. En 1958, cette structure prend le nom d\u2019Union des femmes guadeloup\u00e9ennes (UFG). L\u2019organisation milite pour l\u2019application de la s\u00e9curit\u00e9 sociale, l\u2019acc\u00e8s \u00e0 la retraite et l\u2019am\u00e9lioration des conditions de vie des femmes. Elle devient un relais essentiel pour faire entendre la voix des Guadeloup\u00e9ennes dans la soci\u00e9t\u00e9.<\/span><\/p>\t\t\t\t\t\t\t\t<\/div>\n\t\t\t\t<\/div>\n\t\t\t\t<div class=\"elementor-element elementor-element-874b7ba elementor-widget elementor-widget-text-editor\" data-id=\"874b7ba\" data-element_type=\"widget\" data-widget_type=\"text-editor.default\">\n\t\t\t\t<div class=\"elementor-widget-container\">\n\t\t\t\t\t\t\t\t\t<h3><b>Une avocate des travailleurs<\/b><\/h3>\n<p><span style=\"font-weight: 400;\">Dans ses plaidoiries, elle s\u2019attache \u00e0 d\u00e9fendre les travailleurs, les syndicalistes et les populations marginalis\u00e9es. \u00c0 l\u2019Assembl\u00e9e, elle pr\u00e9sente des projets de loi pour l\u2019\u00e9galit\u00e9 salariale entre les d\u00e9partements ultramarins et la m\u00e9tropole. Son action refl\u00e8te une conviction profonde : le droit ne doit pas rester un privil\u00e8ge mais servir la justice sociale.<\/span><\/p>\t\t\t\t\t\t\t\t<\/div>\n\t\t\t\t<\/div>\n\t\t\t\t<section class=\"elementor-section elementor-inner-section elementor-element elementor-element-8f6686c elementor-section-boxed elementor-section-height-default elementor-section-height-default\" data-id=\"8f6686c\" data-element_type=\"section\">\n\t\t\t\t\t\t<div class=\"elementor-container elementor-column-gap-default\">\n\t\t\t\t\t<div class=\"elementor-column elementor-col-100 elementor-inner-column elementor-element elementor-element-d8f084c\" data-id=\"d8f084c\" data-element_type=\"column\">\n\t\t\t<div class=\"elementor-widget-wrap elementor-element-populated\">\n\t\t\t\t\t\t<div class=\"elementor-element elementor-element-024a4ea elementor-widget elementor-widget-image\" data-id=\"024a4ea\" data-element_type=\"widget\" data-widget_type=\"image.default\">\n\t\t\t\t<div class=\"elementor-widget-container\">\n\t\t\t\t\t\t\t\t\t\t\t\t<figure class=\"wp-caption\">\n\t\t\t\t\t\t\t\t\t\t<img decoding=\"async\" width=\"720\" height=\"960\" src=\"https:\/\/richeskarayib.com\/wp-content\/uploads\/2025\/09\/\u00a9Ville-de-Basse-Terre.jpg\" class=\"attachment-large size-large wp-image-61854\" alt=\"Gerty Archim\u00e8de\" srcset=\"https:\/\/richeskarayib.com\/wp-content\/uploads\/2025\/09\/\u00a9Ville-de-Basse-Terre.jpg 720w, https:\/\/richeskarayib.com\/wp-content\/uploads\/2025\/09\/\u00a9Ville-de-Basse-Terre-225x300.jpg 225w\" sizes=\"(max-width: 720px) 100vw, 720px\" \/>\t\t\t\t\t\t\t\t\t\t\t<figcaption class=\"widget-image-caption wp-caption-text\">\u00a9Ville de Basse-Terre<\/figcaption>\n\t\t\t\t\t\t\t\t\t\t<\/figure>\n\t\t\t\t\t\t\t\t\t<\/div>\n\t\t\t\t<\/div>\n\t\t\t\t\t<\/div>\n\t\t<\/div>\n\t\t\t\t\t<\/div>\n\t\t<\/section>\n\t\t\t\t\t<\/div>\n\t\t<\/div>\n\t\t\t\t\t<\/div>\n\t\t<\/section>\n\t\t\t\t<section class=\"elementor-section elementor-top-section elementor-element elementor-element-82cd8f9 elementor-section-boxed elementor-section-height-default elementor-section-height-default\" data-id=\"82cd8f9\" data-element_type=\"section\">\n\t\t\t\t\t\t<div class=\"elementor-container elementor-column-gap-default\">\n\t\t\t\t\t<div class=\"elementor-column elementor-col-100 elementor-top-column elementor-element elementor-element-0bfdc38\" data-id=\"0bfdc38\" data-element_type=\"column\">\n\t\t\t<div class=\"elementor-widget-wrap elementor-element-populated\">\n\t\t\t\t\t\t<div class=\"elementor-element elementor-element-7d292fe elementor-widget elementor-widget-heading\" data-id=\"7d292fe\" data-element_type=\"widget\" data-widget_type=\"heading.default\">\n\t\t\t\t<div class=\"elementor-widget-container\">\n\t\t\t\t\t<h2 class=\"elementor-heading-title elementor-size-default\">Proc\u00e8s embl\u00e9matiques et ouverture internationale<\/h2>\t\t\t\t<\/div>\n\t\t\t\t<\/div>\n\t\t\t\t<div class=\"elementor-element elementor-element-8e337bf elementor-widget elementor-widget-text-editor\" data-id=\"8e337bf\" data-element_type=\"widget\" data-widget_type=\"text-editor.default\">\n\t\t\t\t<div class=\"elementor-widget-container\">\n\t\t\t\t\t\t\t\t\t<h3><b>L\u2019affaire des 16 de Basse-Pointe<\/b><\/h3>\n<p><span style=\"font-weight: 400;\">En 1951, <\/span><b>Gerty Archim\u00e8de<\/b><span style=\"font-weight: 400;\"> participe \u00e0 l\u2019un des proc\u00e8s les plus marquants de l\u2019histoire antillaise : seize coupeurs de canne martiniquais sont accus\u00e9s du meurtre d\u2019un administrateur blanc. D\u00e9localis\u00e9 \u00e0 Bordeaux, le proc\u00e8s devient une tribune contre le colonialisme. Aux c\u00f4t\u00e9s de Marcel Manville et Georges Gratiant, elle plaide l\u2019innocence des accus\u00e9s. Tous sont acquitt\u00e9s, dans une victoire qui r\u00e9sonne bien au-del\u00e0 de la Martinique.<\/span><\/p>\t\t\t\t\t\t\t\t<\/div>\n\t\t\t\t<\/div>\n\t\t\t\t<div class=\"elementor-element elementor-element-af411ed elementor-widget elementor-widget-text-editor\" data-id=\"af411ed\" data-element_type=\"widget\" data-widget_type=\"text-editor.default\">\n\t\t\t\t<div class=\"elementor-widget-container\">\n\t\t\t\t\t\t\t\t\t<h3><b>Le soutien \u00e0 Angela Davis<\/b><\/h3>\n<p><span style=\"font-weight: 400;\">En 1969, elle intervient pour lib\u00e9rer Angela Davis, militante afro-am\u00e9ricaine retenue en Guadeloupe par les autorit\u00e9s fran\u00e7aises apr\u00e8s un voyage \u00e0 Cuba. Gr\u00e2ce \u00e0 son engagement, Davis et ses compagnons \u00e9chappent \u00e0 la prison. Dans son autobiographie, Angela Davis rend hommage \u00e0 <\/span><b>Gerty Archim\u00e8de<\/b><span style=\"font-weight: 400;\">, saluant son courage et sa d\u00e9termination.<\/span><\/p>\t\t\t\t\t\t\t\t<\/div>\n\t\t\t\t<\/div>\n\t\t\t\t<div class=\"elementor-element elementor-element-f90a005 elementor-widget elementor-widget-image\" data-id=\"f90a005\" data-element_type=\"widget\" data-widget_type=\"image.default\">\n\t\t\t\t<div class=\"elementor-widget-container\">\n\t\t\t\t\t\t\t\t\t\t\t\t<figure class=\"wp-caption\">\n\t\t\t\t\t\t\t\t\t\t<img decoding=\"async\" width=\"720\" height=\"960\" src=\"https:\/\/richeskarayib.com\/wp-content\/uploads\/2025\/09\/\u00a9Ville-de-Basse-Terre-1.jpg\" class=\"attachment-large size-large wp-image-61850\" alt=\"Gerty Archim\u00e8de\" srcset=\"https:\/\/richeskarayib.com\/wp-content\/uploads\/2025\/09\/\u00a9Ville-de-Basse-Terre-1.jpg 720w, https:\/\/richeskarayib.com\/wp-content\/uploads\/2025\/09\/\u00a9Ville-de-Basse-Terre-1-225x300.jpg 225w\" sizes=\"(max-width: 720px) 100vw, 720px\" \/>\t\t\t\t\t\t\t\t\t\t\t<figcaption class=\"widget-image-caption wp-caption-text\">\u00a9Ville de Basse-Terre<\/figcaption>\n\t\t\t\t\t\t\t\t\t\t<\/figure>\n\t\t\t\t\t\t\t\t\t<\/div>\n\t\t\t\t<\/div>\n\t\t\t\t\t<\/div>\n\t\t<\/div>\n\t\t\t\t\t<\/div>\n\t\t<\/section>\n\t\t\t\t<section class=\"elementor-section elementor-top-section elementor-element elementor-element-5a7397d elementor-section-boxed elementor-section-height-default elementor-section-height-default\" data-id=\"5a7397d\" data-element_type=\"section\">\n\t\t\t\t\t\t<div class=\"elementor-container elementor-column-gap-default\">\n\t\t\t\t\t<div class=\"elementor-column elementor-col-100 elementor-top-column elementor-element elementor-element-8b33b4b\" data-id=\"8b33b4b\" data-element_type=\"column\">\n\t\t\t<div class=\"elementor-widget-wrap elementor-element-populated\">\n\t\t\t\t\t\t<div class=\"elementor-element elementor-element-89dac4b elementor-widget elementor-widget-heading\" data-id=\"89dac4b\" data-element_type=\"widget\" data-widget_type=\"heading.default\">\n\t\t\t\t<div class=\"elementor-widget-container\">\n\t\t\t\t\t<h2 class=\"elementor-heading-title elementor-size-default\">Un h\u00e9ritage durable<\/h2>\t\t\t\t<\/div>\n\t\t\t\t<\/div>\n\t\t\t\t<div class=\"elementor-element elementor-element-4fc7069 elementor-widget elementor-widget-text-editor\" data-id=\"4fc7069\" data-element_type=\"widget\" data-widget_type=\"text-editor.default\">\n\t\t\t\t<div class=\"elementor-widget-container\">\n\t\t\t\t\t\t\t\t\t<p><b>Gerty Archim\u00e8de<\/b><span style=\"font-weight: 400;\"> meurt le 15 ao\u00fbt 1980 \u00e0 Basse-Terre . Sa maison de Basse-Terre devient un mus\u00e9e en 1984 et re\u00e7oit le label \u00ab Maison des Illustres \u00bb en 2012.<\/span><\/p>\n<p><span style=\"font-weight: 400;\">Son h\u00e9ritage est honor\u00e9 par de multiples hommages : une rue porte son nom dans le 12\u1d49 arrondissement de Paris depuis 2006, la R\u00e9gion Guadeloupe a proclam\u00e9 2019 \u00ab Ann\u00e9e Gerty Archim\u00e8de \u00bb, et en 2013, elle a \u00e9t\u00e9 propos\u00e9e aux c\u00f4t\u00e9s de Paulette Nardal pour une entr\u00e9e symbolique au Panth\u00e9on. Son portrait figure aussi dans des expositions consacr\u00e9es aux grandes figures f\u00e9minines, et son r\u00f4le est enseign\u00e9 dans les \u00e9coles de Guadeloupe.<\/span><\/p>\t\t\t\t\t\t\t\t<\/div>\n\t\t\t\t<\/div>\n\t\t\t\t<section class=\"elementor-section elementor-inner-section elementor-element elementor-element-62f202f elementor-section-boxed elementor-section-height-default elementor-section-height-default\" data-id=\"62f202f\" data-element_type=\"section\">\n\t\t\t\t\t\t<div class=\"elementor-container elementor-column-gap-default\">\n\t\t\t\t\t<div class=\"elementor-column elementor-col-100 elementor-inner-column elementor-element elementor-element-60aa026\" data-id=\"60aa026\" data-element_type=\"column\">\n\t\t\t<div class=\"elementor-widget-wrap elementor-element-populated\">\n\t\t\t\t\t\t<div class=\"elementor-element elementor-element-ca2ba8c elementor-widget elementor-widget-image\" data-id=\"ca2ba8c\" data-element_type=\"widget\" data-widget_type=\"image.default\">\n\t\t\t\t<div class=\"elementor-widget-container\">\n\t\t\t\t\t\t\t\t\t\t\t\t<figure class=\"wp-caption\">\n\t\t\t\t\t\t\t\t\t\t<img loading=\"lazy\" decoding=\"async\" width=\"794\" height=\"595\" src=\"https:\/\/richeskarayib.com\/wp-content\/uploads\/2025\/09\/\u00a9odyssea.png\" class=\"attachment-large size-large wp-image-61838\" alt=\"Gerty Archim\u00e8de\" srcset=\"https:\/\/richeskarayib.com\/wp-content\/uploads\/2025\/09\/\u00a9odyssea.png 794w, https:\/\/richeskarayib.com\/wp-content\/uploads\/2025\/09\/\u00a9odyssea-300x225.png 300w, https:\/\/richeskarayib.com\/wp-content\/uploads\/2025\/09\/\u00a9odyssea-768x576.png 768w\" sizes=\"(max-width: 794px) 100vw, 794px\" \/>\t\t\t\t\t\t\t\t\t\t\t<figcaption class=\"widget-image-caption wp-caption-text\">\u00a9odyssea<\/figcaption>\n\t\t\t\t\t\t\t\t\t\t<\/figure>\n\t\t\t\t\t\t\t\t\t<\/div>\n\t\t\t\t<\/div>\n\t\t\t\t<div class=\"elementor-element elementor-element-b299f3d elementor-widget elementor-widget-image\" data-id=\"b299f3d\" data-element_type=\"widget\" data-widget_type=\"image.default\">\n\t\t\t\t<div class=\"elementor-widget-container\">\n\t\t\t\t\t\t\t\t\t\t\t\t<figure class=\"wp-caption\">\n\t\t\t\t\t\t\t\t\t\t<img loading=\"lazy\" decoding=\"async\" width=\"800\" height=\"550\" src=\"https:\/\/richeskarayib.com\/wp-content\/uploads\/2025\/09\/\u00a9guadeloupe-tourisme.jpg\" class=\"attachment-large size-large wp-image-61842\" alt=\"Gerty Archim\u00e8de\" srcset=\"https:\/\/richeskarayib.com\/wp-content\/uploads\/2025\/09\/\u00a9guadeloupe-tourisme.jpg 800w, https:\/\/richeskarayib.com\/wp-content\/uploads\/2025\/09\/\u00a9guadeloupe-tourisme-300x206.jpg 300w, https:\/\/richeskarayib.com\/wp-content\/uploads\/2025\/09\/\u00a9guadeloupe-tourisme-768x528.jpg 768w\" sizes=\"(max-width: 800px) 100vw, 800px\" \/>\t\t\t\t\t\t\t\t\t\t\t<figcaption class=\"widget-image-caption wp-caption-text\">\u00a9guadeloupe-tourisme<\/figcaption>\n\t\t\t\t\t\t\t\t\t\t<\/figure>\n\t\t\t\t\t\t\t\t\t<\/div>\n\t\t\t\t<\/div>\n\t\t\t\t\t<\/div>\n\t\t<\/div>\n\t\t\t\t\t<\/div>\n\t\t<\/section>\n\t\t\t\t\t<\/div>\n\t\t<\/div>\n\t\t\t\t\t<\/div>\n\t\t<\/section>\n\t\t\t\t<section class=\"elementor-section elementor-top-section elementor-element elementor-element-1760e15 elementor-section-boxed elementor-section-height-default elementor-section-height-default\" data-id=\"1760e15\" data-element_type=\"section\">\n\t\t\t\t\t\t<div class=\"elementor-container elementor-column-gap-default\">\n\t\t\t\t\t<div class=\"elementor-column elementor-col-100 elementor-top-column elementor-element elementor-element-588aaa8\" data-id=\"588aaa8\" data-element_type=\"column\">\n\t\t\t<div class=\"elementor-widget-wrap elementor-element-populated\">\n\t\t\t\t\t\t<div class=\"elementor-element elementor-element-ad54de4 elementor-widget elementor-widget-text-editor\" data-id=\"ad54de4\" data-element_type=\"widget\" data-widget_type=\"text-editor.default\">\n\t\t\t\t<div class=\"elementor-widget-container\">\n\t\t\t\t\t\t\t\t\t<p><span style=\"font-weight: 400;\">Avocate pionni\u00e8re, d\u00e9put\u00e9e engag\u00e9e, militante f\u00e9ministe et d\u00e9fenseure des travailleurs, <\/span><b>Gerty Archim\u00e8de<\/b><span style=\"font-weight: 400;\"> a incarn\u00e9 une trajectoire exceptionnelle, capable de relier le barreau, l\u2019h\u00e9micycle et la rue. Elle a bris\u00e9 les barri\u00e8res de son temps et ouvert des perspectives nouvelles pour les g\u00e9n\u00e9rations futures. Son nom reste synonyme de courage, d\u2019intelligence et de pers\u00e9v\u00e9rance, rappelant que l\u2019histoire des Antilles fran\u00e7aises s\u2019\u00e9crit aussi \u00e0 travers celles et ceux qui ont refus\u00e9 l\u2019injustice.<\/span><\/p>\t\t\t\t\t\t\t\t<\/div>\n\t\t\t\t<\/div>\n\t\t\t\t\t<\/div>\n\t\t<\/div>\n\t\t\t\t\t<\/div>\n\t\t<\/section>\n\t\t\t\t<\/div>\n\t\t","protected":false},"excerpt":{"rendered":"<p>Gerty Archim\u00e8de est entr\u00e9e dans l\u2019histoire en 1939 en devenant la premi\u00e8re femme inscrite au barreau de Guadeloupe. Souvent pr\u00e9sent\u00e9e comme la premi\u00e8re avocate noire de France, elle incarne une figure pionni\u00e8re de l\u2019\u00e9mancipation f\u00e9minine, de la justice sociale et de l\u2019engagement politique dans les Antilles fran\u00e7aises. N\u00e9e le 26 avril 1909 \u00e0 Morne-\u00e0-l\u2019Eau, elle [&hellip;]<\/p>\n","protected":false},"author":662,"featured_media":61834,"comment_status":"open","ping_status":"open","sticky":false,"template":"","format":"standard","meta":{"_acf_changed":false,"footnotes":""},"categories":[1468],"tags":[1545],"class_list":["post-61829","post","type-post","status-publish","format-standard","has-post-thumbnail","hentry","category-histoire-patrimoine","tag-guadeloupe-2"],"acf":[],"_links":{"self":[{"href":"https:\/\/richeskarayib.com\/fr\/wp-json\/wp\/v2\/posts\/61829","targetHints":{"allow":["GET"]}}],"collection":[{"href":"https:\/\/richeskarayib.com\/fr\/wp-json\/wp\/v2\/posts"}],"about":[{"href":"https:\/\/richeskarayib.com\/fr\/wp-json\/wp\/v2\/types\/post"}],"author":[{"embeddable":true,"href":"https:\/\/richeskarayib.com\/fr\/wp-json\/wp\/v2\/users\/662"}],"replies":[{"embeddable":true,"href":"https:\/\/richeskarayib.com\/fr\/wp-json\/wp\/v2\/comments?post=61829"}],"version-history":[{"count":0,"href":"https:\/\/richeskarayib.com\/fr\/wp-json\/wp\/v2\/posts\/61829\/revisions"}],"wp:featuredmedia":[{"embeddable":true,"href":"https:\/\/richeskarayib.com\/fr\/wp-json\/wp\/v2\/media\/61834"}],"wp:attachment":[{"href":"https:\/\/richeskarayib.com\/fr\/wp-json\/wp\/v2\/media?parent=61829"}],"wp:term":[{"taxonomy":"category","embeddable":true,"href":"https:\/\/richeskarayib.com\/fr\/wp-json\/wp\/v2\/categories?post=61829"},{"taxonomy":"post_tag","embeddable":true,"href":"https:\/\/richeskarayib.com\/fr\/wp-json\/wp\/v2\/tags?post=61829"}],"curies":[{"name":"wp","href":"https:\/\/api.w.org\/{rel}","templated":true}]}}