{"id":62679,"date":"2025-10-08T04:00:46","date_gmt":"2025-10-08T08:00:46","guid":{"rendered":"https:\/\/richeskarayib.com\/?p=62679"},"modified":"2025-10-08T04:06:50","modified_gmt":"2025-10-08T08:06:50","slug":"aci-lac-connectivite-durabilite-innovation","status":"publish","type":"post","link":"https:\/\/richeskarayib.com\/fr\/aci-lac-connectivite-durabilite-innovation\/","title":{"rendered":"Trinidad &amp; Tobago &#8211; ACI-LAC 2025 : la Cara\u00efbe au c\u0153ur des enjeux de connectivit\u00e9, de durabilit\u00e9 et d\u2019innovation a\u00e9roportuaire"},"content":{"rendered":"\t\t<div data-elementor-type=\"wp-post\" data-elementor-id=\"62679\" class=\"elementor elementor-62679\" data-elementor-post-type=\"post\">\n\t\t\t\t\t\t<section class=\"elementor-section elementor-top-section elementor-element elementor-element-7ca7ca1 elementor-section-boxed elementor-section-height-default elementor-section-height-default\" data-id=\"7ca7ca1\" data-element_type=\"section\">\n\t\t\t\t\t\t<div class=\"elementor-container elementor-column-gap-default\">\n\t\t\t\t\t<div class=\"elementor-column elementor-col-100 elementor-top-column elementor-element elementor-element-cbdd002\" data-id=\"cbdd002\" data-element_type=\"column\">\n\t\t\t<div class=\"elementor-widget-wrap elementor-element-populated\">\n\t\t\t\t\t\t<section class=\"elementor-section elementor-inner-section elementor-element elementor-element-bc94849 elementor-section-boxed elementor-section-height-default elementor-section-height-default\" data-id=\"bc94849\" data-element_type=\"section\">\n\t\t\t\t\t\t<div class=\"elementor-container elementor-column-gap-default\">\n\t\t\t\t\t\t<\/div>\n\t\t<\/section>\n\t\t\t\t<section class=\"elementor-section elementor-inner-section elementor-element elementor-element-61571e6 elementor-section-boxed elementor-section-height-default elementor-section-height-default\" data-id=\"61571e6\" data-element_type=\"section\">\n\t\t\t\t\t\t<div class=\"elementor-container elementor-column-gap-default\">\n\t\t\t\t\t\t<\/div>\n\t\t<\/section>\n\t\t\t\t<section class=\"elementor-section elementor-inner-section elementor-element elementor-element-b6262e0 elementor-section-boxed elementor-section-height-default elementor-section-height-default\" data-id=\"b6262e0\" data-element_type=\"section\">\n\t\t\t\t\t\t<div class=\"elementor-container elementor-column-gap-default\">\n\t\t\t\t\t\t<\/div>\n\t\t<\/section>\n\t\t\t\t<section class=\"elementor-section elementor-inner-section elementor-element elementor-element-cca29fd elementor-section-boxed elementor-section-height-default elementor-section-height-default\" data-id=\"cca29fd\" data-element_type=\"section\">\n\t\t\t\t\t\t<div class=\"elementor-container elementor-column-gap-default\">\n\t\t\t\t\t\t<\/div>\n\t\t<\/section>\n\t\t\t\t\t<\/div>\n\t\t<\/div>\n\t\t\t\t\t<\/div>\n\t\t<\/section>\n\t\t\t\t<section class=\"elementor-section elementor-top-section elementor-element elementor-element-a6d4222 elementor-section-boxed elementor-section-height-default elementor-section-height-default\" data-id=\"a6d4222\" data-element_type=\"section\">\n\t\t\t\t\t\t<div class=\"elementor-container elementor-column-gap-default\">\n\t\t\t\t\t<div class=\"elementor-column elementor-col-100 elementor-top-column elementor-element elementor-element-ea27f09\" data-id=\"ea27f09\" data-element_type=\"column\">\n\t\t\t<div class=\"elementor-widget-wrap elementor-element-populated\">\n\t\t\t\t\t\t<div class=\"elementor-element elementor-element-122430b elementor-widget elementor-widget-heading\" data-id=\"122430b\" data-element_type=\"widget\" data-widget_type=\"heading.default\">\n\t\t\t\t<div class=\"elementor-widget-container\">\n\t\t\t\t\t<h2 class=\"elementor-heading-title elementor-size-default\">Une conf\u00e9rence strat\u00e9gique \u00e0 Trinidad et Tobago<\/h2>\t\t\t\t<\/div>\n\t\t\t\t<\/div>\n\t\t\t\t<div class=\"elementor-element elementor-element-8f49c6e elementor-widget elementor-widget-text-editor\" data-id=\"8f49c6e\" data-element_type=\"widget\" data-widget_type=\"text-editor.default\">\n\t\t\t\t<div class=\"elementor-widget-container\">\n\t\t\t\t\t\t\t\t\t<p><span style=\"font-weight: 400;\">La conf\u00e9rence de presse organis\u00e9e \u00e0 Trinidad et Tobago le 6 octobre 2025, dans le cadre de l\u2019ASSEMBL\u00c9E ANNUELLE DE L\u2019 <\/span><a href=\"https:\/\/aci-lac.aero\/conference2025\/\" target=\"_blank\" rel=\"noopener nofollow\">ACI-LAC 2025<\/a><span style=\"font-weight: 400;\"> &#8211; CONF\u00c9RENCE ET EXHIBITION, a r\u00e9uni les principaux dirigeants de l\u2019industrie a\u00e9roportuaire r\u00e9gionale.\u00a0<\/span>Autour de\u00a0<strong>M\u00f3nica Infante<\/strong>\u00a0(Pr\u00e9sidente d\u2019ACI-LAC et Directrice G\u00e9n\u00e9rale d\u2019Aerodom), du\u00a0<strong>Dr. Rafael Echevarne\u00a0<\/strong>(Directeur G\u00e9n\u00e9ral d\u2019ACI-LAC) et de\u00a0<strong>Hayden Newton<\/strong> (Directeur G\u00e9n\u00e9ral de l\u2019Airports Authority of Trinidad and Tobago) , les \u00e9changes ont port\u00e9 sur la croissance du trafic, la durabilit\u00e9 et les investissements n\u00e9cessaires pour accompagner l\u2019essor du transport a\u00e9rien dans la Cara\u00efbe et l\u2019Am\u00e9rique latine.<\/p>\t\t\t\t\t\t\t\t<\/div>\n\t\t\t\t<\/div>\n\t\t\t\t<div class=\"elementor-element elementor-element-7b92578 elementor-widget elementor-widget-text-editor\" data-id=\"7b92578\" data-element_type=\"widget\" data-widget_type=\"text-editor.default\">\n\t\t\t\t<div class=\"elementor-widget-container\">\n\t\t\t\t\t\t\t\t\t<p>ACI-LAC<span style=\"font-weight: 400;\">, sigle d\u2019Airports Council International \u2013 Latin America &amp; Caribbean, est la branche r\u00e9gionale de l\u2019organisation mondiale des a\u00e9roports. Elle repr\u00e9sente les int\u00e9r\u00eats de 91 membres op\u00e9rant plus de 360 a\u00e9roports dans 42 pays et territoires de la r\u00e9gion.<\/span><\/p>\t\t\t\t\t\t\t\t<\/div>\n\t\t\t\t<\/div>\n\t\t\t\t<div class=\"elementor-element elementor-element-d7fcae8 elementor-widget elementor-widget-image\" data-id=\"d7fcae8\" data-element_type=\"widget\" data-widget_type=\"image.default\">\n\t\t\t\t<div class=\"elementor-widget-container\">\n\t\t\t\t\t\t\t\t\t\t\t\t\t\t\t<img fetchpriority=\"high\" decoding=\"async\" width=\"800\" height=\"370\" src=\"https:\/\/richeskarayib.com\/wp-content\/uploads\/2025\/10\/lieu-des-levent-des-acilac-1024x473.jpg\" class=\"attachment-large size-large wp-image-62751\" alt=\"\" srcset=\"https:\/\/richeskarayib.com\/wp-content\/uploads\/2025\/10\/lieu-des-levent-des-acilac-1024x473.jpg 1024w, https:\/\/richeskarayib.com\/wp-content\/uploads\/2025\/10\/lieu-des-levent-des-acilac-300x139.jpg 300w, https:\/\/richeskarayib.com\/wp-content\/uploads\/2025\/10\/lieu-des-levent-des-acilac-768x355.jpg 768w, https:\/\/richeskarayib.com\/wp-content\/uploads\/2025\/10\/lieu-des-levent-des-acilac.jpg 1280w\" sizes=\"(max-width: 800px) 100vw, 800px\" \/>\t\t\t\t\t\t\t\t\t\t\t\t\t\t\t<\/div>\n\t\t\t\t<\/div>\n\t\t\t\t\t<\/div>\n\t\t<\/div>\n\t\t\t\t\t<\/div>\n\t\t<\/section>\n\t\t\t\t<section class=\"elementor-section elementor-top-section elementor-element elementor-element-e1fea79 elementor-section-boxed elementor-section-height-default elementor-section-height-default\" data-id=\"e1fea79\" data-element_type=\"section\">\n\t\t\t\t\t\t<div class=\"elementor-container elementor-column-gap-default\">\n\t\t\t\t\t<div class=\"elementor-column elementor-col-100 elementor-top-column elementor-element elementor-element-6d0be76\" data-id=\"6d0be76\" data-element_type=\"column\">\n\t\t\t<div class=\"elementor-widget-wrap elementor-element-populated\">\n\t\t\t\t\t\t<div class=\"elementor-element elementor-element-a310b25 elementor-widget elementor-widget-heading\" data-id=\"a310b25\" data-element_type=\"widget\" data-widget_type=\"heading.default\">\n\t\t\t\t<div class=\"elementor-widget-container\">\n\t\t\t\t\t<h2 class=\"elementor-heading-title elementor-size-default\">Des chiffres records confirm\u00e9s par ACI World<\/h2>\t\t\t\t<\/div>\n\t\t\t\t<\/div>\n\t\t\t\t<div class=\"elementor-element elementor-element-bbb62ae elementor-widget elementor-widget-text-editor\" data-id=\"bbb62ae\" data-element_type=\"widget\" data-widget_type=\"text-editor.default\">\n\t\t\t\t<div class=\"elementor-widget-container\">\n\t\t\t\t\t\t\t\t\t<p><span style=\"font-weight: 400;\">Les donn\u00e9es publi\u00e9es pendant l\u2019Assembl\u00e9e annuelle de l\u2019ACI-LAC 2025 indiquent que le trafic passagers en Am\u00e9rique latine et dans la <a href=\"https:\/\/richeskarayib.com\/fr\/biospace-innovation-ecologique-de-la-caraibe\/\" target=\"_blank\" rel=\"noopener\">Cara\u00efbe<\/a> atteindra <\/span><b>789 millions <\/b><span style=\"font-weight: 400;\">de passagers d\u2019ici la fin de 2025.<\/span><span style=\"font-weight: 400;\"><br \/><\/span><span style=\"font-weight: 400;\"> Les pays les plus performants seront :<\/span><\/p><ul><li style=\"font-weight: 400;\" aria-level=\"1\"><b>&#8211; Colombie<\/b><span style=\"font-weight: 400;\"> : 105 millions (+5,6 %)<\/span><\/li><li style=\"font-weight: 400;\" aria-level=\"1\"><b>&#8211; Mexique<\/b><span style=\"font-weight: 400;\"> : 191 millions (+4,5 %)<\/span><\/li><li style=\"font-weight: 400;\" aria-level=\"1\"><b>&#8211; Br\u00e9sil<\/b> : 221 millions (+2,1 %)<\/li><\/ul>\t\t\t\t\t\t\t\t<\/div>\n\t\t\t\t<\/div>\n\t\t\t\t<div class=\"elementor-element elementor-element-e37eeda elementor-widget elementor-widget-text-editor\" data-id=\"e37eeda\" data-element_type=\"widget\" data-widget_type=\"text-editor.default\">\n\t\t\t\t<div class=\"elementor-widget-container\">\n\t\t\t\t\t\t\t\t\t<p>La r\u00e9gion (Am\u00e9rique latine et Cara\u00efbe) pr\u00e9voit pr\u00e8s de<b> 821 millions de passagers en 2026<\/b><span style=\"font-weight: 400;\">, selon les projections officielles d\u2019ACI World. Ces chiffres refl\u00e8tent la vigueur de la reprise post-pand\u00e9mie et la place croissante de la Cara\u00efbe dans la connectivit\u00e9 internationale.<\/span><\/p>\t\t\t\t\t\t\t\t<\/div>\n\t\t\t\t<\/div>\n\t\t\t\t<section class=\"elementor-section elementor-inner-section elementor-element elementor-element-9e36d06 elementor-section-boxed elementor-section-height-default elementor-section-height-default\" data-id=\"9e36d06\" data-element_type=\"section\">\n\t\t\t\t\t\t<div class=\"elementor-container elementor-column-gap-default\">\n\t\t\t\t\t<div class=\"elementor-column elementor-col-100 elementor-inner-column elementor-element elementor-element-90aa535\" data-id=\"90aa535\" data-element_type=\"column\">\n\t\t\t<div class=\"elementor-widget-wrap elementor-element-populated\">\n\t\t\t\t\t\t<div class=\"elementor-element elementor-element-818e6b4 elementor-widget elementor-widget-image\" data-id=\"818e6b4\" data-element_type=\"widget\" data-widget_type=\"image.default\">\n\t\t\t\t<div class=\"elementor-widget-container\">\n\t\t\t\t\t\t\t\t\t\t\t\t\t\t\t<img decoding=\"async\" width=\"800\" height=\"370\" src=\"https:\/\/richeskarayib.com\/wp-content\/uploads\/2025\/10\/WhatsApp-Image-2025-10-08-a-00.44.32_1370b8ce-1024x473.jpg\" class=\"attachment-large size-large wp-image-62735\" alt=\"ACI-LAC\" srcset=\"https:\/\/richeskarayib.com\/wp-content\/uploads\/2025\/10\/WhatsApp-Image-2025-10-08-a-00.44.32_1370b8ce-1024x473.jpg 1024w, https:\/\/richeskarayib.com\/wp-content\/uploads\/2025\/10\/WhatsApp-Image-2025-10-08-a-00.44.32_1370b8ce-300x139.jpg 300w, https:\/\/richeskarayib.com\/wp-content\/uploads\/2025\/10\/WhatsApp-Image-2025-10-08-a-00.44.32_1370b8ce-768x355.jpg 768w, https:\/\/richeskarayib.com\/wp-content\/uploads\/2025\/10\/WhatsApp-Image-2025-10-08-a-00.44.32_1370b8ce.jpg 1280w\" sizes=\"(max-width: 800px) 100vw, 800px\" \/>\t\t\t\t\t\t\t\t\t\t\t\t\t\t\t<\/div>\n\t\t\t\t<\/div>\n\t\t\t\t\t<\/div>\n\t\t<\/div>\n\t\t\t\t\t<\/div>\n\t\t<\/section>\n\t\t\t\t\t<\/div>\n\t\t<\/div>\n\t\t\t\t\t<\/div>\n\t\t<\/section>\n\t\t\t\t<section class=\"elementor-section elementor-top-section elementor-element elementor-element-ee72354 elementor-section-boxed elementor-section-height-default elementor-section-height-default\" data-id=\"ee72354\" data-element_type=\"section\">\n\t\t\t\t\t\t<div class=\"elementor-container elementor-column-gap-default\">\n\t\t\t\t\t<div class=\"elementor-column elementor-col-100 elementor-top-column elementor-element elementor-element-c59d6fe\" data-id=\"c59d6fe\" data-element_type=\"column\">\n\t\t\t<div class=\"elementor-widget-wrap elementor-element-populated\">\n\t\t\t\t\t\t<div class=\"elementor-element elementor-element-ddc6a1e elementor-widget elementor-widget-heading\" data-id=\"ddc6a1e\" data-element_type=\"widget\" data-widget_type=\"heading.default\">\n\t\t\t\t<div class=\"elementor-widget-container\">\n\t\t\t\t\t<h2 class=\"elementor-heading-title elementor-size-default\">Des pr\u00e9visions de long terme et un rythme mondial<\/h2>\t\t\t\t<\/div>\n\t\t\t\t<\/div>\n\t\t\t\t<div class=\"elementor-element elementor-element-e57451f elementor-widget elementor-widget-text-editor\" data-id=\"e57451f\" data-element_type=\"widget\" data-widget_type=\"text-editor.default\">\n\t\t\t\t<div class=\"elementor-widget-container\">\n\t\t\t\t\t\t\t\t\t<p>Le trafic a\u00e9rien r\u00e9gional devrait atteindre 1,725 milliard de passagers d\u2019ici 2053, avec un taux de croissance annuel moyen (CAGR \u2013 Compound Annual Growth Rate) de 2,9 % sur les trente prochaines ann\u00e9es, un rythme similaire \u00e0 la moyenne mondiale.<br \/>Le rapport d\u2019ACI World pr\u00e9cise \u00e9galement que le trafic doublera entre 2024 et 2047, passant de 758 millions \u00e0 1,482 milliard de passagers.<br \/>Les projections de croissance annuelle par sous-r\u00e9gion confirment :<\/p><ul><li style=\"font-weight: 400;\" aria-level=\"1\"><b>&#8211; Mexique : +3,4 %, <\/b><span style=\"font-weight: 400;\">port\u00e9 par l\u2019expansion de ses hubs internationaux ;<\/span><\/li><li style=\"font-weight: 400;\" aria-level=\"1\"><b>&#8211; Br\u00e9sil : +2,4 %, s<\/b><span style=\"font-weight: 400;\">outenu par le d\u00e9veloppement du trafic domestique ;<\/span><\/li><li style=\"font-weight: 400;\" aria-level=\"1\"><b>&#8211; Cara\u00efbe : +2 %, <\/b><span style=\"font-weight: 400;\">une progression plus mesur\u00e9e li\u00e9e \u00e0 la taille r\u00e9duite des march\u00e9s insulaires, \u00e0 la d\u00e9pendance au tourisme et aux limites actuelles de connectivit\u00e9 inter-\u00eeles ;<\/span><\/li><li style=\"font-weight: 400;\" aria-level=\"1\"><b>&#8211;<\/b> <strong>Autres pays de l\u2019Am\u00e9rique latine (hors Mexique et Br\u00e9sil)<\/strong><b><strong data-start=\"3062\" data-end=\"3130\"> : <\/strong><\/b><strong>+3 %<\/strong><b>, <\/b>gr\u00e2ce \u00e0 la diversification \u00e9conomique et aux nouveaux corridors a\u00e9riens r\u00e9gionaux.<\/li><\/ul>\t\t\t\t\t\t\t\t<\/div>\n\t\t\t\t<\/div>\n\t\t\t\t<div class=\"elementor-element elementor-element-8e834b3 elementor-widget elementor-widget-image\" data-id=\"8e834b3\" data-element_type=\"widget\" data-widget_type=\"image.default\">\n\t\t\t\t<div class=\"elementor-widget-container\">\n\t\t\t\t\t\t\t\t\t\t\t\t\t\t\t<img decoding=\"async\" width=\"800\" height=\"370\" src=\"https:\/\/richeskarayib.com\/wp-content\/uploads\/2025\/10\/WhatsApp-Image-2025-10-08-a-00.45.15_9b819ef4-1024x473.jpg\" class=\"attachment-large size-large wp-image-62739\" alt=\"ACI-LAC\" srcset=\"https:\/\/richeskarayib.com\/wp-content\/uploads\/2025\/10\/WhatsApp-Image-2025-10-08-a-00.45.15_9b819ef4-1024x473.jpg 1024w, https:\/\/richeskarayib.com\/wp-content\/uploads\/2025\/10\/WhatsApp-Image-2025-10-08-a-00.45.15_9b819ef4-300x139.jpg 300w, https:\/\/richeskarayib.com\/wp-content\/uploads\/2025\/10\/WhatsApp-Image-2025-10-08-a-00.45.15_9b819ef4-768x355.jpg 768w, https:\/\/richeskarayib.com\/wp-content\/uploads\/2025\/10\/WhatsApp-Image-2025-10-08-a-00.45.15_9b819ef4.jpg 1280w\" sizes=\"(max-width: 800px) 100vw, 800px\" \/>\t\t\t\t\t\t\t\t\t\t\t\t\t\t\t<\/div>\n\t\t\t\t<\/div>\n\t\t\t\t\t<\/div>\n\t\t<\/div>\n\t\t\t\t\t<\/div>\n\t\t<\/section>\n\t\t\t\t<section class=\"elementor-section elementor-top-section elementor-element elementor-element-82cd8f9 elementor-section-boxed elementor-section-height-default elementor-section-height-default\" data-id=\"82cd8f9\" data-element_type=\"section\">\n\t\t\t\t\t\t<div class=\"elementor-container elementor-column-gap-default\">\n\t\t\t\t\t<div class=\"elementor-column elementor-col-100 elementor-top-column elementor-element elementor-element-0bfdc38\" data-id=\"0bfdc38\" data-element_type=\"column\">\n\t\t\t<div class=\"elementor-widget-wrap elementor-element-populated\">\n\t\t\t\t\t\t<div class=\"elementor-element elementor-element-7d292fe elementor-widget elementor-widget-heading\" data-id=\"7d292fe\" data-element_type=\"widget\" data-widget_type=\"heading.default\">\n\t\t\t\t<div class=\"elementor-widget-container\">\n\t\t\t\t\t<h2 class=\"elementor-heading-title elementor-size-default\">Des investissements colossaux pour une croissance durable<\/h2>\t\t\t\t<\/div>\n\t\t\t\t<\/div>\n\t\t\t\t<div class=\"elementor-element elementor-element-8e337bf elementor-widget elementor-widget-text-editor\" data-id=\"8e337bf\" data-element_type=\"widget\" data-widget_type=\"text-editor.default\">\n\t\t\t\t<div class=\"elementor-widget-container\">\n\t\t\t\t\t\t\t\t\t<p>Les besoins en investissements (CAPEX \u2013 Capital Expenditures) pour la p\u00e9riode 2026\u20132040 s\u2019\u00e9l\u00e8vent \u00e0 82,6 milliards de dollars am\u00e9ricains, dont plus de 30 milliards seront consacr\u00e9s \u00e0 la construction de nouveaux a\u00e9roports \u00ab greenfield \u00bb.<br \/>Selon les donn\u00e9es de l\u2019Assembl\u00e9e annuelle de l\u2019ACI-LAC 2025, chaque million de passagers suppl\u00e9mentaires g\u00e9n\u00e8re 9 500 emplois et 25 millions de dollars de PIB, d\u00e9montrant l\u2019impact \u00e9conomique direct du transport a\u00e9rien sur la r\u00e9gion.<\/p>\t\t\t\t\t\t\t\t<\/div>\n\t\t\t\t<\/div>\n\t\t\t\t<div class=\"elementor-element elementor-element-26a00ff elementor-widget elementor-widget-image\" data-id=\"26a00ff\" data-element_type=\"widget\" data-widget_type=\"image.default\">\n\t\t\t\t<div class=\"elementor-widget-container\">\n\t\t\t\t\t\t\t\t\t\t\t\t\t\t\t<img loading=\"lazy\" decoding=\"async\" width=\"800\" height=\"370\" src=\"https:\/\/richeskarayib.com\/wp-content\/uploads\/2025\/10\/WhatsApp-Image-2025-10-08-a-00.45.49_890dbab9-1024x473.jpg\" class=\"attachment-large size-large wp-image-62747\" alt=\"\" srcset=\"https:\/\/richeskarayib.com\/wp-content\/uploads\/2025\/10\/WhatsApp-Image-2025-10-08-a-00.45.49_890dbab9-1024x473.jpg 1024w, https:\/\/richeskarayib.com\/wp-content\/uploads\/2025\/10\/WhatsApp-Image-2025-10-08-a-00.45.49_890dbab9-300x139.jpg 300w, https:\/\/richeskarayib.com\/wp-content\/uploads\/2025\/10\/WhatsApp-Image-2025-10-08-a-00.45.49_890dbab9-768x355.jpg 768w, https:\/\/richeskarayib.com\/wp-content\/uploads\/2025\/10\/WhatsApp-Image-2025-10-08-a-00.45.49_890dbab9.jpg 1280w\" sizes=\"(max-width: 800px) 100vw, 800px\" \/>\t\t\t\t\t\t\t\t\t\t\t\t\t\t\t<\/div>\n\t\t\t\t<\/div>\n\t\t\t\t\t<\/div>\n\t\t<\/div>\n\t\t\t\t\t<\/div>\n\t\t<\/section>\n\t\t\t\t<section class=\"elementor-section elementor-top-section elementor-element elementor-element-5a7397d elementor-section-boxed elementor-section-height-default elementor-section-height-default\" data-id=\"5a7397d\" data-element_type=\"section\">\n\t\t\t\t\t\t<div class=\"elementor-container elementor-column-gap-default\">\n\t\t\t\t\t<div class=\"elementor-column elementor-col-100 elementor-top-column elementor-element elementor-element-8b33b4b\" data-id=\"8b33b4b\" data-element_type=\"column\">\n\t\t\t<div class=\"elementor-widget-wrap elementor-element-populated\">\n\t\t\t\t\t\t<div class=\"elementor-element elementor-element-89dac4b elementor-widget elementor-widget-heading\" data-id=\"89dac4b\" data-element_type=\"widget\" data-widget_type=\"heading.default\">\n\t\t\t\t<div class=\"elementor-widget-container\">\n\t\t\t\t\t<h2 class=\"elementor-heading-title elementor-size-default\">Neutralit\u00e9 carbone et accessibilit\u00e9 : un leadership r\u00e9gional<\/h2>\t\t\t\t<\/div>\n\t\t\t\t<\/div>\n\t\t\t\t<div class=\"elementor-element elementor-element-4fc7069 elementor-widget elementor-widget-text-editor\" data-id=\"4fc7069\" data-element_type=\"widget\" data-widget_type=\"text-editor.default\">\n\t\t\t\t<div class=\"elementor-widget-container\">\n\t\t\t\t\t\t\t\t\t<p>Sur le plan environnemental, les intervenants ont mis en avant les r\u00e9sultats du programme Airport Carbon Accreditation (ACA) lores de L\u2019ASSEMBL\u00c9E ANNUELLE DE L\u2019ACI-LAC 2025 .<br \/>En septembre 2025, 621 a\u00e9roports dans le monde \u00e9taient certifi\u00e9s, dont 104 en Am\u00e9rique latine et dans la Cara\u00efbe. La r\u00e9gion se classe ainsi deuxi\u00e8me au monde pour le nombre d\u2019a\u00e9roports engag\u00e9s dans cette d\u00e9marche.<br \/>Ce programme, reconnu \u00e0 l\u2019\u00e9chelle mondiale, \u00e9value et r\u00e9compense les efforts des a\u00e9roports pour r\u00e9duire leurs \u00e9missions carbone dans le cadre de l\u2019objectif Net Zero 2050 d\u00e9fini par ACI World.<\/p>\t\t\t\t\t\t\t\t<\/div>\n\t\t\t\t<\/div>\n\t\t\t\t<div class=\"elementor-element elementor-element-3940cbc elementor-widget elementor-widget-text-editor\" data-id=\"3940cbc\" data-element_type=\"widget\" data-widget_type=\"text-editor.default\">\n\t\t\t\t<div class=\"elementor-widget-container\">\n\t\t\t\t\t\t\t\t\t<p>L\u2019autre indicateur de progr\u00e8s concerne l\u2019Accessibility Enhancement Accreditation (AEA) : parmi les 47 a\u00e9roports certifi\u00e9s dans le monde, 17 se trouvent dans la r\u00e9gion LAC. Cette distinction confirme le r\u00f4le de la Cara\u00efbe et de l\u2019Am\u00e9rique latine comme leaders mondiaux de l\u2019accessibilit\u00e9 a\u00e9rienne pour les passagers en situation de handicap.<\/p>\t\t\t\t\t\t\t\t<\/div>\n\t\t\t\t<\/div>\n\t\t\t\t<div class=\"elementor-element elementor-element-0eb9ea0 elementor-widget elementor-widget-image\" data-id=\"0eb9ea0\" data-element_type=\"widget\" data-widget_type=\"image.default\">\n\t\t\t\t<div class=\"elementor-widget-container\">\n\t\t\t\t\t\t\t\t\t\t\t\t\t\t\t<img loading=\"lazy\" decoding=\"async\" width=\"800\" height=\"472\" src=\"https:\/\/richeskarayib.com\/wp-content\/uploads\/2025\/10\/WhatsApp-Image-2025-10-08-a-00.41.53_03e4f170-1024x604.jpg\" class=\"attachment-large size-large wp-image-62743\" alt=\"\" srcset=\"https:\/\/richeskarayib.com\/wp-content\/uploads\/2025\/10\/WhatsApp-Image-2025-10-08-a-00.41.53_03e4f170-1024x604.jpg 1024w, https:\/\/richeskarayib.com\/wp-content\/uploads\/2025\/10\/WhatsApp-Image-2025-10-08-a-00.41.53_03e4f170-300x177.jpg 300w, https:\/\/richeskarayib.com\/wp-content\/uploads\/2025\/10\/WhatsApp-Image-2025-10-08-a-00.41.53_03e4f170-768x453.jpg 768w, https:\/\/richeskarayib.com\/wp-content\/uploads\/2025\/10\/WhatsApp-Image-2025-10-08-a-00.41.53_03e4f170.jpg 1280w\" sizes=\"(max-width: 800px) 100vw, 800px\" \/>\t\t\t\t\t\t\t\t\t\t\t\t\t\t\t<\/div>\n\t\t\t\t<\/div>\n\t\t\t\t\t<\/div>\n\t\t<\/div>\n\t\t\t\t\t<\/div>\n\t\t<\/section>\n\t\t\t\t<section class=\"elementor-section elementor-top-section elementor-element elementor-element-fce12d6 elementor-section-boxed elementor-section-height-default elementor-section-height-default\" data-id=\"fce12d6\" data-element_type=\"section\">\n\t\t\t\t\t\t<div class=\"elementor-container elementor-column-gap-default\">\n\t\t\t\t\t<div class=\"elementor-column elementor-col-100 elementor-top-column elementor-element elementor-element-e594ca0\" data-id=\"e594ca0\" data-element_type=\"column\">\n\t\t\t<div class=\"elementor-widget-wrap elementor-element-populated\">\n\t\t\t\t\t\t<div class=\"elementor-element elementor-element-9e1aff0 elementor-widget elementor-widget-heading\" data-id=\"9e1aff0\" data-element_type=\"widget\" data-widget_type=\"heading.default\">\n\t\t\t\t<div class=\"elementor-widget-container\">\n\t\t\t\t\t<h2 class=\"elementor-heading-title elementor-size-default\">Connectivit\u00e9 et lib\u00e9ralisation : les piliers du futur<\/h2>\t\t\t\t<\/div>\n\t\t\t\t<\/div>\n\t\t\t\t<div class=\"elementor-element elementor-element-dfb56d4 elementor-widget elementor-widget-text-editor\" data-id=\"dfb56d4\" data-element_type=\"widget\" data-widget_type=\"text-editor.default\">\n\t\t\t\t<div class=\"elementor-widget-container\">\n\t\t\t\t\t\t\t\t\t<p>Au-del\u00e0 des chiffres, M\u00f3nica Infante et Rafael Echevarne ont insist\u00e9 \u00a0sur l\u2019urgence de renforcer la connectivit\u00e9 intra-carib\u00e9enne.<br \/>Pour M\u00f3nica Infante, la priorit\u00e9 est d\u2019abattre les barri\u00e8res r\u00e9glementaires et de cr\u00e9er un cadre permettant \u00e0 de nouvelles compagnies r\u00e9gionales d\u2019op\u00e9rer librement.<br \/>De son c\u00f4t\u00e9, Rafael Echevarne a rappel\u00e9 que la lib\u00e9ralisation du transport a\u00e9rien est indispensable pour dynamiser la concurrence et r\u00e9duire les co\u00fbts pour les passagers.<\/p><p>\u00ab L\u2019aviation n\u2019est pas seulement un secteur \u00e9conomique, c\u2019est une infrastructure vitale pour l\u2019int\u00e9gration et le d\u00e9veloppement durable de nos territoires \u00bb, a-t-il d\u00e9clar\u00e9.<\/p>\t\t\t\t\t\t\t\t<\/div>\n\t\t\t\t<\/div>\n\t\t\t\t<div class=\"elementor-element elementor-element-62d01af elementor-widget elementor-widget-text-editor\" data-id=\"62d01af\" data-element_type=\"widget\" data-widget_type=\"text-editor.default\">\n\t\t\t\t<div class=\"elementor-widget-container\">\n\t\t\t\t\t\t\t\t\t<p>Enfin, Hayden Newton a soulign\u00e9 l\u2019engagement de la Airports Authority of Trinidad and Tobago \u00e0 moderniser les infrastructures gr\u00e2ce \u00e0 la biom\u00e9trie, aux syst\u00e8mes automatis\u00e9s et aux innovations num\u00e9riques.<\/p>\t\t\t\t\t\t\t\t<\/div>\n\t\t\t\t<\/div>\n\t\t\t\t\t<\/div>\n\t\t<\/div>\n\t\t\t\t\t<\/div>\n\t\t<\/section>\n\t\t\t\t<section class=\"elementor-section elementor-top-section elementor-element elementor-element-d77ecf4 elementor-section-boxed elementor-section-height-default elementor-section-height-default\" data-id=\"d77ecf4\" data-element_type=\"section\">\n\t\t\t\t\t\t<div class=\"elementor-container elementor-column-gap-default\">\n\t\t\t\t\t<div class=\"elementor-column elementor-col-100 elementor-top-column elementor-element elementor-element-19933fb\" data-id=\"19933fb\" data-element_type=\"column\">\n\t\t\t<div class=\"elementor-widget-wrap elementor-element-populated\">\n\t\t\t\t\t\t<div class=\"elementor-element elementor-element-8a601ee elementor-widget elementor-widget-text-editor\" data-id=\"8a601ee\" data-element_type=\"widget\" data-widget_type=\"text-editor.default\">\n\t\t\t\t<div class=\"elementor-widget-container\">\n\t\t\t\t\t\t\t\t\t<p>L\u2019ASSEMBL\u00c9E ANNUELLE DE L\u2019ACI-LAC 2025 \u00a0a confirm\u00e9 la dynamique de croissance, d\u2019innovation et de durabilit\u00e9 du secteur a\u00e9roportuaire en Am\u00e9rique latine et dans la Cara\u00efbe.<br \/>Avec des pr\u00e9visions solides, des investissements massifs et une vision tourn\u00e9e vers la neutralit\u00e9 carbone, la r\u00e9gion s\u2019impose comme un mod\u00e8le de r\u00e9silience et de transformation dans le transport a\u00e9rien mondial.<\/p>\t\t\t\t\t\t\t\t<\/div>\n\t\t\t\t<\/div>\n\t\t\t\t\t<\/div>\n\t\t<\/div>\n\t\t\t\t\t<\/div>\n\t\t<\/section>\n\t\t\t\t<\/div>\n\t\t","protected":false},"excerpt":{"rendered":"<p>Une conf\u00e9rence strat\u00e9gique \u00e0 Trinidad et Tobago La conf\u00e9rence de presse organis\u00e9e \u00e0 Trinidad et Tobago le 6 octobre 2025, dans le cadre de l\u2019ASSEMBL\u00c9E ANNUELLE DE L\u2019 ACI-LAC 2025 &#8211; CONF\u00c9RENCE ET EXHIBITION, a r\u00e9uni les principaux dirigeants de l\u2019industrie a\u00e9roportuaire r\u00e9gionale.\u00a0Autour de\u00a0M\u00f3nica Infante\u00a0(Pr\u00e9sidente d\u2019ACI-LAC et Directrice G\u00e9n\u00e9rale d\u2019Aerodom), du\u00a0Dr. Rafael Echevarne\u00a0(Directeur G\u00e9n\u00e9ral d\u2019ACI-LAC) [&hellip;]<\/p>\n","protected":false},"author":662,"featured_media":62680,"comment_status":"open","ping_status":"open","sticky":false,"template":"","format":"standard","meta":{"_acf_changed":false,"footnotes":""},"categories":[1765],"tags":[1804,827,1566,1696],"class_list":["post-62679","post","type-post","status-publish","format-standard","has-post-thumbnail","hentry","category-aerien","tag-bresil","tag-colombie-fr","tag-mexique-fr","tag-trinidad-tobago-fr"],"acf":[],"_links":{"self":[{"href":"https:\/\/richeskarayib.com\/fr\/wp-json\/wp\/v2\/posts\/62679","targetHints":{"allow":["GET"]}}],"collection":[{"href":"https:\/\/richeskarayib.com\/fr\/wp-json\/wp\/v2\/posts"}],"about":[{"href":"https:\/\/richeskarayib.com\/fr\/wp-json\/wp\/v2\/types\/post"}],"author":[{"embeddable":true,"href":"https:\/\/richeskarayib.com\/fr\/wp-json\/wp\/v2\/users\/662"}],"replies":[{"embeddable":true,"href":"https:\/\/richeskarayib.com\/fr\/wp-json\/wp\/v2\/comments?post=62679"}],"version-history":[{"count":0,"href":"https:\/\/richeskarayib.com\/fr\/wp-json\/wp\/v2\/posts\/62679\/revisions"}],"wp:featuredmedia":[{"embeddable":true,"href":"https:\/\/richeskarayib.com\/fr\/wp-json\/wp\/v2\/media\/62680"}],"wp:attachment":[{"href":"https:\/\/richeskarayib.com\/fr\/wp-json\/wp\/v2\/media?parent=62679"}],"wp:term":[{"taxonomy":"category","embeddable":true,"href":"https:\/\/richeskarayib.com\/fr\/wp-json\/wp\/v2\/categories?post=62679"},{"taxonomy":"post_tag","embeddable":true,"href":"https:\/\/richeskarayib.com\/fr\/wp-json\/wp\/v2\/tags?post=62679"}],"curies":[{"name":"wp","href":"https:\/\/api.w.org\/{rel}","templated":true}]}}