{"id":62893,"date":"2025-10-09T13:32:42","date_gmt":"2025-10-09T17:32:42","guid":{"rendered":"https:\/\/richeskarayib.com\/?p=62893"},"modified":"2025-10-09T13:36:31","modified_gmt":"2025-10-09T17:36:31","slug":"cooperation-entre-etats-membres-de-la-caricom","status":"publish","type":"post","link":"https:\/\/richeskarayib.com\/fr\/cooperation-entre-etats-membres-de-la-caricom\/","title":{"rendered":"Coop\u00e9ration entre \u00c9tats membres de la CARICOM : 4 pays carib\u00e9ennes franchissent une \u00e9tape historique"},"content":{"rendered":"\t\t<div data-elementor-type=\"wp-post\" data-elementor-id=\"62893\" class=\"elementor elementor-62893\" data-elementor-post-type=\"post\">\n\t\t\t\t\t\t<section class=\"elementor-section elementor-top-section elementor-element elementor-element-7ca7ca1 elementor-section-boxed elementor-section-height-default elementor-section-height-default\" data-id=\"7ca7ca1\" data-element_type=\"section\">\n\t\t\t\t\t\t<div class=\"elementor-container elementor-column-gap-default\">\n\t\t\t\t\t<div class=\"elementor-column elementor-col-100 elementor-top-column elementor-element elementor-element-cbdd002\" data-id=\"cbdd002\" data-element_type=\"column\">\n\t\t\t<div class=\"elementor-widget-wrap elementor-element-populated\">\n\t\t\t\t\t\t<section class=\"elementor-section elementor-inner-section elementor-element elementor-element-bc94849 elementor-section-boxed elementor-section-height-default elementor-section-height-default\" data-id=\"bc94849\" data-element_type=\"section\">\n\t\t\t\t\t\t<div class=\"elementor-container elementor-column-gap-default\">\n\t\t\t\t\t\t<\/div>\n\t\t<\/section>\n\t\t\t\t<section class=\"elementor-section elementor-inner-section elementor-element elementor-element-61571e6 elementor-section-boxed elementor-section-height-default elementor-section-height-default\" data-id=\"61571e6\" data-element_type=\"section\">\n\t\t\t\t\t\t<div class=\"elementor-container elementor-column-gap-default\">\n\t\t\t\t\t\t<\/div>\n\t\t<\/section>\n\t\t\t\t<section class=\"elementor-section elementor-inner-section elementor-element elementor-element-b6262e0 elementor-section-boxed elementor-section-height-default elementor-section-height-default\" data-id=\"b6262e0\" data-element_type=\"section\">\n\t\t\t\t\t\t<div class=\"elementor-container elementor-column-gap-default\">\n\t\t\t\t\t\t<\/div>\n\t\t<\/section>\n\t\t\t\t<section class=\"elementor-section elementor-inner-section elementor-element elementor-element-cca29fd elementor-section-boxed elementor-section-height-default elementor-section-height-default\" data-id=\"cca29fd\" data-element_type=\"section\">\n\t\t\t\t\t\t<div class=\"elementor-container elementor-column-gap-default\">\n\t\t\t\t\t\t<\/div>\n\t\t<\/section>\n\t\t\t\t\t<\/div>\n\t\t<\/div>\n\t\t\t\t\t<\/div>\n\t\t<\/section>\n\t\t\t\t<section class=\"elementor-section elementor-top-section elementor-element elementor-element-a6d4222 elementor-section-boxed elementor-section-height-default elementor-section-height-default\" data-id=\"a6d4222\" data-element_type=\"section\">\n\t\t\t\t\t\t<div class=\"elementor-container elementor-column-gap-default\">\n\t\t\t\t\t<div class=\"elementor-column elementor-col-100 elementor-top-column elementor-element elementor-element-ea27f09\" data-id=\"ea27f09\" data-element_type=\"column\">\n\t\t\t<div class=\"elementor-widget-wrap elementor-element-populated\">\n\t\t\t\t\t\t<div class=\"elementor-element elementor-element-8f49c6e elementor-widget elementor-widget-text-editor\" data-id=\"8f49c6e\" data-element_type=\"widget\" data-widget_type=\"text-editor.default\">\n\t\t\t\t<div class=\"elementor-widget-container\">\n\t\t\t\t\t\t\t\t\t<p><span style=\"font-weight: 400;\">La coop\u00e9ration entre \u00c9tats membres de la <a href=\"https:\/\/caricom.org\/\" target=\"_blank\" rel=\"noopener nofollow\">CARICOM<\/a> prend une nouvelle dimension depuis le 1\u1d49\u02b3 octobre 2025. La Barbade, le Belize, la Dominique et Saint-Vincent-et-les-Grenadines ont officiellement lev\u00e9 les barri\u00e8res \u00e0 la circulation de leurs citoyens. Ces quatre nations ont lanc\u00e9 un accord in\u00e9dit qui autorise leurs ressortissants \u00e0 vivre, travailler et s\u2019installer librement au sein de cet espace carib\u00e9en sans permis de travail. Un signal fort pour la construction d\u2019une r\u00e9gion plus unie et solidaire.<\/span><\/p>\t\t\t\t\t\t\t\t<\/div>\n\t\t\t\t<\/div>\n\t\t\t\t\t<\/div>\n\t\t<\/div>\n\t\t\t\t\t<\/div>\n\t\t<\/section>\n\t\t\t\t<section class=\"elementor-section elementor-top-section elementor-element elementor-element-e1fea79 elementor-section-boxed elementor-section-height-default elementor-section-height-default\" data-id=\"e1fea79\" data-element_type=\"section\">\n\t\t\t\t\t\t<div class=\"elementor-container elementor-column-gap-default\">\n\t\t\t\t\t<div class=\"elementor-column elementor-col-100 elementor-top-column elementor-element elementor-element-6d0be76\" data-id=\"6d0be76\" data-element_type=\"column\">\n\t\t\t<div class=\"elementor-widget-wrap elementor-element-populated\">\n\t\t\t\t\t\t<div class=\"elementor-element elementor-element-a310b25 elementor-widget elementor-widget-heading\" data-id=\"a310b25\" data-element_type=\"widget\" data-widget_type=\"heading.default\">\n\t\t\t\t<div class=\"elementor-widget-container\">\n\t\t\t\t\t<h2 class=\"elementor-heading-title elementor-size-default\">Un accord fondateur pour la libre mobilit\u00e9 r\u00e9gionale<\/h2>\t\t\t\t<\/div>\n\t\t\t\t<\/div>\n\t\t\t\t<div class=\"elementor-element elementor-element-bbb62ae elementor-widget elementor-widget-text-editor\" data-id=\"bbb62ae\" data-element_type=\"widget\" data-widget_type=\"text-editor.default\">\n\t\t\t\t<div class=\"elementor-widget-container\">\n\t\t\t\t\t\t\t\t\t<p><span style=\"font-weight: 400;\">Lanc\u00e9 sous l\u2019appellation \u00ab Enhanced Cooperation in Free Movement \u00bb, cet engagement a \u00e9t\u00e9 ratifi\u00e9 par les chefs de gouvernement lors du 49\u1d49 sommet de la <a href=\"https:\/\/la1ere.franceinfo.fr\/martinique\/libre-circulation-dans-la-caricom-4-pays-de-la-caraibe-ouvrent-leurs-frontieres-a-partir-du-1er-octobre-2025-1627979.html\" target=\"_blank\" rel=\"noopener nofollow\">CARICOM<\/a> \u00e0 Montego Bay. Pour la premi\u00e8re fois, des pays carib\u00e9ens appliquent pleinement les principes de libre circulation d\u00e9j\u00e0 \u00e9voqu\u00e9s dans le Trait\u00e9 de Chaguaramas.<\/span><\/p>\t\t\t\t\t\t\t\t<\/div>\n\t\t\t\t<\/div>\n\t\t\t\t<div class=\"elementor-element elementor-element-56c2df3 elementor-widget elementor-widget-text-editor\" data-id=\"56c2df3\" data-element_type=\"widget\" data-widget_type=\"text-editor.default\">\n\t\t\t\t<div class=\"elementor-widget-container\">\n\t\t\t\t\t\t\t\t\t<p><span style=\"font-weight: 400;\">Gr\u00e2ce \u00e0 cet accord, les ressortissants de la Barbade, du Belize, de la Dominique et de Saint-Vincent-et-les-Grenadines peuvent entrer, sortir, travailler et r\u00e9sider dans les pays partenaires sans certificat CSME ni permis sp\u00e9cial. Ils b\u00e9n\u00e9ficient \u00e9galement d\u2019un acc\u00e8s limit\u00e9, mais r\u00e9el aux services publics essentiels, notamment la sant\u00e9 de base et l\u2019\u00e9ducation primaire ou secondaire.<\/span><\/p>\n<p><span style=\"font-weight: 400;\">Cette coop\u00e9ration entre \u00c9tats membres de la CARICOM constitue la premi\u00e8re \u00e9tape d\u2019un projet plus vaste d\u2019unification humaine et \u00e9conomique de la r\u00e9gion.<\/span><\/p>\t\t\t\t\t\t\t\t<\/div>\n\t\t\t\t<\/div>\n\t\t\t\t<section class=\"elementor-section elementor-inner-section elementor-element elementor-element-305929b elementor-section-boxed elementor-section-height-default elementor-section-height-default\" data-id=\"305929b\" data-element_type=\"section\">\n\t\t\t\t\t\t<div class=\"elementor-container elementor-column-gap-default\">\n\t\t\t\t\t<div class=\"elementor-column elementor-col-50 elementor-inner-column elementor-element elementor-element-70a3d1c\" data-id=\"70a3d1c\" data-element_type=\"column\">\n\t\t\t<div class=\"elementor-widget-wrap elementor-element-populated\">\n\t\t\t\t\t\t<div class=\"elementor-element elementor-element-22857a4 elementor-widget elementor-widget-image\" data-id=\"22857a4\" data-element_type=\"widget\" data-widget_type=\"image.default\">\n\t\t\t\t<div class=\"elementor-widget-container\">\n\t\t\t\t\t\t\t\t\t\t\t\t<figure class=\"wp-caption\">\n\t\t\t\t\t\t\t\t\t\t<img fetchpriority=\"high\" decoding=\"async\" width=\"640\" height=\"640\" src=\"https:\/\/richeskarayib.com\/wp-content\/uploads\/2025\/10\/\u00a9CARICOM-1.jpg\" class=\"attachment-large size-large wp-image-62898\" alt=\"Coop\u00e9ration entre \u00c9tats membres de la CARICOM\" srcset=\"https:\/\/richeskarayib.com\/wp-content\/uploads\/2025\/10\/\u00a9CARICOM-1.jpg 640w, https:\/\/richeskarayib.com\/wp-content\/uploads\/2025\/10\/\u00a9CARICOM-1-300x300.jpg 300w, https:\/\/richeskarayib.com\/wp-content\/uploads\/2025\/10\/\u00a9CARICOM-1-150x150.jpg 150w\" sizes=\"(max-width: 640px) 100vw, 640px\" \/>\t\t\t\t\t\t\t\t\t\t\t<figcaption class=\"widget-image-caption wp-caption-text\">\u00a9CARICOM<\/figcaption>\n\t\t\t\t\t\t\t\t\t\t<\/figure>\n\t\t\t\t\t\t\t\t\t<\/div>\n\t\t\t\t<\/div>\n\t\t\t\t\t<\/div>\n\t\t<\/div>\n\t\t\t\t<div class=\"elementor-column elementor-col-50 elementor-inner-column elementor-element elementor-element-58dabaa\" data-id=\"58dabaa\" data-element_type=\"column\">\n\t\t\t<div class=\"elementor-widget-wrap elementor-element-populated\">\n\t\t\t\t\t\t<div class=\"elementor-element elementor-element-d551062 elementor-widget elementor-widget-image\" data-id=\"d551062\" data-element_type=\"widget\" data-widget_type=\"image.default\">\n\t\t\t\t<div class=\"elementor-widget-container\">\n\t\t\t\t\t\t\t\t\t\t\t\t<figure class=\"wp-caption\">\n\t\t\t\t\t\t\t\t\t\t<img decoding=\"async\" width=\"640\" height=\"640\" src=\"https:\/\/richeskarayib.com\/wp-content\/uploads\/2025\/10\/\u00a9CARICOM-2.jpg\" class=\"attachment-large size-large wp-image-62906\" alt=\"Coop\u00e9ration entre \u00c9tats membres de la CARICOM\" srcset=\"https:\/\/richeskarayib.com\/wp-content\/uploads\/2025\/10\/\u00a9CARICOM-2.jpg 640w, https:\/\/richeskarayib.com\/wp-content\/uploads\/2025\/10\/\u00a9CARICOM-2-300x300.jpg 300w, https:\/\/richeskarayib.com\/wp-content\/uploads\/2025\/10\/\u00a9CARICOM-2-150x150.jpg 150w\" sizes=\"(max-width: 640px) 100vw, 640px\" \/>\t\t\t\t\t\t\t\t\t\t\t<figcaption class=\"widget-image-caption wp-caption-text\">\u00a9CARICOM<\/figcaption>\n\t\t\t\t\t\t\t\t\t\t<\/figure>\n\t\t\t\t\t\t\t\t\t<\/div>\n\t\t\t\t<\/div>\n\t\t\t\t\t<\/div>\n\t\t<\/div>\n\t\t\t\t\t<\/div>\n\t\t<\/section>\n\t\t\t\t\t<\/div>\n\t\t<\/div>\n\t\t\t\t\t<\/div>\n\t\t<\/section>\n\t\t\t\t<section class=\"elementor-section elementor-top-section elementor-element elementor-element-ee72354 elementor-section-boxed elementor-section-height-default elementor-section-height-default\" data-id=\"ee72354\" data-element_type=\"section\">\n\t\t\t\t\t\t<div class=\"elementor-container elementor-column-gap-default\">\n\t\t\t\t\t<div class=\"elementor-column elementor-col-100 elementor-top-column elementor-element elementor-element-c59d6fe\" data-id=\"c59d6fe\" data-element_type=\"column\">\n\t\t\t<div class=\"elementor-widget-wrap elementor-element-populated\">\n\t\t\t\t\t\t<div class=\"elementor-element elementor-element-ddc6a1e elementor-widget elementor-widget-heading\" data-id=\"ddc6a1e\" data-element_type=\"widget\" data-widget_type=\"heading.default\">\n\t\t\t\t<div class=\"elementor-widget-container\">\n\t\t\t\t\t<h2 class=\"elementor-heading-title elementor-size-default\">Un levier strat\u00e9gique pour quatre \u00e9conomies compl\u00e9mentaires<\/h2>\t\t\t\t<\/div>\n\t\t\t\t<\/div>\n\t\t\t\t<div class=\"elementor-element elementor-element-e57451f elementor-widget elementor-widget-text-editor\" data-id=\"e57451f\" data-element_type=\"widget\" data-widget_type=\"text-editor.default\">\n\t\t\t\t<div class=\"elementor-widget-container\">\n\t\t\t\t\t\t\t\t\t<ul>\n<li><span style=\"font-weight: 400;\">&#8211; Pour la <strong>Barbade<\/strong>, l\u2019enjeu est clair : faire face \u00e0 une population vieillissante et \u00e0 un manque de main-d\u2019\u0153uvre. Bridgetown esp\u00e8re attirer de jeunes travailleurs issus des pays voisins afin de soutenir les secteurs cl\u00e9s du tourisme, des services et de la sant\u00e9.<\/span><\/li>\n<li><span style=\"font-weight: 400;\">&#8211; Le <strong>Belize<\/strong>, dont le territoire est soixante fois plus vaste que celui de la plupart des \u00eeles carib\u00e9ennes, souhaite encourager le peuplement de ses zones rurales et stimuler son d\u00e9veloppement. Avec seulement 400 000 habitants pour plus de 22 000 km\u00b2, le pays voit dans cette coop\u00e9ration entre \u00c9tats membres de la CARICOM une occasion d\u2019accueillir des talents et d\u2019accro\u00eetre sa productivit\u00e9.<\/span><\/li>\n<\/ul>\t\t\t\t\t\t\t\t<\/div>\n\t\t\t\t<\/div>\n\t\t\t\t<div class=\"elementor-element elementor-element-6cdbbe3 elementor-widget elementor-widget-text-editor\" data-id=\"6cdbbe3\" data-element_type=\"widget\" data-widget_type=\"text-editor.default\">\n\t\t\t\t<div class=\"elementor-widget-container\">\n\t\t\t\t\t\t\t\t\t<ul>\n<li><span style=\"font-weight: 400;\">&#8211; La <strong>Dominique<\/strong> et <strong>Saint-Vincent-et-les-Grenadines<\/strong> privil\u00e9gient quant \u00e0 elles le lien culturel et historique. <\/span><span style=\"font-weight: 400;\">\u00c0 Kingstown, le Premier ministre Ralph Gonsalves a rappel\u00e9 que cette initiative r\u00e9pond aussi \u00e0 une dimension identitaire :<\/span><\/li>\n<\/ul>\n<p><span style=\"font-weight: 400;\">\u00ab Nos fr\u00e8res et s\u0153urs Garifuna du Belize peuvent venir passer plus de temps ici, travailler s\u2019ils le souhaitent, et nos citoyens sont d\u00e9sormais libres d\u2019aller l\u00e0-bas. \u00bb<\/span><\/p>\t\t\t\t\t\t\t\t<\/div>\n\t\t\t\t<\/div>\n\t\t\t\t<section class=\"elementor-section elementor-inner-section elementor-element elementor-element-8f672a4 elementor-section-boxed elementor-section-height-default elementor-section-height-default\" data-id=\"8f672a4\" data-element_type=\"section\">\n\t\t\t\t\t\t<div class=\"elementor-container elementor-column-gap-default\">\n\t\t\t\t\t<div class=\"elementor-column elementor-col-100 elementor-inner-column elementor-element elementor-element-f138d8a\" data-id=\"f138d8a\" data-element_type=\"column\">\n\t\t\t<div class=\"elementor-widget-wrap elementor-element-populated\">\n\t\t\t\t\t\t<div class=\"elementor-element elementor-element-f8ec35f elementor-widget elementor-widget-image\" data-id=\"f8ec35f\" data-element_type=\"widget\" data-widget_type=\"image.default\">\n\t\t\t\t<div class=\"elementor-widget-container\">\n\t\t\t\t\t\t\t\t\t\t\t\t\t\t\t<img decoding=\"async\" width=\"800\" height=\"531\" src=\"https:\/\/richeskarayib.com\/wp-content\/uploads\/2025\/10\/thatch-structures-made-by-dominicas-native-kalinago-population-at-kalinago-barana-aute-carib-historical-center-2J84Y1G-Modifie-1024x680.jpg\" class=\"attachment-large size-large wp-image-62914\" alt=\"Coop\u00e9ration entre \u00c9tats membres de la CARICOM\" srcset=\"https:\/\/richeskarayib.com\/wp-content\/uploads\/2025\/10\/thatch-structures-made-by-dominicas-native-kalinago-population-at-kalinago-barana-aute-carib-historical-center-2J84Y1G-Modifie-1024x680.jpg 1024w, https:\/\/richeskarayib.com\/wp-content\/uploads\/2025\/10\/thatch-structures-made-by-dominicas-native-kalinago-population-at-kalinago-barana-aute-carib-historical-center-2J84Y1G-Modifie-300x199.jpg 300w, https:\/\/richeskarayib.com\/wp-content\/uploads\/2025\/10\/thatch-structures-made-by-dominicas-native-kalinago-population-at-kalinago-barana-aute-carib-historical-center-2J84Y1G-Modifie-768x510.jpg 768w, https:\/\/richeskarayib.com\/wp-content\/uploads\/2025\/10\/thatch-structures-made-by-dominicas-native-kalinago-population-at-kalinago-barana-aute-carib-historical-center-2J84Y1G-Modifie.jpg 1300w\" sizes=\"(max-width: 800px) 100vw, 800px\" \/>\t\t\t\t\t\t\t\t\t\t\t\t\t\t\t<\/div>\n\t\t\t\t<\/div>\n\t\t\t\t\t<\/div>\n\t\t<\/div>\n\t\t\t\t\t<\/div>\n\t\t<\/section>\n\t\t\t\t<section class=\"elementor-section elementor-inner-section elementor-element elementor-element-007aa74 elementor-section-boxed elementor-section-height-default elementor-section-height-default\" data-id=\"007aa74\" data-element_type=\"section\">\n\t\t\t\t\t\t<div class=\"elementor-container elementor-column-gap-default\">\n\t\t\t\t\t<div class=\"elementor-column elementor-col-50 elementor-inner-column elementor-element elementor-element-02d0a6b\" data-id=\"02d0a6b\" data-element_type=\"column\">\n\t\t\t<div class=\"elementor-widget-wrap elementor-element-populated\">\n\t\t\t\t\t\t<div class=\"elementor-element elementor-element-8d51d31 elementor-widget elementor-widget-image\" data-id=\"8d51d31\" data-element_type=\"widget\" data-widget_type=\"image.default\">\n\t\t\t\t<div class=\"elementor-widget-container\">\n\t\t\t\t\t\t\t\t\t\t\t\t\t\t\t<img loading=\"lazy\" decoding=\"async\" width=\"800\" height=\"1000\" src=\"https:\/\/richeskarayib.com\/wp-content\/uploads\/2025\/10\/Travel-Belize-001-819x1024.jpg\" class=\"attachment-large size-large wp-image-62918\" alt=\"Coop\u00e9ration entre \u00c9tats membres de la CARICOM\" srcset=\"https:\/\/richeskarayib.com\/wp-content\/uploads\/2025\/10\/Travel-Belize-001-819x1024.jpg 819w, https:\/\/richeskarayib.com\/wp-content\/uploads\/2025\/10\/Travel-Belize-001-240x300.jpg 240w, https:\/\/richeskarayib.com\/wp-content\/uploads\/2025\/10\/Travel-Belize-001-768x960.jpg 768w, https:\/\/richeskarayib.com\/wp-content\/uploads\/2025\/10\/Travel-Belize-001.jpg 1080w\" sizes=\"(max-width: 800px) 100vw, 800px\" \/>\t\t\t\t\t\t\t\t\t\t\t\t\t\t\t<\/div>\n\t\t\t\t<\/div>\n\t\t\t\t\t<\/div>\n\t\t<\/div>\n\t\t\t\t<div class=\"elementor-column elementor-col-50 elementor-inner-column elementor-element elementor-element-1f7d052\" data-id=\"1f7d052\" data-element_type=\"column\">\n\t\t\t<div class=\"elementor-widget-wrap elementor-element-populated\">\n\t\t\t\t\t\t<div class=\"elementor-element elementor-element-ca3910b elementor-widget elementor-widget-image\" data-id=\"ca3910b\" data-element_type=\"widget\" data-widget_type=\"image.default\">\n\t\t\t\t<div class=\"elementor-widget-container\">\n\t\t\t\t\t\t\t\t\t\t\t\t\t\t\t<img loading=\"lazy\" decoding=\"async\" width=\"800\" height=\"500\" src=\"https:\/\/richeskarayib.com\/wp-content\/uploads\/2025\/10\/st-vincent-and-the-grenadines-1024x640.jpg\" class=\"attachment-large size-large wp-image-62922\" alt=\"Coop\u00e9ration entre \u00c9tats membres du CARICOM\" srcset=\"https:\/\/richeskarayib.com\/wp-content\/uploads\/2025\/10\/st-vincent-and-the-grenadines-1024x640.jpg 1024w, https:\/\/richeskarayib.com\/wp-content\/uploads\/2025\/10\/st-vincent-and-the-grenadines-300x188.jpg 300w, https:\/\/richeskarayib.com\/wp-content\/uploads\/2025\/10\/st-vincent-and-the-grenadines-768x480.jpg 768w, https:\/\/richeskarayib.com\/wp-content\/uploads\/2025\/10\/st-vincent-and-the-grenadines.jpg 1200w\" sizes=\"(max-width: 800px) 100vw, 800px\" \/>\t\t\t\t\t\t\t\t\t\t\t\t\t\t\t<\/div>\n\t\t\t\t<\/div>\n\t\t\t\t<div class=\"elementor-element elementor-element-377f60e elementor-widget elementor-widget-image\" data-id=\"377f60e\" data-element_type=\"widget\" data-widget_type=\"image.default\">\n\t\t\t\t<div class=\"elementor-widget-container\">\n\t\t\t\t\t\t\t\t\t\t\t\t\t\t\t<img loading=\"lazy\" decoding=\"async\" width=\"800\" height=\"531\" src=\"https:\/\/richeskarayib.com\/wp-content\/uploads\/2025\/10\/Bridgetown-1.jpg-1024x680.webp\" class=\"attachment-large size-large wp-image-62910\" alt=\"Coop\u00e9ration entre \u00c9tats membres de la CARICOM\" srcset=\"https:\/\/richeskarayib.com\/wp-content\/uploads\/2025\/10\/Bridgetown-1.jpg-1024x680.webp 1024w, https:\/\/richeskarayib.com\/wp-content\/uploads\/2025\/10\/Bridgetown-1.jpg-300x199.webp 300w, https:\/\/richeskarayib.com\/wp-content\/uploads\/2025\/10\/Bridgetown-1.jpg-768x510.webp 768w, https:\/\/richeskarayib.com\/wp-content\/uploads\/2025\/10\/Bridgetown-1.jpg-1320x876.webp 1320w, https:\/\/richeskarayib.com\/wp-content\/uploads\/2025\/10\/Bridgetown-1.jpg.webp 1500w\" sizes=\"(max-width: 800px) 100vw, 800px\" \/>\t\t\t\t\t\t\t\t\t\t\t\t\t\t\t<\/div>\n\t\t\t\t<\/div>\n\t\t\t\t\t<\/div>\n\t\t<\/div>\n\t\t\t\t\t<\/div>\n\t\t<\/section>\n\t\t\t\t\t<\/div>\n\t\t<\/div>\n\t\t\t\t\t<\/div>\n\t\t<\/section>\n\t\t\t\t<section class=\"elementor-section elementor-top-section elementor-element elementor-element-82cd8f9 elementor-section-boxed elementor-section-height-default elementor-section-height-default\" data-id=\"82cd8f9\" data-element_type=\"section\">\n\t\t\t\t\t\t<div class=\"elementor-container elementor-column-gap-default\">\n\t\t\t\t\t<div class=\"elementor-column elementor-col-100 elementor-top-column elementor-element elementor-element-0bfdc38\" data-id=\"0bfdc38\" data-element_type=\"column\">\n\t\t\t<div class=\"elementor-widget-wrap elementor-element-populated\">\n\t\t\t\t\t\t<div class=\"elementor-element elementor-element-7d292fe elementor-widget elementor-widget-heading\" data-id=\"7d292fe\" data-element_type=\"widget\" data-widget_type=\"heading.default\">\n\t\t\t\t<div class=\"elementor-widget-container\">\n\t\t\t\t\t<h2 class=\"elementor-heading-title elementor-size-default\">Une histoire partag\u00e9e, socle de l\u2019int\u00e9gration<\/h2>\t\t\t\t<\/div>\n\t\t\t\t<\/div>\n\t\t\t\t<div class=\"elementor-element elementor-element-8e337bf elementor-widget elementor-widget-text-editor\" data-id=\"8e337bf\" data-element_type=\"widget\" data-widget_type=\"text-editor.default\">\n\t\t\t\t<div class=\"elementor-widget-container\">\n\t\t\t\t\t\t\t\t\t<p><span style=\"font-weight: 400;\">Cette coop\u00e9ration entre \u00c9tats membres de la <a href=\"https:\/\/richeskarayib.com\/fr\/49e-sommet-de-la-caricom-a-montego-bay\/\" target=\"_blank\" rel=\"noopener\">CARICOM<\/a> repose sur un socle historique commun. Les quatre nations partagent une exp\u00e9rience coloniale britannique, un h\u00e9ritage linguistique proche et une structure institutionnelle similaire. Ces affinit\u00e9s ont facilit\u00e9 la mise en \u0153uvre d\u2019un dispositif de mobilit\u00e9 in\u00e9dite dans la r\u00e9gion.<\/span><\/p>\n<p><span style=\"font-weight: 400;\">Un m\u00e9canisme de v\u00e9rification commun a \u00e9t\u00e9 instaur\u00e9 pour filtrer les demandes. Les autorit\u00e9s conservent le droit de refuser l\u2019entr\u00e9e \u00e0 tout individu repr\u00e9sentant un risque pour l\u2019ordre public ou un fardeau financier pour l\u2019\u00c9tat d\u2019accueil. Cette clause vise \u00e0 pr\u00e9server l\u2019\u00e9quilibre entre ouverture et responsabilit\u00e9.<\/span><\/p>\t\t\t\t\t\t\t\t<\/div>\n\t\t\t\t<\/div>\n\t\t\t\t\t<\/div>\n\t\t<\/div>\n\t\t\t\t\t<\/div>\n\t\t<\/section>\n\t\t\t\t<section class=\"elementor-section elementor-top-section elementor-element elementor-element-5a7397d elementor-section-boxed elementor-section-height-default elementor-section-height-default\" data-id=\"5a7397d\" data-element_type=\"section\">\n\t\t\t\t\t\t<div class=\"elementor-container elementor-column-gap-default\">\n\t\t\t\t\t<div class=\"elementor-column elementor-col-100 elementor-top-column elementor-element elementor-element-8b33b4b\" data-id=\"8b33b4b\" data-element_type=\"column\">\n\t\t\t<div class=\"elementor-widget-wrap elementor-element-populated\">\n\t\t\t\t\t\t<div class=\"elementor-element elementor-element-89dac4b elementor-widget elementor-widget-heading\" data-id=\"89dac4b\" data-element_type=\"widget\" data-widget_type=\"heading.default\">\n\t\t\t\t<div class=\"elementor-widget-container\">\n\t\t\t\t\t<h2 class=\"elementor-heading-title elementor-size-default\">Un laboratoire d\u2019int\u00e9gration r\u00e9gionale<\/h2>\t\t\t\t<\/div>\n\t\t\t\t<\/div>\n\t\t\t\t<div class=\"elementor-element elementor-element-4fc7069 elementor-widget elementor-widget-text-editor\" data-id=\"4fc7069\" data-element_type=\"widget\" data-widget_type=\"text-editor.default\">\n\t\t\t\t<div class=\"elementor-widget-container\">\n\t\t\t\t\t\t\t\t\t<p><span style=\"font-weight: 400;\">Les dirigeants consid\u00e8rent cette <span class=\"cf0\">coop\u00e9ration entre \u00c9tats membres de la CARICOM<\/span> comme un projet pilote. Si les r\u00e9sultats sont concluants, elle pourrait \u00eatre \u00e9tendue \u00e0 d\u2019autres pays membres d\u00e8s 2026. Des discussions sont d\u00e9j\u00e0 en cours avec la Jama\u00efque, Sainte-Lucie et Trinit\u00e9-et-Tobago pour rejoindre l\u2019initiative.<\/span><\/p>\n<p><span style=\"font-weight: 400;\">Selon les \u00e9conomistes r\u00e9gionaux, cette coop\u00e9ration entre \u00c9tats membres de la CARICOM repr\u00e9sente une opportunit\u00e9 majeure pour fluidifier les \u00e9changes de comp\u00e9tences et renforcer les cha\u00eenes de valeur locales. En supprimant les contraintes administratives, elle favorise la mobilit\u00e9 professionnelle, l\u2019entrepreneuriat et la mise en r\u00e9seau des talents carib\u00e9ens.<\/span><\/p>\t\t\t\t\t\t\t\t<\/div>\n\t\t\t\t<\/div>\n\t\t\t\t<div class=\"elementor-element elementor-element-5548299 elementor-widget elementor-widget-image\" data-id=\"5548299\" data-element_type=\"widget\" data-widget_type=\"image.default\">\n\t\t\t\t<div class=\"elementor-widget-container\">\n\t\t\t\t\t\t\t\t\t\t\t\t<figure class=\"wp-caption\">\n\t\t\t\t\t\t\t\t\t\t<img loading=\"lazy\" decoding=\"async\" width=\"640\" height=\"640\" src=\"https:\/\/richeskarayib.com\/wp-content\/uploads\/2025\/10\/\u00a9CARICOM.jpg\" class=\"attachment-large size-large wp-image-62902\" alt=\"Coop\u00e9ration entre \u00c9tats membres du CARICOM\" srcset=\"https:\/\/richeskarayib.com\/wp-content\/uploads\/2025\/10\/\u00a9CARICOM.jpg 640w, https:\/\/richeskarayib.com\/wp-content\/uploads\/2025\/10\/\u00a9CARICOM-300x300.jpg 300w, https:\/\/richeskarayib.com\/wp-content\/uploads\/2025\/10\/\u00a9CARICOM-150x150.jpg 150w\" sizes=\"(max-width: 640px) 100vw, 640px\" \/>\t\t\t\t\t\t\t\t\t\t\t<figcaption class=\"widget-image-caption wp-caption-text\">\u00a9CARICOM<\/figcaption>\n\t\t\t\t\t\t\t\t\t\t<\/figure>\n\t\t\t\t\t\t\t\t\t<\/div>\n\t\t\t\t<\/div>\n\t\t\t\t\t<\/div>\n\t\t<\/div>\n\t\t\t\t\t<\/div>\n\t\t<\/section>\n\t\t\t\t<section class=\"elementor-section elementor-top-section elementor-element elementor-element-fce12d6 elementor-section-boxed elementor-section-height-default elementor-section-height-default\" data-id=\"fce12d6\" data-element_type=\"section\">\n\t\t\t\t\t\t<div class=\"elementor-container elementor-column-gap-default\">\n\t\t\t\t\t<div class=\"elementor-column elementor-col-100 elementor-top-column elementor-element elementor-element-e594ca0\" data-id=\"e594ca0\" data-element_type=\"column\">\n\t\t\t<div class=\"elementor-widget-wrap elementor-element-populated\">\n\t\t\t\t\t\t<div class=\"elementor-element elementor-element-9e1aff0 elementor-widget elementor-widget-heading\" data-id=\"9e1aff0\" data-element_type=\"widget\" data-widget_type=\"heading.default\">\n\t\t\t\t<div class=\"elementor-widget-container\">\n\t\t\t\t\t<h2 class=\"elementor-heading-title elementor-size-default\">Des retomb\u00e9es sociales et humaines durables<\/h2>\t\t\t\t<\/div>\n\t\t\t\t<\/div>\n\t\t\t\t<div class=\"elementor-element elementor-element-dfb56d4 elementor-widget elementor-widget-text-editor\" data-id=\"dfb56d4\" data-element_type=\"widget\" data-widget_type=\"text-editor.default\">\n\t\t\t\t<div class=\"elementor-widget-container\">\n\t\t\t\t\t\t\t\t\t<p><span style=\"font-weight: 400;\">Au-del\u00e0 des chiffres, la port\u00e9e humaine de cet accord est consid\u00e9rable. Des milliers de familles pourront d\u00e9sormais envisager un avenir au-del\u00e0 de leurs fronti\u00e8res nationales. L\u2019acc\u00e8s \u00e0 l\u2019emploi, \u00e0 la formation et aux soins \u00e9l\u00e9mentaires ouvre la voie \u00e0 une int\u00e9gration r\u00e9elle des soci\u00e9t\u00e9s carib\u00e9ennes.<\/span><\/p>\n<p><span style=\"font-weight: 400;\">Cette coop\u00e9ration entre \u00c9tats membres de la CARICOM redonne aussi du sens au projet initial de la Communaut\u00e9 : b\u00e2tir une r\u00e9gion solidaire o\u00f9 les citoyens partagent les m\u00eames droits fondamentaux. Elle incarne une nouvelle g\u00e9n\u00e9ration de politiques r\u00e9gionales fond\u00e9es sur la confiance et la r\u00e9ciprocit\u00e9.<\/span><\/p>\t\t\t\t\t\t\t\t<\/div>\n\t\t\t\t<\/div>\n\t\t\t\t\t<\/div>\n\t\t<\/div>\n\t\t\t\t\t<\/div>\n\t\t<\/section>\n\t\t\t\t<section class=\"elementor-section elementor-top-section elementor-element elementor-element-93c9c3f elementor-section-boxed elementor-section-height-default elementor-section-height-default\" data-id=\"93c9c3f\" data-element_type=\"section\">\n\t\t\t\t\t\t<div class=\"elementor-container elementor-column-gap-default\">\n\t\t\t\t\t<div class=\"elementor-column elementor-col-100 elementor-top-column elementor-element elementor-element-2f4e069\" data-id=\"2f4e069\" data-element_type=\"column\">\n\t\t\t<div class=\"elementor-widget-wrap elementor-element-populated\">\n\t\t\t\t\t\t<div class=\"elementor-element elementor-element-115a9b5 elementor-widget elementor-widget-heading\" data-id=\"115a9b5\" data-element_type=\"widget\" data-widget_type=\"heading.default\">\n\t\t\t\t<div class=\"elementor-widget-container\">\n\t\t\t\t\t<h2 class=\"elementor-heading-title elementor-size-default\">Vers une Cara\u00efbe unie et inclusive<\/h2>\t\t\t\t<\/div>\n\t\t\t\t<\/div>\n\t\t\t\t<div class=\"elementor-element elementor-element-bc7f990 elementor-widget elementor-widget-text-editor\" data-id=\"bc7f990\" data-element_type=\"widget\" data-widget_type=\"text-editor.default\">\n\t\t\t\t<div class=\"elementor-widget-container\">\n\t\t\t\t\t\t\t\t\t<p><span style=\"font-weight: 400;\">L\u2019entr\u00e9e en vigueur de cette mesure confirme la volont\u00e9 de la r\u00e9gion d\u2019\u00e9crire une nouvelle page de son histoire. La coop\u00e9ration entre \u00c9tats membres de la CARICOM d\u00e9passe les consid\u00e9rations \u00e9conomiques : elle symbolise la volont\u00e9 politique d\u2019unir les peuples et de renforcer la stabilit\u00e9 sociale.<\/span><\/p>\n<p><span style=\"font-weight: 400;\">En s\u2019ouvrant mutuellement leurs fronti\u00e8res, la Barbade, le Belize, la Dominique et Saint-Vincent-et-les-Grenadines d\u00e9montrent qu\u2019une autre Cara\u00efbe est possible : une Cara\u00efbe mobile, connect\u00e9e et consciente de sa destin\u00e9e commune.<\/span><\/p>\t\t\t\t\t\t\t\t<\/div>\n\t\t\t\t<\/div>\n\t\t\t\t\t<\/div>\n\t\t<\/div>\n\t\t\t\t\t<\/div>\n\t\t<\/section>\n\t\t\t\t<\/div>\n\t\t","protected":false},"excerpt":{"rendered":"<p>La coop\u00e9ration entre \u00c9tats membres de la CARICOM prend une nouvelle dimension depuis le 1\u1d49\u02b3 octobre 2025. La Barbade, le Belize, la Dominique et Saint-Vincent-et-les-Grenadines ont officiellement lev\u00e9 les barri\u00e8res \u00e0 la circulation de leurs citoyens. Ces quatre nations ont lanc\u00e9 un accord in\u00e9dit qui autorise leurs ressortissants \u00e0 vivre, travailler et s\u2019installer librement au [&hellip;]<\/p>\n","protected":false},"author":662,"featured_media":62894,"comment_status":"open","ping_status":"open","sticky":false,"template":"","format":"standard","meta":{"_acf_changed":false,"footnotes":""},"categories":[1785],"tags":[1598,1569,1716,1744],"class_list":["post-62893","post","type-post","status-publish","format-standard","has-post-thumbnail","hentry","category-cooperation","tag-barbade-fr","tag-belize-fr","tag-dominique-fr-2","tag-saint-vincent-et-les-grenadines"],"acf":[],"_links":{"self":[{"href":"https:\/\/richeskarayib.com\/fr\/wp-json\/wp\/v2\/posts\/62893","targetHints":{"allow":["GET"]}}],"collection":[{"href":"https:\/\/richeskarayib.com\/fr\/wp-json\/wp\/v2\/posts"}],"about":[{"href":"https:\/\/richeskarayib.com\/fr\/wp-json\/wp\/v2\/types\/post"}],"author":[{"embeddable":true,"href":"https:\/\/richeskarayib.com\/fr\/wp-json\/wp\/v2\/users\/662"}],"replies":[{"embeddable":true,"href":"https:\/\/richeskarayib.com\/fr\/wp-json\/wp\/v2\/comments?post=62893"}],"version-history":[{"count":0,"href":"https:\/\/richeskarayib.com\/fr\/wp-json\/wp\/v2\/posts\/62893\/revisions"}],"wp:featuredmedia":[{"embeddable":true,"href":"https:\/\/richeskarayib.com\/fr\/wp-json\/wp\/v2\/media\/62894"}],"wp:attachment":[{"href":"https:\/\/richeskarayib.com\/fr\/wp-json\/wp\/v2\/media?parent=62893"}],"wp:term":[{"taxonomy":"category","embeddable":true,"href":"https:\/\/richeskarayib.com\/fr\/wp-json\/wp\/v2\/categories?post=62893"},{"taxonomy":"post_tag","embeddable":true,"href":"https:\/\/richeskarayib.com\/fr\/wp-json\/wp\/v2\/tags?post=62893"}],"curies":[{"name":"wp","href":"https:\/\/api.w.org\/{rel}","templated":true}]}}