{"id":63071,"date":"2025-10-17T10:50:28","date_gmt":"2025-10-17T14:50:28","guid":{"rendered":"https:\/\/richeskarayib.com\/?p=63071"},"modified":"2026-01-09T22:23:01","modified_gmt":"2026-01-10T02:23:01","slug":"reseau-des-alliances-francaises-de-la-caraibe","status":"publish","type":"post","link":"https:\/\/richeskarayib.com\/fr\/reseau-des-alliances-francaises-de-la-caraibe\/","title":{"rendered":"Le r\u00e9seau des Alliances Fran\u00e7aises au c\u0153ur de la Cara\u00efbe : coop\u00e9rer, innover, partager"},"content":{"rendered":"\t\t<div data-elementor-type=\"wp-post\" data-elementor-id=\"63071\" class=\"elementor elementor-63071\" data-elementor-post-type=\"post\">\n\t\t\t\t\t\t<section class=\"elementor-section elementor-top-section elementor-element elementor-element-7ca7ca1 elementor-section-boxed elementor-section-height-default elementor-section-height-default\" data-id=\"7ca7ca1\" data-element_type=\"section\">\n\t\t\t\t\t\t<div class=\"elementor-container elementor-column-gap-default\">\n\t\t\t\t\t<div class=\"elementor-column elementor-col-100 elementor-top-column elementor-element elementor-element-cbdd002\" data-id=\"cbdd002\" data-element_type=\"column\">\n\t\t\t<div class=\"elementor-widget-wrap elementor-element-populated\">\n\t\t\t\t\t\t<section class=\"elementor-section elementor-inner-section elementor-element elementor-element-bc94849 elementor-section-boxed elementor-section-height-default elementor-section-height-default\" data-id=\"bc94849\" data-element_type=\"section\">\n\t\t\t\t\t\t<div class=\"elementor-container elementor-column-gap-default\">\n\t\t\t\t\t\t<\/div>\n\t\t<\/section>\n\t\t\t\t<section class=\"elementor-section elementor-inner-section elementor-element elementor-element-61571e6 elementor-section-boxed elementor-section-height-default elementor-section-height-default\" data-id=\"61571e6\" data-element_type=\"section\">\n\t\t\t\t\t\t<div class=\"elementor-container elementor-column-gap-default\">\n\t\t\t\t\t\t<\/div>\n\t\t<\/section>\n\t\t\t\t<section class=\"elementor-section elementor-inner-section elementor-element elementor-element-b6262e0 elementor-section-boxed elementor-section-height-default elementor-section-height-default\" data-id=\"b6262e0\" data-element_type=\"section\">\n\t\t\t\t\t\t<div class=\"elementor-container elementor-column-gap-default\">\n\t\t\t\t\t\t<\/div>\n\t\t<\/section>\n\t\t\t\t<section class=\"elementor-section elementor-inner-section elementor-element elementor-element-cca29fd elementor-section-boxed elementor-section-height-default elementor-section-height-default\" data-id=\"cca29fd\" data-element_type=\"section\">\n\t\t\t\t\t\t<div class=\"elementor-container elementor-column-gap-default\">\n\t\t\t\t\t\t<\/div>\n\t\t<\/section>\n\t\t\t\t\t<\/div>\n\t\t<\/div>\n\t\t\t\t\t<\/div>\n\t\t<\/section>\n\t\t\t\t<section class=\"elementor-section elementor-top-section elementor-element elementor-element-a6d4222 elementor-section-boxed elementor-section-height-default elementor-section-height-default\" data-id=\"a6d4222\" data-element_type=\"section\">\n\t\t\t\t\t\t<div class=\"elementor-container elementor-column-gap-default\">\n\t\t\t\t\t<div class=\"elementor-column elementor-col-100 elementor-top-column elementor-element elementor-element-ea27f09\" data-id=\"ea27f09\" data-element_type=\"column\">\n\t\t\t<div class=\"elementor-widget-wrap elementor-element-populated\">\n\t\t\t\t\t\t<div class=\"elementor-element elementor-element-8f49c6e elementor-widget elementor-widget-text-editor\" data-id=\"8f49c6e\" data-element_type=\"widget\" data-widget_type=\"text-editor.default\">\n\t\t\t\t<div class=\"elementor-widget-container\">\n\t\t\t\t\t\t\t\t\t<h2><span style=\"font-weight: 400;\">Ensemble pour une <a href=\"https:\/\/richeskarayib.com\/fr\/biospace-innovation-ecologique-de-la-caraibe\/\" target=\"_blank\" rel=\"noopener\">Cara\u00efbe<\/a> qui rayonne, les Alliances Fran\u00e7aises deviennent des passerelles entre cultures, langues et territoires.<\/span><\/h2>\t\t\t\t\t\t\t\t<\/div>\n\t\t\t\t<\/div>\n\t\t\t\t<div class=\"elementor-element elementor-element-0245cc6 elementor-widget elementor-widget-text-editor\" data-id=\"0245cc6\" data-element_type=\"widget\" data-widget_type=\"text-editor.default\">\n\t\t\t\t<div class=\"elementor-widget-container\">\n\t\t\t\t\t\t\t\t\t<p><span style=\"font-weight: 400;\">Lors du s\u00e9minaire R\u00c9ZO organis\u00e9 \u00e0 la <a href=\"https:\/\/www.axl.cefan.ulaval.ca\/amsudant\/grenade.htm\" target=\"_blank\" rel=\"noopener nofollow\">Grenade<\/a>, les directrices, directeurs, pr\u00e9sidentes et pr\u00e9sidents des Alliances Fran\u00e7aises de la Cara\u00efbe anglophone se sont r\u00e9unis pour renforcer ensemble la coop\u00e9ration culturelle et linguistique dans la r\u00e9gion et d\u00e9finir de nouvelles orientations communes.<\/span><\/p><p><span style=\"font-weight: 400;\">Soutenu par le Service de Coop\u00e9ration et d\u2019Action Culturelle (SCAC) de l\u2019Ambassade de France, \u00e9galement pr\u00e9sent sur certains \u00e9changes, le s\u00e9minaire a \u00e9t\u00e9 l\u2019occasion de renforcer la synergie entre les acteurs du r\u00e9seau des Alliances Fran\u00e7aises et de consolider le dialogue avec le SCAC, dans un esprit d\u2019\u00e9coute et de collaboration.<\/span><\/p>\t\t\t\t\t\t\t\t<\/div>\n\t\t\t\t<\/div>\n\t\t\t\t<section class=\"elementor-section elementor-inner-section elementor-element elementor-element-d538cb6 elementor-section-boxed elementor-section-height-default elementor-section-height-default\" data-id=\"d538cb6\" data-element_type=\"section\">\n\t\t\t\t\t\t<div class=\"elementor-container elementor-column-gap-default\">\n\t\t\t\t\t<div class=\"elementor-column elementor-col-100 elementor-inner-column elementor-element elementor-element-88061f5\" data-id=\"88061f5\" data-element_type=\"column\">\n\t\t\t<div class=\"elementor-widget-wrap elementor-element-populated\">\n\t\t\t\t\t\t<div class=\"elementor-element elementor-element-204075b elementor-widget elementor-widget-image\" data-id=\"204075b\" data-element_type=\"widget\" data-widget_type=\"image.default\">\n\t\t\t\t<div class=\"elementor-widget-container\">\n\t\t\t\t\t\t\t\t\t\t\t\t<figure class=\"wp-caption\">\n\t\t\t\t\t\t\t\t\t\t<img fetchpriority=\"high\" decoding=\"async\" width=\"800\" height=\"370\" src=\"https:\/\/richeskarayib.com\/wp-content\/uploads\/2025\/10\/WhatsApp-Image-2025-10-14-a-10.29.45_8612102c-1024x473.jpg\" class=\"attachment-large size-large wp-image-63116\" alt=\"Alliances Fran\u00e7aises\" srcset=\"https:\/\/richeskarayib.com\/wp-content\/uploads\/2025\/10\/WhatsApp-Image-2025-10-14-a-10.29.45_8612102c-1024x473.jpg 1024w, https:\/\/richeskarayib.com\/wp-content\/uploads\/2025\/10\/WhatsApp-Image-2025-10-14-a-10.29.45_8612102c-300x139.jpg 300w, https:\/\/richeskarayib.com\/wp-content\/uploads\/2025\/10\/WhatsApp-Image-2025-10-14-a-10.29.45_8612102c-768x355.jpg 768w, https:\/\/richeskarayib.com\/wp-content\/uploads\/2025\/10\/WhatsApp-Image-2025-10-14-a-10.29.45_8612102c-1536x709.jpg 1536w, https:\/\/richeskarayib.com\/wp-content\/uploads\/2025\/10\/WhatsApp-Image-2025-10-14-a-10.29.45_8612102c-1320x610.jpg 1320w, https:\/\/richeskarayib.com\/wp-content\/uploads\/2025\/10\/WhatsApp-Image-2025-10-14-a-10.29.45_8612102c.jpg 1600w\" sizes=\"(max-width: 800px) 100vw, 800px\" \/>\t\t\t\t\t\t\t\t\t\t\t<figcaption class=\"widget-image-caption wp-caption-text\">Suelin Low Chew Tung (Pr\u00e9sidente AF Grenade), Aur\u00e9lie GBEFFA (Directrice AF Sainte-Lucie et Coordinatrice r\u00e9gionale), Ilona Fort-Gilbert (Directrice AF Grenade) et Christiane Bourgeois\u00a0(CORCAC)<\/figcaption>\n\t\t\t\t\t\t\t\t\t\t<\/figure>\n\t\t\t\t\t\t\t\t\t<\/div>\n\t\t\t\t<\/div>\n\t\t\t\t\t<\/div>\n\t\t<\/div>\n\t\t\t\t\t<\/div>\n\t\t<\/section>\n\t\t\t\t<div class=\"elementor-element elementor-element-79b2adb elementor-widget elementor-widget-text-editor\" data-id=\"79b2adb\" data-element_type=\"widget\" data-widget_type=\"text-editor.default\">\n\t\t\t\t<div class=\"elementor-widget-container\">\n\t\t\t\t\t\t\t\t\t<p><span style=\"font-weight: 400;\">Entre \u00e9changes, strat\u00e9gies communes et projets innovants, cette rencontre a dessin\u00e9 les contours d\u2019une francophonie et d\u2019une Cara\u00efbe culturelle et plurilingue plus ouverte, inclusive et moderne.<\/span><\/p><p><span style=\"font-weight: 400;\">Un moment cl\u00e9 pour un r\u00e9seau en pleine \u00e9volution, au service d\u2019une Cara\u00efbe qui apprend, partage et rayonne.<\/span><\/p>\t\t\t\t\t\t\t\t<\/div>\n\t\t\t\t<\/div>\n\t\t\t\t<section class=\"elementor-section elementor-inner-section elementor-element elementor-element-9681ccc elementor-section-boxed elementor-section-height-default elementor-section-height-default\" data-id=\"9681ccc\" data-element_type=\"section\">\n\t\t\t\t\t\t<div class=\"elementor-container elementor-column-gap-default\">\n\t\t\t\t\t<div class=\"elementor-column elementor-col-50 elementor-inner-column elementor-element elementor-element-cae87c5\" data-id=\"cae87c5\" data-element_type=\"column\">\n\t\t\t<div class=\"elementor-widget-wrap elementor-element-populated\">\n\t\t\t\t\t\t<div class=\"elementor-element elementor-element-1db541d elementor-widget elementor-widget-image\" data-id=\"1db541d\" data-element_type=\"widget\" data-widget_type=\"image.default\">\n\t\t\t\t<div class=\"elementor-widget-container\">\n\t\t\t\t\t\t\t\t\t\t\t\t\t\t\t<img decoding=\"async\" width=\"800\" height=\"370\" src=\"https:\/\/richeskarayib.com\/wp-content\/uploads\/2025\/10\/WhatsApp-Image-2025-10-14-a-10.40.33_2f1cb5fb-1024x473.jpg\" class=\"attachment-large size-large wp-image-63080\" alt=\"Alliances Fran\u00e7aises\" srcset=\"https:\/\/richeskarayib.com\/wp-content\/uploads\/2025\/10\/WhatsApp-Image-2025-10-14-a-10.40.33_2f1cb5fb-1024x473.jpg 1024w, https:\/\/richeskarayib.com\/wp-content\/uploads\/2025\/10\/WhatsApp-Image-2025-10-14-a-10.40.33_2f1cb5fb-300x139.jpg 300w, https:\/\/richeskarayib.com\/wp-content\/uploads\/2025\/10\/WhatsApp-Image-2025-10-14-a-10.40.33_2f1cb5fb-768x355.jpg 768w, https:\/\/richeskarayib.com\/wp-content\/uploads\/2025\/10\/WhatsApp-Image-2025-10-14-a-10.40.33_2f1cb5fb-1536x709.jpg 1536w, https:\/\/richeskarayib.com\/wp-content\/uploads\/2025\/10\/WhatsApp-Image-2025-10-14-a-10.40.33_2f1cb5fb-1320x610.jpg 1320w, https:\/\/richeskarayib.com\/wp-content\/uploads\/2025\/10\/WhatsApp-Image-2025-10-14-a-10.40.33_2f1cb5fb.jpg 1600w\" sizes=\"(max-width: 800px) 100vw, 800px\" \/>\t\t\t\t\t\t\t\t\t\t\t\t\t\t\t<\/div>\n\t\t\t\t<\/div>\n\t\t\t\t\t<\/div>\n\t\t<\/div>\n\t\t\t\t<div class=\"elementor-column elementor-col-50 elementor-inner-column elementor-element elementor-element-98b8aa6\" data-id=\"98b8aa6\" data-element_type=\"column\">\n\t\t\t<div class=\"elementor-widget-wrap elementor-element-populated\">\n\t\t\t\t\t\t<div class=\"elementor-element elementor-element-8316ed6 elementor-widget elementor-widget-image\" data-id=\"8316ed6\" data-element_type=\"widget\" data-widget_type=\"image.default\">\n\t\t\t\t<div class=\"elementor-widget-container\">\n\t\t\t\t\t\t\t\t\t\t\t\t\t\t\t<img decoding=\"async\" width=\"800\" height=\"370\" src=\"https:\/\/richeskarayib.com\/wp-content\/uploads\/2025\/10\/WhatsApp-Image-2025-10-14-a-10.40.33_97df7546-1024x473.jpg\" class=\"attachment-large size-large wp-image-63084\" alt=\"Alliances Fran\u00e7aises\" srcset=\"https:\/\/richeskarayib.com\/wp-content\/uploads\/2025\/10\/WhatsApp-Image-2025-10-14-a-10.40.33_97df7546-1024x473.jpg 1024w, https:\/\/richeskarayib.com\/wp-content\/uploads\/2025\/10\/WhatsApp-Image-2025-10-14-a-10.40.33_97df7546-300x139.jpg 300w, https:\/\/richeskarayib.com\/wp-content\/uploads\/2025\/10\/WhatsApp-Image-2025-10-14-a-10.40.33_97df7546-768x355.jpg 768w, https:\/\/richeskarayib.com\/wp-content\/uploads\/2025\/10\/WhatsApp-Image-2025-10-14-a-10.40.33_97df7546-1536x709.jpg 1536w, https:\/\/richeskarayib.com\/wp-content\/uploads\/2025\/10\/WhatsApp-Image-2025-10-14-a-10.40.33_97df7546-1320x610.jpg 1320w, https:\/\/richeskarayib.com\/wp-content\/uploads\/2025\/10\/WhatsApp-Image-2025-10-14-a-10.40.33_97df7546.jpg 1600w\" sizes=\"(max-width: 800px) 100vw, 800px\" \/>\t\t\t\t\t\t\t\t\t\t\t\t\t\t\t<\/div>\n\t\t\t\t<\/div>\n\t\t\t\t\t<\/div>\n\t\t<\/div>\n\t\t\t\t\t<\/div>\n\t\t<\/section>\n\t\t\t\t<section class=\"elementor-section elementor-inner-section elementor-element elementor-element-f006487 elementor-section-boxed elementor-section-height-default elementor-section-height-default\" data-id=\"f006487\" data-element_type=\"section\">\n\t\t\t\t\t\t<div class=\"elementor-container elementor-column-gap-default\">\n\t\t\t\t\t<div class=\"elementor-column elementor-col-50 elementor-inner-column elementor-element elementor-element-f729b69\" data-id=\"f729b69\" data-element_type=\"column\">\n\t\t\t<div class=\"elementor-widget-wrap elementor-element-populated\">\n\t\t\t\t\t\t<div class=\"elementor-element elementor-element-aae0795 elementor-widget elementor-widget-image\" data-id=\"aae0795\" data-element_type=\"widget\" data-widget_type=\"image.default\">\n\t\t\t\t<div class=\"elementor-widget-container\">\n\t\t\t\t\t\t\t\t\t\t\t\t\t\t\t<img loading=\"lazy\" decoding=\"async\" width=\"800\" height=\"370\" src=\"https:\/\/richeskarayib.com\/wp-content\/uploads\/2025\/10\/WhatsApp-Image-2025-10-14-a-10.40.33_817e3278-1024x473.jpg\" class=\"attachment-large size-large wp-image-63088\" alt=\"Alliances Fran\u00e7aises\" srcset=\"https:\/\/richeskarayib.com\/wp-content\/uploads\/2025\/10\/WhatsApp-Image-2025-10-14-a-10.40.33_817e3278-1024x473.jpg 1024w, https:\/\/richeskarayib.com\/wp-content\/uploads\/2025\/10\/WhatsApp-Image-2025-10-14-a-10.40.33_817e3278-300x139.jpg 300w, https:\/\/richeskarayib.com\/wp-content\/uploads\/2025\/10\/WhatsApp-Image-2025-10-14-a-10.40.33_817e3278-768x355.jpg 768w, https:\/\/richeskarayib.com\/wp-content\/uploads\/2025\/10\/WhatsApp-Image-2025-10-14-a-10.40.33_817e3278-1536x709.jpg 1536w, https:\/\/richeskarayib.com\/wp-content\/uploads\/2025\/10\/WhatsApp-Image-2025-10-14-a-10.40.33_817e3278-1320x610.jpg 1320w, https:\/\/richeskarayib.com\/wp-content\/uploads\/2025\/10\/WhatsApp-Image-2025-10-14-a-10.40.33_817e3278.jpg 1600w\" sizes=\"(max-width: 800px) 100vw, 800px\" \/>\t\t\t\t\t\t\t\t\t\t\t\t\t\t\t<\/div>\n\t\t\t\t<\/div>\n\t\t\t\t\t<\/div>\n\t\t<\/div>\n\t\t\t\t<div class=\"elementor-column elementor-col-50 elementor-inner-column elementor-element elementor-element-b94213c\" data-id=\"b94213c\" data-element_type=\"column\">\n\t\t\t<div class=\"elementor-widget-wrap elementor-element-populated\">\n\t\t\t\t\t\t<div class=\"elementor-element elementor-element-364af01 elementor-widget elementor-widget-image\" data-id=\"364af01\" data-element_type=\"widget\" data-widget_type=\"image.default\">\n\t\t\t\t<div class=\"elementor-widget-container\">\n\t\t\t\t\t\t\t\t\t\t\t\t\t\t\t<img loading=\"lazy\" decoding=\"async\" width=\"800\" height=\"370\" src=\"https:\/\/richeskarayib.com\/wp-content\/uploads\/2025\/10\/WhatsApp-Image-2025-10-14-a-11.26.19_a3b4c110-1024x473.jpg\" class=\"attachment-large size-large wp-image-63169\" alt=\"\" srcset=\"https:\/\/richeskarayib.com\/wp-content\/uploads\/2025\/10\/WhatsApp-Image-2025-10-14-a-11.26.19_a3b4c110-1024x473.jpg 1024w, https:\/\/richeskarayib.com\/wp-content\/uploads\/2025\/10\/WhatsApp-Image-2025-10-14-a-11.26.19_a3b4c110-300x139.jpg 300w, https:\/\/richeskarayib.com\/wp-content\/uploads\/2025\/10\/WhatsApp-Image-2025-10-14-a-11.26.19_a3b4c110-768x355.jpg 768w, https:\/\/richeskarayib.com\/wp-content\/uploads\/2025\/10\/WhatsApp-Image-2025-10-14-a-11.26.19_a3b4c110.jpg 1280w\" sizes=\"(max-width: 800px) 100vw, 800px\" \/>\t\t\t\t\t\t\t\t\t\t\t\t\t\t\t<\/div>\n\t\t\t\t<\/div>\n\t\t\t\t\t<\/div>\n\t\t<\/div>\n\t\t\t\t\t<\/div>\n\t\t<\/section>\n\t\t\t\t\t<\/div>\n\t\t<\/div>\n\t\t\t\t\t<\/div>\n\t\t<\/section>\n\t\t\t\t<section class=\"elementor-section elementor-top-section elementor-element elementor-element-e1fea79 elementor-section-boxed elementor-section-height-default elementor-section-height-default\" data-id=\"e1fea79\" data-element_type=\"section\">\n\t\t\t\t\t\t<div class=\"elementor-container elementor-column-gap-default\">\n\t\t\t\t\t<div class=\"elementor-column elementor-col-100 elementor-top-column elementor-element elementor-element-6d0be76\" data-id=\"6d0be76\" data-element_type=\"column\">\n\t\t\t<div class=\"elementor-widget-wrap elementor-element-populated\">\n\t\t\t\t\t\t<div class=\"elementor-element elementor-element-a310b25 elementor-widget elementor-widget-heading\" data-id=\"a310b25\" data-element_type=\"widget\" data-widget_type=\"heading.default\">\n\t\t\t\t<div class=\"elementor-widget-container\">\n\t\t\t\t\t<h2 class=\"elementor-heading-title elementor-size-default\">Une rencontre aux accents de famille<\/h2>\t\t\t\t<\/div>\n\t\t\t\t<\/div>\n\t\t\t\t<div class=\"elementor-element elementor-element-bbb62ae elementor-widget elementor-widget-text-editor\" data-id=\"bbb62ae\" data-element_type=\"widget\" data-widget_type=\"text-editor.default\">\n\t\t\t\t<div class=\"elementor-widget-container\">\n\t\t\t\t\t\t\t\t\t<p><span style=\"font-weight: 400;\">Ils se connaissent parfois depuis des ann\u00e9es, parfois seulement \u00e0 travers un \u00e9cran. Mais d\u00e8s les premi\u00e8res minutes, les rires, les accolades et la chaleur des retrouvailles rappellent que, dans la Cara\u00efbe, le r\u00e9seau des Alliances Fran\u00e7aises est avant tout une aventure humaine.<\/span><\/p><p><span style=\"font-weight: 400;\">Pendant trois jours, directrices, directeurs, pr\u00e9sidentes et pr\u00e9sidents ont confront\u00e9 leurs r\u00e9alit\u00e9s de pays en pays \u2014 entre d\u00e9fis du quotidien, fiert\u00e9s locales et volont\u00e9 commune de b\u00e2tir un r\u00e9seau plus fort, plus solidaire et plus visible. Dans la salle, la diversit\u00e9 se lit dans les accents, les parcours, les id\u00e9es. De la Jama\u00efque \u00e0 Trinit\u00e9-et-Tobago, chaque voix apportait sa nuance, son exp\u00e9rience, sa mani\u00e8re d\u2019animer la culture et la francophonie au c\u0153ur des territoires.<\/span><\/p>\t\t\t\t\t\t\t\t<\/div>\n\t\t\t\t<\/div>\n\t\t\t\t<div class=\"elementor-element elementor-element-301068a elementor-widget elementor-widget-image\" data-id=\"301068a\" data-element_type=\"widget\" data-widget_type=\"image.default\">\n\t\t\t\t<div class=\"elementor-widget-container\">\n\t\t\t\t\t\t\t\t\t\t\t\t\t\t\t<img loading=\"lazy\" decoding=\"async\" width=\"800\" height=\"370\" src=\"https:\/\/richeskarayib.com\/wp-content\/uploads\/2025\/10\/WhatsApp-Image-2025-10-14-a-11.18.38_294bbd2b-1024x473.jpg\" class=\"attachment-large size-large wp-image-63161\" alt=\"\" srcset=\"https:\/\/richeskarayib.com\/wp-content\/uploads\/2025\/10\/WhatsApp-Image-2025-10-14-a-11.18.38_294bbd2b-1024x473.jpg 1024w, https:\/\/richeskarayib.com\/wp-content\/uploads\/2025\/10\/WhatsApp-Image-2025-10-14-a-11.18.38_294bbd2b-300x139.jpg 300w, https:\/\/richeskarayib.com\/wp-content\/uploads\/2025\/10\/WhatsApp-Image-2025-10-14-a-11.18.38_294bbd2b-768x355.jpg 768w, https:\/\/richeskarayib.com\/wp-content\/uploads\/2025\/10\/WhatsApp-Image-2025-10-14-a-11.18.38_294bbd2b.jpg 1280w\" sizes=\"(max-width: 800px) 100vw, 800px\" \/>\t\t\t\t\t\t\t\t\t\t\t\t\t\t\t<\/div>\n\t\t\t\t<\/div>\n\t\t\t\t<div class=\"elementor-element elementor-element-d7d5a5c elementor-widget elementor-widget-image\" data-id=\"d7d5a5c\" data-element_type=\"widget\" data-widget_type=\"image.default\">\n\t\t\t\t<div class=\"elementor-widget-container\">\n\t\t\t\t\t\t\t\t\t\t\t\t\t\t\t<img loading=\"lazy\" decoding=\"async\" width=\"800\" height=\"370\" src=\"https:\/\/richeskarayib.com\/wp-content\/uploads\/2025\/10\/WhatsApp-Image-2025-10-14-a-11.17.50_9e0a4da6-1024x473.jpg\" class=\"attachment-large size-large wp-image-63157\" alt=\"\" srcset=\"https:\/\/richeskarayib.com\/wp-content\/uploads\/2025\/10\/WhatsApp-Image-2025-10-14-a-11.17.50_9e0a4da6-1024x473.jpg 1024w, https:\/\/richeskarayib.com\/wp-content\/uploads\/2025\/10\/WhatsApp-Image-2025-10-14-a-11.17.50_9e0a4da6-300x139.jpg 300w, https:\/\/richeskarayib.com\/wp-content\/uploads\/2025\/10\/WhatsApp-Image-2025-10-14-a-11.17.50_9e0a4da6-768x355.jpg 768w, https:\/\/richeskarayib.com\/wp-content\/uploads\/2025\/10\/WhatsApp-Image-2025-10-14-a-11.17.50_9e0a4da6.jpg 1280w\" sizes=\"(max-width: 800px) 100vw, 800px\" \/>\t\t\t\t\t\t\t\t\t\t\t\t\t\t\t<\/div>\n\t\t\t\t<\/div>\n\t\t\t\t<div class=\"elementor-element elementor-element-56c2df3 elementor-widget elementor-widget-text-editor\" data-id=\"56c2df3\" data-element_type=\"widget\" data-widget_type=\"text-editor.default\">\n\t\t\t\t<div class=\"elementor-widget-container\">\n\t\t\t\t\t\t\t\t\t<p><span style=\"font-weight: 400;\">Accueillis par <strong>Ilona Fort-Gilbert<\/strong>, directrice, et <strong>Suelin Low Chew Tung<\/strong>, pr\u00e9sidente de l\u2019Alliance Fran\u00e7aise de la Grenade, les participantes et participants ont partag\u00e9 plusieurs jours d\u2019\u00e9changes et de r\u00e9flexion dans une atmosph\u00e8re \u00e0 la fois studieuse et conviviale.<\/span><\/p>\t\t\t\t\t\t\t\t<\/div>\n\t\t\t\t<\/div>\n\t\t\t\t<div class=\"elementor-element elementor-element-25faa56 elementor-widget elementor-widget-image\" data-id=\"25faa56\" data-element_type=\"widget\" data-widget_type=\"image.default\">\n\t\t\t\t<div class=\"elementor-widget-container\">\n\t\t\t\t\t\t\t\t\t\t\t\t<figure class=\"wp-caption\">\n\t\t\t\t\t\t\t\t\t\t<img loading=\"lazy\" decoding=\"async\" width=\"800\" height=\"444\" src=\"https:\/\/richeskarayib.com\/wp-content\/uploads\/2025\/10\/Ilona-Fort-Gilbert-et-Suelin-Low-Chew-Tung-1024x568.jpg\" class=\"attachment-large size-large wp-image-63096\" alt=\"Alliances Fran\u00e7aises\" srcset=\"https:\/\/richeskarayib.com\/wp-content\/uploads\/2025\/10\/Ilona-Fort-Gilbert-et-Suelin-Low-Chew-Tung-1024x568.jpg 1024w, https:\/\/richeskarayib.com\/wp-content\/uploads\/2025\/10\/Ilona-Fort-Gilbert-et-Suelin-Low-Chew-Tung-300x167.jpg 300w, https:\/\/richeskarayib.com\/wp-content\/uploads\/2025\/10\/Ilona-Fort-Gilbert-et-Suelin-Low-Chew-Tung-768x426.jpg 768w, https:\/\/richeskarayib.com\/wp-content\/uploads\/2025\/10\/Ilona-Fort-Gilbert-et-Suelin-Low-Chew-Tung-1536x852.jpg 1536w, https:\/\/richeskarayib.com\/wp-content\/uploads\/2025\/10\/Ilona-Fort-Gilbert-et-Suelin-Low-Chew-Tung-1320x733.jpg 1320w, https:\/\/richeskarayib.com\/wp-content\/uploads\/2025\/10\/Ilona-Fort-Gilbert-et-Suelin-Low-Chew-Tung.jpg 1600w\" sizes=\"(max-width: 800px) 100vw, 800px\" \/>\t\t\t\t\t\t\t\t\t\t\t<figcaption class=\"widget-image-caption wp-caption-text\">Suelin Low Chew Tung (sur la gauche) et Ilona Fort-Gilbert  (sur\u00a0la\u00a0droite)  (Alliance Fran\u00e7aise de\u00a0Grenade) <\/figcaption>\n\t\t\t\t\t\t\t\t\t\t<\/figure>\n\t\t\t\t\t\t\t\t\t<\/div>\n\t\t\t\t<\/div>\n\t\t\t\t<div class=\"elementor-element elementor-element-343141b elementor-widget elementor-widget-image\" data-id=\"343141b\" data-element_type=\"widget\" data-widget_type=\"image.default\">\n\t\t\t\t<div class=\"elementor-widget-container\">\n\t\t\t\t\t\t\t\t\t\t\t\t<figure class=\"wp-caption\">\n\t\t\t\t\t\t\t\t\t\t<img loading=\"lazy\" decoding=\"async\" width=\"800\" height=\"370\" src=\"https:\/\/richeskarayib.com\/wp-content\/uploads\/2025\/10\/WhatsApp-Image-2025-10-14-a-11.31.05_ec47b03a-1024x473.jpg\" class=\"attachment-large size-large wp-image-63177\" alt=\"\" srcset=\"https:\/\/richeskarayib.com\/wp-content\/uploads\/2025\/10\/WhatsApp-Image-2025-10-14-a-11.31.05_ec47b03a-1024x473.jpg 1024w, https:\/\/richeskarayib.com\/wp-content\/uploads\/2025\/10\/WhatsApp-Image-2025-10-14-a-11.31.05_ec47b03a-300x139.jpg 300w, https:\/\/richeskarayib.com\/wp-content\/uploads\/2025\/10\/WhatsApp-Image-2025-10-14-a-11.31.05_ec47b03a-768x355.jpg 768w, https:\/\/richeskarayib.com\/wp-content\/uploads\/2025\/10\/WhatsApp-Image-2025-10-14-a-11.31.05_ec47b03a.jpg 1280w\" sizes=\"(max-width: 800px) 100vw, 800px\" \/>\t\t\t\t\t\t\t\t\t\t\t<figcaption class=\"widget-image-caption wp-caption-text\">\u00c9quipe de l'AF de la Grenade - Dalia Barbour (Support Staff), Mathias Dorel (Consul honoraire de France), Ilona Forte-Gilbert (Directrice), Nafessah Abdullateef (Secr\u00e9taire du comit\u00e9 ex\u00e9cutif), Suelin Low Chew Tung\u00a0(Pr\u00e9sidente)<\/figcaption>\n\t\t\t\t\t\t\t\t\t\t<\/figure>\n\t\t\t\t\t\t\t\t\t<\/div>\n\t\t\t\t<\/div>\n\t\t\t\t<div class=\"elementor-element elementor-element-d4801c0 elementor-widget elementor-widget-text-editor\" data-id=\"d4801c0\" data-element_type=\"widget\" data-widget_type=\"text-editor.default\">\n\t\t\t\t<div class=\"elementor-widget-container\">\n\t\t\t\t\t\t\t\t\t<p><span style=\"font-weight: 400;\">Autour de la table, les directrices et directeurs : <strong>Aur\u00e9lie Gbeffa<\/strong> (Sainte-Lucie et coordinatrice r\u00e9gionale des Alliances Fran\u00e7aises de la Cara\u00efbe orientale), <strong>Oc\u00e9ane Gaillard<\/strong> (Barbade), <strong>Virginie Lemay<\/strong> (Suriname), <strong>Lucille Caulliez<\/strong> (Saint <span data-olk-copy-source=\"MessageBody\">Christophe-et-Ni\u00e9v\u00e8s<\/span>), <strong>C\u00e9vinne M\u2019Voula<\/strong> (Dominique), <strong>Anyka Batista<\/strong> (<span data-olk-copy-source=\"MessageBody\">Trinit\u00e9-et-Tobago<\/span>), <span data-olk-copy-source=\"MessageBody\"><strong>Ilona Forte-Gilbert<\/strong> (Grenade),<\/span>\u00a0<strong>D\u00e9borah First-Quao<\/strong> (Guyana) et <strong>Clovis Lem\u00e9e<\/strong> ( Jama\u00efque), <span data-olk-copy-source=\"MessageBody\">ainsi que <strong>Christiane Bourgeois<\/strong> (CORCAC &#8211; Sainte-Lucie) et <strong>Suelin Low Chew Tung<\/strong> (Pr\u00e9sidente &#8211; Grenade).<\/span><\/span><\/p>\t\t\t\t\t\t\t\t<\/div>\n\t\t\t\t<\/div>\n\t\t\t\t<div class=\"elementor-element elementor-element-4e164cb elementor-widget elementor-widget-image\" data-id=\"4e164cb\" data-element_type=\"widget\" data-widget_type=\"image.default\">\n\t\t\t\t<div class=\"elementor-widget-container\">\n\t\t\t\t\t\t\t\t\t\t\t\t\t\t\t<img loading=\"lazy\" decoding=\"async\" width=\"800\" height=\"370\" src=\"https:\/\/richeskarayib.com\/wp-content\/uploads\/2025\/10\/WhatsApp-Image-2025-10-14-a-10.42.14_16b1a353-1024x473.jpg\" class=\"attachment-large size-large wp-image-63092\" alt=\"Alliances Fran\u00e7aises\" srcset=\"https:\/\/richeskarayib.com\/wp-content\/uploads\/2025\/10\/WhatsApp-Image-2025-10-14-a-10.42.14_16b1a353-1024x473.jpg 1024w, https:\/\/richeskarayib.com\/wp-content\/uploads\/2025\/10\/WhatsApp-Image-2025-10-14-a-10.42.14_16b1a353-300x139.jpg 300w, https:\/\/richeskarayib.com\/wp-content\/uploads\/2025\/10\/WhatsApp-Image-2025-10-14-a-10.42.14_16b1a353-768x355.jpg 768w, https:\/\/richeskarayib.com\/wp-content\/uploads\/2025\/10\/WhatsApp-Image-2025-10-14-a-10.42.14_16b1a353-1536x709.jpg 1536w, https:\/\/richeskarayib.com\/wp-content\/uploads\/2025\/10\/WhatsApp-Image-2025-10-14-a-10.42.14_16b1a353-1320x610.jpg 1320w, https:\/\/richeskarayib.com\/wp-content\/uploads\/2025\/10\/WhatsApp-Image-2025-10-14-a-10.42.14_16b1a353.jpg 1600w\" sizes=\"(max-width: 800px) 100vw, 800px\" \/>\t\t\t\t\t\t\t\t\t\t\t\t\t\t\t<\/div>\n\t\t\t\t<\/div>\n\t\t\t\t<div class=\"elementor-element elementor-element-7a0ca09 elementor-widget elementor-widget-text-editor\" data-id=\"7a0ca09\" data-element_type=\"widget\" data-widget_type=\"text-editor.default\">\n\t\t\t\t<div class=\"elementor-widget-container\">\n\t\t\t\t\t\t\t\t\t<p><span style=\"font-weight: 400;\">En visioconf\u00e9rence, les ont rejoints les pr\u00e9sident(e)s\u00a0: <strong>Charlene White-Christian<\/strong> (Dominique), <strong>Ruben Del Prado<\/strong> (Suriname), <strong>Danielle Parkinson<\/strong> (T<span data-olk-copy-source=\"MessageBody\">rinit\u00e9-et-Tobago<\/span>), <strong>Kara Daly<\/strong> (<span data-olk-copy-source=\"MessageBody\">Saint-Christophe-et-Ni\u00e9v\u00e8s<\/span>),<strong> Delphine Hadley<\/strong> et son successeur <strong>Denvil Douglas<\/strong> (Saint-Vincent-et-les-Grenadines), ainsi que <strong>Stuart Defreitas<\/strong>, vice-pr\u00e9sident (Guyana).<\/span><\/p>\t\t\t\t\t\t\t\t<\/div>\n\t\t\t\t<\/div>\n\t\t\t\t<section class=\"elementor-section elementor-inner-section elementor-element elementor-element-a73ab5f elementor-section-boxed elementor-section-height-default elementor-section-height-default\" data-id=\"a73ab5f\" data-element_type=\"section\">\n\t\t\t\t\t\t<div class=\"elementor-container elementor-column-gap-default\">\n\t\t\t\t\t<div class=\"elementor-column elementor-col-50 elementor-inner-column elementor-element elementor-element-1654d38\" data-id=\"1654d38\" data-element_type=\"column\">\n\t\t\t<div class=\"elementor-widget-wrap elementor-element-populated\">\n\t\t\t\t\t\t<div class=\"elementor-element elementor-element-ebe500b elementor-widget elementor-widget-image\" data-id=\"ebe500b\" data-element_type=\"widget\" data-widget_type=\"image.default\">\n\t\t\t\t<div class=\"elementor-widget-container\">\n\t\t\t\t\t\t\t\t\t\t\t\t\t\t\t<img loading=\"lazy\" decoding=\"async\" width=\"800\" height=\"370\" src=\"https:\/\/richeskarayib.com\/wp-content\/uploads\/2025\/10\/WhatsApp-Image-2025-10-14-a-10.29.44_20e06ac2-1024x473.jpg\" class=\"attachment-large size-large wp-image-63100\" alt=\"Alliances Fran\u00e7aises\" srcset=\"https:\/\/richeskarayib.com\/wp-content\/uploads\/2025\/10\/WhatsApp-Image-2025-10-14-a-10.29.44_20e06ac2-1024x473.jpg 1024w, https:\/\/richeskarayib.com\/wp-content\/uploads\/2025\/10\/WhatsApp-Image-2025-10-14-a-10.29.44_20e06ac2-300x139.jpg 300w, https:\/\/richeskarayib.com\/wp-content\/uploads\/2025\/10\/WhatsApp-Image-2025-10-14-a-10.29.44_20e06ac2-768x355.jpg 768w, https:\/\/richeskarayib.com\/wp-content\/uploads\/2025\/10\/WhatsApp-Image-2025-10-14-a-10.29.44_20e06ac2-1536x709.jpg 1536w, https:\/\/richeskarayib.com\/wp-content\/uploads\/2025\/10\/WhatsApp-Image-2025-10-14-a-10.29.44_20e06ac2-1320x610.jpg 1320w, https:\/\/richeskarayib.com\/wp-content\/uploads\/2025\/10\/WhatsApp-Image-2025-10-14-a-10.29.44_20e06ac2.jpg 1600w\" sizes=\"(max-width: 800px) 100vw, 800px\" \/>\t\t\t\t\t\t\t\t\t\t\t\t\t\t\t<\/div>\n\t\t\t\t<\/div>\n\t\t\t\t\t<\/div>\n\t\t<\/div>\n\t\t\t\t<div class=\"elementor-column elementor-col-50 elementor-inner-column elementor-element elementor-element-1c7273c\" data-id=\"1c7273c\" data-element_type=\"column\">\n\t\t\t<div class=\"elementor-widget-wrap elementor-element-populated\">\n\t\t\t\t\t\t<div class=\"elementor-element elementor-element-e508482 elementor-widget elementor-widget-image\" data-id=\"e508482\" data-element_type=\"widget\" data-widget_type=\"image.default\">\n\t\t\t\t<div class=\"elementor-widget-container\">\n\t\t\t\t\t\t\t\t\t\t\t\t\t\t\t<img loading=\"lazy\" decoding=\"async\" width=\"800\" height=\"370\" src=\"https:\/\/richeskarayib.com\/wp-content\/uploads\/2025\/10\/WhatsApp-Image-2025-10-14-a-10.50.48_2c058267-1024x473.jpg\" class=\"attachment-large size-large wp-image-63104\" alt=\"Alliances Fran\u00e7aises\" srcset=\"https:\/\/richeskarayib.com\/wp-content\/uploads\/2025\/10\/WhatsApp-Image-2025-10-14-a-10.50.48_2c058267-1024x473.jpg 1024w, https:\/\/richeskarayib.com\/wp-content\/uploads\/2025\/10\/WhatsApp-Image-2025-10-14-a-10.50.48_2c058267-300x139.jpg 300w, https:\/\/richeskarayib.com\/wp-content\/uploads\/2025\/10\/WhatsApp-Image-2025-10-14-a-10.50.48_2c058267-768x355.jpg 768w, https:\/\/richeskarayib.com\/wp-content\/uploads\/2025\/10\/WhatsApp-Image-2025-10-14-a-10.50.48_2c058267-1536x709.jpg 1536w, https:\/\/richeskarayib.com\/wp-content\/uploads\/2025\/10\/WhatsApp-Image-2025-10-14-a-10.50.48_2c058267-1320x610.jpg 1320w, https:\/\/richeskarayib.com\/wp-content\/uploads\/2025\/10\/WhatsApp-Image-2025-10-14-a-10.50.48_2c058267.jpg 1600w\" sizes=\"(max-width: 800px) 100vw, 800px\" \/>\t\t\t\t\t\t\t\t\t\t\t\t\t\t\t<\/div>\n\t\t\t\t<\/div>\n\t\t\t\t\t<\/div>\n\t\t<\/div>\n\t\t\t\t\t<\/div>\n\t\t<\/section>\n\t\t\t\t<section class=\"elementor-section elementor-inner-section elementor-element elementor-element-3a04791 elementor-section-boxed elementor-section-height-default elementor-section-height-default\" data-id=\"3a04791\" data-element_type=\"section\">\n\t\t\t\t\t\t<div class=\"elementor-container elementor-column-gap-default\">\n\t\t\t\t\t<div class=\"elementor-column elementor-col-100 elementor-inner-column elementor-element elementor-element-5062334\" data-id=\"5062334\" data-element_type=\"column\">\n\t\t\t<div class=\"elementor-widget-wrap elementor-element-populated\">\n\t\t\t\t\t\t<div class=\"elementor-element elementor-element-84c03bd elementor-widget elementor-widget-image\" data-id=\"84c03bd\" data-element_type=\"widget\" data-widget_type=\"image.default\">\n\t\t\t\t<div class=\"elementor-widget-container\">\n\t\t\t\t\t\t\t\t\t\t\t\t\t\t\t<img loading=\"lazy\" decoding=\"async\" width=\"800\" height=\"370\" src=\"https:\/\/richeskarayib.com\/wp-content\/uploads\/2025\/10\/WhatsApp-Image-2025-10-14-a-10.29.46_59f3e1a6-1024x473.jpg\" class=\"attachment-large size-large wp-image-63108\" alt=\"Alliances Fran\u00e7aises\" srcset=\"https:\/\/richeskarayib.com\/wp-content\/uploads\/2025\/10\/WhatsApp-Image-2025-10-14-a-10.29.46_59f3e1a6-1024x473.jpg 1024w, https:\/\/richeskarayib.com\/wp-content\/uploads\/2025\/10\/WhatsApp-Image-2025-10-14-a-10.29.46_59f3e1a6-300x139.jpg 300w, https:\/\/richeskarayib.com\/wp-content\/uploads\/2025\/10\/WhatsApp-Image-2025-10-14-a-10.29.46_59f3e1a6-768x355.jpg 768w, https:\/\/richeskarayib.com\/wp-content\/uploads\/2025\/10\/WhatsApp-Image-2025-10-14-a-10.29.46_59f3e1a6-1536x709.jpg 1536w, https:\/\/richeskarayib.com\/wp-content\/uploads\/2025\/10\/WhatsApp-Image-2025-10-14-a-10.29.46_59f3e1a6-1320x610.jpg 1320w, https:\/\/richeskarayib.com\/wp-content\/uploads\/2025\/10\/WhatsApp-Image-2025-10-14-a-10.29.46_59f3e1a6.jpg 1600w\" sizes=\"(max-width: 800px) 100vw, 800px\" \/>\t\t\t\t\t\t\t\t\t\t\t\t\t\t\t<\/div>\n\t\t\t\t<\/div>\n\t\t\t\t\t<\/div>\n\t\t<\/div>\n\t\t\t\t\t<\/div>\n\t\t<\/section>\n\t\t\t\t<div class=\"elementor-element elementor-element-41c269f elementor-widget elementor-widget-text-editor\" data-id=\"41c269f\" data-element_type=\"widget\" data-widget_type=\"text-editor.default\">\n\t\t\t\t<div class=\"elementor-widget-container\">\n\t\t\t\t\t\t\t\t\t<p><span style=\"font-weight: 400;\">Au fil des \u00e9changes, Christiane Bourgeois, Conseill\u00e8re R\u00e9gionale de Coop\u00e9ration et d\u2019Action Culturelle (CORCAC), cheffe du Service de Coop\u00e9ration et d\u2019Action Culturelle (SCAC) de l\u2019Ambassade de France aupr\u00e8s des \u00c9tats de la Cara\u00efbe orientale, de la Barbade et de l\u2019OECO, a soulign\u00e9 le r\u00f4le essentiel des Alliances Fran\u00e7aises comme maillon du rayonnement culturel fran\u00e7ais et carib\u00e9en.<\/span><\/p>\t\t\t\t\t\t\t\t<\/div>\n\t\t\t\t<\/div>\n\t\t\t\t<div class=\"elementor-element elementor-element-ea7c766 elementor-widget elementor-widget-image\" data-id=\"ea7c766\" data-element_type=\"widget\" data-widget_type=\"image.default\">\n\t\t\t\t<div class=\"elementor-widget-container\">\n\t\t\t\t\t\t\t\t\t\t\t\t<figure class=\"wp-caption\">\n\t\t\t\t\t\t\t\t\t\t<img loading=\"lazy\" decoding=\"async\" width=\"639\" height=\"1024\" src=\"https:\/\/richeskarayib.com\/wp-content\/uploads\/2025\/10\/WhatsApp-Image-2025-10-14-a-21.27.58_78664598-639x1024.jpg\" class=\"attachment-large size-large wp-image-63229\" alt=\"\" srcset=\"https:\/\/richeskarayib.com\/wp-content\/uploads\/2025\/10\/WhatsApp-Image-2025-10-14-a-21.27.58_78664598-639x1024.jpg 639w, https:\/\/richeskarayib.com\/wp-content\/uploads\/2025\/10\/WhatsApp-Image-2025-10-14-a-21.27.58_78664598-187x300.jpg 187w, https:\/\/richeskarayib.com\/wp-content\/uploads\/2025\/10\/WhatsApp-Image-2025-10-14-a-21.27.58_78664598-768x1231.jpg 768w, https:\/\/richeskarayib.com\/wp-content\/uploads\/2025\/10\/WhatsApp-Image-2025-10-14-a-21.27.58_78664598-958x1536.jpg 958w, https:\/\/richeskarayib.com\/wp-content\/uploads\/2025\/10\/WhatsApp-Image-2025-10-14-a-21.27.58_78664598.jpg 998w\" sizes=\"(max-width: 639px) 100vw, 639px\" \/>\t\t\t\t\t\t\t\t\t\t\t<figcaption class=\"widget-image-caption wp-caption-text\"><\/figcaption>\n\t\t\t\t\t\t\t\t\t\t<\/figure>\n\t\t\t\t\t\t\t\t\t<\/div>\n\t\t\t\t<\/div>\n\t\t\t\t<div class=\"elementor-element elementor-element-3ffe151 elementor-widget elementor-widget-text-editor\" data-id=\"3ffe151\" data-element_type=\"widget\" data-widget_type=\"text-editor.default\">\n\t\t\t\t<div class=\"elementor-widget-container\">\n\t\t\t\t\t\t\t\t\t<p><span style=\"font-weight: 400;\">La CORCAC structure son action autour de la coop\u00e9ration culturelle, \u00e9ducative, scientifique et \u00e9conomique, en cherchant \u00e0 relier les priorit\u00e9s fran\u00e7aises \u2014 culture, francophonie, durabilit\u00e9 et droits humains \u2014 aux besoins sp\u00e9cifiques des pays de la Cara\u00efbe anglophone. Pour elle, au-del\u00e0 des structures, ce sont des femmes et des hommes engag\u00e9s, v\u00e9ritables acteurs de terrain, porteurs de lien et d\u2019action qui font vivre cette francophonie ouverte, solidaire et cr\u00e9ative.<\/span><\/p><p><span style=\"font-weight: 400;\">\u00ab Les Alliances Fran\u00e7aises sont des partenaires essentiels. \u00bb<\/span><\/p>\t\t\t\t\t\t\t\t<\/div>\n\t\t\t\t<\/div>\n\t\t\t\t<div class=\"elementor-element elementor-element-283d2c7 elementor-widget elementor-widget-image\" data-id=\"283d2c7\" data-element_type=\"widget\" data-widget_type=\"image.default\">\n\t\t\t\t<div class=\"elementor-widget-container\">\n\t\t\t\t\t\t\t\t\t\t\t\t\t\t\t<img loading=\"lazy\" decoding=\"async\" width=\"800\" height=\"370\" src=\"https:\/\/richeskarayib.com\/wp-content\/uploads\/2025\/10\/WhatsApp-Image-2025-10-14-a-10.29.46_9e0dace8-1024x473.jpg\" class=\"attachment-large size-large wp-image-63120\" alt=\"\" srcset=\"https:\/\/richeskarayib.com\/wp-content\/uploads\/2025\/10\/WhatsApp-Image-2025-10-14-a-10.29.46_9e0dace8-1024x473.jpg 1024w, https:\/\/richeskarayib.com\/wp-content\/uploads\/2025\/10\/WhatsApp-Image-2025-10-14-a-10.29.46_9e0dace8-300x139.jpg 300w, https:\/\/richeskarayib.com\/wp-content\/uploads\/2025\/10\/WhatsApp-Image-2025-10-14-a-10.29.46_9e0dace8-768x355.jpg 768w, https:\/\/richeskarayib.com\/wp-content\/uploads\/2025\/10\/WhatsApp-Image-2025-10-14-a-10.29.46_9e0dace8-1536x709.jpg 1536w, https:\/\/richeskarayib.com\/wp-content\/uploads\/2025\/10\/WhatsApp-Image-2025-10-14-a-10.29.46_9e0dace8-1320x610.jpg 1320w, https:\/\/richeskarayib.com\/wp-content\/uploads\/2025\/10\/WhatsApp-Image-2025-10-14-a-10.29.46_9e0dace8.jpg 1600w\" sizes=\"(max-width: 800px) 100vw, 800px\" \/>\t\t\t\t\t\t\t\t\t\t\t\t\t\t\t<\/div>\n\t\t\t\t<\/div>\n\t\t\t\t<div class=\"elementor-element elementor-element-74a9d52 elementor-widget elementor-widget-text-editor\" data-id=\"74a9d52\" data-element_type=\"widget\" data-widget_type=\"text-editor.default\">\n\t\t\t\t<div class=\"elementor-widget-container\">\n\t\t\t\t\t\t\t\t\t<p><span style=\"font-weight: 400;\">La pr\u00e9sence de <strong>Jean-Fran\u00e7ois Hans<\/strong>, <span data-olk-copy-source=\"MessageBody\">D\u00e9l\u00e9gu\u00e9 g\u00e9ographique pour la zone C \u00e0<\/span> la Fondation des Alliances Fran\u00e7aises, a rappel\u00e9, depuis Paris, l\u2019importance de la coh\u00e9sion mondiale du r\u00e9seau.<\/span><\/p><p><span style=\"font-weight: 400;\">Charte de valeurs, outils de gouvernance, identit\u00e9 visuelle et accompagnement des \u00e9quipes locales : la Fondation veille \u00e0 maintenir une qualit\u00e9 et une \u00e9thique partag\u00e9es sur les cinq continents.<\/span><\/p><p><span style=\"font-weight: 400;\">\u201cUne grande Alliance doit toujours tendre la main \u00e0 une plus petite. C\u2019est notre ADN collectif.\u201d<\/span><\/p><p><span style=\"font-weight: 400;\">Cette solidarit\u00e9, moteur du mouvement, prend tout son sens dans la Cara\u00efbe, o\u00f9 les d\u00e9fis logistiques et humains se conjuguent \u00e0 la richesse culturelle et linguistique.<\/span><\/p>\t\t\t\t\t\t\t\t<\/div>\n\t\t\t\t<\/div>\n\t\t\t\t\t<\/div>\n\t\t<\/div>\n\t\t\t\t\t<\/div>\n\t\t<\/section>\n\t\t\t\t<section class=\"elementor-section elementor-top-section elementor-element elementor-element-ee72354 elementor-section-boxed elementor-section-height-default elementor-section-height-default\" data-id=\"ee72354\" data-element_type=\"section\">\n\t\t\t\t\t\t<div class=\"elementor-container elementor-column-gap-default\">\n\t\t\t\t\t<div class=\"elementor-column elementor-col-100 elementor-top-column elementor-element elementor-element-c59d6fe\" data-id=\"c59d6fe\" data-element_type=\"column\">\n\t\t\t<div class=\"elementor-widget-wrap elementor-element-populated\">\n\t\t\t\t\t\t<div class=\"elementor-element elementor-element-ddc6a1e elementor-widget elementor-widget-heading\" data-id=\"ddc6a1e\" data-element_type=\"widget\" data-widget_type=\"heading.default\">\n\t\t\t\t<div class=\"elementor-widget-container\">\n\t\t\t\t\t<h2 class=\"elementor-heading-title elementor-size-default\">Une francophonie mondiale, ancr\u00e9e dans les r\u00e9alit\u00e9s locales<\/h2>\t\t\t\t<\/div>\n\t\t\t\t<\/div>\n\t\t\t\t<div class=\"elementor-element elementor-element-e57451f elementor-widget elementor-widget-text-editor\" data-id=\"e57451f\" data-element_type=\"widget\" data-widget_type=\"text-editor.default\">\n\t\t\t\t<div class=\"elementor-widget-container\">\n\t\t\t\t\t\t\t\t\t<p><span style=\"font-weight: 400;\">Le r\u00e9seau des Alliances Fran\u00e7aises, fond\u00e9 en 1883, est aujourd\u2019hui le plus vaste r\u00e9seau culturel au monde, avec plus de 820 \u00e9tablissements dans 135 pays.<\/span><\/p><p><span style=\"font-weight: 400;\">Dans la Cara\u00efbe anglophone, dix Alliances portent la langue et la culture fran\u00e7aises : Barbade, Sainte-Lucie, Dominique, Grenade, Jama\u00efque, <span data-olk-copy-source=\"MessageBody\">Saint-Christophe-et-Ni\u00e9v\u00e8s<\/span>, Guyana, <span data-olk-copy-source=\"MessageBody\">Saint-Vincent-et-les-Grenadines<\/span>, <span data-olk-copy-source=\"MessageBody\">Trinit\u00e9-et-Tobago <\/span>et Suriname.<\/span><\/p><p><span style=\"font-weight: 400;\">En 2024, elles ont accueilli plus de 1 000 apprenants, dispens\u00e9 9 000 heures de cours et organis\u00e9 160 \u00e9v\u00e9nements culturels, r\u00e9unissant plus de 7 000 participants.<\/span><\/p>\t\t\t\t\t\t\t\t<\/div>\n\t\t\t\t<\/div>\n\t\t\t\t<div class=\"elementor-element elementor-element-116a31b elementor-widget elementor-widget-text-editor\" data-id=\"116a31b\" data-element_type=\"widget\" data-widget_type=\"text-editor.default\">\n\t\t\t\t<div class=\"elementor-widget-container\">\n\t\t\t\t\t\t\t\t\t<p><span style=\"font-weight: 400;\">Autant de chiffres qui traduisent une r\u00e9alit\u00e9 vivante et dynamique: la francophonie carib\u00e9enne n\u2019est pas une id\u00e9e, c\u2019est une pr\u00e9sence quotidienne dans les salles de classe, les galeries, les festivals et les rues des capitales insulaires.\u00a0 La Francophonie se nourrit d\u2019\u00e9changes, d\u2019initiatives locales et de la passion de celles et ceux qui font vivre la langue fran\u00e7aise. <\/span><\/p>\t\t\t\t\t\t\t\t<\/div>\n\t\t\t\t<\/div>\n\t\t\t\t<div class=\"elementor-element elementor-element-b95e801 elementor-widget elementor-widget-image\" data-id=\"b95e801\" data-element_type=\"widget\" data-widget_type=\"image.default\">\n\t\t\t\t<div class=\"elementor-widget-container\">\n\t\t\t\t\t\t\t\t\t\t\t\t\t\t\t<img loading=\"lazy\" decoding=\"async\" width=\"800\" height=\"370\" src=\"https:\/\/richeskarayib.com\/wp-content\/uploads\/2025\/10\/WhatsApp-Image-2025-10-14-a-11.20.38_2bdbd295-1024x473.jpg\" class=\"attachment-large size-large wp-image-63181\" alt=\"\" srcset=\"https:\/\/richeskarayib.com\/wp-content\/uploads\/2025\/10\/WhatsApp-Image-2025-10-14-a-11.20.38_2bdbd295-1024x473.jpg 1024w, https:\/\/richeskarayib.com\/wp-content\/uploads\/2025\/10\/WhatsApp-Image-2025-10-14-a-11.20.38_2bdbd295-300x139.jpg 300w, https:\/\/richeskarayib.com\/wp-content\/uploads\/2025\/10\/WhatsApp-Image-2025-10-14-a-11.20.38_2bdbd295-768x355.jpg 768w, https:\/\/richeskarayib.com\/wp-content\/uploads\/2025\/10\/WhatsApp-Image-2025-10-14-a-11.20.38_2bdbd295.jpg 1280w\" sizes=\"(max-width: 800px) 100vw, 800px\" \/>\t\t\t\t\t\t\t\t\t\t\t\t\t\t\t<\/div>\n\t\t\t\t<\/div>\n\t\t\t\t\t<\/div>\n\t\t<\/div>\n\t\t\t\t\t<\/div>\n\t\t<\/section>\n\t\t\t\t<section class=\"elementor-section elementor-top-section elementor-element elementor-element-82cd8f9 elementor-section-boxed elementor-section-height-default elementor-section-height-default\" data-id=\"82cd8f9\" data-element_type=\"section\">\n\t\t\t\t\t\t<div class=\"elementor-container elementor-column-gap-default\">\n\t\t\t\t\t<div class=\"elementor-column elementor-col-100 elementor-top-column elementor-element elementor-element-0bfdc38\" data-id=\"0bfdc38\" data-element_type=\"column\">\n\t\t\t<div class=\"elementor-widget-wrap elementor-element-populated\">\n\t\t\t\t\t\t<div class=\"elementor-element elementor-element-7d292fe elementor-widget elementor-widget-heading\" data-id=\"7d292fe\" data-element_type=\"widget\" data-widget_type=\"heading.default\">\n\t\t\t\t<div class=\"elementor-widget-container\">\n\t\t\t\t\t<h2 class=\"elementor-heading-title elementor-size-default\">Un r\u00e9seau en mouvement : entre vision et action\n<\/h2>\t\t\t\t<\/div>\n\t\t\t\t<\/div>\n\t\t\t\t<div class=\"elementor-element elementor-element-8e337bf elementor-widget elementor-widget-text-editor\" data-id=\"8e337bf\" data-element_type=\"widget\" data-widget_type=\"text-editor.default\">\n\t\t\t\t<div class=\"elementor-widget-container\">\n\t\t\t\t\t\t\t\t\t<h3><span style=\"text-decoration: underline;\"><b>Projet R\u00e9zo<\/b><\/span><\/h3><p><span style=\"font-weight: 400;\">Port\u00e9 par une volont\u00e9 commune de faire \u00e9voluer le r\u00e9seau, le projet R\u00c9ZO s\u2019impose comme un v\u00e9ritable moteur pour les Alliances Fran\u00e7aises de la Cara\u00efbe anglophone, c\u2019est aussi une mani\u00e8re de penser le r\u00e9seau autrement : plus collaboratif, plus agile, plus visible.<\/span><\/p>\t\t\t\t\t\t\t\t<\/div>\n\t\t\t\t<\/div>\n\t\t\t\t<div class=\"elementor-element elementor-element-0467e62 elementor-widget elementor-widget-text-editor\" data-id=\"0467e62\" data-element_type=\"widget\" data-widget_type=\"text-editor.default\">\n\t\t\t\t<div class=\"elementor-widget-container\">\n\t\t\t\t\t\t\t\t\t<p><span style=\"font-weight: 400;\">Soutenu par le Service de Coop\u00e9ration et d\u2019Action Culturelle (SCAC), de l\u2019Ambassade de France, il vise \u00e0 renforcer la coordination r\u00e9gionale, la mutualisation des outils et la professionnalisation des \u00e9quipes. <\/span><span style=\"font-weight: 400;\">Au fil des sessions, les \u00e9changes ont mis en lumi\u00e8re une ambition partag\u00e9e : harmoniser les pratiques, encourager l\u2019innovation p\u00e9dagogique et renforcer les comp\u00e9tences, tout en consolidant la place de la francophonie dans des environnements linguistiques pluriels.<\/span><\/p><p><span style=\"font-weight: 400;\">Sous la coordination d\u2019Aur\u00e9lie Gbeffa, six axes de travail ont \u00e9t\u00e9 abord\u00e9s :<\/span><\/p>\t\t\t\t\t\t\t\t<\/div>\n\t\t\t\t<\/div>\n\t\t\t\t<div class=\"elementor-element elementor-element-db74c5d elementor-widget elementor-widget-text-editor\" data-id=\"db74c5d\" data-element_type=\"widget\" data-widget_type=\"text-editor.default\">\n\t\t\t\t<div class=\"elementor-widget-container\">\n\t\t\t\t\t\t\t\t\t<ul><li><span style=\"font-weight: 400;\">&#8211; <strong>Gouvernance associative et transparence :<\/strong> renforcer la gestion interne et la communication avec les membres.<\/span><\/li><li><span style=\"font-weight: 400;\">&#8211; <strong>Formation des \u00e9quipes :<\/strong> consolider les comp\u00e9tences et favoriser la mobilit\u00e9 r\u00e9gionale.<\/span><\/li><li><span style=\"font-weight: 400;\">&#8211; <strong>Certifications et qualit\u00e9 p\u00e9dagogique :<\/strong> harmoniser les standards de formation et d\u2019\u00e9valuation.<\/span><\/li><li><span style=\"font-weight: 400;\">&#8211; <strong>Transition num\u00e9rique :<\/strong> d\u00e9velopper des outils collaboratifs et des ressources digitales communes.<\/span><\/li><li><span style=\"font-weight: 400;\">&#8211; <strong>Mise en place de projets R\u00c9ZO:<\/strong> cr\u00e9er et animer des projets communs entre Alliances.<\/span><\/li><li><span style=\"font-weight: 400;\">&#8211; <strong>Revitalisation des m\u00e9diath\u00e8ques :<\/strong> moderniser les espaces culturels pour les adapter aux usages d\u2019aujourd\u2019hui.<\/span><\/li><\/ul><p><span style=\"font-weight: 400;\">Chaque Alliance repart avec une feuille de route personnalis\u00e9e, preuve d\u2019un engagement partag\u00e9 et d\u2019une dynamique r\u00e9gionale forte.<\/span><\/p>\t\t\t\t\t\t\t\t<\/div>\n\t\t\t\t<\/div>\n\t\t\t\t<section class=\"elementor-section elementor-inner-section elementor-element elementor-element-c582330 elementor-section-boxed elementor-section-height-default elementor-section-height-default\" data-id=\"c582330\" data-element_type=\"section\">\n\t\t\t\t\t\t<div class=\"elementor-container elementor-column-gap-default\">\n\t\t\t\t\t\t<\/div>\n\t\t<\/section>\n\t\t\t\t<section class=\"elementor-section elementor-inner-section elementor-element elementor-element-296603a elementor-section-boxed elementor-section-height-default elementor-section-height-default\" data-id=\"296603a\" data-element_type=\"section\">\n\t\t\t\t\t\t<div class=\"elementor-container elementor-column-gap-default\">\n\t\t\t\t\t\t<\/div>\n\t\t<\/section>\n\t\t\t\t<div class=\"elementor-element elementor-element-f8bdf72 elementor-widget elementor-widget-image\" data-id=\"f8bdf72\" data-element_type=\"widget\" data-widget_type=\"image.default\">\n\t\t\t\t<div class=\"elementor-widget-container\">\n\t\t\t\t\t\t\t\t\t\t\t\t\t\t\t<img loading=\"lazy\" decoding=\"async\" width=\"800\" height=\"370\" src=\"https:\/\/richeskarayib.com\/wp-content\/uploads\/2025\/10\/WhatsApp-Image-2025-10-14-a-11.44.21_81b1f036-1024x473.jpg\" class=\"attachment-large size-large wp-image-63193\" alt=\"\" srcset=\"https:\/\/richeskarayib.com\/wp-content\/uploads\/2025\/10\/WhatsApp-Image-2025-10-14-a-11.44.21_81b1f036-1024x473.jpg 1024w, https:\/\/richeskarayib.com\/wp-content\/uploads\/2025\/10\/WhatsApp-Image-2025-10-14-a-11.44.21_81b1f036-300x139.jpg 300w, https:\/\/richeskarayib.com\/wp-content\/uploads\/2025\/10\/WhatsApp-Image-2025-10-14-a-11.44.21_81b1f036-768x355.jpg 768w, https:\/\/richeskarayib.com\/wp-content\/uploads\/2025\/10\/WhatsApp-Image-2025-10-14-a-11.44.21_81b1f036-1536x709.jpg 1536w, https:\/\/richeskarayib.com\/wp-content\/uploads\/2025\/10\/WhatsApp-Image-2025-10-14-a-11.44.21_81b1f036-1320x610.jpg 1320w, https:\/\/richeskarayib.com\/wp-content\/uploads\/2025\/10\/WhatsApp-Image-2025-10-14-a-11.44.21_81b1f036.jpg 1600w\" sizes=\"(max-width: 800px) 100vw, 800px\" \/>\t\t\t\t\t\t\t\t\t\t\t\t\t\t\t<\/div>\n\t\t\t\t<\/div>\n\t\t\t\t<div class=\"elementor-element elementor-element-26363d1 elementor-widget elementor-widget-text-editor\" data-id=\"26363d1\" data-element_type=\"widget\" data-widget_type=\"text-editor.default\">\n\t\t\t\t<div class=\"elementor-widget-container\">\n\t\t\t\t\t\t\t\t\t<h3><span style=\"text-decoration: underline;\"><b>Micro-projets<\/b><\/span><\/h3><p><span style=\"font-weight: 400;\">Dans cette m\u00eame logique, le SCAC a rappel\u00e9 son r\u00f4le cl\u00e9 d\u2019accompagnateur et de facilitateur \u00e0 travers le dispositif de micro-projets. <\/span><span style=\"font-weight: 400;\">Ces subventions, allou\u00e9es chaque ann\u00e9e \u00e0 des porteurs de projets locaux, constituent un levier concret pour la mise en \u0153uvre d\u2019initiatives culturelles, \u00e9ducatives ou citoyennes \u00e0 l\u2019\u00e9chelle de la r\u00e9gion.<\/span><\/p>\t\t\t\t\t\t\t\t<\/div>\n\t\t\t\t<\/div>\n\t\t\t\t<div class=\"elementor-element elementor-element-2856abb elementor-widget elementor-widget-text-editor\" data-id=\"2856abb\" data-element_type=\"widget\" data-widget_type=\"text-editor.default\">\n\t\t\t\t<div class=\"elementor-widget-container\">\n\t\t\t\t\t\t\t\t\t<p><span style=\"font-weight: 400;\">Un m\u00e9canisme vertueux qui soutient la cr\u00e9ativit\u00e9 locale, tout en favorisant la formation et l\u2019autonomie des acteurs de terrain. <\/span><span style=\"font-weight: 400;\">Au-del\u00e0 de l\u2019aspect financier, ce dispositif, signature du poste diplomatique de Sainte-Lucie incarne une diplomatie de la proximit\u00e9, au service des \u00e9changes humains et de la coop\u00e9ration entre territoires francophones et anglophones.<\/span><\/p>\t\t\t\t\t\t\t\t<\/div>\n\t\t\t\t<\/div>\n\t\t\t\t<div class=\"elementor-element elementor-element-0cd459e elementor-widget elementor-widget-text-editor\" data-id=\"0cd459e\" data-element_type=\"widget\" data-widget_type=\"text-editor.default\">\n\t\t\t\t<div class=\"elementor-widget-container\">\n\t\t\t\t\t\t\t\t\t<p><span style=\"font-weight: 400;\">De Sainte-Lucie \u00e0 la Dominique, de <span data-olk-copy-source=\"MessageBody\">Trinit\u00e9-et-Tobago<\/span> \u00e0 la Grenade, les micro-projets soutenus refl\u00e8tent la diversit\u00e9 des enjeux partag\u00e9s : culture, \u00e9ducation, environnement, inclusion, innovation. <\/span><span style=\"font-weight: 400;\">Autant de champs o\u00f9 les Alliances Fran\u00e7aises, appuy\u00e9es par le SCAC, deviennent des passerelles entre les soci\u00e9t\u00e9s et un moteur de coop\u00e9ration durable dans la Cara\u00efbe.<\/span><\/p>\t\t\t\t\t\t\t\t<\/div>\n\t\t\t\t<\/div>\n\t\t\t\t<div class=\"elementor-element elementor-element-347d466 elementor-widget elementor-widget-image\" data-id=\"347d466\" data-element_type=\"widget\" data-widget_type=\"image.default\">\n\t\t\t\t<div class=\"elementor-widget-container\">\n\t\t\t\t\t\t\t\t\t\t\t\t\t\t\t<img loading=\"lazy\" decoding=\"async\" width=\"800\" height=\"370\" src=\"https:\/\/richeskarayib.com\/wp-content\/uploads\/2025\/10\/WhatsApp-Image-2025-10-14-a-10.29.45_3aac92ad-1-1024x473.jpg\" class=\"attachment-large size-large wp-image-63128\" alt=\"Alliances Fran\u00e7aises\" srcset=\"https:\/\/richeskarayib.com\/wp-content\/uploads\/2025\/10\/WhatsApp-Image-2025-10-14-a-10.29.45_3aac92ad-1-1024x473.jpg 1024w, https:\/\/richeskarayib.com\/wp-content\/uploads\/2025\/10\/WhatsApp-Image-2025-10-14-a-10.29.45_3aac92ad-1-300x139.jpg 300w, https:\/\/richeskarayib.com\/wp-content\/uploads\/2025\/10\/WhatsApp-Image-2025-10-14-a-10.29.45_3aac92ad-1-768x355.jpg 768w, https:\/\/richeskarayib.com\/wp-content\/uploads\/2025\/10\/WhatsApp-Image-2025-10-14-a-10.29.45_3aac92ad-1-1536x709.jpg 1536w, https:\/\/richeskarayib.com\/wp-content\/uploads\/2025\/10\/WhatsApp-Image-2025-10-14-a-10.29.45_3aac92ad-1-1320x610.jpg 1320w, https:\/\/richeskarayib.com\/wp-content\/uploads\/2025\/10\/WhatsApp-Image-2025-10-14-a-10.29.45_3aac92ad-1.jpg 1600w\" sizes=\"(max-width: 800px) 100vw, 800px\" \/>\t\t\t\t\t\t\t\t\t\t\t\t\t\t\t<\/div>\n\t\t\t\t<\/div>\n\t\t\t\t<div class=\"elementor-element elementor-element-ed20d54 elementor-widget elementor-widget-text-editor\" data-id=\"ed20d54\" data-element_type=\"widget\" data-widget_type=\"text-editor.default\">\n\t\t\t\t<div class=\"elementor-widget-container\">\n\t\t\t\t\t\t\t\t\t<h3><span style=\"text-decoration: underline;\"><b>CARIFRAN<\/b><\/span><\/h3><p><span style=\"font-weight: 400;\">Cette strat\u00e9gie s\u2019inscrit \u00e9galement dans la dynamique r\u00e9gionale du programme CARIFRAN, consacr\u00e9 \u00e0 la formation et \u00e0 la mobilit\u00e9 des enseignants de fran\u00e7ais dans la Cara\u00efbe.<\/span><\/p><p><span style=\"font-weight: 400;\">Mis en \u0153uvre par l\u2019Organisation des \u00c9tats Am\u00e9ricains et financ\u00e9 par l\u2019Ambassade de France aupr\u00e8s des Etats de la Cara\u00efbe orientale, de la Barbade et de l\u2019OECO \u00e0 hauteur de 453 000 euros, CARIFRAN contribue \u00e0 renforcer une communaut\u00e9 \u00e9ducative francophone ouverte aux \u00e9changes inter-\u00eeles et \u00e0 la coop\u00e9ration linguistique. <\/span><span style=\"font-weight: 400;\">Il incarne la compl\u00e9mentarit\u00e9 entre actions \u00e9ducatives, culturelles et diplomatiques au sein du r\u00e9seau.<\/span><\/p>\t\t\t\t\t\t\t\t<\/div>\n\t\t\t\t<\/div>\n\t\t\t\t<div class=\"elementor-element elementor-element-bcc5550 elementor-widget elementor-widget-image\" data-id=\"bcc5550\" data-element_type=\"widget\" data-widget_type=\"image.default\">\n\t\t\t\t<div class=\"elementor-widget-container\">\n\t\t\t\t\t\t\t\t\t\t\t\t\t\t\t<img loading=\"lazy\" decoding=\"async\" width=\"800\" height=\"370\" src=\"https:\/\/richeskarayib.com\/wp-content\/uploads\/2025\/10\/WhatsApp-Image-2025-10-14-a-10.51.24_8356bea2-1024x473.jpg\" class=\"attachment-large size-large wp-image-63112\" alt=\"Alliances Fran\u00e7aises\" srcset=\"https:\/\/richeskarayib.com\/wp-content\/uploads\/2025\/10\/WhatsApp-Image-2025-10-14-a-10.51.24_8356bea2-1024x473.jpg 1024w, https:\/\/richeskarayib.com\/wp-content\/uploads\/2025\/10\/WhatsApp-Image-2025-10-14-a-10.51.24_8356bea2-300x139.jpg 300w, https:\/\/richeskarayib.com\/wp-content\/uploads\/2025\/10\/WhatsApp-Image-2025-10-14-a-10.51.24_8356bea2-768x355.jpg 768w, https:\/\/richeskarayib.com\/wp-content\/uploads\/2025\/10\/WhatsApp-Image-2025-10-14-a-10.51.24_8356bea2-1536x709.jpg 1536w, https:\/\/richeskarayib.com\/wp-content\/uploads\/2025\/10\/WhatsApp-Image-2025-10-14-a-10.51.24_8356bea2-1320x610.jpg 1320w, https:\/\/richeskarayib.com\/wp-content\/uploads\/2025\/10\/WhatsApp-Image-2025-10-14-a-10.51.24_8356bea2.jpg 1600w\" sizes=\"(max-width: 800px) 100vw, 800px\" \/>\t\t\t\t\t\t\t\t\t\t\t\t\t\t\t<\/div>\n\t\t\t\t<\/div>\n\t\t\t\t\t<\/div>\n\t\t<\/div>\n\t\t\t\t\t<\/div>\n\t\t<\/section>\n\t\t\t\t<section class=\"elementor-section elementor-top-section elementor-element elementor-element-5a7397d elementor-section-boxed elementor-section-height-default elementor-section-height-default\" data-id=\"5a7397d\" data-element_type=\"section\">\n\t\t\t\t\t\t<div class=\"elementor-container elementor-column-gap-default\">\n\t\t\t\t\t<div class=\"elementor-column elementor-col-100 elementor-top-column elementor-element elementor-element-8b33b4b\" data-id=\"8b33b4b\" data-element_type=\"column\">\n\t\t\t<div class=\"elementor-widget-wrap elementor-element-populated\">\n\t\t\t\t\t\t<div class=\"elementor-element elementor-element-89dac4b elementor-widget elementor-widget-heading\" data-id=\"89dac4b\" data-element_type=\"widget\" data-widget_type=\"heading.default\">\n\t\t\t\t<div class=\"elementor-widget-container\">\n\t\t\t\t\t<h2 class=\"elementor-heading-title elementor-size-default\">La force d\u2019un r\u00e9seau fragile<\/h2>\t\t\t\t<\/div>\n\t\t\t\t<\/div>\n\t\t\t\t<div class=\"elementor-element elementor-element-4fc7069 elementor-widget elementor-widget-text-editor\" data-id=\"4fc7069\" data-element_type=\"widget\" data-widget_type=\"text-editor.default\">\n\t\t\t\t<div class=\"elementor-widget-container\">\n\t\t\t\t\t\t\t\t\t<p><span style=\"font-weight: 400;\">Au-del\u00e0 des \u00e9changes, des ateliers et des d\u00e9cisions, le s\u00e9minaire R\u00c9ZO aura surtout confirm\u00e9 la vitalit\u00e9 d\u2019un r\u00e9seau en pleine transformation. <\/span><span style=\"font-weight: 400;\">Mais il aura aussi rappel\u00e9, en filigrane, la fragilit\u00e9 d\u2019un mod\u00e8le associatif qui repose sur l\u2019engagement, la passion et la solidarit\u00e9 plus que sur des moyens cons\u00e9quents.<\/span><\/p><p><span style=\"font-weight: 400;\">Dans la Cara\u00efbe anglophone comme ailleurs, les Alliances Fran\u00e7aises m\u00e8nent leurs actions avec des moyens modestes mais une remarquable efficacit\u00e9 et avec une r\u00e9elle volont\u00e9 d\u2019avancer ensemble\u00a0 gr\u00e2ce \u00e0 la force de leurs \u00e9quipes, de leurs pr\u00e9sidentes et pr\u00e9sidents b\u00e9n\u00e9voles et du soutien constant du SCAC et de la <span data-olk-copy-source=\"MessageBody\">Fondation<\/span> des Alliances Fran\u00e7aises.<\/span><\/p>\t\t\t\t\t\t\t\t<\/div>\n\t\t\t\t<\/div>\n\t\t\t\t<div class=\"elementor-element elementor-element-01940ec elementor-widget elementor-widget-image\" data-id=\"01940ec\" data-element_type=\"widget\" data-widget_type=\"image.default\">\n\t\t\t\t<div class=\"elementor-widget-container\">\n\t\t\t\t\t\t\t\t\t\t\t\t<figure class=\"wp-caption\">\n\t\t\t\t\t\t\t\t\t\t<img loading=\"lazy\" decoding=\"async\" width=\"800\" height=\"370\" src=\"https:\/\/richeskarayib.com\/wp-content\/uploads\/2025\/10\/WhatsApp-Image-2025-10-14-a-10.29.46_becd28c0-1024x473.jpg\" class=\"attachment-large size-large wp-image-63148\" alt=\"Alliances Fran\u00e7aises\" srcset=\"https:\/\/richeskarayib.com\/wp-content\/uploads\/2025\/10\/WhatsApp-Image-2025-10-14-a-10.29.46_becd28c0-1024x473.jpg 1024w, https:\/\/richeskarayib.com\/wp-content\/uploads\/2025\/10\/WhatsApp-Image-2025-10-14-a-10.29.46_becd28c0-300x139.jpg 300w, https:\/\/richeskarayib.com\/wp-content\/uploads\/2025\/10\/WhatsApp-Image-2025-10-14-a-10.29.46_becd28c0-768x355.jpg 768w, https:\/\/richeskarayib.com\/wp-content\/uploads\/2025\/10\/WhatsApp-Image-2025-10-14-a-10.29.46_becd28c0-1536x709.jpg 1536w, https:\/\/richeskarayib.com\/wp-content\/uploads\/2025\/10\/WhatsApp-Image-2025-10-14-a-10.29.46_becd28c0-1320x610.jpg 1320w, https:\/\/richeskarayib.com\/wp-content\/uploads\/2025\/10\/WhatsApp-Image-2025-10-14-a-10.29.46_becd28c0.jpg 1600w\" sizes=\"(max-width: 800px) 100vw, 800px\" \/>\t\t\t\t\t\t\t\t\t\t\t<figcaption class=\"widget-image-caption wp-caption-text\">Les directeurs des Alliances Fran\u00e7aise en compagnie du Ministre des Affaires \u00c9trang\u00e8res Hon.\u00a0Joseph\u00a0Andall<\/figcaption>\n\t\t\t\t\t\t\t\t\t\t<\/figure>\n\t\t\t\t\t\t\t\t\t<\/div>\n\t\t\t\t<\/div>\n\t\t\t\t<div class=\"elementor-element elementor-element-b94483d elementor-widget elementor-widget-text-editor\" data-id=\"b94483d\" data-element_type=\"widget\" data-widget_type=\"text-editor.default\">\n\t\t\t\t<div class=\"elementor-widget-container\">\n\t\t\t\t\t\t\t\t\t<p><span style=\"font-weight: 400;\">C\u2019est cette humanit\u00e9 collective, faite de r\u00e9silience et de conviction, qui fait la singularit\u00e9 du r\u00e9seau : une capacit\u00e9 \u00e0 cr\u00e9er du lien, \u00e0 inventer, \u00e0 se r\u00e9inventer m\u00eame dans l\u2019incertitude. <\/span><span style=\"font-weight: 400;\">Et si la coop\u00e9ration culturelle et linguistique est parfois un d\u00e9fi, elle reste aussi une promesse : celle d\u2019une Cara\u00efbe plurielle, connect\u00e9e, fi\u00e8re de sa diversit\u00e9 et capable d\u2019\u00e9crire son avenir \u00e0 travers le dialogue des cultures.<\/span><\/p>\t\t\t\t\t\t\t\t<\/div>\n\t\t\t\t<\/div>\n\t\t\t\t<div class=\"elementor-element elementor-element-f2d2b2a elementor-widget elementor-widget-image\" data-id=\"f2d2b2a\" data-element_type=\"widget\" data-widget_type=\"image.default\">\n\t\t\t\t<div class=\"elementor-widget-container\">\n\t\t\t\t\t\t\t\t\t\t\t\t<figure class=\"wp-caption\">\n\t\t\t\t\t\t\t\t\t\t<img loading=\"lazy\" decoding=\"async\" width=\"800\" height=\"383\" src=\"https:\/\/richeskarayib.com\/wp-content\/uploads\/2025\/10\/WhatsApp-Image-2025-10-14-a-11.52.00_3f7924fb-1024x490.jpg\" class=\"attachment-large size-large wp-image-63198\" alt=\"\" srcset=\"https:\/\/richeskarayib.com\/wp-content\/uploads\/2025\/10\/WhatsApp-Image-2025-10-14-a-11.52.00_3f7924fb-1024x490.jpg 1024w, https:\/\/richeskarayib.com\/wp-content\/uploads\/2025\/10\/WhatsApp-Image-2025-10-14-a-11.52.00_3f7924fb-300x144.jpg 300w, https:\/\/richeskarayib.com\/wp-content\/uploads\/2025\/10\/WhatsApp-Image-2025-10-14-a-11.52.00_3f7924fb-768x368.jpg 768w, https:\/\/richeskarayib.com\/wp-content\/uploads\/2025\/10\/WhatsApp-Image-2025-10-14-a-11.52.00_3f7924fb.jpg 1280w\" sizes=\"(max-width: 800px) 100vw, 800px\" \/>\t\t\t\t\t\t\t\t\t\t\t<figcaption class=\"widget-image-caption wp-caption-text\">Au nom de l\u2019Ambassade de France, Christiane Bourgeois, conseill\u00e8re de coop\u00e9ration et d\u2019action culturelle, a remis aux directrices et directeurs des Alliances Fran\u00e7aises de la Cara\u00efbe des ch\u00e2les, bracelets et pin\u2019s aux couleurs d\u2019Octobre Rose, symboles d\u2019engagement et de solidarit\u00e9 face au\u00a0cancer\u00a0du\u00a0sein.<\/figcaption>\n\t\t\t\t\t\t\t\t\t\t<\/figure>\n\t\t\t\t\t\t\t\t\t<\/div>\n\t\t\t\t<\/div>\n\t\t\t\t\t<\/div>\n\t\t<\/div>\n\t\t\t\t\t<\/div>\n\t\t<\/section>\n\t\t\t\t<\/div>\n\t\t","protected":false},"excerpt":{"rendered":"<p>Ensemble pour une Cara\u00efbe qui rayonne, les Alliances Fran\u00e7aises deviennent des passerelles entre cultures, langues et territoires. Lors du s\u00e9minaire R\u00c9ZO organis\u00e9 \u00e0 la Grenade, les directrices, directeurs, pr\u00e9sidentes et pr\u00e9sidents des Alliances Fran\u00e7aises de la Cara\u00efbe anglophone se sont r\u00e9unis pour renforcer ensemble la coop\u00e9ration culturelle et linguistique dans la r\u00e9gion et d\u00e9finir de [&hellip;]<\/p>\n","protected":false},"author":662,"featured_media":63221,"comment_status":"open","ping_status":"open","sticky":false,"template":"","format":"standard","meta":{"_acf_changed":false,"footnotes":""},"categories":[1785],"tags":[1598,1716,1643,1653,1693,1680,1744,1599,1635,1696],"class_list":["post-63071","post","type-post","status-publish","format-standard","has-post-thumbnail","hentry","category-cooperation","tag-barbade-fr","tag-dominique-fr-2","tag-grenade","tag-guyana-2","tag-jamaique-2","tag-saint-kitts-et-nevis","tag-saint-vincent-et-les-grenadines","tag-sainte-lucie-fr","tag-suriname-2","tag-trinidad-tobago-fr"],"acf":[],"_links":{"self":[{"href":"https:\/\/richeskarayib.com\/fr\/wp-json\/wp\/v2\/posts\/63071","targetHints":{"allow":["GET"]}}],"collection":[{"href":"https:\/\/richeskarayib.com\/fr\/wp-json\/wp\/v2\/posts"}],"about":[{"href":"https:\/\/richeskarayib.com\/fr\/wp-json\/wp\/v2\/types\/post"}],"author":[{"embeddable":true,"href":"https:\/\/richeskarayib.com\/fr\/wp-json\/wp\/v2\/users\/662"}],"replies":[{"embeddable":true,"href":"https:\/\/richeskarayib.com\/fr\/wp-json\/wp\/v2\/comments?post=63071"}],"version-history":[{"count":0,"href":"https:\/\/richeskarayib.com\/fr\/wp-json\/wp\/v2\/posts\/63071\/revisions"}],"wp:featuredmedia":[{"embeddable":true,"href":"https:\/\/richeskarayib.com\/fr\/wp-json\/wp\/v2\/media\/63221"}],"wp:attachment":[{"href":"https:\/\/richeskarayib.com\/fr\/wp-json\/wp\/v2\/media?parent=63071"}],"wp:term":[{"taxonomy":"category","embeddable":true,"href":"https:\/\/richeskarayib.com\/fr\/wp-json\/wp\/v2\/categories?post=63071"},{"taxonomy":"post_tag","embeddable":true,"href":"https:\/\/richeskarayib.com\/fr\/wp-json\/wp\/v2\/tags?post=63071"}],"curies":[{"name":"wp","href":"https:\/\/api.w.org\/{rel}","templated":true}]}}