{"id":63208,"date":"2025-10-14T12:23:28","date_gmt":"2025-10-14T16:23:28","guid":{"rendered":"https:\/\/richeskarayib.com\/?p=63208"},"modified":"2025-10-14T12:50:56","modified_gmt":"2025-10-14T16:50:56","slug":"caribbean-airlines-garvin-medera-demissionne","status":"publish","type":"post","link":"https:\/\/richeskarayib.com\/fr\/caribbean-airlines-garvin-medera-demissionne\/","title":{"rendered":"Caribbean Airlines : Garvin Medera quitte la direction, la continuit\u00e9 assur\u00e9e par Nirmala Ramai"},"content":{"rendered":"\t\t<div data-elementor-type=\"wp-post\" data-elementor-id=\"63208\" class=\"elementor elementor-63208\" data-elementor-post-type=\"post\">\n\t\t\t\t\t\t<section class=\"elementor-section elementor-top-section elementor-element elementor-element-7ca7ca1 elementor-section-boxed elementor-section-height-default elementor-section-height-default\" data-id=\"7ca7ca1\" data-element_type=\"section\">\n\t\t\t\t\t\t<div class=\"elementor-container elementor-column-gap-default\">\n\t\t\t\t\t<div class=\"elementor-column elementor-col-100 elementor-top-column elementor-element elementor-element-cbdd002\" data-id=\"cbdd002\" data-element_type=\"column\">\n\t\t\t<div class=\"elementor-widget-wrap elementor-element-populated\">\n\t\t\t\t\t\t<section class=\"elementor-section elementor-inner-section elementor-element elementor-element-bc94849 elementor-section-boxed elementor-section-height-default elementor-section-height-default\" data-id=\"bc94849\" data-element_type=\"section\">\n\t\t\t\t\t\t<div class=\"elementor-container elementor-column-gap-default\">\n\t\t\t\t\t\t<\/div>\n\t\t<\/section>\n\t\t\t\t<section class=\"elementor-section elementor-inner-section elementor-element elementor-element-61571e6 elementor-section-boxed elementor-section-height-default elementor-section-height-default\" data-id=\"61571e6\" data-element_type=\"section\">\n\t\t\t\t\t\t<div class=\"elementor-container elementor-column-gap-default\">\n\t\t\t\t\t\t<\/div>\n\t\t<\/section>\n\t\t\t\t<section class=\"elementor-section elementor-inner-section elementor-element elementor-element-b6262e0 elementor-section-boxed elementor-section-height-default elementor-section-height-default\" data-id=\"b6262e0\" data-element_type=\"section\">\n\t\t\t\t\t\t<div class=\"elementor-container elementor-column-gap-default\">\n\t\t\t\t\t\t<\/div>\n\t\t<\/section>\n\t\t\t\t<section class=\"elementor-section elementor-inner-section elementor-element elementor-element-cca29fd elementor-section-boxed elementor-section-height-default elementor-section-height-default\" data-id=\"cca29fd\" data-element_type=\"section\">\n\t\t\t\t\t\t<div class=\"elementor-container elementor-column-gap-default\">\n\t\t\t\t\t\t<\/div>\n\t\t<\/section>\n\t\t\t\t\t<\/div>\n\t\t<\/div>\n\t\t\t\t\t<\/div>\n\t\t<\/section>\n\t\t\t\t<section class=\"elementor-section elementor-top-section elementor-element elementor-element-e1fea79 elementor-section-boxed elementor-section-height-default elementor-section-height-default\" data-id=\"e1fea79\" data-element_type=\"section\">\n\t\t\t\t\t\t<div class=\"elementor-container elementor-column-gap-default\">\n\t\t\t\t\t<div class=\"elementor-column elementor-col-100 elementor-top-column elementor-element elementor-element-6d0be76\" data-id=\"6d0be76\" data-element_type=\"column\">\n\t\t\t<div class=\"elementor-widget-wrap elementor-element-populated\">\n\t\t\t\t\t\t<div class=\"elementor-element elementor-element-a310b25 elementor-widget elementor-widget-heading\" data-id=\"a310b25\" data-element_type=\"widget\" data-widget_type=\"heading.default\">\n\t\t\t\t<div class=\"elementor-widget-container\">\n\t\t\t\t\t<h2 class=\"elementor-heading-title elementor-size-default\">Une succession interne pour assurer la stabilit\u00e9<\/h2>\t\t\t\t<\/div>\n\t\t\t\t<\/div>\n\t\t\t\t<div class=\"elementor-element elementor-element-bbb62ae elementor-widget elementor-widget-text-editor\" data-id=\"bbb62ae\" data-element_type=\"widget\" data-widget_type=\"text-editor.default\">\n\t\t\t\t<div class=\"elementor-widget-container\">\n\t\t\t\t\t\t\t\t\t<p><span style=\"font-weight: 400;\">Le conseil d\u2019administration de <a href=\"https:\/\/sflcn.com\/garvin-medera-resigns-as-caribbean-airlines-ceo\/\" target=\"_blank\" rel=\"noopener nofollow\" data-wplink-edit=\"true\">Caribbean Airlines<\/a> a annonc\u00e9 la d\u00e9mission imm\u00e9diate de son pr\u00e9sident-directeur g\u00e9n\u00e9ral, Garvin Medera, et la nomination de Nirmala Ramai, actuelle directrice des op\u00e9rations (Chief Operating Officer), au poste de directrice g\u00e9n\u00e9rale par int\u00e9rim. La compagnie a confirm\u00e9 que l\u2019ensemble du programme de vols se poursuit sans aucune interruption, rassurant ainsi passagers et partenaires sur la continuit\u00e9 de ses op\u00e9rations.<\/span><\/p>\t\t\t\t\t\t\t\t<\/div>\n\t\t\t\t<\/div>\n\t\t\t\t<div class=\"elementor-element elementor-element-d8a8ab0 elementor-widget elementor-widget-text-editor\" data-id=\"d8a8ab0\" data-element_type=\"widget\" data-widget_type=\"text-editor.default\">\n\t\t\t\t<div class=\"elementor-widget-container\">\n\t\t\t\t\t\t\t\t\t<p><span style=\"font-weight: 400;\">Dans un communiqu\u00e9 officiel, le conseil d\u2019administration a remerci\u00e9 Garvin Medera pour ses ann\u00e9es de service et de leadership, en soulignant la solidit\u00e9 du travail accompli depuis sa prise de fonction. L\u2019entreprise pr\u00e9cise que cette transition s\u2019inscrit dans une d\u00e9marche de continuit\u00e9, de stabilit\u00e9 et de responsabilit\u00e9.<\/span><\/p>\t\t\t\t\t\t\t\t<\/div>\n\t\t\t\t<\/div>\n\t\t\t\t\t<\/div>\n\t\t<\/div>\n\t\t\t\t\t<\/div>\n\t\t<\/section>\n\t\t\t\t<section class=\"elementor-section elementor-top-section elementor-element elementor-element-ee72354 elementor-section-boxed elementor-section-height-default elementor-section-height-default\" data-id=\"ee72354\" data-element_type=\"section\">\n\t\t\t\t\t\t<div class=\"elementor-container elementor-column-gap-default\">\n\t\t\t\t\t<div class=\"elementor-column elementor-col-100 elementor-top-column elementor-element elementor-element-c59d6fe\" data-id=\"c59d6fe\" data-element_type=\"column\">\n\t\t\t<div class=\"elementor-widget-wrap elementor-element-populated\">\n\t\t\t\t\t\t<div class=\"elementor-element elementor-element-ddc6a1e elementor-widget elementor-widget-heading\" data-id=\"ddc6a1e\" data-element_type=\"widget\" data-widget_type=\"heading.default\">\n\t\t\t\t<div class=\"elementor-widget-container\">\n\t\t\t\t\t<h2 class=\"elementor-heading-title elementor-size-default\">Le message de Garvin Medera<\/h2>\t\t\t\t<\/div>\n\t\t\t\t<\/div>\n\t\t\t\t<div class=\"elementor-element elementor-element-e57451f elementor-widget elementor-widget-text-editor\" data-id=\"e57451f\" data-element_type=\"widget\" data-widget_type=\"text-editor.default\">\n\t\t\t\t<div class=\"elementor-widget-container\">\n\t\t\t\t\t\t\t\t\t<p><span style=\"font-weight: 400;\">Avant son d\u00e9part, Garvin Medera a adress\u00e9 un message \u00e0 l\u2019ensemble du personnel :<\/span><\/p><p><span style=\"font-weight: 400;\">\u00ab Je veux remercier tous les employ\u00e9s de <a href=\"https:\/\/richeskarayib.com\/fr\/caribbean-airlines-dominique-et-puerto-rico\/\" target=\"_blank\" rel=\"noopener\">Caribbean Airlines<\/a> qui ont fait un travail remarquable ces derni\u00e8res ann\u00e9es, dans des conditions souvent difficiles, en donnant le meilleur d\u2019eux-m\u00eames pour leurs coll\u00e8gues et nos passagers. Merci \u00e9galement \u00e0 nos partenaires pour leur engagement et \u00e0 nos clients pour leur confiance et leur fid\u00e9lit\u00e9. \u00bb<\/span><\/p>\t\t\t\t\t\t\t\t<\/div>\n\t\t\t\t<\/div>\n\t\t\t\t<div class=\"elementor-element elementor-element-116a31b elementor-widget elementor-widget-text-editor\" data-id=\"116a31b\" data-element_type=\"widget\" data-widget_type=\"text-editor.default\">\n\t\t\t\t<div class=\"elementor-widget-container\">\n\t\t\t\t\t\t\t\t\t<p><span style=\"font-weight: 400;\">Ses mots refl\u00e8tent la reconnaissance d\u2019un dirigeant ayant accompagn\u00e9 la compagnie \u00e0 travers des p\u00e9riodes complexes, notamment la relance post-pand\u00e9mie et la reprise du trafic a\u00e9rien r\u00e9gional.<\/span><\/p>\t\t\t\t\t\t\t\t<\/div>\n\t\t\t\t<\/div>\n\t\t\t\t<section class=\"elementor-section elementor-inner-section elementor-element elementor-element-ed925ac elementor-section-boxed elementor-section-height-default elementor-section-height-default\" data-id=\"ed925ac\" data-element_type=\"section\">\n\t\t\t\t\t\t<div class=\"elementor-container elementor-column-gap-default\">\n\t\t\t\t\t<div class=\"elementor-column elementor-col-100 elementor-inner-column elementor-element elementor-element-2968cb8\" data-id=\"2968cb8\" data-element_type=\"column\">\n\t\t\t<div class=\"elementor-widget-wrap elementor-element-populated\">\n\t\t\t\t\t\t<div class=\"elementor-element elementor-element-76a9d9f elementor-widget elementor-widget-image\" data-id=\"76a9d9f\" data-element_type=\"widget\" data-widget_type=\"image.default\">\n\t\t\t\t<div class=\"elementor-widget-container\">\n\t\t\t\t\t\t\t\t\t\t\t\t<figure class=\"wp-caption\">\n\t\t\t\t\t\t\t\t\t\t<img fetchpriority=\"high\" decoding=\"async\" width=\"800\" height=\"534\" src=\"https:\/\/richeskarayib.com\/wp-content\/uploads\/2025\/10\/489831205_1066356962195911_2877130269033330039_n-1024x684.jpg\" class=\"attachment-large size-large wp-image-63209\" alt=\"Caribbean Airlines\" srcset=\"https:\/\/richeskarayib.com\/wp-content\/uploads\/2025\/10\/489831205_1066356962195911_2877130269033330039_n-1024x684.jpg 1024w, https:\/\/richeskarayib.com\/wp-content\/uploads\/2025\/10\/489831205_1066356962195911_2877130269033330039_n-300x200.jpg 300w, https:\/\/richeskarayib.com\/wp-content\/uploads\/2025\/10\/489831205_1066356962195911_2877130269033330039_n-768x513.jpg 768w, https:\/\/richeskarayib.com\/wp-content\/uploads\/2025\/10\/489831205_1066356962195911_2877130269033330039_n-1536x1026.jpg 1536w, https:\/\/richeskarayib.com\/wp-content\/uploads\/2025\/10\/489831205_1066356962195911_2877130269033330039_n-1320x881.jpg 1320w, https:\/\/richeskarayib.com\/wp-content\/uploads\/2025\/10\/489831205_1066356962195911_2877130269033330039_n.jpg 1920w\" sizes=\"(max-width: 800px) 100vw, 800px\" \/>\t\t\t\t\t\t\t\t\t\t\t<figcaption class=\"widget-image-caption wp-caption-text\">\u00a9Caribbean Airlines<\/figcaption>\n\t\t\t\t\t\t\t\t\t\t<\/figure>\n\t\t\t\t\t\t\t\t\t<\/div>\n\t\t\t\t<\/div>\n\t\t\t\t\t<\/div>\n\t\t<\/div>\n\t\t\t\t\t<\/div>\n\t\t<\/section>\n\t\t\t\t\t<\/div>\n\t\t<\/div>\n\t\t\t\t\t<\/div>\n\t\t<\/section>\n\t\t\t\t<section class=\"elementor-section elementor-top-section elementor-element elementor-element-82cd8f9 elementor-section-boxed elementor-section-height-default elementor-section-height-default\" data-id=\"82cd8f9\" data-element_type=\"section\">\n\t\t\t\t\t\t<div class=\"elementor-container elementor-column-gap-default\">\n\t\t\t\t\t<div class=\"elementor-column elementor-col-100 elementor-top-column elementor-element elementor-element-0bfdc38\" data-id=\"0bfdc38\" data-element_type=\"column\">\n\t\t\t<div class=\"elementor-widget-wrap elementor-element-populated\">\n\t\t\t\t\t\t<div class=\"elementor-element elementor-element-7d292fe elementor-widget elementor-widget-heading\" data-id=\"7d292fe\" data-element_type=\"widget\" data-widget_type=\"heading.default\">\n\t\t\t\t<div class=\"elementor-widget-container\">\n\t\t\t\t\t<h2 class=\"elementor-heading-title elementor-size-default\">Une direction int\u00e9rimaire pour une transition fluide<\/h2>\t\t\t\t<\/div>\n\t\t\t\t<\/div>\n\t\t\t\t<div class=\"elementor-element elementor-element-0467e62 elementor-widget elementor-widget-text-editor\" data-id=\"0467e62\" data-element_type=\"widget\" data-widget_type=\"text-editor.default\">\n\t\t\t\t<div class=\"elementor-widget-container\">\n\t\t\t\t\t\t\t\t\t<p><span style=\"font-weight: 400;\">Sous la supervision du conseil d\u2019administration, Nirmala Ramai travaillera \u00e9troitement avec l\u2019\u00e9quipe de direction pour maintenir le bon fonctionnement de la compagnie. Cette nomination interne t\u00e9moigne d\u2019une volont\u00e9 claire : assurer la continuit\u00e9 sans rupture ni d\u00e9sorganisation.<\/span><\/p><p><span style=\"font-weight: 400;\">Le choix d\u2019une dirigeante issue des rangs de l\u2019entreprise traduit \u00e9galement la confiance du conseil dans la comp\u00e9tence et la connaissance op\u00e9rationnelle de Ramai. Dans un secteur aussi sensible que le transport a\u00e9rien, cette d\u00e9cision vise \u00e0 garantir une transition ordonn\u00e9e, transparente et sans cons\u00e9quence sur les passagers.<\/span><\/p>\t\t\t\t\t\t\t\t<\/div>\n\t\t\t\t<\/div>\n\t\t\t\t<section class=\"elementor-section elementor-inner-section elementor-element elementor-element-c582330 elementor-section-boxed elementor-section-height-default elementor-section-height-default\" data-id=\"c582330\" data-element_type=\"section\">\n\t\t\t\t\t\t<div class=\"elementor-container elementor-column-gap-default\">\n\t\t\t\t\t\t<\/div>\n\t\t<\/section>\n\t\t\t\t<section class=\"elementor-section elementor-inner-section elementor-element elementor-element-296603a elementor-section-boxed elementor-section-height-default elementor-section-height-default\" data-id=\"296603a\" data-element_type=\"section\">\n\t\t\t\t\t\t<div class=\"elementor-container elementor-column-gap-default\">\n\t\t\t\t\t\t<\/div>\n\t\t<\/section>\n\t\t\t\t\t<\/div>\n\t\t<\/div>\n\t\t\t\t\t<\/div>\n\t\t<\/section>\n\t\t\t\t<section class=\"elementor-section elementor-top-section elementor-element elementor-element-5a7397d elementor-section-boxed elementor-section-height-default elementor-section-height-default\" data-id=\"5a7397d\" data-element_type=\"section\">\n\t\t\t\t\t\t<div class=\"elementor-container elementor-column-gap-default\">\n\t\t\t\t\t<div class=\"elementor-column elementor-col-100 elementor-top-column elementor-element elementor-element-8b33b4b\" data-id=\"8b33b4b\" data-element_type=\"column\">\n\t\t\t<div class=\"elementor-widget-wrap elementor-element-populated\">\n\t\t\t\t\t\t<div class=\"elementor-element elementor-element-89dac4b elementor-widget elementor-widget-heading\" data-id=\"89dac4b\" data-element_type=\"widget\" data-widget_type=\"heading.default\">\n\t\t\t\t<div class=\"elementor-widget-container\">\n\t\t\t\t\t<h2 class=\"elementor-heading-title elementor-size-default\">Cinq priorit\u00e9s officielles pour guider la transition<\/h2>\t\t\t\t<\/div>\n\t\t\t\t<\/div>\n\t\t\t\t<div class=\"elementor-element elementor-element-4fc7069 elementor-widget elementor-widget-text-editor\" data-id=\"4fc7069\" data-element_type=\"widget\" data-widget_type=\"text-editor.default\">\n\t\t\t\t<div class=\"elementor-widget-container\">\n\t\t\t\t\t\t\t\t\t<p><span style=\"font-weight: 400;\">Le conseil d\u2019administration a d\u00e9taill\u00e9 une feuille de route claire articul\u00e9e autour de cinq priorit\u00e9s :<\/span><\/p><ol><li style=\"font-weight: 400;\" aria-level=\"1\"><b>Soutenir les employ\u00e9s et les parties prenantes<\/b><span style=\"font-weight: 400;\"> \u00e0 travers une communication ouverte et constante.<\/span><\/li><li style=\"font-weight: 400;\" aria-level=\"1\"><b>Revoir les op\u00e9rations internes<\/b><span style=\"font-weight: 400;\"> pour renforcer l\u2019efficacit\u00e9 et moderniser les processus.<\/span><\/li><li style=\"font-weight: 400;\" aria-level=\"1\"><b>Am\u00e9liorer l\u2019exp\u00e9rience client<\/b><span style=\"font-weight: 400;\">, en pla\u00e7ant la qualit\u00e9 de service au c\u0153ur des actions.<\/span><\/li><li style=\"font-weight: 400;\" aria-level=\"1\"><b>\u00c9laborer un plan de croissance durable<\/b><span style=\"font-weight: 400;\"> et financi\u00e8rement responsable.<\/span><\/li><li style=\"font-weight: 400;\" aria-level=\"1\"><b>R\u00e9aliser des audits complets<\/b><span style=\"font-weight: 400;\"> dans tous les d\u00e9partements afin d\u2019optimiser la gouvernance et la s\u00e9curit\u00e9.<\/span><\/li><\/ol><p><span style=\"font-weight: 400;\">Ces axes constituent la base d\u2019un plan de transition pragmatique, tourn\u00e9 vers la performance et la rigueur. Caribbean Airlines confirme que la mise en \u0153uvre de ces mesures vise \u00e0 consolider les fondations internes plut\u00f4t qu\u2019\u00e0 op\u00e9rer des changements brusques.<\/span><\/p>\t\t\t\t\t\t\t\t<\/div>\n\t\t\t\t<\/div>\n\t\t\t\t<div class=\"elementor-element elementor-element-a43b628 elementor-widget elementor-widget-image\" data-id=\"a43b628\" data-element_type=\"widget\" data-widget_type=\"image.default\">\n\t\t\t\t<div class=\"elementor-widget-container\">\n\t\t\t\t\t\t\t\t\t\t\t\t\t\t\t<img decoding=\"async\" width=\"800\" height=\"508\" src=\"https:\/\/richeskarayib.com\/wp-content\/uploads\/2025\/10\/485670814_1050366210461653_2065041321740531842_n-1024x650.jpg\" class=\"attachment-large size-large wp-image-63217\" alt=\"\" srcset=\"https:\/\/richeskarayib.com\/wp-content\/uploads\/2025\/10\/485670814_1050366210461653_2065041321740531842_n-1024x650.jpg 1024w, https:\/\/richeskarayib.com\/wp-content\/uploads\/2025\/10\/485670814_1050366210461653_2065041321740531842_n-300x190.jpg 300w, https:\/\/richeskarayib.com\/wp-content\/uploads\/2025\/10\/485670814_1050366210461653_2065041321740531842_n-768x488.jpg 768w, https:\/\/richeskarayib.com\/wp-content\/uploads\/2025\/10\/485670814_1050366210461653_2065041321740531842_n-1536x975.jpg 1536w, https:\/\/richeskarayib.com\/wp-content\/uploads\/2025\/10\/485670814_1050366210461653_2065041321740531842_n-1320x838.jpg 1320w, https:\/\/richeskarayib.com\/wp-content\/uploads\/2025\/10\/485670814_1050366210461653_2065041321740531842_n.jpg 1920w\" sizes=\"(max-width: 800px) 100vw, 800px\" \/>\t\t\t\t\t\t\t\t\t\t\t\t\t\t\t<\/div>\n\t\t\t\t<\/div>\n\t\t\t\t\t<\/div>\n\t\t<\/div>\n\t\t\t\t\t<\/div>\n\t\t<\/section>\n\t\t\t\t<section class=\"elementor-section elementor-top-section elementor-element elementor-element-b1872a7 elementor-section-boxed elementor-section-height-default elementor-section-height-default\" data-id=\"b1872a7\" data-element_type=\"section\">\n\t\t\t\t\t\t<div class=\"elementor-container elementor-column-gap-default\">\n\t\t\t\t\t<div class=\"elementor-column elementor-col-100 elementor-top-column elementor-element elementor-element-4b13eb5\" data-id=\"4b13eb5\" data-element_type=\"column\">\n\t\t\t<div class=\"elementor-widget-wrap elementor-element-populated\">\n\t\t\t\t\t\t<div class=\"elementor-element elementor-element-f4b02a1 elementor-widget elementor-widget-heading\" data-id=\"f4b02a1\" data-element_type=\"widget\" data-widget_type=\"heading.default\">\n\t\t\t\t<div class=\"elementor-widget-container\">\n\t\t\t\t\t<h2 class=\"elementor-heading-title elementor-size-default\">Promotion interne et communication transparente\n<\/h2>\t\t\t\t<\/div>\n\t\t\t\t<\/div>\n\t\t\t\t<div class=\"elementor-element elementor-element-0c99176 elementor-widget elementor-widget-text-editor\" data-id=\"0c99176\" data-element_type=\"widget\" data-widget_type=\"text-editor.default\">\n\t\t\t\t<div class=\"elementor-widget-container\">\n\t\t\t\t\t\t\t\t\t<p><span style=\"font-weight: 400;\">La compagnie a \u00e9galement r\u00e9affirm\u00e9 son engagement en faveur de la promotion interne avant tout recrutement externe. Ce principe de gestion du capital humain reste central dans la strat\u00e9gie de Caribbean Airlines, qui souhaite valoriser les talents d\u00e9j\u00e0 pr\u00e9sents dans ses \u00e9quipes et offrir des perspectives d\u2019\u00e9volution aux collaborateurs.<\/span><\/p><p><span style=\"font-weight: 400;\">Parall\u00e8lement, le conseil d\u2019administration a insist\u00e9 sur l\u2019importance d\u2019une communication claire et r\u00e9guli\u00e8re avec les employ\u00e9s, les clients et les partenaires. Ce dialogue continu doit permettre d\u2019accompagner la transition dans un climat de confiance et de stabilit\u00e9.<\/span><\/p>\t\t\t\t\t\t\t\t<\/div>\n\t\t\t\t<\/div>\n\t\t\t\t\t<\/div>\n\t\t<\/div>\n\t\t\t\t\t<\/div>\n\t\t<\/section>\n\t\t\t\t<section class=\"elementor-section elementor-top-section elementor-element elementor-element-83b2c5a elementor-section-boxed elementor-section-height-default elementor-section-height-default\" data-id=\"83b2c5a\" data-element_type=\"section\">\n\t\t\t\t\t\t<div class=\"elementor-container elementor-column-gap-default\">\n\t\t\t\t\t<div class=\"elementor-column elementor-col-100 elementor-top-column elementor-element elementor-element-dce7380\" data-id=\"dce7380\" data-element_type=\"column\">\n\t\t\t<div class=\"elementor-widget-wrap elementor-element-populated\">\n\t\t\t\t\t\t<div class=\"elementor-element elementor-element-05c892b elementor-widget elementor-widget-heading\" data-id=\"05c892b\" data-element_type=\"widget\" data-widget_type=\"heading.default\">\n\t\t\t\t<div class=\"elementor-widget-container\">\n\t\t\t\t\t<h2 class=\"elementor-heading-title elementor-size-default\">Un pilier de la connectivit\u00e9 carib\u00e9enne\n<\/h2>\t\t\t\t<\/div>\n\t\t\t\t<\/div>\n\t\t\t\t<div class=\"elementor-element elementor-element-8c6ee8a elementor-widget elementor-widget-text-editor\" data-id=\"8c6ee8a\" data-element_type=\"widget\" data-widget_type=\"text-editor.default\">\n\t\t\t\t<div class=\"elementor-widget-container\">\n\t\t\t\t\t\t\t\t\t<p><span style=\"font-weight: 400;\">Plus qu\u2019un transporteur national, <a href=\"https:\/\/www.jamaicaobserver.com\/2025\/10\/13\/caribbean-airlines-appoints-acting-successor-ceo-steps\/\" target=\"_blank\" rel=\"noopener nofollow\">Caribbean Airlines<\/a> joue un r\u00f4le essentiel dans la connectivit\u00e9 r\u00e9gionale. Bas\u00e9e \u00e0 Trinidad-et-Tobago, la compagnie dessert plusieurs destinations cl\u00e9s de la Cara\u00efbe et d\u2019Am\u00e9rique du Nord, reliant les \u00eeles entre elles et facilitant les \u00e9changes \u00e9conomiques, culturels et touristiques.<\/span><\/p><p><span style=\"font-weight: 400;\">Le maintien int\u00e9gral du programme de vols constitue donc un signal fort : malgr\u00e9 le changement \u00e0 sa t\u00eate, la compagnie reste fid\u00e8le \u00e0 sa mission de service public r\u00e9gional et \u00e0 sa promesse de fiabilit\u00e9.<\/span><\/p>\t\t\t\t\t\t\t\t<\/div>\n\t\t\t\t<\/div>\n\t\t\t\t<section class=\"elementor-section elementor-inner-section elementor-element elementor-element-364f020 elementor-section-boxed elementor-section-height-default elementor-section-height-default\" data-id=\"364f020\" data-element_type=\"section\">\n\t\t\t\t\t\t<div class=\"elementor-container elementor-column-gap-default\">\n\t\t\t\t\t<div class=\"elementor-column elementor-col-100 elementor-inner-column elementor-element elementor-element-ca716b9\" data-id=\"ca716b9\" data-element_type=\"column\">\n\t\t\t<div class=\"elementor-widget-wrap elementor-element-populated\">\n\t\t\t\t\t\t<div class=\"elementor-element elementor-element-52c3477 elementor-widget elementor-widget-image\" data-id=\"52c3477\" data-element_type=\"widget\" data-widget_type=\"image.default\">\n\t\t\t\t<div class=\"elementor-widget-container\">\n\t\t\t\t\t\t\t\t\t\t\t\t<figure class=\"wp-caption\">\n\t\t\t\t\t\t\t\t\t\t<img decoding=\"async\" width=\"800\" height=\"420\" src=\"https:\/\/richeskarayib.com\/wp-content\/uploads\/2025\/10\/485179614_1049196350578639_8212922680918237559_n-1024x537.jpg\" class=\"attachment-large size-large wp-image-63213\" alt=\"Caribbean Airlines\" srcset=\"https:\/\/richeskarayib.com\/wp-content\/uploads\/2025\/10\/485179614_1049196350578639_8212922680918237559_n-1024x537.jpg 1024w, https:\/\/richeskarayib.com\/wp-content\/uploads\/2025\/10\/485179614_1049196350578639_8212922680918237559_n-300x157.jpg 300w, https:\/\/richeskarayib.com\/wp-content\/uploads\/2025\/10\/485179614_1049196350578639_8212922680918237559_n-768x402.jpg 768w, https:\/\/richeskarayib.com\/wp-content\/uploads\/2025\/10\/485179614_1049196350578639_8212922680918237559_n.jpg 1080w\" sizes=\"(max-width: 800px) 100vw, 800px\" \/>\t\t\t\t\t\t\t\t\t\t\t<figcaption class=\"widget-image-caption wp-caption-text\">\u00a9Caribbean Airlines<\/figcaption>\n\t\t\t\t\t\t\t\t\t\t<\/figure>\n\t\t\t\t\t\t\t\t\t<\/div>\n\t\t\t\t<\/div>\n\t\t\t\t\t<\/div>\n\t\t<\/div>\n\t\t\t\t\t<\/div>\n\t\t<\/section>\n\t\t\t\t\t<\/div>\n\t\t<\/div>\n\t\t\t\t\t<\/div>\n\t\t<\/section>\n\t\t\t\t<section class=\"elementor-section elementor-top-section elementor-element elementor-element-8b46ab0 elementor-section-boxed elementor-section-height-default elementor-section-height-default\" data-id=\"8b46ab0\" data-element_type=\"section\">\n\t\t\t\t\t\t<div class=\"elementor-container elementor-column-gap-default\">\n\t\t\t\t\t<div class=\"elementor-column elementor-col-100 elementor-top-column elementor-element elementor-element-97c0113\" data-id=\"97c0113\" data-element_type=\"column\">\n\t\t\t<div class=\"elementor-widget-wrap elementor-element-populated\">\n\t\t\t\t\t\t<div class=\"elementor-element elementor-element-1bac180 elementor-widget elementor-widget-heading\" data-id=\"1bac180\" data-element_type=\"widget\" data-widget_type=\"heading.default\">\n\t\t\t\t<div class=\"elementor-widget-container\">\n\t\t\t\t\t<h2 class=\"elementor-heading-title elementor-size-default\">Un message de confiance et de transparence\n<\/h2>\t\t\t\t<\/div>\n\t\t\t\t<\/div>\n\t\t\t\t<div class=\"elementor-element elementor-element-80cde81 elementor-widget elementor-widget-text-editor\" data-id=\"80cde81\" data-element_type=\"widget\" data-widget_type=\"text-editor.default\">\n\t\t\t\t<div class=\"elementor-widget-container\">\n\t\t\t\t\t\t\t\t\t<p><span style=\"font-weight: 400;\">Cette transition est pr\u00e9sent\u00e9e comme une phase de renouvellement ma\u00eetris\u00e9e, sans rupture pour les voyageurs. Le conseil d\u2019administration r\u00e9affirme son engagement \u00e0 maintenir des standards \u00e9lev\u00e9s de s\u00e9curit\u00e9, d\u2019efficacit\u00e9 et de responsabilit\u00e9.<\/span><\/p><p><span style=\"font-weight: 400;\">En pla\u00e7ant la communication ouverte et l\u2019am\u00e9lioration continue au c\u0153ur de ses priorit\u00e9s, Caribbean Airlines souhaite aborder cette nouvelle \u00e9tape avec clart\u00e9 et m\u00e9thode, tout en pr\u00e9servant la confiance de ses partenaires et de ses passagers.<\/span><\/p>\t\t\t\t\t\t\t\t<\/div>\n\t\t\t\t<\/div>\n\t\t\t\t\t<\/div>\n\t\t<\/div>\n\t\t\t\t\t<\/div>\n\t\t<\/section>\n\t\t\t\t<section class=\"elementor-section elementor-top-section elementor-element elementor-element-f02a2de elementor-section-boxed elementor-section-height-default elementor-section-height-default\" data-id=\"f02a2de\" data-element_type=\"section\">\n\t\t\t\t\t\t<div class=\"elementor-container elementor-column-gap-default\">\n\t\t\t\t\t<div class=\"elementor-column elementor-col-100 elementor-top-column elementor-element elementor-element-a2f765a\" data-id=\"a2f765a\" data-element_type=\"column\">\n\t\t\t<div class=\"elementor-widget-wrap elementor-element-populated\">\n\t\t\t\t\t\t<div class=\"elementor-element elementor-element-74eafbf elementor-widget elementor-widget-text-editor\" data-id=\"74eafbf\" data-element_type=\"widget\" data-widget_type=\"text-editor.default\">\n\t\t\t\t<div class=\"elementor-widget-container\">\n\t\t\t\t\t\t\t\t\t<p><span style=\"font-weight: 400;\">La d\u00e9mission de Garvin Medera et la nomination de Nirmala Ramai marquent un tournant important, mais sans impact sur les op\u00e9rations de la compagnie. En privil\u00e9giant la promotion interne, en fixant cinq priorit\u00e9s pr\u00e9cises et en maintenant la continuit\u00e9 du service, Caribbean Airlines d\u00e9montre une approche responsable et structur\u00e9e de la gouvernance.<\/span><\/p><p><span style=\"font-weight: 400;\">Cette transition illustre la capacit\u00e9 de la compagnie \u00e0 \u00e9voluer sans compromettre sa stabilit\u00e9 \u2014 une qualit\u00e9 rare et pr\u00e9cieuse dans le secteur a\u00e9rien r\u00e9gional.<\/span><\/p>\t\t\t\t\t\t\t\t<\/div>\n\t\t\t\t<\/div>\n\t\t\t\t\t<\/div>\n\t\t<\/div>\n\t\t\t\t\t<\/div>\n\t\t<\/section>\n\t\t\t\t<\/div>\n\t\t","protected":false},"excerpt":{"rendered":"<p>Une succession interne pour assurer la stabilit\u00e9 Le conseil d\u2019administration de Caribbean Airlines a annonc\u00e9 la d\u00e9mission imm\u00e9diate de son pr\u00e9sident-directeur g\u00e9n\u00e9ral, Garvin Medera, et la nomination de Nirmala Ramai, actuelle directrice des op\u00e9rations (Chief Operating Officer), au poste de directrice g\u00e9n\u00e9rale par int\u00e9rim. La compagnie a confirm\u00e9 que l\u2019ensemble du programme de vols se [&hellip;]<\/p>\n","protected":false},"author":662,"featured_media":63202,"comment_status":"open","ping_status":"open","sticky":false,"template":"","format":"standard","meta":{"_acf_changed":false,"footnotes":""},"categories":[1765],"tags":[1656],"class_list":["post-63208","post","type-post","status-publish","format-standard","has-post-thumbnail","hentry","category-aerien","tag-trinite-et-tobago-2"],"acf":[],"_links":{"self":[{"href":"https:\/\/richeskarayib.com\/fr\/wp-json\/wp\/v2\/posts\/63208","targetHints":{"allow":["GET"]}}],"collection":[{"href":"https:\/\/richeskarayib.com\/fr\/wp-json\/wp\/v2\/posts"}],"about":[{"href":"https:\/\/richeskarayib.com\/fr\/wp-json\/wp\/v2\/types\/post"}],"author":[{"embeddable":true,"href":"https:\/\/richeskarayib.com\/fr\/wp-json\/wp\/v2\/users\/662"}],"replies":[{"embeddable":true,"href":"https:\/\/richeskarayib.com\/fr\/wp-json\/wp\/v2\/comments?post=63208"}],"version-history":[{"count":0,"href":"https:\/\/richeskarayib.com\/fr\/wp-json\/wp\/v2\/posts\/63208\/revisions"}],"wp:featuredmedia":[{"embeddable":true,"href":"https:\/\/richeskarayib.com\/fr\/wp-json\/wp\/v2\/media\/63202"}],"wp:attachment":[{"href":"https:\/\/richeskarayib.com\/fr\/wp-json\/wp\/v2\/media?parent=63208"}],"wp:term":[{"taxonomy":"category","embeddable":true,"href":"https:\/\/richeskarayib.com\/fr\/wp-json\/wp\/v2\/categories?post=63208"},{"taxonomy":"post_tag","embeddable":true,"href":"https:\/\/richeskarayib.com\/fr\/wp-json\/wp\/v2\/tags?post=63208"}],"curies":[{"name":"wp","href":"https:\/\/api.w.org\/{rel}","templated":true}]}}