{"id":63235,"date":"2025-10-15T14:05:58","date_gmt":"2025-10-15T18:05:58","guid":{"rendered":"https:\/\/richeskarayib.com\/?p=63235"},"modified":"2025-10-15T14:05:58","modified_gmt":"2025-10-15T18:05:58","slug":"lor-bleu-guadeloupe-indigo-de-guadeloupe","status":"publish","type":"post","link":"https:\/\/richeskarayib.com\/fr\/lor-bleu-guadeloupe-indigo-de-guadeloupe\/","title":{"rendered":"L\u2019or bleu de la Guadeloupe : la renaissance de l\u2019indigo de Guadeloupe"},"content":{"rendered":"\t\t<div data-elementor-type=\"wp-post\" data-elementor-id=\"63235\" class=\"elementor elementor-63235\" data-elementor-post-type=\"post\">\n\t\t\t\t\t\t<section class=\"elementor-section elementor-top-section elementor-element elementor-element-7ca7ca1 elementor-section-boxed elementor-section-height-default elementor-section-height-default\" data-id=\"7ca7ca1\" data-element_type=\"section\">\n\t\t\t\t\t\t<div class=\"elementor-container elementor-column-gap-default\">\n\t\t\t\t\t<div class=\"elementor-column elementor-col-100 elementor-top-column elementor-element elementor-element-cbdd002\" data-id=\"cbdd002\" data-element_type=\"column\">\n\t\t\t<div class=\"elementor-widget-wrap elementor-element-populated\">\n\t\t\t\t\t\t<section class=\"elementor-section elementor-inner-section elementor-element elementor-element-bc94849 elementor-section-boxed elementor-section-height-default elementor-section-height-default\" data-id=\"bc94849\" data-element_type=\"section\">\n\t\t\t\t\t\t<div class=\"elementor-container elementor-column-gap-default\">\n\t\t\t\t\t\t<\/div>\n\t\t<\/section>\n\t\t\t\t<section class=\"elementor-section elementor-inner-section elementor-element elementor-element-61571e6 elementor-section-boxed elementor-section-height-default elementor-section-height-default\" data-id=\"61571e6\" data-element_type=\"section\">\n\t\t\t\t\t\t<div class=\"elementor-container elementor-column-gap-default\">\n\t\t\t\t\t\t<\/div>\n\t\t<\/section>\n\t\t\t\t<section class=\"elementor-section elementor-inner-section elementor-element elementor-element-b6262e0 elementor-section-boxed elementor-section-height-default elementor-section-height-default\" data-id=\"b6262e0\" data-element_type=\"section\">\n\t\t\t\t\t\t<div class=\"elementor-container elementor-column-gap-default\">\n\t\t\t\t\t\t<\/div>\n\t\t<\/section>\n\t\t\t\t<section class=\"elementor-section elementor-inner-section elementor-element elementor-element-cca29fd elementor-section-boxed elementor-section-height-default elementor-section-height-default\" data-id=\"cca29fd\" data-element_type=\"section\">\n\t\t\t\t\t\t<div class=\"elementor-container elementor-column-gap-default\">\n\t\t\t\t\t\t<\/div>\n\t\t<\/section>\n\t\t\t\t\t<\/div>\n\t\t<\/div>\n\t\t\t\t\t<\/div>\n\t\t<\/section>\n\t\t\t\t<section class=\"elementor-section elementor-top-section elementor-element elementor-element-e1fea79 elementor-section-boxed elementor-section-height-default elementor-section-height-default\" data-id=\"e1fea79\" data-element_type=\"section\">\n\t\t\t\t\t\t<div class=\"elementor-container elementor-column-gap-default\">\n\t\t\t\t\t<div class=\"elementor-column elementor-col-100 elementor-top-column elementor-element elementor-element-6d0be76\" data-id=\"6d0be76\" data-element_type=\"column\">\n\t\t\t<div class=\"elementor-widget-wrap elementor-element-populated\">\n\t\t\t\t\t\t<div class=\"elementor-element elementor-element-bbb62ae elementor-widget elementor-widget-text-editor\" data-id=\"bbb62ae\" data-element_type=\"widget\" data-widget_type=\"text-editor.default\">\n\t\t\t\t<div class=\"elementor-widget-container\">\n\t\t\t\t\t\t\t\t\t<p><span style=\"font-weight: 400;\">Au c\u0153ur de la Cara\u00efbe, l\u2019<a href=\"https:\/\/www.lesilesdeguadeloupe.com\/indigo-guadeloupe\/\" target=\"_blank\" rel=\"noopener nofollow\">indigo de Guadeloupe<\/a> rena\u00eet lentement d\u2019un long silence. Jadis moteur d\u2019une \u00e9conomie florissante, cette plante tinctoriale :\u00a0 Indigofera suffruticosa incarne aujourd\u2019hui une alliance rare entre histoire, science et cr\u00e9ation. Appel\u00e9 l\u2019or bleu de la Guadeloupe, il fascine autant les chercheurs que les artisans, par la puret\u00e9 de son pigment et la profondeur de son h\u00e9ritage.<\/span><\/p>\t\t\t\t\t\t\t\t<\/div>\n\t\t\t\t<\/div>\n\t\t\t\t\t<\/div>\n\t\t<\/div>\n\t\t\t\t\t<\/div>\n\t\t<\/section>\n\t\t\t\t<section class=\"elementor-section elementor-top-section elementor-element elementor-element-ee72354 elementor-section-boxed elementor-section-height-default elementor-section-height-default\" data-id=\"ee72354\" data-element_type=\"section\">\n\t\t\t\t\t\t<div class=\"elementor-container elementor-column-gap-default\">\n\t\t\t\t\t<div class=\"elementor-column elementor-col-100 elementor-top-column elementor-element elementor-element-c59d6fe\" data-id=\"c59d6fe\" data-element_type=\"column\">\n\t\t\t<div class=\"elementor-widget-wrap elementor-element-populated\">\n\t\t\t\t\t\t<div class=\"elementor-element elementor-element-ddc6a1e elementor-widget elementor-widget-heading\" data-id=\"ddc6a1e\" data-element_type=\"widget\" data-widget_type=\"heading.default\">\n\t\t\t\t<div class=\"elementor-widget-container\">\n\t\t\t\t\t<h2 class=\"elementor-heading-title elementor-size-default\">Une plante au pass\u00e9 royal<\/h2>\t\t\t\t<\/div>\n\t\t\t\t<\/div>\n\t\t\t\t<div class=\"elementor-element elementor-element-e57451f elementor-widget elementor-widget-text-editor\" data-id=\"e57451f\" data-element_type=\"widget\" data-widget_type=\"text-editor.default\">\n\t\t\t\t<div class=\"elementor-widget-container\">\n\t\t\t\t\t\t\t\t\t<p><span style=\"font-weight: 400;\">Bien avant que la canne \u00e0 sucre ne devienne la reine des plantations, l\u2019indigo de Guadeloupe dominait les \u00e9changes coloniaux. D\u00e8s le XVII\u1d49 si\u00e8cle, des indigoteries s\u2019\u00e9tablissaient \u00e0 Basse-Terre et \u00e0 Marie-Galante, o\u00f9 l\u2019on transformait les feuilles ferment\u00e9es en p\u00e2te bleue. Ce pr\u00e9cieux pigment rejoignait ensuite les ports fran\u00e7ais, destin\u00e9 aux manufactures textiles et aux garde-robes aristocratiques d\u2019Europe.<\/span><span style=\"font-weight: 400;\"><br \/><\/span><span style=\"font-weight: 400;\"> Cet \u201cor bleu\u201d rapportait autant que le caf\u00e9 ou le cacao, au point d\u2019\u00eatre consid\u00e9r\u00e9 comme une richesse strat\u00e9gique. Mais l\u2019arriv\u00e9e des colorants chimiques au XIX\u1d49 si\u00e8cle mit brutalement fin \u00e0 cette fili\u00e8re. Le savoir-faire, transmis oralement, sombra dans l\u2019oubli.<\/span><\/p>\t\t\t\t\t\t\t\t<\/div>\n\t\t\t\t<\/div>\n\t\t\t\t<section class=\"elementor-section elementor-inner-section elementor-element elementor-element-ea8e7a1 elementor-section-boxed elementor-section-height-default elementor-section-height-default\" data-id=\"ea8e7a1\" data-element_type=\"section\">\n\t\t\t\t\t\t<div class=\"elementor-container elementor-column-gap-default\">\n\t\t\t\t\t<div class=\"elementor-column elementor-col-50 elementor-inner-column elementor-element elementor-element-72d5e6a\" data-id=\"72d5e6a\" data-element_type=\"column\">\n\t\t\t<div class=\"elementor-widget-wrap elementor-element-populated\">\n\t\t\t\t\t\t<div class=\"elementor-element elementor-element-0245262 elementor-widget elementor-widget-image\" data-id=\"0245262\" data-element_type=\"widget\" data-widget_type=\"image.default\">\n\t\t\t\t<div class=\"elementor-widget-container\">\n\t\t\t\t\t\t\t\t\t\t\t\t\t\t\t<img fetchpriority=\"high\" decoding=\"async\" width=\"800\" height=\"533\" src=\"https:\/\/richeskarayib.com\/wp-content\/uploads\/2025\/10\/DeWatermark.ai_1760549622320.jpeg\" class=\"attachment-large size-large wp-image-63244\" alt=\"Indigo de Guadeloupe\" srcset=\"https:\/\/richeskarayib.com\/wp-content\/uploads\/2025\/10\/DeWatermark.ai_1760549622320.jpeg 1024w, https:\/\/richeskarayib.com\/wp-content\/uploads\/2025\/10\/DeWatermark.ai_1760549622320-300x200.jpeg 300w, https:\/\/richeskarayib.com\/wp-content\/uploads\/2025\/10\/DeWatermark.ai_1760549622320-768x512.jpeg 768w\" sizes=\"(max-width: 800px) 100vw, 800px\" \/>\t\t\t\t\t\t\t\t\t\t\t\t\t\t\t<\/div>\n\t\t\t\t<\/div>\n\t\t\t\t\t<\/div>\n\t\t<\/div>\n\t\t\t\t<div class=\"elementor-column elementor-col-50 elementor-inner-column elementor-element elementor-element-fbc31ef\" data-id=\"fbc31ef\" data-element_type=\"column\">\n\t\t\t<div class=\"elementor-widget-wrap elementor-element-populated\">\n\t\t\t\t\t\t<div class=\"elementor-element elementor-element-53d49a5 elementor-widget elementor-widget-image\" data-id=\"53d49a5\" data-element_type=\"widget\" data-widget_type=\"image.default\">\n\t\t\t\t<div class=\"elementor-widget-container\">\n\t\t\t\t\t\t\t\t\t\t\t\t<figure class=\"wp-caption\">\n\t\t\t\t\t\t\t\t\t\t<img decoding=\"async\" width=\"800\" height=\"517\" src=\"https:\/\/richeskarayib.com\/wp-content\/uploads\/2025\/10\/\u00a9Maison-de-lindigo.jpg\" class=\"attachment-large size-large wp-image-63248\" alt=\"Indigo de Guadeloupe\" srcset=\"https:\/\/richeskarayib.com\/wp-content\/uploads\/2025\/10\/\u00a9Maison-de-lindigo.jpg 960w, https:\/\/richeskarayib.com\/wp-content\/uploads\/2025\/10\/\u00a9Maison-de-lindigo-300x194.jpg 300w, https:\/\/richeskarayib.com\/wp-content\/uploads\/2025\/10\/\u00a9Maison-de-lindigo-768x496.jpg 768w\" sizes=\"(max-width: 800px) 100vw, 800px\" \/>\t\t\t\t\t\t\t\t\t\t\t<figcaption class=\"widget-image-caption wp-caption-text\">\u00a9Maison de l'indigo<\/figcaption>\n\t\t\t\t\t\t\t\t\t\t<\/figure>\n\t\t\t\t\t\t\t\t\t<\/div>\n\t\t\t\t<\/div>\n\t\t\t\t\t<\/div>\n\t\t<\/div>\n\t\t\t\t\t<\/div>\n\t\t<\/section>\n\t\t\t\t\t<\/div>\n\t\t<\/div>\n\t\t\t\t\t<\/div>\n\t\t<\/section>\n\t\t\t\t<section class=\"elementor-section elementor-top-section elementor-element elementor-element-82cd8f9 elementor-section-boxed elementor-section-height-default elementor-section-height-default\" data-id=\"82cd8f9\" data-element_type=\"section\">\n\t\t\t\t\t\t<div class=\"elementor-container elementor-column-gap-default\">\n\t\t\t\t\t<div class=\"elementor-column elementor-col-100 elementor-top-column elementor-element elementor-element-0bfdc38\" data-id=\"0bfdc38\" data-element_type=\"column\">\n\t\t\t<div class=\"elementor-widget-wrap elementor-element-populated\">\n\t\t\t\t\t\t<div class=\"elementor-element elementor-element-7d292fe elementor-widget elementor-widget-heading\" data-id=\"7d292fe\" data-element_type=\"widget\" data-widget_type=\"heading.default\">\n\t\t\t\t<div class=\"elementor-widget-container\">\n\t\t\t\t\t<h2 class=\"elementor-heading-title elementor-size-default\">Une mati\u00e8re naturelle d\u2019exception<\/h2>\t\t\t\t<\/div>\n\t\t\t\t<\/div>\n\t\t\t\t<div class=\"elementor-element elementor-element-0467e62 elementor-widget elementor-widget-text-editor\" data-id=\"0467e62\" data-element_type=\"widget\" data-widget_type=\"text-editor.default\">\n\t\t\t\t<div class=\"elementor-widget-container\">\n\t\t\t\t\t\t\t\t\t<p><span style=\"font-weight: 400;\">Ce qui distingue l\u2019<a href=\"https:\/\/www.green-ingredients.com\/produit\/indigo-suffruticosa-de-guadeloupe\/\" target=\"_blank\" rel=\"noopener nofollow\">indigo de Guadeloupe<\/a>, c\u2019est la qualit\u00e9 exceptionnelle de sa teinte. Selon les recherches du Dr Henri Joseph, la vari\u00e9t\u00e9 locale d\u2019Indigofera suffruticosa renferme jusqu\u2019\u00e0 65 % d\u2019indigotine, pigment naturel responsable du bleu. Une teneur rare qui conf\u00e8re au produit guadeloup\u00e9en une intensit\u00e9 lumineuse, \u00e0 la fois profonde et nuanc\u00e9e.<\/span><span style=\"font-weight: 400;\"><br \/><\/span><span style=\"font-weight: 400;\"> Contrairement aux colorants synth\u00e9tiques, l\u2019indigo v\u00e9g\u00e9tal ne pollue pas les sols et s\u2019inscrit dans un cycle durable. La plante, l\u00e9gumineuse, enrichit le sol en azote et favorise la biodiversit\u00e9. C\u2019est cette combinaison \u2014 beaut\u00e9, \u00e9cologie, authenticit\u00e9 \u2014 qui explique son retour en gr\u00e2ce dans les ateliers et laboratoires carib\u00e9ens.<\/span><\/p>\t\t\t\t\t\t\t\t<\/div>\n\t\t\t\t<\/div>\n\t\t\t\t<section class=\"elementor-section elementor-inner-section elementor-element elementor-element-c2c6f0f elementor-section-boxed elementor-section-height-default elementor-section-height-default\" data-id=\"c2c6f0f\" data-element_type=\"section\">\n\t\t\t\t\t\t<div class=\"elementor-container elementor-column-gap-default\">\n\t\t\t\t\t<div class=\"elementor-column elementor-col-50 elementor-inner-column elementor-element elementor-element-0b31eb1\" data-id=\"0b31eb1\" data-element_type=\"column\">\n\t\t\t<div class=\"elementor-widget-wrap elementor-element-populated\">\n\t\t\t\t\t\t<div class=\"elementor-element elementor-element-abb9a81 elementor-widget elementor-widget-image\" data-id=\"abb9a81\" data-element_type=\"widget\" data-widget_type=\"image.default\">\n\t\t\t\t<div class=\"elementor-widget-container\">\n\t\t\t\t\t\t\t\t\t\t\t\t<figure class=\"wp-caption\">\n\t\t\t\t\t\t\t\t\t\t<img decoding=\"async\" width=\"768\" height=\"1024\" src=\"https:\/\/richeskarayib.com\/wp-content\/uploads\/2025\/10\/3.jpg\" class=\"attachment-large size-large wp-image-63256\" alt=\"Indigo de Guadeloupe\" srcset=\"https:\/\/richeskarayib.com\/wp-content\/uploads\/2025\/10\/3.jpg 768w, https:\/\/richeskarayib.com\/wp-content\/uploads\/2025\/10\/3-225x300.jpg 225w\" sizes=\"(max-width: 768px) 100vw, 768px\" \/>\t\t\t\t\t\t\t\t\t\t\t<figcaption class=\"widget-image-caption wp-caption-text\">\u00a9Maison de l'indigo<\/figcaption>\n\t\t\t\t\t\t\t\t\t\t<\/figure>\n\t\t\t\t\t\t\t\t\t<\/div>\n\t\t\t\t<\/div>\n\t\t\t\t\t<\/div>\n\t\t<\/div>\n\t\t\t\t<div class=\"elementor-column elementor-col-50 elementor-inner-column elementor-element elementor-element-ae286d0\" data-id=\"ae286d0\" data-element_type=\"column\">\n\t\t\t<div class=\"elementor-widget-wrap elementor-element-populated\">\n\t\t\t\t\t\t<div class=\"elementor-element elementor-element-6c80636 elementor-widget elementor-widget-image\" data-id=\"6c80636\" data-element_type=\"widget\" data-widget_type=\"image.default\">\n\t\t\t\t<div class=\"elementor-widget-container\">\n\t\t\t\t\t\t\t\t\t\t\t\t<figure class=\"wp-caption\">\n\t\t\t\t\t\t\t\t\t\t<img loading=\"lazy\" decoding=\"async\" width=\"720\" height=\"960\" src=\"https:\/\/richeskarayib.com\/wp-content\/uploads\/2025\/10\/\u00a9Maison-de-lindigo-5.jpg\" class=\"attachment-large size-large wp-image-63252\" alt=\"Indigo de Guadeloupe\" srcset=\"https:\/\/richeskarayib.com\/wp-content\/uploads\/2025\/10\/\u00a9Maison-de-lindigo-5.jpg 720w, https:\/\/richeskarayib.com\/wp-content\/uploads\/2025\/10\/\u00a9Maison-de-lindigo-5-225x300.jpg 225w\" sizes=\"(max-width: 720px) 100vw, 720px\" \/>\t\t\t\t\t\t\t\t\t\t\t<figcaption class=\"widget-image-caption wp-caption-text\">\u00a9Maison de l'indigo<\/figcaption>\n\t\t\t\t\t\t\t\t\t\t<\/figure>\n\t\t\t\t\t\t\t\t\t<\/div>\n\t\t\t\t<\/div>\n\t\t\t\t\t<\/div>\n\t\t<\/div>\n\t\t\t\t\t<\/div>\n\t\t<\/section>\n\t\t\t\t<section class=\"elementor-section elementor-inner-section elementor-element elementor-element-c582330 elementor-section-boxed elementor-section-height-default elementor-section-height-default\" data-id=\"c582330\" data-element_type=\"section\">\n\t\t\t\t\t\t<div class=\"elementor-container elementor-column-gap-default\">\n\t\t\t\t\t\t<\/div>\n\t\t<\/section>\n\t\t\t\t<section class=\"elementor-section elementor-inner-section elementor-element elementor-element-296603a elementor-section-boxed elementor-section-height-default elementor-section-height-default\" data-id=\"296603a\" data-element_type=\"section\">\n\t\t\t\t\t\t<div class=\"elementor-container elementor-column-gap-default\">\n\t\t\t\t\t\t<\/div>\n\t\t<\/section>\n\t\t\t\t\t<\/div>\n\t\t<\/div>\n\t\t\t\t\t<\/div>\n\t\t<\/section>\n\t\t\t\t<section class=\"elementor-section elementor-top-section elementor-element elementor-element-5a7397d elementor-section-boxed elementor-section-height-default elementor-section-height-default\" data-id=\"5a7397d\" data-element_type=\"section\">\n\t\t\t\t\t\t<div class=\"elementor-container elementor-column-gap-default\">\n\t\t\t\t\t<div class=\"elementor-column elementor-col-100 elementor-top-column elementor-element elementor-element-8b33b4b\" data-id=\"8b33b4b\" data-element_type=\"column\">\n\t\t\t<div class=\"elementor-widget-wrap elementor-element-populated\">\n\t\t\t\t\t\t<div class=\"elementor-element elementor-element-89dac4b elementor-widget elementor-widget-heading\" data-id=\"89dac4b\" data-element_type=\"widget\" data-widget_type=\"heading.default\">\n\t\t\t\t<div class=\"elementor-widget-container\">\n\t\t\t\t\t<h2 class=\"elementor-heading-title elementor-size-default\">Un renouveau port\u00e9 par la recherche et la cr\u00e9ation<\/h2>\t\t\t\t<\/div>\n\t\t\t\t<\/div>\n\t\t\t\t<div class=\"elementor-element elementor-element-4fc7069 elementor-widget elementor-widget-text-editor\" data-id=\"4fc7069\" data-element_type=\"widget\" data-widget_type=\"text-editor.default\">\n\t\t\t\t<div class=\"elementor-widget-container\">\n\t\t\t\t\t\t\t\t\t<p><span style=\"font-weight: 400;\">Depuis plusieurs ann\u00e9es, le Dr Henri Joseph et son \u00e9quipe redonnent vie \u00e0 la fili\u00e8re de l\u2019indigo de Guadeloupe. Leur approche conjugue agronomie, science et \u00e9conomie locale. Ils r\u00e9introduisent la plante, optimisent les m\u00e9thodes d\u2019extraction et soutiennent la cr\u00e9ation d\u2019ateliers de teinture v\u00e9g\u00e9tale.<\/span><span style=\"font-weight: 400;\"><br \/><\/span><span style=\"font-weight: 400;\"> Ces ateliers\u00a0 \u00e0 Marie-Galante, Capesterre ou Sainte-Rose \u2014 ne se contentent pas de fabriquer du pigment : ils r\u00e9habilitent un geste culturel. On y apprend \u00e0 reconna\u00eetre la plante, \u00e0 contr\u00f4ler la fermentation, \u00e0 stabiliser la couleur. Des cr\u00e9ateurs guadeloup\u00e9ens et carib\u00e9ens s\u2019y approvisionnent pour concevoir des textiles, des \u0153uvres d\u2019art ou des produits cosm\u00e9tiques inspir\u00e9s du bleu originel.<\/span><span style=\"font-weight: 400;\"><br \/><\/span><span style=\"font-weight: 400;\"> L\u2019Indigo devient ainsi le c\u0153ur d\u2019un \u00e9cosyst\u00e8me vertueux : agriculture durable, transformation locale, circuits courts et valorisation artisanale.<\/span><\/p>\t\t\t\t\t\t\t\t<\/div>\n\t\t\t\t<\/div>\n\t\t\t\t\t<\/div>\n\t\t<\/div>\n\t\t\t\t\t<\/div>\n\t\t<\/section>\n\t\t\t\t<section class=\"elementor-section elementor-top-section elementor-element elementor-element-b1872a7 elementor-section-boxed elementor-section-height-default elementor-section-height-default\" data-id=\"b1872a7\" data-element_type=\"section\">\n\t\t\t\t\t\t<div class=\"elementor-container elementor-column-gap-default\">\n\t\t\t\t\t<div class=\"elementor-column elementor-col-100 elementor-top-column elementor-element elementor-element-4b13eb5\" data-id=\"4b13eb5\" data-element_type=\"column\">\n\t\t\t<div class=\"elementor-widget-wrap elementor-element-populated\">\n\t\t\t\t\t\t<div class=\"elementor-element elementor-element-f4b02a1 elementor-widget elementor-widget-heading\" data-id=\"f4b02a1\" data-element_type=\"widget\" data-widget_type=\"heading.default\">\n\t\t\t\t<div class=\"elementor-widget-container\">\n\t\t\t\t\t<h2 class=\"elementor-heading-title elementor-size-default\">Un symbole identitaire et environnemental<\/h2>\t\t\t\t<\/div>\n\t\t\t\t<\/div>\n\t\t\t\t<div class=\"elementor-element elementor-element-0c99176 elementor-widget elementor-widget-text-editor\" data-id=\"0c99176\" data-element_type=\"widget\" data-widget_type=\"text-editor.default\">\n\t\t\t\t<div class=\"elementor-widget-container\">\n\t\t\t\t\t\t\t\t\t<p><span style=\"font-weight: 400;\">R\u00e9habiliter l\u2019indigo de <a href=\"https:\/\/richeskarayib.com\/fr\/marie-galante-lile-aux-cent-moulins\/\" target=\"_blank\" rel=\"noopener\">Guadeloupe<\/a>, c\u2019est renouer avec une part oubli\u00e9e du patrimoine carib\u00e9en. Derri\u00e8re chaque nuance de bleu se cachent des si\u00e8cles de savoir-faire et de r\u00e9sistance. Le pigment, obtenu apr\u00e8s plusieurs jours de fermentation naturelle, cristallise l\u2019id\u00e9e m\u00eame d\u2019un patrimoine vivant : celui des gestes transmis, des mains tach\u00e9es d\u2019azur et d\u2019une fiert\u00e9 retrouv\u00e9e.<\/span><span style=\"font-weight: 400;\"><br \/><\/span><span style=\"font-weight: 400;\"> Ce retour de l\u2019indigo s\u2019inscrit dans un mouvement plus large de revalorisation des plantes locales : roucou, curcuma, bois d\u2019Inde, roumiers\u2026 Tous participent d\u2019une red\u00e9couverte du potentiel \u00e9conomique et symbolique des ressources end\u00e9miques. Dans cette dynamique, l\u2019indigo de Guadeloupe occupe une place singuli\u00e8re : il est \u00e0 la fois m\u00e9moire, mati\u00e8re et m\u00e9taphore d\u2019un renouveau durable.<\/span><\/p>\t\t\t\t\t\t\t\t<\/div>\n\t\t\t\t<\/div>\n\t\t\t\t<section class=\"elementor-section elementor-inner-section elementor-element elementor-element-f5e4be3 elementor-section-boxed elementor-section-height-default elementor-section-height-default\" data-id=\"f5e4be3\" data-element_type=\"section\">\n\t\t\t\t\t\t<div class=\"elementor-container elementor-column-gap-default\">\n\t\t\t\t\t<div class=\"elementor-column elementor-col-50 elementor-inner-column elementor-element elementor-element-4fc14fa\" data-id=\"4fc14fa\" data-element_type=\"column\">\n\t\t\t<div class=\"elementor-widget-wrap elementor-element-populated\">\n\t\t\t\t\t\t<div class=\"elementor-element elementor-element-8c70bd2 elementor-widget elementor-widget-image\" data-id=\"8c70bd2\" data-element_type=\"widget\" data-widget_type=\"image.default\">\n\t\t\t\t<div class=\"elementor-widget-container\">\n\t\t\t\t\t\t\t\t\t\t\t\t<figure class=\"wp-caption\">\n\t\t\t\t\t\t\t\t\t\t<img loading=\"lazy\" decoding=\"async\" width=\"800\" height=\"502\" src=\"https:\/\/richeskarayib.com\/wp-content\/uploads\/2025\/10\/\u00a9ctig.webp\" class=\"attachment-large size-large wp-image-63260\" alt=\"Indigo de Guadeloupe\" srcset=\"https:\/\/richeskarayib.com\/wp-content\/uploads\/2025\/10\/\u00a9ctig.webp 1024w, https:\/\/richeskarayib.com\/wp-content\/uploads\/2025\/10\/\u00a9ctig-300x188.webp 300w, https:\/\/richeskarayib.com\/wp-content\/uploads\/2025\/10\/\u00a9ctig-768x482.webp 768w\" sizes=\"(max-width: 800px) 100vw, 800px\" \/>\t\t\t\t\t\t\t\t\t\t\t<figcaption class=\"widget-image-caption wp-caption-text\">\u00a9ctig<\/figcaption>\n\t\t\t\t\t\t\t\t\t\t<\/figure>\n\t\t\t\t\t\t\t\t\t<\/div>\n\t\t\t\t<\/div>\n\t\t\t\t\t<\/div>\n\t\t<\/div>\n\t\t\t\t<div class=\"elementor-column elementor-col-50 elementor-inner-column elementor-element elementor-element-a7f3d00\" data-id=\"a7f3d00\" data-element_type=\"column\">\n\t\t\t<div class=\"elementor-widget-wrap elementor-element-populated\">\n\t\t\t\t\t\t<div class=\"elementor-element elementor-element-f45335c elementor-widget elementor-widget-image\" data-id=\"f45335c\" data-element_type=\"widget\" data-widget_type=\"image.default\">\n\t\t\t\t<div class=\"elementor-widget-container\">\n\t\t\t\t\t\t\t\t\t\t\t\t<figure class=\"wp-caption\">\n\t\t\t\t\t\t\t\t\t\t<img loading=\"lazy\" decoding=\"async\" width=\"800\" height=\"517\" src=\"https:\/\/richeskarayib.com\/wp-content\/uploads\/2025\/10\/\u00a9Maison-de-lindigo-2.jpg\" class=\"attachment-large size-large wp-image-63264\" alt=\"Indigo de Guadeloupe\" srcset=\"https:\/\/richeskarayib.com\/wp-content\/uploads\/2025\/10\/\u00a9Maison-de-lindigo-2.jpg 960w, https:\/\/richeskarayib.com\/wp-content\/uploads\/2025\/10\/\u00a9Maison-de-lindigo-2-300x194.jpg 300w, https:\/\/richeskarayib.com\/wp-content\/uploads\/2025\/10\/\u00a9Maison-de-lindigo-2-768x496.jpg 768w\" sizes=\"(max-width: 800px) 100vw, 800px\" \/>\t\t\t\t\t\t\t\t\t\t\t<figcaption class=\"widget-image-caption wp-caption-text\">\u00a9Maison de l'indigo<\/figcaption>\n\t\t\t\t\t\t\t\t\t\t<\/figure>\n\t\t\t\t\t\t\t\t\t<\/div>\n\t\t\t\t<\/div>\n\t\t\t\t\t<\/div>\n\t\t<\/div>\n\t\t\t\t\t<\/div>\n\t\t<\/section>\n\t\t\t\t\t<\/div>\n\t\t<\/div>\n\t\t\t\t\t<\/div>\n\t\t<\/section>\n\t\t\t\t<section class=\"elementor-section elementor-top-section elementor-element elementor-element-83b2c5a elementor-section-boxed elementor-section-height-default elementor-section-height-default\" data-id=\"83b2c5a\" data-element_type=\"section\">\n\t\t\t\t\t\t<div class=\"elementor-container elementor-column-gap-default\">\n\t\t\t\t\t<div class=\"elementor-column elementor-col-100 elementor-top-column elementor-element elementor-element-dce7380\" data-id=\"dce7380\" data-element_type=\"column\">\n\t\t\t<div class=\"elementor-widget-wrap elementor-element-populated\">\n\t\t\t\t\t\t<div class=\"elementor-element elementor-element-05c892b elementor-widget elementor-widget-heading\" data-id=\"05c892b\" data-element_type=\"widget\" data-widget_type=\"heading.default\">\n\t\t\t\t<div class=\"elementor-widget-container\">\n\t\t\t\t\t<h2 class=\"elementor-heading-title elementor-size-default\">Une fili\u00e8re \u00e0 structurer, un avenir \u00e0 b\u00e2tir<\/h2>\t\t\t\t<\/div>\n\t\t\t\t<\/div>\n\t\t\t\t<div class=\"elementor-element elementor-element-8c6ee8a elementor-widget elementor-widget-text-editor\" data-id=\"8c6ee8a\" data-element_type=\"widget\" data-widget_type=\"text-editor.default\">\n\t\t\t\t<div class=\"elementor-widget-container\">\n\t\t\t\t\t\t\t\t\t<p><span style=\"font-weight: 400;\">Les perspectives autour de l\u2019indigo de Guadeloupe sont prometteuses. Plusieurs projets visent \u00e0 structurer la production : cr\u00e9ation d\u2019une coop\u00e9rative agricole, certification biologique, exportation artisanale et programmes \u00e9ducatifs. L\u2019enjeu d\u00e9passe la simple valorisation du pigment : il s\u2019agit de reconstruire un mod\u00e8le \u00e9conomique fond\u00e9 sur le respect de la terre et la transmission du savoir.<\/span><span style=\"font-weight: 400;\"><br \/><\/span><span style=\"font-weight: 400;\"> L\u2019implication des acteurs culturels et scientifiques permet d\u2019assurer la p\u00e9rennit\u00e9 du projet. En parall\u00e8le, des stylistes carib\u00e9ens int\u00e8grent ce bleu dans leurs collections, prouvant que tradition et modernit\u00e9 peuvent coexister sans s\u2019opposer. <\/span><\/p>\t\t\t\t\t\t\t\t<\/div>\n\t\t\t\t<\/div>\n\t\t\t\t\t<\/div>\n\t\t<\/div>\n\t\t\t\t\t<\/div>\n\t\t<\/section>\n\t\t\t\t<section class=\"elementor-section elementor-top-section elementor-element elementor-element-8b46ab0 elementor-section-boxed elementor-section-height-default elementor-section-height-default\" data-id=\"8b46ab0\" data-element_type=\"section\">\n\t\t\t\t\t\t<div class=\"elementor-container elementor-column-gap-default\">\n\t\t\t\t\t<div class=\"elementor-column elementor-col-100 elementor-top-column elementor-element elementor-element-97c0113\" data-id=\"97c0113\" data-element_type=\"column\">\n\t\t\t<div class=\"elementor-widget-wrap elementor-element-populated\">\n\t\t\t\t\t\t<div class=\"elementor-element elementor-element-1bac180 elementor-widget elementor-widget-heading\" data-id=\"1bac180\" data-element_type=\"widget\" data-widget_type=\"heading.default\">\n\t\t\t\t<div class=\"elementor-widget-container\">\n\t\t\t\t\t<h2 class=\"elementor-heading-title elementor-size-default\">Un bleu qui relie la science, la nature et l\u2019\u00e2me<\/h2>\t\t\t\t<\/div>\n\t\t\t\t<\/div>\n\t\t\t\t<div class=\"elementor-element elementor-element-80cde81 elementor-widget elementor-widget-text-editor\" data-id=\"80cde81\" data-element_type=\"widget\" data-widget_type=\"text-editor.default\">\n\t\t\t\t<div class=\"elementor-widget-container\">\n\t\t\t\t\t\t\t\t\t<p><span style=\"font-weight: 400;\">Observer un bain d\u2019indigo, c\u2019est assister \u00e0 une m\u00e9tamorphose : le liquide vert devient bleu au contact de l\u2019air, comme si la plante respirait l\u2019esprit de l\u2019\u00eele. Ce ph\u00e9nom\u00e8ne, purement chimique, a pourtant une dimension po\u00e9tique et spirituelle.<\/span><span style=\"font-weight: 400;\"><br \/><\/span><span style=\"font-weight: 400;\"> Dans la culture cr\u00e9ole, la couleur bleue prot\u00e8ge, apaise, inspire. Elle symbolise le lien entre la mer, le ciel et la m\u00e9moire des peuples. L\u2019indigo de Guadeloupe, en retrouvant sa place dans la vie \u00e9conomique et artistique, rappelle que l\u2019innovation peut s\u2019ancrer dans la tradition.<\/span><span style=\"font-weight: 400;\"><br \/><\/span><span style=\"font-weight: 400;\"> De la recherche scientifique \u00e0 la cr\u00e9ation textile, il tisse un r\u00e9cit commun : celui d\u2019un territoire qui choisit de r\u00e9inventer son avenir sans renier ses racines.<\/span><\/p>\t\t\t\t\t\t\t\t<\/div>\n\t\t\t\t<\/div>\n\t\t\t\t<section class=\"elementor-section elementor-inner-section elementor-element elementor-element-42ee22d elementor-section-boxed elementor-section-height-default elementor-section-height-default\" data-id=\"42ee22d\" data-element_type=\"section\">\n\t\t\t\t\t\t<div class=\"elementor-container elementor-column-gap-default\">\n\t\t\t\t\t<div class=\"elementor-column elementor-col-100 elementor-inner-column elementor-element elementor-element-9f3834c\" data-id=\"9f3834c\" data-element_type=\"column\">\n\t\t\t<div class=\"elementor-widget-wrap elementor-element-populated\">\n\t\t\t\t\t\t<div class=\"elementor-element elementor-element-880bfe8 elementor-widget elementor-widget-image\" data-id=\"880bfe8\" data-element_type=\"widget\" data-widget_type=\"image.default\">\n\t\t\t\t<div class=\"elementor-widget-container\">\n\t\t\t\t\t\t\t\t\t\t\t\t<figure class=\"wp-caption\">\n\t\t\t\t\t\t\t\t\t\t<img loading=\"lazy\" decoding=\"async\" width=\"800\" height=\"600\" src=\"https:\/\/richeskarayib.com\/wp-content\/uploads\/2025\/10\/4-1024x768.jpg\" class=\"attachment-large size-large wp-image-63240\" alt=\"Indigo de Guadeloupe\" srcset=\"https:\/\/richeskarayib.com\/wp-content\/uploads\/2025\/10\/4-1024x768.jpg 1024w, https:\/\/richeskarayib.com\/wp-content\/uploads\/2025\/10\/4-300x225.jpg 300w, https:\/\/richeskarayib.com\/wp-content\/uploads\/2025\/10\/4-768x576.jpg 768w, https:\/\/richeskarayib.com\/wp-content\/uploads\/2025\/10\/4-1536x1152.jpg 1536w, https:\/\/richeskarayib.com\/wp-content\/uploads\/2025\/10\/4-1320x990.jpg 1320w, https:\/\/richeskarayib.com\/wp-content\/uploads\/2025\/10\/4.jpg 2048w\" sizes=\"(max-width: 800px) 100vw, 800px\" \/>\t\t\t\t\t\t\t\t\t\t\t<figcaption class=\"widget-image-caption wp-caption-text\">\u00a9Maison de l'indigo<\/figcaption>\n\t\t\t\t\t\t\t\t\t\t<\/figure>\n\t\t\t\t\t\t\t\t\t<\/div>\n\t\t\t\t<\/div>\n\t\t\t\t\t<\/div>\n\t\t<\/div>\n\t\t\t\t\t<\/div>\n\t\t<\/section>\n\t\t\t\t\t<\/div>\n\t\t<\/div>\n\t\t\t\t\t<\/div>\n\t\t<\/section>\n\t\t\t\t<section class=\"elementor-section elementor-top-section elementor-element elementor-element-50ca609 elementor-section-boxed elementor-section-height-default elementor-section-height-default\" data-id=\"50ca609\" data-element_type=\"section\">\n\t\t\t\t\t\t<div class=\"elementor-container elementor-column-gap-default\">\n\t\t\t\t\t<div class=\"elementor-column elementor-col-100 elementor-top-column elementor-element elementor-element-f520981\" data-id=\"f520981\" data-element_type=\"column\">\n\t\t\t<div class=\"elementor-widget-wrap elementor-element-populated\">\n\t\t\t\t\t\t<div class=\"elementor-element elementor-element-b9956c3 elementor-widget elementor-widget-heading\" data-id=\"b9956c3\" data-element_type=\"widget\" data-widget_type=\"heading.default\">\n\t\t\t\t<div class=\"elementor-widget-container\">\n\t\t\t\t\t<h2 class=\"elementor-heading-title elementor-size-default\">L\u2019or bleu d\u2019une Cara\u00efbe en \u00e9veil<\/h2>\t\t\t\t<\/div>\n\t\t\t\t<\/div>\n\t\t\t\t<div class=\"elementor-element elementor-element-a01e33d elementor-widget elementor-widget-text-editor\" data-id=\"a01e33d\" data-element_type=\"widget\" data-widget_type=\"text-editor.default\">\n\t\t\t\t<div class=\"elementor-widget-container\">\n\t\t\t\t\t\t\t\t\t<p><span style=\"font-weight: 400;\">L\u2019indigo de Guadeloupe n\u2019est pas qu\u2019un pigment : c\u2019est une renaissance. Sa couleur raconte un pass\u00e9 glorieux, mais surtout un futur possible, fond\u00e9 sur la durabilit\u00e9 et la transmission. L\u2019or bleu de la Guadeloupe redevient un symbole d\u2019identit\u00e9, de science et de cr\u00e9ation.<\/span><span style=\"font-weight: 400;\"><br \/><\/span><span style=\"font-weight: 400;\"> Et dans chaque fibre bleue, dans chaque artisan qui plonge les mains dans le pigment, se trouve un fragment d\u2019histoire qui continue de s\u2019\u00e9crire \u2014 \u00e0 la crois\u00e9e du patrimoine et de l\u2019innovation.<\/span><\/p>\t\t\t\t\t\t\t\t<\/div>\n\t\t\t\t<\/div>\n\t\t\t\t\t<\/div>\n\t\t<\/div>\n\t\t\t\t\t<\/div>\n\t\t<\/section>\n\t\t\t\t<\/div>\n\t\t","protected":false},"excerpt":{"rendered":"<p>Au c\u0153ur de la Cara\u00efbe, l\u2019indigo de Guadeloupe rena\u00eet lentement d\u2019un long silence. Jadis moteur d\u2019une \u00e9conomie florissante, cette plante tinctoriale :\u00a0 Indigofera suffruticosa incarne aujourd\u2019hui une alliance rare entre histoire, science et cr\u00e9ation. Appel\u00e9 l\u2019or bleu de la Guadeloupe, il fascine autant les chercheurs que les artisans, par la puret\u00e9 de son pigment et [&hellip;]<\/p>\n","protected":false},"author":662,"featured_media":63236,"comment_status":"open","ping_status":"open","sticky":false,"template":"","format":"standard","meta":{"_acf_changed":false,"footnotes":""},"categories":[1468],"tags":[1545],"class_list":["post-63235","post","type-post","status-publish","format-standard","has-post-thumbnail","hentry","category-histoire-patrimoine","tag-guadeloupe-2"],"acf":[],"_links":{"self":[{"href":"https:\/\/richeskarayib.com\/fr\/wp-json\/wp\/v2\/posts\/63235","targetHints":{"allow":["GET"]}}],"collection":[{"href":"https:\/\/richeskarayib.com\/fr\/wp-json\/wp\/v2\/posts"}],"about":[{"href":"https:\/\/richeskarayib.com\/fr\/wp-json\/wp\/v2\/types\/post"}],"author":[{"embeddable":true,"href":"https:\/\/richeskarayib.com\/fr\/wp-json\/wp\/v2\/users\/662"}],"replies":[{"embeddable":true,"href":"https:\/\/richeskarayib.com\/fr\/wp-json\/wp\/v2\/comments?post=63235"}],"version-history":[{"count":0,"href":"https:\/\/richeskarayib.com\/fr\/wp-json\/wp\/v2\/posts\/63235\/revisions"}],"wp:featuredmedia":[{"embeddable":true,"href":"https:\/\/richeskarayib.com\/fr\/wp-json\/wp\/v2\/media\/63236"}],"wp:attachment":[{"href":"https:\/\/richeskarayib.com\/fr\/wp-json\/wp\/v2\/media?parent=63235"}],"wp:term":[{"taxonomy":"category","embeddable":true,"href":"https:\/\/richeskarayib.com\/fr\/wp-json\/wp\/v2\/categories?post=63235"},{"taxonomy":"post_tag","embeddable":true,"href":"https:\/\/richeskarayib.com\/fr\/wp-json\/wp\/v2\/tags?post=63235"}],"curies":[{"name":"wp","href":"https:\/\/api.w.org\/{rel}","templated":true}]}}