{"id":63273,"date":"2025-10-16T07:54:02","date_gmt":"2025-10-16T11:54:02","guid":{"rendered":"https:\/\/richeskarayib.com\/?p=63273"},"modified":"2025-10-16T07:54:02","modified_gmt":"2025-10-16T11:54:02","slug":"jose-privat-honore-le-trophee-barel-coppet","status":"publish","type":"post","link":"https:\/\/richeskarayib.com\/fr\/jose-privat-honore-le-trophee-barel-coppet\/","title":{"rendered":"Martinique &#8211; Jos\u00e9 Privat honor\u00e9 par le Troph\u00e9e Barel Coppet : un hommage attendu \u00e0 Fort-de-France"},"content":{"rendered":"\t\t<div data-elementor-type=\"wp-post\" data-elementor-id=\"63273\" class=\"elementor elementor-63273\" data-elementor-post-type=\"post\">\n\t\t\t\t\t\t<section class=\"elementor-section elementor-top-section elementor-element elementor-element-7ca7ca1 elementor-section-boxed elementor-section-height-default elementor-section-height-default\" data-id=\"7ca7ca1\" data-element_type=\"section\">\n\t\t\t\t\t\t<div class=\"elementor-container elementor-column-gap-default\">\n\t\t\t\t\t<div class=\"elementor-column elementor-col-100 elementor-top-column elementor-element elementor-element-cbdd002\" data-id=\"cbdd002\" data-element_type=\"column\">\n\t\t\t<div class=\"elementor-widget-wrap elementor-element-populated\">\n\t\t\t\t\t\t<section class=\"elementor-section elementor-inner-section elementor-element elementor-element-bc94849 elementor-section-boxed elementor-section-height-default elementor-section-height-default\" data-id=\"bc94849\" data-element_type=\"section\">\n\t\t\t\t\t\t<div class=\"elementor-container elementor-column-gap-default\">\n\t\t\t\t\t\t<\/div>\n\t\t<\/section>\n\t\t\t\t<section class=\"elementor-section elementor-inner-section elementor-element elementor-element-61571e6 elementor-section-boxed elementor-section-height-default elementor-section-height-default\" data-id=\"61571e6\" data-element_type=\"section\">\n\t\t\t\t\t\t<div class=\"elementor-container elementor-column-gap-default\">\n\t\t\t\t\t\t<\/div>\n\t\t<\/section>\n\t\t\t\t<section class=\"elementor-section elementor-inner-section elementor-element elementor-element-b6262e0 elementor-section-boxed elementor-section-height-default elementor-section-height-default\" data-id=\"b6262e0\" data-element_type=\"section\">\n\t\t\t\t\t\t<div class=\"elementor-container elementor-column-gap-default\">\n\t\t\t\t\t\t<\/div>\n\t\t<\/section>\n\t\t\t\t<section class=\"elementor-section elementor-inner-section elementor-element elementor-element-cca29fd elementor-section-boxed elementor-section-height-default elementor-section-height-default\" data-id=\"cca29fd\" data-element_type=\"section\">\n\t\t\t\t\t\t<div class=\"elementor-container elementor-column-gap-default\">\n\t\t\t\t\t\t<\/div>\n\t\t<\/section>\n\t\t\t\t\t<\/div>\n\t\t<\/div>\n\t\t\t\t\t<\/div>\n\t\t<\/section>\n\t\t\t\t<section class=\"elementor-section elementor-top-section elementor-element elementor-element-e1fea79 elementor-section-boxed elementor-section-height-default elementor-section-height-default\" data-id=\"e1fea79\" data-element_type=\"section\">\n\t\t\t\t\t\t<div class=\"elementor-container elementor-column-gap-default\">\n\t\t\t\t\t<div class=\"elementor-column elementor-col-100 elementor-top-column elementor-element elementor-element-6d0be76\" data-id=\"6d0be76\" data-element_type=\"column\">\n\t\t\t<div class=\"elementor-widget-wrap elementor-element-populated\">\n\t\t\t\t\t\t<div class=\"elementor-element elementor-element-bbb62ae elementor-widget elementor-widget-text-editor\" data-id=\"bbb62ae\" data-element_type=\"widget\" data-widget_type=\"text-editor.default\">\n\t\t\t\t<div class=\"elementor-widget-container\">\n\t\t\t\t\t\t\t\t\t<p><span style=\"font-weight: 400;\">Ce 16 octobre 2025, au Centre International de S\u00e9jour de l\u2019\u00c9tang Zabricot, \u00e0 <a href=\"https:\/\/richeskarayib.com\/fr\/journees-europeennes-du-patrimoine-architecture-moderniste-fort-de-france\/\" target=\"_blank\" rel=\"noopener\">Fort-de-France<\/a>, l\u2019Association Carrefour Barel Coppet (ACBC) consacre sa soir\u00e9e culturelle \u00e0 Jos\u00e9 Privat.<\/span><span style=\"font-weight: 400;\"><br \/><\/span><span style=\"font-weight: 400;\">Le pianiste martiniquais, figure historique du groupe Malavoi, re\u00e7oit ce soir le Troph\u00e9e Barel Coppet pour l\u2019ensemble de sa carri\u00e8re : plus de quarante-cinq ans d\u2019un parcours o\u00f9 l\u2019humilit\u00e9 accompagne la ma\u00eetrise.<\/span><span style=\"font-weight: 400;\"><br \/><\/span><span style=\"font-weight: 400;\"> L\u2019\u00e9v\u00e9nement s\u2019inscrit dans les <\/span><i><span style=\"font-weight: 400;\">Jeudis culturels<\/span><\/i><span style=\"font-weight: 400;\"> de l\u2019association, qui distingue chaque ann\u00e9e une personnalit\u00e9 majeure du patrimoine artistique local.<\/span><\/p>\t\t\t\t\t\t\t\t<\/div>\n\t\t\t\t<\/div>\n\t\t\t\t\t<\/div>\n\t\t<\/div>\n\t\t\t\t\t<\/div>\n\t\t<\/section>\n\t\t\t\t<section class=\"elementor-section elementor-top-section elementor-element elementor-element-ee72354 elementor-section-boxed elementor-section-height-default elementor-section-height-default\" data-id=\"ee72354\" data-element_type=\"section\">\n\t\t\t\t\t\t<div class=\"elementor-container elementor-column-gap-default\">\n\t\t\t\t\t<div class=\"elementor-column elementor-col-100 elementor-top-column elementor-element elementor-element-c59d6fe\" data-id=\"c59d6fe\" data-element_type=\"column\">\n\t\t\t<div class=\"elementor-widget-wrap elementor-element-populated\">\n\t\t\t\t\t\t<div class=\"elementor-element elementor-element-ddc6a1e elementor-widget elementor-widget-heading\" data-id=\"ddc6a1e\" data-element_type=\"widget\" data-widget_type=\"heading.default\">\n\t\t\t\t<div class=\"elementor-widget-container\">\n\t\t\t\t\t<h2 class=\"elementor-heading-title elementor-size-default\">Le Troph\u00e9e Barel Coppet : une reconnaissance enracin\u00e9e\n<\/h2>\t\t\t\t<\/div>\n\t\t\t\t<\/div>\n\t\t\t\t<div class=\"elementor-element elementor-element-e57451f elementor-widget elementor-widget-text-editor\" data-id=\"e57451f\" data-element_type=\"widget\" data-widget_type=\"text-editor.default\">\n\t\t\t\t<div class=\"elementor-widget-container\">\n\t\t\t\t\t\t\t\t\t<p><span style=\"font-weight: 400;\">Cr\u00e9\u00e9 par l\u2019ACBC, le Troph\u00e9e Barel Coppet rend hommage \u00e0 celles et ceux qui portent haut la culture martiniquaise.<\/span><span style=\"font-weight: 400;\"><br \/><\/span><span style=\"font-weight: 400;\"> Son nom rappelle l\u2019\u00e9crivain et humaniste Barel Coppet, d\u00e9fenseur du dialogue entre arts, savoir et engagement citoyen.<\/span><span style=\"font-weight: 400;\"><br \/><\/span><span style=\"font-weight: 400;\"> La remise du troph\u00e9e \u00e0 Jos\u00e9 Privat s\u2019inscrit dans cette filiation : c\u00e9l\u00e9brer les b\u00e2tisseurs d\u2019une identit\u00e9 musicale ouverte au monde tout en restant profond\u00e9ment attach\u00e9e \u00e0 la terre natale.<\/span><\/p>\t\t\t\t\t\t\t\t<\/div>\n\t\t\t\t<\/div>\n\t\t\t\t<div class=\"elementor-element elementor-element-21c2889 elementor-widget elementor-widget-text-editor\" data-id=\"21c2889\" data-element_type=\"widget\" data-widget_type=\"text-editor.default\">\n\t\t\t\t<div class=\"elementor-widget-container\">\n\t\t\t\t\t\t\t\t\t<p><span style=\"font-weight: 400;\">Pour beaucoup d\u2019observateurs, cette distinction sonne comme une \u00e9vidence.<\/span><span style=\"font-weight: 400;\"><br \/><\/span><span style=\"font-weight: 400;\">Discret mais influent, il a fa\u00e7onn\u00e9, derri\u00e8re son piano, l\u2019un des sons les plus embl\u00e9matiques de la Martinique contemporaine.<\/span><\/p>\t\t\t\t\t\t\t\t<\/div>\n\t\t\t\t<\/div>\n\t\t\t\t<section class=\"elementor-section elementor-inner-section elementor-element elementor-element-c1e1579 elementor-section-boxed elementor-section-height-default elementor-section-height-default\" data-id=\"c1e1579\" data-element_type=\"section\">\n\t\t\t\t\t\t<div class=\"elementor-container elementor-column-gap-default\">\n\t\t\t\t\t<div class=\"elementor-column elementor-col-100 elementor-inner-column elementor-element elementor-element-73115ac\" data-id=\"73115ac\" data-element_type=\"column\">\n\t\t\t<div class=\"elementor-widget-wrap elementor-element-populated\">\n\t\t\t\t\t\t<div class=\"elementor-element elementor-element-f8742b1 elementor-widget elementor-widget-image\" data-id=\"f8742b1\" data-element_type=\"widget\" data-widget_type=\"image.default\">\n\t\t\t\t<div class=\"elementor-widget-container\">\n\t\t\t\t\t\t\t\t\t\t\t\t<figure class=\"wp-caption\">\n\t\t\t\t\t\t\t\t\t\t<img fetchpriority=\"high\" decoding=\"async\" width=\"800\" height=\"533\" src=\"https:\/\/richeskarayib.com\/wp-content\/uploads\/2025\/10\/\u00a9Frederic-Thaly.webp\" class=\"attachment-large size-large wp-image-63286\" alt=\"Jos\u00e9 Privat\" srcset=\"https:\/\/richeskarayib.com\/wp-content\/uploads\/2025\/10\/\u00a9Frederic-Thaly.webp 930w, https:\/\/richeskarayib.com\/wp-content\/uploads\/2025\/10\/\u00a9Frederic-Thaly-300x200.webp 300w, https:\/\/richeskarayib.com\/wp-content\/uploads\/2025\/10\/\u00a9Frederic-Thaly-768x512.webp 768w\" sizes=\"(max-width: 800px) 100vw, 800px\" \/>\t\t\t\t\t\t\t\t\t\t\t<figcaption class=\"widget-image-caption wp-caption-text\">\u00a9Fr\u00e9d\u00e9ric Thaly<\/figcaption>\n\t\t\t\t\t\t\t\t\t\t<\/figure>\n\t\t\t\t\t\t\t\t\t<\/div>\n\t\t\t\t<\/div>\n\t\t\t\t\t<\/div>\n\t\t<\/div>\n\t\t\t\t\t<\/div>\n\t\t<\/section>\n\t\t\t\t\t<\/div>\n\t\t<\/div>\n\t\t\t\t\t<\/div>\n\t\t<\/section>\n\t\t\t\t<section class=\"elementor-section elementor-top-section elementor-element elementor-element-82cd8f9 elementor-section-boxed elementor-section-height-default elementor-section-height-default\" data-id=\"82cd8f9\" data-element_type=\"section\">\n\t\t\t\t\t\t<div class=\"elementor-container elementor-column-gap-default\">\n\t\t\t\t\t<div class=\"elementor-column elementor-col-100 elementor-top-column elementor-element elementor-element-0bfdc38\" data-id=\"0bfdc38\" data-element_type=\"column\">\n\t\t\t<div class=\"elementor-widget-wrap elementor-element-populated\">\n\t\t\t\t\t\t<div class=\"elementor-element elementor-element-7d292fe elementor-widget elementor-widget-heading\" data-id=\"7d292fe\" data-element_type=\"widget\" data-widget_type=\"heading.default\">\n\t\t\t\t<div class=\"elementor-widget-container\">\n\t\t\t\t\t<h2 class=\"elementor-heading-title elementor-size-default\">Jos\u00e9 Privat : quarante-cinq ans d\u2019un dialogue entre tradition et modernit\u00e9\n<\/h2>\t\t\t\t<\/div>\n\t\t\t\t<\/div>\n\t\t\t\t<div class=\"elementor-element elementor-element-0467e62 elementor-widget elementor-widget-text-editor\" data-id=\"0467e62\" data-element_type=\"widget\" data-widget_type=\"text-editor.default\">\n\t\t\t\t<div class=\"elementor-widget-container\">\n\t\t\t\t\t\t\t\t\t<p><span style=\"font-weight: 400;\">Autodidacte, <a href=\"https:\/\/la1ere.franceinfo.fr\/martinique\/le-pianiste-martiniquais-jose-privat-recoit-le-trophee-barel-coppet-pour-son-uvre-eclectique-1633193.html\" target=\"_blank\" rel=\"noopener nofollow\">Jos\u00e9 Privat<\/a> commence par le violon avant de se tourner vers le piano, o\u00f9 il trouve son langage naturel.<\/span><span style=\"font-weight: 400;\"><br \/><\/span><span style=\"font-weight: 400;\"> D\u00e8s les ann\u00e9es 1990, il rejoint Malavoi, formation mythique qui a red\u00e9fini la musique traditionnelle antillaise en y m\u00ealant cordes, rythmes cr\u00e9oles et influences jazz.<\/span><span style=\"font-weight: 400;\"><br \/><\/span><span style=\"font-weight: 400;\"> Aux c\u00f4t\u00e9s de Paulo Rosine, puis dans sa continuit\u00e9, il devient l\u2019un des garants de l\u2019identit\u00e9 harmonique du groupe.<\/span><\/p>\t\t\t\t\t\t\t\t<\/div>\n\t\t\t\t<\/div>\n\t\t\t\t<div class=\"elementor-element elementor-element-f365510 elementor-widget elementor-widget-text-editor\" data-id=\"f365510\" data-element_type=\"widget\" data-widget_type=\"text-editor.default\">\n\t\t\t\t<div class=\"elementor-widget-container\">\n\t\t\t\t\t\t\t\t\t<p><span style=\"font-weight: 400;\">Ses collaborations multiples \u2013 avec \u00c9dith Lefel, Gertrude S\u00e9nin, Beethova Obas ou Luther Fran\u00e7ois \u2013 t\u00e9moignent d\u2019une carri\u00e8re o\u00f9 le talent s\u2019exprime avant tout dans le service de la musique collective.<\/span><span style=\"font-weight: 400;\"><br \/><\/span><span style=\"font-weight: 400;\"> Ses pairs soulignent une constante : la justesse du geste, la modestie de l\u2019artiste et une \u00e9l\u00e9gance rythmique rare.<\/span><\/p>\t\t\t\t\t\t\t\t<\/div>\n\t\t\t\t<\/div>\n\t\t\t\t<section class=\"elementor-section elementor-inner-section elementor-element elementor-element-541549c elementor-section-boxed elementor-section-height-default elementor-section-height-default\" data-id=\"541549c\" data-element_type=\"section\">\n\t\t\t\t\t\t<div class=\"elementor-container elementor-column-gap-default\">\n\t\t\t\t\t<div class=\"elementor-column elementor-col-50 elementor-inner-column elementor-element elementor-element-73d9add\" data-id=\"73d9add\" data-element_type=\"column\">\n\t\t\t<div class=\"elementor-widget-wrap elementor-element-populated\">\n\t\t\t\t\t\t<div class=\"elementor-element elementor-element-fcb93b6 elementor-widget elementor-widget-image\" data-id=\"fcb93b6\" data-element_type=\"widget\" data-widget_type=\"image.default\">\n\t\t\t\t<div class=\"elementor-widget-container\">\n\t\t\t\t\t\t\t\t\t\t\t\t<figure class=\"wp-caption\">\n\t\t\t\t\t\t\t\t\t\t<img decoding=\"async\" width=\"800\" height=\"534\" src=\"https:\/\/richeskarayib.com\/wp-content\/uploads\/2025\/10\/\u00a9MALAVOI-OFFICIEL-2-1024x683.jpg\" class=\"attachment-large size-large wp-image-63290\" alt=\"Jos\u00e9 Privat\" srcset=\"https:\/\/richeskarayib.com\/wp-content\/uploads\/2025\/10\/\u00a9MALAVOI-OFFICIEL-2-1024x683.jpg 1024w, https:\/\/richeskarayib.com\/wp-content\/uploads\/2025\/10\/\u00a9MALAVOI-OFFICIEL-2-300x200.jpg 300w, https:\/\/richeskarayib.com\/wp-content\/uploads\/2025\/10\/\u00a9MALAVOI-OFFICIEL-2-768x512.jpg 768w, https:\/\/richeskarayib.com\/wp-content\/uploads\/2025\/10\/\u00a9MALAVOI-OFFICIEL-2-1536x1025.jpg 1536w, https:\/\/richeskarayib.com\/wp-content\/uploads\/2025\/10\/\u00a9MALAVOI-OFFICIEL-2-1320x880.jpg 1320w, https:\/\/richeskarayib.com\/wp-content\/uploads\/2025\/10\/\u00a9MALAVOI-OFFICIEL-2.jpg 1895w\" sizes=\"(max-width: 800px) 100vw, 800px\" \/>\t\t\t\t\t\t\t\t\t\t\t<figcaption class=\"widget-image-caption wp-caption-text\">\u00a9MALAVOI OFFICIEL<\/figcaption>\n\t\t\t\t\t\t\t\t\t\t<\/figure>\n\t\t\t\t\t\t\t\t\t<\/div>\n\t\t\t\t<\/div>\n\t\t\t\t\t<\/div>\n\t\t<\/div>\n\t\t\t\t<div class=\"elementor-column elementor-col-50 elementor-inner-column elementor-element elementor-element-734c4a0\" data-id=\"734c4a0\" data-element_type=\"column\">\n\t\t\t<div class=\"elementor-widget-wrap elementor-element-populated\">\n\t\t\t\t\t\t<div class=\"elementor-element elementor-element-3e061db elementor-widget elementor-widget-image\" data-id=\"3e061db\" data-element_type=\"widget\" data-widget_type=\"image.default\">\n\t\t\t\t<div class=\"elementor-widget-container\">\n\t\t\t\t\t\t\t\t\t\t\t\t<figure class=\"wp-caption\">\n\t\t\t\t\t\t\t\t\t\t<img decoding=\"async\" width=\"800\" height=\"600\" src=\"https:\/\/richeskarayib.com\/wp-content\/uploads\/2025\/10\/\u00a9MALAVOI-OFFICIEL-1024x768.jpg\" class=\"attachment-large size-large wp-image-63294\" alt=\"Jos\u00e9 Privat\" srcset=\"https:\/\/richeskarayib.com\/wp-content\/uploads\/2025\/10\/\u00a9MALAVOI-OFFICIEL-1024x768.jpg 1024w, https:\/\/richeskarayib.com\/wp-content\/uploads\/2025\/10\/\u00a9MALAVOI-OFFICIEL-300x225.jpg 300w, https:\/\/richeskarayib.com\/wp-content\/uploads\/2025\/10\/\u00a9MALAVOI-OFFICIEL-768x576.jpg 768w, https:\/\/richeskarayib.com\/wp-content\/uploads\/2025\/10\/\u00a9MALAVOI-OFFICIEL-1536x1152.jpg 1536w, https:\/\/richeskarayib.com\/wp-content\/uploads\/2025\/10\/\u00a9MALAVOI-OFFICIEL-1320x990.jpg 1320w, https:\/\/richeskarayib.com\/wp-content\/uploads\/2025\/10\/\u00a9MALAVOI-OFFICIEL.jpg 1920w\" sizes=\"(max-width: 800px) 100vw, 800px\" \/>\t\t\t\t\t\t\t\t\t\t\t<figcaption class=\"widget-image-caption wp-caption-text\">\u00a9MALAVOI OFFICIEL<\/figcaption>\n\t\t\t\t\t\t\t\t\t\t<\/figure>\n\t\t\t\t\t\t\t\t\t<\/div>\n\t\t\t\t<\/div>\n\t\t\t\t\t<\/div>\n\t\t<\/div>\n\t\t\t\t\t<\/div>\n\t\t<\/section>\n\t\t\t\t<section class=\"elementor-section elementor-inner-section elementor-element elementor-element-c582330 elementor-section-boxed elementor-section-height-default elementor-section-height-default\" data-id=\"c582330\" data-element_type=\"section\">\n\t\t\t\t\t\t<div class=\"elementor-container elementor-column-gap-default\">\n\t\t\t\t\t\t<\/div>\n\t\t<\/section>\n\t\t\t\t<section class=\"elementor-section elementor-inner-section elementor-element elementor-element-296603a elementor-section-boxed elementor-section-height-default elementor-section-height-default\" data-id=\"296603a\" data-element_type=\"section\">\n\t\t\t\t\t\t<div class=\"elementor-container elementor-column-gap-default\">\n\t\t\t\t\t\t<\/div>\n\t\t<\/section>\n\t\t\t\t\t<\/div>\n\t\t<\/div>\n\t\t\t\t\t<\/div>\n\t\t<\/section>\n\t\t\t\t<section class=\"elementor-section elementor-top-section elementor-element elementor-element-5a7397d elementor-section-boxed elementor-section-height-default elementor-section-height-default\" data-id=\"5a7397d\" data-element_type=\"section\">\n\t\t\t\t\t\t<div class=\"elementor-container elementor-column-gap-default\">\n\t\t\t\t\t<div class=\"elementor-column elementor-col-100 elementor-top-column elementor-element elementor-element-8b33b4b\" data-id=\"8b33b4b\" data-element_type=\"column\">\n\t\t\t<div class=\"elementor-widget-wrap elementor-element-populated\">\n\t\t\t\t\t\t<div class=\"elementor-element elementor-element-89dac4b elementor-widget elementor-widget-heading\" data-id=\"89dac4b\" data-element_type=\"widget\" data-widget_type=\"heading.default\">\n\t\t\t\t<div class=\"elementor-widget-container\">\n\t\t\t\t\t<h2 class=\"elementor-heading-title elementor-size-default\">Clin d\u2019\u0153il (2024) : la maturit\u00e9 d\u2019un musicien libre<\/h2>\t\t\t\t<\/div>\n\t\t\t\t<\/div>\n\t\t\t\t<div class=\"elementor-element elementor-element-4fc7069 elementor-widget elementor-widget-text-editor\" data-id=\"4fc7069\" data-element_type=\"widget\" data-widget_type=\"text-editor.default\">\n\t\t\t\t<div class=\"elementor-widget-container\">\n\t\t\t\t\t\t\t\t\t<p><span style=\"font-weight: 400;\">Paru en avril 2024 chez Aztec Musique, l\u2019album Clin d\u2019\u0153il marque une \u00e9tape majeure.<\/span><span style=\"font-weight: 400;\"><br \/><\/span><span style=\"font-weight: 400;\"> Enti\u00e8rement jou\u00e9 \u00e0 l\u2019orgue Hammond B3, il r\u00e9unit Ralph Lavital, Tilo Bertholo, Elvin Bironien et Tricia Evy, avec la participation de son fils Gr\u00e9gory Privat.<\/span><\/p>\t\t\t\t\t\t\t\t<\/div>\n\t\t\t\t<\/div>\n\t\t\t\t<div class=\"elementor-element elementor-element-2cbc4ad elementor-widget elementor-widget-text-editor\" data-id=\"2cbc4ad\" data-element_type=\"widget\" data-widget_type=\"text-editor.default\">\n\t\t\t\t<div class=\"elementor-widget-container\">\n\t\t\t\t\t\t\t\t\t<p><span style=\"font-weight: 400;\">\u00a0L\u2019album conjugue swing carib\u00e9en, jazz et r\u00e9miniscences de biguine dans une \u00e9criture \u00e0 la fois sobre et lumineuse.<\/span><span style=\"font-weight: 400;\"><br \/><\/span><span style=\"font-weight: 400;\"> Le morceau d\u2019ouverture, Coin Carbet, \u00e9voque ses racines foyalaises, tandis que Toujou La ou Clin d\u2019\u0153il prolongent la conversation entre g\u00e9n\u00e9rations d\u2019artistes.<\/span><\/p>\n<p><span style=\"font-weight: 400;\">Pour Jos\u00e9 Privat, ce disque r\u00e9sume l\u2019esprit d\u2019une vie : faire dialoguer les h\u00e9ritages sans jamais les figer.<\/span><\/p>\t\t\t\t\t\t\t\t<\/div>\n\t\t\t\t<\/div>\n\t\t\t\t<section class=\"elementor-section elementor-inner-section elementor-element elementor-element-b9965f2 elementor-section-boxed elementor-section-height-default elementor-section-height-default\" data-id=\"b9965f2\" data-element_type=\"section\">\n\t\t\t\t\t\t<div class=\"elementor-container elementor-column-gap-default\">\n\t\t\t\t\t<div class=\"elementor-column elementor-col-100 elementor-inner-column elementor-element elementor-element-f87bfb7\" data-id=\"f87bfb7\" data-element_type=\"column\">\n\t\t\t<div class=\"elementor-widget-wrap elementor-element-populated\">\n\t\t\t\t\t\t<div class=\"elementor-element elementor-element-150aa55 elementor-widget elementor-widget-image\" data-id=\"150aa55\" data-element_type=\"widget\" data-widget_type=\"image.default\">\n\t\t\t\t<div class=\"elementor-widget-container\">\n\t\t\t\t\t\t\t\t\t\t\t\t\t\t\t<img loading=\"lazy\" decoding=\"async\" width=\"800\" height=\"800\" src=\"https:\/\/richeskarayib.com\/wp-content\/uploads\/2025\/10\/COVER-Jose-Privat_web-1-1024x1024.jpg\" class=\"attachment-large size-large wp-image-63282\" alt=\"Jos\u00e9 Privat\" srcset=\"https:\/\/richeskarayib.com\/wp-content\/uploads\/2025\/10\/COVER-Jose-Privat_web-1-1024x1024.jpg 1024w, https:\/\/richeskarayib.com\/wp-content\/uploads\/2025\/10\/COVER-Jose-Privat_web-1-300x300.jpg 300w, https:\/\/richeskarayib.com\/wp-content\/uploads\/2025\/10\/COVER-Jose-Privat_web-1-150x150.jpg 150w, https:\/\/richeskarayib.com\/wp-content\/uploads\/2025\/10\/COVER-Jose-Privat_web-1-768x768.jpg 768w, https:\/\/richeskarayib.com\/wp-content\/uploads\/2025\/10\/COVER-Jose-Privat_web-1-1536x1536.jpg 1536w, https:\/\/richeskarayib.com\/wp-content\/uploads\/2025\/10\/COVER-Jose-Privat_web-1-1320x1320.jpg 1320w, https:\/\/richeskarayib.com\/wp-content\/uploads\/2025\/10\/COVER-Jose-Privat_web-1.jpg 1920w\" sizes=\"(max-width: 800px) 100vw, 800px\" \/>\t\t\t\t\t\t\t\t\t\t\t\t\t\t\t<\/div>\n\t\t\t\t<\/div>\n\t\t\t\t\t<\/div>\n\t\t<\/div>\n\t\t\t\t\t<\/div>\n\t\t<\/section>\n\t\t\t\t\t<\/div>\n\t\t<\/div>\n\t\t\t\t\t<\/div>\n\t\t<\/section>\n\t\t\t\t<section class=\"elementor-section elementor-top-section elementor-element elementor-element-b1872a7 elementor-section-boxed elementor-section-height-default elementor-section-height-default\" data-id=\"b1872a7\" data-element_type=\"section\">\n\t\t\t\t\t\t<div class=\"elementor-container elementor-column-gap-default\">\n\t\t\t\t\t<div class=\"elementor-column elementor-col-100 elementor-top-column elementor-element elementor-element-4b13eb5\" data-id=\"4b13eb5\" data-element_type=\"column\">\n\t\t\t<div class=\"elementor-widget-wrap elementor-element-populated\">\n\t\t\t\t\t\t<div class=\"elementor-element elementor-element-f4b02a1 elementor-widget elementor-widget-heading\" data-id=\"f4b02a1\" data-element_type=\"widget\" data-widget_type=\"heading.default\">\n\t\t\t\t<div class=\"elementor-widget-container\">\n\t\t\t\t\t<h2 class=\"elementor-heading-title elementor-size-default\">Une transmission accomplie<\/h2>\t\t\t\t<\/div>\n\t\t\t\t<\/div>\n\t\t\t\t<div class=\"elementor-element elementor-element-0c99176 elementor-widget elementor-widget-text-editor\" data-id=\"0c99176\" data-element_type=\"widget\" data-widget_type=\"text-editor.default\">\n\t\t\t\t<div class=\"elementor-widget-container\">\n\t\t\t\t\t\t\t\t\t<p><span style=\"font-weight: 400;\">Le parcours du pianiste prend une dimension plus intime \u00e0 travers son fils Gr\u00e9gory Privat, figure reconnue du jazz contemporain et Chevalier de l\u2019Ordre des Arts et des Lettres.<\/span><span style=\"font-weight: 400;\"><br \/><\/span><span style=\"font-weight: 400;\"> Leur complicit\u00e9 musicale illustre une passation r\u00e9ussie : le p\u00e8re incarne la m\u00e9moire de la biguine et de la mazurka, le fils en porte la modernit\u00e9 sur les sc\u00e8nes internationales.<\/span><span style=\"font-weight: 400;\"><br \/><\/span><span style=\"font-weight: 400;\"> La remise du Troph\u00e9e Barel Coppet \u00e0 Jos\u00e9 Privat r\u00e9affirme cette continuit\u00e9, pla\u00e7ant la transmission familiale au c\u0153ur du patrimoine carib\u00e9en.<\/span><\/p>\t\t\t\t\t\t\t\t<\/div>\n\t\t\t\t<\/div>\n\t\t\t\t\t<\/div>\n\t\t<\/div>\n\t\t\t\t\t<\/div>\n\t\t<\/section>\n\t\t\t\t<section class=\"elementor-section elementor-top-section elementor-element elementor-element-83b2c5a elementor-section-boxed elementor-section-height-default elementor-section-height-default\" data-id=\"83b2c5a\" data-element_type=\"section\">\n\t\t\t\t\t\t<div class=\"elementor-container elementor-column-gap-default\">\n\t\t\t\t\t<div class=\"elementor-column elementor-col-100 elementor-top-column elementor-element elementor-element-dce7380\" data-id=\"dce7380\" data-element_type=\"column\">\n\t\t\t<div class=\"elementor-widget-wrap elementor-element-populated\">\n\t\t\t\t\t\t<div class=\"elementor-element elementor-element-05c892b elementor-widget elementor-widget-heading\" data-id=\"05c892b\" data-element_type=\"widget\" data-widget_type=\"heading.default\">\n\t\t\t\t<div class=\"elementor-widget-container\">\n\t\t\t\t\t<h2 class=\"elementor-heading-title elementor-size-default\">Le sens d\u2019un hommage<\/h2>\t\t\t\t<\/div>\n\t\t\t\t<\/div>\n\t\t\t\t<div class=\"elementor-element elementor-element-8c6ee8a elementor-widget elementor-widget-text-editor\" data-id=\"8c6ee8a\" data-element_type=\"widget\" data-widget_type=\"text-editor.default\">\n\t\t\t\t<div class=\"elementor-widget-container\">\n\t\t\t\t\t\t\t\t\t<p><span style=\"font-weight: 400;\">L\u2019initiative de l\u2019ACBC d\u00e9passe le simple cadre d\u2019une distinction : elle met en lumi\u00e8re la valeur du travail patient, souvent \u00e9loign\u00e9 des projecteurs, qui maintient vivante la musique de la Martinique.<\/span><span style=\"font-weight: 400;\"><br \/><\/span><span style=\"font-weight: 400;\"> Dans un paysage culturel en constante mutation, Jos\u00e9 Privat rappelle qu\u2019un artiste peut rester fid\u00e8le \u00e0 ses racines tout en innovant.<\/span><span style=\"font-weight: 400;\"><br \/><\/span><span style=\"font-weight: 400;\"> Son influence se mesure autant dans les partitions qu\u2019il signe que dans les musiciens qu\u2019il inspire.<\/span><\/p>\t\t\t\t\t\t\t\t<\/div>\n\t\t\t\t<\/div>\n\t\t\t\t<div class=\"elementor-element elementor-element-565dccd elementor-widget elementor-widget-text-editor\" data-id=\"565dccd\" data-element_type=\"widget\" data-widget_type=\"text-editor.default\">\n\t\t\t\t<div class=\"elementor-widget-container\">\n\t\t\t\t\t\t\t\t\t<p><span style=\"font-weight: 400;\">Ce Troph\u00e9e Barel Coppet prend ainsi la valeur d\u2019un rep\u00e8re : il unit la m\u00e9moire d\u2019un territoire, la reconnaissance d\u2019un public et la gratitude d\u2019une g\u00e9n\u00e9ration envers l\u2019un de ses ma\u00eetres.<\/span><\/p>\t\t\t\t\t\t\t\t<\/div>\n\t\t\t\t<\/div>\n\t\t\t\t<section class=\"elementor-section elementor-inner-section elementor-element elementor-element-e6f209e elementor-section-boxed elementor-section-height-default elementor-section-height-default\" data-id=\"e6f209e\" data-element_type=\"section\">\n\t\t\t\t\t\t<div class=\"elementor-container elementor-column-gap-default\">\n\t\t\t\t\t<div class=\"elementor-column elementor-col-100 elementor-inner-column elementor-element elementor-element-c6d7ceb\" data-id=\"c6d7ceb\" data-element_type=\"column\">\n\t\t\t<div class=\"elementor-widget-wrap elementor-element-populated\">\n\t\t\t\t\t\t<div class=\"elementor-element elementor-element-f6ccff3 elementor-widget elementor-widget-image\" data-id=\"f6ccff3\" data-element_type=\"widget\" data-widget_type=\"image.default\">\n\t\t\t\t<div class=\"elementor-widget-container\">\n\t\t\t\t\t\t\t\t\t\t\t\t<figure class=\"wp-caption\">\n\t\t\t\t\t\t\t\t\t\t<img loading=\"lazy\" decoding=\"async\" width=\"800\" height=\"788\" src=\"https:\/\/richeskarayib.com\/wp-content\/uploads\/2025\/10\/\u00a9ACBC-Association-Carrefour-Barel-Coppet-1024x1008.jpg\" class=\"attachment-large size-large wp-image-63278\" alt=\"Jos\u00e9 Privat\" srcset=\"https:\/\/richeskarayib.com\/wp-content\/uploads\/2025\/10\/\u00a9ACBC-Association-Carrefour-Barel-Coppet-1024x1008.jpg 1024w, https:\/\/richeskarayib.com\/wp-content\/uploads\/2025\/10\/\u00a9ACBC-Association-Carrefour-Barel-Coppet-300x295.jpg 300w, https:\/\/richeskarayib.com\/wp-content\/uploads\/2025\/10\/\u00a9ACBC-Association-Carrefour-Barel-Coppet-768x756.jpg 768w, https:\/\/richeskarayib.com\/wp-content\/uploads\/2025\/10\/\u00a9ACBC-Association-Carrefour-Barel-Coppet.jpg 1170w\" sizes=\"(max-width: 800px) 100vw, 800px\" \/>\t\t\t\t\t\t\t\t\t\t\t<figcaption class=\"widget-image-caption wp-caption-text\">\u00a9ACBC (Association Carrefour Barel Coppet)<\/figcaption>\n\t\t\t\t\t\t\t\t\t\t<\/figure>\n\t\t\t\t\t\t\t\t\t<\/div>\n\t\t\t\t<\/div>\n\t\t\t\t\t<\/div>\n\t\t<\/div>\n\t\t\t\t\t<\/div>\n\t\t<\/section>\n\t\t\t\t\t<\/div>\n\t\t<\/div>\n\t\t\t\t\t<\/div>\n\t\t<\/section>\n\t\t\t\t<section class=\"elementor-section elementor-top-section elementor-element elementor-element-8b46ab0 elementor-section-boxed elementor-section-height-default elementor-section-height-default\" data-id=\"8b46ab0\" data-element_type=\"section\">\n\t\t\t\t\t\t<div class=\"elementor-container elementor-column-gap-default\">\n\t\t\t\t\t<div class=\"elementor-column elementor-col-100 elementor-top-column elementor-element elementor-element-97c0113\" data-id=\"97c0113\" data-element_type=\"column\">\n\t\t\t<div class=\"elementor-widget-wrap elementor-element-populated\">\n\t\t\t\t\t\t<div class=\"elementor-element elementor-element-1bac180 elementor-widget elementor-widget-heading\" data-id=\"1bac180\" data-element_type=\"widget\" data-widget_type=\"heading.default\">\n\t\t\t\t<div class=\"elementor-widget-container\">\n\t\t\t\t\t<h2 class=\"elementor-heading-title elementor-size-default\">Une reconnaissance partag\u00e9e<\/h2>\t\t\t\t<\/div>\n\t\t\t\t<\/div>\n\t\t\t\t<div class=\"elementor-element elementor-element-80cde81 elementor-widget elementor-widget-text-editor\" data-id=\"80cde81\" data-element_type=\"widget\" data-widget_type=\"text-editor.default\">\n\t\t\t\t<div class=\"elementor-widget-container\">\n\t\t\t\t\t\t\t\t\t<p><span style=\"font-weight: 400;\">L\u2019\u00e9v\u00e9nement de ce soir rassemble musiciens, journalistes, m\u00e9lomanes et anciens collaborateurs du pianiste.<\/span><span style=\"font-weight: 400;\"><br \/><\/span><span style=\"font-weight: 400;\"> Sur sc\u00e8ne, quelques notes suffisent pour rappeler l\u2019\u00e9tendue d\u2019une carri\u00e8re tiss\u00e9e de respect et de passion.<\/span><span style=\"font-weight: 400;\"><br \/><\/span><span style=\"font-weight: 400;\"> \u00c0 travers Jos\u00e9 Privat, c\u2019est tout un pan de la cr\u00e9ation antillaise qui se voit c\u00e9l\u00e9br\u00e9 : celui d\u2019une musique exigeante, ancr\u00e9e dans l\u2019\u00e9motion, tourn\u00e9e vers la rencontre.<\/span><\/p>\t\t\t\t\t\t\t\t<\/div>\n\t\t\t\t<\/div>\n\t\t\t\t\t<\/div>\n\t\t<\/div>\n\t\t\t\t\t<\/div>\n\t\t<\/section>\n\t\t\t\t<section class=\"elementor-section elementor-top-section elementor-element elementor-element-50ca609 elementor-section-boxed elementor-section-height-default elementor-section-height-default\" data-id=\"50ca609\" data-element_type=\"section\">\n\t\t\t\t\t\t<div class=\"elementor-container elementor-column-gap-default\">\n\t\t\t\t\t<div class=\"elementor-column elementor-col-100 elementor-top-column elementor-element elementor-element-f520981\" data-id=\"f520981\" data-element_type=\"column\">\n\t\t\t<div class=\"elementor-widget-wrap elementor-element-populated\">\n\t\t\t\t\t\t<div class=\"elementor-element elementor-element-a01e33d elementor-widget elementor-widget-text-editor\" data-id=\"a01e33d\" data-element_type=\"widget\" data-widget_type=\"text-editor.default\">\n\t\t\t\t<div class=\"elementor-widget-container\">\n\t\t\t\t\t\t\t\t\t<p><span style=\"font-weight: 400;\">La remise du Troph\u00e9e Barel Coppet \u00e0 Jos\u00e9 Privat n\u2019est pas seulement une r\u00e9compense : c\u2019est un geste de gratitude collective.<\/span><span style=\"font-weight: 400;\"><br \/><\/span><span style=\"font-weight: 400;\"> Elle vient rappeler qu\u2019au-del\u00e0 des modes, la Martinique continue de porter des artistes dont la force r\u00e9side dans la sinc\u00e9rit\u00e9.<\/span><span style=\"font-weight: 400;\"><br \/><\/span><span style=\"font-weight: 400;\"> Ce soir, \u00e0 Fort-de-France, les touches du piano de Jos\u00e9 Privat r\u00e9sonneront comme un \u00e9cho \u00e0 tout un patrimoine, celui d\u2019une \u00eele qui sait dire merci \u00e0 ses musiciens.<\/span><\/p>\t\t\t\t\t\t\t\t<\/div>\n\t\t\t\t<\/div>\n\t\t\t\t\t<\/div>\n\t\t<\/div>\n\t\t\t\t\t<\/div>\n\t\t<\/section>\n\t\t\t\t<\/div>\n\t\t","protected":false},"excerpt":{"rendered":"<p>Ce 16 octobre 2025, au Centre International de S\u00e9jour de l\u2019\u00c9tang Zabricot, \u00e0 Fort-de-France, l\u2019Association Carrefour Barel Coppet (ACBC) consacre sa soir\u00e9e culturelle \u00e0 Jos\u00e9 Privat.Le pianiste martiniquais, figure historique du groupe Malavoi, re\u00e7oit ce soir le Troph\u00e9e Barel Coppet pour l\u2019ensemble de sa carri\u00e8re : plus de quarante-cinq ans d\u2019un parcours o\u00f9 l\u2019humilit\u00e9 accompagne [&hellip;]<\/p>\n","protected":false},"author":662,"featured_media":63274,"comment_status":"open","ping_status":"open","sticky":false,"template":"","format":"standard","meta":{"_acf_changed":false,"footnotes":""},"categories":[1468,835],"tags":[808],"class_list":["post-63273","post","type-post","status-publish","format-standard","has-post-thumbnail","hentry","category-histoire-patrimoine","category-musique-fr","tag-martinique-fr"],"acf":[],"_links":{"self":[{"href":"https:\/\/richeskarayib.com\/fr\/wp-json\/wp\/v2\/posts\/63273","targetHints":{"allow":["GET"]}}],"collection":[{"href":"https:\/\/richeskarayib.com\/fr\/wp-json\/wp\/v2\/posts"}],"about":[{"href":"https:\/\/richeskarayib.com\/fr\/wp-json\/wp\/v2\/types\/post"}],"author":[{"embeddable":true,"href":"https:\/\/richeskarayib.com\/fr\/wp-json\/wp\/v2\/users\/662"}],"replies":[{"embeddable":true,"href":"https:\/\/richeskarayib.com\/fr\/wp-json\/wp\/v2\/comments?post=63273"}],"version-history":[{"count":0,"href":"https:\/\/richeskarayib.com\/fr\/wp-json\/wp\/v2\/posts\/63273\/revisions"}],"wp:featuredmedia":[{"embeddable":true,"href":"https:\/\/richeskarayib.com\/fr\/wp-json\/wp\/v2\/media\/63274"}],"wp:attachment":[{"href":"https:\/\/richeskarayib.com\/fr\/wp-json\/wp\/v2\/media?parent=63273"}],"wp:term":[{"taxonomy":"category","embeddable":true,"href":"https:\/\/richeskarayib.com\/fr\/wp-json\/wp\/v2\/categories?post=63273"},{"taxonomy":"post_tag","embeddable":true,"href":"https:\/\/richeskarayib.com\/fr\/wp-json\/wp\/v2\/tags?post=63273"}],"curies":[{"name":"wp","href":"https:\/\/api.w.org\/{rel}","templated":true}]}}