{"id":63498,"date":"2025-10-22T06:05:39","date_gmt":"2025-10-22T10:05:39","guid":{"rendered":"https:\/\/richeskarayib.com\/?p=63498"},"modified":"2025-10-22T06:23:16","modified_gmt":"2025-10-22T10:23:16","slug":"ti-vilaj-kweyol-tout-bitendomnik","status":"publish","type":"post","link":"https:\/\/richeskarayib.com\/fr\/ti-vilaj-kweyol-tout-bitendomnik\/","title":{"rendered":"\ud835\udc13\ud835\udc22 \ud835\udc15\ud835\udc22\ud835\udc25\ud835\udc1a\ud835\udc23 \ud835\udc0a\ud835\udc30\ud835\udc1e\u0301\ud835\udc32\ud835\udc28\u0300\ud835\udc25 2025 : \u00ab Tout Biten Domnik \u00bb au c\u0153ur du Jardin botanique de Roseau"},"content":{"rendered":"\t\t<div data-elementor-type=\"wp-post\" data-elementor-id=\"63498\" class=\"elementor elementor-63498\" data-elementor-post-type=\"post\">\n\t\t\t\t\t\t<section class=\"elementor-section elementor-top-section elementor-element elementor-element-7ca7ca1 elementor-section-boxed elementor-section-height-default elementor-section-height-default\" data-id=\"7ca7ca1\" data-element_type=\"section\">\n\t\t\t\t\t\t<div class=\"elementor-container elementor-column-gap-default\">\n\t\t\t\t\t<div class=\"elementor-column elementor-col-100 elementor-top-column elementor-element elementor-element-cbdd002\" data-id=\"cbdd002\" data-element_type=\"column\">\n\t\t\t<div class=\"elementor-widget-wrap elementor-element-populated\">\n\t\t\t\t\t\t<section class=\"elementor-section elementor-inner-section elementor-element elementor-element-bc94849 elementor-section-boxed elementor-section-height-default elementor-section-height-default\" data-id=\"bc94849\" data-element_type=\"section\">\n\t\t\t\t\t\t<div class=\"elementor-container elementor-column-gap-default\">\n\t\t\t\t\t\t<\/div>\n\t\t<\/section>\n\t\t\t\t<section class=\"elementor-section elementor-inner-section elementor-element elementor-element-61571e6 elementor-section-boxed elementor-section-height-default elementor-section-height-default\" data-id=\"61571e6\" data-element_type=\"section\">\n\t\t\t\t\t\t<div class=\"elementor-container elementor-column-gap-default\">\n\t\t\t\t\t\t<\/div>\n\t\t<\/section>\n\t\t\t\t<section class=\"elementor-section elementor-inner-section elementor-element elementor-element-b6262e0 elementor-section-boxed elementor-section-height-default elementor-section-height-default\" data-id=\"b6262e0\" data-element_type=\"section\">\n\t\t\t\t\t\t<div class=\"elementor-container elementor-column-gap-default\">\n\t\t\t\t\t\t<\/div>\n\t\t<\/section>\n\t\t\t\t<section class=\"elementor-section elementor-inner-section elementor-element elementor-element-cca29fd elementor-section-boxed elementor-section-height-default elementor-section-height-default\" data-id=\"cca29fd\" data-element_type=\"section\">\n\t\t\t\t\t\t<div class=\"elementor-container elementor-column-gap-default\">\n\t\t\t\t\t\t<\/div>\n\t\t<\/section>\n\t\t\t\t\t<\/div>\n\t\t<\/div>\n\t\t\t\t\t<\/div>\n\t\t<\/section>\n\t\t\t\t<section class=\"elementor-section elementor-top-section elementor-element elementor-element-a6d4222 elementor-section-boxed elementor-section-height-default elementor-section-height-default\" data-id=\"a6d4222\" data-element_type=\"section\">\n\t\t\t\t\t\t<div class=\"elementor-container elementor-column-gap-default\">\n\t\t\t\t\t<div class=\"elementor-column elementor-col-100 elementor-top-column elementor-element elementor-element-ea27f09\" data-id=\"ea27f09\" data-element_type=\"column\">\n\t\t\t<div class=\"elementor-widget-wrap elementor-element-populated\">\n\t\t\t\t\t\t<div class=\"elementor-element elementor-element-0245cc6 elementor-widget elementor-widget-text-editor\" data-id=\"0245cc6\" data-element_type=\"widget\" data-widget_type=\"text-editor.default\">\n\t\t\t\t<div class=\"elementor-widget-container\">\n\t\t\t\t\t\t\t\t\t<p><span style=\"font-weight: 400;\">Du 20 au 23 octobre 2025, le Jardin botanique de <a href=\"https:\/\/richeskarayib.com\/fr\/chta-2025-dominique-marva-williams-nature\/\" target=\"_blank\" rel=\"noopener\">Roseau<\/a> se transforme une nouvelle fois en un v\u00e9ritable village cr\u00e9ole vivant. <a href=\"https:\/\/www.creoleheartbeat.com\/ti-vilaj-kweyol-2025-tout-biten-domnik-comes-alive\/\" target=\"_blank\" rel=\"noopener nofollow\">\ud835\udc13\ud835\udc22 \ud835\udc15\ud835\udc22\ud835\udc25\ud835\udc1a\ud835\udc23 \ud835\udc0a\ud835\udc30\ud835\udc1e\u0301\ud835\udc32\ud835\udc28\u0300\ud835\udc25<\/a>, organis\u00e9 dans le cadre du Mois du patrimoine cr\u00e9ole, revient avec un mot d\u2019ordre simple : \u00ab Tout Biten Domnik \u00bb, tout ce qui est pens\u00e9, cultiv\u00e9, fabriqu\u00e9 et jou\u00e9 en Dominique.<\/span><\/p>\t\t\t\t\t\t\t\t<\/div>\n\t\t\t\t<\/div>\n\t\t\t\t\t<\/div>\n\t\t<\/div>\n\t\t\t\t\t<\/div>\n\t\t<\/section>\n\t\t\t\t<section class=\"elementor-section elementor-top-section elementor-element elementor-element-e1fea79 elementor-section-boxed elementor-section-height-default elementor-section-height-default\" data-id=\"e1fea79\" data-element_type=\"section\">\n\t\t\t\t\t\t<div class=\"elementor-container elementor-column-gap-default\">\n\t\t\t\t\t<div class=\"elementor-column elementor-col-100 elementor-top-column elementor-element elementor-element-6d0be76\" data-id=\"6d0be76\" data-element_type=\"column\">\n\t\t\t<div class=\"elementor-widget-wrap elementor-element-populated\">\n\t\t\t\t\t\t<div class=\"elementor-element elementor-element-a310b25 elementor-widget elementor-widget-heading\" data-id=\"a310b25\" data-element_type=\"widget\" data-widget_type=\"heading.default\">\n\t\t\t\t<div class=\"elementor-widget-container\">\n\t\t\t\t\t<h2 class=\"elementor-heading-title elementor-size-default\">Un rendez-vous majeur du patrimoine dominiquais\n<\/h2>\t\t\t\t<\/div>\n\t\t\t\t<\/div>\n\t\t\t\t<div class=\"elementor-element elementor-element-bbb62ae elementor-widget elementor-widget-text-editor\" data-id=\"bbb62ae\" data-element_type=\"widget\" data-widget_type=\"text-editor.default\">\n\t\t\t\t<div class=\"elementor-widget-container\">\n\t\t\t\t\t\t\t\t\t<p><span style=\"font-weight: 400;\">\ud835\udc13\ud835\udc22 \ud835\udc15\ud835\udc22\ud835\udc25\ud835\udc1a\ud835\udc23 \ud835\udc0a\ud835\udc30\ud835\udc1e\u0301\ud835\udc32\ud835\udc28\u0300\ud835\udc25 est devenu en quelques ann\u00e9es un pilier de la saison cr\u00e9ole. L\u2019\u00e9v\u00e9nement se tient du 20 au 23 octobre 2025, tous les jours de 12 h \u00e0 20 h, dans le plus grand espace vert de la capitale dominiquaise.<\/span><span style=\"font-weight: 400;\"><br \/><\/span><span style=\"font-weight: 400;\"> L\u2019entr\u00e9e est fix\u00e9e \u00e0 10 $ EC pour les adultes, 5 $ EC pour les enfants, et gratuite pour ceux en uniforme scolaire. Ce choix symbolique rappelle l\u2019importance d\u2019ancrer les jeunes g\u00e9n\u00e9rations dans leur h\u00e9ritage culturel.<\/span><\/p>\n<p><span style=\"font-weight: 400;\">Le th\u00e8me 2025, \u00ab Tout Biten Domnik \u00bb, traduit la volont\u00e9 d\u2019exposer ce que le pays produit de mieux : musiques locales, artisanat d\u2019art, gastronomie cr\u00e9ole, innovations artisanales et expressions communautaires.<\/span><\/p>\t\t\t\t\t\t\t\t<\/div>\n\t\t\t\t<\/div>\n\t\t\t\t<section class=\"elementor-section elementor-inner-section elementor-element elementor-element-7addce6 elementor-section-boxed elementor-section-height-default elementor-section-height-default\" data-id=\"7addce6\" data-element_type=\"section\">\n\t\t\t\t\t\t<div class=\"elementor-container elementor-column-gap-default\">\n\t\t\t\t\t<div class=\"elementor-column elementor-col-33 elementor-inner-column elementor-element elementor-element-e2773fd\" data-id=\"e2773fd\" data-element_type=\"column\">\n\t\t\t<div class=\"elementor-widget-wrap elementor-element-populated\">\n\t\t\t\t\t\t<div class=\"elementor-element elementor-element-3eccd18 elementor-widget elementor-widget-image\" data-id=\"3eccd18\" data-element_type=\"widget\" data-widget_type=\"image.default\">\n\t\t\t\t<div class=\"elementor-widget-container\">\n\t\t\t\t\t\t\t\t\t\t\t\t<figure class=\"wp-caption\">\n\t\t\t\t\t\t\t\t\t\t<img fetchpriority=\"high\" decoding=\"async\" width=\"800\" height=\"1000\" src=\"https:\/\/richeskarayib.com\/wp-content\/uploads\/2025\/10\/\u00a9Dominica-Ministry-of-Tourism-2-819x1024.jpg\" class=\"attachment-large size-large wp-image-63519\" alt=\"\ud835\udc13\ud835\udc22 \ud835\udc15\ud835\udc22\ud835\udc25\ud835\udc1a\ud835\udc23 \ud835\udc0a\ud835\udc30\ud835\udc1e\u0301\ud835\udc32\ud835\udc28\u0300\ud835\udc25\" srcset=\"https:\/\/richeskarayib.com\/wp-content\/uploads\/2025\/10\/\u00a9Dominica-Ministry-of-Tourism-2-819x1024.jpg 819w, https:\/\/richeskarayib.com\/wp-content\/uploads\/2025\/10\/\u00a9Dominica-Ministry-of-Tourism-2-240x300.jpg 240w, https:\/\/richeskarayib.com\/wp-content\/uploads\/2025\/10\/\u00a9Dominica-Ministry-of-Tourism-2-768x960.jpg 768w, https:\/\/richeskarayib.com\/wp-content\/uploads\/2025\/10\/\u00a9Dominica-Ministry-of-Tourism-2.jpg 1200w\" sizes=\"(max-width: 800px) 100vw, 800px\" \/>\t\t\t\t\t\t\t\t\t\t\t<figcaption class=\"widget-image-caption wp-caption-text\">\u00a9Dominica Ministry of Tourism<\/figcaption>\n\t\t\t\t\t\t\t\t\t\t<\/figure>\n\t\t\t\t\t\t\t\t\t<\/div>\n\t\t\t\t<\/div>\n\t\t\t\t\t<\/div>\n\t\t<\/div>\n\t\t\t\t<div class=\"elementor-column elementor-col-33 elementor-inner-column elementor-element elementor-element-9f88dda\" data-id=\"9f88dda\" data-element_type=\"column\">\n\t\t\t<div class=\"elementor-widget-wrap elementor-element-populated\">\n\t\t\t\t\t\t<div class=\"elementor-element elementor-element-a5fbd28 elementor-widget elementor-widget-image\" data-id=\"a5fbd28\" data-element_type=\"widget\" data-widget_type=\"image.default\">\n\t\t\t\t<div class=\"elementor-widget-container\">\n\t\t\t\t\t\t\t\t\t\t\t\t<figure class=\"wp-caption\">\n\t\t\t\t\t\t\t\t\t\t<img decoding=\"async\" width=\"800\" height=\"1000\" src=\"https:\/\/richeskarayib.com\/wp-content\/uploads\/2025\/10\/\u00a9Dominica-Ministry-of-Tourism-819x1024.jpg\" class=\"attachment-large size-large wp-image-63515\" alt=\"\ud835\udc13\ud835\udc22 \ud835\udc15\ud835\udc22\ud835\udc25\ud835\udc1a\ud835\udc23 \ud835\udc0a\ud835\udc30\ud835\udc1e\u0301\ud835\udc32\ud835\udc28\u0300\ud835\udc25\" srcset=\"https:\/\/richeskarayib.com\/wp-content\/uploads\/2025\/10\/\u00a9Dominica-Ministry-of-Tourism-819x1024.jpg 819w, https:\/\/richeskarayib.com\/wp-content\/uploads\/2025\/10\/\u00a9Dominica-Ministry-of-Tourism-240x300.jpg 240w, https:\/\/richeskarayib.com\/wp-content\/uploads\/2025\/10\/\u00a9Dominica-Ministry-of-Tourism-768x960.jpg 768w, https:\/\/richeskarayib.com\/wp-content\/uploads\/2025\/10\/\u00a9Dominica-Ministry-of-Tourism.jpg 1200w\" sizes=\"(max-width: 800px) 100vw, 800px\" \/>\t\t\t\t\t\t\t\t\t\t\t<figcaption class=\"widget-image-caption wp-caption-text\">\u00a9Dominica Ministry of Tourism<\/figcaption>\n\t\t\t\t\t\t\t\t\t\t<\/figure>\n\t\t\t\t\t\t\t\t\t<\/div>\n\t\t\t\t<\/div>\n\t\t\t\t\t<\/div>\n\t\t<\/div>\n\t\t\t\t<div class=\"elementor-column elementor-col-33 elementor-inner-column elementor-element elementor-element-f8e1ee3\" data-id=\"f8e1ee3\" data-element_type=\"column\">\n\t\t\t<div class=\"elementor-widget-wrap elementor-element-populated\">\n\t\t\t\t\t\t<div class=\"elementor-element elementor-element-22229e2 elementor-widget elementor-widget-image\" data-id=\"22229e2\" data-element_type=\"widget\" data-widget_type=\"image.default\">\n\t\t\t\t<div class=\"elementor-widget-container\">\n\t\t\t\t\t\t\t\t\t\t\t\t<figure class=\"wp-caption\">\n\t\t\t\t\t\t\t\t\t\t<img decoding=\"async\" width=\"800\" height=\"1000\" src=\"https:\/\/richeskarayib.com\/wp-content\/uploads\/2025\/10\/\u00a9Dominica-Ministry-of-Tourism-1-819x1024.jpg\" class=\"attachment-large size-large wp-image-63511\" alt=\"\ud835\udc13\ud835\udc22 \ud835\udc15\ud835\udc22\ud835\udc25\ud835\udc1a\ud835\udc23 \ud835\udc0a\ud835\udc30\ud835\udc1e\u0301\ud835\udc32\ud835\udc28\u0300\ud835\udc25\" srcset=\"https:\/\/richeskarayib.com\/wp-content\/uploads\/2025\/10\/\u00a9Dominica-Ministry-of-Tourism-1-819x1024.jpg 819w, https:\/\/richeskarayib.com\/wp-content\/uploads\/2025\/10\/\u00a9Dominica-Ministry-of-Tourism-1-240x300.jpg 240w, https:\/\/richeskarayib.com\/wp-content\/uploads\/2025\/10\/\u00a9Dominica-Ministry-of-Tourism-1-768x960.jpg 768w, https:\/\/richeskarayib.com\/wp-content\/uploads\/2025\/10\/\u00a9Dominica-Ministry-of-Tourism-1.jpg 1200w\" sizes=\"(max-width: 800px) 100vw, 800px\" \/>\t\t\t\t\t\t\t\t\t\t\t<figcaption class=\"widget-image-caption wp-caption-text\">\u00a9Dominica Ministry of Tourism<\/figcaption>\n\t\t\t\t\t\t\t\t\t\t<\/figure>\n\t\t\t\t\t\t\t\t\t<\/div>\n\t\t\t\t<\/div>\n\t\t\t\t\t<\/div>\n\t\t<\/div>\n\t\t\t\t\t<\/div>\n\t\t<\/section>\n\t\t\t\t\t<\/div>\n\t\t<\/div>\n\t\t\t\t\t<\/div>\n\t\t<\/section>\n\t\t\t\t<section class=\"elementor-section elementor-top-section elementor-element elementor-element-ee72354 elementor-section-boxed elementor-section-height-default elementor-section-height-default\" data-id=\"ee72354\" data-element_type=\"section\">\n\t\t\t\t\t\t<div class=\"elementor-container elementor-column-gap-default\">\n\t\t\t\t\t<div class=\"elementor-column elementor-col-100 elementor-top-column elementor-element elementor-element-c59d6fe\" data-id=\"c59d6fe\" data-element_type=\"column\">\n\t\t\t<div class=\"elementor-widget-wrap elementor-element-populated\">\n\t\t\t\t\t\t<div class=\"elementor-element elementor-element-ddc6a1e elementor-widget elementor-widget-heading\" data-id=\"ddc6a1e\" data-element_type=\"widget\" data-widget_type=\"heading.default\">\n\t\t\t\t<div class=\"elementor-widget-container\">\n\t\t\t\t\t<h2 class=\"elementor-heading-title elementor-size-default\">\ud835\udc13\ud835\udc22 \ud835\udc15\ud835\udc22\ud835\udc25\ud835\udc1a\ud835\udc23 \ud835\udc0a\ud835\udc30\ud835\udc1e\u0301\ud835\udc32\ud835\udc28\u0300\ud835\udc25 2025 : musique, artisanat et saveurs<\/h2>\t\t\t\t<\/div>\n\t\t\t\t<\/div>\n\t\t\t\t<div class=\"elementor-element elementor-element-e57451f elementor-widget elementor-widget-text-editor\" data-id=\"e57451f\" data-element_type=\"widget\" data-widget_type=\"text-editor.default\">\n\t\t\t\t<div class=\"elementor-widget-container\">\n\t\t\t\t\t\t\t\t\t<p><span style=\"font-weight: 400;\">Cette \u00e9dition accueille pr\u00e8s de 100 exposants venus de tout le territoire. Stands d\u2019agro-transformation, douceurs locales, cosm\u00e9tiques naturels, accessoires textiles et objets d\u00e9coratifs composent ce march\u00e9 \u00e0 ciel ouvert.<\/span><span style=\"font-weight: 400;\"><br \/><\/span><span style=\"font-weight: 400;\"> \ud835\udc13\ud835\udc22 \ud835\udc15\ud835\udc22\ud835\udc25\ud835\udc1a\ud835\udc23 \ud835\udc0a\ud835\udc30\ud835\udc1e\u0301\ud835\udc32\ud835\udc28\u0300\ud835\udc25 est une plateforme \u00e9conomique et culturelle : elle soutient les petites entreprises, renforce la visibilit\u00e9 des artisans et permet aux visiteurs de rencontrer directement celles et ceux qui fa\u00e7onnent la richesse du pays.<\/span><\/p>\n<p><span style=\"font-weight: 400;\">Sur sc\u00e8ne, les Midnight Groovers et Ridge &amp; Pudaz ouvrent le premier jour, suivis d\u2019artistes phares comme Asa Bantan, DJ Taffy &amp; Friends et les Swinging Stars. Le programme alterne concerts, animations itin\u00e9rantes et d\u00e9monstrations dans les all\u00e9es. La musique cadence-lypso et le bouyon, n\u00e9s en Dominique, conservent la vedette.<\/span><\/p>\t\t\t\t\t\t\t\t<\/div>\n\t\t\t\t<\/div>\n\t\t\t\t<section class=\"elementor-section elementor-inner-section elementor-element elementor-element-3f004ca elementor-section-boxed elementor-section-height-default elementor-section-height-default\" data-id=\"3f004ca\" data-element_type=\"section\">\n\t\t\t\t\t\t<div class=\"elementor-container elementor-column-gap-default\">\n\t\t\t\t\t<div class=\"elementor-column elementor-col-33 elementor-inner-column elementor-element elementor-element-86018e2\" data-id=\"86018e2\" data-element_type=\"column\">\n\t\t\t<div class=\"elementor-widget-wrap elementor-element-populated\">\n\t\t\t\t\t\t<div class=\"elementor-element elementor-element-a2275de elementor-widget elementor-widget-image\" data-id=\"a2275de\" data-element_type=\"widget\" data-widget_type=\"image.default\">\n\t\t\t\t<div class=\"elementor-widget-container\">\n\t\t\t\t\t\t\t\t\t\t\t\t<figure class=\"wp-caption\">\n\t\t\t\t\t\t\t\t\t\t<img loading=\"lazy\" decoding=\"async\" width=\"800\" height=\"601\" src=\"https:\/\/richeskarayib.com\/wp-content\/uploads\/2025\/10\/\u00a9Dominica-Ministry-of-Tourism-7-1024x769.jpg\" class=\"attachment-large size-large wp-image-63575\" alt=\"\ud835\udc13\ud835\udc22 \ud835\udc15\ud835\udc22\ud835\udc25\ud835\udc1a\ud835\udc23 \ud835\udc0a\ud835\udc30\ud835\udc1e\u0301\ud835\udc32\ud835\udc28\u0300\ud835\udc25\" srcset=\"https:\/\/richeskarayib.com\/wp-content\/uploads\/2025\/10\/\u00a9Dominica-Ministry-of-Tourism-7-1024x769.jpg 1024w, https:\/\/richeskarayib.com\/wp-content\/uploads\/2025\/10\/\u00a9Dominica-Ministry-of-Tourism-7-300x225.jpg 300w, https:\/\/richeskarayib.com\/wp-content\/uploads\/2025\/10\/\u00a9Dominica-Ministry-of-Tourism-7-768x577.jpg 768w, https:\/\/richeskarayib.com\/wp-content\/uploads\/2025\/10\/\u00a9Dominica-Ministry-of-Tourism-7-1536x1154.jpg 1536w, https:\/\/richeskarayib.com\/wp-content\/uploads\/2025\/10\/\u00a9Dominica-Ministry-of-Tourism-7-1320x991.jpg 1320w, https:\/\/richeskarayib.com\/wp-content\/uploads\/2025\/10\/\u00a9Dominica-Ministry-of-Tourism-7.jpg 1920w\" sizes=\"(max-width: 800px) 100vw, 800px\" \/>\t\t\t\t\t\t\t\t\t\t\t<figcaption class=\"widget-image-caption wp-caption-text\">\u00a9Dominica Ministry of Tourism<\/figcaption>\n\t\t\t\t\t\t\t\t\t\t<\/figure>\n\t\t\t\t\t\t\t\t\t<\/div>\n\t\t\t\t<\/div>\n\t\t\t\t\t<\/div>\n\t\t<\/div>\n\t\t\t\t<div class=\"elementor-column elementor-col-33 elementor-inner-column elementor-element elementor-element-91e294b\" data-id=\"91e294b\" data-element_type=\"column\">\n\t\t\t<div class=\"elementor-widget-wrap elementor-element-populated\">\n\t\t\t\t\t\t<div class=\"elementor-element elementor-element-207d566 elementor-widget elementor-widget-image\" data-id=\"207d566\" data-element_type=\"widget\" data-widget_type=\"image.default\">\n\t\t\t\t<div class=\"elementor-widget-container\">\n\t\t\t\t\t\t\t\t\t\t\t\t<figure class=\"wp-caption\">\n\t\t\t\t\t\t\t\t\t\t<img loading=\"lazy\" decoding=\"async\" width=\"800\" height=\"601\" src=\"https:\/\/richeskarayib.com\/wp-content\/uploads\/2025\/10\/\u00a9Dominica-Ministry-of-Tourism-8-1024x769.jpg\" class=\"attachment-large size-large wp-image-63579\" alt=\"\ud835\udc13\ud835\udc22 \ud835\udc15\ud835\udc22\ud835\udc25\ud835\udc1a\ud835\udc23 \ud835\udc0a\ud835\udc30\ud835\udc1e\u0301\ud835\udc32\ud835\udc28\u0300\ud835\udc25\" srcset=\"https:\/\/richeskarayib.com\/wp-content\/uploads\/2025\/10\/\u00a9Dominica-Ministry-of-Tourism-8-1024x769.jpg 1024w, https:\/\/richeskarayib.com\/wp-content\/uploads\/2025\/10\/\u00a9Dominica-Ministry-of-Tourism-8-300x225.jpg 300w, https:\/\/richeskarayib.com\/wp-content\/uploads\/2025\/10\/\u00a9Dominica-Ministry-of-Tourism-8-768x577.jpg 768w, https:\/\/richeskarayib.com\/wp-content\/uploads\/2025\/10\/\u00a9Dominica-Ministry-of-Tourism-8-1536x1154.jpg 1536w, https:\/\/richeskarayib.com\/wp-content\/uploads\/2025\/10\/\u00a9Dominica-Ministry-of-Tourism-8-1320x991.jpg 1320w, https:\/\/richeskarayib.com\/wp-content\/uploads\/2025\/10\/\u00a9Dominica-Ministry-of-Tourism-8.jpg 1920w\" sizes=\"(max-width: 800px) 100vw, 800px\" \/>\t\t\t\t\t\t\t\t\t\t\t<figcaption class=\"widget-image-caption wp-caption-text\">\u00a9Dominica Ministry of Tourism<\/figcaption>\n\t\t\t\t\t\t\t\t\t\t<\/figure>\n\t\t\t\t\t\t\t\t\t<\/div>\n\t\t\t\t<\/div>\n\t\t\t\t\t<\/div>\n\t\t<\/div>\n\t\t\t\t<div class=\"elementor-column elementor-col-33 elementor-inner-column elementor-element elementor-element-f91ed1f\" data-id=\"f91ed1f\" data-element_type=\"column\">\n\t\t\t<div class=\"elementor-widget-wrap elementor-element-populated\">\n\t\t\t\t\t\t<div class=\"elementor-element elementor-element-4b76925 elementor-widget elementor-widget-image\" data-id=\"4b76925\" data-element_type=\"widget\" data-widget_type=\"image.default\">\n\t\t\t\t<div class=\"elementor-widget-container\">\n\t\t\t\t\t\t\t\t\t\t\t\t<figure class=\"wp-caption\">\n\t\t\t\t\t\t\t\t\t\t<img loading=\"lazy\" decoding=\"async\" width=\"800\" height=\"601\" src=\"https:\/\/richeskarayib.com\/wp-content\/uploads\/2025\/10\/\u00a9Dominica-Ministry-of-Tourism-16-1024x769.jpg\" class=\"attachment-large size-large wp-image-63583\" alt=\"\ud835\udc13\ud835\udc22 \ud835\udc15\ud835\udc22\ud835\udc25\ud835\udc1a\ud835\udc23 \ud835\udc0a\ud835\udc30\ud835\udc1e\u0301\ud835\udc32\ud835\udc28\u0300\ud835\udc25\" srcset=\"https:\/\/richeskarayib.com\/wp-content\/uploads\/2025\/10\/\u00a9Dominica-Ministry-of-Tourism-16-1024x769.jpg 1024w, https:\/\/richeskarayib.com\/wp-content\/uploads\/2025\/10\/\u00a9Dominica-Ministry-of-Tourism-16-300x225.jpg 300w, https:\/\/richeskarayib.com\/wp-content\/uploads\/2025\/10\/\u00a9Dominica-Ministry-of-Tourism-16-768x577.jpg 768w, https:\/\/richeskarayib.com\/wp-content\/uploads\/2025\/10\/\u00a9Dominica-Ministry-of-Tourism-16-1536x1154.jpg 1536w, https:\/\/richeskarayib.com\/wp-content\/uploads\/2025\/10\/\u00a9Dominica-Ministry-of-Tourism-16-1320x991.jpg 1320w, https:\/\/richeskarayib.com\/wp-content\/uploads\/2025\/10\/\u00a9Dominica-Ministry-of-Tourism-16.jpg 1920w\" sizes=\"(max-width: 800px) 100vw, 800px\" \/>\t\t\t\t\t\t\t\t\t\t\t<figcaption class=\"widget-image-caption wp-caption-text\">\u00a9Dominica Ministry of Tourism<\/figcaption>\n\t\t\t\t\t\t\t\t\t\t<\/figure>\n\t\t\t\t\t\t\t\t\t<\/div>\n\t\t\t\t<\/div>\n\t\t\t\t\t<\/div>\n\t\t<\/div>\n\t\t\t\t\t<\/div>\n\t\t<\/section>\n\t\t\t\t<section class=\"elementor-section elementor-inner-section elementor-element elementor-element-08688ac elementor-section-boxed elementor-section-height-default elementor-section-height-default\" data-id=\"08688ac\" data-element_type=\"section\">\n\t\t\t\t\t\t<div class=\"elementor-container elementor-column-gap-default\">\n\t\t\t\t\t<div class=\"elementor-column elementor-col-33 elementor-inner-column elementor-element elementor-element-bcaa755\" data-id=\"bcaa755\" data-element_type=\"column\">\n\t\t\t<div class=\"elementor-widget-wrap elementor-element-populated\">\n\t\t\t\t\t\t<div class=\"elementor-element elementor-element-d5596ec elementor-widget elementor-widget-image\" data-id=\"d5596ec\" data-element_type=\"widget\" data-widget_type=\"image.default\">\n\t\t\t\t<div class=\"elementor-widget-container\">\n\t\t\t\t\t\t\t\t\t\t\t\t<figure class=\"wp-caption\">\n\t\t\t\t\t\t\t\t\t\t<img loading=\"lazy\" decoding=\"async\" width=\"800\" height=\"601\" src=\"https:\/\/richeskarayib.com\/wp-content\/uploads\/2025\/10\/\u00a9Dominica-Ministry-of-Tourism-9-1024x769.jpg\" class=\"attachment-large size-large wp-image-63587\" alt=\"\ud835\udc13\ud835\udc22 \ud835\udc15\ud835\udc22\ud835\udc25\ud835\udc1a\ud835\udc23 \ud835\udc0a\ud835\udc30\ud835\udc1e\u0301\ud835\udc32\ud835\udc28\u0300\ud835\udc25\" srcset=\"https:\/\/richeskarayib.com\/wp-content\/uploads\/2025\/10\/\u00a9Dominica-Ministry-of-Tourism-9-1024x769.jpg 1024w, https:\/\/richeskarayib.com\/wp-content\/uploads\/2025\/10\/\u00a9Dominica-Ministry-of-Tourism-9-300x225.jpg 300w, https:\/\/richeskarayib.com\/wp-content\/uploads\/2025\/10\/\u00a9Dominica-Ministry-of-Tourism-9-768x577.jpg 768w, https:\/\/richeskarayib.com\/wp-content\/uploads\/2025\/10\/\u00a9Dominica-Ministry-of-Tourism-9-1536x1154.jpg 1536w, https:\/\/richeskarayib.com\/wp-content\/uploads\/2025\/10\/\u00a9Dominica-Ministry-of-Tourism-9-1320x991.jpg 1320w, https:\/\/richeskarayib.com\/wp-content\/uploads\/2025\/10\/\u00a9Dominica-Ministry-of-Tourism-9.jpg 1920w\" sizes=\"(max-width: 800px) 100vw, 800px\" \/>\t\t\t\t\t\t\t\t\t\t\t<figcaption class=\"widget-image-caption wp-caption-text\">\u00a9Dominica Ministry of Tourism<\/figcaption>\n\t\t\t\t\t\t\t\t\t\t<\/figure>\n\t\t\t\t\t\t\t\t\t<\/div>\n\t\t\t\t<\/div>\n\t\t\t\t\t<\/div>\n\t\t<\/div>\n\t\t\t\t<div class=\"elementor-column elementor-col-33 elementor-inner-column elementor-element elementor-element-c0b4bb5\" data-id=\"c0b4bb5\" data-element_type=\"column\">\n\t\t\t<div class=\"elementor-widget-wrap elementor-element-populated\">\n\t\t\t\t\t\t<div class=\"elementor-element elementor-element-6dd0c2f elementor-widget elementor-widget-image\" data-id=\"6dd0c2f\" data-element_type=\"widget\" data-widget_type=\"image.default\">\n\t\t\t\t<div class=\"elementor-widget-container\">\n\t\t\t\t\t\t\t\t\t\t\t\t<figure class=\"wp-caption\">\n\t\t\t\t\t\t\t\t\t\t<img loading=\"lazy\" decoding=\"async\" width=\"800\" height=\"601\" src=\"https:\/\/richeskarayib.com\/wp-content\/uploads\/2025\/10\/\u00a9Dominica-Ministry-of-Tourism-10-1024x769.jpg\" class=\"attachment-large size-large wp-image-63591\" alt=\"\ud835\udc13\ud835\udc22 \ud835\udc15\ud835\udc22\ud835\udc25\ud835\udc1a\ud835\udc23 \ud835\udc0a\ud835\udc30\ud835\udc1e\u0301\ud835\udc32\ud835\udc28\u0300\ud835\udc25\" srcset=\"https:\/\/richeskarayib.com\/wp-content\/uploads\/2025\/10\/\u00a9Dominica-Ministry-of-Tourism-10-1024x769.jpg 1024w, https:\/\/richeskarayib.com\/wp-content\/uploads\/2025\/10\/\u00a9Dominica-Ministry-of-Tourism-10-300x225.jpg 300w, https:\/\/richeskarayib.com\/wp-content\/uploads\/2025\/10\/\u00a9Dominica-Ministry-of-Tourism-10-768x577.jpg 768w, https:\/\/richeskarayib.com\/wp-content\/uploads\/2025\/10\/\u00a9Dominica-Ministry-of-Tourism-10-1536x1154.jpg 1536w, https:\/\/richeskarayib.com\/wp-content\/uploads\/2025\/10\/\u00a9Dominica-Ministry-of-Tourism-10-1320x991.jpg 1320w, https:\/\/richeskarayib.com\/wp-content\/uploads\/2025\/10\/\u00a9Dominica-Ministry-of-Tourism-10.jpg 1920w\" sizes=\"(max-width: 800px) 100vw, 800px\" \/>\t\t\t\t\t\t\t\t\t\t\t<figcaption class=\"widget-image-caption wp-caption-text\">\u00a9Dominica Ministry of Tourism<\/figcaption>\n\t\t\t\t\t\t\t\t\t\t<\/figure>\n\t\t\t\t\t\t\t\t\t<\/div>\n\t\t\t\t<\/div>\n\t\t\t\t\t<\/div>\n\t\t<\/div>\n\t\t\t\t<div class=\"elementor-column elementor-col-33 elementor-inner-column elementor-element elementor-element-a40b7c1\" data-id=\"a40b7c1\" data-element_type=\"column\">\n\t\t\t<div class=\"elementor-widget-wrap elementor-element-populated\">\n\t\t\t\t\t\t<div class=\"elementor-element elementor-element-8d9db28 elementor-widget elementor-widget-image\" data-id=\"8d9db28\" data-element_type=\"widget\" data-widget_type=\"image.default\">\n\t\t\t\t<div class=\"elementor-widget-container\">\n\t\t\t\t\t\t\t\t\t\t\t\t<figure class=\"wp-caption\">\n\t\t\t\t\t\t\t\t\t\t<img loading=\"lazy\" decoding=\"async\" width=\"800\" height=\"601\" src=\"https:\/\/richeskarayib.com\/wp-content\/uploads\/2025\/10\/\u00a9Dominica-Ministry-of-Tourism-15-1024x769.jpg\" class=\"attachment-large size-large wp-image-63595\" alt=\"\ud835\udc13\ud835\udc22 \ud835\udc15\ud835\udc22\ud835\udc25\ud835\udc1a\ud835\udc23 \ud835\udc0a\ud835\udc30\ud835\udc1e\u0301\ud835\udc32\ud835\udc28\u0300\ud835\udc25\" srcset=\"https:\/\/richeskarayib.com\/wp-content\/uploads\/2025\/10\/\u00a9Dominica-Ministry-of-Tourism-15-1024x769.jpg 1024w, https:\/\/richeskarayib.com\/wp-content\/uploads\/2025\/10\/\u00a9Dominica-Ministry-of-Tourism-15-300x225.jpg 300w, https:\/\/richeskarayib.com\/wp-content\/uploads\/2025\/10\/\u00a9Dominica-Ministry-of-Tourism-15-768x577.jpg 768w, https:\/\/richeskarayib.com\/wp-content\/uploads\/2025\/10\/\u00a9Dominica-Ministry-of-Tourism-15-1536x1154.jpg 1536w, https:\/\/richeskarayib.com\/wp-content\/uploads\/2025\/10\/\u00a9Dominica-Ministry-of-Tourism-15-1320x991.jpg 1320w, https:\/\/richeskarayib.com\/wp-content\/uploads\/2025\/10\/\u00a9Dominica-Ministry-of-Tourism-15.jpg 1920w\" sizes=\"(max-width: 800px) 100vw, 800px\" \/>\t\t\t\t\t\t\t\t\t\t\t<figcaption class=\"widget-image-caption wp-caption-text\">\u00a9Dominica Ministry of Tourism<\/figcaption>\n\t\t\t\t\t\t\t\t\t\t<\/figure>\n\t\t\t\t\t\t\t\t\t<\/div>\n\t\t\t\t<\/div>\n\t\t\t\t\t<\/div>\n\t\t<\/div>\n\t\t\t\t\t<\/div>\n\t\t<\/section>\n\t\t\t\t\t<\/div>\n\t\t<\/div>\n\t\t\t\t\t<\/div>\n\t\t<\/section>\n\t\t\t\t<section class=\"elementor-section elementor-top-section elementor-element elementor-element-82cd8f9 elementor-section-boxed elementor-section-height-default elementor-section-height-default\" data-id=\"82cd8f9\" data-element_type=\"section\">\n\t\t\t\t\t\t<div class=\"elementor-container elementor-column-gap-default\">\n\t\t\t\t\t<div class=\"elementor-column elementor-col-100 elementor-top-column elementor-element elementor-element-0bfdc38\" data-id=\"0bfdc38\" data-element_type=\"column\">\n\t\t\t<div class=\"elementor-widget-wrap elementor-element-populated\">\n\t\t\t\t\t\t<div class=\"elementor-element elementor-element-7d292fe elementor-widget elementor-widget-heading\" data-id=\"7d292fe\" data-element_type=\"widget\" data-widget_type=\"heading.default\">\n\t\t\t\t<div class=\"elementor-widget-container\">\n\t\t\t\t\t<h2 class=\"elementor-heading-title elementor-size-default\">The Hive : la nouveaut\u00e9 2025<\/h2>\t\t\t\t<\/div>\n\t\t\t\t<\/div>\n\t\t\t\t<div class=\"elementor-element elementor-element-8e337bf elementor-widget elementor-widget-text-editor\" data-id=\"8e337bf\" data-element_type=\"widget\" data-widget_type=\"text-editor.default\">\n\t\t\t\t<div class=\"elementor-widget-container\">\n\t\t\t\t\t\t\t\t\t<p><span style=\"font-weight: 400;\">Grande premi\u00e8re lors du <span class=\"cf0\">\ud835\udc13\ud835\udc22<\/span><span class=\"cf0\"> \ud835\udc15\ud835\udc22\ud835\udc25\ud835\udc1a\ud835\udc23 \ud835\udc0a\ud835\udc30\ud835\udc1e\u0301\ud835\udc32\ud835\udc28\u0300\ud835\udc25<\/span> : \u00ab The Hive \u00bb, un nouvel espace d\u2019\u00e9changes au c\u0153ur du site.<\/span><span style=\"font-weight: 400;\"><br \/><\/span><span style=\"font-weight: 400;\"> L\u2019id\u00e9e : multiplier les formats courts \u2014 mini-concerts, pr\u00e9sentations d\u2019artisans, ateliers culinaires \u2014 pour rythmer la journ\u00e9e sans rompre la promenade. Ce dispositif rapproche encore davantage le public des cr\u00e9ateurs et donne au festival un souffle participatif in\u00e9dit.<\/span><\/p>\t\t\t\t\t\t\t\t<\/div>\n\t\t\t\t<\/div>\n\t\t\t\t<section class=\"elementor-section elementor-inner-section elementor-element elementor-element-b2bb403 elementor-section-boxed elementor-section-height-default elementor-section-height-default\" data-id=\"b2bb403\" data-element_type=\"section\">\n\t\t\t\t\t\t<div class=\"elementor-container elementor-column-gap-default\">\n\t\t\t\t\t<div class=\"elementor-column elementor-col-50 elementor-inner-column elementor-element elementor-element-bbc5a4c\" data-id=\"bbc5a4c\" data-element_type=\"column\">\n\t\t\t<div class=\"elementor-widget-wrap elementor-element-populated\">\n\t\t\t\t\t\t<div class=\"elementor-element elementor-element-9a5d3cc elementor-widget elementor-widget-image\" data-id=\"9a5d3cc\" data-element_type=\"widget\" data-widget_type=\"image.default\">\n\t\t\t\t<div class=\"elementor-widget-container\">\n\t\t\t\t\t\t\t\t\t\t\t\t<figure class=\"wp-caption\">\n\t\t\t\t\t\t\t\t\t\t<img loading=\"lazy\" decoding=\"async\" width=\"800\" height=\"601\" src=\"https:\/\/richeskarayib.com\/wp-content\/uploads\/2025\/10\/\u00a9Dominica-Ministry-of-Tourism-3-1024x769.jpg\" class=\"attachment-large size-large wp-image-63551\" alt=\"\ud835\udc13\ud835\udc22 \ud835\udc15\ud835\udc22\ud835\udc25\ud835\udc1a\ud835\udc23 \ud835\udc0a\ud835\udc30\ud835\udc1e\u0301\ud835\udc32\ud835\udc28\u0300\ud835\udc25\" srcset=\"https:\/\/richeskarayib.com\/wp-content\/uploads\/2025\/10\/\u00a9Dominica-Ministry-of-Tourism-3-1024x769.jpg 1024w, https:\/\/richeskarayib.com\/wp-content\/uploads\/2025\/10\/\u00a9Dominica-Ministry-of-Tourism-3-300x225.jpg 300w, https:\/\/richeskarayib.com\/wp-content\/uploads\/2025\/10\/\u00a9Dominica-Ministry-of-Tourism-3-768x577.jpg 768w, https:\/\/richeskarayib.com\/wp-content\/uploads\/2025\/10\/\u00a9Dominica-Ministry-of-Tourism-3-1536x1154.jpg 1536w, https:\/\/richeskarayib.com\/wp-content\/uploads\/2025\/10\/\u00a9Dominica-Ministry-of-Tourism-3-1320x991.jpg 1320w, https:\/\/richeskarayib.com\/wp-content\/uploads\/2025\/10\/\u00a9Dominica-Ministry-of-Tourism-3.jpg 1920w\" sizes=\"(max-width: 800px) 100vw, 800px\" \/>\t\t\t\t\t\t\t\t\t\t\t<figcaption class=\"widget-image-caption wp-caption-text\">\u00a9Dominica Ministry of Tourism<\/figcaption>\n\t\t\t\t\t\t\t\t\t\t<\/figure>\n\t\t\t\t\t\t\t\t\t<\/div>\n\t\t\t\t<\/div>\n\t\t\t\t\t<\/div>\n\t\t<\/div>\n\t\t\t\t<div class=\"elementor-column elementor-col-50 elementor-inner-column elementor-element elementor-element-5e1ddaf\" data-id=\"5e1ddaf\" data-element_type=\"column\">\n\t\t\t<div class=\"elementor-widget-wrap elementor-element-populated\">\n\t\t\t\t\t\t<div class=\"elementor-element elementor-element-1a943d6 elementor-widget elementor-widget-image\" data-id=\"1a943d6\" data-element_type=\"widget\" data-widget_type=\"image.default\">\n\t\t\t\t<div class=\"elementor-widget-container\">\n\t\t\t\t\t\t\t\t\t\t\t\t<figure class=\"wp-caption\">\n\t\t\t\t\t\t\t\t\t\t<img loading=\"lazy\" decoding=\"async\" width=\"800\" height=\"601\" src=\"https:\/\/richeskarayib.com\/wp-content\/uploads\/2025\/10\/\u00a9Dominica-Ministry-of-Tourism-5-1024x769.jpg\" class=\"attachment-large size-large wp-image-63555\" alt=\"\ud835\udc13\ud835\udc22 \ud835\udc15\ud835\udc22\ud835\udc25\ud835\udc1a\ud835\udc23 \ud835\udc0a\ud835\udc30\ud835\udc1e\u0301\ud835\udc32\ud835\udc28\u0300\ud835\udc25\" srcset=\"https:\/\/richeskarayib.com\/wp-content\/uploads\/2025\/10\/\u00a9Dominica-Ministry-of-Tourism-5-1024x769.jpg 1024w, https:\/\/richeskarayib.com\/wp-content\/uploads\/2025\/10\/\u00a9Dominica-Ministry-of-Tourism-5-300x225.jpg 300w, https:\/\/richeskarayib.com\/wp-content\/uploads\/2025\/10\/\u00a9Dominica-Ministry-of-Tourism-5-768x577.jpg 768w, https:\/\/richeskarayib.com\/wp-content\/uploads\/2025\/10\/\u00a9Dominica-Ministry-of-Tourism-5-1536x1154.jpg 1536w, https:\/\/richeskarayib.com\/wp-content\/uploads\/2025\/10\/\u00a9Dominica-Ministry-of-Tourism-5-1320x991.jpg 1320w, https:\/\/richeskarayib.com\/wp-content\/uploads\/2025\/10\/\u00a9Dominica-Ministry-of-Tourism-5.jpg 1920w\" sizes=\"(max-width: 800px) 100vw, 800px\" \/>\t\t\t\t\t\t\t\t\t\t\t<figcaption class=\"widget-image-caption wp-caption-text\">\u00a9Dominica Ministry of Tourism<\/figcaption>\n\t\t\t\t\t\t\t\t\t\t<\/figure>\n\t\t\t\t\t\t\t\t\t<\/div>\n\t\t\t\t<\/div>\n\t\t\t\t\t<\/div>\n\t\t<\/div>\n\t\t\t\t\t<\/div>\n\t\t<\/section>\n\t\t\t\t<section class=\"elementor-section elementor-inner-section elementor-element elementor-element-c582330 elementor-section-boxed elementor-section-height-default elementor-section-height-default\" data-id=\"c582330\" data-element_type=\"section\">\n\t\t\t\t\t\t<div class=\"elementor-container elementor-column-gap-default\">\n\t\t\t\t\t\t<\/div>\n\t\t<\/section>\n\t\t\t\t<section class=\"elementor-section elementor-inner-section elementor-element elementor-element-296603a elementor-section-boxed elementor-section-height-default elementor-section-height-default\" data-id=\"296603a\" data-element_type=\"section\">\n\t\t\t\t\t\t<div class=\"elementor-container elementor-column-gap-default\">\n\t\t\t\t\t\t<\/div>\n\t\t<\/section>\n\t\t\t\t\t<\/div>\n\t\t<\/div>\n\t\t\t\t\t<\/div>\n\t\t<\/section>\n\t\t\t\t<section class=\"elementor-section elementor-top-section elementor-element elementor-element-5a7397d elementor-section-boxed elementor-section-height-default elementor-section-height-default\" data-id=\"5a7397d\" data-element_type=\"section\">\n\t\t\t\t\t\t<div class=\"elementor-container elementor-column-gap-default\">\n\t\t\t\t\t<div class=\"elementor-column elementor-col-100 elementor-top-column elementor-element elementor-element-8b33b4b\" data-id=\"8b33b4b\" data-element_type=\"column\">\n\t\t\t<div class=\"elementor-widget-wrap elementor-element-populated\">\n\t\t\t\t\t\t<div class=\"elementor-element elementor-element-89dac4b elementor-widget elementor-widget-heading\" data-id=\"89dac4b\" data-element_type=\"widget\" data-widget_type=\"heading.default\">\n\t\t\t\t<div class=\"elementor-widget-container\">\n\t\t\t\t\t<h2 class=\"elementor-heading-title elementor-size-default\">Mode, langue et traditions vivantes<\/h2>\t\t\t\t<\/div>\n\t\t\t\t<\/div>\n\t\t\t\t<div class=\"elementor-element elementor-element-4fc7069 elementor-widget elementor-widget-text-editor\" data-id=\"4fc7069\" data-element_type=\"widget\" data-widget_type=\"text-editor.default\">\n\t\t\t\t<div class=\"elementor-widget-container\">\n\t\t\t\t\t\t\t\t\t<p><span style=\"font-weight: 400;\">\ud835\udc13\ud835\udc22 \ud835\udc15\ud835\udc22\ud835\udc25\ud835\udc1a\ud835\udc23 \ud835\udc0a\ud835\udc30\ud835\udc1e\u0301\ud835\udc32\ud835\udc28\u0300\ud835\udc25 ne se limite pas \u00e0 la sc\u00e8ne : la mode cr\u00e9ole y a aussi sa place. Les d\u00e9fil\u00e9s de tenues traditionnelles, foulards et madras rappellent la finesse du patrimoine vestimentaire dominiquais.<\/span><span style=\"font-weight: 400;\"><br \/><\/span><span style=\"font-weight: 400;\"> Les enfants v\u00eatus d\u2019habits cr\u00e9oles pr\u00eatent une touche d\u2019authenticit\u00e9 et d\u2019\u00e9motion \u00e0 l\u2019ensemble.<\/span><span style=\"font-weight: 400;\"><br \/><\/span><span style=\"font-weight: 400;\"> Tout au long du festival, les annonces, chants et \u00e9changes en kw\u00e9y\u00f2l participent \u00e0 la transmission naturelle de la langue. Elle r\u00e9sonne dans les voix des animateurs et des visiteurs, comme un fil conducteur de l\u2019identit\u00e9 dominiquaise.<\/span><\/p>\t\t\t\t\t\t\t\t<\/div>\n\t\t\t\t<\/div>\n\t\t\t\t<div class=\"elementor-element elementor-element-27e8191 elementor-widget elementor-widget-text-editor\" data-id=\"27e8191\" data-element_type=\"widget\" data-widget_type=\"text-editor.default\">\n\t\t\t\t<div class=\"elementor-widget-container\">\n\t\t\t\t\t\t\t\t\t<p><span style=\"font-weight: 400;\">Les d\u00e9monstrations culinaires, elles, mettent en avant les techniques traditionnelles : du manioc \u00e0 la cassave, de la farine aux plats du quotidien. Chaque \u00e9tape est racont\u00e9e et partag\u00e9e, rappelant que la cuisine demeure l\u2019un des plus puissants vecteurs de m\u00e9moire.<\/span><\/p>\t\t\t\t\t\t\t\t<\/div>\n\t\t\t\t<\/div>\n\t\t\t\t<section class=\"elementor-section elementor-inner-section elementor-element elementor-element-2819285 elementor-section-boxed elementor-section-height-default elementor-section-height-default\" data-id=\"2819285\" data-element_type=\"section\">\n\t\t\t\t\t\t<div class=\"elementor-container elementor-column-gap-default\">\n\t\t\t\t\t<div class=\"elementor-column elementor-col-50 elementor-inner-column elementor-element elementor-element-eab9d05\" data-id=\"eab9d05\" data-element_type=\"column\">\n\t\t\t<div class=\"elementor-widget-wrap elementor-element-populated\">\n\t\t\t\t\t\t<div class=\"elementor-element elementor-element-bbe5db1 elementor-widget elementor-widget-image\" data-id=\"bbe5db1\" data-element_type=\"widget\" data-widget_type=\"image.default\">\n\t\t\t\t<div class=\"elementor-widget-container\">\n\t\t\t\t\t\t\t\t\t\t\t\t<figure class=\"wp-caption\">\n\t\t\t\t\t\t\t\t\t\t<img loading=\"lazy\" decoding=\"async\" width=\"800\" height=\"600\" src=\"https:\/\/richeskarayib.com\/wp-content\/uploads\/2025\/10\/\u00a9Dominica-Ministry-of-Tourism-3-1-1024x768.jpg\" class=\"attachment-large size-large wp-image-63559\" alt=\"\ud835\udc13\ud835\udc22 \ud835\udc15\ud835\udc22\ud835\udc25\ud835\udc1a\ud835\udc23 \ud835\udc0a\ud835\udc30\ud835\udc1e\u0301\ud835\udc32\ud835\udc28\u0300\ud835\udc25\" srcset=\"https:\/\/richeskarayib.com\/wp-content\/uploads\/2025\/10\/\u00a9Dominica-Ministry-of-Tourism-3-1-1024x768.jpg 1024w, https:\/\/richeskarayib.com\/wp-content\/uploads\/2025\/10\/\u00a9Dominica-Ministry-of-Tourism-3-1-300x225.jpg 300w, https:\/\/richeskarayib.com\/wp-content\/uploads\/2025\/10\/\u00a9Dominica-Ministry-of-Tourism-3-1-768x576.jpg 768w, https:\/\/richeskarayib.com\/wp-content\/uploads\/2025\/10\/\u00a9Dominica-Ministry-of-Tourism-3-1-1536x1152.jpg 1536w, https:\/\/richeskarayib.com\/wp-content\/uploads\/2025\/10\/\u00a9Dominica-Ministry-of-Tourism-3-1-1320x990.jpg 1320w, https:\/\/richeskarayib.com\/wp-content\/uploads\/2025\/10\/\u00a9Dominica-Ministry-of-Tourism-3-1.jpg 1920w\" sizes=\"(max-width: 800px) 100vw, 800px\" \/>\t\t\t\t\t\t\t\t\t\t\t<figcaption class=\"widget-image-caption wp-caption-text\">\u00a9Dominica Ministry of Tourism<\/figcaption>\n\t\t\t\t\t\t\t\t\t\t<\/figure>\n\t\t\t\t\t\t\t\t\t<\/div>\n\t\t\t\t<\/div>\n\t\t\t\t\t<\/div>\n\t\t<\/div>\n\t\t\t\t<div class=\"elementor-column elementor-col-50 elementor-inner-column elementor-element elementor-element-4aea13a\" data-id=\"4aea13a\" data-element_type=\"column\">\n\t\t\t<div class=\"elementor-widget-wrap elementor-element-populated\">\n\t\t\t\t\t\t<div class=\"elementor-element elementor-element-e9258bb elementor-widget elementor-widget-image\" data-id=\"e9258bb\" data-element_type=\"widget\" data-widget_type=\"image.default\">\n\t\t\t\t<div class=\"elementor-widget-container\">\n\t\t\t\t\t\t\t\t\t\t\t\t<figure class=\"wp-caption\">\n\t\t\t\t\t\t\t\t\t\t<img loading=\"lazy\" decoding=\"async\" width=\"800\" height=\"601\" src=\"https:\/\/richeskarayib.com\/wp-content\/uploads\/2025\/10\/\u00a9Dominica-Ministry-of-Tourism-4-1024x769.jpg\" class=\"attachment-large size-large wp-image-63563\" alt=\"\ud835\udc13\ud835\udc22 \ud835\udc15\ud835\udc22\ud835\udc25\ud835\udc1a\ud835\udc23 \ud835\udc0a\ud835\udc30\ud835\udc1e\u0301\ud835\udc32\ud835\udc28\u0300\ud835\udc25\" srcset=\"https:\/\/richeskarayib.com\/wp-content\/uploads\/2025\/10\/\u00a9Dominica-Ministry-of-Tourism-4-1024x769.jpg 1024w, https:\/\/richeskarayib.com\/wp-content\/uploads\/2025\/10\/\u00a9Dominica-Ministry-of-Tourism-4-300x225.jpg 300w, https:\/\/richeskarayib.com\/wp-content\/uploads\/2025\/10\/\u00a9Dominica-Ministry-of-Tourism-4-768x577.jpg 768w, https:\/\/richeskarayib.com\/wp-content\/uploads\/2025\/10\/\u00a9Dominica-Ministry-of-Tourism-4-1536x1154.jpg 1536w, https:\/\/richeskarayib.com\/wp-content\/uploads\/2025\/10\/\u00a9Dominica-Ministry-of-Tourism-4-1320x991.jpg 1320w, https:\/\/richeskarayib.com\/wp-content\/uploads\/2025\/10\/\u00a9Dominica-Ministry-of-Tourism-4.jpg 1920w\" sizes=\"(max-width: 800px) 100vw, 800px\" \/>\t\t\t\t\t\t\t\t\t\t\t<figcaption class=\"widget-image-caption wp-caption-text\">\u00a9Dominica Ministry of Tourism<\/figcaption>\n\t\t\t\t\t\t\t\t\t\t<\/figure>\n\t\t\t\t\t\t\t\t\t<\/div>\n\t\t\t\t<\/div>\n\t\t\t\t\t<\/div>\n\t\t<\/div>\n\t\t\t\t\t<\/div>\n\t\t<\/section>\n\t\t\t\t<section class=\"elementor-section elementor-inner-section elementor-element elementor-element-8fff4b4 elementor-section-boxed elementor-section-height-default elementor-section-height-default\" data-id=\"8fff4b4\" data-element_type=\"section\">\n\t\t\t\t\t\t<div class=\"elementor-container elementor-column-gap-default\">\n\t\t\t\t\t<div class=\"elementor-column elementor-col-50 elementor-inner-column elementor-element elementor-element-c8eae31\" data-id=\"c8eae31\" data-element_type=\"column\">\n\t\t\t<div class=\"elementor-widget-wrap elementor-element-populated\">\n\t\t\t\t\t\t<div class=\"elementor-element elementor-element-40f94c0 elementor-widget elementor-widget-image\" data-id=\"40f94c0\" data-element_type=\"widget\" data-widget_type=\"image.default\">\n\t\t\t\t<div class=\"elementor-widget-container\">\n\t\t\t\t\t\t\t\t\t\t\t\t<figure class=\"wp-caption\">\n\t\t\t\t\t\t\t\t\t\t<img loading=\"lazy\" decoding=\"async\" width=\"769\" height=\"1024\" src=\"https:\/\/richeskarayib.com\/wp-content\/uploads\/2025\/10\/\u00a9Dominica-Ministry-of-Tourism-2-1-769x1024.jpg\" class=\"attachment-large size-large wp-image-63567\" alt=\"\ud835\udc13\ud835\udc22 \ud835\udc15\ud835\udc22\ud835\udc25\ud835\udc1a\ud835\udc23 \ud835\udc0a\ud835\udc30\ud835\udc1e\u0301\ud835\udc32\ud835\udc28\u0300\ud835\udc25\" srcset=\"https:\/\/richeskarayib.com\/wp-content\/uploads\/2025\/10\/\u00a9Dominica-Ministry-of-Tourism-2-1-769x1024.jpg 769w, https:\/\/richeskarayib.com\/wp-content\/uploads\/2025\/10\/\u00a9Dominica-Ministry-of-Tourism-2-1-225x300.jpg 225w, https:\/\/richeskarayib.com\/wp-content\/uploads\/2025\/10\/\u00a9Dominica-Ministry-of-Tourism-2-1-768x1023.jpg 768w, https:\/\/richeskarayib.com\/wp-content\/uploads\/2025\/10\/\u00a9Dominica-Ministry-of-Tourism-2-1-1154x1536.jpg 1154w, https:\/\/richeskarayib.com\/wp-content\/uploads\/2025\/10\/\u00a9Dominica-Ministry-of-Tourism-2-1-1320x1758.jpg 1320w, https:\/\/richeskarayib.com\/wp-content\/uploads\/2025\/10\/\u00a9Dominica-Ministry-of-Tourism-2-1.jpg 1442w\" sizes=\"(max-width: 769px) 100vw, 769px\" \/>\t\t\t\t\t\t\t\t\t\t\t<figcaption class=\"widget-image-caption wp-caption-text\">\u00a9Dominica Ministry of Tourism<\/figcaption>\n\t\t\t\t\t\t\t\t\t\t<\/figure>\n\t\t\t\t\t\t\t\t\t<\/div>\n\t\t\t\t<\/div>\n\t\t\t\t\t<\/div>\n\t\t<\/div>\n\t\t\t\t<div class=\"elementor-column elementor-col-50 elementor-inner-column elementor-element elementor-element-15af113\" data-id=\"15af113\" data-element_type=\"column\">\n\t\t\t<div class=\"elementor-widget-wrap elementor-element-populated\">\n\t\t\t\t\t\t<div class=\"elementor-element elementor-element-3ba70ed elementor-widget elementor-widget-image\" data-id=\"3ba70ed\" data-element_type=\"widget\" data-widget_type=\"image.default\">\n\t\t\t\t<div class=\"elementor-widget-container\">\n\t\t\t\t\t\t\t\t\t\t\t\t<figure class=\"wp-caption\">\n\t\t\t\t\t\t\t\t\t\t<img loading=\"lazy\" decoding=\"async\" width=\"771\" height=\"1024\" src=\"https:\/\/richeskarayib.com\/wp-content\/uploads\/2025\/10\/\u00a9Dominica-Ministry-of-Tourism-11-771x1024.jpg\" class=\"attachment-large size-large wp-image-63571\" alt=\"\ud835\udc13\ud835\udc22 \ud835\udc15\ud835\udc22\ud835\udc25\ud835\udc1a\ud835\udc23 \ud835\udc0a\ud835\udc30\ud835\udc1e\u0301\ud835\udc32\ud835\udc28\u0300\ud835\udc25\" srcset=\"https:\/\/richeskarayib.com\/wp-content\/uploads\/2025\/10\/\u00a9Dominica-Ministry-of-Tourism-11-771x1024.jpg 771w, https:\/\/richeskarayib.com\/wp-content\/uploads\/2025\/10\/\u00a9Dominica-Ministry-of-Tourism-11-226x300.jpg 226w, https:\/\/richeskarayib.com\/wp-content\/uploads\/2025\/10\/\u00a9Dominica-Ministry-of-Tourism-11-768x1020.jpg 768w, https:\/\/richeskarayib.com\/wp-content\/uploads\/2025\/10\/\u00a9Dominica-Ministry-of-Tourism-11-1157x1536.jpg 1157w, https:\/\/richeskarayib.com\/wp-content\/uploads\/2025\/10\/\u00a9Dominica-Ministry-of-Tourism-11-1320x1753.jpg 1320w, https:\/\/richeskarayib.com\/wp-content\/uploads\/2025\/10\/\u00a9Dominica-Ministry-of-Tourism-11.jpg 1446w\" sizes=\"(max-width: 771px) 100vw, 771px\" \/>\t\t\t\t\t\t\t\t\t\t\t<figcaption class=\"widget-image-caption wp-caption-text\">\u00a9Dominica Ministry of Tourism<\/figcaption>\n\t\t\t\t\t\t\t\t\t\t<\/figure>\n\t\t\t\t\t\t\t\t\t<\/div>\n\t\t\t\t<\/div>\n\t\t\t\t\t<\/div>\n\t\t<\/div>\n\t\t\t\t\t<\/div>\n\t\t<\/section>\n\t\t\t\t\t<\/div>\n\t\t<\/div>\n\t\t\t\t\t<\/div>\n\t\t<\/section>\n\t\t\t\t<section class=\"elementor-section elementor-top-section elementor-element elementor-element-ceca32c elementor-section-boxed elementor-section-height-default elementor-section-height-default\" data-id=\"ceca32c\" data-element_type=\"section\">\n\t\t\t\t\t\t<div class=\"elementor-container elementor-column-gap-default\">\n\t\t\t\t\t<div class=\"elementor-column elementor-col-100 elementor-top-column elementor-element elementor-element-5a2e383\" data-id=\"5a2e383\" data-element_type=\"column\">\n\t\t\t<div class=\"elementor-widget-wrap elementor-element-populated\">\n\t\t\t\t\t\t<div class=\"elementor-element elementor-element-6cedf5f elementor-widget elementor-widget-heading\" data-id=\"6cedf5f\" data-element_type=\"widget\" data-widget_type=\"heading.default\">\n\t\t\t\t<div class=\"elementor-widget-container\">\n\t\t\t\t\t<h2 class=\"elementor-heading-title elementor-size-default\">Une continuit\u00e9 avec le World Creole Music Festival<\/h2>\t\t\t\t<\/div>\n\t\t\t\t<\/div>\n\t\t\t\t<div class=\"elementor-element elementor-element-e93d1fb elementor-widget elementor-widget-text-editor\" data-id=\"e93d1fb\" data-element_type=\"widget\" data-widget_type=\"text-editor.default\">\n\t\t\t\t<div class=\"elementor-widget-container\">\n\t\t\t\t\t\t\t\t\t<p><span style=\"font-weight: 400;\">\ud835\udc13\ud835\udc22 \ud835\udc15\ud835\udc22\ud835\udc25\ud835\udc1a\ud835\udc23 \ud835\udc0a\ud835\udc30\ud835\udc1e\u0301\ud835\udc32\ud835\udc28\u0300\ud835\udc25 s\u2019inscrit dans la semaine pr\u00e9c\u00e9dant le World Creole Music Festival 2025, pr\u00e9vu du 24 au 26 octobre au Windsor Park Sports Stadium de Roseau.<\/span><span style=\"font-weight: 400;\"><br \/><\/span><span style=\"font-weight: 400;\"> Le premier ouvre les festivit\u00e9s en journ\u00e9e ; le second prolonge la f\u00eate en soir\u00e9e. Ensemble, ils composent un continuum culturel o\u00f9 \u00e9conomie locale et musique cr\u00e9ole s\u2019alimentent mutuellement.<\/span><\/p>\t\t\t\t\t\t\t\t<\/div>\n\t\t\t\t<\/div>\n\t\t\t\t<section class=\"elementor-section elementor-inner-section elementor-element elementor-element-071b56b elementor-section-boxed elementor-section-height-default elementor-section-height-default\" data-id=\"071b56b\" data-element_type=\"section\">\n\t\t\t\t\t\t<div class=\"elementor-container elementor-column-gap-default\">\n\t\t\t\t\t<div class=\"elementor-column elementor-col-100 elementor-inner-column elementor-element elementor-element-8f1dfef\" data-id=\"8f1dfef\" data-element_type=\"column\">\n\t\t\t<div class=\"elementor-widget-wrap elementor-element-populated\">\n\t\t\t\t\t\t<div class=\"elementor-element elementor-element-bde8834 elementor-widget elementor-widget-image\" data-id=\"bde8834\" data-element_type=\"widget\" data-widget_type=\"image.default\">\n\t\t\t\t<div class=\"elementor-widget-container\">\n\t\t\t\t\t\t\t\t\t\t\t\t<figure class=\"wp-caption\">\n\t\t\t\t\t\t\t\t\t\t<img loading=\"lazy\" decoding=\"async\" width=\"800\" height=\"450\" src=\"https:\/\/richeskarayib.com\/wp-content\/uploads\/2025\/10\/\u00a9Dominica-Festivals-1-1024x576.jpg\" class=\"attachment-large size-large wp-image-63503\" alt=\"\ud835\udc13\ud835\udc22 \ud835\udc15\ud835\udc22\ud835\udc25\ud835\udc1a\ud835\udc23 \ud835\udc0a\ud835\udc30\ud835\udc1e\u0301\ud835\udc32\ud835\udc28\u0300\ud835\udc25\" srcset=\"https:\/\/richeskarayib.com\/wp-content\/uploads\/2025\/10\/\u00a9Dominica-Festivals-1-1024x576.jpg 1024w, https:\/\/richeskarayib.com\/wp-content\/uploads\/2025\/10\/\u00a9Dominica-Festivals-1-300x169.jpg 300w, https:\/\/richeskarayib.com\/wp-content\/uploads\/2025\/10\/\u00a9Dominica-Festivals-1-768x432.jpg 768w, https:\/\/richeskarayib.com\/wp-content\/uploads\/2025\/10\/\u00a9Dominica-Festivals-1-1536x864.jpg 1536w, https:\/\/richeskarayib.com\/wp-content\/uploads\/2025\/10\/\u00a9Dominica-Festivals-1-1320x743.jpg 1320w, https:\/\/richeskarayib.com\/wp-content\/uploads\/2025\/10\/\u00a9Dominica-Festivals-1.jpg 1920w\" sizes=\"(max-width: 800px) 100vw, 800px\" \/>\t\t\t\t\t\t\t\t\t\t\t<figcaption class=\"widget-image-caption wp-caption-text\">\u00a9Dominica Festivals<\/figcaption>\n\t\t\t\t\t\t\t\t\t\t<\/figure>\n\t\t\t\t\t\t\t\t\t<\/div>\n\t\t\t\t<\/div>\n\t\t\t\t\t<\/div>\n\t\t<\/div>\n\t\t\t\t\t<\/div>\n\t\t<\/section>\n\t\t\t\t\t<\/div>\n\t\t<\/div>\n\t\t\t\t\t<\/div>\n\t\t<\/section>\n\t\t\t\t<section class=\"elementor-section elementor-top-section elementor-element elementor-element-9c88a89 elementor-section-boxed elementor-section-height-default elementor-section-height-default\" data-id=\"9c88a89\" data-element_type=\"section\">\n\t\t\t\t\t\t<div class=\"elementor-container elementor-column-gap-default\">\n\t\t\t\t\t<div class=\"elementor-column elementor-col-100 elementor-top-column elementor-element elementor-element-78cf5d1\" data-id=\"78cf5d1\" data-element_type=\"column\">\n\t\t\t<div class=\"elementor-widget-wrap elementor-element-populated\">\n\t\t\t\t\t\t<div class=\"elementor-element elementor-element-ea2a5c1 elementor-widget elementor-widget-heading\" data-id=\"ea2a5c1\" data-element_type=\"widget\" data-widget_type=\"heading.default\">\n\t\t\t\t<div class=\"elementor-widget-container\">\n\t\t\t\t\t<h2 class=\"elementor-heading-title elementor-size-default\">Un espace de transmission et d\u2019avenir\n<\/h2>\t\t\t\t<\/div>\n\t\t\t\t<\/div>\n\t\t\t\t<div class=\"elementor-element elementor-element-e305eee elementor-widget elementor-widget-text-editor\" data-id=\"e305eee\" data-element_type=\"widget\" data-widget_type=\"text-editor.default\">\n\t\t\t\t<div class=\"elementor-widget-container\">\n\t\t\t\t\t\t\t\t\t<p><span style=\"font-weight: 400;\">\ud835\udc13\ud835\udc22 \ud835\udc15\ud835\udc22\ud835\udc25\ud835\udc1a\ud835\udc23 \ud835\udc0a\ud835\udc30\ud835\udc1e\u0301\ud835\udc32\ud835\udc28\u0300\ud835\udc25 2025 illustre la vitalit\u00e9 d\u2019une \u00eele qui mise sur la cr\u00e9ativit\u00e9 de ses habitants.<\/span><span style=\"font-weight: 400;\"><br \/><\/span><span style=\"font-weight: 400;\"> En donnant voix aux artisans, aux producteurs et aux artistes, la Dominique affirme son ind\u00e9pendance culturelle et son ancrage \u00e9conomique.<\/span><span style=\"font-weight: 400;\"><br \/><\/span><span style=\"font-weight: 400;\"> Chaque stand, chaque chanson, chaque plat partag\u00e9 au Jardin botanique de Roseau rappelle que la culture cr\u00e9ole n\u2019est pas un souvenir : c\u2019est une r\u00e9alit\u00e9 v\u00e9cue, transmise et r\u00e9invent\u00e9e au pr\u00e9sent.<\/span><\/p>\t\t\t\t\t\t\t\t<\/div>\n\t\t\t\t<\/div>\n\t\t\t\t\t<\/div>\n\t\t<\/div>\n\t\t\t\t\t<\/div>\n\t\t<\/section>\n\t\t\t\t<section class=\"elementor-section elementor-top-section elementor-element elementor-element-d8c9438 elementor-section-boxed elementor-section-height-default elementor-section-height-default\" data-id=\"d8c9438\" data-element_type=\"section\">\n\t\t\t\t\t\t<div class=\"elementor-container elementor-column-gap-default\">\n\t\t\t\t\t<div class=\"elementor-column elementor-col-100 elementor-top-column elementor-element elementor-element-4febde0\" data-id=\"4febde0\" data-element_type=\"column\">\n\t\t\t<div class=\"elementor-widget-wrap elementor-element-populated\">\n\t\t\t\t\t\t<div class=\"elementor-element elementor-element-3049b14 elementor-widget elementor-widget-heading\" data-id=\"3049b14\" data-element_type=\"widget\" data-widget_type=\"heading.default\">\n\t\t\t\t<div class=\"elementor-widget-container\">\n\t\t\t\t\t<h2 class=\"elementor-heading-title elementor-size-default\">Informations essentielles<\/h2>\t\t\t\t<\/div>\n\t\t\t\t<\/div>\n\t\t\t\t<div class=\"elementor-element elementor-element-acbe05a elementor-widget elementor-widget-text-editor\" data-id=\"acbe05a\" data-element_type=\"widget\" data-widget_type=\"text-editor.default\">\n\t\t\t\t<div class=\"elementor-widget-container\">\n\t\t\t\t\t\t\t\t\t<ul>\n<li style=\"font-weight: 400;\" aria-level=\"1\"><b>&#8211; Dates<\/b><span style=\"font-weight: 400;\"> : du 20 au 23 octobre 2025<\/span><\/li>\n<li style=\"font-weight: 400;\" aria-level=\"1\"><b>&#8211; Horaires<\/b><span style=\"font-weight: 400;\"> : 12 h \u2013 20 h<\/span><\/li>\n<li style=\"font-weight: 400;\" aria-level=\"1\"><b>&#8211; Lieu<\/b><span style=\"font-weight: 400;\"> : Jardin botanique de Roseau<\/span><\/li>\n<li style=\"font-weight: 400;\" aria-level=\"1\"><b>&#8211; Entr\u00e9e<\/b><span style=\"font-weight: 400;\"> : 10 $ adultes | 5 $ enfants | gratuite en uniforme scolaire<\/span><\/li>\n<li style=\"font-weight: 400;\" aria-level=\"1\"><b>&#8211; Th\u00e8me<\/b><span style=\"font-weight: 400;\"> : Tout Biten Domnik<\/span><\/li>\n<li style=\"font-weight: 400;\" aria-level=\"1\"><b>&#8211; Nouveaut\u00e9<\/b><span style=\"font-weight: 400;\"> : The Hive<\/span><\/li>\n<li style=\"font-weight: 400;\" aria-level=\"1\"><b>&#8211; Groupes phares<\/b> : Midnight Groovers, Ridge &amp; Pudaz, Asa Bantan, Swinging Stars<\/li>\n<\/ul>\t\t\t\t\t\t\t\t<\/div>\n\t\t\t\t<\/div>\n\t\t\t\t<section class=\"elementor-section elementor-inner-section elementor-element elementor-element-769c1c2 elementor-section-boxed elementor-section-height-default elementor-section-height-default\" data-id=\"769c1c2\" data-element_type=\"section\">\n\t\t\t\t\t\t<div class=\"elementor-container elementor-column-gap-default\">\n\t\t\t\t\t<div class=\"elementor-column elementor-col-50 elementor-inner-column elementor-element elementor-element-98044fc\" data-id=\"98044fc\" data-element_type=\"column\">\n\t\t\t<div class=\"elementor-widget-wrap elementor-element-populated\">\n\t\t\t\t\t\t<div class=\"elementor-element elementor-element-277d860 elementor-widget elementor-widget-image\" data-id=\"277d860\" data-element_type=\"widget\" data-widget_type=\"image.default\">\n\t\t\t\t<div class=\"elementor-widget-container\">\n\t\t\t\t\t\t\t\t\t\t\t\t<figure class=\"wp-caption\">\n\t\t\t\t\t\t\t\t\t\t<img loading=\"lazy\" decoding=\"async\" width=\"800\" height=\"601\" src=\"https:\/\/richeskarayib.com\/wp-content\/uploads\/2025\/10\/\u00a9Dominica-Ministry-of-Tourism-6-1024x769.jpg\" class=\"attachment-large size-large wp-image-63599\" alt=\"\ud835\udc13\ud835\udc22 \ud835\udc15\ud835\udc22\ud835\udc25\ud835\udc1a\ud835\udc23 \ud835\udc0a\ud835\udc30\ud835\udc1e\u0301\ud835\udc32\ud835\udc28\u0300\ud835\udc25\" srcset=\"https:\/\/richeskarayib.com\/wp-content\/uploads\/2025\/10\/\u00a9Dominica-Ministry-of-Tourism-6-1024x769.jpg 1024w, https:\/\/richeskarayib.com\/wp-content\/uploads\/2025\/10\/\u00a9Dominica-Ministry-of-Tourism-6-300x225.jpg 300w, https:\/\/richeskarayib.com\/wp-content\/uploads\/2025\/10\/\u00a9Dominica-Ministry-of-Tourism-6-768x577.jpg 768w, https:\/\/richeskarayib.com\/wp-content\/uploads\/2025\/10\/\u00a9Dominica-Ministry-of-Tourism-6-1536x1154.jpg 1536w, https:\/\/richeskarayib.com\/wp-content\/uploads\/2025\/10\/\u00a9Dominica-Ministry-of-Tourism-6-1320x991.jpg 1320w, https:\/\/richeskarayib.com\/wp-content\/uploads\/2025\/10\/\u00a9Dominica-Ministry-of-Tourism-6.jpg 1920w\" sizes=\"(max-width: 800px) 100vw, 800px\" \/>\t\t\t\t\t\t\t\t\t\t\t<figcaption class=\"widget-image-caption wp-caption-text\">\u00a9Dominica Ministry of Tourism<\/figcaption>\n\t\t\t\t\t\t\t\t\t\t<\/figure>\n\t\t\t\t\t\t\t\t\t<\/div>\n\t\t\t\t<\/div>\n\t\t\t\t\t<\/div>\n\t\t<\/div>\n\t\t\t\t<div class=\"elementor-column elementor-col-50 elementor-inner-column elementor-element elementor-element-bd91b17\" data-id=\"bd91b17\" data-element_type=\"column\">\n\t\t\t<div class=\"elementor-widget-wrap elementor-element-populated\">\n\t\t\t\t\t\t<div class=\"elementor-element elementor-element-a7f2c40 elementor-widget elementor-widget-image\" data-id=\"a7f2c40\" data-element_type=\"widget\" data-widget_type=\"image.default\">\n\t\t\t\t<div class=\"elementor-widget-container\">\n\t\t\t\t\t\t\t\t\t\t\t\t<figure class=\"wp-caption\">\n\t\t\t\t\t\t\t\t\t\t<img loading=\"lazy\" decoding=\"async\" width=\"800\" height=\"601\" src=\"https:\/\/richeskarayib.com\/wp-content\/uploads\/2025\/10\/\u00a9Dominica-Ministry-of-Tourism-12-1024x769.jpg\" class=\"attachment-large size-large wp-image-63603\" alt=\"\ud835\udc13\ud835\udc22 \ud835\udc15\ud835\udc22\ud835\udc25\ud835\udc1a\ud835\udc23 \ud835\udc0a\ud835\udc30\ud835\udc1e\u0301\ud835\udc32\ud835\udc28\u0300\ud835\udc25\" srcset=\"https:\/\/richeskarayib.com\/wp-content\/uploads\/2025\/10\/\u00a9Dominica-Ministry-of-Tourism-12-1024x769.jpg 1024w, https:\/\/richeskarayib.com\/wp-content\/uploads\/2025\/10\/\u00a9Dominica-Ministry-of-Tourism-12-300x225.jpg 300w, https:\/\/richeskarayib.com\/wp-content\/uploads\/2025\/10\/\u00a9Dominica-Ministry-of-Tourism-12-768x577.jpg 768w, https:\/\/richeskarayib.com\/wp-content\/uploads\/2025\/10\/\u00a9Dominica-Ministry-of-Tourism-12-1536x1154.jpg 1536w, https:\/\/richeskarayib.com\/wp-content\/uploads\/2025\/10\/\u00a9Dominica-Ministry-of-Tourism-12-1320x991.jpg 1320w, https:\/\/richeskarayib.com\/wp-content\/uploads\/2025\/10\/\u00a9Dominica-Ministry-of-Tourism-12.jpg 1920w\" sizes=\"(max-width: 800px) 100vw, 800px\" \/>\t\t\t\t\t\t\t\t\t\t\t<figcaption class=\"widget-image-caption wp-caption-text\">\u00a9Dominica Ministry of Tourism<\/figcaption>\n\t\t\t\t\t\t\t\t\t\t<\/figure>\n\t\t\t\t\t\t\t\t\t<\/div>\n\t\t\t\t<\/div>\n\t\t\t\t\t<\/div>\n\t\t<\/div>\n\t\t\t\t\t<\/div>\n\t\t<\/section>\n\t\t\t\t\t<\/div>\n\t\t<\/div>\n\t\t\t\t\t<\/div>\n\t\t<\/section>\n\t\t\t\t<\/div>\n\t\t","protected":false},"excerpt":{"rendered":"<p>Du 20 au 23 octobre 2025, le Jardin botanique de Roseau se transforme une nouvelle fois en un v\u00e9ritable village cr\u00e9ole vivant. \ud835\udc13\ud835\udc22 \ud835\udc15\ud835\udc22\ud835\udc25\ud835\udc1a\ud835\udc23 \ud835\udc0a\ud835\udc30\ud835\udc1e\u0301\ud835\udc32\ud835\udc28\u0300\ud835\udc25, organis\u00e9 dans le cadre du Mois du patrimoine cr\u00e9ole, revient avec un mot d\u2019ordre simple : \u00ab Tout Biten Domnik \u00bb, tout ce qui est pens\u00e9, cultiv\u00e9, fabriqu\u00e9 et jou\u00e9 [&hellip;]<\/p>\n","protected":false},"author":662,"featured_media":63547,"comment_status":"open","ping_status":"open","sticky":false,"template":"","format":"standard","meta":{"_acf_changed":false,"footnotes":""},"categories":[1498,1468],"tags":[1716],"class_list":["post-63498","post","type-post","status-publish","format-standard","has-post-thumbnail","hentry","category-gestion-devenements","category-histoire-patrimoine","tag-dominique-fr-2"],"acf":[],"_links":{"self":[{"href":"https:\/\/richeskarayib.com\/fr\/wp-json\/wp\/v2\/posts\/63498","targetHints":{"allow":["GET"]}}],"collection":[{"href":"https:\/\/richeskarayib.com\/fr\/wp-json\/wp\/v2\/posts"}],"about":[{"href":"https:\/\/richeskarayib.com\/fr\/wp-json\/wp\/v2\/types\/post"}],"author":[{"embeddable":true,"href":"https:\/\/richeskarayib.com\/fr\/wp-json\/wp\/v2\/users\/662"}],"replies":[{"embeddable":true,"href":"https:\/\/richeskarayib.com\/fr\/wp-json\/wp\/v2\/comments?post=63498"}],"version-history":[{"count":0,"href":"https:\/\/richeskarayib.com\/fr\/wp-json\/wp\/v2\/posts\/63498\/revisions"}],"wp:featuredmedia":[{"embeddable":true,"href":"https:\/\/richeskarayib.com\/fr\/wp-json\/wp\/v2\/media\/63547"}],"wp:attachment":[{"href":"https:\/\/richeskarayib.com\/fr\/wp-json\/wp\/v2\/media?parent=63498"}],"wp:term":[{"taxonomy":"category","embeddable":true,"href":"https:\/\/richeskarayib.com\/fr\/wp-json\/wp\/v2\/categories?post=63498"},{"taxonomy":"post_tag","embeddable":true,"href":"https:\/\/richeskarayib.com\/fr\/wp-json\/wp\/v2\/tags?post=63498"}],"curies":[{"name":"wp","href":"https:\/\/api.w.org\/{rel}","templated":true}]}}