{"id":63701,"date":"2025-10-27T13:00:29","date_gmt":"2025-10-27T17:00:29","guid":{"rendered":"https:\/\/richeskarayib.com\/?p=63701"},"modified":"2025-10-27T13:32:02","modified_gmt":"2025-10-27T17:32:02","slug":"independance-saint-vincent-et-les-grenadines","status":"publish","type":"post","link":"https:\/\/richeskarayib.com\/fr\/independance-saint-vincent-et-les-grenadines\/","title":{"rendered":"45 ans d\u2019\u00e9mancipation : l\u2019Ind\u00e9pendance de Saint Vincent et les Grenadines"},"content":{"rendered":"\t\t<div data-elementor-type=\"wp-post\" data-elementor-id=\"63701\" class=\"elementor elementor-63701\" data-elementor-post-type=\"post\">\n\t\t\t\t\t\t<section class=\"elementor-section elementor-top-section elementor-element elementor-element-7ca7ca1 elementor-section-boxed elementor-section-height-default elementor-section-height-default\" data-id=\"7ca7ca1\" data-element_type=\"section\">\n\t\t\t\t\t\t<div class=\"elementor-container elementor-column-gap-default\">\n\t\t\t\t\t<div class=\"elementor-column elementor-col-100 elementor-top-column elementor-element elementor-element-cbdd002\" data-id=\"cbdd002\" data-element_type=\"column\">\n\t\t\t<div class=\"elementor-widget-wrap elementor-element-populated\">\n\t\t\t\t\t\t<section class=\"elementor-section elementor-inner-section elementor-element elementor-element-bc94849 elementor-section-boxed elementor-section-height-default elementor-section-height-default\" data-id=\"bc94849\" data-element_type=\"section\">\n\t\t\t\t\t\t<div class=\"elementor-container elementor-column-gap-default\">\n\t\t\t\t\t\t<\/div>\n\t\t<\/section>\n\t\t\t\t<section class=\"elementor-section elementor-inner-section elementor-element elementor-element-61571e6 elementor-section-boxed elementor-section-height-default elementor-section-height-default\" data-id=\"61571e6\" data-element_type=\"section\">\n\t\t\t\t\t\t<div class=\"elementor-container elementor-column-gap-default\">\n\t\t\t\t\t\t<\/div>\n\t\t<\/section>\n\t\t\t\t<section class=\"elementor-section elementor-inner-section elementor-element elementor-element-b6262e0 elementor-section-boxed elementor-section-height-default elementor-section-height-default\" data-id=\"b6262e0\" data-element_type=\"section\">\n\t\t\t\t\t\t<div class=\"elementor-container elementor-column-gap-default\">\n\t\t\t\t\t\t<\/div>\n\t\t<\/section>\n\t\t\t\t<section class=\"elementor-section elementor-inner-section elementor-element elementor-element-cca29fd elementor-section-boxed elementor-section-height-default elementor-section-height-default\" data-id=\"cca29fd\" data-element_type=\"section\">\n\t\t\t\t\t\t<div class=\"elementor-container elementor-column-gap-default\">\n\t\t\t\t\t\t<\/div>\n\t\t<\/section>\n\t\t\t\t\t<\/div>\n\t\t<\/div>\n\t\t\t\t\t<\/div>\n\t\t<\/section>\n\t\t\t\t<section class=\"elementor-section elementor-top-section elementor-element elementor-element-e1fea79 elementor-section-boxed elementor-section-height-default elementor-section-height-default\" data-id=\"e1fea79\" data-element_type=\"section\">\n\t\t\t\t\t\t<div class=\"elementor-container elementor-column-gap-default\">\n\t\t\t\t\t<div class=\"elementor-column elementor-col-100 elementor-top-column elementor-element elementor-element-6d0be76\" data-id=\"6d0be76\" data-element_type=\"column\">\n\t\t\t<div class=\"elementor-widget-wrap elementor-element-populated\">\n\t\t\t\t\t\t<div class=\"elementor-element elementor-element-bbb62ae elementor-widget elementor-widget-text-editor\" data-id=\"bbb62ae\" data-element_type=\"widget\" data-widget_type=\"text-editor.default\">\n\t\t\t\t<div class=\"elementor-widget-container\">\n\t\t\t\t\t\t\t\t\t<p><span style=\"font-weight: 400;\">Le 27 octobre 1979 marque une \u00e9tape fondamentale dans l\u2019histoire carib\u00e9enne : ce jour-l\u00e0, l\u2019archipel de <a href=\"https:\/\/www.britannica.com\/place\/Saint-Vincent-and-the-Grenadines\/History\" target=\"_blank\" rel=\"noopener nofollow\">Saint Vincent et les Grenadines<\/a> devient officiellement un \u00c9tat souverain. L\u2019Ind\u00e9pendance de Saint Vincent et les Grenadines ne s\u2019est pas impos\u00e9e par simple succession de dates, mais repr\u00e9sente l\u2019aboutissement d\u2019un cheminement long, complexe et riche de sens : de la r\u00e9sistance autochtone \u00e0 la colonisation, puis de l\u2019autonomie partielle \u00e0 la pleine souverainet\u00e9. Nous revenons ici sur les grands jalons de cette \u00e9mancipation, les d\u00e9fis inauguraux et l\u2019h\u00e9ritage toujours vivace aujourd\u2019hui.<\/span><\/p>\t\t\t\t\t\t\t\t<\/div>\n\t\t\t\t<\/div>\n\t\t\t\t\t<\/div>\n\t\t<\/div>\n\t\t\t\t\t<\/div>\n\t\t<\/section>\n\t\t\t\t<section class=\"elementor-section elementor-top-section elementor-element elementor-element-ee72354 elementor-section-boxed elementor-section-height-default elementor-section-height-default\" data-id=\"ee72354\" data-element_type=\"section\">\n\t\t\t\t\t\t<div class=\"elementor-container elementor-column-gap-default\">\n\t\t\t\t\t<div class=\"elementor-column elementor-col-100 elementor-top-column elementor-element elementor-element-c59d6fe\" data-id=\"c59d6fe\" data-element_type=\"column\">\n\t\t\t<div class=\"elementor-widget-wrap elementor-element-populated\">\n\t\t\t\t\t\t<div class=\"elementor-element elementor-element-ddc6a1e elementor-widget elementor-widget-heading\" data-id=\"ddc6a1e\" data-element_type=\"widget\" data-widget_type=\"heading.default\">\n\t\t\t\t<div class=\"elementor-widget-container\">\n\t\t\t\t\t<h2 class=\"elementor-heading-title elementor-size-default\">Un pass\u00e9 tumultueux<\/h2>\t\t\t\t<\/div>\n\t\t\t\t<\/div>\n\t\t\t\t<div class=\"elementor-element elementor-element-e57451f elementor-widget elementor-widget-text-editor\" data-id=\"e57451f\" data-element_type=\"widget\" data-widget_type=\"text-editor.default\">\n\t\t\t\t<div class=\"elementor-widget-container\">\n\t\t\t\t\t\t\t\t\t<p>Avant l\u2019arriv\u00e9e des Europ\u00e9ens, l\u2019\u00eele principale de Saint-Vincent \u00e9tait habit\u00e9e par des peuples am\u00e9rindiens \u2014 notamment les Arawak puis les Caribs. \u00c0 partir du XVIII\u1d49 si\u00e8cle, la France et la Grande-Bretagne se disputent l\u2019archipel. En 1763, par le trait\u00e9 de Paris, la Grande-Bretagne obtient la main-mise sur Saint-Vincent, puis la France la reprend en 1779 avant que Londres ne la r\u00e9cup\u00e8re d\u00e9finitivement en 1783 via le trait\u00e9 de Versailles.<\/p>\t\t\t\t\t\t\t\t<\/div>\n\t\t\t\t<\/div>\n\t\t\t\t<div class=\"elementor-element elementor-element-454ff7d elementor-widget elementor-widget-text-editor\" data-id=\"454ff7d\" data-element_type=\"widget\" data-widget_type=\"text-editor.default\">\n\t\t\t\t<div class=\"elementor-widget-container\">\n\t\t\t\t\t\t\t\t\t<p>Durant cette p\u00e9riode, les populations autochtones et les Africains marrons r\u00e9sistent : les \u00ab Garifuna \u00bb, issus du m\u00e9tissage am\u00e9rindien et africain, deviennent un symbole de refus de la domination coloniale. L\u2019insurrection finale des Caribs noirs en 1795-96 conduit \u00e0 la d\u00e9portation de milliers d\u2019entre eux vers l\u2019\u00eele de Roat\u00e1n, au large du Honduras.<br \/>Sur le plan \u00e9conomique, la colonie s\u2019attache d\u2019abord aux plantations de sucre, puis \u00e0 la banane au XX\u1d49 si\u00e8cle, une structure h\u00e9rit\u00e9e que l\u2019Ind\u00e9pendance de Saint Vincent et les Grenadines viendra progressivement transformer.<\/p>\t\t\t\t\t\t\t\t<\/div>\n\t\t\t\t<\/div>\n\t\t\t\t<section class=\"elementor-section elementor-inner-section elementor-element elementor-element-df6cf7f elementor-section-boxed elementor-section-height-default elementor-section-height-default\" data-id=\"df6cf7f\" data-element_type=\"section\">\n\t\t\t\t\t\t<div class=\"elementor-container elementor-column-gap-default\">\n\t\t\t\t\t<div class=\"elementor-column elementor-col-100 elementor-inner-column elementor-element elementor-element-f8fd105\" data-id=\"f8fd105\" data-element_type=\"column\">\n\t\t\t<div class=\"elementor-widget-wrap elementor-element-populated\">\n\t\t\t\t\t\t<div class=\"elementor-element elementor-element-0baada7 elementor-widget elementor-widget-image\" data-id=\"0baada7\" data-element_type=\"widget\" data-widget_type=\"image.default\">\n\t\t\t\t<div class=\"elementor-widget-container\">\n\t\t\t\t\t\t\t\t\t\t\t\t<figure class=\"wp-caption\">\n\t\t\t\t\t\t\t\t\t\t<img fetchpriority=\"high\" decoding=\"async\" width=\"800\" height=\"761\" src=\"https:\/\/richeskarayib.com\/wp-content\/uploads\/2025\/10\/2025-10-27_15h18_10.png\" class=\"attachment-large size-large wp-image-63706\" alt=\"Saint Vincent et les Grenadine\" srcset=\"https:\/\/richeskarayib.com\/wp-content\/uploads\/2025\/10\/2025-10-27_15h18_10.png 949w, https:\/\/richeskarayib.com\/wp-content\/uploads\/2025\/10\/2025-10-27_15h18_10-300x285.png 300w, https:\/\/richeskarayib.com\/wp-content\/uploads\/2025\/10\/2025-10-27_15h18_10-768x731.png 768w\" sizes=\"(max-width: 800px) 100vw, 800px\" \/>\t\t\t\t\t\t\t\t\t\t\t<figcaption class=\"widget-image-caption wp-caption-text\">\u00a9Encyclop\u00e6dia Britannica, Inc.<\/figcaption>\n\t\t\t\t\t\t\t\t\t\t<\/figure>\n\t\t\t\t\t\t\t\t\t<\/div>\n\t\t\t\t<\/div>\n\t\t\t\t\t<\/div>\n\t\t<\/div>\n\t\t\t\t\t<\/div>\n\t\t<\/section>\n\t\t\t\t\t<\/div>\n\t\t<\/div>\n\t\t\t\t\t<\/div>\n\t\t<\/section>\n\t\t\t\t<section class=\"elementor-section elementor-top-section elementor-element elementor-element-82cd8f9 elementor-section-boxed elementor-section-height-default elementor-section-height-default\" data-id=\"82cd8f9\" data-element_type=\"section\">\n\t\t\t\t\t\t<div class=\"elementor-container elementor-column-gap-default\">\n\t\t\t\t\t<div class=\"elementor-column elementor-col-100 elementor-top-column elementor-element elementor-element-0bfdc38\" data-id=\"0bfdc38\" data-element_type=\"column\">\n\t\t\t<div class=\"elementor-widget-wrap elementor-element-populated\">\n\t\t\t\t\t\t<div class=\"elementor-element elementor-element-7d292fe elementor-widget elementor-widget-heading\" data-id=\"7d292fe\" data-element_type=\"widget\" data-widget_type=\"heading.default\">\n\t\t\t\t<div class=\"elementor-widget-container\">\n\t\t\t\t\t<h2 class=\"elementor-heading-title elementor-size-default\">Vers l\u2019autonomie politique<\/h2>\t\t\t\t<\/div>\n\t\t\t\t<\/div>\n\t\t\t\t<div class=\"elementor-element elementor-element-8e337bf elementor-widget elementor-widget-text-editor\" data-id=\"8e337bf\" data-element_type=\"widget\" data-widget_type=\"text-editor.default\">\n\t\t\t\t<div class=\"elementor-widget-container\">\n\t\t\t\t\t\t\t\t\t<p><span style=\"font-weight: 400;\">Le XX\u1d49 si\u00e8cle marque une acc\u00e9l\u00e9ration des demandes d\u2019autod\u00e9termination. En 1951, la colonie accorde le suffrage universel aux adultes, ouvrant le champ politique \u00e0 l\u2019ensemble de la population. En 1969, Saint Vincent et les Grenadines obtient le statut d\u2019\u00ab \u00c9tat associ\u00e9 \u00bb \u00e0 la Grande-Bretagne : elle g\u00e8re ses affaires internes, tandis que la D\u00e9fense et les affaires \u00e9trang\u00e8res restent sous contr\u00f4le britannique.<\/span><span style=\"font-weight: 400;\"><br \/><\/span><span style=\"font-weight: 400;\"> Durant cette p\u00e9riode, des figures politiques importantes \u00e9mergent, notamment Robert Milton Cato, qui deviendra le premier Premier ministre ind\u00e9pendant et pr\u00e9parera les fondations institutionnelles de l\u2019Ind\u00e9pendance de Saint Vincent et les Grenadines.<\/span><\/p>\t\t\t\t\t\t\t\t<\/div>\n\t\t\t\t<\/div>\n\t\t\t\t<section class=\"elementor-section elementor-inner-section elementor-element elementor-element-dab83a3 elementor-section-boxed elementor-section-height-default elementor-section-height-default\" data-id=\"dab83a3\" data-element_type=\"section\">\n\t\t\t\t\t\t<div class=\"elementor-container elementor-column-gap-default\">\n\t\t\t\t\t<div class=\"elementor-column elementor-col-50 elementor-inner-column elementor-element elementor-element-4545232\" data-id=\"4545232\" data-element_type=\"column\">\n\t\t\t<div class=\"elementor-widget-wrap elementor-element-populated\">\n\t\t\t\t\t\t<div class=\"elementor-element elementor-element-8ac775f elementor-widget elementor-widget-image\" data-id=\"8ac775f\" data-element_type=\"widget\" data-widget_type=\"image.default\">\n\t\t\t\t<div class=\"elementor-widget-container\">\n\t\t\t\t\t\t\t\t\t\t\t\t<figure class=\"wp-caption\">\n\t\t\t\t\t\t\t\t\t\t<img decoding=\"async\" width=\"769\" height=\"1024\" src=\"https:\/\/richeskarayib.com\/wp-content\/uploads\/2025\/10\/\u00a9Black-Canadian-Veterans-Stories-769x1024.jpg\" class=\"attachment-large size-large wp-image-63722\" alt=\"Saint Vincent et les Grenadines\" srcset=\"https:\/\/richeskarayib.com\/wp-content\/uploads\/2025\/10\/\u00a9Black-Canadian-Veterans-Stories-769x1024.jpg 769w, https:\/\/richeskarayib.com\/wp-content\/uploads\/2025\/10\/\u00a9Black-Canadian-Veterans-Stories-225x300.jpg 225w, https:\/\/richeskarayib.com\/wp-content\/uploads\/2025\/10\/\u00a9Black-Canadian-Veterans-Stories-768x1023.jpg 768w, https:\/\/richeskarayib.com\/wp-content\/uploads\/2025\/10\/\u00a9Black-Canadian-Veterans-Stories-1153x1536.jpg 1153w, https:\/\/richeskarayib.com\/wp-content\/uploads\/2025\/10\/\u00a9Black-Canadian-Veterans-Stories.jpg 1284w\" sizes=\"(max-width: 769px) 100vw, 769px\" \/>\t\t\t\t\t\t\t\t\t\t\t<figcaption class=\"widget-image-caption wp-caption-text\">\u00a9Black Canadian Veterans Stories<\/figcaption>\n\t\t\t\t\t\t\t\t\t\t<\/figure>\n\t\t\t\t\t\t\t\t\t<\/div>\n\t\t\t\t<\/div>\n\t\t\t\t\t<\/div>\n\t\t<\/div>\n\t\t\t\t<div class=\"elementor-column elementor-col-50 elementor-inner-column elementor-element elementor-element-56dcc6a\" data-id=\"56dcc6a\" data-element_type=\"column\">\n\t\t\t<div class=\"elementor-widget-wrap elementor-element-populated\">\n\t\t\t\t\t\t<div class=\"elementor-element elementor-element-5c98514 elementor-widget elementor-widget-image\" data-id=\"5c98514\" data-element_type=\"widget\" data-widget_type=\"image.default\">\n\t\t\t\t<div class=\"elementor-widget-container\">\n\t\t\t\t\t\t\t\t\t\t\t\t<figure class=\"wp-caption\">\n\t\t\t\t\t\t\t\t\t\t<img decoding=\"async\" width=\"800\" height=\"598\" src=\"https:\/\/richeskarayib.com\/wp-content\/uploads\/2025\/10\/\u00a9Marlon-Bobb-1024x766.jpg\" class=\"attachment-large size-large wp-image-63726\" alt=\"Saint Vincent et les Grenadines\" srcset=\"https:\/\/richeskarayib.com\/wp-content\/uploads\/2025\/10\/\u00a9Marlon-Bobb-1024x766.jpg 1024w, https:\/\/richeskarayib.com\/wp-content\/uploads\/2025\/10\/\u00a9Marlon-Bobb-300x224.jpg 300w, https:\/\/richeskarayib.com\/wp-content\/uploads\/2025\/10\/\u00a9Marlon-Bobb-768x575.jpg 768w, https:\/\/richeskarayib.com\/wp-content\/uploads\/2025\/10\/\u00a9Marlon-Bobb.jpg 1080w\" sizes=\"(max-width: 800px) 100vw, 800px\" \/>\t\t\t\t\t\t\t\t\t\t\t<figcaption class=\"widget-image-caption wp-caption-text\">\u00a9Marlon Bobb<\/figcaption>\n\t\t\t\t\t\t\t\t\t\t<\/figure>\n\t\t\t\t\t\t\t\t\t<\/div>\n\t\t\t\t<\/div>\n\t\t\t\t<div class=\"elementor-element elementor-element-a476e41 elementor-widget elementor-widget-image\" data-id=\"a476e41\" data-element_type=\"widget\" data-widget_type=\"image.default\">\n\t\t\t\t<div class=\"elementor-widget-container\">\n\t\t\t\t\t\t\t\t\t\t\t\t<figure class=\"wp-caption\">\n\t\t\t\t\t\t\t\t\t\t<img loading=\"lazy\" decoding=\"async\" width=\"502\" height=\"600\" src=\"https:\/\/richeskarayib.com\/wp-content\/uploads\/2025\/10\/\u00a9Exploring-Caribbean-history.jpg\" class=\"attachment-large size-large wp-image-63730\" alt=\"Saint Vincent et les Grenadines\" srcset=\"https:\/\/richeskarayib.com\/wp-content\/uploads\/2025\/10\/\u00a9Exploring-Caribbean-history.jpg 502w, https:\/\/richeskarayib.com\/wp-content\/uploads\/2025\/10\/\u00a9Exploring-Caribbean-history-251x300.jpg 251w\" sizes=\"(max-width: 502px) 100vw, 502px\" \/>\t\t\t\t\t\t\t\t\t\t\t<figcaption class=\"widget-image-caption wp-caption-text\">\u00a9Exploring Caribbean history<\/figcaption>\n\t\t\t\t\t\t\t\t\t\t<\/figure>\n\t\t\t\t\t\t\t\t\t<\/div>\n\t\t\t\t<\/div>\n\t\t\t\t\t<\/div>\n\t\t<\/div>\n\t\t\t\t\t<\/div>\n\t\t<\/section>\n\t\t\t\t<section class=\"elementor-section elementor-inner-section elementor-element elementor-element-c582330 elementor-section-boxed elementor-section-height-default elementor-section-height-default\" data-id=\"c582330\" data-element_type=\"section\">\n\t\t\t\t\t\t<div class=\"elementor-container elementor-column-gap-default\">\n\t\t\t\t\t\t<\/div>\n\t\t<\/section>\n\t\t\t\t<section class=\"elementor-section elementor-inner-section elementor-element elementor-element-296603a elementor-section-boxed elementor-section-height-default elementor-section-height-default\" data-id=\"296603a\" data-element_type=\"section\">\n\t\t\t\t\t\t<div class=\"elementor-container elementor-column-gap-default\">\n\t\t\t\t\t\t<\/div>\n\t\t<\/section>\n\t\t\t\t\t<\/div>\n\t\t<\/div>\n\t\t\t\t\t<\/div>\n\t\t<\/section>\n\t\t\t\t<section class=\"elementor-section elementor-top-section elementor-element elementor-element-5a7397d elementor-section-boxed elementor-section-height-default elementor-section-height-default\" data-id=\"5a7397d\" data-element_type=\"section\">\n\t\t\t\t\t\t<div class=\"elementor-container elementor-column-gap-default\">\n\t\t\t\t\t<div class=\"elementor-column elementor-col-100 elementor-top-column elementor-element elementor-element-8b33b4b\" data-id=\"8b33b4b\" data-element_type=\"column\">\n\t\t\t<div class=\"elementor-widget-wrap elementor-element-populated\">\n\t\t\t\t\t\t<div class=\"elementor-element elementor-element-89dac4b elementor-widget elementor-widget-heading\" data-id=\"89dac4b\" data-element_type=\"widget\" data-widget_type=\"heading.default\">\n\t\t\t\t<div class=\"elementor-widget-container\">\n\t\t\t\t\t<h2 class=\"elementor-heading-title elementor-size-default\">Le jour de l\u2019ind\u00e9pendance<\/h2>\t\t\t\t<\/div>\n\t\t\t\t<\/div>\n\t\t\t\t<div class=\"elementor-element elementor-element-4fc7069 elementor-widget elementor-widget-text-editor\" data-id=\"4fc7069\" data-element_type=\"widget\" data-widget_type=\"text-editor.default\">\n\t\t\t\t<div class=\"elementor-widget-container\">\n\t\t\t\t\t\t\t\t\t<p><span style=\"font-weight: 400;\">Le 27 octobre 1979, Saint Vincent et les Grenadines acc\u00e8de officiellement \u00e0 l\u2019ind\u00e9pendance de la Grande-Bretagne. L\u2019\u00e9v\u00e9nement consacre la naissance d\u2019une nation ind\u00e9pendante et souligne son statut de derni\u00e8re des \u00celes-du-Vent \u00e0 franchir ce pas. Une nouvelle Constitution entre en vigueur, instaurant un parlement d\u00e9mocratique, et le pays reste membre du Commonwealth. L\u2019Ind\u00e9pendance de Saint Vincent et les Grenadines devient alors le socle de la construction nationale moderne, alliant continuit\u00e9 historique et volont\u00e9 d\u2019\u00e9mancipation.<\/span><\/p>\t\t\t\t\t\t\t\t<\/div>\n\t\t\t\t<\/div>\n\t\t\t\t\t<\/div>\n\t\t<\/div>\n\t\t\t\t\t<\/div>\n\t\t<\/section>\n\t\t\t\t<section class=\"elementor-section elementor-top-section elementor-element elementor-element-ceca32c elementor-section-boxed elementor-section-height-default elementor-section-height-default\" data-id=\"ceca32c\" data-element_type=\"section\">\n\t\t\t\t\t\t<div class=\"elementor-container elementor-column-gap-default\">\n\t\t\t\t\t<div class=\"elementor-column elementor-col-100 elementor-top-column elementor-element elementor-element-5a2e383\" data-id=\"5a2e383\" data-element_type=\"column\">\n\t\t\t<div class=\"elementor-widget-wrap elementor-element-populated\">\n\t\t\t\t\t\t<div class=\"elementor-element elementor-element-6cedf5f elementor-widget elementor-widget-heading\" data-id=\"6cedf5f\" data-element_type=\"widget\" data-widget_type=\"heading.default\">\n\t\t\t\t<div class=\"elementor-widget-container\">\n\t\t\t\t\t<h2 class=\"elementor-heading-title elementor-size-default\">Les d\u00e9fis d\u2019une nation jeune<\/h2>\t\t\t\t<\/div>\n\t\t\t\t<\/div>\n\t\t\t\t<div class=\"elementor-element elementor-element-e93d1fb elementor-widget elementor-widget-text-editor\" data-id=\"e93d1fb\" data-element_type=\"widget\" data-widget_type=\"text-editor.default\">\n\t\t\t\t<div class=\"elementor-widget-container\">\n\t\t\t\t\t\t\t\t\t<p><span style=\"font-weight: 400;\">Cette accession ne signifie pas pour autant la disparition des d\u00e9fis. La petite nation insulaire \u00e9tait confront\u00e9e \u00e0 plusieurs handicaps : une \u00e9conomie fragile, d\u00e9pendante principalement de l\u2019exportation de la banane, une infrastructure encore limit\u00e9e, et une exposition permanente aux al\u00e9as naturels (volcans, cyclones).<\/span><span style=\"font-weight: 400;\"><br \/><\/span><span style=\"font-weight: 400;\"> En avril 1979, quelques mois avant l\u2019ind\u00e9pendance, l\u2019\u00e9ruption du volcan La Soufri\u00e8re s\u2019est produite, provoquant \u00e9vacuations et pertes agricoles : un symbole fort que l\u2019Ind\u00e9pendance de Saint Vincent et les Grenadines devait \u00eatre conquise dans un contexte exigeant et incertain.<\/span><span style=\"font-weight: 400;\"><br \/><\/span><span style=\"font-weight: 400;\"> L\u2019un des enjeux majeurs fut la diversification \u00e9conomique, l\u2019am\u00e9lioration des services publics (sant\u00e9, \u00e9ducation) et la consolidation du cadre institutionnel pour renforcer la gouvernance et la r\u00e9silience nationale.<\/span><\/p>\t\t\t\t\t\t\t\t<\/div>\n\t\t\t\t<\/div>\n\t\t\t\t<section class=\"elementor-section elementor-inner-section elementor-element elementor-element-318efc7 elementor-section-boxed elementor-section-height-default elementor-section-height-default\" data-id=\"318efc7\" data-element_type=\"section\">\n\t\t\t\t\t\t<div class=\"elementor-container elementor-column-gap-default\">\n\t\t\t\t\t<div class=\"elementor-column elementor-col-100 elementor-inner-column elementor-element elementor-element-5e965d9\" data-id=\"5e965d9\" data-element_type=\"column\">\n\t\t\t<div class=\"elementor-widget-wrap elementor-element-populated\">\n\t\t\t\t\t\t<div class=\"elementor-element elementor-element-877b601 elementor-widget elementor-widget-image\" data-id=\"877b601\" data-element_type=\"widget\" data-widget_type=\"image.default\">\n\t\t\t\t<div class=\"elementor-widget-container\">\n\t\t\t\t\t\t\t\t\t\t\t\t<figure class=\"wp-caption\">\n\t\t\t\t\t\t\t\t\t\t<img loading=\"lazy\" decoding=\"async\" width=\"800\" height=\"534\" src=\"https:\/\/richeskarayib.com\/wp-content\/uploads\/2025\/10\/\u00a9Searchlight-SVG-1024x683.jpg\" class=\"attachment-large size-large wp-image-63734\" alt=\"Saint Vincent et les Grenadines\" srcset=\"https:\/\/richeskarayib.com\/wp-content\/uploads\/2025\/10\/\u00a9Searchlight-SVG-1024x683.jpg 1024w, https:\/\/richeskarayib.com\/wp-content\/uploads\/2025\/10\/\u00a9Searchlight-SVG-300x200.jpg 300w, https:\/\/richeskarayib.com\/wp-content\/uploads\/2025\/10\/\u00a9Searchlight-SVG-768x512.jpg 768w, https:\/\/richeskarayib.com\/wp-content\/uploads\/2025\/10\/\u00a9Searchlight-SVG-1536x1024.jpg 1536w, https:\/\/richeskarayib.com\/wp-content\/uploads\/2025\/10\/\u00a9Searchlight-SVG-1320x880.jpg 1320w, https:\/\/richeskarayib.com\/wp-content\/uploads\/2025\/10\/\u00a9Searchlight-SVG.jpg 2048w\" sizes=\"(max-width: 800px) 100vw, 800px\" \/>\t\t\t\t\t\t\t\t\t\t\t<figcaption class=\"widget-image-caption wp-caption-text\">\u00a9Searchlight SVG<\/figcaption>\n\t\t\t\t\t\t\t\t\t\t<\/figure>\n\t\t\t\t\t\t\t\t\t<\/div>\n\t\t\t\t<\/div>\n\t\t\t\t\t<\/div>\n\t\t<\/div>\n\t\t\t\t\t<\/div>\n\t\t<\/section>\n\t\t\t\t\t<\/div>\n\t\t<\/div>\n\t\t\t\t\t<\/div>\n\t\t<\/section>\n\t\t\t\t<section class=\"elementor-section elementor-top-section elementor-element elementor-element-9c88a89 elementor-section-boxed elementor-section-height-default elementor-section-height-default\" data-id=\"9c88a89\" data-element_type=\"section\">\n\t\t\t\t\t\t<div class=\"elementor-container elementor-column-gap-default\">\n\t\t\t\t\t<div class=\"elementor-column elementor-col-100 elementor-top-column elementor-element elementor-element-78cf5d1\" data-id=\"78cf5d1\" data-element_type=\"column\">\n\t\t\t<div class=\"elementor-widget-wrap elementor-element-populated\">\n\t\t\t\t\t\t<div class=\"elementor-element elementor-element-ea2a5c1 elementor-widget elementor-widget-heading\" data-id=\"ea2a5c1\" data-element_type=\"widget\" data-widget_type=\"heading.default\">\n\t\t\t\t<div class=\"elementor-widget-container\">\n\t\t\t\t\t<h2 class=\"elementor-heading-title elementor-size-default\">Bilan et h\u00e9ritage apr\u00e8s 46 ans<\/h2>\t\t\t\t<\/div>\n\t\t\t\t<\/div>\n\t\t\t\t<div class=\"elementor-element elementor-element-e305eee elementor-widget elementor-widget-text-editor\" data-id=\"e305eee\" data-element_type=\"widget\" data-widget_type=\"text-editor.default\">\n\t\t\t\t<div class=\"elementor-widget-container\">\n\t\t\t\t\t\t\t\t\t<p><span style=\"font-weight: 400;\">Quarante-six ans apr\u00e8s sa proclamation, l\u2019Ind\u00e9pendance de <a href=\"https:\/\/richeskarayib.com\/fr\/saint-vincent-et-les-grenadines-une-ile\/\" target=\"_blank\" rel=\"noopener\">Saint Vincent et les Grenadines<\/a> reste un pilier de l\u2019identit\u00e9 nationale et un rep\u00e8re pour sa diplomatie, sa culture et sa fiert\u00e9 populaire.<\/span><span style=\"font-weight: 400;\"><br \/><\/span><span style=\"font-weight: 400;\"> Sur le plan culturel, l\u2019archipel affirme une identit\u00e9 carib\u00e9enne forte : la langue anglaise cohabite avec des traditions cr\u00e9oles, et le patrimoine garifuna retrouve une reconnaissance croissante.<\/span><span style=\"font-weight: 400;\"><br \/><\/span><span style=\"font-weight: 400;\"> Politiquement, le pays a instaur\u00e9 un syst\u00e8me d\u00e9mocratique stable, malgr\u00e9 des tensions li\u00e9es \u00e0 la coh\u00e9sion sociale ou \u00e0 la gouvernance. L\u2019\u00e9lection de Ralph Gonsalves et de son parti l\u2019ULP depuis les ann\u00e9es 2000 illustre la continuit\u00e9 institutionnelle issue de l\u2019Ind\u00e9pendance de Saint Vincent et les Grenadines.<\/span><\/p>\t\t\t\t\t\t\t\t<\/div>\n\t\t\t\t<\/div>\n\t\t\t\t<div class=\"elementor-element elementor-element-caf07a6 elementor-widget elementor-widget-text-editor\" data-id=\"caf07a6\" data-element_type=\"widget\" data-widget_type=\"text-editor.default\">\n\t\t\t\t<div class=\"elementor-widget-container\">\n\t\t\t\t\t\t\t\t\t<p><span style=\"font-weight: 400;\">\u00c9conomiquement, des progr\u00e8s sont visibles dans le <a href=\"https:\/\/richeskarayib.com\/fr\/chiffres-cles-du-tourisme-dans-la-caraibe\/\" target=\"_blank\" rel=\"noopener\">tourisme<\/a> et les services, mais la vuln\u00e9rabilit\u00e9 reste forte : l\u2019\u00e9conomie demeure sensible aux catastrophes naturelles et aux fluctuations du march\u00e9 agricole.<\/span><span style=\"font-weight: 400;\"><br \/><\/span><span style=\"font-weight: 400;\"> Sur le plan environnemental, le pays poursuit sa transition \u00e9nerg\u00e9tique et renforce sa r\u00e9silience climatique \u2014 un prolongement concret des aspirations de l\u2019Ind\u00e9pendance de Saint Vincent et les Grenadines, tourn\u00e9e vers la durabilit\u00e9 et la coop\u00e9ration r\u00e9gionale.<\/span><\/p>\t\t\t\t\t\t\t\t<\/div>\n\t\t\t\t<\/div>\n\t\t\t\t<section class=\"elementor-section elementor-inner-section elementor-element elementor-element-07f5605 elementor-section-boxed elementor-section-height-default elementor-section-height-default\" data-id=\"07f5605\" data-element_type=\"section\">\n\t\t\t\t\t\t<div class=\"elementor-container elementor-column-gap-default\">\n\t\t\t\t\t<div class=\"elementor-column elementor-col-33 elementor-inner-column elementor-element elementor-element-ecacf7a\" data-id=\"ecacf7a\" data-element_type=\"column\">\n\t\t\t<div class=\"elementor-widget-wrap elementor-element-populated\">\n\t\t\t\t\t\t<div class=\"elementor-element elementor-element-75beee7 elementor-widget elementor-widget-image\" data-id=\"75beee7\" data-element_type=\"widget\" data-widget_type=\"image.default\">\n\t\t\t\t<div class=\"elementor-widget-container\">\n\t\t\t\t\t\t\t\t\t\t\t\t\t\t\t<img loading=\"lazy\" decoding=\"async\" width=\"800\" height=\"800\" src=\"https:\/\/richeskarayib.com\/wp-content\/uploads\/2025\/10\/port-kingstown-young-1024x1024.jpg\" class=\"attachment-large size-large wp-image-63718\" alt=\"Saint Vincent et les Grenadines\" srcset=\"https:\/\/richeskarayib.com\/wp-content\/uploads\/2025\/10\/port-kingstown-young-1024x1024.jpg 1024w, https:\/\/richeskarayib.com\/wp-content\/uploads\/2025\/10\/port-kingstown-young-300x300.jpg 300w, https:\/\/richeskarayib.com\/wp-content\/uploads\/2025\/10\/port-kingstown-young-150x150.jpg 150w, https:\/\/richeskarayib.com\/wp-content\/uploads\/2025\/10\/port-kingstown-young-768x768.jpg 768w, https:\/\/richeskarayib.com\/wp-content\/uploads\/2025\/10\/port-kingstown-young.jpg 1073w\" sizes=\"(max-width: 800px) 100vw, 800px\" \/>\t\t\t\t\t\t\t\t\t\t\t\t\t\t\t<\/div>\n\t\t\t\t<\/div>\n\t\t\t\t\t<\/div>\n\t\t<\/div>\n\t\t\t\t<div class=\"elementor-column elementor-col-33 elementor-inner-column elementor-element elementor-element-21d0b3c\" data-id=\"21d0b3c\" data-element_type=\"column\">\n\t\t\t<div class=\"elementor-widget-wrap elementor-element-populated\">\n\t\t\t\t\t\t<div class=\"elementor-element elementor-element-40803df elementor-widget elementor-widget-image\" data-id=\"40803df\" data-element_type=\"widget\" data-widget_type=\"image.default\">\n\t\t\t\t<div class=\"elementor-widget-container\">\n\t\t\t\t\t\t\t\t\t\t\t\t\t\t\t<img loading=\"lazy\" decoding=\"async\" width=\"800\" height=\"800\" src=\"https:\/\/richeskarayib.com\/wp-content\/uploads\/2025\/10\/kiss-me-waterfall-1024x1024.jpg\" class=\"attachment-large size-large wp-image-63714\" alt=\"Saint Vincent et les Grenadines\" srcset=\"https:\/\/richeskarayib.com\/wp-content\/uploads\/2025\/10\/kiss-me-waterfall-1024x1024.jpg 1024w, https:\/\/richeskarayib.com\/wp-content\/uploads\/2025\/10\/kiss-me-waterfall-300x300.jpg 300w, https:\/\/richeskarayib.com\/wp-content\/uploads\/2025\/10\/kiss-me-waterfall-150x150.jpg 150w, https:\/\/richeskarayib.com\/wp-content\/uploads\/2025\/10\/kiss-me-waterfall-768x768.jpg 768w, https:\/\/richeskarayib.com\/wp-content\/uploads\/2025\/10\/kiss-me-waterfall.jpg 1080w\" sizes=\"(max-width: 800px) 100vw, 800px\" \/>\t\t\t\t\t\t\t\t\t\t\t\t\t\t\t<\/div>\n\t\t\t\t<\/div>\n\t\t\t\t\t<\/div>\n\t\t<\/div>\n\t\t\t\t<div class=\"elementor-column elementor-col-33 elementor-inner-column elementor-element elementor-element-eeb10fe\" data-id=\"eeb10fe\" data-element_type=\"column\">\n\t\t\t<div class=\"elementor-widget-wrap elementor-element-populated\">\n\t\t\t\t\t\t<div class=\"elementor-element elementor-element-263946f elementor-widget elementor-widget-image\" data-id=\"263946f\" data-element_type=\"widget\" data-widget_type=\"image.default\">\n\t\t\t\t<div class=\"elementor-widget-container\">\n\t\t\t\t\t\t\t\t\t\t\t\t\t\t\t<img loading=\"lazy\" decoding=\"async\" width=\"800\" height=\"800\" src=\"https:\/\/richeskarayib.com\/wp-content\/uploads\/2025\/10\/hanging-out-in-batcaves-1024x1024.jpg\" class=\"attachment-large size-large wp-image-63710\" alt=\"Saint Vincent et les Grenadines\" srcset=\"https:\/\/richeskarayib.com\/wp-content\/uploads\/2025\/10\/hanging-out-in-batcaves-1024x1024.jpg 1024w, https:\/\/richeskarayib.com\/wp-content\/uploads\/2025\/10\/hanging-out-in-batcaves-300x300.jpg 300w, https:\/\/richeskarayib.com\/wp-content\/uploads\/2025\/10\/hanging-out-in-batcaves-150x150.jpg 150w, https:\/\/richeskarayib.com\/wp-content\/uploads\/2025\/10\/hanging-out-in-batcaves-768x768.jpg 768w, https:\/\/richeskarayib.com\/wp-content\/uploads\/2025\/10\/hanging-out-in-batcaves.jpg 1152w\" sizes=\"(max-width: 800px) 100vw, 800px\" \/>\t\t\t\t\t\t\t\t\t\t\t\t\t\t\t<\/div>\n\t\t\t\t<\/div>\n\t\t\t\t\t<\/div>\n\t\t<\/div>\n\t\t\t\t\t<\/div>\n\t\t<\/section>\n\t\t\t\t\t<\/div>\n\t\t<\/div>\n\t\t\t\t\t<\/div>\n\t\t<\/section>\n\t\t\t\t<section class=\"elementor-section elementor-top-section elementor-element elementor-element-d8c9438 elementor-section-boxed elementor-section-height-default elementor-section-height-default\" data-id=\"d8c9438\" data-element_type=\"section\">\n\t\t\t\t\t\t<div class=\"elementor-container elementor-column-gap-default\">\n\t\t\t\t\t<div class=\"elementor-column elementor-col-100 elementor-top-column elementor-element elementor-element-4febde0\" data-id=\"4febde0\" data-element_type=\"column\">\n\t\t\t<div class=\"elementor-widget-wrap elementor-element-populated\">\n\t\t\t\t\t\t<div class=\"elementor-element elementor-element-acbe05a elementor-widget elementor-widget-text-editor\" data-id=\"acbe05a\" data-element_type=\"widget\" data-widget_type=\"text-editor.default\">\n\t\t\t\t<div class=\"elementor-widget-container\">\n\t\t\t\t\t\t\t\t\t<p><span style=\"font-weight: 400;\">L\u2019Ind\u00e9pendance de Saint Vincent et les Grenadines, c\u00e9l\u00e9br\u00e9e chaque 27 octobre, n\u2019est pas seulement un jour f\u00e9ri\u00e9 : c\u2019est la m\u00e9moire vivante d\u2019une nation qui a choisi son destin. Quarante-cinq ans apr\u00e8s, le pays continue de b\u00e2tir sur cet h\u00e9ritage, d\u2019affirmer sa voix dans la Cara\u00efbe et de d\u00e9fendre la solidarit\u00e9 entre petites nations insulaires. En cela, l\u2019Ind\u00e9pendance de Saint Vincent et les Grenadines demeure un symbole de dignit\u00e9, de r\u00e9silience et d\u2019esp\u00e9rance pour toute la r\u00e9gion.<\/span><\/p>\t\t\t\t\t\t\t\t<\/div>\n\t\t\t\t<\/div>\n\t\t\t\t\t<\/div>\n\t\t<\/div>\n\t\t\t\t\t<\/div>\n\t\t<\/section>\n\t\t\t\t<section class=\"elementor-section elementor-top-section elementor-element elementor-element-911f64c elementor-section-boxed elementor-section-height-default elementor-section-height-default\" data-id=\"911f64c\" data-element_type=\"section\">\n\t\t\t\t\t\t<div class=\"elementor-container elementor-column-gap-default\">\n\t\t\t\t\t<div class=\"elementor-column elementor-col-100 elementor-top-column elementor-element elementor-element-bbfae97\" data-id=\"bbfae97\" data-element_type=\"column\">\n\t\t\t<div class=\"elementor-widget-wrap elementor-element-populated\">\n\t\t\t\t\t\t<section class=\"elementor-section elementor-inner-section elementor-element elementor-element-3ed84fb elementor-section-boxed elementor-section-height-default elementor-section-height-default\" data-id=\"3ed84fb\" data-element_type=\"section\">\n\t\t\t\t\t\t<div class=\"elementor-container elementor-column-gap-default\">\n\t\t\t\t\t<div class=\"elementor-column elementor-col-100 elementor-inner-column elementor-element elementor-element-035c300\" data-id=\"035c300\" data-element_type=\"column\">\n\t\t\t<div class=\"elementor-widget-wrap elementor-element-populated\">\n\t\t\t\t\t\t<div class=\"elementor-element elementor-element-706a290 elementor-widget elementor-widget-video\" data-id=\"706a290\" data-element_type=\"widget\" data-settings=\"{&quot;youtube_url&quot;:&quot;https:\\\/\\\/www.youtube.com\\\/watch?v=6XrjSb7Q-54&quot;,&quot;video_type&quot;:&quot;youtube&quot;,&quot;controls&quot;:&quot;yes&quot;}\" data-widget_type=\"video.default\">\n\t\t\t\t<div class=\"elementor-widget-container\">\n\t\t\t\t\t\t\t<div class=\"elementor-wrapper elementor-open-inline\">\n\t\t\t<div class=\"elementor-video\"><\/div>\t\t<\/div>\n\t\t\t\t\t\t<\/div>\n\t\t\t\t<\/div>\n\t\t\t\t\t<\/div>\n\t\t<\/div>\n\t\t\t\t\t<\/div>\n\t\t<\/section>\n\t\t\t\t\t<\/div>\n\t\t<\/div>\n\t\t\t\t\t<\/div>\n\t\t<\/section>\n\t\t\t\t<\/div>\n\t\t","protected":false},"excerpt":{"rendered":"<p>Le 27 octobre 1979 marque une \u00e9tape fondamentale dans l\u2019histoire carib\u00e9enne : ce jour-l\u00e0, l\u2019archipel de Saint Vincent et les Grenadines devient officiellement un \u00c9tat souverain. L\u2019Ind\u00e9pendance de Saint Vincent et les Grenadines ne s\u2019est pas impos\u00e9e par simple succession de dates, mais repr\u00e9sente l\u2019aboutissement d\u2019un cheminement long, complexe et riche de sens : de [&hellip;]<\/p>\n","protected":false},"author":662,"featured_media":63702,"comment_status":"open","ping_status":"open","sticky":false,"template":"","format":"standard","meta":{"_acf_changed":false,"footnotes":""},"categories":[1468],"tags":[1744],"class_list":["post-63701","post","type-post","status-publish","format-standard","has-post-thumbnail","hentry","category-histoire-patrimoine","tag-saint-vincent-et-les-grenadines"],"acf":[],"_links":{"self":[{"href":"https:\/\/richeskarayib.com\/fr\/wp-json\/wp\/v2\/posts\/63701","targetHints":{"allow":["GET"]}}],"collection":[{"href":"https:\/\/richeskarayib.com\/fr\/wp-json\/wp\/v2\/posts"}],"about":[{"href":"https:\/\/richeskarayib.com\/fr\/wp-json\/wp\/v2\/types\/post"}],"author":[{"embeddable":true,"href":"https:\/\/richeskarayib.com\/fr\/wp-json\/wp\/v2\/users\/662"}],"replies":[{"embeddable":true,"href":"https:\/\/richeskarayib.com\/fr\/wp-json\/wp\/v2\/comments?post=63701"}],"version-history":[{"count":0,"href":"https:\/\/richeskarayib.com\/fr\/wp-json\/wp\/v2\/posts\/63701\/revisions"}],"wp:featuredmedia":[{"embeddable":true,"href":"https:\/\/richeskarayib.com\/fr\/wp-json\/wp\/v2\/media\/63702"}],"wp:attachment":[{"href":"https:\/\/richeskarayib.com\/fr\/wp-json\/wp\/v2\/media?parent=63701"}],"wp:term":[{"taxonomy":"category","embeddable":true,"href":"https:\/\/richeskarayib.com\/fr\/wp-json\/wp\/v2\/categories?post=63701"},{"taxonomy":"post_tag","embeddable":true,"href":"https:\/\/richeskarayib.com\/fr\/wp-json\/wp\/v2\/tags?post=63701"}],"curies":[{"name":"wp","href":"https:\/\/api.w.org\/{rel}","templated":true}]}}