{"id":63741,"date":"2025-10-28T07:44:45","date_gmt":"2025-10-28T11:44:45","guid":{"rendered":"https:\/\/richeskarayib.com\/?p=63741"},"modified":"2025-10-28T07:44:45","modified_gmt":"2025-10-28T11:44:45","slug":"fototras-guadeloupe-celebre-la-photographie","status":"publish","type":"post","link":"https:\/\/richeskarayib.com\/fr\/fototras-guadeloupe-celebre-la-photographie\/","title":{"rendered":"FOTOTRAS 2025 : la Guadeloupe c\u00e9l\u00e8bre la photographie d\u2019auteur sous le signe de la m\u00e9tamorphose"},"content":{"rendered":"\t\t<div data-elementor-type=\"wp-post\" data-elementor-id=\"63741\" class=\"elementor elementor-63741\" data-elementor-post-type=\"post\">\n\t\t\t\t\t\t<section class=\"elementor-section elementor-top-section elementor-element elementor-element-7ca7ca1 elementor-section-boxed elementor-section-height-default elementor-section-height-default\" data-id=\"7ca7ca1\" data-element_type=\"section\">\n\t\t\t\t\t\t<div class=\"elementor-container elementor-column-gap-default\">\n\t\t\t\t\t<div class=\"elementor-column elementor-col-100 elementor-top-column elementor-element elementor-element-cbdd002\" data-id=\"cbdd002\" data-element_type=\"column\">\n\t\t\t<div class=\"elementor-widget-wrap elementor-element-populated\">\n\t\t\t\t\t\t<section class=\"elementor-section elementor-inner-section elementor-element elementor-element-bc94849 elementor-section-boxed elementor-section-height-default elementor-section-height-default\" data-id=\"bc94849\" data-element_type=\"section\">\n\t\t\t\t\t\t<div class=\"elementor-container elementor-column-gap-default\">\n\t\t\t\t\t\t<\/div>\n\t\t<\/section>\n\t\t\t\t<section class=\"elementor-section elementor-inner-section elementor-element elementor-element-61571e6 elementor-section-boxed elementor-section-height-default elementor-section-height-default\" data-id=\"61571e6\" data-element_type=\"section\">\n\t\t\t\t\t\t<div class=\"elementor-container elementor-column-gap-default\">\n\t\t\t\t\t\t<\/div>\n\t\t<\/section>\n\t\t\t\t<section class=\"elementor-section elementor-inner-section elementor-element elementor-element-b6262e0 elementor-section-boxed elementor-section-height-default elementor-section-height-default\" data-id=\"b6262e0\" data-element_type=\"section\">\n\t\t\t\t\t\t<div class=\"elementor-container elementor-column-gap-default\">\n\t\t\t\t\t\t<\/div>\n\t\t<\/section>\n\t\t\t\t<section class=\"elementor-section elementor-inner-section elementor-element elementor-element-cca29fd elementor-section-boxed elementor-section-height-default elementor-section-height-default\" data-id=\"cca29fd\" data-element_type=\"section\">\n\t\t\t\t\t\t<div class=\"elementor-container elementor-column-gap-default\">\n\t\t\t\t\t\t<\/div>\n\t\t<\/section>\n\t\t\t\t\t<\/div>\n\t\t<\/div>\n\t\t\t\t\t<\/div>\n\t\t<\/section>\n\t\t\t\t<section class=\"elementor-section elementor-top-section elementor-element elementor-element-e1fea79 elementor-section-boxed elementor-section-height-default elementor-section-height-default\" data-id=\"e1fea79\" data-element_type=\"section\">\n\t\t\t\t\t\t<div class=\"elementor-container elementor-column-gap-default\">\n\t\t\t\t\t<div class=\"elementor-column elementor-col-100 elementor-top-column elementor-element elementor-element-6d0be76\" data-id=\"6d0be76\" data-element_type=\"column\">\n\t\t\t<div class=\"elementor-widget-wrap elementor-element-populated\">\n\t\t\t\t\t\t<div class=\"elementor-element elementor-element-bbb62ae elementor-widget elementor-widget-text-editor\" data-id=\"bbb62ae\" data-element_type=\"widget\" data-widget_type=\"text-editor.default\">\n\t\t\t\t<div class=\"elementor-widget-container\">\n\t\t\t\t\t\t\t\t\t<p><span style=\"font-weight: 400;\">Du 30 octobre au 29 novembre 2025, la <a href=\"https:\/\/richeskarayib.com\/fr\/lor-bleu-guadeloupe-indigo-de-guadeloupe\/\" target=\"_blank\" rel=\"noopener\">Guadeloupe<\/a> deviendra le carrefour des regards et des r\u00e9cits visuels \u00e0 l\u2019occasion de la 2\u1d49 \u00e9dition du Festival Fototras, port\u00e9e par les associations FOTOLIB et Diaspo\u2019ART.<\/span><span style=\"font-weight: 400;\"><br \/><\/span><span style=\"font-weight: 400;\"> Un mois entier pour c\u00e9l\u00e9brer la photographie d\u2019auteur\u00b7rice \u00e0 travers expositions, conf\u00e9rences, projections, ateliers, lectures de portfolios et \u00e9v\u00e9nements partenaires, dans un esprit de partage, de cr\u00e9ation et d\u2019\u00e9motion.<\/span><\/p>\t\t\t\t\t\t\t\t<\/div>\n\t\t\t\t<\/div>\n\t\t\t\t\t<\/div>\n\t\t<\/div>\n\t\t\t\t\t<\/div>\n\t\t<\/section>\n\t\t\t\t<section class=\"elementor-section elementor-top-section elementor-element elementor-element-ee72354 elementor-section-boxed elementor-section-height-default elementor-section-height-default\" data-id=\"ee72354\" data-element_type=\"section\">\n\t\t\t\t\t\t<div class=\"elementor-container elementor-column-gap-default\">\n\t\t\t\t\t<div class=\"elementor-column elementor-col-100 elementor-top-column elementor-element elementor-element-c59d6fe\" data-id=\"c59d6fe\" data-element_type=\"column\">\n\t\t\t<div class=\"elementor-widget-wrap elementor-element-populated\">\n\t\t\t\t\t\t<div class=\"elementor-element elementor-element-ddc6a1e elementor-widget elementor-widget-heading\" data-id=\"ddc6a1e\" data-element_type=\"widget\" data-widget_type=\"heading.default\">\n\t\t\t\t<div class=\"elementor-widget-container\">\n\t\t\t\t\t<h2 class=\"elementor-heading-title elementor-size-default\">Une aventure collective n\u00e9e de deux passions carib\u00e9ennes<\/h2>\t\t\t\t<\/div>\n\t\t\t\t<\/div>\n\t\t\t\t<div class=\"elementor-element elementor-element-e57451f elementor-widget elementor-widget-text-editor\" data-id=\"e57451f\" data-element_type=\"widget\" data-widget_type=\"text-editor.default\">\n\t\t\t\t<div class=\"elementor-widget-container\">\n\t\t\t\t\t\t\t\t\t<p><span style=\"font-weight: 400;\">Dans un contexte o\u00f9 la photographie artistique reste encore peu valoris\u00e9e dans l\u2019archipel, les associations <a href=\"https:\/\/www.diaspoartguadeloupe.com\/\" target=\"_blank\" rel=\"noopener nofollow\">Diaspo\u2019ART<\/a> et <a href=\"https:\/\/www.instagram.com\/fotolib.asso\/\" target=\"_blank\" rel=\"noopener nofollow\">FOTOLIB<\/a> ont uni leurs forces pour offrir \u00e0 la Guadeloupe un espace in\u00e9dit d\u2019expression et de transmission.<\/span><span style=\"font-weight: 400;\"><br \/><\/span><span style=\"font-weight: 400;\"> Apr\u00e8s le succ\u00e8s de la premi\u00e8re \u00e9dition en 2024, cette nouvelle rencontre ambitionne d\u2019aller plus loin : stimuler la cr\u00e9ation photographique, valoriser la diversit\u00e9 des \u00e9critures visuelles et ouvrir un dialogue entre artistes, publics et professionnels venus de toute la Cara\u00efbe et au-del\u00e0.<\/span><span style=\"font-weight: 400;\"><br \/><\/span><span style=\"font-weight: 400;\"> \u00c0 travers Fototras, la Guadeloupe affirme son r\u00f4le de terre d\u2019art et de pens\u00e9e, o\u00f9 l\u2019image devient un langage commun.<\/span><\/p>\t\t\t\t\t\t\t\t<\/div>\n\t\t\t\t<\/div>\n\t\t\t\t<section class=\"elementor-section elementor-inner-section elementor-element elementor-element-aba08cc elementor-section-boxed elementor-section-height-default elementor-section-height-default\" data-id=\"aba08cc\" data-element_type=\"section\">\n\t\t\t\t\t\t<div class=\"elementor-container elementor-column-gap-default\">\n\t\t\t\t\t<div class=\"elementor-column elementor-col-50 elementor-inner-column elementor-element elementor-element-c9ff0d2\" data-id=\"c9ff0d2\" data-element_type=\"column\">\n\t\t\t<div class=\"elementor-widget-wrap elementor-element-populated\">\n\t\t\t\t\t\t<div class=\"elementor-element elementor-element-b15b6f7 elementor-widget elementor-widget-image\" data-id=\"b15b6f7\" data-element_type=\"widget\" data-widget_type=\"image.default\">\n\t\t\t\t<div class=\"elementor-widget-container\">\n\t\t\t\t\t\t\t\t\t\t\t\t\t\t\t<img fetchpriority=\"high\" decoding=\"async\" width=\"800\" height=\"942\" src=\"https:\/\/richeskarayib.com\/wp-content\/uploads\/2025\/10\/img4-870x1024.jpg\" class=\"attachment-large size-large wp-image-63774\" alt=\"Fototras\" srcset=\"https:\/\/richeskarayib.com\/wp-content\/uploads\/2025\/10\/img4-870x1024.jpg 870w, https:\/\/richeskarayib.com\/wp-content\/uploads\/2025\/10\/img4-255x300.jpg 255w, https:\/\/richeskarayib.com\/wp-content\/uploads\/2025\/10\/img4-768x904.jpg 768w, https:\/\/richeskarayib.com\/wp-content\/uploads\/2025\/10\/img4.jpg 1000w\" sizes=\"(max-width: 800px) 100vw, 800px\" \/>\t\t\t\t\t\t\t\t\t\t\t\t\t\t\t<\/div>\n\t\t\t\t<\/div>\n\t\t\t\t\t<\/div>\n\t\t<\/div>\n\t\t\t\t<div class=\"elementor-column elementor-col-50 elementor-inner-column elementor-element elementor-element-dfdfa5c\" data-id=\"dfdfa5c\" data-element_type=\"column\">\n\t\t\t<div class=\"elementor-widget-wrap elementor-element-populated\">\n\t\t\t\t\t\t<div class=\"elementor-element elementor-element-fddce24 elementor-widget elementor-widget-image\" data-id=\"fddce24\" data-element_type=\"widget\" data-widget_type=\"image.default\">\n\t\t\t\t<div class=\"elementor-widget-container\">\n\t\t\t\t\t\t\t\t\t\t\t\t\t\t\t<img decoding=\"async\" width=\"800\" height=\"519\" src=\"https:\/\/richeskarayib.com\/wp-content\/uploads\/2025\/10\/img46-1024x664.jpg\" class=\"attachment-large size-large wp-image-63778\" alt=\"Fototras\" srcset=\"https:\/\/richeskarayib.com\/wp-content\/uploads\/2025\/10\/img46-1024x664.jpg 1024w, https:\/\/richeskarayib.com\/wp-content\/uploads\/2025\/10\/img46-300x194.jpg 300w, https:\/\/richeskarayib.com\/wp-content\/uploads\/2025\/10\/img46-768x498.jpg 768w, https:\/\/richeskarayib.com\/wp-content\/uploads\/2025\/10\/img46.jpg 1072w\" sizes=\"(max-width: 800px) 100vw, 800px\" \/>\t\t\t\t\t\t\t\t\t\t\t\t\t\t\t<\/div>\n\t\t\t\t<\/div>\n\t\t\t\t<div class=\"elementor-element elementor-element-6f03d36 elementor-widget elementor-widget-image\" data-id=\"6f03d36\" data-element_type=\"widget\" data-widget_type=\"image.default\">\n\t\t\t\t<div class=\"elementor-widget-container\">\n\t\t\t\t\t\t\t\t\t\t\t\t\t\t\t<img decoding=\"async\" width=\"800\" height=\"263\" src=\"https:\/\/richeskarayib.com\/wp-content\/uploads\/2025\/10\/img38-1024x337.jpg\" class=\"attachment-large size-large wp-image-63782\" alt=\"Fototras\" srcset=\"https:\/\/richeskarayib.com\/wp-content\/uploads\/2025\/10\/img38-1024x337.jpg 1024w, https:\/\/richeskarayib.com\/wp-content\/uploads\/2025\/10\/img38-300x99.jpg 300w, https:\/\/richeskarayib.com\/wp-content\/uploads\/2025\/10\/img38-768x253.jpg 768w, https:\/\/richeskarayib.com\/wp-content\/uploads\/2025\/10\/img38-1320x434.jpg 1320w, https:\/\/richeskarayib.com\/wp-content\/uploads\/2025\/10\/img38.jpg 1477w\" sizes=\"(max-width: 800px) 100vw, 800px\" \/>\t\t\t\t\t\t\t\t\t\t\t\t\t\t\t<\/div>\n\t\t\t\t<\/div>\n\t\t\t\t\t<\/div>\n\t\t<\/div>\n\t\t\t\t\t<\/div>\n\t\t<\/section>\n\t\t\t\t\t<\/div>\n\t\t<\/div>\n\t\t\t\t\t<\/div>\n\t\t<\/section>\n\t\t\t\t<section class=\"elementor-section elementor-top-section elementor-element elementor-element-82cd8f9 elementor-section-boxed elementor-section-height-default elementor-section-height-default\" data-id=\"82cd8f9\" data-element_type=\"section\">\n\t\t\t\t\t\t<div class=\"elementor-container elementor-column-gap-default\">\n\t\t\t\t\t<div class=\"elementor-column elementor-col-100 elementor-top-column elementor-element elementor-element-0bfdc38\" data-id=\"0bfdc38\" data-element_type=\"column\">\n\t\t\t<div class=\"elementor-widget-wrap elementor-element-populated\">\n\t\t\t\t\t\t<div class=\"elementor-element elementor-element-7d292fe elementor-widget elementor-widget-heading\" data-id=\"7d292fe\" data-element_type=\"widget\" data-widget_type=\"heading.default\">\n\t\t\t\t<div class=\"elementor-widget-container\">\n\t\t\t\t\t<h2 class=\"elementor-heading-title elementor-size-default\">MORFOZE : le th\u00e8me d\u2019un monde en transformation<\/h2>\t\t\t\t<\/div>\n\t\t\t\t<\/div>\n\t\t\t\t<div class=\"elementor-element elementor-element-8e337bf elementor-widget elementor-widget-text-editor\" data-id=\"8e337bf\" data-element_type=\"widget\" data-widget_type=\"text-editor.default\">\n\t\t\t\t<div class=\"elementor-widget-container\">\n\t\t\t\t\t\t\t\t\t<p><span style=\"font-weight: 400;\">Inspir\u00e9e par la citation de Patrick Chamoiseau \u2014 <\/span><span style=\"font-weight: 400;\">\u00ab Ce n\u2019est pas dans la transparence qu\u2019on d\u00e9couvre le monde, mais dans l\u2019\u00e9paisseur \u00bb<\/span><span style=\"font-weight: 400;\"> , cette \u00e9dition 2025 se place sous le th\u00e8me MORFOZE, une r\u00e9flexion profonde sur les m\u00e9tamorphoses contemporaines.<\/span><span style=\"font-weight: 400;\"><br \/><\/span><span style=\"font-weight: 400;\"> Le festival invite \u00e0 observer le monde non pas dans sa surface, mais dans ses couches, ses tensions et ses silences.<\/span><span style=\"font-weight: 400;\"><br \/><\/span><span style=\"font-weight: 400;\"> Conflits, bouleversements climatiques, mutations sociales ou num\u00e9riques : Fototras explore ces secousses visibles ou invisibles qui redessinent notre \u00e9poque.<\/span><span style=\"font-weight: 400;\"><br \/><\/span><span style=\"font-weight: 400;\"> Chaque \u0153uvre devient un fragment de ce grand r\u00e9cit collectif, un t\u00e9moignage sensible sur les transformations \u00e0 l\u2019\u0153uvre dans nos soci\u00e9t\u00e9s.<\/span><\/p>\t\t\t\t\t\t\t\t<\/div>\n\t\t\t\t<\/div>\n\t\t\t\t<section class=\"elementor-section elementor-inner-section elementor-element elementor-element-aad3c93 elementor-section-boxed elementor-section-height-default elementor-section-height-default\" data-id=\"aad3c93\" data-element_type=\"section\">\n\t\t\t\t\t\t<div class=\"elementor-container elementor-column-gap-default\">\n\t\t\t\t\t<div class=\"elementor-column elementor-col-100 elementor-inner-column elementor-element elementor-element-1095887\" data-id=\"1095887\" data-element_type=\"column\">\n\t\t\t<div class=\"elementor-widget-wrap elementor-element-populated\">\n\t\t\t\t\t\t<div class=\"elementor-element elementor-element-d4cb259 elementor-widget elementor-widget-image\" data-id=\"d4cb259\" data-element_type=\"widget\" data-widget_type=\"image.default\">\n\t\t\t\t<div class=\"elementor-widget-container\">\n\t\t\t\t\t\t\t\t\t\t\t\t\t\t\t<img loading=\"lazy\" decoding=\"async\" width=\"800\" height=\"669\" src=\"https:\/\/richeskarayib.com\/wp-content\/uploads\/2025\/10\/img36.jpg\" class=\"attachment-large size-large wp-image-63754\" alt=\"Fototras\" srcset=\"https:\/\/richeskarayib.com\/wp-content\/uploads\/2025\/10\/img36.jpg 1004w, https:\/\/richeskarayib.com\/wp-content\/uploads\/2025\/10\/img36-300x251.jpg 300w, https:\/\/richeskarayib.com\/wp-content\/uploads\/2025\/10\/img36-768x643.jpg 768w\" sizes=\"(max-width: 800px) 100vw, 800px\" \/>\t\t\t\t\t\t\t\t\t\t\t\t\t\t\t<\/div>\n\t\t\t\t<\/div>\n\t\t\t\t\t<\/div>\n\t\t<\/div>\n\t\t\t\t\t<\/div>\n\t\t<\/section>\n\t\t\t\t<section class=\"elementor-section elementor-inner-section elementor-element elementor-element-c582330 elementor-section-boxed elementor-section-height-default elementor-section-height-default\" data-id=\"c582330\" data-element_type=\"section\">\n\t\t\t\t\t\t<div class=\"elementor-container elementor-column-gap-default\">\n\t\t\t\t\t\t<\/div>\n\t\t<\/section>\n\t\t\t\t<section class=\"elementor-section elementor-inner-section elementor-element elementor-element-296603a elementor-section-boxed elementor-section-height-default elementor-section-height-default\" data-id=\"296603a\" data-element_type=\"section\">\n\t\t\t\t\t\t<div class=\"elementor-container elementor-column-gap-default\">\n\t\t\t\t\t\t<\/div>\n\t\t<\/section>\n\t\t\t\t\t<\/div>\n\t\t<\/div>\n\t\t\t\t\t<\/div>\n\t\t<\/section>\n\t\t\t\t<section class=\"elementor-section elementor-top-section elementor-element elementor-element-5a7397d elementor-section-boxed elementor-section-height-default elementor-section-height-default\" data-id=\"5a7397d\" data-element_type=\"section\">\n\t\t\t\t\t\t<div class=\"elementor-container elementor-column-gap-default\">\n\t\t\t\t\t<div class=\"elementor-column elementor-col-100 elementor-top-column elementor-element elementor-element-8b33b4b\" data-id=\"8b33b4b\" data-element_type=\"column\">\n\t\t\t<div class=\"elementor-widget-wrap elementor-element-populated\">\n\t\t\t\t\t\t<div class=\"elementor-element elementor-element-89dac4b elementor-widget elementor-widget-heading\" data-id=\"89dac4b\" data-element_type=\"widget\" data-widget_type=\"heading.default\">\n\t\t\t\t<div class=\"elementor-widget-container\">\n\t\t\t\t\t<h2 class=\"elementor-heading-title elementor-size-default\">Trois expositions, trois espaces, trois univers\n<\/h2>\t\t\t\t<\/div>\n\t\t\t\t<\/div>\n\t\t\t\t<div class=\"elementor-element elementor-element-4fc7069 elementor-widget elementor-widget-text-editor\" data-id=\"4fc7069\" data-element_type=\"widget\" data-widget_type=\"text-editor.default\">\n\t\t\t\t<div class=\"elementor-widget-container\">\n\t\t\t\t\t\t\t\t\t<h3><b>Galerie L\u2019Art s\u2019en m\u00eale \u2014 Le Gosier<\/b><\/h3>\t\t\t\t\t\t\t\t<\/div>\n\t\t\t\t<\/div>\n\t\t\t\t<div class=\"elementor-element elementor-element-43a45ac elementor-widget elementor-widget-text-editor\" data-id=\"43a45ac\" data-element_type=\"widget\" data-widget_type=\"text-editor.default\">\n\t\t\t\t<div class=\"elementor-widget-container\">\n\t\t\t\t\t\t\t\t\t<p><span style=\"font-weight: 400;\"><strong>Th\u00e9matiques :<\/strong> <\/span><span style=\"font-weight: 400;\">\u00ab Symbolisme \u00bb<\/span><span style=\"font-weight: 400;\"> et <\/span><span style=\"font-weight: 400;\">\u00ab Lignes de tension \u00bb<\/span><span style=\"font-weight: 400;\"> \u2014 Vernissage : Vendredi 31 octobre, 18h\u201321h \u2014 Dates : 31 octobre \u2192 22 novembre.<\/span><\/p><p><span style=\"font-weight: 400;\"><strong>Photographes (14)<\/strong> : Christian MOORMAN (Guyana), Joffrey CHOUELA (France), Marie-Julie GASCON (R\u00e9union), Romane ISKARIA (France), R\u00e9ginald LOUISSAINT JUNIOR (Ha\u00efti), Allan ARMA (Guadeloupe), Jordan BEAL (Martinique), Ma\u00ebva BENA\u00cfCHE (France), Carla BERNHARDT (Guadeloupe), Nicolas DERN\u00c9 (Martinique), Fiona FORTE (France), K\u00e9vin KARAMBI (RDC), Luma KOKLOVA (France), Nathalie RUFFIN (Guadeloupe\/Martinique).<\/span><span style=\"font-weight: 400;\"><br \/><\/span><span style=\"font-weight: 400;\"><strong> Adresse :<\/strong> Route de la Rivi\u00e9ra, Le Gosier \u2014 Horaires : mar\u2192ven 15h\u201319h, sam 11h\u201319h \u2014 Entr\u00e9e libre.<\/span><\/p>\t\t\t\t\t\t\t\t<\/div>\n\t\t\t\t<\/div>\n\t\t\t\t<div class=\"elementor-element elementor-element-82cf4d1 elementor-widget elementor-widget-text-editor\" data-id=\"82cf4d1\" data-element_type=\"widget\" data-widget_type=\"text-editor.default\">\n\t\t\t\t<div class=\"elementor-widget-container\">\n\t\t\t\t\t\t\t\t\t<h3><b>Espace culturel et multim\u00e9dia de la L\u00e9zarde \u2014 Petit-Bourg<\/b><\/h3>\t\t\t\t\t\t\t\t<\/div>\n\t\t\t\t<\/div>\n\t\t\t\t<div class=\"elementor-element elementor-element-f522b35 elementor-widget elementor-widget-text-editor\" data-id=\"f522b35\" data-element_type=\"widget\" data-widget_type=\"text-editor.default\">\n\t\t\t\t<div class=\"elementor-widget-container\">\n\t\t\t\t\t\t\t\t\t<p><strong>Th\u00e9matique : <\/strong><span style=\"font-weight: 400;\">\u00ab D\u00e9tails po\u00e9tiques \u00bb<\/span><span style=\"font-weight: 400;\"> \u2014 Vernissage \/ Rencontre Didiko : Samedi 8 novembre, 8h30\u201312h30 \u2014 Dates : 5 \u2192 18 novembre.<\/span><span style=\"font-weight: 400;\"><br \/><\/span><span style=\"font-weight: 400;\"><strong> Photographes (5)<\/strong> : Ra\u00efssa BIBRAC (France\/Guadeloupe), Verenne CIPOLLINI (Guadeloupe), Bastien DELAG (Guadeloupe), Karin VASSEUR FELLINGER (Guadeloupe\/France), G\u00e9rome GENDREY (Guadeloupe).<\/span><span style=\"font-weight: 400;\"><br \/><\/span><span style=\"font-weight: 400;\"><strong> Adresse :<\/strong> 1871 Chemin Hauteur L\u00e9zarde, Petit-Bourg \u2014 Horaires : mar\/mer\/ven 8h30\u201312h30 &amp; 14h\u201317h, jeu 14h\u201317h, sam 8h30\u201312h30 \u2014 Entr\u00e9e libre.<\/span><\/p>\t\t\t\t\t\t\t\t<\/div>\n\t\t\t\t<\/div>\n\t\t\t\t<div class=\"elementor-element elementor-element-69f835c elementor-widget elementor-widget-text-editor\" data-id=\"69f835c\" data-element_type=\"widget\" data-widget_type=\"text-editor.default\">\n\t\t\t\t<div class=\"elementor-widget-container\">\n\t\t\t\t\t\t\t\t\t<h3><b>Pavillon de la Ville (1er \u00e9tage) \u2014 Pointe-\u00e0-Pitre<\/b><\/h3>\t\t\t\t\t\t\t\t<\/div>\n\t\t\t\t<\/div>\n\t\t\t\t<div class=\"elementor-element elementor-element-13ebdba elementor-widget elementor-widget-text-editor\" data-id=\"13ebdba\" data-element_type=\"widget\" data-widget_type=\"text-editor.default\">\n\t\t\t\t<div class=\"elementor-widget-container\">\n\t\t\t\t\t\t\t\t\t<p><strong>Th\u00e9matique : <\/strong><span style=\"font-weight: 400;\">\u00ab Faire Peuple \u00bb<\/span><span style=\"font-weight: 400;\"> \u2014 Vernissage : Jeudi 13 novembre, 17h\u201320h \u2014 Dates : 13 \u2192 28 novembre<\/span><span style=\"font-weight: 400;\"><br \/><\/span><span style=\"font-weight: 400;\"><strong> Photographes (7)<\/strong> : Lara BALAIS (France), Blaise DJILO (Cameroun), Brandon GERCARA (R\u00e9union), Soraya KERCHAOUI MATIGNON (France), Ronan LEVOYER (\u00c9tats-Unis\/Cor\u00e9e du Sud), Adeline RAPON (Martinique), Loys REGENT (Guadeloupe).<\/span><span style=\"font-weight: 400;\"><br \/><\/span><span style=\"font-weight: 400;\"><strong> Adresse :<\/strong> Place de la Victoire, Pointe-\u00e0-Pitre \u2014 Horaires : lun\u2192ven 9h\u201317h \u2014 Entr\u00e9e libre.<\/span><\/p>\t\t\t\t\t\t\t\t<\/div>\n\t\t\t\t<\/div>\n\t\t\t\t<div class=\"elementor-element elementor-element-a30404c elementor-widget elementor-widget-text-editor\" data-id=\"a30404c\" data-element_type=\"widget\" data-widget_type=\"text-editor.default\">\n\t\t\t\t<div class=\"elementor-widget-container\">\n\t\t\t\t\t\t\t\t\t<p><span style=\"font-weight: 400;\">L\u2019\u00e9dition 2025 de Fototras comprend 3 expositions collectives, 27 photographes de dix territoires, des projections grand \u00e9cran, des conf\u00e9rences, des ateliers et des rencontres scolaires. Parmi les nouveaut\u00e9s : la r\u00e9sidence Manz\u00e9 D\u00e9d\u00e9, les lectures de portfolios professionnelles, un atelier Safari photo, et des liens renforc\u00e9s avec le Mois de la photographie.<\/span><\/p>\t\t\t\t\t\t\t\t<\/div>\n\t\t\t\t<\/div>\n\t\t\t\t<section class=\"elementor-section elementor-inner-section elementor-element elementor-element-1a49d0a elementor-section-boxed elementor-section-height-default elementor-section-height-default\" data-id=\"1a49d0a\" data-element_type=\"section\">\n\t\t\t\t\t\t<div class=\"elementor-container elementor-column-gap-default\">\n\t\t\t\t\t<div class=\"elementor-column elementor-col-50 elementor-inner-column elementor-element elementor-element-d07f030\" data-id=\"d07f030\" data-element_type=\"column\">\n\t\t\t<div class=\"elementor-widget-wrap elementor-element-populated\">\n\t\t\t\t\t\t<div class=\"elementor-element elementor-element-1e6271b elementor-widget elementor-widget-image\" data-id=\"1e6271b\" data-element_type=\"widget\" data-widget_type=\"image.default\">\n\t\t\t\t<div class=\"elementor-widget-container\">\n\t\t\t\t\t\t\t\t\t\t\t\t\t\t\t<img loading=\"lazy\" decoding=\"async\" width=\"769\" height=\"1024\" src=\"https:\/\/richeskarayib.com\/wp-content\/uploads\/2025\/10\/568803304_17898780657322368_4001712441848103699_n-769x1024.jpg\" class=\"attachment-large size-large wp-image-63746\" alt=\"Fototras\" srcset=\"https:\/\/richeskarayib.com\/wp-content\/uploads\/2025\/10\/568803304_17898780657322368_4001712441848103699_n-769x1024.jpg 769w, https:\/\/richeskarayib.com\/wp-content\/uploads\/2025\/10\/568803304_17898780657322368_4001712441848103699_n-225x300.jpg 225w, https:\/\/richeskarayib.com\/wp-content\/uploads\/2025\/10\/568803304_17898780657322368_4001712441848103699_n-768x1023.jpg 768w, https:\/\/richeskarayib.com\/wp-content\/uploads\/2025\/10\/568803304_17898780657322368_4001712441848103699_n-1153x1536.jpg 1153w, https:\/\/richeskarayib.com\/wp-content\/uploads\/2025\/10\/568803304_17898780657322368_4001712441848103699_n-1320x1758.jpg 1320w, https:\/\/richeskarayib.com\/wp-content\/uploads\/2025\/10\/568803304_17898780657322368_4001712441848103699_n.jpg 1440w\" sizes=\"(max-width: 769px) 100vw, 769px\" \/>\t\t\t\t\t\t\t\t\t\t\t\t\t\t\t<\/div>\n\t\t\t\t<\/div>\n\t\t\t\t\t<\/div>\n\t\t<\/div>\n\t\t\t\t<div class=\"elementor-column elementor-col-50 elementor-inner-column elementor-element elementor-element-f4d4a1c\" data-id=\"f4d4a1c\" data-element_type=\"column\">\n\t\t\t<div class=\"elementor-widget-wrap elementor-element-populated\">\n\t\t\t\t\t\t<div class=\"elementor-element elementor-element-1260a60 elementor-widget elementor-widget-image\" data-id=\"1260a60\" data-element_type=\"widget\" data-widget_type=\"image.default\">\n\t\t\t\t<div class=\"elementor-widget-container\">\n\t\t\t\t\t\t\t\t\t\t\t\t\t\t\t<img loading=\"lazy\" decoding=\"async\" width=\"769\" height=\"1024\" src=\"https:\/\/richeskarayib.com\/wp-content\/uploads\/2025\/10\/571760767_17898780648322368_5461919680980448535_n-769x1024.jpg\" class=\"attachment-large size-large wp-image-63750\" alt=\"Fototras\" srcset=\"https:\/\/richeskarayib.com\/wp-content\/uploads\/2025\/10\/571760767_17898780648322368_5461919680980448535_n-769x1024.jpg 769w, https:\/\/richeskarayib.com\/wp-content\/uploads\/2025\/10\/571760767_17898780648322368_5461919680980448535_n-225x300.jpg 225w, https:\/\/richeskarayib.com\/wp-content\/uploads\/2025\/10\/571760767_17898780648322368_5461919680980448535_n-768x1023.jpg 768w, https:\/\/richeskarayib.com\/wp-content\/uploads\/2025\/10\/571760767_17898780648322368_5461919680980448535_n-1153x1536.jpg 1153w, https:\/\/richeskarayib.com\/wp-content\/uploads\/2025\/10\/571760767_17898780648322368_5461919680980448535_n-1320x1758.jpg 1320w, https:\/\/richeskarayib.com\/wp-content\/uploads\/2025\/10\/571760767_17898780648322368_5461919680980448535_n.jpg 1440w\" sizes=\"(max-width: 769px) 100vw, 769px\" \/>\t\t\t\t\t\t\t\t\t\t\t\t\t\t\t<\/div>\n\t\t\t\t<\/div>\n\t\t\t\t\t<\/div>\n\t\t<\/div>\n\t\t\t\t\t<\/div>\n\t\t<\/section>\n\t\t\t\t\t<\/div>\n\t\t<\/div>\n\t\t\t\t\t<\/div>\n\t\t<\/section>\n\t\t\t\t<section class=\"elementor-section elementor-top-section elementor-element elementor-element-ceca32c elementor-section-boxed elementor-section-height-default elementor-section-height-default\" data-id=\"ceca32c\" data-element_type=\"section\">\n\t\t\t\t\t\t<div class=\"elementor-container elementor-column-gap-default\">\n\t\t\t\t\t<div class=\"elementor-column elementor-col-100 elementor-top-column elementor-element elementor-element-5a2e383\" data-id=\"5a2e383\" data-element_type=\"column\">\n\t\t\t<div class=\"elementor-widget-wrap elementor-element-populated\">\n\t\t\t\t\t\t<div class=\"elementor-element elementor-element-6cedf5f elementor-widget elementor-widget-heading\" data-id=\"6cedf5f\" data-element_type=\"widget\" data-widget_type=\"heading.default\">\n\t\t\t\t<div class=\"elementor-widget-container\">\n\t\t\t\t\t<h2 class=\"elementor-heading-title elementor-size-default\">Rencontres professionnelles \u2014 Musarth (Mus\u00e9e d\u00e9partemental d\u2019Art et d\u2019Histoire) \u2014 Entr\u00e9e libre<\/h2>\t\t\t\t<\/div>\n\t\t\t\t<\/div>\n\t\t\t\t<div class=\"elementor-element elementor-element-e93d1fb elementor-widget elementor-widget-text-editor\" data-id=\"e93d1fb\" data-element_type=\"widget\" data-widget_type=\"text-editor.default\">\n\t\t\t\t<div class=\"elementor-widget-container\">\n\t\t\t\t\t\t\t\t\t<ul><li style=\"font-weight: 400;\" aria-level=\"1\"><span style=\"font-weight: 400;\">\ud83d\uddd3\ufe0f Jeudi 30 octobre \u2014 18h : Olenka Carrasco (photographe, autrice, \u00e9ditrice, chercheuse en arts visuels).<\/span><\/li><li style=\"font-weight: 400;\" aria-level=\"1\"><span style=\"font-weight: 400;\">\ud83d\uddd3\ufe0fJeudi 6 novembre : Tony Coco-Viloin (r\u00e9alisateur, directeur d\u2019EPICES) \u2014 Rapport \u00e0 l\u2019image cin\u00e9\/historique + 1\u02b3\u1d49 Biennale de photographie MACTe.<\/span><\/li><li style=\"font-weight: 400;\" aria-level=\"1\"><span style=\"font-weight: 400;\">\ud83d\uddd3\ufe0f Jeudi 20 novembre : Ingrid Dumirier + David Laporal \u2014 Documentation, conservation et archives.<\/span><\/li><li style=\"font-weight: 400;\" aria-level=\"1\"><span style=\"font-weight: 400;\">\ud83d\uddd3\ufe0f Jeudi 27 novembre : MORF(OZ)E \u2014 Lecture psychologique, historique, sociologique de la note d\u2019intention (avec Jean-Claude Periama + artistes).<\/span><\/li><\/ul><p><span style=\"font-weight: 400;\">Les conf\u00e9rences de Fototras donnent voix \u00e0 des experts et chercheur\u00b7euse\u00b7s qui questionnent l\u2019image comme m\u00e9moire et miroir de nos soci\u00e9t\u00e9s.<\/span><\/p>\t\t\t\t\t\t\t\t<\/div>\n\t\t\t\t<\/div>\n\t\t\t\t<section class=\"elementor-section elementor-inner-section elementor-element elementor-element-f68707b elementor-section-boxed elementor-section-height-default elementor-section-height-default\" data-id=\"f68707b\" data-element_type=\"section\">\n\t\t\t\t\t\t<div class=\"elementor-container elementor-column-gap-default\">\n\t\t\t\t\t<div class=\"elementor-column elementor-col-100 elementor-inner-column elementor-element elementor-element-1428906\" data-id=\"1428906\" data-element_type=\"column\">\n\t\t\t<div class=\"elementor-widget-wrap elementor-element-populated\">\n\t\t\t\t\t\t<div class=\"elementor-element elementor-element-7e641cf elementor-widget elementor-widget-image\" data-id=\"7e641cf\" data-element_type=\"widget\" data-widget_type=\"image.default\">\n\t\t\t\t<div class=\"elementor-widget-container\">\n\t\t\t\t\t\t\t\t\t\t\t\t\t\t\t<img loading=\"lazy\" decoding=\"async\" width=\"800\" height=\"411\" src=\"https:\/\/richeskarayib.com\/wp-content\/uploads\/2025\/10\/img44-1024x526.jpg\" class=\"attachment-large size-large wp-image-63758\" alt=\"Fototras\" srcset=\"https:\/\/richeskarayib.com\/wp-content\/uploads\/2025\/10\/img44-1024x526.jpg 1024w, https:\/\/richeskarayib.com\/wp-content\/uploads\/2025\/10\/img44-300x154.jpg 300w, https:\/\/richeskarayib.com\/wp-content\/uploads\/2025\/10\/img44-768x395.jpg 768w, https:\/\/richeskarayib.com\/wp-content\/uploads\/2025\/10\/img44-1320x678.jpg 1320w, https:\/\/richeskarayib.com\/wp-content\/uploads\/2025\/10\/img44.jpg 1477w\" sizes=\"(max-width: 800px) 100vw, 800px\" \/>\t\t\t\t\t\t\t\t\t\t\t\t\t\t\t<\/div>\n\t\t\t\t<\/div>\n\t\t\t\t\t<\/div>\n\t\t<\/div>\n\t\t\t\t\t<\/div>\n\t\t<\/section>\n\t\t\t\t\t<\/div>\n\t\t<\/div>\n\t\t\t\t\t<\/div>\n\t\t<\/section>\n\t\t\t\t<section class=\"elementor-section elementor-top-section elementor-element elementor-element-9c88a89 elementor-section-boxed elementor-section-height-default elementor-section-height-default\" data-id=\"9c88a89\" data-element_type=\"section\">\n\t\t\t\t\t\t<div class=\"elementor-container elementor-column-gap-default\">\n\t\t\t\t\t<div class=\"elementor-column elementor-col-100 elementor-top-column elementor-element elementor-element-78cf5d1\" data-id=\"78cf5d1\" data-element_type=\"column\">\n\t\t\t<div class=\"elementor-widget-wrap elementor-element-populated\">\n\t\t\t\t\t\t<div class=\"elementor-element elementor-element-ea2a5c1 elementor-widget elementor-widget-heading\" data-id=\"ea2a5c1\" data-element_type=\"widget\" data-widget_type=\"heading.default\">\n\t\t\t\t<div class=\"elementor-widget-container\">\n\t\t\t\t\t<h2 class=\"elementor-heading-title elementor-size-default\">Projections \u2014 Grand \u00e9cran \u2014 Entr\u00e9e libre<\/h2>\t\t\t\t<\/div>\n\t\t\t\t<\/div>\n\t\t\t\t<div class=\"elementor-element elementor-element-e305eee elementor-widget elementor-widget-text-editor\" data-id=\"e305eee\" data-element_type=\"widget\" data-widget_type=\"text-editor.default\">\n\t\t\t\t<div class=\"elementor-widget-container\">\n\t\t\t\t\t\t\t\t\t<ul><li style=\"font-weight: 400;\" aria-level=\"1\"><span style=\"font-weight: 400;\">\ud83d\udcc5 Vendredi 7 novembre \u2014 Lam\u00e9ca (M\u00e9diath\u00e8que Cara\u00efbe, Basse-Terre)<\/span><span style=\"font-weight: 400;\"><br \/><\/span><\/li><li style=\"font-weight: 400;\" aria-level=\"1\"><span style=\"font-weight: 400;\">\ud83d\udcc5 Vendredi 21 novembre \u2014 Universit\u00e9 des Antilles, P\u00f4le de Fouillole<\/span><span style=\"font-weight: 400;\"><br \/><\/span><\/li><li style=\"font-weight: 400;\" aria-level=\"1\"><span style=\"font-weight: 400;\">\ud83d\udcc5 Vendredi 28 novembre \u2014 Universit\u00e9 des Antilles, P\u00f4le de Fouillole<\/span><\/li><\/ul>\t\t\t\t\t\t\t\t<\/div>\n\t\t\t\t<\/div>\n\t\t\t\t\t<\/div>\n\t\t<\/div>\n\t\t\t\t\t<\/div>\n\t\t<\/section>\n\t\t\t\t<section class=\"elementor-section elementor-top-section elementor-element elementor-element-3e2e145 elementor-section-boxed elementor-section-height-default elementor-section-height-default\" data-id=\"3e2e145\" data-element_type=\"section\">\n\t\t\t\t\t\t<div class=\"elementor-container elementor-column-gap-default\">\n\t\t\t\t\t<div class=\"elementor-column elementor-col-100 elementor-top-column elementor-element elementor-element-53c573b\" data-id=\"53c573b\" data-element_type=\"column\">\n\t\t\t<div class=\"elementor-widget-wrap elementor-element-populated\">\n\t\t\t\t\t\t<div class=\"elementor-element elementor-element-2c5a468 elementor-widget elementor-widget-heading\" data-id=\"2c5a468\" data-element_type=\"widget\" data-widget_type=\"heading.default\">\n\t\t\t\t<div class=\"elementor-widget-container\">\n\t\t\t\t\t<h2 class=\"elementor-heading-title elementor-size-default\">Lectures de portfolios, ateliers et m\u00e9diation<\/h2>\t\t\t\t<\/div>\n\t\t\t\t<\/div>\n\t\t\t\t<div class=\"elementor-element elementor-element-9762edd elementor-widget elementor-widget-text-editor\" data-id=\"9762edd\" data-element_type=\"widget\" data-widget_type=\"text-editor.default\">\n\t\t\t\t<div class=\"elementor-widget-container\">\n\t\t\t\t\t\t\t\t\t<p><span style=\"font-weight: 400;\">Les lectures de portfolios destin\u00e9es aux photographes professionnels ou en devenir sont propos\u00e9es \u00e0 tarif accessible (50 \u20ac, ou packs de 120\/150 \u20ac), \u00e0 raison de deux s\u00e9ances par semaine.<\/span><span style=\"font-weight: 400;\"><br \/><\/span><span style=\"font-weight: 400;\"> Les ateliers scolaires se d\u00e9rouleront du 18 octobre au 2 novembre, et les ateliers tout public (9 et 22 novembre, 9h\u201312h) se tiendront \u00e0 la Galerie L\u2019Art s\u2019en m\u00eale.<\/span><span style=\"font-weight: 400;\"><br \/><\/span><span style=\"font-weight: 400;\"> Chaque samedi, les visites d\u2019expositions guideront le public au c\u0153ur des \u0153uvres.<\/span><span style=\"font-weight: 400;\"><br \/><\/span><span style=\"font-weight: 400;\"> En pla\u00e7ant la m\u00e9diation au centre, Fototras fait de la p\u00e9dagogie un v\u00e9ritable levier d\u2019inclusion artistique.<\/span><\/p>\t\t\t\t\t\t\t\t<\/div>\n\t\t\t\t<\/div>\n\t\t\t\t\t<\/div>\n\t\t<\/div>\n\t\t\t\t\t<\/div>\n\t\t<\/section>\n\t\t\t\t<section class=\"elementor-section elementor-top-section elementor-element elementor-element-5ba641d elementor-section-boxed elementor-section-height-default elementor-section-height-default\" data-id=\"5ba641d\" data-element_type=\"section\">\n\t\t\t\t\t\t<div class=\"elementor-container elementor-column-gap-default\">\n\t\t\t\t\t<div class=\"elementor-column elementor-col-100 elementor-top-column elementor-element elementor-element-edc7032\" data-id=\"edc7032\" data-element_type=\"column\">\n\t\t\t<div class=\"elementor-widget-wrap elementor-element-populated\">\n\t\t\t\t\t\t<div class=\"elementor-element elementor-element-ed064eb elementor-widget elementor-widget-heading\" data-id=\"ed064eb\" data-element_type=\"widget\" data-widget_type=\"heading.default\">\n\t\t\t\t<div class=\"elementor-widget-container\">\n\t\t\t\t\t<h2 class=\"elementor-heading-title elementor-size-default\">\u00c9v\u00e9nements partenaires<\/h2>\t\t\t\t<\/div>\n\t\t\t\t<\/div>\n\t\t\t\t<div class=\"elementor-element elementor-element-9176bd2 elementor-widget elementor-widget-text-editor\" data-id=\"9176bd2\" data-element_type=\"widget\" data-widget_type=\"text-editor.default\">\n\t\t\t\t<div class=\"elementor-widget-container\">\n\t\t\t\t\t\t\t\t\t<ul><li style=\"font-weight: 400;\" aria-level=\"1\"><span style=\"font-weight: 400;\">&#8211; FOCUS Manz\u00e8 D\u00e9d\u00e9 \u2014 Sainte-Anne \u2014 Restitution de r\u00e9sidence de Betty Melon (en partenariat avec FOTOLIB)<\/span><\/li><li style=\"font-weight: 400;\" aria-level=\"1\"><span style=\"font-weight: 400;\">&#8211; EXPO Clara et Brigitte \u2014 Sainte-Anne, 15 novembre \u00e0 17h30<\/span><\/li><li style=\"font-weight: 400;\" aria-level=\"1\"><span style=\"font-weight: 400;\">&#8211; EXPO Ana\u00efs \u2014 7 au 17 novembre, Baie-Mahault (Les Bonnifieurs)<\/span><\/li><li style=\"font-weight: 400;\" aria-level=\"1\"><span style=\"font-weight: 400;\">&#8211; Projection \u201cFonds d\u2019art\u201d \u2014 14 novembre \u00e0 18h30, Habitation Beausoleil, Saint-Claude<\/span><\/li><li style=\"font-weight: 400;\" aria-level=\"1\"><span style=\"font-weight: 400;\">&#8211; Projection du film de C\u00e9drick-Isham Calvados \u2014 10 novembre \u00e0 19h, Mairie de Petit-Bourg<\/span><\/li><li style=\"font-weight: 400;\" aria-level=\"1\"><span style=\"font-weight: 400;\">&#8211; Safari photo \u2014 11 novembre, Le Gosier, avec G\u00e9rard Poirier, toute la journ\u00e9e<\/span><p>\u00a0<\/p><\/li><\/ul><p><span style=\"font-weight: 400;\">Ces rendez-vous prolongent l\u2019esprit de Fototras, en reliant cr\u00e9ation contemporaine, patrimoine et rencontres humaines.e.<\/span><\/p>\t\t\t\t\t\t\t\t<\/div>\n\t\t\t\t<\/div>\n\t\t\t\t<section class=\"elementor-section elementor-inner-section elementor-element elementor-element-13ddccc elementor-section-boxed elementor-section-height-default elementor-section-height-default\" data-id=\"13ddccc\" data-element_type=\"section\">\n\t\t\t\t\t\t<div class=\"elementor-container elementor-column-gap-default\">\n\t\t\t\t\t<div class=\"elementor-column elementor-col-50 elementor-inner-column elementor-element elementor-element-5592565\" data-id=\"5592565\" data-element_type=\"column\">\n\t\t\t<div class=\"elementor-widget-wrap elementor-element-populated\">\n\t\t\t\t\t\t<div class=\"elementor-element elementor-element-ee9f373 elementor-widget elementor-widget-image\" data-id=\"ee9f373\" data-element_type=\"widget\" data-widget_type=\"image.default\">\n\t\t\t\t<div class=\"elementor-widget-container\">\n\t\t\t\t\t\t\t\t\t\t\t\t\t\t\t<img loading=\"lazy\" decoding=\"async\" width=\"800\" height=\"695\" src=\"https:\/\/richeskarayib.com\/wp-content\/uploads\/2025\/10\/img40.jpg\" class=\"attachment-large size-large wp-image-63762\" alt=\"Fototras\" srcset=\"https:\/\/richeskarayib.com\/wp-content\/uploads\/2025\/10\/img40.jpg 1009w, https:\/\/richeskarayib.com\/wp-content\/uploads\/2025\/10\/img40-300x261.jpg 300w, https:\/\/richeskarayib.com\/wp-content\/uploads\/2025\/10\/img40-768x668.jpg 768w\" sizes=\"(max-width: 800px) 100vw, 800px\" \/>\t\t\t\t\t\t\t\t\t\t\t\t\t\t\t<\/div>\n\t\t\t\t<\/div>\n\t\t\t\t\t<\/div>\n\t\t<\/div>\n\t\t\t\t<div class=\"elementor-column elementor-col-50 elementor-inner-column elementor-element elementor-element-bb7968e\" data-id=\"bb7968e\" data-element_type=\"column\">\n\t\t\t<div class=\"elementor-widget-wrap elementor-element-populated\">\n\t\t\t\t\t\t<div class=\"elementor-element elementor-element-0d3a0c7 elementor-widget elementor-widget-image\" data-id=\"0d3a0c7\" data-element_type=\"widget\" data-widget_type=\"image.default\">\n\t\t\t\t<div class=\"elementor-widget-container\">\n\t\t\t\t\t\t\t\t\t\t\t\t\t\t\t<img loading=\"lazy\" decoding=\"async\" width=\"800\" height=\"319\" src=\"https:\/\/richeskarayib.com\/wp-content\/uploads\/2025\/10\/img42-1024x408.jpg\" class=\"attachment-large size-large wp-image-63766\" alt=\"Fototras\" srcset=\"https:\/\/richeskarayib.com\/wp-content\/uploads\/2025\/10\/img42-1024x408.jpg 1024w, https:\/\/richeskarayib.com\/wp-content\/uploads\/2025\/10\/img42-300x120.jpg 300w, https:\/\/richeskarayib.com\/wp-content\/uploads\/2025\/10\/img42-768x306.jpg 768w, https:\/\/richeskarayib.com\/wp-content\/uploads\/2025\/10\/img42-1320x526.jpg 1320w, https:\/\/richeskarayib.com\/wp-content\/uploads\/2025\/10\/img42.jpg 1418w\" sizes=\"(max-width: 800px) 100vw, 800px\" \/>\t\t\t\t\t\t\t\t\t\t\t\t\t\t\t<\/div>\n\t\t\t\t<\/div>\n\t\t\t\t<div class=\"elementor-element elementor-element-584447c elementor-widget elementor-widget-image\" data-id=\"584447c\" data-element_type=\"widget\" data-widget_type=\"image.default\">\n\t\t\t\t<div class=\"elementor-widget-container\">\n\t\t\t\t\t\t\t\t\t\t\t\t\t\t\t<img loading=\"lazy\" decoding=\"async\" width=\"800\" height=\"440\" src=\"https:\/\/richeskarayib.com\/wp-content\/uploads\/2025\/10\/img34-1024x563.jpg\" class=\"attachment-large size-large wp-image-63770\" alt=\"Fototras\" srcset=\"https:\/\/richeskarayib.com\/wp-content\/uploads\/2025\/10\/img34-1024x563.jpg 1024w, https:\/\/richeskarayib.com\/wp-content\/uploads\/2025\/10\/img34-300x165.jpg 300w, https:\/\/richeskarayib.com\/wp-content\/uploads\/2025\/10\/img34-768x422.jpg 768w, https:\/\/richeskarayib.com\/wp-content\/uploads\/2025\/10\/img34.jpg 1081w\" sizes=\"(max-width: 800px) 100vw, 800px\" \/>\t\t\t\t\t\t\t\t\t\t\t\t\t\t\t<\/div>\n\t\t\t\t<\/div>\n\t\t\t\t\t<\/div>\n\t\t<\/div>\n\t\t\t\t\t<\/div>\n\t\t<\/section>\n\t\t\t\t\t<\/div>\n\t\t<\/div>\n\t\t\t\t\t<\/div>\n\t\t<\/section>\n\t\t\t\t<section class=\"elementor-section elementor-top-section elementor-element elementor-element-1e23880 elementor-section-boxed elementor-section-height-default elementor-section-height-default\" data-id=\"1e23880\" data-element_type=\"section\">\n\t\t\t\t\t\t<div class=\"elementor-container elementor-column-gap-default\">\n\t\t\t\t\t<div class=\"elementor-column elementor-col-100 elementor-top-column elementor-element elementor-element-99d7ae1\" data-id=\"99d7ae1\" data-element_type=\"column\">\n\t\t\t<div class=\"elementor-widget-wrap elementor-element-populated\">\n\t\t\t\t\t\t<div class=\"elementor-element elementor-element-7db937f elementor-widget elementor-widget-heading\" data-id=\"7db937f\" data-element_type=\"widget\" data-widget_type=\"heading.default\">\n\t\t\t\t<div class=\"elementor-widget-container\">\n\t\t\t\t\t<h2 class=\"elementor-heading-title elementor-size-default\">Partenariats institutionnels &amp; \u00e9quipe<\/h2>\t\t\t\t<\/div>\n\t\t\t\t<\/div>\n\t\t\t\t<div class=\"elementor-element elementor-element-7c83dd3 elementor-widget elementor-widget-text-editor\" data-id=\"7c83dd3\" data-element_type=\"widget\" data-widget_type=\"text-editor.default\">\n\t\t\t\t<div class=\"elementor-widget-container\">\n\t\t\t\t\t\t\t\t\t<p><span style=\"font-weight: 400;\">Partenaires : DAC Guadeloupe, D\u00e9partement de la Guadeloupe, Ville de Petit-Bourg, Ville de Pointe-\u00e0-Pitre, Musarth, M\u00e9diath\u00e8que Cara\u00efbe Bettino Lara (Lam\u00e9ca), Universit\u00e9 des Antilles, Galerie L\u2019Art s\u2019en m\u00eale.<\/span><span style=\"font-weight: 400;\"><br \/><\/span><span style=\"font-weight: 400;\"> \u00c9quipe : C\u00e9drick-Isham Calvados, Val\u00e9rie Lana Mayoute, Fanny Ch\u00e9rubin, \u00c9milie Sala\u00fcn, Wina S\u00e9d\u00e9cias.<\/span><span style=\"font-weight: 400;\"><br \/><\/span><span style=\"font-weight: 400;\"> \u00c0 travers leur engagement collectif, ils fa\u00e7onnent un Fototras qui relie la Guadeloupe au vaste archipel carib\u00e9en de la cr\u00e9ation.<\/span><\/p>\t\t\t\t\t\t\t\t<\/div>\n\t\t\t\t<\/div>\n\t\t\t\t\t<\/div>\n\t\t<\/div>\n\t\t\t\t\t<\/div>\n\t\t<\/section>\n\t\t\t\t<section class=\"elementor-section elementor-top-section elementor-element elementor-element-18dae02 elementor-section-boxed elementor-section-height-default elementor-section-height-default\" data-id=\"18dae02\" data-element_type=\"section\">\n\t\t\t\t\t\t<div class=\"elementor-container elementor-column-gap-default\">\n\t\t\t\t\t<div class=\"elementor-column elementor-col-100 elementor-top-column elementor-element elementor-element-e66b0d1\" data-id=\"e66b0d1\" data-element_type=\"column\">\n\t\t\t<div class=\"elementor-widget-wrap elementor-element-populated\">\n\t\t\t\t\t\t<div class=\"elementor-element elementor-element-bd3b098 elementor-widget elementor-widget-text-editor\" data-id=\"bd3b098\" data-element_type=\"widget\" data-widget_type=\"text-editor.default\">\n\t\t\t\t<div class=\"elementor-widget-container\">\n\t\t\t\t\t\t\t\t\t<p><span style=\"font-weight: 400;\">\ud83d\udcc5 <\/span><b>30 octobre \u2192 29 novembre 2025<\/b><b><br \/><\/b><span style=\"font-weight: 400;\"> \ud83d\udccd <\/span><b>Le Gosier \u00b7 Petit-Bourg \u00b7 Pointe-\u00e0-Pitre \u00b7 Basse-Terre<\/b><b><br \/><\/b><span style=\"font-weight: 400;\"> \ud83d\udce7 <\/span><b>Contact :<\/b><span style=\"font-weight: 400;\"> <span \n                data-original-string='tVcqx2JeM1+IjwhSbjq8Hw==66d9q+O3brJup5MGpzYYOcKhjSOeOCCbOO8fpPJaUlWZNCr3m+0D3akCc7jd\/+sgn6M'\n                class='apbct-email-encoder'\n                title='This contact has been encoded by Anti-Spam by CleanTalk. Click to decode. To finish the decoding make sure that JavaScript is enabled in your browser.'>fo<span class=\"apbct-blur\">**************************<\/span>@<span class=\"apbct-blur\">***<\/span>il.com<\/span><\/span><span style=\"font-weight: 400;\"><br \/><\/span><span style=\"font-weight: 400;\"> \ud83d\udcf1 <\/span><b>Instagram :<\/b><span style=\"font-weight: 400;\"> @fototras.festival<\/span><span style=\"font-weight: 400;\"><br \/><\/span><span style=\"font-weight: 400;\"> \ud83d\udc65 Coordination : <\/span><b>C\u00e9drick-Isham Calvados<\/b><span style=\"font-weight: 400;\"> &amp; <\/span><b>Val\u00e9rie Lana Mayoute<\/b><\/p>\t\t\t\t\t\t\t\t<\/div>\n\t\t\t\t<\/div>\n\t\t\t\t\t<\/div>\n\t\t<\/div>\n\t\t\t\t\t<\/div>\n\t\t<\/section>\n\t\t\t\t<\/div>\n\t\t","protected":false},"excerpt":{"rendered":"<p>Du 30 octobre au 29 novembre 2025, la Guadeloupe deviendra le carrefour des regards et des r\u00e9cits visuels \u00e0 l\u2019occasion de la 2\u1d49 \u00e9dition du Festival Fototras, port\u00e9e par les associations FOTOLIB et Diaspo\u2019ART. Un mois entier pour c\u00e9l\u00e9brer la photographie d\u2019auteur\u00b7rice \u00e0 travers expositions, conf\u00e9rences, projections, ateliers, lectures de portfolios et \u00e9v\u00e9nements partenaires, dans [&hellip;]<\/p>\n","protected":false},"author":662,"featured_media":63742,"comment_status":"open","ping_status":"open","sticky":false,"template":"","format":"standard","meta":{"_acf_changed":false,"footnotes":""},"categories":[1498,813],"tags":[1545],"class_list":["post-63741","post","type-post","status-publish","format-standard","has-post-thumbnail","hentry","category-gestion-devenements","category-arts-visuels","tag-guadeloupe-2"],"acf":[],"_links":{"self":[{"href":"https:\/\/richeskarayib.com\/fr\/wp-json\/wp\/v2\/posts\/63741","targetHints":{"allow":["GET"]}}],"collection":[{"href":"https:\/\/richeskarayib.com\/fr\/wp-json\/wp\/v2\/posts"}],"about":[{"href":"https:\/\/richeskarayib.com\/fr\/wp-json\/wp\/v2\/types\/post"}],"author":[{"embeddable":true,"href":"https:\/\/richeskarayib.com\/fr\/wp-json\/wp\/v2\/users\/662"}],"replies":[{"embeddable":true,"href":"https:\/\/richeskarayib.com\/fr\/wp-json\/wp\/v2\/comments?post=63741"}],"version-history":[{"count":0,"href":"https:\/\/richeskarayib.com\/fr\/wp-json\/wp\/v2\/posts\/63741\/revisions"}],"wp:featuredmedia":[{"embeddable":true,"href":"https:\/\/richeskarayib.com\/fr\/wp-json\/wp\/v2\/media\/63742"}],"wp:attachment":[{"href":"https:\/\/richeskarayib.com\/fr\/wp-json\/wp\/v2\/media?parent=63741"}],"wp:term":[{"taxonomy":"category","embeddable":true,"href":"https:\/\/richeskarayib.com\/fr\/wp-json\/wp\/v2\/categories?post=63741"},{"taxonomy":"post_tag","embeddable":true,"href":"https:\/\/richeskarayib.com\/fr\/wp-json\/wp\/v2\/tags?post=63741"}],"curies":[{"name":"wp","href":"https:\/\/api.w.org\/{rel}","templated":true}]}}