{"id":63790,"date":"2025-10-29T05:49:05","date_gmt":"2025-10-29T09:49:05","guid":{"rendered":"https:\/\/richeskarayib.com\/?p=63790"},"modified":"2025-10-29T05:49:05","modified_gmt":"2025-10-29T09:49:05","slug":"ouragan-melissa-tempete-en-jamaique","status":"publish","type":"post","link":"https:\/\/richeskarayib.com\/fr\/ouragan-melissa-tempete-en-jamaique\/","title":{"rendered":"Ouragan Melissa : quand la temp\u00eate fait surgir la r\u00e9silience de la Jama\u00efque en 2025"},"content":{"rendered":"\t\t<div data-elementor-type=\"wp-post\" data-elementor-id=\"63790\" class=\"elementor elementor-63790\" data-elementor-post-type=\"post\">\n\t\t\t\t\t\t<section class=\"elementor-section elementor-top-section elementor-element elementor-element-7ca7ca1 elementor-section-boxed elementor-section-height-default elementor-section-height-default\" data-id=\"7ca7ca1\" data-element_type=\"section\">\n\t\t\t\t\t\t<div class=\"elementor-container elementor-column-gap-default\">\n\t\t\t\t\t<div class=\"elementor-column elementor-col-100 elementor-top-column elementor-element elementor-element-cbdd002\" data-id=\"cbdd002\" data-element_type=\"column\">\n\t\t\t<div class=\"elementor-widget-wrap elementor-element-populated\">\n\t\t\t\t\t\t<section class=\"elementor-section elementor-inner-section elementor-element elementor-element-bc94849 elementor-section-boxed elementor-section-height-default elementor-section-height-default\" data-id=\"bc94849\" data-element_type=\"section\">\n\t\t\t\t\t\t<div class=\"elementor-container elementor-column-gap-default\">\n\t\t\t\t\t\t<\/div>\n\t\t<\/section>\n\t\t\t\t<section class=\"elementor-section elementor-inner-section elementor-element elementor-element-61571e6 elementor-section-boxed elementor-section-height-default elementor-section-height-default\" data-id=\"61571e6\" data-element_type=\"section\">\n\t\t\t\t\t\t<div class=\"elementor-container elementor-column-gap-default\">\n\t\t\t\t\t\t<\/div>\n\t\t<\/section>\n\t\t\t\t<section class=\"elementor-section elementor-inner-section elementor-element elementor-element-b6262e0 elementor-section-boxed elementor-section-height-default elementor-section-height-default\" data-id=\"b6262e0\" data-element_type=\"section\">\n\t\t\t\t\t\t<div class=\"elementor-container elementor-column-gap-default\">\n\t\t\t\t\t\t<\/div>\n\t\t<\/section>\n\t\t\t\t<section class=\"elementor-section elementor-inner-section elementor-element elementor-element-cca29fd elementor-section-boxed elementor-section-height-default elementor-section-height-default\" data-id=\"cca29fd\" data-element_type=\"section\">\n\t\t\t\t\t\t<div class=\"elementor-container elementor-column-gap-default\">\n\t\t\t\t\t\t<\/div>\n\t\t<\/section>\n\t\t\t\t\t<\/div>\n\t\t<\/div>\n\t\t\t\t\t<\/div>\n\t\t<\/section>\n\t\t\t\t<section class=\"elementor-section elementor-top-section elementor-element elementor-element-e1fea79 elementor-section-boxed elementor-section-height-default elementor-section-height-default\" data-id=\"e1fea79\" data-element_type=\"section\">\n\t\t\t\t\t\t<div class=\"elementor-container elementor-column-gap-default\">\n\t\t\t\t\t<div class=\"elementor-column elementor-col-100 elementor-top-column elementor-element elementor-element-6d0be76\" data-id=\"6d0be76\" data-element_type=\"column\">\n\t\t\t<div class=\"elementor-widget-wrap elementor-element-populated\">\n\t\t\t\t\t\t<div class=\"elementor-element elementor-element-bbb62ae elementor-widget elementor-widget-text-editor\" data-id=\"bbb62ae\" data-element_type=\"widget\" data-widget_type=\"text-editor.default\">\n\t\t\t\t<div class=\"elementor-widget-container\">\n\t\t\t\t\t\t\t\t\t<p><span style=\"font-weight: 400;\">Le 28 octobre 2025, l\u2019ouragan Melissa a frapp\u00e9 la <a href=\"https:\/\/richeskarayib.com\/fr\/kingston-freeport-terminal-limited-deux-grues\/\" target=\"_blank\" rel=\"noopener\">Jama\u00efque<\/a> en plein sud-ouest, en cat\u00e9gorie 5, avec des vents soutenus estim\u00e9s \u00e0 185 mph (\u2248 295 km\/h), marquant l\u2019un des atterrissages les plus violents jamais enregistr\u00e9s dans l\u2019Atlantique.<\/span><span style=\"font-weight: 400;\"><br \/><\/span><span style=\"font-weight: 400;\">Sa trajectoire diagonale l\u2019a conduite de la paroisse de St Elizabeth vers celle de St Ann, en quelques heures seulement : l\u2019\u00eele enti\u00e8re a subi un passage torrentiel, entre vents, pluie diluvienne et surcote maritime \u2014 jusqu\u2019\u00e0 environ 4 m (\u2248 13 ft) au moment du pic.<\/span><\/p>\t\t\t\t\t\t\t\t<\/div>\n\t\t\t\t<\/div>\n\t\t\t\t\t<\/div>\n\t\t<\/div>\n\t\t\t\t\t<\/div>\n\t\t<\/section>\n\t\t\t\t<section class=\"elementor-section elementor-top-section elementor-element elementor-element-ee72354 elementor-section-boxed elementor-section-height-default elementor-section-height-default\" data-id=\"ee72354\" data-element_type=\"section\">\n\t\t\t\t\t\t<div class=\"elementor-container elementor-column-gap-default\">\n\t\t\t\t\t<div class=\"elementor-column elementor-col-100 elementor-top-column elementor-element elementor-element-c59d6fe\" data-id=\"c59d6fe\" data-element_type=\"column\">\n\t\t\t<div class=\"elementor-widget-wrap elementor-element-populated\">\n\t\t\t\t\t\t<div class=\"elementor-element elementor-element-ddc6a1e elementor-widget elementor-widget-heading\" data-id=\"ddc6a1e\" data-element_type=\"widget\" data-widget_type=\"heading.default\">\n\t\t\t\t<div class=\"elementor-widget-container\">\n\t\t\t\t\t<h2 class=\"elementor-heading-title elementor-size-default\">Un bilan provisoire et un paysage transform\u00e9<\/h2>\t\t\t\t<\/div>\n\t\t\t\t<\/div>\n\t\t\t\t<div class=\"elementor-element elementor-element-e57451f elementor-widget elementor-widget-text-editor\" data-id=\"e57451f\" data-element_type=\"widget\" data-widget_type=\"text-editor.default\">\n\t\t\t\t<div class=\"elementor-widget-container\">\n\t\t\t\t\t\t\t\t\t<p><span style=\"font-weight: 400;\">Les autorit\u00e9s jama\u00efcaines ont qualifi\u00e9 l\u2019<a href=\"https:\/\/www.lemonde.fr\/climat\/article\/2025\/10\/29\/l-ouragan-melissa-se-dirige-vers-cuba-et-laisse-derriere-lui-une-zone-sinistree-en-jamaique_6649880_1652613.html\" target=\"_blank\" rel=\"noopener nofollow\">Ouragan Melissa<\/a> de \u00ab temp\u00eate du si\u00e8cle \u00bb, tant par sa puissance que par son impact potentiel.<\/span><span style=\"font-weight: 400;\"><br \/><\/span><span style=\"font-weight: 400;\"> Au moment de la r\u00e9daction, le bilan humain est \u00e9tabli \u00e0 au moins trois morts en Jama\u00efque, avec plus de 500 000 foyers priv\u00e9s d\u2019\u00e9lectricit\u00e9 au pic, et de nombreuses routes et infrastructures critiques touch\u00e9es.<\/span><a href=\"https:\/\/www.reuters.com\/sustainability\/climate-energy\/wmo-says-hurricane-melissa-will-be-jamaicas-worst-storm-this-century-2025-10-28\/?utm_source=chatgpt.com\" rel=\"nofollow noopener\" target=\"_blank\"> <span style=\"font-weight: 400;\"><br \/><\/span><\/a><span style=\"font-weight: 400;\"> Des secteurs entiers de la paroisse de St Elizabeth ont \u00e9t\u00e9 d\u00e9crits comme \u00ab sous-eau \u00bb, tandis que l\u2019h\u00f4pital de Black River a subi d\u2019importants d\u00e9g\u00e2ts et des op\u00e9rations d\u2019\u00e9vacuation de patients ont \u00e9t\u00e9 engag\u00e9es.<\/span><\/p>\t\t\t\t\t\t\t\t<\/div>\n\t\t\t\t<\/div>\n\t\t\t\t<section class=\"elementor-section elementor-inner-section elementor-element elementor-element-be7a1b5 elementor-section-boxed elementor-section-height-default elementor-section-height-default\" data-id=\"be7a1b5\" data-element_type=\"section\">\n\t\t\t\t\t\t<div class=\"elementor-container elementor-column-gap-default\">\n\t\t\t\t\t<div class=\"elementor-column elementor-col-50 elementor-inner-column elementor-element elementor-element-2d03655\" data-id=\"2d03655\" data-element_type=\"column\">\n\t\t\t<div class=\"elementor-widget-wrap elementor-element-populated\">\n\t\t\t\t\t\t<div class=\"elementor-element elementor-element-c6409ef elementor-widget elementor-widget-image\" data-id=\"c6409ef\" data-element_type=\"widget\" data-widget_type=\"image.default\">\n\t\t\t\t<div class=\"elementor-widget-container\">\n\t\t\t\t\t\t\t\t\t\t\t\t<figure class=\"wp-caption\">\n\t\t\t\t\t\t\t\t\t\t<img fetchpriority=\"high\" decoding=\"async\" width=\"800\" height=\"441\" src=\"https:\/\/richeskarayib.com\/wp-content\/uploads\/2025\/10\/\u00a9Meteo-Normandie-1-1024x565.jpg\" class=\"attachment-large size-large wp-image-63803\" alt=\"Ouragan Melissa\" srcset=\"https:\/\/richeskarayib.com\/wp-content\/uploads\/2025\/10\/\u00a9Meteo-Normandie-1-1024x565.jpg 1024w, https:\/\/richeskarayib.com\/wp-content\/uploads\/2025\/10\/\u00a9Meteo-Normandie-1-300x166.jpg 300w, https:\/\/richeskarayib.com\/wp-content\/uploads\/2025\/10\/\u00a9Meteo-Normandie-1-768x424.jpg 768w, https:\/\/richeskarayib.com\/wp-content\/uploads\/2025\/10\/\u00a9Meteo-Normandie-1.jpg 1206w\" sizes=\"(max-width: 800px) 100vw, 800px\" \/>\t\t\t\t\t\t\t\t\t\t\t<figcaption class=\"widget-image-caption wp-caption-text\">\u00a9M\u00e9t\u00e9o Normandie<\/figcaption>\n\t\t\t\t\t\t\t\t\t\t<\/figure>\n\t\t\t\t\t\t\t\t\t<\/div>\n\t\t\t\t<\/div>\n\t\t\t\t\t<\/div>\n\t\t<\/div>\n\t\t\t\t<div class=\"elementor-column elementor-col-50 elementor-inner-column elementor-element elementor-element-5b5b12b\" data-id=\"5b5b12b\" data-element_type=\"column\">\n\t\t\t<div class=\"elementor-widget-wrap elementor-element-populated\">\n\t\t\t\t\t\t<div class=\"elementor-element elementor-element-b50bdfe elementor-widget elementor-widget-image\" data-id=\"b50bdfe\" data-element_type=\"widget\" data-widget_type=\"image.default\">\n\t\t\t\t<div class=\"elementor-widget-container\">\n\t\t\t\t\t\t\t\t\t\t\t\t<figure class=\"wp-caption\">\n\t\t\t\t\t\t\t\t\t\t<img decoding=\"async\" width=\"800\" height=\"442\" src=\"https:\/\/richeskarayib.com\/wp-content\/uploads\/2025\/10\/\u00a9Meteo-Normandie-1024x566.jpg\" class=\"attachment-large size-large wp-image-63807\" alt=\"Ouragan Melissa\" srcset=\"https:\/\/richeskarayib.com\/wp-content\/uploads\/2025\/10\/\u00a9Meteo-Normandie-1024x566.jpg 1024w, https:\/\/richeskarayib.com\/wp-content\/uploads\/2025\/10\/\u00a9Meteo-Normandie-300x166.jpg 300w, https:\/\/richeskarayib.com\/wp-content\/uploads\/2025\/10\/\u00a9Meteo-Normandie-768x425.jpg 768w, https:\/\/richeskarayib.com\/wp-content\/uploads\/2025\/10\/\u00a9Meteo-Normandie.jpg 1206w\" sizes=\"(max-width: 800px) 100vw, 800px\" \/>\t\t\t\t\t\t\t\t\t\t\t<figcaption class=\"widget-image-caption wp-caption-text\">\u00a9M\u00e9t\u00e9o Normandie<\/figcaption>\n\t\t\t\t\t\t\t\t\t\t<\/figure>\n\t\t\t\t\t\t\t\t\t<\/div>\n\t\t\t\t<\/div>\n\t\t\t\t\t<\/div>\n\t\t<\/div>\n\t\t\t\t\t<\/div>\n\t\t<\/section>\n\t\t\t\t\t<\/div>\n\t\t<\/div>\n\t\t\t\t\t<\/div>\n\t\t<\/section>\n\t\t\t\t<section class=\"elementor-section elementor-top-section elementor-element elementor-element-82cd8f9 elementor-section-boxed elementor-section-height-default elementor-section-height-default\" data-id=\"82cd8f9\" data-element_type=\"section\">\n\t\t\t\t\t\t<div class=\"elementor-container elementor-column-gap-default\">\n\t\t\t\t\t<div class=\"elementor-column elementor-col-100 elementor-top-column elementor-element elementor-element-0bfdc38\" data-id=\"0bfdc38\" data-element_type=\"column\">\n\t\t\t<div class=\"elementor-widget-wrap elementor-element-populated\">\n\t\t\t\t\t\t<div class=\"elementor-element elementor-element-7d292fe elementor-widget elementor-widget-heading\" data-id=\"7d292fe\" data-element_type=\"widget\" data-widget_type=\"heading.default\">\n\t\t\t\t<div class=\"elementor-widget-container\">\n\t\t\t\t\t<h2 class=\"elementor-heading-title elementor-size-default\">Pr\u00e9paration et r\u00e9ponse d\u2019urgence<\/h2>\t\t\t\t<\/div>\n\t\t\t\t<\/div>\n\t\t\t\t<div class=\"elementor-element elementor-element-8e337bf elementor-widget elementor-widget-text-editor\" data-id=\"8e337bf\" data-element_type=\"widget\" data-widget_type=\"text-editor.default\">\n\t\t\t\t<div class=\"elementor-widget-container\">\n\t\t\t\t\t\t\t\t\t<p><span style=\"font-weight: 400;\">Avant l\u2019arriv\u00e9e de l&#8217;<span class=\"cf0\">Ouragan Melissa<\/span>, le gouvernement jama\u00efcain a d\u00e9clar\u00e9 l\u2019ensemble du territoire en \u00ab zone menac\u00e9e \u00bb et ordonn\u00e9 des \u00e9vacuations obligatoires dans plusieurs communaut\u00e9s particuli\u00e8rement vuln\u00e9rables (Port Royal, Old Harbour Bay, Rocky Point, etc.).<\/span><span style=\"font-weight: 400;\"><br \/><\/span><span style=\"font-weight: 400;\"> Plus de 800 abris ont \u00e9t\u00e9 activ\u00e9s \u00e0 l\u2019\u00e9chelle nationale, bien que l\u2019afflux initial de population y ait \u00e9t\u00e9 plus faible que pr\u00e9vu.<\/span><span style=\"font-weight: 400;\"><br \/><\/span><span style=\"font-weight: 400;\"> Cette anticipation montre l\u2019importance d\u2019une politique de gestion de crise proactive \u2014 un point que la Cara\u00efbe, \u00e0 travers son histoire de cyclones, apprend \u00e0 ma\u00eetriser progressivement.<\/span><\/p>\t\t\t\t\t\t\t\t<\/div>\n\t\t\t\t<\/div>\n\t\t\t\t<section class=\"elementor-section elementor-inner-section elementor-element elementor-element-c582330 elementor-section-boxed elementor-section-height-default elementor-section-height-default\" data-id=\"c582330\" data-element_type=\"section\">\n\t\t\t\t\t\t<div class=\"elementor-container elementor-column-gap-default\">\n\t\t\t\t\t\t<\/div>\n\t\t<\/section>\n\t\t\t\t<section class=\"elementor-section elementor-inner-section elementor-element elementor-element-296603a elementor-section-boxed elementor-section-height-default elementor-section-height-default\" data-id=\"296603a\" data-element_type=\"section\">\n\t\t\t\t\t\t<div class=\"elementor-container elementor-column-gap-default\">\n\t\t\t\t\t\t<\/div>\n\t\t<\/section>\n\t\t\t\t\t<\/div>\n\t\t<\/div>\n\t\t\t\t\t<\/div>\n\t\t<\/section>\n\t\t\t\t<section class=\"elementor-section elementor-top-section elementor-element elementor-element-5a7397d elementor-section-boxed elementor-section-height-default elementor-section-height-default\" data-id=\"5a7397d\" data-element_type=\"section\">\n\t\t\t\t\t\t<div class=\"elementor-container elementor-column-gap-default\">\n\t\t\t\t\t<div class=\"elementor-column elementor-col-100 elementor-top-column elementor-element elementor-element-8b33b4b\" data-id=\"8b33b4b\" data-element_type=\"column\">\n\t\t\t<div class=\"elementor-widget-wrap elementor-element-populated\">\n\t\t\t\t\t\t<div class=\"elementor-element elementor-element-89dac4b elementor-widget elementor-widget-heading\" data-id=\"89dac4b\" data-element_type=\"widget\" data-widget_type=\"heading.default\">\n\t\t\t\t<div class=\"elementor-widget-container\">\n\t\t\t\t\t<h2 class=\"elementor-heading-title elementor-size-default\">L\u2019alerte climatique et la double vuln\u00e9rabilit\u00e9 insulaire<\/h2>\t\t\t\t<\/div>\n\t\t\t\t<\/div>\n\t\t\t\t<div class=\"elementor-element elementor-element-43a45ac elementor-widget elementor-widget-text-editor\" data-id=\"43a45ac\" data-element_type=\"widget\" data-widget_type=\"text-editor.default\">\n\t\t\t\t<div class=\"elementor-widget-container\">\n\t\t\t\t\t\t\t\t\t<p><span style=\"font-weight: 400;\">La gen\u00e8se de l\u2019Ouragan Melissa s\u2019inscrit dans un contexte d\u00e9j\u00e0 fragilis\u00e9 : eaux de surface tr\u00e8s chaudes, zone de cisaillement faible, et une architecture insulaire expos\u00e9e aux vents, \u00e0 la mer et \u00e0 l\u2019orographie. Des scientifiques \u00e9voquent une \u201cintensification rapide\u201d rendue possible par des conditions oc\u00e9aniques extr\u00eames.<\/span><span style=\"font-weight: 400;\"><br \/><\/span><span style=\"font-weight: 400;\"> Pour la Jama\u00efque comme pour ses voisins carib\u00e9ens, l\u2019Ouragan Melissa rappelle que la reconstruction ne peut plus se limiter \u00e0 reb\u00e2tir : il faut b\u00e2tir moins vuln\u00e9rable, plus r\u00e9silient, int\u00e9grant les enjeux de l\u2019\u00e9conomie bleue, de la gestion c\u00f4ti\u00e8re, des mangroves et des r\u00e9seaux critiques.<\/span><\/p>\t\t\t\t\t\t\t\t<\/div>\n\t\t\t\t<\/div>\n\t\t\t\t<section class=\"elementor-section elementor-inner-section elementor-element elementor-element-82418d4 elementor-section-boxed elementor-section-height-default elementor-section-height-default\" data-id=\"82418d4\" data-element_type=\"section\">\n\t\t\t\t\t\t<div class=\"elementor-container elementor-column-gap-default\">\n\t\t\t\t\t<div class=\"elementor-column elementor-col-50 elementor-inner-column elementor-element elementor-element-a3da7ba\" data-id=\"a3da7ba\" data-element_type=\"column\">\n\t\t\t<div class=\"elementor-widget-wrap elementor-element-populated\">\n\t\t\t\t\t\t<div class=\"elementor-element elementor-element-717128a elementor-widget elementor-widget-image\" data-id=\"717128a\" data-element_type=\"widget\" data-widget_type=\"image.default\">\n\t\t\t\t<div class=\"elementor-widget-container\">\n\t\t\t\t\t\t\t\t\t\t\t\t<figure class=\"wp-caption\">\n\t\t\t\t\t\t\t\t\t\t<img decoding=\"async\" width=\"800\" height=\"845\" src=\"https:\/\/richeskarayib.com\/wp-content\/uploads\/2025\/10\/\u00a9Mauritius-Cyclone-Updates-970x1024.jpg\" class=\"attachment-large size-large wp-image-63799\" alt=\"Ouragan Melissa\" srcset=\"https:\/\/richeskarayib.com\/wp-content\/uploads\/2025\/10\/\u00a9Mauritius-Cyclone-Updates-970x1024.jpg 970w, https:\/\/richeskarayib.com\/wp-content\/uploads\/2025\/10\/\u00a9Mauritius-Cyclone-Updates-284x300.jpg 284w, https:\/\/richeskarayib.com\/wp-content\/uploads\/2025\/10\/\u00a9Mauritius-Cyclone-Updates-768x811.jpg 768w, https:\/\/richeskarayib.com\/wp-content\/uploads\/2025\/10\/\u00a9Mauritius-Cyclone-Updates.jpg 1080w\" sizes=\"(max-width: 800px) 100vw, 800px\" \/>\t\t\t\t\t\t\t\t\t\t\t<figcaption class=\"widget-image-caption wp-caption-text\">\u00a9Mauritius Cyclone Updates<\/figcaption>\n\t\t\t\t\t\t\t\t\t\t<\/figure>\n\t\t\t\t\t\t\t\t\t<\/div>\n\t\t\t\t<\/div>\n\t\t\t\t\t<\/div>\n\t\t<\/div>\n\t\t\t\t<div class=\"elementor-column elementor-col-50 elementor-inner-column elementor-element elementor-element-fa9ce1d\" data-id=\"fa9ce1d\" data-element_type=\"column\">\n\t\t\t<div class=\"elementor-widget-wrap elementor-element-populated\">\n\t\t\t\t\t\t<div class=\"elementor-element elementor-element-09cb571 elementor-widget elementor-widget-image\" data-id=\"09cb571\" data-element_type=\"widget\" data-widget_type=\"image.default\">\n\t\t\t\t<div class=\"elementor-widget-container\">\n\t\t\t\t\t\t\t\t\t\t\t\t<figure class=\"wp-caption\">\n\t\t\t\t\t\t\t\t\t\t<img loading=\"lazy\" decoding=\"async\" width=\"800\" height=\"446\" src=\"https:\/\/richeskarayib.com\/wp-content\/uploads\/2025\/10\/\u00a9Flash-Ouragans-Meteo-Antilles-1024x571.jpg\" class=\"attachment-large size-large wp-image-63795\" alt=\"Ouragan Melissa\" srcset=\"https:\/\/richeskarayib.com\/wp-content\/uploads\/2025\/10\/\u00a9Flash-Ouragans-Meteo-Antilles-1024x571.jpg 1024w, https:\/\/richeskarayib.com\/wp-content\/uploads\/2025\/10\/\u00a9Flash-Ouragans-Meteo-Antilles-300x167.jpg 300w, https:\/\/richeskarayib.com\/wp-content\/uploads\/2025\/10\/\u00a9Flash-Ouragans-Meteo-Antilles-768x428.jpg 768w, https:\/\/richeskarayib.com\/wp-content\/uploads\/2025\/10\/\u00a9Flash-Ouragans-Meteo-Antilles-1320x736.jpg 1320w, https:\/\/richeskarayib.com\/wp-content\/uploads\/2025\/10\/\u00a9Flash-Ouragans-Meteo-Antilles.jpg 1344w\" sizes=\"(max-width: 800px) 100vw, 800px\" \/>\t\t\t\t\t\t\t\t\t\t\t<figcaption class=\"widget-image-caption wp-caption-text\">\u00a9Flash Ouragans M\u00e9t\u00e9o Antilles<\/figcaption>\n\t\t\t\t\t\t\t\t\t\t<\/figure>\n\t\t\t\t\t\t\t\t\t<\/div>\n\t\t\t\t<\/div>\n\t\t\t\t\t<\/div>\n\t\t<\/div>\n\t\t\t\t\t<\/div>\n\t\t<\/section>\n\t\t\t\t\t<\/div>\n\t\t<\/div>\n\t\t\t\t\t<\/div>\n\t\t<\/section>\n\t\t\t\t<section class=\"elementor-section elementor-top-section elementor-element elementor-element-ceca32c elementor-section-boxed elementor-section-height-default elementor-section-height-default\" data-id=\"ceca32c\" data-element_type=\"section\">\n\t\t\t\t\t\t<div class=\"elementor-container elementor-column-gap-default\">\n\t\t\t\t\t<div class=\"elementor-column elementor-col-100 elementor-top-column elementor-element elementor-element-5a2e383\" data-id=\"5a2e383\" data-element_type=\"column\">\n\t\t\t<div class=\"elementor-widget-wrap elementor-element-populated\">\n\t\t\t\t\t\t<div class=\"elementor-element elementor-element-6cedf5f elementor-widget elementor-widget-heading\" data-id=\"6cedf5f\" data-element_type=\"widget\" data-widget_type=\"heading.default\">\n\t\t\t\t<div class=\"elementor-widget-container\">\n\t\t\t\t\t<h2 class=\"elementor-heading-title elementor-size-default\">Vers une r\u00e9silience renforc\u00e9e<\/h2>\t\t\t\t<\/div>\n\t\t\t\t<\/div>\n\t\t\t\t<div class=\"elementor-element elementor-element-e93d1fb elementor-widget elementor-widget-text-editor\" data-id=\"e93d1fb\" data-element_type=\"widget\" data-widget_type=\"text-editor.default\">\n\t\t\t\t<div class=\"elementor-widget-container\">\n\t\t\t\t\t\t\t\t\t<p><span style=\"font-weight: 400;\">La r\u00e9ponse \u00e0 l\u2019Ouragan Melissa \u00bb ne se juge pas, uniquement, aux pompiers et aux bulldozers. Elle se mesure \u00e0 la r\u00e9activation des solidarit\u00e9s locales, \u00e0 la mobilisation des communaut\u00e9s, \u00e0 la m\u00e9moire partag\u00e9e de la Cara\u00efbe. Cette m\u00e9moire devient un moteur : cultures, r\u00e9cits, chants et t\u00e9moignages font partie de la reconstruction.<\/span><span style=\"font-weight: 400;\"><br \/><\/span><span style=\"font-weight: 400;\"> \u00c0 l\u2019\u00e9chelle \u00e9conomique, le tourisme c\u00f4tier, l\u2019agriculture et les zones littorales sont directement mis \u00e0 l\u2019\u00e9preuve. Il faut regarder au-del\u00e0 de la r\u00e9paration pour engager un changement de paradigme : r\u00e9novation s\u00e9curis\u00e9e, diversification \u00e9conomique, co-gestion r\u00e9gionale.<\/span><\/p>\t\t\t\t\t\t\t\t<\/div>\n\t\t\t\t<\/div>\n\t\t\t\t<section class=\"elementor-section elementor-inner-section elementor-element elementor-element-97f3d2f elementor-section-boxed elementor-section-height-default elementor-section-height-default\" data-id=\"97f3d2f\" data-element_type=\"section\">\n\t\t\t\t\t\t<div class=\"elementor-container elementor-column-gap-default\">\n\t\t\t\t\t<div class=\"elementor-column elementor-col-50 elementor-inner-column elementor-element elementor-element-ef63bb7\" data-id=\"ef63bb7\" data-element_type=\"column\">\n\t\t\t<div class=\"elementor-widget-wrap elementor-element-populated\">\n\t\t\t\t\t\t<div class=\"elementor-element elementor-element-54ced84 elementor-widget elementor-widget-image\" data-id=\"54ced84\" data-element_type=\"widget\" data-widget_type=\"image.default\">\n\t\t\t\t<div class=\"elementor-widget-container\">\n\t\t\t\t\t\t\t\t\t\t\t\t<figure class=\"wp-caption\">\n\t\t\t\t\t\t\t\t\t\t<img loading=\"lazy\" decoding=\"async\" width=\"800\" height=\"851\" src=\"https:\/\/richeskarayib.com\/wp-content\/uploads\/2025\/10\/\u00a9Sunday-TIMES-1-963x1024.jpg\" class=\"attachment-large size-large wp-image-63811\" alt=\"Ouragan Melissa\" srcset=\"https:\/\/richeskarayib.com\/wp-content\/uploads\/2025\/10\/\u00a9Sunday-TIMES-1-963x1024.jpg 963w, https:\/\/richeskarayib.com\/wp-content\/uploads\/2025\/10\/\u00a9Sunday-TIMES-1-282x300.jpg 282w, https:\/\/richeskarayib.com\/wp-content\/uploads\/2025\/10\/\u00a9Sunday-TIMES-1-768x816.jpg 768w, https:\/\/richeskarayib.com\/wp-content\/uploads\/2025\/10\/\u00a9Sunday-TIMES-1.jpg 1080w\" sizes=\"(max-width: 800px) 100vw, 800px\" \/>\t\t\t\t\t\t\t\t\t\t\t<figcaption class=\"widget-image-caption wp-caption-text\">\u00a9Sunday TIMES<\/figcaption>\n\t\t\t\t\t\t\t\t\t\t<\/figure>\n\t\t\t\t\t\t\t\t\t<\/div>\n\t\t\t\t<\/div>\n\t\t\t\t\t<\/div>\n\t\t<\/div>\n\t\t\t\t<div class=\"elementor-column elementor-col-50 elementor-inner-column elementor-element elementor-element-2bb75f8\" data-id=\"2bb75f8\" data-element_type=\"column\">\n\t\t\t<div class=\"elementor-widget-wrap elementor-element-populated\">\n\t\t\t\t\t\t<div class=\"elementor-element elementor-element-a30ecf1 elementor-widget elementor-widget-image\" data-id=\"a30ecf1\" data-element_type=\"widget\" data-widget_type=\"image.default\">\n\t\t\t\t<div class=\"elementor-widget-container\">\n\t\t\t\t\t\t\t\t\t\t\t\t<figure class=\"wp-caption\">\n\t\t\t\t\t\t\t\t\t\t<img loading=\"lazy\" decoding=\"async\" width=\"800\" height=\"735\" src=\"https:\/\/richeskarayib.com\/wp-content\/uploads\/2025\/10\/\u00a9Sunday-TIMES-3-1024x941.jpg\" class=\"attachment-large size-large wp-image-63815\" alt=\"Ouragan Melissa\" srcset=\"https:\/\/richeskarayib.com\/wp-content\/uploads\/2025\/10\/\u00a9Sunday-TIMES-3-1024x941.jpg 1024w, https:\/\/richeskarayib.com\/wp-content\/uploads\/2025\/10\/\u00a9Sunday-TIMES-3-300x276.jpg 300w, https:\/\/richeskarayib.com\/wp-content\/uploads\/2025\/10\/\u00a9Sunday-TIMES-3-768x705.jpg 768w, https:\/\/richeskarayib.com\/wp-content\/uploads\/2025\/10\/\u00a9Sunday-TIMES-3.jpg 1080w\" sizes=\"(max-width: 800px) 100vw, 800px\" \/>\t\t\t\t\t\t\t\t\t\t\t<figcaption class=\"widget-image-caption wp-caption-text\">\u00a9Sunday TIMES<\/figcaption>\n\t\t\t\t\t\t\t\t\t\t<\/figure>\n\t\t\t\t\t\t\t\t\t<\/div>\n\t\t\t\t<\/div>\n\t\t\t\t\t<\/div>\n\t\t<\/div>\n\t\t\t\t\t<\/div>\n\t\t<\/section>\n\t\t\t\t\t<\/div>\n\t\t<\/div>\n\t\t\t\t\t<\/div>\n\t\t<\/section>\n\t\t\t\t<section class=\"elementor-section elementor-top-section elementor-element elementor-element-9c88a89 elementor-section-boxed elementor-section-height-default elementor-section-height-default\" data-id=\"9c88a89\" data-element_type=\"section\">\n\t\t\t\t\t\t<div class=\"elementor-container elementor-column-gap-default\">\n\t\t\t\t\t<div class=\"elementor-column elementor-col-100 elementor-top-column elementor-element elementor-element-78cf5d1\" data-id=\"78cf5d1\" data-element_type=\"column\">\n\t\t\t<div class=\"elementor-widget-wrap elementor-element-populated\">\n\t\t\t\t\t\t<div class=\"elementor-element elementor-element-ea2a5c1 elementor-widget elementor-widget-heading\" data-id=\"ea2a5c1\" data-element_type=\"widget\" data-widget_type=\"heading.default\">\n\t\t\t\t<div class=\"elementor-widget-container\">\n\t\t\t\t\t<h2 class=\"elementor-heading-title elementor-size-default\">Encadr\u00e9 : conseils pratiques en cas d\u2019ouragan majeur\n<\/h2>\t\t\t\t<\/div>\n\t\t\t\t<\/div>\n\t\t\t\t<div class=\"elementor-element elementor-element-e305eee elementor-widget elementor-widget-text-editor\" data-id=\"e305eee\" data-element_type=\"widget\" data-widget_type=\"text-editor.default\">\n\t\t\t\t<div class=\"elementor-widget-container\">\n\t\t\t\t\t\t\t\t\t<ul><li style=\"font-weight: 400;\" aria-level=\"1\"><span style=\"font-weight: 400;\">\ud83d\udca1 \u00c9loignez-vous des zones basses, inondables ou littorales jusqu\u2019\u00e0 ce que l\u2019autorit\u00e9 locale d\u00e9cr\u00e8te l\u2019\u00ab all-clear \u00bb.<\/span><\/li><li style=\"font-weight: 400;\" aria-level=\"1\"><span style=\"font-weight: 400;\">\ud83d\udca1 Ne traversez jamais une route submerg\u00e9e : quelques centim\u00e8tres d\u2019eau suffisent \u00e0 emporter un v\u00e9hicule.<\/span><\/li><li style=\"font-weight: 400;\" aria-level=\"1\"><span style=\"font-weight: 400;\">\ud83d\udca1 Consid\u00e9rez toute ligne tomb\u00e9e comme \u00ab sous tension \u00bb. Coupez les sources, signalez imm\u00e9diatement \u00e0 l\u2019op\u00e9rateur.<\/span><\/li><li style=\"font-weight: 400;\" aria-level=\"1\"><span style=\"font-weight: 400;\">\ud83d\udca1 Pr\u00e9parez une trousse d\u2019urgence (lampes, radio \u00e0 piles, eau potable, m\u00e9dicaments) et identifiez d\u2019avance votre abri local.<\/span><\/li><\/ul>\t\t\t\t\t\t\t\t<\/div>\n\t\t\t\t<\/div>\n\t\t\t\t\t<\/div>\n\t\t<\/div>\n\t\t\t\t\t<\/div>\n\t\t<\/section>\n\t\t\t\t<section class=\"elementor-section elementor-top-section elementor-element elementor-element-3e2e145 elementor-section-boxed elementor-section-height-default elementor-section-height-default\" data-id=\"3e2e145\" data-element_type=\"section\">\n\t\t\t\t\t\t<div class=\"elementor-container elementor-column-gap-default\">\n\t\t\t\t\t<div class=\"elementor-column elementor-col-100 elementor-top-column elementor-element elementor-element-53c573b\" data-id=\"53c573b\" data-element_type=\"column\">\n\t\t\t<div class=\"elementor-widget-wrap elementor-element-populated\">\n\t\t\t\t\t\t<div class=\"elementor-element elementor-element-9762edd elementor-widget elementor-widget-text-editor\" data-id=\"9762edd\" data-element_type=\"widget\" data-widget_type=\"text-editor.default\">\n\t\t\t\t<div class=\"elementor-widget-container\">\n\t\t\t\t\t\t\t\t\t<p><span style=\"font-weight: 400;\">Tout au long de cet \u00e9v\u00e9nement, la Jama\u00efque se situe \u00e0 la crois\u00e9e d\u2019un choc naturel extr\u00eame et d\u2019une r\u00e9ponse humaine consciente. <\/span><span style=\"font-weight: 400;\">Ouragan Melissa <\/span><span style=\"font-weight: 400;\">est un signal pour toute la Cara\u00efbe qui rappelle que la force du vent se mesure aussi \u00e0 la capacit\u00e9 des soci\u00e9t\u00e9s \u00e0 se relever.<\/span><span style=\"font-weight: 400;\"><br \/><\/span><span style=\"font-weight: 400;\">Chez Rich\u00e8s Karayib, nous choisissons de raconter cette histoire : celle d\u2019un territoire qui refuse d\u2019\u00eatre d\u00e9fait, et qui, chaque fois, se red\u00e9finit dans son identit\u00e9, sa solidarit\u00e9 et son horizon.<\/span><\/p>\t\t\t\t\t\t\t\t<\/div>\n\t\t\t\t<\/div>\n\t\t\t\t<section class=\"elementor-section elementor-inner-section elementor-element elementor-element-588bf65 elementor-section-boxed elementor-section-height-default elementor-section-height-default\" data-id=\"588bf65\" data-element_type=\"section\">\n\t\t\t\t\t\t<div class=\"elementor-container elementor-column-gap-default\">\n\t\t\t\t\t<div class=\"elementor-column elementor-col-100 elementor-inner-column elementor-element elementor-element-1446137\" data-id=\"1446137\" data-element_type=\"column\">\n\t\t\t<div class=\"elementor-widget-wrap elementor-element-populated\">\n\t\t\t\t\t\t<div class=\"elementor-element elementor-element-0faae0f elementor-widget elementor-widget-video\" data-id=\"0faae0f\" data-element_type=\"widget\" data-settings=\"{&quot;youtube_url&quot;:&quot;https:\\\/\\\/www.youtube.com\\\/watch?v=CJ1uR8POn1E&quot;,&quot;video_type&quot;:&quot;youtube&quot;,&quot;controls&quot;:&quot;yes&quot;}\" data-widget_type=\"video.default\">\n\t\t\t\t<div class=\"elementor-widget-container\">\n\t\t\t\t\t\t\t<div class=\"elementor-wrapper elementor-open-inline\">\n\t\t\t<div class=\"elementor-video\"><\/div>\t\t<\/div>\n\t\t\t\t\t\t<\/div>\n\t\t\t\t<\/div>\n\t\t\t\t\t<\/div>\n\t\t<\/div>\n\t\t\t\t\t<\/div>\n\t\t<\/section>\n\t\t\t\t\t<\/div>\n\t\t<\/div>\n\t\t\t\t\t<\/div>\n\t\t<\/section>\n\t\t\t\t<\/div>\n\t\t","protected":false},"excerpt":{"rendered":"<p>Le 28 octobre 2025, l\u2019ouragan Melissa a frapp\u00e9 la Jama\u00efque en plein sud-ouest, en cat\u00e9gorie 5, avec des vents soutenus estim\u00e9s \u00e0 185 mph (\u2248 295 km\/h), marquant l\u2019un des atterrissages les plus violents jamais enregistr\u00e9s dans l\u2019Atlantique.Sa trajectoire diagonale l\u2019a conduite de la paroisse de St Elizabeth vers celle de St Ann, en quelques [&hellip;]<\/p>\n","protected":false},"author":662,"featured_media":63791,"comment_status":"open","ping_status":"open","sticky":false,"template":"","format":"standard","meta":{"_acf_changed":false,"footnotes":""},"categories":[840],"tags":[1693],"class_list":["post-63790","post","type-post","status-publish","format-standard","has-post-thumbnail","hentry","category-actus","tag-jamaique-2"],"acf":[],"_links":{"self":[{"href":"https:\/\/richeskarayib.com\/fr\/wp-json\/wp\/v2\/posts\/63790","targetHints":{"allow":["GET"]}}],"collection":[{"href":"https:\/\/richeskarayib.com\/fr\/wp-json\/wp\/v2\/posts"}],"about":[{"href":"https:\/\/richeskarayib.com\/fr\/wp-json\/wp\/v2\/types\/post"}],"author":[{"embeddable":true,"href":"https:\/\/richeskarayib.com\/fr\/wp-json\/wp\/v2\/users\/662"}],"replies":[{"embeddable":true,"href":"https:\/\/richeskarayib.com\/fr\/wp-json\/wp\/v2\/comments?post=63790"}],"version-history":[{"count":0,"href":"https:\/\/richeskarayib.com\/fr\/wp-json\/wp\/v2\/posts\/63790\/revisions"}],"wp:featuredmedia":[{"embeddable":true,"href":"https:\/\/richeskarayib.com\/fr\/wp-json\/wp\/v2\/media\/63791"}],"wp:attachment":[{"href":"https:\/\/richeskarayib.com\/fr\/wp-json\/wp\/v2\/media?parent=63790"}],"wp:term":[{"taxonomy":"category","embeddable":true,"href":"https:\/\/richeskarayib.com\/fr\/wp-json\/wp\/v2\/categories?post=63790"},{"taxonomy":"post_tag","embeddable":true,"href":"https:\/\/richeskarayib.com\/fr\/wp-json\/wp\/v2\/tags?post=63790"}],"curies":[{"name":"wp","href":"https:\/\/api.w.org\/{rel}","templated":true}]}}