{"id":63823,"date":"2025-10-29T08:03:58","date_gmt":"2025-10-29T12:03:58","guid":{"rendered":"https:\/\/richeskarayib.com\/?p=63823"},"modified":"2025-10-29T08:03:58","modified_gmt":"2025-10-29T12:03:58","slug":"hector-poullet-la-voix-du-creole-honoree","status":"publish","type":"post","link":"https:\/\/richeskarayib.com\/fr\/hector-poullet-la-voix-du-creole-honoree\/","title":{"rendered":"Hector Poullet, la voix du cr\u00e9ole honor\u00e9e en Guadeloupe"},"content":{"rendered":"\t\t<div data-elementor-type=\"wp-post\" data-elementor-id=\"63823\" class=\"elementor elementor-63823\" data-elementor-post-type=\"post\">\n\t\t\t\t\t\t<section class=\"elementor-section elementor-top-section elementor-element elementor-element-7ca7ca1 elementor-section-boxed elementor-section-height-default elementor-section-height-default\" data-id=\"7ca7ca1\" data-element_type=\"section\">\n\t\t\t\t\t\t<div class=\"elementor-container elementor-column-gap-default\">\n\t\t\t\t\t<div class=\"elementor-column elementor-col-100 elementor-top-column elementor-element elementor-element-cbdd002\" data-id=\"cbdd002\" data-element_type=\"column\">\n\t\t\t<div class=\"elementor-widget-wrap elementor-element-populated\">\n\t\t\t\t\t\t<section class=\"elementor-section elementor-inner-section elementor-element elementor-element-bc94849 elementor-section-boxed elementor-section-height-default elementor-section-height-default\" data-id=\"bc94849\" data-element_type=\"section\">\n\t\t\t\t\t\t<div class=\"elementor-container elementor-column-gap-default\">\n\t\t\t\t\t\t<\/div>\n\t\t<\/section>\n\t\t\t\t<section class=\"elementor-section elementor-inner-section elementor-element elementor-element-61571e6 elementor-section-boxed elementor-section-height-default elementor-section-height-default\" data-id=\"61571e6\" data-element_type=\"section\">\n\t\t\t\t\t\t<div class=\"elementor-container elementor-column-gap-default\">\n\t\t\t\t\t\t<\/div>\n\t\t<\/section>\n\t\t\t\t<section class=\"elementor-section elementor-inner-section elementor-element elementor-element-b6262e0 elementor-section-boxed elementor-section-height-default elementor-section-height-default\" data-id=\"b6262e0\" data-element_type=\"section\">\n\t\t\t\t\t\t<div class=\"elementor-container elementor-column-gap-default\">\n\t\t\t\t\t\t<\/div>\n\t\t<\/section>\n\t\t\t\t<section class=\"elementor-section elementor-inner-section elementor-element elementor-element-cca29fd elementor-section-boxed elementor-section-height-default elementor-section-height-default\" data-id=\"cca29fd\" data-element_type=\"section\">\n\t\t\t\t\t\t<div class=\"elementor-container elementor-column-gap-default\">\n\t\t\t\t\t\t<\/div>\n\t\t<\/section>\n\t\t\t\t\t<\/div>\n\t\t<\/div>\n\t\t\t\t\t<\/div>\n\t\t<\/section>\n\t\t\t\t<section class=\"elementor-section elementor-top-section elementor-element elementor-element-e1fea79 elementor-section-boxed elementor-section-height-default elementor-section-height-default\" data-id=\"e1fea79\" data-element_type=\"section\">\n\t\t\t\t\t\t<div class=\"elementor-container elementor-column-gap-default\">\n\t\t\t\t\t<div class=\"elementor-column elementor-col-100 elementor-top-column elementor-element elementor-element-6d0be76\" data-id=\"6d0be76\" data-element_type=\"column\">\n\t\t\t<div class=\"elementor-widget-wrap elementor-element-populated\">\n\t\t\t\t\t\t<div class=\"elementor-element elementor-element-bbb62ae elementor-widget elementor-widget-text-editor\" data-id=\"bbb62ae\" data-element_type=\"widget\" data-widget_type=\"text-editor.default\">\n\t\t\t\t<div class=\"elementor-widget-container\">\n\t\t\t\t\t\t\t\t\t<p><span style=\"font-weight: 400;\">Le Jardin d\u2019Eau de Goyave a r\u00e9sonn\u00e9 d\u2019\u00e9motion, lundi 27 octobre, lors de l\u2019hommage rendu \u00e0 <a href=\"https:\/\/www.karibinfo.com\/news\/guadeloupe-on-ti-zyedou-met-hector-poullet-a-lhonneur\/\" target=\"_blank\" rel=\"noopener nofollow\">Hector Poullet<\/a>. \u00c0 travers la 14\u1d49 \u00e9dition du concept On ti zy\u00e9dou, le D\u00e9partement de la Guadeloupe a salu\u00e9 le parcours d\u2019un homme qui a consacr\u00e9 sa vie \u00e0 la langue cr\u00e9ole et \u00e0 la jeunesse guadeloup\u00e9enne. Auteur du premier dictionnaire cr\u00e9ole-fran\u00e7ais, paru en 1984, il demeure une figure essentielle du patrimoine linguistique carib\u00e9en.<\/span><\/p>\t\t\t\t\t\t\t\t<\/div>\n\t\t\t\t<\/div>\n\t\t\t\t\t<\/div>\n\t\t<\/div>\n\t\t\t\t\t<\/div>\n\t\t<\/section>\n\t\t\t\t<section class=\"elementor-section elementor-top-section elementor-element elementor-element-ee72354 elementor-section-boxed elementor-section-height-default elementor-section-height-default\" data-id=\"ee72354\" data-element_type=\"section\">\n\t\t\t\t\t\t<div class=\"elementor-container elementor-column-gap-default\">\n\t\t\t\t\t<div class=\"elementor-column elementor-col-100 elementor-top-column elementor-element elementor-element-c59d6fe\" data-id=\"c59d6fe\" data-element_type=\"column\">\n\t\t\t<div class=\"elementor-widget-wrap elementor-element-populated\">\n\t\t\t\t\t\t<div class=\"elementor-element elementor-element-ddc6a1e elementor-widget elementor-widget-heading\" data-id=\"ddc6a1e\" data-element_type=\"widget\" data-widget_type=\"heading.default\">\n\t\t\t\t<div class=\"elementor-widget-container\">\n\t\t\t\t\t<h2 class=\"elementor-heading-title elementor-size-default\">Un enseignant guid\u00e9 par l\u2019amour de son pays<\/h2>\t\t\t\t<\/div>\n\t\t\t\t<\/div>\n\t\t\t\t<div class=\"elementor-element elementor-element-e57451f elementor-widget elementor-widget-text-editor\" data-id=\"e57451f\" data-element_type=\"widget\" data-widget_type=\"text-editor.default\">\n\t\t\t\t<div class=\"elementor-widget-container\">\n\t\t\t\t\t\t\t\t\t<p><span style=\"font-weight: 400;\">N\u00e9 \u00e0 Anse-Bertrand, Hector Poullet a longtemps v\u00e9cu entre deux mondes : celui de la science, qu\u2019il \u00e9tudie en France hexagonale, et celui de la culture guadeloup\u00e9enne, qu\u2019il retrouve \u00e0 son retour au pays. Son attachement \u00e0 la langue cr\u00e9ole na\u00eet d\u2019une conviction simple : un peuple qui parle sa langue s\u2019\u00e9l\u00e8ve avec elle.<br \/><\/span><\/p>\t\t\t\t\t\t\t\t<\/div>\n\t\t\t\t<\/div>\n\t\t\t\t<div class=\"elementor-element elementor-element-64fe105 elementor-widget elementor-widget-text-editor\" data-id=\"64fe105\" data-element_type=\"widget\" data-widget_type=\"text-editor.default\">\n\t\t\t\t<div class=\"elementor-widget-container\">\n\t\t\t\t\t\t\t\t\t<p><span style=\"font-weight: 400;\">Professeur de math\u00e9matiques, il comprend tr\u00e8s t\u00f4t que la r\u00e9ussite des \u00e9l\u00e8ves passe aussi par la reconnaissance de leur identit\u00e9 linguistique. C\u2019est dans ce contexte qu\u2019il s\u2019associe \u00e0 Sylviane Telchid, coll\u00e8gue au coll\u00e8ge de Capesterre-Belle-Eau. Ensemble, ils commencent \u00e0 enseigner le cr\u00e9ole \u00e0 des jeunes en difficult\u00e9, sur leur temps libre, bien avant que la langue ne soit reconnue par l\u2019\u00c9ducation nationale.<\/span><\/p>\t\t\t\t\t\t\t\t<\/div>\n\t\t\t\t<\/div>\n\t\t\t\t<section class=\"elementor-section elementor-inner-section elementor-element elementor-element-e57b022 elementor-section-boxed elementor-section-height-default elementor-section-height-default\" data-id=\"e57b022\" data-element_type=\"section\">\n\t\t\t\t\t\t<div class=\"elementor-container elementor-column-gap-default\">\n\t\t\t\t\t<div class=\"elementor-column elementor-col-100 elementor-inner-column elementor-element elementor-element-8c7a597\" data-id=\"8c7a597\" data-element_type=\"column\">\n\t\t\t<div class=\"elementor-widget-wrap elementor-element-populated\">\n\t\t\t\t\t\t<div class=\"elementor-element elementor-element-e16bc43 elementor-widget elementor-widget-image\" data-id=\"e16bc43\" data-element_type=\"widget\" data-widget_type=\"image.default\">\n\t\t\t\t<div class=\"elementor-widget-container\">\n\t\t\t\t\t\t\t\t\t\t\t\t<figure class=\"wp-caption\">\n\t\t\t\t\t\t\t\t\t\t<img fetchpriority=\"high\" decoding=\"async\" width=\"800\" height=\"773\" src=\"https:\/\/richeskarayib.com\/wp-content\/uploads\/2025\/10\/\u00a9Karibinfo.jpg\" class=\"attachment-large size-large wp-image-63828\" alt=\"Hector Poullet\" srcset=\"https:\/\/richeskarayib.com\/wp-content\/uploads\/2025\/10\/\u00a9Karibinfo.jpg 900w, https:\/\/richeskarayib.com\/wp-content\/uploads\/2025\/10\/\u00a9Karibinfo-300x290.jpg 300w, https:\/\/richeskarayib.com\/wp-content\/uploads\/2025\/10\/\u00a9Karibinfo-768x742.jpg 768w\" sizes=\"(max-width: 800px) 100vw, 800px\" \/>\t\t\t\t\t\t\t\t\t\t\t<figcaption class=\"widget-image-caption wp-caption-text\">\u00a9Karib'info<\/figcaption>\n\t\t\t\t\t\t\t\t\t\t<\/figure>\n\t\t\t\t\t\t\t\t\t<\/div>\n\t\t\t\t<\/div>\n\t\t\t\t\t<\/div>\n\t\t<\/div>\n\t\t\t\t\t<\/div>\n\t\t<\/section>\n\t\t\t\t\t<\/div>\n\t\t<\/div>\n\t\t\t\t\t<\/div>\n\t\t<\/section>\n\t\t\t\t<section class=\"elementor-section elementor-top-section elementor-element elementor-element-82cd8f9 elementor-section-boxed elementor-section-height-default elementor-section-height-default\" data-id=\"82cd8f9\" data-element_type=\"section\">\n\t\t\t\t\t\t<div class=\"elementor-container elementor-column-gap-default\">\n\t\t\t\t\t<div class=\"elementor-column elementor-col-100 elementor-top-column elementor-element elementor-element-0bfdc38\" data-id=\"0bfdc38\" data-element_type=\"column\">\n\t\t\t<div class=\"elementor-widget-wrap elementor-element-populated\">\n\t\t\t\t\t\t<div class=\"elementor-element elementor-element-7d292fe elementor-widget elementor-widget-heading\" data-id=\"7d292fe\" data-element_type=\"widget\" data-widget_type=\"heading.default\">\n\t\t\t\t<div class=\"elementor-widget-container\">\n\t\t\t\t\t<h2 class=\"elementor-heading-title elementor-size-default\">Le dictionnaire de 1984, un tournant d\u00e9cisif<\/h2>\t\t\t\t<\/div>\n\t\t\t\t<\/div>\n\t\t\t\t<div class=\"elementor-element elementor-element-8e337bf elementor-widget elementor-widget-text-editor\" data-id=\"8e337bf\" data-element_type=\"widget\" data-widget_type=\"text-editor.default\">\n\t\t\t\t<div class=\"elementor-widget-container\">\n\t\t\t\t\t\t\t\t\t<p><span style=\"font-weight: 400;\">Lorsque para\u00eet le premier dictionnaire cr\u00e9ole-fran\u00e7ais en 1984, co-sign\u00e9 par Hector Poullet et Sylviane Telchid, c\u2019est une r\u00e9volution culturelle. Pour la premi\u00e8re fois, le cr\u00e9ole guadeloup\u00e9en se dote d\u2019un outil acad\u00e9mique solide, ouvrant la voie \u00e0 son enseignement et \u00e0 sa reconnaissance institutionnelle.<\/span><\/p>\t\t\t\t\t\t\t\t<\/div>\n\t\t\t\t<\/div>\n\t\t\t\t<div class=\"elementor-element elementor-element-d023b18 elementor-widget elementor-widget-text-editor\" data-id=\"d023b18\" data-element_type=\"widget\" data-widget_type=\"text-editor.default\">\n\t\t\t\t<div class=\"elementor-widget-container\">\n\t\t\t\t\t\t\t\t\t<p><span style=\"font-weight: 400;\">Ce dictionnaire, devenu une r\u00e9f\u00e9rence, a donn\u00e9 au cr\u00e9ole la l\u00e9gitimit\u00e9 d\u2019une langue codifi\u00e9e, transmise et \u00e9tudi\u00e9e. L\u2019initiative d\u2019Hector Poullet a inspir\u00e9 d\u2019autres chercheurs et enseignants \u00e0 poursuivre cette d\u00e9marche de normalisation linguistique. Aujourd\u2019hui encore, son travail reste cit\u00e9 dans les programmes scolaires et dans de nombreux ouvrages consacr\u00e9s \u00e0 la culture cr\u00e9ole.<\/span><\/p>\t\t\t\t\t\t\t\t<\/div>\n\t\t\t\t<\/div>\n\t\t\t\t<section class=\"elementor-section elementor-inner-section elementor-element elementor-element-c582330 elementor-section-boxed elementor-section-height-default elementor-section-height-default\" data-id=\"c582330\" data-element_type=\"section\">\n\t\t\t\t\t\t<div class=\"elementor-container elementor-column-gap-default\">\n\t\t\t\t\t\t<\/div>\n\t\t<\/section>\n\t\t\t\t<section class=\"elementor-section elementor-inner-section elementor-element elementor-element-296603a elementor-section-boxed elementor-section-height-default elementor-section-height-default\" data-id=\"296603a\" data-element_type=\"section\">\n\t\t\t\t\t\t<div class=\"elementor-container elementor-column-gap-default\">\n\t\t\t\t\t\t<\/div>\n\t\t<\/section>\n\t\t\t\t\t<\/div>\n\t\t<\/div>\n\t\t\t\t\t<\/div>\n\t\t<\/section>\n\t\t\t\t<section class=\"elementor-section elementor-top-section elementor-element elementor-element-5a7397d elementor-section-boxed elementor-section-height-default elementor-section-height-default\" data-id=\"5a7397d\" data-element_type=\"section\">\n\t\t\t\t\t\t<div class=\"elementor-container elementor-column-gap-default\">\n\t\t\t\t\t<div class=\"elementor-column elementor-col-100 elementor-top-column elementor-element elementor-element-8b33b4b\" data-id=\"8b33b4b\" data-element_type=\"column\">\n\t\t\t<div class=\"elementor-widget-wrap elementor-element-populated\">\n\t\t\t\t\t\t<div class=\"elementor-element elementor-element-89dac4b elementor-widget elementor-widget-heading\" data-id=\"89dac4b\" data-element_type=\"widget\" data-widget_type=\"heading.default\">\n\t\t\t\t<div class=\"elementor-widget-container\">\n\t\t\t\t\t<h2 class=\"elementor-heading-title elementor-size-default\">L\u2019amour, le courage et la transmission<\/h2>\t\t\t\t<\/div>\n\t\t\t\t<\/div>\n\t\t\t\t<div class=\"elementor-element elementor-element-43a45ac elementor-widget elementor-widget-text-editor\" data-id=\"43a45ac\" data-element_type=\"widget\" data-widget_type=\"text-editor.default\">\n\t\t\t\t<div class=\"elementor-widget-container\">\n\t\t\t\t\t\t\t\t\t<p><span style=\"font-weight: 400;\">L\u2019hommage rendu \u00e0 Hector Poullet a rappel\u00e9 les valeurs qui ont guid\u00e9 toute son \u0153uvre. L\u2019amour d\u2019abord, celui de la Guadeloupe et de sa jeunesse. Son retour \u00ab au pays \u00bb apr\u00e8s ses \u00e9tudes n\u2019\u00e9tait pas un simple retour g\u00e9ographique, mais un engagement profond envers son peuple.<\/span><\/p>\t\t\t\t\t\t\t\t<\/div>\n\t\t\t\t<\/div>\n\t\t\t\t<div class=\"elementor-element elementor-element-356a482 elementor-widget elementor-widget-text-editor\" data-id=\"356a482\" data-element_type=\"widget\" data-widget_type=\"text-editor.default\">\n\t\t\t\t<div class=\"elementor-widget-container\">\n\t\t\t\t\t\t\t\t\t<p><span style=\"font-weight: 400;\">Le courage ensuite. Dans les ann\u00e9es 1970 et 1980, parler cr\u00e9ole \u00e0 l\u2019\u00e9cole \u00e9tait encore un acte contest\u00e9. Avec pers\u00e9v\u00e9rance, il a d\u00e9fendu cette langue que certains voulaient taire. Gr\u00e2ce \u00e0 son travail et \u00e0 celui de ses coll\u00e8gues, le cr\u00e9ole a trouv\u00e9 sa place dans les salles de classe, devenant aujourd\u2019hui une option reconnue au m\u00eame titre que le latin ou l\u2019allemand.<\/span><\/p>\n<p><span style=\"font-weight: 400;\">Enfin, la transmission. il n\u2019a cess\u00e9 de partager son savoir : dictionnaires, contes, lexiques, traductions d\u2019\u0153uvres classiques\u2026 Son approche a toujours m\u00eal\u00e9 rigueur scientifique et fid\u00e9lit\u00e9 \u00e0 la culture populaire.<\/span><\/p>\t\t\t\t\t\t\t\t<\/div>\n\t\t\t\t<\/div>\n\t\t\t\t<section class=\"elementor-section elementor-inner-section elementor-element elementor-element-1df804e elementor-section-boxed elementor-section-height-default elementor-section-height-default\" data-id=\"1df804e\" data-element_type=\"section\">\n\t\t\t\t\t\t<div class=\"elementor-container elementor-column-gap-default\">\n\t\t\t\t\t<div class=\"elementor-column elementor-col-100 elementor-inner-column elementor-element elementor-element-dec5581\" data-id=\"dec5581\" data-element_type=\"column\">\n\t\t\t<div class=\"elementor-widget-wrap elementor-element-populated\">\n\t\t\t\t\t\t<div class=\"elementor-element elementor-element-73f7653 elementor-widget elementor-widget-video\" data-id=\"73f7653\" data-element_type=\"widget\" data-settings=\"{&quot;youtube_url&quot;:&quot;https:\\\/\\\/www.youtube.com\\\/watch?v=M9Qa3in_wb8&amp;t=1s&quot;,&quot;video_type&quot;:&quot;youtube&quot;,&quot;controls&quot;:&quot;yes&quot;}\" data-widget_type=\"video.default\">\n\t\t\t\t<div class=\"elementor-widget-container\">\n\t\t\t\t\t\t\t<div class=\"elementor-wrapper elementor-open-inline\">\n\t\t\t<div class=\"elementor-video\"><\/div>\t\t<\/div>\n\t\t\t\t\t\t<\/div>\n\t\t\t\t<\/div>\n\t\t\t\t\t<\/div>\n\t\t<\/div>\n\t\t\t\t\t<\/div>\n\t\t<\/section>\n\t\t\t\t\t<\/div>\n\t\t<\/div>\n\t\t\t\t\t<\/div>\n\t\t<\/section>\n\t\t\t\t<section class=\"elementor-section elementor-top-section elementor-element elementor-element-ceca32c elementor-section-boxed elementor-section-height-default elementor-section-height-default\" data-id=\"ceca32c\" data-element_type=\"section\">\n\t\t\t\t\t\t<div class=\"elementor-container elementor-column-gap-default\">\n\t\t\t\t\t<div class=\"elementor-column elementor-col-100 elementor-top-column elementor-element elementor-element-5a2e383\" data-id=\"5a2e383\" data-element_type=\"column\">\n\t\t\t<div class=\"elementor-widget-wrap elementor-element-populated\">\n\t\t\t\t\t\t<div class=\"elementor-element elementor-element-6cedf5f elementor-widget elementor-widget-heading\" data-id=\"6cedf5f\" data-element_type=\"widget\" data-widget_type=\"heading.default\">\n\t\t\t\t<div class=\"elementor-widget-container\">\n\t\t\t\t\t<h2 class=\"elementor-heading-title elementor-size-default\">Une langue, une terre, une identit\u00e9\n<\/h2>\t\t\t\t<\/div>\n\t\t\t\t<\/div>\n\t\t\t\t<div class=\"elementor-element elementor-element-e93d1fb elementor-widget elementor-widget-text-editor\" data-id=\"e93d1fb\" data-element_type=\"widget\" data-widget_type=\"text-editor.default\">\n\t\t\t\t<div class=\"elementor-widget-container\">\n\t\t\t\t\t\t\t\t\t<p><span style=\"font-weight: 400;\">L\u2019hommage du Jardin d\u2019Eau ne s\u2019est pas limit\u00e9 \u00e0 la parole. En musique, en vid\u00e9o et en t\u00e9moignages, la soir\u00e9e a r\u00e9v\u00e9l\u00e9 d\u2019autres facettes d&#8217;Hector Poullet : l\u2019agriculteur, le jardinier, l\u2019homme attach\u00e9 \u00e0 la terre. Dans son jardin traditionnel, il cultivait caf\u00e9, vanille et plantes m\u00e9dicinales, prolongeant \u00e0 sa mani\u00e8re l\u2019h\u00e9ritage des anciens.<\/span><\/p>\n<p><span style=\"font-weight: 400;\">Cet ancrage dans la nature refl\u00e8te sa vision du monde : la langue n\u2019est pas isol\u00e9e du reste, elle pousse dans un terreau fait de gestes, de savoirs et de m\u00e9moire. \u00c0 travers ses contes et ses \u00e9crits, Hector Poullet a su redonner \u00e0 la culture guadeloup\u00e9enne ses mots et ses racines.<\/span><\/p>\t\t\t\t\t\t\t\t<\/div>\n\t\t\t\t<\/div>\n\t\t\t\t\t<\/div>\n\t\t<\/div>\n\t\t\t\t\t<\/div>\n\t\t<\/section>\n\t\t\t\t<section class=\"elementor-section elementor-top-section elementor-element elementor-element-9c88a89 elementor-section-boxed elementor-section-height-default elementor-section-height-default\" data-id=\"9c88a89\" data-element_type=\"section\">\n\t\t\t\t\t\t<div class=\"elementor-container elementor-column-gap-default\">\n\t\t\t\t\t<div class=\"elementor-column elementor-col-100 elementor-top-column elementor-element elementor-element-78cf5d1\" data-id=\"78cf5d1\" data-element_type=\"column\">\n\t\t\t<div class=\"elementor-widget-wrap elementor-element-populated\">\n\t\t\t\t\t\t<div class=\"elementor-element elementor-element-ea2a5c1 elementor-widget elementor-widget-heading\" data-id=\"ea2a5c1\" data-element_type=\"widget\" data-widget_type=\"heading.default\">\n\t\t\t\t<div class=\"elementor-widget-container\">\n\t\t\t\t\t<h2 class=\"elementor-heading-title elementor-size-default\">Le cr\u00e9ole, de l\u2019interdit \u00e0 la reconnaissance<\/h2>\t\t\t\t<\/div>\n\t\t\t\t<\/div>\n\t\t\t\t<div class=\"elementor-element elementor-element-e305eee elementor-widget elementor-widget-text-editor\" data-id=\"e305eee\" data-element_type=\"widget\" data-widget_type=\"text-editor.default\">\n\t\t\t\t<div class=\"elementor-widget-container\">\n\t\t\t\t\t\t\t\t\t<p><span style=\"font-weight: 400;\">Le parcours d&#8217;Hector Poullet symbolise la lente ascension du cr\u00e9ole, pass\u00e9 du statut de langue marginale \u00e0 celui de langue patrimoniale. Ce chemin n\u2019a pas \u00e9t\u00e9 simple : il a fallu convaincre, prouver, argumenter. Mais \u00e0 force de travail, de publications et de dialogues, il a fait \u00e9voluer les mentalit\u00e9s.<\/span><\/p>\n<p><span style=\"font-weight: 400;\">Aujourd\u2019hui, le cr\u00e9ole est enseign\u00e9, \u00e9crit, chant\u00e9 et \u00e9tudi\u00e9. Chaque mot, chaque expression r\u00e9habilit\u00e9e porte l\u2019empreinte de ce combat men\u00e9 par Hector Poullet et ses pairs. Son dictionnaire de 1984 n\u2019\u00e9tait pas seulement un outil linguistique : il \u00e9tait un acte politique, une affirmation de dignit\u00e9.<\/span><\/p>\t\t\t\t\t\t\t\t<\/div>\n\t\t\t\t<\/div>\n\t\t\t\t\t<\/div>\n\t\t<\/div>\n\t\t\t\t\t<\/div>\n\t\t<\/section>\n\t\t\t\t<section class=\"elementor-section elementor-top-section elementor-element elementor-element-d12b3ef elementor-section-boxed elementor-section-height-default elementor-section-height-default\" data-id=\"d12b3ef\" data-element_type=\"section\">\n\t\t\t\t\t\t<div class=\"elementor-container elementor-column-gap-default\">\n\t\t\t\t\t<div class=\"elementor-column elementor-col-100 elementor-top-column elementor-element elementor-element-b2e89df\" data-id=\"b2e89df\" data-element_type=\"column\">\n\t\t\t<div class=\"elementor-widget-wrap elementor-element-populated\">\n\t\t\t\t\t\t<div class=\"elementor-element elementor-element-67cc560 elementor-widget elementor-widget-heading\" data-id=\"67cc560\" data-element_type=\"widget\" data-widget_type=\"heading.default\">\n\t\t\t\t<div class=\"elementor-widget-container\">\n\t\t\t\t\t<h2 class=\"elementor-heading-title elementor-size-default\">Une m\u00e9moire \u00e0 transmettre<\/h2>\t\t\t\t<\/div>\n\t\t\t\t<\/div>\n\t\t\t\t<div class=\"elementor-element elementor-element-659ff76 elementor-widget elementor-widget-text-editor\" data-id=\"659ff76\" data-element_type=\"widget\" data-widget_type=\"text-editor.default\">\n\t\t\t\t<div class=\"elementor-widget-container\">\n\t\t\t\t\t\t\t\t\t<p><span style=\"font-weight: 400;\">Lors de la c\u00e9r\u00e9monie, enseignants, artistes et \u00e9l\u00e8ves ont salu\u00e9 l\u2019homme autant que le p\u00e9dagogue. Des lectures, des chants et des t\u00e9moignages ont rappel\u00e9 l\u2019importance de son \u0153uvre dans la formation de g\u00e9n\u00e9rations enti\u00e8res. Pour beaucoup, <\/span><b>il <\/b><span style=\"font-weight: 400;\">a \u00e9t\u00e9 le premier \u00e0 leur faire comprendre que le cr\u00e9ole n\u2019est pas une langue du pass\u00e9, mais un espace de cr\u00e9ation et de pens\u00e9e.<\/span><\/p>\n<p><span style=\"font-weight: 400;\">Cet hommage, port\u00e9 par le Conseil d\u00e9partemental, rappelle aussi la responsabilit\u00e9 collective : celle de faire vivre la langue au-del\u00e0 des hommages, dans la vie quotidienne, dans les \u00e9coles, dans les m\u00e9dias.<\/span><\/p>\t\t\t\t\t\t\t\t<\/div>\n\t\t\t\t<\/div>\n\t\t\t\t<section class=\"elementor-section elementor-inner-section elementor-element elementor-element-afddf60 elementor-section-boxed elementor-section-height-default elementor-section-height-default\" data-id=\"afddf60\" data-element_type=\"section\">\n\t\t\t\t\t\t<div class=\"elementor-container elementor-column-gap-default\">\n\t\t\t\t\t<div class=\"elementor-column elementor-col-100 elementor-inner-column elementor-element elementor-element-35f98fd\" data-id=\"35f98fd\" data-element_type=\"column\">\n\t\t\t<div class=\"elementor-widget-wrap elementor-element-populated\">\n\t\t\t\t\t\t<div class=\"elementor-element elementor-element-c1ebec5 elementor-widget elementor-widget-image\" data-id=\"c1ebec5\" data-element_type=\"widget\" data-widget_type=\"image.default\">\n\t\t\t\t<div class=\"elementor-widget-container\">\n\t\t\t\t\t\t\t\t\t\t\t\t<figure class=\"wp-caption\">\n\t\t\t\t\t\t\t\t\t\t<img decoding=\"async\" width=\"596\" height=\"393\" src=\"https:\/\/richeskarayib.com\/wp-content\/uploads\/2025\/10\/\u00a9Karibinfo-2.jpg\" class=\"attachment-large size-large wp-image-63832\" alt=\"Hector Poullet\" srcset=\"https:\/\/richeskarayib.com\/wp-content\/uploads\/2025\/10\/\u00a9Karibinfo-2.jpg 596w, https:\/\/richeskarayib.com\/wp-content\/uploads\/2025\/10\/\u00a9Karibinfo-2-300x198.jpg 300w\" sizes=\"(max-width: 596px) 100vw, 596px\" \/>\t\t\t\t\t\t\t\t\t\t\t<figcaption class=\"widget-image-caption wp-caption-text\">\u00a9Karib'info<\/figcaption>\n\t\t\t\t\t\t\t\t\t\t<\/figure>\n\t\t\t\t\t\t\t\t\t<\/div>\n\t\t\t\t<\/div>\n\t\t\t\t\t<\/div>\n\t\t<\/div>\n\t\t\t\t\t<\/div>\n\t\t<\/section>\n\t\t\t\t\t<\/div>\n\t\t<\/div>\n\t\t\t\t\t<\/div>\n\t\t<\/section>\n\t\t\t\t<section class=\"elementor-section elementor-top-section elementor-element elementor-element-805105d elementor-section-boxed elementor-section-height-default elementor-section-height-default\" data-id=\"805105d\" data-element_type=\"section\">\n\t\t\t\t\t\t<div class=\"elementor-container elementor-column-gap-default\">\n\t\t\t\t\t<div class=\"elementor-column elementor-col-100 elementor-top-column elementor-element elementor-element-4107119\" data-id=\"4107119\" data-element_type=\"column\">\n\t\t\t<div class=\"elementor-widget-wrap elementor-element-populated\">\n\t\t\t\t\t\t<div class=\"elementor-element elementor-element-f6b57e6 elementor-widget elementor-widget-heading\" data-id=\"f6b57e6\" data-element_type=\"widget\" data-widget_type=\"heading.default\">\n\t\t\t\t<div class=\"elementor-widget-container\">\n\t\t\t\t\t<h2 class=\"elementor-heading-title elementor-size-default\">Un h\u00e9ritage vivant<\/h2>\t\t\t\t<\/div>\n\t\t\t\t<\/div>\n\t\t\t\t<div class=\"elementor-element elementor-element-024bdd6 elementor-widget elementor-widget-text-editor\" data-id=\"024bdd6\" data-element_type=\"widget\" data-widget_type=\"text-editor.default\">\n\t\t\t\t<div class=\"elementor-widget-container\">\n\t\t\t\t\t\t\t\t\t<p><span style=\"font-weight: 400;\">L\u2019h\u00e9ritage d\u2019Hector Poullet d\u00e9passe le cadre acad\u00e9mique. Il incarne la conscience d\u2019un peuple qui a repris la parole. Son \u0153uvre, amorc\u00e9e il y a plus de quarante ans, continue d\u2019inspirer \u00e9crivains, enseignants et musiciens de toute la <a href=\"https:\/\/richeskarayib.com\/fr\/reseau-des-alliances-francaises-de-la-caraibe\/\" target=\"_blank\" rel=\"noopener\">Cara\u00efbe<\/a>.<\/span><\/p>\n<p><span style=\"font-weight: 400;\">Dans chaque mot cr\u00e9ole prononc\u00e9, dans chaque texte \u00e9crit, une part de son travail demeure. Par sa vision humaniste et son engagement patient, il a prouv\u00e9 que d\u00e9fendre sa langue, c\u2019est aussi d\u00e9fendre sa libert\u00e9.<\/span><\/p>\t\t\t\t\t\t\t\t<\/div>\n\t\t\t\t<\/div>\n\t\t\t\t\t<\/div>\n\t\t<\/div>\n\t\t\t\t\t<\/div>\n\t\t<\/section>\n\t\t\t\t<section class=\"elementor-section elementor-top-section elementor-element elementor-element-4893e0b elementor-section-boxed elementor-section-height-default elementor-section-height-default\" data-id=\"4893e0b\" data-element_type=\"section\">\n\t\t\t\t\t\t<div class=\"elementor-container elementor-column-gap-default\">\n\t\t\t\t\t<div class=\"elementor-column elementor-col-100 elementor-top-column elementor-element elementor-element-2e0f14e\" data-id=\"2e0f14e\" data-element_type=\"column\">\n\t\t\t<div class=\"elementor-widget-wrap elementor-element-populated\">\n\t\t\t\t\t\t<div class=\"elementor-element elementor-element-005eccb elementor-widget elementor-widget-text-editor\" data-id=\"005eccb\" data-element_type=\"widget\" data-widget_type=\"text-editor.default\">\n\t\t\t\t<div class=\"elementor-widget-container\">\n\t\t\t\t\t\t\t\t\t<p><span style=\"font-weight: 400;\">Le nom d&#8217;Hector Poullet restera li\u00e9 \u00e0 la renaissance du cr\u00e9ole en Guadeloupe. Son dictionnaire de 1984, ses cours pionniers et ses nombreuses publications constituent un patrimoine vivant. L\u2019hommage du Jardin d\u2019Eau n\u2019a pas seulement salu\u00e9 un homme : il a rappel\u00e9 qu\u2019une langue n\u2019existe que par ceux qui la portent et la transmettent.<\/span><\/p>\n<p><span style=\"font-weight: 400;\">Gr\u00e2ce \u00e0 lui, la Guadeloupe parle aujourd\u2019hui avec plus de fiert\u00e9, plus de conscience, et surtout, avec ses propres mots.<\/span><\/p>\t\t\t\t\t\t\t\t<\/div>\n\t\t\t\t<\/div>\n\t\t\t\t<section class=\"elementor-section elementor-inner-section elementor-element elementor-element-347267a elementor-section-boxed elementor-section-height-default elementor-section-height-default\" data-id=\"347267a\" data-element_type=\"section\">\n\t\t\t\t\t\t<div class=\"elementor-container elementor-column-gap-default\">\n\t\t\t\t\t<div class=\"elementor-column elementor-col-100 elementor-inner-column elementor-element elementor-element-b845e83\" data-id=\"b845e83\" data-element_type=\"column\">\n\t\t\t<div class=\"elementor-widget-wrap elementor-element-populated\">\n\t\t\t\t\t\t<div class=\"elementor-element elementor-element-dc889b5 elementor-widget elementor-widget-video\" data-id=\"dc889b5\" data-element_type=\"widget\" data-settings=\"{&quot;youtube_url&quot;:&quot;https:\\\/\\\/www.youtube.com\\\/watch?v=Vl_7XyiNOt4&quot;,&quot;video_type&quot;:&quot;youtube&quot;,&quot;controls&quot;:&quot;yes&quot;}\" data-widget_type=\"video.default\">\n\t\t\t\t<div class=\"elementor-widget-container\">\n\t\t\t\t\t\t\t<div class=\"elementor-wrapper elementor-open-inline\">\n\t\t\t<div class=\"elementor-video\"><\/div>\t\t<\/div>\n\t\t\t\t\t\t<\/div>\n\t\t\t\t<\/div>\n\t\t\t\t\t<\/div>\n\t\t<\/div>\n\t\t\t\t\t<\/div>\n\t\t<\/section>\n\t\t\t\t\t<\/div>\n\t\t<\/div>\n\t\t\t\t\t<\/div>\n\t\t<\/section>\n\t\t\t\t<\/div>\n\t\t","protected":false},"excerpt":{"rendered":"<p>Le Jardin d\u2019Eau de Goyave a r\u00e9sonn\u00e9 d\u2019\u00e9motion, lundi 27 octobre, lors de l\u2019hommage rendu \u00e0 Hector Poullet. \u00c0 travers la 14\u1d49 \u00e9dition du concept On ti zy\u00e9dou, le D\u00e9partement de la Guadeloupe a salu\u00e9 le parcours d\u2019un homme qui a consacr\u00e9 sa vie \u00e0 la langue cr\u00e9ole et \u00e0 la jeunesse guadeloup\u00e9enne. Auteur du [&hellip;]<\/p>\n","protected":false},"author":662,"featured_media":63824,"comment_status":"open","ping_status":"open","sticky":false,"template":"","format":"standard","meta":{"_acf_changed":false,"footnotes":""},"categories":[1359],"tags":[1545],"class_list":["post-63823","post","type-post","status-publish","format-standard","has-post-thumbnail","hentry","category-litterature-fr","tag-guadeloupe-2"],"acf":[],"_links":{"self":[{"href":"https:\/\/richeskarayib.com\/fr\/wp-json\/wp\/v2\/posts\/63823","targetHints":{"allow":["GET"]}}],"collection":[{"href":"https:\/\/richeskarayib.com\/fr\/wp-json\/wp\/v2\/posts"}],"about":[{"href":"https:\/\/richeskarayib.com\/fr\/wp-json\/wp\/v2\/types\/post"}],"author":[{"embeddable":true,"href":"https:\/\/richeskarayib.com\/fr\/wp-json\/wp\/v2\/users\/662"}],"replies":[{"embeddable":true,"href":"https:\/\/richeskarayib.com\/fr\/wp-json\/wp\/v2\/comments?post=63823"}],"version-history":[{"count":0,"href":"https:\/\/richeskarayib.com\/fr\/wp-json\/wp\/v2\/posts\/63823\/revisions"}],"wp:featuredmedia":[{"embeddable":true,"href":"https:\/\/richeskarayib.com\/fr\/wp-json\/wp\/v2\/media\/63824"}],"wp:attachment":[{"href":"https:\/\/richeskarayib.com\/fr\/wp-json\/wp\/v2\/media?parent=63823"}],"wp:term":[{"taxonomy":"category","embeddable":true,"href":"https:\/\/richeskarayib.com\/fr\/wp-json\/wp\/v2\/categories?post=63823"},{"taxonomy":"post_tag","embeddable":true,"href":"https:\/\/richeskarayib.com\/fr\/wp-json\/wp\/v2\/tags?post=63823"}],"curies":[{"name":"wp","href":"https:\/\/api.w.org\/{rel}","templated":true}]}}