{"id":63840,"date":"2025-10-30T05:34:05","date_gmt":"2025-10-30T09:34:05","guid":{"rendered":"https:\/\/richeskarayib.com\/?p=63840"},"modified":"2025-10-30T05:34:05","modified_gmt":"2025-10-30T09:34:05","slug":"festival-de-la-toile-des-palmistes-2025","status":"publish","type":"post","link":"https:\/\/richeskarayib.com\/fr\/festival-de-la-toile-des-palmistes-2025\/","title":{"rendered":"Festival de la Toile des Palmistes 2025 : la Guyane mise sur le court-m\u00e9trage et la jeunesse"},"content":{"rendered":"\t\t<div data-elementor-type=\"wp-post\" data-elementor-id=\"63840\" class=\"elementor elementor-63840\" data-elementor-post-type=\"post\">\n\t\t\t\t\t\t<section class=\"elementor-section elementor-top-section elementor-element elementor-element-7ca7ca1 elementor-section-boxed elementor-section-height-default elementor-section-height-default\" data-id=\"7ca7ca1\" data-element_type=\"section\">\n\t\t\t\t\t\t<div class=\"elementor-container elementor-column-gap-default\">\n\t\t\t\t\t<div class=\"elementor-column elementor-col-100 elementor-top-column elementor-element elementor-element-cbdd002\" data-id=\"cbdd002\" data-element_type=\"column\">\n\t\t\t<div class=\"elementor-widget-wrap elementor-element-populated\">\n\t\t\t\t\t\t<section class=\"elementor-section elementor-inner-section elementor-element elementor-element-bc94849 elementor-section-boxed elementor-section-height-default elementor-section-height-default\" data-id=\"bc94849\" data-element_type=\"section\">\n\t\t\t\t\t\t<div class=\"elementor-container elementor-column-gap-default\">\n\t\t\t\t\t\t<\/div>\n\t\t<\/section>\n\t\t\t\t<section class=\"elementor-section elementor-inner-section elementor-element elementor-element-61571e6 elementor-section-boxed elementor-section-height-default elementor-section-height-default\" data-id=\"61571e6\" data-element_type=\"section\">\n\t\t\t\t\t\t<div class=\"elementor-container elementor-column-gap-default\">\n\t\t\t\t\t\t<\/div>\n\t\t<\/section>\n\t\t\t\t<section class=\"elementor-section elementor-inner-section elementor-element elementor-element-b6262e0 elementor-section-boxed elementor-section-height-default elementor-section-height-default\" data-id=\"b6262e0\" data-element_type=\"section\">\n\t\t\t\t\t\t<div class=\"elementor-container elementor-column-gap-default\">\n\t\t\t\t\t\t<\/div>\n\t\t<\/section>\n\t\t\t\t<section class=\"elementor-section elementor-inner-section elementor-element elementor-element-cca29fd elementor-section-boxed elementor-section-height-default elementor-section-height-default\" data-id=\"cca29fd\" data-element_type=\"section\">\n\t\t\t\t\t\t<div class=\"elementor-container elementor-column-gap-default\">\n\t\t\t\t\t\t<\/div>\n\t\t<\/section>\n\t\t\t\t\t<\/div>\n\t\t<\/div>\n\t\t\t\t\t<\/div>\n\t\t<\/section>\n\t\t\t\t<section class=\"elementor-section elementor-top-section elementor-element elementor-element-e1fea79 elementor-section-boxed elementor-section-height-default elementor-section-height-default\" data-id=\"e1fea79\" data-element_type=\"section\">\n\t\t\t\t\t\t<div class=\"elementor-container elementor-column-gap-default\">\n\t\t\t\t\t<div class=\"elementor-column elementor-col-100 elementor-top-column elementor-element elementor-element-6d0be76\" data-id=\"6d0be76\" data-element_type=\"column\">\n\t\t\t<div class=\"elementor-widget-wrap elementor-element-populated\">\n\t\t\t\t\t\t<div class=\"elementor-element elementor-element-bbb62ae elementor-widget elementor-widget-text-editor\" data-id=\"bbb62ae\" data-element_type=\"widget\" data-widget_type=\"text-editor.default\">\n\t\t\t\t<div class=\"elementor-widget-container\">\n\t\t\t\t\t\t\t\t\t<p><span style=\"font-weight: 400;\">Du 30 octobre au 1er novembre 2025, le <a href=\"https:\/\/www.gcam-guyane.com\/festival-la-toile-des-palmistes_2025\/\" target=\"_blank\" rel=\"noopener nofollow\">Festival de la Toile des Palmistes<\/a> se tiendra \u00e0 Cayenne, en Guyane, pour sa 9\u1d49 \u00e9dition. Organis\u00e9 par la G\u2011CAM (Guyane Cin\u00e9ma, Audiovisuel et Multim\u00e9dia), cet \u00e9v\u00e9nement met en avant les courts-m\u00e9trages et les cr\u00e9ations locales et internationales dans un contexte o\u00f9 la fili\u00e8re cin\u00e9ma guyanaise s\u2019affirme.<\/span><a href=\"https:\/\/www.gcam-guyane.com\/festival-la-toile-des-palmistes_2025\/?utm_source=chatgpt.com\" rel=\"nofollow noopener\" target=\"_blank\"><span style=\"font-weight: 400;\">\u00a0<\/span><\/a><\/p>\n<p><span style=\"font-weight: 400;\">Le Festival de la Toile des Palmistes, articul\u00e9 autour de projections, d\u2019ateliers et de rencontres professionnelles, est install\u00e9 sur la place des Palmistes et au cin\u00e9ma Eldorado \u00e0 Cayenne, ainsi qu\u2019en hors-les-murs \u00e0 R\u00e9mire-Montjoly.<\/span> <span style=\"font-weight: 400;\">Cette localisation symbolique permet \u00e0 la fois d\u2019ancrer l\u2019\u00e9v\u00e9nement dans l\u2019espace urbain de la capitale guyanaise et de le rendre accessible aux habitants. La gratuit\u00e9 annonc\u00e9e de l\u2019entr\u00e9e renforce cet acc\u00e8s public \u00e9largi.<\/span><\/p>\t\t\t\t\t\t\t\t<\/div>\n\t\t\t\t<\/div>\n\t\t\t\t<div class=\"elementor-element elementor-element-5d84d05 elementor-widget elementor-widget-image\" data-id=\"5d84d05\" data-element_type=\"widget\" data-widget_type=\"image.default\">\n\t\t\t\t<div class=\"elementor-widget-container\">\n\t\t\t\t\t\t\t\t\t\t\t\t<figure class=\"wp-caption\">\n\t\t\t\t\t\t\t\t\t\t<img fetchpriority=\"high\" decoding=\"async\" width=\"800\" height=\"266\" src=\"https:\/\/richeskarayib.com\/wp-content\/uploads\/2025\/10\/\u00a9GCAM-1024x341.png\" class=\"attachment-large size-large wp-image-63847\" alt=\"La Toile des Palmistes\" srcset=\"https:\/\/richeskarayib.com\/wp-content\/uploads\/2025\/10\/\u00a9GCAM-1024x341.png 1024w, https:\/\/richeskarayib.com\/wp-content\/uploads\/2025\/10\/\u00a9GCAM-300x100.png 300w, https:\/\/richeskarayib.com\/wp-content\/uploads\/2025\/10\/\u00a9GCAM-768x256.png 768w, https:\/\/richeskarayib.com\/wp-content\/uploads\/2025\/10\/\u00a9GCAM-1320x440.png 1320w, https:\/\/richeskarayib.com\/wp-content\/uploads\/2025\/10\/\u00a9GCAM.png 1500w\" sizes=\"(max-width: 800px) 100vw, 800px\" \/>\t\t\t\t\t\t\t\t\t\t\t<figcaption class=\"widget-image-caption wp-caption-text\">\u00a9GCAM<\/figcaption>\n\t\t\t\t\t\t\t\t\t\t<\/figure>\n\t\t\t\t\t\t\t\t\t<\/div>\n\t\t\t\t<\/div>\n\t\t\t\t\t<\/div>\n\t\t<\/div>\n\t\t\t\t\t<\/div>\n\t\t<\/section>\n\t\t\t\t<section class=\"elementor-section elementor-top-section elementor-element elementor-element-ee72354 elementor-section-boxed elementor-section-height-default elementor-section-height-default\" data-id=\"ee72354\" data-element_type=\"section\">\n\t\t\t\t\t\t<div class=\"elementor-container elementor-column-gap-default\">\n\t\t\t\t\t<div class=\"elementor-column elementor-col-100 elementor-top-column elementor-element elementor-element-c59d6fe\" data-id=\"c59d6fe\" data-element_type=\"column\">\n\t\t\t<div class=\"elementor-widget-wrap elementor-element-populated\">\n\t\t\t\t\t\t<div class=\"elementor-element elementor-element-ddc6a1e elementor-widget elementor-widget-heading\" data-id=\"ddc6a1e\" data-element_type=\"widget\" data-widget_type=\"heading.default\">\n\t\t\t\t<div class=\"elementor-widget-container\">\n\t\t\t\t\t<h2 class=\"elementor-heading-title elementor-size-default\">Une ambition confirm\u00e9e<\/h2>\t\t\t\t<\/div>\n\t\t\t\t<\/div>\n\t\t\t\t<div class=\"elementor-element elementor-element-e57451f elementor-widget elementor-widget-text-editor\" data-id=\"e57451f\" data-element_type=\"widget\" data-widget_type=\"text-editor.default\">\n\t\t\t\t<div class=\"elementor-widget-container\">\n\t\t\t\t\t\t\t\t\t<p><span style=\"font-weight: 400;\"><a href=\"https:\/\/la1ere.franceinfo.fr\/guyane\/centre-littoral\/cayenne\/le-festival-de-la-toile-des-palmistes-un-rendez-vous-incontournable-du-cinema-en-guyane-1637851.html\" target=\"_blank\" rel=\"noopener nofollow\">Le Festival de la Toile des Palmistes<\/a> fait partie d\u2019un double dispositif culturel en Guyane avec le FIFAC (Festival international du film documentaire Amazonie-Cara\u00efbes) \u00e0 Saint-Laurent-du-Maroni : alors que celui-ci concentre sur le documentaire de zone Amazonie-Cara\u00efbes, le Festival de la Toile des Palmistes propose une programmation plus ouverte \u00e0 la fiction, \u00e0 l\u2019animation et aux \u0153uvres internationales. Cette compl\u00e9mentarit\u00e9 contribue \u00e0 positionner la Guyane comme \u00ab terre de cin\u00e9ma \u00bb.<\/span><\/p>\n<p><span style=\"font-weight: 400;\">Depuis 2020, l\u2019\u00e9v\u00e9nement s\u2019est affirm\u00e9 comme rendez-vous annuel, ce qui a permis de structurer la fr\u00e9quentation, renforcer la communication et d\u00e9velopper les m\u00e9diations vers les publics plus jeunes. Cette r\u00e9gularit\u00e9 est un marqueur de maturit\u00e9 pour ce secteur ultramarin.<\/span><\/p>\t\t\t\t\t\t\t\t<\/div>\n\t\t\t\t<\/div>\n\t\t\t\t<div class=\"elementor-element elementor-element-64fe105 elementor-widget elementor-widget-text-editor\" data-id=\"64fe105\" data-element_type=\"widget\" data-widget_type=\"text-editor.default\">\n\t\t\t\t<div class=\"elementor-widget-container\">\n\t\t\t\t\t\t\t\t\t<p><span style=\"font-weight: 400;\">Pour cette \u00e9dition 2025, le Festival de la Toile des Palmistes propose une programmation centr\u00e9e sur le court-m\u00e9trage (fiction, animation, documentaire) mais aussi sur la jeunesse et la com\u00e9die. Dans cette ligne, un nouveau parcours interactif con\u00e7u avec l\u2019association Digital Street permettra de d\u00e9couvrir les m\u00e9tiers du cin\u00e9ma dans Cayenne. L\u2019accent est \u00e9galement mis sur un concours de courts-m\u00e9trages au th\u00e8me \u00ab Sans filtre \u00bb. Selon le r\u00e8glement communiqu\u00e9, les \u0153uvres doivent \u00eatre tourn\u00e9es en Guyane, d\u2019une dur\u00e9e maximale de trois minutes, et inscrites avant le 10 octobre 2025.<\/span><\/p>\n<p><span style=\"font-weight: 400;\">Cette attention port\u00e9e aux jeunes publics et aux pratiques de cr\u00e9ation locale est un signe de l\u2019engagement du festival : non seulement montrer des films, mais inciter \u00e0 faire des films. En c\u00e9l\u00e9brant la voix des territoires ultramarins, l\u2019\u00e9v\u00e9nement s\u2019inscrit dans une dynamique de valorisation culturelle et de formation.<\/span><\/p>\t\t\t\t\t\t\t\t<\/div>\n\t\t\t\t<\/div>\n\t\t\t\t<section class=\"elementor-section elementor-inner-section elementor-element elementor-element-0730bf2 elementor-section-boxed elementor-section-height-default elementor-section-height-default\" data-id=\"0730bf2\" data-element_type=\"section\">\n\t\t\t\t\t\t<div class=\"elementor-container elementor-column-gap-default\">\n\t\t\t\t\t<div class=\"elementor-column elementor-col-100 elementor-inner-column elementor-element elementor-element-9a3ec32\" data-id=\"9a3ec32\" data-element_type=\"column\">\n\t\t\t<div class=\"elementor-widget-wrap elementor-element-populated\">\n\t\t\t\t\t\t<div class=\"elementor-element elementor-element-709dfba elementor-widget elementor-widget-image\" data-id=\"709dfba\" data-element_type=\"widget\" data-widget_type=\"image.default\">\n\t\t\t\t<div class=\"elementor-widget-container\">\n\t\t\t\t\t\t\t\t\t\t\t\t<figure class=\"wp-caption\">\n\t\t\t\t\t\t\t\t\t\t<img decoding=\"async\" width=\"728\" height=\"1024\" src=\"https:\/\/richeskarayib.com\/wp-content\/uploads\/2025\/10\/\u00a9GCAM-728x1024.jpg\" class=\"attachment-large size-large wp-image-63871\" alt=\"La Toile des Palmistes\" srcset=\"https:\/\/richeskarayib.com\/wp-content\/uploads\/2025\/10\/\u00a9GCAM-728x1024.jpg 728w, https:\/\/richeskarayib.com\/wp-content\/uploads\/2025\/10\/\u00a9GCAM-213x300.jpg 213w, https:\/\/richeskarayib.com\/wp-content\/uploads\/2025\/10\/\u00a9GCAM-768x1080.jpg 768w, https:\/\/richeskarayib.com\/wp-content\/uploads\/2025\/10\/\u00a9GCAM.jpg 1092w\" sizes=\"(max-width: 728px) 100vw, 728px\" \/>\t\t\t\t\t\t\t\t\t\t\t<figcaption class=\"widget-image-caption wp-caption-text\">\u00a9GCAM<\/figcaption>\n\t\t\t\t\t\t\t\t\t\t<\/figure>\n\t\t\t\t\t\t\t\t\t<\/div>\n\t\t\t\t<\/div>\n\t\t\t\t\t<\/div>\n\t\t<\/div>\n\t\t\t\t\t<\/div>\n\t\t<\/section>\n\t\t\t\t\t<\/div>\n\t\t<\/div>\n\t\t\t\t\t<\/div>\n\t\t<\/section>\n\t\t\t\t<section class=\"elementor-section elementor-top-section elementor-element elementor-element-82cd8f9 elementor-section-boxed elementor-section-height-default elementor-section-height-default\" data-id=\"82cd8f9\" data-element_type=\"section\">\n\t\t\t\t\t\t<div class=\"elementor-container elementor-column-gap-default\">\n\t\t\t\t\t<div class=\"elementor-column elementor-col-100 elementor-top-column elementor-element elementor-element-0bfdc38\" data-id=\"0bfdc38\" data-element_type=\"column\">\n\t\t\t<div class=\"elementor-widget-wrap elementor-element-populated\">\n\t\t\t\t\t\t<div class=\"elementor-element elementor-element-7d292fe elementor-widget elementor-widget-heading\" data-id=\"7d292fe\" data-element_type=\"widget\" data-widget_type=\"heading.default\">\n\t\t\t\t<div class=\"elementor-widget-container\">\n\t\t\t\t\t<h2 class=\"elementor-heading-title elementor-size-default\">Un dispositif professionnel et formateur\n<\/h2>\t\t\t\t<\/div>\n\t\t\t\t<\/div>\n\t\t\t\t<div class=\"elementor-element elementor-element-8e337bf elementor-widget elementor-widget-text-editor\" data-id=\"8e337bf\" data-element_type=\"widget\" data-widget_type=\"text-editor.default\">\n\t\t\t\t<div class=\"elementor-widget-container\">\n\t\t\t\t\t\t\t\t\t<p><span style=\"font-weight: 400;\">Outre les s\u00e9ances publiques, le Festival de la Toile des Palmistes s\u2019enrichit de temps professionnels : ateliers, r\u00e9sidences, tables-rondes. En prolongement, la G-CAM accueillera du 3 au 7 novembre 2025 l\u2019atelier international EURODOC Amazonie\u2011Cara\u00efbe \u00e0 destination des producteurs de Guyane, d\u2019Antilles, du Br\u00e9sil et du Suriname pour un soutien \u00e0 la coproduction documentaire.<\/span> <span style=\"font-weight: 400;\">\u00a0Cette dimension contribue \u00e0 consolider la fili\u00e8re audiovisuelle locale et \u00e0 inscrire la Guyane dans un r\u00e9seau r\u00e9gional de cr\u00e9ation et de diffusion.<\/span><\/p>\t\t\t\t\t\t\t\t<\/div>\n\t\t\t\t<\/div>\n\t\t\t\t<section class=\"elementor-section elementor-inner-section elementor-element elementor-element-ea24472 elementor-section-boxed elementor-section-height-default elementor-section-height-default\" data-id=\"ea24472\" data-element_type=\"section\">\n\t\t\t\t\t\t<div class=\"elementor-container elementor-column-gap-default\">\n\t\t\t\t\t<div class=\"elementor-column elementor-col-50 elementor-inner-column elementor-element elementor-element-6904bd3\" data-id=\"6904bd3\" data-element_type=\"column\">\n\t\t\t<div class=\"elementor-widget-wrap elementor-element-populated\">\n\t\t\t\t\t\t<div class=\"elementor-element elementor-element-f9ee382 elementor-widget elementor-widget-image\" data-id=\"f9ee382\" data-element_type=\"widget\" data-widget_type=\"image.default\">\n\t\t\t\t<div class=\"elementor-widget-container\">\n\t\t\t\t\t\t\t\t\t\t\t\t<figure class=\"wp-caption\">\n\t\t\t\t\t\t\t\t\t\t<img decoding=\"async\" width=\"800\" height=\"534\" src=\"https:\/\/richeskarayib.com\/wp-content\/uploads\/2025\/10\/cover-ideo-1024x683.jpg\" class=\"attachment-large size-large wp-image-63875\" alt=\"\" srcset=\"https:\/\/richeskarayib.com\/wp-content\/uploads\/2025\/10\/cover-ideo-1024x683.jpg 1024w, https:\/\/richeskarayib.com\/wp-content\/uploads\/2025\/10\/cover-ideo-300x200.jpg 300w, https:\/\/richeskarayib.com\/wp-content\/uploads\/2025\/10\/cover-ideo-768x512.jpg 768w, https:\/\/richeskarayib.com\/wp-content\/uploads\/2025\/10\/cover-ideo-1536x1024.jpg 1536w, https:\/\/richeskarayib.com\/wp-content\/uploads\/2025\/10\/cover-ideo-1320x880.jpg 1320w, https:\/\/richeskarayib.com\/wp-content\/uploads\/2025\/10\/cover-ideo.jpg 1920w\" sizes=\"(max-width: 800px) 100vw, 800px\" \/>\t\t\t\t\t\t\t\t\t\t\t<figcaption class=\"widget-image-caption wp-caption-text\">\u00a9Festival de la Toile des Palmistes<\/figcaption>\n\t\t\t\t\t\t\t\t\t\t<\/figure>\n\t\t\t\t\t\t\t\t\t<\/div>\n\t\t\t\t<\/div>\n\t\t\t\t\t<\/div>\n\t\t<\/div>\n\t\t\t\t<div class=\"elementor-column elementor-col-50 elementor-inner-column elementor-element elementor-element-f1a9346\" data-id=\"f1a9346\" data-element_type=\"column\">\n\t\t\t<div class=\"elementor-widget-wrap elementor-element-populated\">\n\t\t\t\t\t\t<div class=\"elementor-element elementor-element-c514864 elementor-widget elementor-widget-image\" data-id=\"c514864\" data-element_type=\"widget\" data-widget_type=\"image.default\">\n\t\t\t\t<div class=\"elementor-widget-container\">\n\t\t\t\t\t\t\t\t\t\t\t\t<figure class=\"wp-caption\">\n\t\t\t\t\t\t\t\t\t\t<img loading=\"lazy\" decoding=\"async\" width=\"800\" height=\"533\" src=\"https:\/\/richeskarayib.com\/wp-content\/uploads\/2025\/10\/cover-2-1024x682.jpg\" class=\"attachment-large size-large wp-image-63879\" alt=\"\" srcset=\"https:\/\/richeskarayib.com\/wp-content\/uploads\/2025\/10\/cover-2-1024x682.jpg 1024w, https:\/\/richeskarayib.com\/wp-content\/uploads\/2025\/10\/cover-2-300x200.jpg 300w, https:\/\/richeskarayib.com\/wp-content\/uploads\/2025\/10\/cover-2-768x512.jpg 768w, https:\/\/richeskarayib.com\/wp-content\/uploads\/2025\/10\/cover-2-1536x1023.jpg 1536w, https:\/\/richeskarayib.com\/wp-content\/uploads\/2025\/10\/cover-2-1320x879.jpg 1320w, https:\/\/richeskarayib.com\/wp-content\/uploads\/2025\/10\/cover-2.jpg 1600w\" sizes=\"(max-width: 800px) 100vw, 800px\" \/>\t\t\t\t\t\t\t\t\t\t\t<figcaption class=\"widget-image-caption wp-caption-text\">\u00a9Festival de la Toile des Palmistes<\/figcaption>\n\t\t\t\t\t\t\t\t\t\t<\/figure>\n\t\t\t\t\t\t\t\t\t<\/div>\n\t\t\t\t<\/div>\n\t\t\t\t\t<\/div>\n\t\t<\/div>\n\t\t\t\t\t<\/div>\n\t\t<\/section>\n\t\t\t\t<section class=\"elementor-section elementor-inner-section elementor-element elementor-element-c582330 elementor-section-boxed elementor-section-height-default elementor-section-height-default\" data-id=\"c582330\" data-element_type=\"section\">\n\t\t\t\t\t\t<div class=\"elementor-container elementor-column-gap-default\">\n\t\t\t\t\t\t<\/div>\n\t\t<\/section>\n\t\t\t\t<section class=\"elementor-section elementor-inner-section elementor-element elementor-element-296603a elementor-section-boxed elementor-section-height-default elementor-section-height-default\" data-id=\"296603a\" data-element_type=\"section\">\n\t\t\t\t\t\t<div class=\"elementor-container elementor-column-gap-default\">\n\t\t\t\t\t\t<\/div>\n\t\t<\/section>\n\t\t\t\t\t<\/div>\n\t\t<\/div>\n\t\t\t\t\t<\/div>\n\t\t<\/section>\n\t\t\t\t<section class=\"elementor-section elementor-top-section elementor-element elementor-element-5a7397d elementor-section-boxed elementor-section-height-default elementor-section-height-default\" data-id=\"5a7397d\" data-element_type=\"section\">\n\t\t\t\t\t\t<div class=\"elementor-container elementor-column-gap-default\">\n\t\t\t\t\t<div class=\"elementor-column elementor-col-100 elementor-top-column elementor-element elementor-element-8b33b4b\" data-id=\"8b33b4b\" data-element_type=\"column\">\n\t\t\t<div class=\"elementor-widget-wrap elementor-element-populated\">\n\t\t\t\t\t\t<div class=\"elementor-element elementor-element-89dac4b elementor-widget elementor-widget-heading\" data-id=\"89dac4b\" data-element_type=\"widget\" data-widget_type=\"heading.default\">\n\t\t\t\t<div class=\"elementor-widget-container\">\n\t\t\t\t\t<h2 class=\"elementor-heading-title elementor-size-default\">Une programmation large et accessible<\/h2>\t\t\t\t<\/div>\n\t\t\t\t<\/div>\n\t\t\t\t<div class=\"elementor-element elementor-element-43a45ac elementor-widget elementor-widget-text-editor\" data-id=\"43a45ac\" data-element_type=\"widget\" data-widget_type=\"text-editor.default\">\n\t\t\t\t<div class=\"elementor-widget-container\">\n\t\t\t\t\t\t\t\t\t<p><span style=\"font-weight: 400;\">Le Festival de la Toile des Palmistes annoncera une s\u00e9lection d\u2019une quarantaine de films issus de pr\u00e8s de trente pays. Les s\u00e9ances d\u00e9buteront par un programme \u00ab Jeune public \u00bb (\u00ab Ti-moun \u00bb) et couvriront des \u0153uvres d\u2019outre-mer, de la Guyane et de l\u2019international. Le cin\u00e9ma Eldorado, 21 place des Palmistes \u00e0 Cayenne, accueillera les projections en salle, tandis que la place des Palmistes servira de lieu pour le<\/span><b>s<\/b><span style=\"font-weight: 400;\"> s\u00e9ances en plein air, apportant une dimension urbaine conviviale \u00e0 l\u2019\u00e9v\u00e9nement.<\/span><\/p>\t\t\t\t\t\t\t\t<\/div>\n\t\t\t\t<\/div>\n\t\t\t\t<section class=\"elementor-section elementor-inner-section elementor-element elementor-element-7ae3913 elementor-section-boxed elementor-section-height-default elementor-section-height-default\" data-id=\"7ae3913\" data-element_type=\"section\">\n\t\t\t\t\t\t<div class=\"elementor-container elementor-column-gap-default\">\n\t\t\t\t\t<div class=\"elementor-column elementor-col-33 elementor-inner-column elementor-element elementor-element-964186d\" data-id=\"964186d\" data-element_type=\"column\">\n\t\t\t<div class=\"elementor-widget-wrap elementor-element-populated\">\n\t\t\t\t\t\t<div class=\"elementor-element elementor-element-2d8aae4 elementor-widget elementor-widget-image\" data-id=\"2d8aae4\" data-element_type=\"widget\" data-widget_type=\"image.default\">\n\t\t\t\t<div class=\"elementor-widget-container\">\n\t\t\t\t\t\t\t\t\t\t\t\t<figure class=\"wp-caption\">\n\t\t\t\t\t\t\t\t\t\t<img loading=\"lazy\" decoding=\"async\" width=\"800\" height=\"1000\" src=\"https:\/\/richeskarayib.com\/wp-content\/uploads\/2025\/10\/pro-1-819x1024.jpeg\" class=\"attachment-large size-large wp-image-63851\" alt=\"La Toile des Palmistes\" srcset=\"https:\/\/richeskarayib.com\/wp-content\/uploads\/2025\/10\/pro-1-819x1024.jpeg 819w, https:\/\/richeskarayib.com\/wp-content\/uploads\/2025\/10\/pro-1-240x300.jpeg 240w, https:\/\/richeskarayib.com\/wp-content\/uploads\/2025\/10\/pro-1-768x960.jpeg 768w, https:\/\/richeskarayib.com\/wp-content\/uploads\/2025\/10\/pro-1-1229x1536.jpeg 1229w, https:\/\/richeskarayib.com\/wp-content\/uploads\/2025\/10\/pro-1-1320x1650.jpeg 1320w, https:\/\/richeskarayib.com\/wp-content\/uploads\/2025\/10\/pro-1.jpeg 1440w\" sizes=\"(max-width: 800px) 100vw, 800px\" \/>\t\t\t\t\t\t\t\t\t\t\t<figcaption class=\"widget-image-caption wp-caption-text\">\u00a9Festival de la Toile des Palmistes<\/figcaption>\n\t\t\t\t\t\t\t\t\t\t<\/figure>\n\t\t\t\t\t\t\t\t\t<\/div>\n\t\t\t\t<\/div>\n\t\t\t\t\t<\/div>\n\t\t<\/div>\n\t\t\t\t<div class=\"elementor-column elementor-col-33 elementor-inner-column elementor-element elementor-element-20c7f15\" data-id=\"20c7f15\" data-element_type=\"column\">\n\t\t\t<div class=\"elementor-widget-wrap elementor-element-populated\">\n\t\t\t\t\t\t<div class=\"elementor-element elementor-element-6a43411 elementor-widget elementor-widget-image\" data-id=\"6a43411\" data-element_type=\"widget\" data-widget_type=\"image.default\">\n\t\t\t\t<div class=\"elementor-widget-container\">\n\t\t\t\t\t\t\t\t\t\t\t\t<figure class=\"wp-caption\">\n\t\t\t\t\t\t\t\t\t\t<img loading=\"lazy\" decoding=\"async\" width=\"800\" height=\"1000\" src=\"https:\/\/richeskarayib.com\/wp-content\/uploads\/2025\/10\/pro-2-819x1024.jpeg\" class=\"attachment-large size-large wp-image-63855\" alt=\"La Toile des Palmistes\" srcset=\"https:\/\/richeskarayib.com\/wp-content\/uploads\/2025\/10\/pro-2-819x1024.jpeg 819w, https:\/\/richeskarayib.com\/wp-content\/uploads\/2025\/10\/pro-2-240x300.jpeg 240w, https:\/\/richeskarayib.com\/wp-content\/uploads\/2025\/10\/pro-2-768x960.jpeg 768w, https:\/\/richeskarayib.com\/wp-content\/uploads\/2025\/10\/pro-2-1229x1536.jpeg 1229w, https:\/\/richeskarayib.com\/wp-content\/uploads\/2025\/10\/pro-2-1320x1650.jpeg 1320w, https:\/\/richeskarayib.com\/wp-content\/uploads\/2025\/10\/pro-2.jpeg 1440w\" sizes=\"(max-width: 800px) 100vw, 800px\" \/>\t\t\t\t\t\t\t\t\t\t\t<figcaption class=\"widget-image-caption wp-caption-text\">\u00a9Festival de la Toile des Palmistes<\/figcaption>\n\t\t\t\t\t\t\t\t\t\t<\/figure>\n\t\t\t\t\t\t\t\t\t<\/div>\n\t\t\t\t<\/div>\n\t\t\t\t\t<\/div>\n\t\t<\/div>\n\t\t\t\t<div class=\"elementor-column elementor-col-33 elementor-inner-column elementor-element elementor-element-0a5cbbc\" data-id=\"0a5cbbc\" data-element_type=\"column\">\n\t\t\t<div class=\"elementor-widget-wrap elementor-element-populated\">\n\t\t\t\t\t\t<div class=\"elementor-element elementor-element-19e7ef2 elementor-widget elementor-widget-image\" data-id=\"19e7ef2\" data-element_type=\"widget\" data-widget_type=\"image.default\">\n\t\t\t\t<div class=\"elementor-widget-container\">\n\t\t\t\t\t\t\t\t\t\t\t\t<figure class=\"wp-caption\">\n\t\t\t\t\t\t\t\t\t\t<img loading=\"lazy\" decoding=\"async\" width=\"800\" height=\"1000\" src=\"https:\/\/richeskarayib.com\/wp-content\/uploads\/2025\/10\/pro-3-819x1024.jpeg\" class=\"attachment-large size-large wp-image-63859\" alt=\"La Toile des Palmistes\" srcset=\"https:\/\/richeskarayib.com\/wp-content\/uploads\/2025\/10\/pro-3-819x1024.jpeg 819w, https:\/\/richeskarayib.com\/wp-content\/uploads\/2025\/10\/pro-3-240x300.jpeg 240w, https:\/\/richeskarayib.com\/wp-content\/uploads\/2025\/10\/pro-3-768x960.jpeg 768w, https:\/\/richeskarayib.com\/wp-content\/uploads\/2025\/10\/pro-3-1229x1536.jpeg 1229w, https:\/\/richeskarayib.com\/wp-content\/uploads\/2025\/10\/pro-3-1320x1650.jpeg 1320w, https:\/\/richeskarayib.com\/wp-content\/uploads\/2025\/10\/pro-3.jpeg 1440w\" sizes=\"(max-width: 800px) 100vw, 800px\" \/>\t\t\t\t\t\t\t\t\t\t\t<figcaption class=\"widget-image-caption wp-caption-text\">\u00a9Festival de la Toile des Palmistes<\/figcaption>\n\t\t\t\t\t\t\t\t\t\t<\/figure>\n\t\t\t\t\t\t\t\t\t<\/div>\n\t\t\t\t<\/div>\n\t\t\t\t\t<\/div>\n\t\t<\/div>\n\t\t\t\t\t<\/div>\n\t\t<\/section>\n\t\t\t\t<section class=\"elementor-section elementor-inner-section elementor-element elementor-element-58305a6 elementor-section-boxed elementor-section-height-default elementor-section-height-default\" data-id=\"58305a6\" data-element_type=\"section\">\n\t\t\t\t\t\t<div class=\"elementor-container elementor-column-gap-default\">\n\t\t\t\t\t<div class=\"elementor-column elementor-col-50 elementor-inner-column elementor-element elementor-element-8f480a6\" data-id=\"8f480a6\" data-element_type=\"column\">\n\t\t\t<div class=\"elementor-widget-wrap elementor-element-populated\">\n\t\t\t\t\t\t<div class=\"elementor-element elementor-element-81cc96a elementor-widget elementor-widget-image\" data-id=\"81cc96a\" data-element_type=\"widget\" data-widget_type=\"image.default\">\n\t\t\t\t<div class=\"elementor-widget-container\">\n\t\t\t\t\t\t\t\t\t\t\t\t<figure class=\"wp-caption\">\n\t\t\t\t\t\t\t\t\t\t<img loading=\"lazy\" decoding=\"async\" width=\"800\" height=\"1000\" src=\"https:\/\/richeskarayib.com\/wp-content\/uploads\/2025\/10\/pro-4-819x1024.jpeg\" class=\"attachment-large size-large wp-image-63863\" alt=\"La Toile des Palmistes\" srcset=\"https:\/\/richeskarayib.com\/wp-content\/uploads\/2025\/10\/pro-4-819x1024.jpeg 819w, https:\/\/richeskarayib.com\/wp-content\/uploads\/2025\/10\/pro-4-240x300.jpeg 240w, https:\/\/richeskarayib.com\/wp-content\/uploads\/2025\/10\/pro-4-768x960.jpeg 768w, https:\/\/richeskarayib.com\/wp-content\/uploads\/2025\/10\/pro-4-1229x1536.jpeg 1229w, https:\/\/richeskarayib.com\/wp-content\/uploads\/2025\/10\/pro-4-1320x1650.jpeg 1320w, https:\/\/richeskarayib.com\/wp-content\/uploads\/2025\/10\/pro-4.jpeg 1440w\" sizes=\"(max-width: 800px) 100vw, 800px\" \/>\t\t\t\t\t\t\t\t\t\t\t<figcaption class=\"widget-image-caption wp-caption-text\">\u00a9Festival de la Toile des Palmistes<\/figcaption>\n\t\t\t\t\t\t\t\t\t\t<\/figure>\n\t\t\t\t\t\t\t\t\t<\/div>\n\t\t\t\t<\/div>\n\t\t\t\t\t<\/div>\n\t\t<\/div>\n\t\t\t\t<div class=\"elementor-column elementor-col-50 elementor-inner-column elementor-element elementor-element-3f8b986\" data-id=\"3f8b986\" data-element_type=\"column\">\n\t\t\t<div class=\"elementor-widget-wrap elementor-element-populated\">\n\t\t\t\t\t\t<div class=\"elementor-element elementor-element-d2d574d elementor-widget elementor-widget-image\" data-id=\"d2d574d\" data-element_type=\"widget\" data-widget_type=\"image.default\">\n\t\t\t\t<div class=\"elementor-widget-container\">\n\t\t\t\t\t\t\t\t\t\t\t\t<figure class=\"wp-caption\">\n\t\t\t\t\t\t\t\t\t\t<img loading=\"lazy\" decoding=\"async\" width=\"800\" height=\"1000\" src=\"https:\/\/richeskarayib.com\/wp-content\/uploads\/2025\/10\/pro-5-819x1024.jpeg\" class=\"attachment-large size-large wp-image-63867\" alt=\"La Toile des Palmistes\" srcset=\"https:\/\/richeskarayib.com\/wp-content\/uploads\/2025\/10\/pro-5-819x1024.jpeg 819w, https:\/\/richeskarayib.com\/wp-content\/uploads\/2025\/10\/pro-5-240x300.jpeg 240w, https:\/\/richeskarayib.com\/wp-content\/uploads\/2025\/10\/pro-5-768x960.jpeg 768w, https:\/\/richeskarayib.com\/wp-content\/uploads\/2025\/10\/pro-5-1229x1536.jpeg 1229w, https:\/\/richeskarayib.com\/wp-content\/uploads\/2025\/10\/pro-5-1320x1650.jpeg 1320w, https:\/\/richeskarayib.com\/wp-content\/uploads\/2025\/10\/pro-5.jpeg 1440w\" sizes=\"(max-width: 800px) 100vw, 800px\" \/>\t\t\t\t\t\t\t\t\t\t\t<figcaption class=\"widget-image-caption wp-caption-text\">\u00a9Festival de la Toile des Palmistes<\/figcaption>\n\t\t\t\t\t\t\t\t\t\t<\/figure>\n\t\t\t\t\t\t\t\t\t<\/div>\n\t\t\t\t<\/div>\n\t\t\t\t\t<\/div>\n\t\t<\/div>\n\t\t\t\t\t<\/div>\n\t\t<\/section>\n\t\t\t\t\t<\/div>\n\t\t<\/div>\n\t\t\t\t\t<\/div>\n\t\t<\/section>\n\t\t\t\t<section class=\"elementor-section elementor-top-section elementor-element elementor-element-ceca32c elementor-section-boxed elementor-section-height-default elementor-section-height-default\" data-id=\"ceca32c\" data-element_type=\"section\">\n\t\t\t\t\t\t<div class=\"elementor-container elementor-column-gap-default\">\n\t\t\t\t\t<div class=\"elementor-column elementor-col-100 elementor-top-column elementor-element elementor-element-5a2e383\" data-id=\"5a2e383\" data-element_type=\"column\">\n\t\t\t<div class=\"elementor-widget-wrap elementor-element-populated\">\n\t\t\t\t\t\t<div class=\"elementor-element elementor-element-6cedf5f elementor-widget elementor-widget-heading\" data-id=\"6cedf5f\" data-element_type=\"widget\" data-widget_type=\"heading.default\">\n\t\t\t\t<div class=\"elementor-widget-container\">\n\t\t\t\t\t<h2 class=\"elementor-heading-title elementor-size-default\">Pourquoi le festival est-il important ?<\/h2>\t\t\t\t<\/div>\n\t\t\t\t<\/div>\n\t\t\t\t<div class=\"elementor-element elementor-element-e93d1fb elementor-widget elementor-widget-text-editor\" data-id=\"e93d1fb\" data-element_type=\"widget\" data-widget_type=\"text-editor.default\">\n\t\t\t\t<div class=\"elementor-widget-container\">\n\t\t\t\t\t\t\t\t\t<p><span style=\"font-weight: 400;\">\u00c0 une \u00e9poque o\u00f9 les territoires ultramarins affichent des besoins de reconnaissance et de structuration dans l\u2019audiovisuel, le Festival de la Toile des Palmistes joue un r\u00f4le cl\u00e9. Il permet de :<\/span><\/p>\n<ul>\n<li style=\"list-style-type: none;\">\n<ul>\n<li style=\"font-weight: 400;\" aria-level=\"1\"><span style=\"font-weight: 400;\">\u2705 faire \u00e9merger des talents guyanais dans un cadre comp\u00e9titif et formateur ;<\/span><\/li>\n<li style=\"font-weight: 400;\" aria-level=\"1\"><span style=\"font-weight: 400;\">\u2705 sensibiliser un nouveau public, notamment les jeunes, via ateliers et m\u00e9diation ;<\/span><\/li>\n<li style=\"font-weight: 400;\" aria-level=\"1\"><span style=\"font-weight: 400;\">\u2705 contribuer \u00e0 l\u2019attractivit\u00e9 du territoire en mati\u00e8re de tournage et de production audiovisuelle ;<\/span><\/li>\n<li style=\"font-weight: 400;\" aria-level=\"1\"><span style=\"font-weight: 400;\">\u2705 tisser des liens entre la Guyane, la Cara\u00efbe et le monde.<\/span><\/li>\n<\/ul>\n<\/li>\n<\/ul>\n<p>\u00a0<\/p>\t\t\t\t\t\t\t\t<\/div>\n\t\t\t\t<\/div>\n\t\t\t\t\t<\/div>\n\t\t<\/div>\n\t\t\t\t\t<\/div>\n\t\t<\/section>\n\t\t\t\t<section class=\"elementor-section elementor-top-section elementor-element elementor-element-9c88a89 elementor-section-boxed elementor-section-height-default elementor-section-height-default\" data-id=\"9c88a89\" data-element_type=\"section\">\n\t\t\t\t\t\t<div class=\"elementor-container elementor-column-gap-default\">\n\t\t\t\t\t<div class=\"elementor-column elementor-col-100 elementor-top-column elementor-element elementor-element-78cf5d1\" data-id=\"78cf5d1\" data-element_type=\"column\">\n\t\t\t<div class=\"elementor-widget-wrap elementor-element-populated\">\n\t\t\t\t\t\t<div class=\"elementor-element elementor-element-ea2a5c1 elementor-widget elementor-widget-heading\" data-id=\"ea2a5c1\" data-element_type=\"widget\" data-widget_type=\"heading.default\">\n\t\t\t\t<div class=\"elementor-widget-container\">\n\t\t\t\t\t<h2 class=\"elementor-heading-title elementor-size-default\">Informations pratiques\n<\/h2>\t\t\t\t<\/div>\n\t\t\t\t<\/div>\n\t\t\t\t<div class=\"elementor-element elementor-element-e305eee elementor-widget elementor-widget-text-editor\" data-id=\"e305eee\" data-element_type=\"widget\" data-widget_type=\"text-editor.default\">\n\t\t\t\t<div class=\"elementor-widget-container\">\n\t\t\t\t\t\t\t\t\t<ul>\n<li style=\"list-style-type: none;\">\n<ul>\n<li style=\"font-weight: 400;\" aria-level=\"1\"><span style=\"font-weight: 400;\">&#8211; Dates : 30 octobre \u2013 1\u1d49\u02b3 novembre 2025.<\/span><\/li>\n<li style=\"font-weight: 400;\" aria-level=\"1\"><span style=\"font-weight: 400;\">&#8211; Lieux : place des Palmistes (plein air), cin\u00e9ma Eldorado \u00e0 Cayenne, et hors-les-murs \u00e0 R\u00e9mire-Montjoly.<\/span><\/li>\n<li style=\"font-weight: 400;\" aria-level=\"1\"><span style=\"font-weight: 400;\">&#8211; Entr\u00e9e libre et gratuite.<\/span><\/li>\n<li style=\"font-weight: 400;\" aria-level=\"1\"><span style=\"font-weight: 400;\">&#8211; Concours \u00ab Sans filtre \u00bb r\u00e9serv\u00e9 aux films tourn\u00e9s en Guyane, dur\u00e9e max 3 min, inscription jusqu\u2019au 10 octobre 2025<\/span><\/li>\n<\/ul>\n<\/li>\n<\/ul>\t\t\t\t\t\t\t\t<\/div>\n\t\t\t\t<\/div>\n\t\t\t\t\t<\/div>\n\t\t<\/div>\n\t\t\t\t\t<\/div>\n\t\t<\/section>\n\t\t\t\t<section class=\"elementor-section elementor-top-section elementor-element elementor-element-d12b3ef elementor-section-boxed elementor-section-height-default elementor-section-height-default\" data-id=\"d12b3ef\" data-element_type=\"section\">\n\t\t\t\t\t\t<div class=\"elementor-container elementor-column-gap-default\">\n\t\t\t\t\t<div class=\"elementor-column elementor-col-100 elementor-top-column elementor-element elementor-element-b2e89df\" data-id=\"b2e89df\" data-element_type=\"column\">\n\t\t\t<div class=\"elementor-widget-wrap elementor-element-populated\">\n\t\t\t\t\t\t<div class=\"elementor-element elementor-element-659ff76 elementor-widget elementor-widget-text-editor\" data-id=\"659ff76\" data-element_type=\"widget\" data-widget_type=\"text-editor.default\">\n\t\t\t\t<div class=\"elementor-widget-container\">\n\t\t\t\t\t\t\t\t\t<p><span style=\"font-weight: 400;\">Le Festival de la Toile des Palmistes affirme en 2025 sa volont\u00e9 de devenir un p\u00f4le artistique reconnu de la zone ultramarine. Gr\u00e2ce \u00e0 une programmation accessible, \u00e0 des dispositifs destin\u00e9s \u00e0 la jeunesse et \u00e0 une double orientation grand public et professionnel, il renforce durablement la place de la <a href=\"https:\/\/richeskarayib.com\/fr\/caribbean-connect-relier-desenclaver\/\" target=\"_blank\" rel=\"noopener\">Guyane<\/a> dans la circulation des images cr\u00e9atives. Pour les habitants, pour les jeunes en qu\u00eate de r\u00e9cit, pour les professionnels en devenir, ce rendez-vous constitue un moment de partage et de projection vers demain.<\/span><\/p>\n<p><span style=\"font-weight: 400;\">Sur fond de palmiers et d\u2019images nombreuses, la Guyane se fait sc\u00e8ne et se donne une voix. Le Festival de la Toile des Palmistes est l\u2019un des instruments de cette ambition, \u00e0 suivre sans attendre.<\/span><\/p>\t\t\t\t\t\t\t\t<\/div>\n\t\t\t\t<\/div>\n\t\t\t\t\t<\/div>\n\t\t<\/div>\n\t\t\t\t\t<\/div>\n\t\t<\/section>\n\t\t\t\t<\/div>\n\t\t","protected":false},"excerpt":{"rendered":"<p>Du 30 octobre au 1er novembre 2025, le Festival de la Toile des Palmistes se tiendra \u00e0 Cayenne, en Guyane, pour sa 9\u1d49 \u00e9dition. Organis\u00e9 par la G\u2011CAM (Guyane Cin\u00e9ma, Audiovisuel et Multim\u00e9dia), cet \u00e9v\u00e9nement met en avant les courts-m\u00e9trages et les cr\u00e9ations locales et internationales dans un contexte o\u00f9 la fili\u00e8re cin\u00e9ma guyanaise s\u2019affirme.\u00a0 [&hellip;]<\/p>\n","protected":false},"author":662,"featured_media":63841,"comment_status":"open","ping_status":"open","sticky":false,"template":"","format":"standard","meta":{"_acf_changed":false,"footnotes":""},"categories":[1504],"tags":[1544],"class_list":["post-63840","post","type-post","status-publish","format-standard","has-post-thumbnail","hentry","category-film-et-video","tag-guyane-2"],"acf":[],"_links":{"self":[{"href":"https:\/\/richeskarayib.com\/fr\/wp-json\/wp\/v2\/posts\/63840","targetHints":{"allow":["GET"]}}],"collection":[{"href":"https:\/\/richeskarayib.com\/fr\/wp-json\/wp\/v2\/posts"}],"about":[{"href":"https:\/\/richeskarayib.com\/fr\/wp-json\/wp\/v2\/types\/post"}],"author":[{"embeddable":true,"href":"https:\/\/richeskarayib.com\/fr\/wp-json\/wp\/v2\/users\/662"}],"replies":[{"embeddable":true,"href":"https:\/\/richeskarayib.com\/fr\/wp-json\/wp\/v2\/comments?post=63840"}],"version-history":[{"count":0,"href":"https:\/\/richeskarayib.com\/fr\/wp-json\/wp\/v2\/posts\/63840\/revisions"}],"wp:featuredmedia":[{"embeddable":true,"href":"https:\/\/richeskarayib.com\/fr\/wp-json\/wp\/v2\/media\/63841"}],"wp:attachment":[{"href":"https:\/\/richeskarayib.com\/fr\/wp-json\/wp\/v2\/media?parent=63840"}],"wp:term":[{"taxonomy":"category","embeddable":true,"href":"https:\/\/richeskarayib.com\/fr\/wp-json\/wp\/v2\/categories?post=63840"},{"taxonomy":"post_tag","embeddable":true,"href":"https:\/\/richeskarayib.com\/fr\/wp-json\/wp\/v2\/tags?post=63840"}],"curies":[{"name":"wp","href":"https:\/\/api.w.org\/{rel}","templated":true}]}}