{"id":64163,"date":"2025-11-19T06:00:25","date_gmt":"2025-11-19T10:00:25","guid":{"rendered":"https:\/\/richeskarayib.com\/?p=64163"},"modified":"2025-11-19T06:26:37","modified_gmt":"2025-11-19T10:26:37","slug":"la-solidarite-un-art-de-vivre-alefpa","status":"publish","type":"post","link":"https:\/\/richeskarayib.com\/fr\/la-solidarite-un-art-de-vivre-alefpa\/","title":{"rendered":"La solidarit\u00e9, un art de vivre dans la Cara\u00efbe : l\u2019ALEFPA confirme son engagement en Martinique"},"content":{"rendered":"\t\t<div data-elementor-type=\"wp-post\" data-elementor-id=\"64163\" class=\"elementor elementor-64163\" data-elementor-post-type=\"post\">\n\t\t\t\t\t\t<section class=\"elementor-section elementor-top-section elementor-element elementor-element-7ca7ca1 elementor-section-boxed elementor-section-height-default elementor-section-height-default\" data-id=\"7ca7ca1\" data-element_type=\"section\">\n\t\t\t\t\t\t<div class=\"elementor-container elementor-column-gap-default\">\n\t\t\t\t\t<div class=\"elementor-column elementor-col-100 elementor-top-column elementor-element elementor-element-cbdd002\" data-id=\"cbdd002\" data-element_type=\"column\">\n\t\t\t<div class=\"elementor-widget-wrap elementor-element-populated\">\n\t\t\t\t\t\t<section class=\"elementor-section elementor-inner-section elementor-element elementor-element-bc94849 elementor-section-boxed elementor-section-height-default elementor-section-height-default\" data-id=\"bc94849\" data-element_type=\"section\">\n\t\t\t\t\t\t<div class=\"elementor-container elementor-column-gap-default\">\n\t\t\t\t\t\t<\/div>\n\t\t<\/section>\n\t\t\t\t<section class=\"elementor-section elementor-inner-section elementor-element elementor-element-61571e6 elementor-section-boxed elementor-section-height-default elementor-section-height-default\" data-id=\"61571e6\" data-element_type=\"section\">\n\t\t\t\t\t\t<div class=\"elementor-container elementor-column-gap-default\">\n\t\t\t\t\t\t<\/div>\n\t\t<\/section>\n\t\t\t\t<section class=\"elementor-section elementor-inner-section elementor-element elementor-element-b6262e0 elementor-section-boxed elementor-section-height-default elementor-section-height-default\" data-id=\"b6262e0\" data-element_type=\"section\">\n\t\t\t\t\t\t<div class=\"elementor-container elementor-column-gap-default\">\n\t\t\t\t\t\t<\/div>\n\t\t<\/section>\n\t\t\t\t<section class=\"elementor-section elementor-inner-section elementor-element elementor-element-cca29fd elementor-section-boxed elementor-section-height-default elementor-section-height-default\" data-id=\"cca29fd\" data-element_type=\"section\">\n\t\t\t\t\t\t<div class=\"elementor-container elementor-column-gap-default\">\n\t\t\t\t\t\t<\/div>\n\t\t<\/section>\n\t\t\t\t\t<\/div>\n\t\t<\/div>\n\t\t\t\t\t<\/div>\n\t\t<\/section>\n\t\t\t\t<section class=\"elementor-section elementor-top-section elementor-element elementor-element-ee72354 elementor-section-boxed elementor-section-height-default elementor-section-height-default\" data-id=\"ee72354\" data-element_type=\"section\">\n\t\t\t\t\t\t<div class=\"elementor-container elementor-column-gap-default\">\n\t\t\t\t\t<div class=\"elementor-column elementor-col-100 elementor-top-column elementor-element elementor-element-c59d6fe\" data-id=\"c59d6fe\" data-element_type=\"column\">\n\t\t\t<div class=\"elementor-widget-wrap elementor-element-populated\">\n\t\t\t\t\t\t<div class=\"elementor-element elementor-element-e57451f elementor-widget elementor-widget-text-editor\" data-id=\"e57451f\" data-element_type=\"widget\" data-widget_type=\"text-editor.default\">\n\t\t\t\t<div class=\"elementor-widget-container\">\n\t\t\t\t\t\t\t\t\t<p><span style=\"font-weight: 400;\">En Martinique, en Guadeloupe ou \u00e0 Saint-Martin, la solidarit\u00e9 reste une force tranquille. Elle s\u2019incarne dans les gestes du quotidien, dans l\u2019attention port\u00e9e \u00e0 l\u2019autre et dans la conviction partag\u00e9e qu\u2019aucune vuln\u00e9rabilit\u00e9 n\u2019est une fatalit\u00e9. C\u2019est dans cet esprit que <\/span><a href=\"https:\/\/www.alefpa.fr\/\" target=\"_blank\" rel=\"noopener nofollow\"><b>l\u2019ALEFPA<\/b><\/a><span style=\"font-weight: 400;\"> (Association La\u00efque pour l\u2019\u00c9ducation, la Formation, la Pr\u00e9vention et l\u2019Autonomie) poursuit depuis plus de soixante ans une mission simple et humaine : accompagner chaque personne, \u00e0 chaque \u00e9tape de sa vie, vers plus d\u2019autonomie et de dignit\u00e9.<\/span><\/p>\t\t\t\t\t\t\t\t<\/div>\n\t\t\t\t<\/div>\n\t\t\t\t\t<\/div>\n\t\t<\/div>\n\t\t\t\t\t<\/div>\n\t\t<\/section>\n\t\t\t\t<section class=\"elementor-section elementor-top-section elementor-element elementor-element-82cd8f9 elementor-section-boxed elementor-section-height-default elementor-section-height-default\" data-id=\"82cd8f9\" data-element_type=\"section\">\n\t\t\t\t\t\t<div class=\"elementor-container elementor-column-gap-default\">\n\t\t\t\t\t<div class=\"elementor-column elementor-col-100 elementor-top-column elementor-element elementor-element-0bfdc38\" data-id=\"0bfdc38\" data-element_type=\"column\">\n\t\t\t<div class=\"elementor-widget-wrap elementor-element-populated\">\n\t\t\t\t\t\t<div class=\"elementor-element elementor-element-7d292fe elementor-widget elementor-widget-heading\" data-id=\"7d292fe\" data-element_type=\"widget\" data-widget_type=\"heading.default\">\n\t\t\t\t<div class=\"elementor-widget-container\">\n\t\t\t\t\t<h2 class=\"elementor-heading-title elementor-size-default\">Une pr\u00e9sence historique et des racines carib\u00e9ennes solides<\/h2>\t\t\t\t<\/div>\n\t\t\t\t<\/div>\n\t\t\t\t<div class=\"elementor-element elementor-element-8e337bf elementor-widget elementor-widget-text-editor\" data-id=\"8e337bf\" data-element_type=\"widget\" data-widget_type=\"text-editor.default\">\n\t\t\t\t<div class=\"elementor-widget-container\">\n\t\t\t\t\t\t\t\t\t<p><span style=\"font-weight: 400;\">Pr\u00e9sente dans l\u2019ensemble du territoire fran\u00e7ais, <\/span><b>l\u2019ALEFPA<\/b><span style=\"font-weight: 400;\"> agit chaque ann\u00e9e aupr\u00e8s de 20 000 personnes gr\u00e2ce \u00e0 250 \u00e9tablissements et plus de 4 000 salari\u00e9s.<\/span><span style=\"font-weight: 400;\"><br \/><\/span><span style=\"font-weight: 400;\"> Dans la Cara\u00efbe, <\/span><b>l\u2019ALEFPA<\/b><span style=\"font-weight: 400;\"> s\u2019est implant\u00e9e durablement :<\/span><\/p>\n<ul>\n<li style=\"font-weight: 400;\" aria-level=\"1\"><span style=\"font-weight: 400;\">&#8211; En <\/span><b>Guadeloupe<\/b><span style=\"font-weight: 400;\">, d\u00e8s 1981, avec l\u2019Institut M\u00e9dico-\u00c9ducatif Denis Forestier ;<\/span><\/li>\n<li style=\"font-weight: 400;\" aria-level=\"1\"><span style=\"font-weight: 400;\">&#8211; En <\/span><b>Martinique<\/b><span style=\"font-weight: 400;\">, depuis 2012, avec le <\/span><b>Centre d\u2019H\u00e9bergement et de R\u00e9insertion Sociale Rosannie Soleil<\/b><span style=\"font-weight: 400;\"> ;<\/span><\/li>\n<li style=\"font-weight: 400;\" aria-level=\"1\"><span style=\"font-weight: 400;\">&#8211; \u00c0 <\/span><b>Saint-Martin<\/b><span style=\"font-weight: 400;\">, depuis 2020, avec le <\/span><b>CHRS Le Manteau<\/b><span style=\"font-weight: 400;\">.<\/span><\/li>\n<\/ul>\n<p><span style=\"font-weight: 400;\">Au total, 37 structures de <\/span><b>l\u2019ALEFPA<\/b><span style=\"font-weight: 400;\"> accueillent et accompagnent 2 763 b\u00e9n\u00e9ficiaires, soutenus par 311 \u00e9quivalents temps plein. Ce r\u00e9seau d\u2019acteurs locaux incarne une solidarit\u00e9 ancr\u00e9e dans les r\u00e9alit\u00e9s de terrain.<\/span><\/p>\t\t\t\t\t\t\t\t<\/div>\n\t\t\t\t<\/div>\n\t\t\t\t<section class=\"elementor-section elementor-inner-section elementor-element elementor-element-6d7275f elementor-section-boxed elementor-section-height-default elementor-section-height-default\" data-id=\"6d7275f\" data-element_type=\"section\">\n\t\t\t\t\t\t<div class=\"elementor-container elementor-column-gap-default\">\n\t\t\t\t\t<div class=\"elementor-column elementor-col-50 elementor-inner-column elementor-element elementor-element-7ce7d8b\" data-id=\"7ce7d8b\" data-element_type=\"column\">\n\t\t\t<div class=\"elementor-widget-wrap elementor-element-populated\">\n\t\t\t\t\t\t<div class=\"elementor-element elementor-element-4de79fd elementor-widget elementor-widget-image\" data-id=\"4de79fd\" data-element_type=\"widget\" data-widget_type=\"image.default\">\n\t\t\t\t<div class=\"elementor-widget-container\">\n\t\t\t\t\t\t\t\t\t\t\t\t\t\t\t<img fetchpriority=\"high\" decoding=\"async\" width=\"724\" height=\"1024\" src=\"https:\/\/richeskarayib.com\/wp-content\/uploads\/2025\/11\/Dossier-de-Presse-ALEFPA-Caraibe_page-0004-724x1024.jpg\" class=\"attachment-large size-large wp-image-64164\" alt=\"ALEFPA\" srcset=\"https:\/\/richeskarayib.com\/wp-content\/uploads\/2025\/11\/Dossier-de-Presse-ALEFPA-Caraibe_page-0004-724x1024.jpg 724w, https:\/\/richeskarayib.com\/wp-content\/uploads\/2025\/11\/Dossier-de-Presse-ALEFPA-Caraibe_page-0004-212x300.jpg 212w, https:\/\/richeskarayib.com\/wp-content\/uploads\/2025\/11\/Dossier-de-Presse-ALEFPA-Caraibe_page-0004-768x1086.jpg 768w, https:\/\/richeskarayib.com\/wp-content\/uploads\/2025\/11\/Dossier-de-Presse-ALEFPA-Caraibe_page-0004-1086x1536.jpg 1086w, https:\/\/richeskarayib.com\/wp-content\/uploads\/2025\/11\/Dossier-de-Presse-ALEFPA-Caraibe_page-0004.jpg 1241w\" sizes=\"(max-width: 724px) 100vw, 724px\" \/>\t\t\t\t\t\t\t\t\t\t\t\t\t\t\t<\/div>\n\t\t\t\t<\/div>\n\t\t\t\t\t<\/div>\n\t\t<\/div>\n\t\t\t\t<div class=\"elementor-column elementor-col-50 elementor-inner-column elementor-element elementor-element-8c961f5\" data-id=\"8c961f5\" data-element_type=\"column\">\n\t\t\t<div class=\"elementor-widget-wrap elementor-element-populated\">\n\t\t\t\t\t\t<div class=\"elementor-element elementor-element-350271e elementor-widget elementor-widget-image\" data-id=\"350271e\" data-element_type=\"widget\" data-widget_type=\"image.default\">\n\t\t\t\t<div class=\"elementor-widget-container\">\n\t\t\t\t\t\t\t\t\t\t\t\t\t\t\t<img decoding=\"async\" width=\"724\" height=\"1024\" src=\"https:\/\/richeskarayib.com\/wp-content\/uploads\/2025\/11\/Dossier-de-Presse-ALEFPA-Caraibe_page-0005-724x1024.jpg\" class=\"attachment-large size-large wp-image-64168\" alt=\"ALEFPA\" srcset=\"https:\/\/richeskarayib.com\/wp-content\/uploads\/2025\/11\/Dossier-de-Presse-ALEFPA-Caraibe_page-0005-724x1024.jpg 724w, https:\/\/richeskarayib.com\/wp-content\/uploads\/2025\/11\/Dossier-de-Presse-ALEFPA-Caraibe_page-0005-212x300.jpg 212w, https:\/\/richeskarayib.com\/wp-content\/uploads\/2025\/11\/Dossier-de-Presse-ALEFPA-Caraibe_page-0005-768x1086.jpg 768w, https:\/\/richeskarayib.com\/wp-content\/uploads\/2025\/11\/Dossier-de-Presse-ALEFPA-Caraibe_page-0005-1086x1536.jpg 1086w, https:\/\/richeskarayib.com\/wp-content\/uploads\/2025\/11\/Dossier-de-Presse-ALEFPA-Caraibe_page-0005.jpg 1241w\" sizes=\"(max-width: 724px) 100vw, 724px\" \/>\t\t\t\t\t\t\t\t\t\t\t\t\t\t\t<\/div>\n\t\t\t\t<\/div>\n\t\t\t\t\t<\/div>\n\t\t<\/div>\n\t\t\t\t\t<\/div>\n\t\t<\/section>\n\t\t\t\t<section class=\"elementor-section elementor-inner-section elementor-element elementor-element-c582330 elementor-section-boxed elementor-section-height-default elementor-section-height-default\" data-id=\"c582330\" data-element_type=\"section\">\n\t\t\t\t\t\t<div class=\"elementor-container elementor-column-gap-default\">\n\t\t\t\t\t\t<\/div>\n\t\t<\/section>\n\t\t\t\t<section class=\"elementor-section elementor-inner-section elementor-element elementor-element-296603a elementor-section-boxed elementor-section-height-default elementor-section-height-default\" data-id=\"296603a\" data-element_type=\"section\">\n\t\t\t\t\t\t<div class=\"elementor-container elementor-column-gap-default\">\n\t\t\t\t\t\t<\/div>\n\t\t<\/section>\n\t\t\t\t\t<\/div>\n\t\t<\/div>\n\t\t\t\t\t<\/div>\n\t\t<\/section>\n\t\t\t\t<section class=\"elementor-section elementor-top-section elementor-element elementor-element-5a7397d elementor-section-boxed elementor-section-height-default elementor-section-height-default\" data-id=\"5a7397d\" data-element_type=\"section\">\n\t\t\t\t\t\t<div class=\"elementor-container elementor-column-gap-default\">\n\t\t\t\t\t<div class=\"elementor-column elementor-col-100 elementor-top-column elementor-element elementor-element-8b33b4b\" data-id=\"8b33b4b\" data-element_type=\"column\">\n\t\t\t<div class=\"elementor-widget-wrap elementor-element-populated\">\n\t\t\t\t\t\t<div class=\"elementor-element elementor-element-89dac4b elementor-widget elementor-widget-heading\" data-id=\"89dac4b\" data-element_type=\"widget\" data-widget_type=\"heading.default\">\n\t\t\t\t<div class=\"elementor-widget-container\">\n\t\t\t\t\t<h2 class=\"elementor-heading-title elementor-size-default\">Renforcer le lien social<\/h2>\t\t\t\t<\/div>\n\t\t\t\t<\/div>\n\t\t\t\t<div class=\"elementor-element elementor-element-43a45ac elementor-widget elementor-widget-text-editor\" data-id=\"43a45ac\" data-element_type=\"widget\" data-widget_type=\"text-editor.default\">\n\t\t\t\t<div class=\"elementor-widget-container\">\n\t\t\t\t\t\t\t\t\t<p><span style=\"font-weight: 400;\">Les 28 et 29 octobre 2025, <\/span><b>l\u2019ALEFPA<\/b><span style=\"font-weight: 400;\"> a organis\u00e9 deux journ\u00e9es majeures en <a href=\"https:\/\/richeskarayib.com\/fr\/jose-privat-honore-le-trophee-barel-coppet\/\" target=\"_blank\" rel=\"noopener\">Martinique<\/a>, marqu\u00e9es par la venue du pr\u00e9sident Daniel Dubois et du directeur g\u00e9n\u00e9ral Olivier Baron.<\/span><\/p>\n<p><span style=\"font-weight: 400;\">Le 28 octobre, les repr\u00e9sentants ont visit\u00e9 le <\/span><b>Service Mandataire Judiciaire \u00e0 la Protection des Majeurs (SMJPM)<\/b><span style=\"font-weight: 400;\"> \u00e0 Fort-de-France. Cette rencontre a permis de valoriser le travail des \u00e9quipes locales qui accompagnent les personnes majeures vuln\u00e9rables dans leurs d\u00e9marches juridiques, sociales et humaines.<\/span><\/p>\t\t\t\t\t\t\t\t<\/div>\n\t\t\t\t<\/div>\n\t\t\t\t<div class=\"elementor-element elementor-element-ff8c81b elementor-widget elementor-widget-text-editor\" data-id=\"ff8c81b\" data-element_type=\"widget\" data-widget_type=\"text-editor.default\">\n\t\t\t\t<div class=\"elementor-widget-container\">\n\t\t\t\t\t\t\t\t\t<p><span style=\"font-weight: 400;\">Le lendemain, <\/span><b>l\u2019ALEFPA<\/b><span style=\"font-weight: 400;\"> et la <\/span><b>Soci\u00e9t\u00e9 Immobili\u00e8re de la Martinique (SIMAR)<\/b><span style=\"font-weight: 400;\"> ont sign\u00e9 \u00e0 Sch\u0153lcher une convention APL Foyer pour d\u00e9velopper de nouvelles solutions de logement social et inclusif. Ce partenariat s\u2019adresse aux personnes \u00e2g\u00e9es, en situation de handicap ou en grande pr\u00e9carit\u00e9, et s\u2019inscrit dans le cadre du programme national <\/span><b>IDRA<\/b><span style=\"font-weight: 400;\">, soutenu par la <\/span><b>Caisse Nationale de Solidarit\u00e9 pour l\u2019Autonomie (CNSA)<\/b><span style=\"font-weight: 400;\"> et la <\/span><b>Caisse Nationale d\u2019Assurance Vieillesse (CNAV)<\/b><span style=\"font-weight: 400;\">.<\/span><\/p>\t\t\t\t\t\t\t\t<\/div>\n\t\t\t\t<\/div>\n\t\t\t\t<div class=\"elementor-element elementor-element-1624423 elementor-widget elementor-widget-text-editor\" data-id=\"1624423\" data-element_type=\"widget\" data-widget_type=\"text-editor.default\">\n\t\t\t\t<div class=\"elementor-widget-container\">\n\t\t\t\t\t\t\t\t\t<p><span style=\"font-weight: 400;\">\u00ab Ces deux journ\u00e9es symbolisent notre volont\u00e9 d\u2019ancrer durablement l\u2019action de <\/span><b>l\u2019ALEFPA<\/b><span style=\"font-weight: 400;\"> dans les r\u00e9alit\u00e9s martiniquaises, aux c\u00f4t\u00e9s des institutions et acteurs sociaux du territoire \u00bb, a d\u00e9clar\u00e9 Daniel Dubois.<\/span><\/p>\n<p><span style=\"font-weight: 400;\">\u00ab Agir avec nos partenaires pour que chaque personne vuln\u00e9rable puisse acc\u00e9der \u00e0 un logement digne et \u00e0 un accompagnement adapt\u00e9 \u00bb, a ajout\u00e9 Olivier Baron<\/span><\/p>\t\t\t\t\t\t\t\t<\/div>\n\t\t\t\t<\/div>\n\t\t\t\t<section class=\"elementor-section elementor-inner-section elementor-element elementor-element-39e9705 elementor-section-boxed elementor-section-height-default elementor-section-height-default\" data-id=\"39e9705\" data-element_type=\"section\">\n\t\t\t\t\t\t<div class=\"elementor-container elementor-column-gap-default\">\n\t\t\t\t\t<div class=\"elementor-column elementor-col-100 elementor-inner-column elementor-element elementor-element-e259a96\" data-id=\"e259a96\" data-element_type=\"column\">\n\t\t\t<div class=\"elementor-widget-wrap elementor-element-populated\">\n\t\t\t\t\t\t<div class=\"elementor-element elementor-element-f29fe19 elementor-widget elementor-widget-image\" data-id=\"f29fe19\" data-element_type=\"widget\" data-widget_type=\"image.default\">\n\t\t\t\t<div class=\"elementor-widget-container\">\n\t\t\t\t\t\t\t\t\t\t\t\t<figure class=\"wp-caption\">\n\t\t\t\t\t\t\t\t\t\t<img decoding=\"async\" width=\"800\" height=\"600\" src=\"https:\/\/richeskarayib.com\/wp-content\/uploads\/2025\/11\/\u00a9ALEFPA-1024x768.jpg\" class=\"attachment-large size-large wp-image-64188\" alt=\"ALEFPA\" srcset=\"https:\/\/richeskarayib.com\/wp-content\/uploads\/2025\/11\/\u00a9ALEFPA-1024x768.jpg 1024w, https:\/\/richeskarayib.com\/wp-content\/uploads\/2025\/11\/\u00a9ALEFPA-300x225.jpg 300w, https:\/\/richeskarayib.com\/wp-content\/uploads\/2025\/11\/\u00a9ALEFPA-768x576.jpg 768w, https:\/\/richeskarayib.com\/wp-content\/uploads\/2025\/11\/\u00a9ALEFPA-1536x1152.jpg 1536w, https:\/\/richeskarayib.com\/wp-content\/uploads\/2025\/11\/\u00a9ALEFPA-1320x990.jpg 1320w, https:\/\/richeskarayib.com\/wp-content\/uploads\/2025\/11\/\u00a9ALEFPA.jpg 1920w\" sizes=\"(max-width: 800px) 100vw, 800px\" \/>\t\t\t\t\t\t\t\t\t\t\t<figcaption class=\"widget-image-caption wp-caption-text\">\u00a9ALEFPA<\/figcaption>\n\t\t\t\t\t\t\t\t\t\t<\/figure>\n\t\t\t\t\t\t\t\t\t<\/div>\n\t\t\t\t<\/div>\n\t\t\t\t\t<\/div>\n\t\t<\/div>\n\t\t\t\t\t<\/div>\n\t\t<\/section>\n\t\t\t\t\t<\/div>\n\t\t<\/div>\n\t\t\t\t\t<\/div>\n\t\t<\/section>\n\t\t\t\t<section class=\"elementor-section elementor-top-section elementor-element elementor-element-ceca32c elementor-section-boxed elementor-section-height-default elementor-section-height-default\" data-id=\"ceca32c\" data-element_type=\"section\">\n\t\t\t\t\t\t<div class=\"elementor-container elementor-column-gap-default\">\n\t\t\t\t\t<div class=\"elementor-column elementor-col-100 elementor-top-column elementor-element elementor-element-5a2e383\" data-id=\"5a2e383\" data-element_type=\"column\">\n\t\t\t<div class=\"elementor-widget-wrap elementor-element-populated\">\n\t\t\t\t\t\t<div class=\"elementor-element elementor-element-6cedf5f elementor-widget elementor-widget-heading\" data-id=\"6cedf5f\" data-element_type=\"widget\" data-widget_type=\"heading.default\">\n\t\t\t\t<div class=\"elementor-widget-container\">\n\t\t\t\t\t<h2 class=\"elementor-heading-title elementor-size-default\">Lakou Rosannie Soleil, symbole d\u2019un habitat partag\u00e9<\/h2>\t\t\t\t<\/div>\n\t\t\t\t<\/div>\n\t\t\t\t<div class=\"elementor-element elementor-element-e93d1fb elementor-widget elementor-widget-text-editor\" data-id=\"e93d1fb\" data-element_type=\"widget\" data-widget_type=\"text-editor.default\">\n\t\t\t\t<div class=\"elementor-widget-container\">\n\t\t\t\t\t\t\t\t\t<p><span style=\"font-weight: 400;\">\u00c0 Fort-de-France, le <\/span><b>Lakou Rosannie Soleil<\/b><span style=\"font-weight: 400;\"> illustre cette philosophie carib\u00e9enne de la solidarit\u00e9 concr\u00e8te.<\/span><span style=\"font-weight: 400;\"><br \/><\/span><span style=\"font-weight: 400;\"> Ce site, propri\u00e9t\u00e9 de la SIMAR et g\u00e9r\u00e9 par <\/span><b>l\u2019ALEFPA<\/b><span style=\"font-weight: 400;\">, regroupe 57 logements m\u00ealant centre d\u2019h\u00e9bergement et de r\u00e9insertion sociale, maison-relais et r\u00e9sidence d\u2019accueil.<\/span><span style=\"font-weight: 400;\"><br \/><\/span><span style=\"font-weight: 400;\"> Le mot <\/span><i><span style=\"font-weight: 400;\">lakou<\/span><\/i><span style=\"font-weight: 400;\"> \u2013 la cour partag\u00e9e des maisons cr\u00e9oles \u2013 y prend tout son sens : un espace collectif o\u00f9 l\u2019entraide structure la vie quotidienne.<\/span><\/p>\n<p><span style=\"font-weight: 400;\">Deux nouvelles <\/span><b>r\u00e9sidences autonomie ALEFPA<\/b><span style=\"font-weight: 400;\"> doivent \u00e9galement voir le jour en Martinique d\u2019ici 2026-2027, prolongeant cette dynamique inclusive d\u00e9j\u00e0 amorc\u00e9e \u00e0 La R\u00e9union.<\/span><\/p>\t\t\t\t\t\t\t\t<\/div>\n\t\t\t\t<\/div>\n\t\t\t\t<section class=\"elementor-section elementor-inner-section elementor-element elementor-element-c08bfcd elementor-section-boxed elementor-section-height-default elementor-section-height-default\" data-id=\"c08bfcd\" data-element_type=\"section\">\n\t\t\t\t\t\t<div class=\"elementor-container elementor-column-gap-default\">\n\t\t\t\t\t<div class=\"elementor-column elementor-col-100 elementor-inner-column elementor-element elementor-element-56077a2\" data-id=\"56077a2\" data-element_type=\"column\">\n\t\t\t<div class=\"elementor-widget-wrap elementor-element-populated\">\n\t\t\t\t\t\t<div class=\"elementor-element elementor-element-b8dc760 elementor-widget elementor-widget-image\" data-id=\"b8dc760\" data-element_type=\"widget\" data-widget_type=\"image.default\">\n\t\t\t\t<div class=\"elementor-widget-container\">\n\t\t\t\t\t\t\t\t\t\t\t\t\t\t\t<img loading=\"lazy\" decoding=\"async\" width=\"634\" height=\"353\" src=\"https:\/\/richeskarayib.com\/wp-content\/uploads\/2025\/11\/2025-11-04_14h45_41.png\" class=\"attachment-large size-large wp-image-64172\" alt=\"ALEFPA\" srcset=\"https:\/\/richeskarayib.com\/wp-content\/uploads\/2025\/11\/2025-11-04_14h45_41.png 634w, https:\/\/richeskarayib.com\/wp-content\/uploads\/2025\/11\/2025-11-04_14h45_41-300x167.png 300w\" sizes=\"(max-width: 634px) 100vw, 634px\" \/>\t\t\t\t\t\t\t\t\t\t\t\t\t\t\t<\/div>\n\t\t\t\t<\/div>\n\t\t\t\t\t<\/div>\n\t\t<\/div>\n\t\t\t\t\t<\/div>\n\t\t<\/section>\n\t\t\t\t\t<\/div>\n\t\t<\/div>\n\t\t\t\t\t<\/div>\n\t\t<\/section>\n\t\t\t\t<section class=\"elementor-section elementor-top-section elementor-element elementor-element-9c88a89 elementor-section-boxed elementor-section-height-default elementor-section-height-default\" data-id=\"9c88a89\" data-element_type=\"section\">\n\t\t\t\t\t\t<div class=\"elementor-container elementor-column-gap-default\">\n\t\t\t\t\t<div class=\"elementor-column elementor-col-100 elementor-top-column elementor-element elementor-element-78cf5d1\" data-id=\"78cf5d1\" data-element_type=\"column\">\n\t\t\t<div class=\"elementor-widget-wrap elementor-element-populated\">\n\t\t\t\t\t\t<div class=\"elementor-element elementor-element-ea2a5c1 elementor-widget elementor-widget-heading\" data-id=\"ea2a5c1\" data-element_type=\"widget\" data-widget_type=\"heading.default\">\n\t\t\t\t<div class=\"elementor-widget-container\">\n\t\t\t\t\t<h2 class=\"elementor-heading-title elementor-size-default\">Un contexte social exigeant et des r\u00e9ponses locales<\/h2>\t\t\t\t<\/div>\n\t\t\t\t<\/div>\n\t\t\t\t<div class=\"elementor-element elementor-element-e305eee elementor-widget elementor-widget-text-editor\" data-id=\"e305eee\" data-element_type=\"widget\" data-widget_type=\"text-editor.default\">\n\t\t\t\t<div class=\"elementor-widget-container\">\n\t\t\t\t\t\t\t\t\t<p><span style=\"font-weight: 400;\">En Martinique, pr\u00e8s d\u2019un tiers de la population vit sous le seuil de pauvret\u00e9, et les difficult\u00e9s d\u2019acc\u00e8s au logement touchent particuli\u00e8rement les retrait\u00e9s modestes, les personnes en situation de handicap et les familles en grande pr\u00e9carit\u00e9.<\/span><span style=\"font-weight: 400;\"><br \/><\/span><span style=\"font-weight: 400;\"> Face \u00e0 ce constat, <\/span><b>l\u2019ALEFPA<\/b><span style=\"font-weight: 400;\"> agit en lien \u00e9troit avec les collectivit\u00e9s locales, l\u2019<\/span><b>Agence R\u00e9gionale de Sant\u00e9 (ARS)<\/b><span style=\"font-weight: 400;\">, la <\/span><b>Caisse d\u2019Allocations Familiales (CAF)<\/b><span style=\"font-weight: 400;\">, la <\/span><b>Direction R\u00e9gionale de l\u2019\u00c9conomie, de l\u2019Emploi, du Travail et des Solidarit\u00e9s (DREETS)<\/b><span style=\"font-weight: 400;\"> et les bailleurs sociaux.<\/span><span style=\"font-weight: 400;\"><br \/><\/span><span style=\"font-weight: 400;\"> Sa gouvernance int\u00e8gre des administrateurs ultramarins, garantissant une action en phase avec les besoins du territoire.<\/span><\/p>\t\t\t\t\t\t\t\t<\/div>\n\t\t\t\t<\/div>\n\t\t\t\t\t<\/div>\n\t\t<\/div>\n\t\t\t\t\t<\/div>\n\t\t<\/section>\n\t\t\t\t<section class=\"elementor-section elementor-top-section elementor-element elementor-element-103aced elementor-section-boxed elementor-section-height-default elementor-section-height-default\" data-id=\"103aced\" data-element_type=\"section\">\n\t\t\t\t\t\t<div class=\"elementor-container elementor-column-gap-default\">\n\t\t\t\t\t<div class=\"elementor-column elementor-col-100 elementor-top-column elementor-element elementor-element-e34f9f4\" data-id=\"e34f9f4\" data-element_type=\"column\">\n\t\t\t<div class=\"elementor-widget-wrap elementor-element-populated\">\n\t\t\t\t\t\t<div class=\"elementor-element elementor-element-c643e86 elementor-widget elementor-widget-heading\" data-id=\"c643e86\" data-element_type=\"widget\" data-widget_type=\"heading.default\">\n\t\t\t\t<div class=\"elementor-widget-container\">\n\t\t\t\t\t<h2 class=\"elementor-heading-title elementor-size-default\">En Guadeloupe et \u00e0 Saint-Martin, inclusion et cr\u00e9ativit\u00e9\n<\/h2>\t\t\t\t<\/div>\n\t\t\t\t<\/div>\n\t\t\t\t<div class=\"elementor-element elementor-element-f783f1a elementor-widget elementor-widget-text-editor\" data-id=\"f783f1a\" data-element_type=\"widget\" data-widget_type=\"text-editor.default\">\n\t\t\t\t<div class=\"elementor-widget-container\">\n\t\t\t\t\t\t\t\t\t<p><span style=\"font-weight: 400;\">En Guadeloupe, la solidarit\u00e9 se cultive litt\u00e9ralement : l\u2019<\/span><b>\u00c9tablissement et Service d\u2019Aide par le Travail (ESAT)<\/b><span style=\"font-weight: 400;\"> La Ravine Bleue de Pointe-Noire a lanc\u00e9 un <\/span><b>jardin nourricier en aquaponie<\/b><span style=\"font-weight: 400;\">, en partenariat avec l\u2019association <\/span><b>L\u2019Effet Papillon<\/b><span style=\"font-weight: 400;\">.<\/span><span style=\"font-weight: 400;\"><br \/><\/span><span style=\"font-weight: 400;\"> Les travailleurs en situation de handicap y apprennent \u00e0 produire autrement, dans une logique respectueuse de la nature et de l\u2019\u00e9conomie circulaire.<\/span><\/p>\n<p><span style=\"font-weight: 400;\">\u00c0 Saint-Martin, l\u2019action de <\/span><b>l\u2019ALEFPA<\/b><span style=\"font-weight: 400;\"> s\u2019\u00e9tend \u00e0 la pr\u00e9vention et \u00e0 la sensibilisation. L\u2019artiste Esy Kennenga est intervenu aupr\u00e8s des jeunes pour d\u00e9noncer les violences faites aux femmes, illustrant le lien entre culture, \u00e9ducation et inclusion.<\/span><\/p>\t\t\t\t\t\t\t\t<\/div>\n\t\t\t\t<\/div>\n\t\t\t\t\t<\/div>\n\t\t<\/div>\n\t\t\t\t\t<\/div>\n\t\t<\/section>\n\t\t\t\t<section class=\"elementor-section elementor-top-section elementor-element elementor-element-23ed11f elementor-section-boxed elementor-section-height-default elementor-section-height-default\" data-id=\"23ed11f\" data-element_type=\"section\">\n\t\t\t\t\t\t<div class=\"elementor-container elementor-column-gap-default\">\n\t\t\t\t\t<div class=\"elementor-column elementor-col-100 elementor-top-column elementor-element elementor-element-9e160dd\" data-id=\"9e160dd\" data-element_type=\"column\">\n\t\t\t<div class=\"elementor-widget-wrap elementor-element-populated\">\n\t\t\t\t\t\t<div class=\"elementor-element elementor-element-7ab3718 elementor-widget elementor-widget-heading\" data-id=\"7ab3718\" data-element_type=\"widget\" data-widget_type=\"heading.default\">\n\t\t\t\t<div class=\"elementor-widget-container\">\n\t\t\t\t\t<h2 class=\"elementor-heading-title elementor-size-default\">Marie-Galante : garantir la continuit\u00e9 m\u00e9dico-sociale<\/h2>\t\t\t\t<\/div>\n\t\t\t\t<\/div>\n\t\t\t\t<div class=\"elementor-element elementor-element-0bbe05d elementor-widget elementor-widget-text-editor\" data-id=\"0bbe05d\" data-element_type=\"widget\" data-widget_type=\"text-editor.default\">\n\t\t\t\t<div class=\"elementor-widget-container\">\n\t\t\t\t\t\t\t\t\t<p><span style=\"font-weight: 400;\">Autre moment fort de 2025 : la reprise de l\u2019<\/span><b>Association des Parents et Amis des Enfants Inadapt\u00e9s (APAEI)<\/b><span style=\"font-weight: 400;\"> de Marie-Galante par <\/span><b>l\u2019ALEFPA<\/b><span style=\"font-weight: 400;\">, confirm\u00e9e par le tribunal judiciaire de Pointe-\u00e0-Pitre le 22 ao\u00fbt 2025.<\/span><span style=\"font-weight: 400;\"><br \/><\/span><span style=\"font-weight: 400;\"> Cette d\u00e9cision a permis de maintenir 73 emplois et d\u2019assurer la continuit\u00e9 de l\u2019accompagnement m\u00e9dico-social, avec le soutien de l\u2019ARS et des collectivit\u00e9s locales.<\/span><span style=\"font-weight: 400;\"><br \/><\/span><span style=\"font-weight: 400;\"> Une d\u00e9marche responsable et humaine, fid\u00e8le \u00e0 la vocation de <\/span><b>l\u2019ALEFPA<\/b><span style=\"font-weight: 400;\"> : ne jamais rompre le lien avec les plus fragiles.<\/span><\/p>\t\t\t\t\t\t\t\t<\/div>\n\t\t\t\t<\/div>\n\t\t\t\t<section class=\"elementor-section elementor-inner-section elementor-element elementor-element-51e4b99 elementor-section-boxed elementor-section-height-default elementor-section-height-default\" data-id=\"51e4b99\" data-element_type=\"section\">\n\t\t\t\t\t\t<div class=\"elementor-container elementor-column-gap-default\">\n\t\t\t\t\t<div class=\"elementor-column elementor-col-33 elementor-inner-column elementor-element elementor-element-80a834c\" data-id=\"80a834c\" data-element_type=\"column\">\n\t\t\t<div class=\"elementor-widget-wrap elementor-element-populated\">\n\t\t\t\t\t\t<div class=\"elementor-element elementor-element-5a1c19a elementor-widget elementor-widget-image\" data-id=\"5a1c19a\" data-element_type=\"widget\" data-widget_type=\"image.default\">\n\t\t\t\t<div class=\"elementor-widget-container\">\n\t\t\t\t\t\t\t\t\t\t\t\t\t\t\t<img loading=\"lazy\" decoding=\"async\" width=\"724\" height=\"1024\" src=\"https:\/\/richeskarayib.com\/wp-content\/uploads\/2025\/11\/Dossier-de-Presse-ALEFPA-Caraibe_page-0006-724x1024.jpg\" class=\"attachment-large size-large wp-image-64176\" alt=\"ALEFPA\" srcset=\"https:\/\/richeskarayib.com\/wp-content\/uploads\/2025\/11\/Dossier-de-Presse-ALEFPA-Caraibe_page-0006-724x1024.jpg 724w, https:\/\/richeskarayib.com\/wp-content\/uploads\/2025\/11\/Dossier-de-Presse-ALEFPA-Caraibe_page-0006-212x300.jpg 212w, https:\/\/richeskarayib.com\/wp-content\/uploads\/2025\/11\/Dossier-de-Presse-ALEFPA-Caraibe_page-0006-768x1086.jpg 768w, https:\/\/richeskarayib.com\/wp-content\/uploads\/2025\/11\/Dossier-de-Presse-ALEFPA-Caraibe_page-0006-1086x1536.jpg 1086w, https:\/\/richeskarayib.com\/wp-content\/uploads\/2025\/11\/Dossier-de-Presse-ALEFPA-Caraibe_page-0006.jpg 1241w\" sizes=\"(max-width: 724px) 100vw, 724px\" \/>\t\t\t\t\t\t\t\t\t\t\t\t\t\t\t<\/div>\n\t\t\t\t<\/div>\n\t\t\t\t\t<\/div>\n\t\t<\/div>\n\t\t\t\t<div class=\"elementor-column elementor-col-33 elementor-inner-column elementor-element elementor-element-c94edc8\" data-id=\"c94edc8\" data-element_type=\"column\">\n\t\t\t<div class=\"elementor-widget-wrap elementor-element-populated\">\n\t\t\t\t\t\t<div class=\"elementor-element elementor-element-d79c136 elementor-widget elementor-widget-image\" data-id=\"d79c136\" data-element_type=\"widget\" data-widget_type=\"image.default\">\n\t\t\t\t<div class=\"elementor-widget-container\">\n\t\t\t\t\t\t\t\t\t\t\t\t\t\t\t<img loading=\"lazy\" decoding=\"async\" width=\"724\" height=\"1024\" src=\"https:\/\/richeskarayib.com\/wp-content\/uploads\/2025\/11\/Dossier-de-Presse-ALEFPA-Caraibe_page-0007-724x1024.jpg\" class=\"attachment-large size-large wp-image-64180\" alt=\"ALEFPA\" srcset=\"https:\/\/richeskarayib.com\/wp-content\/uploads\/2025\/11\/Dossier-de-Presse-ALEFPA-Caraibe_page-0007-724x1024.jpg 724w, https:\/\/richeskarayib.com\/wp-content\/uploads\/2025\/11\/Dossier-de-Presse-ALEFPA-Caraibe_page-0007-212x300.jpg 212w, https:\/\/richeskarayib.com\/wp-content\/uploads\/2025\/11\/Dossier-de-Presse-ALEFPA-Caraibe_page-0007-768x1086.jpg 768w, https:\/\/richeskarayib.com\/wp-content\/uploads\/2025\/11\/Dossier-de-Presse-ALEFPA-Caraibe_page-0007-1086x1536.jpg 1086w, https:\/\/richeskarayib.com\/wp-content\/uploads\/2025\/11\/Dossier-de-Presse-ALEFPA-Caraibe_page-0007.jpg 1241w\" sizes=\"(max-width: 724px) 100vw, 724px\" \/>\t\t\t\t\t\t\t\t\t\t\t\t\t\t\t<\/div>\n\t\t\t\t<\/div>\n\t\t\t\t\t<\/div>\n\t\t<\/div>\n\t\t\t\t<div class=\"elementor-column elementor-col-33 elementor-inner-column elementor-element elementor-element-ff1a3a7\" data-id=\"ff1a3a7\" data-element_type=\"column\">\n\t\t\t<div class=\"elementor-widget-wrap elementor-element-populated\">\n\t\t\t\t\t\t<div class=\"elementor-element elementor-element-09bde35 elementor-widget elementor-widget-image\" data-id=\"09bde35\" data-element_type=\"widget\" data-widget_type=\"image.default\">\n\t\t\t\t<div class=\"elementor-widget-container\">\n\t\t\t\t\t\t\t\t\t\t\t\t\t\t\t<img loading=\"lazy\" decoding=\"async\" width=\"724\" height=\"1024\" src=\"https:\/\/richeskarayib.com\/wp-content\/uploads\/2025\/11\/Dossier-de-Presse-ALEFPA-Caraibe_page-0008-724x1024.jpg\" class=\"attachment-large size-large wp-image-64184\" alt=\"ALEFPA\" srcset=\"https:\/\/richeskarayib.com\/wp-content\/uploads\/2025\/11\/Dossier-de-Presse-ALEFPA-Caraibe_page-0008-724x1024.jpg 724w, https:\/\/richeskarayib.com\/wp-content\/uploads\/2025\/11\/Dossier-de-Presse-ALEFPA-Caraibe_page-0008-212x300.jpg 212w, https:\/\/richeskarayib.com\/wp-content\/uploads\/2025\/11\/Dossier-de-Presse-ALEFPA-Caraibe_page-0008-768x1086.jpg 768w, https:\/\/richeskarayib.com\/wp-content\/uploads\/2025\/11\/Dossier-de-Presse-ALEFPA-Caraibe_page-0008-1086x1536.jpg 1086w, https:\/\/richeskarayib.com\/wp-content\/uploads\/2025\/11\/Dossier-de-Presse-ALEFPA-Caraibe_page-0008.jpg 1241w\" sizes=\"(max-width: 724px) 100vw, 724px\" \/>\t\t\t\t\t\t\t\t\t\t\t\t\t\t\t<\/div>\n\t\t\t\t<\/div>\n\t\t\t\t\t<\/div>\n\t\t<\/div>\n\t\t\t\t\t<\/div>\n\t\t<\/section>\n\t\t\t\t\t<\/div>\n\t\t<\/div>\n\t\t\t\t\t<\/div>\n\t\t<\/section>\n\t\t\t\t<section class=\"elementor-section elementor-top-section elementor-element elementor-element-c9d5708 elementor-section-boxed elementor-section-height-default elementor-section-height-default\" data-id=\"c9d5708\" data-element_type=\"section\">\n\t\t\t\t\t\t<div class=\"elementor-container elementor-column-gap-default\">\n\t\t\t\t\t<div class=\"elementor-column elementor-col-100 elementor-top-column elementor-element elementor-element-f856576\" data-id=\"f856576\" data-element_type=\"column\">\n\t\t\t<div class=\"elementor-widget-wrap elementor-element-populated\">\n\t\t\t\t\t\t<div class=\"elementor-element elementor-element-0a4fc07 elementor-widget elementor-widget-heading\" data-id=\"0a4fc07\" data-element_type=\"widget\" data-widget_type=\"heading.default\">\n\t\t\t\t<div class=\"elementor-widget-container\">\n\t\t\t\t\t<h2 class=\"elementor-heading-title elementor-size-default\">Une solidarit\u00e9 durable et engag\u00e9e<\/h2>\t\t\t\t<\/div>\n\t\t\t\t<\/div>\n\t\t\t\t<div class=\"elementor-element elementor-element-7e16ad1 elementor-widget elementor-widget-text-editor\" data-id=\"7e16ad1\" data-element_type=\"widget\" data-widget_type=\"text-editor.default\">\n\t\t\t\t<div class=\"elementor-widget-container\">\n\t\t\t\t\t\t\t\t\t<p><span style=\"font-weight: 400;\">Engag\u00e9e dans une d\u00e9marche de <\/span><b>Responsabilit\u00e9 Soci\u00e9tale des Entreprises (RSE)<\/b><span style=\"font-weight: 400;\">, <\/span><b>l\u2019ALEFPA<\/b><span style=\"font-weight: 400;\"> conjugue inclusion sociale, respect de l\u2019environnement et innovation.<\/span><span style=\"font-weight: 400;\"><br \/><\/span><span style=\"font-weight: 400;\"> De la Guadeloupe \u00e0 la Martinique, ses initiatives tissent un r\u00e9seau de solidarit\u00e9 durable o\u00f9 le social, le sanitaire et l\u2019\u00e9ducatif s\u2019allient pour recr\u00e9er du lien.<\/span><\/p>\t\t\t\t\t\t\t\t<\/div>\n\t\t\t\t<\/div>\n\t\t\t\t\t<\/div>\n\t\t<\/div>\n\t\t\t\t\t<\/div>\n\t\t<\/section>\n\t\t\t\t<section class=\"elementor-section elementor-top-section elementor-element elementor-element-d3b84ec elementor-section-boxed elementor-section-height-default elementor-section-height-default\" data-id=\"d3b84ec\" data-element_type=\"section\">\n\t\t\t\t\t\t<div class=\"elementor-container elementor-column-gap-default\">\n\t\t\t\t\t<div class=\"elementor-column elementor-col-100 elementor-top-column elementor-element elementor-element-f46ae90\" data-id=\"f46ae90\" data-element_type=\"column\">\n\t\t\t<div class=\"elementor-widget-wrap elementor-element-populated\">\n\t\t\t\t\t\t<div class=\"elementor-element elementor-element-0044694 elementor-widget elementor-widget-text-editor\" data-id=\"0044694\" data-element_type=\"widget\" data-widget_type=\"text-editor.default\">\n\t\t\t\t<div class=\"elementor-widget-container\">\n\t\t\t\t\t\t\t\t\t<p><span style=\"font-weight: 400;\">\u00c0 travers ces actions, <\/span><b>l\u2019ALEFPA<\/b><span style=\"font-weight: 400;\"> confirme qu\u2019en Cara\u00efbe, la solidarit\u00e9 n\u2019est pas un mot mais un mode de vie.<\/span><span style=\"font-weight: 400;\"><br \/><\/span><span style=\"font-weight: 400;\"> Dans les <\/span><i><span style=\"font-weight: 400;\">lakou<\/span><\/i><span style=\"font-weight: 400;\">, les r\u00e9sidences, les jardins et les structures d\u2019accueil, l\u2019association prolonge une tradition de proximit\u00e9 et d\u2019humanit\u00e9.<\/span><span style=\"font-weight: 400;\"><br \/><\/span><span style=\"font-weight: 400;\"> Un engagement discret mais profond, qui rappelle que la Cara\u00efbe se construit avant tout dans la chaleur humaine, le respect et la confiance retrouv\u00e9e.<\/span><\/p>\t\t\t\t\t\t\t\t<\/div>\n\t\t\t\t<\/div>\n\t\t\t\t<section class=\"elementor-section elementor-inner-section elementor-element elementor-element-c4ef7f3 elementor-section-boxed elementor-section-height-default elementor-section-height-default\" data-id=\"c4ef7f3\" data-element_type=\"section\">\n\t\t\t\t\t\t<div class=\"elementor-container elementor-column-gap-default\">\n\t\t\t\t\t<div class=\"elementor-column elementor-col-100 elementor-inner-column elementor-element elementor-element-85ebfff\" data-id=\"85ebfff\" data-element_type=\"column\">\n\t\t\t<div class=\"elementor-widget-wrap elementor-element-populated\">\n\t\t\t\t\t\t<div class=\"elementor-element elementor-element-db09671 elementor-widget elementor-widget-video\" data-id=\"db09671\" data-element_type=\"widget\" data-settings=\"{&quot;youtube_url&quot;:&quot;https:\\\/\\\/www.youtube.com\\\/watch?v=sIsN6p0wLWk&quot;,&quot;video_type&quot;:&quot;youtube&quot;,&quot;controls&quot;:&quot;yes&quot;}\" data-widget_type=\"video.default\">\n\t\t\t\t<div class=\"elementor-widget-container\">\n\t\t\t\t\t\t\t<div class=\"elementor-wrapper elementor-open-inline\">\n\t\t\t<div class=\"elementor-video\"><\/div>\t\t<\/div>\n\t\t\t\t\t\t<\/div>\n\t\t\t\t<\/div>\n\t\t\t\t\t<\/div>\n\t\t<\/div>\n\t\t\t\t\t<\/div>\n\t\t<\/section>\n\t\t\t\t\t<\/div>\n\t\t<\/div>\n\t\t\t\t\t<\/div>\n\t\t<\/section>\n\t\t\t\t<\/div>\n\t\t","protected":false},"excerpt":{"rendered":"<p>En Martinique, en Guadeloupe ou \u00e0 Saint-Martin, la solidarit\u00e9 reste une force tranquille. Elle s\u2019incarne dans les gestes du quotidien, dans l\u2019attention port\u00e9e \u00e0 l\u2019autre et dans la conviction partag\u00e9e qu\u2019aucune vuln\u00e9rabilit\u00e9 n\u2019est une fatalit\u00e9. C\u2019est dans cet esprit que l\u2019ALEFPA (Association La\u00efque pour l\u2019\u00c9ducation, la Formation, la Pr\u00e9vention et l\u2019Autonomie) poursuit depuis plus de [&hellip;]<\/p>\n","protected":false},"author":662,"featured_media":64192,"comment_status":"open","ping_status":"open","sticky":false,"template":"","format":"standard","meta":{"_acf_changed":false,"footnotes":""},"categories":[840],"tags":[1545,808,1616],"class_list":["post-64163","post","type-post","status-publish","format-standard","has-post-thumbnail","hentry","category-actus","tag-guadeloupe-2","tag-martinique-fr","tag-saint-martin-fr"],"acf":[],"_links":{"self":[{"href":"https:\/\/richeskarayib.com\/fr\/wp-json\/wp\/v2\/posts\/64163","targetHints":{"allow":["GET"]}}],"collection":[{"href":"https:\/\/richeskarayib.com\/fr\/wp-json\/wp\/v2\/posts"}],"about":[{"href":"https:\/\/richeskarayib.com\/fr\/wp-json\/wp\/v2\/types\/post"}],"author":[{"embeddable":true,"href":"https:\/\/richeskarayib.com\/fr\/wp-json\/wp\/v2\/users\/662"}],"replies":[{"embeddable":true,"href":"https:\/\/richeskarayib.com\/fr\/wp-json\/wp\/v2\/comments?post=64163"}],"version-history":[{"count":0,"href":"https:\/\/richeskarayib.com\/fr\/wp-json\/wp\/v2\/posts\/64163\/revisions"}],"wp:featuredmedia":[{"embeddable":true,"href":"https:\/\/richeskarayib.com\/fr\/wp-json\/wp\/v2\/media\/64192"}],"wp:attachment":[{"href":"https:\/\/richeskarayib.com\/fr\/wp-json\/wp\/v2\/media?parent=64163"}],"wp:term":[{"taxonomy":"category","embeddable":true,"href":"https:\/\/richeskarayib.com\/fr\/wp-json\/wp\/v2\/categories?post=64163"},{"taxonomy":"post_tag","embeddable":true,"href":"https:\/\/richeskarayib.com\/fr\/wp-json\/wp\/v2\/tags?post=64163"}],"curies":[{"name":"wp","href":"https:\/\/api.w.org\/{rel}","templated":true}]}}