{"id":64401,"date":"2025-11-07T04:15:45","date_gmt":"2025-11-07T08:15:45","guid":{"rendered":"https:\/\/richeskarayib.com\/?p=64401"},"modified":"2025-11-07T08:49:30","modified_gmt":"2025-11-07T12:49:30","slug":"vieques-lile-aux-eaux-phosphorescentes","status":"publish","type":"post","link":"https:\/\/richeskarayib.com\/fr\/vieques-lile-aux-eaux-phosphorescentes\/","title":{"rendered":"Vieques, l\u2019\u00eele aux eaux phosphorescentes et aux chevaux en libert\u00e9"},"content":{"rendered":"\t\t<div data-elementor-type=\"wp-post\" data-elementor-id=\"64401\" class=\"elementor elementor-64401\" data-elementor-post-type=\"post\">\n\t\t\t\t\t\t<section class=\"elementor-section elementor-top-section elementor-element elementor-element-7ca7ca1 elementor-section-boxed elementor-section-height-default elementor-section-height-default\" data-id=\"7ca7ca1\" data-element_type=\"section\">\n\t\t\t\t\t\t<div class=\"elementor-container elementor-column-gap-default\">\n\t\t\t\t\t<div class=\"elementor-column elementor-col-100 elementor-top-column elementor-element elementor-element-cbdd002\" data-id=\"cbdd002\" data-element_type=\"column\">\n\t\t\t<div class=\"elementor-widget-wrap elementor-element-populated\">\n\t\t\t\t\t\t<section class=\"elementor-section elementor-inner-section elementor-element elementor-element-bc94849 elementor-section-boxed elementor-section-height-default elementor-section-height-default\" data-id=\"bc94849\" data-element_type=\"section\">\n\t\t\t\t\t\t<div class=\"elementor-container elementor-column-gap-default\">\n\t\t\t\t\t\t<\/div>\n\t\t<\/section>\n\t\t\t\t<section class=\"elementor-section elementor-inner-section elementor-element elementor-element-61571e6 elementor-section-boxed elementor-section-height-default elementor-section-height-default\" data-id=\"61571e6\" data-element_type=\"section\">\n\t\t\t\t\t\t<div class=\"elementor-container elementor-column-gap-default\">\n\t\t\t\t\t\t<\/div>\n\t\t<\/section>\n\t\t\t\t<section class=\"elementor-section elementor-inner-section elementor-element elementor-element-b6262e0 elementor-section-boxed elementor-section-height-default elementor-section-height-default\" data-id=\"b6262e0\" data-element_type=\"section\">\n\t\t\t\t\t\t<div class=\"elementor-container elementor-column-gap-default\">\n\t\t\t\t\t\t<\/div>\n\t\t<\/section>\n\t\t\t\t<section class=\"elementor-section elementor-inner-section elementor-element elementor-element-cca29fd elementor-section-boxed elementor-section-height-default elementor-section-height-default\" data-id=\"cca29fd\" data-element_type=\"section\">\n\t\t\t\t\t\t<div class=\"elementor-container elementor-column-gap-default\">\n\t\t\t\t\t\t<\/div>\n\t\t<\/section>\n\t\t\t\t\t<\/div>\n\t\t<\/div>\n\t\t\t\t\t<\/div>\n\t\t<\/section>\n\t\t\t\t<section class=\"elementor-section elementor-top-section elementor-element elementor-element-ee72354 elementor-section-boxed elementor-section-height-default elementor-section-height-default\" data-id=\"ee72354\" data-element_type=\"section\">\n\t\t\t\t\t\t<div class=\"elementor-container elementor-column-gap-default\">\n\t\t\t\t\t<div class=\"elementor-column elementor-col-100 elementor-top-column elementor-element elementor-element-c59d6fe\" data-id=\"c59d6fe\" data-element_type=\"column\">\n\t\t\t<div class=\"elementor-widget-wrap elementor-element-populated\">\n\t\t\t\t\t\t<div class=\"elementor-element elementor-element-e57451f elementor-widget elementor-widget-text-editor\" data-id=\"e57451f\" data-element_type=\"widget\" data-widget_type=\"text-editor.default\">\n\t\t\t\t<div class=\"elementor-widget-container\">\n\t\t\t\t\t\t\t\t\t<p><span style=\"font-weight: 400;\">\u00c0 quelques kilom\u00e8tres \u00e0 l\u2019est de <a href=\"https:\/\/richeskarayib.com\/fr\/culebra-lile-aux-eaux-limpides-recits-marins\/\" target=\"_blank\" rel=\"noopener\">Porto Rico<\/a>, Vieques s\u2019avance comme une terre bord\u00e9e de criques claires, de lagunes\u00a0 et de routes qui longent l\u2019oc\u00e9an. Ici, le temps glisse sans heurt : une conversation sur un perron d\u2019Esperanza, un cheval qui traverse le village d\u2019un pas tranquille, une lumi\u00e8re qui s\u2019attarde sur les amandiers de bord de mer. L\u2019\u00eele n\u2019impose rien, elle propose un rythme. Et ce rythme, les habitants y tiennent.<\/span><\/p>\t\t\t\t\t\t\t\t<\/div>\n\t\t\t\t<\/div>\n\t\t\t\t\t<\/div>\n\t\t<\/div>\n\t\t\t\t\t<\/div>\n\t\t<\/section>\n\t\t\t\t<section class=\"elementor-section elementor-top-section elementor-element elementor-element-82cd8f9 elementor-section-boxed elementor-section-height-default elementor-section-height-default\" data-id=\"82cd8f9\" data-element_type=\"section\">\n\t\t\t\t\t\t<div class=\"elementor-container elementor-column-gap-default\">\n\t\t\t\t\t<div class=\"elementor-column elementor-col-100 elementor-top-column elementor-element elementor-element-0bfdc38\" data-id=\"0bfdc38\" data-element_type=\"column\">\n\t\t\t<div class=\"elementor-widget-wrap elementor-element-populated\">\n\t\t\t\t\t\t<div class=\"elementor-element elementor-element-7d292fe elementor-widget elementor-widget-heading\" data-id=\"7d292fe\" data-element_type=\"widget\" data-widget_type=\"heading.default\">\n\t\t\t\t<div class=\"elementor-widget-container\">\n\t\t\t\t\t<h2 class=\"elementor-heading-title elementor-size-default\">Une g\u00e9ographie simple, un paysage qui respire<\/h2>\t\t\t\t<\/div>\n\t\t\t\t<\/div>\n\t\t\t\t<div class=\"elementor-element elementor-element-96caf50 elementor-widget elementor-widget-text-editor\" data-id=\"96caf50\" data-element_type=\"widget\" data-widget_type=\"text-editor.default\">\n\t\t\t\t<div class=\"elementor-widget-container\">\n\t\t\t\t\t\t\t\t\t<p><span style=\"font-weight: 400;\"><a href=\"https:\/\/vieques.com\/\" target=\"_blank\" rel=\"noopener nofollow\">Vieques<\/a> se lit facilement : deux petites villes \u2013 Isabel II au nord, Esperanza au sud \u2013 et, entre elles, une alternance d\u2019anses, de collines couvertes de broussailles, de lagunes et d\u2019anciens chemins militaires devenus pistes vers la mer. La c\u00f4te sud d\u00e9roule une suite de plages au caract\u00e8re bien marqu\u00e9 : Sun Bay et son arc g\u00e9n\u00e9reux, Media Luna aux eaux calmes, Nav\u00edo ourl\u00e9e de rochers, La Chiva et Caracas o\u00f9 l\u2019horizon s\u2019ouvre sans effort. Rien d\u2019ostentatoire : un trait de sable, une eau limpide, le souffle r\u00e9gulier des aliz\u00e9s.<\/span><\/p>\t\t\t\t\t\t\t\t<\/div>\n\t\t\t\t<\/div>\n\t\t\t\t<section class=\"elementor-section elementor-inner-section elementor-element elementor-element-f244d34 elementor-section-boxed elementor-section-height-default elementor-section-height-default\" data-id=\"f244d34\" data-element_type=\"section\">\n\t\t\t\t\t\t<div class=\"elementor-container elementor-column-gap-default\">\n\t\t\t\t\t<div class=\"elementor-column elementor-col-100 elementor-inner-column elementor-element elementor-element-0f2a128\" data-id=\"0f2a128\" data-element_type=\"column\">\n\t\t\t<div class=\"elementor-widget-wrap elementor-element-populated\">\n\t\t\t\t\t\t<div class=\"elementor-element elementor-element-6a47576 elementor-widget elementor-widget-image\" data-id=\"6a47576\" data-element_type=\"widget\" data-widget_type=\"image.default\">\n\t\t\t\t<div class=\"elementor-widget-container\">\n\t\t\t\t\t\t\t\t\t\t\t\t\t\t\t<img fetchpriority=\"high\" decoding=\"async\" width=\"800\" height=\"533\" src=\"https:\/\/richeskarayib.com\/wp-content\/uploads\/2025\/11\/1-1-1024x682.png\" class=\"attachment-large size-large wp-image-64406\" alt=\"Vieques\" srcset=\"https:\/\/richeskarayib.com\/wp-content\/uploads\/2025\/11\/1-1-1024x682.png 1024w, https:\/\/richeskarayib.com\/wp-content\/uploads\/2025\/11\/1-1-300x200.png 300w, https:\/\/richeskarayib.com\/wp-content\/uploads\/2025\/11\/1-1-768x512.png 768w, https:\/\/richeskarayib.com\/wp-content\/uploads\/2025\/11\/1-1.png 1280w\" sizes=\"(max-width: 800px) 100vw, 800px\" \/>\t\t\t\t\t\t\t\t\t\t\t\t\t\t\t<\/div>\n\t\t\t\t<\/div>\n\t\t\t\t\t<\/div>\n\t\t<\/div>\n\t\t\t\t\t<\/div>\n\t\t<\/section>\n\t\t\t\t<section class=\"elementor-section elementor-inner-section elementor-element elementor-element-c582330 elementor-section-boxed elementor-section-height-default elementor-section-height-default\" data-id=\"c582330\" data-element_type=\"section\">\n\t\t\t\t\t\t<div class=\"elementor-container elementor-column-gap-default\">\n\t\t\t\t\t\t<\/div>\n\t\t<\/section>\n\t\t\t\t<section class=\"elementor-section elementor-inner-section elementor-element elementor-element-296603a elementor-section-boxed elementor-section-height-default elementor-section-height-default\" data-id=\"296603a\" data-element_type=\"section\">\n\t\t\t\t\t\t<div class=\"elementor-container elementor-column-gap-default\">\n\t\t\t\t\t\t<\/div>\n\t\t<\/section>\n\t\t\t\t\t<\/div>\n\t\t<\/div>\n\t\t\t\t\t<\/div>\n\t\t<\/section>\n\t\t\t\t<section class=\"elementor-section elementor-top-section elementor-element elementor-element-5a7397d elementor-section-boxed elementor-section-height-default elementor-section-height-default\" data-id=\"5a7397d\" data-element_type=\"section\">\n\t\t\t\t\t\t<div class=\"elementor-container elementor-column-gap-default\">\n\t\t\t\t\t<div class=\"elementor-column elementor-col-100 elementor-top-column elementor-element elementor-element-8b33b4b\" data-id=\"8b33b4b\" data-element_type=\"column\">\n\t\t\t<div class=\"elementor-widget-wrap elementor-element-populated\">\n\t\t\t\t\t\t<div class=\"elementor-element elementor-element-89dac4b elementor-widget elementor-widget-heading\" data-id=\"89dac4b\" data-element_type=\"widget\" data-widget_type=\"heading.default\">\n\t\t\t\t<div class=\"elementor-widget-container\">\n\t\t\t\t\t<h2 class=\"elementor-heading-title elementor-size-default\">Mosquito Bay, la nuit qui s\u2019illumine<\/h2>\t\t\t\t<\/div>\n\t\t\t\t<\/div>\n\t\t\t\t<div class=\"elementor-element elementor-element-43a45ac elementor-widget elementor-widget-text-editor\" data-id=\"43a45ac\" data-element_type=\"widget\" data-widget_type=\"text-editor.default\">\n\t\t\t\t<div class=\"elementor-widget-container\">\n\t\t\t\t\t\t\t\t\t<p><span style=\"font-weight: 400;\">Quand la lune s\u2019efface et que le vent se calme, Mosquito Bay se met \u00e0 chuchoter une autre v\u00e9rit\u00e9 de Vieques. Dans cette lagune prot\u00e9g\u00e9e, les micro-organismes s\u2019illuminent au moindre mouvement. Un coup de pagaie, un bras qui effleure l\u2019eau, et des milliers d\u2019\u00e9tincelles bleut\u00e9es r\u00e9pondent. Le spectacle n\u2019a pas besoin de superlatifs : il touche parce qu\u2019il surprend, parce qu\u2019il oblige \u00e0 la lenteur et \u00e0 l\u2019attention. Les guides locaux insistent sur quelques r\u00e8gles simples \u2013 limiter les cr\u00e8mes, \u00e9viter les gestes brusques, respecter le silence \u2013 non par rigidit\u00e9, mais parce que la beaut\u00e9 tient \u00e0 cet accord tacite entre lieu et visiteurs.<\/span><\/p>\t\t\t\t\t\t\t\t<\/div>\n\t\t\t\t<\/div>\n\t\t\t\t<section class=\"elementor-section elementor-inner-section elementor-element elementor-element-6a0a5bc elementor-section-boxed elementor-section-height-default elementor-section-height-default\" data-id=\"6a0a5bc\" data-element_type=\"section\">\n\t\t\t\t\t\t<div class=\"elementor-container elementor-column-gap-default\">\n\t\t\t\t\t<div class=\"elementor-column elementor-col-100 elementor-inner-column elementor-element elementor-element-50bd615\" data-id=\"50bd615\" data-element_type=\"column\">\n\t\t\t<div class=\"elementor-widget-wrap elementor-element-populated\">\n\t\t\t\t\t\t<div class=\"elementor-element elementor-element-3f0b360 elementor-widget elementor-widget-image\" data-id=\"3f0b360\" data-element_type=\"widget\" data-widget_type=\"image.default\">\n\t\t\t\t<div class=\"elementor-widget-container\">\n\t\t\t\t\t\t\t\t\t\t\t\t\t\t\t<img decoding=\"async\" width=\"800\" height=\"533\" src=\"https:\/\/richeskarayib.com\/wp-content\/uploads\/2025\/11\/4-1024x682.png\" class=\"attachment-large size-large wp-image-64410\" alt=\"Vieques\" srcset=\"https:\/\/richeskarayib.com\/wp-content\/uploads\/2025\/11\/4-1024x682.png 1024w, https:\/\/richeskarayib.com\/wp-content\/uploads\/2025\/11\/4-300x200.png 300w, https:\/\/richeskarayib.com\/wp-content\/uploads\/2025\/11\/4-768x512.png 768w, https:\/\/richeskarayib.com\/wp-content\/uploads\/2025\/11\/4.png 1280w\" sizes=\"(max-width: 800px) 100vw, 800px\" \/>\t\t\t\t\t\t\t\t\t\t\t\t\t\t\t<\/div>\n\t\t\t\t<\/div>\n\t\t\t\t\t<\/div>\n\t\t<\/div>\n\t\t\t\t\t<\/div>\n\t\t<\/section>\n\t\t\t\t\t<\/div>\n\t\t<\/div>\n\t\t\t\t\t<\/div>\n\t\t<\/section>\n\t\t\t\t<section class=\"elementor-section elementor-top-section elementor-element elementor-element-ceca32c elementor-section-boxed elementor-section-height-default elementor-section-height-default\" data-id=\"ceca32c\" data-element_type=\"section\">\n\t\t\t\t\t\t<div class=\"elementor-container elementor-column-gap-default\">\n\t\t\t\t\t<div class=\"elementor-column elementor-col-100 elementor-top-column elementor-element elementor-element-5a2e383\" data-id=\"5a2e383\" data-element_type=\"column\">\n\t\t\t<div class=\"elementor-widget-wrap elementor-element-populated\">\n\t\t\t\t\t\t<div class=\"elementor-element elementor-element-6cedf5f elementor-widget elementor-widget-heading\" data-id=\"6cedf5f\" data-element_type=\"widget\" data-widget_type=\"heading.default\">\n\t\t\t\t<div class=\"elementor-widget-container\">\n\t\t\t\t\t<h2 class=\"elementor-heading-title elementor-size-default\">Chevaux cr\u00e9oles, voisins des villages<\/h2>\t\t\t\t<\/div>\n\t\t\t\t<\/div>\n\t\t\t\t<div class=\"elementor-element elementor-element-e93d1fb elementor-widget elementor-widget-text-editor\" data-id=\"e93d1fb\" data-element_type=\"widget\" data-widget_type=\"text-editor.default\">\n\t\t\t\t<div class=\"elementor-widget-container\">\n\t\t\t\t\t\t\t\t\t<p><span style=\"font-weight: 400;\">\u00c0 Vieques, on s\u2019habitue vite \u00e0 partager la route. Les chevaux cr\u00e9oles circulent \u00e0 leur fa\u00e7on : une bande qui trotte le long de la plage au matin, un poulain qui s\u2019abrite sous un amandier, un groupe qui traverse la rue principale d\u2019Esperanza au moment o\u00f9 les p\u00eacheurs rentrent. Leur pr\u00e9sence ne rel\u00e8ve pas de la carte postale ; elle dit simplement la continuit\u00e9 d\u2019une vie rurale, l\u2019usage ancien des p\u00e2tures, l\u2019autonomie fi\u00e8re d\u2019une petite \u00eele. Les regards s\u2019\u00e9changent, on ralentit, et le quotidien poursuit sa route.<\/span><\/p>\t\t\t\t\t\t\t\t<\/div>\n\t\t\t\t<\/div>\n\t\t\t\t<div class=\"elementor-element elementor-element-7afd969 elementor-widget elementor-widget-image\" data-id=\"7afd969\" data-element_type=\"widget\" data-widget_type=\"image.default\">\n\t\t\t\t<div class=\"elementor-widget-container\">\n\t\t\t\t\t\t\t\t\t\t\t\t\t\t\t<img decoding=\"async\" width=\"800\" height=\"533\" src=\"https:\/\/richeskarayib.com\/wp-content\/uploads\/2025\/11\/5-1024x682.png\" class=\"attachment-large size-large wp-image-64414\" alt=\"Vieques\" srcset=\"https:\/\/richeskarayib.com\/wp-content\/uploads\/2025\/11\/5-1024x682.png 1024w, https:\/\/richeskarayib.com\/wp-content\/uploads\/2025\/11\/5-300x200.png 300w, https:\/\/richeskarayib.com\/wp-content\/uploads\/2025\/11\/5-768x512.png 768w, https:\/\/richeskarayib.com\/wp-content\/uploads\/2025\/11\/5.png 1280w\" sizes=\"(max-width: 800px) 100vw, 800px\" \/>\t\t\t\t\t\t\t\t\t\t\t\t\t\t\t<\/div>\n\t\t\t\t<\/div>\n\t\t\t\t\t<\/div>\n\t\t<\/div>\n\t\t\t\t\t<\/div>\n\t\t<\/section>\n\t\t\t\t<section class=\"elementor-section elementor-top-section elementor-element elementor-element-9c88a89 elementor-section-boxed elementor-section-height-default elementor-section-height-default\" data-id=\"9c88a89\" data-element_type=\"section\">\n\t\t\t\t\t\t<div class=\"elementor-container elementor-column-gap-default\">\n\t\t\t\t\t<div class=\"elementor-column elementor-col-100 elementor-top-column elementor-element elementor-element-78cf5d1\" data-id=\"78cf5d1\" data-element_type=\"column\">\n\t\t\t<div class=\"elementor-widget-wrap elementor-element-populated\">\n\t\t\t\t\t\t<div class=\"elementor-element elementor-element-ea2a5c1 elementor-widget elementor-widget-heading\" data-id=\"ea2a5c1\" data-element_type=\"widget\" data-widget_type=\"heading.default\">\n\t\t\t\t<div class=\"elementor-widget-container\">\n\t\t\t\t\t<h2 class=\"elementor-heading-title elementor-size-default\">M\u00e9moire r\u00e9cente, territoire r\u00e9invent\u00e9<\/h2>\t\t\t\t<\/div>\n\t\t\t\t<\/div>\n\t\t\t\t<div class=\"elementor-element elementor-element-e305eee elementor-widget elementor-widget-text-editor\" data-id=\"e305eee\" data-element_type=\"widget\" data-widget_type=\"text-editor.default\">\n\t\t\t\t<div class=\"elementor-widget-container\">\n\t\t\t\t\t\t\t\t\t<p><span style=\"font-weight: 400;\">Vieques n\u2019a pas toujours \u00e9t\u00e9 tourn\u00e9e vers la mer comme elle l\u2019est aujourd\u2019hui. Pendant des d\u00e9cennies, une partie du littoral a servi de zone d\u2019entra\u00eenement militaire. Les habitants ont d\u00e9fendu l\u2019acc\u00e8s aux plages, la qualit\u00e9 des eaux, la possibilit\u00e9 d\u2019un avenir qui ne se construise pas contre la nature. De cette p\u00e9riode restent des chemins que la v\u00e9g\u00e9tation a repris, des batteries gagn\u00e9es par le sel, et surtout une conviction : la valeur de Vieques se mesure \u00e0 sa capacit\u00e9 \u00e0 rester elle-m\u00eame. Cette m\u00e9moire nourrit un esprit de place publique : ici, on discute, on s\u2019organise, on pr\u00e9f\u00e8re la clart\u00e9 \u00e0 la pr\u00e9cipitation.<\/span><\/p>\t\t\t\t\t\t\t\t<\/div>\n\t\t\t\t<\/div>\n\t\t\t\t\t<\/div>\n\t\t<\/div>\n\t\t\t\t\t<\/div>\n\t\t<\/section>\n\t\t\t\t<section class=\"elementor-section elementor-top-section elementor-element elementor-element-103aced elementor-section-boxed elementor-section-height-default elementor-section-height-default\" data-id=\"103aced\" data-element_type=\"section\">\n\t\t\t\t\t\t<div class=\"elementor-container elementor-column-gap-default\">\n\t\t\t\t\t<div class=\"elementor-column elementor-col-100 elementor-top-column elementor-element elementor-element-e34f9f4\" data-id=\"e34f9f4\" data-element_type=\"column\">\n\t\t\t<div class=\"elementor-widget-wrap elementor-element-populated\">\n\t\t\t\t\t\t<div class=\"elementor-element elementor-element-c643e86 elementor-widget elementor-widget-heading\" data-id=\"c643e86\" data-element_type=\"widget\" data-widget_type=\"heading.default\">\n\t\t\t\t<div class=\"elementor-widget-container\">\n\t\t\t\t\t<h2 class=\"elementor-heading-title elementor-size-default\">Esperanza : le bord de mer \u00e0 hauteur d\u2019homme\n<\/h2>\t\t\t\t<\/div>\n\t\t\t\t<\/div>\n\t\t\t\t<div class=\"elementor-element elementor-element-f783f1a elementor-widget elementor-widget-text-editor\" data-id=\"f783f1a\" data-element_type=\"widget\" data-widget_type=\"text-editor.default\">\n\t\t\t\t<div class=\"elementor-widget-container\">\n\t\t\t\t\t\t\t\t\t<p><span style=\"font-weight: 400;\">Le Malecon d\u2019Esperanza d\u00e9roule ses maisons basses, ses caf\u00e9s ouverts aux aliz\u00e9s, ses terrasses o\u00f9 l\u2019on s\u2019attarde. Les heures y prennent une autre couleur : le matin, les passants saluent les \u00e9quipages qui partent ; \u00e0 midi, l\u2019ombre attire les conversations ; le soir, la baie capture un ciel qui change de teinte \u00e0 vue d\u2019\u0153il. Quelques pas suffisent pour passer du murmure des vagues aux voix qui se r\u00e9pondent sous les v\u00e9randas. L\u2019hospitalit\u00e9 tient souvent \u00e0 une adresse donn\u00e9e, \u00e0 un conseil sur l\u2019\u00e9tat de la mer, \u00e0 un plat du jour qui varie selon la p\u00eache.<\/span><\/p>\t\t\t\t\t\t\t\t<\/div>\n\t\t\t\t<\/div>\n\t\t\t\t<section class=\"elementor-section elementor-inner-section elementor-element elementor-element-f446dcb elementor-section-boxed elementor-section-height-default elementor-section-height-default\" data-id=\"f446dcb\" data-element_type=\"section\">\n\t\t\t\t\t\t<div class=\"elementor-container elementor-column-gap-default\">\n\t\t\t\t\t<div class=\"elementor-column elementor-col-50 elementor-inner-column elementor-element elementor-element-606b671\" data-id=\"606b671\" data-element_type=\"column\">\n\t\t\t<div class=\"elementor-widget-wrap elementor-element-populated\">\n\t\t\t\t\t\t<div class=\"elementor-element elementor-element-5211928 elementor-widget elementor-widget-image\" data-id=\"5211928\" data-element_type=\"widget\" data-widget_type=\"image.default\">\n\t\t\t\t<div class=\"elementor-widget-container\">\n\t\t\t\t\t\t\t\t\t\t\t\t\t\t\t<img loading=\"lazy\" decoding=\"async\" width=\"800\" height=\"533\" src=\"https:\/\/richeskarayib.com\/wp-content\/uploads\/2025\/11\/7-1024x682.png\" class=\"attachment-large size-large wp-image-64418\" alt=\"Vieques\" srcset=\"https:\/\/richeskarayib.com\/wp-content\/uploads\/2025\/11\/7-1024x682.png 1024w, https:\/\/richeskarayib.com\/wp-content\/uploads\/2025\/11\/7-300x200.png 300w, https:\/\/richeskarayib.com\/wp-content\/uploads\/2025\/11\/7-768x512.png 768w, https:\/\/richeskarayib.com\/wp-content\/uploads\/2025\/11\/7.png 1280w\" sizes=\"(max-width: 800px) 100vw, 800px\" \/>\t\t\t\t\t\t\t\t\t\t\t\t\t\t\t<\/div>\n\t\t\t\t<\/div>\n\t\t\t\t\t<\/div>\n\t\t<\/div>\n\t\t\t\t<div class=\"elementor-column elementor-col-50 elementor-inner-column elementor-element elementor-element-1671d5b\" data-id=\"1671d5b\" data-element_type=\"column\">\n\t\t\t<div class=\"elementor-widget-wrap elementor-element-populated\">\n\t\t\t\t\t\t<div class=\"elementor-element elementor-element-7b02993 elementor-widget elementor-widget-image\" data-id=\"7b02993\" data-element_type=\"widget\" data-widget_type=\"image.default\">\n\t\t\t\t<div class=\"elementor-widget-container\">\n\t\t\t\t\t\t\t\t\t\t\t\t\t\t\t<img loading=\"lazy\" decoding=\"async\" width=\"800\" height=\"533\" src=\"https:\/\/richeskarayib.com\/wp-content\/uploads\/2025\/11\/9-1024x682.png\" class=\"attachment-large size-large wp-image-64422\" alt=\"Vieques\" srcset=\"https:\/\/richeskarayib.com\/wp-content\/uploads\/2025\/11\/9-1024x682.png 1024w, https:\/\/richeskarayib.com\/wp-content\/uploads\/2025\/11\/9-300x200.png 300w, https:\/\/richeskarayib.com\/wp-content\/uploads\/2025\/11\/9-768x512.png 768w, https:\/\/richeskarayib.com\/wp-content\/uploads\/2025\/11\/9.png 1280w\" sizes=\"(max-width: 800px) 100vw, 800px\" \/>\t\t\t\t\t\t\t\t\t\t\t\t\t\t\t<\/div>\n\t\t\t\t<\/div>\n\t\t\t\t\t<\/div>\n\t\t<\/div>\n\t\t\t\t\t<\/div>\n\t\t<\/section>\n\t\t\t\t\t<\/div>\n\t\t<\/div>\n\t\t\t\t\t<\/div>\n\t\t<\/section>\n\t\t\t\t<section class=\"elementor-section elementor-top-section elementor-element elementor-element-f5709a6 elementor-section-boxed elementor-section-height-default elementor-section-height-default\" data-id=\"f5709a6\" data-element_type=\"section\">\n\t\t\t\t\t\t<div class=\"elementor-container elementor-column-gap-default\">\n\t\t\t\t\t<div class=\"elementor-column elementor-col-100 elementor-top-column elementor-element elementor-element-957be6f\" data-id=\"957be6f\" data-element_type=\"column\">\n\t\t\t<div class=\"elementor-widget-wrap elementor-element-populated\">\n\t\t\t\t\t\t<div class=\"elementor-element elementor-element-22c0a08 elementor-widget elementor-widget-heading\" data-id=\"22c0a08\" data-element_type=\"widget\" data-widget_type=\"heading.default\">\n\t\t\t\t<div class=\"elementor-widget-container\">\n\t\t\t\t\t<h2 class=\"elementor-heading-title elementor-size-default\">Itin\u00e9raires d\u2019\u00eele : marcher, pagayer, regarder<\/h2>\t\t\t\t<\/div>\n\t\t\t\t<\/div>\n\t\t\t\t<div class=\"elementor-element elementor-element-953f6e4 elementor-widget elementor-widget-text-editor\" data-id=\"953f6e4\" data-element_type=\"widget\" data-widget_type=\"text-editor.default\">\n\t\t\t\t<div class=\"elementor-widget-container\">\n\t\t\t\t\t\t\t\t\t<p><span style=\"font-weight: 400;\">\u00c0 La Chiva, la transparence de l\u2019eau se lit depuis le rivage ; \u00e0 Media Luna, la courbe de la baie prot\u00e8ge des courants ; \u00e0 Nav\u00edo, la houle sculpte un souffle plus prononc\u00e9. Les sentiers menant aux plages traversent des bois de mancenilliers, de raisiniers et de cactus : un paysage sec, franc, ponctu\u00e9 de clairs-obscurs. Sur les lagunes, un kayak glisse entre les pal\u00e9tuviers ; sur les herbiers, des tortues viennent pa\u00eetre tranquillement. Les guides insistent sur des gestes simples : ne pas marcher sur les herbiers, tenir ses distances avec la faune, repartir avec ses d\u00e9chets. Une \u00e9l\u00e9gance, en somme.<\/span><\/p>\t\t\t\t\t\t\t\t<\/div>\n\t\t\t\t<\/div>\n\t\t\t\t<section class=\"elementor-section elementor-inner-section elementor-element elementor-element-16ead51 elementor-section-boxed elementor-section-height-default elementor-section-height-default\" data-id=\"16ead51\" data-element_type=\"section\">\n\t\t\t\t\t\t<div class=\"elementor-container elementor-column-gap-default\">\n\t\t\t\t\t<div class=\"elementor-column elementor-col-33 elementor-inner-column elementor-element elementor-element-8c4b821\" data-id=\"8c4b821\" data-element_type=\"column\">\n\t\t\t<div class=\"elementor-widget-wrap elementor-element-populated\">\n\t\t\t\t\t\t<div class=\"elementor-element elementor-element-284f069 elementor-widget elementor-widget-image\" data-id=\"284f069\" data-element_type=\"widget\" data-widget_type=\"image.default\">\n\t\t\t\t<div class=\"elementor-widget-container\">\n\t\t\t\t\t\t\t\t\t\t\t\t\t\t\t<img loading=\"lazy\" decoding=\"async\" width=\"800\" height=\"533\" src=\"https:\/\/richeskarayib.com\/wp-content\/uploads\/2025\/11\/3-1-1024x682.png\" class=\"attachment-large size-large wp-image-64426\" alt=\"Vieques\" srcset=\"https:\/\/richeskarayib.com\/wp-content\/uploads\/2025\/11\/3-1-1024x682.png 1024w, https:\/\/richeskarayib.com\/wp-content\/uploads\/2025\/11\/3-1-300x200.png 300w, https:\/\/richeskarayib.com\/wp-content\/uploads\/2025\/11\/3-1-768x512.png 768w, https:\/\/richeskarayib.com\/wp-content\/uploads\/2025\/11\/3-1.png 1280w\" sizes=\"(max-width: 800px) 100vw, 800px\" \/>\t\t\t\t\t\t\t\t\t\t\t\t\t\t\t<\/div>\n\t\t\t\t<\/div>\n\t\t\t\t\t<\/div>\n\t\t<\/div>\n\t\t\t\t<div class=\"elementor-column elementor-col-33 elementor-inner-column elementor-element elementor-element-30aace1\" data-id=\"30aace1\" data-element_type=\"column\">\n\t\t\t<div class=\"elementor-widget-wrap elementor-element-populated\">\n\t\t\t\t\t\t<div class=\"elementor-element elementor-element-eb8e1f0 elementor-widget elementor-widget-image\" data-id=\"eb8e1f0\" data-element_type=\"widget\" data-widget_type=\"image.default\">\n\t\t\t\t<div class=\"elementor-widget-container\">\n\t\t\t\t\t\t\t\t\t\t\t\t\t\t\t<img loading=\"lazy\" decoding=\"async\" width=\"800\" height=\"533\" src=\"https:\/\/richeskarayib.com\/wp-content\/uploads\/2025\/11\/6-1024x682.png\" class=\"attachment-large size-large wp-image-64430\" alt=\"Vieques\" srcset=\"https:\/\/richeskarayib.com\/wp-content\/uploads\/2025\/11\/6-1024x682.png 1024w, https:\/\/richeskarayib.com\/wp-content\/uploads\/2025\/11\/6-300x200.png 300w, https:\/\/richeskarayib.com\/wp-content\/uploads\/2025\/11\/6-768x512.png 768w, https:\/\/richeskarayib.com\/wp-content\/uploads\/2025\/11\/6.png 1280w\" sizes=\"(max-width: 800px) 100vw, 800px\" \/>\t\t\t\t\t\t\t\t\t\t\t\t\t\t\t<\/div>\n\t\t\t\t<\/div>\n\t\t\t\t\t<\/div>\n\t\t<\/div>\n\t\t\t\t<div class=\"elementor-column elementor-col-33 elementor-inner-column elementor-element elementor-element-bfbce16\" data-id=\"bfbce16\" data-element_type=\"column\">\n\t\t\t<div class=\"elementor-widget-wrap elementor-element-populated\">\n\t\t\t\t\t\t<div class=\"elementor-element elementor-element-383bed8 elementor-widget elementor-widget-image\" data-id=\"383bed8\" data-element_type=\"widget\" data-widget_type=\"image.default\">\n\t\t\t\t<div class=\"elementor-widget-container\">\n\t\t\t\t\t\t\t\t\t\t\t\t\t\t\t<img loading=\"lazy\" decoding=\"async\" width=\"800\" height=\"533\" src=\"https:\/\/richeskarayib.com\/wp-content\/uploads\/2025\/11\/8-1024x682.png\" class=\"attachment-large size-large wp-image-64434\" alt=\"Vieques\" srcset=\"https:\/\/richeskarayib.com\/wp-content\/uploads\/2025\/11\/8-1024x682.png 1024w, https:\/\/richeskarayib.com\/wp-content\/uploads\/2025\/11\/8-300x200.png 300w, https:\/\/richeskarayib.com\/wp-content\/uploads\/2025\/11\/8-768x512.png 768w, https:\/\/richeskarayib.com\/wp-content\/uploads\/2025\/11\/8.png 1280w\" sizes=\"(max-width: 800px) 100vw, 800px\" \/>\t\t\t\t\t\t\t\t\t\t\t\t\t\t\t<\/div>\n\t\t\t\t<\/div>\n\t\t\t\t\t<\/div>\n\t\t<\/div>\n\t\t\t\t\t<\/div>\n\t\t<\/section>\n\t\t\t\t\t<\/div>\n\t\t<\/div>\n\t\t\t\t\t<\/div>\n\t\t<\/section>\n\t\t\t\t<section class=\"elementor-section elementor-top-section elementor-element elementor-element-b06de5a elementor-section-boxed elementor-section-height-default elementor-section-height-default\" data-id=\"b06de5a\" data-element_type=\"section\">\n\t\t\t\t\t\t<div class=\"elementor-container elementor-column-gap-default\">\n\t\t\t\t\t<div class=\"elementor-column elementor-col-100 elementor-top-column elementor-element elementor-element-027e9eb\" data-id=\"027e9eb\" data-element_type=\"column\">\n\t\t\t<div class=\"elementor-widget-wrap elementor-element-populated\">\n\t\t\t\t\t\t<div class=\"elementor-element elementor-element-a116702 elementor-widget elementor-widget-heading\" data-id=\"a116702\" data-element_type=\"widget\" data-widget_type=\"heading.default\">\n\t\t\t\t<div class=\"elementor-widget-container\">\n\t\t\t\t\t<h2 class=\"elementor-heading-title elementor-size-default\">Une mani\u00e8re d\u2019\u00eatre au monde<\/h2>\t\t\t\t<\/div>\n\t\t\t\t<\/div>\n\t\t\t\t<div class=\"elementor-element elementor-element-747733a elementor-widget elementor-widget-text-editor\" data-id=\"747733a\" data-element_type=\"widget\" data-widget_type=\"text-editor.default\">\n\t\t\t\t<div class=\"elementor-widget-container\">\n\t\t\t\t\t\t\t\t\t<p><span style=\"font-weight: 400;\">Ce que l\u2019on garde de Vieques, ce n\u2019est pas un inventaire de lieux coch\u00e9s sur une liste ; c\u2019est une sensation de justesse. Un soir sans vent \u00e0 Mosquito Bay, une marche au petit jour sur Sun Bay, un salut \u00e9chang\u00e9 avec un cavalier, un repas pris face \u00e0 l\u2019eau ; autant de moments o\u00f9 l\u2019\u00eele semble dire : \u00ab prends ton temps \u00bb. On repart avec l\u2019impression d\u2019avoir r\u00e9appris un geste simple \u2013 regarder \u2013 et d\u2019avoir trouv\u00e9 une place \u00e0 hauteur d\u2019humain, entre mer, lumi\u00e8re et voix de village.<\/span><\/p>\n<p><span style=\"font-weight: 400;\">Vieques ne cherche pas les effets. Elle pr\u00e9f\u00e8re les liens. Et c\u2019est peut-\u00eatre pour cela qu\u2019elle reste, longtemps, dans la m\u00e9moire.<\/span><\/p>\t\t\t\t\t\t\t\t<\/div>\n\t\t\t\t<\/div>\n\t\t\t\t<section class=\"elementor-section elementor-inner-section elementor-element elementor-element-5ef2d85 elementor-section-boxed elementor-section-height-default elementor-section-height-default\" data-id=\"5ef2d85\" data-element_type=\"section\">\n\t\t\t\t\t\t<div class=\"elementor-container elementor-column-gap-default\">\n\t\t\t\t\t<div class=\"elementor-column elementor-col-100 elementor-inner-column elementor-element elementor-element-664c678\" data-id=\"664c678\" data-element_type=\"column\">\n\t\t\t<div class=\"elementor-widget-wrap elementor-element-populated\">\n\t\t\t\t\t\t<div class=\"elementor-element elementor-element-ee642bb elementor-widget elementor-widget-video\" data-id=\"ee642bb\" data-element_type=\"widget\" data-settings=\"{&quot;youtube_url&quot;:&quot;https:\\\/\\\/www.youtube.com\\\/watch?v=Z7EohuotTqU&quot;,&quot;video_type&quot;:&quot;youtube&quot;,&quot;controls&quot;:&quot;yes&quot;}\" data-widget_type=\"video.default\">\n\t\t\t\t<div class=\"elementor-widget-container\">\n\t\t\t\t\t\t\t<div class=\"elementor-wrapper elementor-open-inline\">\n\t\t\t<div class=\"elementor-video\"><\/div>\t\t<\/div>\n\t\t\t\t\t\t<\/div>\n\t\t\t\t<\/div>\n\t\t\t\t\t<\/div>\n\t\t<\/div>\n\t\t\t\t\t<\/div>\n\t\t<\/section>\n\t\t\t\t\t<\/div>\n\t\t<\/div>\n\t\t\t\t\t<\/div>\n\t\t<\/section>\n\t\t\t\t<\/div>\n\t\t","protected":false},"excerpt":{"rendered":"<p>\u00c0 quelques kilom\u00e8tres \u00e0 l\u2019est de Porto Rico, Vieques s\u2019avance comme une terre bord\u00e9e de criques claires, de lagunes\u00a0 et de routes qui longent l\u2019oc\u00e9an. Ici, le temps glisse sans heurt : une conversation sur un perron d\u2019Esperanza, un cheval qui traverse le village d\u2019un pas tranquille, une lumi\u00e8re qui s\u2019attarde sur les amandiers de [&hellip;]<\/p>\n","protected":false},"author":662,"featured_media":64402,"comment_status":"open","ping_status":"open","sticky":false,"template":"","format":"standard","meta":{"_acf_changed":false,"footnotes":""},"categories":[1732],"tags":[1726],"class_list":["post-64401","post","type-post","status-publish","format-standard","has-post-thumbnail","hentry","category-tourisme","tag-porto-rico"],"acf":[],"_links":{"self":[{"href":"https:\/\/richeskarayib.com\/fr\/wp-json\/wp\/v2\/posts\/64401","targetHints":{"allow":["GET"]}}],"collection":[{"href":"https:\/\/richeskarayib.com\/fr\/wp-json\/wp\/v2\/posts"}],"about":[{"href":"https:\/\/richeskarayib.com\/fr\/wp-json\/wp\/v2\/types\/post"}],"author":[{"embeddable":true,"href":"https:\/\/richeskarayib.com\/fr\/wp-json\/wp\/v2\/users\/662"}],"replies":[{"embeddable":true,"href":"https:\/\/richeskarayib.com\/fr\/wp-json\/wp\/v2\/comments?post=64401"}],"version-history":[{"count":0,"href":"https:\/\/richeskarayib.com\/fr\/wp-json\/wp\/v2\/posts\/64401\/revisions"}],"wp:featuredmedia":[{"embeddable":true,"href":"https:\/\/richeskarayib.com\/fr\/wp-json\/wp\/v2\/media\/64402"}],"wp:attachment":[{"href":"https:\/\/richeskarayib.com\/fr\/wp-json\/wp\/v2\/media?parent=64401"}],"wp:term":[{"taxonomy":"category","embeddable":true,"href":"https:\/\/richeskarayib.com\/fr\/wp-json\/wp\/v2\/categories?post=64401"},{"taxonomy":"post_tag","embeddable":true,"href":"https:\/\/richeskarayib.com\/fr\/wp-json\/wp\/v2\/tags?post=64401"}],"curies":[{"name":"wp","href":"https:\/\/api.w.org\/{rel}","templated":true}]}}