{"id":64672,"date":"2025-11-12T06:43:56","date_gmt":"2025-11-12T10:43:56","guid":{"rendered":"https:\/\/richeskarayib.com\/?p=64672"},"modified":"2025-11-12T06:43:56","modified_gmt":"2025-11-12T10:43:56","slug":"cop30-au-bresil-caraibe-urgence-climatique","status":"publish","type":"post","link":"https:\/\/richeskarayib.com\/fr\/cop30-au-bresil-caraibe-urgence-climatique\/","title":{"rendered":"COP30 au Br\u00e9sil : la Cara\u00efbe face \u00e0 l\u2019urgence climatique mondiale"},"content":{"rendered":"\t\t<div data-elementor-type=\"wp-post\" data-elementor-id=\"64672\" class=\"elementor elementor-64672\" data-elementor-post-type=\"post\">\n\t\t\t\t\t\t<section class=\"elementor-section elementor-top-section elementor-element elementor-element-7ca7ca1 elementor-section-boxed elementor-section-height-default elementor-section-height-default\" data-id=\"7ca7ca1\" data-element_type=\"section\">\n\t\t\t\t\t\t<div class=\"elementor-container elementor-column-gap-default\">\n\t\t\t\t\t<div class=\"elementor-column elementor-col-100 elementor-top-column elementor-element elementor-element-cbdd002\" data-id=\"cbdd002\" data-element_type=\"column\">\n\t\t\t<div class=\"elementor-widget-wrap elementor-element-populated\">\n\t\t\t\t\t\t<section class=\"elementor-section elementor-inner-section elementor-element elementor-element-bc94849 elementor-section-boxed elementor-section-height-default elementor-section-height-default\" data-id=\"bc94849\" data-element_type=\"section\">\n\t\t\t\t\t\t<div class=\"elementor-container elementor-column-gap-default\">\n\t\t\t\t\t\t<\/div>\n\t\t<\/section>\n\t\t\t\t<section class=\"elementor-section elementor-inner-section elementor-element elementor-element-61571e6 elementor-section-boxed elementor-section-height-default elementor-section-height-default\" data-id=\"61571e6\" data-element_type=\"section\">\n\t\t\t\t\t\t<div class=\"elementor-container elementor-column-gap-default\">\n\t\t\t\t\t\t<\/div>\n\t\t<\/section>\n\t\t\t\t<section class=\"elementor-section elementor-inner-section elementor-element elementor-element-b6262e0 elementor-section-boxed elementor-section-height-default elementor-section-height-default\" data-id=\"b6262e0\" data-element_type=\"section\">\n\t\t\t\t\t\t<div class=\"elementor-container elementor-column-gap-default\">\n\t\t\t\t\t\t<\/div>\n\t\t<\/section>\n\t\t\t\t<section class=\"elementor-section elementor-inner-section elementor-element elementor-element-cca29fd elementor-section-boxed elementor-section-height-default elementor-section-height-default\" data-id=\"cca29fd\" data-element_type=\"section\">\n\t\t\t\t\t\t<div class=\"elementor-container elementor-column-gap-default\">\n\t\t\t\t\t\t<\/div>\n\t\t<\/section>\n\t\t\t\t\t<\/div>\n\t\t<\/div>\n\t\t\t\t\t<\/div>\n\t\t<\/section>\n\t\t\t\t<section class=\"elementor-section elementor-top-section elementor-element elementor-element-82cd8f9 elementor-section-boxed elementor-section-height-default elementor-section-height-default\" data-id=\"82cd8f9\" data-element_type=\"section\">\n\t\t\t\t\t\t<div class=\"elementor-container elementor-column-gap-default\">\n\t\t\t\t\t<div class=\"elementor-column elementor-col-100 elementor-top-column elementor-element elementor-element-0bfdc38\" data-id=\"0bfdc38\" data-element_type=\"column\">\n\t\t\t<div class=\"elementor-widget-wrap elementor-element-populated\">\n\t\t\t\t\t\t<div class=\"elementor-element elementor-element-96caf50 elementor-widget elementor-widget-text-editor\" data-id=\"96caf50\" data-element_type=\"widget\" data-widget_type=\"text-editor.default\">\n\t\t\t\t<div class=\"elementor-widget-container\">\n\t\t\t\t\t\t\t\t\t<p><span style=\"font-weight: 400;\">La <a href=\"https:\/\/cop30.br\/en\" target=\"_blank\" rel=\"noopener nofollow\">COP30<\/a> se tient \u00e0 Bel\u00e9m, dans l\u2019\u00c9tat de Par\u00e1, au Br\u00e9sil, du 10 au 21 novembre 2025. Cette 30\u1d49 Conf\u00e9rence des Nations Unies sur le changement climatique se d\u00e9roule pour la premi\u00e8re fois au c\u0153ur de l\u2019<a href=\"https:\/\/richeskarayib.com\/fr\/curupira-esprit-foret-amazonienne-cop30\/\" target=\"_blank\" rel=\"noopener\">Amazonie<\/a>, symbole d\u2019un \u00e9cosyst\u00e8me vital pour la plan\u00e8te. \u00c0 travers cette COP30, les dirigeants du monde s\u2019engagent dans une n\u00e9gociation d\u00e9cisive, celle de la mise en \u0153uvre r\u00e9elle des engagements pris depuis l\u2019Accord de Paris. Pour les pays de la Cara\u00efbe, directement expos\u00e9s aux effets du r\u00e9chauffement, cette \u00e9dition porte un espoir concret : obtenir une reconnaissance plus juste de leurs besoins et un financement durable de leur adaptation climatique.<\/span><\/p>\t\t\t\t\t\t\t\t<\/div>\n\t\t\t\t<\/div>\n\t\t\t\t<section class=\"elementor-section elementor-inner-section elementor-element elementor-element-c582330 elementor-section-boxed elementor-section-height-default elementor-section-height-default\" data-id=\"c582330\" data-element_type=\"section\">\n\t\t\t\t\t\t<div class=\"elementor-container elementor-column-gap-default\">\n\t\t\t\t\t\t<\/div>\n\t\t<\/section>\n\t\t\t\t<section class=\"elementor-section elementor-inner-section elementor-element elementor-element-296603a elementor-section-boxed elementor-section-height-default elementor-section-height-default\" data-id=\"296603a\" data-element_type=\"section\">\n\t\t\t\t\t\t<div class=\"elementor-container elementor-column-gap-default\">\n\t\t\t\t\t\t<\/div>\n\t\t<\/section>\n\t\t\t\t\t<\/div>\n\t\t<\/div>\n\t\t\t\t\t<\/div>\n\t\t<\/section>\n\t\t\t\t<section class=\"elementor-section elementor-top-section elementor-element elementor-element-5a7397d elementor-section-boxed elementor-section-height-default elementor-section-height-default\" data-id=\"5a7397d\" data-element_type=\"section\">\n\t\t\t\t\t\t<div class=\"elementor-container elementor-column-gap-default\">\n\t\t\t\t\t<div class=\"elementor-column elementor-col-100 elementor-top-column elementor-element elementor-element-8b33b4b\" data-id=\"8b33b4b\" data-element_type=\"column\">\n\t\t\t<div class=\"elementor-widget-wrap elementor-element-populated\">\n\t\t\t\t\t\t<div class=\"elementor-element elementor-element-89dac4b elementor-widget elementor-widget-heading\" data-id=\"89dac4b\" data-element_type=\"widget\" data-widget_type=\"heading.default\">\n\t\t\t\t<div class=\"elementor-widget-container\">\n\t\t\t\t\t<h2 class=\"elementor-heading-title elementor-size-default\">Une ouverture centr\u00e9e sur l\u2019Amazonie et la justice climatique<\/h2>\t\t\t\t<\/div>\n\t\t\t\t<\/div>\n\t\t\t\t<div class=\"elementor-element elementor-element-43a45ac elementor-widget elementor-widget-text-editor\" data-id=\"43a45ac\" data-element_type=\"widget\" data-widget_type=\"text-editor.default\">\n\t\t\t\t<div class=\"elementor-widget-container\">\n\t\t\t\t\t\t\t\t\t<p><span style=\"font-weight: 400;\">Le pr\u00e9sident Luiz In\u00e1cio Lula da Silva a ouvert la COP30 en insistant sur la responsabilit\u00e9 partag\u00e9e des nations et la n\u00e9cessit\u00e9 d\u2019agir sans d\u00e9lai. \u00ab Nous avan\u00e7ons dans la bonne direction, mais \u00e0 la mauvaise vitesse \u00bb, a-t-il affirm\u00e9 devant les d\u00e9l\u00e9gations r\u00e9unies au Br\u00e9sil. Ce message r\u00e9sonne comme un avertissement mondial.<\/span><\/p>\t\t\t\t\t\t\t\t<\/div>\n\t\t\t\t<\/div>\n\t\t\t\t<div class=\"elementor-element elementor-element-795d961 elementor-widget elementor-widget-text-editor\" data-id=\"795d961\" data-element_type=\"widget\" data-widget_type=\"text-editor.default\">\n\t\t\t\t<div class=\"elementor-widget-container\">\n\t\t\t\t\t\t\t\t\t<p><span style=\"font-weight: 400;\">Simon Stiell, secr\u00e9taire ex\u00e9cutif de la Convention climat, a rappel\u00e9 que chaque retard se paie cher, en vies humaines et en pertes \u00e9conomiques. Tenir la conf\u00e9rence au Br\u00e9sil, au c\u0153ur d\u2019un territoire qui abrite 60 % de la for\u00eat amazonienne, souligne la dimension symbolique et \u00e9cologique de cette \u00e9dition. La COP30 veut replacer la biodiversit\u00e9, les peuples autochtones et la coop\u00e9ration Sud-Sud au centre des d\u00e9cisions internationales.<\/span><\/p>\t\t\t\t\t\t\t\t<\/div>\n\t\t\t\t<\/div>\n\t\t\t\t<div class=\"elementor-element elementor-element-0815202 elementor-widget elementor-widget-text-editor\" data-id=\"0815202\" data-element_type=\"widget\" data-widget_type=\"text-editor.default\">\n\t\t\t\t<div class=\"elementor-widget-container\">\n\t\t\t\t\t\t\t\t\t<p><span style=\"font-weight: 400;\">Les premi\u00e8res sessions ont montr\u00e9 une dynamique nouvelle : l\u2019adoption rapide de l\u2019agenda et la volont\u00e9 de traduire les promesses en actions concr\u00e8tes, notamment dans les domaines de l\u2019\u00e9nergie, de la transparence et du financement.<\/span><\/p>\t\t\t\t\t\t\t\t<\/div>\n\t\t\t\t<\/div>\n\t\t\t\t<section class=\"elementor-section elementor-inner-section elementor-element elementor-element-5905c3a elementor-section-boxed elementor-section-height-default elementor-section-height-default\" data-id=\"5905c3a\" data-element_type=\"section\">\n\t\t\t\t\t\t<div class=\"elementor-container elementor-column-gap-default\">\n\t\t\t\t\t<div class=\"elementor-column elementor-col-50 elementor-inner-column elementor-element elementor-element-e6d55c5\" data-id=\"e6d55c5\" data-element_type=\"column\">\n\t\t\t<div class=\"elementor-widget-wrap elementor-element-populated\">\n\t\t\t\t\t\t<div class=\"elementor-element elementor-element-275194c elementor-widget elementor-widget-image\" data-id=\"275194c\" data-element_type=\"widget\" data-widget_type=\"image.default\">\n\t\t\t\t<div class=\"elementor-widget-container\">\n\t\t\t\t\t\t\t\t\t\t\t\t<figure class=\"wp-caption\">\n\t\t\t\t\t\t\t\t\t\t<img fetchpriority=\"high\" decoding=\"async\" width=\"800\" height=\"568\" src=\"https:\/\/richeskarayib.com\/wp-content\/uploads\/2025\/11\/Luiz-Inacio-Lula-da-Silva-\u00a9Alex-FerroCOP30-1024x727.jpg\" class=\"attachment-large size-large wp-image-64698\" alt=\"COP30\" srcset=\"https:\/\/richeskarayib.com\/wp-content\/uploads\/2025\/11\/Luiz-Inacio-Lula-da-Silva-\u00a9Alex-FerroCOP30-1024x727.jpg 1024w, https:\/\/richeskarayib.com\/wp-content\/uploads\/2025\/11\/Luiz-Inacio-Lula-da-Silva-\u00a9Alex-FerroCOP30-300x213.jpg 300w, https:\/\/richeskarayib.com\/wp-content\/uploads\/2025\/11\/Luiz-Inacio-Lula-da-Silva-\u00a9Alex-FerroCOP30-768x545.jpg 768w, https:\/\/richeskarayib.com\/wp-content\/uploads\/2025\/11\/Luiz-Inacio-Lula-da-Silva-\u00a9Alex-FerroCOP30-1536x1090.jpg 1536w, https:\/\/richeskarayib.com\/wp-content\/uploads\/2025\/11\/Luiz-Inacio-Lula-da-Silva-\u00a9Alex-FerroCOP30-1320x937.jpg 1320w, https:\/\/richeskarayib.com\/wp-content\/uploads\/2025\/11\/Luiz-Inacio-Lula-da-Silva-\u00a9Alex-FerroCOP30.jpg 1920w\" sizes=\"(max-width: 800px) 100vw, 800px\" \/>\t\t\t\t\t\t\t\t\t\t\t<figcaption class=\"widget-image-caption wp-caption-text\">Luiz In\u00e1cio Lula da Silva. \u00a9Alex Ferro\/COP30<\/figcaption>\n\t\t\t\t\t\t\t\t\t\t<\/figure>\n\t\t\t\t\t\t\t\t\t<\/div>\n\t\t\t\t<\/div>\n\t\t\t\t\t<\/div>\n\t\t<\/div>\n\t\t\t\t<div class=\"elementor-column elementor-col-50 elementor-inner-column elementor-element elementor-element-e28a273\" data-id=\"e28a273\" data-element_type=\"column\">\n\t\t\t<div class=\"elementor-widget-wrap elementor-element-populated\">\n\t\t\t\t\t\t<div class=\"elementor-element elementor-element-008fbbe elementor-widget elementor-widget-image\" data-id=\"008fbbe\" data-element_type=\"widget\" data-widget_type=\"image.default\">\n\t\t\t\t<div class=\"elementor-widget-container\">\n\t\t\t\t\t\t\t\t\t\t\t\t<figure class=\"wp-caption\">\n\t\t\t\t\t\t\t\t\t\t<img decoding=\"async\" width=\"800\" height=\"568\" src=\"https:\/\/richeskarayib.com\/wp-content\/uploads\/2025\/11\/Simon-Stiell-1024x727.jpg\" class=\"attachment-large size-large wp-image-64702\" alt=\"COP30\" srcset=\"https:\/\/richeskarayib.com\/wp-content\/uploads\/2025\/11\/Simon-Stiell-1024x727.jpg 1024w, https:\/\/richeskarayib.com\/wp-content\/uploads\/2025\/11\/Simon-Stiell-300x213.jpg 300w, https:\/\/richeskarayib.com\/wp-content\/uploads\/2025\/11\/Simon-Stiell-768x546.jpg 768w, https:\/\/richeskarayib.com\/wp-content\/uploads\/2025\/11\/Simon-Stiell-1536x1091.jpg 1536w, https:\/\/richeskarayib.com\/wp-content\/uploads\/2025\/11\/Simon-Stiell-1320x938.jpg 1320w, https:\/\/richeskarayib.com\/wp-content\/uploads\/2025\/11\/Simon-Stiell.jpg 1920w\" sizes=\"(max-width: 800px) 100vw, 800px\" \/>\t\t\t\t\t\t\t\t\t\t\t<figcaption class=\"widget-image-caption wp-caption-text\">Simon Stiell. \u00a9Alex Ferro\/COP30<\/figcaption>\n\t\t\t\t\t\t\t\t\t\t<\/figure>\n\t\t\t\t\t\t\t\t\t<\/div>\n\t\t\t\t<\/div>\n\t\t\t\t\t<\/div>\n\t\t<\/div>\n\t\t\t\t\t<\/div>\n\t\t<\/section>\n\t\t\t\t\t<\/div>\n\t\t<\/div>\n\t\t\t\t\t<\/div>\n\t\t<\/section>\n\t\t\t\t<section class=\"elementor-section elementor-top-section elementor-element elementor-element-ceca32c elementor-section-boxed elementor-section-height-default elementor-section-height-default\" data-id=\"ceca32c\" data-element_type=\"section\">\n\t\t\t\t\t\t<div class=\"elementor-container elementor-column-gap-default\">\n\t\t\t\t\t<div class=\"elementor-column elementor-col-100 elementor-top-column elementor-element elementor-element-5a2e383\" data-id=\"5a2e383\" data-element_type=\"column\">\n\t\t\t<div class=\"elementor-widget-wrap elementor-element-populated\">\n\t\t\t\t\t\t<div class=\"elementor-element elementor-element-6cedf5f elementor-widget elementor-widget-heading\" data-id=\"6cedf5f\" data-element_type=\"widget\" data-widget_type=\"heading.default\">\n\t\t\t\t<div class=\"elementor-widget-container\">\n\t\t\t\t\t<h2 class=\"elementor-heading-title elementor-size-default\">Un programme ambitieux entre transition et gouvernance<\/h2>\t\t\t\t<\/div>\n\t\t\t\t<\/div>\n\t\t\t\t<div class=\"elementor-element elementor-element-e93d1fb elementor-widget elementor-widget-text-editor\" data-id=\"e93d1fb\" data-element_type=\"widget\" data-widget_type=\"text-editor.default\">\n\t\t\t\t<div class=\"elementor-widget-container\">\n\t\t\t\t\t\t\t\t\t<p><span style=\"font-weight: 400;\">La COP30 s\u2019articule autour de quatre priorit\u00e9s : r\u00e9duction des \u00e9missions, adaptation, financement et gouvernance climatique. Le Br\u00e9sil, en accueillant la conf\u00e9rence \u00e0 Bel\u00e9m, veut incarner la transition vers un mod\u00e8le \u00e9conomique fond\u00e9 sur la pr\u00e9servation de la nature.<\/span><span style=\"font-weight: 400;\"><br \/><\/span><span style=\"font-weight: 400;\"> Le \u00ab Capacity-Building Hub \u00bb, l\u2019un des temps forts de la conf\u00e9rence, met en avant le renforcement des comp\u00e9tences locales. Ses sessions abordent le financement durable, la transition \u00e9nerg\u00e9tique, les solutions fond\u00e9es sur la nature et le r\u00f4le du patrimoine culturel dans la r\u00e9silience des territoires.<\/span><\/p>\t\t\t\t\t\t\t\t<\/div>\n\t\t\t\t<\/div>\n\t\t\t\t<div class=\"elementor-element elementor-element-223cf5a elementor-widget elementor-widget-text-editor\" data-id=\"223cf5a\" data-element_type=\"widget\" data-widget_type=\"text-editor.default\">\n\t\t\t\t<div class=\"elementor-widget-container\">\n\t\t\t\t\t\t\t\t\t<p><span style=\"font-weight: 400;\">Les Nations Unies rappellent que limiter la hausse des temp\u00e9ratures \u00e0 1,5 \u00b0C reste un imp\u00e9ratif, et non un objectif th\u00e9orique. La COP30 doit ainsi valider des m\u00e9canismes concrets de suivi et de transparence, capables d\u2019assurer la cr\u00e9dibilit\u00e9 des engagements nationaux.<\/span><\/p>\t\t\t\t\t\t\t\t<\/div>\n\t\t\t\t<\/div>\n\t\t\t\t\t<\/div>\n\t\t<\/div>\n\t\t\t\t\t<\/div>\n\t\t<\/section>\n\t\t\t\t<section class=\"elementor-section elementor-top-section elementor-element elementor-element-9c88a89 elementor-section-boxed elementor-section-height-default elementor-section-height-default\" data-id=\"9c88a89\" data-element_type=\"section\">\n\t\t\t\t\t\t<div class=\"elementor-container elementor-column-gap-default\">\n\t\t\t\t\t<div class=\"elementor-column elementor-col-100 elementor-top-column elementor-element elementor-element-78cf5d1\" data-id=\"78cf5d1\" data-element_type=\"column\">\n\t\t\t<div class=\"elementor-widget-wrap elementor-element-populated\">\n\t\t\t\t\t\t<div class=\"elementor-element elementor-element-ea2a5c1 elementor-widget elementor-widget-heading\" data-id=\"ea2a5c1\" data-element_type=\"widget\" data-widget_type=\"heading.default\">\n\t\t\t\t<div class=\"elementor-widget-container\">\n\t\t\t\t\t<h2 class=\"elementor-heading-title elementor-size-default\">La Cara\u00efbe, une voix unie pour la survie<\/h2>\t\t\t\t<\/div>\n\t\t\t\t<\/div>\n\t\t\t\t<div class=\"elementor-element elementor-element-e305eee elementor-widget elementor-widget-text-editor\" data-id=\"e305eee\" data-element_type=\"widget\" data-widget_type=\"text-editor.default\">\n\t\t\t\t<div class=\"elementor-widget-container\">\n\t\t\t\t\t\t\t\t\t<p><span style=\"font-weight: 400;\">Pour la Cara\u00efbe, la COP30 est une tribune vitale. Les \u00c9tats insulaires r\u00e9clament des r\u00e9ponses imm\u00e9diates face \u00e0 la mont\u00e9e du niveau de la mer et \u00e0 l\u2019intensification des cyclones. Le Caribbean Development Bank a rappel\u00e9 que \u00ab la r\u00e9gion n\u2019a jamais \u00e9t\u00e9 aussi expos\u00e9e ni aussi d\u00e9termin\u00e9e \u00e0 d\u00e9fendre sa survie climatique \u00bb.<\/span><\/p>\t\t\t\t\t\t\t\t<\/div>\n\t\t\t\t<\/div>\n\t\t\t\t<div class=\"elementor-element elementor-element-2ad59a2 elementor-widget elementor-widget-text-editor\" data-id=\"2ad59a2\" data-element_type=\"widget\" data-widget_type=\"text-editor.default\">\n\t\t\t\t<div class=\"elementor-widget-container\">\n\t\t\t\t\t\t\t\t\t<p><span style=\"font-weight: 400;\">Les d\u00e9l\u00e9gations carib\u00e9ennes plaident pour un acc\u00e8s direct aux fonds internationaux, sans conditions d\u2019endettement. Elles demandent que les promesses de 1 300 milliards de dollars annuels d\u2019ici 2035 soient honor\u00e9es et r\u00e9parties de mani\u00e8re \u00e9quitable.<\/span><span style=\"font-weight: 400;\"><br \/><\/span><span style=\"font-weight: 400;\"> Dans les espaces parall\u00e8les de Bel\u00e9m, plusieurs projets d\u2019adaptation sont pr\u00e9sent\u00e9s : restauration c\u00f4ti\u00e8re \u00e0 la Dominique, gestion durable de l\u2019eau \u00e0 Sainte-Lucie, reforestation communautaire en Ha\u00efti. Ces initiatives d\u00e9montrent que la r\u00e9gion agit d\u00e9j\u00e0, mais qu\u2019elle manque de soutien financier \u00e0 la hauteur des d\u00e9fis.<\/span><\/p>\t\t\t\t\t\t\t\t<\/div>\n\t\t\t\t<\/div>\n\t\t\t\t<section class=\"elementor-section elementor-inner-section elementor-element elementor-element-1506b78 elementor-section-boxed elementor-section-height-default elementor-section-height-default\" data-id=\"1506b78\" data-element_type=\"section\">\n\t\t\t\t\t\t<div class=\"elementor-container elementor-column-gap-default\">\n\t\t\t\t\t<div class=\"elementor-column elementor-col-50 elementor-inner-column elementor-element elementor-element-ee73c87\" data-id=\"ee73c87\" data-element_type=\"column\">\n\t\t\t<div class=\"elementor-widget-wrap elementor-element-populated\">\n\t\t\t\t\t\t<div class=\"elementor-element elementor-element-24bdcac elementor-widget elementor-widget-image\" data-id=\"24bdcac\" data-element_type=\"widget\" data-widget_type=\"image.default\">\n\t\t\t\t<div class=\"elementor-widget-container\">\n\t\t\t\t\t\t\t\t\t\t\t\t<figure class=\"wp-caption\">\n\t\t\t\t\t\t\t\t\t\t<img decoding=\"async\" width=\"800\" height=\"525\" src=\"https:\/\/richeskarayib.com\/wp-content\/uploads\/2025\/11\/\u00a9Raimundo-PaccoCOP30-3-1024x672.jpg\" class=\"attachment-large size-large wp-image-64706\" alt=\"COP30\" srcset=\"https:\/\/richeskarayib.com\/wp-content\/uploads\/2025\/11\/\u00a9Raimundo-PaccoCOP30-3-1024x672.jpg 1024w, https:\/\/richeskarayib.com\/wp-content\/uploads\/2025\/11\/\u00a9Raimundo-PaccoCOP30-3-300x197.jpg 300w, https:\/\/richeskarayib.com\/wp-content\/uploads\/2025\/11\/\u00a9Raimundo-PaccoCOP30-3-768x504.jpg 768w, https:\/\/richeskarayib.com\/wp-content\/uploads\/2025\/11\/\u00a9Raimundo-PaccoCOP30-3-1536x1008.jpg 1536w, https:\/\/richeskarayib.com\/wp-content\/uploads\/2025\/11\/\u00a9Raimundo-PaccoCOP30-3-1320x866.jpg 1320w, https:\/\/richeskarayib.com\/wp-content\/uploads\/2025\/11\/\u00a9Raimundo-PaccoCOP30-3.jpg 1920w\" sizes=\"(max-width: 800px) 100vw, 800px\" \/>\t\t\t\t\t\t\t\t\t\t\t<figcaption class=\"widget-image-caption wp-caption-text\">\u00a9Raimundo Pacco\/COP30<\/figcaption>\n\t\t\t\t\t\t\t\t\t\t<\/figure>\n\t\t\t\t\t\t\t\t\t<\/div>\n\t\t\t\t<\/div>\n\t\t\t\t\t<\/div>\n\t\t<\/div>\n\t\t\t\t<div class=\"elementor-column elementor-col-50 elementor-inner-column elementor-element elementor-element-78cd155\" data-id=\"78cd155\" data-element_type=\"column\">\n\t\t\t<div class=\"elementor-widget-wrap elementor-element-populated\">\n\t\t\t\t\t\t<div class=\"elementor-element elementor-element-32a280a elementor-widget elementor-widget-image\" data-id=\"32a280a\" data-element_type=\"widget\" data-widget_type=\"image.default\">\n\t\t\t\t<div class=\"elementor-widget-container\">\n\t\t\t\t\t\t\t\t\t\t\t\t<figure class=\"wp-caption\">\n\t\t\t\t\t\t\t\t\t\t<img loading=\"lazy\" decoding=\"async\" width=\"800\" height=\"523\" src=\"https:\/\/richeskarayib.com\/wp-content\/uploads\/2025\/11\/\u00a9Raimundo-PaccoCOP30-5-1024x669.jpg\" class=\"attachment-large size-large wp-image-64710\" alt=\"\" srcset=\"https:\/\/richeskarayib.com\/wp-content\/uploads\/2025\/11\/\u00a9Raimundo-PaccoCOP30-5-1024x669.jpg 1024w, https:\/\/richeskarayib.com\/wp-content\/uploads\/2025\/11\/\u00a9Raimundo-PaccoCOP30-5-300x196.jpg 300w, https:\/\/richeskarayib.com\/wp-content\/uploads\/2025\/11\/\u00a9Raimundo-PaccoCOP30-5-768x502.jpg 768w, https:\/\/richeskarayib.com\/wp-content\/uploads\/2025\/11\/\u00a9Raimundo-PaccoCOP30-5-1536x1003.jpg 1536w, https:\/\/richeskarayib.com\/wp-content\/uploads\/2025\/11\/\u00a9Raimundo-PaccoCOP30-5-1320x862.jpg 1320w, https:\/\/richeskarayib.com\/wp-content\/uploads\/2025\/11\/\u00a9Raimundo-PaccoCOP30-5.jpg 1920w\" sizes=\"(max-width: 800px) 100vw, 800px\" \/>\t\t\t\t\t\t\t\t\t\t\t<figcaption class=\"widget-image-caption wp-caption-text\">\u00a9Raimundo Pacco\/COP30<\/figcaption>\n\t\t\t\t\t\t\t\t\t\t<\/figure>\n\t\t\t\t\t\t\t\t\t<\/div>\n\t\t\t\t<\/div>\n\t\t\t\t\t<\/div>\n\t\t<\/div>\n\t\t\t\t\t<\/div>\n\t\t<\/section>\n\t\t\t\t<section class=\"elementor-section elementor-inner-section elementor-element elementor-element-6ef69ee elementor-section-boxed elementor-section-height-default elementor-section-height-default\" data-id=\"6ef69ee\" data-element_type=\"section\">\n\t\t\t\t\t\t<div class=\"elementor-container elementor-column-gap-default\">\n\t\t\t\t\t<div class=\"elementor-column elementor-col-100 elementor-inner-column elementor-element elementor-element-db074f3\" data-id=\"db074f3\" data-element_type=\"column\">\n\t\t\t<div class=\"elementor-widget-wrap elementor-element-populated\">\n\t\t\t\t\t\t<div class=\"elementor-element elementor-element-b42cc40 elementor-widget elementor-widget-image\" data-id=\"b42cc40\" data-element_type=\"widget\" data-widget_type=\"image.default\">\n\t\t\t\t<div class=\"elementor-widget-container\">\n\t\t\t\t\t\t\t\t\t\t\t\t<figure class=\"wp-caption\">\n\t\t\t\t\t\t\t\t\t\t<img loading=\"lazy\" decoding=\"async\" width=\"800\" height=\"534\" src=\"https:\/\/richeskarayib.com\/wp-content\/uploads\/2025\/11\/\u00a9Raimundo-PaccoCOP30-1-1024x683.jpg\" class=\"attachment-large size-large wp-image-64714\" alt=\"COP30\" srcset=\"https:\/\/richeskarayib.com\/wp-content\/uploads\/2025\/11\/\u00a9Raimundo-PaccoCOP30-1-1024x683.jpg 1024w, https:\/\/richeskarayib.com\/wp-content\/uploads\/2025\/11\/\u00a9Raimundo-PaccoCOP30-1-300x200.jpg 300w, https:\/\/richeskarayib.com\/wp-content\/uploads\/2025\/11\/\u00a9Raimundo-PaccoCOP30-1-768x512.jpg 768w, https:\/\/richeskarayib.com\/wp-content\/uploads\/2025\/11\/\u00a9Raimundo-PaccoCOP30-1-1536x1024.jpg 1536w, https:\/\/richeskarayib.com\/wp-content\/uploads\/2025\/11\/\u00a9Raimundo-PaccoCOP30-1-1320x880.jpg 1320w, https:\/\/richeskarayib.com\/wp-content\/uploads\/2025\/11\/\u00a9Raimundo-PaccoCOP30-1.jpg 1920w\" sizes=\"(max-width: 800px) 100vw, 800px\" \/>\t\t\t\t\t\t\t\t\t\t\t<figcaption class=\"widget-image-caption wp-caption-text\">\u00a9Raimundo Pacco\/COP30<\/figcaption>\n\t\t\t\t\t\t\t\t\t\t<\/figure>\n\t\t\t\t\t\t\t\t\t<\/div>\n\t\t\t\t<\/div>\n\t\t\t\t\t<\/div>\n\t\t<\/div>\n\t\t\t\t\t<\/div>\n\t\t<\/section>\n\t\t\t\t<section class=\"elementor-section elementor-inner-section elementor-element elementor-element-ef88627 elementor-section-boxed elementor-section-height-default elementor-section-height-default\" data-id=\"ef88627\" data-element_type=\"section\">\n\t\t\t\t\t\t<div class=\"elementor-container elementor-column-gap-default\">\n\t\t\t\t\t<div class=\"elementor-column elementor-col-50 elementor-inner-column elementor-element elementor-element-659dd6b\" data-id=\"659dd6b\" data-element_type=\"column\">\n\t\t\t<div class=\"elementor-widget-wrap elementor-element-populated\">\n\t\t\t\t\t\t<div class=\"elementor-element elementor-element-2efdaf4 elementor-widget elementor-widget-image\" data-id=\"2efdaf4\" data-element_type=\"widget\" data-widget_type=\"image.default\">\n\t\t\t\t<div class=\"elementor-widget-container\">\n\t\t\t\t\t\t\t\t\t\t\t\t<figure class=\"wp-caption\">\n\t\t\t\t\t\t\t\t\t\t<img loading=\"lazy\" decoding=\"async\" width=\"800\" height=\"527\" src=\"https:\/\/richeskarayib.com\/wp-content\/uploads\/2025\/11\/\u00a9Raimundo-PaccoCOP30-4-1024x675.jpg\" class=\"attachment-large size-large wp-image-64718\" alt=\"COP30\" srcset=\"https:\/\/richeskarayib.com\/wp-content\/uploads\/2025\/11\/\u00a9Raimundo-PaccoCOP30-4-1024x675.jpg 1024w, https:\/\/richeskarayib.com\/wp-content\/uploads\/2025\/11\/\u00a9Raimundo-PaccoCOP30-4-300x198.jpg 300w, https:\/\/richeskarayib.com\/wp-content\/uploads\/2025\/11\/\u00a9Raimundo-PaccoCOP30-4-768x506.jpg 768w, https:\/\/richeskarayib.com\/wp-content\/uploads\/2025\/11\/\u00a9Raimundo-PaccoCOP30-4-1536x1013.jpg 1536w, https:\/\/richeskarayib.com\/wp-content\/uploads\/2025\/11\/\u00a9Raimundo-PaccoCOP30-4-1320x870.jpg 1320w, https:\/\/richeskarayib.com\/wp-content\/uploads\/2025\/11\/\u00a9Raimundo-PaccoCOP30-4.jpg 1920w\" sizes=\"(max-width: 800px) 100vw, 800px\" \/>\t\t\t\t\t\t\t\t\t\t\t<figcaption class=\"widget-image-caption wp-caption-text\">\u00a9Raimundo Pacco\/COP30<\/figcaption>\n\t\t\t\t\t\t\t\t\t\t<\/figure>\n\t\t\t\t\t\t\t\t\t<\/div>\n\t\t\t\t<\/div>\n\t\t\t\t\t<\/div>\n\t\t<\/div>\n\t\t\t\t<div class=\"elementor-column elementor-col-50 elementor-inner-column elementor-element elementor-element-1152bcb\" data-id=\"1152bcb\" data-element_type=\"column\">\n\t\t\t<div class=\"elementor-widget-wrap elementor-element-populated\">\n\t\t\t\t\t\t<div class=\"elementor-element elementor-element-1df32e4 elementor-widget elementor-widget-image\" data-id=\"1df32e4\" data-element_type=\"widget\" data-widget_type=\"image.default\">\n\t\t\t\t<div class=\"elementor-widget-container\">\n\t\t\t\t\t\t\t\t\t\t\t\t<figure class=\"wp-caption\">\n\t\t\t\t\t\t\t\t\t\t<img loading=\"lazy\" decoding=\"async\" width=\"800\" height=\"545\" src=\"https:\/\/richeskarayib.com\/wp-content\/uploads\/2025\/11\/\u00a9Raimundo-PaccoCOP30-6-1024x698.jpg\" class=\"attachment-large size-large wp-image-64722\" alt=\"COP30\" srcset=\"https:\/\/richeskarayib.com\/wp-content\/uploads\/2025\/11\/\u00a9Raimundo-PaccoCOP30-6-1024x698.jpg 1024w, https:\/\/richeskarayib.com\/wp-content\/uploads\/2025\/11\/\u00a9Raimundo-PaccoCOP30-6-300x204.jpg 300w, https:\/\/richeskarayib.com\/wp-content\/uploads\/2025\/11\/\u00a9Raimundo-PaccoCOP30-6-768x523.jpg 768w, https:\/\/richeskarayib.com\/wp-content\/uploads\/2025\/11\/\u00a9Raimundo-PaccoCOP30-6-1536x1046.jpg 1536w, https:\/\/richeskarayib.com\/wp-content\/uploads\/2025\/11\/\u00a9Raimundo-PaccoCOP30-6-1320x899.jpg 1320w, https:\/\/richeskarayib.com\/wp-content\/uploads\/2025\/11\/\u00a9Raimundo-PaccoCOP30-6.jpg 1920w\" sizes=\"(max-width: 800px) 100vw, 800px\" \/>\t\t\t\t\t\t\t\t\t\t\t<figcaption class=\"widget-image-caption wp-caption-text\">\u00a9Raimundo Pacco\/COP30<\/figcaption>\n\t\t\t\t\t\t\t\t\t\t<\/figure>\n\t\t\t\t\t\t\t\t\t<\/div>\n\t\t\t\t<\/div>\n\t\t\t\t\t<\/div>\n\t\t<\/div>\n\t\t\t\t\t<\/div>\n\t\t<\/section>\n\t\t\t\t\t<\/div>\n\t\t<\/div>\n\t\t\t\t\t<\/div>\n\t\t<\/section>\n\t\t\t\t<section class=\"elementor-section elementor-top-section elementor-element elementor-element-103aced elementor-section-boxed elementor-section-height-default elementor-section-height-default\" data-id=\"103aced\" data-element_type=\"section\">\n\t\t\t\t\t\t<div class=\"elementor-container elementor-column-gap-default\">\n\t\t\t\t\t<div class=\"elementor-column elementor-col-100 elementor-top-column elementor-element elementor-element-e34f9f4\" data-id=\"e34f9f4\" data-element_type=\"column\">\n\t\t\t<div class=\"elementor-widget-wrap elementor-element-populated\">\n\t\t\t\t\t\t<div class=\"elementor-element elementor-element-c643e86 elementor-widget elementor-widget-heading\" data-id=\"c643e86\" data-element_type=\"widget\" data-widget_type=\"heading.default\">\n\t\t\t\t<div class=\"elementor-widget-container\">\n\t\t\t\t\t<h2 class=\"elementor-heading-title elementor-size-default\">Des divergences persistantes entre Nord et Sud<\/h2>\t\t\t\t<\/div>\n\t\t\t\t<\/div>\n\t\t\t\t<div class=\"elementor-element elementor-element-f783f1a elementor-widget elementor-widget-text-editor\" data-id=\"f783f1a\" data-element_type=\"widget\" data-widget_type=\"text-editor.default\">\n\t\t\t\t<div class=\"elementor-widget-container\">\n\t\t\t\t\t\t\t\t\t<p><span style=\"font-weight: 400;\">Les discussions de la COP30 r\u00e9v\u00e8lent des tensions structurelles entre les pays industrialis\u00e9s et les \u00c9tats vuln\u00e9rables. Le d\u00e9bat sur la finance climatique cristallise les d\u00e9saccords. Les nations du Nord reconnaissent la n\u00e9cessit\u00e9 d\u2019accro\u00eetre leur contribution, mais sans pr\u00e9ciser les modalit\u00e9s de transfert ni les crit\u00e8res d\u2019acc\u00e8s.<\/span><\/p>\t\t\t\t\t\t\t\t<\/div>\n\t\t\t\t<\/div>\n\t\t\t\t<div class=\"elementor-element elementor-element-8874abd elementor-widget elementor-widget-text-editor\" data-id=\"8874abd\" data-element_type=\"widget\" data-widget_type=\"text-editor.default\">\n\t\t\t\t<div class=\"elementor-widget-container\">\n\t\t\t\t\t\t\t\t\t<p><span style=\"font-weight: 400;\">L\u2019initiative \u00ab Together4Transparency \u00bb cherche \u00e0 instaurer un cadre universel de suivi des engagements, garantissant des donn\u00e9es publiques et comparables. Pour les petits \u00c9tats insulaires, cette transparence permettra de mettre en lumi\u00e8re leurs efforts souvent invisibles dans les bilans mondiaux.<\/span><span style=\"font-weight: 400;\"><br \/><\/span><span style=\"font-weight: 400;\"> Les d\u00e9l\u00e9gations des territoires tropicaux insistent sur une \u00e9quation simple : sans financement juste, pas d\u2019adaptation possible. Les n\u00e9gociateurs doivent donc trancher entre rh\u00e9torique et responsabilit\u00e9, entre engagements financiers et justice climatique r\u00e9elle.<\/span><\/p>\t\t\t\t\t\t\t\t<\/div>\n\t\t\t\t<\/div>\n\t\t\t\t\t<\/div>\n\t\t<\/div>\n\t\t\t\t\t<\/div>\n\t\t<\/section>\n\t\t\t\t<section class=\"elementor-section elementor-top-section elementor-element elementor-element-f5709a6 elementor-section-boxed elementor-section-height-default elementor-section-height-default\" data-id=\"f5709a6\" data-element_type=\"section\">\n\t\t\t\t\t\t<div class=\"elementor-container elementor-column-gap-default\">\n\t\t\t\t\t<div class=\"elementor-column elementor-col-100 elementor-top-column elementor-element elementor-element-957be6f\" data-id=\"957be6f\" data-element_type=\"column\">\n\t\t\t<div class=\"elementor-widget-wrap elementor-element-populated\">\n\t\t\t\t\t\t<div class=\"elementor-element elementor-element-22c0a08 elementor-widget elementor-widget-heading\" data-id=\"22c0a08\" data-element_type=\"widget\" data-widget_type=\"heading.default\">\n\t\t\t\t<div class=\"elementor-widget-container\">\n\t\t\t\t\t<h2 class=\"elementor-heading-title elementor-size-default\">Bel\u00e9m, symbole d\u2019une gouvernance climatique renouvel\u00e9e<\/h2>\t\t\t\t<\/div>\n\t\t\t\t<\/div>\n\t\t\t\t<div class=\"elementor-element elementor-element-953f6e4 elementor-widget elementor-widget-text-editor\" data-id=\"953f6e4\" data-element_type=\"widget\" data-widget_type=\"text-editor.default\">\n\t\t\t\t<div class=\"elementor-widget-container\">\n\t\t\t\t\t\t\t\t\t<p><span style=\"font-weight: 400;\">La ville de Bel\u00e9m incarne les contradictions du monde actuel : vuln\u00e9rabilit\u00e9 \u00e9cologique, espoirs collectifs et contraintes logistiques. Malgr\u00e9 les d\u00e9fis d\u2019organisation, cette COP30 conna\u00eet une mobilisation record de la soci\u00e9t\u00e9 civile et des communaut\u00e9s locales.<\/span><span style=\"font-weight: 400;\"><br \/><\/span><span style=\"font-weight: 400;\"> Le Br\u00e9sil, en tant que pays h\u00f4te, s\u2019affirme comme m\u00e9diateur entre les grands \u00e9metteurs et les nations vuln\u00e9rables. L\u2019Amazonie devient ainsi un miroir global : pr\u00e9server ses for\u00eats revient \u00e0 prot\u00e9ger les \u00eeles, les deltas et les littoraux menac\u00e9s.<\/span><span style=\"font-weight: 400;\"><br \/><\/span><span style=\"font-weight: 400;\"> Les peuples autochtones d\u2019Amazonie et les repr\u00e9sentants carib\u00e9ens partagent une m\u00eame revendication : \u00eatre \u00e9cout\u00e9s, participer aux d\u00e9cisions et b\u00e9n\u00e9ficier des ressources n\u00e9cessaires \u00e0 la protection de leurs territoires.<\/span><\/p>\t\t\t\t\t\t\t\t<\/div>\n\t\t\t\t<\/div>\n\t\t\t\t<section class=\"elementor-section elementor-inner-section elementor-element elementor-element-3c314dd elementor-section-boxed elementor-section-height-default elementor-section-height-default\" data-id=\"3c314dd\" data-element_type=\"section\">\n\t\t\t\t\t\t<div class=\"elementor-container elementor-column-gap-default\">\n\t\t\t\t\t<div class=\"elementor-column elementor-col-100 elementor-inner-column elementor-element elementor-element-24da749\" data-id=\"24da749\" data-element_type=\"column\">\n\t\t\t<div class=\"elementor-widget-wrap elementor-element-populated\">\n\t\t\t\t\t\t<div class=\"elementor-element elementor-element-95fdce8 elementor-widget elementor-widget-image\" data-id=\"95fdce8\" data-element_type=\"widget\" data-widget_type=\"image.default\">\n\t\t\t\t<div class=\"elementor-widget-container\">\n\t\t\t\t\t\t\t\t\t\t\t\t<figure class=\"wp-caption\">\n\t\t\t\t\t\t\t\t\t\t<img loading=\"lazy\" decoding=\"async\" width=\"800\" height=\"533\" src=\"https:\/\/richeskarayib.com\/wp-content\/uploads\/2025\/11\/\u00a9Alex-Ferro-COP30-1-1024x682.jpg\" class=\"attachment-large size-large wp-image-64678\" alt=\"COP30\" srcset=\"https:\/\/richeskarayib.com\/wp-content\/uploads\/2025\/11\/\u00a9Alex-Ferro-COP30-1-1024x682.jpg 1024w, https:\/\/richeskarayib.com\/wp-content\/uploads\/2025\/11\/\u00a9Alex-Ferro-COP30-1-300x200.jpg 300w, https:\/\/richeskarayib.com\/wp-content\/uploads\/2025\/11\/\u00a9Alex-Ferro-COP30-1-768x512.jpg 768w, https:\/\/richeskarayib.com\/wp-content\/uploads\/2025\/11\/\u00a9Alex-Ferro-COP30-1-1536x1023.jpg 1536w, https:\/\/richeskarayib.com\/wp-content\/uploads\/2025\/11\/\u00a9Alex-Ferro-COP30-1-1320x879.jpg 1320w, https:\/\/richeskarayib.com\/wp-content\/uploads\/2025\/11\/\u00a9Alex-Ferro-COP30-1.jpg 1920w\" sizes=\"(max-width: 800px) 100vw, 800px\" \/>\t\t\t\t\t\t\t\t\t\t\t<figcaption class=\"widget-image-caption wp-caption-text\">\u00a9Alex Ferro\/COP30<\/figcaption>\n\t\t\t\t\t\t\t\t\t\t<\/figure>\n\t\t\t\t\t\t\t\t\t<\/div>\n\t\t\t\t<\/div>\n\t\t\t\t\t<\/div>\n\t\t<\/div>\n\t\t\t\t\t<\/div>\n\t\t<\/section>\n\t\t\t\t<section class=\"elementor-section elementor-inner-section elementor-element elementor-element-721d4ec elementor-section-boxed elementor-section-height-default elementor-section-height-default\" data-id=\"721d4ec\" data-element_type=\"section\">\n\t\t\t\t\t\t<div class=\"elementor-container elementor-column-gap-default\">\n\t\t\t\t\t<div class=\"elementor-column elementor-col-33 elementor-inner-column elementor-element elementor-element-e579e58\" data-id=\"e579e58\" data-element_type=\"column\">\n\t\t\t<div class=\"elementor-widget-wrap elementor-element-populated\">\n\t\t\t\t\t\t<div class=\"elementor-element elementor-element-712cb04 elementor-widget elementor-widget-image\" data-id=\"712cb04\" data-element_type=\"widget\" data-widget_type=\"image.default\">\n\t\t\t\t<div class=\"elementor-widget-container\">\n\t\t\t\t\t\t\t\t\t\t\t\t<figure class=\"wp-caption\">\n\t\t\t\t\t\t\t\t\t\t<img loading=\"lazy\" decoding=\"async\" width=\"800\" height=\"534\" src=\"https:\/\/richeskarayib.com\/wp-content\/uploads\/2025\/11\/\u00a9Alex-Ferro-COP30-2-1024x683.jpg\" class=\"attachment-large size-large wp-image-64686\" alt=\"COP30\" srcset=\"https:\/\/richeskarayib.com\/wp-content\/uploads\/2025\/11\/\u00a9Alex-Ferro-COP30-2-1024x683.jpg 1024w, https:\/\/richeskarayib.com\/wp-content\/uploads\/2025\/11\/\u00a9Alex-Ferro-COP30-2-300x200.jpg 300w, https:\/\/richeskarayib.com\/wp-content\/uploads\/2025\/11\/\u00a9Alex-Ferro-COP30-2-768x512.jpg 768w, https:\/\/richeskarayib.com\/wp-content\/uploads\/2025\/11\/\u00a9Alex-Ferro-COP30-2-1536x1024.jpg 1536w, https:\/\/richeskarayib.com\/wp-content\/uploads\/2025\/11\/\u00a9Alex-Ferro-COP30-2-1320x880.jpg 1320w, https:\/\/richeskarayib.com\/wp-content\/uploads\/2025\/11\/\u00a9Alex-Ferro-COP30-2.jpg 1920w\" sizes=\"(max-width: 800px) 100vw, 800px\" \/>\t\t\t\t\t\t\t\t\t\t\t<figcaption class=\"widget-image-caption wp-caption-text\">\u00a9Alex Ferro\/COP30<\/figcaption>\n\t\t\t\t\t\t\t\t\t\t<\/figure>\n\t\t\t\t\t\t\t\t\t<\/div>\n\t\t\t\t<\/div>\n\t\t\t\t\t<\/div>\n\t\t<\/div>\n\t\t\t\t<div class=\"elementor-column elementor-col-33 elementor-inner-column elementor-element elementor-element-952ae13\" data-id=\"952ae13\" data-element_type=\"column\">\n\t\t\t<div class=\"elementor-widget-wrap elementor-element-populated\">\n\t\t\t\t\t\t<div class=\"elementor-element elementor-element-b3fa0fb elementor-widget elementor-widget-image\" data-id=\"b3fa0fb\" data-element_type=\"widget\" data-widget_type=\"image.default\">\n\t\t\t\t<div class=\"elementor-widget-container\">\n\t\t\t\t\t\t\t\t\t\t\t\t<figure class=\"wp-caption\">\n\t\t\t\t\t\t\t\t\t\t<img loading=\"lazy\" decoding=\"async\" width=\"800\" height=\"533\" src=\"https:\/\/richeskarayib.com\/wp-content\/uploads\/2025\/11\/\u00a9Alex-Ferro-COP30-3-1024x682.jpg\" class=\"attachment-large size-large wp-image-64690\" alt=\"COP30\" srcset=\"https:\/\/richeskarayib.com\/wp-content\/uploads\/2025\/11\/\u00a9Alex-Ferro-COP30-3-1024x682.jpg 1024w, https:\/\/richeskarayib.com\/wp-content\/uploads\/2025\/11\/\u00a9Alex-Ferro-COP30-3-300x200.jpg 300w, https:\/\/richeskarayib.com\/wp-content\/uploads\/2025\/11\/\u00a9Alex-Ferro-COP30-3-768x512.jpg 768w, https:\/\/richeskarayib.com\/wp-content\/uploads\/2025\/11\/\u00a9Alex-Ferro-COP30-3-1536x1023.jpg 1536w, https:\/\/richeskarayib.com\/wp-content\/uploads\/2025\/11\/\u00a9Alex-Ferro-COP30-3-1320x879.jpg 1320w, https:\/\/richeskarayib.com\/wp-content\/uploads\/2025\/11\/\u00a9Alex-Ferro-COP30-3.jpg 1920w\" sizes=\"(max-width: 800px) 100vw, 800px\" \/>\t\t\t\t\t\t\t\t\t\t\t<figcaption class=\"widget-image-caption wp-caption-text\">\u00a9Alex Ferro\/COP30<\/figcaption>\n\t\t\t\t\t\t\t\t\t\t<\/figure>\n\t\t\t\t\t\t\t\t\t<\/div>\n\t\t\t\t<\/div>\n\t\t\t\t\t<\/div>\n\t\t<\/div>\n\t\t\t\t<div class=\"elementor-column elementor-col-33 elementor-inner-column elementor-element elementor-element-1a4eb3e\" data-id=\"1a4eb3e\" data-element_type=\"column\">\n\t\t\t<div class=\"elementor-widget-wrap elementor-element-populated\">\n\t\t\t\t\t\t<div class=\"elementor-element elementor-element-e524771 elementor-widget elementor-widget-image\" data-id=\"e524771\" data-element_type=\"widget\" data-widget_type=\"image.default\">\n\t\t\t\t<div class=\"elementor-widget-container\">\n\t\t\t\t\t\t\t\t\t\t\t\t<figure class=\"wp-caption\">\n\t\t\t\t\t\t\t\t\t\t<img loading=\"lazy\" decoding=\"async\" width=\"800\" height=\"534\" src=\"https:\/\/richeskarayib.com\/wp-content\/uploads\/2025\/11\/\u00a9Alex-Ferro-COP30-4-1024x683.jpg\" class=\"attachment-large size-large wp-image-64694\" alt=\"\" srcset=\"https:\/\/richeskarayib.com\/wp-content\/uploads\/2025\/11\/\u00a9Alex-Ferro-COP30-4-1024x683.jpg 1024w, https:\/\/richeskarayib.com\/wp-content\/uploads\/2025\/11\/\u00a9Alex-Ferro-COP30-4-300x200.jpg 300w, https:\/\/richeskarayib.com\/wp-content\/uploads\/2025\/11\/\u00a9Alex-Ferro-COP30-4-768x512.jpg 768w, https:\/\/richeskarayib.com\/wp-content\/uploads\/2025\/11\/\u00a9Alex-Ferro-COP30-4-1536x1024.jpg 1536w, https:\/\/richeskarayib.com\/wp-content\/uploads\/2025\/11\/\u00a9Alex-Ferro-COP30-4-1320x880.jpg 1320w, https:\/\/richeskarayib.com\/wp-content\/uploads\/2025\/11\/\u00a9Alex-Ferro-COP30-4.jpg 1920w\" sizes=\"(max-width: 800px) 100vw, 800px\" \/>\t\t\t\t\t\t\t\t\t\t\t<figcaption class=\"widget-image-caption wp-caption-text\">\u00a9Alex Ferro\/COP30<\/figcaption>\n\t\t\t\t\t\t\t\t\t\t<\/figure>\n\t\t\t\t\t\t\t\t\t<\/div>\n\t\t\t\t<\/div>\n\t\t\t\t\t<\/div>\n\t\t<\/div>\n\t\t\t\t\t<\/div>\n\t\t<\/section>\n\t\t\t\t\t<\/div>\n\t\t<\/div>\n\t\t\t\t\t<\/div>\n\t\t<\/section>\n\t\t\t\t<section class=\"elementor-section elementor-top-section elementor-element elementor-element-b384454 elementor-section-boxed elementor-section-height-default elementor-section-height-default\" data-id=\"b384454\" data-element_type=\"section\">\n\t\t\t\t\t\t<div class=\"elementor-container elementor-column-gap-default\">\n\t\t\t\t\t<div class=\"elementor-column elementor-col-100 elementor-top-column elementor-element elementor-element-9d68ac9\" data-id=\"9d68ac9\" data-element_type=\"column\">\n\t\t\t<div class=\"elementor-widget-wrap elementor-element-populated\">\n\t\t\t\t\t\t<div class=\"elementor-element elementor-element-943d617 elementor-widget elementor-widget-heading\" data-id=\"943d617\" data-element_type=\"widget\" data-widget_type=\"heading.default\">\n\t\t\t\t<div class=\"elementor-widget-container\">\n\t\t\t\t\t<h2 class=\"elementor-heading-title elementor-size-default\">Une COP30 d\u00e9cisive pour la Cara\u00efbe et le monde<\/h2>\t\t\t\t<\/div>\n\t\t\t\t<\/div>\n\t\t\t\t<div class=\"elementor-element elementor-element-be82e96 elementor-widget elementor-widget-text-editor\" data-id=\"be82e96\" data-element_type=\"widget\" data-widget_type=\"text-editor.default\">\n\t\t\t\t<div class=\"elementor-widget-container\">\n\t\t\t\t\t\t\t\t\t<p><span style=\"font-weight: 400;\">Alors que les n\u00e9gociations se poursuivent, la COP30 s\u2019impose comme un moment de v\u00e9rit\u00e9. La Cara\u00efbe esp\u00e8re voir inscrites ses priorit\u00e9s dans le texte final : financement \u00e9quitable, inclusion institutionnelle et reconnaissance du r\u00f4le des territoires tropicaux dans la r\u00e9gulation climatique.<\/span><span style=\"font-weight: 400;\"><br \/><\/span><span style=\"font-weight: 400;\"> L\u2019\u00e9dition de Bel\u00e9m pourrait marquer le d\u00e9but d\u2019un changement profond, o\u00f9 les petites nations insulaires cessent d\u2019\u00eatre spectatrices pour devenir partenaires d\u2019une gouvernance mondiale \u00e9quilibr\u00e9e.<\/span><span style=\"font-weight: 400;\"><br \/><\/span><span style=\"font-weight: 400;\"> La COP30, plus qu\u2019un sommet, agit comme une boussole pour les d\u00e9cennies \u00e0 venir. Si les d\u00e9cisions de Bel\u00e9m se traduisent en actions concr\u00e8tes, elles pourraient transformer l\u2019avenir de la Cara\u00efbe et de l\u2019ensemble du monde tropical, unis par une m\u00eame urgence : survivre dans un climat en mutation rapide.<\/span><\/p>\t\t\t\t\t\t\t\t<\/div>\n\t\t\t\t<\/div>\n\t\t\t\t\t<\/div>\n\t\t<\/div>\n\t\t\t\t\t<\/div>\n\t\t<\/section>\n\t\t\t\t<\/div>\n\t\t","protected":false},"excerpt":{"rendered":"<p>La COP30 se tient \u00e0 Bel\u00e9m, dans l\u2019\u00c9tat de Par\u00e1, au Br\u00e9sil, du 10 au 21 novembre 2025. Cette 30\u1d49 Conf\u00e9rence des Nations Unies sur le changement climatique se d\u00e9roule pour la premi\u00e8re fois au c\u0153ur de l\u2019Amazonie, symbole d\u2019un \u00e9cosyst\u00e8me vital pour la plan\u00e8te. \u00c0 travers cette COP30, les dirigeants du monde s\u2019engagent dans [&hellip;]<\/p>\n","protected":false},"author":662,"featured_media":64673,"comment_status":"open","ping_status":"open","sticky":false,"template":"","format":"standard","meta":{"_acf_changed":false,"footnotes":""},"categories":[1785],"tags":[1804],"class_list":["post-64672","post","type-post","status-publish","format-standard","has-post-thumbnail","hentry","category-cooperation","tag-bresil"],"acf":[],"_links":{"self":[{"href":"https:\/\/richeskarayib.com\/fr\/wp-json\/wp\/v2\/posts\/64672","targetHints":{"allow":["GET"]}}],"collection":[{"href":"https:\/\/richeskarayib.com\/fr\/wp-json\/wp\/v2\/posts"}],"about":[{"href":"https:\/\/richeskarayib.com\/fr\/wp-json\/wp\/v2\/types\/post"}],"author":[{"embeddable":true,"href":"https:\/\/richeskarayib.com\/fr\/wp-json\/wp\/v2\/users\/662"}],"replies":[{"embeddable":true,"href":"https:\/\/richeskarayib.com\/fr\/wp-json\/wp\/v2\/comments?post=64672"}],"version-history":[{"count":0,"href":"https:\/\/richeskarayib.com\/fr\/wp-json\/wp\/v2\/posts\/64672\/revisions"}],"wp:featuredmedia":[{"embeddable":true,"href":"https:\/\/richeskarayib.com\/fr\/wp-json\/wp\/v2\/media\/64673"}],"wp:attachment":[{"href":"https:\/\/richeskarayib.com\/fr\/wp-json\/wp\/v2\/media?parent=64672"}],"wp:term":[{"taxonomy":"category","embeddable":true,"href":"https:\/\/richeskarayib.com\/fr\/wp-json\/wp\/v2\/categories?post=64672"},{"taxonomy":"post_tag","embeddable":true,"href":"https:\/\/richeskarayib.com\/fr\/wp-json\/wp\/v2\/tags?post=64672"}],"curies":[{"name":"wp","href":"https:\/\/api.w.org\/{rel}","templated":true}]}}