{"id":64755,"date":"2025-11-13T12:18:00","date_gmt":"2025-11-13T16:18:00","guid":{"rendered":"https:\/\/richeskarayib.com\/?p=64755"},"modified":"2025-11-13T12:45:25","modified_gmt":"2025-11-13T16:45:25","slug":"vybz-kartel-grammy-2026-nomination-jamaique","status":"publish","type":"post","link":"https:\/\/richeskarayib.com\/fr\/vybz-kartel-grammy-2026-nomination-jamaique\/","title":{"rendered":"Vybz Kartel : 2 \u00e8me nomination aux GRAMMYs et nouvelle mission pour la Jama\u00efque"},"content":{"rendered":"\t\t<div data-elementor-type=\"wp-post\" data-elementor-id=\"64755\" class=\"elementor elementor-64755\" data-elementor-post-type=\"post\">\n\t\t\t\t\t\t<section class=\"elementor-section elementor-top-section elementor-element elementor-element-7ca7ca1 elementor-section-boxed elementor-section-height-default elementor-section-height-default\" data-id=\"7ca7ca1\" data-element_type=\"section\">\n\t\t\t\t\t\t<div class=\"elementor-container elementor-column-gap-default\">\n\t\t\t\t\t<div class=\"elementor-column elementor-col-100 elementor-top-column elementor-element elementor-element-cbdd002\" data-id=\"cbdd002\" data-element_type=\"column\">\n\t\t\t<div class=\"elementor-widget-wrap elementor-element-populated\">\n\t\t\t\t\t\t<section class=\"elementor-section elementor-inner-section elementor-element elementor-element-bc94849 elementor-section-boxed elementor-section-height-default elementor-section-height-default\" data-id=\"bc94849\" data-element_type=\"section\">\n\t\t\t\t\t\t<div class=\"elementor-container elementor-column-gap-default\">\n\t\t\t\t\t\t<\/div>\n\t\t<\/section>\n\t\t\t\t<section class=\"elementor-section elementor-inner-section elementor-element elementor-element-61571e6 elementor-section-boxed elementor-section-height-default elementor-section-height-default\" data-id=\"61571e6\" data-element_type=\"section\">\n\t\t\t\t\t\t<div class=\"elementor-container elementor-column-gap-default\">\n\t\t\t\t\t\t<\/div>\n\t\t<\/section>\n\t\t\t\t<section class=\"elementor-section elementor-inner-section elementor-element elementor-element-b6262e0 elementor-section-boxed elementor-section-height-default elementor-section-height-default\" data-id=\"b6262e0\" data-element_type=\"section\">\n\t\t\t\t\t\t<div class=\"elementor-container elementor-column-gap-default\">\n\t\t\t\t\t\t<\/div>\n\t\t<\/section>\n\t\t\t\t<section class=\"elementor-section elementor-inner-section elementor-element elementor-element-cca29fd elementor-section-boxed elementor-section-height-default elementor-section-height-default\" data-id=\"cca29fd\" data-element_type=\"section\">\n\t\t\t\t\t\t<div class=\"elementor-container elementor-column-gap-default\">\n\t\t\t\t\t\t<\/div>\n\t\t<\/section>\n\t\t\t\t\t<\/div>\n\t\t<\/div>\n\t\t\t\t\t<\/div>\n\t\t<\/section>\n\t\t\t\t<section class=\"elementor-section elementor-top-section elementor-element elementor-element-82cd8f9 elementor-section-boxed elementor-section-height-default elementor-section-height-default\" data-id=\"82cd8f9\" data-element_type=\"section\">\n\t\t\t\t\t\t<div class=\"elementor-container elementor-column-gap-default\">\n\t\t\t\t\t<div class=\"elementor-column elementor-col-100 elementor-top-column elementor-element elementor-element-0bfdc38\" data-id=\"0bfdc38\" data-element_type=\"column\">\n\t\t\t<div class=\"elementor-widget-wrap elementor-element-populated\">\n\t\t\t\t\t\t<div class=\"elementor-element elementor-element-96caf50 elementor-widget elementor-widget-text-editor\" data-id=\"96caf50\" data-element_type=\"widget\" data-widget_type=\"text-editor.default\">\n\t\t\t\t<div class=\"elementor-widget-container\">\n\t\t\t\t\t\t\t\t\t<p><span style=\"font-weight: 400;\"><a href=\"https:\/\/sflcn.com\/vybz-kartel-makes-history-with-2nd-grammy-nomination\/\" target=\"_blank\" rel=\"noopener nofollow\">Vybz Kartel<\/a> signe l\u2019un des retours les plus marquants de la sc\u00e8ne carib\u00e9enne actuelle. Plus d\u2019un an apr\u00e8s sa lib\u00e9ration, l\u2019artiste jama\u00efcain reprend une place centrale dans l\u2019industrie musicale internationale avec une deuxi\u00e8me nomination aux Grammy, cette fois pour Heart &amp; Soul, sorti le 29 ao\u00fbt 2025. Cette nomination aux Grammy 2026 (grammy nomination 2026) renforce sa pr\u00e9sence dans la cat\u00e9gorie Meilleur album reggae et confirme l\u2019int\u00e9r\u00eat constant du public mondial pour son travail.<\/span><\/p>\t\t\t\t\t\t\t\t<\/div>\n\t\t\t\t<\/div>\n\t\t\t\t<section class=\"elementor-section elementor-inner-section elementor-element elementor-element-c582330 elementor-section-boxed elementor-section-height-default elementor-section-height-default\" data-id=\"c582330\" data-element_type=\"section\">\n\t\t\t\t\t\t<div class=\"elementor-container elementor-column-gap-default\">\n\t\t\t\t\t\t<\/div>\n\t\t<\/section>\n\t\t\t\t<section class=\"elementor-section elementor-inner-section elementor-element elementor-element-296603a elementor-section-boxed elementor-section-height-default elementor-section-height-default\" data-id=\"296603a\" data-element_type=\"section\">\n\t\t\t\t\t\t<div class=\"elementor-container elementor-column-gap-default\">\n\t\t\t\t\t\t<\/div>\n\t\t<\/section>\n\t\t\t\t\t<\/div>\n\t\t<\/div>\n\t\t\t\t\t<\/div>\n\t\t<\/section>\n\t\t\t\t<section class=\"elementor-section elementor-top-section elementor-element elementor-element-5a7397d elementor-section-boxed elementor-section-height-default elementor-section-height-default\" data-id=\"5a7397d\" data-element_type=\"section\">\n\t\t\t\t\t\t<div class=\"elementor-container elementor-column-gap-default\">\n\t\t\t\t\t<div class=\"elementor-column elementor-col-100 elementor-top-column elementor-element elementor-element-8b33b4b\" data-id=\"8b33b4b\" data-element_type=\"column\">\n\t\t\t<div class=\"elementor-widget-wrap elementor-element-populated\">\n\t\t\t\t\t\t<div class=\"elementor-element elementor-element-89dac4b elementor-widget elementor-widget-heading\" data-id=\"89dac4b\" data-element_type=\"widget\" data-widget_type=\"heading.default\">\n\t\t\t\t<div class=\"elementor-widget-container\">\n\t\t\t\t\t<h2 class=\"elementor-heading-title elementor-size-default\">Un marqueur fort pour le dancehall jama\u00efcain<\/h2>\t\t\t\t<\/div>\n\t\t\t\t<\/div>\n\t\t\t\t<div class=\"elementor-element elementor-element-43a45ac elementor-widget elementor-widget-text-editor\" data-id=\"43a45ac\" data-element_type=\"widget\" data-widget_type=\"text-editor.default\">\n\t\t\t\t<div class=\"elementor-widget-container\">\n\t\t\t\t\t\t\t\t\t<p><span style=\"font-weight: 400;\">Voir <a href=\"https:\/\/www.vybzkartelworld.com\/\" target=\"_blank\" rel=\"noopener nofollow\">Vybz Kartel<\/a> \u00e0 nouveau nomm\u00e9 dans cette cat\u00e9gorie s\u2019impose comme un moment symbolique pour le dancehall. Apr\u00e8s treize ann\u00e9es en d\u00e9tention, sa capacit\u00e9 \u00e0 reprendre le fil d\u2019une carri\u00e8re d\u00e9j\u00e0 l\u00e9gendaire interroge autant qu\u2019elle fascine.<\/span><\/p><p><span style=\"font-weight: 400;\">Heart &amp; Soul d\u00e9voile une facette plus introspective de Vybz Kartel, mettant en lumi\u00e8re un artiste d\u00e9cid\u00e9 \u00e0 raconter son parcours avec lucidit\u00e9. Des titres tels que I Know ou You Know GOAT ont rapidement trouv\u00e9 leur audience, confirmant l\u2019ancrage mondial de son influence. Avec cette deuxi\u00e8me nomination aux Grammy, il \u00e9tablit une continuit\u00e9 rare pour un artiste issu du dancehall.<\/span><\/p>\t\t\t\t\t\t\t\t<\/div>\n\t\t\t\t<\/div>\n\t\t\t\t<section class=\"elementor-section elementor-inner-section elementor-element elementor-element-25204ea elementor-section-boxed elementor-section-height-default elementor-section-height-default\" data-id=\"25204ea\" data-element_type=\"section\">\n\t\t\t\t\t\t<div class=\"elementor-container elementor-column-gap-default\">\n\t\t\t\t\t<div class=\"elementor-column elementor-col-50 elementor-inner-column elementor-element elementor-element-0bf3289\" data-id=\"0bf3289\" data-element_type=\"column\">\n\t\t\t<div class=\"elementor-widget-wrap elementor-element-populated\">\n\t\t\t\t\t\t<div class=\"elementor-element elementor-element-ed45307 elementor-widget elementor-widget-video\" data-id=\"ed45307\" data-element_type=\"widget\" data-settings=\"{&quot;youtube_url&quot;:&quot;https:\\\/\\\/www.youtube.com\\\/watch?v=MfJzmFHrJ4Y&quot;,&quot;video_type&quot;:&quot;youtube&quot;,&quot;controls&quot;:&quot;yes&quot;}\" data-widget_type=\"video.default\">\n\t\t\t\t<div class=\"elementor-widget-container\">\n\t\t\t\t\t\t\t<div class=\"elementor-wrapper elementor-open-inline\">\n\t\t\t<div class=\"elementor-video\"><\/div>\t\t<\/div>\n\t\t\t\t\t\t<\/div>\n\t\t\t\t<\/div>\n\t\t\t\t\t<\/div>\n\t\t<\/div>\n\t\t\t\t<div class=\"elementor-column elementor-col-50 elementor-inner-column elementor-element elementor-element-7326d65\" data-id=\"7326d65\" data-element_type=\"column\">\n\t\t\t<div class=\"elementor-widget-wrap elementor-element-populated\">\n\t\t\t\t\t\t<div class=\"elementor-element elementor-element-8a171fa elementor-widget elementor-widget-video\" data-id=\"8a171fa\" data-element_type=\"widget\" data-settings=\"{&quot;youtube_url&quot;:&quot;https:\\\/\\\/www.youtube.com\\\/watch?v=hXNEgPuo6QM&quot;,&quot;video_type&quot;:&quot;youtube&quot;,&quot;controls&quot;:&quot;yes&quot;}\" data-widget_type=\"video.default\">\n\t\t\t\t<div class=\"elementor-widget-container\">\n\t\t\t\t\t\t\t<div class=\"elementor-wrapper elementor-open-inline\">\n\t\t\t<div class=\"elementor-video\"><\/div>\t\t<\/div>\n\t\t\t\t\t\t<\/div>\n\t\t\t\t<\/div>\n\t\t\t\t\t<\/div>\n\t\t<\/div>\n\t\t\t\t\t<\/div>\n\t\t<\/section>\n\t\t\t\t\t<\/div>\n\t\t<\/div>\n\t\t\t\t\t<\/div>\n\t\t<\/section>\n\t\t\t\t<section class=\"elementor-section elementor-top-section elementor-element elementor-element-ceca32c elementor-section-boxed elementor-section-height-default elementor-section-height-default\" data-id=\"ceca32c\" data-element_type=\"section\">\n\t\t\t\t\t\t<div class=\"elementor-container elementor-column-gap-default\">\n\t\t\t\t\t<div class=\"elementor-column elementor-col-100 elementor-top-column elementor-element elementor-element-5a2e383\" data-id=\"5a2e383\" data-element_type=\"column\">\n\t\t\t<div class=\"elementor-widget-wrap elementor-element-populated\">\n\t\t\t\t\t\t<div class=\"elementor-element elementor-element-6cedf5f elementor-widget elementor-widget-heading\" data-id=\"6cedf5f\" data-element_type=\"widget\" data-widget_type=\"heading.default\">\n\t\t\t\t<div class=\"elementor-widget-container\">\n\t\t\t\t\t<h2 class=\"elementor-heading-title elementor-size-default\">La Worl\u2019 Boss Tour 2025 : la sc\u00e8ne comme espace de reconqu\u00eate<\/h2>\t\t\t\t<\/div>\n\t\t\t\t<\/div>\n\t\t\t\t<div class=\"elementor-element elementor-element-e93d1fb elementor-widget elementor-widget-text-editor\" data-id=\"e93d1fb\" data-element_type=\"widget\" data-widget_type=\"text-editor.default\">\n\t\t\t\t<div class=\"elementor-widget-container\">\n\t\t\t\t\t\t\t\t\t<p><span style=\"font-weight: 400;\">L\u2019ann\u00e9e 2025 a \u00e9t\u00e9 marqu\u00e9e par la Worl\u2019 Boss Tour, une tourn\u00e9e qui a travers\u00e9 l\u2019Am\u00e9rique du Nord, l\u2019Am\u00e9rique du Sud et l\u2019Europe. \u00c0 chaque \u00e9tape, les salles et les stades ont affich\u00e9 complet. Les deux soir\u00e9es au Barclays Center de Brooklyn ont repr\u00e9sent\u00e9 un tournant spectaculaire : plus de vingt ans apr\u00e8s sa derni\u00e8re apparition sc\u00e9nique aux \u00c9tats-Unis, Vybz Kartel a retrouv\u00e9 son public avec une intensit\u00e9 rarement atteinte dans le dancehall contemporain.<\/span><\/p>\t\t\t\t\t\t\t\t<\/div>\n\t\t\t\t<\/div>\n\t\t\t\t<div class=\"elementor-element elementor-element-f28d71e elementor-widget elementor-widget-text-editor\" data-id=\"f28d71e\" data-element_type=\"widget\" data-widget_type=\"text-editor.default\">\n\t\t\t\t<div class=\"elementor-widget-container\">\n\t\t\t\t\t\t\t\t\t<p><span style=\"font-weight: 400;\">En Europe, Vybz Kartel a confirm\u00e9 la vigueur du genre gr\u00e2ce \u00e0 sa pr\u00e9sence au Wireless Festival de Londres, suivie d\u2019une s\u00e9rie de concerts dans plusieurs ar\u00e8nes britanniques. La tourn\u00e9e s\u2019est termin\u00e9e \u00e0 Toronto avec trois dates soutenues par OVO Sound, o\u00f9 l\u2019on a vu appara\u00eetre plusieurs figures majeures de la sc\u00e8ne carib\u00e9enne.<\/span><\/p><p><span style=\"font-weight: 400;\">La Worl\u2019 Boss Tour 2025 a montr\u00e9 qu\u2019il n\u2019a rien perdu de sa puissance sc\u00e9nique et qu\u2019il reste un rep\u00e8re incontournable pour les amateurs de musique jama\u00efcaine.<\/span><\/p>\t\t\t\t\t\t\t\t<\/div>\n\t\t\t\t<\/div>\n\t\t\t\t<section class=\"elementor-section elementor-inner-section elementor-element elementor-element-7e939cf elementor-section-boxed elementor-section-height-default elementor-section-height-default\" data-id=\"7e939cf\" data-element_type=\"section\">\n\t\t\t\t\t\t<div class=\"elementor-container elementor-column-gap-default\">\n\t\t\t\t\t<div class=\"elementor-column elementor-col-50 elementor-inner-column elementor-element elementor-element-c09b3ab\" data-id=\"c09b3ab\" data-element_type=\"column\">\n\t\t\t<div class=\"elementor-widget-wrap elementor-element-populated\">\n\t\t\t\t\t\t<div class=\"elementor-element elementor-element-fc05256 elementor-widget elementor-widget-image\" data-id=\"fc05256\" data-element_type=\"widget\" data-widget_type=\"image.default\">\n\t\t\t\t<div class=\"elementor-widget-container\">\n\t\t\t\t\t\t\t\t\t\t\t\t<figure class=\"wp-caption\">\n\t\t\t\t\t\t\t\t\t\t<img fetchpriority=\"high\" decoding=\"async\" width=\"768\" height=\"1024\" src=\"https:\/\/richeskarayib.com\/wp-content\/uploads\/2025\/11\/\u00a9Vybz-Kartel-1-768x1024.jpg\" class=\"attachment-large size-large wp-image-64768\" alt=\"Vybz Kartel\" srcset=\"https:\/\/richeskarayib.com\/wp-content\/uploads\/2025\/11\/\u00a9Vybz-Kartel-1-768x1023.jpg 768w, https:\/\/richeskarayib.com\/wp-content\/uploads\/2025\/11\/\u00a9Vybz-Kartel-1-225x300.jpg 225w, https:\/\/richeskarayib.com\/wp-content\/uploads\/2025\/11\/\u00a9Vybz-Kartel-1.jpg 959w\" sizes=\"(max-width: 768px) 100vw, 768px\" \/>\t\t\t\t\t\t\t\t\t\t\t<figcaption class=\"widget-image-caption wp-caption-text\">\u00a9Vybz Kartel<\/figcaption>\n\t\t\t\t\t\t\t\t\t\t<\/figure>\n\t\t\t\t\t\t\t\t\t<\/div>\n\t\t\t\t<\/div>\n\t\t\t\t\t<\/div>\n\t\t<\/div>\n\t\t\t\t<div class=\"elementor-column elementor-col-50 elementor-inner-column elementor-element elementor-element-825b901\" data-id=\"825b901\" data-element_type=\"column\">\n\t\t\t<div class=\"elementor-widget-wrap elementor-element-populated\">\n\t\t\t\t\t\t<div class=\"elementor-element elementor-element-2b0ce78 elementor-widget elementor-widget-image\" data-id=\"2b0ce78\" data-element_type=\"widget\" data-widget_type=\"image.default\">\n\t\t\t\t<div class=\"elementor-widget-container\">\n\t\t\t\t\t\t\t\t\t\t\t\t<figure class=\"wp-caption\">\n\t\t\t\t\t\t\t\t\t\t<img decoding=\"async\" width=\"768\" height=\"1024\" src=\"https:\/\/richeskarayib.com\/wp-content\/uploads\/2025\/11\/\u00a9Vybz-Kartel-2-768x1024.jpg\" class=\"attachment-large size-large wp-image-64772\" alt=\"Vybz Kartel\" srcset=\"https:\/\/richeskarayib.com\/wp-content\/uploads\/2025\/11\/\u00a9Vybz-Kartel-2-768x1024.jpg 768w, https:\/\/richeskarayib.com\/wp-content\/uploads\/2025\/11\/\u00a9Vybz-Kartel-2-225x300.jpg 225w, https:\/\/richeskarayib.com\/wp-content\/uploads\/2025\/11\/\u00a9Vybz-Kartel-2-1152x1536.jpg 1152w, https:\/\/richeskarayib.com\/wp-content\/uploads\/2025\/11\/\u00a9Vybz-Kartel-2.jpg 1197w\" sizes=\"(max-width: 768px) 100vw, 768px\" \/>\t\t\t\t\t\t\t\t\t\t\t<figcaption class=\"widget-image-caption wp-caption-text\">\u00a9Vybz Kartel<\/figcaption>\n\t\t\t\t\t\t\t\t\t\t<\/figure>\n\t\t\t\t\t\t\t\t\t<\/div>\n\t\t\t\t<\/div>\n\t\t\t\t\t<\/div>\n\t\t<\/div>\n\t\t\t\t\t<\/div>\n\t\t<\/section>\n\t\t\t\t<section class=\"elementor-section elementor-inner-section elementor-element elementor-element-9bdd902 elementor-section-boxed elementor-section-height-default elementor-section-height-default\" data-id=\"9bdd902\" data-element_type=\"section\">\n\t\t\t\t\t\t<div class=\"elementor-container elementor-column-gap-default\">\n\t\t\t\t\t<div class=\"elementor-column elementor-col-100 elementor-inner-column elementor-element elementor-element-eab074c\" data-id=\"eab074c\" data-element_type=\"column\">\n\t\t\t<div class=\"elementor-widget-wrap elementor-element-populated\">\n\t\t\t\t\t\t<div class=\"elementor-element elementor-element-71902e1 elementor-widget elementor-widget-image\" data-id=\"71902e1\" data-element_type=\"widget\" data-widget_type=\"image.default\">\n\t\t\t\t<div class=\"elementor-widget-container\">\n\t\t\t\t\t\t\t\t\t\t\t\t<figure class=\"wp-caption\">\n\t\t\t\t\t\t\t\t\t\t<img decoding=\"async\" width=\"800\" height=\"534\" src=\"https:\/\/richeskarayib.com\/wp-content\/uploads\/2025\/11\/\u00a9Vybz-Kartel-7-1024x684.jpg\" class=\"attachment-large size-large wp-image-64776\" alt=\"Vybz Kartel\" srcset=\"https:\/\/richeskarayib.com\/wp-content\/uploads\/2025\/11\/\u00a9Vybz-Kartel-7-1024x684.jpg 1024w, https:\/\/richeskarayib.com\/wp-content\/uploads\/2025\/11\/\u00a9Vybz-Kartel-7-300x200.jpg 300w, https:\/\/richeskarayib.com\/wp-content\/uploads\/2025\/11\/\u00a9Vybz-Kartel-7-768x513.jpg 768w, https:\/\/richeskarayib.com\/wp-content\/uploads\/2025\/11\/\u00a9Vybz-Kartel-7-1320x882.jpg 1320w, https:\/\/richeskarayib.com\/wp-content\/uploads\/2025\/11\/\u00a9Vybz-Kartel-7.jpg 1440w\" sizes=\"(max-width: 800px) 100vw, 800px\" \/>\t\t\t\t\t\t\t\t\t\t\t<figcaption class=\"widget-image-caption wp-caption-text\">\u00a9Vybz Kartel<\/figcaption>\n\t\t\t\t\t\t\t\t\t\t<\/figure>\n\t\t\t\t\t\t\t\t\t<\/div>\n\t\t\t\t<\/div>\n\t\t\t\t\t<\/div>\n\t\t<\/div>\n\t\t\t\t\t<\/div>\n\t\t<\/section>\n\t\t\t\t\t<\/div>\n\t\t<\/div>\n\t\t\t\t\t<\/div>\n\t\t<\/section>\n\t\t\t\t<section class=\"elementor-section elementor-top-section elementor-element elementor-element-9c88a89 elementor-section-boxed elementor-section-height-default elementor-section-height-default\" data-id=\"9c88a89\" data-element_type=\"section\">\n\t\t\t\t\t\t<div class=\"elementor-container elementor-column-gap-default\">\n\t\t\t\t\t<div class=\"elementor-column elementor-col-100 elementor-top-column elementor-element elementor-element-78cf5d1\" data-id=\"78cf5d1\" data-element_type=\"column\">\n\t\t\t<div class=\"elementor-widget-wrap elementor-element-populated\">\n\t\t\t\t\t\t<div class=\"elementor-element elementor-element-ea2a5c1 elementor-widget elementor-widget-heading\" data-id=\"ea2a5c1\" data-element_type=\"widget\" data-widget_type=\"heading.default\">\n\t\t\t\t<div class=\"elementor-widget-container\">\n\t\t\t\t\t<h2 class=\"elementor-heading-title elementor-size-default\">L\u2019Adidja Palmer Foundation : une action structur\u00e9e sur le terrain<\/h2>\t\t\t\t<\/div>\n\t\t\t\t<\/div>\n\t\t\t\t<div class=\"elementor-element elementor-element-e305eee elementor-widget elementor-widget-text-editor\" data-id=\"e305eee\" data-element_type=\"widget\" data-widget_type=\"text-editor.default\">\n\t\t\t\t<div class=\"elementor-widget-container\">\n\t\t\t\t\t\t\t\t\t<p><span style=\"font-weight: 400;\">Quelques jours apr\u00e8s l\u2019annonce de sa nomination aux <a href=\"https:\/\/richeskarayib.com\/fr\/damian-marley-grammy-awards-2006-article-blog\/\" target=\"_blank\" rel=\"noopener\">Grammy<\/a> 2026, Vybz Kartel a officialis\u00e9 la cr\u00e9ation de l\u2019Adidja Palmer Foundation (APF). Cette structure traduit une volont\u00e9 assum\u00e9e d\u2019agir directement pour soutenir les familles jama\u00efcaines les plus expos\u00e9es aux crises climatiques et sociales.<\/span><\/p><p><span style=\"font-weight: 400;\">La premi\u00e8re mission de l\u2019APF s\u2019est d\u00e9roul\u00e9e dans l\u2019ouest de la Jama\u00efque, touch\u00e9 de plein fouet par l\u2019ouragan Melissa. Un conteneur de quarante pieds a \u00e9t\u00e9 d\u00e9ploy\u00e9 avec plus de 12 000 bouteilles d\u2019eau, 1 500 pains et des kits d\u2019hygi\u00e8ne essentiels. En collaboration avec World Central Kitchen, les \u00e9quipes ont servi 3 500 repas chauds et d\u00e9gag\u00e9 plusieurs zones sinistr\u00e9es.<\/span><\/p>\t\t\t\t\t\t\t\t<\/div>\n\t\t\t\t<\/div>\n\t\t\t\t<div class=\"elementor-element elementor-element-db2f4ec elementor-widget elementor-widget-text-editor\" data-id=\"db2f4ec\" data-element_type=\"widget\" data-widget_type=\"text-editor.default\">\n\t\t\t\t<div class=\"elementor-widget-container\">\n\t\t\t\t\t\t\t\t\t<p><span style=\"font-weight: 400;\">L\u2019APF a \u00e9galement apport\u00e9 une aide directe \u00e0 un foyer accueillant 70 enfants en situation de handicap, renfor\u00e7ant sa priorit\u00e9 : prot\u00e9ger les publics les plus vuln\u00e9rables. Cette intervention constitue la premi\u00e8re \u00e9tape d\u2019un programme beaucoup plus large, articul\u00e9 autour du secours, de la r\u00e9silience et de la reconstruction.<\/span><\/p>\t\t\t\t\t\t\t\t<\/div>\n\t\t\t\t<\/div>\n\t\t\t\t<section class=\"elementor-section elementor-inner-section elementor-element elementor-element-1282a9b elementor-section-boxed elementor-section-height-default elementor-section-height-default\" data-id=\"1282a9b\" data-element_type=\"section\">\n\t\t\t\t\t\t<div class=\"elementor-container elementor-column-gap-default\">\n\t\t\t\t\t<div class=\"elementor-column elementor-col-100 elementor-inner-column elementor-element elementor-element-90e719b\" data-id=\"90e719b\" data-element_type=\"column\">\n\t\t\t<div class=\"elementor-widget-wrap elementor-element-populated\">\n\t\t\t\t\t\t<div class=\"elementor-element elementor-element-ff608c8 elementor-widget elementor-widget-image\" data-id=\"ff608c8\" data-element_type=\"widget\" data-widget_type=\"image.default\">\n\t\t\t\t<div class=\"elementor-widget-container\">\n\t\t\t\t\t\t\t\t\t\t\t\t<figure class=\"wp-caption\">\n\t\t\t\t\t\t\t\t\t\t<img loading=\"lazy\" decoding=\"async\" width=\"800\" height=\"800\" src=\"https:\/\/richeskarayib.com\/wp-content\/uploads\/2025\/11\/\u00a9Vybz-Kartel-1024x1024.jpg\" class=\"attachment-large size-large wp-image-64760\" alt=\"Vybz Kartel\" srcset=\"https:\/\/richeskarayib.com\/wp-content\/uploads\/2025\/11\/\u00a9Vybz-Kartel-1024x1024.jpg 1024w, https:\/\/richeskarayib.com\/wp-content\/uploads\/2025\/11\/\u00a9Vybz-Kartel-300x300.jpg 300w, https:\/\/richeskarayib.com\/wp-content\/uploads\/2025\/11\/\u00a9Vybz-Kartel-150x150.jpg 150w, https:\/\/richeskarayib.com\/wp-content\/uploads\/2025\/11\/\u00a9Vybz-Kartel-768x768.jpg 768w, https:\/\/richeskarayib.com\/wp-content\/uploads\/2025\/11\/\u00a9Vybz-Kartel-1320x1320.jpg 1320w, https:\/\/richeskarayib.com\/wp-content\/uploads\/2025\/11\/\u00a9Vybz-Kartel.jpg 1440w\" sizes=\"(max-width: 800px) 100vw, 800px\" \/>\t\t\t\t\t\t\t\t\t\t\t<figcaption class=\"widget-image-caption wp-caption-text\">\u00a9Vybz Kartel<\/figcaption>\n\t\t\t\t\t\t\t\t\t\t<\/figure>\n\t\t\t\t\t\t\t\t\t<\/div>\n\t\t\t\t<\/div>\n\t\t\t\t\t<\/div>\n\t\t<\/div>\n\t\t\t\t\t<\/div>\n\t\t<\/section>\n\t\t\t\t\t<\/div>\n\t\t<\/div>\n\t\t\t\t\t<\/div>\n\t\t<\/section>\n\t\t\t\t<section class=\"elementor-section elementor-top-section elementor-element elementor-element-103aced elementor-section-boxed elementor-section-height-default elementor-section-height-default\" data-id=\"103aced\" data-element_type=\"section\">\n\t\t\t\t\t\t<div class=\"elementor-container elementor-column-gap-default\">\n\t\t\t\t\t<div class=\"elementor-column elementor-col-100 elementor-top-column elementor-element elementor-element-e34f9f4\" data-id=\"e34f9f4\" data-element_type=\"column\">\n\t\t\t<div class=\"elementor-widget-wrap elementor-element-populated\">\n\t\t\t\t\t\t<div class=\"elementor-element elementor-element-c643e86 elementor-widget elementor-widget-heading\" data-id=\"c643e86\" data-element_type=\"widget\" data-widget_type=\"heading.default\">\n\t\t\t\t<div class=\"elementor-widget-container\">\n\t\t\t\t\t<h2 class=\"elementor-heading-title elementor-size-default\">Reconstruction, sant\u00e9 mentale et vision durable<\/h2>\t\t\t\t<\/div>\n\t\t\t\t<\/div>\n\t\t\t\t<div class=\"elementor-element elementor-element-f783f1a elementor-widget elementor-widget-text-editor\" data-id=\"f783f1a\" data-element_type=\"widget\" data-widget_type=\"text-editor.default\">\n\t\t\t\t<div class=\"elementor-widget-container\">\n\t\t\t\t\t\t\t\t\t<p><span style=\"font-weight: 400;\">Les projets annonc\u00e9s par l\u2019Adidja Palmer Foundation montrent une volont\u00e9 de transformation durable. L\u2019organisation pr\u00e9voit notamment :<\/span><\/p><ul><li><span style=\"font-weight: 400;\">\u2013 <\/span><span style=\"font-weight: 400;\">l\u2019adoption d\u2019un foyer pour enfants ;<\/span><span style=\"font-weight: 400;\"><br \/><\/span><span style=\"font-weight: 400;\"> \u2013 la r\u00e9novation du toit d\u2019un second \u00e9tablissement ;<\/span><span style=\"font-weight: 400;\"><br \/><\/span><span style=\"font-weight: 400;\"> \u2013 la cr\u00e9ation d\u2019un refuge pour femmes et enfants ;<\/span><span style=\"font-weight: 400;\"><br \/><\/span><span style=\"font-weight: 400;\"> \u2013 une soupe populaire p\u00e9renne ;<\/span><span style=\"font-weight: 400;\"><br \/><\/span><span style=\"font-weight: 400;\"> \u2013 un espace de soutien psychologique destin\u00e9 aux familles, et en particulier aux enfants.<\/span><\/li><\/ul>\t\t\t\t\t\t\t\t<\/div>\n\t\t\t\t<\/div>\n\t\t\t\t<div class=\"elementor-element elementor-element-8874abd elementor-widget elementor-widget-text-editor\" data-id=\"8874abd\" data-element_type=\"widget\" data-widget_type=\"text-editor.default\">\n\t\t\t\t<div class=\"elementor-widget-container\">\n\t\t\t\t\t\t\t\t\t<p><span style=\"font-weight: 400;\">Cette dimension psychologique occupe une place importante dans les prises de parole r\u00e9centes de Vybz Kartel. Apr\u00e8s avoir rencontr\u00e9 des familles traumatis\u00e9es par l\u2019ouragan Melissa, l\u2019artiste a \u00e9voqu\u00e9 l\u2019urgence d\u2019apporter un soutien \u00e9motionnel autant que mat\u00e9riel. Selon lui, la reconstruction du pays passe n\u00e9cessairement par la protection de la sant\u00e9 mentale : un enjeu encore trop peu visible dans les territoires carib\u00e9ens habitu\u00e9s \u00e0 affronter les catastrophes naturelles.<\/span><\/p>\t\t\t\t\t\t\t\t<\/div>\n\t\t\t\t<\/div>\n\t\t\t\t\t<\/div>\n\t\t<\/div>\n\t\t\t\t\t<\/div>\n\t\t<\/section>\n\t\t\t\t<section class=\"elementor-section elementor-top-section elementor-element elementor-element-f5709a6 elementor-section-boxed elementor-section-height-default elementor-section-height-default\" data-id=\"f5709a6\" data-element_type=\"section\">\n\t\t\t\t\t\t<div class=\"elementor-container elementor-column-gap-default\">\n\t\t\t\t\t<div class=\"elementor-column elementor-col-100 elementor-top-column elementor-element elementor-element-957be6f\" data-id=\"957be6f\" data-element_type=\"column\">\n\t\t\t<div class=\"elementor-widget-wrap elementor-element-populated\">\n\t\t\t\t\t\t<div class=\"elementor-element elementor-element-22c0a08 elementor-widget elementor-widget-heading\" data-id=\"22c0a08\" data-element_type=\"widget\" data-widget_type=\"heading.default\">\n\t\t\t\t<div class=\"elementor-widget-container\">\n\t\t\t\t\t<h2 class=\"elementor-heading-title elementor-size-default\">Un h\u00e9ritage en construction<\/h2>\t\t\t\t<\/div>\n\t\t\t\t<\/div>\n\t\t\t\t<div class=\"elementor-element elementor-element-953f6e4 elementor-widget elementor-widget-text-editor\" data-id=\"953f6e4\" data-element_type=\"widget\" data-widget_type=\"text-editor.default\">\n\t\t\t\t<div class=\"elementor-widget-container\">\n\t\t\t\t\t\t\t\t\t<p><span style=\"font-weight: 400;\">L\u2019ann\u00e9e 2025\u20132026 r\u00e9v\u00e8le une nouvelle \u00e9tape dans l\u2019\u00e9volution de <a href=\"https:\/\/richeskarayib.com\/fr\/vybz-kartel-retour-scene-kingston-blog-post\/\" target=\"_blank\" rel=\"noopener\">Vybz Kartel<\/a>. La nomination aux Grammy 2026 consacre son statut d\u2019artiste mondialement reconnu, mais son engagement social fa\u00e7onne une dimension plus profonde de son h\u00e9ritage.<\/span><\/p><p><span style=\"font-weight: 400;\">Il ne se limite plus \u00e0 son influence musicale. Il inscrit d\u00e9sormais son action dans un projet collectif qui englobe la solidarit\u00e9, la reconstruction et la transmission. \u00c0 travers ses initiatives et cette dynamique nouvelle, il fa\u00e7onne un chapitre d\u00e9cisif de l\u2019histoire contemporaine de la Jama\u00efque : celui d\u2019un artiste qui transforme son retour \u00e0 la libert\u00e9 en moteur d\u2019action et de responsabilit\u00e9.<\/span><\/p>\t\t\t\t\t\t\t\t<\/div>\n\t\t\t\t<\/div>\n\t\t\t\t<div class=\"elementor-element elementor-element-483f769 elementor-widget elementor-widget-text-editor\" data-id=\"483f769\" data-element_type=\"widget\" data-widget_type=\"text-editor.default\">\n\t\t\t\t<div class=\"elementor-widget-container\">\n\t\t\t\t\t\t\t\t\t<p><span style=\"font-weight: 400;\">Cette trajectoire place <a href=\"https:\/\/richeskarayib.com\/fr\/ybz-kartel-str8-vybz-rum-jamaique-blog-post\/\" target=\"_blank\" rel=\"noopener\">Vybz Kartel<\/a> au centre d\u2019un moment significatif pour la Cara\u00efbe, o\u00f9 musique, engagement et renouveau s\u2019entrem\u00ealent, port\u00e9s par la l\u00e9gitimit\u00e9 d\u2019une deuxi\u00e8me nomination aux Grammy et par un d\u00e9sir affirm\u00e9 de contribuer \u00e0 l\u2019avenir de son pays.<\/span><\/p>\t\t\t\t\t\t\t\t<\/div>\n\t\t\t\t<\/div>\n\t\t\t\t<section class=\"elementor-section elementor-inner-section elementor-element elementor-element-6db48ad elementor-section-boxed elementor-section-height-default elementor-section-height-default\" data-id=\"6db48ad\" data-element_type=\"section\">\n\t\t\t\t\t\t<div class=\"elementor-container elementor-column-gap-default\">\n\t\t\t\t\t<div class=\"elementor-column elementor-col-50 elementor-inner-column elementor-element elementor-element-4ab4c0b\" data-id=\"4ab4c0b\" data-element_type=\"column\">\n\t\t\t<div class=\"elementor-widget-wrap elementor-element-populated\">\n\t\t\t\t\t\t<div class=\"elementor-element elementor-element-6bd0118 elementor-widget elementor-widget-image\" data-id=\"6bd0118\" data-element_type=\"widget\" data-widget_type=\"image.default\">\n\t\t\t\t<div class=\"elementor-widget-container\">\n\t\t\t\t\t\t\t\t\t\t\t\t<figure class=\"wp-caption\">\n\t\t\t\t\t\t\t\t\t\t<img loading=\"lazy\" decoding=\"async\" width=\"768\" height=\"1024\" src=\"https:\/\/richeskarayib.com\/wp-content\/uploads\/2025\/11\/\u00a9Vybz-Kartel-5-768x1024.jpg\" class=\"attachment-large size-large wp-image-64780\" alt=\"Vybz Kartel\" srcset=\"https:\/\/richeskarayib.com\/wp-content\/uploads\/2025\/11\/\u00a9Vybz-Kartel-5-768x1024.jpg 768w, https:\/\/richeskarayib.com\/wp-content\/uploads\/2025\/11\/\u00a9Vybz-Kartel-5-225x300.jpg 225w, https:\/\/richeskarayib.com\/wp-content\/uploads\/2025\/11\/\u00a9Vybz-Kartel-5-1152x1536.jpg 1152w, https:\/\/richeskarayib.com\/wp-content\/uploads\/2025\/11\/\u00a9Vybz-Kartel-5-1320x1760.jpg 1320w, https:\/\/richeskarayib.com\/wp-content\/uploads\/2025\/11\/\u00a9Vybz-Kartel-5.jpg 1440w\" sizes=\"(max-width: 768px) 100vw, 768px\" \/>\t\t\t\t\t\t\t\t\t\t\t<figcaption class=\"widget-image-caption wp-caption-text\">\u00a9Vybz Kartel<\/figcaption>\n\t\t\t\t\t\t\t\t\t\t<\/figure>\n\t\t\t\t\t\t\t\t\t<\/div>\n\t\t\t\t<\/div>\n\t\t\t\t\t<\/div>\n\t\t<\/div>\n\t\t\t\t<div class=\"elementor-column elementor-col-50 elementor-inner-column elementor-element elementor-element-c335818\" data-id=\"c335818\" data-element_type=\"column\">\n\t\t\t<div class=\"elementor-widget-wrap elementor-element-populated\">\n\t\t\t\t\t\t<div class=\"elementor-element elementor-element-bf2a535 elementor-widget elementor-widget-image\" data-id=\"bf2a535\" data-element_type=\"widget\" data-widget_type=\"image.default\">\n\t\t\t\t<div class=\"elementor-widget-container\">\n\t\t\t\t\t\t\t\t\t\t\t\t<figure class=\"wp-caption\">\n\t\t\t\t\t\t\t\t\t\t<img loading=\"lazy\" decoding=\"async\" width=\"768\" height=\"1024\" src=\"https:\/\/richeskarayib.com\/wp-content\/uploads\/2025\/11\/\u00a9Vybz-Kartel-boss-768x1024.jpg\" class=\"attachment-large size-large wp-image-64784\" alt=\"Vybz Kartel\" srcset=\"https:\/\/richeskarayib.com\/wp-content\/uploads\/2025\/11\/\u00a9Vybz-Kartel-boss-768x1024.jpg 768w, https:\/\/richeskarayib.com\/wp-content\/uploads\/2025\/11\/\u00a9Vybz-Kartel-boss-225x300.jpg 225w, https:\/\/richeskarayib.com\/wp-content\/uploads\/2025\/11\/\u00a9Vybz-Kartel-boss-1152x1536.jpg 1152w, https:\/\/richeskarayib.com\/wp-content\/uploads\/2025\/11\/\u00a9Vybz-Kartel-boss-1320x1760.jpg 1320w, https:\/\/richeskarayib.com\/wp-content\/uploads\/2025\/11\/\u00a9Vybz-Kartel-boss.jpg 1440w\" sizes=\"(max-width: 768px) 100vw, 768px\" \/>\t\t\t\t\t\t\t\t\t\t\t<figcaption class=\"widget-image-caption wp-caption-text\">\u00a9Vybz Kartel<\/figcaption>\n\t\t\t\t\t\t\t\t\t\t<\/figure>\n\t\t\t\t\t\t\t\t\t<\/div>\n\t\t\t\t<\/div>\n\t\t\t\t\t<\/div>\n\t\t<\/div>\n\t\t\t\t\t<\/div>\n\t\t<\/section>\n\t\t\t\t\t<\/div>\n\t\t<\/div>\n\t\t\t\t\t<\/div>\n\t\t<\/section>\n\t\t\t\t<\/div>\n\t\t","protected":false},"excerpt":{"rendered":"<p>Vybz Kartel signe l\u2019un des retours les plus marquants de la sc\u00e8ne carib\u00e9enne actuelle. Plus d\u2019un an apr\u00e8s sa lib\u00e9ration, l\u2019artiste jama\u00efcain reprend une place centrale dans l\u2019industrie musicale internationale avec une deuxi\u00e8me nomination aux Grammy, cette fois pour Heart &amp; Soul, sorti le 29 ao\u00fbt 2025. Cette nomination aux Grammy 2026 (grammy nomination 2026) [&hellip;]<\/p>\n","protected":false},"author":662,"featured_media":64756,"comment_status":"open","ping_status":"open","sticky":false,"template":"","format":"standard","meta":{"_acf_changed":false,"footnotes":""},"categories":[835],"tags":[1693],"class_list":["post-64755","post","type-post","status-publish","format-standard","has-post-thumbnail","hentry","category-musique-fr","tag-jamaique-2"],"acf":[],"_links":{"self":[{"href":"https:\/\/richeskarayib.com\/fr\/wp-json\/wp\/v2\/posts\/64755","targetHints":{"allow":["GET"]}}],"collection":[{"href":"https:\/\/richeskarayib.com\/fr\/wp-json\/wp\/v2\/posts"}],"about":[{"href":"https:\/\/richeskarayib.com\/fr\/wp-json\/wp\/v2\/types\/post"}],"author":[{"embeddable":true,"href":"https:\/\/richeskarayib.com\/fr\/wp-json\/wp\/v2\/users\/662"}],"replies":[{"embeddable":true,"href":"https:\/\/richeskarayib.com\/fr\/wp-json\/wp\/v2\/comments?post=64755"}],"version-history":[{"count":0,"href":"https:\/\/richeskarayib.com\/fr\/wp-json\/wp\/v2\/posts\/64755\/revisions"}],"wp:featuredmedia":[{"embeddable":true,"href":"https:\/\/richeskarayib.com\/fr\/wp-json\/wp\/v2\/media\/64756"}],"wp:attachment":[{"href":"https:\/\/richeskarayib.com\/fr\/wp-json\/wp\/v2\/media?parent=64755"}],"wp:term":[{"taxonomy":"category","embeddable":true,"href":"https:\/\/richeskarayib.com\/fr\/wp-json\/wp\/v2\/categories?post=64755"},{"taxonomy":"post_tag","embeddable":true,"href":"https:\/\/richeskarayib.com\/fr\/wp-json\/wp\/v2\/tags?post=64755"}],"curies":[{"name":"wp","href":"https:\/\/api.w.org\/{rel}","templated":true}]}}