{"id":64904,"date":"2025-11-17T11:13:31","date_gmt":"2025-11-17T15:13:31","guid":{"rendered":"https:\/\/richeskarayib.com\/?p=64904"},"modified":"2025-11-17T11:13:31","modified_gmt":"2025-11-17T15:13:31","slug":"graje-une-tradition-qui-raconte-la-guyane","status":"publish","type":"post","link":"https:\/\/richeskarayib.com\/fr\/graje-une-tradition-qui-raconte-la-guyane\/","title":{"rendered":"Graj\u00e9 : une tradition qui raconte la Guyane"},"content":{"rendered":"\t\t<div data-elementor-type=\"wp-post\" data-elementor-id=\"64904\" class=\"elementor elementor-64904\" data-elementor-post-type=\"post\">\n\t\t\t\t\t\t<section class=\"elementor-section elementor-top-section elementor-element elementor-element-7ca7ca1 elementor-section-boxed elementor-section-height-default elementor-section-height-default\" data-id=\"7ca7ca1\" data-element_type=\"section\">\n\t\t\t\t\t\t<div class=\"elementor-container elementor-column-gap-default\">\n\t\t\t\t\t<div class=\"elementor-column elementor-col-100 elementor-top-column elementor-element elementor-element-cbdd002\" data-id=\"cbdd002\" data-element_type=\"column\">\n\t\t\t<div class=\"elementor-widget-wrap elementor-element-populated\">\n\t\t\t\t\t\t<section class=\"elementor-section elementor-inner-section elementor-element elementor-element-bc94849 elementor-section-boxed elementor-section-height-default elementor-section-height-default\" data-id=\"bc94849\" data-element_type=\"section\">\n\t\t\t\t\t\t<div class=\"elementor-container elementor-column-gap-default\">\n\t\t\t\t\t\t<\/div>\n\t\t<\/section>\n\t\t\t\t<section class=\"elementor-section elementor-inner-section elementor-element elementor-element-61571e6 elementor-section-boxed elementor-section-height-default elementor-section-height-default\" data-id=\"61571e6\" data-element_type=\"section\">\n\t\t\t\t\t\t<div class=\"elementor-container elementor-column-gap-default\">\n\t\t\t\t\t\t<\/div>\n\t\t<\/section>\n\t\t\t\t<section class=\"elementor-section elementor-inner-section elementor-element elementor-element-b6262e0 elementor-section-boxed elementor-section-height-default elementor-section-height-default\" data-id=\"b6262e0\" data-element_type=\"section\">\n\t\t\t\t\t\t<div class=\"elementor-container elementor-column-gap-default\">\n\t\t\t\t\t\t<\/div>\n\t\t<\/section>\n\t\t\t\t<section class=\"elementor-section elementor-inner-section elementor-element elementor-element-cca29fd elementor-section-boxed elementor-section-height-default elementor-section-height-default\" data-id=\"cca29fd\" data-element_type=\"section\">\n\t\t\t\t\t\t<div class=\"elementor-container elementor-column-gap-default\">\n\t\t\t\t\t\t<\/div>\n\t\t<\/section>\n\t\t\t\t\t<\/div>\n\t\t<\/div>\n\t\t\t\t\t<\/div>\n\t\t<\/section>\n\t\t\t\t<section class=\"elementor-section elementor-top-section elementor-element elementor-element-5a7397d elementor-section-boxed elementor-section-height-default elementor-section-height-default\" data-id=\"5a7397d\" data-element_type=\"section\">\n\t\t\t\t\t\t<div class=\"elementor-container elementor-column-gap-default\">\n\t\t\t\t\t<div class=\"elementor-column elementor-col-100 elementor-top-column elementor-element elementor-element-8b33b4b\" data-id=\"8b33b4b\" data-element_type=\"column\">\n\t\t\t<div class=\"elementor-widget-wrap elementor-element-populated\">\n\t\t\t\t\t\t<div class=\"elementor-element elementor-element-43a45ac elementor-widget elementor-widget-text-editor\" data-id=\"43a45ac\" data-element_type=\"widget\" data-widget_type=\"text-editor.default\">\n\t\t\t\t<div class=\"elementor-widget-container\">\n\t\t\t\t\t\t\t\t\t<p><span style=\"font-weight: 400;\">Parler du <\/span><a href=\"https:\/\/www.kaseko.fr\/Rythmes\/RytmesPrincipaux\/Graje\/Graje.html\" target=\"_blank\" rel=\"noopener nofollow\">Graj\u00e9<\/a><span style=\"font-weight: 400;\"> en Guyane, c\u2019est entrer dans un univers profond\u00e9ment ancr\u00e9 dans la m\u00e9moire des savanes. Cette danse, n\u00e9e d\u2019un pass\u00e9 difficile, a travers\u00e9 les g\u00e9n\u00e9rations sans perdre sa force symbolique. Elle fait partie de ces traditions qui ne se contentent pas de survivre : elles continuent de vivre, d\u2019\u00e9voluer, et d\u2019habiter le quotidien des communaut\u00e9s qui les portent.<\/span><\/p>\t\t\t\t\t\t\t\t<\/div>\n\t\t\t\t<\/div>\n\t\t\t\t\t<\/div>\n\t\t<\/div>\n\t\t\t\t\t<\/div>\n\t\t<\/section>\n\t\t\t\t<section class=\"elementor-section elementor-top-section elementor-element elementor-element-ceca32c elementor-section-boxed elementor-section-height-default elementor-section-height-default\" data-id=\"ceca32c\" data-element_type=\"section\">\n\t\t\t\t\t\t<div class=\"elementor-container elementor-column-gap-default\">\n\t\t\t\t\t<div class=\"elementor-column elementor-col-100 elementor-top-column elementor-element elementor-element-5a2e383\" data-id=\"5a2e383\" data-element_type=\"column\">\n\t\t\t<div class=\"elementor-widget-wrap elementor-element-populated\">\n\t\t\t\t\t\t<div class=\"elementor-element elementor-element-6cedf5f elementor-widget elementor-widget-heading\" data-id=\"6cedf5f\" data-element_type=\"widget\" data-widget_type=\"heading.default\">\n\t\t\t\t<div class=\"elementor-widget-container\">\n\t\t\t\t\t<h2 class=\"elementor-heading-title elementor-size-default\">Un h\u00e9ritage fa\u00e7onn\u00e9 dans les savanes<\/h2>\t\t\t\t<\/div>\n\t\t\t\t<\/div>\n\t\t\t\t<div class=\"elementor-element elementor-element-e93d1fb elementor-widget elementor-widget-text-editor\" data-id=\"e93d1fb\" data-element_type=\"widget\" data-widget_type=\"text-editor.default\">\n\t\t\t\t<div class=\"elementor-widget-container\">\n\t\t\t\t\t\t\t\t\t<p><span style=\"font-weight: 400;\">Dans les communes de Sinnamary, Kourou et Iracoubo, <a href=\"https:\/\/www.facebook.com\/festivalgraje\/photos\" target=\"_blank\" rel=\"noopener nofollow\">le Graj\u00e9<\/a> reste une r\u00e9f\u00e9rence culturelle majeure. Le terme d\u00e9signe un tout : le rythme, la danse, les tenues, et m\u00eame les bals o\u00f9 la pratique prend sa pleine dimension. Les Guyanais parlent souvent du Graj\u00e9 comme d\u2019un ensemble coh\u00e9rent, o\u00f9 chaque \u00e9l\u00e9ment dialogue avec les autres.<\/span><\/p>\n<p><span style=\"font-weight: 400;\">Le pas gliss\u00e9, si particulier, r\u00e9sume \u00e0 lui seul la singularit\u00e9 de la danse. Les pieds fr\u00f4lent le sol dans un mouvement continu, pr\u00e9cis, presque c\u00e9r\u00e9moniel. Rien n\u2019est laiss\u00e9 au hasard : le geste doit rester ma\u00eetris\u00e9, sobre et parfaitement en rythme. C\u2019est cette retenue qui donne au Graj\u00e9 sa pr\u00e9sence, et qui le distingue des autres formes musicales de la <a href=\"https:\/\/richeskarayib.com\/fr\/ariane-6-la-guyane-pilier-caribeen-spatiale\/\" target=\"_blank\" rel=\"noopener\">Guyane<\/a>.<\/span><\/p>\t\t\t\t\t\t\t\t<\/div>\n\t\t\t\t<\/div>\n\t\t\t\t<section class=\"elementor-section elementor-inner-section elementor-element elementor-element-0b21979 elementor-section-boxed elementor-section-height-default elementor-section-height-default\" data-id=\"0b21979\" data-element_type=\"section\">\n\t\t\t\t\t\t<div class=\"elementor-container elementor-column-gap-default\">\n\t\t\t\t\t<div class=\"elementor-column elementor-col-50 elementor-inner-column elementor-element elementor-element-acd4d94\" data-id=\"acd4d94\" data-element_type=\"column\">\n\t\t\t<div class=\"elementor-widget-wrap elementor-element-populated\">\n\t\t\t\t\t\t<div class=\"elementor-element elementor-element-4938a50 elementor-widget elementor-widget-image\" data-id=\"4938a50\" data-element_type=\"widget\" data-widget_type=\"image.default\">\n\t\t\t\t<div class=\"elementor-widget-container\">\n\t\t\t\t\t\t\t\t\t\t\t\t\t\t\t<img fetchpriority=\"high\" decoding=\"async\" width=\"800\" height=\"536\" src=\"https:\/\/richeskarayib.com\/wp-content\/uploads\/2025\/11\/\u00a9Festival-Graje-5.jpg\" class=\"attachment-large size-large wp-image-64942\" alt=\"Graj\u00e9\" srcset=\"https:\/\/richeskarayib.com\/wp-content\/uploads\/2025\/11\/\u00a9Festival-Graje-5.jpg 960w, https:\/\/richeskarayib.com\/wp-content\/uploads\/2025\/11\/\u00a9Festival-Graje-5-300x201.jpg 300w, https:\/\/richeskarayib.com\/wp-content\/uploads\/2025\/11\/\u00a9Festival-Graje-5-768x514.jpg 768w\" sizes=\"(max-width: 800px) 100vw, 800px\" \/>\t\t\t\t\t\t\t\t\t\t\t\t\t\t\t<\/div>\n\t\t\t\t<\/div>\n\t\t\t\t\t<\/div>\n\t\t<\/div>\n\t\t\t\t<div class=\"elementor-column elementor-col-50 elementor-inner-column elementor-element elementor-element-984f0f3\" data-id=\"984f0f3\" data-element_type=\"column\">\n\t\t\t<div class=\"elementor-widget-wrap elementor-element-populated\">\n\t\t\t\t\t\t<div class=\"elementor-element elementor-element-00837d3 elementor-widget elementor-widget-image\" data-id=\"00837d3\" data-element_type=\"widget\" data-widget_type=\"image.default\">\n\t\t\t\t<div class=\"elementor-widget-container\">\n\t\t\t\t\t\t\t\t\t\t\t\t\t\t\t<img decoding=\"async\" width=\"800\" height=\"536\" src=\"https:\/\/richeskarayib.com\/wp-content\/uploads\/2025\/11\/\u00a9Festival-Graje-6.jpg\" class=\"attachment-large size-large wp-image-64946\" alt=\"Graj\u00e9\" srcset=\"https:\/\/richeskarayib.com\/wp-content\/uploads\/2025\/11\/\u00a9Festival-Graje-6.jpg 960w, https:\/\/richeskarayib.com\/wp-content\/uploads\/2025\/11\/\u00a9Festival-Graje-6-300x201.jpg 300w, https:\/\/richeskarayib.com\/wp-content\/uploads\/2025\/11\/\u00a9Festival-Graje-6-768x514.jpg 768w\" sizes=\"(max-width: 800px) 100vw, 800px\" \/>\t\t\t\t\t\t\t\t\t\t\t\t\t\t\t<\/div>\n\t\t\t\t<\/div>\n\t\t\t\t\t<\/div>\n\t\t<\/div>\n\t\t\t\t\t<\/div>\n\t\t<\/section>\n\t\t\t\t<section class=\"elementor-section elementor-inner-section elementor-element elementor-element-c89fd20 elementor-section-boxed elementor-section-height-default elementor-section-height-default\" data-id=\"c89fd20\" data-element_type=\"section\">\n\t\t\t\t\t\t<div class=\"elementor-container elementor-column-gap-default\">\n\t\t\t\t\t<div class=\"elementor-column elementor-col-100 elementor-inner-column elementor-element elementor-element-1b30c37\" data-id=\"1b30c37\" data-element_type=\"column\">\n\t\t\t<div class=\"elementor-widget-wrap elementor-element-populated\">\n\t\t\t\t\t\t<div class=\"elementor-element elementor-element-2cad347 elementor-widget elementor-widget-image\" data-id=\"2cad347\" data-element_type=\"widget\" data-widget_type=\"image.default\">\n\t\t\t\t<div class=\"elementor-widget-container\">\n\t\t\t\t\t\t\t\t\t\t\t\t<figure class=\"wp-caption\">\n\t\t\t\t\t\t\t\t\t\t<img decoding=\"async\" width=\"800\" height=\"536\" src=\"https:\/\/richeskarayib.com\/wp-content\/uploads\/2025\/11\/\u00a9Festival-Graje-7.jpg\" class=\"attachment-large size-large wp-image-64950\" alt=\"Graj\u00e9\" srcset=\"https:\/\/richeskarayib.com\/wp-content\/uploads\/2025\/11\/\u00a9Festival-Graje-7.jpg 960w, https:\/\/richeskarayib.com\/wp-content\/uploads\/2025\/11\/\u00a9Festival-Graje-7-300x201.jpg 300w, https:\/\/richeskarayib.com\/wp-content\/uploads\/2025\/11\/\u00a9Festival-Graje-7-768x514.jpg 768w\" sizes=\"(max-width: 800px) 100vw, 800px\" \/>\t\t\t\t\t\t\t\t\t\t\t<figcaption class=\"widget-image-caption wp-caption-text\">\u00a9F\u00e8stival Graj\u00e9<\/figcaption>\n\t\t\t\t\t\t\t\t\t\t<\/figure>\n\t\t\t\t\t\t\t\t\t<\/div>\n\t\t\t\t<\/div>\n\t\t\t\t\t<\/div>\n\t\t<\/div>\n\t\t\t\t\t<\/div>\n\t\t<\/section>\n\t\t\t\t\t<\/div>\n\t\t<\/div>\n\t\t\t\t\t<\/div>\n\t\t<\/section>\n\t\t\t\t<section class=\"elementor-section elementor-top-section elementor-element elementor-element-9c88a89 elementor-section-boxed elementor-section-height-default elementor-section-height-default\" data-id=\"9c88a89\" data-element_type=\"section\">\n\t\t\t\t\t\t<div class=\"elementor-container elementor-column-gap-default\">\n\t\t\t\t\t<div class=\"elementor-column elementor-col-100 elementor-top-column elementor-element elementor-element-78cf5d1\" data-id=\"78cf5d1\" data-element_type=\"column\">\n\t\t\t<div class=\"elementor-widget-wrap elementor-element-populated\">\n\t\t\t\t\t\t<div class=\"elementor-element elementor-element-ea2a5c1 elementor-widget elementor-widget-heading\" data-id=\"ea2a5c1\" data-element_type=\"widget\" data-widget_type=\"heading.default\">\n\t\t\t\t<div class=\"elementor-widget-container\">\n\t\t\t\t\t<h2 class=\"elementor-heading-title elementor-size-default\">Une histoire marqu\u00e9e par le travail et la transformation<\/h2>\t\t\t\t<\/div>\n\t\t\t\t<\/div>\n\t\t\t\t<div class=\"elementor-element elementor-element-e305eee elementor-widget elementor-widget-text-editor\" data-id=\"e305eee\" data-element_type=\"widget\" data-widget_type=\"text-editor.default\">\n\t\t\t\t<div class=\"elementor-widget-container\">\n\t\t\t\t\t\t\t\t\t<p><span style=\"font-weight: 400;\">Il prend racine au XVIII\u1d49 si\u00e8cle, au c\u0153ur des plantations. Les esclaves africains y avaient observ\u00e9 les pas europ\u00e9ens, notamment ceux de la valse, qu\u2019ils ont m\u00eal\u00e9s aux rythmes et aux codes de leur propre h\u00e9ritage. De cette rencontre est n\u00e9e une danse capable de traduire ce que les mots ne pouvaient pas toujours exprimer.<\/span><\/p>\n<p><span style=\"font-weight: 400;\">Le nom lui-m\u00eame porte une charge symbolique forte. En cr\u00e9ole, <\/span><span style=\"font-weight: 400;\">graj\u00e9<\/span><span style=\"font-weight: 400;\"> signifie \u00ab r\u00e2per \u00bb, en r\u00e9f\u00e9rence \u00e0 la r\u00e2pe utilis\u00e9e pour transformer le manioc. Le pas gliss\u00e9 rappelle ce geste r\u00e9p\u00e9t\u00e9 au quotidien. Dans un contexte o\u00f9 le travail \u00e9tait impos\u00e9, ce mouvement d\u00e9tourn\u00e9 vers la danse prenait une autre valeur : celle d\u2019un geste r\u00e9appropri\u00e9, devenu expression artistique.<\/span><\/p>\t\t\t\t\t\t\t\t<\/div>\n\t\t\t\t<\/div>\n\t\t\t\t\t<\/div>\n\t\t<\/div>\n\t\t\t\t\t<\/div>\n\t\t<\/section>\n\t\t\t\t<section class=\"elementor-section elementor-top-section elementor-element elementor-element-103aced elementor-section-boxed elementor-section-height-default elementor-section-height-default\" data-id=\"103aced\" data-element_type=\"section\">\n\t\t\t\t\t\t<div class=\"elementor-container elementor-column-gap-default\">\n\t\t\t\t\t<div class=\"elementor-column elementor-col-100 elementor-top-column elementor-element elementor-element-e34f9f4\" data-id=\"e34f9f4\" data-element_type=\"column\">\n\t\t\t<div class=\"elementor-widget-wrap elementor-element-populated\">\n\t\t\t\t\t\t<div class=\"elementor-element elementor-element-c643e86 elementor-widget elementor-widget-heading\" data-id=\"c643e86\" data-element_type=\"widget\" data-widget_type=\"heading.default\">\n\t\t\t\t<div class=\"elementor-widget-container\">\n\t\t\t\t\t<h2 class=\"elementor-heading-title elementor-size-default\">Une danse de couple, r\u00e9gl\u00e9e comme un langage<\/h2>\t\t\t\t<\/div>\n\t\t\t\t<\/div>\n\t\t\t\t<div class=\"elementor-element elementor-element-f783f1a elementor-widget elementor-widget-text-editor\" data-id=\"f783f1a\" data-element_type=\"widget\" data-widget_type=\"text-editor.default\">\n\t\t\t\t<div class=\"elementor-widget-container\">\n\t\t\t\t\t\t\t\t\t<p><span style=\"font-weight: 400;\">Il se pratique traditionnellement en couple, avec une structure bien d\u00e9finie. Les danseurs \u00e9voluent en conservant une distance respectueuse et un style mesur\u00e9, presque solennel, comme si chaque pas devait honorer l\u2019histoire dont il est issu.<\/span><\/p>\n<p><span style=\"font-weight: 400;\">L\u2019esth\u00e9tique occupe une place centrale. Les femmes portent la robe g\u00f2l, ample et \u00e9l\u00e9gante, souvent accompagn\u00e9e d\u2019un foulard et de jupons blancs. Les hommes privil\u00e9gient les tons clairs, le chapeau noir et les v\u00eatements structur\u00e9s, rappelant les bals cr\u00e9oles qui animaient les villages autrefois. Cette tenue ne rel\u00e8ve pas du folklore fig\u00e9 : elle traduit une mani\u00e8re d\u2019\u00eatre ensemble, de marquer l\u2019importance du moment.<\/span><\/p>\t\t\t\t\t\t\t\t<\/div>\n\t\t\t\t<\/div>\n\t\t\t\t<section class=\"elementor-section elementor-inner-section elementor-element elementor-element-570c413 elementor-section-boxed elementor-section-height-default elementor-section-height-default\" data-id=\"570c413\" data-element_type=\"section\">\n\t\t\t\t\t\t<div class=\"elementor-container elementor-column-gap-default\">\n\t\t\t\t\t<div class=\"elementor-column elementor-col-100 elementor-inner-column elementor-element elementor-element-d1220eb\" data-id=\"d1220eb\" data-element_type=\"column\">\n\t\t\t<div class=\"elementor-widget-wrap elementor-element-populated\">\n\t\t\t\t\t\t<div class=\"elementor-element elementor-element-56b6172 elementor-widget elementor-widget-image\" data-id=\"56b6172\" data-element_type=\"widget\" data-widget_type=\"image.default\">\n\t\t\t\t<div class=\"elementor-widget-container\">\n\t\t\t\t\t\t\t\t\t\t\t\t<figure class=\"wp-caption\">\n\t\t\t\t\t\t\t\t\t\t<img loading=\"lazy\" decoding=\"async\" width=\"774\" height=\"960\" src=\"https:\/\/richeskarayib.com\/wp-content\/uploads\/2025\/11\/\u00a9Festival-Graje-8.jpg\" class=\"attachment-large size-large wp-image-64930\" alt=\"Graj\u00e9\" srcset=\"https:\/\/richeskarayib.com\/wp-content\/uploads\/2025\/11\/\u00a9Festival-Graje-8.jpg 774w, https:\/\/richeskarayib.com\/wp-content\/uploads\/2025\/11\/\u00a9Festival-Graje-8-242x300.jpg 242w, https:\/\/richeskarayib.com\/wp-content\/uploads\/2025\/11\/\u00a9Festival-Graje-8-768x953.jpg 768w\" sizes=\"(max-width: 774px) 100vw, 774px\" \/>\t\t\t\t\t\t\t\t\t\t\t<figcaption class=\"widget-image-caption wp-caption-text\">\u00a9F\u00e8stival Graj\u00e9<\/figcaption>\n\t\t\t\t\t\t\t\t\t\t<\/figure>\n\t\t\t\t\t\t\t\t\t<\/div>\n\t\t\t\t<\/div>\n\t\t\t\t\t<\/div>\n\t\t<\/div>\n\t\t\t\t\t<\/div>\n\t\t<\/section>\n\t\t\t\t\t<\/div>\n\t\t<\/div>\n\t\t\t\t\t<\/div>\n\t\t<\/section>\n\t\t\t\t<section class=\"elementor-section elementor-top-section elementor-element elementor-element-f5709a6 elementor-section-boxed elementor-section-height-default elementor-section-height-default\" data-id=\"f5709a6\" data-element_type=\"section\">\n\t\t\t\t\t\t<div class=\"elementor-container elementor-column-gap-default\">\n\t\t\t\t\t<div class=\"elementor-column elementor-col-100 elementor-top-column elementor-element elementor-element-957be6f\" data-id=\"957be6f\" data-element_type=\"column\">\n\t\t\t<div class=\"elementor-widget-wrap elementor-element-populated\">\n\t\t\t\t\t\t<div class=\"elementor-element elementor-element-22c0a08 elementor-widget elementor-widget-heading\" data-id=\"22c0a08\" data-element_type=\"widget\" data-widget_type=\"heading.default\">\n\t\t\t\t<div class=\"elementor-widget-container\">\n\t\t\t\t\t<h2 class=\"elementor-heading-title elementor-size-default\">Le tanbou, colonne vert\u00e9brale du rythme<\/h2>\t\t\t\t<\/div>\n\t\t\t\t<\/div>\n\t\t\t\t<div class=\"elementor-element elementor-element-953f6e4 elementor-widget elementor-widget-text-editor\" data-id=\"953f6e4\" data-element_type=\"widget\" data-widget_type=\"text-editor.default\">\n\t\t\t\t<div class=\"elementor-widget-container\">\n\t\t\t\t\t\t\t\t\t<p><span style=\"font-weight: 400;\">Aucun Graj\u00e9 n\u2019existe sans le tanbou. Le tanbou Graj\u00e9, ou <\/span><span style=\"font-weight: 400;\">sr\u00e8k tanbou<\/span><span style=\"font-weight: 400;\">, est un tambour sur cadre, reconnaissable \u00e0 sa peau tendue et \u00e0 son accordage au feu. Sa sonorit\u00e9 claire donne le tempo et structure toute la danse.<\/span><\/p>\n<p><span style=\"font-weight: 400;\">Autour de lui, les percussionnistes forment une v\u00e9ritable conversation musicale. Chacun conna\u00eet la fonction de son instrument, la place de son rythme et le r\u00f4le qu\u2019il joue dans l\u2019ensemble. C\u2019est cette pr\u00e9cision qui permet \u00e0 la danse de rester lisible, m\u00eame lorsque la salle se remplit ou que plusieurs couples \u00e9voluent en m\u00eame temps.<\/span><\/p>\t\t\t\t\t\t\t\t<\/div>\n\t\t\t\t<\/div>\n\t\t\t\t<section class=\"elementor-section elementor-inner-section elementor-element elementor-element-1b41a45 elementor-section-boxed elementor-section-height-default elementor-section-height-default\" data-id=\"1b41a45\" data-element_type=\"section\">\n\t\t\t\t\t\t<div class=\"elementor-container elementor-column-gap-default\">\n\t\t\t\t\t<div class=\"elementor-column elementor-col-50 elementor-inner-column elementor-element elementor-element-6e323a3\" data-id=\"6e323a3\" data-element_type=\"column\">\n\t\t\t<div class=\"elementor-widget-wrap elementor-element-populated\">\n\t\t\t\t\t\t<div class=\"elementor-element elementor-element-c9dac00 elementor-widget elementor-widget-image\" data-id=\"c9dac00\" data-element_type=\"widget\" data-widget_type=\"image.default\">\n\t\t\t\t<div class=\"elementor-widget-container\">\n\t\t\t\t\t\t\t\t\t\t\t\t\t\t\t<img loading=\"lazy\" decoding=\"async\" width=\"800\" height=\"536\" src=\"https:\/\/richeskarayib.com\/wp-content\/uploads\/2025\/11\/\u00a9Festival-Graje-tambours.jpg\" class=\"attachment-large size-large wp-image-64914\" alt=\"Graj\u00e9\" srcset=\"https:\/\/richeskarayib.com\/wp-content\/uploads\/2025\/11\/\u00a9Festival-Graje-tambours.jpg 960w, https:\/\/richeskarayib.com\/wp-content\/uploads\/2025\/11\/\u00a9Festival-Graje-tambours-300x201.jpg 300w, https:\/\/richeskarayib.com\/wp-content\/uploads\/2025\/11\/\u00a9Festival-Graje-tambours-768x514.jpg 768w\" sizes=\"(max-width: 800px) 100vw, 800px\" \/>\t\t\t\t\t\t\t\t\t\t\t\t\t\t\t<\/div>\n\t\t\t\t<\/div>\n\t\t\t\t<div class=\"elementor-element elementor-element-3707196 elementor-widget elementor-widget-image\" data-id=\"3707196\" data-element_type=\"widget\" data-widget_type=\"image.default\">\n\t\t\t\t<div class=\"elementor-widget-container\">\n\t\t\t\t\t\t\t\t\t\t\t\t<figure class=\"wp-caption\">\n\t\t\t\t\t\t\t\t\t\t<img loading=\"lazy\" decoding=\"async\" width=\"800\" height=\"527\" src=\"https:\/\/richeskarayib.com\/wp-content\/uploads\/2025\/11\/\u00a9Festival-Graje-tambours-1.jpg\" class=\"attachment-large size-large wp-image-64918\" alt=\"Graj\u00e9\" srcset=\"https:\/\/richeskarayib.com\/wp-content\/uploads\/2025\/11\/\u00a9Festival-Graje-tambours-1.jpg 960w, https:\/\/richeskarayib.com\/wp-content\/uploads\/2025\/11\/\u00a9Festival-Graje-tambours-1-300x198.jpg 300w, https:\/\/richeskarayib.com\/wp-content\/uploads\/2025\/11\/\u00a9Festival-Graje-tambours-1-768x506.jpg 768w\" sizes=\"(max-width: 800px) 100vw, 800px\" \/>\t\t\t\t\t\t\t\t\t\t\t<figcaption class=\"widget-image-caption wp-caption-text\">\u00a9F\u00e8stival Graj\u00e9<\/figcaption>\n\t\t\t\t\t\t\t\t\t\t<\/figure>\n\t\t\t\t\t\t\t\t\t<\/div>\n\t\t\t\t<\/div>\n\t\t\t\t\t<\/div>\n\t\t<\/div>\n\t\t\t\t<div class=\"elementor-column elementor-col-50 elementor-inner-column elementor-element elementor-element-3db6856\" data-id=\"3db6856\" data-element_type=\"column\">\n\t\t\t<div class=\"elementor-widget-wrap elementor-element-populated\">\n\t\t\t\t\t\t<div class=\"elementor-element elementor-element-98aabb0 elementor-widget elementor-widget-image\" data-id=\"98aabb0\" data-element_type=\"widget\" data-widget_type=\"image.default\">\n\t\t\t\t<div class=\"elementor-widget-container\">\n\t\t\t\t\t\t\t\t\t\t\t\t<figure class=\"wp-caption\">\n\t\t\t\t\t\t\t\t\t\t<img loading=\"lazy\" decoding=\"async\" width=\"712\" height=\"960\" src=\"https:\/\/richeskarayib.com\/wp-content\/uploads\/2025\/11\/\u00a9Festival-Graje-14.jpg\" class=\"attachment-large size-large wp-image-64910\" alt=\"Graj\u00e9\" srcset=\"https:\/\/richeskarayib.com\/wp-content\/uploads\/2025\/11\/\u00a9Festival-Graje-14.jpg 712w, https:\/\/richeskarayib.com\/wp-content\/uploads\/2025\/11\/\u00a9Festival-Graje-14-223x300.jpg 223w\" sizes=\"(max-width: 712px) 100vw, 712px\" \/>\t\t\t\t\t\t\t\t\t\t\t<figcaption class=\"widget-image-caption wp-caption-text\">\u00a9F\u00e8stival Graj\u00e9<\/figcaption>\n\t\t\t\t\t\t\t\t\t\t<\/figure>\n\t\t\t\t\t\t\t\t\t<\/div>\n\t\t\t\t<\/div>\n\t\t\t\t\t<\/div>\n\t\t<\/div>\n\t\t\t\t\t<\/div>\n\t\t<\/section>\n\t\t\t\t\t<\/div>\n\t\t<\/div>\n\t\t\t\t\t<\/div>\n\t\t<\/section>\n\t\t\t\t<section class=\"elementor-section elementor-top-section elementor-element elementor-element-8481b8c elementor-section-boxed elementor-section-height-default elementor-section-height-default\" data-id=\"8481b8c\" data-element_type=\"section\">\n\t\t\t\t\t\t<div class=\"elementor-container elementor-column-gap-default\">\n\t\t\t\t\t<div class=\"elementor-column elementor-col-100 elementor-top-column elementor-element elementor-element-9f4ca48\" data-id=\"9f4ca48\" data-element_type=\"column\">\n\t\t\t<div class=\"elementor-widget-wrap elementor-element-populated\">\n\t\t\t\t\t\t<div class=\"elementor-element elementor-element-19836c0 elementor-widget elementor-widget-heading\" data-id=\"19836c0\" data-element_type=\"widget\" data-widget_type=\"heading.default\">\n\t\t\t\t<div class=\"elementor-widget-container\">\n\t\t\t\t\t<h2 class=\"elementor-heading-title elementor-size-default\">Une tradition toujours port\u00e9e par les communaut\u00e9s de Guyane<\/h2>\t\t\t\t<\/div>\n\t\t\t\t<\/div>\n\t\t\t\t<div class=\"elementor-element elementor-element-8757600 elementor-widget elementor-widget-text-editor\" data-id=\"8757600\" data-element_type=\"widget\" data-widget_type=\"text-editor.default\">\n\t\t\t\t<div class=\"elementor-widget-container\">\n\t\t\t\t\t\t\t\t\t<p><span style=\"font-weight: 400;\"><a href=\"https:\/\/www.savanes.fr\/mobile-etapes\/chanson-graje\/\" target=\"_blank\" rel=\"noopener nofollow\">Le Graj\u00e9<\/a> n\u2019a jamais disparu. Dans les ann\u00e9es 2010, la commune de Sinnamary a m\u00eame renforc\u00e9 son rayonnement en organisant un <a href=\"https:\/\/richeskarayib.com\/fr\/20eme-edition-du-festival-danses-metisses-rk\/\" target=\"_blank\" rel=\"noopener\">festival<\/a> enti\u00e8rement d\u00e9di\u00e9 \u00e0 cette tradition. Depuis, les bals attirent toujours autant d\u2019habitants, entre anciens des savanes, groupes folkloriques, musiciens et jeunes g\u00e9n\u00e9rations qui apprennent la pratique.<\/span><\/p>\n<p><span style=\"font-weight: 400;\">Plusieurs ensembles :\u00a0 les Immortels, Wapa, Dahlia, Acajou, G\u00e9nipa participent \u00e0 cette transmission. Chacun a sa mani\u00e8re d\u2019interpr\u00e9ter les chants et les rythmes, mais tous partagent la m\u00eame volont\u00e9 : maintenir vivante une m\u00e9moire qui compte.<\/span><\/p>\t\t\t\t\t\t\t\t<\/div>\n\t\t\t\t<\/div>\n\t\t\t\t<div class=\"elementor-element elementor-element-0cb7a08 elementor-widget elementor-widget-text-editor\" data-id=\"0cb7a08\" data-element_type=\"widget\" data-widget_type=\"text-editor.default\">\n\t\t\t\t<div class=\"elementor-widget-container\">\n\t\t\t\t\t\t\t\t\t<p>Les chants, longtemps transmis uniquement par la parole, ont \u00e9t\u00e9 collect\u00e9s et transcrits, permettant de pr\u00e9server un r\u00e9pertoire riche et pr\u00e9cieux. Cette d\u00e9marche s\u2019inscrit dans un mouvement plus large de sauvegarde du patrimoine immat\u00e9riel de la Guyane, dont le Graj\u00e9 est d\u00e9sormais un \u00e9l\u00e9ment reconnu.<\/p>\t\t\t\t\t\t\t\t<\/div>\n\t\t\t\t<\/div>\n\t\t\t\t<section class=\"elementor-section elementor-inner-section elementor-element elementor-element-7bcc69e elementor-section-boxed elementor-section-height-default elementor-section-height-default\" data-id=\"7bcc69e\" data-element_type=\"section\">\n\t\t\t\t\t\t<div class=\"elementor-container elementor-column-gap-default\">\n\t\t\t\t\t<div class=\"elementor-column elementor-col-50 elementor-inner-column elementor-element elementor-element-8f02219\" data-id=\"8f02219\" data-element_type=\"column\">\n\t\t\t<div class=\"elementor-widget-wrap elementor-element-populated\">\n\t\t\t\t\t\t<div class=\"elementor-element elementor-element-3ad6830 elementor-widget elementor-widget-image\" data-id=\"3ad6830\" data-element_type=\"widget\" data-widget_type=\"image.default\">\n\t\t\t\t<div class=\"elementor-widget-container\">\n\t\t\t\t\t\t\t\t\t\t\t\t<figure class=\"wp-caption\">\n\t\t\t\t\t\t\t\t\t\t<img loading=\"lazy\" decoding=\"async\" width=\"800\" height=\"533\" src=\"https:\/\/richeskarayib.com\/wp-content\/uploads\/2025\/11\/\u00a9Festival-Graje-1.jpg\" class=\"attachment-large size-large wp-image-64922\" alt=\"Graj\u00e9\" srcset=\"https:\/\/richeskarayib.com\/wp-content\/uploads\/2025\/11\/\u00a9Festival-Graje-1.jpg 960w, https:\/\/richeskarayib.com\/wp-content\/uploads\/2025\/11\/\u00a9Festival-Graje-1-300x200.jpg 300w, https:\/\/richeskarayib.com\/wp-content\/uploads\/2025\/11\/\u00a9Festival-Graje-1-768x512.jpg 768w\" sizes=\"(max-width: 800px) 100vw, 800px\" \/>\t\t\t\t\t\t\t\t\t\t\t<figcaption class=\"widget-image-caption wp-caption-text\">\u00a9F\u00e8stival Graj\u00e9<\/figcaption>\n\t\t\t\t\t\t\t\t\t\t<\/figure>\n\t\t\t\t\t\t\t\t\t<\/div>\n\t\t\t\t<\/div>\n\t\t\t\t\t<\/div>\n\t\t<\/div>\n\t\t\t\t<div class=\"elementor-column elementor-col-50 elementor-inner-column elementor-element elementor-element-0550a4b\" data-id=\"0550a4b\" data-element_type=\"column\">\n\t\t\t<div class=\"elementor-widget-wrap elementor-element-populated\">\n\t\t\t\t\t\t<div class=\"elementor-element elementor-element-c6e3931 elementor-widget elementor-widget-image\" data-id=\"c6e3931\" data-element_type=\"widget\" data-widget_type=\"image.default\">\n\t\t\t\t<div class=\"elementor-widget-container\">\n\t\t\t\t\t\t\t\t\t\t\t\t<figure class=\"wp-caption\">\n\t\t\t\t\t\t\t\t\t\t<img loading=\"lazy\" decoding=\"async\" width=\"800\" height=\"536\" src=\"https:\/\/richeskarayib.com\/wp-content\/uploads\/2025\/11\/\u00a9Festival-Graje-3.jpg\" class=\"attachment-large size-large wp-image-64926\" alt=\"Graj\u00e9\" srcset=\"https:\/\/richeskarayib.com\/wp-content\/uploads\/2025\/11\/\u00a9Festival-Graje-3.jpg 960w, https:\/\/richeskarayib.com\/wp-content\/uploads\/2025\/11\/\u00a9Festival-Graje-3-300x201.jpg 300w, https:\/\/richeskarayib.com\/wp-content\/uploads\/2025\/11\/\u00a9Festival-Graje-3-768x514.jpg 768w\" sizes=\"(max-width: 800px) 100vw, 800px\" \/>\t\t\t\t\t\t\t\t\t\t\t<figcaption class=\"widget-image-caption wp-caption-text\">\u00a9F\u00e8stival Graj\u00e9<\/figcaption>\n\t\t\t\t\t\t\t\t\t\t<\/figure>\n\t\t\t\t\t\t\t\t\t<\/div>\n\t\t\t\t<\/div>\n\t\t\t\t\t<\/div>\n\t\t<\/div>\n\t\t\t\t\t<\/div>\n\t\t<\/section>\n\t\t\t\t\t<\/div>\n\t\t<\/div>\n\t\t\t\t\t<\/div>\n\t\t<\/section>\n\t\t\t\t<section class=\"elementor-section elementor-top-section elementor-element elementor-element-03ffe60 elementor-section-boxed elementor-section-height-default elementor-section-height-default\" data-id=\"03ffe60\" data-element_type=\"section\">\n\t\t\t\t\t\t<div class=\"elementor-container elementor-column-gap-default\">\n\t\t\t\t\t<div class=\"elementor-column elementor-col-100 elementor-top-column elementor-element elementor-element-9847403\" data-id=\"9847403\" data-element_type=\"column\">\n\t\t\t<div class=\"elementor-widget-wrap elementor-element-populated\">\n\t\t\t\t\t\t<div class=\"elementor-element elementor-element-d035909 elementor-widget elementor-widget-heading\" data-id=\"d035909\" data-element_type=\"widget\" data-widget_type=\"heading.default\">\n\t\t\t\t<div class=\"elementor-widget-container\">\n\t\t\t\t\t<h2 class=\"elementor-heading-title elementor-size-default\">Une m\u00e9moire qui continue de s\u2019\u00e9crire<\/h2>\t\t\t\t<\/div>\n\t\t\t\t<\/div>\n\t\t\t\t<div class=\"elementor-element elementor-element-e3f15b5 elementor-widget elementor-widget-text-editor\" data-id=\"e3f15b5\" data-element_type=\"widget\" data-widget_type=\"text-editor.default\">\n\t\t\t\t<div class=\"elementor-widget-container\">\n\t\t\t\t\t\t\t\t\t<p><span style=\"font-weight: 400;\">Le Graj\u00e9 n\u2019est pas seulement une trace du pass\u00e9. C\u2019est une pratique qui garde toute sa place dans la Guyane d\u2019aujourd\u2019hui. \u00c0 chaque bal, on retrouve cette \u00e9nergie collective, cette mani\u00e8re d\u2019\u00eatre ensemble qui d\u00e9passe le simple cadre de la danse. Il unit, rassemble, et rappelle que certaines traditions peuvent traverser le temps sans perdre leur sens.<\/span><\/p>\n<p><span style=\"font-weight: 400;\">Dans les savanes comme dans les quartiers, il demeure un rep\u00e8re culturel profond. Une mani\u00e8re de raconter l\u2019histoire autrement, avec le corps, le rythme, les tambours et ce pas gliss\u00e9 qui dit tout sans hausser la voix.<\/span><\/p>\t\t\t\t\t\t\t\t<\/div>\n\t\t\t\t<\/div>\n\t\t\t\t<section class=\"elementor-section elementor-inner-section elementor-element elementor-element-0aff3c3 elementor-section-boxed elementor-section-height-default elementor-section-height-default\" data-id=\"0aff3c3\" data-element_type=\"section\">\n\t\t\t\t\t\t<div class=\"elementor-container elementor-column-gap-default\">\n\t\t\t\t\t<div class=\"elementor-column elementor-col-100 elementor-inner-column elementor-element elementor-element-a257e1f\" data-id=\"a257e1f\" data-element_type=\"column\">\n\t\t\t<div class=\"elementor-widget-wrap elementor-element-populated\">\n\t\t\t\t\t\t<div class=\"elementor-element elementor-element-a60b230 elementor-widget elementor-widget-video\" data-id=\"a60b230\" data-element_type=\"widget\" data-settings=\"{&quot;youtube_url&quot;:&quot;https:\\\/\\\/www.youtube.com\\\/watch?v=MqB-PnMaC-I&quot;,&quot;video_type&quot;:&quot;youtube&quot;,&quot;controls&quot;:&quot;yes&quot;}\" data-widget_type=\"video.default\">\n\t\t\t\t<div class=\"elementor-widget-container\">\n\t\t\t\t\t\t\t<div class=\"elementor-wrapper elementor-open-inline\">\n\t\t\t<div class=\"elementor-video\"><\/div>\t\t<\/div>\n\t\t\t\t\t\t<\/div>\n\t\t\t\t<\/div>\n\t\t\t\t\t<\/div>\n\t\t<\/div>\n\t\t\t\t\t<\/div>\n\t\t<\/section>\n\t\t\t\t\t<\/div>\n\t\t<\/div>\n\t\t\t\t\t<\/div>\n\t\t<\/section>\n\t\t\t\t<\/div>\n\t\t","protected":false},"excerpt":{"rendered":"<p>Parler du Graj\u00e9 en Guyane, c\u2019est entrer dans un univers profond\u00e9ment ancr\u00e9 dans la m\u00e9moire des savanes. Cette danse, n\u00e9e d\u2019un pass\u00e9 difficile, a travers\u00e9 les g\u00e9n\u00e9rations sans perdre sa force symbolique. Elle fait partie de ces traditions qui ne se contentent pas de survivre : elles continuent de vivre, d\u2019\u00e9voluer, et d\u2019habiter le quotidien [&hellip;]<\/p>\n","protected":false},"author":662,"featured_media":64905,"comment_status":"open","ping_status":"open","sticky":false,"template":"","format":"standard","meta":{"_acf_changed":false,"footnotes":""},"categories":[1468],"tags":[1544],"class_list":["post-64904","post","type-post","status-publish","format-standard","has-post-thumbnail","hentry","category-histoire-patrimoine","tag-guyane-2"],"acf":[],"_links":{"self":[{"href":"https:\/\/richeskarayib.com\/fr\/wp-json\/wp\/v2\/posts\/64904","targetHints":{"allow":["GET"]}}],"collection":[{"href":"https:\/\/richeskarayib.com\/fr\/wp-json\/wp\/v2\/posts"}],"about":[{"href":"https:\/\/richeskarayib.com\/fr\/wp-json\/wp\/v2\/types\/post"}],"author":[{"embeddable":true,"href":"https:\/\/richeskarayib.com\/fr\/wp-json\/wp\/v2\/users\/662"}],"replies":[{"embeddable":true,"href":"https:\/\/richeskarayib.com\/fr\/wp-json\/wp\/v2\/comments?post=64904"}],"version-history":[{"count":0,"href":"https:\/\/richeskarayib.com\/fr\/wp-json\/wp\/v2\/posts\/64904\/revisions"}],"wp:featuredmedia":[{"embeddable":true,"href":"https:\/\/richeskarayib.com\/fr\/wp-json\/wp\/v2\/media\/64905"}],"wp:attachment":[{"href":"https:\/\/richeskarayib.com\/fr\/wp-json\/wp\/v2\/media?parent=64904"}],"wp:term":[{"taxonomy":"category","embeddable":true,"href":"https:\/\/richeskarayib.com\/fr\/wp-json\/wp\/v2\/categories?post=64904"},{"taxonomy":"post_tag","embeddable":true,"href":"https:\/\/richeskarayib.com\/fr\/wp-json\/wp\/v2\/tags?post=64904"}],"curies":[{"name":"wp","href":"https:\/\/api.w.org\/{rel}","templated":true}]}}