{"id":64959,"date":"2025-11-18T02:00:34","date_gmt":"2025-11-18T06:00:34","guid":{"rendered":"https:\/\/richeskarayib.com\/?p=64959"},"modified":"2025-11-18T05:35:16","modified_gmt":"2025-11-18T09:35:16","slug":"festival-international-de-musique-2025","status":"publish","type":"post","link":"https:\/\/richeskarayib.com\/fr\/festival-international-de-musique-2025\/","title":{"rendered":"Festival International de Musique Saint-Georges 2025 : la Guadeloupe c\u00e9l\u00e8bre un h\u00e9ritage musical mondial"},"content":{"rendered":"\t\t<div data-elementor-type=\"wp-post\" data-elementor-id=\"64959\" class=\"elementor elementor-64959\" data-elementor-post-type=\"post\">\n\t\t\t\t\t\t<section class=\"elementor-section elementor-top-section elementor-element elementor-element-7ca7ca1 elementor-section-boxed elementor-section-height-default elementor-section-height-default\" data-id=\"7ca7ca1\" data-element_type=\"section\">\n\t\t\t\t\t\t<div class=\"elementor-container elementor-column-gap-default\">\n\t\t\t\t\t<div class=\"elementor-column elementor-col-100 elementor-top-column elementor-element elementor-element-cbdd002\" data-id=\"cbdd002\" data-element_type=\"column\">\n\t\t\t<div class=\"elementor-widget-wrap elementor-element-populated\">\n\t\t\t\t\t\t<section class=\"elementor-section elementor-inner-section elementor-element elementor-element-bc94849 elementor-section-boxed elementor-section-height-default elementor-section-height-default\" data-id=\"bc94849\" data-element_type=\"section\">\n\t\t\t\t\t\t<div class=\"elementor-container elementor-column-gap-default\">\n\t\t\t\t\t\t<\/div>\n\t\t<\/section>\n\t\t\t\t<section class=\"elementor-section elementor-inner-section elementor-element elementor-element-61571e6 elementor-section-boxed elementor-section-height-default elementor-section-height-default\" data-id=\"61571e6\" data-element_type=\"section\">\n\t\t\t\t\t\t<div class=\"elementor-container elementor-column-gap-default\">\n\t\t\t\t\t\t<\/div>\n\t\t<\/section>\n\t\t\t\t<section class=\"elementor-section elementor-inner-section elementor-element elementor-element-b6262e0 elementor-section-boxed elementor-section-height-default elementor-section-height-default\" data-id=\"b6262e0\" data-element_type=\"section\">\n\t\t\t\t\t\t<div class=\"elementor-container elementor-column-gap-default\">\n\t\t\t\t\t\t<\/div>\n\t\t<\/section>\n\t\t\t\t<section class=\"elementor-section elementor-inner-section elementor-element elementor-element-cca29fd elementor-section-boxed elementor-section-height-default elementor-section-height-default\" data-id=\"cca29fd\" data-element_type=\"section\">\n\t\t\t\t\t\t<div class=\"elementor-container elementor-column-gap-default\">\n\t\t\t\t\t\t<\/div>\n\t\t<\/section>\n\t\t\t\t\t<\/div>\n\t\t<\/div>\n\t\t\t\t\t<\/div>\n\t\t<\/section>\n\t\t\t\t<section class=\"elementor-section elementor-top-section elementor-element elementor-element-5a7397d elementor-section-boxed elementor-section-height-default elementor-section-height-default\" data-id=\"5a7397d\" data-element_type=\"section\">\n\t\t\t\t\t\t<div class=\"elementor-container elementor-column-gap-default\">\n\t\t\t\t\t<div class=\"elementor-column elementor-col-100 elementor-top-column elementor-element elementor-element-e0e155e\" data-id=\"e0e155e\" data-element_type=\"column\">\n\t\t\t<div class=\"elementor-widget-wrap elementor-element-populated\">\n\t\t\t\t\t\t<div class=\"elementor-element elementor-element-43a45ac elementor-widget elementor-widget-text-editor\" data-id=\"43a45ac\" data-element_type=\"widget\" data-widget_type=\"text-editor.default\">\n\t\t\t\t<div class=\"elementor-widget-container\">\n\t\t\t\t\t\t\t\t\t<p><span style=\"font-weight: 400;\">Du 15 au 23 novembre 2025, la <a href=\"https:\/\/richeskarayib.com\/fr\/bouladjel-souffle-profond-de-la-guadeloupe\/\" target=\"_blank\" rel=\"noopener\">Guadeloupe<\/a> accueille une nouvelle \u00e9dition du <a href=\"https:\/\/caraibcreolenews.com\/guadeloupe-retour-festival-international-de-musique-saint-georges\/\" target=\"_blank\" rel=\"noopener nofollow\">Festival International de Musique Saint-Georges<\/a>, un rendez-vous devenu essentiel pour comprendre la profondeur culturelle de l\u2019archipel. Cette \u00e9dition-anniversaire porte un relief particulier : elle marque les 280 ans de la naissance de Joseph Bologne, Chevalier de Saint-Georges, compositeur, chef d\u2019orchestre, virtuose et figure majeure longtemps rel\u00e9gu\u00e9e dans les marges de l\u2019histoire de la musique.<\/span><\/p>\n<p><span style=\"font-weight: 400;\">\u00c0 travers une semaine de concerts, de rencontres et de transmission, ce festival ne rend pas seulement hommage \u00e0 un musicien d\u2019exception : il r\u00e9affirme la place de la Guadeloupe dans la cartographie mondiale du classique et propose une lecture vivante de l\u2019h\u00e9ritage carib\u00e9en.<\/span><\/p>\t\t\t\t\t\t\t\t<\/div>\n\t\t\t\t<\/div>\n\t\t\t\t\t<\/div>\n\t\t<\/div>\n\t\t\t\t\t<\/div>\n\t\t<\/section>\n\t\t\t\t<section class=\"elementor-section elementor-top-section elementor-element elementor-element-ceca32c elementor-section-boxed elementor-section-height-default elementor-section-height-default\" data-id=\"ceca32c\" data-element_type=\"section\">\n\t\t\t\t\t\t<div class=\"elementor-container elementor-column-gap-default\">\n\t\t\t\t\t<div class=\"elementor-column elementor-col-100 elementor-top-column elementor-element elementor-element-5a2e383\" data-id=\"5a2e383\" data-element_type=\"column\">\n\t\t\t<div class=\"elementor-widget-wrap elementor-element-populated\">\n\t\t\t\t\t\t<div class=\"elementor-element elementor-element-6cedf5f elementor-widget elementor-widget-heading\" data-id=\"6cedf5f\" data-element_type=\"widget\" data-widget_type=\"heading.default\">\n\t\t\t\t<div class=\"elementor-widget-container\">\n\t\t\t\t\t<h2 class=\"elementor-heading-title elementor-size-default\">Un compositeur guadeloup\u00e9en au destin hors norme<\/h2>\t\t\t\t<\/div>\n\t\t\t\t<\/div>\n\t\t\t\t<div class=\"elementor-element elementor-element-e93d1fb elementor-widget elementor-widget-text-editor\" data-id=\"e93d1fb\" data-element_type=\"widget\" data-widget_type=\"text-editor.default\">\n\t\t\t\t<div class=\"elementor-widget-container\">\n\t\t\t\t\t\t\t\t\t<p><span style=\"font-weight: 400;\">N\u00e9 en 1745 \u00e0 Baillif, sur l\u2019habitation-sucrerie Clairefontaine, Joseph Bologne traverse le XVIII\u1d49 si\u00e8cle avec une trajectoire qui d\u00e9fie les conventions sociales de son temps. Fils d\u2019un planteur fran\u00e7ais et d\u2019une femme r\u00e9duite en esclavage, il re\u00e7oit en m\u00e9tropole une \u00e9ducation rare pour un enfant de sa condition. Tr\u00e8s t\u00f4t, il se distingue par une double ma\u00eetrise : l\u2019escrime, o\u00f9 sa virtuosit\u00e9 fait sensation, et la musique, o\u00f9 son talent prend une ampleur remarquable.<\/span><\/p>\t\t\t\t\t\t\t\t<\/div>\n\t\t\t\t<\/div>\n\t\t\t\t<div class=\"elementor-element elementor-element-2cec473 elementor-widget elementor-widget-text-editor\" data-id=\"2cec473\" data-element_type=\"widget\" data-widget_type=\"text-editor.default\">\n\t\t\t\t<div class=\"elementor-widget-container\">\n\t\t\t\t\t\t\t\t\t<p><span style=\"font-weight: 400;\">Violonniste, chef d\u2019orchestre et compositeur, il dirige l\u2019un des meilleurs ensembles de Paris et inspire ses contemporains. Ses concertos, quatuors et symphonies concertantes t\u00e9moignent d\u2019une recherche musicale marqu\u00e9e par une grande finesse et une \u00e9criture ma\u00eetris\u00e9e. Pourtant, son travail a longtemps souffert d\u2019une invisibilisation qui d\u00e9passait la critique et relevait du contexte social de l\u2019\u00e9poque.<\/span><\/p>\n<p><span style=\"font-weight: 400;\">Le <\/span>F<span style=\"font-weight: 400;\">estival International de Musique Saint-Georges contribue aujourd\u2019hui \u00e0 replacer cette figure au c\u0153ur du patrimoine carib\u00e9en et de l\u2019histoire musicale europ\u00e9enne, tout en rappelant l\u2019importance de son h\u00e9ritage pour la sc\u00e8ne classique mondiale.<\/span><\/p>\t\t\t\t\t\t\t\t<\/div>\n\t\t\t\t<\/div>\n\t\t\t\t<section class=\"elementor-section elementor-inner-section elementor-element elementor-element-42455b0 elementor-section-boxed elementor-section-height-default elementor-section-height-default\" data-id=\"42455b0\" data-element_type=\"section\">\n\t\t\t\t\t\t<div class=\"elementor-container elementor-column-gap-default\">\n\t\t\t\t\t<div class=\"elementor-column elementor-col-100 elementor-inner-column elementor-element elementor-element-6430c5e\" data-id=\"6430c5e\" data-element_type=\"column\">\n\t\t\t<div class=\"elementor-widget-wrap elementor-element-populated\">\n\t\t\t\t\t\t<div class=\"elementor-element elementor-element-037410c elementor-widget elementor-widget-image\" data-id=\"037410c\" data-element_type=\"widget\" data-widget_type=\"image.default\">\n\t\t\t\t<div class=\"elementor-widget-container\">\n\t\t\t\t\t\t\t\t\t\t\t\t\t\t\t<img fetchpriority=\"high\" decoding=\"async\" width=\"650\" height=\"810\" src=\"https:\/\/richeskarayib.com\/wp-content\/uploads\/2025\/11\/568668481_122234424278129489_6781990535778792629_n.jpg\" class=\"attachment-large size-large wp-image-64965\" alt=\"Festival International de Musique\" srcset=\"https:\/\/richeskarayib.com\/wp-content\/uploads\/2025\/11\/568668481_122234424278129489_6781990535778792629_n.jpg 650w, https:\/\/richeskarayib.com\/wp-content\/uploads\/2025\/11\/568668481_122234424278129489_6781990535778792629_n-241x300.jpg 241w\" sizes=\"(max-width: 650px) 100vw, 650px\" \/>\t\t\t\t\t\t\t\t\t\t\t\t\t\t\t<\/div>\n\t\t\t\t<\/div>\n\t\t\t\t\t<\/div>\n\t\t<\/div>\n\t\t\t\t\t<\/div>\n\t\t<\/section>\n\t\t\t\t\t<\/div>\n\t\t<\/div>\n\t\t\t\t\t<\/div>\n\t\t<\/section>\n\t\t\t\t<section class=\"elementor-section elementor-top-section elementor-element elementor-element-9c88a89 elementor-section-boxed elementor-section-height-default elementor-section-height-default\" data-id=\"9c88a89\" data-element_type=\"section\">\n\t\t\t\t\t\t<div class=\"elementor-container elementor-column-gap-default\">\n\t\t\t\t\t<div class=\"elementor-column elementor-col-100 elementor-top-column elementor-element elementor-element-78cf5d1\" data-id=\"78cf5d1\" data-element_type=\"column\">\n\t\t\t<div class=\"elementor-widget-wrap elementor-element-populated\">\n\t\t\t\t\t\t<div class=\"elementor-element elementor-element-ea2a5c1 elementor-widget elementor-widget-heading\" data-id=\"ea2a5c1\" data-element_type=\"widget\" data-widget_type=\"heading.default\">\n\t\t\t\t<div class=\"elementor-widget-container\">\n\t\t\t\t\t<h2 class=\"elementor-heading-title elementor-size-default\">Un festival enracin\u00e9 en Guadeloupe, ouvert sur le monde<\/h2>\t\t\t\t<\/div>\n\t\t\t\t<\/div>\n\t\t\t\t<div class=\"elementor-element elementor-element-e305eee elementor-widget elementor-widget-text-editor\" data-id=\"e305eee\" data-element_type=\"widget\" data-widget_type=\"text-editor.default\">\n\t\t\t\t<div class=\"elementor-widget-container\">\n\t\t\t\t\t\t\t\t\t<p><span style=\"font-weight: 400;\">D\u00e8s son origine, le <a href=\"https:\/\/www.facebook.com\/profile.php?id=100063206109857&amp;sk=photos&amp;locale=fr_FR\" target=\"_blank\" rel=\"noopener nofollow\">Festival International de Musique Saint-Georges<\/a> se construit autour de trois piliers :<\/span><\/p>\n<ul>\n<li><span style=\"font-weight: 400;\">&#8211;\u00a0 <\/span><b>la m\u00e9moire<\/b><span style=\"font-weight: 400;\">, en faisant vivre les \u0153uvres de Saint-Georges ;<\/span><\/li>\n<li><span style=\"font-weight: 400;\">&#8211;\u00a0 <\/span><b>la diversit\u00e9<\/b><span style=\"font-weight: 400;\">, en rassemblant des artistes venus de parcours et de territoires vari\u00e9s ;<\/span><\/li>\n<li><span style=\"font-weight: 400;\">&#8211; <\/span><b>la transmission<\/b><span style=\"font-weight: 400;\">, en accordant une place forte \u00e0 la jeunesse guadeloup\u00e9enne.<\/span><\/li>\n<\/ul>\t\t\t\t\t\t\t\t<\/div>\n\t\t\t\t<\/div>\n\t\t\t\t<div class=\"elementor-element elementor-element-98188a2 elementor-widget elementor-widget-text-editor\" data-id=\"98188a2\" data-element_type=\"widget\" data-widget_type=\"text-editor.default\">\n\t\t\t\t<div class=\"elementor-widget-container\">\n\t\t\t\t\t\t\t\t\t<p><span style=\"font-weight: 400;\">L\u2019\u00e9dition 2025 reste fid\u00e8le \u00e0 cette vision. Plus de 20 pays sont repr\u00e9sent\u00e9s cette ann\u00e9e, avec des musiciens issus aussi bien des grandes sc\u00e8nes europ\u00e9ennes que des conservatoires carib\u00e9ens et nord-am\u00e9ricains. Cette pluralit\u00e9 donne au festival une dimension profond\u00e9ment internationale, tout en gardant un ancrage territorial clair : c\u2019est en Guadeloupe que r\u00e9sonnent ces rencontres, et c\u2019est l\u2019archipel qui donne son souffle au programme.<\/span><\/p>\t\t\t\t\t\t\t\t<\/div>\n\t\t\t\t<\/div>\n\t\t\t\t<section class=\"elementor-section elementor-inner-section elementor-element elementor-element-da933c7 elementor-section-boxed elementor-section-height-default elementor-section-height-default\" data-id=\"da933c7\" data-element_type=\"section\">\n\t\t\t\t\t\t<div class=\"elementor-container elementor-column-gap-default\">\n\t\t\t\t\t<div class=\"elementor-column elementor-col-50 elementor-inner-column elementor-element elementor-element-892f282\" data-id=\"892f282\" data-element_type=\"column\">\n\t\t\t<div class=\"elementor-widget-wrap elementor-element-populated\">\n\t\t\t\t\t\t<div class=\"elementor-element elementor-element-4503f81 elementor-widget elementor-widget-image\" data-id=\"4503f81\" data-element_type=\"widget\" data-widget_type=\"image.default\">\n\t\t\t\t<div class=\"elementor-widget-container\">\n\t\t\t\t\t\t\t\t\t\t\t\t<figure class=\"wp-caption\">\n\t\t\t\t\t\t\t\t\t\t<img decoding=\"async\" width=\"800\" height=\"876\" src=\"https:\/\/richeskarayib.com\/wp-content\/uploads\/2025\/11\/\u00a9Festival-International-de-Musique-Saint-Georges-5-935x1024.jpg\" class=\"attachment-large size-large wp-image-64973\" alt=\"Festival International de Musique\" srcset=\"https:\/\/richeskarayib.com\/wp-content\/uploads\/2025\/11\/\u00a9Festival-International-de-Musique-Saint-Georges-5-935x1024.jpg 935w, https:\/\/richeskarayib.com\/wp-content\/uploads\/2025\/11\/\u00a9Festival-International-de-Musique-Saint-Georges-5-274x300.jpg 274w, https:\/\/richeskarayib.com\/wp-content\/uploads\/2025\/11\/\u00a9Festival-International-de-Musique-Saint-Georges-5-768x841.jpg 768w, https:\/\/richeskarayib.com\/wp-content\/uploads\/2025\/11\/\u00a9Festival-International-de-Musique-Saint-Georges-5.jpg 1050w\" sizes=\"(max-width: 800px) 100vw, 800px\" \/>\t\t\t\t\t\t\t\t\t\t\t<figcaption class=\"widget-image-caption wp-caption-text\">\u00a9Festival International de Musique Saint-Georges<\/figcaption>\n\t\t\t\t\t\t\t\t\t\t<\/figure>\n\t\t\t\t\t\t\t\t\t<\/div>\n\t\t\t\t<\/div>\n\t\t\t\t\t<\/div>\n\t\t<\/div>\n\t\t\t\t<div class=\"elementor-column elementor-col-50 elementor-inner-column elementor-element elementor-element-a62c3e5\" data-id=\"a62c3e5\" data-element_type=\"column\">\n\t\t\t<div class=\"elementor-widget-wrap elementor-element-populated\">\n\t\t\t\t\t\t<div class=\"elementor-element elementor-element-6638007 elementor-widget elementor-widget-image\" data-id=\"6638007\" data-element_type=\"widget\" data-widget_type=\"image.default\">\n\t\t\t\t<div class=\"elementor-widget-container\">\n\t\t\t\t\t\t\t\t\t\t\t\t<figure class=\"wp-caption\">\n\t\t\t\t\t\t\t\t\t\t<img decoding=\"async\" width=\"613\" height=\"1024\" src=\"https:\/\/richeskarayib.com\/wp-content\/uploads\/2025\/11\/\u00a9Festival-International-de-Musique-Saint-Georges-3-613x1024.jpg\" class=\"attachment-large size-large wp-image-64977\" alt=\"Festival International de Musique\" srcset=\"https:\/\/richeskarayib.com\/wp-content\/uploads\/2025\/11\/\u00a9Festival-International-de-Musique-Saint-Georges-3-613x1024.jpg 613w, https:\/\/richeskarayib.com\/wp-content\/uploads\/2025\/11\/\u00a9Festival-International-de-Musique-Saint-Georges-3-180x300.jpg 180w, https:\/\/richeskarayib.com\/wp-content\/uploads\/2025\/11\/\u00a9Festival-International-de-Musique-Saint-Georges-3.jpg 686w\" sizes=\"(max-width: 613px) 100vw, 613px\" \/>\t\t\t\t\t\t\t\t\t\t\t<figcaption class=\"widget-image-caption wp-caption-text\">\u00a9Festival International de Musique Saint-Georges<\/figcaption>\n\t\t\t\t\t\t\t\t\t\t<\/figure>\n\t\t\t\t\t\t\t\t\t<\/div>\n\t\t\t\t<\/div>\n\t\t\t\t\t<\/div>\n\t\t<\/div>\n\t\t\t\t\t<\/div>\n\t\t<\/section>\n\t\t\t\t\t<\/div>\n\t\t<\/div>\n\t\t\t\t\t<\/div>\n\t\t<\/section>\n\t\t\t\t<section class=\"elementor-section elementor-top-section elementor-element elementor-element-103aced elementor-section-boxed elementor-section-height-default elementor-section-height-default\" data-id=\"103aced\" data-element_type=\"section\">\n\t\t\t\t\t\t<div class=\"elementor-container elementor-column-gap-default\">\n\t\t\t\t\t<div class=\"elementor-column elementor-col-100 elementor-top-column elementor-element elementor-element-e34f9f4\" data-id=\"e34f9f4\" data-element_type=\"column\">\n\t\t\t<div class=\"elementor-widget-wrap elementor-element-populated\">\n\t\t\t\t\t\t<div class=\"elementor-element elementor-element-c643e86 elementor-widget elementor-widget-heading\" data-id=\"c643e86\" data-element_type=\"widget\" data-widget_type=\"heading.default\">\n\t\t\t\t<div class=\"elementor-widget-container\">\n\t\t\t\t\t<h2 class=\"elementor-heading-title elementor-size-default\">Une ouverture pens\u00e9e comme un geste symbolique<\/h2>\t\t\t\t<\/div>\n\t\t\t\t<\/div>\n\t\t\t\t<div class=\"elementor-element elementor-element-f783f1a elementor-widget elementor-widget-text-editor\" data-id=\"f783f1a\" data-element_type=\"widget\" data-widget_type=\"text-editor.default\">\n\t\t\t\t<div class=\"elementor-widget-container\">\n\t\t\t\t\t\t\t\t\t<p><span style=\"font-weight: 400;\">Le 15 novembre, le Festival International de Musique Saint-Georges s\u2019ouvre \u00e0 l\u2019a\u00e9roport Maryse Cond\u00e9 avec une soir\u00e9e intitul\u00e9e \u00ab L\u2019H\u00e9ritage du Chevalier de Saint-Georges \u00bb. Ce choix de lieu n\u2019est pas anodin : accueillir un concert dans un espace de circulation mondiale revient \u00e0 affirmer que la musique de Saint-Georges appartient \u00e0 un patrimoine qui d\u00e9passe les fronti\u00e8res.<\/span><\/p>\n<p><span style=\"font-weight: 400;\">Le programme r\u00e9unit des compositeurs dont les \u0153uvres dialoguent avec les th\u00e8mes chers \u00e0 Bologne : Jessie Montgomery, William Grant Still, Thierry P\u00e9cou ou encore Trevor Weston. La com\u00e9dienne Firmine Richard pr\u00eate sa voix aux r\u00e9cits qui accompagnent la soir\u00e9e, offrant une passerelle sensible entre musique, histoire et oralit\u00e9 carib\u00e9enne.<\/span><\/p>\t\t\t\t\t\t\t\t<\/div>\n\t\t\t\t<\/div>\n\t\t\t\t<section class=\"elementor-section elementor-inner-section elementor-element elementor-element-949b82e elementor-section-boxed elementor-section-height-default elementor-section-height-default\" data-id=\"949b82e\" data-element_type=\"section\">\n\t\t\t\t\t\t<div class=\"elementor-container elementor-column-gap-default\">\n\t\t\t\t\t<div class=\"elementor-column elementor-col-50 elementor-inner-column elementor-element elementor-element-91d4516\" data-id=\"91d4516\" data-element_type=\"column\">\n\t\t\t<div class=\"elementor-widget-wrap elementor-element-populated\">\n\t\t\t\t\t\t<div class=\"elementor-element elementor-element-c24b77e elementor-widget elementor-widget-image\" data-id=\"c24b77e\" data-element_type=\"widget\" data-widget_type=\"image.default\">\n\t\t\t\t<div class=\"elementor-widget-container\">\n\t\t\t\t\t\t\t\t\t\t\t\t<figure class=\"wp-caption\">\n\t\t\t\t\t\t\t\t\t\t<img loading=\"lazy\" decoding=\"async\" width=\"800\" height=\"450\" src=\"https:\/\/richeskarayib.com\/wp-content\/uploads\/2025\/11\/\u00a9Festival-International-de-Musique-Saint-Georges-1.jpg\" class=\"attachment-large size-large wp-image-64985\" alt=\"Festival International de Musique\" srcset=\"https:\/\/richeskarayib.com\/wp-content\/uploads\/2025\/11\/\u00a9Festival-International-de-Musique-Saint-Georges-1.jpg 960w, https:\/\/richeskarayib.com\/wp-content\/uploads\/2025\/11\/\u00a9Festival-International-de-Musique-Saint-Georges-1-300x169.jpg 300w, https:\/\/richeskarayib.com\/wp-content\/uploads\/2025\/11\/\u00a9Festival-International-de-Musique-Saint-Georges-1-768x432.jpg 768w\" sizes=\"(max-width: 800px) 100vw, 800px\" \/>\t\t\t\t\t\t\t\t\t\t\t<figcaption class=\"widget-image-caption wp-caption-text\">\u00a9Festival International de Musique Saint-Georges<\/figcaption>\n\t\t\t\t\t\t\t\t\t\t<\/figure>\n\t\t\t\t\t\t\t\t\t<\/div>\n\t\t\t\t<\/div>\n\t\t\t\t\t<\/div>\n\t\t<\/div>\n\t\t\t\t<div class=\"elementor-column elementor-col-50 elementor-inner-column elementor-element elementor-element-4b19608\" data-id=\"4b19608\" data-element_type=\"column\">\n\t\t\t<div class=\"elementor-widget-wrap elementor-element-populated\">\n\t\t\t\t\t\t<div class=\"elementor-element elementor-element-6ccaec0 elementor-widget elementor-widget-image\" data-id=\"6ccaec0\" data-element_type=\"widget\" data-widget_type=\"image.default\">\n\t\t\t\t<div class=\"elementor-widget-container\">\n\t\t\t\t\t\t\t\t\t\t\t\t<figure class=\"wp-caption\">\n\t\t\t\t\t\t\t\t\t\t<img loading=\"lazy\" decoding=\"async\" width=\"800\" height=\"450\" src=\"https:\/\/richeskarayib.com\/wp-content\/uploads\/2025\/11\/\u00a9Festival-International-de-Musique-Saint-Georges-ide-cou.jpg\" class=\"attachment-large size-large wp-image-64989\" alt=\"Festival International de Musique\" srcset=\"https:\/\/richeskarayib.com\/wp-content\/uploads\/2025\/11\/\u00a9Festival-International-de-Musique-Saint-Georges-ide-cou.jpg 960w, https:\/\/richeskarayib.com\/wp-content\/uploads\/2025\/11\/\u00a9Festival-International-de-Musique-Saint-Georges-ide-cou-300x169.jpg 300w, https:\/\/richeskarayib.com\/wp-content\/uploads\/2025\/11\/\u00a9Festival-International-de-Musique-Saint-Georges-ide-cou-768x432.jpg 768w\" sizes=\"(max-width: 800px) 100vw, 800px\" \/>\t\t\t\t\t\t\t\t\t\t\t<figcaption class=\"widget-image-caption wp-caption-text\">\u00a9Festival International de Musique Saint-Georges<\/figcaption>\n\t\t\t\t\t\t\t\t\t\t<\/figure>\n\t\t\t\t\t\t\t\t\t<\/div>\n\t\t\t\t<\/div>\n\t\t\t\t\t<\/div>\n\t\t<\/div>\n\t\t\t\t\t<\/div>\n\t\t<\/section>\n\t\t\t\t\t<\/div>\n\t\t<\/div>\n\t\t\t\t\t<\/div>\n\t\t<\/section>\n\t\t\t\t<section class=\"elementor-section elementor-top-section elementor-element elementor-element-f5709a6 elementor-section-boxed elementor-section-height-default elementor-section-height-default\" data-id=\"f5709a6\" data-element_type=\"section\">\n\t\t\t\t\t\t<div class=\"elementor-container elementor-column-gap-default\">\n\t\t\t\t\t<div class=\"elementor-column elementor-col-100 elementor-top-column elementor-element elementor-element-957be6f\" data-id=\"957be6f\" data-element_type=\"column\">\n\t\t\t<div class=\"elementor-widget-wrap elementor-element-populated\">\n\t\t\t\t\t\t<div class=\"elementor-element elementor-element-22c0a08 elementor-widget elementor-widget-heading\" data-id=\"22c0a08\" data-element_type=\"widget\" data-widget_type=\"heading.default\">\n\t\t\t\t<div class=\"elementor-widget-container\">\n\t\t\t\t\t<h2 class=\"elementor-heading-title elementor-size-default\">Une semaine o\u00f9 la transmission occupe une place centrale\n<\/h2>\t\t\t\t<\/div>\n\t\t\t\t<\/div>\n\t\t\t\t<div class=\"elementor-element elementor-element-953f6e4 elementor-widget elementor-widget-text-editor\" data-id=\"953f6e4\" data-element_type=\"widget\" data-widget_type=\"text-editor.default\">\n\t\t\t\t<div class=\"elementor-widget-container\">\n\t\t\t\t\t\t\t\t\t<p><span style=\"font-weight: 400;\">Au-del\u00e0 des concerts, le Festival International de Musique Saint-Georges se distingue par une programmation p\u00e9dagogique structur\u00e9e : master classes, ateliers pour jeunes instrumentistes, conf\u00e9rences sur les liens entre musique, histoire et soci\u00e9t\u00e9.<\/span><\/p>\n<p><span style=\"font-weight: 400;\">Cette dimension, souvent absente des grands festivals, occupe ici une place essentielle. Elle permet aux jeunes musiciens guadeloup\u00e9ens de rencontrer des artistes internationaux, d\u2019acc\u00e9der \u00e0 une formation qu\u2019ils n\u2019auraient pas forc\u00e9ment \u00e0 port\u00e9e de main et de se projeter dans des parcours souvent per\u00e7us comme lointains.<\/span><\/p>\t\t\t\t\t\t\t\t<\/div>\n\t\t\t\t<\/div>\n\t\t\t\t<div class=\"elementor-element elementor-element-e9cff6f elementor-widget elementor-widget-text-editor\" data-id=\"e9cff6f\" data-element_type=\"widget\" data-widget_type=\"text-editor.default\">\n\t\t\t\t<div class=\"elementor-widget-container\">\n\t\t\t\t\t\t\t\t\t<p><span style=\"font-weight: 400;\">L\u2019\u00e9dition 2025 propose \u00e9galement un hommage aux femmes guadeloup\u00e9ennes inspirantes, une id\u00e9e forte qui r\u00e9sonne avec la place grandissante des femmes dans la direction d\u2019orchestre, la composition et les m\u00e9tiers de la musique.<\/span><\/p>\t\t\t\t\t\t\t\t<\/div>\n\t\t\t\t<\/div>\n\t\t\t\t\t<\/div>\n\t\t<\/div>\n\t\t\t\t\t<\/div>\n\t\t<\/section>\n\t\t\t\t<section class=\"elementor-section elementor-top-section elementor-element elementor-element-8481b8c elementor-section-boxed elementor-section-height-default elementor-section-height-default\" data-id=\"8481b8c\" data-element_type=\"section\">\n\t\t\t\t\t\t<div class=\"elementor-container elementor-column-gap-default\">\n\t\t\t\t\t<div class=\"elementor-column elementor-col-100 elementor-top-column elementor-element elementor-element-9f4ca48\" data-id=\"9f4ca48\" data-element_type=\"column\">\n\t\t\t<div class=\"elementor-widget-wrap elementor-element-populated\">\n\t\t\t\t\t\t<div class=\"elementor-element elementor-element-19836c0 elementor-widget elementor-widget-heading\" data-id=\"19836c0\" data-element_type=\"widget\" data-widget_type=\"heading.default\">\n\t\t\t\t<div class=\"elementor-widget-container\">\n\t\t\t\t\t<h2 class=\"elementor-heading-title elementor-size-default\">Le premier Concours International de Violon Joseph Bologne<\/h2>\t\t\t\t<\/div>\n\t\t\t\t<\/div>\n\t\t\t\t<div class=\"elementor-element elementor-element-8757600 elementor-widget elementor-widget-text-editor\" data-id=\"8757600\" data-element_type=\"widget\" data-widget_type=\"text-editor.default\">\n\t\t\t\t<div class=\"elementor-widget-container\">\n\t\t\t\t\t\t\t\t\t<p><span style=\"font-weight: 400;\">C\u2019est l\u2019une des grandes nouveaut\u00e9s de cette \u00e9dition : la cr\u00e9ation d\u2019un concours d\u00e9di\u00e9 au violon, instrument de pr\u00e9dilection du compositeur. De jeunes virtuoses issus de plusieurs continents se produisent devant un jury international.<\/span><\/p>\n<p><span style=\"font-weight: 400;\">Ce concours s\u2019inscrit dans une d\u00e9marche claire : valoriser l\u2019excellence, encourager la jeunesse et inscrire durablement la Guadeloupe dans le paysage des concours classiques. Le Festival International de Musique Saint-Georges donne ici une dimension nouvelle \u00e0 son engagement en faveur des jeunes artistes, en leur offrant un espace de visibilit\u00e9 rare et profond\u00e9ment symbolique.<\/span><\/p>\t\t\t\t\t\t\t\t<\/div>\n\t\t\t\t<\/div>\n\t\t\t\t<section class=\"elementor-section elementor-inner-section elementor-element elementor-element-fc6fdc3 elementor-section-boxed elementor-section-height-default elementor-section-height-default\" data-id=\"fc6fdc3\" data-element_type=\"section\">\n\t\t\t\t\t\t<div class=\"elementor-container elementor-column-gap-default\">\n\t\t\t\t\t<div class=\"elementor-column elementor-col-100 elementor-inner-column elementor-element elementor-element-0df4dc2\" data-id=\"0df4dc2\" data-element_type=\"column\">\n\t\t\t<div class=\"elementor-widget-wrap elementor-element-populated\">\n\t\t\t\t\t\t<div class=\"elementor-element elementor-element-2bae8f5 elementor-widget elementor-widget-image\" data-id=\"2bae8f5\" data-element_type=\"widget\" data-widget_type=\"image.default\">\n\t\t\t\t<div class=\"elementor-widget-container\">\n\t\t\t\t\t\t\t\t\t\t\t\t<figure class=\"wp-caption\">\n\t\t\t\t\t\t\t\t\t\t<img loading=\"lazy\" decoding=\"async\" width=\"800\" height=\"443\" src=\"https:\/\/richeskarayib.com\/wp-content\/uploads\/2025\/11\/\u00a9Festival-International-de-Musique-Saint-Georges-idea-cover.jpg\" class=\"attachment-large size-large wp-image-64981\" alt=\"Festival International de Musique\" srcset=\"https:\/\/richeskarayib.com\/wp-content\/uploads\/2025\/11\/\u00a9Festival-International-de-Musique-Saint-Georges-idea-cover.jpg 960w, https:\/\/richeskarayib.com\/wp-content\/uploads\/2025\/11\/\u00a9Festival-International-de-Musique-Saint-Georges-idea-cover-300x166.jpg 300w, https:\/\/richeskarayib.com\/wp-content\/uploads\/2025\/11\/\u00a9Festival-International-de-Musique-Saint-Georges-idea-cover-768x426.jpg 768w\" sizes=\"(max-width: 800px) 100vw, 800px\" \/>\t\t\t\t\t\t\t\t\t\t\t<figcaption class=\"widget-image-caption wp-caption-text\">\u00a9Festival International de Musique Saint-Georges<\/figcaption>\n\t\t\t\t\t\t\t\t\t\t<\/figure>\n\t\t\t\t\t\t\t\t\t<\/div>\n\t\t\t\t<\/div>\n\t\t\t\t\t<\/div>\n\t\t<\/div>\n\t\t\t\t\t<\/div>\n\t\t<\/section>\n\t\t\t\t\t<\/div>\n\t\t<\/div>\n\t\t\t\t\t<\/div>\n\t\t<\/section>\n\t\t\t\t<section class=\"elementor-section elementor-top-section elementor-element elementor-element-03ffe60 elementor-section-boxed elementor-section-height-default elementor-section-height-default\" data-id=\"03ffe60\" data-element_type=\"section\">\n\t\t\t\t\t\t<div class=\"elementor-container elementor-column-gap-default\">\n\t\t\t\t\t<div class=\"elementor-column elementor-col-100 elementor-top-column elementor-element elementor-element-9847403\" data-id=\"9847403\" data-element_type=\"column\">\n\t\t\t<div class=\"elementor-widget-wrap elementor-element-populated\">\n\t\t\t\t\t\t<div class=\"elementor-element elementor-element-d035909 elementor-widget elementor-widget-heading\" data-id=\"d035909\" data-element_type=\"widget\" data-widget_type=\"heading.default\">\n\t\t\t\t<div class=\"elementor-widget-container\">\n\t\t\t\t\t<h2 class=\"elementor-heading-title elementor-size-default\">Un final qui porte la voix du \u201cNouveau Monde\u201d<\/h2>\t\t\t\t<\/div>\n\t\t\t\t<\/div>\n\t\t\t\t<div class=\"elementor-element elementor-element-e3f15b5 elementor-widget elementor-widget-text-editor\" data-id=\"e3f15b5\" data-element_type=\"widget\" data-widget_type=\"text-editor.default\">\n\t\t\t\t<div class=\"elementor-widget-container\">\n\t\t\t\t\t\t\t\t\t<p><span style=\"font-weight: 400;\">Le 23 novembre, le festival se termine au Hall Paul Chonchon avec le concert \u00ab Chants du Nouveau Monde \u00bb, interpr\u00e9t\u00e9 par l\u2019Orchestre du Festival et la mezzo-soprano Axelle Saint-Cirel.<\/span><\/p>\n<p><span style=\"font-weight: 400;\">Le programme rassemble Bologne, Berlioz, Lili Boulanger et Anton\u00edn Dvo\u0159\u00e1k. Ce choix illustre la volont\u00e9 du Festival International de Musique Saint-Georges : faire dialoguer la Cara\u00efbe avec l\u2019Europe, la m\u00e9moire coloniale avec l\u2019imaginaire am\u00e9ricain, l\u2019intime avec le monumental. Le tout dans un espace \u2014 le Hall Paul Chonchon \u2014 qui demeure l\u2019un des lieux embl\u00e9matiques de la vie artistique guadeloup\u00e9enne.<\/span><\/p>\t\t\t\t\t\t\t\t<\/div>\n\t\t\t\t<\/div>\n\t\t\t\t<section class=\"elementor-section elementor-inner-section elementor-element elementor-element-c60af75 elementor-section-boxed elementor-section-height-default elementor-section-height-default\" data-id=\"c60af75\" data-element_type=\"section\">\n\t\t\t\t\t\t<div class=\"elementor-container elementor-column-gap-default\">\n\t\t\t\t\t<div class=\"elementor-column elementor-col-100 elementor-inner-column elementor-element elementor-element-2a34e47\" data-id=\"2a34e47\" data-element_type=\"column\">\n\t\t\t<div class=\"elementor-widget-wrap elementor-element-populated\">\n\t\t\t\t\t\t<div class=\"elementor-element elementor-element-51c624f elementor-widget elementor-widget-image\" data-id=\"51c624f\" data-element_type=\"widget\" data-widget_type=\"image.default\">\n\t\t\t\t<div class=\"elementor-widget-container\">\n\t\t\t\t\t\t\t\t\t\t\t\t<figure class=\"wp-caption\">\n\t\t\t\t\t\t\t\t\t\t<img loading=\"lazy\" decoding=\"async\" width=\"800\" height=\"905\" src=\"https:\/\/richeskarayib.com\/wp-content\/uploads\/2025\/11\/\u00a9Festival-International-de-Musique-Saint-Georges-4-905x1024.jpg\" class=\"attachment-large size-large wp-image-64969\" alt=\"Festival International de Musique\" srcset=\"https:\/\/richeskarayib.com\/wp-content\/uploads\/2025\/11\/\u00a9Festival-International-de-Musique-Saint-Georges-4-905x1024.jpg 905w, https:\/\/richeskarayib.com\/wp-content\/uploads\/2025\/11\/\u00a9Festival-International-de-Musique-Saint-Georges-4-265x300.jpg 265w, https:\/\/richeskarayib.com\/wp-content\/uploads\/2025\/11\/\u00a9Festival-International-de-Musique-Saint-Georges-4-768x869.jpg 768w, https:\/\/richeskarayib.com\/wp-content\/uploads\/2025\/11\/\u00a9Festival-International-de-Musique-Saint-Georges-4.jpg 986w\" sizes=\"(max-width: 800px) 100vw, 800px\" \/>\t\t\t\t\t\t\t\t\t\t\t<figcaption class=\"widget-image-caption wp-caption-text\">\u00a9Festival International de Musique Saint-Georges<\/figcaption>\n\t\t\t\t\t\t\t\t\t\t<\/figure>\n\t\t\t\t\t\t\t\t\t<\/div>\n\t\t\t\t<\/div>\n\t\t\t\t\t<\/div>\n\t\t<\/div>\n\t\t\t\t\t<\/div>\n\t\t<\/section>\n\t\t\t\t\t<\/div>\n\t\t<\/div>\n\t\t\t\t\t<\/div>\n\t\t<\/section>\n\t\t\t\t<section class=\"elementor-section elementor-top-section elementor-element elementor-element-385b04a elementor-section-boxed elementor-section-height-default elementor-section-height-default\" data-id=\"385b04a\" data-element_type=\"section\">\n\t\t\t\t\t\t<div class=\"elementor-container elementor-column-gap-default\">\n\t\t\t\t\t<div class=\"elementor-column elementor-col-100 elementor-top-column elementor-element elementor-element-f90a1e8\" data-id=\"f90a1e8\" data-element_type=\"column\">\n\t\t\t<div class=\"elementor-widget-wrap elementor-element-populated\">\n\t\t\t\t\t\t<div class=\"elementor-element elementor-element-d6e9942 elementor-widget elementor-widget-heading\" data-id=\"d6e9942\" data-element_type=\"widget\" data-widget_type=\"heading.default\">\n\t\t\t\t<div class=\"elementor-widget-container\">\n\t\t\t\t\t<h2 class=\"elementor-heading-title elementor-size-default\">Un \u00e9v\u00e9nement qui d\u00e9passe le cadre musical\n<\/h2>\t\t\t\t<\/div>\n\t\t\t\t<\/div>\n\t\t\t\t<div class=\"elementor-element elementor-element-c5c0e9d elementor-widget elementor-widget-text-editor\" data-id=\"c5c0e9d\" data-element_type=\"widget\" data-widget_type=\"text-editor.default\">\n\t\t\t\t<div class=\"elementor-widget-container\">\n\t\t\t\t\t\t\t\t\t<p><span style=\"font-weight: 400;\"><a href=\"https:\/\/festivalsaintgeorges.com\/\" target=\"_blank\" rel=\"noopener nofollow\">Le Festival International de Musique Saint-Georges<\/a> n\u2019est pas seulement un rendez-vous pour m\u00e9lomanes. Il participe \u00e0 la r\u00e9habilitation d\u2019un pan essentiel de l\u2019histoire carib\u00e9enne, ouvre de nouvelles perspectives pour la jeunesse guadeloup\u00e9enne, fait rayonner l\u2019archipel \u00e0 l\u2019international et renforce l\u2019id\u00e9e que la Cara\u00efbe poss\u00e8de un capital artistique d\u2019une richesse profonde.<\/span><\/p>\t\t\t\t\t\t\t\t<\/div>\n\t\t\t\t<\/div>\n\t\t\t\t<div class=\"elementor-element elementor-element-e4e54a9 elementor-widget elementor-widget-text-editor\" data-id=\"e4e54a9\" data-element_type=\"widget\" data-widget_type=\"text-editor.default\">\n\t\t\t\t<div class=\"elementor-widget-container\">\n\t\t\t\t\t\t\t\t\t<p><span style=\"font-weight: 400;\">En remettant au premier plan le Chevalier de Saint-Georges, la Guadeloupe affirme un positionnement culturel clair : celui d\u2019un territoire qui fait de son patrimoine une force vivante, capable d\u2019inspirer les nouvelles g\u00e9n\u00e9rations comme les sc\u00e8nes mondiales. Le message de cette \u00e9dition, port\u00e9 avec constance par le Festival International de Musique Saint-Georges, d\u00e9passe la simple programmation : il raconte une mani\u00e8re d\u2019habiter la m\u00e9moire et de la transmettre.<\/span><\/p>\t\t\t\t\t\t\t\t<\/div>\n\t\t\t\t<\/div>\n\t\t\t\t<section class=\"elementor-section elementor-inner-section elementor-element elementor-element-687fe4f elementor-section-boxed elementor-section-height-default elementor-section-height-default\" data-id=\"687fe4f\" data-element_type=\"section\">\n\t\t\t\t\t\t<div class=\"elementor-container elementor-column-gap-default\">\n\t\t\t\t\t<div class=\"elementor-column elementor-col-100 elementor-inner-column elementor-element elementor-element-f4a3fab\" data-id=\"f4a3fab\" data-element_type=\"column\">\n\t\t\t<div class=\"elementor-widget-wrap elementor-element-populated\">\n\t\t\t\t\t\t<div class=\"elementor-element elementor-element-303f1b5 elementor-widget elementor-widget-video\" data-id=\"303f1b5\" data-element_type=\"widget\" data-settings=\"{&quot;youtube_url&quot;:&quot;https:\\\/\\\/www.youtube.com\\\/watch?v=0sD4czu68Ow&quot;,&quot;video_type&quot;:&quot;youtube&quot;,&quot;controls&quot;:&quot;yes&quot;}\" data-widget_type=\"video.default\">\n\t\t\t\t<div class=\"elementor-widget-container\">\n\t\t\t\t\t\t\t<div class=\"elementor-wrapper elementor-open-inline\">\n\t\t\t<div class=\"elementor-video\"><\/div>\t\t<\/div>\n\t\t\t\t\t\t<\/div>\n\t\t\t\t<\/div>\n\t\t\t\t\t<\/div>\n\t\t<\/div>\n\t\t\t\t\t<\/div>\n\t\t<\/section>\n\t\t\t\t\t<\/div>\n\t\t<\/div>\n\t\t\t\t\t<\/div>\n\t\t<\/section>\n\t\t\t\t<\/div>\n\t\t","protected":false},"excerpt":{"rendered":"<p>Du 15 au 23 novembre 2025, la Guadeloupe accueille une nouvelle \u00e9dition du Festival International de Musique Saint-Georges, un rendez-vous devenu essentiel pour comprendre la profondeur culturelle de l\u2019archipel. Cette \u00e9dition-anniversaire porte un relief particulier : elle marque les 280 ans de la naissance de Joseph Bologne, Chevalier de Saint-Georges, compositeur, chef d\u2019orchestre, virtuose et [&hellip;]<\/p>\n","protected":false},"author":662,"featured_media":64961,"comment_status":"open","ping_status":"open","sticky":false,"template":"","format":"standard","meta":{"_acf_changed":false,"footnotes":""},"categories":[835],"tags":[1545],"class_list":["post-64959","post","type-post","status-publish","format-standard","has-post-thumbnail","hentry","category-musique-fr","tag-guadeloupe-2"],"acf":[],"_links":{"self":[{"href":"https:\/\/richeskarayib.com\/fr\/wp-json\/wp\/v2\/posts\/64959","targetHints":{"allow":["GET"]}}],"collection":[{"href":"https:\/\/richeskarayib.com\/fr\/wp-json\/wp\/v2\/posts"}],"about":[{"href":"https:\/\/richeskarayib.com\/fr\/wp-json\/wp\/v2\/types\/post"}],"author":[{"embeddable":true,"href":"https:\/\/richeskarayib.com\/fr\/wp-json\/wp\/v2\/users\/662"}],"replies":[{"embeddable":true,"href":"https:\/\/richeskarayib.com\/fr\/wp-json\/wp\/v2\/comments?post=64959"}],"version-history":[{"count":0,"href":"https:\/\/richeskarayib.com\/fr\/wp-json\/wp\/v2\/posts\/64959\/revisions"}],"wp:featuredmedia":[{"embeddable":true,"href":"https:\/\/richeskarayib.com\/fr\/wp-json\/wp\/v2\/media\/64961"}],"wp:attachment":[{"href":"https:\/\/richeskarayib.com\/fr\/wp-json\/wp\/v2\/media?parent=64959"}],"wp:term":[{"taxonomy":"category","embeddable":true,"href":"https:\/\/richeskarayib.com\/fr\/wp-json\/wp\/v2\/categories?post=64959"},{"taxonomy":"post_tag","embeddable":true,"href":"https:\/\/richeskarayib.com\/fr\/wp-json\/wp\/v2\/tags?post=64959"}],"curies":[{"name":"wp","href":"https:\/\/api.w.org\/{rel}","templated":true}]}}