{"id":65038,"date":"2025-11-19T12:44:37","date_gmt":"2025-11-19T16:44:37","guid":{"rendered":"https:\/\/richeskarayib.com\/?p=65038"},"modified":"2025-11-19T12:44:37","modified_gmt":"2025-11-19T16:44:37","slug":"coupe-du-monde-2026-haiti-curacao-panama","status":"publish","type":"post","link":"https:\/\/richeskarayib.com\/fr\/coupe-du-monde-2026-haiti-curacao-panama\/","title":{"rendered":"Coupe du monde 2026 : Ha\u00efti, Cura\u00e7ao et le Panama \u00e9crivent une nouvelle page pour la Cara\u00efbe"},"content":{"rendered":"\t\t<div data-elementor-type=\"wp-post\" data-elementor-id=\"65038\" class=\"elementor elementor-65038\" data-elementor-post-type=\"post\">\n\t\t\t\t\t\t<section class=\"elementor-section elementor-top-section elementor-element elementor-element-7ca7ca1 elementor-section-boxed elementor-section-height-default elementor-section-height-default\" data-id=\"7ca7ca1\" data-element_type=\"section\">\n\t\t\t\t\t\t<div class=\"elementor-container elementor-column-gap-default\">\n\t\t\t\t\t<div class=\"elementor-column elementor-col-100 elementor-top-column elementor-element elementor-element-cbdd002\" data-id=\"cbdd002\" data-element_type=\"column\">\n\t\t\t<div class=\"elementor-widget-wrap elementor-element-populated\">\n\t\t\t\t\t\t<section class=\"elementor-section elementor-inner-section elementor-element elementor-element-bc94849 elementor-section-boxed elementor-section-height-default elementor-section-height-default\" data-id=\"bc94849\" data-element_type=\"section\">\n\t\t\t\t\t\t<div class=\"elementor-container elementor-column-gap-default\">\n\t\t\t\t\t\t<\/div>\n\t\t<\/section>\n\t\t\t\t<section class=\"elementor-section elementor-inner-section elementor-element elementor-element-61571e6 elementor-section-boxed elementor-section-height-default elementor-section-height-default\" data-id=\"61571e6\" data-element_type=\"section\">\n\t\t\t\t\t\t<div class=\"elementor-container elementor-column-gap-default\">\n\t\t\t\t\t\t<\/div>\n\t\t<\/section>\n\t\t\t\t<section class=\"elementor-section elementor-inner-section elementor-element elementor-element-b6262e0 elementor-section-boxed elementor-section-height-default elementor-section-height-default\" data-id=\"b6262e0\" data-element_type=\"section\">\n\t\t\t\t\t\t<div class=\"elementor-container elementor-column-gap-default\">\n\t\t\t\t\t\t<\/div>\n\t\t<\/section>\n\t\t\t\t<section class=\"elementor-section elementor-inner-section elementor-element elementor-element-cca29fd elementor-section-boxed elementor-section-height-default elementor-section-height-default\" data-id=\"cca29fd\" data-element_type=\"section\">\n\t\t\t\t\t\t<div class=\"elementor-container elementor-column-gap-default\">\n\t\t\t\t\t\t<\/div>\n\t\t<\/section>\n\t\t\t\t\t<\/div>\n\t\t<\/div>\n\t\t\t\t\t<\/div>\n\t\t<\/section>\n\t\t\t\t<section class=\"elementor-section elementor-top-section elementor-element elementor-element-5a7397d elementor-section-boxed elementor-section-height-default elementor-section-height-default\" data-id=\"5a7397d\" data-element_type=\"section\">\n\t\t\t\t\t\t<div class=\"elementor-container elementor-column-gap-default\">\n\t\t\t\t\t<div class=\"elementor-column elementor-col-100 elementor-top-column elementor-element elementor-element-e0e155e\" data-id=\"e0e155e\" data-element_type=\"column\">\n\t\t\t<div class=\"elementor-widget-wrap elementor-element-populated\">\n\t\t\t\t\t\t<div class=\"elementor-element elementor-element-43a45ac elementor-widget elementor-widget-text-editor\" data-id=\"43a45ac\" data-element_type=\"widget\" data-widget_type=\"text-editor.default\">\n\t\t\t\t<div class=\"elementor-widget-container\">\n\t\t\t\t\t\t\t\t\t<p><span style=\"font-weight: 400;\">La Coupe du monde 2026 comptera trois repr\u00e9sentants venus de la Cara\u00efbe et de l\u2019Am\u00e9rique centrale : Ha\u00efti, Cura\u00e7ao et le Panama. Trois trajectoires diff\u00e9rentes, trois histoires fortes, mais un m\u00eame message : la r\u00e9gion avance, s\u2019organise et affirme de plus en plus sa place dans le football international. Pour Ha\u00efti, l\u2019\u00e9v\u00e9nement rev\u00eat une dimension historique, car l\u2019\u00e9quipe nationale retrouvera la sc\u00e8ne mondiale pour la premi\u00e8re fois depuis 1974. Pour Cura\u00e7ao, c\u2019est un exploit in\u00e9dit. Quant au Panama, il confirme son nouveau statut r\u00e9gional. Ensemble, ces trois nations donnent un nouveau souffle \u00e0 la Cara\u00efbe.<\/span><\/p>\t\t\t\t\t\t\t\t<\/div>\n\t\t\t\t<\/div>\n\t\t\t\t\t<\/div>\n\t\t<\/div>\n\t\t\t\t\t<\/div>\n\t\t<\/section>\n\t\t\t\t<section class=\"elementor-section elementor-top-section elementor-element elementor-element-ceca32c elementor-section-boxed elementor-section-height-default elementor-section-height-default\" data-id=\"ceca32c\" data-element_type=\"section\">\n\t\t\t\t\t\t<div class=\"elementor-container elementor-column-gap-default\">\n\t\t\t\t\t<div class=\"elementor-column elementor-col-100 elementor-top-column elementor-element elementor-element-5a2e383\" data-id=\"5a2e383\" data-element_type=\"column\">\n\t\t\t<div class=\"elementor-widget-wrap elementor-element-populated\">\n\t\t\t\t\t\t<div class=\"elementor-element elementor-element-6cedf5f elementor-widget elementor-widget-heading\" data-id=\"6cedf5f\" data-element_type=\"widget\" data-widget_type=\"heading.default\">\n\t\t\t\t<div class=\"elementor-widget-container\">\n\t\t\t\t\t<h2 class=\"elementor-heading-title elementor-size-default\">Ha\u00efti retrouve la sc\u00e8ne mondiale apr\u00e8s 52 ans<\/h2>\t\t\t\t<\/div>\n\t\t\t\t<\/div>\n\t\t\t\t<div class=\"elementor-element elementor-element-e93d1fb elementor-widget elementor-widget-text-editor\" data-id=\"e93d1fb\" data-element_type=\"widget\" data-widget_type=\"text-editor.default\">\n\t\t\t\t<div class=\"elementor-widget-container\">\n\t\t\t\t\t\t\t\t\t<p><span style=\"font-weight: 400;\"><a href=\"https:\/\/www.concacaf.com\/en\/world-cup-qualifying-men\/news\/haiti-ends-51-year-world-cup-drought-with-victory-against-nicaragua\/?utm_source=chatgpt.com\" target=\"_blank\" rel=\"noopener nofollow\">La qualification d\u2019Ha\u00efti<\/a> est l\u2019une des grandes histoires de la Coupe du monde 2026. Cinquante-deux ans apr\u00e8s l\u2019\u00e9pop\u00e9e de 1974, les Grenadiers signent un retour qui marque autant les supporters que la diaspora. Leur parcours a \u00e9t\u00e9 construit sur la rigueur, la coh\u00e9sion et une v\u00e9ritable progression collective.<\/span><\/p><p><span style=\"font-weight: 400;\">Le match d\u00e9terminant a \u00e9t\u00e9 la victoire 2\u20130 face au Nicaragua, symbole d\u2019un groupe concentr\u00e9 et d\u00e9termin\u00e9. Ha\u00efti a termin\u00e9 en t\u00eate de son groupe, port\u00e9e par une d\u00e9fense solide, une transition rapide et un \u00e9tat d\u2019esprit qui a donn\u00e9 un nouveau ton au football national. Ce ticket n\u2019est pas un hasard : il traduit le travail men\u00e9 avec constance malgr\u00e9 les d\u00e9fis politiques, sociaux et structurels du pays.<\/span><\/p>\t\t\t\t\t\t\t\t<\/div>\n\t\t\t\t<\/div>\n\t\t\t\t<div class=\"elementor-element elementor-element-2cec473 elementor-widget elementor-widget-text-editor\" data-id=\"2cec473\" data-element_type=\"widget\" data-widget_type=\"text-editor.default\">\n\t\t\t\t<div class=\"elementor-widget-container\">\n\t\t\t\t\t\t\t\t\t<p><span style=\"font-weight: 400;\">Mais cette <a href=\"https:\/\/la1ere.franceinfo.fr\/martinique\/haiti-curacao-et-le-panama-se-qualifient-pour-la-coupe-du-monde-de-football-2026-1644637.html\" target=\"_blank\" rel=\"noopener nofollow\">qualification<\/a> d\u00e9passe le football. Elle apporte une nouvelle lumi\u00e8re au territoire ha\u00eftien, offrant un moment de coh\u00e9sion et de fiert\u00e9 dans un contexte o\u00f9 chaque bonne nouvelle compte. Pour la jeunesse, c\u2019est une source d\u2019inspiration. Pour les organisations sportives locales, un encouragement \u00e0 poursuivre la formation, m\u00eame avec peu de moyens.<\/span><\/p>\t\t\t\t\t\t\t\t<\/div>\n\t\t\t\t<\/div>\n\t\t\t\t<section class=\"elementor-section elementor-inner-section elementor-element elementor-element-dbb4771 elementor-section-boxed elementor-section-height-default elementor-section-height-default\" data-id=\"dbb4771\" data-element_type=\"section\">\n\t\t\t\t\t\t<div class=\"elementor-container elementor-column-gap-default\">\n\t\t\t\t\t<div class=\"elementor-column elementor-col-50 elementor-inner-column elementor-element elementor-element-ea0fc25\" data-id=\"ea0fc25\" data-element_type=\"column\">\n\t\t\t<div class=\"elementor-widget-wrap elementor-element-populated\">\n\t\t\t\t\t\t<div class=\"elementor-element elementor-element-8786d28 elementor-widget elementor-widget-image\" data-id=\"8786d28\" data-element_type=\"widget\" data-widget_type=\"image.default\">\n\t\t\t\t<div class=\"elementor-widget-container\">\n\t\t\t\t\t\t\t\t\t\t\t\t<figure class=\"wp-caption\">\n\t\t\t\t\t\t\t\t\t\t<img fetchpriority=\"high\" decoding=\"async\" width=\"800\" height=\"1000\" src=\"https:\/\/richeskarayib.com\/wp-content\/uploads\/2025\/11\/\u00a9Haiti-Concacaf-3-819x1024.jpg\" class=\"attachment-large size-large wp-image-65043\" alt=\"Coupe du monde 2026\" srcset=\"https:\/\/richeskarayib.com\/wp-content\/uploads\/2025\/11\/\u00a9Haiti-Concacaf-3-819x1024.jpg 819w, https:\/\/richeskarayib.com\/wp-content\/uploads\/2025\/11\/\u00a9Haiti-Concacaf-3-240x300.jpg 240w, https:\/\/richeskarayib.com\/wp-content\/uploads\/2025\/11\/\u00a9Haiti-Concacaf-3-768x960.jpg 768w, https:\/\/richeskarayib.com\/wp-content\/uploads\/2025\/11\/\u00a9Haiti-Concacaf-3.jpg 1080w\" sizes=\"(max-width: 800px) 100vw, 800px\" \/>\t\t\t\t\t\t\t\t\t\t\t<figcaption class=\"widget-image-caption wp-caption-text\">\u00a9Concacaf<\/figcaption>\n\t\t\t\t\t\t\t\t\t\t<\/figure>\n\t\t\t\t\t\t\t\t\t<\/div>\n\t\t\t\t<\/div>\n\t\t\t\t\t<\/div>\n\t\t<\/div>\n\t\t\t\t<div class=\"elementor-column elementor-col-50 elementor-inner-column elementor-element elementor-element-608c0e1\" data-id=\"608c0e1\" data-element_type=\"column\">\n\t\t\t<div class=\"elementor-widget-wrap elementor-element-populated\">\n\t\t\t\t\t\t<div class=\"elementor-element elementor-element-07ebdc5 elementor-widget elementor-widget-image\" data-id=\"07ebdc5\" data-element_type=\"widget\" data-widget_type=\"image.default\">\n\t\t\t\t<div class=\"elementor-widget-container\">\n\t\t\t\t\t\t\t\t\t\t\t\t<figure class=\"wp-caption\">\n\t\t\t\t\t\t\t\t\t\t<img decoding=\"async\" width=\"800\" height=\"1000\" src=\"https:\/\/richeskarayib.com\/wp-content\/uploads\/2025\/11\/\u00a9Haiti-Concacaf-4-819x1024.jpg\" class=\"attachment-large size-large wp-image-65047\" alt=\"Coupe du monde 2026\" srcset=\"https:\/\/richeskarayib.com\/wp-content\/uploads\/2025\/11\/\u00a9Haiti-Concacaf-4-819x1024.jpg 819w, https:\/\/richeskarayib.com\/wp-content\/uploads\/2025\/11\/\u00a9Haiti-Concacaf-4-240x300.jpg 240w, https:\/\/richeskarayib.com\/wp-content\/uploads\/2025\/11\/\u00a9Haiti-Concacaf-4-768x960.jpg 768w, https:\/\/richeskarayib.com\/wp-content\/uploads\/2025\/11\/\u00a9Haiti-Concacaf-4.jpg 1080w\" sizes=\"(max-width: 800px) 100vw, 800px\" \/>\t\t\t\t\t\t\t\t\t\t\t<figcaption class=\"widget-image-caption wp-caption-text\">\u00a9Concacaf<\/figcaption>\n\t\t\t\t\t\t\t\t\t\t<\/figure>\n\t\t\t\t\t\t\t\t\t<\/div>\n\t\t\t\t<\/div>\n\t\t\t\t\t<\/div>\n\t\t<\/div>\n\t\t\t\t\t<\/div>\n\t\t<\/section>\n\t\t\t\t\t<\/div>\n\t\t<\/div>\n\t\t\t\t\t<\/div>\n\t\t<\/section>\n\t\t\t\t<section class=\"elementor-section elementor-top-section elementor-element elementor-element-9c88a89 elementor-section-boxed elementor-section-height-default elementor-section-height-default\" data-id=\"9c88a89\" data-element_type=\"section\">\n\t\t\t\t\t\t<div class=\"elementor-container elementor-column-gap-default\">\n\t\t\t\t\t<div class=\"elementor-column elementor-col-100 elementor-top-column elementor-element elementor-element-78cf5d1\" data-id=\"78cf5d1\" data-element_type=\"column\">\n\t\t\t<div class=\"elementor-widget-wrap elementor-element-populated\">\n\t\t\t\t\t\t<div class=\"elementor-element elementor-element-ea2a5c1 elementor-widget elementor-widget-heading\" data-id=\"ea2a5c1\" data-element_type=\"widget\" data-widget_type=\"heading.default\">\n\t\t\t\t<div class=\"elementor-widget-container\">\n\t\t\t\t\t<h2 class=\"elementor-heading-title elementor-size-default\">Cura\u00e7ao, l\u2019exploit d\u2019un petit territoire dans la Coupe du monde 2026<\/h2>\t\t\t\t<\/div>\n\t\t\t\t<\/div>\n\t\t\t\t<div class=\"elementor-element elementor-element-e305eee elementor-widget elementor-widget-text-editor\" data-id=\"e305eee\" data-element_type=\"widget\" data-widget_type=\"text-editor.default\">\n\t\t\t\t<div class=\"elementor-widget-container\">\n\t\t\t\t\t\t\t\t\t<p><span style=\"font-weight: 400;\">L\u2019autre surprise majeure de cette Coupe du monde 2026 vient de Cura\u00e7ao. Avec une population d\u2019\u00e0 peine 150 000 habitants, l\u2019\u00eele devient l\u2019un des plus petits territoires jamais qualifi\u00e9s pour un Mondial. Ce r\u00e9sultat illustre les progr\u00e8s consid\u00e9rables faits par la F\u00e9d\u00e9ration, qui s\u2019appuie sur un r\u00e9seau solide de joueurs issus de la diaspora n\u00e9erlandaise et sur un encadrement technique exigeant.<\/span><\/p><p><span style=\"font-weight: 400;\">Cette qualification apporte une visibilit\u00e9 mondiale \u00e0 un territoire souvent sous-estim\u00e9 dans le football international. Pour la Cara\u00efbe, c\u2019est un signal fort : m\u00eame les petites \u00eeles peuvent, avec une structure adapt\u00e9e et une vision claire, atteindre les plus grandes comp\u00e9titions.<\/span><\/p>\t\t\t\t\t\t\t\t<\/div>\n\t\t\t\t<\/div>\n\t\t\t\t<section class=\"elementor-section elementor-inner-section elementor-element elementor-element-137df85 elementor-section-boxed elementor-section-height-default elementor-section-height-default\" data-id=\"137df85\" data-element_type=\"section\">\n\t\t\t\t\t\t<div class=\"elementor-container elementor-column-gap-default\">\n\t\t\t\t\t<div class=\"elementor-column elementor-col-50 elementor-inner-column elementor-element elementor-element-046b725\" data-id=\"046b725\" data-element_type=\"column\">\n\t\t\t<div class=\"elementor-widget-wrap elementor-element-populated\">\n\t\t\t\t\t\t<div class=\"elementor-element elementor-element-7955a8d elementor-widget elementor-widget-image\" data-id=\"7955a8d\" data-element_type=\"widget\" data-widget_type=\"image.default\">\n\t\t\t\t<div class=\"elementor-widget-container\">\n\t\t\t\t\t\t\t\t\t\t\t\t<figure class=\"wp-caption\">\n\t\t\t\t\t\t\t\t\t\t<img decoding=\"async\" width=\"800\" height=\"1000\" src=\"https:\/\/richeskarayib.com\/wp-content\/uploads\/2025\/11\/\u00a9Curacao-Concacaf-3-819x1024.jpg\" class=\"attachment-large size-large wp-image-65051\" alt=\"Coupe du monde 2026\" srcset=\"https:\/\/richeskarayib.com\/wp-content\/uploads\/2025\/11\/\u00a9Curacao-Concacaf-3-819x1024.jpg 819w, https:\/\/richeskarayib.com\/wp-content\/uploads\/2025\/11\/\u00a9Curacao-Concacaf-3-240x300.jpg 240w, https:\/\/richeskarayib.com\/wp-content\/uploads\/2025\/11\/\u00a9Curacao-Concacaf-3-768x960.jpg 768w, https:\/\/richeskarayib.com\/wp-content\/uploads\/2025\/11\/\u00a9Curacao-Concacaf-3.jpg 1080w\" sizes=\"(max-width: 800px) 100vw, 800px\" \/>\t\t\t\t\t\t\t\t\t\t\t<figcaption class=\"widget-image-caption wp-caption-text\">\u00a9Concacaf<\/figcaption>\n\t\t\t\t\t\t\t\t\t\t<\/figure>\n\t\t\t\t\t\t\t\t\t<\/div>\n\t\t\t\t<\/div>\n\t\t\t\t\t<\/div>\n\t\t<\/div>\n\t\t\t\t<div class=\"elementor-column elementor-col-50 elementor-inner-column elementor-element elementor-element-6897b42\" data-id=\"6897b42\" data-element_type=\"column\">\n\t\t\t<div class=\"elementor-widget-wrap elementor-element-populated\">\n\t\t\t\t\t\t<div class=\"elementor-element elementor-element-778658c elementor-widget elementor-widget-image\" data-id=\"778658c\" data-element_type=\"widget\" data-widget_type=\"image.default\">\n\t\t\t\t<div class=\"elementor-widget-container\">\n\t\t\t\t\t\t\t\t\t\t\t\t<figure class=\"wp-caption\">\n\t\t\t\t\t\t\t\t\t\t<img loading=\"lazy\" decoding=\"async\" width=\"800\" height=\"1000\" src=\"https:\/\/richeskarayib.com\/wp-content\/uploads\/2025\/11\/\u00a9Curacao-Concacaf-819x1024.jpg\" class=\"attachment-large size-large wp-image-65055\" alt=\"Coupe du monde 2026\" srcset=\"https:\/\/richeskarayib.com\/wp-content\/uploads\/2025\/11\/\u00a9Curacao-Concacaf-819x1024.jpg 819w, https:\/\/richeskarayib.com\/wp-content\/uploads\/2025\/11\/\u00a9Curacao-Concacaf-240x300.jpg 240w, https:\/\/richeskarayib.com\/wp-content\/uploads\/2025\/11\/\u00a9Curacao-Concacaf-768x960.jpg 768w, https:\/\/richeskarayib.com\/wp-content\/uploads\/2025\/11\/\u00a9Curacao-Concacaf.jpg 1080w\" sizes=\"(max-width: 800px) 100vw, 800px\" \/>\t\t\t\t\t\t\t\t\t\t\t<figcaption class=\"widget-image-caption wp-caption-text\">\u00a9Concacaf<\/figcaption>\n\t\t\t\t\t\t\t\t\t\t<\/figure>\n\t\t\t\t\t\t\t\t\t<\/div>\n\t\t\t\t<\/div>\n\t\t\t\t\t<\/div>\n\t\t<\/div>\n\t\t\t\t\t<\/div>\n\t\t<\/section>\n\t\t\t\t\t<\/div>\n\t\t<\/div>\n\t\t\t\t\t<\/div>\n\t\t<\/section>\n\t\t\t\t<section class=\"elementor-section elementor-top-section elementor-element elementor-element-103aced elementor-section-boxed elementor-section-height-default elementor-section-height-default\" data-id=\"103aced\" data-element_type=\"section\">\n\t\t\t\t\t\t<div class=\"elementor-container elementor-column-gap-default\">\n\t\t\t\t\t<div class=\"elementor-column elementor-col-100 elementor-top-column elementor-element elementor-element-e34f9f4\" data-id=\"e34f9f4\" data-element_type=\"column\">\n\t\t\t<div class=\"elementor-widget-wrap elementor-element-populated\">\n\t\t\t\t\t\t<div class=\"elementor-element elementor-element-c643e86 elementor-widget elementor-widget-heading\" data-id=\"c643e86\" data-element_type=\"widget\" data-widget_type=\"heading.default\">\n\t\t\t\t<div class=\"elementor-widget-container\">\n\t\t\t\t\t<h2 class=\"elementor-heading-title elementor-size-default\">Panama confirme son ascension<\/h2>\t\t\t\t<\/div>\n\t\t\t\t<\/div>\n\t\t\t\t<div class=\"elementor-element elementor-element-f783f1a elementor-widget elementor-widget-text-editor\" data-id=\"f783f1a\" data-element_type=\"widget\" data-widget_type=\"text-editor.default\">\n\t\t\t\t<div class=\"elementor-widget-container\">\n\t\t\t\t\t\t\t\t\t<p><span style=\"font-weight: 400;\">D\u00e9j\u00e0 qualifi\u00e9 en 2018, le Panama signe une deuxi\u00e8me pr\u00e9sence en quatre \u00e9ditions. Sa qualification pour la Coupe du monde 2026 s\u2019inscrit dans une continuit\u00e9 : un championnat national qui se renforce, une politique claire de d\u00e9veloppement du football et une \u00e9quipe capable de rivaliser r\u00e9guli\u00e8rement avec les meilleures nations de la CONCACAF.<\/span><\/p><p><span style=\"font-weight: 400;\">Pour la r\u00e9gion, la constance du Panama est un rep\u00e8re : elle montre que la progression n\u2019est pas ponctuelle, mais durable.<\/span><\/p>\t\t\t\t\t\t\t\t<\/div>\n\t\t\t\t<\/div>\n\t\t\t\t<section class=\"elementor-section elementor-inner-section elementor-element elementor-element-e38e845 elementor-section-boxed elementor-section-height-default elementor-section-height-default\" data-id=\"e38e845\" data-element_type=\"section\">\n\t\t\t\t\t\t<div class=\"elementor-container elementor-column-gap-default\">\n\t\t\t\t\t<div class=\"elementor-column elementor-col-50 elementor-inner-column elementor-element elementor-element-9829156\" data-id=\"9829156\" data-element_type=\"column\">\n\t\t\t<div class=\"elementor-widget-wrap elementor-element-populated\">\n\t\t\t\t\t\t<div class=\"elementor-element elementor-element-b74e739 elementor-widget elementor-widget-image\" data-id=\"b74e739\" data-element_type=\"widget\" data-widget_type=\"image.default\">\n\t\t\t\t<div class=\"elementor-widget-container\">\n\t\t\t\t\t\t\t\t\t\t\t\t<figure class=\"wp-caption\">\n\t\t\t\t\t\t\t\t\t\t<img loading=\"lazy\" decoding=\"async\" width=\"800\" height=\"1000\" src=\"https:\/\/richeskarayib.com\/wp-content\/uploads\/2025\/11\/\u00a9Panama-Concacaf-2-819x1024.jpg\" class=\"attachment-large size-large wp-image-65059\" alt=\"Coupe du monde 2026\" srcset=\"https:\/\/richeskarayib.com\/wp-content\/uploads\/2025\/11\/\u00a9Panama-Concacaf-2-819x1024.jpg 819w, https:\/\/richeskarayib.com\/wp-content\/uploads\/2025\/11\/\u00a9Panama-Concacaf-2-240x300.jpg 240w, https:\/\/richeskarayib.com\/wp-content\/uploads\/2025\/11\/\u00a9Panama-Concacaf-2-768x960.jpg 768w, https:\/\/richeskarayib.com\/wp-content\/uploads\/2025\/11\/\u00a9Panama-Concacaf-2.jpg 1080w\" sizes=\"(max-width: 800px) 100vw, 800px\" \/>\t\t\t\t\t\t\t\t\t\t\t<figcaption class=\"widget-image-caption wp-caption-text\">\u00a9Concacaf<\/figcaption>\n\t\t\t\t\t\t\t\t\t\t<\/figure>\n\t\t\t\t\t\t\t\t\t<\/div>\n\t\t\t\t<\/div>\n\t\t\t\t\t<\/div>\n\t\t<\/div>\n\t\t\t\t<div class=\"elementor-column elementor-col-50 elementor-inner-column elementor-element elementor-element-c8e0a1c\" data-id=\"c8e0a1c\" data-element_type=\"column\">\n\t\t\t<div class=\"elementor-widget-wrap elementor-element-populated\">\n\t\t\t\t\t\t<div class=\"elementor-element elementor-element-34239a9 elementor-widget elementor-widget-image\" data-id=\"34239a9\" data-element_type=\"widget\" data-widget_type=\"image.default\">\n\t\t\t\t<div class=\"elementor-widget-container\">\n\t\t\t\t\t\t\t\t\t\t\t\t<figure class=\"wp-caption\">\n\t\t\t\t\t\t\t\t\t\t<img loading=\"lazy\" decoding=\"async\" width=\"800\" height=\"1000\" src=\"https:\/\/richeskarayib.com\/wp-content\/uploads\/2025\/11\/\u00a9Panama-Concacaf-1-819x1024.jpg\" class=\"attachment-large size-large wp-image-65063\" alt=\"Coupe du monde 2026\" srcset=\"https:\/\/richeskarayib.com\/wp-content\/uploads\/2025\/11\/\u00a9Panama-Concacaf-1-819x1024.jpg 819w, https:\/\/richeskarayib.com\/wp-content\/uploads\/2025\/11\/\u00a9Panama-Concacaf-1-240x300.jpg 240w, https:\/\/richeskarayib.com\/wp-content\/uploads\/2025\/11\/\u00a9Panama-Concacaf-1-768x960.jpg 768w, https:\/\/richeskarayib.com\/wp-content\/uploads\/2025\/11\/\u00a9Panama-Concacaf-1.jpg 1080w\" sizes=\"(max-width: 800px) 100vw, 800px\" \/>\t\t\t\t\t\t\t\t\t\t\t<figcaption class=\"widget-image-caption wp-caption-text\">\u00a9Concacaf<\/figcaption>\n\t\t\t\t\t\t\t\t\t\t<\/figure>\n\t\t\t\t\t\t\t\t\t<\/div>\n\t\t\t\t<\/div>\n\t\t\t\t\t<\/div>\n\t\t<\/div>\n\t\t\t\t\t<\/div>\n\t\t<\/section>\n\t\t\t\t\t<\/div>\n\t\t<\/div>\n\t\t\t\t\t<\/div>\n\t\t<\/section>\n\t\t\t\t<section class=\"elementor-section elementor-top-section elementor-element elementor-element-f5709a6 elementor-section-boxed elementor-section-height-default elementor-section-height-default\" data-id=\"f5709a6\" data-element_type=\"section\">\n\t\t\t\t\t\t<div class=\"elementor-container elementor-column-gap-default\">\n\t\t\t\t\t<div class=\"elementor-column elementor-col-100 elementor-top-column elementor-element elementor-element-957be6f\" data-id=\"957be6f\" data-element_type=\"column\">\n\t\t\t<div class=\"elementor-widget-wrap elementor-element-populated\">\n\t\t\t\t\t\t<div class=\"elementor-element elementor-element-22c0a08 elementor-widget elementor-widget-heading\" data-id=\"22c0a08\" data-element_type=\"widget\" data-widget_type=\"heading.default\">\n\t\t\t\t<div class=\"elementor-widget-container\">\n\t\t\t\t\t<h2 class=\"elementor-heading-title elementor-size-default\">Une CONCACAF transform\u00e9e par la Coupe du monde 2026<\/h2>\t\t\t\t<\/div>\n\t\t\t\t<\/div>\n\t\t\t\t<div class=\"elementor-element elementor-element-953f6e4 elementor-widget elementor-widget-text-editor\" data-id=\"953f6e4\" data-element_type=\"widget\" data-widget_type=\"text-editor.default\">\n\t\t\t\t<div class=\"elementor-widget-container\">\n\t\t\t\t\t\t\t\t\t<p><span style=\"font-weight: 400;\">L\u2019\u00e9largissement du Mondial \u00e0 48 \u00e9quipes change profond\u00e9ment la donne. Pour la <a href=\"https:\/\/www.facebook.com\/concacaf\/?locale=fr_FR\" target=\"_blank\" rel=\"noopener nofollow\">CONCACAF<\/a>, cela signifie davantage de places et une ouverture r\u00e9elle pour les nations carib\u00e9ennes et centram\u00e9ricaines.<\/span><\/p><p><span style=\"font-weight: 400;\">La pr\u00e9sence d\u2019Ha\u00efti, de Cura\u00e7ao et du Panama au sein de cette Coupe du monde 2026 r\u00e9v\u00e8le plusieurs tendances fortes :<\/span><\/p>\t\t\t\t\t\t\t\t<\/div>\n\t\t\t\t<\/div>\n\t\t\t\t<div class=\"elementor-element elementor-element-dfb4746 elementor-widget elementor-widget-text-editor\" data-id=\"dfb4746\" data-element_type=\"widget\" data-widget_type=\"text-editor.default\">\n\t\t\t\t<div class=\"elementor-widget-container\">\n\t\t\t\t\t\t\t\t\t<ul><li style=\"font-weight: 400;\" aria-level=\"1\"><span style=\"font-weight: 400;\">&#8211; la mont\u00e9e en comp\u00e9tence des f\u00e9d\u00e9rations r\u00e9gionales ;<\/span><\/li><li style=\"font-weight: 400;\" aria-level=\"1\"><span style=\"font-weight: 400;\">&#8211; le r\u00f4le croissant des diasporas ;<\/span><\/li><li style=\"font-weight: 400;\" aria-level=\"1\"><span style=\"font-weight: 400;\">&#8211; la professionnalisation progressive des effectifs ;<\/span><\/li><li style=\"font-weight: 400;\" aria-level=\"1\"><span style=\"font-weight: 400;\">&#8211; un football carib\u00e9en qui gagne en reconnaissance et en l\u00e9gitimit\u00e9.<\/span><\/li><\/ul><p><span style=\"font-weight: 400;\">Ce trio montre que la r\u00e9gion ne se r\u00e9sume plus uniquement aux g\u00e9ants habituels du continent.<\/span><\/p>\t\t\t\t\t\t\t\t<\/div>\n\t\t\t\t<\/div>\n\t\t\t\t<section class=\"elementor-section elementor-inner-section elementor-element elementor-element-438a77b elementor-section-boxed elementor-section-height-default elementor-section-height-default\" data-id=\"438a77b\" data-element_type=\"section\">\n\t\t\t\t\t\t<div class=\"elementor-container elementor-column-gap-default\">\n\t\t\t\t\t<div class=\"elementor-column elementor-col-50 elementor-inner-column elementor-element elementor-element-fd907a4\" data-id=\"fd907a4\" data-element_type=\"column\">\n\t\t\t<div class=\"elementor-widget-wrap elementor-element-populated\">\n\t\t\t\t\t\t<div class=\"elementor-element elementor-element-120fc62 elementor-widget elementor-widget-image\" data-id=\"120fc62\" data-element_type=\"widget\" data-widget_type=\"image.default\">\n\t\t\t\t<div class=\"elementor-widget-container\">\n\t\t\t\t\t\t\t\t\t\t\t\t<figure class=\"wp-caption\">\n\t\t\t\t\t\t\t\t\t\t<img loading=\"lazy\" decoding=\"async\" width=\"800\" height=\"1000\" src=\"https:\/\/richeskarayib.com\/wp-content\/uploads\/2025\/11\/\u00a9Panama-Concacaf-819x1024.jpg\" class=\"attachment-large size-large wp-image-65067\" alt=\"Coupe du monde 2026\" srcset=\"https:\/\/richeskarayib.com\/wp-content\/uploads\/2025\/11\/\u00a9Panama-Concacaf-819x1024.jpg 819w, https:\/\/richeskarayib.com\/wp-content\/uploads\/2025\/11\/\u00a9Panama-Concacaf-240x300.jpg 240w, https:\/\/richeskarayib.com\/wp-content\/uploads\/2025\/11\/\u00a9Panama-Concacaf-768x960.jpg 768w, https:\/\/richeskarayib.com\/wp-content\/uploads\/2025\/11\/\u00a9Panama-Concacaf.jpg 1080w\" sizes=\"(max-width: 800px) 100vw, 800px\" \/>\t\t\t\t\t\t\t\t\t\t\t<figcaption class=\"widget-image-caption wp-caption-text\">\u00a9Concacaf<\/figcaption>\n\t\t\t\t\t\t\t\t\t\t<\/figure>\n\t\t\t\t\t\t\t\t\t<\/div>\n\t\t\t\t<\/div>\n\t\t\t\t\t<\/div>\n\t\t<\/div>\n\t\t\t\t<div class=\"elementor-column elementor-col-50 elementor-inner-column elementor-element elementor-element-45d0775\" data-id=\"45d0775\" data-element_type=\"column\">\n\t\t\t<div class=\"elementor-widget-wrap elementor-element-populated\">\n\t\t\t\t\t\t<div class=\"elementor-element elementor-element-476e7d9 elementor-widget elementor-widget-image\" data-id=\"476e7d9\" data-element_type=\"widget\" data-widget_type=\"image.default\">\n\t\t\t\t<div class=\"elementor-widget-container\">\n\t\t\t\t\t\t\t\t\t\t\t\t<figure class=\"wp-caption\">\n\t\t\t\t\t\t\t\t\t\t<img loading=\"lazy\" decoding=\"async\" width=\"800\" height=\"1000\" src=\"https:\/\/richeskarayib.com\/wp-content\/uploads\/2025\/11\/\u00a9Curacao-Concacaf-1-819x1024.jpg\" class=\"attachment-large size-large wp-image-65071\" alt=\"\" srcset=\"https:\/\/richeskarayib.com\/wp-content\/uploads\/2025\/11\/\u00a9Curacao-Concacaf-1-819x1024.jpg 819w, https:\/\/richeskarayib.com\/wp-content\/uploads\/2025\/11\/\u00a9Curacao-Concacaf-1-240x300.jpg 240w, https:\/\/richeskarayib.com\/wp-content\/uploads\/2025\/11\/\u00a9Curacao-Concacaf-1-768x960.jpg 768w, https:\/\/richeskarayib.com\/wp-content\/uploads\/2025\/11\/\u00a9Curacao-Concacaf-1.jpg 1080w\" sizes=\"(max-width: 800px) 100vw, 800px\" \/>\t\t\t\t\t\t\t\t\t\t\t<figcaption class=\"widget-image-caption wp-caption-text\">\u00a9Concacaf<\/figcaption>\n\t\t\t\t\t\t\t\t\t\t<\/figure>\n\t\t\t\t\t\t\t\t\t<\/div>\n\t\t\t\t<\/div>\n\t\t\t\t\t<\/div>\n\t\t<\/div>\n\t\t\t\t\t<\/div>\n\t\t<\/section>\n\t\t\t\t\t<\/div>\n\t\t<\/div>\n\t\t\t\t\t<\/div>\n\t\t<\/section>\n\t\t\t\t<section class=\"elementor-section elementor-top-section elementor-element elementor-element-8481b8c elementor-section-boxed elementor-section-height-default elementor-section-height-default\" data-id=\"8481b8c\" data-element_type=\"section\">\n\t\t\t\t\t\t<div class=\"elementor-container elementor-column-gap-default\">\n\t\t\t\t\t<div class=\"elementor-column elementor-col-100 elementor-top-column elementor-element elementor-element-9f4ca48\" data-id=\"9f4ca48\" data-element_type=\"column\">\n\t\t\t<div class=\"elementor-widget-wrap elementor-element-populated\">\n\t\t\t\t\t\t<div class=\"elementor-element elementor-element-19836c0 elementor-widget elementor-widget-heading\" data-id=\"19836c0\" data-element_type=\"widget\" data-widget_type=\"heading.default\">\n\t\t\t\t<div class=\"elementor-widget-container\">\n\t\t\t\t\t<h2 class=\"elementor-heading-title elementor-size-default\">Un impact direct sur les territoires<\/h2>\t\t\t\t<\/div>\n\t\t\t\t<\/div>\n\t\t\t\t<div class=\"elementor-element elementor-element-8757600 elementor-widget elementor-widget-text-editor\" data-id=\"8757600\" data-element_type=\"widget\" data-widget_type=\"text-editor.default\">\n\t\t\t\t<div class=\"elementor-widget-container\">\n\t\t\t\t\t\t\t\t\t<p><span style=\"font-weight: 400;\">Pour <a href=\"https:\/\/richeskarayib.com\/fr\/konpa-patrimoine-immateriel-unesco-haiti\/\" target=\"_blank\" rel=\"noopener\">Ha\u00efti<\/a>, cette qualification agit comme un point de ralliement. Elle stimule les \u00e9coles de football, r\u00e9unit les communaut\u00e9s et projette une image positive du pays \u00e0 l\u2019ext\u00e9rieur.<\/span><span style=\"font-weight: 400;\"><br \/><\/span><span style=\"font-weight: 400;\"> Pour <a href=\"https:\/\/richeskarayib.com\/fr\/willemstad-perle-coloree-des-caraibes-unesco\/\" target=\"_blank\" rel=\"noopener\">Cura\u00e7ao<\/a>, elle ouvre des perspectives touristiques, culturelles et sportives in\u00e9dites.<\/span><span style=\"font-weight: 400;\"><br \/><\/span><span style=\"font-weight: 400;\"> Pour le Panama, elle renforce une dynamique d\u00e9j\u00e0 engag\u00e9e autour de l\u2019investissement dans les infrastructures et les programmes de formation.<\/span><\/p><p><span style=\"font-weight: 400;\">Dans l\u2019ensemble de la Cara\u00efbe, la Coupe du monde 2026 devient une vitrine. Elle permet aux territoires de se montrer autrement : par le talent, la d\u00e9termination, la jeunesse et la capacit\u00e9 \u00e0 produire des \u00e9quipes qui comptent.<\/span><\/p>\t\t\t\t\t\t\t\t<\/div>\n\t\t\t\t<\/div>\n\t\t\t\t\t<\/div>\n\t\t<\/div>\n\t\t\t\t\t<\/div>\n\t\t<\/section>\n\t\t\t\t<section class=\"elementor-section elementor-top-section elementor-element elementor-element-6a9f5ef elementor-section-boxed elementor-section-height-default elementor-section-height-default\" data-id=\"6a9f5ef\" data-element_type=\"section\">\n\t\t\t\t\t\t<div class=\"elementor-container elementor-column-gap-default\">\n\t\t\t\t\t<div class=\"elementor-column elementor-col-100 elementor-top-column elementor-element elementor-element-9efa2e7\" data-id=\"9efa2e7\" data-element_type=\"column\">\n\t\t\t<div class=\"elementor-widget-wrap elementor-element-populated\">\n\t\t\t\t\t\t<div class=\"elementor-element elementor-element-e97b851 elementor-widget elementor-widget-text-editor\" data-id=\"e97b851\" data-element_type=\"widget\" data-widget_type=\"text-editor.default\">\n\t\t\t\t<div class=\"elementor-widget-container\">\n\t\t\t\t\t\t\t\t\t<p><span style=\"font-weight: 400;\">La Coupe du monde 2026 sera un tournant pour la r\u00e9gion carib\u00e9enne et centram\u00e9ricaine. Avec Ha\u00efti, Cura\u00e7ao et le Panama qualifi\u00e9s, cette \u00e9dition offre une visibilit\u00e9 rare \u00e0 des territoires souvent sous-repr\u00e9sent\u00e9s dans le football mondial. Ha\u00efti vit un retour historique, Cura\u00e7ao r\u00e9alise un exploit remarquable et le Panama confirme sa progression. Ensemble, ils portent la Cara\u00efbe sur la carte du football international, rappelant que le talent r\u00e9gional ne demande qu\u2019un espace pour s\u2019exprimer.<\/span><\/p>\t\t\t\t\t\t\t\t<\/div>\n\t\t\t\t<\/div>\n\t\t\t\t<section class=\"elementor-section elementor-inner-section elementor-element elementor-element-05fca56 elementor-section-boxed elementor-section-height-default elementor-section-height-default\" data-id=\"05fca56\" data-element_type=\"section\">\n\t\t\t\t\t\t<div class=\"elementor-container elementor-column-gap-default\">\n\t\t\t\t\t<div class=\"elementor-column elementor-col-50 elementor-inner-column elementor-element elementor-element-32fe3d4\" data-id=\"32fe3d4\" data-element_type=\"column\">\n\t\t\t<div class=\"elementor-widget-wrap elementor-element-populated\">\n\t\t\t\t\t\t<div class=\"elementor-element elementor-element-21184aa elementor-widget elementor-widget-image\" data-id=\"21184aa\" data-element_type=\"widget\" data-widget_type=\"image.default\">\n\t\t\t\t<div class=\"elementor-widget-container\">\n\t\t\t\t\t\t\t\t\t\t\t\t<figure class=\"wp-caption\">\n\t\t\t\t\t\t\t\t\t\t<img loading=\"lazy\" decoding=\"async\" width=\"800\" height=\"1000\" src=\"https:\/\/richeskarayib.com\/wp-content\/uploads\/2025\/11\/\u00a9Haiti-Concacaf-2-819x1024.jpg\" class=\"attachment-large size-large wp-image-65075\" alt=\"\" srcset=\"https:\/\/richeskarayib.com\/wp-content\/uploads\/2025\/11\/\u00a9Haiti-Concacaf-2-819x1024.jpg 819w, https:\/\/richeskarayib.com\/wp-content\/uploads\/2025\/11\/\u00a9Haiti-Concacaf-2-240x300.jpg 240w, https:\/\/richeskarayib.com\/wp-content\/uploads\/2025\/11\/\u00a9Haiti-Concacaf-2-768x960.jpg 768w, https:\/\/richeskarayib.com\/wp-content\/uploads\/2025\/11\/\u00a9Haiti-Concacaf-2.jpg 1080w\" sizes=\"(max-width: 800px) 100vw, 800px\" \/>\t\t\t\t\t\t\t\t\t\t\t<figcaption class=\"widget-image-caption wp-caption-text\">\u00a9Concacaf<\/figcaption>\n\t\t\t\t\t\t\t\t\t\t<\/figure>\n\t\t\t\t\t\t\t\t\t<\/div>\n\t\t\t\t<\/div>\n\t\t\t\t\t<\/div>\n\t\t<\/div>\n\t\t\t\t<div class=\"elementor-column elementor-col-50 elementor-inner-column elementor-element elementor-element-957af74\" data-id=\"957af74\" data-element_type=\"column\">\n\t\t\t<div class=\"elementor-widget-wrap elementor-element-populated\">\n\t\t\t\t\t\t<div class=\"elementor-element elementor-element-84ef350 elementor-widget elementor-widget-image\" data-id=\"84ef350\" data-element_type=\"widget\" data-widget_type=\"image.default\">\n\t\t\t\t<div class=\"elementor-widget-container\">\n\t\t\t\t\t\t\t\t\t\t\t\t<figure class=\"wp-caption\">\n\t\t\t\t\t\t\t\t\t\t<img loading=\"lazy\" decoding=\"async\" width=\"800\" height=\"1000\" src=\"https:\/\/richeskarayib.com\/wp-content\/uploads\/2025\/11\/\u00a9Haiti-Concacaf-819x1024.jpg\" class=\"attachment-large size-large wp-image-65079\" alt=\"Coupe du monde 2026\" srcset=\"https:\/\/richeskarayib.com\/wp-content\/uploads\/2025\/11\/\u00a9Haiti-Concacaf-819x1024.jpg 819w, https:\/\/richeskarayib.com\/wp-content\/uploads\/2025\/11\/\u00a9Haiti-Concacaf-240x300.jpg 240w, https:\/\/richeskarayib.com\/wp-content\/uploads\/2025\/11\/\u00a9Haiti-Concacaf-768x960.jpg 768w, https:\/\/richeskarayib.com\/wp-content\/uploads\/2025\/11\/\u00a9Haiti-Concacaf.jpg 1080w\" sizes=\"(max-width: 800px) 100vw, 800px\" \/>\t\t\t\t\t\t\t\t\t\t\t<figcaption class=\"widget-image-caption wp-caption-text\">\u00a9Concacaf<\/figcaption>\n\t\t\t\t\t\t\t\t\t\t<\/figure>\n\t\t\t\t\t\t\t\t\t<\/div>\n\t\t\t\t<\/div>\n\t\t\t\t\t<\/div>\n\t\t<\/div>\n\t\t\t\t\t<\/div>\n\t\t<\/section>\n\t\t\t\t\t<\/div>\n\t\t<\/div>\n\t\t\t\t\t<\/div>\n\t\t<\/section>\n\t\t\t\t<\/div>\n\t\t","protected":false},"excerpt":{"rendered":"<p>La Coupe du monde 2026 comptera trois repr\u00e9sentants venus de la Cara\u00efbe et de l\u2019Am\u00e9rique centrale : Ha\u00efti, Cura\u00e7ao et le Panama. Trois trajectoires diff\u00e9rentes, trois histoires fortes, mais un m\u00eame message : la r\u00e9gion avance, s\u2019organise et affirme de plus en plus sa place dans le football international. Pour Ha\u00efti, l\u2019\u00e9v\u00e9nement rev\u00eat une dimension [&hellip;]<\/p>\n","protected":false},"author":662,"featured_media":65039,"comment_status":"open","ping_status":"open","sticky":false,"template":"","format":"standard","meta":{"_acf_changed":false,"footnotes":""},"categories":[840],"tags":[1650,814,1571],"class_list":["post-65038","post","type-post","status-publish","format-standard","has-post-thumbnail","hentry","category-actus","tag-curacao","tag-haiti-fr","tag-panama-fr"],"acf":[],"_links":{"self":[{"href":"https:\/\/richeskarayib.com\/fr\/wp-json\/wp\/v2\/posts\/65038","targetHints":{"allow":["GET"]}}],"collection":[{"href":"https:\/\/richeskarayib.com\/fr\/wp-json\/wp\/v2\/posts"}],"about":[{"href":"https:\/\/richeskarayib.com\/fr\/wp-json\/wp\/v2\/types\/post"}],"author":[{"embeddable":true,"href":"https:\/\/richeskarayib.com\/fr\/wp-json\/wp\/v2\/users\/662"}],"replies":[{"embeddable":true,"href":"https:\/\/richeskarayib.com\/fr\/wp-json\/wp\/v2\/comments?post=65038"}],"version-history":[{"count":0,"href":"https:\/\/richeskarayib.com\/fr\/wp-json\/wp\/v2\/posts\/65038\/revisions"}],"wp:featuredmedia":[{"embeddable":true,"href":"https:\/\/richeskarayib.com\/fr\/wp-json\/wp\/v2\/media\/65039"}],"wp:attachment":[{"href":"https:\/\/richeskarayib.com\/fr\/wp-json\/wp\/v2\/media?parent=65038"}],"wp:term":[{"taxonomy":"category","embeddable":true,"href":"https:\/\/richeskarayib.com\/fr\/wp-json\/wp\/v2\/categories?post=65038"},{"taxonomy":"post_tag","embeddable":true,"href":"https:\/\/richeskarayib.com\/fr\/wp-json\/wp\/v2\/tags?post=65038"}],"curies":[{"name":"wp","href":"https:\/\/api.w.org\/{rel}","templated":true}]}}