{"id":65127,"date":"2025-11-21T06:34:33","date_gmt":"2025-11-21T10:34:33","guid":{"rendered":"https:\/\/richeskarayib.com\/?p=65127"},"modified":"2025-11-21T07:52:01","modified_gmt":"2025-11-21T11:52:01","slug":"rup-et-ptom-martinique-curacao-cooperation","status":"publish","type":"post","link":"https:\/\/richeskarayib.com\/fr\/rup-et-ptom-martinique-curacao-cooperation\/","title":{"rendered":"La place des RUP et PTOM dans l\u2019espace carib\u00e9en et europ\u00e9en : une rencontre qui rapproche la Martinique et Cura\u00e7ao"},"content":{"rendered":"\t\t<div data-elementor-type=\"wp-post\" data-elementor-id=\"65127\" class=\"elementor elementor-65127\" data-elementor-post-type=\"post\">\n\t\t\t\t\t\t<section class=\"elementor-section elementor-top-section elementor-element elementor-element-7ca7ca1 elementor-section-boxed elementor-section-height-default elementor-section-height-default\" data-id=\"7ca7ca1\" data-element_type=\"section\">\n\t\t\t\t\t\t<div class=\"elementor-container elementor-column-gap-default\">\n\t\t\t\t\t<div class=\"elementor-column elementor-col-100 elementor-top-column elementor-element elementor-element-cbdd002\" data-id=\"cbdd002\" data-element_type=\"column\">\n\t\t\t<div class=\"elementor-widget-wrap elementor-element-populated\">\n\t\t\t\t\t\t<section class=\"elementor-section elementor-inner-section elementor-element elementor-element-bc94849 elementor-section-boxed elementor-section-height-default elementor-section-height-default\" data-id=\"bc94849\" data-element_type=\"section\">\n\t\t\t\t\t\t<div class=\"elementor-container elementor-column-gap-default\">\n\t\t\t\t\t\t<\/div>\n\t\t<\/section>\n\t\t\t\t<section class=\"elementor-section elementor-inner-section elementor-element elementor-element-61571e6 elementor-section-boxed elementor-section-height-default elementor-section-height-default\" data-id=\"61571e6\" data-element_type=\"section\">\n\t\t\t\t\t\t<div class=\"elementor-container elementor-column-gap-default\">\n\t\t\t\t\t\t<\/div>\n\t\t<\/section>\n\t\t\t\t<section class=\"elementor-section elementor-inner-section elementor-element elementor-element-b6262e0 elementor-section-boxed elementor-section-height-default elementor-section-height-default\" data-id=\"b6262e0\" data-element_type=\"section\">\n\t\t\t\t\t\t<div class=\"elementor-container elementor-column-gap-default\">\n\t\t\t\t\t\t<\/div>\n\t\t<\/section>\n\t\t\t\t<section class=\"elementor-section elementor-inner-section elementor-element elementor-element-cca29fd elementor-section-boxed elementor-section-height-default elementor-section-height-default\" data-id=\"cca29fd\" data-element_type=\"section\">\n\t\t\t\t\t\t<div class=\"elementor-container elementor-column-gap-default\">\n\t\t\t\t\t\t<\/div>\n\t\t<\/section>\n\t\t\t\t\t<\/div>\n\t\t<\/div>\n\t\t\t\t\t<\/div>\n\t\t<\/section>\n\t\t\t\t<section class=\"elementor-section elementor-top-section elementor-element elementor-element-5a7397d elementor-section-boxed elementor-section-height-default elementor-section-height-default\" data-id=\"5a7397d\" data-element_type=\"section\">\n\t\t\t\t\t\t<div class=\"elementor-container elementor-column-gap-default\">\n\t\t\t\t\t<div class=\"elementor-column elementor-col-100 elementor-top-column elementor-element elementor-element-e0e155e\" data-id=\"e0e155e\" data-element_type=\"column\">\n\t\t\t<div class=\"elementor-widget-wrap elementor-element-populated\">\n\t\t\t\t\t\t<div class=\"elementor-element elementor-element-43a45ac elementor-widget elementor-widget-text-editor\" data-id=\"43a45ac\" data-element_type=\"widget\" data-widget_type=\"text-editor.default\">\n\t\t\t\t<div class=\"elementor-widget-container\">\n\t\t\t\t\t\t\t\t\t<p><span style=\"font-weight: 400;\">Le 19 novembre, le Centre Europe Direct Antilles-Guyane (CEDAG), en partenariat avec le COMOB de la Martinique et la DRAJES Martinique, organisait deux temps d\u2019\u00e9changes \u00e0 l\u2019occasion de la venue de Madame Flora Goudappel, sp\u00e9cialiste en droit constitutionnel europ\u00e9en et repr\u00e9sentante Europe Direct Cura\u00e7ao. La rencontre avait pour objectif de mieux comprendre les liens entre les <a href=\"https:\/\/www.touteleurope.eu\/l-europe-en-region\/les-regions-ultraperipheriques-territoires-europeens-au-coeur-des-oceans\/\" target=\"_blank\" rel=\"noopener nofollow\">R\u00e9gions ultrap\u00e9riph\u00e9riques<\/a> (RUP) et <a href=\"https:\/\/trade.ec.europa.eu\/access-to-markets\/fr\/content\/pays-et-territoires-doutre-mer-ptom\" target=\"_blank\" rel=\"noopener nofollow\">Pays et Territoires d\u2019Outre-Mer<\/a> (PTOM) et l\u2019Union europ\u00e9enne. Elle s\u2019inscrivait dans une volont\u00e9 partag\u00e9e d\u2019explorer ce que signifient concr\u00e8tement les dynamiques RUP et PTOM pour les territoires carib\u00e9ens.<\/span><\/p>\t\t\t\t\t\t\t\t<\/div>\n\t\t\t\t<\/div>\n\t\t\t\t<div class=\"elementor-element elementor-element-aca446d elementor-widget elementor-widget-text-editor\" data-id=\"aca446d\" data-element_type=\"widget\" data-widget_type=\"text-editor.default\">\n\t\t\t\t<div class=\"elementor-widget-container\">\n\t\t\t\t\t\t\t\t\t<p><span style=\"font-weight: 400;\">Ce d\u00e9placement s\u2019inscrivait dans une dynamique initi\u00e9e depuis un an : Cura\u00e7ao souhaite mieux comprendre la Martinique, son statut europ\u00e9en et les marges de coop\u00e9ration possibles dans la Cara\u00efbe. Un territoire de 160 000 habitants, qui vient de c\u00e9l\u00e9brer avec fiert\u00e9 sa premi\u00e8re qualification historique \u00e0 la Coupe du monde, manifestait sa volont\u00e9 de tisser des relations concr\u00e8tes avec un autre territoire insulaire voisin\u2026 et europ\u00e9en. Une mani\u00e8re de montrer qu\u2019au-del\u00e0 des dispositifs institutionnels, la coop\u00e9ration prend d\u2019abord racine dans les initiatives humaines.<\/span><\/p>\t\t\t\t\t\t\t\t<\/div>\n\t\t\t\t<\/div>\n\t\t\t\t\t<\/div>\n\t\t<\/div>\n\t\t\t\t\t<\/div>\n\t\t<\/section>\n\t\t\t\t<section class=\"elementor-section elementor-top-section elementor-element elementor-element-ceca32c elementor-section-boxed elementor-section-height-default elementor-section-height-default\" data-id=\"ceca32c\" data-element_type=\"section\">\n\t\t\t\t\t\t<div class=\"elementor-container elementor-column-gap-default\">\n\t\t\t\t\t<div class=\"elementor-column elementor-col-100 elementor-top-column elementor-element elementor-element-5a2e383\" data-id=\"5a2e383\" data-element_type=\"column\">\n\t\t\t<div class=\"elementor-widget-wrap elementor-element-populated\">\n\t\t\t\t\t\t<div class=\"elementor-element elementor-element-6cedf5f elementor-widget elementor-widget-heading\" data-id=\"6cedf5f\" data-element_type=\"widget\" data-widget_type=\"heading.default\">\n\t\t\t\t<div class=\"elementor-widget-container\">\n\t\t\t\t\t<h2 class=\"elementor-heading-title elementor-size-default\">Des statuts europ\u00e9ens qui structurent les relations carib\u00e9ennes\n<\/h2>\t\t\t\t<\/div>\n\t\t\t\t<\/div>\n\t\t\t\t<div class=\"elementor-element elementor-element-e93d1fb elementor-widget elementor-widget-text-editor\" data-id=\"e93d1fb\" data-element_type=\"widget\" data-widget_type=\"text-editor.default\">\n\t\t\t\t<div class=\"elementor-widget-container\">\n\t\t\t\t\t\t\t\t\t<p><span style=\"font-weight: 400;\">Au fil des \u00e9changes, Madame Flora Goudappel a \u00e9clair\u00e9 les nuances entre les statuts RUP et PTOM.<\/span><span style=\"font-weight: 400;\">\u00a0<\/span><\/p><p><span style=\"font-weight: 400;\">Les <strong>RUP<\/strong> comme la Martinique, la Guyane ou les Canaries \u2013 appartiennent pleinement au territoire de l\u2019Union europ\u00e9enne et b\u00e9n\u00e9ficient de d\u00e9rogations adapt\u00e9es \u00e0 leurs r\u00e9alit\u00e9s insulaires et \u00e9conomiques.<\/span><span style=\"font-weight: 400;\"><br \/><\/span><\/p><p><span style=\"font-weight: 400;\">Les <strong>PTOM<\/strong> dont Cura\u00e7ao, ne font pas partie du territoire de l\u2019Union, mais disposent d\u2019une position pr\u00e9f\u00e9rentielle leur permettant notamment d\u2019acc\u00e9der au march\u00e9 europ\u00e9en et de d\u00e9velopper des partenariats. Ces diff\u00e9rences structurent profond\u00e9ment les relations dans la r\u00e9gion.<\/span><\/p>\t\t\t\t\t\t\t\t<\/div>\n\t\t\t\t<\/div>\n\t\t\t\t<div class=\"elementor-element elementor-element-8b1d1c3 elementor-widget elementor-widget-text-editor\" data-id=\"8b1d1c3\" data-element_type=\"widget\" data-widget_type=\"text-editor.default\">\n\t\t\t\t<div class=\"elementor-widget-container\">\n\t\t\t\t\t\t\t\t\t<p><span style=\"font-weight: 400;\">Pour illustrer ces distinctions, Madame Flora Goudappel s\u2019est appuy\u00e9e sur des situations concr\u00e8tes : pressions migratoires aux Canaries, choix nationaux concernant le visa Schengen, ou encore d\u00e9bats aux Pays-Bas autour des \u00e9volutions statutaires envisag\u00e9es \u00e0 Bonaire et Saint-Eustache. Ces r\u00e9alit\u00e9s montrent combi<\/span>en <span style=\"font-weight: 400;\">les cadres RUP et PTOM fa\u00e7onnent les trajectoires de chaque territoire.<\/span><\/p>\t\t\t\t\t\t\t\t<\/div>\n\t\t\t\t<\/div>\n\t\t\t\t<section class=\"elementor-section elementor-inner-section elementor-element elementor-element-d86ec16 elementor-section-boxed elementor-section-height-default elementor-section-height-default\" data-id=\"d86ec16\" data-element_type=\"section\">\n\t\t\t\t\t\t<div class=\"elementor-container elementor-column-gap-default\">\n\t\t\t\t\t<div class=\"elementor-column elementor-col-100 elementor-inner-column elementor-element elementor-element-cc29e5e\" data-id=\"cc29e5e\" data-element_type=\"column\">\n\t\t\t<div class=\"elementor-widget-wrap elementor-element-populated\">\n\t\t\t\t\t\t<div class=\"elementor-element elementor-element-c98cd4d elementor-widget elementor-widget-image\" data-id=\"c98cd4d\" data-element_type=\"widget\" data-widget_type=\"image.default\">\n\t\t\t\t<div class=\"elementor-widget-container\">\n\t\t\t\t\t\t\t\t\t\t\t\t\t\t\t<img fetchpriority=\"high\" decoding=\"async\" width=\"800\" height=\"1000\" src=\"https:\/\/richeskarayib.com\/wp-content\/uploads\/2025\/11\/V2-Flyer-invitation-rencontres-Curacao_19-novembre-819x1024.png\" class=\"attachment-large size-large wp-image-65132\" alt=\"RUP et PTOM\" srcset=\"https:\/\/richeskarayib.com\/wp-content\/uploads\/2025\/11\/V2-Flyer-invitation-rencontres-Curacao_19-novembre-819x1024.png 819w, https:\/\/richeskarayib.com\/wp-content\/uploads\/2025\/11\/V2-Flyer-invitation-rencontres-Curacao_19-novembre-240x300.png 240w, https:\/\/richeskarayib.com\/wp-content\/uploads\/2025\/11\/V2-Flyer-invitation-rencontres-Curacao_19-novembre-768x960.png 768w, https:\/\/richeskarayib.com\/wp-content\/uploads\/2025\/11\/V2-Flyer-invitation-rencontres-Curacao_19-novembre.png 1080w\" sizes=\"(max-width: 800px) 100vw, 800px\" \/>\t\t\t\t\t\t\t\t\t\t\t\t\t\t\t<\/div>\n\t\t\t\t<\/div>\n\t\t\t\t\t<\/div>\n\t\t<\/div>\n\t\t\t\t\t<\/div>\n\t\t<\/section>\n\t\t\t\t\t<\/div>\n\t\t<\/div>\n\t\t\t\t\t<\/div>\n\t\t<\/section>\n\t\t\t\t<section class=\"elementor-section elementor-top-section elementor-element elementor-element-9c88a89 elementor-section-boxed elementor-section-height-default elementor-section-height-default\" data-id=\"9c88a89\" data-element_type=\"section\">\n\t\t\t\t\t\t<div class=\"elementor-container elementor-column-gap-default\">\n\t\t\t\t\t<div class=\"elementor-column elementor-col-100 elementor-top-column elementor-element elementor-element-78cf5d1\" data-id=\"78cf5d1\" data-element_type=\"column\">\n\t\t\t<div class=\"elementor-widget-wrap elementor-element-populated\">\n\t\t\t\t\t\t<div class=\"elementor-element elementor-element-ea2a5c1 elementor-widget elementor-widget-heading\" data-id=\"ea2a5c1\" data-element_type=\"widget\" data-widget_type=\"heading.default\">\n\t\t\t\t<div class=\"elementor-widget-container\">\n\t\t\t\t\t<h2 class=\"elementor-heading-title elementor-size-default\">Construire la coop\u00e9ration europ\u00e9enne : une m\u00e9canique \u00e0 faire fonctionner ensemble<\/h2>\t\t\t\t<\/div>\n\t\t\t\t<\/div>\n\t\t\t\t<section class=\"elementor-section elementor-inner-section elementor-element elementor-element-2666eee elementor-section-boxed elementor-section-height-default elementor-section-height-default\" data-id=\"2666eee\" data-element_type=\"section\">\n\t\t\t\t\t\t<div class=\"elementor-container elementor-column-gap-default\">\n\t\t\t\t\t<div class=\"elementor-column elementor-col-100 elementor-inner-column elementor-element elementor-element-96e0fa0\" data-id=\"96e0fa0\" data-element_type=\"column\">\n\t\t\t<div class=\"elementor-widget-wrap elementor-element-populated\">\n\t\t\t\t\t\t<div class=\"elementor-element elementor-element-e305eee elementor-widget elementor-widget-text-editor\" data-id=\"e305eee\" data-element_type=\"widget\" data-widget_type=\"text-editor.default\">\n\t\t\t\t<div class=\"elementor-widget-container\">\n\t\t\t\t\t\t\t\t\t<p><span style=\"font-weight: 400;\">Une id\u00e9e forte est revenue \u00e0 plusieurs reprises : pour utiliser les fonds europ\u00e9ens, il faut ma\u00eetriser les comp\u00e9tences n\u00e9cessaires.<\/span><span style=\"font-weight: 400;\"><br \/><\/span><span style=\"font-weight: 400;\"> Les travaux r\u00e9alis\u00e9s avec l\u2019Organisation de Coop\u00e9ration et de D\u00e9veloppement \u00c9conomiques (OCDE) durant dix-huit mois ont mis en lumi\u00e8re un enjeu r\u00e9el : la coordination entre Union europ\u00e9enne, \u00c9tat, R\u00e9gion et acteurs op\u00e9rationnels doit \u00eatre renforc\u00e9e pour permettre un acc\u00e8s plus fluide aux fonds. Lorsque l\u2019un de ces maillons se fragilise, tout le processus se complique, en particulier pour les territoires RUP et PTOM.<\/span><\/p>\t\t\t\t\t\t\t\t<\/div>\n\t\t\t\t<\/div>\n\t\t\t\t<div class=\"elementor-element elementor-element-c45c391 elementor-widget elementor-widget-text-editor\" data-id=\"c45c391\" data-element_type=\"widget\" data-widget_type=\"text-editor.default\">\n\t\t\t\t<div class=\"elementor-widget-container\">\n\t\t\t\t\t\t\t\t\t<p><span style=\"font-weight: 400;\">La bo\u00eete \u00e0 outils OCDE \u2013 d\u00e9sormais accessible via le Centre Europe Direct Antilles-Guyane (CEDAG) \u2013 a \u00e9t\u00e9 con\u00e7ue pour accompagner les \u00e9quipes locales, faciliter leurs d\u00e9marches et rendre les dispositifs europ\u00e9ens plus accessibles.<\/span><span style=\"font-weight: 400;\"><br \/><\/span><span style=\"font-weight: 400;\">L\u2019association Bwa Lansan a \u00e9galement partag\u00e9 un retour d\u2019exp\u00e9rience, illustrant comment la ma\u00eetrise progressive des programmes peut transformer la port\u00e9e d\u2019un projet et am\u00e9liorer les coop\u00e9rations RUP et PTOM.<\/span><\/p>\t\t\t\t\t\t\t\t<\/div>\n\t\t\t\t<\/div>\n\t\t\t\t\t<\/div>\n\t\t<\/div>\n\t\t\t\t\t<\/div>\n\t\t<\/section>\n\t\t\t\t\t<\/div>\n\t\t<\/div>\n\t\t\t\t\t<\/div>\n\t\t<\/section>\n\t\t\t\t<section class=\"elementor-section elementor-top-section elementor-element elementor-element-103aced elementor-section-boxed elementor-section-height-default elementor-section-height-default\" data-id=\"103aced\" data-element_type=\"section\">\n\t\t\t\t\t\t<div class=\"elementor-container elementor-column-gap-default\">\n\t\t\t\t\t<div class=\"elementor-column elementor-col-100 elementor-top-column elementor-element elementor-element-e34f9f4\" data-id=\"e34f9f4\" data-element_type=\"column\">\n\t\t\t<div class=\"elementor-widget-wrap elementor-element-populated\">\n\t\t\t\t\t\t<div class=\"elementor-element elementor-element-c643e86 elementor-widget elementor-widget-heading\" data-id=\"c643e86\" data-element_type=\"widget\" data-widget_type=\"heading.default\">\n\t\t\t\t<div class=\"elementor-widget-container\">\n\t\t\t\t\t<h2 class=\"elementor-heading-title elementor-size-default\">Les dynamiques carib\u00e9ennes : o\u00f9 se rencontrent Martinique et Cura\u00e7ao<\/h2>\t\t\t\t<\/div>\n\t\t\t\t<\/div>\n\t\t\t\t<div class=\"elementor-element elementor-element-f783f1a elementor-widget elementor-widget-text-editor\" data-id=\"f783f1a\" data-element_type=\"widget\" data-widget_type=\"text-editor.default\">\n\t\t\t\t<div class=\"elementor-widget-container\">\n\t\t\t\t\t\t\t\t\t<p><span style=\"font-weight: 400;\">Les discussions ont ensuite abord\u00e9 la place de la Martinique et de Cura\u00e7ao dans les espaces r\u00e9gionaux comme le Caribbean Forum of the African, Caribbean and Pacific Group of States (CARIFORUM) et la Caribbean Community (<a href=\"https:\/\/richeskarayib.com\/fr\/sommet-caricom-afrique-2025-reparatrice\/\" target=\"_blank\" rel=\"noopener\">CARICOM<\/a>).<\/span><span style=\"font-weight: 400;\"><br \/><\/span><span style=\"font-weight: 400;\"> L\u2019accord de partenariat \u00e9conomique entre l\u2019Union europ\u00e9enne et CARIFORUM ouvre des perspectives vari\u00e9es : mobilit\u00e9 des jeunes, programmes \u00e9ducatifs, projets \u00e9conomiques ou environnementaux, autant de domaines o\u00f9 les territoires RUP et PTOM peuvent trouver un terrain commun.<\/span><\/p>\t\t\t\t\t\t\t\t<\/div>\n\t\t\t\t<\/div>\n\t\t\t\t<div class=\"elementor-element elementor-element-e9be53c elementor-widget elementor-widget-text-editor\" data-id=\"e9be53c\" data-element_type=\"widget\" data-widget_type=\"text-editor.default\">\n\t\t\t\t<div class=\"elementor-widget-container\">\n\t\t\t\t\t\t\t\t\t<p><span style=\"font-weight: 400;\">Concernant le <a href=\"https:\/\/richeskarayib.com\/fr\/cooperation-entre-etats-membres-de-la-caricom\/\" target=\"_blank\" rel=\"noopener\">CARICOM<\/a>, la Martinique et Cura\u00e7ao y sont observatrices. Elles peuvent assister aux r\u00e9unions et participer aux discussions, mais sans b\u00e9n\u00e9ficier de toutes les pr\u00e9rogatives. Pour la Martinique, cette position reste en attente d\u2019une ratification par la France, condition n\u00e9cessaire pour rendre ce statut pleinement op\u00e9rationnel. Les \u00e9changes ont montr\u00e9 l\u2019importance de mieux comprendre ces m\u00e9canismes pour que les collectivit\u00e9s martiniquaises puissent \u00e9valuer ce que ces espaces r\u00e9gionaux peuvent r\u00e9ellement leur apporter.<\/span><\/p>\t\t\t\t\t\t\t\t<\/div>\n\t\t\t\t<\/div>\n\t\t\t\t<section class=\"elementor-section elementor-inner-section elementor-element elementor-element-b2f427b elementor-section-boxed elementor-section-height-default elementor-section-height-default\" data-id=\"b2f427b\" data-element_type=\"section\">\n\t\t\t\t\t\t<div class=\"elementor-container elementor-column-gap-default\">\n\t\t\t\t\t<div class=\"elementor-column elementor-col-100 elementor-inner-column elementor-element elementor-element-20cc62a\" data-id=\"20cc62a\" data-element_type=\"column\">\n\t\t\t<div class=\"elementor-widget-wrap elementor-element-populated\">\n\t\t\t\t\t\t<div class=\"elementor-element elementor-element-a642b84 elementor-widget elementor-widget-image\" data-id=\"a642b84\" data-element_type=\"widget\" data-widget_type=\"image.default\">\n\t\t\t\t<div class=\"elementor-widget-container\">\n\t\t\t\t\t\t\t\t\t\t\t\t<figure class=\"wp-caption\">\n\t\t\t\t\t\t\t\t\t\t<img decoding=\"async\" width=\"800\" height=\"600\" src=\"https:\/\/richeskarayib.com\/wp-content\/uploads\/2025\/11\/\u00a9Europe-Direct-Antilles-Guyane-2-1024x768.jpg\" class=\"attachment-large size-large wp-image-65136\" alt=\"RUP et PTOM\" srcset=\"https:\/\/richeskarayib.com\/wp-content\/uploads\/2025\/11\/\u00a9Europe-Direct-Antilles-Guyane-2-1024x768.jpg 1024w, https:\/\/richeskarayib.com\/wp-content\/uploads\/2025\/11\/\u00a9Europe-Direct-Antilles-Guyane-2-300x225.jpg 300w, https:\/\/richeskarayib.com\/wp-content\/uploads\/2025\/11\/\u00a9Europe-Direct-Antilles-Guyane-2-768x576.jpg 768w, https:\/\/richeskarayib.com\/wp-content\/uploads\/2025\/11\/\u00a9Europe-Direct-Antilles-Guyane-2-1536x1152.jpg 1536w, https:\/\/richeskarayib.com\/wp-content\/uploads\/2025\/11\/\u00a9Europe-Direct-Antilles-Guyane-2-1320x990.jpg 1320w, https:\/\/richeskarayib.com\/wp-content\/uploads\/2025\/11\/\u00a9Europe-Direct-Antilles-Guyane-2.jpg 1600w\" sizes=\"(max-width: 800px) 100vw, 800px\" \/>\t\t\t\t\t\t\t\t\t\t\t<figcaption class=\"widget-image-caption wp-caption-text\">\u00a9Europe Direct Antilles-Guyane<\/figcaption>\n\t\t\t\t\t\t\t\t\t\t<\/figure>\n\t\t\t\t\t\t\t\t\t<\/div>\n\t\t\t\t<\/div>\n\t\t\t\t\t<\/div>\n\t\t<\/div>\n\t\t\t\t\t<\/div>\n\t\t<\/section>\n\t\t\t\t\t<\/div>\n\t\t<\/div>\n\t\t\t\t\t<\/div>\n\t\t<\/section>\n\t\t\t\t<section class=\"elementor-section elementor-top-section elementor-element elementor-element-bd9a629 elementor-section-boxed elementor-section-height-default elementor-section-height-default\" data-id=\"bd9a629\" data-element_type=\"section\">\n\t\t\t\t\t\t<div class=\"elementor-container elementor-column-gap-default\">\n\t\t\t\t\t<div class=\"elementor-column elementor-col-100 elementor-top-column elementor-element elementor-element-a702f0c\" data-id=\"a702f0c\" data-element_type=\"column\">\n\t\t\t<div class=\"elementor-widget-wrap elementor-element-populated\">\n\t\t\t\t\t\t<div class=\"elementor-element elementor-element-ff1079c elementor-widget elementor-widget-heading\" data-id=\"ff1079c\" data-element_type=\"widget\" data-widget_type=\"heading.default\">\n\t\t\t\t<div class=\"elementor-widget-container\">\n\t\t\t\t\t<h2 class=\"elementor-heading-title elementor-size-default\">Une journ\u00e9e d\u2019\u00e9changes sinc\u00e8res et d\u2019interrogations partag\u00e9es\n<\/h2>\t\t\t\t<\/div>\n\t\t\t\t<\/div>\n\t\t\t\t<div class=\"elementor-element elementor-element-21de74f elementor-widget elementor-widget-text-editor\" data-id=\"21de74f\" data-element_type=\"widget\" data-widget_type=\"text-editor.default\">\n\t\t\t\t<div class=\"elementor-widget-container\">\n\t\t\t\t\t\t\t\t\t<p><span style=\"font-weight: 400;\">Lorsque les participants ont pris la parole, les pr\u00e9sentations ont dessin\u00e9 une mosa\u00efque de parcours : agents de collectivit\u00e9s, acteurs du tourisme, responsables associatifs, professionnels de la mobilit\u00e9 internationale. Tous partageaient le m\u00eame d\u00e9sir : faire \u00e9merger des liens plus solides entre les territoires carib\u00e9ens, malgr\u00e9 les fronti\u00e8res administratives, les langues diff\u00e9rentes et les statuts divergents.<\/span><\/p>\t\t\t\t\t\t\t\t<\/div>\n\t\t\t\t<\/div>\n\t\t\t\t<div class=\"elementor-element elementor-element-dfb40e0 elementor-widget elementor-widget-text-editor\" data-id=\"dfb40e0\" data-element_type=\"widget\" data-widget_type=\"text-editor.default\">\n\t\t\t\t<div class=\"elementor-widget-container\">\n\t\t\t\t\t\t\t\t\t<p><span style=\"font-weight: 400;\">Plusieurs participants ont formul\u00e9 des interrogations pr\u00e9cises, d\u2019autres ont partag\u00e9 des exp\u00e9riences v\u00e9cues. Les \u00e9changes se sont distingu\u00e9s par leur franchise, leur lucidit\u00e9 et une volont\u00e9 commune de comprendre comment avancer ensemble de mani\u00e8re concr\u00e8te.<\/span><span style=\"font-weight: 400;\"><br \/><\/span><span style=\"font-weight: 400;\"> Cette dynamique collective a donn\u00e9 corps \u00e0 l\u2019id\u00e9e que la coop\u00e9ration r\u00e9gionale n\u2019est pas qu\u2019un principe institutionnel : elle se construit dans les voix, les attentes, les besoins et les ambitions de chacun, et dans l\u2019articulation subtile des r\u00e9alit\u00e9s RUP et PTOM.<\/span><\/p>\t\t\t\t\t\t\t\t<\/div>\n\t\t\t\t<\/div>\n\t\t\t\t<section class=\"elementor-section elementor-inner-section elementor-element elementor-element-86d664c elementor-section-boxed elementor-section-height-default elementor-section-height-default\" data-id=\"86d664c\" data-element_type=\"section\">\n\t\t\t\t\t\t<div class=\"elementor-container elementor-column-gap-default\">\n\t\t\t\t\t<div class=\"elementor-column elementor-col-100 elementor-inner-column elementor-element elementor-element-759ac75\" data-id=\"759ac75\" data-element_type=\"column\">\n\t\t\t<div class=\"elementor-widget-wrap elementor-element-populated\">\n\t\t\t\t\t\t<div class=\"elementor-element elementor-element-e95c934 elementor-widget elementor-widget-image\" data-id=\"e95c934\" data-element_type=\"widget\" data-widget_type=\"image.default\">\n\t\t\t\t<div class=\"elementor-widget-container\">\n\t\t\t\t\t\t\t\t\t\t\t\t<figure class=\"wp-caption\">\n\t\t\t\t\t\t\t\t\t\t<img decoding=\"async\" width=\"800\" height=\"600\" src=\"https:\/\/richeskarayib.com\/wp-content\/uploads\/2025\/11\/586400941_18029972843735045_4002423847741557578_n-1024x768.jpg\" class=\"attachment-large size-large wp-image-65140\" alt=\"RUP et PTOM\" srcset=\"https:\/\/richeskarayib.com\/wp-content\/uploads\/2025\/11\/586400941_18029972843735045_4002423847741557578_n-1024x768.jpg 1024w, https:\/\/richeskarayib.com\/wp-content\/uploads\/2025\/11\/586400941_18029972843735045_4002423847741557578_n-300x225.jpg 300w, https:\/\/richeskarayib.com\/wp-content\/uploads\/2025\/11\/586400941_18029972843735045_4002423847741557578_n-768x576.jpg 768w, https:\/\/richeskarayib.com\/wp-content\/uploads\/2025\/11\/586400941_18029972843735045_4002423847741557578_n.jpg 1200w\" sizes=\"(max-width: 800px) 100vw, 800px\" \/>\t\t\t\t\t\t\t\t\t\t\t<figcaption class=\"widget-image-caption wp-caption-text\">\u00a9Europe Direct Antilles-Guyane<\/figcaption>\n\t\t\t\t\t\t\t\t\t\t<\/figure>\n\t\t\t\t\t\t\t\t\t<\/div>\n\t\t\t\t<\/div>\n\t\t\t\t\t<\/div>\n\t\t<\/div>\n\t\t\t\t\t<\/div>\n\t\t<\/section>\n\t\t\t\t\t<\/div>\n\t\t<\/div>\n\t\t\t\t\t<\/div>\n\t\t<\/section>\n\t\t\t\t<section class=\"elementor-section elementor-top-section elementor-element elementor-element-d69b08a elementor-section-boxed elementor-section-height-default elementor-section-height-default\" data-id=\"d69b08a\" data-element_type=\"section\">\n\t\t\t\t\t\t<div class=\"elementor-container elementor-column-gap-default\">\n\t\t\t\t\t<div class=\"elementor-column elementor-col-100 elementor-top-column elementor-element elementor-element-b14e027\" data-id=\"b14e027\" data-element_type=\"column\">\n\t\t\t<div class=\"elementor-widget-wrap elementor-element-populated\">\n\t\t\t\t\t\t<div class=\"elementor-element elementor-element-cc0b775 elementor-widget elementor-widget-heading\" data-id=\"cc0b775\" data-element_type=\"widget\" data-widget_type=\"heading.default\">\n\t\t\t\t<div class=\"elementor-widget-container\">\n\t\t\t\t\t<h2 class=\"elementor-heading-title elementor-size-default\">Une trajectoire commune \u00e0 \u00e9crire entre Europe et Cara\u00efbe<\/h2>\t\t\t\t<\/div>\n\t\t\t\t<\/div>\n\t\t\t\t<div class=\"elementor-element elementor-element-b015cd9 elementor-widget elementor-widget-text-editor\" data-id=\"b015cd9\" data-element_type=\"widget\" data-widget_type=\"text-editor.default\">\n\t\t\t\t<div class=\"elementor-widget-container\">\n\t\t\t\t\t\t\t\t\t<p><span style=\"font-weight: 400;\">Alors que la rencontre touchait \u00e0 sa fin, un sentiment clair s\u2019est impos\u00e9 : la Martinique et Cura\u00e7ao poss\u00e8dent un terrain fertile pour d\u00e9velopper des projets communs. Mobilit\u00e9, \u00e9ducation, \u00e9cologie, \u00e9conomie de proximit\u00e9, innovation, culture\u2026 les possibilit\u00e9s sont nombreuses, \u00e0 condition que les territoires puissent mobiliser les outils europ\u00e9ens et r\u00e9gionaux de mani\u00e8re coh\u00e9rente, comme l\u2019encouragent les dispositifs RUP et PTOM.<\/span><\/p>\t\t\t\t\t\t\t\t<\/div>\n\t\t\t\t<\/div>\n\t\t\t\t<div class=\"elementor-element elementor-element-2c668ea elementor-widget elementor-widget-text-editor\" data-id=\"2c668ea\" data-element_type=\"widget\" data-widget_type=\"text-editor.default\">\n\t\t\t\t<div class=\"elementor-widget-container\">\n\t\t\t\t\t\t\t\t\t<p><span style=\"font-weight: 400;\">Les discussions du 19 novembre ont ouvert un chemin. <\/span><span style=\"font-weight: 400;\">Un chemin o\u00f9 les collaborations deviennent possibles, o\u00f9 les cadres europ\u00e9ens se lisent plus clairement, et o\u00f9 les territoires carib\u00e9ens trouvent des espaces pour se rencontrer autrement.<\/span><\/p><p><span style=\"font-weight: 400;\">Ce jour-l\u00e0, la coop\u00e9ration a pris forme dans les voix pr\u00e9sentes, mais aussi dans la volont\u00e9 de prolonger ces \u00e9changes au-del\u00e0 de cette rencontre, pour construire une relation durable, adapt\u00e9e aux r\u00e9alit\u00e9s de la Cara\u00efbe et aux ambitions de chaque territoire \u2014 une dynamique pr\u00e9cieuse dans l\u2019ensemble des relations RUP et PTOM.<\/span><\/p>\t\t\t\t\t\t\t\t<\/div>\n\t\t\t\t<\/div>\n\t\t\t\t<section class=\"elementor-section elementor-inner-section elementor-element elementor-element-c2cee19 elementor-section-boxed elementor-section-height-default elementor-section-height-default\" data-id=\"c2cee19\" data-element_type=\"section\">\n\t\t\t\t\t\t<div class=\"elementor-container elementor-column-gap-default\">\n\t\t\t\t\t<div class=\"elementor-column elementor-col-50 elementor-inner-column elementor-element elementor-element-e080f29\" data-id=\"e080f29\" data-element_type=\"column\">\n\t\t\t<div class=\"elementor-widget-wrap elementor-element-populated\">\n\t\t\t\t\t\t<div class=\"elementor-element elementor-element-73f9049 elementor-widget elementor-widget-image\" data-id=\"73f9049\" data-element_type=\"widget\" data-widget_type=\"image.default\">\n\t\t\t\t<div class=\"elementor-widget-container\">\n\t\t\t\t\t\t\t\t\t\t\t\t\t\t\t<img loading=\"lazy\" decoding=\"async\" width=\"800\" height=\"370\" src=\"https:\/\/richeskarayib.com\/wp-content\/uploads\/2025\/11\/WhatsApp-Image-2025-11-21-a-07.33.57_ee6cbb52-1024x473.jpg\" class=\"attachment-large size-large wp-image-65155\" alt=\"RUP et PTOM\" srcset=\"https:\/\/richeskarayib.com\/wp-content\/uploads\/2025\/11\/WhatsApp-Image-2025-11-21-a-07.33.57_ee6cbb52-1024x473.jpg 1024w, https:\/\/richeskarayib.com\/wp-content\/uploads\/2025\/11\/WhatsApp-Image-2025-11-21-a-07.33.57_ee6cbb52-300x139.jpg 300w, https:\/\/richeskarayib.com\/wp-content\/uploads\/2025\/11\/WhatsApp-Image-2025-11-21-a-07.33.57_ee6cbb52-768x355.jpg 768w, https:\/\/richeskarayib.com\/wp-content\/uploads\/2025\/11\/WhatsApp-Image-2025-11-21-a-07.33.57_ee6cbb52-1536x709.jpg 1536w, https:\/\/richeskarayib.com\/wp-content\/uploads\/2025\/11\/WhatsApp-Image-2025-11-21-a-07.33.57_ee6cbb52-1320x610.jpg 1320w, https:\/\/richeskarayib.com\/wp-content\/uploads\/2025\/11\/WhatsApp-Image-2025-11-21-a-07.33.57_ee6cbb52.jpg 1600w\" sizes=\"(max-width: 800px) 100vw, 800px\" \/>\t\t\t\t\t\t\t\t\t\t\t\t\t\t\t<\/div>\n\t\t\t\t<\/div>\n\t\t\t\t\t<\/div>\n\t\t<\/div>\n\t\t\t\t<div class=\"elementor-column elementor-col-50 elementor-inner-column elementor-element elementor-element-9fd9bda\" data-id=\"9fd9bda\" data-element_type=\"column\">\n\t\t\t<div class=\"elementor-widget-wrap elementor-element-populated\">\n\t\t\t\t\t\t<div class=\"elementor-element elementor-element-3a7710c elementor-widget elementor-widget-image\" data-id=\"3a7710c\" data-element_type=\"widget\" data-widget_type=\"image.default\">\n\t\t\t\t<div class=\"elementor-widget-container\">\n\t\t\t\t\t\t\t\t\t\t\t\t\t\t\t<img loading=\"lazy\" decoding=\"async\" width=\"800\" height=\"370\" src=\"https:\/\/richeskarayib.com\/wp-content\/uploads\/2025\/11\/WhatsApp-Image-2025-11-21-a-07.33.58_b177c296-1024x473.jpg\" class=\"attachment-large size-large wp-image-65159\" alt=\"RUP et PTOM\" srcset=\"https:\/\/richeskarayib.com\/wp-content\/uploads\/2025\/11\/WhatsApp-Image-2025-11-21-a-07.33.58_b177c296-1024x473.jpg 1024w, https:\/\/richeskarayib.com\/wp-content\/uploads\/2025\/11\/WhatsApp-Image-2025-11-21-a-07.33.58_b177c296-300x139.jpg 300w, https:\/\/richeskarayib.com\/wp-content\/uploads\/2025\/11\/WhatsApp-Image-2025-11-21-a-07.33.58_b177c296-768x355.jpg 768w, https:\/\/richeskarayib.com\/wp-content\/uploads\/2025\/11\/WhatsApp-Image-2025-11-21-a-07.33.58_b177c296-1536x709.jpg 1536w, https:\/\/richeskarayib.com\/wp-content\/uploads\/2025\/11\/WhatsApp-Image-2025-11-21-a-07.33.58_b177c296-1320x610.jpg 1320w, https:\/\/richeskarayib.com\/wp-content\/uploads\/2025\/11\/WhatsApp-Image-2025-11-21-a-07.33.58_b177c296.jpg 1600w\" sizes=\"(max-width: 800px) 100vw, 800px\" \/>\t\t\t\t\t\t\t\t\t\t\t\t\t\t\t<\/div>\n\t\t\t\t<\/div>\n\t\t\t\t\t<\/div>\n\t\t<\/div>\n\t\t\t\t\t<\/div>\n\t\t<\/section>\n\t\t\t\t\t<\/div>\n\t\t<\/div>\n\t\t\t\t\t<\/div>\n\t\t<\/section>\n\t\t\t\t<section class=\"elementor-section elementor-top-section elementor-element elementor-element-5c7af3f elementor-section-boxed elementor-section-height-default elementor-section-height-default\" data-id=\"5c7af3f\" data-element_type=\"section\">\n\t\t\t\t\t\t<div class=\"elementor-container elementor-column-gap-default\">\n\t\t\t\t\t<div class=\"elementor-column elementor-col-100 elementor-top-column elementor-element elementor-element-ae4c881\" data-id=\"ae4c881\" data-element_type=\"column\">\n\t\t\t<div class=\"elementor-widget-wrap elementor-element-populated\">\n\t\t\t\t\t\t<div class=\"elementor-element elementor-element-53b0174 elementor-widget elementor-widget-heading\" data-id=\"53b0174\" data-element_type=\"widget\" data-widget_type=\"heading.default\">\n\t\t\t\t<div class=\"elementor-widget-container\">\n\t\t\t\t\t<h2 class=\"elementor-heading-title elementor-size-default\"> FAQ \u2013 RUP et PTOM dans l\u2019espace carib\u00e9en<\/h2>\t\t\t\t<\/div>\n\t\t\t\t<\/div>\n\t\t\t\t<section class=\"elementor-section elementor-inner-section elementor-element elementor-element-6f82d93 elementor-section-boxed elementor-section-height-default elementor-section-height-default\" data-id=\"6f82d93\" data-element_type=\"section\">\n\t\t\t\t\t\t<div class=\"elementor-container elementor-column-gap-default\">\n\t\t\t\t\t<div class=\"elementor-column elementor-col-100 elementor-inner-column elementor-element elementor-element-451f0a7\" data-id=\"451f0a7\" data-element_type=\"column\">\n\t\t\t<div class=\"elementor-widget-wrap elementor-element-populated\">\n\t\t\t\t\t\t<div class=\"elementor-element elementor-element-f9a1d5a elementor-widget elementor-widget-accordion\" data-id=\"f9a1d5a\" data-element_type=\"widget\" data-widget_type=\"accordion.default\">\n\t\t\t\t<div class=\"elementor-widget-container\">\n\t\t\t\t\t\t\t<div class=\"elementor-accordion\">\n\t\t\t\t\t\t\t<div class=\"elementor-accordion-item\">\n\t\t\t\t\t<div id=\"elementor-tab-title-2611\" class=\"elementor-tab-title\" data-tab=\"1\" role=\"button\" aria-controls=\"elementor-tab-content-2611\" aria-expanded=\"false\">\n\t\t\t\t\t\t\t\t\t\t\t\t\t<span class=\"elementor-accordion-icon elementor-accordion-icon-left\" aria-hidden=\"true\">\n\t\t\t\t\t\t\t\t\t\t\t\t\t\t\t<span class=\"elementor-accordion-icon-closed\"><i class=\"fas fa-plus\"><\/i><\/span>\n\t\t\t\t\t\t\t\t<span class=\"elementor-accordion-icon-opened\"><i class=\"fas fa-minus\"><\/i><\/span>\n\t\t\t\t\t\t\t\t\t\t\t\t\t\t<\/span>\n\t\t\t\t\t\t\t\t\t\t\t\t<a class=\"elementor-accordion-title\" tabindex=\"0\">1. Quelle est la diff\u00e9rence entre une RUP et un PTOM ?<\/a>\n\t\t\t\t\t<\/div>\n\t\t\t\t\t<div id=\"elementor-tab-content-2611\" class=\"elementor-tab-content elementor-clearfix\" data-tab=\"1\" role=\"region\" aria-labelledby=\"elementor-tab-title-2611\"><p>Les R\u00e9gions ultrap\u00e9riph\u00e9riques (RUP) font pleinement partie de l\u2019Union europ\u00e9enne et appliquent le droit europ\u00e9en, avec des adaptations li\u00e9es \u00e0 leur insularit\u00e9. Les Pays et Territoires d\u2019Outre-Mer (PTOM), eux, ne sont pas int\u00e9gr\u00e9s au territoire europ\u00e9en mais b\u00e9n\u00e9ficient d\u2019un statut pr\u00e9f\u00e9rentiel permettant des coop\u00e9rations renforc\u00e9es, notamment \u00e9conomiques et \u00e9ducatives.<\/p><\/div>\n\t\t\t\t<\/div>\n\t\t\t\t\t\t\t<div class=\"elementor-accordion-item\">\n\t\t\t\t\t<div id=\"elementor-tab-title-2612\" class=\"elementor-tab-title\" data-tab=\"2\" role=\"button\" aria-controls=\"elementor-tab-content-2612\" aria-expanded=\"false\">\n\t\t\t\t\t\t\t\t\t\t\t\t\t<span class=\"elementor-accordion-icon elementor-accordion-icon-left\" aria-hidden=\"true\">\n\t\t\t\t\t\t\t\t\t\t\t\t\t\t\t<span class=\"elementor-accordion-icon-closed\"><i class=\"fas fa-plus\"><\/i><\/span>\n\t\t\t\t\t\t\t\t<span class=\"elementor-accordion-icon-opened\"><i class=\"fas fa-minus\"><\/i><\/span>\n\t\t\t\t\t\t\t\t\t\t\t\t\t\t<\/span>\n\t\t\t\t\t\t\t\t\t\t\t\t<a class=\"elementor-accordion-title\" tabindex=\"0\">2. Pourquoi la coop\u00e9ration entre la Martinique et Cura\u00e7ao est-elle importante ?<\/a>\n\t\t\t\t\t<\/div>\n\t\t\t\t\t<div id=\"elementor-tab-content-2612\" class=\"elementor-tab-content elementor-clearfix\" data-tab=\"2\" role=\"region\" aria-labelledby=\"elementor-tab-title-2612\"><p>La Martinique, en tant que RUP, et Cura\u00e7ao, en tant que PTOM, partagent des d\u00e9fis communs : mobilit\u00e9 des jeunes, transition \u00e9cologique, \u00e9conomie locale, \u00e9ducation, innovation. Leur coop\u00e9ration permet d\u2019utiliser les outils europ\u00e9ens et carib\u00e9ens de mani\u00e8re compl\u00e9mentaire et d\u2019ouvrir des perspectives r\u00e9gionales jusque-l\u00e0 peu exploit\u00e9es.<\/p><\/div>\n\t\t\t\t<\/div>\n\t\t\t\t\t\t\t<div class=\"elementor-accordion-item\">\n\t\t\t\t\t<div id=\"elementor-tab-title-2613\" class=\"elementor-tab-title\" data-tab=\"3\" role=\"button\" aria-controls=\"elementor-tab-content-2613\" aria-expanded=\"false\">\n\t\t\t\t\t\t\t\t\t\t\t\t\t<span class=\"elementor-accordion-icon elementor-accordion-icon-left\" aria-hidden=\"true\">\n\t\t\t\t\t\t\t\t\t\t\t\t\t\t\t<span class=\"elementor-accordion-icon-closed\"><i class=\"fas fa-plus\"><\/i><\/span>\n\t\t\t\t\t\t\t\t<span class=\"elementor-accordion-icon-opened\"><i class=\"fas fa-minus\"><\/i><\/span>\n\t\t\t\t\t\t\t\t\t\t\t\t\t\t<\/span>\n\t\t\t\t\t\t\t\t\t\t\t\t<a class=\"elementor-accordion-title\" tabindex=\"0\">3. Quel r\u00f4le jouent les programmes europ\u00e9ens dans la coop\u00e9ration RUP et PTOM ?<\/a>\n\t\t\t\t\t<\/div>\n\t\t\t\t\t<div id=\"elementor-tab-content-2613\" class=\"elementor-tab-content elementor-clearfix\" data-tab=\"3\" role=\"region\" aria-labelledby=\"elementor-tab-title-2613\"><p>Les dispositifs europ\u00e9ens \u2013 mobilit\u00e9, formation, partenariats, programmes r\u00e9gionaux \u2013 offrent aux RUP et PTOM des opportunit\u00e9s concr\u00e8tes de collaboration. La bo\u00eete \u00e0 outils \u00e9labor\u00e9e avec l\u2019Organisation de Coop\u00e9ration et de D\u00e9veloppement \u00c9conomiques (OCDE) aide les acteurs des territoires \u00e0 mieux utiliser ces programmes.<\/p><\/div>\n\t\t\t\t<\/div>\n\t\t\t\t\t\t\t\t<\/div>\n\t\t\t\t\t\t<\/div>\n\t\t\t\t<\/div>\n\t\t\t\t\t<\/div>\n\t\t<\/div>\n\t\t\t\t\t<\/div>\n\t\t<\/section>\n\t\t\t\t\t<\/div>\n\t\t<\/div>\n\t\t\t\t\t<\/div>\n\t\t<\/section>\n\t\t\t\t<\/div>\n\t\t","protected":false},"excerpt":{"rendered":"<p>Le 19 novembre, le Centre Europe Direct Antilles-Guyane (CEDAG), en partenariat avec le COMOB de la Martinique et la DRAJES Martinique, organisait deux temps d\u2019\u00e9changes \u00e0 l\u2019occasion de la venue de Madame Flora Goudappel, sp\u00e9cialiste en droit constitutionnel europ\u00e9en et repr\u00e9sentante Europe Direct Cura\u00e7ao. La rencontre avait pour objectif de mieux comprendre les liens entre [&hellip;]<\/p>\n","protected":false},"author":662,"featured_media":65128,"comment_status":"open","ping_status":"open","sticky":false,"template":"","format":"standard","meta":{"_acf_changed":false,"footnotes":""},"categories":[1785],"tags":[1650,808],"class_list":["post-65127","post","type-post","status-publish","format-standard","has-post-thumbnail","hentry","category-cooperation","tag-curacao","tag-martinique-fr"],"acf":[],"_links":{"self":[{"href":"https:\/\/richeskarayib.com\/fr\/wp-json\/wp\/v2\/posts\/65127","targetHints":{"allow":["GET"]}}],"collection":[{"href":"https:\/\/richeskarayib.com\/fr\/wp-json\/wp\/v2\/posts"}],"about":[{"href":"https:\/\/richeskarayib.com\/fr\/wp-json\/wp\/v2\/types\/post"}],"author":[{"embeddable":true,"href":"https:\/\/richeskarayib.com\/fr\/wp-json\/wp\/v2\/users\/662"}],"replies":[{"embeddable":true,"href":"https:\/\/richeskarayib.com\/fr\/wp-json\/wp\/v2\/comments?post=65127"}],"version-history":[{"count":0,"href":"https:\/\/richeskarayib.com\/fr\/wp-json\/wp\/v2\/posts\/65127\/revisions"}],"wp:featuredmedia":[{"embeddable":true,"href":"https:\/\/richeskarayib.com\/fr\/wp-json\/wp\/v2\/media\/65128"}],"wp:attachment":[{"href":"https:\/\/richeskarayib.com\/fr\/wp-json\/wp\/v2\/media?parent=65127"}],"wp:term":[{"taxonomy":"category","embeddable":true,"href":"https:\/\/richeskarayib.com\/fr\/wp-json\/wp\/v2\/categories?post=65127"},{"taxonomy":"post_tag","embeddable":true,"href":"https:\/\/richeskarayib.com\/fr\/wp-json\/wp\/v2\/tags?post=65127"}],"curies":[{"name":"wp","href":"https:\/\/api.w.org\/{rel}","templated":true}]}}