{"id":65261,"date":"2025-11-24T12:53:24","date_gmt":"2025-11-24T16:53:24","guid":{"rendered":"https:\/\/richeskarayib.com\/?p=65261"},"modified":"2025-11-24T13:45:20","modified_gmt":"2025-11-24T17:45:20","slug":"festival-en-pays-reve-rencontre-litteraire","status":"publish","type":"post","link":"https:\/\/richeskarayib.com\/fr\/festival-en-pays-reve-rencontre-litteraire\/","title":{"rendered":"Festival en Pays R\u00eav\u00e9 : \u00ab Le temps suspendu \u00bb ouvre un dialogue sur les guerres et leurs traces"},"content":{"rendered":"\t\t<div data-elementor-type=\"wp-post\" data-elementor-id=\"65261\" class=\"elementor elementor-65261\" data-elementor-post-type=\"post\">\n\t\t\t\t\t\t<section class=\"elementor-section elementor-top-section elementor-element elementor-element-7ca7ca1 elementor-section-boxed elementor-section-height-default elementor-section-height-default\" data-id=\"7ca7ca1\" data-element_type=\"section\">\n\t\t\t\t\t\t<div class=\"elementor-container elementor-column-gap-default\">\n\t\t\t\t\t<div class=\"elementor-column elementor-col-100 elementor-top-column elementor-element elementor-element-cbdd002\" data-id=\"cbdd002\" data-element_type=\"column\">\n\t\t\t<div class=\"elementor-widget-wrap elementor-element-populated\">\n\t\t\t\t\t\t<section class=\"elementor-section elementor-inner-section elementor-element elementor-element-bc94849 elementor-section-boxed elementor-section-height-default elementor-section-height-default\" data-id=\"bc94849\" data-element_type=\"section\">\n\t\t\t\t\t\t<div class=\"elementor-container elementor-column-gap-default\">\n\t\t\t\t\t\t<\/div>\n\t\t<\/section>\n\t\t\t\t<section class=\"elementor-section elementor-inner-section elementor-element elementor-element-61571e6 elementor-section-boxed elementor-section-height-default elementor-section-height-default\" data-id=\"61571e6\" data-element_type=\"section\">\n\t\t\t\t\t\t<div class=\"elementor-container elementor-column-gap-default\">\n\t\t\t\t\t\t<\/div>\n\t\t<\/section>\n\t\t\t\t<section class=\"elementor-section elementor-inner-section elementor-element elementor-element-b6262e0 elementor-section-boxed elementor-section-height-default elementor-section-height-default\" data-id=\"b6262e0\" data-element_type=\"section\">\n\t\t\t\t\t\t<div class=\"elementor-container elementor-column-gap-default\">\n\t\t\t\t\t\t<\/div>\n\t\t<\/section>\n\t\t\t\t<section class=\"elementor-section elementor-inner-section elementor-element elementor-element-cca29fd elementor-section-boxed elementor-section-height-default elementor-section-height-default\" data-id=\"cca29fd\" data-element_type=\"section\">\n\t\t\t\t\t\t<div class=\"elementor-container elementor-column-gap-default\">\n\t\t\t\t\t\t<\/div>\n\t\t<\/section>\n\t\t\t\t\t<\/div>\n\t\t<\/div>\n\t\t\t\t\t<\/div>\n\t\t<\/section>\n\t\t\t\t<section class=\"elementor-section elementor-top-section elementor-element elementor-element-5a7397d elementor-section-boxed elementor-section-height-default elementor-section-height-default\" data-id=\"5a7397d\" data-element_type=\"section\">\n\t\t\t\t\t\t<div class=\"elementor-container elementor-column-gap-default\">\n\t\t\t\t\t<div class=\"elementor-column elementor-col-100 elementor-top-column elementor-element elementor-element-e0e155e\" data-id=\"e0e155e\" data-element_type=\"column\">\n\t\t\t<div class=\"elementor-widget-wrap elementor-element-populated\">\n\t\t\t\t\t\t<div class=\"elementor-element elementor-element-43a45ac elementor-widget elementor-widget-text-editor\" data-id=\"43a45ac\" data-element_type=\"widget\" data-widget_type=\"text-editor.default\">\n\t\t\t\t<div class=\"elementor-widget-container\">\n\t\t\t\t\t\t\t\t\t<p><span style=\"font-weight: 400;\">Le 21 novembre 2025, \u00e0 la Direction des Affaires culturelles de Martinique, la soir\u00e9e du <a href=\"https:\/\/festivalenpaysreve.fr\/\" target=\"_blank\" rel=\"noopener nofollow\">Festival en Pays R\u00eav\u00e9<\/a> consacr\u00e9e \u00e0 \u00ab Le temps suspendu \u00bb a offert un moment de grande profondeur.<\/span><span style=\"font-weight: 400;\"><br \/><\/span><span style=\"font-weight: 400;\"> Port\u00e9 par la vision de <a href=\"https:\/\/www.instagram.com\/viktor_lazlo\/?hl=fr\" target=\"_blank\" rel=\"noopener nofollow\">Viktor Lazlo<\/a>, organisatrice et directrice artistique du festival, l\u2019\u00e9v\u00e9nement r\u00e9unissait Dorcy Rugamba et Olivier Norek, deux voix qui explorent chacun \u00e0 leur mani\u00e8re la mani\u00e8re dont les histoires personnelles se frottent aux trag\u00e9dies collectives.<\/span><\/p><p><span style=\"font-weight: 400;\">Dans le cadre du Festival en Pays R\u00eav\u00e9, les deux auteurs ont rencontr\u00e9 un public attentif venu pour une v\u00e9ritable rencontre litt\u00e9raire en Martinique.<\/span><\/p>\t\t\t\t\t\t\t\t<\/div>\n\t\t\t\t<\/div>\n\t\t\t\t\t<\/div>\n\t\t<\/div>\n\t\t\t\t\t<\/div>\n\t\t<\/section>\n\t\t\t\t<section class=\"elementor-section elementor-top-section elementor-element elementor-element-ceca32c elementor-section-boxed elementor-section-height-default elementor-section-height-default\" data-id=\"ceca32c\" data-element_type=\"section\">\n\t\t\t\t\t\t<div class=\"elementor-container elementor-column-gap-default\">\n\t\t\t\t\t<div class=\"elementor-column elementor-col-100 elementor-top-column elementor-element elementor-element-5a2e383\" data-id=\"5a2e383\" data-element_type=\"column\">\n\t\t\t<div class=\"elementor-widget-wrap elementor-element-populated\">\n\t\t\t\t\t\t<div class=\"elementor-element elementor-element-6cedf5f elementor-widget elementor-widget-heading\" data-id=\"6cedf5f\" data-element_type=\"widget\" data-widget_type=\"heading.default\">\n\t\t\t\t<div class=\"elementor-widget-container\">\n\t\t\t\t\t<h2 class=\"elementor-heading-title elementor-size-default\">Dorcy Rugamba : \u00e9crire pour que les absents ne s\u2019effacent pas<\/h2>\t\t\t\t<\/div>\n\t\t\t\t<\/div>\n\t\t\t\t<section class=\"elementor-section elementor-inner-section elementor-element elementor-element-2e21925 elementor-section-boxed elementor-section-height-default elementor-section-height-default\" data-id=\"2e21925\" data-element_type=\"section\">\n\t\t\t\t\t\t<div class=\"elementor-container elementor-column-gap-default\">\n\t\t\t\t\t<div class=\"elementor-column elementor-col-100 elementor-inner-column elementor-element elementor-element-a78a242\" data-id=\"a78a242\" data-element_type=\"column\">\n\t\t\t<div class=\"elementor-widget-wrap elementor-element-populated\">\n\t\t\t\t\t\t<div class=\"elementor-element elementor-element-e93d1fb elementor-widget elementor-widget-text-editor\" data-id=\"e93d1fb\" data-element_type=\"widget\" data-widget_type=\"text-editor.default\">\n\t\t\t\t<div class=\"elementor-widget-container\">\n\t\t\t\t\t\t\t\t\t<p><span style=\"font-weight: 400;\">Pour <a href=\"https:\/\/www.instagram.com\/rugambadorcy\/\" target=\"_blank\" rel=\"noopener nofollow\">Dorcy Rugamba<\/a>, l\u2019\u00e9criture de Hewa Rwanda, lettres aux absents a \u00e9t\u00e9 longuement diff\u00e9r\u00e9e.<\/span><span style=\"font-weight: 400;\"><br \/><\/span><span style=\"font-weight: 400;\">Pendant trente ans, il n\u2019a pas trouv\u00e9 la possibilit\u00e9 de mettre en mots l\u2019intimit\u00e9 de sa famille disparue.<\/span><span style=\"font-weight: 400;\"><br \/><\/span><span style=\"font-weight: 400;\"> Lors de cette soir\u00e9e du Festival en Pays R\u00eav\u00e9, il explique avoir vu, dans les r\u00e9cits consacr\u00e9s au Rwanda, les victimes devenir des chiffres, tandis que les bourreaux occupaient toute la place.<\/span><\/p>\t\t\t\t\t\t\t\t<\/div>\n\t\t\t\t<\/div>\n\t\t\t\t<div class=\"elementor-element elementor-element-7d4d079 elementor-widget elementor-widget-image\" data-id=\"7d4d079\" data-element_type=\"widget\" data-widget_type=\"image.default\">\n\t\t\t\t<div class=\"elementor-widget-container\">\n\t\t\t\t\t\t\t\t\t\t\t\t\t\t\t<img fetchpriority=\"high\" decoding=\"async\" width=\"800\" height=\"450\" src=\"https:\/\/richeskarayib.com\/wp-content\/uploads\/2025\/11\/WhatsApp-Image-2025-11-24-a-06.12.41_40d728e0-1024x576.jpg\" class=\"attachment-large size-large wp-image-65270\" alt=\"Festival en Pays R\u00eav\u00e9\" srcset=\"https:\/\/richeskarayib.com\/wp-content\/uploads\/2025\/11\/WhatsApp-Image-2025-11-24-a-06.12.41_40d728e0-1024x576.jpg 1024w, https:\/\/richeskarayib.com\/wp-content\/uploads\/2025\/11\/WhatsApp-Image-2025-11-24-a-06.12.41_40d728e0-300x169.jpg 300w, https:\/\/richeskarayib.com\/wp-content\/uploads\/2025\/11\/WhatsApp-Image-2025-11-24-a-06.12.41_40d728e0-768x432.jpg 768w, https:\/\/richeskarayib.com\/wp-content\/uploads\/2025\/11\/WhatsApp-Image-2025-11-24-a-06.12.41_40d728e0-1536x864.jpg 1536w, https:\/\/richeskarayib.com\/wp-content\/uploads\/2025\/11\/WhatsApp-Image-2025-11-24-a-06.12.41_40d728e0-1320x743.jpg 1320w, https:\/\/richeskarayib.com\/wp-content\/uploads\/2025\/11\/WhatsApp-Image-2025-11-24-a-06.12.41_40d728e0.jpg 1600w\" sizes=\"(max-width: 800px) 100vw, 800px\" \/>\t\t\t\t\t\t\t\t\t\t\t\t\t\t\t<\/div>\n\t\t\t\t<\/div>\n\t\t\t\t<div class=\"elementor-element elementor-element-8b1d1c3 elementor-widget elementor-widget-text-editor\" data-id=\"8b1d1c3\" data-element_type=\"widget\" data-widget_type=\"text-editor.default\">\n\t\t\t\t<div class=\"elementor-widget-container\">\n\t\t\t\t\t\t\t\t\t<p><span style=\"font-weight: 400;\">\u00c9crire est devenu pour lui un acte de restitution : redonner \u00e0 ses proches leur voix, leurs gestes, leurs r\u00eaves, leur humanit\u00e9.<\/span><span style=\"font-weight: 400;\"><br \/><\/span><span style=\"font-weight: 400;\">C\u2019est aussi une mani\u00e8re de transmettre \u00e0 ses enfants une histoire racont\u00e9e par un p\u00e8re, et non par des r\u00e9cits froids venus de l\u2019ext\u00e9rieur.<\/span><\/p><p><span style=\"font-weight: 400;\">La po\u00e9sie de son p\u00e8re lui a servi de point d\u2019ancrage. Une m\u00e9moire vivante, qu\u2019il porte en lui, et qui l\u2019a accompagn\u00e9 pendant ce Festival en Pays R\u00eav\u00e9 dans un moment o\u00f9 les mots r\u00e9apparaissent enfin avec justesse.<\/span><\/p>\t\t\t\t\t\t\t\t<\/div>\n\t\t\t\t<\/div>\n\t\t\t\t\t<\/div>\n\t\t<\/div>\n\t\t\t\t\t<\/div>\n\t\t<\/section>\n\t\t\t\t<section class=\"elementor-section elementor-inner-section elementor-element elementor-element-787b8b5 elementor-section-boxed elementor-section-height-default elementor-section-height-default\" data-id=\"787b8b5\" data-element_type=\"section\">\n\t\t\t\t\t\t<div class=\"elementor-container elementor-column-gap-default\">\n\t\t\t\t\t<div class=\"elementor-column elementor-col-100 elementor-inner-column elementor-element elementor-element-129c963\" data-id=\"129c963\" data-element_type=\"column\">\n\t\t\t<div class=\"elementor-widget-wrap elementor-element-populated\">\n\t\t\t\t\t\t<div class=\"elementor-element elementor-element-de5099b elementor-widget elementor-widget-image\" data-id=\"de5099b\" data-element_type=\"widget\" data-widget_type=\"image.default\">\n\t\t\t\t<div class=\"elementor-widget-container\">\n\t\t\t\t\t\t\t\t\t\t\t\t\t\t\t<img decoding=\"async\" width=\"800\" height=\"600\" src=\"https:\/\/richeskarayib.com\/wp-content\/uploads\/2025\/11\/WhatsApp-Image-2025-11-24-a-06.25.49_37d99e23-1024x768.jpg\" class=\"attachment-large size-large wp-image-65278\" alt=\"Festival en Pays R\u00eav\u00e9\" srcset=\"https:\/\/richeskarayib.com\/wp-content\/uploads\/2025\/11\/WhatsApp-Image-2025-11-24-a-06.25.49_37d99e23-1024x768.jpg 1024w, https:\/\/richeskarayib.com\/wp-content\/uploads\/2025\/11\/WhatsApp-Image-2025-11-24-a-06.25.49_37d99e23-300x225.jpg 300w, https:\/\/richeskarayib.com\/wp-content\/uploads\/2025\/11\/WhatsApp-Image-2025-11-24-a-06.25.49_37d99e23-768x576.jpg 768w, https:\/\/richeskarayib.com\/wp-content\/uploads\/2025\/11\/WhatsApp-Image-2025-11-24-a-06.25.49_37d99e23.jpg 1280w\" sizes=\"(max-width: 800px) 100vw, 800px\" \/>\t\t\t\t\t\t\t\t\t\t\t\t\t\t\t<\/div>\n\t\t\t\t<\/div>\n\t\t\t\t\t<\/div>\n\t\t<\/div>\n\t\t\t\t\t<\/div>\n\t\t<\/section>\n\t\t\t\t\t<\/div>\n\t\t<\/div>\n\t\t\t\t\t<\/div>\n\t\t<\/section>\n\t\t\t\t<section class=\"elementor-section elementor-top-section elementor-element elementor-element-9c88a89 elementor-section-boxed elementor-section-height-default elementor-section-height-default\" data-id=\"9c88a89\" data-element_type=\"section\">\n\t\t\t\t\t\t<div class=\"elementor-container elementor-column-gap-default\">\n\t\t\t\t\t<div class=\"elementor-column elementor-col-100 elementor-top-column elementor-element elementor-element-78cf5d1\" data-id=\"78cf5d1\" data-element_type=\"column\">\n\t\t\t<div class=\"elementor-widget-wrap elementor-element-populated\">\n\t\t\t\t\t\t<div class=\"elementor-element elementor-element-ea2a5c1 elementor-widget elementor-widget-heading\" data-id=\"ea2a5c1\" data-element_type=\"widget\" data-widget_type=\"heading.default\">\n\t\t\t\t<div class=\"elementor-widget-container\">\n\t\t\t\t\t<h2 class=\"elementor-heading-title elementor-size-default\">Olivier Norek : comprendre l\u2019extr\u00eame par la guerre d\u2019un autre<\/h2>\t\t\t\t<\/div>\n\t\t\t\t<\/div>\n\t\t\t\t<section class=\"elementor-section elementor-inner-section elementor-element elementor-element-2666eee elementor-section-boxed elementor-section-height-default elementor-section-height-default\" data-id=\"2666eee\" data-element_type=\"section\">\n\t\t\t\t\t\t<div class=\"elementor-container elementor-column-gap-default\">\n\t\t\t\t\t<div class=\"elementor-column elementor-col-100 elementor-inner-column elementor-element elementor-element-96e0fa0\" data-id=\"96e0fa0\" data-element_type=\"column\">\n\t\t\t<div class=\"elementor-widget-wrap elementor-element-populated\">\n\t\t\t\t\t\t<div class=\"elementor-element elementor-element-e305eee elementor-widget elementor-widget-text-editor\" data-id=\"e305eee\" data-element_type=\"widget\" data-widget_type=\"text-editor.default\">\n\t\t\t\t<div class=\"elementor-widget-container\">\n\t\t\t\t\t\t\t\t\t<p><span style=\"font-weight: 400;\"><a href=\"https:\/\/www.instagram.com\/norekolivier\/?hl=fr\" target=\"_blank\" rel=\"noopener nofollow\">Olivier Norek<\/a> a choisi d\u2019\u00e9crire sur une guerre lointaine : un conflit brutal survenu dans l\u2019espace de l\u2019ex-Yougoslavie.<\/span><span style=\"font-weight: 400;\"><br \/><\/span><span style=\"font-weight: 400;\"> Son roman Les guerriers de l\u2019hiver explore le parcours de Simo H\u00e4yh\u00e4, jeune fermier devenu figure majeure dans un pays boulevers\u00e9.<\/span><\/p><p><span style=\"font-weight: 400;\">Invit\u00e9 du Festival en Pays R\u00eav\u00e9, Olivier Norek souligne qu\u2019il ne s\u2019agit pas de sa guerre, ni de son h\u00e9ritage. Pourtant, il a ressenti le besoin de comprendre ce moment o\u00f9 un homme peut basculer dans la violence ou tenter d\u2019en pr\u00e9server une part d\u2019humanit\u00e9.<\/span><\/p>\t\t\t\t\t\t\t\t<\/div>\n\t\t\t\t<\/div>\n\t\t\t\t<div class=\"elementor-element elementor-element-65f2fcd elementor-widget elementor-widget-text-editor\" data-id=\"65f2fcd\" data-element_type=\"widget\" data-widget_type=\"text-editor.default\">\n\t\t\t\t<div class=\"elementor-widget-container\">\n\t\t\t\t\t\t\t\t\t<p><span style=\"font-weight: 400;\">Il d\u00e9crit la mani\u00e8re dont des communaut\u00e9s enti\u00e8res se sont retrouv\u00e9es projet\u00e9es dans un conflit o\u00f9 les liens d\u2019amiti\u00e9, d\u2019amour ou de voisinage deviennent des forces essentielles.<\/span><span style=\"font-weight: 400;\"><br \/><\/span><span style=\"font-weight: 400;\"> Dans cette rencontre litt\u00e9raire en Martinique, il raconte aussi un \u00e9pisode marquant : celui d\u2019un soldat qui renonce \u00e0 tirer en voyant un homme tenir une lettre contre son visage. Geste infime, mais profond\u00e9ment humain.<\/span><\/p><p><span style=\"font-weight: 400;\">Ce soir-l\u00e0, au Festival en Pays R\u00eav\u00e9, il rappelle que m\u00eame au c\u0153ur d\u2019une guerre, certaines fronti\u00e8res int\u00e9rieures subsistent.<\/span><\/p>\t\t\t\t\t\t\t\t<\/div>\n\t\t\t\t<\/div>\n\t\t\t\t\t<\/div>\n\t\t<\/div>\n\t\t\t\t\t<\/div>\n\t\t<\/section>\n\t\t\t\t<section class=\"elementor-section elementor-inner-section elementor-element elementor-element-00bc70b elementor-section-boxed elementor-section-height-default elementor-section-height-default\" data-id=\"00bc70b\" data-element_type=\"section\">\n\t\t\t\t\t\t<div class=\"elementor-container elementor-column-gap-default\">\n\t\t\t\t\t<div class=\"elementor-column elementor-col-100 elementor-inner-column elementor-element elementor-element-151e755\" data-id=\"151e755\" data-element_type=\"column\">\n\t\t\t<div class=\"elementor-widget-wrap elementor-element-populated\">\n\t\t\t\t\t\t<div class=\"elementor-element elementor-element-a406656 elementor-widget elementor-widget-image\" data-id=\"a406656\" data-element_type=\"widget\" data-widget_type=\"image.default\">\n\t\t\t\t<div class=\"elementor-widget-container\">\n\t\t\t\t\t\t\t\t\t\t\t\t\t\t\t<img decoding=\"async\" width=\"800\" height=\"450\" src=\"https:\/\/richeskarayib.com\/wp-content\/uploads\/2025\/11\/WhatsApp-Image-2025-11-24-a-06.12.41_50e66821-1-1024x576.jpg\" class=\"attachment-large size-large wp-image-65286\" alt=\"Festival en Pays R\u00eav\u00e9\" srcset=\"https:\/\/richeskarayib.com\/wp-content\/uploads\/2025\/11\/WhatsApp-Image-2025-11-24-a-06.12.41_50e66821-1-1024x576.jpg 1024w, https:\/\/richeskarayib.com\/wp-content\/uploads\/2025\/11\/WhatsApp-Image-2025-11-24-a-06.12.41_50e66821-1-300x169.jpg 300w, https:\/\/richeskarayib.com\/wp-content\/uploads\/2025\/11\/WhatsApp-Image-2025-11-24-a-06.12.41_50e66821-1-768x432.jpg 768w, https:\/\/richeskarayib.com\/wp-content\/uploads\/2025\/11\/WhatsApp-Image-2025-11-24-a-06.12.41_50e66821-1-1536x864.jpg 1536w, https:\/\/richeskarayib.com\/wp-content\/uploads\/2025\/11\/WhatsApp-Image-2025-11-24-a-06.12.41_50e66821-1-1320x743.jpg 1320w, https:\/\/richeskarayib.com\/wp-content\/uploads\/2025\/11\/WhatsApp-Image-2025-11-24-a-06.12.41_50e66821-1.jpg 1600w\" sizes=\"(max-width: 800px) 100vw, 800px\" \/>\t\t\t\t\t\t\t\t\t\t\t\t\t\t\t<\/div>\n\t\t\t\t<\/div>\n\t\t\t\t\t<\/div>\n\t\t<\/div>\n\t\t\t\t\t<\/div>\n\t\t<\/section>\n\t\t\t\t\t<\/div>\n\t\t<\/div>\n\t\t\t\t\t<\/div>\n\t\t<\/section>\n\t\t\t\t<section class=\"elementor-section elementor-top-section elementor-element elementor-element-103aced elementor-section-boxed elementor-section-height-default elementor-section-height-default\" data-id=\"103aced\" data-element_type=\"section\">\n\t\t\t\t\t\t<div class=\"elementor-container elementor-column-gap-default\">\n\t\t\t\t\t<div class=\"elementor-column elementor-col-100 elementor-top-column elementor-element elementor-element-e34f9f4\" data-id=\"e34f9f4\" data-element_type=\"column\">\n\t\t\t<div class=\"elementor-widget-wrap elementor-element-populated\">\n\t\t\t\t\t\t<div class=\"elementor-element elementor-element-c643e86 elementor-widget elementor-widget-heading\" data-id=\"c643e86\" data-element_type=\"widget\" data-widget_type=\"heading.default\">\n\t\t\t\t<div class=\"elementor-widget-container\">\n\t\t\t\t\t<h2 class=\"elementor-heading-title elementor-size-default\">Survivre \u00e0 la haine : le combat invisible des apr\u00e8s-guerres<\/h2>\t\t\t\t<\/div>\n\t\t\t\t<\/div>\n\t\t\t\t<div class=\"elementor-element elementor-element-f783f1a elementor-widget elementor-widget-text-editor\" data-id=\"f783f1a\" data-element_type=\"widget\" data-widget_type=\"text-editor.default\">\n\t\t\t\t<div class=\"elementor-widget-container\">\n\t\t\t\t\t\t\t\t\t<p><span style=\"font-weight: 400;\">Les \u00e9changes entre les deux auteurs r\u00e9v\u00e8lent que l\u2019apr\u00e8s-guerre n\u2019est pas seulement une p\u00e9riode de reconstruction : c\u2019est un combat intime.<\/span><\/p><p><span style=\"font-weight: 400;\">Dorcy Rugamba confie qu\u2019\u00e0 l\u2019annonce de la mort de sa famille, la premi\u00e8re \u00e9motion fut la col\u00e8re, une r\u00e9action brutale qui aurait pu le d\u00e9truire.<\/span><span style=\"font-weight: 400;\"><br \/><\/span><span style=\"font-weight: 400;\"> Le th\u00e9\u00e2tre et l\u2019\u00e9criture lui ont permis d\u2019affronter cette violence int\u00e9rieure, de la transformer au fil du temps.<\/span><\/p>\t\t\t\t\t\t\t\t<\/div>\n\t\t\t\t<\/div>\n\t\t\t\t<div class=\"elementor-element elementor-element-066291a elementor-widget elementor-widget-text-editor\" data-id=\"066291a\" data-element_type=\"widget\" data-widget_type=\"text-editor.default\">\n\t\t\t\t<div class=\"elementor-widget-container\">\n\t\t\t\t\t\t\t\t\t<p><span style=\"font-weight: 400;\">Olivier Norek r\u00e9sume ce combat en une phrase :<\/span><\/p><p><span style=\"font-weight: 400;\">\u00ab Quand les mots disparaissent, il ne reste plus que les poings. \u00bb<\/span><\/p><p><span style=\"font-weight: 400;\">Une v\u00e9rit\u00e9 simple, qui trouve une r\u00e9sonance particuli\u00e8re au Festival en Pays R\u00eav\u00e9 : tant que les mots existent, il reste une chance d\u2019\u00e9viter que la destruction ne se r\u00e9p\u00e8te.<\/span><\/p>\t\t\t\t\t\t\t\t<\/div>\n\t\t\t\t<\/div>\n\t\t\t\t<section class=\"elementor-section elementor-inner-section elementor-element elementor-element-19ad751 elementor-section-boxed elementor-section-height-default elementor-section-height-default\" data-id=\"19ad751\" data-element_type=\"section\">\n\t\t\t\t\t\t<div class=\"elementor-container elementor-column-gap-default\">\n\t\t\t\t\t<div class=\"elementor-column elementor-col-50 elementor-inner-column elementor-element elementor-element-53ed1f5\" data-id=\"53ed1f5\" data-element_type=\"column\">\n\t\t\t<div class=\"elementor-widget-wrap elementor-element-populated\">\n\t\t\t\t\t\t<div class=\"elementor-element elementor-element-a11a880 elementor-widget elementor-widget-image\" data-id=\"a11a880\" data-element_type=\"widget\" data-widget_type=\"image.default\">\n\t\t\t\t<div class=\"elementor-widget-container\">\n\t\t\t\t\t\t\t\t\t\t\t\t\t\t\t<img loading=\"lazy\" decoding=\"async\" width=\"800\" height=\"450\" src=\"https:\/\/richeskarayib.com\/wp-content\/uploads\/2025\/11\/WhatsApp-Image-2025-11-24-a-06.12.40_afd2c208-1-1024x576.jpg\" class=\"attachment-large size-large wp-image-65294\" alt=\"Festival en Pays R\u00eav\u00e9\" srcset=\"https:\/\/richeskarayib.com\/wp-content\/uploads\/2025\/11\/WhatsApp-Image-2025-11-24-a-06.12.40_afd2c208-1-1024x576.jpg 1024w, https:\/\/richeskarayib.com\/wp-content\/uploads\/2025\/11\/WhatsApp-Image-2025-11-24-a-06.12.40_afd2c208-1-300x169.jpg 300w, https:\/\/richeskarayib.com\/wp-content\/uploads\/2025\/11\/WhatsApp-Image-2025-11-24-a-06.12.40_afd2c208-1-768x432.jpg 768w, https:\/\/richeskarayib.com\/wp-content\/uploads\/2025\/11\/WhatsApp-Image-2025-11-24-a-06.12.40_afd2c208-1-1536x864.jpg 1536w, https:\/\/richeskarayib.com\/wp-content\/uploads\/2025\/11\/WhatsApp-Image-2025-11-24-a-06.12.40_afd2c208-1-1320x743.jpg 1320w, https:\/\/richeskarayib.com\/wp-content\/uploads\/2025\/11\/WhatsApp-Image-2025-11-24-a-06.12.40_afd2c208-1.jpg 1600w\" sizes=\"(max-width: 800px) 100vw, 800px\" \/>\t\t\t\t\t\t\t\t\t\t\t\t\t\t\t<\/div>\n\t\t\t\t<\/div>\n\t\t\t\t\t<\/div>\n\t\t<\/div>\n\t\t\t\t<div class=\"elementor-column elementor-col-50 elementor-inner-column elementor-element elementor-element-83d79b3\" data-id=\"83d79b3\" data-element_type=\"column\">\n\t\t\t<div class=\"elementor-widget-wrap elementor-element-populated\">\n\t\t\t\t\t\t<div class=\"elementor-element elementor-element-f02af94 elementor-widget elementor-widget-image\" data-id=\"f02af94\" data-element_type=\"widget\" data-widget_type=\"image.default\">\n\t\t\t\t<div class=\"elementor-widget-container\">\n\t\t\t\t\t\t\t\t\t\t\t\t\t\t\t<img loading=\"lazy\" decoding=\"async\" width=\"800\" height=\"450\" src=\"https:\/\/richeskarayib.com\/wp-content\/uploads\/2025\/11\/WhatsApp-Image-2025-11-24-a-06.12.41_cbec78bd-1024x576.jpg\" class=\"attachment-large size-large wp-image-65298\" alt=\"Festival en Pays R\u00eav\u00e9\" srcset=\"https:\/\/richeskarayib.com\/wp-content\/uploads\/2025\/11\/WhatsApp-Image-2025-11-24-a-06.12.41_cbec78bd-1024x576.jpg 1024w, https:\/\/richeskarayib.com\/wp-content\/uploads\/2025\/11\/WhatsApp-Image-2025-11-24-a-06.12.41_cbec78bd-300x169.jpg 300w, https:\/\/richeskarayib.com\/wp-content\/uploads\/2025\/11\/WhatsApp-Image-2025-11-24-a-06.12.41_cbec78bd-768x432.jpg 768w, https:\/\/richeskarayib.com\/wp-content\/uploads\/2025\/11\/WhatsApp-Image-2025-11-24-a-06.12.41_cbec78bd-1536x864.jpg 1536w, https:\/\/richeskarayib.com\/wp-content\/uploads\/2025\/11\/WhatsApp-Image-2025-11-24-a-06.12.41_cbec78bd-1320x743.jpg 1320w, https:\/\/richeskarayib.com\/wp-content\/uploads\/2025\/11\/WhatsApp-Image-2025-11-24-a-06.12.41_cbec78bd.jpg 1600w\" sizes=\"(max-width: 800px) 100vw, 800px\" \/>\t\t\t\t\t\t\t\t\t\t\t\t\t\t\t<\/div>\n\t\t\t\t<\/div>\n\t\t\t\t\t<\/div>\n\t\t<\/div>\n\t\t\t\t\t<\/div>\n\t\t<\/section>\n\t\t\t\t\t<\/div>\n\t\t<\/div>\n\t\t\t\t\t<\/div>\n\t\t<\/section>\n\t\t\t\t<section class=\"elementor-section elementor-top-section elementor-element elementor-element-274e6ec elementor-section-boxed elementor-section-height-default elementor-section-height-default\" data-id=\"274e6ec\" data-element_type=\"section\">\n\t\t\t\t\t\t<div class=\"elementor-container elementor-column-gap-default\">\n\t\t\t\t\t<div class=\"elementor-column elementor-col-100 elementor-top-column elementor-element elementor-element-2346b95\" data-id=\"2346b95\" data-element_type=\"column\">\n\t\t\t<div class=\"elementor-widget-wrap elementor-element-populated\">\n\t\t\t\t\t\t<div class=\"elementor-element elementor-element-44eba88 elementor-widget elementor-widget-heading\" data-id=\"44eba88\" data-element_type=\"widget\" data-widget_type=\"heading.default\">\n\t\t\t\t<div class=\"elementor-widget-container\">\n\t\t\t\t\t<h2 class=\"elementor-heading-title elementor-size-default\">Une Martinique ouverte aux voix du monde<\/h2>\t\t\t\t<\/div>\n\t\t\t\t<\/div>\n\t\t\t\t<div class=\"elementor-element elementor-element-0a357ed elementor-widget elementor-widget-text-editor\" data-id=\"0a357ed\" data-element_type=\"widget\" data-widget_type=\"text-editor.default\">\n\t\t\t\t<div class=\"elementor-widget-container\">\n\t\t\t\t\t\t\t\t\t<p><span style=\"font-weight: 400;\">Gr\u00e2ce \u00e0 la sensibilit\u00e9 de Viktor Lazlo, le Festival en Pays R\u00eav\u00e9 est devenu un lieu o\u00f9 les exp\u00e9riences de Dorcy Rugamba et d\u2019Olivier Norek dialoguent avec l\u2019<a href=\"https:\/\/richeskarayib.com\/fr\/hibiscus-records-new-bloom-renaissance\/\" target=\"_blank\" rel=\"noopener\">histoire martiniquaise.<\/a><\/span><span style=\"font-weight: 400;\"><br \/><\/span><span style=\"font-weight: 400;\"> Dans cette rencontre litt\u00e9raire en Martinique du 21 novembre, les deux \u00e9crivains ont montr\u00e9 que les mots peuvent devenir des chemins de compr\u00e9hension, des ponts entre les m\u00e9moires, et des outils pour emp\u00eacher que les blessures du pass\u00e9 ne se referment sur le silence.<\/span><\/p><p><span style=\"font-weight: 400;\">Dans ce temps suspendu offert par le Festival en Pays R\u00eav\u00e9, chacun a pu mesurer la puissance de deux r\u00e9cits venus d\u2019ailleurs, et repartir avec une forme d\u2019humanit\u00e9 raviv\u00e9e.<\/span><\/p>\t\t\t\t\t\t\t\t<\/div>\n\t\t\t\t<\/div>\n\t\t\t\t\t<\/div>\n\t\t<\/div>\n\t\t\t\t\t<\/div>\n\t\t<\/section>\n\t\t\t\t<section class=\"elementor-section elementor-top-section elementor-element elementor-element-5c7af3f elementor-section-boxed elementor-section-height-default elementor-section-height-default\" data-id=\"5c7af3f\" data-element_type=\"section\">\n\t\t\t\t\t\t<div class=\"elementor-container elementor-column-gap-default\">\n\t\t\t\t\t<div class=\"elementor-column elementor-col-100 elementor-top-column elementor-element elementor-element-ae4c881\" data-id=\"ae4c881\" data-element_type=\"column\">\n\t\t\t<div class=\"elementor-widget-wrap elementor-element-populated\">\n\t\t\t\t\t\t<div class=\"elementor-element elementor-element-53b0174 elementor-widget elementor-widget-heading\" data-id=\"53b0174\" data-element_type=\"widget\" data-widget_type=\"heading.default\">\n\t\t\t\t<div class=\"elementor-widget-container\">\n\t\t\t\t\t<h2 class=\"elementor-heading-title elementor-size-default\"> FAQ <\/h2>\t\t\t\t<\/div>\n\t\t\t\t<\/div>\n\t\t\t\t<section class=\"elementor-section elementor-inner-section elementor-element elementor-element-6f82d93 elementor-section-boxed elementor-section-height-default elementor-section-height-default\" data-id=\"6f82d93\" data-element_type=\"section\">\n\t\t\t\t\t\t<div class=\"elementor-container elementor-column-gap-default\">\n\t\t\t\t\t<div class=\"elementor-column elementor-col-100 elementor-inner-column elementor-element elementor-element-451f0a7\" data-id=\"451f0a7\" data-element_type=\"column\">\n\t\t\t<div class=\"elementor-widget-wrap elementor-element-populated\">\n\t\t\t\t\t\t<div class=\"elementor-element elementor-element-f9a1d5a elementor-widget elementor-widget-accordion\" data-id=\"f9a1d5a\" data-element_type=\"widget\" data-widget_type=\"accordion.default\">\n\t\t\t\t<div class=\"elementor-widget-container\">\n\t\t\t\t\t\t\t<div class=\"elementor-accordion\">\n\t\t\t\t\t\t\t<div class=\"elementor-accordion-item\">\n\t\t\t\t\t<div id=\"elementor-tab-title-2611\" class=\"elementor-tab-title\" data-tab=\"1\" role=\"button\" aria-controls=\"elementor-tab-content-2611\" aria-expanded=\"false\">\n\t\t\t\t\t\t\t\t\t\t\t\t\t<span class=\"elementor-accordion-icon elementor-accordion-icon-left\" aria-hidden=\"true\">\n\t\t\t\t\t\t\t\t\t\t\t\t\t\t\t<span class=\"elementor-accordion-icon-closed\"><i class=\"fas fa-plus\"><\/i><\/span>\n\t\t\t\t\t\t\t\t<span class=\"elementor-accordion-icon-opened\"><i class=\"fas fa-minus\"><\/i><\/span>\n\t\t\t\t\t\t\t\t\t\t\t\t\t\t<\/span>\n\t\t\t\t\t\t\t\t\t\t\t\t<a class=\"elementor-accordion-title\" tabindex=\"0\">Qu\u2019est-ce que le Festival en Pays R\u00eav\u00e9 ?<\/a>\n\t\t\t\t\t<\/div>\n\t\t\t\t\t<div id=\"elementor-tab-content-2611\" class=\"elementor-tab-content elementor-clearfix\" data-tab=\"1\" role=\"region\" aria-labelledby=\"elementor-tab-title-2611\"><p data-start=\"334\" data-end=\"644\">Le Festival en Pays R\u00eav\u00e9 est un \u00e9v\u00e9nement litt\u00e9raire organis\u00e9 en Martinique sous la direction artistique de <strong data-start=\"442\" data-end=\"458\">Viktor Lazlo<\/strong>. Il r\u00e9unit des auteurs, artistes et publics autour de rencontres, lectures, concerts et discussions qui explorent la m\u00e9moire, la cr\u00e9ation et les voix du monde carib\u00e9en et international.<\/p><\/div>\n\t\t\t\t<\/div>\n\t\t\t\t\t\t\t<div class=\"elementor-accordion-item\">\n\t\t\t\t\t<div id=\"elementor-tab-title-2612\" class=\"elementor-tab-title\" data-tab=\"2\" role=\"button\" aria-controls=\"elementor-tab-content-2612\" aria-expanded=\"false\">\n\t\t\t\t\t\t\t\t\t\t\t\t\t<span class=\"elementor-accordion-icon elementor-accordion-icon-left\" aria-hidden=\"true\">\n\t\t\t\t\t\t\t\t\t\t\t\t\t\t\t<span class=\"elementor-accordion-icon-closed\"><i class=\"fas fa-plus\"><\/i><\/span>\n\t\t\t\t\t\t\t\t<span class=\"elementor-accordion-icon-opened\"><i class=\"fas fa-minus\"><\/i><\/span>\n\t\t\t\t\t\t\t\t\t\t\t\t\t\t<\/span>\n\t\t\t\t\t\t\t\t\t\t\t\t<a class=\"elementor-accordion-title\" tabindex=\"0\">Pourquoi cette soir\u00e9e \u00e9tait-elle consacr\u00e9e au th\u00e8me \u00ab Le temps suspendu \u00bb ?<\/a>\n\t\t\t\t\t<\/div>\n\t\t\t\t\t<div id=\"elementor-tab-content-2612\" class=\"elementor-tab-content elementor-clearfix\" data-tab=\"2\" role=\"region\" aria-labelledby=\"elementor-tab-title-2612\"><p>Le th\u00e8me \u00ab Le temps suspendu \u00bb visait \u00e0 cr\u00e9er un espace de r\u00e9flexion sur ce que les guerres, les traumatismes et les h\u00e9ritages familiaux laissent en chacun. \u00c0 travers les voix de <strong data-start=\"917\" data-end=\"934\">Dorcy Rugamba<\/strong> et <strong data-start=\"938\" data-end=\"955\">Olivier Norek<\/strong>, la soir\u00e9e invitait \u00e0 ralentir, \u00e9couter, et comprendre ce que les r\u00e9cits personnels r\u00e9v\u00e8lent des histoires collectives.<\/p><\/div>\n\t\t\t\t<\/div>\n\t\t\t\t\t\t\t<div class=\"elementor-accordion-item\">\n\t\t\t\t\t<div id=\"elementor-tab-title-2613\" class=\"elementor-tab-title\" data-tab=\"3\" role=\"button\" aria-controls=\"elementor-tab-content-2613\" aria-expanded=\"false\">\n\t\t\t\t\t\t\t\t\t\t\t\t\t<span class=\"elementor-accordion-icon elementor-accordion-icon-left\" aria-hidden=\"true\">\n\t\t\t\t\t\t\t\t\t\t\t\t\t\t\t<span class=\"elementor-accordion-icon-closed\"><i class=\"fas fa-plus\"><\/i><\/span>\n\t\t\t\t\t\t\t\t<span class=\"elementor-accordion-icon-opened\"><i class=\"fas fa-minus\"><\/i><\/span>\n\t\t\t\t\t\t\t\t\t\t\t\t\t\t<\/span>\n\t\t\t\t\t\t\t\t\t\t\t\t<a class=\"elementor-accordion-title\" tabindex=\"0\">Qui \u00e9taient les auteurs invit\u00e9s \u00e0 cette rencontre ?<\/a>\n\t\t\t\t\t<\/div>\n\t\t\t\t\t<div id=\"elementor-tab-content-2613\" class=\"elementor-tab-content elementor-clearfix\" data-tab=\"3\" role=\"region\" aria-labelledby=\"elementor-tab-title-2613\"><p>La rencontre rassemblait <strong data-start=\"1170\" data-end=\"1187\">Dorcy Rugamba<\/strong>, auteur et com\u00e9dien rwandais, venu pr\u00e9senter <em data-start=\"1233\" data-end=\"1267\">Hewa Rwanda, lettres aux absents<\/em>, et <strong data-start=\"1272\" data-end=\"1289\">Olivier Norek<\/strong>, \u00e9crivain et ancien policier fran\u00e7ais, venu partager son travail autour de <em data-start=\"1365\" data-end=\"1391\">Les guerriers de l\u2019hiver<\/em>. Tous deux ont dialogu\u00e9 sur la guerre, la m\u00e9moire et la reconstruction.<\/p><\/div>\n\t\t\t\t<\/div>\n\t\t\t\t\t\t\t\t<\/div>\n\t\t\t\t\t\t<\/div>\n\t\t\t\t<\/div>\n\t\t\t\t\t<\/div>\n\t\t<\/div>\n\t\t\t\t\t<\/div>\n\t\t<\/section>\n\t\t\t\t\t<\/div>\n\t\t<\/div>\n\t\t\t\t\t<\/div>\n\t\t<\/section>\n\t\t\t\t<\/div>\n\t\t","protected":false},"excerpt":{"rendered":"<p>Le 21 novembre 2025, \u00e0 la Direction des Affaires culturelles de Martinique, la soir\u00e9e du Festival en Pays R\u00eav\u00e9 consacr\u00e9e \u00e0 \u00ab Le temps suspendu \u00bb a offert un moment de grande profondeur. Port\u00e9 par la vision de Viktor Lazlo, organisatrice et directrice artistique du festival, l\u2019\u00e9v\u00e9nement r\u00e9unissait Dorcy Rugamba et Olivier Norek, deux voix [&hellip;]<\/p>\n","protected":false},"author":662,"featured_media":65266,"comment_status":"open","ping_status":"open","sticky":false,"template":"","format":"standard","meta":{"_acf_changed":false,"footnotes":""},"categories":[1498,1359],"tags":[808],"class_list":["post-65261","post","type-post","status-publish","format-standard","has-post-thumbnail","hentry","category-gestion-devenements","category-litterature-fr","tag-martinique-fr"],"acf":[],"_links":{"self":[{"href":"https:\/\/richeskarayib.com\/fr\/wp-json\/wp\/v2\/posts\/65261","targetHints":{"allow":["GET"]}}],"collection":[{"href":"https:\/\/richeskarayib.com\/fr\/wp-json\/wp\/v2\/posts"}],"about":[{"href":"https:\/\/richeskarayib.com\/fr\/wp-json\/wp\/v2\/types\/post"}],"author":[{"embeddable":true,"href":"https:\/\/richeskarayib.com\/fr\/wp-json\/wp\/v2\/users\/662"}],"replies":[{"embeddable":true,"href":"https:\/\/richeskarayib.com\/fr\/wp-json\/wp\/v2\/comments?post=65261"}],"version-history":[{"count":0,"href":"https:\/\/richeskarayib.com\/fr\/wp-json\/wp\/v2\/posts\/65261\/revisions"}],"wp:featuredmedia":[{"embeddable":true,"href":"https:\/\/richeskarayib.com\/fr\/wp-json\/wp\/v2\/media\/65266"}],"wp:attachment":[{"href":"https:\/\/richeskarayib.com\/fr\/wp-json\/wp\/v2\/media?parent=65261"}],"wp:term":[{"taxonomy":"category","embeddable":true,"href":"https:\/\/richeskarayib.com\/fr\/wp-json\/wp\/v2\/categories?post=65261"},{"taxonomy":"post_tag","embeddable":true,"href":"https:\/\/richeskarayib.com\/fr\/wp-json\/wp\/v2\/tags?post=65261"}],"curies":[{"name":"wp","href":"https:\/\/api.w.org\/{rel}","templated":true}]}}