{"id":65339,"date":"2025-11-25T07:40:11","date_gmt":"2025-11-25T11:40:11","guid":{"rendered":"https:\/\/richeskarayib.com\/?p=65339"},"modified":"2025-11-25T07:40:11","modified_gmt":"2025-11-25T11:40:11","slug":"transat-cafe-lor-arrivee-martinique-horizon","status":"publish","type":"post","link":"https:\/\/richeskarayib.com\/fr\/transat-cafe-lor-arrivee-martinique-horizon\/","title":{"rendered":"TRANSAT CAF\u00c9 L\u2019OR : Martinique Horizon franchit la ligne \u00e0 Fort-de-France"},"content":{"rendered":"\t\t<div data-elementor-type=\"wp-post\" data-elementor-id=\"65339\" class=\"elementor elementor-65339\" data-elementor-post-type=\"post\">\n\t\t\t\t\t\t<section class=\"elementor-section elementor-top-section elementor-element elementor-element-7ca7ca1 elementor-section-boxed elementor-section-height-default elementor-section-height-default\" data-id=\"7ca7ca1\" data-element_type=\"section\">\n\t\t\t\t\t\t<div class=\"elementor-container elementor-column-gap-default\">\n\t\t\t\t\t<div class=\"elementor-column elementor-col-100 elementor-top-column elementor-element elementor-element-cbdd002\" data-id=\"cbdd002\" data-element_type=\"column\">\n\t\t\t<div class=\"elementor-widget-wrap elementor-element-populated\">\n\t\t\t\t\t\t<section class=\"elementor-section elementor-inner-section elementor-element elementor-element-bc94849 elementor-section-boxed elementor-section-height-default elementor-section-height-default\" data-id=\"bc94849\" data-element_type=\"section\">\n\t\t\t\t\t\t<div class=\"elementor-container elementor-column-gap-default\">\n\t\t\t\t\t\t<\/div>\n\t\t<\/section>\n\t\t\t\t<section class=\"elementor-section elementor-inner-section elementor-element elementor-element-61571e6 elementor-section-boxed elementor-section-height-default elementor-section-height-default\" data-id=\"61571e6\" data-element_type=\"section\">\n\t\t\t\t\t\t<div class=\"elementor-container elementor-column-gap-default\">\n\t\t\t\t\t\t<\/div>\n\t\t<\/section>\n\t\t\t\t<section class=\"elementor-section elementor-inner-section elementor-element elementor-element-b6262e0 elementor-section-boxed elementor-section-height-default elementor-section-height-default\" data-id=\"b6262e0\" data-element_type=\"section\">\n\t\t\t\t\t\t<div class=\"elementor-container elementor-column-gap-default\">\n\t\t\t\t\t\t<\/div>\n\t\t<\/section>\n\t\t\t\t<section class=\"elementor-section elementor-inner-section elementor-element elementor-element-cca29fd elementor-section-boxed elementor-section-height-default elementor-section-height-default\" data-id=\"cca29fd\" data-element_type=\"section\">\n\t\t\t\t\t\t<div class=\"elementor-container elementor-column-gap-default\">\n\t\t\t\t\t\t<\/div>\n\t\t<\/section>\n\t\t\t\t\t<\/div>\n\t\t<\/div>\n\t\t\t\t\t<\/div>\n\t\t<\/section>\n\t\t\t\t<section class=\"elementor-section elementor-top-section elementor-element elementor-element-5a7397d elementor-section-boxed elementor-section-height-default elementor-section-height-default\" data-id=\"5a7397d\" data-element_type=\"section\">\n\t\t\t\t\t\t<div class=\"elementor-container elementor-column-gap-default\">\n\t\t\t\t\t<div class=\"elementor-column elementor-col-100 elementor-top-column elementor-element elementor-element-e0e155e\" data-id=\"e0e155e\" data-element_type=\"column\">\n\t\t\t<div class=\"elementor-widget-wrap elementor-element-populated\">\n\t\t\t\t\t\t<div class=\"elementor-element elementor-element-43a45ac elementor-widget elementor-widget-text-editor\" data-id=\"43a45ac\" data-element_type=\"widget\" data-widget_type=\"text-editor.default\">\n\t\t\t\t<div class=\"elementor-widget-container\">\n\t\t\t\t\t\t\t\t\t<p><span style=\"font-weight: 400;\">L\u2019arriv\u00e9e de Jean-Yves Agla\u00e9 et Moane Mangattale \u00e0 Fort-de-France, ce dimanche 23 novembre \u00e0 9h41, a marqu\u00e9 l\u2019un des moments attendus de la <a href=\"https:\/\/www.transatcafelor.org\/\" target=\"_blank\" rel=\"noopener nofollow\">TRANSAT CAF\u00c9 L\u2019OR<\/a>. \u00c0 bord de leur Class40 Martinique Horizon, les deux navigateurs martiniquais terminent cette 17\u1d49 \u00e9dition \u00e0 la 34\u1d49 place, au terme d\u2019une travers\u00e9e longue et r\u00e9guli\u00e8re. Leur objectif \u00e9tait clair : terminer la course dans les temps. Ils y sont parvenus apr\u00e8s pr\u00e8s d\u2019un mois de navigation.<\/span><\/p>\t\t\t\t\t\t\t\t<\/div>\n\t\t\t\t<\/div>\n\t\t\t\t\t<\/div>\n\t\t<\/div>\n\t\t\t\t\t<\/div>\n\t\t<\/section>\n\t\t\t\t<section class=\"elementor-section elementor-top-section elementor-element elementor-element-ceca32c elementor-section-boxed elementor-section-height-default elementor-section-height-default\" data-id=\"ceca32c\" data-element_type=\"section\">\n\t\t\t\t\t\t<div class=\"elementor-container elementor-column-gap-default\">\n\t\t\t\t\t<div class=\"elementor-column elementor-col-100 elementor-top-column elementor-element elementor-element-5a2e383\" data-id=\"5a2e383\" data-element_type=\"column\">\n\t\t\t<div class=\"elementor-widget-wrap elementor-element-populated\">\n\t\t\t\t\t\t<div class=\"elementor-element elementor-element-6cedf5f elementor-widget elementor-widget-heading\" data-id=\"6cedf5f\" data-element_type=\"widget\" data-widget_type=\"heading.default\">\n\t\t\t\t<div class=\"elementor-widget-container\">\n\t\t\t\t\t<h2 class=\"elementor-heading-title elementor-size-default\">Une \u00e9preuve exigeante pour les Class40<\/h2>\t\t\t\t<\/div>\n\t\t\t\t<\/div>\n\t\t\t\t<section class=\"elementor-section elementor-inner-section elementor-element elementor-element-2e21925 elementor-section-boxed elementor-section-height-default elementor-section-height-default\" data-id=\"2e21925\" data-element_type=\"section\">\n\t\t\t\t\t\t<div class=\"elementor-container elementor-column-gap-default\">\n\t\t\t\t\t<div class=\"elementor-column elementor-col-100 elementor-inner-column elementor-element elementor-element-a78a242\" data-id=\"a78a242\" data-element_type=\"column\">\n\t\t\t<div class=\"elementor-widget-wrap\">\n\t\t\t\t\t\t\t<\/div>\n\t\t<\/div>\n\t\t\t\t\t<\/div>\n\t\t<\/section>\n\t\t\t\t<section class=\"elementor-section elementor-inner-section elementor-element elementor-element-174f992 elementor-section-boxed elementor-section-height-default elementor-section-height-default\" data-id=\"174f992\" data-element_type=\"section\">\n\t\t\t\t\t\t<div class=\"elementor-container elementor-column-gap-default\">\n\t\t\t\t\t<div class=\"elementor-column elementor-col-50 elementor-inner-column elementor-element elementor-element-15947a0\" data-id=\"15947a0\" data-element_type=\"column\">\n\t\t\t<div class=\"elementor-widget-wrap elementor-element-populated\">\n\t\t\t\t\t\t<div class=\"elementor-element elementor-element-e93d1fb elementor-widget elementor-widget-text-editor\" data-id=\"e93d1fb\" data-element_type=\"widget\" data-widget_type=\"text-editor.default\">\n\t\t\t\t<div class=\"elementor-widget-container\">\n\t\t\t\t\t\t\t\t\t<p><span style=\"font-weight: 400;\">La <a href=\"https:\/\/richeskarayib.com\/fr\/martinique-les-rencontres-du-yatch-club-retour-sur-levenement\/\" target=\"_blank\" rel=\"noopener\">TRANSAT CAF\u00c9 L\u2019OR<\/a>, disput\u00e9e en deux \u00e9tapes, reste une course complexe pour les Class40. Cette ann\u00e9e, 44 bateaux ont pris le d\u00e9part et 37 ont termin\u00e9 la course, tandis que 7 ont d\u00fb abandonner. <\/span><\/p><p><span style=\"font-weight: 400;\">Le parcours lors de la TRANSAT CAF\u00c9 L\u2019OR a \u00e9t\u00e9 marqu\u00e9 par des conditions m\u00e9t\u00e9orologiques instables, parfois favorables, parfois contraignantes, obligeant les skippers \u00e0 revoir leurs strat\u00e9gies en cours de route.<\/span><\/p><p><span style=\"font-weight: 400;\">Jean-Yves Agla\u00e9 et Moane Mangattale ont compl\u00e9t\u00e9 l\u2019ensemble du parcours en 26 jours, 10 heures et 52 secondes. <\/span><\/p><p><span style=\"font-weight: 400;\">Leur premi\u00e8re \u00e9tape a dur\u00e9 4 jours, 8 heures, 19 minutes et 42 secondes ; la seconde, plus longue, 22 jours, 1 heure, 41 minutes et 10 secondes.<\/span><\/p><p><span style=\"font-weight: 400;\">Leur progression a \u00e9t\u00e9 marqu\u00e9e par des p\u00e9riodes o\u00f9 les choix de route n\u2019ont pas offert les r\u00e9sultats esp\u00e9r\u00e9s, mais l\u2019\u00e9quipage a maintenu une navigation stable, sans incident majeur.<\/span><\/p>\t\t\t\t\t\t\t\t<\/div>\n\t\t\t\t<\/div>\n\t\t\t\t<div class=\"elementor-element elementor-element-cd69e12 elementor-widget elementor-widget-text-editor\" data-id=\"cd69e12\" data-element_type=\"widget\" data-widget_type=\"text-editor.default\">\n\t\t\t\t<div class=\"elementor-widget-container\">\n\t\t\t\t\t\t\t\t\t<p><span style=\"font-weight: 400;\">Les deux navigateurs l\u2019ont r\u00e9sum\u00e9 simplement : il fallait avancer, tenir le bateau et pr\u00e9server leur coh\u00e9rence malgr\u00e9 la fatigue. \u00ab Certaines d\u00e9cisions \u00e9taient difficiles, mais il fallait rester concentr\u00e9s et continuer \u00bb, ont-ils expliqu\u00e9 \u00e0 leur arriv\u00e9e.<\/span><\/p>\t\t\t\t\t\t\t\t<\/div>\n\t\t\t\t<\/div>\n\t\t\t\t<div class=\"elementor-element elementor-element-d6e0487 elementor-widget elementor-widget-image\" data-id=\"d6e0487\" data-element_type=\"widget\" data-widget_type=\"image.default\">\n\t\t\t\t<div class=\"elementor-widget-container\">\n\t\t\t\t\t\t\t\t\t\t\t\t\t\t\t<img fetchpriority=\"high\" decoding=\"async\" width=\"800\" height=\"534\" src=\"https:\/\/richeskarayib.com\/wp-content\/uploads\/2025\/11\/\u00a9TRANSAT-CAFE-LOR-1024x683.jpg\" class=\"attachment-large size-large wp-image-65340\" alt=\"TRANSAT CAF\u00c9 L\u2019OR\" srcset=\"https:\/\/richeskarayib.com\/wp-content\/uploads\/2025\/11\/\u00a9TRANSAT-CAFE-LOR-1024x683.jpg 1024w, https:\/\/richeskarayib.com\/wp-content\/uploads\/2025\/11\/\u00a9TRANSAT-CAFE-LOR-300x200.jpg 300w, https:\/\/richeskarayib.com\/wp-content\/uploads\/2025\/11\/\u00a9TRANSAT-CAFE-LOR-768x512.jpg 768w, https:\/\/richeskarayib.com\/wp-content\/uploads\/2025\/11\/\u00a9TRANSAT-CAFE-LOR-1536x1025.jpg 1536w, https:\/\/richeskarayib.com\/wp-content\/uploads\/2025\/11\/\u00a9TRANSAT-CAFE-LOR-1320x880.jpg 1320w, https:\/\/richeskarayib.com\/wp-content\/uploads\/2025\/11\/\u00a9TRANSAT-CAFE-LOR.jpg 2048w\" sizes=\"(max-width: 800px) 100vw, 800px\" \/>\t\t\t\t\t\t\t\t\t\t\t\t\t\t\t<\/div>\n\t\t\t\t<\/div>\n\t\t\t\t\t<\/div>\n\t\t<\/div>\n\t\t\t\t<div class=\"elementor-column elementor-col-50 elementor-inner-column elementor-element elementor-element-0c8dbc5\" data-id=\"0c8dbc5\" data-element_type=\"column\">\n\t\t\t<div class=\"elementor-widget-wrap elementor-element-populated\">\n\t\t\t\t\t\t<div class=\"elementor-element elementor-element-2171a7f elementor-widget elementor-widget-image\" data-id=\"2171a7f\" data-element_type=\"widget\" data-widget_type=\"image.default\">\n\t\t\t\t<div class=\"elementor-widget-container\">\n\t\t\t\t\t\t\t\t\t\t\t\t\t\t\t<img decoding=\"async\" width=\"473\" height=\"1024\" src=\"https:\/\/richeskarayib.com\/wp-content\/uploads\/2025\/11\/WhatsApp-Image-2025-11-25-a-04.18.21_93930dc5-473x1024.jpg\" class=\"attachment-large size-large wp-image-65356\" alt=\"TRANSAT CAF\u00c9 L\u2019OR\" srcset=\"https:\/\/richeskarayib.com\/wp-content\/uploads\/2025\/11\/WhatsApp-Image-2025-11-25-a-04.18.21_93930dc5-473x1024.jpg 473w, https:\/\/richeskarayib.com\/wp-content\/uploads\/2025\/11\/WhatsApp-Image-2025-11-25-a-04.18.21_93930dc5-139x300.jpg 139w, https:\/\/richeskarayib.com\/wp-content\/uploads\/2025\/11\/WhatsApp-Image-2025-11-25-a-04.18.21_93930dc5-709x1536.jpg 709w, https:\/\/richeskarayib.com\/wp-content\/uploads\/2025\/11\/WhatsApp-Image-2025-11-25-a-04.18.21_93930dc5.jpg 739w\" sizes=\"(max-width: 473px) 100vw, 473px\" \/>\t\t\t\t\t\t\t\t\t\t\t\t\t\t\t<\/div>\n\t\t\t\t<\/div>\n\t\t\t\t\t<\/div>\n\t\t<\/div>\n\t\t\t\t\t<\/div>\n\t\t<\/section>\n\t\t\t\t\t<\/div>\n\t\t<\/div>\n\t\t\t\t\t<\/div>\n\t\t<\/section>\n\t\t\t\t<section class=\"elementor-section elementor-top-section elementor-element elementor-element-9c88a89 elementor-section-boxed elementor-section-height-default elementor-section-height-default\" data-id=\"9c88a89\" data-element_type=\"section\">\n\t\t\t\t\t\t<div class=\"elementor-container elementor-column-gap-default\">\n\t\t\t\t\t<div class=\"elementor-column elementor-col-100 elementor-top-column elementor-element elementor-element-78cf5d1\" data-id=\"78cf5d1\" data-element_type=\"column\">\n\t\t\t<div class=\"elementor-widget-wrap elementor-element-populated\">\n\t\t\t\t\t\t<div class=\"elementor-element elementor-element-ea2a5c1 elementor-widget elementor-widget-heading\" data-id=\"ea2a5c1\" data-element_type=\"widget\" data-widget_type=\"heading.default\">\n\t\t\t\t<div class=\"elementor-widget-container\">\n\t\t\t\t\t<h2 class=\"elementor-heading-title elementor-size-default\">Un public mobilis\u00e9 d\u00e8s l\u2019aube<\/h2>\t\t\t\t<\/div>\n\t\t\t\t<\/div>\n\t\t\t\t<section class=\"elementor-section elementor-inner-section elementor-element elementor-element-2666eee elementor-section-boxed elementor-section-height-default elementor-section-height-default\" data-id=\"2666eee\" data-element_type=\"section\">\n\t\t\t\t\t\t<div class=\"elementor-container elementor-column-gap-default\">\n\t\t\t\t\t<div class=\"elementor-column elementor-col-100 elementor-inner-column elementor-element elementor-element-96e0fa0\" data-id=\"96e0fa0\" data-element_type=\"column\">\n\t\t\t<div class=\"elementor-widget-wrap elementor-element-populated\">\n\t\t\t\t\t\t<div class=\"elementor-element elementor-element-e305eee elementor-widget elementor-widget-text-editor\" data-id=\"e305eee\" data-element_type=\"widget\" data-widget_type=\"text-editor.default\">\n\t\t\t\t<div class=\"elementor-widget-container\">\n\t\t\t\t\t\t\t\t\t<p><span style=\"font-weight: 400;\">\u00c0 Fort-de-France, le public a commenc\u00e9 \u00e0 se rassembler d\u00e8s 7h30 sur le ponton d\u2019honneur. Habitants, familles, passionn\u00e9s de voile et curieux ont attendu l\u2019arriv\u00e9e de Martinique Horizon, cr\u00e9ant une atmosph\u00e8re attentive et solidaire. La pr\u00e9sence d\u2019un \u00e9quipage martiniquais dans cette course transatlantique a suscit\u00e9 un int\u00e9r\u00eat constant tout au long de l\u2019\u00e9preuve, et l\u2019arriv\u00e9e \u00e9tait per\u00e7ue comme un moment important pour beaucoup.<\/span><\/p><p><span style=\"font-weight: 400;\">Lorsque le Class40 est apparu aux abords de la baie, les applaudissements ont commenc\u00e9. Au passage de la ligne, ils sont devenus continus. Jean-Yves Agla\u00e9 et Moane Mangattale ont salu\u00e9 la foule, visiblement fatigu\u00e9s mais concentr\u00e9s, avant de rejoindre le ponton. Les deux hommes ont confi\u00e9 que revenir en Martinique pour terminer une telle course avait une signification particuli\u00e8re. \u00ab Arriver ici, devant notre population, c\u2019est un moment fort \u00bb, ont-ils d\u00e9clar\u00e9.<\/span><\/p>\t\t\t\t\t\t\t\t<\/div>\n\t\t\t\t<\/div>\n\t\t\t\t\t<\/div>\n\t\t<\/div>\n\t\t\t\t\t<\/div>\n\t\t<\/section>\n\t\t\t\t<section class=\"elementor-section elementor-inner-section elementor-element elementor-element-09ad1ac elementor-section-boxed elementor-section-height-default elementor-section-height-default\" data-id=\"09ad1ac\" data-element_type=\"section\">\n\t\t\t\t\t\t<div class=\"elementor-container elementor-column-gap-default\">\n\t\t\t\t\t<div class=\"elementor-column elementor-col-50 elementor-inner-column elementor-element elementor-element-96295c4\" data-id=\"96295c4\" data-element_type=\"column\">\n\t\t\t<div class=\"elementor-widget-wrap elementor-element-populated\">\n\t\t\t\t\t\t<div class=\"elementor-element elementor-element-a4495e9 elementor-widget elementor-widget-image\" data-id=\"a4495e9\" data-element_type=\"widget\" data-widget_type=\"image.default\">\n\t\t\t\t<div class=\"elementor-widget-container\">\n\t\t\t\t\t\t\t\t\t\t\t\t\t\t\t<img decoding=\"async\" width=\"800\" height=\"370\" src=\"https:\/\/richeskarayib.com\/wp-content\/uploads\/2025\/11\/WhatsApp-Image-2025-11-25-a-04.18.23_d17f0a63-1024x473.jpg\" class=\"attachment-large size-large wp-image-65348\" alt=\"TRANSAT CAF\u00c9 L\u2019OR\" srcset=\"https:\/\/richeskarayib.com\/wp-content\/uploads\/2025\/11\/WhatsApp-Image-2025-11-25-a-04.18.23_d17f0a63-1024x473.jpg 1024w, https:\/\/richeskarayib.com\/wp-content\/uploads\/2025\/11\/WhatsApp-Image-2025-11-25-a-04.18.23_d17f0a63-300x139.jpg 300w, https:\/\/richeskarayib.com\/wp-content\/uploads\/2025\/11\/WhatsApp-Image-2025-11-25-a-04.18.23_d17f0a63-768x355.jpg 768w, https:\/\/richeskarayib.com\/wp-content\/uploads\/2025\/11\/WhatsApp-Image-2025-11-25-a-04.18.23_d17f0a63-1536x709.jpg 1536w, https:\/\/richeskarayib.com\/wp-content\/uploads\/2025\/11\/WhatsApp-Image-2025-11-25-a-04.18.23_d17f0a63-1320x610.jpg 1320w, https:\/\/richeskarayib.com\/wp-content\/uploads\/2025\/11\/WhatsApp-Image-2025-11-25-a-04.18.23_d17f0a63.jpg 1600w\" sizes=\"(max-width: 800px) 100vw, 800px\" \/>\t\t\t\t\t\t\t\t\t\t\t\t\t\t\t<\/div>\n\t\t\t\t<\/div>\n\t\t\t\t\t<\/div>\n\t\t<\/div>\n\t\t\t\t<div class=\"elementor-column elementor-col-50 elementor-inner-column elementor-element elementor-element-d13370a\" data-id=\"d13370a\" data-element_type=\"column\">\n\t\t\t<div class=\"elementor-widget-wrap elementor-element-populated\">\n\t\t\t\t\t\t<div class=\"elementor-element elementor-element-b7f3a6f elementor-widget elementor-widget-image\" data-id=\"b7f3a6f\" data-element_type=\"widget\" data-widget_type=\"image.default\">\n\t\t\t\t<div class=\"elementor-widget-container\">\n\t\t\t\t\t\t\t\t\t\t\t\t\t\t\t<img loading=\"lazy\" decoding=\"async\" width=\"800\" height=\"370\" src=\"https:\/\/richeskarayib.com\/wp-content\/uploads\/2025\/11\/WhatsApp-Image-2025-11-25-a-04.18.24_3650d2df-1024x473.jpg\" class=\"attachment-large size-large wp-image-65344\" alt=\"TRANSAT CAF\u00c9 L\u2019OR\" srcset=\"https:\/\/richeskarayib.com\/wp-content\/uploads\/2025\/11\/WhatsApp-Image-2025-11-25-a-04.18.24_3650d2df-1024x473.jpg 1024w, https:\/\/richeskarayib.com\/wp-content\/uploads\/2025\/11\/WhatsApp-Image-2025-11-25-a-04.18.24_3650d2df-300x139.jpg 300w, https:\/\/richeskarayib.com\/wp-content\/uploads\/2025\/11\/WhatsApp-Image-2025-11-25-a-04.18.24_3650d2df-768x355.jpg 768w, https:\/\/richeskarayib.com\/wp-content\/uploads\/2025\/11\/WhatsApp-Image-2025-11-25-a-04.18.24_3650d2df-1536x709.jpg 1536w, https:\/\/richeskarayib.com\/wp-content\/uploads\/2025\/11\/WhatsApp-Image-2025-11-25-a-04.18.24_3650d2df-1320x610.jpg 1320w, https:\/\/richeskarayib.com\/wp-content\/uploads\/2025\/11\/WhatsApp-Image-2025-11-25-a-04.18.24_3650d2df.jpg 1600w\" sizes=\"(max-width: 800px) 100vw, 800px\" \/>\t\t\t\t\t\t\t\t\t\t\t\t\t\t\t<\/div>\n\t\t\t\t<\/div>\n\t\t\t\t\t<\/div>\n\t\t<\/div>\n\t\t\t\t\t<\/div>\n\t\t<\/section>\n\t\t\t\t<section class=\"elementor-section elementor-inner-section elementor-element elementor-element-b3a104c elementor-section-boxed elementor-section-height-default elementor-section-height-default\" data-id=\"b3a104c\" data-element_type=\"section\">\n\t\t\t\t\t\t<div class=\"elementor-container elementor-column-gap-default\">\n\t\t\t\t\t<div class=\"elementor-column elementor-col-100 elementor-inner-column elementor-element elementor-element-1e613d1\" data-id=\"1e613d1\" data-element_type=\"column\">\n\t\t\t<div class=\"elementor-widget-wrap elementor-element-populated\">\n\t\t\t\t\t\t<div class=\"elementor-element elementor-element-63c765e elementor-widget elementor-widget-image\" data-id=\"63c765e\" data-element_type=\"widget\" data-widget_type=\"image.default\">\n\t\t\t\t<div class=\"elementor-widget-container\">\n\t\t\t\t\t\t\t\t\t\t\t\t\t\t\t<img loading=\"lazy\" decoding=\"async\" width=\"800\" height=\"370\" src=\"https:\/\/richeskarayib.com\/wp-content\/uploads\/2025\/11\/cover-5-1024x473.jpg\" class=\"attachment-large size-large wp-image-65352\" alt=\"TRANSAT CAF\u00c9 L\u2019OR\" srcset=\"https:\/\/richeskarayib.com\/wp-content\/uploads\/2025\/11\/cover-5-1024x473.jpg 1024w, https:\/\/richeskarayib.com\/wp-content\/uploads\/2025\/11\/cover-5-300x139.jpg 300w, https:\/\/richeskarayib.com\/wp-content\/uploads\/2025\/11\/cover-5-768x355.jpg 768w, https:\/\/richeskarayib.com\/wp-content\/uploads\/2025\/11\/cover-5-1536x709.jpg 1536w, https:\/\/richeskarayib.com\/wp-content\/uploads\/2025\/11\/cover-5-1320x610.jpg 1320w, https:\/\/richeskarayib.com\/wp-content\/uploads\/2025\/11\/cover-5.jpg 1600w\" sizes=\"(max-width: 800px) 100vw, 800px\" \/>\t\t\t\t\t\t\t\t\t\t\t\t\t\t\t<\/div>\n\t\t\t\t<\/div>\n\t\t\t\t\t<\/div>\n\t\t<\/div>\n\t\t\t\t\t<\/div>\n\t\t<\/section>\n\t\t\t\t\t<\/div>\n\t\t<\/div>\n\t\t\t\t\t<\/div>\n\t\t<\/section>\n\t\t\t\t<section class=\"elementor-section elementor-top-section elementor-element elementor-element-103aced elementor-section-boxed elementor-section-height-default elementor-section-height-default\" data-id=\"103aced\" data-element_type=\"section\">\n\t\t\t\t\t\t<div class=\"elementor-container elementor-column-gap-default\">\n\t\t\t\t\t<div class=\"elementor-column elementor-col-100 elementor-top-column elementor-element elementor-element-e34f9f4\" data-id=\"e34f9f4\" data-element_type=\"column\">\n\t\t\t<div class=\"elementor-widget-wrap elementor-element-populated\">\n\t\t\t\t\t\t<div class=\"elementor-element elementor-element-c643e86 elementor-widget elementor-widget-heading\" data-id=\"c643e86\" data-element_type=\"widget\" data-widget_type=\"heading.default\">\n\t\t\t\t<div class=\"elementor-widget-container\">\n\t\t\t\t\t<h2 class=\"elementor-heading-title elementor-size-default\">Des conditions de course qui ont test\u00e9 leur endurance<\/h2>\t\t\t\t<\/div>\n\t\t\t\t<\/div>\n\t\t\t\t<div class=\"elementor-element elementor-element-f783f1a elementor-widget elementor-widget-text-editor\" data-id=\"f783f1a\" data-element_type=\"widget\" data-widget_type=\"text-editor.default\">\n\t\t\t\t<div class=\"elementor-widget-container\">\n\t\t\t\t\t\t\t\t\t<p><span style=\"font-weight: 400;\">La <a href=\"https:\/\/www.facebook.com\/TransatCafeLOR\/\" target=\"_blank\" rel=\"noopener nofollow\">TRANSAT CAF\u00c9 L\u2019OR<\/a> a \u00e9t\u00e9 marqu\u00e9e par des zones de vents faibles, des variations m\u00e9t\u00e9orologiques rapides et des nuits courtes. Les phases sans progression claire comptent parmi les moments les plus difficiles \u00e9voqu\u00e9s par les deux navigateurs. Ils ont expliqu\u00e9 que l\u2019essentiel \u00e9tait de maintenir une discipline constante : surveiller le mat\u00e9riel, ajuster rapidement les d\u00e9cisions et pr\u00e9server leur \u00e9nergie.<\/span><\/p><p><span style=\"font-weight: 400;\">Le bateau est arriv\u00e9 en bon \u00e9tat, signe d\u2019une gestion prudente et d\u2019un respect strict du mat\u00e9riel. La 34\u1d49 place refl\u00e8te une course men\u00e9e avec constance et une volont\u00e9 de s\u00e9curiser chaque \u00e9tape plut\u00f4t que de prendre des risques inutiles.<\/span><\/p>\t\t\t\t\t\t\t\t<\/div>\n\t\t\t\t<\/div>\n\t\t\t\t<div class=\"elementor-element elementor-element-a7e7c4f elementor-widget elementor-widget-image\" data-id=\"a7e7c4f\" data-element_type=\"widget\" data-widget_type=\"image.default\">\n\t\t\t\t<div class=\"elementor-widget-container\">\n\t\t\t\t\t\t\t\t\t\t\t\t\t\t\t<img loading=\"lazy\" decoding=\"async\" width=\"800\" height=\"370\" src=\"https:\/\/richeskarayib.com\/wp-content\/uploads\/2025\/11\/WhatsApp-Image-2025-11-25-a-04.18.23_66ffbd29-1024x473.jpg\" class=\"attachment-large size-large wp-image-65376\" alt=\"TRANSAT CAF\u00c9 L\u2019OR\" srcset=\"https:\/\/richeskarayib.com\/wp-content\/uploads\/2025\/11\/WhatsApp-Image-2025-11-25-a-04.18.23_66ffbd29-1024x473.jpg 1024w, https:\/\/richeskarayib.com\/wp-content\/uploads\/2025\/11\/WhatsApp-Image-2025-11-25-a-04.18.23_66ffbd29-300x139.jpg 300w, https:\/\/richeskarayib.com\/wp-content\/uploads\/2025\/11\/WhatsApp-Image-2025-11-25-a-04.18.23_66ffbd29-768x355.jpg 768w, https:\/\/richeskarayib.com\/wp-content\/uploads\/2025\/11\/WhatsApp-Image-2025-11-25-a-04.18.23_66ffbd29-1536x709.jpg 1536w, https:\/\/richeskarayib.com\/wp-content\/uploads\/2025\/11\/WhatsApp-Image-2025-11-25-a-04.18.23_66ffbd29-1320x610.jpg 1320w, https:\/\/richeskarayib.com\/wp-content\/uploads\/2025\/11\/WhatsApp-Image-2025-11-25-a-04.18.23_66ffbd29.jpg 1600w\" sizes=\"(max-width: 800px) 100vw, 800px\" \/>\t\t\t\t\t\t\t\t\t\t\t\t\t\t\t<\/div>\n\t\t\t\t<\/div>\n\t\t\t\t\t<\/div>\n\t\t<\/div>\n\t\t\t\t\t<\/div>\n\t\t<\/section>\n\t\t\t\t<section class=\"elementor-section elementor-top-section elementor-element elementor-element-274e6ec elementor-section-boxed elementor-section-height-default elementor-section-height-default\" data-id=\"274e6ec\" data-element_type=\"section\">\n\t\t\t\t\t\t<div class=\"elementor-container elementor-column-gap-default\">\n\t\t\t\t\t<div class=\"elementor-column elementor-col-100 elementor-top-column elementor-element elementor-element-2346b95\" data-id=\"2346b95\" data-element_type=\"column\">\n\t\t\t<div class=\"elementor-widget-wrap elementor-element-populated\">\n\t\t\t\t\t\t<div class=\"elementor-element elementor-element-44eba88 elementor-widget elementor-widget-heading\" data-id=\"44eba88\" data-element_type=\"widget\" data-widget_type=\"heading.default\">\n\t\t\t\t<div class=\"elementor-widget-container\">\n\t\t\t\t\t<h2 class=\"elementor-heading-title elementor-size-default\">Une \u00e9dition contrast\u00e9e selon les trajectoires<\/h2>\t\t\t\t<\/div>\n\t\t\t\t<\/div>\n\t\t\t\t<div class=\"elementor-element elementor-element-0a357ed elementor-widget elementor-widget-text-editor\" data-id=\"0a357ed\" data-element_type=\"widget\" data-widget_type=\"text-editor.default\">\n\t\t\t\t<div class=\"elementor-widget-container\">\n\t\t\t\t\t\t\t\t\t<p><span style=\"font-weight: 400;\">Dans cette \u00e9dition de la TRANSAT CAF\u00c9 L\u2019OR, les arriv\u00e9es ont \u00e9t\u00e9 tr\u00e8s \u00e9tal\u00e9es. Les vainqueurs en Class40, Guillaume Pirouelle et C\u00e9dric Chateau sur Seafrigo \u2013 Sogestran, ont franchi la ligne le 17 novembre. Plusieurs bateaux sont arriv\u00e9s dans la nuit du 22 au 23, dont celui de Thomas Lurton et Sasha Vandenbrouck, \u00e0 2h22. Un dernier Class40, R\u00eave \u00e0 perte de vue \u2013 Qwanza, \u00e9tait encore attendu pour cl\u00f4turer l\u2019\u00e9preuve.<\/span><\/p><p><span style=\"font-weight: 400;\">Dans ce contexte, l\u2019arriv\u00e9e de Martinique Horizon s\u2019inscrit dans une dynamique o\u00f9 chaque \u00e9quipage a d\u00fb composer avec ses propres contraintes : choix tactiques, exp\u00e9rience, \u00e9tat du mat\u00e9riel, fatigue accumul\u00e9e. Les deux navigateurs martiniquais ont men\u00e9 une course r\u00e9guli\u00e8re, en coh\u00e9rence avec leur projet et leurs moyens.<\/span><\/p>\t\t\t\t\t\t\t\t<\/div>\n\t\t\t\t<\/div>\n\t\t\t\t<section class=\"elementor-section elementor-inner-section elementor-element elementor-element-4dfafd6 elementor-section-boxed elementor-section-height-default elementor-section-height-default\" data-id=\"4dfafd6\" data-element_type=\"section\">\n\t\t\t\t\t\t<div class=\"elementor-container elementor-column-gap-default\">\n\t\t\t\t\t<div class=\"elementor-column elementor-col-50 elementor-inner-column elementor-element elementor-element-dbe9720\" data-id=\"dbe9720\" data-element_type=\"column\">\n\t\t\t<div class=\"elementor-widget-wrap elementor-element-populated\">\n\t\t\t\t\t\t<div class=\"elementor-element elementor-element-e4c53a7 elementor-widget elementor-widget-image\" data-id=\"e4c53a7\" data-element_type=\"widget\" data-widget_type=\"image.default\">\n\t\t\t\t<div class=\"elementor-widget-container\">\n\t\t\t\t\t\t\t\t\t\t\t\t\t\t\t<img loading=\"lazy\" decoding=\"async\" width=\"800\" height=\"370\" src=\"https:\/\/richeskarayib.com\/wp-content\/uploads\/2025\/11\/WhatsApp-Image-2025-11-25-a-04.18.23_60e656db-1024x473.jpg\" class=\"attachment-large size-large wp-image-65372\" alt=\"TRANSAT CAF\u00c9 L\u2019OR\" srcset=\"https:\/\/richeskarayib.com\/wp-content\/uploads\/2025\/11\/WhatsApp-Image-2025-11-25-a-04.18.23_60e656db-1024x473.jpg 1024w, https:\/\/richeskarayib.com\/wp-content\/uploads\/2025\/11\/WhatsApp-Image-2025-11-25-a-04.18.23_60e656db-300x139.jpg 300w, https:\/\/richeskarayib.com\/wp-content\/uploads\/2025\/11\/WhatsApp-Image-2025-11-25-a-04.18.23_60e656db-768x355.jpg 768w, https:\/\/richeskarayib.com\/wp-content\/uploads\/2025\/11\/WhatsApp-Image-2025-11-25-a-04.18.23_60e656db-1536x709.jpg 1536w, https:\/\/richeskarayib.com\/wp-content\/uploads\/2025\/11\/WhatsApp-Image-2025-11-25-a-04.18.23_60e656db-1320x610.jpg 1320w, https:\/\/richeskarayib.com\/wp-content\/uploads\/2025\/11\/WhatsApp-Image-2025-11-25-a-04.18.23_60e656db.jpg 1600w\" sizes=\"(max-width: 800px) 100vw, 800px\" \/>\t\t\t\t\t\t\t\t\t\t\t\t\t\t\t<\/div>\n\t\t\t\t<\/div>\n\t\t\t\t\t<\/div>\n\t\t<\/div>\n\t\t\t\t<div class=\"elementor-column elementor-col-50 elementor-inner-column elementor-element elementor-element-1e5edaa\" data-id=\"1e5edaa\" data-element_type=\"column\">\n\t\t\t<div class=\"elementor-widget-wrap elementor-element-populated\">\n\t\t\t\t\t\t<div class=\"elementor-element elementor-element-baef9b7 elementor-widget elementor-widget-image\" data-id=\"baef9b7\" data-element_type=\"widget\" data-widget_type=\"image.default\">\n\t\t\t\t<div class=\"elementor-widget-container\">\n\t\t\t\t\t\t\t\t\t\t\t\t\t\t\t<img loading=\"lazy\" decoding=\"async\" width=\"800\" height=\"370\" src=\"https:\/\/richeskarayib.com\/wp-content\/uploads\/2025\/11\/WhatsApp-Image-2025-11-25-a-04.18.23_95c4b734-1024x473.jpg\" class=\"attachment-large size-large wp-image-65368\" alt=\"TRANSAT CAF\u00c9 L\u2019OR\" srcset=\"https:\/\/richeskarayib.com\/wp-content\/uploads\/2025\/11\/WhatsApp-Image-2025-11-25-a-04.18.23_95c4b734-1024x473.jpg 1024w, https:\/\/richeskarayib.com\/wp-content\/uploads\/2025\/11\/WhatsApp-Image-2025-11-25-a-04.18.23_95c4b734-300x139.jpg 300w, https:\/\/richeskarayib.com\/wp-content\/uploads\/2025\/11\/WhatsApp-Image-2025-11-25-a-04.18.23_95c4b734-768x355.jpg 768w, https:\/\/richeskarayib.com\/wp-content\/uploads\/2025\/11\/WhatsApp-Image-2025-11-25-a-04.18.23_95c4b734-1536x709.jpg 1536w, https:\/\/richeskarayib.com\/wp-content\/uploads\/2025\/11\/WhatsApp-Image-2025-11-25-a-04.18.23_95c4b734-1320x610.jpg 1320w, https:\/\/richeskarayib.com\/wp-content\/uploads\/2025\/11\/WhatsApp-Image-2025-11-25-a-04.18.23_95c4b734.jpg 1600w\" sizes=\"(max-width: 800px) 100vw, 800px\" \/>\t\t\t\t\t\t\t\t\t\t\t\t\t\t\t<\/div>\n\t\t\t\t<\/div>\n\t\t\t\t\t<\/div>\n\t\t<\/div>\n\t\t\t\t\t<\/div>\n\t\t<\/section>\n\t\t\t\t\t<\/div>\n\t\t<\/div>\n\t\t\t\t\t<\/div>\n\t\t<\/section>\n\t\t\t\t<section class=\"elementor-section elementor-top-section elementor-element elementor-element-9fb3191 elementor-section-boxed elementor-section-height-default elementor-section-height-default\" data-id=\"9fb3191\" data-element_type=\"section\">\n\t\t\t\t\t\t<div class=\"elementor-container elementor-column-gap-default\">\n\t\t\t\t\t<div class=\"elementor-column elementor-col-100 elementor-top-column elementor-element elementor-element-7e64ae6\" data-id=\"7e64ae6\" data-element_type=\"column\">\n\t\t\t<div class=\"elementor-widget-wrap elementor-element-populated\">\n\t\t\t\t\t\t<div class=\"elementor-element elementor-element-7492112 elementor-widget elementor-widget-heading\" data-id=\"7492112\" data-element_type=\"widget\" data-widget_type=\"heading.default\">\n\t\t\t\t<div class=\"elementor-widget-container\">\n\t\t\t\t\t<h2 class=\"elementor-heading-title elementor-size-default\">Une participation importante pour la voile martiniquaise\n<\/h2>\t\t\t\t<\/div>\n\t\t\t\t<\/div>\n\t\t\t\t<section class=\"elementor-section elementor-inner-section elementor-element elementor-element-cab9611 elementor-section-boxed elementor-section-height-default elementor-section-height-default\" data-id=\"cab9611\" data-element_type=\"section\">\n\t\t\t\t\t\t<div class=\"elementor-container elementor-column-gap-default\">\n\t\t\t\t\t<div class=\"elementor-column elementor-col-100 elementor-inner-column elementor-element elementor-element-7ffa4db\" data-id=\"7ffa4db\" data-element_type=\"column\">\n\t\t\t<div class=\"elementor-widget-wrap elementor-element-populated\">\n\t\t\t\t\t\t<div class=\"elementor-element elementor-element-d0adefb elementor-widget elementor-widget-text-editor\" data-id=\"d0adefb\" data-element_type=\"widget\" data-widget_type=\"text-editor.default\">\n\t\t\t\t<div class=\"elementor-widget-container\">\n\t\t\t\t\t\t\t\t\t<p><span style=\"font-weight: 400;\">La pr\u00e9sence de Jean-Yves Agla\u00e9 et Moane Mangattale dans la TRANSAT CAF\u00c9 L\u2019OR constitue un rep\u00e8re pour la voile en Martinique. Leur participation lors de la TRANSAT CAF\u00c9 L\u2019OR renforce la visibilit\u00e9 du territoire dans un \u00e9v\u00e9nement majeur de la course au large. Elle montre que des marins issus du territoire peuvent s\u2019engager dans une \u00e9preuve transatlantique longue et technique.<\/span><\/p><p><span style=\"font-weight: 400;\">Ce type d\u2019exp\u00e9rience pourrait servir de base \u00e0 d\u2019autres projets locaux, notamment autour de la pr\u00e9paration de jeunes navigateurs ou de futurs \u00e9quipages martiniquais. Les deux skippers ont d\u2019ailleurs insist\u00e9 sur l\u2019importance du soutien re\u00e7u, qui a jou\u00e9 un r\u00f4le tout au long de la course.<\/span><\/p>\t\t\t\t\t\t\t\t<\/div>\n\t\t\t\t<\/div>\n\t\t\t\t\t<\/div>\n\t\t<\/div>\n\t\t\t\t\t<\/div>\n\t\t<\/section>\n\t\t\t\t<section class=\"elementor-section elementor-inner-section elementor-element elementor-element-ab57f7e elementor-section-boxed elementor-section-height-default elementor-section-height-default\" data-id=\"ab57f7e\" data-element_type=\"section\">\n\t\t\t\t\t\t<div class=\"elementor-container elementor-column-gap-default\">\n\t\t\t\t\t<div class=\"elementor-column elementor-col-50 elementor-inner-column elementor-element elementor-element-626bd5e\" data-id=\"626bd5e\" data-element_type=\"column\">\n\t\t\t<div class=\"elementor-widget-wrap elementor-element-populated\">\n\t\t\t\t\t\t<div class=\"elementor-element elementor-element-51a6b54 elementor-widget elementor-widget-image\" data-id=\"51a6b54\" data-element_type=\"widget\" data-widget_type=\"image.default\">\n\t\t\t\t<div class=\"elementor-widget-container\">\n\t\t\t\t\t\t\t\t\t\t\t\t\t\t\t<img loading=\"lazy\" decoding=\"async\" width=\"800\" height=\"370\" src=\"https:\/\/richeskarayib.com\/wp-content\/uploads\/2025\/11\/WhatsApp-Image-2025-11-25-a-04.18.23_5065273e-1024x473.jpg\" class=\"attachment-large size-large wp-image-65364\" alt=\"TRANSAT CAF\u00c9 L\u2019OR\" srcset=\"https:\/\/richeskarayib.com\/wp-content\/uploads\/2025\/11\/WhatsApp-Image-2025-11-25-a-04.18.23_5065273e-1024x473.jpg 1024w, https:\/\/richeskarayib.com\/wp-content\/uploads\/2025\/11\/WhatsApp-Image-2025-11-25-a-04.18.23_5065273e-300x139.jpg 300w, https:\/\/richeskarayib.com\/wp-content\/uploads\/2025\/11\/WhatsApp-Image-2025-11-25-a-04.18.23_5065273e-768x355.jpg 768w, https:\/\/richeskarayib.com\/wp-content\/uploads\/2025\/11\/WhatsApp-Image-2025-11-25-a-04.18.23_5065273e-1536x709.jpg 1536w, https:\/\/richeskarayib.com\/wp-content\/uploads\/2025\/11\/WhatsApp-Image-2025-11-25-a-04.18.23_5065273e-1320x610.jpg 1320w, https:\/\/richeskarayib.com\/wp-content\/uploads\/2025\/11\/WhatsApp-Image-2025-11-25-a-04.18.23_5065273e.jpg 1600w\" sizes=\"(max-width: 800px) 100vw, 800px\" \/>\t\t\t\t\t\t\t\t\t\t\t\t\t\t\t<\/div>\n\t\t\t\t<\/div>\n\t\t\t\t\t<\/div>\n\t\t<\/div>\n\t\t\t\t<div class=\"elementor-column elementor-col-50 elementor-inner-column elementor-element elementor-element-2bc0273\" data-id=\"2bc0273\" data-element_type=\"column\">\n\t\t\t<div class=\"elementor-widget-wrap elementor-element-populated\">\n\t\t\t\t\t\t<div class=\"elementor-element elementor-element-fe21240 elementor-widget elementor-widget-image\" data-id=\"fe21240\" data-element_type=\"widget\" data-widget_type=\"image.default\">\n\t\t\t\t<div class=\"elementor-widget-container\">\n\t\t\t\t\t\t\t\t\t\t\t\t\t\t\t<img loading=\"lazy\" decoding=\"async\" width=\"800\" height=\"370\" src=\"https:\/\/richeskarayib.com\/wp-content\/uploads\/2025\/11\/WhatsApp-Image-2025-11-25-a-04.18.24_0ab486a5-1024x473.jpg\" class=\"attachment-large size-large wp-image-65360\" alt=\"TRANSAT CAF\u00c9 L\u2019OR\" srcset=\"https:\/\/richeskarayib.com\/wp-content\/uploads\/2025\/11\/WhatsApp-Image-2025-11-25-a-04.18.24_0ab486a5-1024x473.jpg 1024w, https:\/\/richeskarayib.com\/wp-content\/uploads\/2025\/11\/WhatsApp-Image-2025-11-25-a-04.18.24_0ab486a5-300x139.jpg 300w, https:\/\/richeskarayib.com\/wp-content\/uploads\/2025\/11\/WhatsApp-Image-2025-11-25-a-04.18.24_0ab486a5-768x355.jpg 768w, https:\/\/richeskarayib.com\/wp-content\/uploads\/2025\/11\/WhatsApp-Image-2025-11-25-a-04.18.24_0ab486a5-1536x709.jpg 1536w, https:\/\/richeskarayib.com\/wp-content\/uploads\/2025\/11\/WhatsApp-Image-2025-11-25-a-04.18.24_0ab486a5-1320x610.jpg 1320w, https:\/\/richeskarayib.com\/wp-content\/uploads\/2025\/11\/WhatsApp-Image-2025-11-25-a-04.18.24_0ab486a5.jpg 1600w\" sizes=\"(max-width: 800px) 100vw, 800px\" \/>\t\t\t\t\t\t\t\t\t\t\t\t\t\t\t<\/div>\n\t\t\t\t<\/div>\n\t\t\t\t\t<\/div>\n\t\t<\/div>\n\t\t\t\t\t<\/div>\n\t\t<\/section>\n\t\t\t\t\t<\/div>\n\t\t<\/div>\n\t\t\t\t\t<\/div>\n\t\t<\/section>\n\t\t\t\t<section class=\"elementor-section elementor-top-section elementor-element elementor-element-4cfced1 elementor-section-boxed elementor-section-height-default elementor-section-height-default\" data-id=\"4cfced1\" data-element_type=\"section\">\n\t\t\t\t\t\t<div class=\"elementor-container elementor-column-gap-default\">\n\t\t\t\t\t<div class=\"elementor-column elementor-col-100 elementor-top-column elementor-element elementor-element-c019f2d\" data-id=\"c019f2d\" data-element_type=\"column\">\n\t\t\t<div class=\"elementor-widget-wrap elementor-element-populated\">\n\t\t\t\t\t\t<div class=\"elementor-element elementor-element-f27cfcf elementor-widget elementor-widget-heading\" data-id=\"f27cfcf\" data-element_type=\"widget\" data-widget_type=\"heading.default\">\n\t\t\t\t<div class=\"elementor-widget-container\">\n\t\t\t\t\t<h2 class=\"elementor-heading-title elementor-size-default\">Une course termin\u00e9e avec rigueur et coh\u00e9rence<\/h2>\t\t\t\t<\/div>\n\t\t\t\t<\/div>\n\t\t\t\t<div class=\"elementor-element elementor-element-4d7216f elementor-widget elementor-widget-text-editor\" data-id=\"4d7216f\" data-element_type=\"widget\" data-widget_type=\"text-editor.default\">\n\t\t\t\t<div class=\"elementor-widget-container\">\n\t\t\t\t\t\t\t\t\t<p><span style=\"font-weight: 400;\">L\u2019arriv\u00e9e de Martinique Horizon conclut une travers\u00e9e\u00a0 men\u00e9e avec s\u00e9rieux, sans exc\u00e8s ni minimisation. Le bateau a franchi la ligne dans les temps, dans un bon \u00e9tat g\u00e9n\u00e9ral, avec un \u00e9quipage qui a su rester concentr\u00e9 malgr\u00e9 les difficult\u00e9s et la fatigue.<\/span><\/p><p><span style=\"font-weight: 400;\">Fort-de-France a r\u00e9serv\u00e9 un accueil \u00e0 la hauteur de l\u2019engagement des deux navigateurs, confirmant l\u2019int\u00e9r\u00eat du public martiniquais pour cette \u00e9dition. Avec cette arriv\u00e9e, Jean-Yves Agla\u00e9 et Moane Mangattale signent une participation solide, qui pourrait encourager d\u2019autres initiatives nautiques sur le territoire.<\/span><\/p>\t\t\t\t\t\t\t\t<\/div>\n\t\t\t\t<\/div>\n\t\t\t\t<div class=\"elementor-element elementor-element-3b84a88 elementor-widget elementor-widget-text-editor\" data-id=\"3b84a88\" data-element_type=\"widget\" data-widget_type=\"text-editor.default\">\n\t\t\t\t<div class=\"elementor-widget-container\">\n\t\t\t\t\t\t\t\t\t<p><span style=\"font-weight: 400;\">Pour en savoir davantage sur la TRANSAT CAF\u00c9 L\u2019OR, retrouvez notre analyse compl\u00e8te dans le dernier num\u00e9ro de notre <a href=\"https:\/\/www.calameo.com\/read\/0079817941a937b2f6487\" target=\"_blank\" rel=\"noopener nofollow\">magazine<\/a>.<\/span><\/p>\t\t\t\t\t\t\t\t<\/div>\n\t\t\t\t<\/div>\n\t\t\t\t\t<\/div>\n\t\t<\/div>\n\t\t\t\t\t<\/div>\n\t\t<\/section>\n\t\t\t\t<section class=\"elementor-section elementor-top-section elementor-element elementor-element-5c7af3f elementor-section-boxed elementor-section-height-default elementor-section-height-default\" data-id=\"5c7af3f\" data-element_type=\"section\">\n\t\t\t\t\t\t<div class=\"elementor-container elementor-column-gap-default\">\n\t\t\t\t\t<div class=\"elementor-column elementor-col-100 elementor-top-column elementor-element elementor-element-ae4c881\" data-id=\"ae4c881\" data-element_type=\"column\">\n\t\t\t<div class=\"elementor-widget-wrap elementor-element-populated\">\n\t\t\t\t\t\t<div class=\"elementor-element elementor-element-53b0174 elementor-widget elementor-widget-heading\" data-id=\"53b0174\" data-element_type=\"widget\" data-widget_type=\"heading.default\">\n\t\t\t\t<div class=\"elementor-widget-container\">\n\t\t\t\t\t<h2 class=\"elementor-heading-title elementor-size-default\"> FAQ <\/h2>\t\t\t\t<\/div>\n\t\t\t\t<\/div>\n\t\t\t\t<section class=\"elementor-section elementor-inner-section elementor-element elementor-element-6f82d93 elementor-section-boxed elementor-section-height-default elementor-section-height-default\" data-id=\"6f82d93\" data-element_type=\"section\">\n\t\t\t\t\t\t<div class=\"elementor-container elementor-column-gap-default\">\n\t\t\t\t\t<div class=\"elementor-column elementor-col-100 elementor-inner-column elementor-element elementor-element-451f0a7\" data-id=\"451f0a7\" data-element_type=\"column\">\n\t\t\t<div class=\"elementor-widget-wrap elementor-element-populated\">\n\t\t\t\t\t\t<div class=\"elementor-element elementor-element-f9a1d5a elementor-widget elementor-widget-accordion\" data-id=\"f9a1d5a\" data-element_type=\"widget\" data-widget_type=\"accordion.default\">\n\t\t\t\t<div class=\"elementor-widget-container\">\n\t\t\t\t\t\t\t<div class=\"elementor-accordion\">\n\t\t\t\t\t\t\t<div class=\"elementor-accordion-item\">\n\t\t\t\t\t<div id=\"elementor-tab-title-2611\" class=\"elementor-tab-title\" data-tab=\"1\" role=\"button\" aria-controls=\"elementor-tab-content-2611\" aria-expanded=\"false\">\n\t\t\t\t\t\t\t\t\t\t\t\t\t<span class=\"elementor-accordion-icon elementor-accordion-icon-left\" aria-hidden=\"true\">\n\t\t\t\t\t\t\t\t\t\t\t\t\t\t\t<span class=\"elementor-accordion-icon-closed\"><i class=\"fas fa-plus\"><\/i><\/span>\n\t\t\t\t\t\t\t\t<span class=\"elementor-accordion-icon-opened\"><i class=\"fas fa-minus\"><\/i><\/span>\n\t\t\t\t\t\t\t\t\t\t\t\t\t\t<\/span>\n\t\t\t\t\t\t\t\t\t\t\t\t<a class=\"elementor-accordion-title\" tabindex=\"0\">Qu\u2019est-ce que la TRANSAT CAF\u00c9 L\u2019OR ?<\/a>\n\t\t\t\t\t<\/div>\n\t\t\t\t\t<div id=\"elementor-tab-content-2611\" class=\"elementor-tab-content elementor-clearfix\" data-tab=\"1\" role=\"region\" aria-labelledby=\"elementor-tab-title-2611\"><p data-start=\"334\" data-end=\"644\">La TRANSAT CAF\u00c9 L\u2019OR est une course transatlantique en double, disput\u00e9e en deux \u00e9tapes, qui r\u00e9unit plusieurs cat\u00e9gories de voiliers dont les Class40. Elle relie l\u2019Europe \u00e0 la Martinique et figure parmi les grandes \u00e9preuves du calendrier de la course au large.<\/p><\/div>\n\t\t\t\t<\/div>\n\t\t\t\t\t\t\t<div class=\"elementor-accordion-item\">\n\t\t\t\t\t<div id=\"elementor-tab-title-2612\" class=\"elementor-tab-title\" data-tab=\"2\" role=\"button\" aria-controls=\"elementor-tab-content-2612\" aria-expanded=\"false\">\n\t\t\t\t\t\t\t\t\t\t\t\t\t<span class=\"elementor-accordion-icon elementor-accordion-icon-left\" aria-hidden=\"true\">\n\t\t\t\t\t\t\t\t\t\t\t\t\t\t\t<span class=\"elementor-accordion-icon-closed\"><i class=\"fas fa-plus\"><\/i><\/span>\n\t\t\t\t\t\t\t\t<span class=\"elementor-accordion-icon-opened\"><i class=\"fas fa-minus\"><\/i><\/span>\n\t\t\t\t\t\t\t\t\t\t\t\t\t\t<\/span>\n\t\t\t\t\t\t\t\t\t\t\t\t<a class=\"elementor-accordion-title\" tabindex=\"0\">Quelle performance a r\u00e9alis\u00e9 Martinique Horizon sur la TRANSAT CAF\u00c9 L\u2019OR ?<\/a>\n\t\t\t\t\t<\/div>\n\t\t\t\t\t<div id=\"elementor-tab-content-2612\" class=\"elementor-tab-content elementor-clearfix\" data-tab=\"2\" role=\"region\" aria-labelledby=\"elementor-tab-title-2612\"><p>Le Class40 <em data-start=\"586\" data-end=\"606\">Martinique Horizon<\/em>, skipp\u00e9 par <strong data-start=\"619\" data-end=\"638\">Jean-Yves Agla\u00e9<\/strong> et <strong data-start=\"642\" data-end=\"662\">Moane Mangattale<\/strong>, a termin\u00e9 la TRANSAT CAF\u00c9 L\u2019OR \u00e0 la 34\u1d49 place, avec un temps total de 26 jours, 10 heures et 52 secondes. Les deux navigateurs ont atteint leur objectif principal : finir la course dans les temps.<\/p><\/div>\n\t\t\t\t<\/div>\n\t\t\t\t\t\t\t<div class=\"elementor-accordion-item\">\n\t\t\t\t\t<div id=\"elementor-tab-title-2613\" class=\"elementor-tab-title\" data-tab=\"3\" role=\"button\" aria-controls=\"elementor-tab-content-2613\" aria-expanded=\"false\">\n\t\t\t\t\t\t\t\t\t\t\t\t\t<span class=\"elementor-accordion-icon elementor-accordion-icon-left\" aria-hidden=\"true\">\n\t\t\t\t\t\t\t\t\t\t\t\t\t\t\t<span class=\"elementor-accordion-icon-closed\"><i class=\"fas fa-plus\"><\/i><\/span>\n\t\t\t\t\t\t\t\t<span class=\"elementor-accordion-icon-opened\"><i class=\"fas fa-minus\"><\/i><\/span>\n\t\t\t\t\t\t\t\t\t\t\t\t\t\t<\/span>\n\t\t\t\t\t\t\t\t\t\t\t\t<a class=\"elementor-accordion-title\" tabindex=\"0\">Pourquoi l\u2019arriv\u00e9e de Martinique Horizon a-t-elle marqu\u00e9 le public en Martinique ?<\/a>\n\t\t\t\t\t<\/div>\n\t\t\t\t\t<div id=\"elementor-tab-content-2613\" class=\"elementor-tab-content elementor-clearfix\" data-tab=\"3\" role=\"region\" aria-labelledby=\"elementor-tab-title-2613\"><p>L\u2019arriv\u00e9e de <em data-start=\"976\" data-end=\"996\">Martinique Horizon<\/em> a attir\u00e9 de nombreux spectateurs d\u00e8s l\u2019aube. Pour beaucoup, voir deux navigateurs martiniquais terminer une course transatlantique de ce niveau repr\u00e9sente un moment important pour la voile locale et un rep\u00e8re pour les projets nautiques du territoire.<\/p><\/div>\n\t\t\t\t<\/div>\n\t\t\t\t\t\t\t\t<\/div>\n\t\t\t\t\t\t<\/div>\n\t\t\t\t<\/div>\n\t\t\t\t\t<\/div>\n\t\t<\/div>\n\t\t\t\t\t<\/div>\n\t\t<\/section>\n\t\t\t\t\t<\/div>\n\t\t<\/div>\n\t\t\t\t\t<\/div>\n\t\t<\/section>\n\t\t\t\t<\/div>\n\t\t","protected":false},"excerpt":{"rendered":"<p>L\u2019arriv\u00e9e de Jean-Yves Agla\u00e9 et Moane Mangattale \u00e0 Fort-de-France, ce dimanche 23 novembre \u00e0 9h41, a marqu\u00e9 l\u2019un des moments attendus de la TRANSAT CAF\u00c9 L\u2019OR. \u00c0 bord de leur Class40 Martinique Horizon, les deux navigateurs martiniquais terminent cette 17\u1d49 \u00e9dition \u00e0 la 34\u1d49 place, au terme d\u2019une travers\u00e9e longue et r\u00e9guli\u00e8re. Leur objectif \u00e9tait [&hellip;]<\/p>\n","protected":false},"author":662,"featured_media":65340,"comment_status":"open","ping_status":"open","sticky":false,"template":"","format":"standard","meta":{"_acf_changed":false,"footnotes":""},"categories":[1723],"tags":[808],"class_list":["post-65339","post","type-post","status-publish","format-standard","has-post-thumbnail","hentry","category-maritime-fr","tag-martinique-fr"],"acf":[],"_links":{"self":[{"href":"https:\/\/richeskarayib.com\/fr\/wp-json\/wp\/v2\/posts\/65339","targetHints":{"allow":["GET"]}}],"collection":[{"href":"https:\/\/richeskarayib.com\/fr\/wp-json\/wp\/v2\/posts"}],"about":[{"href":"https:\/\/richeskarayib.com\/fr\/wp-json\/wp\/v2\/types\/post"}],"author":[{"embeddable":true,"href":"https:\/\/richeskarayib.com\/fr\/wp-json\/wp\/v2\/users\/662"}],"replies":[{"embeddable":true,"href":"https:\/\/richeskarayib.com\/fr\/wp-json\/wp\/v2\/comments?post=65339"}],"version-history":[{"count":0,"href":"https:\/\/richeskarayib.com\/fr\/wp-json\/wp\/v2\/posts\/65339\/revisions"}],"wp:featuredmedia":[{"embeddable":true,"href":"https:\/\/richeskarayib.com\/fr\/wp-json\/wp\/v2\/media\/65340"}],"wp:attachment":[{"href":"https:\/\/richeskarayib.com\/fr\/wp-json\/wp\/v2\/media?parent=65339"}],"wp:term":[{"taxonomy":"category","embeddable":true,"href":"https:\/\/richeskarayib.com\/fr\/wp-json\/wp\/v2\/categories?post=65339"},{"taxonomy":"post_tag","embeddable":true,"href":"https:\/\/richeskarayib.com\/fr\/wp-json\/wp\/v2\/tags?post=65339"}],"curies":[{"name":"wp","href":"https:\/\/api.w.org\/{rel}","templated":true}]}}