{"id":65409,"date":"2025-11-26T12:34:23","date_gmt":"2025-11-26T16:34:23","guid":{"rendered":"https:\/\/richeskarayib.com\/?p=65409"},"modified":"2025-11-26T12:34:23","modified_gmt":"2025-11-26T16:34:23","slug":"merengue-histoire-republique-dominicaine","status":"publish","type":"post","link":"https:\/\/richeskarayib.com\/fr\/merengue-histoire-republique-dominicaine\/","title":{"rendered":"Merengue : le rythme qui raconte l\u2019histoire de la R\u00e9publique dominicaine"},"content":{"rendered":"\t\t<div data-elementor-type=\"wp-post\" data-elementor-id=\"65409\" class=\"elementor elementor-65409\" data-elementor-post-type=\"post\">\n\t\t\t\t\t\t<section class=\"elementor-section elementor-top-section elementor-element elementor-element-7ca7ca1 elementor-section-boxed elementor-section-height-default elementor-section-height-default\" data-id=\"7ca7ca1\" data-element_type=\"section\">\n\t\t\t\t\t\t<div class=\"elementor-container elementor-column-gap-default\">\n\t\t\t\t\t<div class=\"elementor-column elementor-col-100 elementor-top-column elementor-element elementor-element-cbdd002\" data-id=\"cbdd002\" data-element_type=\"column\">\n\t\t\t<div class=\"elementor-widget-wrap elementor-element-populated\">\n\t\t\t\t\t\t<section class=\"elementor-section elementor-inner-section elementor-element elementor-element-bc94849 elementor-section-boxed elementor-section-height-default elementor-section-height-default\" data-id=\"bc94849\" data-element_type=\"section\">\n\t\t\t\t\t\t<div class=\"elementor-container elementor-column-gap-default\">\n\t\t\t\t\t\t<\/div>\n\t\t<\/section>\n\t\t\t\t<section class=\"elementor-section elementor-inner-section elementor-element elementor-element-61571e6 elementor-section-boxed elementor-section-height-default elementor-section-height-default\" data-id=\"61571e6\" data-element_type=\"section\">\n\t\t\t\t\t\t<div class=\"elementor-container elementor-column-gap-default\">\n\t\t\t\t\t\t<\/div>\n\t\t<\/section>\n\t\t\t\t<section class=\"elementor-section elementor-inner-section elementor-element elementor-element-b6262e0 elementor-section-boxed elementor-section-height-default elementor-section-height-default\" data-id=\"b6262e0\" data-element_type=\"section\">\n\t\t\t\t\t\t<div class=\"elementor-container elementor-column-gap-default\">\n\t\t\t\t\t\t<\/div>\n\t\t<\/section>\n\t\t\t\t<section class=\"elementor-section elementor-inner-section elementor-element elementor-element-cca29fd elementor-section-boxed elementor-section-height-default elementor-section-height-default\" data-id=\"cca29fd\" data-element_type=\"section\">\n\t\t\t\t\t\t<div class=\"elementor-container elementor-column-gap-default\">\n\t\t\t\t\t\t<\/div>\n\t\t<\/section>\n\t\t\t\t\t<\/div>\n\t\t<\/div>\n\t\t\t\t\t<\/div>\n\t\t<\/section>\n\t\t\t\t<section class=\"elementor-section elementor-top-section elementor-element elementor-element-5a7397d elementor-section-boxed elementor-section-height-default elementor-section-height-default\" data-id=\"5a7397d\" data-element_type=\"section\">\n\t\t\t\t\t\t<div class=\"elementor-container elementor-column-gap-default\">\n\t\t\t\t\t<div class=\"elementor-column elementor-col-100 elementor-top-column elementor-element elementor-element-e0e155e\" data-id=\"e0e155e\" data-element_type=\"column\">\n\t\t\t<div class=\"elementor-widget-wrap elementor-element-populated\">\n\t\t\t\t\t\t<div class=\"elementor-element elementor-element-43a45ac elementor-widget elementor-widget-text-editor\" data-id=\"43a45ac\" data-element_type=\"widget\" data-widget_type=\"text-editor.default\">\n\t\t\t\t<div class=\"elementor-widget-container\">\n\t\t\t\t\t\t\t\t\t<p><span style=\"font-weight: 400;\"><a href=\"https:\/\/ich.unesco.org\/en\/RL\/music-and-dance-of-the-merengue-in-the-dominican-republic-01162?utm_source=chatgpt.com\" target=\"_blank\" rel=\"noopener nofollow\">Le Merengue<\/a>, h\u00e9ritage vivant de la <a href=\"https:\/\/richeskarayib.com\/fr\/la-republique-dominicaine-elue-au-comite-du-patrimoine-culturel-immateriel-de-lunesco\/\" target=\"_blank\" rel=\"noopener\">culture dominicaine<\/a>, r\u00e9unit musique, danse, m\u00e9moire et identit\u00e9. Chaque 26 novembre, les habitants de la R\u00e9publique dominicaine lui consacrent une journ\u00e9e nationale, rappelant l\u2019importance de ce rythme qui accompagne autant les moments de joie collective que les instants intimes. Mais derri\u00e8re son \u00e9nergie solaire se cache une histoire riche, profond\u00e9ment carib\u00e9enne, qui continue d\u2019\u00e9voluer et de s\u2019imposer sur la sc\u00e8ne internationale.<\/span><\/p>\t\t\t\t\t\t\t\t<\/div>\n\t\t\t\t<\/div>\n\t\t\t\t\t<\/div>\n\t\t<\/div>\n\t\t\t\t\t<\/div>\n\t\t<\/section>\n\t\t\t\t<section class=\"elementor-section elementor-top-section elementor-element elementor-element-ceca32c elementor-section-boxed elementor-section-height-default elementor-section-height-default\" data-id=\"ceca32c\" data-element_type=\"section\">\n\t\t\t\t\t\t<div class=\"elementor-container elementor-column-gap-default\">\n\t\t\t\t\t<div class=\"elementor-column elementor-col-100 elementor-top-column elementor-element elementor-element-5a2e383\" data-id=\"5a2e383\" data-element_type=\"column\">\n\t\t\t<div class=\"elementor-widget-wrap elementor-element-populated\">\n\t\t\t\t\t\t<div class=\"elementor-element elementor-element-6cedf5f elementor-widget elementor-widget-heading\" data-id=\"6cedf5f\" data-element_type=\"widget\" data-widget_type=\"heading.default\">\n\t\t\t\t<div class=\"elementor-widget-container\">\n\t\t\t\t\t<h2 class=\"elementor-heading-title elementor-size-default\">Un symbole populaire devenu patrimoine culturel<\/h2>\t\t\t\t<\/div>\n\t\t\t\t<\/div>\n\t\t\t\t<section class=\"elementor-section elementor-inner-section elementor-element elementor-element-0eb19b5 elementor-section-boxed elementor-section-height-default elementor-section-height-default\" data-id=\"0eb19b5\" data-element_type=\"section\">\n\t\t\t\t\t\t<div class=\"elementor-container elementor-column-gap-default\">\n\t\t\t\t\t<div class=\"elementor-column elementor-col-100 elementor-inner-column elementor-element elementor-element-a22f06f\" data-id=\"a22f06f\" data-element_type=\"column\">\n\t\t\t<div class=\"elementor-widget-wrap elementor-element-populated\">\n\t\t\t\t\t\t<div class=\"elementor-element elementor-element-e93d1fb elementor-widget elementor-widget-text-editor\" data-id=\"e93d1fb\" data-element_type=\"widget\" data-widget_type=\"text-editor.default\">\n\t\t\t\t<div class=\"elementor-widget-container\">\n\t\t\t\t\t\t\t\t\t<p><span style=\"font-weight: 400;\">Avant d\u2019\u00eatre inscrit au patrimoine culturel immat\u00e9riel de l\u2019UNESCO, le Merengue \u00e9tait d\u00e9j\u00e0 le battement de c\u0153ur du pays. On l\u2019entend dans les f\u00eates de village, les carnavals, les rassemblements familiaux ou les clubs de Santo Domingo. Quelques pas gliss\u00e9s suffisent pour entrer dans la danse : son accessibilit\u00e9 explique sa popularit\u00e9 et sa capacit\u00e9 \u00e0 rassembler toutes les g\u00e9n\u00e9rations.<\/span><\/p>\n<p><span style=\"font-weight: 400;\">Au fil du temps, il s\u2019est impos\u00e9 comme un rep\u00e8re identitaire. Dans la diaspora, il devient un lien intime avec l\u2019\u00eele : un morceau de m\u00e9moire partag\u00e9 qui ram\u00e8ne aux rues, aux voix et \u00e0 cette mani\u00e8re unique de c\u00e9l\u00e9brer la vie<\/span><\/p>\t\t\t\t\t\t\t\t<\/div>\n\t\t\t\t<\/div>\n\t\t\t\t\t<\/div>\n\t\t<\/div>\n\t\t\t\t\t<\/div>\n\t\t<\/section>\n\t\t\t\t<section class=\"elementor-section elementor-inner-section elementor-element elementor-element-34675af elementor-section-boxed elementor-section-height-default elementor-section-height-default\" data-id=\"34675af\" data-element_type=\"section\">\n\t\t\t\t\t\t<div class=\"elementor-container elementor-column-gap-default\">\n\t\t\t\t\t<div class=\"elementor-column elementor-col-100 elementor-inner-column elementor-element elementor-element-c569af8\" data-id=\"c569af8\" data-element_type=\"column\">\n\t\t\t<div class=\"elementor-widget-wrap elementor-element-populated\">\n\t\t\t\t\t\t<div class=\"elementor-element elementor-element-a7ddc2d elementor-widget elementor-widget-image\" data-id=\"a7ddc2d\" data-element_type=\"widget\" data-widget_type=\"image.default\">\n\t\t\t\t<div class=\"elementor-widget-container\">\n\t\t\t\t\t\t\t\t\t\t\t\t\t\t\t<img fetchpriority=\"high\" decoding=\"async\" width=\"800\" height=\"577\" src=\"https:\/\/richeskarayib.com\/wp-content\/uploads\/2025\/11\/10314-1024x739.jpg\" class=\"attachment-large size-large wp-image-65445\" alt=\"Merengue\" srcset=\"https:\/\/richeskarayib.com\/wp-content\/uploads\/2025\/11\/10314-1024x739.jpg 1024w, https:\/\/richeskarayib.com\/wp-content\/uploads\/2025\/11\/10314-300x216.jpg 300w, https:\/\/richeskarayib.com\/wp-content\/uploads\/2025\/11\/10314-768x554.jpg 768w, https:\/\/richeskarayib.com\/wp-content\/uploads\/2025\/11\/10314-1536x1108.jpg 1536w, https:\/\/richeskarayib.com\/wp-content\/uploads\/2025\/11\/10314-1320x952.jpg 1320w, https:\/\/richeskarayib.com\/wp-content\/uploads\/2025\/11\/10314.jpg 1920w\" sizes=\"(max-width: 800px) 100vw, 800px\" \/>\t\t\t\t\t\t\t\t\t\t\t\t\t\t\t<\/div>\n\t\t\t\t<\/div>\n\t\t\t\t\t<\/div>\n\t\t<\/div>\n\t\t\t\t\t<\/div>\n\t\t<\/section>\n\t\t\t\t\t<\/div>\n\t\t<\/div>\n\t\t\t\t\t<\/div>\n\t\t<\/section>\n\t\t\t\t<section class=\"elementor-section elementor-top-section elementor-element elementor-element-9c88a89 elementor-section-boxed elementor-section-height-default elementor-section-height-default\" data-id=\"9c88a89\" data-element_type=\"section\">\n\t\t\t\t\t\t<div class=\"elementor-container elementor-column-gap-default\">\n\t\t\t\t\t<div class=\"elementor-column elementor-col-100 elementor-top-column elementor-element elementor-element-78cf5d1\" data-id=\"78cf5d1\" data-element_type=\"column\">\n\t\t\t<div class=\"elementor-widget-wrap elementor-element-populated\">\n\t\t\t\t\t\t<div class=\"elementor-element elementor-element-ea2a5c1 elementor-widget elementor-widget-heading\" data-id=\"ea2a5c1\" data-element_type=\"widget\" data-widget_type=\"heading.default\">\n\t\t\t\t<div class=\"elementor-widget-container\">\n\t\t\t\t\t<h2 class=\"elementor-heading-title elementor-size-default\">D\u2019o\u00f9 vient le Merengue ? Une histoire de rencontres<\/h2>\t\t\t\t<\/div>\n\t\t\t\t<\/div>\n\t\t\t\t<section class=\"elementor-section elementor-inner-section elementor-element elementor-element-fede45f elementor-section-boxed elementor-section-height-default elementor-section-height-default\" data-id=\"fede45f\" data-element_type=\"section\">\n\t\t\t\t\t\t<div class=\"elementor-container elementor-column-gap-default\">\n\t\t\t\t\t<div class=\"elementor-column elementor-col-100 elementor-inner-column elementor-element elementor-element-608b2a1\" data-id=\"608b2a1\" data-element_type=\"column\">\n\t\t\t<div class=\"elementor-widget-wrap elementor-element-populated\">\n\t\t\t\t\t\t<div class=\"elementor-element elementor-element-e305eee elementor-widget elementor-widget-text-editor\" data-id=\"e305eee\" data-element_type=\"widget\" data-widget_type=\"text-editor.default\">\n\t\t\t\t<div class=\"elementor-widget-container\">\n\t\t\t\t\t\t\t\t\t<p><span style=\"font-weight: 400;\">Son histoire prend racine au XIX\u1d49 si\u00e8cle dans les campagnes du Cibao. D\u00e8s son apparition, ce rythme se distingue par ses multiples influences.<\/span><\/p>\n<ul>\n<li style=\"font-weight: 400;\" aria-level=\"1\"><span style=\"font-weight: 400;\">&#8211; Des h\u00e9ritages africains, visibles dans les percussions, l\u2019ancrage corporel et l\u2019importance de la rythmique.<\/span><\/li>\n<li style=\"font-weight: 400;\" aria-level=\"1\"><span style=\"font-weight: 400;\">&#8211; Des influences europ\u00e9ennes, inspir\u00e9es des danses de salon, r\u00e9interpr\u00e9t\u00e9es par les musiciens locaux.<\/span><\/li>\n<li style=\"font-weight: 400;\" aria-level=\"1\"><span style=\"font-weight: 400;\">&#8211; Des traces autochtones, dans la mani\u00e8re de raconter la vie quotidienne et dans l\u2019utilisation d\u2019instruments issus d\u2019anciennes traditions insulaires.<\/span><\/li>\n<\/ul>\t\t\t\t\t\t\t\t<\/div>\n\t\t\t\t<\/div>\n\t\t\t\t<div class=\"elementor-element elementor-element-619fc10 elementor-widget elementor-widget-text-editor\" data-id=\"619fc10\" data-element_type=\"widget\" data-widget_type=\"text-editor.default\">\n\t\t\t\t<div class=\"elementor-widget-container\">\n\t\t\t\t\t\t\t\t\t<p><span style=\"font-weight: 400;\">Longtemps consid\u00e9r\u00e9 comme trop rural par les \u00e9lites de l\u2019\u00e9poque, le <a href=\"https:\/\/www.britannica.com\/art\/merengue\" target=\"_blank\" rel=\"noopener nofollow\">Merengue<\/a> se diffuse progressivement gr\u00e2ce \u00e0 l\u2019urbanisation et aux nouveaux moyens de communication : radios, cabarets, orchestres modernes. Au XX\u1d49 si\u00e8cle, il devient un genre respect\u00e9, adopt\u00e9 dans les \u00e9coles, les bals, les \u00e9v\u00e9nements officiels et les grandes c\u00e9l\u00e9brations nationales.<\/span><\/p>\t\t\t\t\t\t\t\t<\/div>\n\t\t\t\t<\/div>\n\t\t\t\t\t<\/div>\n\t\t<\/div>\n\t\t\t\t\t<\/div>\n\t\t<\/section>\n\t\t\t\t\t<\/div>\n\t\t<\/div>\n\t\t\t\t\t<\/div>\n\t\t<\/section>\n\t\t\t\t<section class=\"elementor-section elementor-top-section elementor-element elementor-element-103aced elementor-section-boxed elementor-section-height-default elementor-section-height-default\" data-id=\"103aced\" data-element_type=\"section\">\n\t\t\t\t\t\t<div class=\"elementor-container elementor-column-gap-default\">\n\t\t\t\t\t<div class=\"elementor-column elementor-col-100 elementor-top-column elementor-element elementor-element-e34f9f4\" data-id=\"e34f9f4\" data-element_type=\"column\">\n\t\t\t<div class=\"elementor-widget-wrap elementor-element-populated\">\n\t\t\t\t\t\t<div class=\"elementor-element elementor-element-c643e86 elementor-widget elementor-widget-heading\" data-id=\"c643e86\" data-element_type=\"widget\" data-widget_type=\"heading.default\">\n\t\t\t\t<div class=\"elementor-widget-container\">\n\t\t\t\t\t<h2 class=\"elementor-heading-title elementor-size-default\">Tambora, g\u00fcira, accord\u00e9on : l\u2019\u00e2me sonore du Merengue<\/h2>\t\t\t\t<\/div>\n\t\t\t\t<\/div>\n\t\t\t\t<div class=\"elementor-element elementor-element-f783f1a elementor-widget elementor-widget-text-editor\" data-id=\"f783f1a\" data-element_type=\"widget\" data-widget_type=\"text-editor.default\">\n\t\t\t\t<div class=\"elementor-widget-container\">\n\t\t\t\t\t\t\t\t\t<p><span style=\"font-weight: 400;\">Le Merengue ne se comprend pleinement qu\u2019en \u00e9coutant ses instruments phares, chacun porteur d\u2019une histoire.<\/span><\/p>\n<h3><b>La tambora<\/b><\/h3>\n<p><span style=\"font-weight: 400;\">Ce tambour \u00e0 deux peaux, h\u00e9rit\u00e9 des traditions africaines, impose le pouls du morceau. Sa rythmique continue incite imm\u00e9diatement \u00e0 la danse.<\/span><\/p>\n<h3><b>La g\u00fcira<\/b><\/h3>\n<p><span style=\"font-weight: 400;\">Cylindre m\u00e9tallique frott\u00e9 de mani\u00e8re r\u00e9guli\u00e8re, la g\u00fcira donne la texture caract\u00e9ristique du rythme. Elle est l\u2019une des signatures les plus reconnaissables du Merengue.<\/span><\/p>\t\t\t\t\t\t\t\t<\/div>\n\t\t\t\t<\/div>\n\t\t\t\t<div class=\"elementor-element elementor-element-d026864 elementor-widget elementor-widget-image\" data-id=\"d026864\" data-element_type=\"widget\" data-widget_type=\"image.default\">\n\t\t\t\t<div class=\"elementor-widget-container\">\n\t\t\t\t\t\t\t\t\t\t\t\t<figure class=\"wp-caption\">\n\t\t\t\t\t\t\t\t\t\t<img decoding=\"async\" width=\"800\" height=\"800\" src=\"https:\/\/richeskarayib.com\/wp-content\/uploads\/2025\/11\/10313-1024x1024.jpg\" class=\"attachment-large size-large wp-image-65417\" alt=\"Merengue\" srcset=\"https:\/\/richeskarayib.com\/wp-content\/uploads\/2025\/11\/10313-1024x1024.jpg 1024w, https:\/\/richeskarayib.com\/wp-content\/uploads\/2025\/11\/10313-300x300.jpg 300w, https:\/\/richeskarayib.com\/wp-content\/uploads\/2025\/11\/10313-150x150.jpg 150w, https:\/\/richeskarayib.com\/wp-content\/uploads\/2025\/11\/10313-768x768.jpg 768w, https:\/\/richeskarayib.com\/wp-content\/uploads\/2025\/11\/10313-1536x1536.jpg 1536w, https:\/\/richeskarayib.com\/wp-content\/uploads\/2025\/11\/10313-1320x1320.jpg 1320w, https:\/\/richeskarayib.com\/wp-content\/uploads\/2025\/11\/10313.jpg 1920w\" sizes=\"(max-width: 800px) 100vw, 800px\" \/>\t\t\t\t\t\t\t\t\t\t\t<figcaption class=\"widget-image-caption wp-caption-text\">\u00a9Ministerio de Cultura de la Rep\u00fablica Dominicana, 2012\n<\/figcaption>\n\t\t\t\t\t\t\t\t\t\t<\/figure>\n\t\t\t\t\t\t\t\t\t<\/div>\n\t\t\t\t<\/div>\n\t\t\t\t<div class=\"elementor-element elementor-element-639b492 elementor-widget elementor-widget-text-editor\" data-id=\"639b492\" data-element_type=\"widget\" data-widget_type=\"text-editor.default\">\n\t\t\t\t<div class=\"elementor-widget-container\">\n\t\t\t\t\t\t\t\t\t<h3><b>L\u2019accord\u00e9on<\/b><\/h3>\n<p><span style=\"font-weight: 400;\">Introduit par les colons europ\u00e9ens, il en porte la m\u00e9lodie principale. Ses phrases rapides et l\u00e9g\u00e8res conf\u00e8rent au genre cette vitalit\u00e9 singuli\u00e8re. <\/span><span style=\"font-weight: 400;\">Avec l\u2019\u00e9volution des orchestrations, saxophones, basses \u00e9lectriques et claviers se sont ajout\u00e9s au trio d\u2019origine, modernisant le Merengue sans en alt\u00e9rer l\u2019essence.<\/span><\/p>\t\t\t\t\t\t\t\t<\/div>\n\t\t\t\t<\/div>\n\t\t\t\t<section class=\"elementor-section elementor-inner-section elementor-element elementor-element-3454d02 elementor-section-boxed elementor-section-height-default elementor-section-height-default\" data-id=\"3454d02\" data-element_type=\"section\">\n\t\t\t\t\t\t<div class=\"elementor-container elementor-column-gap-default\">\n\t\t\t\t\t<div class=\"elementor-column elementor-col-100 elementor-inner-column elementor-element elementor-element-490cfb6\" data-id=\"490cfb6\" data-element_type=\"column\">\n\t\t\t<div class=\"elementor-widget-wrap elementor-element-populated\">\n\t\t\t\t\t\t<div class=\"elementor-element elementor-element-5e5fadb elementor-widget elementor-widget-image\" data-id=\"5e5fadb\" data-element_type=\"widget\" data-widget_type=\"image.default\">\n\t\t\t\t<div class=\"elementor-widget-container\">\n\t\t\t\t\t\t\t\t\t\t\t\t<figure class=\"wp-caption\">\n\t\t\t\t\t\t\t\t\t\t<img decoding=\"async\" width=\"800\" height=\"531\" src=\"https:\/\/richeskarayib.com\/wp-content\/uploads\/2025\/11\/10316-1024x680.jpg\" class=\"attachment-large size-large wp-image-65421\" alt=\"Merengue\" srcset=\"https:\/\/richeskarayib.com\/wp-content\/uploads\/2025\/11\/10316-1024x680.jpg 1024w, https:\/\/richeskarayib.com\/wp-content\/uploads\/2025\/11\/10316-300x199.jpg 300w, https:\/\/richeskarayib.com\/wp-content\/uploads\/2025\/11\/10316-768x510.jpg 768w, https:\/\/richeskarayib.com\/wp-content\/uploads\/2025\/11\/10316-1536x1020.jpg 1536w, https:\/\/richeskarayib.com\/wp-content\/uploads\/2025\/11\/10316-1320x877.jpg 1320w, https:\/\/richeskarayib.com\/wp-content\/uploads\/2025\/11\/10316.jpg 1920w\" sizes=\"(max-width: 800px) 100vw, 800px\" \/>\t\t\t\t\t\t\t\t\t\t\t<figcaption class=\"widget-image-caption wp-caption-text\">\u00a9Ministerio de Cultura de la Rep\u00fablica Dominicana, 2012\n<\/figcaption>\n\t\t\t\t\t\t\t\t\t\t<\/figure>\n\t\t\t\t\t\t\t\t\t<\/div>\n\t\t\t\t<\/div>\n\t\t\t\t\t<\/div>\n\t\t<\/div>\n\t\t\t\t\t<\/div>\n\t\t<\/section>\n\t\t\t\t\t<\/div>\n\t\t<\/div>\n\t\t\t\t\t<\/div>\n\t\t<\/section>\n\t\t\t\t<section class=\"elementor-section elementor-top-section elementor-element elementor-element-274e6ec elementor-section-boxed elementor-section-height-default elementor-section-height-default\" data-id=\"274e6ec\" data-element_type=\"section\">\n\t\t\t\t\t\t<div class=\"elementor-container elementor-column-gap-default\">\n\t\t\t\t\t<div class=\"elementor-column elementor-col-100 elementor-top-column elementor-element elementor-element-2346b95\" data-id=\"2346b95\" data-element_type=\"column\">\n\t\t\t<div class=\"elementor-widget-wrap elementor-element-populated\">\n\t\t\t\t\t\t<div class=\"elementor-element elementor-element-44eba88 elementor-widget elementor-widget-heading\" data-id=\"44eba88\" data-element_type=\"widget\" data-widget_type=\"heading.default\">\n\t\t\t\t<div class=\"elementor-widget-container\">\n\t\t\t\t\t<h2 class=\"elementor-heading-title elementor-size-default\">Un patrimoine vivant, transmis de g\u00e9n\u00e9ration en g\u00e9n\u00e9ration<\/h2>\t\t\t\t<\/div>\n\t\t\t\t<\/div>\n\t\t\t\t<div class=\"elementor-element elementor-element-0a357ed elementor-widget elementor-widget-text-editor\" data-id=\"0a357ed\" data-element_type=\"widget\" data-widget_type=\"text-editor.default\">\n\t\t\t\t<div class=\"elementor-widget-container\">\n\t\t\t\t\t\t\t\t\t<p><span style=\"font-weight: 400;\">Il s\u2019est transmis de mani\u00e8re informelle : f\u00eates familiales, c\u00e9l\u00e9brations religieuses, rassemblements communautaires. Ce mode de transmission a fa\u00e7onn\u00e9 un patrimoine vivant, continuellement r\u00e9invent\u00e9.<\/span><\/p>\n<p><span style=\"font-weight: 400;\">Aujourd\u2019hui, de nombreux artistes le fusionnent\u00a0 avec des influences pop, urbaines ou \u00e9lectroniques, sans rompre avec la structure traditionnelle. Cette capacit\u00e9 \u00e0 \u00e9voluer tout en pr\u00e9servant ses fondements explique son importance culturelle dans la R\u00e9publique dominicaine, mais aussi son impact dans le reste de la Cara\u00efbe. L\u2019inscription au patrimoine de l\u2019UNESCO a permis de valoriser cette dynamique : le Merengue n\u2019est pas fig\u00e9. Il respire, s\u2019adapte et s\u2019exporte.<\/span><\/p>\t\t\t\t\t\t\t\t<\/div>\n\t\t\t\t<\/div>\n\t\t\t\t<section class=\"elementor-section elementor-inner-section elementor-element elementor-element-3652557 elementor-section-boxed elementor-section-height-default elementor-section-height-default\" data-id=\"3652557\" data-element_type=\"section\">\n\t\t\t\t\t\t<div class=\"elementor-container elementor-column-gap-default\">\n\t\t\t\t\t<div class=\"elementor-column elementor-col-50 elementor-inner-column elementor-element elementor-element-04c48f4\" data-id=\"04c48f4\" data-element_type=\"column\">\n\t\t\t<div class=\"elementor-widget-wrap elementor-element-populated\">\n\t\t\t\t\t\t<div class=\"elementor-element elementor-element-d93eb50 elementor-widget elementor-widget-image\" data-id=\"d93eb50\" data-element_type=\"widget\" data-widget_type=\"image.default\">\n\t\t\t\t<div class=\"elementor-widget-container\">\n\t\t\t\t\t\t\t\t\t\t\t\t<figure class=\"wp-caption\">\n\t\t\t\t\t\t\t\t\t\t<img loading=\"lazy\" decoding=\"async\" width=\"800\" height=\"563\" src=\"https:\/\/richeskarayib.com\/wp-content\/uploads\/2025\/11\/10317-1024x720.jpg\" class=\"attachment-large size-large wp-image-65425\" alt=\"Merengue\" srcset=\"https:\/\/richeskarayib.com\/wp-content\/uploads\/2025\/11\/10317-1024x720.jpg 1024w, https:\/\/richeskarayib.com\/wp-content\/uploads\/2025\/11\/10317-300x211.jpg 300w, https:\/\/richeskarayib.com\/wp-content\/uploads\/2025\/11\/10317-768x540.jpg 768w, https:\/\/richeskarayib.com\/wp-content\/uploads\/2025\/11\/10317-1536x1080.jpg 1536w, https:\/\/richeskarayib.com\/wp-content\/uploads\/2025\/11\/10317-1320x928.jpg 1320w, https:\/\/richeskarayib.com\/wp-content\/uploads\/2025\/11\/10317.jpg 1920w\" sizes=\"(max-width: 800px) 100vw, 800px\" \/>\t\t\t\t\t\t\t\t\t\t\t<figcaption class=\"widget-image-caption wp-caption-text\">\u00a9Ministerio de Cultura de la Rep\u00fablica Dominicana, 2012<\/figcaption>\n\t\t\t\t\t\t\t\t\t\t<\/figure>\n\t\t\t\t\t\t\t\t\t<\/div>\n\t\t\t\t<\/div>\n\t\t\t\t\t<\/div>\n\t\t<\/div>\n\t\t\t\t<div class=\"elementor-column elementor-col-50 elementor-inner-column elementor-element elementor-element-e6428e8\" data-id=\"e6428e8\" data-element_type=\"column\">\n\t\t\t<div class=\"elementor-widget-wrap elementor-element-populated\">\n\t\t\t\t\t\t<div class=\"elementor-element elementor-element-f5cece7 elementor-widget elementor-widget-image\" data-id=\"f5cece7\" data-element_type=\"widget\" data-widget_type=\"image.default\">\n\t\t\t\t<div class=\"elementor-widget-container\">\n\t\t\t\t\t\t\t\t\t\t\t\t<figure class=\"wp-caption\">\n\t\t\t\t\t\t\t\t\t\t<img loading=\"lazy\" decoding=\"async\" width=\"800\" height=\"530\" src=\"https:\/\/richeskarayib.com\/wp-content\/uploads\/2025\/11\/10318-1024x679.jpg\" class=\"attachment-large size-large wp-image-65429\" alt=\"Merengue\" srcset=\"https:\/\/richeskarayib.com\/wp-content\/uploads\/2025\/11\/10318-1024x679.jpg 1024w, https:\/\/richeskarayib.com\/wp-content\/uploads\/2025\/11\/10318-300x199.jpg 300w, https:\/\/richeskarayib.com\/wp-content\/uploads\/2025\/11\/10318-768x510.jpg 768w, https:\/\/richeskarayib.com\/wp-content\/uploads\/2025\/11\/10318-1536x1019.jpg 1536w, https:\/\/richeskarayib.com\/wp-content\/uploads\/2025\/11\/10318-1320x876.jpg 1320w, https:\/\/richeskarayib.com\/wp-content\/uploads\/2025\/11\/10318.jpg 1920w\" sizes=\"(max-width: 800px) 100vw, 800px\" \/>\t\t\t\t\t\t\t\t\t\t\t<figcaption class=\"widget-image-caption wp-caption-text\">\u00a9Ministerio de Cultura de la Rep\u00fablica Dominicana, 2012<\/figcaption>\n\t\t\t\t\t\t\t\t\t\t<\/figure>\n\t\t\t\t\t\t\t\t\t<\/div>\n\t\t\t\t<\/div>\n\t\t\t\t\t<\/div>\n\t\t<\/div>\n\t\t\t\t\t<\/div>\n\t\t<\/section>\n\t\t\t\t\t<\/div>\n\t\t<\/div>\n\t\t\t\t\t<\/div>\n\t\t<\/section>\n\t\t\t\t<section class=\"elementor-section elementor-top-section elementor-element elementor-element-9fb3191 elementor-section-boxed elementor-section-height-default elementor-section-height-default\" data-id=\"9fb3191\" data-element_type=\"section\">\n\t\t\t\t\t\t<div class=\"elementor-container elementor-column-gap-default\">\n\t\t\t\t\t<div class=\"elementor-column elementor-col-100 elementor-top-column elementor-element elementor-element-7e64ae6\" data-id=\"7e64ae6\" data-element_type=\"column\">\n\t\t\t<div class=\"elementor-widget-wrap elementor-element-populated\">\n\t\t\t\t\t\t<div class=\"elementor-element elementor-element-7492112 elementor-widget elementor-widget-heading\" data-id=\"7492112\" data-element_type=\"widget\" data-widget_type=\"heading.default\">\n\t\t\t\t<div class=\"elementor-widget-container\">\n\t\t\t\t\t<h2 class=\"elementor-heading-title elementor-size-default\">La Journ\u00e9e Nationale du Merengue : un hommage qui d\u00e9passe les fronti\u00e8res<\/h2>\t\t\t\t<\/div>\n\t\t\t\t<\/div>\n\t\t\t\t<section class=\"elementor-section elementor-inner-section elementor-element elementor-element-ec3567b elementor-section-boxed elementor-section-height-default elementor-section-height-default\" data-id=\"ec3567b\" data-element_type=\"section\">\n\t\t\t\t\t\t<div class=\"elementor-container elementor-column-gap-default\">\n\t\t\t\t\t<div class=\"elementor-column elementor-col-50 elementor-inner-column elementor-element elementor-element-22a9d3c\" data-id=\"22a9d3c\" data-element_type=\"column\">\n\t\t\t<div class=\"elementor-widget-wrap elementor-element-populated\">\n\t\t\t\t\t\t<div class=\"elementor-element elementor-element-d0adefb elementor-widget elementor-widget-text-editor\" data-id=\"d0adefb\" data-element_type=\"widget\" data-widget_type=\"text-editor.default\">\n\t\t\t\t<div class=\"elementor-widget-container\">\n\t\t\t\t\t\t\t\t\t<p><span style=\"font-weight: 400;\">Chaque <\/span>26 novembre<span style=\"font-weight: 400;\">, les rues de Santo Domingo et des principales villes du pays s\u2019animent : concerts gratuits, ateliers de danse, hommages aux pionniers du genre, \u00e9missions sp\u00e9ciales. <\/span><\/p>\n<p><span style=\"font-weight: 400;\">Les orchestres traditionnels c\u00f4toient les nouvelles g\u00e9n\u00e9rations d\u2019artistes, offrant un panorama complet de l\u2019\u00e9volution du Merengue.<\/span><\/p>\n<p><span style=\"font-weight: 400;\">La diaspora dominicaine joue \u00e9galement un r\u00f4le essentiel. \u00c0 New York, Miami, Madrid ou Montr\u00e9al, des \u00e9v\u00e9nements communautaires sont organis\u00e9s pour c\u00e9l\u00e9brer cette journ\u00e9e, rappelant qu\u2019il fait partie des expressions culturelles qui voyagent avec leurs peuples. <\/span><\/p>\n<p><span style=\"font-weight: 400;\">Ainsi, la Journ\u00e9e Nationale n\u2019est pas seulement une c\u00e9l\u00e9bration locale : elle incarne l\u2019attachement durable d\u2019une communaut\u00e9 mondiale \u00e0 un rythme devenu symbole identitaire.<\/span><\/p>\t\t\t\t\t\t\t\t<\/div>\n\t\t\t\t<\/div>\n\t\t\t\t\t<\/div>\n\t\t<\/div>\n\t\t\t\t<div class=\"elementor-column elementor-col-50 elementor-inner-column elementor-element elementor-element-fdc461e\" data-id=\"fdc461e\" data-element_type=\"column\">\n\t\t\t<div class=\"elementor-widget-wrap elementor-element-populated\">\n\t\t\t\t\t\t<div class=\"elementor-element elementor-element-7a5e013 elementor-widget elementor-widget-image\" data-id=\"7a5e013\" data-element_type=\"widget\" data-widget_type=\"image.default\">\n\t\t\t\t<div class=\"elementor-widget-container\">\n\t\t\t\t\t\t\t\t\t\t\t\t<figure class=\"wp-caption\">\n\t\t\t\t\t\t\t\t\t\t<img loading=\"lazy\" decoding=\"async\" width=\"800\" height=\"576\" src=\"https:\/\/richeskarayib.com\/wp-content\/uploads\/2025\/11\/10312-1024x737.jpg\" class=\"attachment-large size-large wp-image-65433\" alt=\"Merengue\" srcset=\"https:\/\/richeskarayib.com\/wp-content\/uploads\/2025\/11\/10312-1024x737.jpg 1024w, https:\/\/richeskarayib.com\/wp-content\/uploads\/2025\/11\/10312-300x216.jpg 300w, https:\/\/richeskarayib.com\/wp-content\/uploads\/2025\/11\/10312-768x552.jpg 768w, https:\/\/richeskarayib.com\/wp-content\/uploads\/2025\/11\/10312-1536x1105.jpg 1536w, https:\/\/richeskarayib.com\/wp-content\/uploads\/2025\/11\/10312-1320x949.jpg 1320w, https:\/\/richeskarayib.com\/wp-content\/uploads\/2025\/11\/10312.jpg 1920w\" sizes=\"(max-width: 800px) 100vw, 800px\" \/>\t\t\t\t\t\t\t\t\t\t\t<figcaption class=\"widget-image-caption wp-caption-text\">\u00a9Ministerio de Cultura de la Rep\u00fablica Dominicana, 2012<\/figcaption>\n\t\t\t\t\t\t\t\t\t\t<\/figure>\n\t\t\t\t\t\t\t\t\t<\/div>\n\t\t\t\t<\/div>\n\t\t\t\t\t<\/div>\n\t\t<\/div>\n\t\t\t\t\t<\/div>\n\t\t<\/section>\n\t\t\t\t<section class=\"elementor-section elementor-inner-section elementor-element elementor-element-1f620d2 elementor-section-boxed elementor-section-height-default elementor-section-height-default\" data-id=\"1f620d2\" data-element_type=\"section\">\n\t\t\t\t\t\t<div class=\"elementor-container elementor-column-gap-default\">\n\t\t\t\t\t<div class=\"elementor-column elementor-col-50 elementor-inner-column elementor-element elementor-element-b5e2cbd\" data-id=\"b5e2cbd\" data-element_type=\"column\">\n\t\t\t<div class=\"elementor-widget-wrap elementor-element-populated\">\n\t\t\t\t\t\t<div class=\"elementor-element elementor-element-d4fbf6b elementor-widget elementor-widget-image\" data-id=\"d4fbf6b\" data-element_type=\"widget\" data-widget_type=\"image.default\">\n\t\t\t\t<div class=\"elementor-widget-container\">\n\t\t\t\t\t\t\t\t\t\t\t\t<figure class=\"wp-caption\">\n\t\t\t\t\t\t\t\t\t\t<img loading=\"lazy\" decoding=\"async\" width=\"800\" height=\"531\" src=\"https:\/\/richeskarayib.com\/wp-content\/uploads\/2025\/11\/10319-1024x680.jpg\" class=\"attachment-large size-large wp-image-65437\" alt=\"Merengue\" srcset=\"https:\/\/richeskarayib.com\/wp-content\/uploads\/2025\/11\/10319-1024x680.jpg 1024w, https:\/\/richeskarayib.com\/wp-content\/uploads\/2025\/11\/10319-300x199.jpg 300w, https:\/\/richeskarayib.com\/wp-content\/uploads\/2025\/11\/10319-768x510.jpg 768w, https:\/\/richeskarayib.com\/wp-content\/uploads\/2025\/11\/10319-1536x1020.jpg 1536w, https:\/\/richeskarayib.com\/wp-content\/uploads\/2025\/11\/10319-1320x877.jpg 1320w, https:\/\/richeskarayib.com\/wp-content\/uploads\/2025\/11\/10319.jpg 1920w\" sizes=\"(max-width: 800px) 100vw, 800px\" \/>\t\t\t\t\t\t\t\t\t\t\t<figcaption class=\"widget-image-caption wp-caption-text\">\u00a9Ministerio de Cultura de la Rep\u00fablica Dominicana, 2012<\/figcaption>\n\t\t\t\t\t\t\t\t\t\t<\/figure>\n\t\t\t\t\t\t\t\t\t<\/div>\n\t\t\t\t<\/div>\n\t\t\t\t\t<\/div>\n\t\t<\/div>\n\t\t\t\t<div class=\"elementor-column elementor-col-50 elementor-inner-column elementor-element elementor-element-d798acf\" data-id=\"d798acf\" data-element_type=\"column\">\n\t\t\t<div class=\"elementor-widget-wrap elementor-element-populated\">\n\t\t\t\t\t\t<div class=\"elementor-element elementor-element-863b81e elementor-widget elementor-widget-image\" data-id=\"863b81e\" data-element_type=\"widget\" data-widget_type=\"image.default\">\n\t\t\t\t<div class=\"elementor-widget-container\">\n\t\t\t\t\t\t\t\t\t\t\t\t<figure class=\"wp-caption\">\n\t\t\t\t\t\t\t\t\t\t<img loading=\"lazy\" decoding=\"async\" width=\"800\" height=\"531\" src=\"https:\/\/richeskarayib.com\/wp-content\/uploads\/2025\/11\/10320-1024x680.jpg\" class=\"attachment-large size-large wp-image-65441\" alt=\"Merengue\" srcset=\"https:\/\/richeskarayib.com\/wp-content\/uploads\/2025\/11\/10320-1024x680.jpg 1024w, https:\/\/richeskarayib.com\/wp-content\/uploads\/2025\/11\/10320-300x199.jpg 300w, https:\/\/richeskarayib.com\/wp-content\/uploads\/2025\/11\/10320-768x510.jpg 768w, https:\/\/richeskarayib.com\/wp-content\/uploads\/2025\/11\/10320-1536x1020.jpg 1536w, https:\/\/richeskarayib.com\/wp-content\/uploads\/2025\/11\/10320-1320x877.jpg 1320w, https:\/\/richeskarayib.com\/wp-content\/uploads\/2025\/11\/10320.jpg 1920w\" sizes=\"(max-width: 800px) 100vw, 800px\" \/>\t\t\t\t\t\t\t\t\t\t\t<figcaption class=\"widget-image-caption wp-caption-text\">\u00a9Ministerio de Cultura de la Rep\u00fablica Dominicana, 2012<\/figcaption>\n\t\t\t\t\t\t\t\t\t\t<\/figure>\n\t\t\t\t\t\t\t\t\t<\/div>\n\t\t\t\t<\/div>\n\t\t\t\t\t<\/div>\n\t\t<\/div>\n\t\t\t\t\t<\/div>\n\t\t<\/section>\n\t\t\t\t\t<\/div>\n\t\t<\/div>\n\t\t\t\t\t<\/div>\n\t\t<\/section>\n\t\t\t\t<section class=\"elementor-section elementor-top-section elementor-element elementor-element-4cfced1 elementor-section-boxed elementor-section-height-default elementor-section-height-default\" data-id=\"4cfced1\" data-element_type=\"section\">\n\t\t\t\t\t\t<div class=\"elementor-container elementor-column-gap-default\">\n\t\t\t\t\t<div class=\"elementor-column elementor-col-100 elementor-top-column elementor-element elementor-element-c019f2d\" data-id=\"c019f2d\" data-element_type=\"column\">\n\t\t\t<div class=\"elementor-widget-wrap elementor-element-populated\">\n\t\t\t\t\t\t<div class=\"elementor-element elementor-element-f27cfcf elementor-widget elementor-widget-heading\" data-id=\"f27cfcf\" data-element_type=\"widget\" data-widget_type=\"heading.default\">\n\t\t\t\t<div class=\"elementor-widget-container\">\n\t\t\t\t\t<h2 class=\"elementor-heading-title elementor-size-default\">Un rythme qui raconte tout un pays<\/h2>\t\t\t\t<\/div>\n\t\t\t\t<\/div>\n\t\t\t\t<div class=\"elementor-element elementor-element-4d7216f elementor-widget elementor-widget-text-editor\" data-id=\"4d7216f\" data-element_type=\"widget\" data-widget_type=\"text-editor.default\">\n\t\t\t\t<div class=\"elementor-widget-container\">\n\t\t\t\t\t\t\t\t\t<p><span style=\"font-weight: 400;\">Le Merengue est davantage qu\u2019une musique festive. C\u2019est un langage qui exprime une mani\u00e8re de comprendre le monde, un rapport intime \u00e0 la joie, au partage, \u00e0 la m\u00e9moire. Il raconte l\u2019histoire d\u2019un peuple, de ses migrations, de ses luttes, de ses c\u00e9l\u00e9brations.<\/span><\/p>\n<p><span style=\"font-weight: 400;\">Gr\u00e2ce \u00e0 son ancrage dans le quotidien et sa capacit\u00e9 \u00e0 rassembler, il reste l\u2019une des expressions culturelles les plus fortes de la R\u00e9publique dominicaine. Son \u00e9nergie, reconnaissable d\u00e8s les premi\u00e8res mesures, t\u00e9moigne d\u2019une culture qui vit, respire et traverse les g\u00e9n\u00e9rations.<\/span><\/p>\t\t\t\t\t\t\t\t<\/div>\n\t\t\t\t<\/div>\n\t\t\t\t<section class=\"elementor-section elementor-inner-section elementor-element elementor-element-edc28ff elementor-section-boxed elementor-section-height-default elementor-section-height-default\" data-id=\"edc28ff\" data-element_type=\"section\">\n\t\t\t\t\t\t<div class=\"elementor-container elementor-column-gap-default\">\n\t\t\t\t\t<div class=\"elementor-column elementor-col-100 elementor-inner-column elementor-element elementor-element-3222eac\" data-id=\"3222eac\" data-element_type=\"column\">\n\t\t\t<div class=\"elementor-widget-wrap elementor-element-populated\">\n\t\t\t\t\t\t<div class=\"elementor-element elementor-element-20f5e49 elementor-widget elementor-widget-video\" data-id=\"20f5e49\" data-element_type=\"widget\" data-settings=\"{&quot;youtube_url&quot;:&quot;https:\\\/\\\/www.youtube.com\\\/watch?v=amuqoK53QVU&quot;,&quot;video_type&quot;:&quot;youtube&quot;,&quot;controls&quot;:&quot;yes&quot;}\" data-widget_type=\"video.default\">\n\t\t\t\t<div class=\"elementor-widget-container\">\n\t\t\t\t\t\t\t<div class=\"elementor-wrapper elementor-open-inline\">\n\t\t\t<div class=\"elementor-video\"><\/div>\t\t<\/div>\n\t\t\t\t\t\t<\/div>\n\t\t\t\t<\/div>\n\t\t\t\t\t<\/div>\n\t\t<\/div>\n\t\t\t\t\t<\/div>\n\t\t<\/section>\n\t\t\t\t\t<\/div>\n\t\t<\/div>\n\t\t\t\t\t<\/div>\n\t\t<\/section>\n\t\t\t\t<section class=\"elementor-section elementor-top-section elementor-element elementor-element-5c7af3f elementor-section-boxed elementor-section-height-default elementor-section-height-default\" data-id=\"5c7af3f\" data-element_type=\"section\">\n\t\t\t\t\t\t<div class=\"elementor-container elementor-column-gap-default\">\n\t\t\t\t\t<div class=\"elementor-column elementor-col-100 elementor-top-column elementor-element elementor-element-ae4c881\" data-id=\"ae4c881\" data-element_type=\"column\">\n\t\t\t<div class=\"elementor-widget-wrap elementor-element-populated\">\n\t\t\t\t\t\t<div class=\"elementor-element elementor-element-53b0174 elementor-widget elementor-widget-heading\" data-id=\"53b0174\" data-element_type=\"widget\" data-widget_type=\"heading.default\">\n\t\t\t\t<div class=\"elementor-widget-container\">\n\t\t\t\t\t<h2 class=\"elementor-heading-title elementor-size-default\"> FAQ <\/h2>\t\t\t\t<\/div>\n\t\t\t\t<\/div>\n\t\t\t\t<section class=\"elementor-section elementor-inner-section elementor-element elementor-element-6f82d93 elementor-section-boxed elementor-section-height-default elementor-section-height-default\" data-id=\"6f82d93\" data-element_type=\"section\">\n\t\t\t\t\t\t<div class=\"elementor-container elementor-column-gap-default\">\n\t\t\t\t\t<div class=\"elementor-column elementor-col-100 elementor-inner-column elementor-element elementor-element-451f0a7\" data-id=\"451f0a7\" data-element_type=\"column\">\n\t\t\t<div class=\"elementor-widget-wrap elementor-element-populated\">\n\t\t\t\t\t\t<div class=\"elementor-element elementor-element-f9a1d5a elementor-widget elementor-widget-accordion\" data-id=\"f9a1d5a\" data-element_type=\"widget\" data-widget_type=\"accordion.default\">\n\t\t\t\t<div class=\"elementor-widget-container\">\n\t\t\t\t\t\t\t<div class=\"elementor-accordion\">\n\t\t\t\t\t\t\t<div class=\"elementor-accordion-item\">\n\t\t\t\t\t<div id=\"elementor-tab-title-2611\" class=\"elementor-tab-title\" data-tab=\"1\" role=\"button\" aria-controls=\"elementor-tab-content-2611\" aria-expanded=\"false\">\n\t\t\t\t\t\t\t\t\t\t\t\t\t<span class=\"elementor-accordion-icon elementor-accordion-icon-left\" aria-hidden=\"true\">\n\t\t\t\t\t\t\t\t\t\t\t\t\t\t\t<span class=\"elementor-accordion-icon-closed\"><i class=\"fas fa-plus\"><\/i><\/span>\n\t\t\t\t\t\t\t\t<span class=\"elementor-accordion-icon-opened\"><i class=\"fas fa-minus\"><\/i><\/span>\n\t\t\t\t\t\t\t\t\t\t\t\t\t\t<\/span>\n\t\t\t\t\t\t\t\t\t\t\t\t<a class=\"elementor-accordion-title\" tabindex=\"0\">D\u2019o\u00f9 vient le Merengue ?<\/a>\n\t\t\t\t\t<\/div>\n\t\t\t\t\t<div id=\"elementor-tab-content-2611\" class=\"elementor-tab-content elementor-clearfix\" data-tab=\"1\" role=\"region\" aria-labelledby=\"elementor-tab-title-2611\"><p data-start=\"334\" data-end=\"644\">Le Merengue trouve ses origines au XIX\u1d49 si\u00e8cle dans les campagnes du Cibao, o\u00f9 se m\u00ealent influences africaines, europ\u00e9ennes et autochtones.<\/p><\/div>\n\t\t\t\t<\/div>\n\t\t\t\t\t\t\t<div class=\"elementor-accordion-item\">\n\t\t\t\t\t<div id=\"elementor-tab-title-2612\" class=\"elementor-tab-title\" data-tab=\"2\" role=\"button\" aria-controls=\"elementor-tab-content-2612\" aria-expanded=\"false\">\n\t\t\t\t\t\t\t\t\t\t\t\t\t<span class=\"elementor-accordion-icon elementor-accordion-icon-left\" aria-hidden=\"true\">\n\t\t\t\t\t\t\t\t\t\t\t\t\t\t\t<span class=\"elementor-accordion-icon-closed\"><i class=\"fas fa-plus\"><\/i><\/span>\n\t\t\t\t\t\t\t\t<span class=\"elementor-accordion-icon-opened\"><i class=\"fas fa-minus\"><\/i><\/span>\n\t\t\t\t\t\t\t\t\t\t\t\t\t\t<\/span>\n\t\t\t\t\t\t\t\t\t\t\t\t<a class=\"elementor-accordion-title\" tabindex=\"0\">Pourquoi le Merengue est-il important pour la R\u00e9publique dominicaine ?<\/a>\n\t\t\t\t\t<\/div>\n\t\t\t\t\t<div id=\"elementor-tab-content-2612\" class=\"elementor-tab-content elementor-clearfix\" data-tab=\"2\" role=\"region\" aria-labelledby=\"elementor-tab-title-2612\"><p>Parce qu\u2019il incarne l\u2019identit\u00e9 culturelle du pays, accompagne les grandes c\u00e9l\u00e9brations et refl\u00e8te l\u2019histoire sociale de la population dominicaine.<\/p><\/div>\n\t\t\t\t<\/div>\n\t\t\t\t\t\t\t<div class=\"elementor-accordion-item\">\n\t\t\t\t\t<div id=\"elementor-tab-title-2613\" class=\"elementor-tab-title\" data-tab=\"3\" role=\"button\" aria-controls=\"elementor-tab-content-2613\" aria-expanded=\"false\">\n\t\t\t\t\t\t\t\t\t\t\t\t\t<span class=\"elementor-accordion-icon elementor-accordion-icon-left\" aria-hidden=\"true\">\n\t\t\t\t\t\t\t\t\t\t\t\t\t\t\t<span class=\"elementor-accordion-icon-closed\"><i class=\"fas fa-plus\"><\/i><\/span>\n\t\t\t\t\t\t\t\t<span class=\"elementor-accordion-icon-opened\"><i class=\"fas fa-minus\"><\/i><\/span>\n\t\t\t\t\t\t\t\t\t\t\t\t\t\t<\/span>\n\t\t\t\t\t\t\t\t\t\t\t\t<a class=\"elementor-accordion-title\" tabindex=\"0\">Quels instruments caract\u00e9risent le Merengue ?<\/a>\n\t\t\t\t\t<\/div>\n\t\t\t\t\t<div id=\"elementor-tab-content-2613\" class=\"elementor-tab-content elementor-clearfix\" data-tab=\"3\" role=\"region\" aria-labelledby=\"elementor-tab-title-2613\"><p>La tambora, la g\u00fcira et l\u2019accord\u00e9on composent la base sonore du Merengue, auxquels s\u2019ajoutent aujourd\u2019hui saxophones, basses et claviers.<\/p><\/div>\n\t\t\t\t<\/div>\n\t\t\t\t\t\t\t\t<\/div>\n\t\t\t\t\t\t<\/div>\n\t\t\t\t<\/div>\n\t\t\t\t\t<\/div>\n\t\t<\/div>\n\t\t\t\t\t<\/div>\n\t\t<\/section>\n\t\t\t\t\t<\/div>\n\t\t<\/div>\n\t\t\t\t\t<\/div>\n\t\t<\/section>\n\t\t\t\t<\/div>\n\t\t","protected":false},"excerpt":{"rendered":"<p>Le Merengue, h\u00e9ritage vivant de la culture dominicaine, r\u00e9unit musique, danse, m\u00e9moire et identit\u00e9. Chaque 26 novembre, les habitants de la R\u00e9publique dominicaine lui consacrent une journ\u00e9e nationale, rappelant l\u2019importance de ce rythme qui accompagne autant les moments de joie collective que les instants intimes. Mais derri\u00e8re son \u00e9nergie solaire se cache une histoire riche, [&hellip;]<\/p>\n","protected":false},"author":662,"featured_media":65410,"comment_status":"open","ping_status":"open","sticky":false,"template":"","format":"standard","meta":{"_acf_changed":false,"footnotes":""},"categories":[1468],"tags":[1482],"class_list":["post-65409","post","type-post","status-publish","format-standard","has-post-thumbnail","hentry","category-histoire-patrimoine","tag-republique-dominicaine"],"acf":[],"_links":{"self":[{"href":"https:\/\/richeskarayib.com\/fr\/wp-json\/wp\/v2\/posts\/65409","targetHints":{"allow":["GET"]}}],"collection":[{"href":"https:\/\/richeskarayib.com\/fr\/wp-json\/wp\/v2\/posts"}],"about":[{"href":"https:\/\/richeskarayib.com\/fr\/wp-json\/wp\/v2\/types\/post"}],"author":[{"embeddable":true,"href":"https:\/\/richeskarayib.com\/fr\/wp-json\/wp\/v2\/users\/662"}],"replies":[{"embeddable":true,"href":"https:\/\/richeskarayib.com\/fr\/wp-json\/wp\/v2\/comments?post=65409"}],"version-history":[{"count":0,"href":"https:\/\/richeskarayib.com\/fr\/wp-json\/wp\/v2\/posts\/65409\/revisions"}],"wp:featuredmedia":[{"embeddable":true,"href":"https:\/\/richeskarayib.com\/fr\/wp-json\/wp\/v2\/media\/65410"}],"wp:attachment":[{"href":"https:\/\/richeskarayib.com\/fr\/wp-json\/wp\/v2\/media?parent=65409"}],"wp:term":[{"taxonomy":"category","embeddable":true,"href":"https:\/\/richeskarayib.com\/fr\/wp-json\/wp\/v2\/categories?post=65409"},{"taxonomy":"post_tag","embeddable":true,"href":"https:\/\/richeskarayib.com\/fr\/wp-json\/wp\/v2\/tags?post=65409"}],"curies":[{"name":"wp","href":"https:\/\/api.w.org\/{rel}","templated":true}]}}