{"id":65951,"date":"2025-12-02T07:46:53","date_gmt":"2025-12-02T11:46:53","guid":{"rendered":"https:\/\/richeskarayib.com\/?p=65951"},"modified":"2025-12-02T11:59:34","modified_gmt":"2025-12-02T15:59:34","slug":"la-bomba-tradition-afro-antillaise-histoire","status":"publish","type":"post","link":"https:\/\/richeskarayib.com\/fr\/la-bomba-tradition-afro-antillaise-histoire\/","title":{"rendered":"La bomba : un souffle africain qui fa\u00e7onne l\u2019identit\u00e9 de l\u2019\u00eele"},"content":{"rendered":"\t\t<div data-elementor-type=\"wp-post\" data-elementor-id=\"65951\" class=\"elementor elementor-65951\" data-elementor-post-type=\"post\">\n\t\t\t\t\t\t<section class=\"elementor-section elementor-top-section elementor-element elementor-element-7ca7ca1 elementor-section-boxed elementor-section-height-default elementor-section-height-default\" data-id=\"7ca7ca1\" data-element_type=\"section\">\n\t\t\t\t\t\t<div class=\"elementor-container elementor-column-gap-default\">\n\t\t\t\t\t<div class=\"elementor-column elementor-col-100 elementor-top-column elementor-element elementor-element-cbdd002\" data-id=\"cbdd002\" data-element_type=\"column\">\n\t\t\t<div class=\"elementor-widget-wrap elementor-element-populated\">\n\t\t\t\t\t\t<section class=\"elementor-section elementor-inner-section elementor-element elementor-element-bc94849 elementor-section-boxed elementor-section-height-default elementor-section-height-default\" data-id=\"bc94849\" data-element_type=\"section\">\n\t\t\t\t\t\t<div class=\"elementor-container elementor-column-gap-default\">\n\t\t\t\t\t\t<\/div>\n\t\t<\/section>\n\t\t\t\t<section class=\"elementor-section elementor-inner-section elementor-element elementor-element-61571e6 elementor-section-boxed elementor-section-height-default elementor-section-height-default\" data-id=\"61571e6\" data-element_type=\"section\">\n\t\t\t\t\t\t<div class=\"elementor-container elementor-column-gap-default\">\n\t\t\t\t\t\t<\/div>\n\t\t<\/section>\n\t\t\t\t<section class=\"elementor-section elementor-inner-section elementor-element elementor-element-b6262e0 elementor-section-boxed elementor-section-height-default elementor-section-height-default\" data-id=\"b6262e0\" data-element_type=\"section\">\n\t\t\t\t\t\t<div class=\"elementor-container elementor-column-gap-default\">\n\t\t\t\t\t\t<\/div>\n\t\t<\/section>\n\t\t\t\t<section class=\"elementor-section elementor-inner-section elementor-element elementor-element-cca29fd elementor-section-boxed elementor-section-height-default elementor-section-height-default\" data-id=\"cca29fd\" data-element_type=\"section\">\n\t\t\t\t\t\t<div class=\"elementor-container elementor-column-gap-default\">\n\t\t\t\t\t\t<\/div>\n\t\t<\/section>\n\t\t\t\t\t<\/div>\n\t\t<\/div>\n\t\t\t\t\t<\/div>\n\t\t<\/section>\n\t\t\t\t<section class=\"elementor-section elementor-top-section elementor-element elementor-element-ee72354 elementor-section-boxed elementor-section-height-default elementor-section-height-default\" data-id=\"ee72354\" data-element_type=\"section\">\n\t\t\t\t\t\t<div class=\"elementor-container elementor-column-gap-default\">\n\t\t\t\t\t<div class=\"elementor-column elementor-col-100 elementor-top-column elementor-element elementor-element-c59d6fe\" data-id=\"c59d6fe\" data-element_type=\"column\">\n\t\t\t<div class=\"elementor-widget-wrap elementor-element-populated\">\n\t\t\t\t\t\t<div class=\"elementor-element elementor-element-e57451f elementor-widget elementor-widget-text-editor\" data-id=\"e57451f\" data-element_type=\"widget\" data-widget_type=\"text-editor.default\">\n\t\t\t\t<div class=\"elementor-widget-container\">\n\t\t\t\t\t\t\t\t\t<p><span style=\"font-weight: 400;\"><a href=\"https:\/\/www.discoverpuertorico.com\/article\/bomba-is-essential-expression-puerto-rican-culture\" target=\"_blank\" rel=\"noopener nofollow\">La bomba<\/a> occupe aujourd\u2019hui une place essentielle dans la <a href=\"https:\/\/richeskarayib.com\/fr\/bad-bunny-au-super-bowl-2026-porto-rico\/\" target=\"_blank\" rel=\"noopener\">vie culturelle porto-ricaine<\/a>. Pratique n\u00e9e dans la r\u00e9sistance, port\u00e9e par les communaut\u00e9s afro-descendantes, elle s\u2019est impos\u00e9e comme un pilier de la tradition afro-antillaise.<\/span><span style=\"font-weight: 400;\"><br \/><\/span><span style=\"font-weight: 400;\"> Dans les quartiers, les f\u00eates populaires ou les rassemblements communautaires, elle relie histoire, fiert\u00e9 et transmission. Et surtout, elle raconte une autre mani\u00e8re d\u2019habiter l\u2019\u00eele : par le rythme, la parole et le partage.<\/span><\/p>\t\t\t\t\t\t\t\t<\/div>\n\t\t\t\t<\/div>\n\t\t\t\t\t<\/div>\n\t\t<\/div>\n\t\t\t\t\t<\/div>\n\t\t<\/section>\n\t\t\t\t<section class=\"elementor-section elementor-top-section elementor-element elementor-element-82cd8f9 elementor-section-boxed elementor-section-height-default elementor-section-height-default\" data-id=\"82cd8f9\" data-element_type=\"section\">\n\t\t\t\t\t\t<div class=\"elementor-container elementor-column-gap-default\">\n\t\t\t\t\t<div class=\"elementor-column elementor-col-100 elementor-top-column elementor-element elementor-element-0bfdc38\" data-id=\"0bfdc38\" data-element_type=\"column\">\n\t\t\t<div class=\"elementor-widget-wrap elementor-element-populated\">\n\t\t\t\t\t\t<div class=\"elementor-element elementor-element-7d292fe elementor-widget elementor-widget-heading\" data-id=\"7d292fe\" data-element_type=\"widget\" data-widget_type=\"heading.default\">\n\t\t\t\t<div class=\"elementor-widget-container\">\n\t\t\t\t\t<h2 class=\"elementor-heading-title elementor-size-default\">Des racines africaines fa\u00e7onn\u00e9es par des si\u00e8cles d\u2019histoire<\/h2>\t\t\t\t<\/div>\n\t\t\t\t<\/div>\n\t\t\t\t<section class=\"elementor-section elementor-inner-section elementor-element elementor-element-f4a85dc elementor-section-boxed elementor-section-height-default elementor-section-height-default\" data-id=\"f4a85dc\" data-element_type=\"section\">\n\t\t\t\t\t\t<div class=\"elementor-container elementor-column-gap-default\">\n\t\t\t\t\t<div class=\"elementor-column elementor-col-50 elementor-inner-column elementor-element elementor-element-80ea15b\" data-id=\"80ea15b\" data-element_type=\"column\">\n\t\t\t<div class=\"elementor-widget-wrap elementor-element-populated\">\n\t\t\t\t\t\t<div class=\"elementor-element elementor-element-969dce4 elementor-widget elementor-widget-image\" data-id=\"969dce4\" data-element_type=\"widget\" data-widget_type=\"image.default\">\n\t\t\t\t<div class=\"elementor-widget-container\">\n\t\t\t\t\t\t\t\t\t\t\t\t\t\t\t<img fetchpriority=\"high\" decoding=\"async\" width=\"800\" height=\"530\" src=\"https:\/\/richeskarayib.com\/wp-content\/uploads\/2025\/12\/bomba-and-plena-musicians-performing-at-tito-matos-festival-2K780X6-1024x679.jpeg\" class=\"attachment-large size-large wp-image-65964\" alt=\"La bomba\" srcset=\"https:\/\/richeskarayib.com\/wp-content\/uploads\/2025\/12\/bomba-and-plena-musicians-performing-at-tito-matos-festival-2K780X6-1024x679.jpeg 1024w, https:\/\/richeskarayib.com\/wp-content\/uploads\/2025\/12\/bomba-and-plena-musicians-performing-at-tito-matos-festival-2K780X6-300x199.jpeg 300w, https:\/\/richeskarayib.com\/wp-content\/uploads\/2025\/12\/bomba-and-plena-musicians-performing-at-tito-matos-festival-2K780X6-768x509.jpeg 768w, https:\/\/richeskarayib.com\/wp-content\/uploads\/2025\/12\/bomba-and-plena-musicians-performing-at-tito-matos-festival-2K780X6.jpeg 1280w\" sizes=\"(max-width: 800px) 100vw, 800px\" \/>\t\t\t\t\t\t\t\t\t\t\t\t\t\t\t<\/div>\n\t\t\t\t<\/div>\n\t\t\t\t\t<\/div>\n\t\t<\/div>\n\t\t\t\t<div class=\"elementor-column elementor-col-50 elementor-inner-column elementor-element elementor-element-08d83ea\" data-id=\"08d83ea\" data-element_type=\"column\">\n\t\t\t<div class=\"elementor-widget-wrap elementor-element-populated\">\n\t\t\t\t\t\t<div class=\"elementor-element elementor-element-96caf50 elementor-widget elementor-widget-text-editor\" data-id=\"96caf50\" data-element_type=\"widget\" data-widget_type=\"text-editor.default\">\n\t\t\t\t<div class=\"elementor-widget-container\">\n\t\t\t\t\t\t\t\t\t<p><span style=\"font-weight: 400;\">La bomba prend forme au XVII\u1d49 si\u00e8cle, dans les communaut\u00e9s issues des Africains r\u00e9duits en esclavage, arriv\u00e9s d\u00e8s le XVI\u1d49 si\u00e8cle. Dans les plantations, ces femmes et ces hommes recr\u00e9ent des pratiques musicales inspir\u00e9es de l\u2019Afrique de l\u2019Ouest.<\/span><span style=\"font-weight: 400;\"><br \/><\/span><span style=\"font-weight: 400;\"> Ces rythmes deviennent un espace de coh\u00e9sion, un moyen de pr\u00e9server des fragments d\u2019identit\u00e9 dans un contexte o\u00f9 tout \u00e9tait fait pour les effacer.<\/span><\/p><p><span style=\"font-weight: 400;\">Au fil du temps, la pratique \u00e9volue, se m\u00e9lange \u00e0 d\u2019autres influences et s\u2019adapte aux r\u00e9alit\u00e9s locales. Cela donne naissance \u00e0 des styles distincts : ceux de Lo\u00edza, Ponce, Mayag\u00fcez ou encore Santurce. Chaque r\u00e9gion apporte sa mani\u00e8re de chanter, danser et jouer, r\u00e9v\u00e9lant la richesse d\u2019une tradition afro-antillaise profond\u00e9ment enracin\u00e9e.<\/span><\/p>\t\t\t\t\t\t\t\t<\/div>\n\t\t\t\t<\/div>\n\t\t\t\t\t<\/div>\n\t\t<\/div>\n\t\t\t\t\t<\/div>\n\t\t<\/section>\n\t\t\t\t<section class=\"elementor-section elementor-inner-section elementor-element elementor-element-c582330 elementor-section-boxed elementor-section-height-default elementor-section-height-default\" data-id=\"c582330\" data-element_type=\"section\">\n\t\t\t\t\t\t<div class=\"elementor-container elementor-column-gap-default\">\n\t\t\t\t\t\t<\/div>\n\t\t<\/section>\n\t\t\t\t<section class=\"elementor-section elementor-inner-section elementor-element elementor-element-296603a elementor-section-boxed elementor-section-height-default elementor-section-height-default\" data-id=\"296603a\" data-element_type=\"section\">\n\t\t\t\t\t\t<div class=\"elementor-container elementor-column-gap-default\">\n\t\t\t\t\t\t<\/div>\n\t\t<\/section>\n\t\t\t\t\t<\/div>\n\t\t<\/div>\n\t\t\t\t\t<\/div>\n\t\t<\/section>\n\t\t\t\t<section class=\"elementor-section elementor-top-section elementor-element elementor-element-ceca32c elementor-section-boxed elementor-section-height-default elementor-section-height-default\" data-id=\"ceca32c\" data-element_type=\"section\">\n\t\t\t\t\t\t<div class=\"elementor-container elementor-column-gap-default\">\n\t\t\t\t\t<div class=\"elementor-column elementor-col-100 elementor-top-column elementor-element elementor-element-5a2e383\" data-id=\"5a2e383\" data-element_type=\"column\">\n\t\t\t<div class=\"elementor-widget-wrap elementor-element-populated\">\n\t\t\t\t\t\t<div class=\"elementor-element elementor-element-6cedf5f elementor-widget elementor-widget-heading\" data-id=\"6cedf5f\" data-element_type=\"widget\" data-widget_type=\"heading.default\">\n\t\t\t\t<div class=\"elementor-widget-container\">\n\t\t\t\t\t<h2 class=\"elementor-heading-title elementor-size-default\">Une musique guid\u00e9e par les tambours et le geste du danseur<\/h2>\t\t\t\t<\/div>\n\t\t\t\t<\/div>\n\t\t\t\t<section class=\"elementor-section elementor-inner-section elementor-element elementor-element-c31d3a6 elementor-section-boxed elementor-section-height-default elementor-section-height-default\" data-id=\"c31d3a6\" data-element_type=\"section\">\n\t\t\t\t\t\t<div class=\"elementor-container elementor-column-gap-default\">\n\t\t\t\t\t<div class=\"elementor-column elementor-col-50 elementor-inner-column elementor-element elementor-element-bdb7c5e\" data-id=\"bdb7c5e\" data-element_type=\"column\">\n\t\t\t<div class=\"elementor-widget-wrap elementor-element-populated\">\n\t\t\t\t\t\t<div class=\"elementor-element elementor-element-e93d1fb elementor-widget elementor-widget-text-editor\" data-id=\"e93d1fb\" data-element_type=\"widget\" data-widget_type=\"text-editor.default\">\n\t\t\t\t<div class=\"elementor-widget-container\">\n\t\t\t\t\t\t\t\t\t<p><span style=\"font-weight: 400;\">Le c\u0153ur de<a href=\"https:\/\/blogs.univ-tlse2.fr\/etudes-romanes-cahiers\/2022\/11\/21\/la-bomba\/\" target=\"_blank\" rel=\"noopener nofollow\"> la bomba<\/a> repose sur les barriles, tambours fabriqu\u00e9s \u00e0 partir d\u2019anciennes barriques de <a href=\"https:\/\/richeskarayib.com\/fr\/canne-a-sucre-rhum-heritage-culturel-blog-rk\/\" target=\"_blank\" rel=\"noopener\">rhum<\/a>. Le buleador installe la pulsation, tandis que le primo (ou subidor) improvise. <\/span><\/p><p><span style=\"font-weight: 400;\">Autour d\u2019eux, la maraca et la cu\u00e1: deux baguettes frapp\u00e9es sur un morceau de bois structurent la base sonore. Un g\u00fciro peut parfois s\u2019ajouter, sans \u00eatre indispensable.<\/span><\/p><p><span style=\"font-weight: 400;\">La singularit\u00e9 de la bomba tient \u00e0 sa dynamique : c\u2019est le danseur qui guide le tambour.<\/span><\/p><p><span style=\"font-weight: 400;\"> Chaque mouvement: arr\u00eat, pivot, acc\u00e9l\u00e9\u00adration devient une intention \u00e0 laquelle le primo r\u00e9pond instantan\u00e9ment. Cette conversation entre percussionniste et danseur fait de la bomba un art o\u00f9 l\u2019\u00e9coute, la pr\u00e9cision et la spontan\u00e9it\u00e9 sont centrales. <\/span><\/p><p><span style=\"font-weight: 400;\">La voix, entre solos improvis\u00e9s et refrains en ch\u0153ur, compl\u00e8te cette architecture musicale sensible et puissante.<\/span><\/p>\t\t\t\t\t\t\t\t<\/div>\n\t\t\t\t<\/div>\n\t\t\t\t<div class=\"elementor-element elementor-element-82875d3 elementor-widget elementor-widget-image\" data-id=\"82875d3\" data-element_type=\"widget\" data-widget_type=\"image.default\">\n\t\t\t\t<div class=\"elementor-widget-container\">\n\t\t\t\t\t\t\t\t\t\t\t\t\t\t\t<img decoding=\"async\" width=\"800\" height=\"535\" src=\"https:\/\/richeskarayib.com\/wp-content\/uploads\/2025\/12\/june-11-2022-san-juan-puerto-rico-usa-hand-drums-for-bomba-on-display-at-museum-credit-image-edwin-remsbergvw-pics-via-zuma-press-wire-3C9CY4W-1024x685.jpeg\" class=\"attachment-large size-large wp-image-65960\" alt=\"La bomba\" srcset=\"https:\/\/richeskarayib.com\/wp-content\/uploads\/2025\/12\/june-11-2022-san-juan-puerto-rico-usa-hand-drums-for-bomba-on-display-at-museum-credit-image-edwin-remsbergvw-pics-via-zuma-press-wire-3C9CY4W-1024x685.jpeg 1024w, https:\/\/richeskarayib.com\/wp-content\/uploads\/2025\/12\/june-11-2022-san-juan-puerto-rico-usa-hand-drums-for-bomba-on-display-at-museum-credit-image-edwin-remsbergvw-pics-via-zuma-press-wire-3C9CY4W-300x201.jpeg 300w, https:\/\/richeskarayib.com\/wp-content\/uploads\/2025\/12\/june-11-2022-san-juan-puerto-rico-usa-hand-drums-for-bomba-on-display-at-museum-credit-image-edwin-remsbergvw-pics-via-zuma-press-wire-3C9CY4W-768x514.jpeg 768w, https:\/\/richeskarayib.com\/wp-content\/uploads\/2025\/12\/june-11-2022-san-juan-puerto-rico-usa-hand-drums-for-bomba-on-display-at-museum-credit-image-edwin-remsbergvw-pics-via-zuma-press-wire-3C9CY4W.jpeg 1280w\" sizes=\"(max-width: 800px) 100vw, 800px\" \/>\t\t\t\t\t\t\t\t\t\t\t\t\t\t\t<\/div>\n\t\t\t\t<\/div>\n\t\t\t\t\t<\/div>\n\t\t<\/div>\n\t\t\t\t<div class=\"elementor-column elementor-col-50 elementor-inner-column elementor-element elementor-element-5830bb1\" data-id=\"5830bb1\" data-element_type=\"column\">\n\t\t\t<div class=\"elementor-widget-wrap elementor-element-populated\">\n\t\t\t\t\t\t<div class=\"elementor-element elementor-element-9308543 elementor-widget elementor-widget-image\" data-id=\"9308543\" data-element_type=\"widget\" data-widget_type=\"image.default\">\n\t\t\t\t<div class=\"elementor-widget-container\">\n\t\t\t\t\t\t\t\t\t\t\t\t\t\t\t<img decoding=\"async\" width=\"682\" height=\"1024\" src=\"https:\/\/richeskarayib.com\/wp-content\/uploads\/2025\/12\/barril-bomba-barrel-drum-2J13F0J-682x1024.jpeg\" class=\"attachment-large size-large wp-image-65956\" alt=\"La bomba\" srcset=\"https:\/\/richeskarayib.com\/wp-content\/uploads\/2025\/12\/barril-bomba-barrel-drum-2J13F0J-682x1024.jpeg 682w, https:\/\/richeskarayib.com\/wp-content\/uploads\/2025\/12\/barril-bomba-barrel-drum-2J13F0J-200x300.jpeg 200w, https:\/\/richeskarayib.com\/wp-content\/uploads\/2025\/12\/barril-bomba-barrel-drum-2J13F0J-768x1154.jpeg 768w, https:\/\/richeskarayib.com\/wp-content\/uploads\/2025\/12\/barril-bomba-barrel-drum-2J13F0J.jpeg 852w\" sizes=\"(max-width: 682px) 100vw, 682px\" \/>\t\t\t\t\t\t\t\t\t\t\t\t\t\t\t<\/div>\n\t\t\t\t<\/div>\n\t\t\t\t\t<\/div>\n\t\t<\/div>\n\t\t\t\t\t<\/div>\n\t\t<\/section>\n\t\t\t\t\t<\/div>\n\t\t<\/div>\n\t\t\t\t\t<\/div>\n\t\t<\/section>\n\t\t\t\t<section class=\"elementor-section elementor-top-section elementor-element elementor-element-9c88a89 elementor-section-boxed elementor-section-height-default elementor-section-height-default\" data-id=\"9c88a89\" data-element_type=\"section\">\n\t\t\t\t\t\t<div class=\"elementor-container elementor-column-gap-default\">\n\t\t\t\t\t<div class=\"elementor-column elementor-col-100 elementor-top-column elementor-element elementor-element-78cf5d1\" data-id=\"78cf5d1\" data-element_type=\"column\">\n\t\t\t<div class=\"elementor-widget-wrap elementor-element-populated\">\n\t\t\t\t\t\t<div class=\"elementor-element elementor-element-ea2a5c1 elementor-widget elementor-widget-heading\" data-id=\"ea2a5c1\" data-element_type=\"widget\" data-widget_type=\"heading.default\">\n\t\t\t\t<div class=\"elementor-widget-container\">\n\t\t\t\t\t<h2 class=\"elementor-heading-title elementor-size-default\">Un espace de r\u00e9sistance et de parole communautaire<\/h2>\t\t\t\t<\/div>\n\t\t\t\t<\/div>\n\t\t\t\t<div class=\"elementor-element elementor-element-e305eee elementor-widget elementor-widget-text-editor\" data-id=\"e305eee\" data-element_type=\"widget\" data-widget_type=\"text-editor.default\">\n\t\t\t\t<div class=\"elementor-widget-container\">\n\t\t\t\t\t\t\t\t\t<p><span style=\"font-weight: 400;\">Pendant des d\u00e9cennies, la bomba a \u00e9t\u00e9 rel\u00e9gu\u00e9e \u00e0 l\u2019arri\u00e8re-plan de la vie culturelle. Malgr\u00e9 cela, elle s\u2019est impos\u00e9e comme un lieu o\u00f9 l\u2019on dit, o\u00f9 l\u2019on revendique, o\u00f9 l\u2019on rappelle ce que l\u2019histoire officielle a longtemps pass\u00e9 sous silence. Pour les communaut\u00e9s afro-descendantes, elle a servi de refuge, mais aussi de moyen d\u2019affirmer une pr\u00e9sence, une m\u00e9moire et une dignit\u00e9 face aux injustices.<\/span><\/p><p><span style=\"font-weight: 400;\">La transmission familiale et communautaire reste au c\u0153ur de cette continuit\u00e9. La famille Cepeda, r\u00e9f\u00e9rence incontournable, compte parmi les gardiens historiques de la pratique. Des ensembles comme Plena Libre ont \u00e9galement contribu\u00e9 \u00e0 diffuser ce r\u00e9pertoire, tout en respectant ses racines.<\/span><span style=\"font-weight: 400;\"><br \/><\/span><span style=\"font-weight: 400;\"> \u00c0 travers eux, la bomba continue de porter la voix afro-portoricaine et d\u2019affirmer la l\u00e9gitimit\u00e9 de cette tradition afro-antillaise.<\/span><\/p>\t\t\t\t\t\t\t\t<\/div>\n\t\t\t\t<\/div>\n\t\t\t\t<section class=\"elementor-section elementor-inner-section elementor-element elementor-element-c8e7ff0 elementor-section-boxed elementor-section-height-default elementor-section-height-default\" data-id=\"c8e7ff0\" data-element_type=\"section\">\n\t\t\t\t\t\t<div class=\"elementor-container elementor-column-gap-default\">\n\t\t\t\t\t<div class=\"elementor-column elementor-col-100 elementor-inner-column elementor-element elementor-element-4dcd81e\" data-id=\"4dcd81e\" data-element_type=\"column\">\n\t\t\t<div class=\"elementor-widget-wrap elementor-element-populated\">\n\t\t\t\t\t\t<div class=\"elementor-element elementor-element-99bf979 elementor-widget elementor-widget-image\" data-id=\"99bf979\" data-element_type=\"widget\" data-widget_type=\"image.default\">\n\t\t\t\t<div class=\"elementor-widget-container\">\n\t\t\t\t\t\t\t\t\t\t\t\t\t\t\t<img loading=\"lazy\" decoding=\"async\" width=\"800\" height=\"530\" src=\"https:\/\/richeskarayib.com\/wp-content\/uploads\/2025\/12\/bomba-and-plena-musicians-performing-at-tito-matos-festival-2K7805G-1024x678.jpeg\" class=\"attachment-large size-large wp-image-65968\" alt=\"La bomba\" srcset=\"https:\/\/richeskarayib.com\/wp-content\/uploads\/2025\/12\/bomba-and-plena-musicians-performing-at-tito-matos-festival-2K7805G-1024x678.jpeg 1024w, https:\/\/richeskarayib.com\/wp-content\/uploads\/2025\/12\/bomba-and-plena-musicians-performing-at-tito-matos-festival-2K7805G-300x199.jpeg 300w, https:\/\/richeskarayib.com\/wp-content\/uploads\/2025\/12\/bomba-and-plena-musicians-performing-at-tito-matos-festival-2K7805G-768x509.jpeg 768w, https:\/\/richeskarayib.com\/wp-content\/uploads\/2025\/12\/bomba-and-plena-musicians-performing-at-tito-matos-festival-2K7805G.jpeg 1280w\" sizes=\"(max-width: 800px) 100vw, 800px\" \/>\t\t\t\t\t\t\t\t\t\t\t\t\t\t\t<\/div>\n\t\t\t\t<\/div>\n\t\t\t\t\t<\/div>\n\t\t<\/div>\n\t\t\t\t\t<\/div>\n\t\t<\/section>\n\t\t\t\t\t<\/div>\n\t\t<\/div>\n\t\t\t\t\t<\/div>\n\t\t<\/section>\n\t\t\t\t<section class=\"elementor-section elementor-top-section elementor-element elementor-element-103aced elementor-section-boxed elementor-section-height-default elementor-section-height-default\" data-id=\"103aced\" data-element_type=\"section\">\n\t\t\t\t\t\t<div class=\"elementor-container elementor-column-gap-default\">\n\t\t\t\t\t<div class=\"elementor-column elementor-col-100 elementor-top-column elementor-element elementor-element-e34f9f4\" data-id=\"e34f9f4\" data-element_type=\"column\">\n\t\t\t<div class=\"elementor-widget-wrap elementor-element-populated\">\n\t\t\t\t\t\t<div class=\"elementor-element elementor-element-c643e86 elementor-widget elementor-widget-heading\" data-id=\"c643e86\" data-element_type=\"widget\" data-widget_type=\"heading.default\">\n\t\t\t\t<div class=\"elementor-widget-container\">\n\t\t\t\t\t<h2 class=\"elementor-heading-title elementor-size-default\">Entre renouveau, enseignement et cr\u00e9ativit\u00e9 urbaine<\/h2>\t\t\t\t<\/div>\n\t\t\t\t<\/div>\n\t\t\t\t<section class=\"elementor-section elementor-inner-section elementor-element elementor-element-60335d8 elementor-section-boxed elementor-section-height-default elementor-section-height-default\" data-id=\"60335d8\" data-element_type=\"section\">\n\t\t\t\t\t\t<div class=\"elementor-container elementor-column-gap-default\">\n\t\t\t\t\t<div class=\"elementor-column elementor-col-33 elementor-inner-column elementor-element elementor-element-3c402cb\" data-id=\"3c402cb\" data-element_type=\"column\">\n\t\t\t<div class=\"elementor-widget-wrap elementor-element-populated\">\n\t\t\t\t\t\t<div class=\"elementor-element elementor-element-786f247 elementor-widget elementor-widget-image\" data-id=\"786f247\" data-element_type=\"widget\" data-widget_type=\"image.default\">\n\t\t\t\t<div class=\"elementor-widget-container\">\n\t\t\t\t\t\t\t\t\t\t\t\t\t\t\t<img loading=\"lazy\" decoding=\"async\" width=\"800\" height=\"600\" src=\"https:\/\/richeskarayib.com\/wp-content\/uploads\/2025\/12\/escuela-de-bomba-y-plena-dona-brenes-where-traditional-dances-can-CFDWYM-1024x768.jpeg\" class=\"attachment-large size-large wp-image-65976\" alt=\"La bomba\" srcset=\"https:\/\/richeskarayib.com\/wp-content\/uploads\/2025\/12\/escuela-de-bomba-y-plena-dona-brenes-where-traditional-dances-can-CFDWYM-1024x768.jpeg 1024w, https:\/\/richeskarayib.com\/wp-content\/uploads\/2025\/12\/escuela-de-bomba-y-plena-dona-brenes-where-traditional-dances-can-CFDWYM-300x225.jpeg 300w, https:\/\/richeskarayib.com\/wp-content\/uploads\/2025\/12\/escuela-de-bomba-y-plena-dona-brenes-where-traditional-dances-can-CFDWYM-768x576.jpeg 768w, https:\/\/richeskarayib.com\/wp-content\/uploads\/2025\/12\/escuela-de-bomba-y-plena-dona-brenes-where-traditional-dances-can-CFDWYM.jpeg 1280w\" sizes=\"(max-width: 800px) 100vw, 800px\" \/>\t\t\t\t\t\t\t\t\t\t\t\t\t\t\t<\/div>\n\t\t\t\t<\/div>\n\t\t\t\t<div class=\"elementor-element elementor-element-79a1a89 elementor-widget elementor-widget-image\" data-id=\"79a1a89\" data-element_type=\"widget\" data-widget_type=\"image.default\">\n\t\t\t\t<div class=\"elementor-widget-container\">\n\t\t\t\t\t\t\t\t\t\t\t\t\t\t\t<img loading=\"lazy\" decoding=\"async\" width=\"800\" height=\"556\" src=\"https:\/\/richeskarayib.com\/wp-content\/uploads\/2025\/12\/bomba-and-plena-musicians-performing-at-tito-matos-festival-2K7R0D4-1024x712.jpeg\" class=\"attachment-large size-large wp-image-65980\" alt=\"La bomba\" srcset=\"https:\/\/richeskarayib.com\/wp-content\/uploads\/2025\/12\/bomba-and-plena-musicians-performing-at-tito-matos-festival-2K7R0D4-1024x712.jpeg 1024w, https:\/\/richeskarayib.com\/wp-content\/uploads\/2025\/12\/bomba-and-plena-musicians-performing-at-tito-matos-festival-2K7R0D4-300x209.jpeg 300w, https:\/\/richeskarayib.com\/wp-content\/uploads\/2025\/12\/bomba-and-plena-musicians-performing-at-tito-matos-festival-2K7R0D4-768x534.jpeg 768w, https:\/\/richeskarayib.com\/wp-content\/uploads\/2025\/12\/bomba-and-plena-musicians-performing-at-tito-matos-festival-2K7R0D4.jpeg 1280w\" sizes=\"(max-width: 800px) 100vw, 800px\" \/>\t\t\t\t\t\t\t\t\t\t\t\t\t\t\t<\/div>\n\t\t\t\t<\/div>\n\t\t\t\t\t<\/div>\n\t\t<\/div>\n\t\t\t\t<div class=\"elementor-column elementor-col-33 elementor-inner-column elementor-element elementor-element-72f7c5e\" data-id=\"72f7c5e\" data-element_type=\"column\">\n\t\t\t<div class=\"elementor-widget-wrap elementor-element-populated\">\n\t\t\t\t\t\t<div class=\"elementor-element elementor-element-43879e8 elementor-widget elementor-widget-text-editor\" data-id=\"43879e8\" data-element_type=\"widget\" data-widget_type=\"text-editor.default\">\n\t\t\t\t<div class=\"elementor-widget-container\">\n\t\t\t\t\t\t\t\t\t<p><span style=\"font-weight: 400;\">Depuis plusieurs d\u00e9cennies, la bomba conna\u00eet une renaissance profonde. Des \u00e9coles communautaires, des ateliers sp\u00e9cialis\u00e9s, des programmes universitaires et des collectifs locaux assurent la transmission du savoir. <\/span><\/p><p><span style=\"font-weight: 400;\">Des festivals, notamment \u00e0 Lo\u00edza ou Ponce rassemblent danseurs, percussionnistes et enseignants autour d\u2019ateliers, d\u2019hommages et de performances ouvertes au public.<\/span><\/p><p><span style=\"font-weight: 400;\">Cet \u00e9lan s\u2019accompagne d\u2019une nouvelle appropriation par la jeunesse. <\/span><\/p><p><span style=\"font-weight: 400;\">Dans les quartiers urbains, de nombreux groupes m\u00ealent la tradition au jazz, \u00e0 la salsa, au hip-hop ou \u00e0 l\u2019\u00e9lectro. <\/span><\/p><p><span style=\"font-weight: 400;\">Ces cr\u00e9ations montrent combien cette tradition afro-antillaise demeure vivante, capable de s\u2019adapter sans perdre son sens profond.<\/span><\/p>\t\t\t\t\t\t\t\t<\/div>\n\t\t\t\t<\/div>\n\t\t\t\t\t<\/div>\n\t\t<\/div>\n\t\t\t\t<div class=\"elementor-column elementor-col-33 elementor-inner-column elementor-element elementor-element-845a6d9\" data-id=\"845a6d9\" data-element_type=\"column\">\n\t\t\t<div class=\"elementor-widget-wrap elementor-element-populated\">\n\t\t\t\t\t\t<div class=\"elementor-element elementor-element-71714cb elementor-widget elementor-widget-image\" data-id=\"71714cb\" data-element_type=\"widget\" data-widget_type=\"image.default\">\n\t\t\t\t<div class=\"elementor-widget-container\">\n\t\t\t\t\t\t\t\t\t\t\t\t\t\t\t<img loading=\"lazy\" decoding=\"async\" width=\"800\" height=\"535\" src=\"https:\/\/richeskarayib.com\/wp-content\/uploads\/2025\/12\/puerto-rico-san-juan-the-capital-city-old-town-escuela-de-bomba-y-CN5TRA-1024x685.jpeg\" class=\"attachment-large size-large wp-image-65972\" alt=\"La bomba\" srcset=\"https:\/\/richeskarayib.com\/wp-content\/uploads\/2025\/12\/puerto-rico-san-juan-the-capital-city-old-town-escuela-de-bomba-y-CN5TRA-1024x685.jpeg 1024w, https:\/\/richeskarayib.com\/wp-content\/uploads\/2025\/12\/puerto-rico-san-juan-the-capital-city-old-town-escuela-de-bomba-y-CN5TRA-300x201.jpeg 300w, https:\/\/richeskarayib.com\/wp-content\/uploads\/2025\/12\/puerto-rico-san-juan-the-capital-city-old-town-escuela-de-bomba-y-CN5TRA-768x514.jpeg 768w, https:\/\/richeskarayib.com\/wp-content\/uploads\/2025\/12\/puerto-rico-san-juan-the-capital-city-old-town-escuela-de-bomba-y-CN5TRA.jpeg 1280w\" sizes=\"(max-width: 800px) 100vw, 800px\" \/>\t\t\t\t\t\t\t\t\t\t\t\t\t\t\t<\/div>\n\t\t\t\t<\/div>\n\t\t\t\t<div class=\"elementor-element elementor-element-2774cf9 elementor-widget elementor-widget-image\" data-id=\"2774cf9\" data-element_type=\"widget\" data-widget_type=\"image.default\">\n\t\t\t\t<div class=\"elementor-widget-container\">\n\t\t\t\t\t\t\t\t\t\t\t\t\t\t\t<img loading=\"lazy\" decoding=\"async\" width=\"800\" height=\"580\" src=\"https:\/\/richeskarayib.com\/wp-content\/uploads\/2025\/12\/bomba-and-plena-musicians-performing-at-tito-matos-festival-2K7R0EA-1024x742.jpeg\" class=\"attachment-large size-large wp-image-65984\" alt=\"La bomba\" srcset=\"https:\/\/richeskarayib.com\/wp-content\/uploads\/2025\/12\/bomba-and-plena-musicians-performing-at-tito-matos-festival-2K7R0EA-1024x742.jpeg 1024w, https:\/\/richeskarayib.com\/wp-content\/uploads\/2025\/12\/bomba-and-plena-musicians-performing-at-tito-matos-festival-2K7R0EA-300x218.jpeg 300w, https:\/\/richeskarayib.com\/wp-content\/uploads\/2025\/12\/bomba-and-plena-musicians-performing-at-tito-matos-festival-2K7R0EA-768x557.jpeg 768w, https:\/\/richeskarayib.com\/wp-content\/uploads\/2025\/12\/bomba-and-plena-musicians-performing-at-tito-matos-festival-2K7R0EA.jpeg 1280w\" sizes=\"(max-width: 800px) 100vw, 800px\" \/>\t\t\t\t\t\t\t\t\t\t\t\t\t\t\t<\/div>\n\t\t\t\t<\/div>\n\t\t\t\t\t<\/div>\n\t\t<\/div>\n\t\t\t\t\t<\/div>\n\t\t<\/section>\n\t\t\t\t\t<\/div>\n\t\t<\/div>\n\t\t\t\t\t<\/div>\n\t\t<\/section>\n\t\t\t\t<section class=\"elementor-section elementor-top-section elementor-element elementor-element-f5709a6 elementor-section-boxed elementor-section-height-default elementor-section-height-default\" data-id=\"f5709a6\" data-element_type=\"section\">\n\t\t\t\t\t\t<div class=\"elementor-container elementor-column-gap-default\">\n\t\t\t\t\t<div class=\"elementor-column elementor-col-100 elementor-top-column elementor-element elementor-element-957be6f\" data-id=\"957be6f\" data-element_type=\"column\">\n\t\t\t<div class=\"elementor-widget-wrap elementor-element-populated\">\n\t\t\t\t\t\t<div class=\"elementor-element elementor-element-22c0a08 elementor-widget elementor-widget-heading\" data-id=\"22c0a08\" data-element_type=\"widget\" data-widget_type=\"heading.default\">\n\t\t\t\t<div class=\"elementor-widget-container\">\n\t\t\t\t\t<h2 class=\"elementor-heading-title elementor-size-default\">Une ouverture internationale qui renforce la pratique\u2026 et ses d\u00e9fis<\/h2>\t\t\t\t<\/div>\n\t\t\t\t<\/div>\n\t\t\t\t<div class=\"elementor-element elementor-element-953f6e4 elementor-widget elementor-widget-text-editor\" data-id=\"953f6e4\" data-element_type=\"widget\" data-widget_type=\"text-editor.default\">\n\t\t\t\t<div class=\"elementor-widget-container\">\n\t\t\t\t\t\t\t\t\t<p><span style=\"font-weight: 400;\">Gr\u00e2ce aux \u00e9changes avec la diaspora, \u00e0 des collaborations avec des artistes de Cuba, de la R\u00e9publique Dominicaine ou des \u00c9tats-Unis, la bomba r\u00e9sonne aujourd\u2019hui bien au-del\u00e0 de l\u2019\u00eele. Dans les sc\u00e8nes new-yorkaises, les universit\u00e9s, les festivals culturels ou les centres communautaires, elle est reconnue comme une expression majeure de l\u2019h\u00e9ritage afro-carib\u00e9en.<\/span><\/p><p><span style=\"font-weight: 400;\">Mais cette visibilit\u00e9 entra\u00eene aussi des risques : folklorisation, commercialisation ou dilution du sens communautaire. Pour y r\u00e9pondre, les porteurs de tradition d\u00e9fendent un apprentissage rigoureux, la mise en valeur des ma\u00eetres et une transmission fid\u00e8le aux racines, afin que la bomba conserve ce qui fait sa force : sa pr\u00e9cision, sa profondeur et son lien humain.<\/span><\/p>\t\t\t\t\t\t\t\t<\/div>\n\t\t\t\t<\/div>\n\t\t\t\t\t<\/div>\n\t\t<\/div>\n\t\t\t\t\t<\/div>\n\t\t<\/section>\n\t\t\t\t<section class=\"elementor-section elementor-top-section elementor-element elementor-element-b06de5a elementor-section-boxed elementor-section-height-default elementor-section-height-default\" data-id=\"b06de5a\" data-element_type=\"section\">\n\t\t\t\t\t\t<div class=\"elementor-container elementor-column-gap-default\">\n\t\t\t\t\t<div class=\"elementor-column elementor-col-100 elementor-top-column elementor-element elementor-element-027e9eb\" data-id=\"027e9eb\" data-element_type=\"column\">\n\t\t\t<div class=\"elementor-widget-wrap elementor-element-populated\">\n\t\t\t\t\t\t<div class=\"elementor-element elementor-element-a116702 elementor-widget elementor-widget-heading\" data-id=\"a116702\" data-element_type=\"widget\" data-widget_type=\"heading.default\">\n\t\t\t\t<div class=\"elementor-widget-container\">\n\t\t\t\t\t<h2 class=\"elementor-heading-title elementor-size-default\">Une tradition qui continue de battre au rythme du pays<\/h2>\t\t\t\t<\/div>\n\t\t\t\t<\/div>\n\t\t\t\t<div class=\"elementor-element elementor-element-747733a elementor-widget elementor-widget-text-editor\" data-id=\"747733a\" data-element_type=\"widget\" data-widget_type=\"text-editor.default\">\n\t\t\t\t<div class=\"elementor-widget-container\">\n\t\t\t\t\t\t\t\t\t<p><span style=\"font-weight: 400;\">La bomba est bien plus qu\u2019un h\u00e9ritage musical. C\u2019est un espace o\u00f9 se rencontrent m\u00e9moire, dignit\u00e9 et cr\u00e9ation. \u00c0 travers ses tambours, sa danse et sa parole chant\u00e9e, elle raconte l\u2019histoire afro-portoricaine avec justesse et intensit\u00e9. Vivante, engag\u00e9e, ancr\u00e9e dans la communaut\u00e9, cette tradition afro-antillaise reste l\u2019un des rep\u00e8res culturels les plus puissants de l\u2019\u00eele.<\/span><\/p><p><span style=\"font-weight: 400;\">Un art ancien, toujours en mouvement, port\u00e9 par celles et ceux qui refusent de laisser s\u2019\u00e9teindre ce rythme qui traverse les g\u00e9n\u00e9rations.<\/span><\/p>\t\t\t\t\t\t\t\t<\/div>\n\t\t\t\t<\/div>\n\t\t\t\t<section class=\"elementor-section elementor-inner-section elementor-element elementor-element-772a18b elementor-section-boxed elementor-section-height-default elementor-section-height-default\" data-id=\"772a18b\" data-element_type=\"section\">\n\t\t\t\t\t\t<div class=\"elementor-container elementor-column-gap-default\">\n\t\t\t\t\t<div class=\"elementor-column elementor-col-100 elementor-inner-column elementor-element elementor-element-0fd4764\" data-id=\"0fd4764\" data-element_type=\"column\">\n\t\t\t<div class=\"elementor-widget-wrap elementor-element-populated\">\n\t\t\t\t\t\t<div class=\"elementor-element elementor-element-c039a84 elementor-widget elementor-widget-video\" data-id=\"c039a84\" data-element_type=\"widget\" data-settings=\"{&quot;youtube_url&quot;:&quot;https:\\\/\\\/www.youtube.com\\\/watch?v=yZfSk2utkas&quot;,&quot;video_type&quot;:&quot;youtube&quot;,&quot;controls&quot;:&quot;yes&quot;}\" data-widget_type=\"video.default\">\n\t\t\t\t<div class=\"elementor-widget-container\">\n\t\t\t\t\t\t\t<div class=\"elementor-wrapper elementor-open-inline\">\n\t\t\t<div class=\"elementor-video\"><\/div>\t\t<\/div>\n\t\t\t\t\t\t<\/div>\n\t\t\t\t<\/div>\n\t\t\t\t\t<\/div>\n\t\t<\/div>\n\t\t\t\t\t<\/div>\n\t\t<\/section>\n\t\t\t\t<div class=\"elementor-element elementor-element-2d2325a elementor-widget elementor-widget-heading\" data-id=\"2d2325a\" data-element_type=\"widget\" data-widget_type=\"heading.default\">\n\t\t\t\t<div class=\"elementor-widget-container\">\n\t\t\t\t\t<h2 class=\"elementor-heading-title elementor-size-default\">FAQ<\/h2>\t\t\t\t<\/div>\n\t\t\t\t<\/div>\n\t\t\t\t<div class=\"elementor-element elementor-element-d330567 elementor-widget elementor-widget-accordion\" data-id=\"d330567\" data-element_type=\"widget\" data-widget_type=\"accordion.default\">\n\t\t\t\t<div class=\"elementor-widget-container\">\n\t\t\t\t\t\t\t<div class=\"elementor-accordion\">\n\t\t\t\t\t\t\t<div class=\"elementor-accordion-item\">\n\t\t\t\t\t<div id=\"elementor-tab-title-2211\" class=\"elementor-tab-title\" data-tab=\"1\" role=\"button\" aria-controls=\"elementor-tab-content-2211\" aria-expanded=\"false\">\n\t\t\t\t\t\t\t\t\t\t\t\t\t<span class=\"elementor-accordion-icon elementor-accordion-icon-left\" aria-hidden=\"true\">\n\t\t\t\t\t\t\t\t\t\t\t\t\t\t\t<span class=\"elementor-accordion-icon-closed\"><i class=\"fas fa-plus\"><\/i><\/span>\n\t\t\t\t\t\t\t\t<span class=\"elementor-accordion-icon-opened\"><i class=\"fas fa-minus\"><\/i><\/span>\n\t\t\t\t\t\t\t\t\t\t\t\t\t\t<\/span>\n\t\t\t\t\t\t\t\t\t\t\t\t<a class=\"elementor-accordion-title\" tabindex=\"0\">Quelles sont les origines de la bomba ?<\/a>\n\t\t\t\t\t<\/div>\n\t\t\t\t\t<div id=\"elementor-tab-content-2211\" class=\"elementor-tab-content elementor-clearfix\" data-tab=\"1\" role=\"region\" aria-labelledby=\"elementor-tab-title-2211\"><p><span style=\"font-weight: 400;\">La bomba na\u00eet au XVII\u1d49 si\u00e8cle au sein des communaut\u00e9s afro-descendantes, h\u00e9riti\u00e8res d\u2019Africains r\u00e9duits en esclavage arriv\u00e9s d\u00e8s le XVI\u1d49 si\u00e8cle. Elle puise dans les traditions musicales d\u2019Afrique de l\u2019Ouest et se d\u00e9veloppe dans les plantations.<\/span><\/p><\/div>\n\t\t\t\t<\/div>\n\t\t\t\t\t\t\t<div class=\"elementor-accordion-item\">\n\t\t\t\t\t<div id=\"elementor-tab-title-2212\" class=\"elementor-tab-title\" data-tab=\"2\" role=\"button\" aria-controls=\"elementor-tab-content-2212\" aria-expanded=\"false\">\n\t\t\t\t\t\t\t\t\t\t\t\t\t<span class=\"elementor-accordion-icon elementor-accordion-icon-left\" aria-hidden=\"true\">\n\t\t\t\t\t\t\t\t\t\t\t\t\t\t\t<span class=\"elementor-accordion-icon-closed\"><i class=\"fas fa-plus\"><\/i><\/span>\n\t\t\t\t\t\t\t\t<span class=\"elementor-accordion-icon-opened\"><i class=\"fas fa-minus\"><\/i><\/span>\n\t\t\t\t\t\t\t\t\t\t\t\t\t\t<\/span>\n\t\t\t\t\t\t\t\t\t\t\t\t<a class=\"elementor-accordion-title\" tabindex=\"0\">Quels instruments composent l\u2019ensemble traditionnel de la bomba ?<\/a>\n\t\t\t\t\t<\/div>\n\t\t\t\t\t<div id=\"elementor-tab-content-2212\" class=\"elementor-tab-content elementor-clearfix\" data-tab=\"2\" role=\"region\" aria-labelledby=\"elementor-tab-title-2212\"><p><span style=\"font-weight: 400;\">La bomba s\u2019appuie sur les tambours barriles (buleador et primo), accompagn\u00e9s d\u2019une maraca et de la cu\u00e1, jou\u00e9e avec deux baguettes sur une surface en bois. Un g\u00fciro peut parfois compl\u00e9ter l\u2019ensemble.<\/span><\/p><\/div>\n\t\t\t\t<\/div>\n\t\t\t\t\t\t\t<div class=\"elementor-accordion-item\">\n\t\t\t\t\t<div id=\"elementor-tab-title-2213\" class=\"elementor-tab-title\" data-tab=\"3\" role=\"button\" aria-controls=\"elementor-tab-content-2213\" aria-expanded=\"false\">\n\t\t\t\t\t\t\t\t\t\t\t\t\t<span class=\"elementor-accordion-icon elementor-accordion-icon-left\" aria-hidden=\"true\">\n\t\t\t\t\t\t\t\t\t\t\t\t\t\t\t<span class=\"elementor-accordion-icon-closed\"><i class=\"fas fa-plus\"><\/i><\/span>\n\t\t\t\t\t\t\t\t<span class=\"elementor-accordion-icon-opened\"><i class=\"fas fa-minus\"><\/i><\/span>\n\t\t\t\t\t\t\t\t\t\t\t\t\t\t<\/span>\n\t\t\t\t\t\t\t\t\t\t\t\t<a class=\"elementor-accordion-title\" tabindex=\"0\">Pourquoi la bomba occupe-t-elle une place importante dans l\u2019identit\u00e9 culturelle ?<\/a>\n\t\t\t\t\t<\/div>\n\t\t\t\t\t<div id=\"elementor-tab-content-2213\" class=\"elementor-tab-content elementor-clearfix\" data-tab=\"3\" role=\"region\" aria-labelledby=\"elementor-tab-title-2213\"><p data-start=\"703\" data-end=\"1014\"><span style=\"font-weight: 400;\">Parce qu\u2019elle relie m\u00e9moire, r\u00e9sistance et transmission. Elle exprime l\u2019exp\u00e9rience afro-portoricaine, met en valeur les communaut\u00e9s qui l\u2019ont fa\u00e7onn\u00e9e et continue de nourrir une identit\u00e9 culturelle forte et plurielle.<\/span><\/p><\/div>\n\t\t\t\t<\/div>\n\t\t\t\t\t\t\t\t<\/div>\n\t\t\t\t\t\t<\/div>\n\t\t\t\t<\/div>\n\t\t\t\t\t<\/div>\n\t\t<\/div>\n\t\t\t\t\t<\/div>\n\t\t<\/section>\n\t\t\t\t<\/div>\n\t\t","protected":false},"excerpt":{"rendered":"<p>La bomba occupe aujourd\u2019hui une place essentielle dans la vie culturelle porto-ricaine. Pratique n\u00e9e dans la r\u00e9sistance, port\u00e9e par les communaut\u00e9s afro-descendantes, elle s\u2019est impos\u00e9e comme un pilier de la tradition afro-antillaise. Dans les quartiers, les f\u00eates populaires ou les rassemblements communautaires, elle relie histoire, fiert\u00e9 et transmission. Et surtout, elle raconte une autre mani\u00e8re [&hellip;]<\/p>\n","protected":false},"author":662,"featured_media":65952,"comment_status":"open","ping_status":"open","sticky":false,"template":"","format":"standard","meta":{"_acf_changed":false,"footnotes":""},"categories":[1468],"tags":[1726],"class_list":["post-65951","post","type-post","status-publish","format-standard","has-post-thumbnail","hentry","category-histoire-patrimoine","tag-porto-rico"],"acf":[],"_links":{"self":[{"href":"https:\/\/richeskarayib.com\/fr\/wp-json\/wp\/v2\/posts\/65951","targetHints":{"allow":["GET"]}}],"collection":[{"href":"https:\/\/richeskarayib.com\/fr\/wp-json\/wp\/v2\/posts"}],"about":[{"href":"https:\/\/richeskarayib.com\/fr\/wp-json\/wp\/v2\/types\/post"}],"author":[{"embeddable":true,"href":"https:\/\/richeskarayib.com\/fr\/wp-json\/wp\/v2\/users\/662"}],"replies":[{"embeddable":true,"href":"https:\/\/richeskarayib.com\/fr\/wp-json\/wp\/v2\/comments?post=65951"}],"version-history":[{"count":0,"href":"https:\/\/richeskarayib.com\/fr\/wp-json\/wp\/v2\/posts\/65951\/revisions"}],"wp:featuredmedia":[{"embeddable":true,"href":"https:\/\/richeskarayib.com\/fr\/wp-json\/wp\/v2\/media\/65952"}],"wp:attachment":[{"href":"https:\/\/richeskarayib.com\/fr\/wp-json\/wp\/v2\/media?parent=65951"}],"wp:term":[{"taxonomy":"category","embeddable":true,"href":"https:\/\/richeskarayib.com\/fr\/wp-json\/wp\/v2\/categories?post=65951"},{"taxonomy":"post_tag","embeddable":true,"href":"https:\/\/richeskarayib.com\/fr\/wp-json\/wp\/v2\/tags?post=65951"}],"curies":[{"name":"wp","href":"https:\/\/api.w.org\/{rel}","templated":true}]}}