{"id":65995,"date":"2025-12-02T12:41:11","date_gmt":"2025-12-02T16:41:11","guid":{"rendered":"https:\/\/richeskarayib.com\/?p=65995"},"modified":"2025-12-02T12:41:11","modified_gmt":"2025-12-02T16:41:11","slug":"philip-j-pierre-reelection-sainte-lucie-2025","status":"publish","type":"post","link":"https:\/\/richeskarayib.com\/fr\/philip-j-pierre-reelection-sainte-lucie-2025\/","title":{"rendered":"Philip J Pierre r\u00e9\u00e9lu : un second mandat qui redessine l\u2019avenir de Sainte-Lucie"},"content":{"rendered":"\t\t<div data-elementor-type=\"wp-post\" data-elementor-id=\"65995\" class=\"elementor elementor-65995\" data-elementor-post-type=\"post\">\n\t\t\t\t\t\t<section class=\"elementor-section elementor-top-section elementor-element elementor-element-7ca7ca1 elementor-section-boxed elementor-section-height-default elementor-section-height-default\" data-id=\"7ca7ca1\" data-element_type=\"section\">\n\t\t\t\t\t\t<div class=\"elementor-container elementor-column-gap-default\">\n\t\t\t\t\t<div class=\"elementor-column elementor-col-100 elementor-top-column elementor-element elementor-element-cbdd002\" data-id=\"cbdd002\" data-element_type=\"column\">\n\t\t\t<div class=\"elementor-widget-wrap elementor-element-populated\">\n\t\t\t\t\t\t<section class=\"elementor-section elementor-inner-section elementor-element elementor-element-bc94849 elementor-section-boxed elementor-section-height-default elementor-section-height-default\" data-id=\"bc94849\" data-element_type=\"section\">\n\t\t\t\t\t\t<div class=\"elementor-container elementor-column-gap-default\">\n\t\t\t\t\t\t<\/div>\n\t\t<\/section>\n\t\t\t\t<section class=\"elementor-section elementor-inner-section elementor-element elementor-element-61571e6 elementor-section-boxed elementor-section-height-default elementor-section-height-default\" data-id=\"61571e6\" data-element_type=\"section\">\n\t\t\t\t\t\t<div class=\"elementor-container elementor-column-gap-default\">\n\t\t\t\t\t\t<\/div>\n\t\t<\/section>\n\t\t\t\t<section class=\"elementor-section elementor-inner-section elementor-element elementor-element-b6262e0 elementor-section-boxed elementor-section-height-default elementor-section-height-default\" data-id=\"b6262e0\" data-element_type=\"section\">\n\t\t\t\t\t\t<div class=\"elementor-container elementor-column-gap-default\">\n\t\t\t\t\t\t<\/div>\n\t\t<\/section>\n\t\t\t\t<section class=\"elementor-section elementor-inner-section elementor-element elementor-element-cca29fd elementor-section-boxed elementor-section-height-default elementor-section-height-default\" data-id=\"cca29fd\" data-element_type=\"section\">\n\t\t\t\t\t\t<div class=\"elementor-container elementor-column-gap-default\">\n\t\t\t\t\t\t<\/div>\n\t\t<\/section>\n\t\t\t\t\t<\/div>\n\t\t<\/div>\n\t\t\t\t\t<\/div>\n\t\t<\/section>\n\t\t\t\t<section class=\"elementor-section elementor-top-section elementor-element elementor-element-ee72354 elementor-section-boxed elementor-section-height-default elementor-section-height-default\" data-id=\"ee72354\" data-element_type=\"section\">\n\t\t\t\t\t\t<div class=\"elementor-container elementor-column-gap-default\">\n\t\t\t\t\t<div class=\"elementor-column elementor-col-100 elementor-top-column elementor-element elementor-element-c59d6fe\" data-id=\"c59d6fe\" data-element_type=\"column\">\n\t\t\t<div class=\"elementor-widget-wrap elementor-element-populated\">\n\t\t\t\t\t\t<div class=\"elementor-element elementor-element-e57451f elementor-widget elementor-widget-text-editor\" data-id=\"e57451f\" data-element_type=\"widget\" data-widget_type=\"text-editor.default\">\n\t\t\t\t<div class=\"elementor-widget-container\">\n\t\t\t\t\t\t\t\t\t<p><span style=\"font-weight: 400;\"><a href=\"https:\/\/la1ere.franceinfo.fr\/martinique\/elections-legislatives-a-sainte-lucie-philip-j-pierre-reelu-pour-un-deuxieme-mandat-1648777.html\" target=\"_blank\" rel=\"noopener nofollow\">Les \u00e9lections \u00e0 Sainte-Lucie<\/a> ont offert l\u2019un des r\u00e9sultats les plus nets de l\u2019histoire politique r\u00e9cente de l\u2019\u00eele : une victoire \u00e9crasante du Saint Lucia Labour Party, port\u00e9 par Philip J Pierre, reconduit pour un second mandat avec 14 si\u00e8ges sur 17. Dans un contexte o\u00f9 l\u2019\u00e9lectorat cherchait stabilit\u00e9 et coh\u00e9rence, ce vote massif confirme la confiance accord\u00e9e \u00e0 un dirigeant qui s\u2019est impos\u00e9 comme l\u2019un des acteurs politiques les plus constants du pays.<\/span><\/p>\t\t\t\t\t\t\t\t<\/div>\n\t\t\t\t<\/div>\n\t\t\t\t\t<\/div>\n\t\t<\/div>\n\t\t\t\t\t<\/div>\n\t\t<\/section>\n\t\t\t\t<section class=\"elementor-section elementor-top-section elementor-element elementor-element-ceca32c elementor-section-boxed elementor-section-height-default elementor-section-height-default\" data-id=\"ceca32c\" data-element_type=\"section\">\n\t\t\t\t\t\t<div class=\"elementor-container elementor-column-gap-default\">\n\t\t\t\t\t<div class=\"elementor-column elementor-col-100 elementor-top-column elementor-element elementor-element-5a2e383\" data-id=\"5a2e383\" data-element_type=\"column\">\n\t\t\t<div class=\"elementor-widget-wrap elementor-element-populated\">\n\t\t\t\t\t\t<div class=\"elementor-element elementor-element-6cedf5f elementor-widget elementor-widget-heading\" data-id=\"6cedf5f\" data-element_type=\"widget\" data-widget_type=\"heading.default\">\n\t\t\t\t<div class=\"elementor-widget-container\">\n\t\t\t\t\t<h2 class=\"elementor-heading-title elementor-size-default\">Un Premier ministre solidement ancr\u00e9 dans la vie publique<\/h2>\t\t\t\t<\/div>\n\t\t\t\t<\/div>\n\t\t\t\t<section class=\"elementor-section elementor-inner-section elementor-element elementor-element-c31d3a6 elementor-section-boxed elementor-section-height-default elementor-section-height-default\" data-id=\"c31d3a6\" data-element_type=\"section\">\n\t\t\t\t\t\t<div class=\"elementor-container elementor-column-gap-default\">\n\t\t\t\t\t<div class=\"elementor-column elementor-col-100 elementor-inner-column elementor-element elementor-element-bdb7c5e\" data-id=\"bdb7c5e\" data-element_type=\"column\">\n\t\t\t<div class=\"elementor-widget-wrap elementor-element-populated\">\n\t\t\t\t\t\t<div class=\"elementor-element elementor-element-e93d1fb elementor-widget elementor-widget-text-editor\" data-id=\"e93d1fb\" data-element_type=\"widget\" data-widget_type=\"text-editor.default\">\n\t\t\t\t<div class=\"elementor-widget-container\">\n\t\t\t\t\t\t\t\t\t<p><span style=\"font-weight: 400;\">Depuis 1997, <a href=\"https:\/\/richeskarayib.com\/fr\/philip-j-pierre-discussions-oeco-etats-unis\/\" target=\"_blank\" rel=\"noopener\">Philip J Pierre<\/a> repr\u00e9sente Castries-Est et s\u2019est progressivement impos\u00e9 comme une figure centrale de la gouvernance lucienne. \u00c9conomiste de formation, il a occup\u00e9 des postes cl\u00e9s avant de devenir Premier ministre en 2021. Pour beaucoup de Luciens, cette long\u00e9vit\u00e9 t\u00e9moigne d\u2019une proximit\u00e9 r\u00e9elle avec les r\u00e9alit\u00e9s sociales du pays, mais aussi d\u2019une capacit\u00e9 \u00e0 d\u00e9fendre des politiques publiques durables.<\/span><\/p>\n<p><span style=\"font-weight: 400;\">Sa r\u00e9\u00e9lection lors des \u00e9lections \u00e0 Sainte-Lucie n\u2019est donc pas une surprise: elle refl\u00e8te l\u2019ancrage profond d\u2019un dirigeant qui a su transformer son exp\u00e9rience en vision politique lisible.<\/span><\/p>\t\t\t\t\t\t\t\t<\/div>\n\t\t\t\t<\/div>\n\t\t\t\t\t<\/div>\n\t\t<\/div>\n\t\t\t\t\t<\/div>\n\t\t<\/section>\n\t\t\t\t<section class=\"elementor-section elementor-inner-section elementor-element elementor-element-4baca9b elementor-section-boxed elementor-section-height-default elementor-section-height-default\" data-id=\"4baca9b\" data-element_type=\"section\">\n\t\t\t\t\t\t<div class=\"elementor-container elementor-column-gap-default\">\n\t\t\t\t\t<div class=\"elementor-column elementor-col-100 elementor-inner-column elementor-element elementor-element-544a7bc\" data-id=\"544a7bc\" data-element_type=\"column\">\n\t\t\t<div class=\"elementor-widget-wrap elementor-element-populated\">\n\t\t\t\t\t\t<div class=\"elementor-element elementor-element-ce7516e elementor-widget elementor-widget-image\" data-id=\"ce7516e\" data-element_type=\"widget\" data-widget_type=\"image.default\">\n\t\t\t\t<div class=\"elementor-widget-container\">\n\t\t\t\t\t\t\t\t\t\t\t\t<figure class=\"wp-caption\">\n\t\t\t\t\t\t\t\t\t\t<img fetchpriority=\"high\" decoding=\"async\" width=\"800\" height=\"419\" src=\"https:\/\/richeskarayib.com\/wp-content\/uploads\/2025\/12\/583145985_18185886613348464_849537062364864930_n-1024x536.jpg\" class=\"attachment-large size-large wp-image-66001\" alt=\"Philip J Pierre\" srcset=\"https:\/\/richeskarayib.com\/wp-content\/uploads\/2025\/12\/583145985_18185886613348464_849537062364864930_n-1024x536.jpg 1024w, https:\/\/richeskarayib.com\/wp-content\/uploads\/2025\/12\/583145985_18185886613348464_849537062364864930_n-300x157.jpg 300w, https:\/\/richeskarayib.com\/wp-content\/uploads\/2025\/12\/583145985_18185886613348464_849537062364864930_n-768x402.jpg 768w, https:\/\/richeskarayib.com\/wp-content\/uploads\/2025\/12\/583145985_18185886613348464_849537062364864930_n.jpg 1100w\" sizes=\"(max-width: 800px) 100vw, 800px\" \/>\t\t\t\t\t\t\t\t\t\t\t<figcaption class=\"widget-image-caption wp-caption-text\">\u00a9Philip J.Pierre<\/figcaption>\n\t\t\t\t\t\t\t\t\t\t<\/figure>\n\t\t\t\t\t\t\t\t\t<\/div>\n\t\t\t\t<\/div>\n\t\t\t\t\t<\/div>\n\t\t<\/div>\n\t\t\t\t\t<\/div>\n\t\t<\/section>\n\t\t\t\t\t<\/div>\n\t\t<\/div>\n\t\t\t\t\t<\/div>\n\t\t<\/section>\n\t\t\t\t<section class=\"elementor-section elementor-top-section elementor-element elementor-element-9c88a89 elementor-section-boxed elementor-section-height-default elementor-section-height-default\" data-id=\"9c88a89\" data-element_type=\"section\">\n\t\t\t\t\t\t<div class=\"elementor-container elementor-column-gap-default\">\n\t\t\t\t\t<div class=\"elementor-column elementor-col-100 elementor-top-column elementor-element elementor-element-78cf5d1\" data-id=\"78cf5d1\" data-element_type=\"column\">\n\t\t\t<div class=\"elementor-widget-wrap elementor-element-populated\">\n\t\t\t\t\t\t<div class=\"elementor-element elementor-element-ea2a5c1 elementor-widget elementor-widget-heading\" data-id=\"ea2a5c1\" data-element_type=\"widget\" data-widget_type=\"heading.default\">\n\t\t\t\t<div class=\"elementor-widget-container\">\n\t\t\t\t\t<h2 class=\"elementor-heading-title elementor-size-default\">Un r\u00e9sultat qui d\u00e9passe les lignes partisanes<\/h2>\t\t\t\t<\/div>\n\t\t\t\t<\/div>\n\t\t\t\t<div class=\"elementor-element elementor-element-e305eee elementor-widget elementor-widget-text-editor\" data-id=\"e305eee\" data-element_type=\"widget\" data-widget_type=\"text-editor.default\">\n\t\t\t\t<div class=\"elementor-widget-container\">\n\t\t\t\t\t\t\t\t\t<p><span style=\"font-weight: 400;\">L\u2019ampleur de cette victoire repose sur plusieurs \u00e9l\u00e9ments. D\u2019abord, une campagne courte : l\u2019annonce tardive du scrutin a limit\u00e9 les marges de man\u0153uvre de l\u2019opposition, tandis que Philip J Pierre a pu capitaliser sur un r\u00e9seau de terrain d\u00e9j\u00e0 bien structur\u00e9.<\/span><\/p>\n<p><span style=\"font-weight: 400;\">Ensuite, son premier mandat a laiss\u00e9 l\u2019image d\u2019une gestion plus rigoureuse. Le gouvernement a \u0153uvr\u00e9 \u00e0 la r\u00e9duction de la dette publique, soutenu les retrait\u00e9s et mis en place des programmes \u00e9ducatifs pour les jeunes. Sans bouleverser le mod\u00e8le \u00e9conomique de l\u2019\u00eele, Philip J Pierre a donn\u00e9 une direction lisible, ce qui a pes\u00e9 lors des \u00e9lections \u00e0 Sainte-Lucie.<\/span><\/p>\t\t\t\t\t\t\t\t<\/div>\n\t\t\t\t<\/div>\n\t\t\t\t<div class=\"elementor-element elementor-element-9080cc9 elementor-widget elementor-widget-text-editor\" data-id=\"9080cc9\" data-element_type=\"widget\" data-widget_type=\"text-editor.default\">\n\t\t\t\t<div class=\"elementor-widget-container\">\n\t\t\t\t\t\t\t\t\t<p><span style=\"font-weight: 400;\">Enfin, les alli\u00e9s ind\u00e9pendants du gouvernement Stephenson King et Richard Frederick ont tous deux \u00e9t\u00e9 r\u00e9\u00e9lus. Le choix de ces deux personnalit\u00e9s renforce le socle parlementaire du Premier ministre et lui offre une marge de man\u0153uvre exceptionnelle pour les cinq ann\u00e9es \u00e0 venir. <\/span><span style=\"font-weight: 400;\">\u00c0 l\u2019inverse, l\u2019opposition UWP ne conserve qu\u2019un seul si\u00e8ge, occup\u00e9 par Allen Chastanet, isol\u00e9 dans une Assembl\u00e9e presque enti\u00e8rement acquise \u00e0 la majorit\u00e9.<\/span><\/p>\t\t\t\t\t\t\t\t<\/div>\n\t\t\t\t<\/div>\n\t\t\t\t<section class=\"elementor-section elementor-inner-section elementor-element elementor-element-8267455 elementor-section-boxed elementor-section-height-default elementor-section-height-default\" data-id=\"8267455\" data-element_type=\"section\">\n\t\t\t\t\t\t<div class=\"elementor-container elementor-column-gap-default\">\n\t\t\t\t\t<div class=\"elementor-column elementor-col-50 elementor-inner-column elementor-element elementor-element-dc38ed8\" data-id=\"dc38ed8\" data-element_type=\"column\">\n\t\t\t<div class=\"elementor-widget-wrap elementor-element-populated\">\n\t\t\t\t\t\t<div class=\"elementor-element elementor-element-8bf1cac elementor-widget elementor-widget-image\" data-id=\"8bf1cac\" data-element_type=\"widget\" data-widget_type=\"image.default\">\n\t\t\t\t<div class=\"elementor-widget-container\">\n\t\t\t\t\t\t\t\t\t\t\t\t<figure class=\"wp-caption\">\n\t\t\t\t\t\t\t\t\t\t<img decoding=\"async\" width=\"800\" height=\"534\" src=\"https:\/\/richeskarayib.com\/wp-content\/uploads\/2025\/12\/588609329_18186920719348464_3930389051330521333_n-1024x683.jpg\" class=\"attachment-large size-large wp-image-66009\" alt=\"Philip J Pierre\" srcset=\"https:\/\/richeskarayib.com\/wp-content\/uploads\/2025\/12\/588609329_18186920719348464_3930389051330521333_n-1024x683.jpg 1024w, https:\/\/richeskarayib.com\/wp-content\/uploads\/2025\/12\/588609329_18186920719348464_3930389051330521333_n-300x200.jpg 300w, https:\/\/richeskarayib.com\/wp-content\/uploads\/2025\/12\/588609329_18186920719348464_3930389051330521333_n-768x512.jpg 768w, https:\/\/richeskarayib.com\/wp-content\/uploads\/2025\/12\/588609329_18186920719348464_3930389051330521333_n.jpg 1081w\" sizes=\"(max-width: 800px) 100vw, 800px\" \/>\t\t\t\t\t\t\t\t\t\t\t<figcaption class=\"widget-image-caption wp-caption-text\">\u00a9Philip J.Pierre<\/figcaption>\n\t\t\t\t\t\t\t\t\t\t<\/figure>\n\t\t\t\t\t\t\t\t\t<\/div>\n\t\t\t\t<\/div>\n\t\t\t\t\t<\/div>\n\t\t<\/div>\n\t\t\t\t<div class=\"elementor-column elementor-col-50 elementor-inner-column elementor-element elementor-element-fe589da\" data-id=\"fe589da\" data-element_type=\"column\">\n\t\t\t<div class=\"elementor-widget-wrap elementor-element-populated\">\n\t\t\t\t\t\t<div class=\"elementor-element elementor-element-248f102 elementor-widget elementor-widget-image\" data-id=\"248f102\" data-element_type=\"widget\" data-widget_type=\"image.default\">\n\t\t\t\t<div class=\"elementor-widget-container\">\n\t\t\t\t\t\t\t\t\t\t\t\t<figure class=\"wp-caption\">\n\t\t\t\t\t\t\t\t\t\t<img decoding=\"async\" width=\"800\" height=\"534\" src=\"https:\/\/richeskarayib.com\/wp-content\/uploads\/2025\/12\/583378199_18186133399348464_6678956591474913164_n-1024x683.jpg\" class=\"attachment-large size-large wp-image-66013\" alt=\"Philip J Pierre\" srcset=\"https:\/\/richeskarayib.com\/wp-content\/uploads\/2025\/12\/583378199_18186133399348464_6678956591474913164_n-1024x683.jpg 1024w, https:\/\/richeskarayib.com\/wp-content\/uploads\/2025\/12\/583378199_18186133399348464_6678956591474913164_n-300x200.jpg 300w, https:\/\/richeskarayib.com\/wp-content\/uploads\/2025\/12\/583378199_18186133399348464_6678956591474913164_n-768x512.jpg 768w, https:\/\/richeskarayib.com\/wp-content\/uploads\/2025\/12\/583378199_18186133399348464_6678956591474913164_n.jpg 1065w\" sizes=\"(max-width: 800px) 100vw, 800px\" \/>\t\t\t\t\t\t\t\t\t\t\t<figcaption class=\"widget-image-caption wp-caption-text\">\u00a9Philip J.Pierre<\/figcaption>\n\t\t\t\t\t\t\t\t\t\t<\/figure>\n\t\t\t\t\t\t\t\t\t<\/div>\n\t\t\t\t<\/div>\n\t\t\t\t\t<\/div>\n\t\t<\/div>\n\t\t\t\t\t<\/div>\n\t\t<\/section>\n\t\t\t\t\t<\/div>\n\t\t<\/div>\n\t\t\t\t\t<\/div>\n\t\t<\/section>\n\t\t\t\t<section class=\"elementor-section elementor-top-section elementor-element elementor-element-103aced elementor-section-boxed elementor-section-height-default elementor-section-height-default\" data-id=\"103aced\" data-element_type=\"section\">\n\t\t\t\t\t\t<div class=\"elementor-container elementor-column-gap-default\">\n\t\t\t\t\t<div class=\"elementor-column elementor-col-100 elementor-top-column elementor-element elementor-element-e34f9f4\" data-id=\"e34f9f4\" data-element_type=\"column\">\n\t\t\t<div class=\"elementor-widget-wrap elementor-element-populated\">\n\t\t\t\t\t\t<div class=\"elementor-element elementor-element-c643e86 elementor-widget elementor-widget-heading\" data-id=\"c643e86\" data-element_type=\"widget\" data-widget_type=\"heading.default\">\n\t\t\t\t<div class=\"elementor-widget-container\">\n\t\t\t\t\t<h2 class=\"elementor-heading-title elementor-size-default\">Un second mandat centr\u00e9 sur le social<\/h2>\t\t\t\t<\/div>\n\t\t\t\t<\/div>\n\t\t\t\t<section class=\"elementor-section elementor-inner-section elementor-element elementor-element-60335d8 elementor-section-boxed elementor-section-height-default elementor-section-height-default\" data-id=\"60335d8\" data-element_type=\"section\">\n\t\t\t\t\t\t<div class=\"elementor-container elementor-column-gap-default\">\n\t\t\t\t\t<div class=\"elementor-column elementor-col-100 elementor-inner-column elementor-element elementor-element-72f7c5e\" data-id=\"72f7c5e\" data-element_type=\"column\">\n\t\t\t<div class=\"elementor-widget-wrap elementor-element-populated\">\n\t\t\t\t\t\t<div class=\"elementor-element elementor-element-43879e8 elementor-widget elementor-widget-text-editor\" data-id=\"43879e8\" data-element_type=\"widget\" data-widget_type=\"text-editor.default\">\n\t\t\t\t<div class=\"elementor-widget-container\">\n\t\t\t\t\t\t\t\t\t<p><span style=\"font-weight: 400;\">D\u00e8s la confirmation des r\u00e9sultats, Philip J Pierre a d\u00e9taill\u00e9 ses priorit\u00e9s :<\/span><\/p>\n<ul>\n<li style=\"font-weight: 400;\" aria-level=\"1\"><span style=\"font-weight: 400;\">&#8211; introduction d\u2019une allocation ch\u00f4mage pour la premi\u00e8re fois dans le pays ;<\/span><\/li>\n<li style=\"font-weight: 400;\" aria-level=\"1\"><span style=\"font-weight: 400;\">&#8211; augmentation des aides destin\u00e9es aux \u00e9tudiants ;<\/span><\/li>\n<li style=\"font-weight: 400;\" aria-level=\"1\"><span style=\"font-weight: 400;\">&#8211; poursuite des investissements dans l\u2019\u00e9ducation ;<\/span><\/li>\n<li style=\"font-weight: 400;\" aria-level=\"1\"><span style=\"font-weight: 400;\">&#8211; maintien des mesures en faveur des retrait\u00e9s ;<\/span><\/li>\n<li style=\"font-weight: 400;\" aria-level=\"1\"><span style=\"font-weight: 400;\">&#8211; gestion prudente des finances publiques.<\/span><\/li>\n<\/ul>\n<p><span style=\"font-weight: 400;\">Le Premier ministre a m\u00eame confirm\u00e9 que les fonctionnaires recevraient leur rappel de salaire avant la fin de 2025 \u2014 un engagement tr\u00e8s attendu dans l\u2019administration.<\/span><\/p>\t\t\t\t\t\t\t\t<\/div>\n\t\t\t\t<\/div>\n\t\t\t\t<div class=\"elementor-element elementor-element-9234df7 elementor-widget elementor-widget-text-editor\" data-id=\"9234df7\" data-element_type=\"widget\" data-widget_type=\"text-editor.default\">\n\t\t\t\t<div class=\"elementor-widget-container\">\n\t\t\t\t\t\t\t\t\t<p><span style=\"font-weight: 400;\">Ces annonces montrent que Philip J Pierre entend placer le d\u00e9veloppement humain au c\u0153ur de son action. La fragilit\u00e9 de l\u2019\u00e9conomie lucienne, tr\u00e8s d\u00e9pendante du tourisme, rend ce choix strat\u00e9gique. Pour une partie de la population, les \u00e9lections \u00e0 Sainte-Lucie ont \u00e9t\u00e9 l\u2019occasion de valider cette orientation sociale.<\/span><\/p>\t\t\t\t\t\t\t\t<\/div>\n\t\t\t\t<\/div>\n\t\t\t\t<div class=\"elementor-element elementor-element-380cf3b elementor-widget elementor-widget-image\" data-id=\"380cf3b\" data-element_type=\"widget\" data-widget_type=\"image.default\">\n\t\t\t\t<div class=\"elementor-widget-container\">\n\t\t\t\t\t\t\t\t\t\t\t\t<figure class=\"wp-caption\">\n\t\t\t\t\t\t\t\t\t\t<img loading=\"lazy\" decoding=\"async\" width=\"800\" height=\"450\" src=\"https:\/\/richeskarayib.com\/wp-content\/uploads\/2025\/12\/580503213_18185502601348464_6181139377787521729_n.jpg\" class=\"attachment-large size-large wp-image-66005\" alt=\"Philip J Pierre\" srcset=\"https:\/\/richeskarayib.com\/wp-content\/uploads\/2025\/12\/580503213_18185502601348464_6181139377787521729_n.jpg 900w, https:\/\/richeskarayib.com\/wp-content\/uploads\/2025\/12\/580503213_18185502601348464_6181139377787521729_n-300x169.jpg 300w, https:\/\/richeskarayib.com\/wp-content\/uploads\/2025\/12\/580503213_18185502601348464_6181139377787521729_n-768x432.jpg 768w\" sizes=\"(max-width: 800px) 100vw, 800px\" \/>\t\t\t\t\t\t\t\t\t\t\t<figcaption class=\"widget-image-caption wp-caption-text\">\u00a9Philip J.Pierre<\/figcaption>\n\t\t\t\t\t\t\t\t\t\t<\/figure>\n\t\t\t\t\t\t\t\t\t<\/div>\n\t\t\t\t<\/div>\n\t\t\t\t\t<\/div>\n\t\t<\/div>\n\t\t\t\t\t<\/div>\n\t\t<\/section>\n\t\t\t\t\t<\/div>\n\t\t<\/div>\n\t\t\t\t\t<\/div>\n\t\t<\/section>\n\t\t\t\t<section class=\"elementor-section elementor-top-section elementor-element elementor-element-f5709a6 elementor-section-boxed elementor-section-height-default elementor-section-height-default\" data-id=\"f5709a6\" data-element_type=\"section\">\n\t\t\t\t\t\t<div class=\"elementor-container elementor-column-gap-default\">\n\t\t\t\t\t<div class=\"elementor-column elementor-col-100 elementor-top-column elementor-element elementor-element-957be6f\" data-id=\"957be6f\" data-element_type=\"column\">\n\t\t\t<div class=\"elementor-widget-wrap elementor-element-populated\">\n\t\t\t\t\t\t<div class=\"elementor-element elementor-element-22c0a08 elementor-widget elementor-widget-heading\" data-id=\"22c0a08\" data-element_type=\"widget\" data-widget_type=\"heading.default\">\n\t\t\t\t<div class=\"elementor-widget-container\">\n\t\t\t\t\t<h2 class=\"elementor-heading-title elementor-size-default\">Des d\u00e9fis qui persistent malgr\u00e9 la victoire<\/h2>\t\t\t\t<\/div>\n\t\t\t\t<\/div>\n\t\t\t\t<div class=\"elementor-element elementor-element-953f6e4 elementor-widget elementor-widget-text-editor\" data-id=\"953f6e4\" data-element_type=\"widget\" data-widget_type=\"text-editor.default\">\n\t\t\t\t<div class=\"elementor-widget-container\">\n\t\t\t\t\t\t\t\t\t<p><span style=\"font-weight: 400;\">L\u2019un des constats mis en lumi\u00e8re durant le scrutin concerne les listes \u00e9lectorales : 180 000 \u00e9lecteurs inscrits pour 183 000 habitants. Ce chiffre indique de possibles mises \u00e0 jour \u00e0 effectuer. Le gouvernement devra s\u2019atteler \u00e0 cette r\u00e9vision pour renforcer la fiabilit\u00e9 des futurs scrutins.<\/span><\/p>\n<p><span style=\"font-weight: 400;\">Autre enjeu : l\u2019\u00e9loignement des salari\u00e9s du secteur touristique de leurs bureaux de vote. Sans vote par procuration, de nombreux employ\u00e9s doivent parcourir de longues distances pour exercer leur droit civique. Cette difficult\u00e9, d\u00e9j\u00e0 \u00e9voqu\u00e9e lors des \u00e9lections \u00e0 Sainte-Lucie, pourrait encourager des discussions sur l\u2019accessibilit\u00e9 \u00e9lectorale.<\/span><\/p>\t\t\t\t\t\t\t\t<\/div>\n\t\t\t\t<\/div>\n\t\t\t\t\t<\/div>\n\t\t<\/div>\n\t\t\t\t\t<\/div>\n\t\t<\/section>\n\t\t\t\t<section class=\"elementor-section elementor-top-section elementor-element elementor-element-b06de5a elementor-section-boxed elementor-section-height-default elementor-section-height-default\" data-id=\"b06de5a\" data-element_type=\"section\">\n\t\t\t\t\t\t<div class=\"elementor-container elementor-column-gap-default\">\n\t\t\t\t\t<div class=\"elementor-column elementor-col-100 elementor-top-column elementor-element elementor-element-027e9eb\" data-id=\"027e9eb\" data-element_type=\"column\">\n\t\t\t<div class=\"elementor-widget-wrap elementor-element-populated\">\n\t\t\t\t\t\t<div class=\"elementor-element elementor-element-a116702 elementor-widget elementor-widget-heading\" data-id=\"a116702\" data-element_type=\"widget\" data-widget_type=\"heading.default\">\n\t\t\t\t<div class=\"elementor-widget-container\">\n\t\t\t\t\t<h2 class=\"elementor-heading-title elementor-size-default\">Une victoire qui d\u00e9passe les fronti\u00e8res de l\u2019\u00eele<\/h2>\t\t\t\t<\/div>\n\t\t\t\t<\/div>\n\t\t\t\t<div class=\"elementor-element elementor-element-747733a elementor-widget elementor-widget-text-editor\" data-id=\"747733a\" data-element_type=\"widget\" data-widget_type=\"text-editor.default\">\n\t\t\t\t<div class=\"elementor-widget-container\">\n\t\t\t\t\t\t\t\t\t<p><span style=\"font-weight: 400;\">La r\u00e9\u00e9lection de Philip J Pierre envoie un signal r\u00e9gional fort. Dans une Cara\u00efbe o\u00f9 les transitions politiques peuvent parfois \u00eatre abruptes, la stabilit\u00e9 lucienne appara\u00eet comme un rep\u00e8re. \u00c0 l\u2019\u00e9chelle de la CARICOM et de l\u2019OECS, ce nouveau mandat renforce l\u2019id\u00e9e qu\u2019un dirigeant misant sur la prudence \u00e9conomique et le social peut obtenir une adh\u00e9sion large.<\/span><\/p>\t\t\t\t\t\t\t\t<\/div>\n\t\t\t\t<\/div>\n\t\t\t\t<div class=\"elementor-element elementor-element-20ce017 elementor-widget elementor-widget-text-editor\" data-id=\"20ce017\" data-element_type=\"widget\" data-widget_type=\"text-editor.default\">\n\t\t\t\t<div class=\"elementor-widget-container\">\n\t\t\t\t\t\t\t\t\t<p><span style=\"font-weight: 400;\">Cette continuit\u00e9 offre \u00e0 Sainte-Lucie une fen\u00eatre d\u2019opportunit\u00e9s :<\/span><\/p>\n<ul>\n<li style=\"font-weight: 400;\" aria-level=\"1\"><span style=\"font-weight: 400;\">&#8211; attirer davantage d\u2019investissements ;<\/span><\/li>\n<li style=\"font-weight: 400;\" aria-level=\"1\"><span style=\"font-weight: 400;\">&#8211; poursuivre les projets de modernisation ;<\/span><\/li>\n<li style=\"font-weight: 400;\" aria-level=\"1\"><span style=\"font-weight: 400;\">&#8211; consolider les acquis en mati\u00e8re de gouvernance ;<\/span><\/li>\n<li style=\"font-weight: 400;\" aria-level=\"1\"><span style=\"font-weight: 400;\">&#8211; renforcer les coop\u00e9rations r\u00e9gionales.<\/span><\/li>\n<\/ul>\n<p><span style=\"font-weight: 400;\">Dans ce contexte, la figure de Philip J Pierre devient un \u00e9l\u00e9ment strat\u00e9gique pour la diplomatie carib\u00e9enne.<\/span><\/p>\t\t\t\t\t\t\t\t<\/div>\n\t\t\t\t<\/div>\n\t\t\t\t<div class=\"elementor-element elementor-element-0ea7133 elementor-widget elementor-widget-image\" data-id=\"0ea7133\" data-element_type=\"widget\" data-widget_type=\"image.default\">\n\t\t\t\t<div class=\"elementor-widget-container\">\n\t\t\t\t\t\t\t\t\t\t\t\t\t\t\t<img loading=\"lazy\" decoding=\"async\" width=\"800\" height=\"534\" src=\"https:\/\/richeskarayib.com\/wp-content\/uploads\/2025\/12\/590405313_18186920731348464_4212991108727668711_n-1024x683.jpg\" class=\"attachment-large size-large wp-image-66017\" alt=\"Philip J Pierre\" srcset=\"https:\/\/richeskarayib.com\/wp-content\/uploads\/2025\/12\/590405313_18186920731348464_4212991108727668711_n-1024x683.jpg 1024w, https:\/\/richeskarayib.com\/wp-content\/uploads\/2025\/12\/590405313_18186920731348464_4212991108727668711_n-300x200.jpg 300w, https:\/\/richeskarayib.com\/wp-content\/uploads\/2025\/12\/590405313_18186920731348464_4212991108727668711_n-768x512.jpg 768w, https:\/\/richeskarayib.com\/wp-content\/uploads\/2025\/12\/590405313_18186920731348464_4212991108727668711_n.jpg 1066w\" sizes=\"(max-width: 800px) 100vw, 800px\" \/>\t\t\t\t\t\t\t\t\t\t\t\t\t\t\t<\/div>\n\t\t\t\t<\/div>\n\t\t\t\t\t<\/div>\n\t\t<\/div>\n\t\t\t\t\t<\/div>\n\t\t<\/section>\n\t\t\t\t<section class=\"elementor-section elementor-top-section elementor-element elementor-element-71c200d elementor-section-boxed elementor-section-height-default elementor-section-height-default\" data-id=\"71c200d\" data-element_type=\"section\">\n\t\t\t\t\t\t<div class=\"elementor-container elementor-column-gap-default\">\n\t\t\t\t\t<div class=\"elementor-column elementor-col-100 elementor-top-column elementor-element elementor-element-3eb61ce\" data-id=\"3eb61ce\" data-element_type=\"column\">\n\t\t\t<div class=\"elementor-widget-wrap elementor-element-populated\">\n\t\t\t\t\t\t<div class=\"elementor-element elementor-element-eeb3af4 elementor-widget elementor-widget-heading\" data-id=\"eeb3af4\" data-element_type=\"widget\" data-widget_type=\"heading.default\">\n\t\t\t\t<div class=\"elementor-widget-container\">\n\t\t\t\t\t<h2 class=\"elementor-heading-title elementor-size-default\">Un nouveau chapitre charg\u00e9 d\u2019attentes<\/h2>\t\t\t\t<\/div>\n\t\t\t\t<\/div>\n\t\t\t\t<div class=\"elementor-element elementor-element-7f3f4f5 elementor-widget elementor-widget-text-editor\" data-id=\"7f3f4f5\" data-element_type=\"widget\" data-widget_type=\"text-editor.default\">\n\t\t\t\t<div class=\"elementor-widget-container\">\n\t\t\t\t\t\t\t\t\t<p><span style=\"font-weight: 400;\">La victoire de Philip J Pierre, dans la dynamique des \u00e9lections \u00e0 Sainte-Lucie, ouvre une p\u00e9riode d\u00e9cisive. Avec une majorit\u00e9 renforc\u00e9e, des alli\u00e9s influents et une l\u00e9gitimit\u00e9 politique solide, le Premier ministre a d\u00e9sormais les moyens de transformer ses engagements en actions structurelles. <\/span><span style=\"font-weight: 400;\">Les cinq prochaines ann\u00e9es seront d\u00e9terminantes. Entre d\u00e9veloppement \u00e9conomique, justice sociale et stabilisation financi\u00e8re, Sainte-Lucie avance vers un cycle crucial de son histoire contemporaine \u2014 un cycle que Philip J Pierre entend clairement piloter.<\/span><\/p>\t\t\t\t\t\t\t\t<\/div>\n\t\t\t\t<\/div>\n\t\t\t\t<div class=\"elementor-element elementor-element-70599f0 elementor-widget elementor-widget-heading\" data-id=\"70599f0\" data-element_type=\"widget\" data-widget_type=\"heading.default\">\n\t\t\t\t<div class=\"elementor-widget-container\">\n\t\t\t\t\t<h2 class=\"elementor-heading-title elementor-size-default\">FAQ<\/h2>\t\t\t\t<\/div>\n\t\t\t\t<\/div>\n\t\t\t\t<div class=\"elementor-element elementor-element-67c4753 elementor-widget elementor-widget-accordion\" data-id=\"67c4753\" data-element_type=\"widget\" data-widget_type=\"accordion.default\">\n\t\t\t\t<div class=\"elementor-widget-container\">\n\t\t\t\t\t\t\t<div class=\"elementor-accordion\">\n\t\t\t\t\t\t\t<div class=\"elementor-accordion-item\">\n\t\t\t\t\t<div id=\"elementor-tab-title-1081\" class=\"elementor-tab-title\" data-tab=\"1\" role=\"button\" aria-controls=\"elementor-tab-content-1081\" aria-expanded=\"false\">\n\t\t\t\t\t\t\t\t\t\t\t\t\t<span class=\"elementor-accordion-icon elementor-accordion-icon-left\" aria-hidden=\"true\">\n\t\t\t\t\t\t\t\t\t\t\t\t\t\t\t<span class=\"elementor-accordion-icon-closed\"><i class=\"fas fa-plus\"><\/i><\/span>\n\t\t\t\t\t\t\t\t<span class=\"elementor-accordion-icon-opened\"><i class=\"fas fa-minus\"><\/i><\/span>\n\t\t\t\t\t\t\t\t\t\t\t\t\t\t<\/span>\n\t\t\t\t\t\t\t\t\t\t\t\t<a class=\"elementor-accordion-title\" tabindex=\"0\">Qui est Philip J Pierre ?<\/a>\n\t\t\t\t\t<\/div>\n\t\t\t\t\t<div id=\"elementor-tab-content-1081\" class=\"elementor-tab-content elementor-clearfix\" data-tab=\"1\" role=\"region\" aria-labelledby=\"elementor-tab-title-1081\"><p><span style=\"font-weight: 400;\">Philip J Pierre est le Premier ministre de Sainte-Lucie, d\u00e9put\u00e9 de Castries-Est depuis 1997 et leader du Saint Lucia Labour Party. \u00c9conomiste de formation, il a \u00e9t\u00e9 r\u00e9\u00e9lu en 2025 pour un second mandat.<\/span><\/p><\/div>\n\t\t\t\t<\/div>\n\t\t\t\t\t\t\t<div class=\"elementor-accordion-item\">\n\t\t\t\t\t<div id=\"elementor-tab-title-1082\" class=\"elementor-tab-title\" data-tab=\"2\" role=\"button\" aria-controls=\"elementor-tab-content-1082\" aria-expanded=\"false\">\n\t\t\t\t\t\t\t\t\t\t\t\t\t<span class=\"elementor-accordion-icon elementor-accordion-icon-left\" aria-hidden=\"true\">\n\t\t\t\t\t\t\t\t\t\t\t\t\t\t\t<span class=\"elementor-accordion-icon-closed\"><i class=\"fas fa-plus\"><\/i><\/span>\n\t\t\t\t\t\t\t\t<span class=\"elementor-accordion-icon-opened\"><i class=\"fas fa-minus\"><\/i><\/span>\n\t\t\t\t\t\t\t\t\t\t\t\t\t\t<\/span>\n\t\t\t\t\t\t\t\t\t\t\t\t<a class=\"elementor-accordion-title\" tabindex=\"0\">Quels sont les principaux projets du second mandat de Philip J Pierre ?<\/a>\n\t\t\t\t\t<\/div>\n\t\t\t\t\t<div id=\"elementor-tab-content-1082\" class=\"elementor-tab-content elementor-clearfix\" data-tab=\"2\" role=\"region\" aria-labelledby=\"elementor-tab-title-1082\"><p><span style=\"font-weight: 400;\">Son programme se concentre sur les r\u00e9formes sociales : indemnit\u00e9 ch\u00f4mage, soutien accru aux \u00e9tudiants, investissements dans l\u2019\u00e9ducation et gestion prudente des finances publiques.<\/span><\/p><\/div>\n\t\t\t\t<\/div>\n\t\t\t\t\t\t\t<div class=\"elementor-accordion-item\">\n\t\t\t\t\t<div id=\"elementor-tab-title-1083\" class=\"elementor-tab-title\" data-tab=\"3\" role=\"button\" aria-controls=\"elementor-tab-content-1083\" aria-expanded=\"false\">\n\t\t\t\t\t\t\t\t\t\t\t\t\t<span class=\"elementor-accordion-icon elementor-accordion-icon-left\" aria-hidden=\"true\">\n\t\t\t\t\t\t\t\t\t\t\t\t\t\t\t<span class=\"elementor-accordion-icon-closed\"><i class=\"fas fa-plus\"><\/i><\/span>\n\t\t\t\t\t\t\t\t<span class=\"elementor-accordion-icon-opened\"><i class=\"fas fa-minus\"><\/i><\/span>\n\t\t\t\t\t\t\t\t\t\t\t\t\t\t<\/span>\n\t\t\t\t\t\t\t\t\t\t\t\t<a class=\"elementor-accordion-title\" tabindex=\"0\"> Pourquoi les \u00e9lections \u00e0 Sainte-Lucie ont-elles marqu\u00e9 un tournant ?<\/a>\n\t\t\t\t\t<\/div>\n\t\t\t\t\t<div id=\"elementor-tab-content-1083\" class=\"elementor-tab-content elementor-clearfix\" data-tab=\"3\" role=\"region\" aria-labelledby=\"elementor-tab-title-1083\"><p data-start=\"703\" data-end=\"1014\"><span style=\"font-weight: 400;\">Elles ont renforc\u00e9 la majorit\u00e9 du SLP, affaibli l\u2019opposition et confirm\u00e9 la confiance de la population dans un mod\u00e8le de stabilit\u00e9 et de continuit\u00e9 politique.<\/span><\/p><\/div>\n\t\t\t\t<\/div>\n\t\t\t\t\t\t\t\t<\/div>\n\t\t\t\t\t\t<\/div>\n\t\t\t\t<\/div>\n\t\t\t\t\t<\/div>\n\t\t<\/div>\n\t\t\t\t\t<\/div>\n\t\t<\/section>\n\t\t\t\t<\/div>\n\t\t","protected":false},"excerpt":{"rendered":"<p>Les \u00e9lections \u00e0 Sainte-Lucie ont offert l\u2019un des r\u00e9sultats les plus nets de l\u2019histoire politique r\u00e9cente de l\u2019\u00eele : une victoire \u00e9crasante du Saint Lucia Labour Party, port\u00e9 par Philip J Pierre, reconduit pour un second mandat avec 14 si\u00e8ges sur 17. Dans un contexte o\u00f9 l\u2019\u00e9lectorat cherchait stabilit\u00e9 et coh\u00e9rence, ce vote massif confirme [&hellip;]<\/p>\n","protected":false},"author":662,"featured_media":65996,"comment_status":"open","ping_status":"open","sticky":false,"template":"","format":"standard","meta":{"_acf_changed":false,"footnotes":""},"categories":[840],"tags":[1599],"class_list":["post-65995","post","type-post","status-publish","format-standard","has-post-thumbnail","hentry","category-actus","tag-sainte-lucie-fr"],"acf":[],"_links":{"self":[{"href":"https:\/\/richeskarayib.com\/fr\/wp-json\/wp\/v2\/posts\/65995","targetHints":{"allow":["GET"]}}],"collection":[{"href":"https:\/\/richeskarayib.com\/fr\/wp-json\/wp\/v2\/posts"}],"about":[{"href":"https:\/\/richeskarayib.com\/fr\/wp-json\/wp\/v2\/types\/post"}],"author":[{"embeddable":true,"href":"https:\/\/richeskarayib.com\/fr\/wp-json\/wp\/v2\/users\/662"}],"replies":[{"embeddable":true,"href":"https:\/\/richeskarayib.com\/fr\/wp-json\/wp\/v2\/comments?post=65995"}],"version-history":[{"count":0,"href":"https:\/\/richeskarayib.com\/fr\/wp-json\/wp\/v2\/posts\/65995\/revisions"}],"wp:featuredmedia":[{"embeddable":true,"href":"https:\/\/richeskarayib.com\/fr\/wp-json\/wp\/v2\/media\/65996"}],"wp:attachment":[{"href":"https:\/\/richeskarayib.com\/fr\/wp-json\/wp\/v2\/media?parent=65995"}],"wp:term":[{"taxonomy":"category","embeddable":true,"href":"https:\/\/richeskarayib.com\/fr\/wp-json\/wp\/v2\/categories?post=65995"},{"taxonomy":"post_tag","embeddable":true,"href":"https:\/\/richeskarayib.com\/fr\/wp-json\/wp\/v2\/tags?post=65995"}],"curies":[{"name":"wp","href":"https:\/\/api.w.org\/{rel}","templated":true}]}}