{"id":66101,"date":"2025-12-04T13:44:27","date_gmt":"2025-12-04T17:44:27","guid":{"rendered":"https:\/\/richeskarayib.com\/?p=66101"},"modified":"2025-12-04T13:44:27","modified_gmt":"2025-12-04T17:44:27","slug":"godwin-friday-election-st-vincent-grenadines","status":"publish","type":"post","link":"https:\/\/richeskarayib.com\/fr\/godwin-friday-election-st-vincent-grenadines\/","title":{"rendered":"Godwin Friday \u00e9lu Premier ministre : un tournant historique pour Saint-Vincent-et-les-Grenadines"},"content":{"rendered":"\t\t<div data-elementor-type=\"wp-post\" data-elementor-id=\"66101\" class=\"elementor elementor-66101\" data-elementor-post-type=\"post\">\n\t\t\t\t\t\t<section class=\"elementor-section elementor-top-section elementor-element elementor-element-7ca7ca1 elementor-section-boxed elementor-section-height-default elementor-section-height-default\" data-id=\"7ca7ca1\" data-element_type=\"section\">\n\t\t\t\t\t\t<div class=\"elementor-container elementor-column-gap-default\">\n\t\t\t\t\t<div class=\"elementor-column elementor-col-100 elementor-top-column elementor-element elementor-element-cbdd002\" data-id=\"cbdd002\" data-element_type=\"column\">\n\t\t\t<div class=\"elementor-widget-wrap elementor-element-populated\">\n\t\t\t\t\t\t<section class=\"elementor-section elementor-inner-section elementor-element elementor-element-bc94849 elementor-section-boxed elementor-section-height-default elementor-section-height-default\" data-id=\"bc94849\" data-element_type=\"section\">\n\t\t\t\t\t\t<div class=\"elementor-container elementor-column-gap-default\">\n\t\t\t\t\t\t<\/div>\n\t\t<\/section>\n\t\t\t\t<section class=\"elementor-section elementor-inner-section elementor-element elementor-element-61571e6 elementor-section-boxed elementor-section-height-default elementor-section-height-default\" data-id=\"61571e6\" data-element_type=\"section\">\n\t\t\t\t\t\t<div class=\"elementor-container elementor-column-gap-default\">\n\t\t\t\t\t\t<\/div>\n\t\t<\/section>\n\t\t\t\t<section class=\"elementor-section elementor-inner-section elementor-element elementor-element-b6262e0 elementor-section-boxed elementor-section-height-default elementor-section-height-default\" data-id=\"b6262e0\" data-element_type=\"section\">\n\t\t\t\t\t\t<div class=\"elementor-container elementor-column-gap-default\">\n\t\t\t\t\t\t<\/div>\n\t\t<\/section>\n\t\t\t\t<section class=\"elementor-section elementor-inner-section elementor-element elementor-element-cca29fd elementor-section-boxed elementor-section-height-default elementor-section-height-default\" data-id=\"cca29fd\" data-element_type=\"section\">\n\t\t\t\t\t\t<div class=\"elementor-container elementor-column-gap-default\">\n\t\t\t\t\t\t<\/div>\n\t\t<\/section>\n\t\t\t\t\t<\/div>\n\t\t<\/div>\n\t\t\t\t\t<\/div>\n\t\t<\/section>\n\t\t\t\t<section class=\"elementor-section elementor-top-section elementor-element elementor-element-ee72354 elementor-section-boxed elementor-section-height-default elementor-section-height-default\" data-id=\"ee72354\" data-element_type=\"section\">\n\t\t\t\t\t\t<div class=\"elementor-container elementor-column-gap-default\">\n\t\t\t\t\t<div class=\"elementor-column elementor-col-100 elementor-top-column elementor-element elementor-element-c59d6fe\" data-id=\"c59d6fe\" data-element_type=\"column\">\n\t\t\t<div class=\"elementor-widget-wrap elementor-element-populated\">\n\t\t\t\t\t\t<div class=\"elementor-element elementor-element-e57451f elementor-widget elementor-widget-text-editor\" data-id=\"e57451f\" data-element_type=\"widget\" data-widget_type=\"text-editor.default\">\n\t\t\t\t<div class=\"elementor-widget-container\">\n\t\t\t\t\t\t\t\t\t<p><span style=\"font-weight: 400;\">Pendant plus de deux d\u00e9cennies, la vie politique de Saint-Vincent-et-les-Grenadines avan\u00e7ait au rythme d\u2019un m\u00eame visage, d\u2019un m\u00eame parti, d\u2019une m\u00eame ligne de conduite. Le r\u00e9cent scrutin a boulevers\u00e9 cet \u00e9quilibre en un seul vote. Avec un r\u00e9sultat sans pr\u00e9c\u00e9dent \u2014 14 si\u00e8ges sur 15, le New Democratic Party (NDP) prend le pouvoir et place <a href=\"https:\/\/www.theguardian.com\/world\/2025\/nov\/28\/st-vincent-caribbean-opposition-party-celebrates-historic-election-win\" target=\"_blank\" rel=\"noopener nofollow\">Godwin Friday<\/a> au poste de Premier ministre.\u00a0<\/span><\/p>\t\t\t\t\t\t\t\t<\/div>\n\t\t\t\t<\/div>\n\t\t\t\t<div class=\"elementor-element elementor-element-f728c00 elementor-widget elementor-widget-text-editor\" data-id=\"f728c00\" data-element_type=\"widget\" data-widget_type=\"text-editor.default\">\n\t\t\t\t<div class=\"elementor-widget-container\">\n\t\t\t\t\t\t\t\t\t<p><span style=\"font-weight: 400;\">Pour ce petit \u00c9tat de la Cara\u00efbe, c\u2019est un moment rare : une v\u00e9ritable bascule politique dans un pays habitu\u00e9 \u00e0 la continuit\u00e9.<\/span><span style=\"font-weight: 400;\">L\u2019Atelier Robinot accueille du 5 au 13 d\u00e9cembre une exposition qui touche autant par sa beaut\u00e9 que par ce qu\u2019elle r\u00e9v\u00e8le. Avec La m\u00e9moire de l\u2019eau, Roseman Robinot, plasticienne guyanaise n\u00e9e \u00e0 la Martinique, rassemble vingt \u0153uvres cr\u00e9\u00e9es entre 1996 et 2019. \u00c0 travers elles, elle explore la fa\u00e7on dont les paysages, la mer et les rivages gardent les traces d\u2019une histoire qui a souvent \u00e9t\u00e9 peu abord\u00e9e ou laiss\u00e9e de c\u00f4t\u00e9.<\/span><\/p>\t\t\t\t\t\t\t\t<\/div>\n\t\t\t\t<\/div>\n\t\t\t\t\t<\/div>\n\t\t<\/div>\n\t\t\t\t\t<\/div>\n\t\t<\/section>\n\t\t\t\t<section class=\"elementor-section elementor-top-section elementor-element elementor-element-ceca32c elementor-section-boxed elementor-section-height-default elementor-section-height-default\" data-id=\"ceca32c\" data-element_type=\"section\">\n\t\t\t\t\t\t<div class=\"elementor-container elementor-column-gap-default\">\n\t\t\t\t\t<div class=\"elementor-column elementor-col-100 elementor-top-column elementor-element elementor-element-5a2e383\" data-id=\"5a2e383\" data-element_type=\"column\">\n\t\t\t<div class=\"elementor-widget-wrap elementor-element-populated\">\n\t\t\t\t\t\t<div class=\"elementor-element elementor-element-6cedf5f elementor-widget elementor-widget-heading\" data-id=\"6cedf5f\" data-element_type=\"widget\" data-widget_type=\"heading.default\">\n\t\t\t\t<div class=\"elementor-widget-container\">\n\t\t\t\t\t<h2 class=\"elementor-heading-title elementor-size-default\">Une victoire nette apr\u00e8s 23 ans de continuit\u00e9<\/h2>\t\t\t\t<\/div>\n\t\t\t\t<\/div>\n\t\t\t\t<section class=\"elementor-section elementor-inner-section elementor-element elementor-element-35beab0 elementor-section-boxed elementor-section-height-default elementor-section-height-default\" data-id=\"35beab0\" data-element_type=\"section\">\n\t\t\t\t\t\t<div class=\"elementor-container elementor-column-gap-default\">\n\t\t\t\t\t<div class=\"elementor-column elementor-col-100 elementor-inner-column elementor-element elementor-element-3d5fc93\" data-id=\"3d5fc93\" data-element_type=\"column\">\n\t\t\t<div class=\"elementor-widget-wrap elementor-element-populated\">\n\t\t\t\t\t\t<div class=\"elementor-element elementor-element-e93d1fb elementor-widget elementor-widget-text-editor\" data-id=\"e93d1fb\" data-element_type=\"widget\" data-widget_type=\"text-editor.default\">\n\t\t\t\t<div class=\"elementor-widget-container\">\n\t\t\t\t\t\t\t\t\t<p><span style=\"font-weight: 400;\">Le Unity Labour Party (ULP), au pouvoir depuis 2001, n\u2019a pas r\u00e9sist\u00e9 \u00e0 la vague de changement. Le parti sortant passe d\u2019une majorit\u00e9 solide \u00e0 un seul si\u00e8ge. Le seul d\u00e9put\u00e9 r\u00e9\u00e9lu est <a href=\"https:\/\/richeskarayib.com\/fr\/carifesta-xv-penser-civilisation-caribeenne\/\" target=\"_blank\" rel=\"noopener\">Ralph Gonsalves<\/a>, figure incontournable de Saint-Vincent-et-les-Grenadines et chef de gouvernement depuis plus de vingt ans. Cette chute brutale s\u2019explique par plusieurs \u00e9l\u00e9ments qui se sont accumul\u00e9s avec le temps : la dur\u00e9e exceptionnelle du mandat de Gonsalves, la lassitude progressive d\u2019une partie de la population, les cons\u00e9quences du mandat vaccinal durant la pand\u00e9mie et une communication jug\u00e9e trop faible pendant la campagne.<\/span><\/p>\t\t\t\t\t\t\t\t<\/div>\n\t\t\t\t<\/div>\n\t\t\t\t<div class=\"elementor-element elementor-element-13abe19 elementor-widget elementor-widget-text-editor\" data-id=\"13abe19\" data-element_type=\"widget\" data-widget_type=\"text-editor.default\">\n\t\t\t\t<div class=\"elementor-widget-container\">\n\t\t\t\t\t\t\t\t\t<p><span style=\"font-weight: 400;\">Cela ne retire rien au r\u00f4le majeur qu\u2019il a jou\u00e9. Gonsalves a dirig\u00e9 Saint-Vincent-et-les-Grenadines \u00e0 travers la crise financi\u00e8re mondiale, la pand\u00e9mie de Covid-19, l\u2019\u00e9ruption de La Soufri\u00e8re, l\u2019ouragan Beryl et plusieurs \u00e9pisodes climatiques violents. Beaucoup reconnaissent ce bilan. Pourtant, cette exp\u00e9rience politique n\u2019a pas suffi \u00e0 stopper le d\u00e9sir de renouveau exprim\u00e9 dans les urnes.<\/span><\/p>\t\t\t\t\t\t\t\t<\/div>\n\t\t\t\t<\/div>\n\t\t\t\t\t<\/div>\n\t\t<\/div>\n\t\t\t\t\t<\/div>\n\t\t<\/section>\n\t\t\t\t<section class=\"elementor-section elementor-inner-section elementor-element elementor-element-51e56b1 elementor-section-boxed elementor-section-height-default elementor-section-height-default\" data-id=\"51e56b1\" data-element_type=\"section\">\n\t\t\t\t\t\t<div class=\"elementor-container elementor-column-gap-default\">\n\t\t\t\t\t<div class=\"elementor-column elementor-col-100 elementor-inner-column elementor-element elementor-element-02d3303\" data-id=\"02d3303\" data-element_type=\"column\">\n\t\t\t<div class=\"elementor-widget-wrap elementor-element-populated\">\n\t\t\t\t\t\t<div class=\"elementor-element elementor-element-8e3775c elementor-widget elementor-widget-image\" data-id=\"8e3775c\" data-element_type=\"widget\" data-widget_type=\"image.default\">\n\t\t\t\t<div class=\"elementor-widget-container\">\n\t\t\t\t\t\t\t\t\t\t\t\t<figure class=\"wp-caption\">\n\t\t\t\t\t\t\t\t\t\t<img fetchpriority=\"high\" decoding=\"async\" width=\"800\" height=\"534\" src=\"https:\/\/richeskarayib.com\/wp-content\/uploads\/2025\/12\/\u00a9Hon.-Dr.-Godwin-Friday--1024x683.jpg\" class=\"attachment-large size-large wp-image-66106\" alt=\"Godwin Friday\" srcset=\"https:\/\/richeskarayib.com\/wp-content\/uploads\/2025\/12\/\u00a9Hon.-Dr.-Godwin-Friday--1024x683.jpg 1024w, https:\/\/richeskarayib.com\/wp-content\/uploads\/2025\/12\/\u00a9Hon.-Dr.-Godwin-Friday--300x200.jpg 300w, https:\/\/richeskarayib.com\/wp-content\/uploads\/2025\/12\/\u00a9Hon.-Dr.-Godwin-Friday--768x512.jpg 768w, https:\/\/richeskarayib.com\/wp-content\/uploads\/2025\/12\/\u00a9Hon.-Dr.-Godwin-Friday--1536x1025.jpg 1536w, https:\/\/richeskarayib.com\/wp-content\/uploads\/2025\/12\/\u00a9Hon.-Dr.-Godwin-Friday--1320x880.jpg 1320w, https:\/\/richeskarayib.com\/wp-content\/uploads\/2025\/12\/\u00a9Hon.-Dr.-Godwin-Friday-.jpg 2048w\" sizes=\"(max-width: 800px) 100vw, 800px\" \/>\t\t\t\t\t\t\t\t\t\t\t<figcaption class=\"widget-image-caption wp-caption-text\">\u00a9Hon. Dr. Godwin Friday<\/figcaption>\n\t\t\t\t\t\t\t\t\t\t<\/figure>\n\t\t\t\t\t\t\t\t\t<\/div>\n\t\t\t\t<\/div>\n\t\t\t\t\t<\/div>\n\t\t<\/div>\n\t\t\t\t\t<\/div>\n\t\t<\/section>\n\t\t\t\t\t<\/div>\n\t\t<\/div>\n\t\t\t\t\t<\/div>\n\t\t<\/section>\n\t\t\t\t<section class=\"elementor-section elementor-top-section elementor-element elementor-element-9c88a89 elementor-section-boxed elementor-section-height-default elementor-section-height-default\" data-id=\"9c88a89\" data-element_type=\"section\">\n\t\t\t\t\t\t<div class=\"elementor-container elementor-column-gap-default\">\n\t\t\t\t\t<div class=\"elementor-column elementor-col-100 elementor-top-column elementor-element elementor-element-78cf5d1\" data-id=\"78cf5d1\" data-element_type=\"column\">\n\t\t\t<div class=\"elementor-widget-wrap elementor-element-populated\">\n\t\t\t\t\t\t<div class=\"elementor-element elementor-element-ea2a5c1 elementor-widget elementor-widget-heading\" data-id=\"ea2a5c1\" data-element_type=\"widget\" data-widget_type=\"heading.default\">\n\t\t\t\t<div class=\"elementor-widget-container\">\n\t\t\t\t\t<h2 class=\"elementor-heading-title elementor-size-default\">Godwin Friday : l\u2019arriv\u00e9e d\u2019un nouveau leadership<\/h2>\t\t\t\t<\/div>\n\t\t\t\t<\/div>\n\t\t\t\t<div class=\"elementor-element elementor-element-e305eee elementor-widget elementor-widget-text-editor\" data-id=\"e305eee\" data-element_type=\"widget\" data-widget_type=\"text-editor.default\">\n\t\t\t\t<div class=\"elementor-widget-container\">\n\t\t\t\t\t\t\t\t\t<p><span style=\"font-weight: 400;\">\u00c0 66 ans, <a href=\"https:\/\/www.facebook.com\/GodwinFridayMP\" target=\"_blank\" rel=\"noopener nofollow\">Godwin Friday<\/a> porte d\u00e9sormais un mandat d\u2019une ampleur in\u00e9dite. Avocat de formation, d\u00e9put\u00e9 depuis 2001, il a pris la t\u00eate du NDP en 2016. Durant ces ann\u00e9es, il a reconstruit l\u2019image du parti, consolid\u00e9 son ancrage territorial et propos\u00e9 une alternative jug\u00e9e cr\u00e9dible. Sa victoire traduit autant la volont\u00e9 de changement que la confiance plac\u00e9e dans son style politique : calme, direct, pr\u00e8s du terrain.<\/span><\/p>\t\t\t\t\t\t\t\t<\/div>\n\t\t\t\t<\/div>\n\t\t\t\t<div class=\"elementor-element elementor-element-660ac2a elementor-widget elementor-widget-text-editor\" data-id=\"660ac2a\" data-element_type=\"widget\" data-widget_type=\"text-editor.default\">\n\t\t\t\t<div class=\"elementor-widget-container\">\n\t\t\t\t\t\t\t\t\t<p><span style=\"font-weight: 400;\">Durant la campagne, le NDP a mis l\u2019accent sur des priorit\u00e9s claires : cr\u00e9ation d\u2019emplois, meilleurs salaires, r\u00e9ponse ferme face \u00e0 la criminalit\u00e9, am\u00e9lioration des soins et des investissements dans les infrastructures. Ces engagements ont trouv\u00e9 un large \u00e9cho, notamment aupr\u00e8s des jeunes adultes. L\u2019\u00e9lectorat voit en Godwin Friday un dirigeant susceptible d\u2019apporter des solutions concr\u00e8tes \u00e0 des probl\u00e8mes d\u00e9sormais au c\u0153ur du quotidien \u00e0 Saint-Vincent-et-les-Grenadines.<\/span><\/p>\t\t\t\t\t\t\t\t<\/div>\n\t\t\t\t<\/div>\n\t\t\t\t<section class=\"elementor-section elementor-inner-section elementor-element elementor-element-ea41410 elementor-section-boxed elementor-section-height-default elementor-section-height-default\" data-id=\"ea41410\" data-element_type=\"section\">\n\t\t\t\t\t\t<div class=\"elementor-container elementor-column-gap-default\">\n\t\t\t\t\t<div class=\"elementor-column elementor-col-50 elementor-inner-column elementor-element elementor-element-fdbf87c\" data-id=\"fdbf87c\" data-element_type=\"column\">\n\t\t\t<div class=\"elementor-widget-wrap elementor-element-populated\">\n\t\t\t\t\t\t<div class=\"elementor-element elementor-element-8e6c4a0 elementor-widget elementor-widget-image\" data-id=\"8e6c4a0\" data-element_type=\"widget\" data-widget_type=\"image.default\">\n\t\t\t\t<div class=\"elementor-widget-container\">\n\t\t\t\t\t\t\t\t\t\t\t\t<figure class=\"wp-caption\">\n\t\t\t\t\t\t\t\t\t\t<img decoding=\"async\" width=\"800\" height=\"534\" src=\"https:\/\/richeskarayib.com\/wp-content\/uploads\/2025\/12\/\u00a9Hon.-Dr.-Godwin-Friday-4-1024x684.jpg\" class=\"attachment-large size-large wp-image-66110\" alt=\"Godwin Friday\" srcset=\"https:\/\/richeskarayib.com\/wp-content\/uploads\/2025\/12\/\u00a9Hon.-Dr.-Godwin-Friday-4-1024x684.jpg 1024w, https:\/\/richeskarayib.com\/wp-content\/uploads\/2025\/12\/\u00a9Hon.-Dr.-Godwin-Friday-4-300x200.jpg 300w, https:\/\/richeskarayib.com\/wp-content\/uploads\/2025\/12\/\u00a9Hon.-Dr.-Godwin-Friday-4-768x513.jpg 768w, https:\/\/richeskarayib.com\/wp-content\/uploads\/2025\/12\/\u00a9Hon.-Dr.-Godwin-Friday-4-1320x882.jpg 1320w, https:\/\/richeskarayib.com\/wp-content\/uploads\/2025\/12\/\u00a9Hon.-Dr.-Godwin-Friday-4.jpg 1440w\" sizes=\"(max-width: 800px) 100vw, 800px\" \/>\t\t\t\t\t\t\t\t\t\t\t<figcaption class=\"widget-image-caption wp-caption-text\">\u00a9Hon. Dr. Godwin Friday<\/figcaption>\n\t\t\t\t\t\t\t\t\t\t<\/figure>\n\t\t\t\t\t\t\t\t\t<\/div>\n\t\t\t\t<\/div>\n\t\t\t\t\t<\/div>\n\t\t<\/div>\n\t\t\t\t<div class=\"elementor-column elementor-col-50 elementor-inner-column elementor-element elementor-element-9e608e9\" data-id=\"9e608e9\" data-element_type=\"column\">\n\t\t\t<div class=\"elementor-widget-wrap elementor-element-populated\">\n\t\t\t\t\t\t<div class=\"elementor-element elementor-element-87ffc1f elementor-widget elementor-widget-image\" data-id=\"87ffc1f\" data-element_type=\"widget\" data-widget_type=\"image.default\">\n\t\t\t\t<div class=\"elementor-widget-container\">\n\t\t\t\t\t\t\t\t\t\t\t\t<figure class=\"wp-caption\">\n\t\t\t\t\t\t\t\t\t\t<img decoding=\"async\" width=\"800\" height=\"534\" src=\"https:\/\/richeskarayib.com\/wp-content\/uploads\/2025\/12\/\u00a9Hon.-Dr.-Godwin-Friday-3-1-1024x683.jpg\" class=\"attachment-large size-large wp-image-66114\" alt=\"Godwin Friday\" srcset=\"https:\/\/richeskarayib.com\/wp-content\/uploads\/2025\/12\/\u00a9Hon.-Dr.-Godwin-Friday-3-1-1024x683.jpg 1024w, https:\/\/richeskarayib.com\/wp-content\/uploads\/2025\/12\/\u00a9Hon.-Dr.-Godwin-Friday-3-1-300x200.jpg 300w, https:\/\/richeskarayib.com\/wp-content\/uploads\/2025\/12\/\u00a9Hon.-Dr.-Godwin-Friday-3-1-768x512.jpg 768w, https:\/\/richeskarayib.com\/wp-content\/uploads\/2025\/12\/\u00a9Hon.-Dr.-Godwin-Friday-3-1-1320x880.jpg 1320w, https:\/\/richeskarayib.com\/wp-content\/uploads\/2025\/12\/\u00a9Hon.-Dr.-Godwin-Friday-3-1.jpg 1440w\" sizes=\"(max-width: 800px) 100vw, 800px\" \/>\t\t\t\t\t\t\t\t\t\t\t<figcaption class=\"widget-image-caption wp-caption-text\">\u00a9Hon. Dr. Godwin Friday<\/figcaption>\n\t\t\t\t\t\t\t\t\t\t<\/figure>\n\t\t\t\t\t\t\t\t\t<\/div>\n\t\t\t\t<\/div>\n\t\t\t\t\t<\/div>\n\t\t<\/div>\n\t\t\t\t\t<\/div>\n\t\t<\/section>\n\t\t\t\t\t<\/div>\n\t\t<\/div>\n\t\t\t\t\t<\/div>\n\t\t<\/section>\n\t\t\t\t<section class=\"elementor-section elementor-top-section elementor-element elementor-element-103aced elementor-section-boxed elementor-section-height-default elementor-section-height-default\" data-id=\"103aced\" data-element_type=\"section\">\n\t\t\t\t\t\t<div class=\"elementor-container elementor-column-gap-default\">\n\t\t\t\t\t<div class=\"elementor-column elementor-col-100 elementor-top-column elementor-element elementor-element-e34f9f4\" data-id=\"e34f9f4\" data-element_type=\"column\">\n\t\t\t<div class=\"elementor-widget-wrap elementor-element-populated\">\n\t\t\t\t\t\t<div class=\"elementor-element elementor-element-c643e86 elementor-widget elementor-widget-heading\" data-id=\"c643e86\" data-element_type=\"widget\" data-widget_type=\"heading.default\">\n\t\t\t\t<div class=\"elementor-widget-container\">\n\t\t\t\t\t<h2 class=\"elementor-heading-title elementor-size-default\">Une transition suivie de pr\u00e8s dans la Cara\u00efbe<\/h2>\t\t\t\t<\/div>\n\t\t\t\t<\/div>\n\t\t\t\t<section class=\"elementor-section elementor-inner-section elementor-element elementor-element-1655472 elementor-section-boxed elementor-section-height-default elementor-section-height-default\" data-id=\"1655472\" data-element_type=\"section\">\n\t\t\t\t\t\t<div class=\"elementor-container elementor-column-gap-default\">\n\t\t\t\t\t<div class=\"elementor-column elementor-col-100 elementor-inner-column elementor-element elementor-element-b4e3860\" data-id=\"b4e3860\" data-element_type=\"column\">\n\t\t\t<div class=\"elementor-widget-wrap elementor-element-populated\">\n\t\t\t\t\t\t<div class=\"elementor-element elementor-element-43879e8 elementor-widget elementor-widget-text-editor\" data-id=\"43879e8\" data-element_type=\"widget\" data-widget_type=\"text-editor.default\">\n\t\t\t\t<div class=\"elementor-widget-container\">\n\t\t\t\t\t\t\t\t\t<p><span style=\"font-weight: 400;\">L&#8217;annonce des r\u00e9sultats a rapidement d\u00e9pass\u00e9 les fronti\u00e8res du pays. Le Premier ministre jama\u00efcain Andrew Holness a f\u00e9licit\u00e9 Godwin Friday en soulignant l\u2019importance de ce moment pour le peuple vincentien et en rappelant les liens \u00e9troits entre les deux nations. Dans la r\u00e9gion, les changements politiques influencent souvent les \u00e9quilibres. C\u2019est pourquoi cette alternance \u00e0 Saint-Vincent-et-les-Grenadines est observ\u00e9e avec attention par les membres de l\u2019OECO et de la Caricom.<\/span><\/p>\t\t\t\t\t\t\t\t<\/div>\n\t\t\t\t<\/div>\n\t\t\t\t<div class=\"elementor-element elementor-element-34bc2e2 elementor-widget elementor-widget-text-editor\" data-id=\"34bc2e2\" data-element_type=\"widget\" data-widget_type=\"text-editor.default\">\n\t\t\t\t<div class=\"elementor-widget-container\">\n\t\t\t\t\t\t\t\t\t<p><span style=\"font-weight: 400;\">Sur le plan international, Ta\u00efwan a imm\u00e9diatement salu\u00e9 la victoire. L\u2019\u00eele entretient depuis longtemps une coop\u00e9ration active avec Saint-Vincent-et-les-Grenadines dans la sant\u00e9, les infrastructures ou l\u2019\u00e9ducation. Le sujet reste n\u00e9anmoins sensible : par le pass\u00e9, le NDP avait \u00e9voqu\u00e9 une \u00e9ventuelle rupture de relations diplomatiques au profit de la Chine. Mais cette id\u00e9e ne figure pas dans le dernier manifeste du parti, laissant la porte ouverte \u00e0 une continuit\u00e9 prudente.<\/span><\/p>\t\t\t\t\t\t\t\t<\/div>\n\t\t\t\t<\/div>\n\t\t\t\t\t<\/div>\n\t\t<\/div>\n\t\t\t\t\t<\/div>\n\t\t<\/section>\n\t\t\t\t\t<\/div>\n\t\t<\/div>\n\t\t\t\t\t<\/div>\n\t\t<\/section>\n\t\t\t\t<section class=\"elementor-section elementor-top-section elementor-element elementor-element-f5709a6 elementor-section-boxed elementor-section-height-default elementor-section-height-default\" data-id=\"f5709a6\" data-element_type=\"section\">\n\t\t\t\t\t\t<div class=\"elementor-container elementor-column-gap-default\">\n\t\t\t\t\t<div class=\"elementor-column elementor-col-100 elementor-top-column elementor-element elementor-element-957be6f\" data-id=\"957be6f\" data-element_type=\"column\">\n\t\t\t<div class=\"elementor-widget-wrap elementor-element-populated\">\n\t\t\t\t\t\t<div class=\"elementor-element elementor-element-22c0a08 elementor-widget elementor-widget-heading\" data-id=\"22c0a08\" data-element_type=\"widget\" data-widget_type=\"heading.default\">\n\t\t\t\t<div class=\"elementor-widget-container\">\n\t\t\t\t\t<h2 class=\"elementor-heading-title elementor-size-default\">Un pays en attente de r\u00e9ponses concr\u00e8tes<\/h2>\t\t\t\t<\/div>\n\t\t\t\t<\/div>\n\t\t\t\t<section class=\"elementor-section elementor-inner-section elementor-element elementor-element-0b1c5ef elementor-section-boxed elementor-section-height-default elementor-section-height-default\" data-id=\"0b1c5ef\" data-element_type=\"section\">\n\t\t\t\t\t\t<div class=\"elementor-container elementor-column-gap-default\">\n\t\t\t\t\t<div class=\"elementor-column elementor-col-50 elementor-inner-column elementor-element elementor-element-81a910f\" data-id=\"81a910f\" data-element_type=\"column\">\n\t\t\t<div class=\"elementor-widget-wrap elementor-element-populated\">\n\t\t\t\t\t\t<div class=\"elementor-element elementor-element-fb60f5b elementor-widget elementor-widget-image\" data-id=\"fb60f5b\" data-element_type=\"widget\" data-widget_type=\"image.default\">\n\t\t\t\t<div class=\"elementor-widget-container\">\n\t\t\t\t\t\t\t\t\t\t\t\t<figure class=\"wp-caption\">\n\t\t\t\t\t\t\t\t\t\t<img loading=\"lazy\" decoding=\"async\" width=\"640\" height=\"960\" src=\"https:\/\/richeskarayib.com\/wp-content\/uploads\/2025\/12\/\u00a9Hon.-Dr.-Godwin-Friday-cover.jpg\" class=\"attachment-large size-large wp-image-66118\" alt=\"Godwin Friday\" srcset=\"https:\/\/richeskarayib.com\/wp-content\/uploads\/2025\/12\/\u00a9Hon.-Dr.-Godwin-Friday-cover.jpg 640w, https:\/\/richeskarayib.com\/wp-content\/uploads\/2025\/12\/\u00a9Hon.-Dr.-Godwin-Friday-cover-200x300.jpg 200w\" sizes=\"(max-width: 640px) 100vw, 640px\" \/>\t\t\t\t\t\t\t\t\t\t\t<figcaption class=\"widget-image-caption wp-caption-text\">\u00a9Hon. Dr. Godwin Friday<\/figcaption>\n\t\t\t\t\t\t\t\t\t\t<\/figure>\n\t\t\t\t\t\t\t\t\t<\/div>\n\t\t\t\t<\/div>\n\t\t\t\t\t<\/div>\n\t\t<\/div>\n\t\t\t\t<div class=\"elementor-column elementor-col-50 elementor-inner-column elementor-element elementor-element-c2cdab9\" data-id=\"c2cdab9\" data-element_type=\"column\">\n\t\t\t<div class=\"elementor-widget-wrap elementor-element-populated\">\n\t\t\t\t\t\t<div class=\"elementor-element elementor-element-953f6e4 elementor-widget elementor-widget-text-editor\" data-id=\"953f6e4\" data-element_type=\"widget\" data-widget_type=\"text-editor.default\">\n\t\t\t\t<div class=\"elementor-widget-container\">\n\t\t\t\t\t\t\t\t\t<p><span style=\"font-weight: 400;\">La transition politique ouvre surtout une p\u00e9riode d\u2019attentes fortes. Godwin Friday devra rapidement r\u00e9pondre \u00e0 des d\u00e9fis identifi\u00e9s par la population :<\/span><span style=\"font-weight: 400;\"><br \/><\/span><span style=\"font-weight: 400;\"> \u2013 l\u2019emploi, essentiel pour stabiliser la situation sociale ;<\/span><span style=\"font-weight: 400;\"><br \/><\/span><span style=\"font-weight: 400;\"> \u2013 la criminalit\u00e9, devenue une pr\u00e9occupation majeure ;<\/span><span style=\"font-weight: 400;\"><br \/><\/span><span style=\"font-weight: 400;\"> \u2013 l\u2019acc\u00e8s aux soins, fragilis\u00e9 par des contraintes budg\u00e9taires ;<\/span><span style=\"font-weight: 400;\"><br \/><\/span><span style=\"font-weight: 400;\"> \u2013 les infrastructures, qui doivent \u00eatre renforc\u00e9es dans un pays expos\u00e9 aux risques climatiques.<\/span><\/p>\t\t\t\t\t\t\t\t<\/div>\n\t\t\t\t<\/div>\n\t\t\t\t<div class=\"elementor-element elementor-element-1b261ab elementor-widget elementor-widget-text-editor\" data-id=\"1b261ab\" data-element_type=\"widget\" data-widget_type=\"text-editor.default\">\n\t\t\t\t<div class=\"elementor-widget-container\">\n\t\t\t\t\t\t\t\t\t<p><span style=\"font-weight: 400;\">Le NDP a \u00e9galement indiqu\u00e9 qu\u2019il \u00e9tait pr\u00eat \u00e0 envisager un programme de citizenship by investment, d\u00e9j\u00e0 adopt\u00e9 par plusieurs \u00c9tats voisins. Saint-Vincent-et-les-Grenadines est aujourd\u2019hui la seule nation ind\u00e9pendante de l\u2019OECO \u00e0 ne pas proposer ce dispositif. Le d\u00e9bat s\u2019annonce sensible, mais il pourrait offrir un levier financier important si le gouvernement choisit d\u2019avancer dans cette direction.<\/span><\/p>\t\t\t\t\t\t\t\t<\/div>\n\t\t\t\t<\/div>\n\t\t\t\t<div class=\"elementor-element elementor-element-e2dbee3 elementor-widget elementor-widget-image\" data-id=\"e2dbee3\" data-element_type=\"widget\" data-widget_type=\"image.default\">\n\t\t\t\t<div class=\"elementor-widget-container\">\n\t\t\t\t\t\t\t\t\t\t\t\t<figure class=\"wp-caption\">\n\t\t\t\t\t\t\t\t\t\t<img loading=\"lazy\" decoding=\"async\" width=\"800\" height=\"800\" src=\"https:\/\/richeskarayib.com\/wp-content\/uploads\/2025\/12\/\u00a9Hon.-Dr.-Godwin-Friday-1-1024x1024.jpg\" class=\"attachment-large size-large wp-image-66122\" alt=\"\" srcset=\"https:\/\/richeskarayib.com\/wp-content\/uploads\/2025\/12\/\u00a9Hon.-Dr.-Godwin-Friday-1-1024x1024.jpg 1024w, https:\/\/richeskarayib.com\/wp-content\/uploads\/2025\/12\/\u00a9Hon.-Dr.-Godwin-Friday-1-300x300.jpg 300w, https:\/\/richeskarayib.com\/wp-content\/uploads\/2025\/12\/\u00a9Hon.-Dr.-Godwin-Friday-1-150x150.jpg 150w, https:\/\/richeskarayib.com\/wp-content\/uploads\/2025\/12\/\u00a9Hon.-Dr.-Godwin-Friday-1-768x768.jpg 768w, https:\/\/richeskarayib.com\/wp-content\/uploads\/2025\/12\/\u00a9Hon.-Dr.-Godwin-Friday-1.jpg 1080w\" sizes=\"(max-width: 800px) 100vw, 800px\" \/>\t\t\t\t\t\t\t\t\t\t\t<figcaption class=\"widget-image-caption wp-caption-text\">\u00a9Hon. Dr. Godwin Friday<\/figcaption>\n\t\t\t\t\t\t\t\t\t\t<\/figure>\n\t\t\t\t\t\t\t\t\t<\/div>\n\t\t\t\t<\/div>\n\t\t\t\t\t<\/div>\n\t\t<\/div>\n\t\t\t\t\t<\/div>\n\t\t<\/section>\n\t\t\t\t\t<\/div>\n\t\t<\/div>\n\t\t\t\t\t<\/div>\n\t\t<\/section>\n\t\t\t\t<section class=\"elementor-section elementor-top-section elementor-element elementor-element-fffbad2 elementor-section-boxed elementor-section-height-default elementor-section-height-default\" data-id=\"fffbad2\" data-element_type=\"section\">\n\t\t\t\t\t\t<div class=\"elementor-container elementor-column-gap-default\">\n\t\t\t\t\t<div class=\"elementor-column elementor-col-100 elementor-top-column elementor-element elementor-element-6d7b33c\" data-id=\"6d7b33c\" data-element_type=\"column\">\n\t\t\t<div class=\"elementor-widget-wrap elementor-element-populated\">\n\t\t\t\t\t\t<div class=\"elementor-element elementor-element-1a68871 elementor-widget elementor-widget-heading\" data-id=\"1a68871\" data-element_type=\"widget\" data-widget_type=\"heading.default\">\n\t\t\t\t<div class=\"elementor-widget-container\">\n\t\t\t\t\t<h2 class=\"elementor-heading-title elementor-size-default\">Une nouvelle \u00e8re \u00e0 \u00e9crire<\/h2>\t\t\t\t<\/div>\n\t\t\t\t<\/div>\n\t\t\t\t<section class=\"elementor-section elementor-inner-section elementor-element elementor-element-e74e832 elementor-section-boxed elementor-section-height-default elementor-section-height-default\" data-id=\"e74e832\" data-element_type=\"section\">\n\t\t\t\t\t\t<div class=\"elementor-container elementor-column-gap-default\">\n\t\t\t\t\t<div class=\"elementor-column elementor-col-100 elementor-inner-column elementor-element elementor-element-98ed10c\" data-id=\"98ed10c\" data-element_type=\"column\">\n\t\t\t<div class=\"elementor-widget-wrap elementor-element-populated\">\n\t\t\t\t\t\t<div class=\"elementor-element elementor-element-f4e46f1 elementor-widget elementor-widget-text-editor\" data-id=\"f4e46f1\" data-element_type=\"widget\" data-widget_type=\"text-editor.default\">\n\t\t\t\t<div class=\"elementor-widget-container\">\n\t\t\t\t\t\t\t\t\t<p><span style=\"font-weight: 400;\">Le pays entre dans un moment charni\u00e8re. Apr\u00e8s 23 ans de stabilit\u00e9 politique, l\u2019alternance ouvre une nouvelle dynamique. Godwin Friday dispose d\u2019un mandat fort et d\u2019une majorit\u00e9 presque totale. Sa capacit\u00e9 \u00e0 transformer cette confiance en progr\u00e8s concret d\u00e9finira la trajectoire de Saint-Vincent-et-les-Grenadines dans les ann\u00e9es \u00e0 venir.<\/span><\/p>\t\t\t\t\t\t\t\t<\/div>\n\t\t\t\t<\/div>\n\t\t\t\t\t<\/div>\n\t\t<\/div>\n\t\t\t\t\t<\/div>\n\t\t<\/section>\n\t\t\t\t\t<\/div>\n\t\t<\/div>\n\t\t\t\t\t<\/div>\n\t\t<\/section>\n\t\t\t\t<section class=\"elementor-section elementor-top-section elementor-element elementor-element-71c200d elementor-section-boxed elementor-section-height-default elementor-section-height-default\" data-id=\"71c200d\" data-element_type=\"section\">\n\t\t\t\t\t\t<div class=\"elementor-container elementor-column-gap-default\">\n\t\t\t\t\t<div class=\"elementor-column elementor-col-100 elementor-top-column elementor-element elementor-element-3eb61ce\" data-id=\"3eb61ce\" data-element_type=\"column\">\n\t\t\t<div class=\"elementor-widget-wrap elementor-element-populated\">\n\t\t\t\t\t\t<div class=\"elementor-element elementor-element-70599f0 elementor-widget elementor-widget-heading\" data-id=\"70599f0\" data-element_type=\"widget\" data-widget_type=\"heading.default\">\n\t\t\t\t<div class=\"elementor-widget-container\">\n\t\t\t\t\t<h2 class=\"elementor-heading-title elementor-size-default\">FAQ<\/h2>\t\t\t\t<\/div>\n\t\t\t\t<\/div>\n\t\t\t\t<div class=\"elementor-element elementor-element-67c4753 elementor-widget elementor-widget-accordion\" data-id=\"67c4753\" data-element_type=\"widget\" data-widget_type=\"accordion.default\">\n\t\t\t\t<div class=\"elementor-widget-container\">\n\t\t\t\t\t\t\t<div class=\"elementor-accordion\">\n\t\t\t\t\t\t\t<div class=\"elementor-accordion-item\">\n\t\t\t\t\t<div id=\"elementor-tab-title-1081\" class=\"elementor-tab-title\" data-tab=\"1\" role=\"button\" aria-controls=\"elementor-tab-content-1081\" aria-expanded=\"false\">\n\t\t\t\t\t\t\t\t\t\t\t\t\t<span class=\"elementor-accordion-icon elementor-accordion-icon-left\" aria-hidden=\"true\">\n\t\t\t\t\t\t\t\t\t\t\t\t\t\t\t<span class=\"elementor-accordion-icon-closed\"><i class=\"fas fa-plus\"><\/i><\/span>\n\t\t\t\t\t\t\t\t<span class=\"elementor-accordion-icon-opened\"><i class=\"fas fa-minus\"><\/i><\/span>\n\t\t\t\t\t\t\t\t\t\t\t\t\t\t<\/span>\n\t\t\t\t\t\t\t\t\t\t\t\t<a class=\"elementor-accordion-title\" tabindex=\"0\">Qui est Godwin Friday ?<\/a>\n\t\t\t\t\t<\/div>\n\t\t\t\t\t<div id=\"elementor-tab-content-1081\" class=\"elementor-tab-content elementor-clearfix\" data-tab=\"1\" role=\"region\" aria-labelledby=\"elementor-tab-title-1081\"><p><span style=\"font-weight: 400;\">Godwin Friday est un avocat et homme politique vincentien, d\u00e9put\u00e9 depuis 2001 et leader du <\/span><i><span style=\"font-weight: 400;\">New Democratic Party<\/span><\/i><span style=\"font-weight: 400;\"> depuis 2016. Il est devenu Premier ministre apr\u00e8s la victoire \u00e9crasante du NDP aux \u00e9lections l\u00e9gislatives.<\/span><\/p><\/div>\n\t\t\t\t<\/div>\n\t\t\t\t\t\t\t<div class=\"elementor-accordion-item\">\n\t\t\t\t\t<div id=\"elementor-tab-title-1082\" class=\"elementor-tab-title\" data-tab=\"2\" role=\"button\" aria-controls=\"elementor-tab-content-1082\" aria-expanded=\"false\">\n\t\t\t\t\t\t\t\t\t\t\t\t\t<span class=\"elementor-accordion-icon elementor-accordion-icon-left\" aria-hidden=\"true\">\n\t\t\t\t\t\t\t\t\t\t\t\t\t\t\t<span class=\"elementor-accordion-icon-closed\"><i class=\"fas fa-plus\"><\/i><\/span>\n\t\t\t\t\t\t\t\t<span class=\"elementor-accordion-icon-opened\"><i class=\"fas fa-minus\"><\/i><\/span>\n\t\t\t\t\t\t\t\t\t\t\t\t\t\t<\/span>\n\t\t\t\t\t\t\t\t\t\t\t\t<a class=\"elementor-accordion-title\" tabindex=\"0\">Pourquoi l\u2019\u00e9lection \u00e0 Saint-Vincent-et-les-Grenadines est-elle historique ?<\/a>\n\t\t\t\t\t<\/div>\n\t\t\t\t\t<div id=\"elementor-tab-content-1082\" class=\"elementor-tab-content elementor-clearfix\" data-tab=\"2\" role=\"region\" aria-labelledby=\"elementor-tab-title-1082\"><p><span style=\"font-weight: 400;\">Parce que le <\/span><span style=\"font-weight: 400;\">New Democratic Party<\/span><span style=\"font-weight: 400;\"> a remport\u00e9 14 des 15 si\u00e8ges du Parlement, mettant fin \u00e0 23 ans de gouvernance du <\/span><span style=\"font-weight: 400;\">Unity Labour Party<\/span><span style=\"font-weight: 400;\">. Une transition de cette ampleur est rare dans la vie politique du pays.<\/span><\/p><\/div>\n\t\t\t\t<\/div>\n\t\t\t\t\t\t\t<div class=\"elementor-accordion-item\">\n\t\t\t\t\t<div id=\"elementor-tab-title-1083\" class=\"elementor-tab-title\" data-tab=\"3\" role=\"button\" aria-controls=\"elementor-tab-content-1083\" aria-expanded=\"false\">\n\t\t\t\t\t\t\t\t\t\t\t\t\t<span class=\"elementor-accordion-icon elementor-accordion-icon-left\" aria-hidden=\"true\">\n\t\t\t\t\t\t\t\t\t\t\t\t\t\t\t<span class=\"elementor-accordion-icon-closed\"><i class=\"fas fa-plus\"><\/i><\/span>\n\t\t\t\t\t\t\t\t<span class=\"elementor-accordion-icon-opened\"><i class=\"fas fa-minus\"><\/i><\/span>\n\t\t\t\t\t\t\t\t\t\t\t\t\t\t<\/span>\n\t\t\t\t\t\t\t\t\t\t\t\t<a class=\"elementor-accordion-title\" tabindex=\"0\">Quels d\u00e9fis attendent le nouveau gouvernement ?<\/a>\n\t\t\t\t\t<\/div>\n\t\t\t\t\t<div id=\"elementor-tab-content-1083\" class=\"elementor-tab-content elementor-clearfix\" data-tab=\"3\" role=\"region\" aria-labelledby=\"elementor-tab-title-1083\"><p data-start=\"703\" data-end=\"1014\"><span style=\"font-weight: 400;\">Parmi les priorit\u00e9s : cr\u00e9er plus d\u2019emplois, lutter contre la criminalit\u00e9, renforcer les infrastructures, am\u00e9liorer l\u2019acc\u00e8s aux soins et envisager un programme de citizenship by investment.<\/span><\/p><\/div>\n\t\t\t\t<\/div>\n\t\t\t\t\t\t\t\t<\/div>\n\t\t\t\t\t\t<\/div>\n\t\t\t\t<\/div>\n\t\t\t\t\t<\/div>\n\t\t<\/div>\n\t\t\t\t\t<\/div>\n\t\t<\/section>\n\t\t\t\t<\/div>\n\t\t","protected":false},"excerpt":{"rendered":"<p>Pendant plus de deux d\u00e9cennies, la vie politique de Saint-Vincent-et-les-Grenadines avan\u00e7ait au rythme d\u2019un m\u00eame visage, d\u2019un m\u00eame parti, d\u2019une m\u00eame ligne de conduite. Le r\u00e9cent scrutin a boulevers\u00e9 cet \u00e9quilibre en un seul vote. Avec un r\u00e9sultat sans pr\u00e9c\u00e9dent \u2014 14 si\u00e8ges sur 15, le New Democratic Party (NDP) prend le pouvoir et place [&hellip;]<\/p>\n","protected":false},"author":662,"featured_media":66102,"comment_status":"open","ping_status":"open","sticky":false,"template":"","format":"standard","meta":{"_acf_changed":false,"footnotes":""},"categories":[840],"tags":[1825],"class_list":["post-66101","post","type-post","status-publish","format-standard","has-post-thumbnail","hentry","category-actus","tag-saint-vincent-and-the-grenadines-fr"],"acf":[],"_links":{"self":[{"href":"https:\/\/richeskarayib.com\/fr\/wp-json\/wp\/v2\/posts\/66101","targetHints":{"allow":["GET"]}}],"collection":[{"href":"https:\/\/richeskarayib.com\/fr\/wp-json\/wp\/v2\/posts"}],"about":[{"href":"https:\/\/richeskarayib.com\/fr\/wp-json\/wp\/v2\/types\/post"}],"author":[{"embeddable":true,"href":"https:\/\/richeskarayib.com\/fr\/wp-json\/wp\/v2\/users\/662"}],"replies":[{"embeddable":true,"href":"https:\/\/richeskarayib.com\/fr\/wp-json\/wp\/v2\/comments?post=66101"}],"version-history":[{"count":0,"href":"https:\/\/richeskarayib.com\/fr\/wp-json\/wp\/v2\/posts\/66101\/revisions"}],"wp:featuredmedia":[{"embeddable":true,"href":"https:\/\/richeskarayib.com\/fr\/wp-json\/wp\/v2\/media\/66102"}],"wp:attachment":[{"href":"https:\/\/richeskarayib.com\/fr\/wp-json\/wp\/v2\/media?parent=66101"}],"wp:term":[{"taxonomy":"category","embeddable":true,"href":"https:\/\/richeskarayib.com\/fr\/wp-json\/wp\/v2\/categories?post=66101"},{"taxonomy":"post_tag","embeddable":true,"href":"https:\/\/richeskarayib.com\/fr\/wp-json\/wp\/v2\/tags?post=66101"}],"curies":[{"name":"wp","href":"https:\/\/api.w.org\/{rel}","templated":true}]}}