{"id":66179,"date":"2025-12-06T06:54:56","date_gmt":"2025-12-06T10:54:56","guid":{"rendered":"https:\/\/richeskarayib.com\/?p=66179"},"modified":"2025-12-08T01:15:52","modified_gmt":"2025-12-08T05:15:52","slug":"agritourisme-en-martinique-filiere-2030","status":"publish","type":"post","link":"https:\/\/richeskarayib.com\/fr\/agritourisme-en-martinique-filiere-2030\/","title":{"rendered":"Agritourisme en Martinique : vers une fili\u00e8re structur\u00e9e pour 2030"},"content":{"rendered":"\t\t<div data-elementor-type=\"wp-post\" data-elementor-id=\"66179\" class=\"elementor elementor-66179\" data-elementor-post-type=\"post\">\n\t\t\t\t\t\t<section class=\"elementor-section elementor-top-section elementor-element elementor-element-7ca7ca1 elementor-section-boxed elementor-section-height-default elementor-section-height-default\" data-id=\"7ca7ca1\" data-element_type=\"section\">\n\t\t\t\t\t\t<div class=\"elementor-container elementor-column-gap-default\">\n\t\t\t\t\t<div class=\"elementor-column elementor-col-100 elementor-top-column elementor-element elementor-element-cbdd002\" data-id=\"cbdd002\" data-element_type=\"column\">\n\t\t\t<div class=\"elementor-widget-wrap elementor-element-populated\">\n\t\t\t\t\t\t<section class=\"elementor-section elementor-inner-section elementor-element elementor-element-bc94849 elementor-section-boxed elementor-section-height-default elementor-section-height-default\" data-id=\"bc94849\" data-element_type=\"section\">\n\t\t\t\t\t\t<div class=\"elementor-container elementor-column-gap-default\">\n\t\t\t\t\t\t<\/div>\n\t\t<\/section>\n\t\t\t\t<section class=\"elementor-section elementor-inner-section elementor-element elementor-element-61571e6 elementor-section-boxed elementor-section-height-default elementor-section-height-default\" data-id=\"61571e6\" data-element_type=\"section\">\n\t\t\t\t\t\t<div class=\"elementor-container elementor-column-gap-default\">\n\t\t\t\t\t\t<\/div>\n\t\t<\/section>\n\t\t\t\t<section class=\"elementor-section elementor-inner-section elementor-element elementor-element-b6262e0 elementor-section-boxed elementor-section-height-default elementor-section-height-default\" data-id=\"b6262e0\" data-element_type=\"section\">\n\t\t\t\t\t\t<div class=\"elementor-container elementor-column-gap-default\">\n\t\t\t\t\t\t<\/div>\n\t\t<\/section>\n\t\t\t\t<section class=\"elementor-section elementor-inner-section elementor-element elementor-element-cca29fd elementor-section-boxed elementor-section-height-default elementor-section-height-default\" data-id=\"cca29fd\" data-element_type=\"section\">\n\t\t\t\t\t\t<div class=\"elementor-container elementor-column-gap-default\">\n\t\t\t\t\t\t<\/div>\n\t\t<\/section>\n\t\t\t\t\t<\/div>\n\t\t<\/div>\n\t\t\t\t\t<\/div>\n\t\t<\/section>\n\t\t\t\t<section class=\"elementor-section elementor-top-section elementor-element elementor-element-ee72354 elementor-section-boxed elementor-section-height-default elementor-section-height-default\" data-id=\"ee72354\" data-element_type=\"section\">\n\t\t\t\t\t\t<div class=\"elementor-container elementor-column-gap-default\">\n\t\t\t\t\t<div class=\"elementor-column elementor-col-100 elementor-top-column elementor-element elementor-element-c59d6fe\" data-id=\"c59d6fe\" data-element_type=\"column\">\n\t\t\t<div class=\"elementor-widget-wrap elementor-element-populated\">\n\t\t\t\t\t\t<div class=\"elementor-element elementor-element-e57451f elementor-widget elementor-widget-text-editor\" data-id=\"e57451f\" data-element_type=\"widget\" data-widget_type=\"text-editor.default\">\n\t\t\t\t<div class=\"elementor-widget-container\">\n\t\t\t\t\t\t\t\t\t<p><span style=\"font-weight: 400;\">Le 2 d\u00e9cembre 2025, \u00e0 l\u2019auditorium du Cr\u00e9dit Agricole, \u00e0 Place d\u2019Armes au Lamentin, le <a href=\"https:\/\/www.martinique.org\/fr\/liens-utiles\/comite-martiniquais-du-tourisme\" target=\"_blank\" rel=\"noopener nofollow\">Comit\u00e9 Martiniquais du Tourisme<\/a> (CMT) et la <a href=\"https:\/\/martinique.chambres-agriculture.fr\/\" target=\"_blank\" rel=\"noopener nofollow\">Chambre d\u2019Agriculture de Martinique<\/a> ont r\u00e9uni agriculteurs, agricultrices et porteurs de projets autour d\u2019un m\u00eame objectif : <strong>faire de l\u2019Agritourisme en Martinique une fili\u00e8re structur\u00e9e et reconnue.<\/strong><\/span><\/p><p><span style=\"font-weight: 400;\">Ce rendez-vous, organis\u00e9 avec l\u2019appui de l\u2019<strong>association Voyaj an T\u00e8 Matinik<\/strong>, a altern\u00e9 pr\u00e9sentation des enjeux, temps d\u2019\u00e9changes et ateliers th\u00e9matiques. C\u2019est dans ce cadre qu\u2019ont \u00e9t\u00e9 recueillis les t\u00e9moignages de <strong>Bruno Brival<\/strong>, directeur g\u00e9n\u00e9ral du CMT, et de <strong>Ma\u00eflys Limery<\/strong>, conseill\u00e8re en foncier et diversification des activit\u00e9s \u00e0 la Chambre d\u2019Agriculture. Leurs prises de parole compl\u00e8tent les retours des ateliers sur l\u2019Agritourisme en Martinique.<\/span><\/p>\t\t\t\t\t\t\t\t<\/div>\n\t\t\t\t<\/div>\n\t\t\t\t<section class=\"elementor-section elementor-inner-section elementor-element elementor-element-98f7771 elementor-section-boxed elementor-section-height-default elementor-section-height-default\" data-id=\"98f7771\" data-element_type=\"section\">\n\t\t\t\t\t\t<div class=\"elementor-container elementor-column-gap-default\">\n\t\t\t\t\t<div class=\"elementor-column elementor-col-50 elementor-inner-column elementor-element elementor-element-5dc3dfd\" data-id=\"5dc3dfd\" data-element_type=\"column\">\n\t\t\t<div class=\"elementor-widget-wrap elementor-element-populated\">\n\t\t\t\t\t\t<div class=\"elementor-element elementor-element-532294a elementor-widget elementor-widget-image\" data-id=\"532294a\" data-element_type=\"widget\" data-widget_type=\"image.default\">\n\t\t\t\t<div class=\"elementor-widget-container\">\n\t\t\t\t\t\t\t\t\t\t\t\t\t\t\t<img fetchpriority=\"high\" decoding=\"async\" width=\"800\" height=\"370\" src=\"https:\/\/richeskarayib.com\/wp-content\/uploads\/2025\/12\/20251202_144209-1024x473.jpg\" class=\"attachment-large size-large wp-image-66220\" alt=\"Agritourisme en Martinique\" srcset=\"https:\/\/richeskarayib.com\/wp-content\/uploads\/2025\/12\/20251202_144209-1024x473.jpg 1024w, https:\/\/richeskarayib.com\/wp-content\/uploads\/2025\/12\/20251202_144209-300x139.jpg 300w, https:\/\/richeskarayib.com\/wp-content\/uploads\/2025\/12\/20251202_144209-768x355.jpg 768w, https:\/\/richeskarayib.com\/wp-content\/uploads\/2025\/12\/20251202_144209-1536x710.jpg 1536w, https:\/\/richeskarayib.com\/wp-content\/uploads\/2025\/12\/20251202_144209-1320x610.jpg 1320w, https:\/\/richeskarayib.com\/wp-content\/uploads\/2025\/12\/20251202_144209.jpg 1920w\" sizes=\"(max-width: 800px) 100vw, 800px\" \/>\t\t\t\t\t\t\t\t\t\t\t\t\t\t\t<\/div>\n\t\t\t\t<\/div>\n\t\t\t\t\t<\/div>\n\t\t<\/div>\n\t\t\t\t<div class=\"elementor-column elementor-col-50 elementor-inner-column elementor-element elementor-element-e74f463\" data-id=\"e74f463\" data-element_type=\"column\">\n\t\t\t<div class=\"elementor-widget-wrap elementor-element-populated\">\n\t\t\t\t\t\t<div class=\"elementor-element elementor-element-3a4fd94 elementor-widget elementor-widget-image\" data-id=\"3a4fd94\" data-element_type=\"widget\" data-widget_type=\"image.default\">\n\t\t\t\t<div class=\"elementor-widget-container\">\n\t\t\t\t\t\t\t\t\t\t\t\t\t\t\t<img decoding=\"async\" width=\"800\" height=\"370\" src=\"https:\/\/richeskarayib.com\/wp-content\/uploads\/2025\/12\/20251202_144219-1024x473.jpg\" class=\"attachment-large size-large wp-image-66224\" alt=\"Agritourisme en Martinique\" srcset=\"https:\/\/richeskarayib.com\/wp-content\/uploads\/2025\/12\/20251202_144219-1024x473.jpg 1024w, https:\/\/richeskarayib.com\/wp-content\/uploads\/2025\/12\/20251202_144219-300x139.jpg 300w, https:\/\/richeskarayib.com\/wp-content\/uploads\/2025\/12\/20251202_144219-768x355.jpg 768w, https:\/\/richeskarayib.com\/wp-content\/uploads\/2025\/12\/20251202_144219-1536x710.jpg 1536w, https:\/\/richeskarayib.com\/wp-content\/uploads\/2025\/12\/20251202_144219-1320x610.jpg 1320w, https:\/\/richeskarayib.com\/wp-content\/uploads\/2025\/12\/20251202_144219.jpg 1920w\" sizes=\"(max-width: 800px) 100vw, 800px\" \/>\t\t\t\t\t\t\t\t\t\t\t\t\t\t\t<\/div>\n\t\t\t\t<\/div>\n\t\t\t\t\t<\/div>\n\t\t<\/div>\n\t\t\t\t\t<\/div>\n\t\t<\/section>\n\t\t\t\t\t<\/div>\n\t\t<\/div>\n\t\t\t\t\t<\/div>\n\t\t<\/section>\n\t\t\t\t<section class=\"elementor-section elementor-top-section elementor-element elementor-element-ceca32c elementor-section-boxed elementor-section-height-default elementor-section-height-default\" data-id=\"ceca32c\" data-element_type=\"section\">\n\t\t\t\t\t\t<div class=\"elementor-container elementor-column-gap-default\">\n\t\t\t\t\t<div class=\"elementor-column elementor-col-100 elementor-top-column elementor-element elementor-element-5a2e383\" data-id=\"5a2e383\" data-element_type=\"column\">\n\t\t\t<div class=\"elementor-widget-wrap elementor-element-populated\">\n\t\t\t\t\t\t<div class=\"elementor-element elementor-element-6cedf5f elementor-widget elementor-widget-heading\" data-id=\"6cedf5f\" data-element_type=\"widget\" data-widget_type=\"heading.default\">\n\t\t\t\t<div class=\"elementor-widget-container\">\n\t\t\t\t\t<h2 class=\"elementor-heading-title elementor-size-default\">Un potentiel agricole qui peut changer le regard sur la destination<\/h2>\t\t\t\t<\/div>\n\t\t\t\t<\/div>\n\t\t\t\t<section class=\"elementor-section elementor-inner-section elementor-element elementor-element-203f6c6 elementor-section-boxed elementor-section-height-default elementor-section-height-default\" data-id=\"203f6c6\" data-element_type=\"section\">\n\t\t\t\t\t\t<div class=\"elementor-container elementor-column-gap-default\">\n\t\t\t\t\t<div class=\"elementor-column elementor-col-100 elementor-inner-column elementor-element elementor-element-8704ad2\" data-id=\"8704ad2\" data-element_type=\"column\">\n\t\t\t<div class=\"elementor-widget-wrap elementor-element-populated\">\n\t\t\t\t\t\t<div class=\"elementor-element elementor-element-e8b6308 elementor-widget elementor-widget-text-editor\" data-id=\"e8b6308\" data-element_type=\"widget\" data-widget_type=\"text-editor.default\">\n\t\t\t\t<div class=\"elementor-widget-container\">\n\t\t\t\t\t\t\t\t\t<p><span style=\"font-weight: 400;\">L\u2019Agritourisme en <a href=\"https:\/\/richeskarayib.com\/fr\/transat-cafe-lor-arrivee-martinique-horizon\/\" target=\"_blank\" rel=\"noopener\">Martinique<\/a> s\u2019appuie sur une r\u00e9alit\u00e9 tangible : la richesse agricole et paysag\u00e8re de l\u2019\u00eele. Diversit\u00e9 des cultures, pr\u00e9sence de la canne et des productions vivri\u00e8res, jardins cr\u00e9oles, savoir-faire de transformation, reliefs et zones rurales encore pr\u00e9serv\u00e9es. L\u2019agriculture porte une histoire, des recettes et des gestes qui int\u00e9ressent de plus en plus de visiteurs en qu\u00eate de rencontres et de sens.<\/span><\/p>\t\t\t\t\t\t\t\t<\/div>\n\t\t\t\t<\/div>\n\t\t\t\t\t<\/div>\n\t\t<\/div>\n\t\t\t\t\t<\/div>\n\t\t<\/section>\n\t\t\t\t<section class=\"elementor-section elementor-inner-section elementor-element elementor-element-f760c64 elementor-section-boxed elementor-section-height-default elementor-section-height-default\" data-id=\"f760c64\" data-element_type=\"section\">\n\t\t\t\t\t\t<div class=\"elementor-container elementor-column-gap-default\">\n\t\t\t\t\t<div class=\"elementor-column elementor-col-50 elementor-inner-column elementor-element elementor-element-ce8692a\" data-id=\"ce8692a\" data-element_type=\"column\">\n\t\t\t<div class=\"elementor-widget-wrap elementor-element-populated\">\n\t\t\t\t\t\t<div class=\"elementor-element elementor-element-e93d1fb elementor-widget elementor-widget-text-editor\" data-id=\"e93d1fb\" data-element_type=\"widget\" data-widget_type=\"text-editor.default\">\n\t\t\t\t<div class=\"elementor-widget-container\">\n\t\t\t\t\t\t\t\t\t<p><span style=\"font-weight: 400;\">Pour <strong>Bruno Brival,<\/strong> ce potentiel peut r\u00e9pondre \u00e0 une demande croissante d\u2019authenticit\u00e9. Il s\u2019agit de montrer que la Martinique ne se limite pas au baln\u00e9aire et au nautisme. L\u2019Agritourisme en Martinique ouvre d\u2019autres portes : d\u00e9couverte de la biodiversit\u00e9, immersion dans les exploitations, exp\u00e9riences culinaires, h\u00e9bergements en milieu rural, visites p\u00e9dagogiques.<\/span><\/p>\t\t\t\t\t\t\t\t<\/div>\n\t\t\t\t<\/div>\n\t\t\t\t\t<\/div>\n\t\t<\/div>\n\t\t\t\t<div class=\"elementor-column elementor-col-50 elementor-inner-column elementor-element elementor-element-add85ba\" data-id=\"add85ba\" data-element_type=\"column\">\n\t\t\t<div class=\"elementor-widget-wrap elementor-element-populated\">\n\t\t\t\t\t\t<div class=\"elementor-element elementor-element-87b298a elementor-widget elementor-widget-image\" data-id=\"87b298a\" data-element_type=\"widget\" data-widget_type=\"image.default\">\n\t\t\t\t<div class=\"elementor-widget-container\">\n\t\t\t\t\t\t\t\t\t\t\t\t\t\t\t<img decoding=\"async\" width=\"800\" height=\"370\" src=\"https:\/\/richeskarayib.com\/wp-content\/uploads\/2025\/12\/20251202_145426-1024x473.jpg\" class=\"attachment-large size-large wp-image-66228\" alt=\"Agritourisme en Martinique\" srcset=\"https:\/\/richeskarayib.com\/wp-content\/uploads\/2025\/12\/20251202_145426-1024x473.jpg 1024w, https:\/\/richeskarayib.com\/wp-content\/uploads\/2025\/12\/20251202_145426-300x139.jpg 300w, https:\/\/richeskarayib.com\/wp-content\/uploads\/2025\/12\/20251202_145426-768x355.jpg 768w, https:\/\/richeskarayib.com\/wp-content\/uploads\/2025\/12\/20251202_145426-1536x710.jpg 1536w, https:\/\/richeskarayib.com\/wp-content\/uploads\/2025\/12\/20251202_145426-1320x610.jpg 1320w, https:\/\/richeskarayib.com\/wp-content\/uploads\/2025\/12\/20251202_145426.jpg 1920w\" sizes=\"(max-width: 800px) 100vw, 800px\" \/>\t\t\t\t\t\t\t\t\t\t\t\t\t\t\t<\/div>\n\t\t\t\t<\/div>\n\t\t\t\t\t<\/div>\n\t\t<\/div>\n\t\t\t\t\t<\/div>\n\t\t<\/section>\n\t\t\t\t<section class=\"elementor-section elementor-inner-section elementor-element elementor-element-266a157 elementor-section-boxed elementor-section-height-default elementor-section-height-default\" data-id=\"266a157\" data-element_type=\"section\">\n\t\t\t\t\t\t<div class=\"elementor-container elementor-column-gap-default\">\n\t\t\t\t\t<div class=\"elementor-column elementor-col-50 elementor-inner-column elementor-element elementor-element-47d9b72\" data-id=\"47d9b72\" data-element_type=\"column\">\n\t\t\t<div class=\"elementor-widget-wrap elementor-element-populated\">\n\t\t\t\t\t\t<div class=\"elementor-element elementor-element-145173f elementor-widget elementor-widget-text-editor\" data-id=\"145173f\" data-element_type=\"widget\" data-widget_type=\"text-editor.default\">\n\t\t\t\t<div class=\"elementor-widget-container\">\n\t\t\t\t\t\t\t\t\t<p>Pour <strong>Ma\u00eflys Limery<\/strong>,\u00a0l\u2019un des points forts de l\u2019Agritourisme en Martinique tient \u00e0 la diversit\u00e9 des offres d\u00e9j\u00e0 pr\u00e9sentes sur le terrain. Elle rappelle que l\u2019on trouve aussi bien de l\u2019h\u00e9bergement \u00e0 la ferme que de l\u2019accueil du public, des visites p\u00e9dagogiques, des fermes p\u00e9dagogiques, de l\u2019\u00e9v\u00e9nementiel, de la location de salles, de la vente directe, des circuits courts ou encore de la transformation et de la vente sur l\u2019exploitation. M\u00eame lorsque deux structures proposent de l\u2019h\u00e9bergement, l\u2019exp\u00e9rience n\u2019est jamais exactement la m\u00eame. Pour elle, cette richesse \u00e9clectique est un atout, \u00e0 condition d\u2019\u00eatre mieux accompagn\u00e9e et structur\u00e9e pour permettre aux agriculteurs de faire \u00e9voluer leurs projets.<\/p>\t\t\t\t\t\t\t\t<\/div>\n\t\t\t\t<\/div>\n\t\t\t\t\t<\/div>\n\t\t<\/div>\n\t\t\t\t<div class=\"elementor-column elementor-col-50 elementor-inner-column elementor-element elementor-element-10110d9\" data-id=\"10110d9\" data-element_type=\"column\">\n\t\t\t<div class=\"elementor-widget-wrap elementor-element-populated\">\n\t\t\t\t\t\t<div class=\"elementor-element elementor-element-5c135b6 elementor-widget elementor-widget-image\" data-id=\"5c135b6\" data-element_type=\"widget\" data-widget_type=\"image.default\">\n\t\t\t\t<div class=\"elementor-widget-container\">\n\t\t\t\t\t\t\t\t\t\t\t\t\t\t\t<img loading=\"lazy\" decoding=\"async\" width=\"800\" height=\"370\" src=\"https:\/\/richeskarayib.com\/wp-content\/uploads\/2025\/12\/20251202_150236-1024x473.jpg\" class=\"attachment-large size-large wp-image-66232\" alt=\"Agritourisme en Martinique\" srcset=\"https:\/\/richeskarayib.com\/wp-content\/uploads\/2025\/12\/20251202_150236-1024x473.jpg 1024w, https:\/\/richeskarayib.com\/wp-content\/uploads\/2025\/12\/20251202_150236-300x139.jpg 300w, https:\/\/richeskarayib.com\/wp-content\/uploads\/2025\/12\/20251202_150236-768x355.jpg 768w, https:\/\/richeskarayib.com\/wp-content\/uploads\/2025\/12\/20251202_150236-1536x710.jpg 1536w, https:\/\/richeskarayib.com\/wp-content\/uploads\/2025\/12\/20251202_150236-1320x610.jpg 1320w, https:\/\/richeskarayib.com\/wp-content\/uploads\/2025\/12\/20251202_150236.jpg 1920w\" sizes=\"(max-width: 800px) 100vw, 800px\" \/>\t\t\t\t\t\t\t\t\t\t\t\t\t\t\t<\/div>\n\t\t\t\t<\/div>\n\t\t\t\t\t<\/div>\n\t\t<\/div>\n\t\t\t\t\t<\/div>\n\t\t<\/section>\n\t\t\t\t<section class=\"elementor-section elementor-inner-section elementor-element elementor-element-52166d1 elementor-section-boxed elementor-section-height-default elementor-section-height-default\" data-id=\"52166d1\" data-element_type=\"section\">\n\t\t\t\t\t\t<div class=\"elementor-container elementor-column-gap-default\">\n\t\t\t\t\t<div class=\"elementor-column elementor-col-100 elementor-inner-column elementor-element elementor-element-7a3004a\" data-id=\"7a3004a\" data-element_type=\"column\">\n\t\t\t<div class=\"elementor-widget-wrap elementor-element-populated\">\n\t\t\t\t\t\t<div class=\"elementor-element elementor-element-13abe19 elementor-widget elementor-widget-text-editor\" data-id=\"13abe19\" data-element_type=\"widget\" data-widget_type=\"text-editor.default\">\n\t\t\t\t<div class=\"elementor-widget-container\">\n\t\t\t\t\t\t\t\t\t<p><span style=\"font-weight: 400;\">Les travaux men\u00e9s par le CMT et la Chambre d\u2019Agriculture ont d\u00e9j\u00e0 permis d\u2019identifier 78 exploitations pr\u00e9sentant un potentiel agritouristique, dont 12 acteurs particuli\u00e8rement avanc\u00e9s dans leur structuration. L\u2019objectif est d\u2019atteindre, \u00e0 l\u2019horizon 2030, entre 50 et 100 acteurs op\u00e9rationnels, seuil jug\u00e9 n\u00e9cessaire pour donner une lisibilit\u00e9 forte \u00e0 l\u2019offre aupr\u00e8s du march\u00e9 touristique.<\/span><\/p>\t\t\t\t\t\t\t\t<\/div>\n\t\t\t\t<\/div>\n\t\t\t\t\t<\/div>\n\t\t<\/div>\n\t\t\t\t\t<\/div>\n\t\t<\/section>\n\t\t\t\t\t<\/div>\n\t\t<\/div>\n\t\t\t\t\t<\/div>\n\t\t<\/section>\n\t\t\t\t<section class=\"elementor-section elementor-top-section elementor-element elementor-element-9c88a89 elementor-section-boxed elementor-section-height-default elementor-section-height-default\" data-id=\"9c88a89\" data-element_type=\"section\">\n\t\t\t\t\t\t<div class=\"elementor-container elementor-column-gap-default\">\n\t\t\t\t\t<div class=\"elementor-column elementor-col-100 elementor-top-column elementor-element elementor-element-78cf5d1\" data-id=\"78cf5d1\" data-element_type=\"column\">\n\t\t\t<div class=\"elementor-widget-wrap elementor-element-populated\">\n\t\t\t\t\t\t<div class=\"elementor-element elementor-element-ea2a5c1 elementor-widget elementor-widget-heading\" data-id=\"ea2a5c1\" data-element_type=\"widget\" data-widget_type=\"heading.default\">\n\t\t\t\t<div class=\"elementor-widget-container\">\n\t\t\t\t\t<h2 class=\"elementor-heading-title elementor-size-default\">Du cloisonnement \u00e0 l\u2019alliance entre tourisme et agriculture<\/h2>\t\t\t\t<\/div>\n\t\t\t\t<\/div>\n\t\t\t\t<section class=\"elementor-section elementor-inner-section elementor-element elementor-element-70b15e6 elementor-section-boxed elementor-section-height-default elementor-section-height-default\" data-id=\"70b15e6\" data-element_type=\"section\">\n\t\t\t\t\t\t<div class=\"elementor-container elementor-column-gap-default\">\n\t\t\t\t\t<div class=\"elementor-column elementor-col-50 elementor-inner-column elementor-element elementor-element-674183c\" data-id=\"674183c\" data-element_type=\"column\">\n\t\t\t<div class=\"elementor-widget-wrap elementor-element-populated\">\n\t\t\t\t\t\t<div class=\"elementor-element elementor-element-e9b3996 elementor-widget elementor-widget-image\" data-id=\"e9b3996\" data-element_type=\"widget\" data-widget_type=\"image.default\">\n\t\t\t\t<div class=\"elementor-widget-container\">\n\t\t\t\t\t\t\t\t\t\t\t\t\t\t\t<img loading=\"lazy\" decoding=\"async\" width=\"800\" height=\"370\" src=\"https:\/\/richeskarayib.com\/wp-content\/uploads\/2025\/12\/20251202_171656-1024x473.jpg\" class=\"attachment-large size-large wp-image-66260\" alt=\"Agritourisme en Martinique\" srcset=\"https:\/\/richeskarayib.com\/wp-content\/uploads\/2025\/12\/20251202_171656-1024x473.jpg 1024w, https:\/\/richeskarayib.com\/wp-content\/uploads\/2025\/12\/20251202_171656-300x139.jpg 300w, https:\/\/richeskarayib.com\/wp-content\/uploads\/2025\/12\/20251202_171656-768x355.jpg 768w, https:\/\/richeskarayib.com\/wp-content\/uploads\/2025\/12\/20251202_171656-1536x710.jpg 1536w, https:\/\/richeskarayib.com\/wp-content\/uploads\/2025\/12\/20251202_171656-1320x610.jpg 1320w, https:\/\/richeskarayib.com\/wp-content\/uploads\/2025\/12\/20251202_171656.jpg 1920w\" sizes=\"(max-width: 800px) 100vw, 800px\" \/>\t\t\t\t\t\t\t\t\t\t\t\t\t\t\t<\/div>\n\t\t\t\t<\/div>\n\t\t\t\t<div class=\"elementor-element elementor-element-3784057 elementor-widget elementor-widget-image\" data-id=\"3784057\" data-element_type=\"widget\" data-widget_type=\"image.default\">\n\t\t\t\t<div class=\"elementor-widget-container\">\n\t\t\t\t\t\t\t\t\t\t\t\t\t\t\t<img loading=\"lazy\" decoding=\"async\" width=\"800\" height=\"370\" src=\"https:\/\/richeskarayib.com\/wp-content\/uploads\/2025\/12\/cover-3-1024x473.jpg\" class=\"attachment-large size-large wp-image-66264\" alt=\"Agritourisme en Martinique\" srcset=\"https:\/\/richeskarayib.com\/wp-content\/uploads\/2025\/12\/cover-3-1024x473.jpg 1024w, https:\/\/richeskarayib.com\/wp-content\/uploads\/2025\/12\/cover-3-300x139.jpg 300w, https:\/\/richeskarayib.com\/wp-content\/uploads\/2025\/12\/cover-3-768x355.jpg 768w, https:\/\/richeskarayib.com\/wp-content\/uploads\/2025\/12\/cover-3-1536x710.jpg 1536w, https:\/\/richeskarayib.com\/wp-content\/uploads\/2025\/12\/cover-3-1320x610.jpg 1320w, https:\/\/richeskarayib.com\/wp-content\/uploads\/2025\/12\/cover-3.jpg 1920w\" sizes=\"(max-width: 800px) 100vw, 800px\" \/>\t\t\t\t\t\t\t\t\t\t\t\t\t\t\t<\/div>\n\t\t\t\t<\/div>\n\t\t\t\t\t<\/div>\n\t\t<\/div>\n\t\t\t\t<div class=\"elementor-column elementor-col-50 elementor-inner-column elementor-element elementor-element-713078a\" data-id=\"713078a\" data-element_type=\"column\">\n\t\t\t<div class=\"elementor-widget-wrap elementor-element-populated\">\n\t\t\t\t\t\t<div class=\"elementor-element elementor-element-e305eee elementor-widget elementor-widget-text-editor\" data-id=\"e305eee\" data-element_type=\"widget\" data-widget_type=\"text-editor.default\">\n\t\t\t\t<div class=\"elementor-widget-container\">\n\t\t\t\t\t\t\t\t\t<p><span style=\"font-weight: 400;\">L\u2019\u00e9tude r\u00e9alis\u00e9e sur la fili\u00e8re a mis en lumi\u00e8re un cloisonnement r\u00e9el entre agriculture et tourisme. Ma\u00eflys Limery et Bruno Brival le souligne : d\u2019un c\u00f4t\u00e9, des agriculteurs accueillent d\u00e9j\u00e0 du public, organisent des visites, proposent des h\u00e9bergements et vendent en direct ; de l\u2019autre, un \u00e9cosyst\u00e8me touristique structur\u00e9, avec r\u00e9ceptifs, tours op\u00e9rateurs, agences de voyages et campagnes de promotion.<\/span><\/p><p><span style=\"font-weight: 400;\">La d\u00e9marche engag\u00e9e vise justement \u00e0 rapprocher ces deux mondes. Le Comit\u00e9 Martiniquais du Tourisme et la Chambre d\u2019Agriculture ont choisi de co-construire une m\u00e9thode commune pour structurer l\u2019Agritourisme en Martinique. Il s\u2019agit d\u2019accompagner les professionnels vers l\u2019excellence gr\u00e2ce \u00e0 la mont\u00e9e en comp\u00e9tence, de d\u00e9velopper une offre touristique de qualit\u00e9, responsable et profitable \u00e0 tous, en lien avec la Martiniqualit\u00e9, et de s\u00e9curiser la p\u00e9rennit\u00e9 des acteurs.<\/span><\/p>\t\t\t\t\t\t\t\t<\/div>\n\t\t\t\t<\/div>\n\t\t\t\t<div class=\"elementor-element elementor-element-660ac2a elementor-widget elementor-widget-text-editor\" data-id=\"660ac2a\" data-element_type=\"widget\" data-widget_type=\"text-editor.default\">\n\t\t\t\t<div class=\"elementor-widget-container\">\n\t\t\t\t\t\t\t\t\t<p><span style=\"font-weight: 400;\">L\u2019ambition est de faire de l\u2019Agritourisme en Martinique une fili\u00e8re structur\u00e9e, avec un pilotage concert\u00e9, une gouvernance claire et une strat\u00e9gie de d\u00e9veloppement \u00e0 long terme. L\u2019objectif annonc\u00e9 est que la Martinique soit, en 2030, identifi\u00e9e comme une v\u00e9ritable destination agritouristique.<\/span><\/p>\t\t\t\t\t\t\t\t<\/div>\n\t\t\t\t<\/div>\n\t\t\t\t\t<\/div>\n\t\t<\/div>\n\t\t\t\t\t<\/div>\n\t\t<\/section>\n\t\t\t\t\t<\/div>\n\t\t<\/div>\n\t\t\t\t\t<\/div>\n\t\t<\/section>\n\t\t\t\t<section class=\"elementor-section elementor-top-section elementor-element elementor-element-103aced elementor-section-boxed elementor-section-height-default elementor-section-height-default\" data-id=\"103aced\" data-element_type=\"section\">\n\t\t\t\t\t\t<div class=\"elementor-container elementor-column-gap-default\">\n\t\t\t\t\t<div class=\"elementor-column elementor-col-100 elementor-top-column elementor-element elementor-element-e34f9f4\" data-id=\"e34f9f4\" data-element_type=\"column\">\n\t\t\t<div class=\"elementor-widget-wrap elementor-element-populated\">\n\t\t\t\t\t\t<div class=\"elementor-element elementor-element-c643e86 elementor-widget elementor-widget-heading\" data-id=\"c643e86\" data-element_type=\"widget\" data-widget_type=\"heading.default\">\n\t\t\t\t<div class=\"elementor-widget-container\">\n\t\t\t\t\t<h2 class=\"elementor-heading-title elementor-size-default\">Des ateliers pour faire remonter les r\u00e9alit\u00e9s du terrain<\/h2>\t\t\t\t<\/div>\n\t\t\t\t<\/div>\n\t\t\t\t<section class=\"elementor-section elementor-inner-section elementor-element elementor-element-bae2b51 elementor-section-boxed elementor-section-height-default elementor-section-height-default\" data-id=\"bae2b51\" data-element_type=\"section\">\n\t\t\t\t\t\t<div class=\"elementor-container elementor-column-gap-default\">\n\t\t\t\t\t<div class=\"elementor-column elementor-col-100 elementor-inner-column elementor-element elementor-element-851a9fc\" data-id=\"851a9fc\" data-element_type=\"column\">\n\t\t\t<div class=\"elementor-widget-wrap elementor-element-populated\">\n\t\t\t\t\t\t<div class=\"elementor-element elementor-element-43879e8 elementor-widget elementor-widget-text-editor\" data-id=\"43879e8\" data-element_type=\"widget\" data-widget_type=\"text-editor.default\">\n\t\t\t\t<div class=\"elementor-widget-container\">\n\t\t\t\t\t\t\t\t\t<p><span style=\"font-weight: 400;\">L\u2019\u00e9v\u00e8nement du 2 d\u00e9cembre a permis de rassembler, au m\u00eame endroit, celles et ceux qui vivent d\u00e9j\u00e0 l\u2019agritourisme au quotidien ou souhaitent s\u2019y engager. La premi\u00e8re partie de la rencontre a rappel\u00e9 les fondamentaux : l\u2019agritourisme est une activit\u00e9 compl\u00e9mentaire \u00e0 l\u2019activit\u00e9 agricole, avec un lien direct \u00e0 la ferme. La relation humaine, l\u2019accueil et le partage sont au c\u0153ur du projet, tout comme le respect des r\u00e8gles en mati\u00e8re d\u2019h\u00e9bergement, de restauration et d\u2019accueil du public.<\/span><\/p>\t\t\t\t\t\t\t\t<\/div>\n\t\t\t\t<\/div>\n\t\t\t\t\t<\/div>\n\t\t<\/div>\n\t\t\t\t\t<\/div>\n\t\t<\/section>\n\t\t\t\t<section class=\"elementor-section elementor-inner-section elementor-element elementor-element-425f204 elementor-section-boxed elementor-section-height-default elementor-section-height-default\" data-id=\"425f204\" data-element_type=\"section\">\n\t\t\t\t\t\t<div class=\"elementor-container elementor-column-gap-default\">\n\t\t\t\t\t<div class=\"elementor-column elementor-col-100 elementor-inner-column elementor-element elementor-element-cde9750\" data-id=\"cde9750\" data-element_type=\"column\">\n\t\t\t<div class=\"elementor-widget-wrap elementor-element-populated\">\n\t\t\t\t\t\t<div class=\"elementor-element elementor-element-34bc2e2 elementor-widget elementor-widget-text-editor\" data-id=\"34bc2e2\" data-element_type=\"widget\" data-widget_type=\"text-editor.default\">\n\t\t\t\t<div class=\"elementor-widget-container\">\n\t\t\t\t\t\t\t\t\t<p><span style=\"font-weight: 400;\">La seconde partie s\u2019est organis\u00e9e autour de cinq ateliers, chacun couvrant un enjeu cl\u00e9.<\/span><\/p>\t\t\t\t\t\t\t\t<\/div>\n\t\t\t\t<\/div>\n\t\t\t\t\t<\/div>\n\t\t<\/div>\n\t\t\t\t\t<\/div>\n\t\t<\/section>\n\t\t\t\t<section class=\"elementor-section elementor-inner-section elementor-element elementor-element-dcc6b9a elementor-section-boxed elementor-section-height-default elementor-section-height-default\" data-id=\"dcc6b9a\" data-element_type=\"section\">\n\t\t\t\t\t\t<div class=\"elementor-container elementor-column-gap-default\">\n\t\t\t\t\t<div class=\"elementor-column elementor-col-100 elementor-inner-column elementor-element elementor-element-8e09efc\" data-id=\"8e09efc\" data-element_type=\"column\">\n\t\t\t<div class=\"elementor-widget-wrap elementor-element-populated\">\n\t\t\t\t\t\t<div class=\"elementor-element elementor-element-b49c556 elementor-widget elementor-widget-text-editor\" data-id=\"b49c556\" data-element_type=\"widget\" data-widget_type=\"text-editor.default\">\n\t\t\t\t<div class=\"elementor-widget-container\">\n\t\t\t\t\t\t\t\t\t<p><span style=\"font-weight: 400;\">Un atelier \u00e9tait consacr\u00e9 \u00e0 <strong>\u00ab Penser et d\u00e9velopper l\u2019activit\u00e9 ou le projet agritouristique \u00bb<\/strong>. Il a mis en \u00e9vidence le besoin d\u2019\u00eatre accompagn\u00e9 d\u00e8s l\u2019\u00e9mergence de l\u2019id\u00e9e : clarifier son projet, comprendre la r\u00e9glementation, analyser la demande, s\u00e9curiser les financements.<\/span><\/p>\t\t\t\t\t\t\t\t<\/div>\n\t\t\t\t<\/div>\n\t\t\t\t\t<\/div>\n\t\t<\/div>\n\t\t\t\t\t<\/div>\n\t\t<\/section>\n\t\t\t\t<section class=\"elementor-section elementor-inner-section elementor-element elementor-element-1506d8e elementor-section-boxed elementor-section-height-default elementor-section-height-default\" data-id=\"1506d8e\" data-element_type=\"section\">\n\t\t\t\t\t\t<div class=\"elementor-container elementor-column-gap-default\">\n\t\t\t\t\t<div class=\"elementor-column elementor-col-50 elementor-inner-column elementor-element elementor-element-63d42b1\" data-id=\"63d42b1\" data-element_type=\"column\">\n\t\t\t<div class=\"elementor-widget-wrap elementor-element-populated\">\n\t\t\t\t\t\t<div class=\"elementor-element elementor-element-32ddcc0 elementor-widget elementor-widget-image\" data-id=\"32ddcc0\" data-element_type=\"widget\" data-widget_type=\"image.default\">\n\t\t\t\t<div class=\"elementor-widget-container\">\n\t\t\t\t\t\t\t\t\t\t\t\t\t\t\t<img loading=\"lazy\" decoding=\"async\" width=\"800\" height=\"370\" src=\"https:\/\/richeskarayib.com\/wp-content\/uploads\/2025\/12\/WhatsApp-Image-2025-12-05-at-17.16.35-1024x473.jpeg\" class=\"attachment-large size-large wp-image-66192\" alt=\"Agritourisme en Martinique\" srcset=\"https:\/\/richeskarayib.com\/wp-content\/uploads\/2025\/12\/WhatsApp-Image-2025-12-05-at-17.16.35-1024x473.jpeg 1024w, https:\/\/richeskarayib.com\/wp-content\/uploads\/2025\/12\/WhatsApp-Image-2025-12-05-at-17.16.35-300x139.jpeg 300w, https:\/\/richeskarayib.com\/wp-content\/uploads\/2025\/12\/WhatsApp-Image-2025-12-05-at-17.16.35-768x355.jpeg 768w, https:\/\/richeskarayib.com\/wp-content\/uploads\/2025\/12\/WhatsApp-Image-2025-12-05-at-17.16.35.jpeg 1280w\" sizes=\"(max-width: 800px) 100vw, 800px\" \/>\t\t\t\t\t\t\t\t\t\t\t\t\t\t\t<\/div>\n\t\t\t\t<\/div>\n\t\t\t\t\t<\/div>\n\t\t<\/div>\n\t\t\t\t<div class=\"elementor-column elementor-col-50 elementor-inner-column elementor-element elementor-element-8386879\" data-id=\"8386879\" data-element_type=\"column\">\n\t\t\t<div class=\"elementor-widget-wrap elementor-element-populated\">\n\t\t\t\t\t\t<div class=\"elementor-element elementor-element-bbc8357 elementor-widget elementor-widget-image\" data-id=\"bbc8357\" data-element_type=\"widget\" data-widget_type=\"image.default\">\n\t\t\t\t<div class=\"elementor-widget-container\">\n\t\t\t\t\t\t\t\t\t\t\t\t\t\t\t<img loading=\"lazy\" decoding=\"async\" width=\"800\" height=\"370\" src=\"https:\/\/richeskarayib.com\/wp-content\/uploads\/2025\/12\/bb-1024x473.jpeg\" class=\"attachment-large size-large wp-image-66188\" alt=\"Agritourisme en Martinique\" srcset=\"https:\/\/richeskarayib.com\/wp-content\/uploads\/2025\/12\/bb-1024x473.jpeg 1024w, https:\/\/richeskarayib.com\/wp-content\/uploads\/2025\/12\/bb-300x139.jpeg 300w, https:\/\/richeskarayib.com\/wp-content\/uploads\/2025\/12\/bb-768x355.jpeg 768w, https:\/\/richeskarayib.com\/wp-content\/uploads\/2025\/12\/bb.jpeg 1280w\" sizes=\"(max-width: 800px) 100vw, 800px\" \/>\t\t\t\t\t\t\t\t\t\t\t\t\t\t\t<\/div>\n\t\t\t\t<\/div>\n\t\t\t\t\t<\/div>\n\t\t<\/div>\n\t\t\t\t\t<\/div>\n\t\t<\/section>\n\t\t\t\t<section class=\"elementor-section elementor-inner-section elementor-element elementor-element-5c6c223 elementor-section-boxed elementor-section-height-default elementor-section-height-default\" data-id=\"5c6c223\" data-element_type=\"section\">\n\t\t\t\t\t\t<div class=\"elementor-container elementor-column-gap-default\">\n\t\t\t\t\t<div class=\"elementor-column elementor-col-100 elementor-inner-column elementor-element elementor-element-1faab10\" data-id=\"1faab10\" data-element_type=\"column\">\n\t\t\t<div class=\"elementor-widget-wrap elementor-element-populated\">\n\t\t\t\t\t\t<div class=\"elementor-element elementor-element-a7a466a elementor-widget elementor-widget-text-editor\" data-id=\"a7a466a\" data-element_type=\"widget\" data-widget_type=\"text-editor.default\">\n\t\t\t\t<div class=\"elementor-widget-container\">\n\t\t\t\t\t\t\t\t\t<p><span style=\"font-weight: 400;\">Un autre atelier portait sur <strong>\u00ab Qualit\u00e9 et d\u00e9veloppement durable de l\u2019activit\u00e9 \u00bb<\/strong>. Les discussions ont abord\u00e9 les labels, la s\u00e9curit\u00e9, la qualit\u00e9 de l\u2019accueil, mais aussi la gestion de l\u2019eau, de l\u2019\u00e9nergie et des d\u00e9chets, ainsi que les pratiques de permaculture, d\u2019agro\u00e9cologie ou d\u2019agriculture biologique. L\u2019enjeu est d\u2019\u00eatre coh\u00e9rent avec des pratiques respectueuses des sols, de la biodiversit\u00e9 et des ressources naturelles, tout en tenant compte des contraintes \u00e9conomiques.<\/span><\/p>\t\t\t\t\t\t\t\t<\/div>\n\t\t\t\t<\/div>\n\t\t\t\t\t<\/div>\n\t\t<\/div>\n\t\t\t\t\t<\/div>\n\t\t<\/section>\n\t\t\t\t<section class=\"elementor-section elementor-inner-section elementor-element elementor-element-1efb2e1 elementor-section-boxed elementor-section-height-default elementor-section-height-default\" data-id=\"1efb2e1\" data-element_type=\"section\">\n\t\t\t\t\t\t<div class=\"elementor-container elementor-column-gap-default\">\n\t\t\t\t\t<div class=\"elementor-column elementor-col-50 elementor-inner-column elementor-element elementor-element-2d5966a\" data-id=\"2d5966a\" data-element_type=\"column\">\n\t\t\t<div class=\"elementor-widget-wrap elementor-element-populated\">\n\t\t\t\t\t\t<div class=\"elementor-element elementor-element-da849a4 elementor-widget elementor-widget-image\" data-id=\"da849a4\" data-element_type=\"widget\" data-widget_type=\"image.default\">\n\t\t\t\t<div class=\"elementor-widget-container\">\n\t\t\t\t\t\t\t\t\t\t\t\t\t\t\t<img loading=\"lazy\" decoding=\"async\" width=\"800\" height=\"370\" src=\"https:\/\/richeskarayib.com\/wp-content\/uploads\/2025\/12\/bb-1-1024x473.jpeg\" class=\"attachment-large size-large wp-image-66196\" alt=\"Agritourisme en Martinique\" srcset=\"https:\/\/richeskarayib.com\/wp-content\/uploads\/2025\/12\/bb-1-1024x473.jpeg 1024w, https:\/\/richeskarayib.com\/wp-content\/uploads\/2025\/12\/bb-1-300x139.jpeg 300w, https:\/\/richeskarayib.com\/wp-content\/uploads\/2025\/12\/bb-1-768x355.jpeg 768w, https:\/\/richeskarayib.com\/wp-content\/uploads\/2025\/12\/bb-1.jpeg 1280w\" sizes=\"(max-width: 800px) 100vw, 800px\" \/>\t\t\t\t\t\t\t\t\t\t\t\t\t\t\t<\/div>\n\t\t\t\t<\/div>\n\t\t\t\t\t<\/div>\n\t\t<\/div>\n\t\t\t\t<div class=\"elementor-column elementor-col-50 elementor-inner-column elementor-element elementor-element-efc37bb\" data-id=\"efc37bb\" data-element_type=\"column\">\n\t\t\t<div class=\"elementor-widget-wrap elementor-element-populated\">\n\t\t\t\t\t\t<div class=\"elementor-element elementor-element-d2295eb elementor-widget elementor-widget-image\" data-id=\"d2295eb\" data-element_type=\"widget\" data-widget_type=\"image.default\">\n\t\t\t\t<div class=\"elementor-widget-container\">\n\t\t\t\t\t\t\t\t\t\t\t\t\t\t\t<img loading=\"lazy\" decoding=\"async\" width=\"800\" height=\"370\" src=\"https:\/\/richeskarayib.com\/wp-content\/uploads\/2025\/12\/WhatsApp-Image-2025-12-05-at-17.18.38-1024x473.jpeg\" class=\"attachment-large size-large wp-image-66200\" alt=\"Agritourisme en Martinique\" srcset=\"https:\/\/richeskarayib.com\/wp-content\/uploads\/2025\/12\/WhatsApp-Image-2025-12-05-at-17.18.38-1024x473.jpeg 1024w, https:\/\/richeskarayib.com\/wp-content\/uploads\/2025\/12\/WhatsApp-Image-2025-12-05-at-17.18.38-300x139.jpeg 300w, https:\/\/richeskarayib.com\/wp-content\/uploads\/2025\/12\/WhatsApp-Image-2025-12-05-at-17.18.38-768x355.jpeg 768w, https:\/\/richeskarayib.com\/wp-content\/uploads\/2025\/12\/WhatsApp-Image-2025-12-05-at-17.18.38.jpeg 1280w\" sizes=\"(max-width: 800px) 100vw, 800px\" \/>\t\t\t\t\t\t\t\t\t\t\t\t\t\t\t<\/div>\n\t\t\t\t<\/div>\n\t\t\t\t\t<\/div>\n\t\t<\/div>\n\t\t\t\t\t<\/div>\n\t\t<\/section>\n\t\t\t\t<div class=\"elementor-element elementor-element-cf17f07 elementor-widget elementor-widget-text-editor\" data-id=\"cf17f07\" data-element_type=\"widget\" data-widget_type=\"text-editor.default\">\n\t\t\t\t<div class=\"elementor-widget-container\">\n\t\t\t\t\t\t\t\t\t<p><span style=\"font-weight: 400;\">Un troisi\u00e8me atelier \u00e9tait d\u00e9di\u00e9 \u00e0 <strong>\u00ab Promotion et mise en march\u00e9 du produit agritouristique \u00bb<\/strong>. Les agriculteurs et agricultrices y ont d\u00e9crit la commercialisation comme un travail \u00e0 part enti\u00e8re, qui suppose de comprendre le r\u00f4le des r\u00e9ceptifs, des tours op\u00e9rateurs, des agences de voyages et des outils num\u00e9riques. Ils demandent un accompagnement sur la communication, le num\u00e9rique, les langues et l\u2019organisation du temps.<\/span><\/p>\t\t\t\t\t\t\t\t<\/div>\n\t\t\t\t<\/div>\n\t\t\t\t<section class=\"elementor-section elementor-inner-section elementor-element elementor-element-c18aeba elementor-section-boxed elementor-section-height-default elementor-section-height-default\" data-id=\"c18aeba\" data-element_type=\"section\">\n\t\t\t\t\t\t<div class=\"elementor-container elementor-column-gap-default\">\n\t\t\t\t\t<div class=\"elementor-column elementor-col-50 elementor-inner-column elementor-element elementor-element-969028c\" data-id=\"969028c\" data-element_type=\"column\">\n\t\t\t<div class=\"elementor-widget-wrap elementor-element-populated\">\n\t\t\t\t\t\t<div class=\"elementor-element elementor-element-d915c56 elementor-widget elementor-widget-image\" data-id=\"d915c56\" data-element_type=\"widget\" data-widget_type=\"image.default\">\n\t\t\t\t<div class=\"elementor-widget-container\">\n\t\t\t\t\t\t\t\t\t\t\t\t\t\t\t<img loading=\"lazy\" decoding=\"async\" width=\"800\" height=\"370\" src=\"https:\/\/richeskarayib.com\/wp-content\/uploads\/2025\/12\/aaa-1024x473.jpeg\" class=\"attachment-large size-large wp-image-66204\" alt=\"Agritourisme en Martinique\" srcset=\"https:\/\/richeskarayib.com\/wp-content\/uploads\/2025\/12\/aaa-1024x473.jpeg 1024w, https:\/\/richeskarayib.com\/wp-content\/uploads\/2025\/12\/aaa-300x139.jpeg 300w, https:\/\/richeskarayib.com\/wp-content\/uploads\/2025\/12\/aaa-768x355.jpeg 768w, https:\/\/richeskarayib.com\/wp-content\/uploads\/2025\/12\/aaa.jpeg 1280w\" sizes=\"(max-width: 800px) 100vw, 800px\" \/>\t\t\t\t\t\t\t\t\t\t\t\t\t\t\t<\/div>\n\t\t\t\t<\/div>\n\t\t\t\t\t<\/div>\n\t\t<\/div>\n\t\t\t\t<div class=\"elementor-column elementor-col-50 elementor-inner-column elementor-element elementor-element-61107d8\" data-id=\"61107d8\" data-element_type=\"column\">\n\t\t\t<div class=\"elementor-widget-wrap elementor-element-populated\">\n\t\t\t\t\t\t<div class=\"elementor-element elementor-element-5e2d532 elementor-widget elementor-widget-image\" data-id=\"5e2d532\" data-element_type=\"widget\" data-widget_type=\"image.default\">\n\t\t\t\t<div class=\"elementor-widget-container\">\n\t\t\t\t\t\t\t\t\t\t\t\t\t\t\t<img loading=\"lazy\" decoding=\"async\" width=\"800\" height=\"370\" src=\"https:\/\/richeskarayib.com\/wp-content\/uploads\/2025\/12\/WhatsApp-Image-2025-12-05-at-17.20.26-1024x473.jpeg\" class=\"attachment-large size-large wp-image-66208\" alt=\"Agritourisme en Martinique\" srcset=\"https:\/\/richeskarayib.com\/wp-content\/uploads\/2025\/12\/WhatsApp-Image-2025-12-05-at-17.20.26-1024x473.jpeg 1024w, https:\/\/richeskarayib.com\/wp-content\/uploads\/2025\/12\/WhatsApp-Image-2025-12-05-at-17.20.26-300x139.jpeg 300w, https:\/\/richeskarayib.com\/wp-content\/uploads\/2025\/12\/WhatsApp-Image-2025-12-05-at-17.20.26-768x355.jpeg 768w, https:\/\/richeskarayib.com\/wp-content\/uploads\/2025\/12\/WhatsApp-Image-2025-12-05-at-17.20.26.jpeg 1280w\" sizes=\"(max-width: 800px) 100vw, 800px\" \/>\t\t\t\t\t\t\t\t\t\t\t\t\t\t\t<\/div>\n\t\t\t\t<\/div>\n\t\t\t\t\t<\/div>\n\t\t<\/div>\n\t\t\t\t\t<\/div>\n\t\t<\/section>\n\t\t\t\t<div class=\"elementor-element elementor-element-d4f793a elementor-widget elementor-widget-text-editor\" data-id=\"d4f793a\" data-element_type=\"widget\" data-widget_type=\"text-editor.default\">\n\t\t\t\t<div class=\"elementor-widget-container\">\n\t\t\t\t\t\t\t\t\t<p><span style=\"font-weight: 400;\">Les deux derniers ateliers portaient sur \u00ab<strong> L\u2019exp\u00e9rience client dans les activit\u00e9s culinaires et \u00e9v\u00e8nementielles \u00bb<\/strong> et <strong>\u00ab L\u2019exp\u00e9rience client dans l\u2019h\u00e9bergement et dans les activit\u00e9s de loisirs et d\u2019\u00e9v\u00e8nementiels \u00bb<\/strong>. Ils ont fait ressortir des besoins en main-d\u2019\u0153uvre qualifi\u00e9e, capable de comprendre l\u2019exploitation et d\u2019accueillir le public, la n\u00e9cessit\u00e9 de formaliser les processus pour garantir une qualit\u00e9 constante, et la question de la qualit\u00e9 de vie des responsables, souvent tr\u00e8s sollicit\u00e9s. Certains t\u00e9moignages \u00e9voquent une surcharge de travail quotidienne, parfois au point de devoir refuser des prestations pour pr\u00e9server un \u00e9quilibre personnel.<\/span><\/p>\t\t\t\t\t\t\t\t<\/div>\n\t\t\t\t<\/div>\n\t\t\t\t<section class=\"elementor-section elementor-inner-section elementor-element elementor-element-dd3128b elementor-section-boxed elementor-section-height-default elementor-section-height-default\" data-id=\"dd3128b\" data-element_type=\"section\">\n\t\t\t\t\t\t<div class=\"elementor-container elementor-column-gap-default\">\n\t\t\t\t\t<div class=\"elementor-column elementor-col-50 elementor-inner-column elementor-element elementor-element-cd2608a\" data-id=\"cd2608a\" data-element_type=\"column\">\n\t\t\t<div class=\"elementor-widget-wrap elementor-element-populated\">\n\t\t\t\t\t\t<div class=\"elementor-element elementor-element-b0a8a0f elementor-widget elementor-widget-image\" data-id=\"b0a8a0f\" data-element_type=\"widget\" data-widget_type=\"image.default\">\n\t\t\t\t<div class=\"elementor-widget-container\">\n\t\t\t\t\t\t\t\t\t\t\t\t\t\t\t<img loading=\"lazy\" decoding=\"async\" width=\"800\" height=\"370\" src=\"https:\/\/richeskarayib.com\/wp-content\/uploads\/2025\/12\/bb-2-1024x473.jpeg\" class=\"attachment-large size-large wp-image-66212\" alt=\"Agritourisme en Martinique\" srcset=\"https:\/\/richeskarayib.com\/wp-content\/uploads\/2025\/12\/bb-2-1024x473.jpeg 1024w, https:\/\/richeskarayib.com\/wp-content\/uploads\/2025\/12\/bb-2-300x139.jpeg 300w, https:\/\/richeskarayib.com\/wp-content\/uploads\/2025\/12\/bb-2-768x355.jpeg 768w, https:\/\/richeskarayib.com\/wp-content\/uploads\/2025\/12\/bb-2.jpeg 1280w\" sizes=\"(max-width: 800px) 100vw, 800px\" \/>\t\t\t\t\t\t\t\t\t\t\t\t\t\t\t<\/div>\n\t\t\t\t<\/div>\n\t\t\t\t\t<\/div>\n\t\t<\/div>\n\t\t\t\t<div class=\"elementor-column elementor-col-50 elementor-inner-column elementor-element elementor-element-44b898a\" data-id=\"44b898a\" data-element_type=\"column\">\n\t\t\t<div class=\"elementor-widget-wrap elementor-element-populated\">\n\t\t\t\t\t\t<div class=\"elementor-element elementor-element-32f742a elementor-widget elementor-widget-image\" data-id=\"32f742a\" data-element_type=\"widget\" data-widget_type=\"image.default\">\n\t\t\t\t<div class=\"elementor-widget-container\">\n\t\t\t\t\t\t\t\t\t\t\t\t\t\t\t<img loading=\"lazy\" decoding=\"async\" width=\"800\" height=\"370\" src=\"https:\/\/richeskarayib.com\/wp-content\/uploads\/2025\/12\/WhatsApp-Image-2025-12-05-at-17.24.31-1024x473.jpeg\" class=\"attachment-large size-large wp-image-66216\" alt=\"Agritourisme en Martinique\" srcset=\"https:\/\/richeskarayib.com\/wp-content\/uploads\/2025\/12\/WhatsApp-Image-2025-12-05-at-17.24.31-1024x473.jpeg 1024w, https:\/\/richeskarayib.com\/wp-content\/uploads\/2025\/12\/WhatsApp-Image-2025-12-05-at-17.24.31-300x139.jpeg 300w, https:\/\/richeskarayib.com\/wp-content\/uploads\/2025\/12\/WhatsApp-Image-2025-12-05-at-17.24.31-768x355.jpeg 768w, https:\/\/richeskarayib.com\/wp-content\/uploads\/2025\/12\/WhatsApp-Image-2025-12-05-at-17.24.31.jpeg 1280w\" sizes=\"(max-width: 800px) 100vw, 800px\" \/>\t\t\t\t\t\t\t\t\t\t\t\t\t\t\t<\/div>\n\t\t\t\t<\/div>\n\t\t\t\t\t<\/div>\n\t\t<\/div>\n\t\t\t\t\t<\/div>\n\t\t<\/section>\n\t\t\t\t\t<\/div>\n\t\t<\/div>\n\t\t\t\t\t<\/div>\n\t\t<\/section>\n\t\t\t\t<section class=\"elementor-section elementor-top-section elementor-element elementor-element-f5709a6 elementor-section-boxed elementor-section-height-default elementor-section-height-default\" data-id=\"f5709a6\" data-element_type=\"section\">\n\t\t\t\t\t\t<div class=\"elementor-container elementor-column-gap-default\">\n\t\t\t\t\t<div class=\"elementor-column elementor-col-100 elementor-top-column elementor-element elementor-element-957be6f\" data-id=\"957be6f\" data-element_type=\"column\">\n\t\t\t<div class=\"elementor-widget-wrap elementor-element-populated\">\n\t\t\t\t\t\t<div class=\"elementor-element elementor-element-22c0a08 elementor-widget elementor-widget-heading\" data-id=\"22c0a08\" data-element_type=\"widget\" data-widget_type=\"heading.default\">\n\t\t\t\t<div class=\"elementor-widget-container\">\n\t\t\t\t\t<h2 class=\"elementor-heading-title elementor-size-default\">Une trajectoire \u00e0 construire jusqu\u2019en 2030<\/h2>\t\t\t\t<\/div>\n\t\t\t\t<\/div>\n\t\t\t\t<div class=\"elementor-element elementor-element-953f6e4 elementor-widget elementor-widget-text-editor\" data-id=\"953f6e4\" data-element_type=\"widget\" data-widget_type=\"text-editor.default\">\n\t\t\t\t<div class=\"elementor-widget-container\">\n\t\t\t\t\t\t\t\t\t<p><span style=\"font-weight: 400;\">Le rendez-vous du 2 d\u00e9cembre 2025 a permis de mettre autour de la m\u00eame table des agriculteurs, agricultrices, repr\u00e9sentants institutionnels et acteurs du tourisme. Il a aussi mis en lumi\u00e8re une ligne de force partag\u00e9e : l\u2019Agritourisme en Martinique est un levier de diversification et de d\u00e9veloppement rural, mais il ne pourra pleinement jouer son r\u00f4le qu\u2019\u00e0 condition d\u2019\u00eatre accompagn\u00e9, structur\u00e9 et soutenu.<\/span><\/p>\t\t\t\t\t\t\t\t<\/div>\n\t\t\t\t<\/div>\n\t\t\t\t<div class=\"elementor-element elementor-element-ae9fd92 elementor-widget elementor-widget-text-editor\" data-id=\"ae9fd92\" data-element_type=\"widget\" data-widget_type=\"text-editor.default\">\n\t\t\t\t<div class=\"elementor-widget-container\">\n\t\t\t\t\t\t\t\t\t<p><span style=\"font-weight: 400;\">Les \u00e9quipes du CMT et de la Chambre d\u2019Agriculture ont annonc\u00e9 leur intention de transformer les remont\u00e9es des ateliers en un programme d\u2019action pluriannuel. L\u2019enjeu est de proposer des formations cibl\u00e9es, des temps d\u2019animation, des outils pour mieux structurer l\u2019offre et de poursuivre la cartographie des acteurs de l\u2019Agritourisme en <a href=\"https:\/\/richeskarayib.com\/fr\/rup-et-ptom-martinique-curacao-cooperation\/\" target=\"_blank\" rel=\"noopener\">Martinique<\/a>. \u00c0 ce jour, plusieurs structures ont \u00e9t\u00e9 identifi\u00e9es dans cette dynamique entre agriculture et tourisme, toutes \u00e0 des niveaux diff\u00e9rents de maturit\u00e9.<\/span><\/p>\t\t\t\t\t\t\t\t<\/div>\n\t\t\t\t<\/div>\n\t\t\t\t<section class=\"elementor-section elementor-inner-section elementor-element elementor-element-a87b190 elementor-section-boxed elementor-section-height-default elementor-section-height-default\" data-id=\"a87b190\" data-element_type=\"section\">\n\t\t\t\t\t\t<div class=\"elementor-container elementor-column-gap-default\">\n\t\t\t\t\t<div class=\"elementor-column elementor-col-50 elementor-inner-column elementor-element elementor-element-02d3b98\" data-id=\"02d3b98\" data-element_type=\"column\">\n\t\t\t<div class=\"elementor-widget-wrap elementor-element-populated\">\n\t\t\t\t\t\t<div class=\"elementor-element elementor-element-f713372 elementor-widget elementor-widget-image\" data-id=\"f713372\" data-element_type=\"widget\" data-widget_type=\"image.default\">\n\t\t\t\t<div class=\"elementor-widget-container\">\n\t\t\t\t\t\t\t\t\t\t\t\t\t\t\t<img loading=\"lazy\" decoding=\"async\" width=\"800\" height=\"370\" src=\"https:\/\/richeskarayib.com\/wp-content\/uploads\/2025\/12\/20251202_155112-1024x473.jpg\" class=\"attachment-large size-large wp-image-66236\" alt=\"Agritourisme en Martinique\" srcset=\"https:\/\/richeskarayib.com\/wp-content\/uploads\/2025\/12\/20251202_155112-1024x473.jpg 1024w, https:\/\/richeskarayib.com\/wp-content\/uploads\/2025\/12\/20251202_155112-300x139.jpg 300w, https:\/\/richeskarayib.com\/wp-content\/uploads\/2025\/12\/20251202_155112-768x355.jpg 768w, https:\/\/richeskarayib.com\/wp-content\/uploads\/2025\/12\/20251202_155112-1536x710.jpg 1536w, https:\/\/richeskarayib.com\/wp-content\/uploads\/2025\/12\/20251202_155112-1320x610.jpg 1320w, https:\/\/richeskarayib.com\/wp-content\/uploads\/2025\/12\/20251202_155112.jpg 1920w\" sizes=\"(max-width: 800px) 100vw, 800px\" \/>\t\t\t\t\t\t\t\t\t\t\t\t\t\t\t<\/div>\n\t\t\t\t<\/div>\n\t\t\t\t<div class=\"elementor-element elementor-element-804c933 elementor-widget elementor-widget-image\" data-id=\"804c933\" data-element_type=\"widget\" data-widget_type=\"image.default\">\n\t\t\t\t<div class=\"elementor-widget-container\">\n\t\t\t\t\t\t\t\t\t\t\t\t\t\t\t<img loading=\"lazy\" decoding=\"async\" width=\"800\" height=\"370\" src=\"https:\/\/richeskarayib.com\/wp-content\/uploads\/2025\/12\/20251202_1601170-1024x473.jpg\" class=\"attachment-large size-large wp-image-66240\" alt=\"Agritourisme en Martinique\" srcset=\"https:\/\/richeskarayib.com\/wp-content\/uploads\/2025\/12\/20251202_1601170-1024x473.jpg 1024w, https:\/\/richeskarayib.com\/wp-content\/uploads\/2025\/12\/20251202_1601170-300x139.jpg 300w, https:\/\/richeskarayib.com\/wp-content\/uploads\/2025\/12\/20251202_1601170-768x355.jpg 768w, https:\/\/richeskarayib.com\/wp-content\/uploads\/2025\/12\/20251202_1601170-1536x710.jpg 1536w, https:\/\/richeskarayib.com\/wp-content\/uploads\/2025\/12\/20251202_1601170-1320x610.jpg 1320w, https:\/\/richeskarayib.com\/wp-content\/uploads\/2025\/12\/20251202_1601170.jpg 1920w\" sizes=\"(max-width: 800px) 100vw, 800px\" \/>\t\t\t\t\t\t\t\t\t\t\t\t\t\t\t<\/div>\n\t\t\t\t<\/div>\n\t\t\t\t<div class=\"elementor-element elementor-element-a6e4ee9 elementor-widget elementor-widget-image\" data-id=\"a6e4ee9\" data-element_type=\"widget\" data-widget_type=\"image.default\">\n\t\t\t\t<div class=\"elementor-widget-container\">\n\t\t\t\t\t\t\t\t\t\t\t\t\t\t\t<img loading=\"lazy\" decoding=\"async\" width=\"800\" height=\"370\" src=\"https:\/\/richeskarayib.com\/wp-content\/uploads\/2025\/12\/20251202_160247-1024x473.jpg\" class=\"attachment-large size-large wp-image-66244\" alt=\"Agritourisme en Martinique\" srcset=\"https:\/\/richeskarayib.com\/wp-content\/uploads\/2025\/12\/20251202_160247-1024x473.jpg 1024w, https:\/\/richeskarayib.com\/wp-content\/uploads\/2025\/12\/20251202_160247-300x139.jpg 300w, https:\/\/richeskarayib.com\/wp-content\/uploads\/2025\/12\/20251202_160247-768x355.jpg 768w, https:\/\/richeskarayib.com\/wp-content\/uploads\/2025\/12\/20251202_160247-1536x710.jpg 1536w, https:\/\/richeskarayib.com\/wp-content\/uploads\/2025\/12\/20251202_160247-1320x610.jpg 1320w, https:\/\/richeskarayib.com\/wp-content\/uploads\/2025\/12\/20251202_160247.jpg 1920w\" sizes=\"(max-width: 800px) 100vw, 800px\" \/>\t\t\t\t\t\t\t\t\t\t\t\t\t\t\t<\/div>\n\t\t\t\t<\/div>\n\t\t\t\t\t<\/div>\n\t\t<\/div>\n\t\t\t\t<div class=\"elementor-column elementor-col-50 elementor-inner-column elementor-element elementor-element-a2f39d9\" data-id=\"a2f39d9\" data-element_type=\"column\">\n\t\t\t<div class=\"elementor-widget-wrap elementor-element-populated\">\n\t\t\t\t\t\t<div class=\"elementor-element elementor-element-d405a66 elementor-widget elementor-widget-image\" data-id=\"d405a66\" data-element_type=\"widget\" data-widget_type=\"image.default\">\n\t\t\t\t<div class=\"elementor-widget-container\">\n\t\t\t\t\t\t\t\t\t\t\t\t\t\t\t<img loading=\"lazy\" decoding=\"async\" width=\"800\" height=\"370\" src=\"https:\/\/richeskarayib.com\/wp-content\/uploads\/2025\/12\/20251202_162149-1024x473.jpg\" class=\"attachment-large size-large wp-image-66248\" alt=\"Agritourisme en Martinique\" srcset=\"https:\/\/richeskarayib.com\/wp-content\/uploads\/2025\/12\/20251202_162149-1024x473.jpg 1024w, https:\/\/richeskarayib.com\/wp-content\/uploads\/2025\/12\/20251202_162149-300x139.jpg 300w, https:\/\/richeskarayib.com\/wp-content\/uploads\/2025\/12\/20251202_162149-768x355.jpg 768w, https:\/\/richeskarayib.com\/wp-content\/uploads\/2025\/12\/20251202_162149-1536x710.jpg 1536w, https:\/\/richeskarayib.com\/wp-content\/uploads\/2025\/12\/20251202_162149-1320x610.jpg 1320w, https:\/\/richeskarayib.com\/wp-content\/uploads\/2025\/12\/20251202_162149.jpg 1920w\" sizes=\"(max-width: 800px) 100vw, 800px\" \/>\t\t\t\t\t\t\t\t\t\t\t\t\t\t\t<\/div>\n\t\t\t\t<\/div>\n\t\t\t\t<div class=\"elementor-element elementor-element-a6d0403 elementor-widget elementor-widget-image\" data-id=\"a6d0403\" data-element_type=\"widget\" data-widget_type=\"image.default\">\n\t\t\t\t<div class=\"elementor-widget-container\">\n\t\t\t\t\t\t\t\t\t\t\t\t\t\t\t<img loading=\"lazy\" decoding=\"async\" width=\"800\" height=\"370\" src=\"https:\/\/richeskarayib.com\/wp-content\/uploads\/2025\/12\/20251202_165123-1024x473.jpg\" class=\"attachment-large size-large wp-image-66252\" alt=\"Agritourisme en Martinique\" srcset=\"https:\/\/richeskarayib.com\/wp-content\/uploads\/2025\/12\/20251202_165123-1024x473.jpg 1024w, https:\/\/richeskarayib.com\/wp-content\/uploads\/2025\/12\/20251202_165123-300x139.jpg 300w, https:\/\/richeskarayib.com\/wp-content\/uploads\/2025\/12\/20251202_165123-768x355.jpg 768w, https:\/\/richeskarayib.com\/wp-content\/uploads\/2025\/12\/20251202_165123-1536x710.jpg 1536w, https:\/\/richeskarayib.com\/wp-content\/uploads\/2025\/12\/20251202_165123-1320x610.jpg 1320w, https:\/\/richeskarayib.com\/wp-content\/uploads\/2025\/12\/20251202_165123.jpg 1920w\" sizes=\"(max-width: 800px) 100vw, 800px\" \/>\t\t\t\t\t\t\t\t\t\t\t\t\t\t\t<\/div>\n\t\t\t\t<\/div>\n\t\t\t\t<div class=\"elementor-element elementor-element-0d6fc69 elementor-widget elementor-widget-image\" data-id=\"0d6fc69\" data-element_type=\"widget\" data-widget_type=\"image.default\">\n\t\t\t\t<div class=\"elementor-widget-container\">\n\t\t\t\t\t\t\t\t\t\t\t\t\t\t\t<img loading=\"lazy\" decoding=\"async\" width=\"800\" height=\"370\" src=\"https:\/\/richeskarayib.com\/wp-content\/uploads\/2025\/12\/20251202_165955-1024x473.jpg\" class=\"attachment-large size-large wp-image-66256\" alt=\"Agritourisme en Martinique\" srcset=\"https:\/\/richeskarayib.com\/wp-content\/uploads\/2025\/12\/20251202_165955-1024x473.jpg 1024w, https:\/\/richeskarayib.com\/wp-content\/uploads\/2025\/12\/20251202_165955-300x139.jpg 300w, https:\/\/richeskarayib.com\/wp-content\/uploads\/2025\/12\/20251202_165955-768x355.jpg 768w, https:\/\/richeskarayib.com\/wp-content\/uploads\/2025\/12\/20251202_165955-1536x710.jpg 1536w, https:\/\/richeskarayib.com\/wp-content\/uploads\/2025\/12\/20251202_165955-1320x610.jpg 1320w, https:\/\/richeskarayib.com\/wp-content\/uploads\/2025\/12\/20251202_165955.jpg 1920w\" sizes=\"(max-width: 800px) 100vw, 800px\" \/>\t\t\t\t\t\t\t\t\t\t\t\t\t\t\t<\/div>\n\t\t\t\t<\/div>\n\t\t\t\t\t<\/div>\n\t\t<\/div>\n\t\t\t\t\t<\/div>\n\t\t<\/section>\n\t\t\t\t\t<\/div>\n\t\t<\/div>\n\t\t\t\t\t<\/div>\n\t\t<\/section>\n\t\t\t\t<section class=\"elementor-section elementor-top-section elementor-element elementor-element-71c200d elementor-section-boxed elementor-section-height-default elementor-section-height-default\" data-id=\"71c200d\" data-element_type=\"section\">\n\t\t\t\t\t\t<div class=\"elementor-container elementor-column-gap-default\">\n\t\t\t\t\t<div class=\"elementor-column elementor-col-100 elementor-top-column elementor-element elementor-element-3eb61ce\" data-id=\"3eb61ce\" data-element_type=\"column\">\n\t\t\t<div class=\"elementor-widget-wrap elementor-element-populated\">\n\t\t\t\t\t\t<div class=\"elementor-element elementor-element-70599f0 elementor-widget elementor-widget-heading\" data-id=\"70599f0\" data-element_type=\"widget\" data-widget_type=\"heading.default\">\n\t\t\t\t<div class=\"elementor-widget-container\">\n\t\t\t\t\t<h2 class=\"elementor-heading-title elementor-size-default\">FAQ<\/h2>\t\t\t\t<\/div>\n\t\t\t\t<\/div>\n\t\t\t\t<div class=\"elementor-element elementor-element-67c4753 elementor-widget elementor-widget-accordion\" data-id=\"67c4753\" data-element_type=\"widget\" data-widget_type=\"accordion.default\">\n\t\t\t\t<div class=\"elementor-widget-container\">\n\t\t\t\t\t\t\t<div class=\"elementor-accordion\">\n\t\t\t\t\t\t\t<div class=\"elementor-accordion-item\">\n\t\t\t\t\t<div id=\"elementor-tab-title-1081\" class=\"elementor-tab-title\" data-tab=\"1\" role=\"button\" aria-controls=\"elementor-tab-content-1081\" aria-expanded=\"false\">\n\t\t\t\t\t\t\t\t\t\t\t\t\t<span class=\"elementor-accordion-icon elementor-accordion-icon-left\" aria-hidden=\"true\">\n\t\t\t\t\t\t\t\t\t\t\t\t\t\t\t<span class=\"elementor-accordion-icon-closed\"><i class=\"fas fa-plus\"><\/i><\/span>\n\t\t\t\t\t\t\t\t<span class=\"elementor-accordion-icon-opened\"><i class=\"fas fa-minus\"><\/i><\/span>\n\t\t\t\t\t\t\t\t\t\t\t\t\t\t<\/span>\n\t\t\t\t\t\t\t\t\t\t\t\t<a class=\"elementor-accordion-title\" tabindex=\"0\">Pourquoi d\u00e9velopper l\u2019Agritourisme en Martinique ?<\/a>\n\t\t\t\t\t<\/div>\n\t\t\t\t\t<div id=\"elementor-tab-content-1081\" class=\"elementor-tab-content elementor-clearfix\" data-tab=\"1\" role=\"region\" aria-labelledby=\"elementor-tab-title-1081\"><p><span style=\"font-weight: 400;\">Parce que le territoire dispose d\u2019un potentiel agricole exceptionnel : diversit\u00e9 des cultures, savoir-faire locaux, paysages pr\u00e9serv\u00e9s et richesse de la biodiversit\u00e9. L\u2019Agritourisme permet de valoriser ces atouts tout en proposant aux agriculteurs une source de revenus compl\u00e9mentaire et une fa\u00e7on de transmettre leurs pratiques.<\/span><\/p><\/div>\n\t\t\t\t<\/div>\n\t\t\t\t\t\t\t<div class=\"elementor-accordion-item\">\n\t\t\t\t\t<div id=\"elementor-tab-title-1082\" class=\"elementor-tab-title\" data-tab=\"2\" role=\"button\" aria-controls=\"elementor-tab-content-1082\" aria-expanded=\"false\">\n\t\t\t\t\t\t\t\t\t\t\t\t\t<span class=\"elementor-accordion-icon elementor-accordion-icon-left\" aria-hidden=\"true\">\n\t\t\t\t\t\t\t\t\t\t\t\t\t\t\t<span class=\"elementor-accordion-icon-closed\"><i class=\"fas fa-plus\"><\/i><\/span>\n\t\t\t\t\t\t\t\t<span class=\"elementor-accordion-icon-opened\"><i class=\"fas fa-minus\"><\/i><\/span>\n\t\t\t\t\t\t\t\t\t\t\t\t\t\t<\/span>\n\t\t\t\t\t\t\t\t\t\t\t\t<a class=\"elementor-accordion-title\" tabindex=\"0\">Quels sont les principaux d\u00e9fis pour structurer la fili\u00e8re ?<\/a>\n\t\t\t\t\t<\/div>\n\t\t\t\t\t<div id=\"elementor-tab-content-1082\" class=\"elementor-tab-content elementor-clearfix\" data-tab=\"2\" role=\"region\" aria-labelledby=\"elementor-tab-title-1082\"><p><span style=\"font-weight: 400;\">\u00a0Les acteurs identifient plusieurs enjeux : besoin d\u2019accompagnement d\u00e8s l\u2019\u00e9mergence des projets, mont\u00e9e en comp\u00e9tence (gestion, langues, accueil, communication), difficult\u00e9 \u00e0 recruter du personnel qualifi\u00e9, contraintes d\u2019infrastructures, et n\u00e9cessit\u00e9 de donner davantage de visibilit\u00e9 aux exploitations agritouristiques.<\/span><\/p><\/div>\n\t\t\t\t<\/div>\n\t\t\t\t\t\t\t<div class=\"elementor-accordion-item\">\n\t\t\t\t\t<div id=\"elementor-tab-title-1083\" class=\"elementor-tab-title\" data-tab=\"3\" role=\"button\" aria-controls=\"elementor-tab-content-1083\" aria-expanded=\"false\">\n\t\t\t\t\t\t\t\t\t\t\t\t\t<span class=\"elementor-accordion-icon elementor-accordion-icon-left\" aria-hidden=\"true\">\n\t\t\t\t\t\t\t\t\t\t\t\t\t\t\t<span class=\"elementor-accordion-icon-closed\"><i class=\"fas fa-plus\"><\/i><\/span>\n\t\t\t\t\t\t\t\t<span class=\"elementor-accordion-icon-opened\"><i class=\"fas fa-minus\"><\/i><\/span>\n\t\t\t\t\t\t\t\t\t\t\t\t\t\t<\/span>\n\t\t\t\t\t\t\t\t\t\t\t\t<a class=\"elementor-accordion-title\" tabindex=\"0\">Quel est l\u2019objectif fix\u00e9 par le Comit\u00e9 Martiniquais du Tourisme et la Chambre d\u2019Agriculture ?<\/a>\n\t\t\t\t\t<\/div>\n\t\t\t\t\t<div id=\"elementor-tab-content-1083\" class=\"elementor-tab-content elementor-clearfix\" data-tab=\"3\" role=\"region\" aria-labelledby=\"elementor-tab-title-1083\"><p><span style=\"font-weight: 400;\">L\u2019objectif est qu\u2019\u00e0 l\u2019horizon 2030, la Martinique soit reconnue comme une v\u00e9ritable destination agritouristique, avec 50 \u00e0 100 acteurs parfaitement op\u00e9rationnels, une offre structur\u00e9e et des professionnels form\u00e9s, capables de proposer des exp\u00e9riences de qualit\u00e9 sur tout le territoire.<\/span><\/p><\/div>\n\t\t\t\t<\/div>\n\t\t\t\t\t\t\t\t<\/div>\n\t\t\t\t\t\t<\/div>\n\t\t\t\t<\/div>\n\t\t\t\t\t<\/div>\n\t\t<\/div>\n\t\t\t\t\t<\/div>\n\t\t<\/section>\n\t\t\t\t<\/div>\n\t\t","protected":false},"excerpt":{"rendered":"<p>Le 2 d\u00e9cembre 2025, \u00e0 l\u2019auditorium du Cr\u00e9dit Agricole, \u00e0 Place d\u2019Armes au Lamentin, le Comit\u00e9 Martiniquais du Tourisme (CMT) et la Chambre d\u2019Agriculture de Martinique ont r\u00e9uni agriculteurs, agricultrices et porteurs de projets autour d\u2019un m\u00eame objectif : faire de l\u2019Agritourisme en Martinique une fili\u00e8re structur\u00e9e et reconnue. Ce rendez-vous, organis\u00e9 avec l\u2019appui de [&hellip;]<\/p>\n","protected":false},"author":662,"featured_media":66180,"comment_status":"open","ping_status":"open","sticky":false,"template":"","format":"standard","meta":{"_acf_changed":false,"footnotes":""},"categories":[1732],"tags":[808],"class_list":["post-66179","post","type-post","status-publish","format-standard","has-post-thumbnail","hentry","category-tourisme","tag-martinique-fr"],"acf":[],"_links":{"self":[{"href":"https:\/\/richeskarayib.com\/fr\/wp-json\/wp\/v2\/posts\/66179","targetHints":{"allow":["GET"]}}],"collection":[{"href":"https:\/\/richeskarayib.com\/fr\/wp-json\/wp\/v2\/posts"}],"about":[{"href":"https:\/\/richeskarayib.com\/fr\/wp-json\/wp\/v2\/types\/post"}],"author":[{"embeddable":true,"href":"https:\/\/richeskarayib.com\/fr\/wp-json\/wp\/v2\/users\/662"}],"replies":[{"embeddable":true,"href":"https:\/\/richeskarayib.com\/fr\/wp-json\/wp\/v2\/comments?post=66179"}],"version-history":[{"count":0,"href":"https:\/\/richeskarayib.com\/fr\/wp-json\/wp\/v2\/posts\/66179\/revisions"}],"wp:featuredmedia":[{"embeddable":true,"href":"https:\/\/richeskarayib.com\/fr\/wp-json\/wp\/v2\/media\/66180"}],"wp:attachment":[{"href":"https:\/\/richeskarayib.com\/fr\/wp-json\/wp\/v2\/media?parent=66179"}],"wp:term":[{"taxonomy":"category","embeddable":true,"href":"https:\/\/richeskarayib.com\/fr\/wp-json\/wp\/v2\/categories?post=66179"},{"taxonomy":"post_tag","embeddable":true,"href":"https:\/\/richeskarayib.com\/fr\/wp-json\/wp\/v2\/tags?post=66179"}],"curies":[{"name":"wp","href":"https:\/\/api.w.org\/{rel}","templated":true}]}}