{"id":66494,"date":"2025-12-10T07:11:28","date_gmt":"2025-12-10T11:11:28","guid":{"rendered":"https:\/\/richeskarayib.com\/?p=66494"},"modified":"2025-12-11T07:47:47","modified_gmt":"2025-12-11T11:47:47","slug":"kokobale-art-martial-afro-portoricain-bomba","status":"publish","type":"post","link":"https:\/\/richeskarayib.com\/fr\/kokobale-art-martial-afro-portoricain-bomba\/","title":{"rendered":"Porto Rico &#8211; Kokobal\u00e9 : l\u2019art martial afro-portoricain qui relie histoire, rythme et transmission"},"content":{"rendered":"\t\t<div data-elementor-type=\"wp-post\" data-elementor-id=\"66494\" class=\"elementor elementor-66494\" data-elementor-post-type=\"post\">\n\t\t\t\t\t\t<section class=\"elementor-section elementor-top-section elementor-element elementor-element-7ca7ca1 elementor-section-boxed elementor-section-height-default elementor-section-height-default\" data-id=\"7ca7ca1\" data-element_type=\"section\">\n\t\t\t\t\t\t<div class=\"elementor-container elementor-column-gap-default\">\n\t\t\t\t\t<div class=\"elementor-column elementor-col-100 elementor-top-column elementor-element elementor-element-cbdd002\" data-id=\"cbdd002\" data-element_type=\"column\">\n\t\t\t<div class=\"elementor-widget-wrap elementor-element-populated\">\n\t\t\t\t\t\t<section class=\"elementor-section elementor-inner-section elementor-element elementor-element-bc94849 elementor-section-boxed elementor-section-height-default elementor-section-height-default\" data-id=\"bc94849\" data-element_type=\"section\">\n\t\t\t\t\t\t<div class=\"elementor-container elementor-column-gap-default\">\n\t\t\t\t\t\t<\/div>\n\t\t<\/section>\n\t\t\t\t<section class=\"elementor-section elementor-inner-section elementor-element elementor-element-61571e6 elementor-section-boxed elementor-section-height-default elementor-section-height-default\" data-id=\"61571e6\" data-element_type=\"section\">\n\t\t\t\t\t\t<div class=\"elementor-container elementor-column-gap-default\">\n\t\t\t\t\t\t<\/div>\n\t\t<\/section>\n\t\t\t\t<section class=\"elementor-section elementor-inner-section elementor-element elementor-element-b6262e0 elementor-section-boxed elementor-section-height-default elementor-section-height-default\" data-id=\"b6262e0\" data-element_type=\"section\">\n\t\t\t\t\t\t<div class=\"elementor-container elementor-column-gap-default\">\n\t\t\t\t\t\t<\/div>\n\t\t<\/section>\n\t\t\t\t<section class=\"elementor-section elementor-inner-section elementor-element elementor-element-cca29fd elementor-section-boxed elementor-section-height-default elementor-section-height-default\" data-id=\"cca29fd\" data-element_type=\"section\">\n\t\t\t\t\t\t<div class=\"elementor-container elementor-column-gap-default\">\n\t\t\t\t\t\t<\/div>\n\t\t<\/section>\n\t\t\t\t\t<\/div>\n\t\t<\/div>\n\t\t\t\t\t<\/div>\n\t\t<\/section>\n\t\t\t\t<section class=\"elementor-section elementor-top-section elementor-element elementor-element-ee72354 elementor-section-boxed elementor-section-height-default elementor-section-height-default\" data-id=\"ee72354\" data-element_type=\"section\">\n\t\t\t\t\t\t<div class=\"elementor-container elementor-column-gap-default\">\n\t\t\t\t\t<div class=\"elementor-column elementor-col-100 elementor-top-column elementor-element elementor-element-c59d6fe\" data-id=\"c59d6fe\" data-element_type=\"column\">\n\t\t\t<div class=\"elementor-widget-wrap elementor-element-populated\">\n\t\t\t\t\t\t<div class=\"elementor-element elementor-element-e57451f elementor-widget elementor-widget-text-editor\" data-id=\"e57451f\" data-element_type=\"widget\" data-widget_type=\"text-editor.default\">\n\t\t\t\t<div class=\"elementor-widget-container\">\n\t\t\t\t\t\t\t\t\t<p><span style=\"font-weight: 400;\">Le <\/span><a href=\"https:\/\/capoeirahistory.com\/kokobale-the-afro-puerto-rican-martial-art\/\" target=\"_blank\" rel=\"noopener nofollow\"><b>Kokobal\u00e9<\/b><\/a><span style=\"font-weight: 400;\"> est un art martial afro-portoricain fa\u00e7onn\u00e9 par les h\u00e9ritages africains et les r\u00e9alit\u00e9s historiques impos\u00e9es aux populations r\u00e9duites en esclavage. N\u00e9 dans les plantations, dans les villages et dans les quartiers o\u00f9 la culture populaire servait de refuge, il associe rythme, coordination et discipline. Cette pratique, longtemps transmise dans la discr\u00e9tion, trouve aujourd\u2019hui un nouvel \u00e9lan gr\u00e2ce \u00e0 des initiatives qui lui rendent sa profondeur historique et culturelle. Elle raconte un rapport au corps et \u00e0 la m\u00e9moire, mais aussi une mani\u00e8re de transformer la contrainte en intelligence collective port\u00e9e par la musique.<\/span><\/p>\t\t\t\t\t\t\t\t<\/div>\n\t\t\t\t<\/div>\n\t\t\t\t\t<\/div>\n\t\t<\/div>\n\t\t\t\t\t<\/div>\n\t\t<\/section>\n\t\t\t\t<section class=\"elementor-section elementor-top-section elementor-element elementor-element-82cd8f9 elementor-section-boxed elementor-section-height-default elementor-section-height-default\" data-id=\"82cd8f9\" data-element_type=\"section\">\n\t\t\t\t\t\t<div class=\"elementor-container elementor-column-gap-default\">\n\t\t\t\t\t<div class=\"elementor-column elementor-col-100 elementor-top-column elementor-element elementor-element-0bfdc38\" data-id=\"0bfdc38\" data-element_type=\"column\">\n\t\t\t<div class=\"elementor-widget-wrap elementor-element-populated\">\n\t\t\t\t\t\t<div class=\"elementor-element elementor-element-7d292fe elementor-widget elementor-widget-heading\" data-id=\"7d292fe\" data-element_type=\"widget\" data-widget_type=\"heading.default\">\n\t\t\t\t<div class=\"elementor-widget-container\">\n\t\t\t\t\t<h2 class=\"elementor-heading-title elementor-size-default\">Un art n\u00e9 dans des conditions de contr\u00f4le et de r\u00e9sistance<\/h2>\t\t\t\t<\/div>\n\t\t\t\t<\/div>\n\t\t\t\t<section class=\"elementor-section elementor-inner-section elementor-element elementor-element-1f16563 elementor-section-boxed elementor-section-height-default elementor-section-height-default\" data-id=\"1f16563\" data-element_type=\"section\">\n\t\t\t\t\t\t<div class=\"elementor-container elementor-column-gap-default\">\n\t\t\t\t\t<div class=\"elementor-column elementor-col-50 elementor-inner-column elementor-element elementor-element-620bde3\" data-id=\"620bde3\" data-element_type=\"column\">\n\t\t\t<div class=\"elementor-widget-wrap elementor-element-populated\">\n\t\t\t\t\t\t<div class=\"elementor-element elementor-element-b29a8d7 elementor-widget elementor-widget-image\" data-id=\"b29a8d7\" data-element_type=\"widget\" data-widget_type=\"image.default\">\n\t\t\t\t<div class=\"elementor-widget-container\">\n\t\t\t\t\t\t\t\t\t\t\t\t<figure class=\"wp-caption\">\n\t\t\t\t\t\t\t\t\t\t<img fetchpriority=\"high\" decoding=\"async\" width=\"800\" height=\"553\" src=\"https:\/\/richeskarayib.com\/wp-content\/uploads\/2025\/12\/\u00a9capoeirahistory.webp\" class=\"attachment-large size-large wp-image-66499\" alt=\"Kokobal\u00e9\" srcset=\"https:\/\/richeskarayib.com\/wp-content\/uploads\/2025\/12\/\u00a9capoeirahistory.webp 993w, https:\/\/richeskarayib.com\/wp-content\/uploads\/2025\/12\/\u00a9capoeirahistory-300x207.webp 300w, https:\/\/richeskarayib.com\/wp-content\/uploads\/2025\/12\/\u00a9capoeirahistory-768x531.webp 768w\" sizes=\"(max-width: 800px) 100vw, 800px\" \/>\t\t\t\t\t\t\t\t\t\t\t<figcaption class=\"widget-image-caption wp-caption-text\">\u00a9capoeirahistory<\/figcaption>\n\t\t\t\t\t\t\t\t\t\t<\/figure>\n\t\t\t\t\t\t\t\t\t<\/div>\n\t\t\t\t<\/div>\n\t\t\t\t\t<\/div>\n\t\t<\/div>\n\t\t\t\t<div class=\"elementor-column elementor-col-50 elementor-inner-column elementor-element elementor-element-01fdde7\" data-id=\"01fdde7\" data-element_type=\"column\">\n\t\t\t<div class=\"elementor-widget-wrap elementor-element-populated\">\n\t\t\t\t\t\t<div class=\"elementor-element elementor-element-96caf50 elementor-widget elementor-widget-text-editor\" data-id=\"96caf50\" data-element_type=\"widget\" data-widget_type=\"text-editor.default\">\n\t\t\t\t<div class=\"elementor-widget-container\">\n\t\t\t\t\t\t\t\t\t<p><span style=\"font-weight: 400;\">Dans le contexte colonial, les autorit\u00e9s surveillaient strictement les rassemblements et restreignaient l\u2019usage des armes, limitant la machette aux seuls travaux agricoles. Pour continuer \u00e0 d\u00e9velopper une pratique martiale fonctionnelle, les communaut\u00e9s africaines ont int\u00e9gr\u00e9 une forme codifi\u00e9e de combat \u00e0 un espace festif : la danse de Bomba. Dans ce cadre musical, le <\/span><b>Kokobal\u00e9<\/b><span style=\"font-weight: 400;\"> pouvait se transmettre sans attirer l\u2019attention, dissimul\u00e9 derri\u00e8re un rituel social d\u00e9j\u00e0 ancr\u00e9 dans la vie quotidienne. Le cercle musical devenait alors un terrain o\u00f9 s\u2019exprimaient strat\u00e9gie, coop\u00e9ration et autod\u00e9fense.<\/span><\/p>\t\t\t\t\t\t\t\t<\/div>\n\t\t\t\t<\/div>\n\t\t\t\t<div class=\"elementor-element elementor-element-13202a3 elementor-widget elementor-widget-text-editor\" data-id=\"13202a3\" data-element_type=\"widget\" data-widget_type=\"text-editor.default\">\n\t\t\t\t<div class=\"elementor-widget-container\">\n\t\t\t\t\t\t\t\t\t<p><span style=\"font-weight: 400;\">Lorsque la loi criminalise m\u00eame la menace avec un b\u00e2ton, la pratique s\u2019adapte. Le b\u00e2ton, devenu symbole de continuit\u00e9, se transforme en outil d\u2019expression, de coordination et d\u2019apprentissage, sans que la logique martiale disparaisse. La transmission se maintient par gestes, par r\u00e9cits oraux et par observation, permettant au <\/span><b>Kokobal\u00e9<\/b><span style=\"font-weight: 400;\"> de traverser les g\u00e9n\u00e9rations malgr\u00e9 les interdictions successives.<\/span><\/p>\t\t\t\t\t\t\t\t<\/div>\n\t\t\t\t<\/div>\n\t\t\t\t\t<\/div>\n\t\t<\/div>\n\t\t\t\t\t<\/div>\n\t\t<\/section>\n\t\t\t\t<section class=\"elementor-section elementor-inner-section elementor-element elementor-element-c582330 elementor-section-boxed elementor-section-height-default elementor-section-height-default\" data-id=\"c582330\" data-element_type=\"section\">\n\t\t\t\t\t\t<div class=\"elementor-container elementor-column-gap-default\">\n\t\t\t\t\t\t<\/div>\n\t\t<\/section>\n\t\t\t\t<section class=\"elementor-section elementor-inner-section elementor-element elementor-element-296603a elementor-section-boxed elementor-section-height-default elementor-section-height-default\" data-id=\"296603a\" data-element_type=\"section\">\n\t\t\t\t\t\t<div class=\"elementor-container elementor-column-gap-default\">\n\t\t\t\t\t\t<\/div>\n\t\t<\/section>\n\t\t\t\t\t<\/div>\n\t\t<\/div>\n\t\t\t\t\t<\/div>\n\t\t<\/section>\n\t\t\t\t<section class=\"elementor-section elementor-top-section elementor-element elementor-element-9c88a89 elementor-section-boxed elementor-section-height-default elementor-section-height-default\" data-id=\"9c88a89\" data-element_type=\"section\">\n\t\t\t\t\t\t<div class=\"elementor-container elementor-column-gap-default\">\n\t\t\t\t\t<div class=\"elementor-column elementor-col-100 elementor-top-column elementor-element elementor-element-78cf5d1\" data-id=\"78cf5d1\" data-element_type=\"column\">\n\t\t\t<div class=\"elementor-widget-wrap elementor-element-populated\">\n\t\t\t\t\t\t<div class=\"elementor-element elementor-element-ea2a5c1 elementor-widget elementor-widget-heading\" data-id=\"ea2a5c1\" data-element_type=\"widget\" data-widget_type=\"heading.default\">\n\t\t\t\t<div class=\"elementor-widget-container\">\n\t\t\t\t\t<h2 class=\"elementor-heading-title elementor-size-default\">Un \u201cjeu\u201d structur\u00e9 o\u00f9 danse et combat se rencontrent<\/h2>\t\t\t\t<\/div>\n\t\t\t\t<\/div>\n\t\t\t\t<section class=\"elementor-section elementor-inner-section elementor-element elementor-element-67af26c elementor-section-boxed elementor-section-height-default elementor-section-height-default\" data-id=\"67af26c\" data-element_type=\"section\">\n\t\t\t\t\t\t<div class=\"elementor-container elementor-column-gap-default\">\n\t\t\t\t\t\t<\/div>\n\t\t<\/section>\n\t\t\t\t<div class=\"elementor-element elementor-element-e305eee elementor-widget elementor-widget-text-editor\" data-id=\"e305eee\" data-element_type=\"widget\" data-widget_type=\"text-editor.default\">\n\t\t\t\t<div class=\"elementor-widget-container\">\n\t\t\t\t\t\t\t\t\t<p><span style=\"font-weight: 400;\">Ce qui distingue le <\/span><b>Kokobal\u00e9<\/b><span style=\"font-weight: 400;\"> d\u2019un simple affrontement physique, c\u2019est la mise en sc\u00e8ne qui lui donne forme. Les participants entrent dans un cercle anim\u00e9 par les tambours, tandis que le public joue un r\u00f4le actif dans la dynamique du moment. L\u2019\u00e9change commence souvent par une situation th\u00e9\u00e2tralis\u00e9e, cr\u00e9ant une tension symbolique avant l\u2019apparition des b\u00e2tons. Chaque mouvement est contr\u00f4l\u00e9, pens\u00e9 pour dialoguer avec la musique. Le but n\u2019est ni la domination ni la blessure, mais la pr\u00e9cision, la ma\u00eetrise du rythme et l\u2019interpr\u00e9tation d\u2019un langage corporel codifi\u00e9.<\/span><\/p>\t\t\t\t\t\t\t\t<\/div>\n\t\t\t\t<\/div>\n\t\t\t\t<div class=\"elementor-element elementor-element-870430f elementor-widget elementor-widget-text-editor\" data-id=\"870430f\" data-element_type=\"widget\" data-widget_type=\"text-editor.default\">\n\t\t\t\t<div class=\"elementor-widget-container\">\n\t\t\t\t\t\t\t\t\t<p><span style=\"font-weight: 400;\">Les deux pratiquants utilisent des armes de longueur identique, ce qui garantit l\u2019\u00e9quit\u00e9 et renforce l\u2019importance de la technique. Le tambour, loin d\u2019\u00eatre un simple accompagnement, structure la rencontre. Il marque la cadence, souligne les d\u00e9placements et r\u00e9pond aux feintes. Ainsi, le <\/span><b>Kokobal\u00e9<\/b><span style=\"font-weight: 400;\"> devient un \u00e9change o\u00f9 le corps s\u2019exprime autant que l\u2019intention, transformant la confrontation en lecture chor\u00e9graphique.<\/span><\/p>\t\t\t\t\t\t\t\t<\/div>\n\t\t\t\t<\/div>\n\t\t\t\t<section class=\"elementor-section elementor-inner-section elementor-element elementor-element-4b69a8a elementor-section-boxed elementor-section-height-default elementor-section-height-default\" data-id=\"4b69a8a\" data-element_type=\"section\">\n\t\t\t\t\t\t<div class=\"elementor-container elementor-column-gap-default\">\n\t\t\t\t\t<div class=\"elementor-column elementor-col-50 elementor-inner-column elementor-element elementor-element-2ba0a1f\" data-id=\"2ba0a1f\" data-element_type=\"column\">\n\t\t\t<div class=\"elementor-widget-wrap elementor-element-populated\">\n\t\t\t\t\t\t<div class=\"elementor-element elementor-element-89a42cc elementor-widget elementor-widget-image\" data-id=\"89a42cc\" data-element_type=\"widget\" data-widget_type=\"image.default\">\n\t\t\t\t<div class=\"elementor-widget-container\">\n\t\t\t\t\t\t\t\t\t\t\t\t<figure class=\"wp-caption\">\n\t\t\t\t\t\t\t\t\t\t<img decoding=\"async\" width=\"636\" height=\"645\" src=\"https:\/\/richeskarayib.com\/wp-content\/uploads\/2025\/12\/\u00a9Proyecto-Kokobale-1.jpg\" class=\"attachment-large size-large wp-image-66503\" alt=\"Kokobal\u00e9\" srcset=\"https:\/\/richeskarayib.com\/wp-content\/uploads\/2025\/12\/\u00a9Proyecto-Kokobale-1.jpg 636w, https:\/\/richeskarayib.com\/wp-content\/uploads\/2025\/12\/\u00a9Proyecto-Kokobale-1-296x300.jpg 296w\" sizes=\"(max-width: 636px) 100vw, 636px\" \/>\t\t\t\t\t\t\t\t\t\t\t<figcaption class=\"widget-image-caption wp-caption-text\">\u00a9Proyecto Kokobale\u0301<\/figcaption>\n\t\t\t\t\t\t\t\t\t\t<\/figure>\n\t\t\t\t\t\t\t\t\t<\/div>\n\t\t\t\t<\/div>\n\t\t\t\t\t<\/div>\n\t\t<\/div>\n\t\t\t\t<div class=\"elementor-column elementor-col-50 elementor-inner-column elementor-element elementor-element-63911e6\" data-id=\"63911e6\" data-element_type=\"column\">\n\t\t\t<div class=\"elementor-widget-wrap elementor-element-populated\">\n\t\t\t\t\t\t<div class=\"elementor-element elementor-element-f81173e elementor-widget elementor-widget-image\" data-id=\"f81173e\" data-element_type=\"widget\" data-widget_type=\"image.default\">\n\t\t\t\t<div class=\"elementor-widget-container\">\n\t\t\t\t\t\t\t\t\t\t\t\t<figure class=\"wp-caption\">\n\t\t\t\t\t\t\t\t\t\t<img decoding=\"async\" width=\"800\" height=\"801\" src=\"https:\/\/richeskarayib.com\/wp-content\/uploads\/2025\/12\/\u00a9Proyecto-Kokobale.jpg\" class=\"attachment-large size-large wp-image-66507\" alt=\"Kokobal\u00e9\" srcset=\"https:\/\/richeskarayib.com\/wp-content\/uploads\/2025\/12\/\u00a9Proyecto-Kokobale.jpg 801w, https:\/\/richeskarayib.com\/wp-content\/uploads\/2025\/12\/\u00a9Proyecto-Kokobale-300x300.jpg 300w, https:\/\/richeskarayib.com\/wp-content\/uploads\/2025\/12\/\u00a9Proyecto-Kokobale-150x150.jpg 150w, https:\/\/richeskarayib.com\/wp-content\/uploads\/2025\/12\/\u00a9Proyecto-Kokobale-768x769.jpg 768w\" sizes=\"(max-width: 800px) 100vw, 800px\" \/>\t\t\t\t\t\t\t\t\t\t\t<figcaption class=\"widget-image-caption wp-caption-text\">\u00a9Proyecto Kokobale\u0301<\/figcaption>\n\t\t\t\t\t\t\t\t\t\t<\/figure>\n\t\t\t\t\t\t\t\t\t<\/div>\n\t\t\t\t<\/div>\n\t\t\t\t\t<\/div>\n\t\t<\/div>\n\t\t\t\t\t<\/div>\n\t\t<\/section>\n\t\t\t\t<section class=\"elementor-section elementor-inner-section elementor-element elementor-element-bbcb0ed elementor-section-boxed elementor-section-height-default elementor-section-height-default\" data-id=\"bbcb0ed\" data-element_type=\"section\">\n\t\t\t\t\t\t<div class=\"elementor-container elementor-column-gap-default\">\n\t\t\t\t\t\t<\/div>\n\t\t<\/section>\n\t\t\t\t\t<\/div>\n\t\t<\/div>\n\t\t\t\t\t<\/div>\n\t\t<\/section>\n\t\t\t\t<section class=\"elementor-section elementor-top-section elementor-element elementor-element-103aced elementor-section-boxed elementor-section-height-default elementor-section-height-default\" data-id=\"103aced\" data-element_type=\"section\">\n\t\t\t\t\t\t<div class=\"elementor-container elementor-column-gap-default\">\n\t\t\t\t\t<div class=\"elementor-column elementor-col-100 elementor-top-column elementor-element elementor-element-e34f9f4\" data-id=\"e34f9f4\" data-element_type=\"column\">\n\t\t\t<div class=\"elementor-widget-wrap elementor-element-populated\">\n\t\t\t\t\t\t<div class=\"elementor-element elementor-element-c643e86 elementor-widget elementor-widget-heading\" data-id=\"c643e86\" data-element_type=\"widget\" data-widget_type=\"heading.default\">\n\t\t\t\t<div class=\"elementor-widget-container\">\n\t\t\t\t\t<h2 class=\"elementor-heading-title elementor-size-default\">Une tradition pr\u00e9serv\u00e9e par des familles et des projets culturels<\/h2>\t\t\t\t<\/div>\n\t\t\t\t<\/div>\n\t\t\t\t<div class=\"elementor-element elementor-element-f783f1a elementor-widget elementor-widget-text-editor\" data-id=\"f783f1a\" data-element_type=\"widget\" data-widget_type=\"text-editor.default\">\n\t\t\t\t<div class=\"elementor-widget-container\">\n\t\t\t\t\t\t\t\t\t<p><span style=\"font-weight: 400;\">L\u2019une des raisons pour lesquelles cette pratique a surv\u00e9cu au XX\u1d49 si\u00e8cle tient au travail remarquable de certains gardiens de la m\u00e9moire culturelle. La famille Cepeda, figure centrale de la Bomba, a jou\u00e9 un r\u00f4le d\u00e9terminant en pr\u00e9sentant le <\/span><b>Kokobal\u00e9<\/b><span style=\"font-weight: 400;\"> dans des spectacles et des \u00e9v\u00e9nements artistiques. Cette mise en lumi\u00e8re a permis au public portoricain de percevoir des dimensions longtemps invisibles de son patrimoine, en articulant danse, narration et histoire.<\/span><\/p>\t\t\t\t\t\t\t\t<\/div>\n\t\t\t\t<\/div>\n\t\t\t\t<div class=\"elementor-element elementor-element-2770888 elementor-widget elementor-widget-text-editor\" data-id=\"2770888\" data-element_type=\"widget\" data-widget_type=\"text-editor.default\">\n\t\t\t\t<div class=\"elementor-widget-container\">\n\t\t\t\t\t\t\t\t\t<p><span style=\"font-weight: 400;\">Aujourd\u2019hui, des initiatives comme le <a href=\"https:\/\/www.facebook.com\/profile.php?id=100071892134124\" target=\"_blank\" rel=\"noopener nofollow\">Proyecto Kokobal\u00e9<\/a> rassemblent chercheurs, enseignants et pratiquants afin d\u2019\u00e9tudier la tradition et d\u2019organiser des ateliers accessibles \u00e0 diff\u00e9rents publics. Ces actions offrent un cadre structur\u00e9 \u00e0 une pratique longtemps confin\u00e9e \u00e0 des cercles familiaux. En reliant pass\u00e9 et pr\u00e9sent, elles montrent que le <\/span><b>Kokobal\u00e9<\/b><span style=\"font-weight: 400;\"> porte encore une pertinence sociale, notamment face aux enjeux contemporains li\u00e9s \u00e0 la visibilit\u00e9 <a href=\"https:\/\/richeskarayib.com\/fr\/la-bomba-tradition-afro-antillaise-histoire\/\" target=\"_blank\" rel=\"noopener\">afro-portoricaine<\/a> et \u00e0 la valorisation des h\u00e9ritages culturels.<\/span><\/p>\t\t\t\t\t\t\t\t<\/div>\n\t\t\t\t<\/div>\n\t\t\t\t<section class=\"elementor-section elementor-inner-section elementor-element elementor-element-0dfb043 elementor-section-boxed elementor-section-height-default elementor-section-height-default\" data-id=\"0dfb043\" data-element_type=\"section\">\n\t\t\t\t\t\t<div class=\"elementor-container elementor-column-gap-default\">\n\t\t\t\t\t<div class=\"elementor-column elementor-col-50 elementor-inner-column elementor-element elementor-element-a628204\" data-id=\"a628204\" data-element_type=\"column\">\n\t\t\t<div class=\"elementor-widget-wrap elementor-element-populated\">\n\t\t\t\t\t\t<div class=\"elementor-element elementor-element-e615348 elementor-widget elementor-widget-video\" data-id=\"e615348\" data-element_type=\"widget\" data-settings=\"{&quot;youtube_url&quot;:&quot;https:\\\/\\\/www.youtube.com\\\/watch?v=ZZ2tnvpWzDk&quot;,&quot;video_type&quot;:&quot;youtube&quot;,&quot;controls&quot;:&quot;yes&quot;}\" data-widget_type=\"video.default\">\n\t\t\t\t<div class=\"elementor-widget-container\">\n\t\t\t\t\t\t\t<div class=\"elementor-wrapper elementor-open-inline\">\n\t\t\t<div class=\"elementor-video\"><\/div>\t\t<\/div>\n\t\t\t\t\t\t<\/div>\n\t\t\t\t<\/div>\n\t\t\t\t\t<\/div>\n\t\t<\/div>\n\t\t\t\t<div class=\"elementor-column elementor-col-50 elementor-inner-column elementor-element elementor-element-b57a0d6\" data-id=\"b57a0d6\" data-element_type=\"column\">\n\t\t\t<div class=\"elementor-widget-wrap elementor-element-populated\">\n\t\t\t\t\t\t<div class=\"elementor-element elementor-element-6d935a9 elementor-widget elementor-widget-video\" data-id=\"6d935a9\" data-element_type=\"widget\" data-settings=\"{&quot;youtube_url&quot;:&quot;https:\\\/\\\/www.youtube.com\\\/watch?v=8tZd6CPqP0w&amp;pp=ygUJS29rb2JhbMOp&quot;,&quot;video_type&quot;:&quot;youtube&quot;,&quot;controls&quot;:&quot;yes&quot;}\" data-widget_type=\"video.default\">\n\t\t\t\t<div class=\"elementor-widget-container\">\n\t\t\t\t\t\t\t<div class=\"elementor-wrapper elementor-open-inline\">\n\t\t\t<div class=\"elementor-video\"><\/div>\t\t<\/div>\n\t\t\t\t\t\t<\/div>\n\t\t\t\t<\/div>\n\t\t\t\t\t<\/div>\n\t\t<\/div>\n\t\t\t\t\t<\/div>\n\t\t<\/section>\n\t\t\t\t\t<\/div>\n\t\t<\/div>\n\t\t\t\t\t<\/div>\n\t\t<\/section>\n\t\t\t\t<section class=\"elementor-section elementor-top-section elementor-element elementor-element-f5709a6 elementor-section-boxed elementor-section-height-default elementor-section-height-default\" data-id=\"f5709a6\" data-element_type=\"section\">\n\t\t\t\t\t\t<div class=\"elementor-container elementor-column-gap-default\">\n\t\t\t\t\t<div class=\"elementor-column elementor-col-100 elementor-top-column elementor-element elementor-element-957be6f\" data-id=\"957be6f\" data-element_type=\"column\">\n\t\t\t<div class=\"elementor-widget-wrap elementor-element-populated\">\n\t\t\t\t\t\t<div class=\"elementor-element elementor-element-22c0a08 elementor-widget elementor-widget-heading\" data-id=\"22c0a08\" data-element_type=\"widget\" data-widget_type=\"heading.default\">\n\t\t\t\t<div class=\"elementor-widget-container\">\n\t\t\t\t\t<h2 class=\"elementor-heading-title elementor-size-default\">Un langage identitaire pour les jeunes g\u00e9n\u00e9rations<\/h2>\t\t\t\t<\/div>\n\t\t\t\t<\/div>\n\t\t\t\t<section class=\"elementor-section elementor-inner-section elementor-element elementor-element-0cc7e62 elementor-section-boxed elementor-section-height-default elementor-section-height-default\" data-id=\"0cc7e62\" data-element_type=\"section\">\n\t\t\t\t\t\t<div class=\"elementor-container elementor-column-gap-default\">\n\t\t\t\t\t<div class=\"elementor-column elementor-col-50 elementor-inner-column elementor-element elementor-element-41a90c9\" data-id=\"41a90c9\" data-element_type=\"column\">\n\t\t\t<div class=\"elementor-widget-wrap elementor-element-populated\">\n\t\t\t\t\t\t<div class=\"elementor-element elementor-element-953f6e4 elementor-widget elementor-widget-text-editor\" data-id=\"953f6e4\" data-element_type=\"widget\" data-widget_type=\"text-editor.default\">\n\t\t\t\t<div class=\"elementor-widget-container\">\n\t\t\t\t\t\t\t\t\t<p><span style=\"font-weight: 400;\">Pour de nombreux jeunes Portoricains, la d\u00e9couverte du <\/span><b>Kokobal\u00e9<\/b><span style=\"font-weight: 400;\"> repr\u00e9sente une rencontre avec des r\u00e9cits familiaux souvent absents des discours officiels. <\/span><\/p><p><span style=\"font-weight: 400;\">En apprenant \u00e0 manier le b\u00e2ton, \u00e0 \u00e9couter le tambour et \u00e0 trouver sa place dans le cercle, chacun se r\u00e9approprie une part de l\u2019histoire sociale de l\u2019\u00eele. <\/span><\/p><p><span style=\"font-weight: 400;\">L\u2019exercice apprend le respect des r\u00e8gles, la gestion de la tension et la solidarit\u00e9. Il permet aussi d\u2019aborder autrement la m\u00e9moire des anc\u00eatres, non pas uniquement comme victimes, mais comme acteurs capables d\u2019invention culturelle.<\/span><\/p>\t\t\t\t\t\t\t\t<\/div>\n\t\t\t\t<\/div>\n\t\t\t\t<div class=\"elementor-element elementor-element-1d51897 elementor-widget elementor-widget-text-editor\" data-id=\"1d51897\" data-element_type=\"widget\" data-widget_type=\"text-editor.default\">\n\t\t\t\t<div class=\"elementor-widget-container\">\n\t\t\t\t\t\t\t\t\t<p><span style=\"font-weight: 400;\">Dans une soci\u00e9t\u00e9 o\u00f9 certains h\u00e9ritages africains ont \u00e9t\u00e9 minimis\u00e9s ou r\u00e9duits au folklore, le <\/span><b>Kokobal\u00e9<\/b><span style=\"font-weight: 400;\"> devient un vecteur de fiert\u00e9 et de connaissance. <\/span><\/p><p><span style=\"font-weight: 400;\">Il sert de fil conducteur entre discipline, introspection et affirmation identitaire. <\/span><\/p><p><span style=\"font-weight: 400;\">Les pratiquants y trouvent un moyen de transformer une histoire douloureuse en force collective structur\u00e9e.<\/span><\/p>\t\t\t\t\t\t\t\t<\/div>\n\t\t\t\t<\/div>\n\t\t\t\t\t<\/div>\n\t\t<\/div>\n\t\t\t\t<div class=\"elementor-column elementor-col-50 elementor-inner-column elementor-element elementor-element-d2d83ff\" data-id=\"d2d83ff\" data-element_type=\"column\">\n\t\t\t<div class=\"elementor-widget-wrap elementor-element-populated\">\n\t\t\t\t\t\t<div class=\"elementor-element elementor-element-a96b9e7 elementor-widget elementor-widget-image\" data-id=\"a96b9e7\" data-element_type=\"widget\" data-widget_type=\"image.default\">\n\t\t\t\t<div class=\"elementor-widget-container\">\n\t\t\t\t\t\t\t\t\t\t\t\t<figure class=\"wp-caption\">\n\t\t\t\t\t\t\t\t\t\t<img loading=\"lazy\" decoding=\"async\" width=\"800\" height=\"800\" src=\"https:\/\/richeskarayib.com\/wp-content\/uploads\/2025\/12\/\u00a9Proyecto-Kokobale-5-1024x1024.jpg\" class=\"attachment-large size-large wp-image-66511\" alt=\"Kokobal\u00e9\" srcset=\"https:\/\/richeskarayib.com\/wp-content\/uploads\/2025\/12\/\u00a9Proyecto-Kokobale-5-1024x1024.jpg 1024w, https:\/\/richeskarayib.com\/wp-content\/uploads\/2025\/12\/\u00a9Proyecto-Kokobale-5-300x300.jpg 300w, https:\/\/richeskarayib.com\/wp-content\/uploads\/2025\/12\/\u00a9Proyecto-Kokobale-5-150x150.jpg 150w, https:\/\/richeskarayib.com\/wp-content\/uploads\/2025\/12\/\u00a9Proyecto-Kokobale-5-768x768.jpg 768w, https:\/\/richeskarayib.com\/wp-content\/uploads\/2025\/12\/\u00a9Proyecto-Kokobale-5-1320x1320.jpg 1320w, https:\/\/richeskarayib.com\/wp-content\/uploads\/2025\/12\/\u00a9Proyecto-Kokobale-5.jpg 1440w\" sizes=\"(max-width: 800px) 100vw, 800px\" \/>\t\t\t\t\t\t\t\t\t\t\t<figcaption class=\"widget-image-caption wp-caption-text\">\u00a9Proyecto Kokobale\u0301<\/figcaption>\n\t\t\t\t\t\t\t\t\t\t<\/figure>\n\t\t\t\t\t\t\t\t\t<\/div>\n\t\t\t\t<\/div>\n\t\t\t\t\t<\/div>\n\t\t<\/div>\n\t\t\t\t\t<\/div>\n\t\t<\/section>\n\t\t\t\t\t<\/div>\n\t\t<\/div>\n\t\t\t\t\t<\/div>\n\t\t<\/section>\n\t\t\t\t<section class=\"elementor-section elementor-top-section elementor-element elementor-element-d2843f9 elementor-section-boxed elementor-section-height-default elementor-section-height-default\" data-id=\"d2843f9\" data-element_type=\"section\">\n\t\t\t\t\t\t<div class=\"elementor-container elementor-column-gap-default\">\n\t\t\t\t\t<div class=\"elementor-column elementor-col-100 elementor-top-column elementor-element elementor-element-d73d5a0\" data-id=\"d73d5a0\" data-element_type=\"column\">\n\t\t\t<div class=\"elementor-widget-wrap elementor-element-populated\">\n\t\t\t\t\t\t<div class=\"elementor-element elementor-element-631c9ec elementor-widget elementor-widget-heading\" data-id=\"631c9ec\" data-element_type=\"widget\" data-widget_type=\"heading.default\">\n\t\t\t\t<div class=\"elementor-widget-container\">\n\t\t\t\t\t<h2 class=\"elementor-heading-title elementor-size-default\">O\u00f9 observer et pratiquer le Kokobal\u00e9 \u00e0 Porto Rico ?\n<\/h2>\t\t\t\t<\/div>\n\t\t\t\t<\/div>\n\t\t\t\t<div class=\"elementor-element elementor-element-bb0be61 elementor-widget elementor-widget-text-editor\" data-id=\"bb0be61\" data-element_type=\"widget\" data-widget_type=\"text-editor.default\">\n\t\t\t\t<div class=\"elementor-widget-container\">\n\t\t\t\t\t\t\t\t\t<p><span style=\"font-weight: 400;\">Bien que moins visible que d\u2019autres formes artistiques comme la Bomba ou la Plena, le <\/span><b>Kokobal\u00e9<\/b><span style=\"font-weight: 400;\"> gagne progressivement en reconnaissance. \u00c0 San Juan, Lo\u00edza ou Ponce, plusieurs collectifs organisent des cours et des d\u00e9monstrations dans des centres culturels ou lors de rencontres communautaires. Les initiatives p\u00e9dagogiques mises en place par la famille Cepeda et le Proyecto Kokobal\u00e9 jouent un r\u00f4le essentiel dans cette dynamique.<\/span><\/p><p><span style=\"font-weight: 400;\">Lors des f\u00eates traditionnelles \u2013 notamment le Festival de Santiago Ap\u00f3stol \u00e0 Lo\u00edza \u2013 cette pratique appara\u00eet aux c\u00f4t\u00e9s des rythmes, des masques et des rituels li\u00e9s au patrimoine afro-portoricain. Pour un visiteur int\u00e9ress\u00e9 par l\u2019histoire profonde de l\u2019\u00eele, assister \u00e0 un cercle de <\/span><b>Kokobal\u00e9<\/b><span style=\"font-weight: 400;\"> permet de comprendre comment rythme, m\u00e9moire et coordination s\u2019entrem\u00ealent dans un m\u00eame geste culturel.<\/span><\/p>\t\t\t\t\t\t\t\t<\/div>\n\t\t\t\t<\/div>\n\t\t\t\t\t<\/div>\n\t\t<\/div>\n\t\t\t\t\t<\/div>\n\t\t<\/section>\n\t\t\t\t<section class=\"elementor-section elementor-top-section elementor-element elementor-element-b06de5a elementor-section-boxed elementor-section-height-default elementor-section-height-default\" data-id=\"b06de5a\" data-element_type=\"section\">\n\t\t\t\t\t\t<div class=\"elementor-container elementor-column-gap-default\">\n\t\t\t\t\t<div class=\"elementor-column elementor-col-100 elementor-top-column elementor-element elementor-element-027e9eb\" data-id=\"027e9eb\" data-element_type=\"column\">\n\t\t\t<div class=\"elementor-widget-wrap elementor-element-populated\">\n\t\t\t\t\t\t<section class=\"elementor-section elementor-inner-section elementor-element elementor-element-1cead9a elementor-section-boxed elementor-section-height-default elementor-section-height-default\" data-id=\"1cead9a\" data-element_type=\"section\">\n\t\t\t\t\t\t<div class=\"elementor-container elementor-column-gap-default\">\n\t\t\t\t\t<div class=\"elementor-column elementor-col-100 elementor-inner-column elementor-element elementor-element-fb0281f\" data-id=\"fb0281f\" data-element_type=\"column\">\n\t\t\t<div class=\"elementor-widget-wrap elementor-element-populated\">\n\t\t\t\t\t\t<div class=\"elementor-element elementor-element-edd0288 elementor-widget elementor-widget-heading\" data-id=\"edd0288\" data-element_type=\"widget\" data-widget_type=\"heading.default\">\n\t\t\t\t<div class=\"elementor-widget-container\">\n\t\t\t\t\t<h2 class=\"elementor-heading-title elementor-size-default\">FAQ<\/h2>\t\t\t\t<\/div>\n\t\t\t\t<\/div>\n\t\t\t\t<div class=\"elementor-element elementor-element-2831e66 elementor-widget elementor-widget-accordion\" data-id=\"2831e66\" data-element_type=\"widget\" data-widget_type=\"accordion.default\">\n\t\t\t\t<div class=\"elementor-widget-container\">\n\t\t\t\t\t\t\t<div class=\"elementor-accordion\">\n\t\t\t\t\t\t\t<div class=\"elementor-accordion-item\">\n\t\t\t\t\t<div id=\"elementor-tab-title-4211\" class=\"elementor-tab-title\" data-tab=\"1\" role=\"button\" aria-controls=\"elementor-tab-content-4211\" aria-expanded=\"false\">\n\t\t\t\t\t\t\t\t\t\t\t\t\t<span class=\"elementor-accordion-icon elementor-accordion-icon-left\" aria-hidden=\"true\">\n\t\t\t\t\t\t\t\t\t\t\t\t\t\t\t<span class=\"elementor-accordion-icon-closed\"><i class=\"fas fa-plus\"><\/i><\/span>\n\t\t\t\t\t\t\t\t<span class=\"elementor-accordion-icon-opened\"><i class=\"fas fa-minus\"><\/i><\/span>\n\t\t\t\t\t\t\t\t\t\t\t\t\t\t<\/span>\n\t\t\t\t\t\t\t\t\t\t\t\t<a class=\"elementor-accordion-title\" tabindex=\"0\">Le Kokobal\u00e9 est-il encore pratiqu\u00e9 ?<\/a>\n\t\t\t\t\t<\/div>\n\t\t\t\t\t<div id=\"elementor-tab-content-4211\" class=\"elementor-tab-content elementor-clearfix\" data-tab=\"1\" role=\"region\" aria-labelledby=\"elementor-tab-title-4211\"><p><span style=\"font-weight: 400;\">Oui. Il est transmis dans divers collectifs culturels, au sein de familles gardiennes de la tradition et dans le cadre d\u2019ateliers r\u00e9guliers.<\/span><\/p><\/div>\n\t\t\t\t<\/div>\n\t\t\t\t\t\t\t<div class=\"elementor-accordion-item\">\n\t\t\t\t\t<div id=\"elementor-tab-title-4212\" class=\"elementor-tab-title\" data-tab=\"2\" role=\"button\" aria-controls=\"elementor-tab-content-4212\" aria-expanded=\"false\">\n\t\t\t\t\t\t\t\t\t\t\t\t\t<span class=\"elementor-accordion-icon elementor-accordion-icon-left\" aria-hidden=\"true\">\n\t\t\t\t\t\t\t\t\t\t\t\t\t\t\t<span class=\"elementor-accordion-icon-closed\"><i class=\"fas fa-plus\"><\/i><\/span>\n\t\t\t\t\t\t\t\t<span class=\"elementor-accordion-icon-opened\"><i class=\"fas fa-minus\"><\/i><\/span>\n\t\t\t\t\t\t\t\t\t\t\t\t\t\t<\/span>\n\t\t\t\t\t\t\t\t\t\t\t\t<a class=\"elementor-accordion-title\" tabindex=\"0\">Le Kokobal\u00e9 est-il comparable \u00e0 la Capoeira ?<\/a>\n\t\t\t\t\t<\/div>\n\t\t\t\t\t<div id=\"elementor-tab-content-4212\" class=\"elementor-tab-content elementor-clearfix\" data-tab=\"2\" role=\"region\" aria-labelledby=\"elementor-tab-title-4212\"><p><span style=\"font-weight: 400;\">Les deux pratiques associent musique et combat codifi\u00e9, mais l\u2019une repose sur le b\u00e2ton tandis que l\u2019autre privil\u00e9gie le combat \u00e0 mains nues.<\/span><\/p><\/div>\n\t\t\t\t<\/div>\n\t\t\t\t\t\t\t<div class=\"elementor-accordion-item\">\n\t\t\t\t\t<div id=\"elementor-tab-title-4213\" class=\"elementor-tab-title\" data-tab=\"3\" role=\"button\" aria-controls=\"elementor-tab-content-4213\" aria-expanded=\"false\">\n\t\t\t\t\t\t\t\t\t\t\t\t\t<span class=\"elementor-accordion-icon elementor-accordion-icon-left\" aria-hidden=\"true\">\n\t\t\t\t\t\t\t\t\t\t\t\t\t\t\t<span class=\"elementor-accordion-icon-closed\"><i class=\"fas fa-plus\"><\/i><\/span>\n\t\t\t\t\t\t\t\t<span class=\"elementor-accordion-icon-opened\"><i class=\"fas fa-minus\"><\/i><\/span>\n\t\t\t\t\t\t\t\t\t\t\t\t\t\t<\/span>\n\t\t\t\t\t\t\t\t\t\t\t\t<a class=\"elementor-accordion-title\" tabindex=\"0\">Peut-on apprendre le Kokobal\u00e9 sans conna\u00eetre la Bomba ?<\/a>\n\t\t\t\t\t<\/div>\n\t\t\t\t\t<div id=\"elementor-tab-content-4213\" class=\"elementor-tab-content elementor-clearfix\" data-tab=\"3\" role=\"region\" aria-labelledby=\"elementor-tab-title-4213\"><p><span style=\"font-weight: 400;\">C\u2019est possible, mais la compr\u00e9hension profonde repose sur le rythme, car la Bomba structure les pas, les transitions et le dialogue gestuel.<\/span><\/p><\/div>\n\t\t\t\t<\/div>\n\t\t\t\t\t\t\t\t<\/div>\n\t\t\t\t\t\t<\/div>\n\t\t\t\t<\/div>\n\t\t\t\t\t<\/div>\n\t\t<\/div>\n\t\t\t\t\t<\/div>\n\t\t<\/section>\n\t\t\t\t\t<\/div>\n\t\t<\/div>\n\t\t\t\t\t<\/div>\n\t\t<\/section>\n\t\t\t\t<\/div>\n\t\t","protected":false},"excerpt":{"rendered":"<p>Le Kokobal\u00e9 est un art martial afro-portoricain fa\u00e7onn\u00e9 par les h\u00e9ritages africains et les r\u00e9alit\u00e9s historiques impos\u00e9es aux populations r\u00e9duites en esclavage. N\u00e9 dans les plantations, dans les villages et dans les quartiers o\u00f9 la culture populaire servait de refuge, il associe rythme, coordination et discipline. Cette pratique, longtemps transmise dans la discr\u00e9tion, trouve aujourd\u2019hui [&hellip;]<\/p>\n","protected":false},"author":662,"featured_media":66495,"comment_status":"open","ping_status":"open","sticky":false,"template":"","format":"standard","meta":{"_acf_changed":false,"footnotes":""},"categories":[1468],"tags":[1726],"class_list":["post-66494","post","type-post","status-publish","format-standard","has-post-thumbnail","hentry","category-histoire-patrimoine","tag-porto-rico"],"acf":[],"_links":{"self":[{"href":"https:\/\/richeskarayib.com\/fr\/wp-json\/wp\/v2\/posts\/66494","targetHints":{"allow":["GET"]}}],"collection":[{"href":"https:\/\/richeskarayib.com\/fr\/wp-json\/wp\/v2\/posts"}],"about":[{"href":"https:\/\/richeskarayib.com\/fr\/wp-json\/wp\/v2\/types\/post"}],"author":[{"embeddable":true,"href":"https:\/\/richeskarayib.com\/fr\/wp-json\/wp\/v2\/users\/662"}],"replies":[{"embeddable":true,"href":"https:\/\/richeskarayib.com\/fr\/wp-json\/wp\/v2\/comments?post=66494"}],"version-history":[{"count":0,"href":"https:\/\/richeskarayib.com\/fr\/wp-json\/wp\/v2\/posts\/66494\/revisions"}],"wp:featuredmedia":[{"embeddable":true,"href":"https:\/\/richeskarayib.com\/fr\/wp-json\/wp\/v2\/media\/66495"}],"wp:attachment":[{"href":"https:\/\/richeskarayib.com\/fr\/wp-json\/wp\/v2\/media?parent=66494"}],"wp:term":[{"taxonomy":"category","embeddable":true,"href":"https:\/\/richeskarayib.com\/fr\/wp-json\/wp\/v2\/categories?post=66494"},{"taxonomy":"post_tag","embeddable":true,"href":"https:\/\/richeskarayib.com\/fr\/wp-json\/wp\/v2\/tags?post=66494"}],"curies":[{"name":"wp","href":"https:\/\/api.w.org\/{rel}","templated":true}]}}